{"id":65338,"date":"2024-12-20T20:14:08","date_gmt":"2024-12-20T19:14:08","guid":{"rendered":"https:\/\/ppdegalicia.com\/?p=65338"},"modified":"2025-01-08T17:45:39","modified_gmt":"2025-01-08T16:45:39","slug":"alberto-pazos-afirma-que-a-comision-de-investigacion-chega-ao-seu-fin-demostrando-o-bo-facer-dos-gobernos-do-ppdeg","status":"publish","type":"post","link":"https:\/\/ppdegalicia.com\/es\/alberto-pazos-afirma-que-a-comision-de-investigacion-chega-ao-seu-fin-demostrando-o-bo-facer-dos-gobernos-do-ppdeg\/","title":{"rendered":"Alberto Pazos afirma que a Comisi\u00f3n de Investigaci\u00f3n chega ao seu fin demostrando o bo facer dos gobernos do PPdeG"},"content":{"rendered":"<p>&nbsp;<\/p>\n<p>O portavoz do Grupo Popular, Alberto Pazos, manifestou hoxe que a Comisi\u00f3n de Investigaci\u00f3n sobre a contrataci\u00f3n da Administraci\u00f3n galega \u201cest\u00e1 chegando ao seu fin cumprindo os obxectivos que desde o Grupo Popular nos marcamos desde o primeiro momento: demostrar, con extensa documentaci\u00f3n e en palabras dos comparecentes, o bo facer dos gobernos do PPdeG ao longo de todos estes anos.<\/p>\n<p>E, deste xeito, \u201cbotar abaixo todas e cada unha das falacias coas que, principalmente o BNG, pero co apoio incondicional do PSdeG, quixeron desprestixiar o traballo e o compromiso do Goberno do PPdeG para levantar en Vigo un dos mellores hospitais p\u00fablicos de Espa\u00f1a e, se me apuran, de Europa, as\u00ed como as contrataci\u00f3ns p\u00fablicas levadas a cabo nos \u00faltimos anos\u201d.<\/p>\n<p>Alberto Pazos lembrou que BNG e PSdeG \u201cpretend\u00edan coa difamaci\u00f3n botar abaixo a boa imaxe de xesti\u00f3n e transparencia dos gobernos do PPdeG, pero viron como, d\u00eda a d\u00eda, se lles vi\u00f1an abaixo todas as s\u00faas esperanzas, chegando incluso a ter que reco\u00f1ecer que eles mesmos son protagonistas de chanchullos al\u00ed onde gobernan, beneficiando a empresas e amigos con contratos menores, a imaxe e semellanza do que tanto est\u00e1n a criticar acusando falsamente ao Goberno do Partido Popular\u201d.<\/p>\n<p>NON HOUBO SOBRECUSTO<\/p>\n<p>Por\u00e9n, o portavoz popular reco\u00f1eceu que este tipo de contratos menores \u201cson, como ben dixeron os dous representantes nacionalistas que compareceron na Comisi\u00f3n, totalmente legais e \u00fatiles para unha administraci\u00f3n p\u00fablica, polo que o seu uso \u00e9 perfectamente lex\u00edtimo por parte de todas as administraci\u00f3ns, e non s\u00f3 cando se utilizan desde os gobernos nacionalistas ou socialistas\u201d.<\/p>\n<p>\u201cO que deixaron claro, tanto os comparecentes que pasaron pola Comisi\u00f3n de Investigaci\u00f3n como a extensa documentaci\u00f3n que se puxo a disposici\u00f3n dos deputados, \u00e9 que \u00e9 totalmente falso que exista un sobrecusto na construci\u00f3n do Hospital P\u00fablico \u00c1lvaro Cunqueiro\u201d, asegurou o portavoz popular. En concreto, explicou que \u201co Consello de Contas fai no seu informe unha comparaci\u00f3n te\u00f3rica sobre d\u00faas alternativas para a construci\u00f3n deste hospital p\u00fablico: unha, a trav\u00e9s de financiamento exclusivamente p\u00fablico, que naquel momento era totalmente imposible pola situaci\u00f3n de crise econ\u00f3mica que se viv\u00eda, pero que, como \u00e9 normal, sair\u00eda m\u00e1is barata; e outra, a trav\u00e9s da colaboraci\u00f3n p\u00fablico-privada, unha f\u00f3rmula que, quedou constatado na Comisi\u00f3n a trav\u00e9s dos informes elaborados por d\u00faas importantes auditoras, xa fora barallada polo Goberno de bipartito de socialistas e nacionalistas porque era a \u00fanica viable naquel momento de fonda crise econ\u00f3mica\u201d.<\/p>\n<p>Pazos afirmou que \u201ctampouco existe tacha algunha de legalidade nos procesos de contrataci\u00f3n menor da Xunta, ao constatar que todos compren a normativa vixente, ademais de estar sometidos aos exhaustivos controis internos, tanto por parte da Asesor\u00eda Xur\u00eddica como pola Intervenci\u00f3n Xeral, e externos, por parte do propio Consello de Contas\u201d.<\/p>\n<p>\u201cO mesmo se pode dicir dos contratos de emerxencia asinados durante a pandemia da Covid-19, auditados tam\u00e9n polo Consello de Contas e fiscalizados polo Goberno do Estado, ademais de quedar constatado na Comisi\u00f3n de Investigaci\u00f3n que as contrataci\u00f3ns de emerxencia foron marxinais e plenamente xustificadas para facer fronte \u00e1 crise socio-sanitaria\u201d, dixo.<\/p>\n<p>TRAER A GALICIA O BARULLO DA CORRUPCI\u00d3N<\/p>\n<p>O portavoz popular criticou que BNG e PSdeG \u201cquixeron trasladar aos galegos \u201cunha sombra de d\u00fabida respecto das contrataci\u00f3ns levadas a cabo nestes \u00faltimos anos, pretendendo traer a Galicia o barullo dos esc\u00e1ndalos de corrupci\u00f3n que est\u00e1n a asolar a Pedro S\u00e1nchez, o seu Goberno e ao Partido Socialista\u201d. \u201cO seu obxectivo era lavarlle a cara ao actual Goberno de Espa\u00f1a, ao que lamentablemente tan unido se senten os nacionalistas galegos\u201d, indicou.<\/p>\n<p>\u201cDesde o Grupo Popular imos seguir traballando para que esta Comisi\u00f3n de Investigaci\u00f3n remate como se merece, cun ditame de conclusi\u00f3ns completo e exhaustivo para que quede constancia de que o que comezou sendo unha Comisi\u00f3n da difamaci\u00f3n acabou sendo unha Comisi\u00f3n de respaldo absoluto \u00e1 boa xesti\u00f3n e o bo facer dos gobernos de Alberto N\u00fa\u00f1ez Feij\u00f3o e Alfonso Rueda\u201d, rematou.<\/p>\n","protected":false},"excerpt":{"rendered":"<p>&nbsp; O portavoz do Grupo Popular, Alberto Pazos, manifestou hoxe que a Comisi\u00f3n de Investigaci\u00f3n sobre a contrataci\u00f3n da Administraci\u00f3n galega \u201cest\u00e1 chegando ao seu fin cumprindo os obxectivos que desde o Grupo Popular nos marcamos desde o primeiro momento: demostrar, con extensa documentaci\u00f3n e en palabras dos comparecentes, o bo facer dos gobernos do [&hellip;]<\/p>\n","protected":false},"author":37,"featured_media":65339,"comment_status":"closed","ping_status":"open","sticky":false,"template":"","format":"standard","meta":{"_acf_changed":false,"footnotes":""},"categories":[1128],"tags":[],"class_list":["post-65338","post","type-post","status-publish","format-standard","has-post-thumbnail","hentry","category-actualidad-parlamento-de-galicia"],"acf":[],"yoast_head":"<!-- This site is optimized with the Yoast SEO plugin v27.3 - https:\/\/yoast.com\/product\/yoast-seo-wordpress\/ -->\n<title>Alberto Pazos afirma que a Comisi\u00f3n de Investigaci\u00f3n chega ao seu fin demostrando o bo facer dos gobernos do PPdeG - PP de Galicia<\/title>\n<meta name=\"robots\" content=\"index, follow, max-snippet:-1, max-image-preview:large, max-video-preview:-1\" \/>\n<link rel=\"canonical\" href=\"https:\/\/ppdegalicia.com\/es\/alberto-pazos-afirma-que-a-comision-de-investigacion-chega-ao-seu-fin-demostrando-o-bo-facer-dos-gobernos-do-ppdeg\/\" \/>\n<meta property=\"og:locale\" content=\"es_ES\" \/>\n<meta property=\"og:type\" content=\"article\" \/>\n<meta property=\"og:title\" content=\"Alberto Pazos afirma que a Comisi\u00f3n de Investigaci\u00f3n chega ao seu fin demostrando o bo facer dos gobernos do PPdeG - PP de Galicia\" \/>\n<meta property=\"og:description\" content=\"&nbsp; O portavoz do Grupo Popular, Alberto Pazos, manifestou hoxe que a Comisi\u00f3n de Investigaci\u00f3n sobre a contrataci\u00f3n da Administraci\u00f3n galega \u201cest\u00e1 chegando ao seu fin cumprindo os obxectivos que desde o Grupo Popular nos marcamos desde o primeiro momento: demostrar, con extensa documentaci\u00f3n e en palabras dos comparecentes, o bo facer dos gobernos do [&hellip;]\" \/>\n<meta property=\"og:url\" content=\"https:\/\/ppdegalicia.com\/es\/alberto-pazos-afirma-que-a-comision-de-investigacion-chega-ao-seu-fin-demostrando-o-bo-facer-dos-gobernos-do-ppdeg\/\" \/>\n<meta property=\"og:site_name\" content=\"PP de Galicia\" \/>\n<meta property=\"article:publisher\" content=\"https:\/\/www.instagram.com\/ppdegalicia\/\" \/>\n<meta property=\"article:published_time\" content=\"2024-12-20T19:14:08+00:00\" \/>\n<meta property=\"article:modified_time\" content=\"2025-01-08T16:45:39+00:00\" \/>\n<meta property=\"og:image\" content=\"https:\/\/ppdegalicia.com\/wp-content\/uploads\/2025\/01\/20241220_APazos_rdp5-1536x1024-1.jpg\" \/>\n\t<meta property=\"og:image:width\" content=\"1536\" \/>\n\t<meta property=\"og:image:height\" content=\"1024\" \/>\n\t<meta property=\"og:image:type\" content=\"image\/jpeg\" \/>\n<meta name=\"author\" content=\"Super User\" \/>\n<meta name=\"twitter:card\" content=\"summary_large_image\" \/>\n<meta name=\"twitter:creator\" content=\"@ppdegalicia\" \/>\n<meta name=\"twitter:site\" content=\"@ppdegalicia\" \/>\n<meta name=\"twitter:label1\" content=\"Escrito por\" \/>\n\t<meta name=\"twitter:data1\" content=\"Super User\" \/>\n\t<meta name=\"twitter:label2\" content=\"Tiempo de lectura\" \/>\n\t<meta name=\"twitter:data2\" content=\"4 minutos\" \/>\n<script type=\"application\/ld+json\" class=\"yoast-schema-graph\">{\"@context\":\"https:\\\/\\\/schema.org\",\"@graph\":[{\"@type\":\"Article\",\"@id\":\"https:\\\/\\\/ppdegalicia.com\\\/es\\\/alberto-pazos-afirma-que-a-comision-de-investigacion-chega-ao-seu-fin-demostrando-o-bo-facer-dos-gobernos-do-ppdeg\\\/#article\",\"isPartOf\":{\"@id\":\"https:\\\/\\\/ppdegalicia.com\\\/es\\\/alberto-pazos-afirma-que-a-comision-de-investigacion-chega-ao-seu-fin-demostrando-o-bo-facer-dos-gobernos-do-ppdeg\\\/\"},\"author\":{\"name\":\"Super User\",\"@id\":\"https:\\\/\\\/ppdegalicia.com\\\/es\\\/#\\\/schema\\\/person\\\/d0f013b8388c980665d44009ab762960\"},\"headline\":\"Alberto Pazos afirma que a Comisi\u00f3n de Investigaci\u00f3n chega ao seu fin demostrando o bo facer dos gobernos do PPdeG\",\"datePublished\":\"2024-12-20T19:14:08+00:00\",\"dateModified\":\"2025-01-08T16:45:39+00:00\",\"mainEntityOfPage\":{\"@id\":\"https:\\\/\\\/ppdegalicia.com\\\/es\\\/alberto-pazos-afirma-que-a-comision-de-investigacion-chega-ao-seu-fin-demostrando-o-bo-facer-dos-gobernos-do-ppdeg\\\/\"},\"wordCount\":739,\"publisher\":{\"@id\":\"https:\\\/\\\/ppdegalicia.com\\\/es\\\/#organization\"},\"image\":{\"@id\":\"https:\\\/\\\/ppdegalicia.com\\\/es\\\/alberto-pazos-afirma-que-a-comision-de-investigacion-chega-ao-seu-fin-demostrando-o-bo-facer-dos-gobernos-do-ppdeg\\\/#primaryimage\"},\"thumbnailUrl\":\"https:\\\/\\\/ppdegalicia.com\\\/wp-content\\\/uploads\\\/2025\\\/01\\\/20241220_APazos_rdp5-1536x1024-1.jpg\",\"articleSection\":[\"Parlamento de Galicia\"],\"inLanguage\":\"es\"},{\"@type\":\"WebPage\",\"@id\":\"https:\\\/\\\/ppdegalicia.com\\\/es\\\/alberto-pazos-afirma-que-a-comision-de-investigacion-chega-ao-seu-fin-demostrando-o-bo-facer-dos-gobernos-do-ppdeg\\\/\",\"url\":\"https:\\\/\\\/ppdegalicia.com\\\/es\\\/alberto-pazos-afirma-que-a-comision-de-investigacion-chega-ao-seu-fin-demostrando-o-bo-facer-dos-gobernos-do-ppdeg\\\/\",\"name\":\"Alberto Pazos afirma que a Comisi\u00f3n de Investigaci\u00f3n chega ao seu fin demostrando o bo facer dos gobernos do PPdeG - PP de Galicia\",\"isPartOf\":{\"@id\":\"https:\\\/\\\/ppdegalicia.com\\\/es\\\/#website\"},\"primaryImageOfPage\":{\"@id\":\"https:\\\/\\\/ppdegalicia.com\\\/es\\\/alberto-pazos-afirma-que-a-comision-de-investigacion-chega-ao-seu-fin-demostrando-o-bo-facer-dos-gobernos-do-ppdeg\\\/#primaryimage\"},\"image\":{\"@id\":\"https:\\\/\\\/ppdegalicia.com\\\/es\\\/alberto-pazos-afirma-que-a-comision-de-investigacion-chega-ao-seu-fin-demostrando-o-bo-facer-dos-gobernos-do-ppdeg\\\/#primaryimage\"},\"thumbnailUrl\":\"https:\\\/\\\/ppdegalicia.com\\\/wp-content\\\/uploads\\\/2025\\\/01\\\/20241220_APazos_rdp5-1536x1024-1.jpg\",\"datePublished\":\"2024-12-20T19:14:08+00:00\",\"dateModified\":\"2025-01-08T16:45:39+00:00\",\"breadcrumb\":{\"@id\":\"https:\\\/\\\/ppdegalicia.com\\\/es\\\/alberto-pazos-afirma-que-a-comision-de-investigacion-chega-ao-seu-fin-demostrando-o-bo-facer-dos-gobernos-do-ppdeg\\\/#breadcrumb\"},\"inLanguage\":\"es\",\"potentialAction\":[{\"@type\":\"ReadAction\",\"target\":[\"https:\\\/\\\/ppdegalicia.com\\\/es\\\/alberto-pazos-afirma-que-a-comision-de-investigacion-chega-ao-seu-fin-demostrando-o-bo-facer-dos-gobernos-do-ppdeg\\\/\"]}]},{\"@type\":\"ImageObject\",\"inLanguage\":\"es\",\"@id\":\"https:\\\/\\\/ppdegalicia.com\\\/es\\\/alberto-pazos-afirma-que-a-comision-de-investigacion-chega-ao-seu-fin-demostrando-o-bo-facer-dos-gobernos-do-ppdeg\\\/#primaryimage\",\"url\":\"https:\\\/\\\/ppdegalicia.com\\\/wp-content\\\/uploads\\\/2025\\\/01\\\/20241220_APazos_rdp5-1536x1024-1.jpg\",\"contentUrl\":\"https:\\\/\\\/ppdegalicia.com\\\/wp-content\\\/uploads\\\/2025\\\/01\\\/20241220_APazos_rdp5-1536x1024-1.jpg\",\"width\":1536,\"height\":1024},{\"@type\":\"BreadcrumbList\",\"@id\":\"https:\\\/\\\/ppdegalicia.com\\\/es\\\/alberto-pazos-afirma-que-a-comision-de-investigacion-chega-ao-seu-fin-demostrando-o-bo-facer-dos-gobernos-do-ppdeg\\\/#breadcrumb\",\"itemListElement\":[{\"@type\":\"ListItem\",\"position\":1,\"name\":\"Portada\",\"item\":\"https:\\\/\\\/ppdegalicia.com\\\/es\\\/\"},{\"@type\":\"ListItem\",\"position\":2,\"name\":\"Alberto Pazos afirma que a Comisi\u00f3n de Investigaci\u00f3n chega ao seu fin demostrando o bo facer dos gobernos do PPdeG\"}]},{\"@type\":\"WebSite\",\"@id\":\"https:\\\/\\\/ppdegalicia.com\\\/es\\\/#website\",\"url\":\"https:\\\/\\\/ppdegalicia.com\\\/es\\\/\",\"name\":\"Partido Popular de Galicia\",\"description\":\"Partido Popular de Galicia\",\"publisher\":{\"@id\":\"https:\\\/\\\/ppdegalicia.com\\\/es\\\/#organization\"},\"alternateName\":\"PP de Galicia\",\"potentialAction\":[{\"@type\":\"SearchAction\",\"target\":{\"@type\":\"EntryPoint\",\"urlTemplate\":\"https:\\\/\\\/ppdegalicia.com\\\/es\\\/?s={search_term_string}\"},\"query-input\":{\"@type\":\"PropertyValueSpecification\",\"valueRequired\":true,\"valueName\":\"search_term_string\"}}],\"inLanguage\":\"es\"},{\"@type\":\"Organization\",\"@id\":\"https:\\\/\\\/ppdegalicia.com\\\/es\\\/#organization\",\"name\":\"Partido Popular de Galicia\",\"alternateName\":\"PP de Galicia\",\"url\":\"https:\\\/\\\/ppdegalicia.com\\\/es\\\/\",\"logo\":{\"@type\":\"ImageObject\",\"inLanguage\":\"es\",\"@id\":\"https:\\\/\\\/ppdegalicia.com\\\/es\\\/#\\\/schema\\\/logo\\\/image\\\/\",\"url\":\"https:\\\/\\\/ppdegalicia.com\\\/wp-content\\\/uploads\\\/2023\\\/04\\\/logoPP512.png\",\"contentUrl\":\"https:\\\/\\\/ppdegalicia.com\\\/wp-content\\\/uploads\\\/2023\\\/04\\\/logoPP512.png\",\"width\":512,\"height\":512,\"caption\":\"Partido Popular de Galicia\"},\"image\":{\"@id\":\"https:\\\/\\\/ppdegalicia.com\\\/es\\\/#\\\/schema\\\/logo\\\/image\\\/\"},\"sameAs\":[\"https:\\\/\\\/www.instagram.com\\\/ppdegalicia\\\/\",\"https:\\\/\\\/x.com\\\/ppdegalicia\",\"https:\\\/\\\/www.tiktok.com\\\/@ppdegalicia\",\"https:\\\/\\\/www.youtube.com\\\/user\\\/ppdegalicia\"]},{\"@type\":\"Person\",\"@id\":\"https:\\\/\\\/ppdegalicia.com\\\/es\\\/#\\\/schema\\\/person\\\/d0f013b8388c980665d44009ab762960\",\"name\":\"Super User\",\"image\":{\"@type\":\"ImageObject\",\"inLanguage\":\"es\",\"@id\":\"https:\\\/\\\/secure.gravatar.com\\\/avatar\\\/1db852625ef4948f58d2739bfbc51e4b9bd5c93b8fa340b59fdb594ca0845645?s=96&d=mm&r=g\",\"url\":\"https:\\\/\\\/secure.gravatar.com\\\/avatar\\\/1db852625ef4948f58d2739bfbc51e4b9bd5c93b8fa340b59fdb594ca0845645?s=96&d=mm&r=g\",\"contentUrl\":\"https:\\\/\\\/secure.gravatar.com\\\/avatar\\\/1db852625ef4948f58d2739bfbc51e4b9bd5c93b8fa340b59fdb594ca0845645?s=96&d=mm&r=g\",\"caption\":\"Super User\"},\"url\":\"https:\\\/\\\/ppdegalicia.com\\\/es\\\/author\\\/ppdegaliciagestion\\\/\"}]}<\/script>\n<!-- \/ Yoast SEO plugin. -->","yoast_head_json":{"title":"Alberto Pazos afirma que a Comisi\u00f3n de Investigaci\u00f3n chega ao seu fin demostrando o bo facer dos gobernos do PPdeG - PP de Galicia","robots":{"index":"index","follow":"follow","max-snippet":"max-snippet:-1","max-image-preview":"max-image-preview:large","max-video-preview":"max-video-preview:-1"},"canonical":"https:\/\/ppdegalicia.com\/es\/alberto-pazos-afirma-que-a-comision-de-investigacion-chega-ao-seu-fin-demostrando-o-bo-facer-dos-gobernos-do-ppdeg\/","og_locale":"es_ES","og_type":"article","og_title":"Alberto Pazos afirma que a Comisi\u00f3n de Investigaci\u00f3n chega ao seu fin demostrando o bo facer dos gobernos do PPdeG - PP de Galicia","og_description":"&nbsp; O portavoz do Grupo Popular, Alberto Pazos, manifestou hoxe que a Comisi\u00f3n de Investigaci\u00f3n sobre a contrataci\u00f3n da Administraci\u00f3n galega \u201cest\u00e1 chegando ao seu fin cumprindo os obxectivos que desde o Grupo Popular nos marcamos desde o primeiro momento: demostrar, con extensa documentaci\u00f3n e en palabras dos comparecentes, o bo facer dos gobernos do [&hellip;]","og_url":"https:\/\/ppdegalicia.com\/es\/alberto-pazos-afirma-que-a-comision-de-investigacion-chega-ao-seu-fin-demostrando-o-bo-facer-dos-gobernos-do-ppdeg\/","og_site_name":"PP de Galicia","article_publisher":"https:\/\/www.instagram.com\/ppdegalicia\/","article_published_time":"2024-12-20T19:14:08+00:00","article_modified_time":"2025-01-08T16:45:39+00:00","og_image":[{"width":1536,"height":1024,"url":"https:\/\/ppdegalicia.com\/wp-content\/uploads\/2025\/01\/20241220_APazos_rdp5-1536x1024-1.jpg","type":"image\/jpeg"}],"author":"Super User","twitter_card":"summary_large_image","twitter_creator":"@ppdegalicia","twitter_site":"@ppdegalicia","twitter_misc":{"Escrito por":"Super User","Tiempo de lectura":"4 minutos"},"schema":{"@context":"https:\/\/schema.org","@graph":[{"@type":"Article","@id":"https:\/\/ppdegalicia.com\/es\/alberto-pazos-afirma-que-a-comision-de-investigacion-chega-ao-seu-fin-demostrando-o-bo-facer-dos-gobernos-do-ppdeg\/#article","isPartOf":{"@id":"https:\/\/ppdegalicia.com\/es\/alberto-pazos-afirma-que-a-comision-de-investigacion-chega-ao-seu-fin-demostrando-o-bo-facer-dos-gobernos-do-ppdeg\/"},"author":{"name":"Super User","@id":"https:\/\/ppdegalicia.com\/es\/#\/schema\/person\/d0f013b8388c980665d44009ab762960"},"headline":"Alberto Pazos afirma que a Comisi\u00f3n de Investigaci\u00f3n chega ao seu fin demostrando o bo facer dos gobernos do PPdeG","datePublished":"2024-12-20T19:14:08+00:00","dateModified":"2025-01-08T16:45:39+00:00","mainEntityOfPage":{"@id":"https:\/\/ppdegalicia.com\/es\/alberto-pazos-afirma-que-a-comision-de-investigacion-chega-ao-seu-fin-demostrando-o-bo-facer-dos-gobernos-do-ppdeg\/"},"wordCount":739,"publisher":{"@id":"https:\/\/ppdegalicia.com\/es\/#organization"},"image":{"@id":"https:\/\/ppdegalicia.com\/es\/alberto-pazos-afirma-que-a-comision-de-investigacion-chega-ao-seu-fin-demostrando-o-bo-facer-dos-gobernos-do-ppdeg\/#primaryimage"},"thumbnailUrl":"https:\/\/ppdegalicia.com\/wp-content\/uploads\/2025\/01\/20241220_APazos_rdp5-1536x1024-1.jpg","articleSection":["Parlamento de Galicia"],"inLanguage":"es"},{"@type":"WebPage","@id":"https:\/\/ppdegalicia.com\/es\/alberto-pazos-afirma-que-a-comision-de-investigacion-chega-ao-seu-fin-demostrando-o-bo-facer-dos-gobernos-do-ppdeg\/","url":"https:\/\/ppdegalicia.com\/es\/alberto-pazos-afirma-que-a-comision-de-investigacion-chega-ao-seu-fin-demostrando-o-bo-facer-dos-gobernos-do-ppdeg\/","name":"Alberto Pazos afirma que a Comisi\u00f3n de Investigaci\u00f3n chega ao seu fin demostrando o bo facer dos gobernos do PPdeG - PP de Galicia","isPartOf":{"@id":"https:\/\/ppdegalicia.com\/es\/#website"},"primaryImageOfPage":{"@id":"https:\/\/ppdegalicia.com\/es\/alberto-pazos-afirma-que-a-comision-de-investigacion-chega-ao-seu-fin-demostrando-o-bo-facer-dos-gobernos-do-ppdeg\/#primaryimage"},"image":{"@id":"https:\/\/ppdegalicia.com\/es\/alberto-pazos-afirma-que-a-comision-de-investigacion-chega-ao-seu-fin-demostrando-o-bo-facer-dos-gobernos-do-ppdeg\/#primaryimage"},"thumbnailUrl":"https:\/\/ppdegalicia.com\/wp-content\/uploads\/2025\/01\/20241220_APazos_rdp5-1536x1024-1.jpg","datePublished":"2024-12-20T19:14:08+00:00","dateModified":"2025-01-08T16:45:39+00:00","breadcrumb":{"@id":"https:\/\/ppdegalicia.com\/es\/alberto-pazos-afirma-que-a-comision-de-investigacion-chega-ao-seu-fin-demostrando-o-bo-facer-dos-gobernos-do-ppdeg\/#breadcrumb"},"inLanguage":"es","potentialAction":[{"@type":"ReadAction","target":["https:\/\/ppdegalicia.com\/es\/alberto-pazos-afirma-que-a-comision-de-investigacion-chega-ao-seu-fin-demostrando-o-bo-facer-dos-gobernos-do-ppdeg\/"]}]},{"@type":"ImageObject","inLanguage":"es","@id":"https:\/\/ppdegalicia.com\/es\/alberto-pazos-afirma-que-a-comision-de-investigacion-chega-ao-seu-fin-demostrando-o-bo-facer-dos-gobernos-do-ppdeg\/#primaryimage","url":"https:\/\/ppdegalicia.com\/wp-content\/uploads\/2025\/01\/20241220_APazos_rdp5-1536x1024-1.jpg","contentUrl":"https:\/\/ppdegalicia.com\/wp-content\/uploads\/2025\/01\/20241220_APazos_rdp5-1536x1024-1.jpg","width":1536,"height":1024},{"@type":"BreadcrumbList","@id":"https:\/\/ppdegalicia.com\/es\/alberto-pazos-afirma-que-a-comision-de-investigacion-chega-ao-seu-fin-demostrando-o-bo-facer-dos-gobernos-do-ppdeg\/#breadcrumb","itemListElement":[{"@type":"ListItem","position":1,"name":"Portada","item":"https:\/\/ppdegalicia.com\/es\/"},{"@type":"ListItem","position":2,"name":"Alberto Pazos afirma que a Comisi\u00f3n de Investigaci\u00f3n chega ao seu fin demostrando o bo facer dos gobernos do PPdeG"}]},{"@type":"WebSite","@id":"https:\/\/ppdegalicia.com\/es\/#website","url":"https:\/\/ppdegalicia.com\/es\/","name":"Partido Popular de Galicia","description":"Partido Popular de Galicia","publisher":{"@id":"https:\/\/ppdegalicia.com\/es\/#organization"},"alternateName":"PP de Galicia","potentialAction":[{"@type":"SearchAction","target":{"@type":"EntryPoint","urlTemplate":"https:\/\/ppdegalicia.com\/es\/?s={search_term_string}"},"query-input":{"@type":"PropertyValueSpecification","valueRequired":true,"valueName":"search_term_string"}}],"inLanguage":"es"},{"@type":"Organization","@id":"https:\/\/ppdegalicia.com\/es\/#organization","name":"Partido Popular de Galicia","alternateName":"PP de Galicia","url":"https:\/\/ppdegalicia.com\/es\/","logo":{"@type":"ImageObject","inLanguage":"es","@id":"https:\/\/ppdegalicia.com\/es\/#\/schema\/logo\/image\/","url":"https:\/\/ppdegalicia.com\/wp-content\/uploads\/2023\/04\/logoPP512.png","contentUrl":"https:\/\/ppdegalicia.com\/wp-content\/uploads\/2023\/04\/logoPP512.png","width":512,"height":512,"caption":"Partido Popular de Galicia"},"image":{"@id":"https:\/\/ppdegalicia.com\/es\/#\/schema\/logo\/image\/"},"sameAs":["https:\/\/www.instagram.com\/ppdegalicia\/","https:\/\/x.com\/ppdegalicia","https:\/\/www.tiktok.com\/@ppdegalicia","https:\/\/www.youtube.com\/user\/ppdegalicia"]},{"@type":"Person","@id":"https:\/\/ppdegalicia.com\/es\/#\/schema\/person\/d0f013b8388c980665d44009ab762960","name":"Super User","image":{"@type":"ImageObject","inLanguage":"es","@id":"https:\/\/secure.gravatar.com\/avatar\/1db852625ef4948f58d2739bfbc51e4b9bd5c93b8fa340b59fdb594ca0845645?s=96&d=mm&r=g","url":"https:\/\/secure.gravatar.com\/avatar\/1db852625ef4948f58d2739bfbc51e4b9bd5c93b8fa340b59fdb594ca0845645?s=96&d=mm&r=g","contentUrl":"https:\/\/secure.gravatar.com\/avatar\/1db852625ef4948f58d2739bfbc51e4b9bd5c93b8fa340b59fdb594ca0845645?s=96&d=mm&r=g","caption":"Super User"},"url":"https:\/\/ppdegalicia.com\/es\/author\/ppdegaliciagestion\/"}]}},"_links":{"self":[{"href":"https:\/\/ppdegalicia.com\/es\/wp-json\/wp\/v2\/posts\/65338","targetHints":{"allow":["GET"]}}],"collection":[{"href":"https:\/\/ppdegalicia.com\/es\/wp-json\/wp\/v2\/posts"}],"about":[{"href":"https:\/\/ppdegalicia.com\/es\/wp-json\/wp\/v2\/types\/post"}],"author":[{"embeddable":true,"href":"https:\/\/ppdegalicia.com\/es\/wp-json\/wp\/v2\/users\/37"}],"replies":[{"embeddable":true,"href":"https:\/\/ppdegalicia.com\/es\/wp-json\/wp\/v2\/comments?post=65338"}],"version-history":[{"count":1,"href":"https:\/\/ppdegalicia.com\/es\/wp-json\/wp\/v2\/posts\/65338\/revisions"}],"predecessor-version":[{"id":65341,"href":"https:\/\/ppdegalicia.com\/es\/wp-json\/wp\/v2\/posts\/65338\/revisions\/65341"}],"wp:featuredmedia":[{"embeddable":true,"href":"https:\/\/ppdegalicia.com\/es\/wp-json\/wp\/v2\/media\/65339"}],"wp:attachment":[{"href":"https:\/\/ppdegalicia.com\/es\/wp-json\/wp\/v2\/media?parent=65338"}],"wp:term":[{"taxonomy":"category","embeddable":true,"href":"https:\/\/ppdegalicia.com\/es\/wp-json\/wp\/v2\/categories?post=65338"},{"taxonomy":"post_tag","embeddable":true,"href":"https:\/\/ppdegalicia.com\/es\/wp-json\/wp\/v2\/tags?post=65338"}],"curies":[{"name":"wp","href":"https:\/\/api.w.org\/{rel}","templated":true}]}}