{"id":65470,"date":"2025-01-17T12:52:41","date_gmt":"2025-01-17T11:52:41","guid":{"rendered":"https:\/\/ppdegalicia.com\/?p=65470"},"modified":"2025-01-17T12:52:41","modified_gmt":"2025-01-17T11:52:41","slug":"o-pp-pide-aos-alcaldes-de-arzua-melide-e-santiso-que-deixen-de-facer-demagoxia-con-altri-e-lembra-que-non-acatar-os-informes-e-prevaricar","status":"publish","type":"post","link":"https:\/\/ppdegalicia.com\/es\/o-pp-pide-aos-alcaldes-de-arzua-melide-e-santiso-que-deixen-de-facer-demagoxia-con-altri-e-lembra-que-non-acatar-os-informes-e-prevaricar\/","title":{"rendered":"O PP pide aos alcaldes de Arz\u00faa, Melide e Santiso que deixen de \u201cfacer demagoxia\u201d con Altri e lembra que non acatar os informes \u00e9 prevaricar"},"content":{"rendered":"<p>O Partido Popular da provincia da Coru\u00f1a reclamou aos rexedores dos concellos de Arz\u00faa, Melide e Santiso que deixen de \u201cfacer demagoxia\u201d con Altri e coa mina de Touro. Nunha reuni\u00f3n na que participou o deputado auton\u00f3mico voceiro de Industria, Rub\u00e9n Lorenzo, e os responsables populares nos municipios de Arz\u00faa, Melide e Santiso, Rafael Rivadulla, Dalia Garc\u00eda, V\u00edctor Pereiro, o concelleiro de Palas de Rei, Jos\u00e9 Ram\u00f3n Garc\u00eda, e o alcalde de Monterroso, Eloy P\u00e9rez, os populares cargaron contra aqueles que \u201ctratan de intoxicar\u201d \u00e1 cidadan\u00eda con declaraci\u00f3ns que, na s\u00faa opini\u00f3n, est\u00e1n moi lonxe da realidade.<\/p>\n<p>\u201cA xente ten que estar tranquila. Estamos a falar dun proceso totalmente regulado sobre a instalaci\u00f3n dunha empresa que ten que cumprir uns requisitos\u201d, din os populares.<\/p>\n<p>Neste sentido, desde o PP m\u00f3stranse \u201cmoi sorprendidos e preocupados\u201d despois de escoitar como os rexedores destes municipios instan \u00e1 Xunta de Galicia a prevaricar. \u201cPedir a unha administraci\u00f3n que non siga os tr\u00e1mites correspondentes \u00e9 pedirlle que prevarique. Estamos a falar dun asunto moi grave\u201d, indicaron.<\/p>\n<p>Os populares aproveitaron tam\u00e9n para subli\u00f1ar que \u201ctodo ten os seus prazos\u201d, en referencia a que a Xunta de Galicia est\u00e1 \u00e1 espera de recibir toda a documentaci\u00f3n para levar a cabo a declaraci\u00f3n de impacto ambiental correspondente. \u201cAs cousas levan o seu tempo. Estamos ante un proxecto complexo \u00e9 necesario recibir toda a documentaci\u00f3n, darlle a oportunidade \u00e1 empresa a que faga as alegaci\u00f3ns correspondentes e logo tomarase unha decisi\u00f3n\u201d, afirmaron.<\/p>\n<p>MIRAR POLO BEN COM\u00daN<\/p>\n<p>\u00c1 espera de co\u00f1ecer os informes e de saber se a empresa cumpre ou non coas esixencias legais, os populares lamentaron que os alcaldes de Arz\u00faa, Melide e Santiso estean m\u00e1is ocupados de \u201cdefender as s\u00faas cores pol\u00edtica\u201d que de analizar en profundidade a necesidade de dotar \u00e1 comarca de proxectos industriais que permitan consolidar \u00e1 poboaci\u00f3n que vive na zona e, de paso, converter \u00e1 comarca nun \u201cmotor econ\u00f3mico\u201d que logre atraer a m\u00e1is xente.<\/p>\n<p>\u201cEspero que na s\u00faa xesti\u00f3n diaria cumpran a lei, de non ser as\u00ed, aug\u00farolles moitos problemas na s\u00faa labor como alcaldes, pero o que creo que non lle perdoar\u00e1n os seus veci\u00f1os \u00e9 o feito de que, por defender intereses partidistas, poidan prexudicar o futuro econ\u00f3mico e social da comarca\u201d, conclu\u00edron.<\/p>\n","protected":false},"excerpt":{"rendered":"<p>O Partido Popular da provincia da Coru\u00f1a reclamou aos rexedores dos concellos de Arz\u00faa, Melide e Santiso que deixen de \u201cfacer demagoxia\u201d con Altri e coa mina de Touro. Nunha reuni\u00f3n na que participou o deputado auton\u00f3mico voceiro de Industria, Rub\u00e9n Lorenzo, e os responsables populares nos municipios de Arz\u00faa, Melide e Santiso, Rafael Rivadulla, [&hellip;]<\/p>\n","protected":false},"author":38,"featured_media":65471,"comment_status":"closed","ping_status":"open","sticky":false,"template":"","format":"standard","meta":{"_acf_changed":false,"footnotes":""},"categories":[1128],"tags":[],"class_list":["post-65470","post","type-post","status-publish","format-standard","has-post-thumbnail","hentry","category-actualidad-parlamento-de-galicia"],"acf":[],"yoast_head":"<!-- This site is optimized with the Yoast SEO plugin v27.3 - https:\/\/yoast.com\/product\/yoast-seo-wordpress\/ -->\n<title>O PP pide aos alcaldes de Arz\u00faa, Melide e Santiso que deixen de \u201cfacer demagoxia\u201d con Altri e lembra que non acatar os informes \u00e9 prevaricar - PP de Galicia<\/title>\n<meta name=\"robots\" content=\"index, follow, max-snippet:-1, max-image-preview:large, max-video-preview:-1\" \/>\n<link rel=\"canonical\" href=\"https:\/\/ppdegalicia.com\/es\/o-pp-pide-aos-alcaldes-de-arzua-melide-e-santiso-que-deixen-de-facer-demagoxia-con-altri-e-lembra-que-non-acatar-os-informes-e-prevaricar\/\" \/>\n<meta property=\"og:locale\" content=\"es_ES\" \/>\n<meta property=\"og:type\" content=\"article\" \/>\n<meta property=\"og:title\" content=\"O PP pide aos alcaldes de Arz\u00faa, Melide e Santiso que deixen de \u201cfacer demagoxia\u201d con Altri e lembra que non acatar os informes \u00e9 prevaricar - PP de Galicia\" \/>\n<meta property=\"og:description\" content=\"O Partido Popular da provincia da Coru\u00f1a reclamou aos rexedores dos concellos de Arz\u00faa, Melide e Santiso que deixen de \u201cfacer demagoxia\u201d con Altri e coa mina de Touro. Nunha reuni\u00f3n na que participou o deputado auton\u00f3mico voceiro de Industria, Rub\u00e9n Lorenzo, e os responsables populares nos municipios de Arz\u00faa, Melide e Santiso, Rafael Rivadulla, [&hellip;]\" \/>\n<meta property=\"og:url\" content=\"https:\/\/ppdegalicia.com\/es\/o-pp-pide-aos-alcaldes-de-arzua-melide-e-santiso-que-deixen-de-facer-demagoxia-con-altri-e-lembra-que-non-acatar-os-informes-e-prevaricar\/\" \/>\n<meta property=\"og:site_name\" content=\"PP de Galicia\" \/>\n<meta property=\"article:publisher\" content=\"https:\/\/www.instagram.com\/ppdegalicia\/\" \/>\n<meta property=\"article:published_time\" content=\"2025-01-17T11:52:41+00:00\" \/>\n<meta property=\"og:image\" content=\"https:\/\/ppdegalicia.com\/wp-content\/uploads\/2025\/01\/FOTO-REUNION.jpg\" \/>\n\t<meta property=\"og:image:width\" content=\"1200\" \/>\n\t<meta property=\"og:image:height\" content=\"1599\" \/>\n\t<meta property=\"og:image:type\" content=\"image\/jpeg\" \/>\n<meta name=\"author\" content=\"ppdegaliciaredes\" \/>\n<meta name=\"twitter:card\" content=\"summary_large_image\" \/>\n<meta name=\"twitter:creator\" content=\"@ppdegalicia\" \/>\n<meta name=\"twitter:site\" content=\"@ppdegalicia\" \/>\n<meta name=\"twitter:label1\" content=\"Escrito por\" \/>\n\t<meta name=\"twitter:data1\" content=\"ppdegaliciaredes\" \/>\n\t<meta name=\"twitter:label2\" content=\"Tiempo de lectura\" \/>\n\t<meta name=\"twitter:data2\" content=\"3 minutos\" \/>\n<script type=\"application\/ld+json\" class=\"yoast-schema-graph\">{\"@context\":\"https:\\\/\\\/schema.org\",\"@graph\":[{\"@type\":\"Article\",\"@id\":\"https:\\\/\\\/ppdegalicia.com\\\/es\\\/o-pp-pide-aos-alcaldes-de-arzua-melide-e-santiso-que-deixen-de-facer-demagoxia-con-altri-e-lembra-que-non-acatar-os-informes-e-prevaricar\\\/#article\",\"isPartOf\":{\"@id\":\"https:\\\/\\\/ppdegalicia.com\\\/es\\\/o-pp-pide-aos-alcaldes-de-arzua-melide-e-santiso-que-deixen-de-facer-demagoxia-con-altri-e-lembra-que-non-acatar-os-informes-e-prevaricar\\\/\"},\"author\":{\"name\":\"ppdegaliciaredes\",\"@id\":\"https:\\\/\\\/ppdegalicia.com\\\/es\\\/#\\\/schema\\\/person\\\/5b822c6f59e872ebdd1142f307dbcb59\"},\"headline\":\"O PP pide aos alcaldes de Arz\u00faa, Melide e Santiso que deixen de \u201cfacer demagoxia\u201d con Altri e lembra que non acatar os informes \u00e9 prevaricar\",\"datePublished\":\"2025-01-17T11:52:41+00:00\",\"mainEntityOfPage\":{\"@id\":\"https:\\\/\\\/ppdegalicia.com\\\/es\\\/o-pp-pide-aos-alcaldes-de-arzua-melide-e-santiso-que-deixen-de-facer-demagoxia-con-altri-e-lembra-que-non-acatar-os-informes-e-prevaricar\\\/\"},\"wordCount\":433,\"publisher\":{\"@id\":\"https:\\\/\\\/ppdegalicia.com\\\/es\\\/#organization\"},\"image\":{\"@id\":\"https:\\\/\\\/ppdegalicia.com\\\/es\\\/o-pp-pide-aos-alcaldes-de-arzua-melide-e-santiso-que-deixen-de-facer-demagoxia-con-altri-e-lembra-que-non-acatar-os-informes-e-prevaricar\\\/#primaryimage\"},\"thumbnailUrl\":\"https:\\\/\\\/ppdegalicia.com\\\/wp-content\\\/uploads\\\/2025\\\/01\\\/FOTO-REUNION.jpg\",\"articleSection\":[\"Parlamento de Galicia\"],\"inLanguage\":\"es\"},{\"@type\":\"WebPage\",\"@id\":\"https:\\\/\\\/ppdegalicia.com\\\/es\\\/o-pp-pide-aos-alcaldes-de-arzua-melide-e-santiso-que-deixen-de-facer-demagoxia-con-altri-e-lembra-que-non-acatar-os-informes-e-prevaricar\\\/\",\"url\":\"https:\\\/\\\/ppdegalicia.com\\\/es\\\/o-pp-pide-aos-alcaldes-de-arzua-melide-e-santiso-que-deixen-de-facer-demagoxia-con-altri-e-lembra-que-non-acatar-os-informes-e-prevaricar\\\/\",\"name\":\"O PP pide aos alcaldes de Arz\u00faa, Melide e Santiso que deixen de \u201cfacer demagoxia\u201d con Altri e lembra que non acatar os informes \u00e9 prevaricar - PP de Galicia\",\"isPartOf\":{\"@id\":\"https:\\\/\\\/ppdegalicia.com\\\/es\\\/#website\"},\"primaryImageOfPage\":{\"@id\":\"https:\\\/\\\/ppdegalicia.com\\\/es\\\/o-pp-pide-aos-alcaldes-de-arzua-melide-e-santiso-que-deixen-de-facer-demagoxia-con-altri-e-lembra-que-non-acatar-os-informes-e-prevaricar\\\/#primaryimage\"},\"image\":{\"@id\":\"https:\\\/\\\/ppdegalicia.com\\\/es\\\/o-pp-pide-aos-alcaldes-de-arzua-melide-e-santiso-que-deixen-de-facer-demagoxia-con-altri-e-lembra-que-non-acatar-os-informes-e-prevaricar\\\/#primaryimage\"},\"thumbnailUrl\":\"https:\\\/\\\/ppdegalicia.com\\\/wp-content\\\/uploads\\\/2025\\\/01\\\/FOTO-REUNION.jpg\",\"datePublished\":\"2025-01-17T11:52:41+00:00\",\"breadcrumb\":{\"@id\":\"https:\\\/\\\/ppdegalicia.com\\\/es\\\/o-pp-pide-aos-alcaldes-de-arzua-melide-e-santiso-que-deixen-de-facer-demagoxia-con-altri-e-lembra-que-non-acatar-os-informes-e-prevaricar\\\/#breadcrumb\"},\"inLanguage\":\"es\",\"potentialAction\":[{\"@type\":\"ReadAction\",\"target\":[\"https:\\\/\\\/ppdegalicia.com\\\/es\\\/o-pp-pide-aos-alcaldes-de-arzua-melide-e-santiso-que-deixen-de-facer-demagoxia-con-altri-e-lembra-que-non-acatar-os-informes-e-prevaricar\\\/\"]}]},{\"@type\":\"ImageObject\",\"inLanguage\":\"es\",\"@id\":\"https:\\\/\\\/ppdegalicia.com\\\/es\\\/o-pp-pide-aos-alcaldes-de-arzua-melide-e-santiso-que-deixen-de-facer-demagoxia-con-altri-e-lembra-que-non-acatar-os-informes-e-prevaricar\\\/#primaryimage\",\"url\":\"https:\\\/\\\/ppdegalicia.com\\\/wp-content\\\/uploads\\\/2025\\\/01\\\/FOTO-REUNION.jpg\",\"contentUrl\":\"https:\\\/\\\/ppdegalicia.com\\\/wp-content\\\/uploads\\\/2025\\\/01\\\/FOTO-REUNION.jpg\",\"width\":1200,\"height\":1599},{\"@type\":\"BreadcrumbList\",\"@id\":\"https:\\\/\\\/ppdegalicia.com\\\/es\\\/o-pp-pide-aos-alcaldes-de-arzua-melide-e-santiso-que-deixen-de-facer-demagoxia-con-altri-e-lembra-que-non-acatar-os-informes-e-prevaricar\\\/#breadcrumb\",\"itemListElement\":[{\"@type\":\"ListItem\",\"position\":1,\"name\":\"Portada\",\"item\":\"https:\\\/\\\/ppdegalicia.com\\\/es\\\/\"},{\"@type\":\"ListItem\",\"position\":2,\"name\":\"O PP pide aos alcaldes de Arz\u00faa, Melide e Santiso que deixen de \u201cfacer demagoxia\u201d con Altri e lembra que non acatar os informes \u00e9 prevaricar\"}]},{\"@type\":\"WebSite\",\"@id\":\"https:\\\/\\\/ppdegalicia.com\\\/es\\\/#website\",\"url\":\"https:\\\/\\\/ppdegalicia.com\\\/es\\\/\",\"name\":\"Partido Popular de Galicia\",\"description\":\"Partido Popular de Galicia\",\"publisher\":{\"@id\":\"https:\\\/\\\/ppdegalicia.com\\\/es\\\/#organization\"},\"alternateName\":\"PP de Galicia\",\"potentialAction\":[{\"@type\":\"SearchAction\",\"target\":{\"@type\":\"EntryPoint\",\"urlTemplate\":\"https:\\\/\\\/ppdegalicia.com\\\/es\\\/?s={search_term_string}\"},\"query-input\":{\"@type\":\"PropertyValueSpecification\",\"valueRequired\":true,\"valueName\":\"search_term_string\"}}],\"inLanguage\":\"es\"},{\"@type\":\"Organization\",\"@id\":\"https:\\\/\\\/ppdegalicia.com\\\/es\\\/#organization\",\"name\":\"Partido Popular de Galicia\",\"alternateName\":\"PP de Galicia\",\"url\":\"https:\\\/\\\/ppdegalicia.com\\\/es\\\/\",\"logo\":{\"@type\":\"ImageObject\",\"inLanguage\":\"es\",\"@id\":\"https:\\\/\\\/ppdegalicia.com\\\/es\\\/#\\\/schema\\\/logo\\\/image\\\/\",\"url\":\"https:\\\/\\\/ppdegalicia.com\\\/wp-content\\\/uploads\\\/2023\\\/04\\\/logoPP512.png\",\"contentUrl\":\"https:\\\/\\\/ppdegalicia.com\\\/wp-content\\\/uploads\\\/2023\\\/04\\\/logoPP512.png\",\"width\":512,\"height\":512,\"caption\":\"Partido Popular de Galicia\"},\"image\":{\"@id\":\"https:\\\/\\\/ppdegalicia.com\\\/es\\\/#\\\/schema\\\/logo\\\/image\\\/\"},\"sameAs\":[\"https:\\\/\\\/www.instagram.com\\\/ppdegalicia\\\/\",\"https:\\\/\\\/x.com\\\/ppdegalicia\",\"https:\\\/\\\/www.tiktok.com\\\/@ppdegalicia\",\"https:\\\/\\\/www.youtube.com\\\/user\\\/ppdegalicia\"]},{\"@type\":\"Person\",\"@id\":\"https:\\\/\\\/ppdegalicia.com\\\/es\\\/#\\\/schema\\\/person\\\/5b822c6f59e872ebdd1142f307dbcb59\",\"name\":\"ppdegaliciaredes\",\"image\":{\"@type\":\"ImageObject\",\"inLanguage\":\"es\",\"@id\":\"https:\\\/\\\/secure.gravatar.com\\\/avatar\\\/3c9179cf0256d00c72a48d1f25783c58b6842cd56e85ef3a572881c8e28ccd59?s=96&d=mm&r=g\",\"url\":\"https:\\\/\\\/secure.gravatar.com\\\/avatar\\\/3c9179cf0256d00c72a48d1f25783c58b6842cd56e85ef3a572881c8e28ccd59?s=96&d=mm&r=g\",\"contentUrl\":\"https:\\\/\\\/secure.gravatar.com\\\/avatar\\\/3c9179cf0256d00c72a48d1f25783c58b6842cd56e85ef3a572881c8e28ccd59?s=96&d=mm&r=g\",\"caption\":\"ppdegaliciaredes\"},\"url\":\"https:\\\/\\\/ppdegalicia.com\\\/es\\\/author\\\/ppdegaliciaredes\\\/\"}]}<\/script>\n<!-- \/ Yoast SEO plugin. -->","yoast_head_json":{"title":"O PP pide aos alcaldes de Arz\u00faa, Melide e Santiso que deixen de \u201cfacer demagoxia\u201d con Altri e lembra que non acatar os informes \u00e9 prevaricar - PP de Galicia","robots":{"index":"index","follow":"follow","max-snippet":"max-snippet:-1","max-image-preview":"max-image-preview:large","max-video-preview":"max-video-preview:-1"},"canonical":"https:\/\/ppdegalicia.com\/es\/o-pp-pide-aos-alcaldes-de-arzua-melide-e-santiso-que-deixen-de-facer-demagoxia-con-altri-e-lembra-que-non-acatar-os-informes-e-prevaricar\/","og_locale":"es_ES","og_type":"article","og_title":"O PP pide aos alcaldes de Arz\u00faa, Melide e Santiso que deixen de \u201cfacer demagoxia\u201d con Altri e lembra que non acatar os informes \u00e9 prevaricar - PP de Galicia","og_description":"O Partido Popular da provincia da Coru\u00f1a reclamou aos rexedores dos concellos de Arz\u00faa, Melide e Santiso que deixen de \u201cfacer demagoxia\u201d con Altri e coa mina de Touro. Nunha reuni\u00f3n na que participou o deputado auton\u00f3mico voceiro de Industria, Rub\u00e9n Lorenzo, e os responsables populares nos municipios de Arz\u00faa, Melide e Santiso, Rafael Rivadulla, [&hellip;]","og_url":"https:\/\/ppdegalicia.com\/es\/o-pp-pide-aos-alcaldes-de-arzua-melide-e-santiso-que-deixen-de-facer-demagoxia-con-altri-e-lembra-que-non-acatar-os-informes-e-prevaricar\/","og_site_name":"PP de Galicia","article_publisher":"https:\/\/www.instagram.com\/ppdegalicia\/","article_published_time":"2025-01-17T11:52:41+00:00","og_image":[{"width":1200,"height":1599,"url":"https:\/\/ppdegalicia.com\/wp-content\/uploads\/2025\/01\/FOTO-REUNION.jpg","type":"image\/jpeg"}],"author":"ppdegaliciaredes","twitter_card":"summary_large_image","twitter_creator":"@ppdegalicia","twitter_site":"@ppdegalicia","twitter_misc":{"Escrito por":"ppdegaliciaredes","Tiempo de lectura":"3 minutos"},"schema":{"@context":"https:\/\/schema.org","@graph":[{"@type":"Article","@id":"https:\/\/ppdegalicia.com\/es\/o-pp-pide-aos-alcaldes-de-arzua-melide-e-santiso-que-deixen-de-facer-demagoxia-con-altri-e-lembra-que-non-acatar-os-informes-e-prevaricar\/#article","isPartOf":{"@id":"https:\/\/ppdegalicia.com\/es\/o-pp-pide-aos-alcaldes-de-arzua-melide-e-santiso-que-deixen-de-facer-demagoxia-con-altri-e-lembra-que-non-acatar-os-informes-e-prevaricar\/"},"author":{"name":"ppdegaliciaredes","@id":"https:\/\/ppdegalicia.com\/es\/#\/schema\/person\/5b822c6f59e872ebdd1142f307dbcb59"},"headline":"O PP pide aos alcaldes de Arz\u00faa, Melide e Santiso que deixen de \u201cfacer demagoxia\u201d con Altri e lembra que non acatar os informes \u00e9 prevaricar","datePublished":"2025-01-17T11:52:41+00:00","mainEntityOfPage":{"@id":"https:\/\/ppdegalicia.com\/es\/o-pp-pide-aos-alcaldes-de-arzua-melide-e-santiso-que-deixen-de-facer-demagoxia-con-altri-e-lembra-que-non-acatar-os-informes-e-prevaricar\/"},"wordCount":433,"publisher":{"@id":"https:\/\/ppdegalicia.com\/es\/#organization"},"image":{"@id":"https:\/\/ppdegalicia.com\/es\/o-pp-pide-aos-alcaldes-de-arzua-melide-e-santiso-que-deixen-de-facer-demagoxia-con-altri-e-lembra-que-non-acatar-os-informes-e-prevaricar\/#primaryimage"},"thumbnailUrl":"https:\/\/ppdegalicia.com\/wp-content\/uploads\/2025\/01\/FOTO-REUNION.jpg","articleSection":["Parlamento de Galicia"],"inLanguage":"es"},{"@type":"WebPage","@id":"https:\/\/ppdegalicia.com\/es\/o-pp-pide-aos-alcaldes-de-arzua-melide-e-santiso-que-deixen-de-facer-demagoxia-con-altri-e-lembra-que-non-acatar-os-informes-e-prevaricar\/","url":"https:\/\/ppdegalicia.com\/es\/o-pp-pide-aos-alcaldes-de-arzua-melide-e-santiso-que-deixen-de-facer-demagoxia-con-altri-e-lembra-que-non-acatar-os-informes-e-prevaricar\/","name":"O PP pide aos alcaldes de Arz\u00faa, Melide e Santiso que deixen de \u201cfacer demagoxia\u201d con Altri e lembra que non acatar os informes \u00e9 prevaricar - PP de Galicia","isPartOf":{"@id":"https:\/\/ppdegalicia.com\/es\/#website"},"primaryImageOfPage":{"@id":"https:\/\/ppdegalicia.com\/es\/o-pp-pide-aos-alcaldes-de-arzua-melide-e-santiso-que-deixen-de-facer-demagoxia-con-altri-e-lembra-que-non-acatar-os-informes-e-prevaricar\/#primaryimage"},"image":{"@id":"https:\/\/ppdegalicia.com\/es\/o-pp-pide-aos-alcaldes-de-arzua-melide-e-santiso-que-deixen-de-facer-demagoxia-con-altri-e-lembra-que-non-acatar-os-informes-e-prevaricar\/#primaryimage"},"thumbnailUrl":"https:\/\/ppdegalicia.com\/wp-content\/uploads\/2025\/01\/FOTO-REUNION.jpg","datePublished":"2025-01-17T11:52:41+00:00","breadcrumb":{"@id":"https:\/\/ppdegalicia.com\/es\/o-pp-pide-aos-alcaldes-de-arzua-melide-e-santiso-que-deixen-de-facer-demagoxia-con-altri-e-lembra-que-non-acatar-os-informes-e-prevaricar\/#breadcrumb"},"inLanguage":"es","potentialAction":[{"@type":"ReadAction","target":["https:\/\/ppdegalicia.com\/es\/o-pp-pide-aos-alcaldes-de-arzua-melide-e-santiso-que-deixen-de-facer-demagoxia-con-altri-e-lembra-que-non-acatar-os-informes-e-prevaricar\/"]}]},{"@type":"ImageObject","inLanguage":"es","@id":"https:\/\/ppdegalicia.com\/es\/o-pp-pide-aos-alcaldes-de-arzua-melide-e-santiso-que-deixen-de-facer-demagoxia-con-altri-e-lembra-que-non-acatar-os-informes-e-prevaricar\/#primaryimage","url":"https:\/\/ppdegalicia.com\/wp-content\/uploads\/2025\/01\/FOTO-REUNION.jpg","contentUrl":"https:\/\/ppdegalicia.com\/wp-content\/uploads\/2025\/01\/FOTO-REUNION.jpg","width":1200,"height":1599},{"@type":"BreadcrumbList","@id":"https:\/\/ppdegalicia.com\/es\/o-pp-pide-aos-alcaldes-de-arzua-melide-e-santiso-que-deixen-de-facer-demagoxia-con-altri-e-lembra-que-non-acatar-os-informes-e-prevaricar\/#breadcrumb","itemListElement":[{"@type":"ListItem","position":1,"name":"Portada","item":"https:\/\/ppdegalicia.com\/es\/"},{"@type":"ListItem","position":2,"name":"O PP pide aos alcaldes de Arz\u00faa, Melide e Santiso que deixen de \u201cfacer demagoxia\u201d con Altri e lembra que non acatar os informes \u00e9 prevaricar"}]},{"@type":"WebSite","@id":"https:\/\/ppdegalicia.com\/es\/#website","url":"https:\/\/ppdegalicia.com\/es\/","name":"Partido Popular de Galicia","description":"Partido Popular de Galicia","publisher":{"@id":"https:\/\/ppdegalicia.com\/es\/#organization"},"alternateName":"PP de Galicia","potentialAction":[{"@type":"SearchAction","target":{"@type":"EntryPoint","urlTemplate":"https:\/\/ppdegalicia.com\/es\/?s={search_term_string}"},"query-input":{"@type":"PropertyValueSpecification","valueRequired":true,"valueName":"search_term_string"}}],"inLanguage":"es"},{"@type":"Organization","@id":"https:\/\/ppdegalicia.com\/es\/#organization","name":"Partido Popular de Galicia","alternateName":"PP de Galicia","url":"https:\/\/ppdegalicia.com\/es\/","logo":{"@type":"ImageObject","inLanguage":"es","@id":"https:\/\/ppdegalicia.com\/es\/#\/schema\/logo\/image\/","url":"https:\/\/ppdegalicia.com\/wp-content\/uploads\/2023\/04\/logoPP512.png","contentUrl":"https:\/\/ppdegalicia.com\/wp-content\/uploads\/2023\/04\/logoPP512.png","width":512,"height":512,"caption":"Partido Popular de Galicia"},"image":{"@id":"https:\/\/ppdegalicia.com\/es\/#\/schema\/logo\/image\/"},"sameAs":["https:\/\/www.instagram.com\/ppdegalicia\/","https:\/\/x.com\/ppdegalicia","https:\/\/www.tiktok.com\/@ppdegalicia","https:\/\/www.youtube.com\/user\/ppdegalicia"]},{"@type":"Person","@id":"https:\/\/ppdegalicia.com\/es\/#\/schema\/person\/5b822c6f59e872ebdd1142f307dbcb59","name":"ppdegaliciaredes","image":{"@type":"ImageObject","inLanguage":"es","@id":"https:\/\/secure.gravatar.com\/avatar\/3c9179cf0256d00c72a48d1f25783c58b6842cd56e85ef3a572881c8e28ccd59?s=96&d=mm&r=g","url":"https:\/\/secure.gravatar.com\/avatar\/3c9179cf0256d00c72a48d1f25783c58b6842cd56e85ef3a572881c8e28ccd59?s=96&d=mm&r=g","contentUrl":"https:\/\/secure.gravatar.com\/avatar\/3c9179cf0256d00c72a48d1f25783c58b6842cd56e85ef3a572881c8e28ccd59?s=96&d=mm&r=g","caption":"ppdegaliciaredes"},"url":"https:\/\/ppdegalicia.com\/es\/author\/ppdegaliciaredes\/"}]}},"_links":{"self":[{"href":"https:\/\/ppdegalicia.com\/es\/wp-json\/wp\/v2\/posts\/65470","targetHints":{"allow":["GET"]}}],"collection":[{"href":"https:\/\/ppdegalicia.com\/es\/wp-json\/wp\/v2\/posts"}],"about":[{"href":"https:\/\/ppdegalicia.com\/es\/wp-json\/wp\/v2\/types\/post"}],"author":[{"embeddable":true,"href":"https:\/\/ppdegalicia.com\/es\/wp-json\/wp\/v2\/users\/38"}],"replies":[{"embeddable":true,"href":"https:\/\/ppdegalicia.com\/es\/wp-json\/wp\/v2\/comments?post=65470"}],"version-history":[{"count":1,"href":"https:\/\/ppdegalicia.com\/es\/wp-json\/wp\/v2\/posts\/65470\/revisions"}],"predecessor-version":[{"id":65473,"href":"https:\/\/ppdegalicia.com\/es\/wp-json\/wp\/v2\/posts\/65470\/revisions\/65473"}],"wp:featuredmedia":[{"embeddable":true,"href":"https:\/\/ppdegalicia.com\/es\/wp-json\/wp\/v2\/media\/65471"}],"wp:attachment":[{"href":"https:\/\/ppdegalicia.com\/es\/wp-json\/wp\/v2\/media?parent=65470"}],"wp:term":[{"taxonomy":"category","embeddable":true,"href":"https:\/\/ppdegalicia.com\/es\/wp-json\/wp\/v2\/categories?post=65470"},{"taxonomy":"post_tag","embeddable":true,"href":"https:\/\/ppdegalicia.com\/es\/wp-json\/wp\/v2\/tags?post=65470"}],"curies":[{"name":"wp","href":"https:\/\/api.w.org\/{rel}","templated":true}]}}