{"id":65558,"date":"2025-01-28T10:44:00","date_gmt":"2025-01-28T09:44:00","guid":{"rendered":"https:\/\/ppdegalicia.com\/?p=65558"},"modified":"2025-01-28T10:44:00","modified_gmt":"2025-01-28T09:44:00","slug":"millan-mon-insiste-na-necesidade-dun-dialogo-efectivo-da-comision-europea-co-sector-pesqueiro-mais-ala-da-mera-retorica","status":"publish","type":"post","link":"https:\/\/ppdegalicia.com\/es\/millan-mon-insiste-na-necesidade-dun-dialogo-efectivo-da-comision-europea-co-sector-pesqueiro-mais-ala-da-mera-retorica\/","title":{"rendered":"Mill\u00e1n Mon insiste na necesidade dun di\u00e1logo efectivo da Comisi\u00f3n Europea co sector pesqueiro m\u00e1is al\u00e1 da \u201cmera ret\u00f3rica\u201d"},"content":{"rendered":"<p style=\"font-weight: 400;\">O eurodeputado popular Francisco Mill\u00e1n Mon interveu onte no debate e intercambio de puntos de vista coa Directora Xeral de Asuntos Mar\u00edtimos e Pesca da Comisi\u00f3n Europea, Charlina Vitcheva, \u00e1 que preguntou polo amplo desenvolvemento normativo que require o novo Regulamento de Control pesqueiro. \u201cSon cuesti\u00f3ns complexas, t\u00e9cnicas e de gran importancia, polo que o sector ten que estar implicado\u201d, apuntou.<\/p>\n<p style=\"font-weight: 400;\">Fixo novamente menci\u00f3n \u00e1 carta que enviou, xunto ao tam\u00e9n eurodeputado popular Gabriel Mato, ao Comisario Kadis, onde se fac\u00edan eco do malestar do sector pola falta de di\u00e1logo coa Comisi\u00f3n Europea. Nesta li\u00f1a reiterou a necesidade de levar a cabo o desenvolvemento normativo en estreito contacto co sector \u2013\u201cpero que sexa un contacto efectivo, de fondo, non mera ret\u00f3rica\u201d, subli\u00f1ou\u2013 de cara \u00e1 elaboraci\u00f3n do Pacto polos Oc\u00e9anos, insistindo en que o di\u00e1logo non pod\u00eda ser s\u00f3 coas ONG, nin ver o pacto desde unha perspectiva unicamente ambiental.<\/p>\n<p style=\"font-weight: 400;\">O eurodeputado galego abordou tam\u00e9n a problem\u00e1tica de Tailandia e a conserva do at\u00fan e denunciou novamente o retroceso na lexislaci\u00f3n de pesca aprobado polo Parlamento tailand\u00e9s a finais do pasado decembro: \u201cQuero reiterarlle a mi\u00f1a preocupaci\u00f3n por que as negociaci\u00f3ns do tratado de libre comercio poidan afectar ao sector conserveiro europeo, espa\u00f1ol e galego en particular\u201d.<\/p>\n<p style=\"font-weight: 400;\">En canto \u00e1 prohibici\u00f3n da pesca de fondo en 87 \u00e1reas do Atl\u00e1ntico nororiental, Mill\u00e1n Mon apuntou que \u201cse necesitan estudos de impacto serios, que non houbo e, se a sentenza non nos d\u00e1 a raz\u00f3n, ser\u00e1 imprescindible reformar o Regulamento correspondente\u201d.<\/p>\n<p style=\"font-weight: 400;\">Pediu igualmente unha reforma do Regulamento do plan plurianual do Mediterr\u00e1neo Occidental. \u201cQuero lembrar que, desde o Partido Popular espa\u00f1ol, votamos en contra deste Regulamento cando se aprobou en 2019\u201d, apuntou.<\/p>\n<p style=\"font-weight: 400;\">O eurodeputado popular celebrou o optimismo da Comisi\u00f3n con respecto \u00e1s relaci\u00f3ns pesqueiras co Reino Unido. \u201cEspero que ese optimismo se traduza en resultados positivos cando termine o per\u00edodo de transici\u00f3n\u201d, sinalou Mill\u00e1n Mon antes de conclu\u00edr pregunt\u00e1ndolle \u00e1 Comisi\u00f3n pola s\u00faa an\u00e1lise do alcance da sentenza do Tribunal de Xustiza da UE sobre o acordo pesqueiro con Marrocos.<\/p>\n","protected":false},"excerpt":{"rendered":"<p>O eurodeputado popular Francisco Mill\u00e1n Mon interveu onte no debate e intercambio de puntos de vista coa Directora Xeral de Asuntos Mar\u00edtimos e Pesca da Comisi\u00f3n Europea, Charlina Vitcheva, \u00e1 que preguntou polo amplo desenvolvemento normativo que require o novo Regulamento de Control pesqueiro. \u201cSon cuesti\u00f3ns complexas, t\u00e9cnicas e de gran importancia, polo que o [&hellip;]<\/p>\n","protected":false},"author":38,"featured_media":65559,"comment_status":"closed","ping_status":"open","sticky":false,"template":"","format":"standard","meta":{"_acf_changed":false,"footnotes":""},"categories":[1127,1],"tags":[],"class_list":["post-65558","post","type-post","status-publish","format-standard","has-post-thumbnail","hentry","category-actualidad-parlamento-europeo","category-pp-de-galicia"],"acf":[],"yoast_head":"<!-- This site is optimized with the Yoast SEO plugin v27.3 - https:\/\/yoast.com\/product\/yoast-seo-wordpress\/ -->\n<title>Mill\u00e1n Mon insiste na necesidade dun di\u00e1logo efectivo da Comisi\u00f3n Europea co sector pesqueiro m\u00e1is al\u00e1 da \u201cmera ret\u00f3rica\u201d - PP de Galicia<\/title>\n<meta name=\"description\" content=\"O eurodeputado popular Francisco Mill\u00e1n Mon interveu onte no debate e intercambio de puntos de vista coa Directora Xeral de Asuntos Mar\u00edtimos e Pesca da Comisi\u00f3n Europea, Charlina Vitcheva, \u00e1 que preguntou polo amplo desenvolvemento normativo que require o novo Regulamento de Control pesqueiro. \u201cSon cuesti\u00f3ns complexas, t\u00e9cnicas e de gran importancia, polo que o sector ten que estar implicado\u201d, apuntou.\" \/>\n<meta name=\"robots\" content=\"index, follow, max-snippet:-1, max-image-preview:large, max-video-preview:-1\" \/>\n<link rel=\"canonical\" href=\"https:\/\/ppdegalicia.com\/es\/millan-mon-insiste-na-necesidade-dun-dialogo-efectivo-da-comision-europea-co-sector-pesqueiro-mais-ala-da-mera-retorica\/\" \/>\n<meta property=\"og:locale\" content=\"es_ES\" \/>\n<meta property=\"og:type\" content=\"article\" \/>\n<meta property=\"og:title\" content=\"Mill\u00e1n Mon insiste na necesidade dun di\u00e1logo efectivo da Comisi\u00f3n Europea co sector pesqueiro m\u00e1is al\u00e1 da \u201cmera ret\u00f3rica\u201d - PP de Galicia\" \/>\n<meta property=\"og:description\" content=\"O eurodeputado popular Francisco Mill\u00e1n Mon interveu onte no debate e intercambio de puntos de vista coa Directora Xeral de Asuntos Mar\u00edtimos e Pesca da Comisi\u00f3n Europea, Charlina Vitcheva, \u00e1 que preguntou polo amplo desenvolvemento normativo que require o novo Regulamento de Control pesqueiro. \u201cSon cuesti\u00f3ns complexas, t\u00e9cnicas e de gran importancia, polo que o sector ten que estar implicado\u201d, apuntou.\" \/>\n<meta property=\"og:url\" content=\"https:\/\/ppdegalicia.com\/es\/millan-mon-insiste-na-necesidade-dun-dialogo-efectivo-da-comision-europea-co-sector-pesqueiro-mais-ala-da-mera-retorica\/\" \/>\n<meta property=\"og:site_name\" content=\"PP de Galicia\" \/>\n<meta property=\"article:publisher\" content=\"https:\/\/www.instagram.com\/ppdegalicia\/\" \/>\n<meta property=\"article:published_time\" content=\"2025-01-28T09:44:00+00:00\" \/>\n<meta property=\"og:image\" content=\"https:\/\/ppdegalicia.com\/wp-content\/uploads\/2025\/01\/20250128-O-eurodeputado-galego-Francisco-Millan-Mon-1-scaled.jpg\" \/>\n\t<meta property=\"og:image:width\" content=\"2560\" \/>\n\t<meta property=\"og:image:height\" content=\"1706\" \/>\n\t<meta property=\"og:image:type\" content=\"image\/jpeg\" \/>\n<meta name=\"author\" content=\"ppdegaliciaredes\" \/>\n<meta name=\"twitter:card\" content=\"summary_large_image\" \/>\n<meta name=\"twitter:creator\" content=\"@ppdegalicia\" \/>\n<meta name=\"twitter:site\" content=\"@ppdegalicia\" \/>\n<meta name=\"twitter:label1\" content=\"Escrito por\" \/>\n\t<meta name=\"twitter:data1\" content=\"ppdegaliciaredes\" \/>\n\t<meta name=\"twitter:label2\" content=\"Tiempo de lectura\" \/>\n\t<meta name=\"twitter:data2\" content=\"3 minutos\" \/>\n<script type=\"application\/ld+json\" class=\"yoast-schema-graph\">{\"@context\":\"https:\\\/\\\/schema.org\",\"@graph\":[{\"@type\":\"Article\",\"@id\":\"https:\\\/\\\/ppdegalicia.com\\\/es\\\/millan-mon-insiste-na-necesidade-dun-dialogo-efectivo-da-comision-europea-co-sector-pesqueiro-mais-ala-da-mera-retorica\\\/#article\",\"isPartOf\":{\"@id\":\"https:\\\/\\\/ppdegalicia.com\\\/es\\\/millan-mon-insiste-na-necesidade-dun-dialogo-efectivo-da-comision-europea-co-sector-pesqueiro-mais-ala-da-mera-retorica\\\/\"},\"author\":{\"name\":\"ppdegaliciaredes\",\"@id\":\"https:\\\/\\\/ppdegalicia.com\\\/es\\\/#\\\/schema\\\/person\\\/5b822c6f59e872ebdd1142f307dbcb59\"},\"headline\":\"Mill\u00e1n Mon insiste na necesidade dun di\u00e1logo efectivo da Comisi\u00f3n Europea co sector pesqueiro m\u00e1is al\u00e1 da \u201cmera ret\u00f3rica\u201d\",\"datePublished\":\"2025-01-28T09:44:00+00:00\",\"mainEntityOfPage\":{\"@id\":\"https:\\\/\\\/ppdegalicia.com\\\/es\\\/millan-mon-insiste-na-necesidade-dun-dialogo-efectivo-da-comision-europea-co-sector-pesqueiro-mais-ala-da-mera-retorica\\\/\"},\"wordCount\":398,\"publisher\":{\"@id\":\"https:\\\/\\\/ppdegalicia.com\\\/es\\\/#organization\"},\"image\":{\"@id\":\"https:\\\/\\\/ppdegalicia.com\\\/es\\\/millan-mon-insiste-na-necesidade-dun-dialogo-efectivo-da-comision-europea-co-sector-pesqueiro-mais-ala-da-mera-retorica\\\/#primaryimage\"},\"thumbnailUrl\":\"https:\\\/\\\/ppdegalicia.com\\\/wp-content\\\/uploads\\\/2025\\\/01\\\/20250128-O-eurodeputado-galego-Francisco-Millan-Mon-1-scaled.jpg\",\"articleSection\":[\"Parlamento Europeo\",\"PP de Galicia\"],\"inLanguage\":\"es\"},{\"@type\":\"WebPage\",\"@id\":\"https:\\\/\\\/ppdegalicia.com\\\/es\\\/millan-mon-insiste-na-necesidade-dun-dialogo-efectivo-da-comision-europea-co-sector-pesqueiro-mais-ala-da-mera-retorica\\\/\",\"url\":\"https:\\\/\\\/ppdegalicia.com\\\/es\\\/millan-mon-insiste-na-necesidade-dun-dialogo-efectivo-da-comision-europea-co-sector-pesqueiro-mais-ala-da-mera-retorica\\\/\",\"name\":\"Mill\u00e1n Mon insiste na necesidade dun di\u00e1logo efectivo da Comisi\u00f3n Europea co sector pesqueiro m\u00e1is al\u00e1 da \u201cmera ret\u00f3rica\u201d - PP de Galicia\",\"isPartOf\":{\"@id\":\"https:\\\/\\\/ppdegalicia.com\\\/es\\\/#website\"},\"primaryImageOfPage\":{\"@id\":\"https:\\\/\\\/ppdegalicia.com\\\/es\\\/millan-mon-insiste-na-necesidade-dun-dialogo-efectivo-da-comision-europea-co-sector-pesqueiro-mais-ala-da-mera-retorica\\\/#primaryimage\"},\"image\":{\"@id\":\"https:\\\/\\\/ppdegalicia.com\\\/es\\\/millan-mon-insiste-na-necesidade-dun-dialogo-efectivo-da-comision-europea-co-sector-pesqueiro-mais-ala-da-mera-retorica\\\/#primaryimage\"},\"thumbnailUrl\":\"https:\\\/\\\/ppdegalicia.com\\\/wp-content\\\/uploads\\\/2025\\\/01\\\/20250128-O-eurodeputado-galego-Francisco-Millan-Mon-1-scaled.jpg\",\"datePublished\":\"2025-01-28T09:44:00+00:00\",\"description\":\"O eurodeputado popular Francisco Mill\u00e1n Mon interveu onte no debate e intercambio de puntos de vista coa Directora Xeral de Asuntos Mar\u00edtimos e Pesca da Comisi\u00f3n Europea, Charlina Vitcheva, \u00e1 que preguntou polo amplo desenvolvemento normativo que require o novo Regulamento de Control pesqueiro. \u201cSon cuesti\u00f3ns complexas, t\u00e9cnicas e de gran importancia, polo que o sector ten que estar implicado\u201d, apuntou.\",\"breadcrumb\":{\"@id\":\"https:\\\/\\\/ppdegalicia.com\\\/es\\\/millan-mon-insiste-na-necesidade-dun-dialogo-efectivo-da-comision-europea-co-sector-pesqueiro-mais-ala-da-mera-retorica\\\/#breadcrumb\"},\"inLanguage\":\"es\",\"potentialAction\":[{\"@type\":\"ReadAction\",\"target\":[\"https:\\\/\\\/ppdegalicia.com\\\/es\\\/millan-mon-insiste-na-necesidade-dun-dialogo-efectivo-da-comision-europea-co-sector-pesqueiro-mais-ala-da-mera-retorica\\\/\"]}]},{\"@type\":\"ImageObject\",\"inLanguage\":\"es\",\"@id\":\"https:\\\/\\\/ppdegalicia.com\\\/es\\\/millan-mon-insiste-na-necesidade-dun-dialogo-efectivo-da-comision-europea-co-sector-pesqueiro-mais-ala-da-mera-retorica\\\/#primaryimage\",\"url\":\"https:\\\/\\\/ppdegalicia.com\\\/wp-content\\\/uploads\\\/2025\\\/01\\\/20250128-O-eurodeputado-galego-Francisco-Millan-Mon-1-scaled.jpg\",\"contentUrl\":\"https:\\\/\\\/ppdegalicia.com\\\/wp-content\\\/uploads\\\/2025\\\/01\\\/20250128-O-eurodeputado-galego-Francisco-Millan-Mon-1-scaled.jpg\",\"width\":2560,\"height\":1706},{\"@type\":\"BreadcrumbList\",\"@id\":\"https:\\\/\\\/ppdegalicia.com\\\/es\\\/millan-mon-insiste-na-necesidade-dun-dialogo-efectivo-da-comision-europea-co-sector-pesqueiro-mais-ala-da-mera-retorica\\\/#breadcrumb\",\"itemListElement\":[{\"@type\":\"ListItem\",\"position\":1,\"name\":\"Portada\",\"item\":\"https:\\\/\\\/ppdegalicia.com\\\/es\\\/\"},{\"@type\":\"ListItem\",\"position\":2,\"name\":\"Mill\u00e1n Mon insiste na necesidade dun di\u00e1logo efectivo da Comisi\u00f3n Europea co sector pesqueiro m\u00e1is al\u00e1 da \u201cmera ret\u00f3rica\u201d\"}]},{\"@type\":\"WebSite\",\"@id\":\"https:\\\/\\\/ppdegalicia.com\\\/es\\\/#website\",\"url\":\"https:\\\/\\\/ppdegalicia.com\\\/es\\\/\",\"name\":\"Partido Popular de Galicia\",\"description\":\"Partido Popular de Galicia\",\"publisher\":{\"@id\":\"https:\\\/\\\/ppdegalicia.com\\\/es\\\/#organization\"},\"alternateName\":\"PP de Galicia\",\"potentialAction\":[{\"@type\":\"SearchAction\",\"target\":{\"@type\":\"EntryPoint\",\"urlTemplate\":\"https:\\\/\\\/ppdegalicia.com\\\/es\\\/?s={search_term_string}\"},\"query-input\":{\"@type\":\"PropertyValueSpecification\",\"valueRequired\":true,\"valueName\":\"search_term_string\"}}],\"inLanguage\":\"es\"},{\"@type\":\"Organization\",\"@id\":\"https:\\\/\\\/ppdegalicia.com\\\/es\\\/#organization\",\"name\":\"Partido Popular de Galicia\",\"alternateName\":\"PP de Galicia\",\"url\":\"https:\\\/\\\/ppdegalicia.com\\\/es\\\/\",\"logo\":{\"@type\":\"ImageObject\",\"inLanguage\":\"es\",\"@id\":\"https:\\\/\\\/ppdegalicia.com\\\/es\\\/#\\\/schema\\\/logo\\\/image\\\/\",\"url\":\"https:\\\/\\\/ppdegalicia.com\\\/wp-content\\\/uploads\\\/2023\\\/04\\\/logoPP512.png\",\"contentUrl\":\"https:\\\/\\\/ppdegalicia.com\\\/wp-content\\\/uploads\\\/2023\\\/04\\\/logoPP512.png\",\"width\":512,\"height\":512,\"caption\":\"Partido Popular de Galicia\"},\"image\":{\"@id\":\"https:\\\/\\\/ppdegalicia.com\\\/es\\\/#\\\/schema\\\/logo\\\/image\\\/\"},\"sameAs\":[\"https:\\\/\\\/www.instagram.com\\\/ppdegalicia\\\/\",\"https:\\\/\\\/x.com\\\/ppdegalicia\",\"https:\\\/\\\/www.tiktok.com\\\/@ppdegalicia\",\"https:\\\/\\\/www.youtube.com\\\/user\\\/ppdegalicia\"]},{\"@type\":\"Person\",\"@id\":\"https:\\\/\\\/ppdegalicia.com\\\/es\\\/#\\\/schema\\\/person\\\/5b822c6f59e872ebdd1142f307dbcb59\",\"name\":\"ppdegaliciaredes\",\"image\":{\"@type\":\"ImageObject\",\"inLanguage\":\"es\",\"@id\":\"https:\\\/\\\/secure.gravatar.com\\\/avatar\\\/3c9179cf0256d00c72a48d1f25783c58b6842cd56e85ef3a572881c8e28ccd59?s=96&d=mm&r=g\",\"url\":\"https:\\\/\\\/secure.gravatar.com\\\/avatar\\\/3c9179cf0256d00c72a48d1f25783c58b6842cd56e85ef3a572881c8e28ccd59?s=96&d=mm&r=g\",\"contentUrl\":\"https:\\\/\\\/secure.gravatar.com\\\/avatar\\\/3c9179cf0256d00c72a48d1f25783c58b6842cd56e85ef3a572881c8e28ccd59?s=96&d=mm&r=g\",\"caption\":\"ppdegaliciaredes\"},\"url\":\"https:\\\/\\\/ppdegalicia.com\\\/es\\\/author\\\/ppdegaliciaredes\\\/\"}]}<\/script>\n<!-- \/ Yoast SEO plugin. -->","yoast_head_json":{"title":"Mill\u00e1n Mon insiste na necesidade dun di\u00e1logo efectivo da Comisi\u00f3n Europea co sector pesqueiro m\u00e1is al\u00e1 da \u201cmera ret\u00f3rica\u201d - PP de Galicia","description":"O eurodeputado popular Francisco Mill\u00e1n Mon interveu onte no debate e intercambio de puntos de vista coa Directora Xeral de Asuntos Mar\u00edtimos e Pesca da Comisi\u00f3n Europea, Charlina Vitcheva, \u00e1 que preguntou polo amplo desenvolvemento normativo que require o novo Regulamento de Control pesqueiro. \u201cSon cuesti\u00f3ns complexas, t\u00e9cnicas e de gran importancia, polo que o sector ten que estar implicado\u201d, apuntou.","robots":{"index":"index","follow":"follow","max-snippet":"max-snippet:-1","max-image-preview":"max-image-preview:large","max-video-preview":"max-video-preview:-1"},"canonical":"https:\/\/ppdegalicia.com\/es\/millan-mon-insiste-na-necesidade-dun-dialogo-efectivo-da-comision-europea-co-sector-pesqueiro-mais-ala-da-mera-retorica\/","og_locale":"es_ES","og_type":"article","og_title":"Mill\u00e1n Mon insiste na necesidade dun di\u00e1logo efectivo da Comisi\u00f3n Europea co sector pesqueiro m\u00e1is al\u00e1 da \u201cmera ret\u00f3rica\u201d - PP de Galicia","og_description":"O eurodeputado popular Francisco Mill\u00e1n Mon interveu onte no debate e intercambio de puntos de vista coa Directora Xeral de Asuntos Mar\u00edtimos e Pesca da Comisi\u00f3n Europea, Charlina Vitcheva, \u00e1 que preguntou polo amplo desenvolvemento normativo que require o novo Regulamento de Control pesqueiro. \u201cSon cuesti\u00f3ns complexas, t\u00e9cnicas e de gran importancia, polo que o sector ten que estar implicado\u201d, apuntou.","og_url":"https:\/\/ppdegalicia.com\/es\/millan-mon-insiste-na-necesidade-dun-dialogo-efectivo-da-comision-europea-co-sector-pesqueiro-mais-ala-da-mera-retorica\/","og_site_name":"PP de Galicia","article_publisher":"https:\/\/www.instagram.com\/ppdegalicia\/","article_published_time":"2025-01-28T09:44:00+00:00","og_image":[{"width":2560,"height":1706,"url":"https:\/\/ppdegalicia.com\/wp-content\/uploads\/2025\/01\/20250128-O-eurodeputado-galego-Francisco-Millan-Mon-1-scaled.jpg","type":"image\/jpeg"}],"author":"ppdegaliciaredes","twitter_card":"summary_large_image","twitter_creator":"@ppdegalicia","twitter_site":"@ppdegalicia","twitter_misc":{"Escrito por":"ppdegaliciaredes","Tiempo de lectura":"3 minutos"},"schema":{"@context":"https:\/\/schema.org","@graph":[{"@type":"Article","@id":"https:\/\/ppdegalicia.com\/es\/millan-mon-insiste-na-necesidade-dun-dialogo-efectivo-da-comision-europea-co-sector-pesqueiro-mais-ala-da-mera-retorica\/#article","isPartOf":{"@id":"https:\/\/ppdegalicia.com\/es\/millan-mon-insiste-na-necesidade-dun-dialogo-efectivo-da-comision-europea-co-sector-pesqueiro-mais-ala-da-mera-retorica\/"},"author":{"name":"ppdegaliciaredes","@id":"https:\/\/ppdegalicia.com\/es\/#\/schema\/person\/5b822c6f59e872ebdd1142f307dbcb59"},"headline":"Mill\u00e1n Mon insiste na necesidade dun di\u00e1logo efectivo da Comisi\u00f3n Europea co sector pesqueiro m\u00e1is al\u00e1 da \u201cmera ret\u00f3rica\u201d","datePublished":"2025-01-28T09:44:00+00:00","mainEntityOfPage":{"@id":"https:\/\/ppdegalicia.com\/es\/millan-mon-insiste-na-necesidade-dun-dialogo-efectivo-da-comision-europea-co-sector-pesqueiro-mais-ala-da-mera-retorica\/"},"wordCount":398,"publisher":{"@id":"https:\/\/ppdegalicia.com\/es\/#organization"},"image":{"@id":"https:\/\/ppdegalicia.com\/es\/millan-mon-insiste-na-necesidade-dun-dialogo-efectivo-da-comision-europea-co-sector-pesqueiro-mais-ala-da-mera-retorica\/#primaryimage"},"thumbnailUrl":"https:\/\/ppdegalicia.com\/wp-content\/uploads\/2025\/01\/20250128-O-eurodeputado-galego-Francisco-Millan-Mon-1-scaled.jpg","articleSection":["Parlamento Europeo","PP de Galicia"],"inLanguage":"es"},{"@type":"WebPage","@id":"https:\/\/ppdegalicia.com\/es\/millan-mon-insiste-na-necesidade-dun-dialogo-efectivo-da-comision-europea-co-sector-pesqueiro-mais-ala-da-mera-retorica\/","url":"https:\/\/ppdegalicia.com\/es\/millan-mon-insiste-na-necesidade-dun-dialogo-efectivo-da-comision-europea-co-sector-pesqueiro-mais-ala-da-mera-retorica\/","name":"Mill\u00e1n Mon insiste na necesidade dun di\u00e1logo efectivo da Comisi\u00f3n Europea co sector pesqueiro m\u00e1is al\u00e1 da \u201cmera ret\u00f3rica\u201d - PP de Galicia","isPartOf":{"@id":"https:\/\/ppdegalicia.com\/es\/#website"},"primaryImageOfPage":{"@id":"https:\/\/ppdegalicia.com\/es\/millan-mon-insiste-na-necesidade-dun-dialogo-efectivo-da-comision-europea-co-sector-pesqueiro-mais-ala-da-mera-retorica\/#primaryimage"},"image":{"@id":"https:\/\/ppdegalicia.com\/es\/millan-mon-insiste-na-necesidade-dun-dialogo-efectivo-da-comision-europea-co-sector-pesqueiro-mais-ala-da-mera-retorica\/#primaryimage"},"thumbnailUrl":"https:\/\/ppdegalicia.com\/wp-content\/uploads\/2025\/01\/20250128-O-eurodeputado-galego-Francisco-Millan-Mon-1-scaled.jpg","datePublished":"2025-01-28T09:44:00+00:00","description":"O eurodeputado popular Francisco Mill\u00e1n Mon interveu onte no debate e intercambio de puntos de vista coa Directora Xeral de Asuntos Mar\u00edtimos e Pesca da Comisi\u00f3n Europea, Charlina Vitcheva, \u00e1 que preguntou polo amplo desenvolvemento normativo que require o novo Regulamento de Control pesqueiro. \u201cSon cuesti\u00f3ns complexas, t\u00e9cnicas e de gran importancia, polo que o sector ten que estar implicado\u201d, apuntou.","breadcrumb":{"@id":"https:\/\/ppdegalicia.com\/es\/millan-mon-insiste-na-necesidade-dun-dialogo-efectivo-da-comision-europea-co-sector-pesqueiro-mais-ala-da-mera-retorica\/#breadcrumb"},"inLanguage":"es","potentialAction":[{"@type":"ReadAction","target":["https:\/\/ppdegalicia.com\/es\/millan-mon-insiste-na-necesidade-dun-dialogo-efectivo-da-comision-europea-co-sector-pesqueiro-mais-ala-da-mera-retorica\/"]}]},{"@type":"ImageObject","inLanguage":"es","@id":"https:\/\/ppdegalicia.com\/es\/millan-mon-insiste-na-necesidade-dun-dialogo-efectivo-da-comision-europea-co-sector-pesqueiro-mais-ala-da-mera-retorica\/#primaryimage","url":"https:\/\/ppdegalicia.com\/wp-content\/uploads\/2025\/01\/20250128-O-eurodeputado-galego-Francisco-Millan-Mon-1-scaled.jpg","contentUrl":"https:\/\/ppdegalicia.com\/wp-content\/uploads\/2025\/01\/20250128-O-eurodeputado-galego-Francisco-Millan-Mon-1-scaled.jpg","width":2560,"height":1706},{"@type":"BreadcrumbList","@id":"https:\/\/ppdegalicia.com\/es\/millan-mon-insiste-na-necesidade-dun-dialogo-efectivo-da-comision-europea-co-sector-pesqueiro-mais-ala-da-mera-retorica\/#breadcrumb","itemListElement":[{"@type":"ListItem","position":1,"name":"Portada","item":"https:\/\/ppdegalicia.com\/es\/"},{"@type":"ListItem","position":2,"name":"Mill\u00e1n Mon insiste na necesidade dun di\u00e1logo efectivo da Comisi\u00f3n Europea co sector pesqueiro m\u00e1is al\u00e1 da \u201cmera ret\u00f3rica\u201d"}]},{"@type":"WebSite","@id":"https:\/\/ppdegalicia.com\/es\/#website","url":"https:\/\/ppdegalicia.com\/es\/","name":"Partido Popular de Galicia","description":"Partido Popular de Galicia","publisher":{"@id":"https:\/\/ppdegalicia.com\/es\/#organization"},"alternateName":"PP de Galicia","potentialAction":[{"@type":"SearchAction","target":{"@type":"EntryPoint","urlTemplate":"https:\/\/ppdegalicia.com\/es\/?s={search_term_string}"},"query-input":{"@type":"PropertyValueSpecification","valueRequired":true,"valueName":"search_term_string"}}],"inLanguage":"es"},{"@type":"Organization","@id":"https:\/\/ppdegalicia.com\/es\/#organization","name":"Partido Popular de Galicia","alternateName":"PP de Galicia","url":"https:\/\/ppdegalicia.com\/es\/","logo":{"@type":"ImageObject","inLanguage":"es","@id":"https:\/\/ppdegalicia.com\/es\/#\/schema\/logo\/image\/","url":"https:\/\/ppdegalicia.com\/wp-content\/uploads\/2023\/04\/logoPP512.png","contentUrl":"https:\/\/ppdegalicia.com\/wp-content\/uploads\/2023\/04\/logoPP512.png","width":512,"height":512,"caption":"Partido Popular de Galicia"},"image":{"@id":"https:\/\/ppdegalicia.com\/es\/#\/schema\/logo\/image\/"},"sameAs":["https:\/\/www.instagram.com\/ppdegalicia\/","https:\/\/x.com\/ppdegalicia","https:\/\/www.tiktok.com\/@ppdegalicia","https:\/\/www.youtube.com\/user\/ppdegalicia"]},{"@type":"Person","@id":"https:\/\/ppdegalicia.com\/es\/#\/schema\/person\/5b822c6f59e872ebdd1142f307dbcb59","name":"ppdegaliciaredes","image":{"@type":"ImageObject","inLanguage":"es","@id":"https:\/\/secure.gravatar.com\/avatar\/3c9179cf0256d00c72a48d1f25783c58b6842cd56e85ef3a572881c8e28ccd59?s=96&d=mm&r=g","url":"https:\/\/secure.gravatar.com\/avatar\/3c9179cf0256d00c72a48d1f25783c58b6842cd56e85ef3a572881c8e28ccd59?s=96&d=mm&r=g","contentUrl":"https:\/\/secure.gravatar.com\/avatar\/3c9179cf0256d00c72a48d1f25783c58b6842cd56e85ef3a572881c8e28ccd59?s=96&d=mm&r=g","caption":"ppdegaliciaredes"},"url":"https:\/\/ppdegalicia.com\/es\/author\/ppdegaliciaredes\/"}]}},"_links":{"self":[{"href":"https:\/\/ppdegalicia.com\/es\/wp-json\/wp\/v2\/posts\/65558","targetHints":{"allow":["GET"]}}],"collection":[{"href":"https:\/\/ppdegalicia.com\/es\/wp-json\/wp\/v2\/posts"}],"about":[{"href":"https:\/\/ppdegalicia.com\/es\/wp-json\/wp\/v2\/types\/post"}],"author":[{"embeddable":true,"href":"https:\/\/ppdegalicia.com\/es\/wp-json\/wp\/v2\/users\/38"}],"replies":[{"embeddable":true,"href":"https:\/\/ppdegalicia.com\/es\/wp-json\/wp\/v2\/comments?post=65558"}],"version-history":[{"count":1,"href":"https:\/\/ppdegalicia.com\/es\/wp-json\/wp\/v2\/posts\/65558\/revisions"}],"predecessor-version":[{"id":65561,"href":"https:\/\/ppdegalicia.com\/es\/wp-json\/wp\/v2\/posts\/65558\/revisions\/65561"}],"wp:featuredmedia":[{"embeddable":true,"href":"https:\/\/ppdegalicia.com\/es\/wp-json\/wp\/v2\/media\/65559"}],"wp:attachment":[{"href":"https:\/\/ppdegalicia.com\/es\/wp-json\/wp\/v2\/media?parent=65558"}],"wp:term":[{"taxonomy":"category","embeddable":true,"href":"https:\/\/ppdegalicia.com\/es\/wp-json\/wp\/v2\/categories?post=65558"},{"taxonomy":"post_tag","embeddable":true,"href":"https:\/\/ppdegalicia.com\/es\/wp-json\/wp\/v2\/tags?post=65558"}],"curies":[{"name":"wp","href":"https:\/\/api.w.org\/{rel}","templated":true}]}}