{"id":65567,"date":"2025-01-28T14:17:12","date_gmt":"2025-01-28T13:17:12","guid":{"rendered":"https:\/\/ppdegalicia.com\/?p=65567"},"modified":"2025-01-28T14:17:12","modified_gmt":"2025-01-28T13:17:12","slug":"pechecomisioninvestigacion","status":"publish","type":"post","link":"https:\/\/ppdegalicia.com\/es\/pechecomisioninvestigacion\/","title":{"rendered":"O Pleno do Parlamento pecha definitivamente a Comisi\u00f3n de Investigaci\u00f3n sobre a contrataci\u00f3n p\u00fablica da Xunta coa aprobaci\u00f3n do seu ditame"},"content":{"rendered":"<p>O Pleno do Parlamento de Galicia pechou definitivamente a Comisi\u00f3n de Investigaci\u00f3n sobre a contrataci\u00f3n p\u00fablica da Administraci\u00f3n auton\u00f3mica coa aprobaci\u00f3n do seu ditame, no que se constata que \u201cnon hai nin unha soa tacha de legalidade nin no proceso de construci\u00f3n do Hospital P\u00fablico \u00c1lvaro Cunqueiro, nin nos procesos de contrataci\u00f3n menor da Xunta, nin na contrataci\u00f3n de emerxencia efectuada pola Administraci\u00f3n P\u00fablica auton\u00f3mica e, particularmente, polo Servizo Galego de Sa\u00fade durante a pandemia\u201d, subli\u00f1ou o deputado popular Roberto Rodr\u00edguez.<\/p>\n<p>En concreto, sobre o Hospital \u00c1lvaro Cunqueiro, Roberto Rodr\u00edguez explicou que a f\u00f3rmula de colaboraci\u00f3n p\u00fablico-privada utilizada para a s\u00faa construci\u00f3n \u201cera a \u00fanica opci\u00f3n viable naquel momento de grav\u00edsima crise econ\u00f3mica, ausencia de recursos financeiros e imposibilidade de recorrer \u00e1 d\u00e9beda p\u00fablica\u201d. \u201cA decisi\u00f3n adoptouse, nun primeiro momento, co aval da Intervenci\u00f3n Xeral do Estado e o Banco Europeo de Investimentos, e posteriormente a legalidade da concesi\u00f3n foi avalada en 2010 por un informe do Grupo de Traballo de Contabilidade Nacional, integrado polo INE, o Banco de Espa\u00f1a e a IGAE\u201d, concretou.<\/p>\n<p><strong>M\u00c1IS BARATO E EN MENOR TEMPO<\/strong><\/p>\n<p>\u201cO Goberno bipartito de BNG e PSdeG xa explorara no seu momento a posibilidade de utilizar unha f\u00f3rmula p\u00fablico-privada para a construci\u00f3n deste hospital, pero nada deixou feito, nin proxecto nin cr\u00e9dito orzamentario\u201d, dixo o deputado popular, quen engadiu que \u201cexecutar o Hospital con fondos p\u00fablicos esixir\u00eda que a Xunta renunciase ao seu gasto corrente ou aos demais investimentos previstos\u201d. \u201cA\u00ednda no suposto de ter contado con orzamento suficiente, a construci\u00f3n ter\u00eda resultado m\u00e1is cara e tardar\u00eda m\u00e1is tempo, prazo do que a \u00c1rea Sanitaria non dispo\u00f1\u00eda, dado o colapso que presentaban daquela as infraestruturas sanitarias de Vigo\u201d, matizou.<\/p>\n<p>Roberto Rodr\u00edguez asegurou que na Comisi\u00f3n tam\u00e9n \u201cse acreditou que non houbo modificaci\u00f3n do prazo de duraci\u00f3n da concesi\u00f3n nin se reduciu a superficie hospitalaria constru\u00edda\u201d, do mesmo xeito que \u201cquedou plenamente acreditado que non houbo sobrecuso\u201d.<\/p>\n<p>Respecto da contrataci\u00f3n da Administraci\u00f3n auton\u00f3mica, Roberto Rodr\u00edguez subli\u00f1ou que a Comisi\u00f3n \u201cacreditou que a Xunta cumpre escrupulosamente a normativa legal, sometendo os expedientes a todos os controis internos e externos esixibles, tanto por parte da Asesor\u00eda Xur\u00eddica e a Intervenci\u00f3n, como polas posteriores auditor\u00edas externas por parte dos organismos competentes\u201d.<\/p>\n<p>\u201cAdemais, acreditouse a ausencia dunha relaci\u00f3n causa-efecto entre a identidade dos cargos directivos e a facturaci\u00f3n das empresas que prestan servizo \u00e1 Xunta\u201d, manifestou. Refer\u00edndose ao caso concreto da empresa Eulen, o deputado popular dixo que \u201co Goberno bipartito adxudicoulle unha media anual de 4,67 mill\u00f3ns de euros, mentres que os gobernos posteriores acadaron unha media de 4,72 mill\u00f3ns de euros\u201d.<\/p>\n<p>Sobre os contratos menores, explicou que durante o Goberno bipartito supuxeron o 8,2 por cento do orzamento e nas lexislaturas posteriores foron o 8,6 por cento, \u201ca\u00ednda que a comparativa non resulta homox\u00e9nea porque en 2023 incl\u00faense os datos de 30 entidades do sector p\u00fablico auton\u00f3mico, a metade das cales non transparentaban as s\u00faas contas co Goberno bipartito\u201d.<\/p>\n<p><strong>NON BUSCARON A VERDADE<\/strong><\/p>\n<p>Roberto Rodr\u00edguez acusou a BNG e PSdeG de \u201cnon buscar en ning\u00fan momento a verdade, porque non lles interesou nunca atopala\u201d. \u201cComezaron a Comisi\u00f3n fuxindo da verdade da inexistencia da corrupci\u00f3n allea e a rematan fuxindo de verdade da existencia da corrupci\u00f3n propia: da s\u00faa paranoia corrupta no PP ao nacionalismo de amiguetes al\u00e1 onde goberna o BNG ou onde os nacionalistas apoian ao goberno do PSdeG\u201d, apuntou.<\/p>\n<p>\u201cA oposici\u00f3n fracasou na consecuci\u00f3n dos verdadeiros obxectivos cos que chegaron a esta Comisi\u00f3n: o BNG, para apuntalar o liderado da se\u00f1ora Pont\u00f3n ante unha UPG que, en v\u00e9speras da s\u00faa Asamblea Nacional, viuse na obriga de recordarlle que os marcos do seu nacionalismo est\u00e1n no comunismo e na independencia; e porque o PSdeG ti\u00f1a como \u00fanico obxectivo que esta Comisi\u00f3n axudara a tapar a corrupci\u00f3n que asolagaba ao Goberno de Pedro S\u00e1nchez\u201d, sinalou o deputado popular, para conclu\u00edr que \u201cte\u00f1en motivos dabondo para considerar fracasada a Comisi\u00f3n, porque o liderado da se\u00f1ora Pont\u00f3n sae da Comisi\u00f3n mais feble do que entrou e o Goberno do n\u00famero un, por imposible que parecera hai dous meses, sae a\u00ednda mais afundido na corrupci\u00f3n do que xa estaba\u201d.<\/p>\n","protected":false},"excerpt":{"rendered":"<p>O Pleno do Parlamento de Galicia pechou definitivamente a Comisi\u00f3n de Investigaci\u00f3n sobre a contrataci\u00f3n p\u00fablica da Administraci\u00f3n auton\u00f3mica coa aprobaci\u00f3n do seu ditame, no que se constata que \u201cnon hai nin unha soa tacha de legalidade nin no proceso de construci\u00f3n do Hospital P\u00fablico \u00c1lvaro Cunqueiro, nin nos procesos de contrataci\u00f3n menor da Xunta, [&hellip;]<\/p>\n","protected":false},"author":38,"featured_media":65568,"comment_status":"closed","ping_status":"open","sticky":false,"template":"","format":"standard","meta":{"_acf_changed":false,"footnotes":""},"categories":[1128],"tags":[],"class_list":["post-65567","post","type-post","status-publish","format-standard","has-post-thumbnail","hentry","category-actualidad-parlamento-de-galicia"],"acf":[],"yoast_head":"<!-- This site is optimized with the Yoast SEO plugin v27.3 - https:\/\/yoast.com\/product\/yoast-seo-wordpress\/ -->\n<title>O Pleno do Parlamento pecha definitivamente a Comisi\u00f3n de Investigaci\u00f3n sobre a contrataci\u00f3n p\u00fablica da Xunta coa aprobaci\u00f3n do seu ditame - PP de Galicia<\/title>\n<meta name=\"description\" content=\"\u00a0O Pleno do Parlamento de Galicia pechou definitivamente a Comisi\u00f3n de Investigaci\u00f3n sobre a contrataci\u00f3n p\u00fablica da Administraci\u00f3n auton\u00f3mica coa aprobaci\u00f3n do seu ditame, no que se constata que \u201cnon hai nin unha soa tacha de legalidade nin no proceso de construci\u00f3n do Hospital P\u00fablico \u00c1lvaro Cunqueiro, nin nos procesos de contrataci\u00f3n menor da Xunta, nin na contrataci\u00f3n de emerxencia efectuada pola Administraci\u00f3n P\u00fablica auton\u00f3mica e, particularmente, polo Servizo Galego de Sa\u00fade durante a pandemia\u201d, subli\u00f1ou o deputado popular Roberto Rodr\u00edguez.\" \/>\n<meta name=\"robots\" content=\"index, follow, max-snippet:-1, max-image-preview:large, max-video-preview:-1\" \/>\n<link rel=\"canonical\" href=\"https:\/\/ppdegalicia.com\/es\/pechecomisioninvestigacion\/\" \/>\n<meta property=\"og:locale\" content=\"es_ES\" \/>\n<meta property=\"og:type\" content=\"article\" \/>\n<meta property=\"og:title\" content=\"O Pleno do Parlamento pecha definitivamente a Comisi\u00f3n de Investigaci\u00f3n sobre a contrataci\u00f3n p\u00fablica da Xunta coa aprobaci\u00f3n do seu ditame - PP de Galicia\" \/>\n<meta property=\"og:description\" content=\"\u00a0O Pleno do Parlamento de Galicia pechou definitivamente a Comisi\u00f3n de Investigaci\u00f3n sobre a contrataci\u00f3n p\u00fablica da Administraci\u00f3n auton\u00f3mica coa aprobaci\u00f3n do seu ditame, no que se constata que \u201cnon hai nin unha soa tacha de legalidade nin no proceso de construci\u00f3n do Hospital P\u00fablico \u00c1lvaro Cunqueiro, nin nos procesos de contrataci\u00f3n menor da Xunta, nin na contrataci\u00f3n de emerxencia efectuada pola Administraci\u00f3n P\u00fablica auton\u00f3mica e, particularmente, polo Servizo Galego de Sa\u00fade durante a pandemia\u201d, subli\u00f1ou o deputado popular Roberto Rodr\u00edguez.\" \/>\n<meta property=\"og:url\" content=\"https:\/\/ppdegalicia.com\/es\/pechecomisioninvestigacion\/\" \/>\n<meta property=\"og:site_name\" content=\"PP de Galicia\" \/>\n<meta property=\"article:publisher\" content=\"https:\/\/www.instagram.com\/ppdegalicia\/\" \/>\n<meta property=\"article:published_time\" content=\"2025-01-28T13:17:12+00:00\" \/>\n<meta property=\"og:image\" content=\"https:\/\/ppdegalicia.com\/wp-content\/uploads\/2025\/01\/20250128_Pleno_Ordinario95-scaled.jpg\" \/>\n\t<meta property=\"og:image:width\" content=\"2560\" \/>\n\t<meta property=\"og:image:height\" content=\"1707\" \/>\n\t<meta property=\"og:image:type\" content=\"image\/jpeg\" \/>\n<meta name=\"author\" content=\"ppdegaliciaredes\" \/>\n<meta name=\"twitter:card\" content=\"summary_large_image\" \/>\n<meta name=\"twitter:creator\" content=\"@ppdegalicia\" \/>\n<meta name=\"twitter:site\" content=\"@ppdegalicia\" \/>\n<meta name=\"twitter:label1\" content=\"Escrito por\" \/>\n\t<meta name=\"twitter:data1\" content=\"ppdegaliciaredes\" \/>\n\t<meta name=\"twitter:label2\" content=\"Tiempo de lectura\" \/>\n\t<meta name=\"twitter:data2\" content=\"4 minutos\" \/>\n<script type=\"application\/ld+json\" class=\"yoast-schema-graph\">{\"@context\":\"https:\\\/\\\/schema.org\",\"@graph\":[{\"@type\":\"Article\",\"@id\":\"https:\\\/\\\/ppdegalicia.com\\\/es\\\/pechecomisioninvestigacion\\\/#article\",\"isPartOf\":{\"@id\":\"https:\\\/\\\/ppdegalicia.com\\\/es\\\/pechecomisioninvestigacion\\\/\"},\"author\":{\"name\":\"ppdegaliciaredes\",\"@id\":\"https:\\\/\\\/ppdegalicia.com\\\/es\\\/#\\\/schema\\\/person\\\/5b822c6f59e872ebdd1142f307dbcb59\"},\"headline\":\"O Pleno do Parlamento pecha definitivamente a Comisi\u00f3n de Investigaci\u00f3n sobre a contrataci\u00f3n p\u00fablica da Xunta coa aprobaci\u00f3n do seu ditame\",\"datePublished\":\"2025-01-28T13:17:12+00:00\",\"mainEntityOfPage\":{\"@id\":\"https:\\\/\\\/ppdegalicia.com\\\/es\\\/pechecomisioninvestigacion\\\/\"},\"wordCount\":801,\"publisher\":{\"@id\":\"https:\\\/\\\/ppdegalicia.com\\\/es\\\/#organization\"},\"image\":{\"@id\":\"https:\\\/\\\/ppdegalicia.com\\\/es\\\/pechecomisioninvestigacion\\\/#primaryimage\"},\"thumbnailUrl\":\"https:\\\/\\\/ppdegalicia.com\\\/wp-content\\\/uploads\\\/2025\\\/01\\\/20250128_Pleno_Ordinario95-scaled.jpg\",\"articleSection\":[\"Parlamento de Galicia\"],\"inLanguage\":\"es\"},{\"@type\":\"WebPage\",\"@id\":\"https:\\\/\\\/ppdegalicia.com\\\/es\\\/pechecomisioninvestigacion\\\/\",\"url\":\"https:\\\/\\\/ppdegalicia.com\\\/es\\\/pechecomisioninvestigacion\\\/\",\"name\":\"O Pleno do Parlamento pecha definitivamente a Comisi\u00f3n de Investigaci\u00f3n sobre a contrataci\u00f3n p\u00fablica da Xunta coa aprobaci\u00f3n do seu ditame - PP de Galicia\",\"isPartOf\":{\"@id\":\"https:\\\/\\\/ppdegalicia.com\\\/es\\\/#website\"},\"primaryImageOfPage\":{\"@id\":\"https:\\\/\\\/ppdegalicia.com\\\/es\\\/pechecomisioninvestigacion\\\/#primaryimage\"},\"image\":{\"@id\":\"https:\\\/\\\/ppdegalicia.com\\\/es\\\/pechecomisioninvestigacion\\\/#primaryimage\"},\"thumbnailUrl\":\"https:\\\/\\\/ppdegalicia.com\\\/wp-content\\\/uploads\\\/2025\\\/01\\\/20250128_Pleno_Ordinario95-scaled.jpg\",\"datePublished\":\"2025-01-28T13:17:12+00:00\",\"description\":\"\u00a0O Pleno do Parlamento de Galicia pechou definitivamente a Comisi\u00f3n de Investigaci\u00f3n sobre a contrataci\u00f3n p\u00fablica da Administraci\u00f3n auton\u00f3mica coa aprobaci\u00f3n do seu ditame, no que se constata que \u201cnon hai nin unha soa tacha de legalidade nin no proceso de construci\u00f3n do Hospital P\u00fablico \u00c1lvaro Cunqueiro, nin nos procesos de contrataci\u00f3n menor da Xunta, nin na contrataci\u00f3n de emerxencia efectuada pola Administraci\u00f3n P\u00fablica auton\u00f3mica e, particularmente, polo Servizo Galego de Sa\u00fade durante a pandemia\u201d, subli\u00f1ou o deputado popular Roberto Rodr\u00edguez.\",\"breadcrumb\":{\"@id\":\"https:\\\/\\\/ppdegalicia.com\\\/es\\\/pechecomisioninvestigacion\\\/#breadcrumb\"},\"inLanguage\":\"es\",\"potentialAction\":[{\"@type\":\"ReadAction\",\"target\":[\"https:\\\/\\\/ppdegalicia.com\\\/es\\\/pechecomisioninvestigacion\\\/\"]}]},{\"@type\":\"ImageObject\",\"inLanguage\":\"es\",\"@id\":\"https:\\\/\\\/ppdegalicia.com\\\/es\\\/pechecomisioninvestigacion\\\/#primaryimage\",\"url\":\"https:\\\/\\\/ppdegalicia.com\\\/wp-content\\\/uploads\\\/2025\\\/01\\\/20250128_Pleno_Ordinario95-scaled.jpg\",\"contentUrl\":\"https:\\\/\\\/ppdegalicia.com\\\/wp-content\\\/uploads\\\/2025\\\/01\\\/20250128_Pleno_Ordinario95-scaled.jpg\",\"width\":2560,\"height\":1707},{\"@type\":\"BreadcrumbList\",\"@id\":\"https:\\\/\\\/ppdegalicia.com\\\/es\\\/pechecomisioninvestigacion\\\/#breadcrumb\",\"itemListElement\":[{\"@type\":\"ListItem\",\"position\":1,\"name\":\"Portada\",\"item\":\"https:\\\/\\\/ppdegalicia.com\\\/es\\\/\"},{\"@type\":\"ListItem\",\"position\":2,\"name\":\"O Pleno do Parlamento pecha definitivamente a Comisi\u00f3n de Investigaci\u00f3n sobre a contrataci\u00f3n p\u00fablica da Xunta coa aprobaci\u00f3n do seu ditame\"}]},{\"@type\":\"WebSite\",\"@id\":\"https:\\\/\\\/ppdegalicia.com\\\/es\\\/#website\",\"url\":\"https:\\\/\\\/ppdegalicia.com\\\/es\\\/\",\"name\":\"Partido Popular de Galicia\",\"description\":\"Partido Popular de Galicia\",\"publisher\":{\"@id\":\"https:\\\/\\\/ppdegalicia.com\\\/es\\\/#organization\"},\"alternateName\":\"PP de Galicia\",\"potentialAction\":[{\"@type\":\"SearchAction\",\"target\":{\"@type\":\"EntryPoint\",\"urlTemplate\":\"https:\\\/\\\/ppdegalicia.com\\\/es\\\/?s={search_term_string}\"},\"query-input\":{\"@type\":\"PropertyValueSpecification\",\"valueRequired\":true,\"valueName\":\"search_term_string\"}}],\"inLanguage\":\"es\"},{\"@type\":\"Organization\",\"@id\":\"https:\\\/\\\/ppdegalicia.com\\\/es\\\/#organization\",\"name\":\"Partido Popular de Galicia\",\"alternateName\":\"PP de Galicia\",\"url\":\"https:\\\/\\\/ppdegalicia.com\\\/es\\\/\",\"logo\":{\"@type\":\"ImageObject\",\"inLanguage\":\"es\",\"@id\":\"https:\\\/\\\/ppdegalicia.com\\\/es\\\/#\\\/schema\\\/logo\\\/image\\\/\",\"url\":\"https:\\\/\\\/ppdegalicia.com\\\/wp-content\\\/uploads\\\/2023\\\/04\\\/logoPP512.png\",\"contentUrl\":\"https:\\\/\\\/ppdegalicia.com\\\/wp-content\\\/uploads\\\/2023\\\/04\\\/logoPP512.png\",\"width\":512,\"height\":512,\"caption\":\"Partido Popular de Galicia\"},\"image\":{\"@id\":\"https:\\\/\\\/ppdegalicia.com\\\/es\\\/#\\\/schema\\\/logo\\\/image\\\/\"},\"sameAs\":[\"https:\\\/\\\/www.instagram.com\\\/ppdegalicia\\\/\",\"https:\\\/\\\/x.com\\\/ppdegalicia\",\"https:\\\/\\\/www.tiktok.com\\\/@ppdegalicia\",\"https:\\\/\\\/www.youtube.com\\\/user\\\/ppdegalicia\"]},{\"@type\":\"Person\",\"@id\":\"https:\\\/\\\/ppdegalicia.com\\\/es\\\/#\\\/schema\\\/person\\\/5b822c6f59e872ebdd1142f307dbcb59\",\"name\":\"ppdegaliciaredes\",\"image\":{\"@type\":\"ImageObject\",\"inLanguage\":\"es\",\"@id\":\"https:\\\/\\\/secure.gravatar.com\\\/avatar\\\/3c9179cf0256d00c72a48d1f25783c58b6842cd56e85ef3a572881c8e28ccd59?s=96&d=mm&r=g\",\"url\":\"https:\\\/\\\/secure.gravatar.com\\\/avatar\\\/3c9179cf0256d00c72a48d1f25783c58b6842cd56e85ef3a572881c8e28ccd59?s=96&d=mm&r=g\",\"contentUrl\":\"https:\\\/\\\/secure.gravatar.com\\\/avatar\\\/3c9179cf0256d00c72a48d1f25783c58b6842cd56e85ef3a572881c8e28ccd59?s=96&d=mm&r=g\",\"caption\":\"ppdegaliciaredes\"},\"url\":\"https:\\\/\\\/ppdegalicia.com\\\/es\\\/author\\\/ppdegaliciaredes\\\/\"}]}<\/script>\n<!-- \/ Yoast SEO plugin. -->","yoast_head_json":{"title":"O Pleno do Parlamento pecha definitivamente a Comisi\u00f3n de Investigaci\u00f3n sobre a contrataci\u00f3n p\u00fablica da Xunta coa aprobaci\u00f3n do seu ditame - PP de Galicia","description":"\u00a0O Pleno do Parlamento de Galicia pechou definitivamente a Comisi\u00f3n de Investigaci\u00f3n sobre a contrataci\u00f3n p\u00fablica da Administraci\u00f3n auton\u00f3mica coa aprobaci\u00f3n do seu ditame, no que se constata que \u201cnon hai nin unha soa tacha de legalidade nin no proceso de construci\u00f3n do Hospital P\u00fablico \u00c1lvaro Cunqueiro, nin nos procesos de contrataci\u00f3n menor da Xunta, nin na contrataci\u00f3n de emerxencia efectuada pola Administraci\u00f3n P\u00fablica auton\u00f3mica e, particularmente, polo Servizo Galego de Sa\u00fade durante a pandemia\u201d, subli\u00f1ou o deputado popular Roberto Rodr\u00edguez.","robots":{"index":"index","follow":"follow","max-snippet":"max-snippet:-1","max-image-preview":"max-image-preview:large","max-video-preview":"max-video-preview:-1"},"canonical":"https:\/\/ppdegalicia.com\/es\/pechecomisioninvestigacion\/","og_locale":"es_ES","og_type":"article","og_title":"O Pleno do Parlamento pecha definitivamente a Comisi\u00f3n de Investigaci\u00f3n sobre a contrataci\u00f3n p\u00fablica da Xunta coa aprobaci\u00f3n do seu ditame - PP de Galicia","og_description":"\u00a0O Pleno do Parlamento de Galicia pechou definitivamente a Comisi\u00f3n de Investigaci\u00f3n sobre a contrataci\u00f3n p\u00fablica da Administraci\u00f3n auton\u00f3mica coa aprobaci\u00f3n do seu ditame, no que se constata que \u201cnon hai nin unha soa tacha de legalidade nin no proceso de construci\u00f3n do Hospital P\u00fablico \u00c1lvaro Cunqueiro, nin nos procesos de contrataci\u00f3n menor da Xunta, nin na contrataci\u00f3n de emerxencia efectuada pola Administraci\u00f3n P\u00fablica auton\u00f3mica e, particularmente, polo Servizo Galego de Sa\u00fade durante a pandemia\u201d, subli\u00f1ou o deputado popular Roberto Rodr\u00edguez.","og_url":"https:\/\/ppdegalicia.com\/es\/pechecomisioninvestigacion\/","og_site_name":"PP de Galicia","article_publisher":"https:\/\/www.instagram.com\/ppdegalicia\/","article_published_time":"2025-01-28T13:17:12+00:00","og_image":[{"width":2560,"height":1707,"url":"https:\/\/ppdegalicia.com\/wp-content\/uploads\/2025\/01\/20250128_Pleno_Ordinario95-scaled.jpg","type":"image\/jpeg"}],"author":"ppdegaliciaredes","twitter_card":"summary_large_image","twitter_creator":"@ppdegalicia","twitter_site":"@ppdegalicia","twitter_misc":{"Escrito por":"ppdegaliciaredes","Tiempo de lectura":"4 minutos"},"schema":{"@context":"https:\/\/schema.org","@graph":[{"@type":"Article","@id":"https:\/\/ppdegalicia.com\/es\/pechecomisioninvestigacion\/#article","isPartOf":{"@id":"https:\/\/ppdegalicia.com\/es\/pechecomisioninvestigacion\/"},"author":{"name":"ppdegaliciaredes","@id":"https:\/\/ppdegalicia.com\/es\/#\/schema\/person\/5b822c6f59e872ebdd1142f307dbcb59"},"headline":"O Pleno do Parlamento pecha definitivamente a Comisi\u00f3n de Investigaci\u00f3n sobre a contrataci\u00f3n p\u00fablica da Xunta coa aprobaci\u00f3n do seu ditame","datePublished":"2025-01-28T13:17:12+00:00","mainEntityOfPage":{"@id":"https:\/\/ppdegalicia.com\/es\/pechecomisioninvestigacion\/"},"wordCount":801,"publisher":{"@id":"https:\/\/ppdegalicia.com\/es\/#organization"},"image":{"@id":"https:\/\/ppdegalicia.com\/es\/pechecomisioninvestigacion\/#primaryimage"},"thumbnailUrl":"https:\/\/ppdegalicia.com\/wp-content\/uploads\/2025\/01\/20250128_Pleno_Ordinario95-scaled.jpg","articleSection":["Parlamento de Galicia"],"inLanguage":"es"},{"@type":"WebPage","@id":"https:\/\/ppdegalicia.com\/es\/pechecomisioninvestigacion\/","url":"https:\/\/ppdegalicia.com\/es\/pechecomisioninvestigacion\/","name":"O Pleno do Parlamento pecha definitivamente a Comisi\u00f3n de Investigaci\u00f3n sobre a contrataci\u00f3n p\u00fablica da Xunta coa aprobaci\u00f3n do seu ditame - PP de Galicia","isPartOf":{"@id":"https:\/\/ppdegalicia.com\/es\/#website"},"primaryImageOfPage":{"@id":"https:\/\/ppdegalicia.com\/es\/pechecomisioninvestigacion\/#primaryimage"},"image":{"@id":"https:\/\/ppdegalicia.com\/es\/pechecomisioninvestigacion\/#primaryimage"},"thumbnailUrl":"https:\/\/ppdegalicia.com\/wp-content\/uploads\/2025\/01\/20250128_Pleno_Ordinario95-scaled.jpg","datePublished":"2025-01-28T13:17:12+00:00","description":"\u00a0O Pleno do Parlamento de Galicia pechou definitivamente a Comisi\u00f3n de Investigaci\u00f3n sobre a contrataci\u00f3n p\u00fablica da Administraci\u00f3n auton\u00f3mica coa aprobaci\u00f3n do seu ditame, no que se constata que \u201cnon hai nin unha soa tacha de legalidade nin no proceso de construci\u00f3n do Hospital P\u00fablico \u00c1lvaro Cunqueiro, nin nos procesos de contrataci\u00f3n menor da Xunta, nin na contrataci\u00f3n de emerxencia efectuada pola Administraci\u00f3n P\u00fablica auton\u00f3mica e, particularmente, polo Servizo Galego de Sa\u00fade durante a pandemia\u201d, subli\u00f1ou o deputado popular Roberto Rodr\u00edguez.","breadcrumb":{"@id":"https:\/\/ppdegalicia.com\/es\/pechecomisioninvestigacion\/#breadcrumb"},"inLanguage":"es","potentialAction":[{"@type":"ReadAction","target":["https:\/\/ppdegalicia.com\/es\/pechecomisioninvestigacion\/"]}]},{"@type":"ImageObject","inLanguage":"es","@id":"https:\/\/ppdegalicia.com\/es\/pechecomisioninvestigacion\/#primaryimage","url":"https:\/\/ppdegalicia.com\/wp-content\/uploads\/2025\/01\/20250128_Pleno_Ordinario95-scaled.jpg","contentUrl":"https:\/\/ppdegalicia.com\/wp-content\/uploads\/2025\/01\/20250128_Pleno_Ordinario95-scaled.jpg","width":2560,"height":1707},{"@type":"BreadcrumbList","@id":"https:\/\/ppdegalicia.com\/es\/pechecomisioninvestigacion\/#breadcrumb","itemListElement":[{"@type":"ListItem","position":1,"name":"Portada","item":"https:\/\/ppdegalicia.com\/es\/"},{"@type":"ListItem","position":2,"name":"O Pleno do Parlamento pecha definitivamente a Comisi\u00f3n de Investigaci\u00f3n sobre a contrataci\u00f3n p\u00fablica da Xunta coa aprobaci\u00f3n do seu ditame"}]},{"@type":"WebSite","@id":"https:\/\/ppdegalicia.com\/es\/#website","url":"https:\/\/ppdegalicia.com\/es\/","name":"Partido Popular de Galicia","description":"Partido Popular de Galicia","publisher":{"@id":"https:\/\/ppdegalicia.com\/es\/#organization"},"alternateName":"PP de Galicia","potentialAction":[{"@type":"SearchAction","target":{"@type":"EntryPoint","urlTemplate":"https:\/\/ppdegalicia.com\/es\/?s={search_term_string}"},"query-input":{"@type":"PropertyValueSpecification","valueRequired":true,"valueName":"search_term_string"}}],"inLanguage":"es"},{"@type":"Organization","@id":"https:\/\/ppdegalicia.com\/es\/#organization","name":"Partido Popular de Galicia","alternateName":"PP de Galicia","url":"https:\/\/ppdegalicia.com\/es\/","logo":{"@type":"ImageObject","inLanguage":"es","@id":"https:\/\/ppdegalicia.com\/es\/#\/schema\/logo\/image\/","url":"https:\/\/ppdegalicia.com\/wp-content\/uploads\/2023\/04\/logoPP512.png","contentUrl":"https:\/\/ppdegalicia.com\/wp-content\/uploads\/2023\/04\/logoPP512.png","width":512,"height":512,"caption":"Partido Popular de Galicia"},"image":{"@id":"https:\/\/ppdegalicia.com\/es\/#\/schema\/logo\/image\/"},"sameAs":["https:\/\/www.instagram.com\/ppdegalicia\/","https:\/\/x.com\/ppdegalicia","https:\/\/www.tiktok.com\/@ppdegalicia","https:\/\/www.youtube.com\/user\/ppdegalicia"]},{"@type":"Person","@id":"https:\/\/ppdegalicia.com\/es\/#\/schema\/person\/5b822c6f59e872ebdd1142f307dbcb59","name":"ppdegaliciaredes","image":{"@type":"ImageObject","inLanguage":"es","@id":"https:\/\/secure.gravatar.com\/avatar\/3c9179cf0256d00c72a48d1f25783c58b6842cd56e85ef3a572881c8e28ccd59?s=96&d=mm&r=g","url":"https:\/\/secure.gravatar.com\/avatar\/3c9179cf0256d00c72a48d1f25783c58b6842cd56e85ef3a572881c8e28ccd59?s=96&d=mm&r=g","contentUrl":"https:\/\/secure.gravatar.com\/avatar\/3c9179cf0256d00c72a48d1f25783c58b6842cd56e85ef3a572881c8e28ccd59?s=96&d=mm&r=g","caption":"ppdegaliciaredes"},"url":"https:\/\/ppdegalicia.com\/es\/author\/ppdegaliciaredes\/"}]}},"_links":{"self":[{"href":"https:\/\/ppdegalicia.com\/es\/wp-json\/wp\/v2\/posts\/65567","targetHints":{"allow":["GET"]}}],"collection":[{"href":"https:\/\/ppdegalicia.com\/es\/wp-json\/wp\/v2\/posts"}],"about":[{"href":"https:\/\/ppdegalicia.com\/es\/wp-json\/wp\/v2\/types\/post"}],"author":[{"embeddable":true,"href":"https:\/\/ppdegalicia.com\/es\/wp-json\/wp\/v2\/users\/38"}],"replies":[{"embeddable":true,"href":"https:\/\/ppdegalicia.com\/es\/wp-json\/wp\/v2\/comments?post=65567"}],"version-history":[{"count":1,"href":"https:\/\/ppdegalicia.com\/es\/wp-json\/wp\/v2\/posts\/65567\/revisions"}],"predecessor-version":[{"id":65570,"href":"https:\/\/ppdegalicia.com\/es\/wp-json\/wp\/v2\/posts\/65567\/revisions\/65570"}],"wp:featuredmedia":[{"embeddable":true,"href":"https:\/\/ppdegalicia.com\/es\/wp-json\/wp\/v2\/media\/65568"}],"wp:attachment":[{"href":"https:\/\/ppdegalicia.com\/es\/wp-json\/wp\/v2\/media?parent=65567"}],"wp:term":[{"taxonomy":"category","embeddable":true,"href":"https:\/\/ppdegalicia.com\/es\/wp-json\/wp\/v2\/categories?post=65567"},{"taxonomy":"post_tag","embeddable":true,"href":"https:\/\/ppdegalicia.com\/es\/wp-json\/wp\/v2\/tags?post=65567"}],"curies":[{"name":"wp","href":"https:\/\/api.w.org\/{rel}","templated":true}]}}