{"id":65571,"date":"2025-01-28T18:00:12","date_gmt":"2025-01-28T17:00:12","guid":{"rendered":"https:\/\/ppdegalicia.com\/?p=65571"},"modified":"2025-01-28T18:00:12","modified_gmt":"2025-01-28T17:00:12","slug":"o-grupo-popular-salienta-que-galicia-e-unha-comunidade-pioneira-en-medidas-a-favor-da-mocidade-do-rural","status":"publish","type":"post","link":"https:\/\/ppdegalicia.com\/es\/o-grupo-popular-salienta-que-galicia-e-unha-comunidade-pioneira-en-medidas-a-favor-da-mocidade-do-rural\/","title":{"rendered":"O Grupo Popular salienta que \u201cGalicia \u00e9 unha comunidade pioneira en medidas a favor da mocidade do rural\u201d"},"content":{"rendered":"<p>A portavoz de Xuventude do Grupo Popular, Nicole Grueira, salientou hoxe que \u201cGalicia \u00e9 unha comunidade pioneira en medidas a favor da mocidade do rural galego, con axudas para o acceso a novas tecnolox\u00edas, a vivenda ou o transporte p\u00fablico\u201d, e criticou a \u201cvisi\u00f3n negra e interesada do nacionalismo galego sobre o noso rural, que non ten nada que ver coa realidade\u201d.<\/p>\n<p>\u201cMentres o BNG se aferra a esa visi\u00f3n negra do noso rural, o Goberno de Alfonso Rueda est\u00e1 traballando a pe de campo con feitos para reforzar, impulsar, modernizar e continuar garantindo que o rural galego siga sendo un referente en Espa\u00f1a e en Europa\u201d, sinalou Nicole Grueira.<\/p>\n<p>En concreto, a portavoz popular referiuse ao Plan de Remuda Xeracional, baseado na formaci\u00f3n, sensibilizaci\u00f3n e na incorporaci\u00f3n para asegurar a supervivencia dun rural vivo, resiliente e sostible. As\u00ed, salientou que \u201cm\u00e1is de 5.000 mozos e mozas galegas incorpor\u00e1ronse ao rural desde 2009 gracias \u00e1s axudas da Xunta, que este ano incrementar\u00e1 o seu orzamento nun 21 por cento\u201d.<\/p>\n<p><strong>MOBILIDADE E VIVENDA<\/strong><\/p>\n<p>No \u00e1mbito da mobilidade, Nicole Grueira sinalou que \u201cmentres a Xunta aposta por mellorar o transporte p\u00fablico, po\u00f1endo en marcha o transporte compartido e baixo demanda para mellorar as conexi\u00f3ns do rural, d\u00e1ndolles aos m\u00e1is novos a tarxeta xente nova para viaxar gratis por Galicia, aumentando li\u00f1as, reforzando horarios e mellorando o servizo cada vez m\u00e1is; o Goberno de Espa\u00f1a prop\u00f3n eliminar 22 paradas, prexudicando a m\u00e1is de 130.000 galegos, e usa a bonificaci\u00f3n do transporte como moeda de chantaxe\u201d.<\/p>\n<p>Para rematar, Grueira destacou as axudas \u00e1 mocidade galega de ata 10.800 euros para comprar unha casa en concellos de menos de 10.000 habitantes, \u201cunha medida \u00e1 que se engadir\u00e1 o bono Emanc\u00edpate que apoia aos mozos con ata 3.000 euros para os primeiros gastos de emancipaci\u00f3n\u201d.<\/p>\n<p>\u201cTodas estas axudas son claves para que Galicia sexa unha comunidade pioneira en medias a favor da xuventude do rural, para que o 33 por cento dos produtores de leite de Galicia te\u00f1an menos de 45 anos, para evitar o abandono das explotaci\u00f3ns, para garantir o relevo no sector agrogandeiro galego, e, en definitiva, para que o rural de Galicia sexa un lugar de oportunidades, no que calquera mozo que queira emprender poida facelo\u201d, rematou.<\/p>\n","protected":false},"excerpt":{"rendered":"<p>A portavoz de Xuventude do Grupo Popular, Nicole Grueira, salientou hoxe que \u201cGalicia \u00e9 unha comunidade pioneira en medidas a favor da mocidade do rural galego, con axudas para o acceso a novas tecnolox\u00edas, a vivenda ou o transporte p\u00fablico\u201d, e criticou a \u201cvisi\u00f3n negra e interesada do nacionalismo galego sobre o noso rural, que [&hellip;]<\/p>\n","protected":false},"author":38,"featured_media":65572,"comment_status":"closed","ping_status":"open","sticky":false,"template":"","format":"standard","meta":{"_acf_changed":false,"footnotes":""},"categories":[1128],"tags":[],"class_list":["post-65571","post","type-post","status-publish","format-standard","has-post-thumbnail","hentry","category-actualidad-parlamento-de-galicia"],"acf":[],"yoast_head":"<!-- This site is optimized with the Yoast SEO plugin v27.3 - https:\/\/yoast.com\/product\/yoast-seo-wordpress\/ -->\n<title>O Grupo Popular salienta que \u201cGalicia \u00e9 unha comunidade pioneira en medidas a favor da mocidade do rural\u201d - PP de Galicia<\/title>\n<meta name=\"description\" content=\"A portavoz de Xuventude do Grupo Popular, Nicole Grueira, salientou hoxe que \u201cGalicia \u00e9 unha comunidade pioneira en medidas a favor da mocidade do rural galego, con axudas para o acceso a novas tecnolox\u00edas, a vivenda ou o transporte p\u00fablico\u201d, e criticou a \u201cvisi\u00f3n negra e interesada do nacionalismo galego sobre o noso rural, que non ten nada que ver coa realidade\u201d.\" \/>\n<meta name=\"robots\" content=\"index, follow, max-snippet:-1, max-image-preview:large, max-video-preview:-1\" \/>\n<link rel=\"canonical\" href=\"https:\/\/ppdegalicia.com\/es\/o-grupo-popular-salienta-que-galicia-e-unha-comunidade-pioneira-en-medidas-a-favor-da-mocidade-do-rural\/\" \/>\n<meta property=\"og:locale\" content=\"es_ES\" \/>\n<meta property=\"og:type\" content=\"article\" \/>\n<meta property=\"og:title\" content=\"O Grupo Popular salienta que \u201cGalicia \u00e9 unha comunidade pioneira en medidas a favor da mocidade do rural\u201d - PP de Galicia\" \/>\n<meta property=\"og:description\" content=\"A portavoz de Xuventude do Grupo Popular, Nicole Grueira, salientou hoxe que \u201cGalicia \u00e9 unha comunidade pioneira en medidas a favor da mocidade do rural galego, con axudas para o acceso a novas tecnolox\u00edas, a vivenda ou o transporte p\u00fablico\u201d, e criticou a \u201cvisi\u00f3n negra e interesada do nacionalismo galego sobre o noso rural, que non ten nada que ver coa realidade\u201d.\" \/>\n<meta property=\"og:url\" content=\"https:\/\/ppdegalicia.com\/es\/o-grupo-popular-salienta-que-galicia-e-unha-comunidade-pioneira-en-medidas-a-favor-da-mocidade-do-rural\/\" \/>\n<meta property=\"og:site_name\" content=\"PP de Galicia\" \/>\n<meta property=\"article:publisher\" content=\"https:\/\/www.instagram.com\/ppdegalicia\/\" \/>\n<meta property=\"article:published_time\" content=\"2025-01-28T17:00:12+00:00\" \/>\n<meta property=\"og:image\" content=\"https:\/\/ppdegalicia.com\/wp-content\/uploads\/2025\/01\/20250128_Pleno_Ordinario114-scaled.jpg\" \/>\n\t<meta property=\"og:image:width\" content=\"2560\" \/>\n\t<meta property=\"og:image:height\" content=\"1707\" \/>\n\t<meta property=\"og:image:type\" content=\"image\/jpeg\" \/>\n<meta name=\"author\" content=\"ppdegaliciaredes\" \/>\n<meta name=\"twitter:card\" content=\"summary_large_image\" \/>\n<meta name=\"twitter:creator\" content=\"@ppdegalicia\" \/>\n<meta name=\"twitter:site\" content=\"@ppdegalicia\" \/>\n<meta name=\"twitter:label1\" content=\"Escrito por\" \/>\n\t<meta name=\"twitter:data1\" content=\"ppdegaliciaredes\" \/>\n\t<meta name=\"twitter:label2\" content=\"Tiempo de lectura\" \/>\n\t<meta name=\"twitter:data2\" content=\"3 minutos\" \/>\n<script type=\"application\/ld+json\" class=\"yoast-schema-graph\">{\"@context\":\"https:\\\/\\\/schema.org\",\"@graph\":[{\"@type\":\"Article\",\"@id\":\"https:\\\/\\\/ppdegalicia.com\\\/es\\\/o-grupo-popular-salienta-que-galicia-e-unha-comunidade-pioneira-en-medidas-a-favor-da-mocidade-do-rural\\\/#article\",\"isPartOf\":{\"@id\":\"https:\\\/\\\/ppdegalicia.com\\\/es\\\/o-grupo-popular-salienta-que-galicia-e-unha-comunidade-pioneira-en-medidas-a-favor-da-mocidade-do-rural\\\/\"},\"author\":{\"name\":\"ppdegaliciaredes\",\"@id\":\"https:\\\/\\\/ppdegalicia.com\\\/es\\\/#\\\/schema\\\/person\\\/5b822c6f59e872ebdd1142f307dbcb59\"},\"headline\":\"O Grupo Popular salienta que \u201cGalicia \u00e9 unha comunidade pioneira en medidas a favor da mocidade do rural\u201d\",\"datePublished\":\"2025-01-28T17:00:12+00:00\",\"mainEntityOfPage\":{\"@id\":\"https:\\\/\\\/ppdegalicia.com\\\/es\\\/o-grupo-popular-salienta-que-galicia-e-unha-comunidade-pioneira-en-medidas-a-favor-da-mocidade-do-rural\\\/\"},\"wordCount\":403,\"publisher\":{\"@id\":\"https:\\\/\\\/ppdegalicia.com\\\/es\\\/#organization\"},\"image\":{\"@id\":\"https:\\\/\\\/ppdegalicia.com\\\/es\\\/o-grupo-popular-salienta-que-galicia-e-unha-comunidade-pioneira-en-medidas-a-favor-da-mocidade-do-rural\\\/#primaryimage\"},\"thumbnailUrl\":\"https:\\\/\\\/ppdegalicia.com\\\/wp-content\\\/uploads\\\/2025\\\/01\\\/20250128_Pleno_Ordinario114-scaled.jpg\",\"articleSection\":[\"Parlamento de Galicia\"],\"inLanguage\":\"es\"},{\"@type\":\"WebPage\",\"@id\":\"https:\\\/\\\/ppdegalicia.com\\\/es\\\/o-grupo-popular-salienta-que-galicia-e-unha-comunidade-pioneira-en-medidas-a-favor-da-mocidade-do-rural\\\/\",\"url\":\"https:\\\/\\\/ppdegalicia.com\\\/es\\\/o-grupo-popular-salienta-que-galicia-e-unha-comunidade-pioneira-en-medidas-a-favor-da-mocidade-do-rural\\\/\",\"name\":\"O Grupo Popular salienta que \u201cGalicia \u00e9 unha comunidade pioneira en medidas a favor da mocidade do rural\u201d - PP de Galicia\",\"isPartOf\":{\"@id\":\"https:\\\/\\\/ppdegalicia.com\\\/es\\\/#website\"},\"primaryImageOfPage\":{\"@id\":\"https:\\\/\\\/ppdegalicia.com\\\/es\\\/o-grupo-popular-salienta-que-galicia-e-unha-comunidade-pioneira-en-medidas-a-favor-da-mocidade-do-rural\\\/#primaryimage\"},\"image\":{\"@id\":\"https:\\\/\\\/ppdegalicia.com\\\/es\\\/o-grupo-popular-salienta-que-galicia-e-unha-comunidade-pioneira-en-medidas-a-favor-da-mocidade-do-rural\\\/#primaryimage\"},\"thumbnailUrl\":\"https:\\\/\\\/ppdegalicia.com\\\/wp-content\\\/uploads\\\/2025\\\/01\\\/20250128_Pleno_Ordinario114-scaled.jpg\",\"datePublished\":\"2025-01-28T17:00:12+00:00\",\"description\":\"A portavoz de Xuventude do Grupo Popular, Nicole Grueira, salientou hoxe que \u201cGalicia \u00e9 unha comunidade pioneira en medidas a favor da mocidade do rural galego, con axudas para o acceso a novas tecnolox\u00edas, a vivenda ou o transporte p\u00fablico\u201d, e criticou a \u201cvisi\u00f3n negra e interesada do nacionalismo galego sobre o noso rural, que non ten nada que ver coa realidade\u201d.\",\"breadcrumb\":{\"@id\":\"https:\\\/\\\/ppdegalicia.com\\\/es\\\/o-grupo-popular-salienta-que-galicia-e-unha-comunidade-pioneira-en-medidas-a-favor-da-mocidade-do-rural\\\/#breadcrumb\"},\"inLanguage\":\"es\",\"potentialAction\":[{\"@type\":\"ReadAction\",\"target\":[\"https:\\\/\\\/ppdegalicia.com\\\/es\\\/o-grupo-popular-salienta-que-galicia-e-unha-comunidade-pioneira-en-medidas-a-favor-da-mocidade-do-rural\\\/\"]}]},{\"@type\":\"ImageObject\",\"inLanguage\":\"es\",\"@id\":\"https:\\\/\\\/ppdegalicia.com\\\/es\\\/o-grupo-popular-salienta-que-galicia-e-unha-comunidade-pioneira-en-medidas-a-favor-da-mocidade-do-rural\\\/#primaryimage\",\"url\":\"https:\\\/\\\/ppdegalicia.com\\\/wp-content\\\/uploads\\\/2025\\\/01\\\/20250128_Pleno_Ordinario114-scaled.jpg\",\"contentUrl\":\"https:\\\/\\\/ppdegalicia.com\\\/wp-content\\\/uploads\\\/2025\\\/01\\\/20250128_Pleno_Ordinario114-scaled.jpg\",\"width\":2560,\"height\":1707},{\"@type\":\"BreadcrumbList\",\"@id\":\"https:\\\/\\\/ppdegalicia.com\\\/es\\\/o-grupo-popular-salienta-que-galicia-e-unha-comunidade-pioneira-en-medidas-a-favor-da-mocidade-do-rural\\\/#breadcrumb\",\"itemListElement\":[{\"@type\":\"ListItem\",\"position\":1,\"name\":\"Portada\",\"item\":\"https:\\\/\\\/ppdegalicia.com\\\/es\\\/\"},{\"@type\":\"ListItem\",\"position\":2,\"name\":\"O Grupo Popular salienta que \u201cGalicia \u00e9 unha comunidade pioneira en medidas a favor da mocidade do rural\u201d\"}]},{\"@type\":\"WebSite\",\"@id\":\"https:\\\/\\\/ppdegalicia.com\\\/es\\\/#website\",\"url\":\"https:\\\/\\\/ppdegalicia.com\\\/es\\\/\",\"name\":\"Partido Popular de Galicia\",\"description\":\"Partido Popular de Galicia\",\"publisher\":{\"@id\":\"https:\\\/\\\/ppdegalicia.com\\\/es\\\/#organization\"},\"alternateName\":\"PP de Galicia\",\"potentialAction\":[{\"@type\":\"SearchAction\",\"target\":{\"@type\":\"EntryPoint\",\"urlTemplate\":\"https:\\\/\\\/ppdegalicia.com\\\/es\\\/?s={search_term_string}\"},\"query-input\":{\"@type\":\"PropertyValueSpecification\",\"valueRequired\":true,\"valueName\":\"search_term_string\"}}],\"inLanguage\":\"es\"},{\"@type\":\"Organization\",\"@id\":\"https:\\\/\\\/ppdegalicia.com\\\/es\\\/#organization\",\"name\":\"Partido Popular de Galicia\",\"alternateName\":\"PP de Galicia\",\"url\":\"https:\\\/\\\/ppdegalicia.com\\\/es\\\/\",\"logo\":{\"@type\":\"ImageObject\",\"inLanguage\":\"es\",\"@id\":\"https:\\\/\\\/ppdegalicia.com\\\/es\\\/#\\\/schema\\\/logo\\\/image\\\/\",\"url\":\"https:\\\/\\\/ppdegalicia.com\\\/wp-content\\\/uploads\\\/2023\\\/04\\\/logoPP512.png\",\"contentUrl\":\"https:\\\/\\\/ppdegalicia.com\\\/wp-content\\\/uploads\\\/2023\\\/04\\\/logoPP512.png\",\"width\":512,\"height\":512,\"caption\":\"Partido Popular de Galicia\"},\"image\":{\"@id\":\"https:\\\/\\\/ppdegalicia.com\\\/es\\\/#\\\/schema\\\/logo\\\/image\\\/\"},\"sameAs\":[\"https:\\\/\\\/www.instagram.com\\\/ppdegalicia\\\/\",\"https:\\\/\\\/x.com\\\/ppdegalicia\",\"https:\\\/\\\/www.tiktok.com\\\/@ppdegalicia\",\"https:\\\/\\\/www.youtube.com\\\/user\\\/ppdegalicia\"]},{\"@type\":\"Person\",\"@id\":\"https:\\\/\\\/ppdegalicia.com\\\/es\\\/#\\\/schema\\\/person\\\/5b822c6f59e872ebdd1142f307dbcb59\",\"name\":\"ppdegaliciaredes\",\"image\":{\"@type\":\"ImageObject\",\"inLanguage\":\"es\",\"@id\":\"https:\\\/\\\/secure.gravatar.com\\\/avatar\\\/3c9179cf0256d00c72a48d1f25783c58b6842cd56e85ef3a572881c8e28ccd59?s=96&d=mm&r=g\",\"url\":\"https:\\\/\\\/secure.gravatar.com\\\/avatar\\\/3c9179cf0256d00c72a48d1f25783c58b6842cd56e85ef3a572881c8e28ccd59?s=96&d=mm&r=g\",\"contentUrl\":\"https:\\\/\\\/secure.gravatar.com\\\/avatar\\\/3c9179cf0256d00c72a48d1f25783c58b6842cd56e85ef3a572881c8e28ccd59?s=96&d=mm&r=g\",\"caption\":\"ppdegaliciaredes\"},\"url\":\"https:\\\/\\\/ppdegalicia.com\\\/es\\\/author\\\/ppdegaliciaredes\\\/\"}]}<\/script>\n<!-- \/ Yoast SEO plugin. -->","yoast_head_json":{"title":"O Grupo Popular salienta que \u201cGalicia \u00e9 unha comunidade pioneira en medidas a favor da mocidade do rural\u201d - PP de Galicia","description":"A portavoz de Xuventude do Grupo Popular, Nicole Grueira, salientou hoxe que \u201cGalicia \u00e9 unha comunidade pioneira en medidas a favor da mocidade do rural galego, con axudas para o acceso a novas tecnolox\u00edas, a vivenda ou o transporte p\u00fablico\u201d, e criticou a \u201cvisi\u00f3n negra e interesada do nacionalismo galego sobre o noso rural, que non ten nada que ver coa realidade\u201d.","robots":{"index":"index","follow":"follow","max-snippet":"max-snippet:-1","max-image-preview":"max-image-preview:large","max-video-preview":"max-video-preview:-1"},"canonical":"https:\/\/ppdegalicia.com\/es\/o-grupo-popular-salienta-que-galicia-e-unha-comunidade-pioneira-en-medidas-a-favor-da-mocidade-do-rural\/","og_locale":"es_ES","og_type":"article","og_title":"O Grupo Popular salienta que \u201cGalicia \u00e9 unha comunidade pioneira en medidas a favor da mocidade do rural\u201d - PP de Galicia","og_description":"A portavoz de Xuventude do Grupo Popular, Nicole Grueira, salientou hoxe que \u201cGalicia \u00e9 unha comunidade pioneira en medidas a favor da mocidade do rural galego, con axudas para o acceso a novas tecnolox\u00edas, a vivenda ou o transporte p\u00fablico\u201d, e criticou a \u201cvisi\u00f3n negra e interesada do nacionalismo galego sobre o noso rural, que non ten nada que ver coa realidade\u201d.","og_url":"https:\/\/ppdegalicia.com\/es\/o-grupo-popular-salienta-que-galicia-e-unha-comunidade-pioneira-en-medidas-a-favor-da-mocidade-do-rural\/","og_site_name":"PP de Galicia","article_publisher":"https:\/\/www.instagram.com\/ppdegalicia\/","article_published_time":"2025-01-28T17:00:12+00:00","og_image":[{"width":2560,"height":1707,"url":"https:\/\/ppdegalicia.com\/wp-content\/uploads\/2025\/01\/20250128_Pleno_Ordinario114-scaled.jpg","type":"image\/jpeg"}],"author":"ppdegaliciaredes","twitter_card":"summary_large_image","twitter_creator":"@ppdegalicia","twitter_site":"@ppdegalicia","twitter_misc":{"Escrito por":"ppdegaliciaredes","Tiempo de lectura":"3 minutos"},"schema":{"@context":"https:\/\/schema.org","@graph":[{"@type":"Article","@id":"https:\/\/ppdegalicia.com\/es\/o-grupo-popular-salienta-que-galicia-e-unha-comunidade-pioneira-en-medidas-a-favor-da-mocidade-do-rural\/#article","isPartOf":{"@id":"https:\/\/ppdegalicia.com\/es\/o-grupo-popular-salienta-que-galicia-e-unha-comunidade-pioneira-en-medidas-a-favor-da-mocidade-do-rural\/"},"author":{"name":"ppdegaliciaredes","@id":"https:\/\/ppdegalicia.com\/es\/#\/schema\/person\/5b822c6f59e872ebdd1142f307dbcb59"},"headline":"O Grupo Popular salienta que \u201cGalicia \u00e9 unha comunidade pioneira en medidas a favor da mocidade do rural\u201d","datePublished":"2025-01-28T17:00:12+00:00","mainEntityOfPage":{"@id":"https:\/\/ppdegalicia.com\/es\/o-grupo-popular-salienta-que-galicia-e-unha-comunidade-pioneira-en-medidas-a-favor-da-mocidade-do-rural\/"},"wordCount":403,"publisher":{"@id":"https:\/\/ppdegalicia.com\/es\/#organization"},"image":{"@id":"https:\/\/ppdegalicia.com\/es\/o-grupo-popular-salienta-que-galicia-e-unha-comunidade-pioneira-en-medidas-a-favor-da-mocidade-do-rural\/#primaryimage"},"thumbnailUrl":"https:\/\/ppdegalicia.com\/wp-content\/uploads\/2025\/01\/20250128_Pleno_Ordinario114-scaled.jpg","articleSection":["Parlamento de Galicia"],"inLanguage":"es"},{"@type":"WebPage","@id":"https:\/\/ppdegalicia.com\/es\/o-grupo-popular-salienta-que-galicia-e-unha-comunidade-pioneira-en-medidas-a-favor-da-mocidade-do-rural\/","url":"https:\/\/ppdegalicia.com\/es\/o-grupo-popular-salienta-que-galicia-e-unha-comunidade-pioneira-en-medidas-a-favor-da-mocidade-do-rural\/","name":"O Grupo Popular salienta que \u201cGalicia \u00e9 unha comunidade pioneira en medidas a favor da mocidade do rural\u201d - PP de Galicia","isPartOf":{"@id":"https:\/\/ppdegalicia.com\/es\/#website"},"primaryImageOfPage":{"@id":"https:\/\/ppdegalicia.com\/es\/o-grupo-popular-salienta-que-galicia-e-unha-comunidade-pioneira-en-medidas-a-favor-da-mocidade-do-rural\/#primaryimage"},"image":{"@id":"https:\/\/ppdegalicia.com\/es\/o-grupo-popular-salienta-que-galicia-e-unha-comunidade-pioneira-en-medidas-a-favor-da-mocidade-do-rural\/#primaryimage"},"thumbnailUrl":"https:\/\/ppdegalicia.com\/wp-content\/uploads\/2025\/01\/20250128_Pleno_Ordinario114-scaled.jpg","datePublished":"2025-01-28T17:00:12+00:00","description":"A portavoz de Xuventude do Grupo Popular, Nicole Grueira, salientou hoxe que \u201cGalicia \u00e9 unha comunidade pioneira en medidas a favor da mocidade do rural galego, con axudas para o acceso a novas tecnolox\u00edas, a vivenda ou o transporte p\u00fablico\u201d, e criticou a \u201cvisi\u00f3n negra e interesada do nacionalismo galego sobre o noso rural, que non ten nada que ver coa realidade\u201d.","breadcrumb":{"@id":"https:\/\/ppdegalicia.com\/es\/o-grupo-popular-salienta-que-galicia-e-unha-comunidade-pioneira-en-medidas-a-favor-da-mocidade-do-rural\/#breadcrumb"},"inLanguage":"es","potentialAction":[{"@type":"ReadAction","target":["https:\/\/ppdegalicia.com\/es\/o-grupo-popular-salienta-que-galicia-e-unha-comunidade-pioneira-en-medidas-a-favor-da-mocidade-do-rural\/"]}]},{"@type":"ImageObject","inLanguage":"es","@id":"https:\/\/ppdegalicia.com\/es\/o-grupo-popular-salienta-que-galicia-e-unha-comunidade-pioneira-en-medidas-a-favor-da-mocidade-do-rural\/#primaryimage","url":"https:\/\/ppdegalicia.com\/wp-content\/uploads\/2025\/01\/20250128_Pleno_Ordinario114-scaled.jpg","contentUrl":"https:\/\/ppdegalicia.com\/wp-content\/uploads\/2025\/01\/20250128_Pleno_Ordinario114-scaled.jpg","width":2560,"height":1707},{"@type":"BreadcrumbList","@id":"https:\/\/ppdegalicia.com\/es\/o-grupo-popular-salienta-que-galicia-e-unha-comunidade-pioneira-en-medidas-a-favor-da-mocidade-do-rural\/#breadcrumb","itemListElement":[{"@type":"ListItem","position":1,"name":"Portada","item":"https:\/\/ppdegalicia.com\/es\/"},{"@type":"ListItem","position":2,"name":"O Grupo Popular salienta que \u201cGalicia \u00e9 unha comunidade pioneira en medidas a favor da mocidade do rural\u201d"}]},{"@type":"WebSite","@id":"https:\/\/ppdegalicia.com\/es\/#website","url":"https:\/\/ppdegalicia.com\/es\/","name":"Partido Popular de Galicia","description":"Partido Popular de Galicia","publisher":{"@id":"https:\/\/ppdegalicia.com\/es\/#organization"},"alternateName":"PP de Galicia","potentialAction":[{"@type":"SearchAction","target":{"@type":"EntryPoint","urlTemplate":"https:\/\/ppdegalicia.com\/es\/?s={search_term_string}"},"query-input":{"@type":"PropertyValueSpecification","valueRequired":true,"valueName":"search_term_string"}}],"inLanguage":"es"},{"@type":"Organization","@id":"https:\/\/ppdegalicia.com\/es\/#organization","name":"Partido Popular de Galicia","alternateName":"PP de Galicia","url":"https:\/\/ppdegalicia.com\/es\/","logo":{"@type":"ImageObject","inLanguage":"es","@id":"https:\/\/ppdegalicia.com\/es\/#\/schema\/logo\/image\/","url":"https:\/\/ppdegalicia.com\/wp-content\/uploads\/2023\/04\/logoPP512.png","contentUrl":"https:\/\/ppdegalicia.com\/wp-content\/uploads\/2023\/04\/logoPP512.png","width":512,"height":512,"caption":"Partido Popular de Galicia"},"image":{"@id":"https:\/\/ppdegalicia.com\/es\/#\/schema\/logo\/image\/"},"sameAs":["https:\/\/www.instagram.com\/ppdegalicia\/","https:\/\/x.com\/ppdegalicia","https:\/\/www.tiktok.com\/@ppdegalicia","https:\/\/www.youtube.com\/user\/ppdegalicia"]},{"@type":"Person","@id":"https:\/\/ppdegalicia.com\/es\/#\/schema\/person\/5b822c6f59e872ebdd1142f307dbcb59","name":"ppdegaliciaredes","image":{"@type":"ImageObject","inLanguage":"es","@id":"https:\/\/secure.gravatar.com\/avatar\/3c9179cf0256d00c72a48d1f25783c58b6842cd56e85ef3a572881c8e28ccd59?s=96&d=mm&r=g","url":"https:\/\/secure.gravatar.com\/avatar\/3c9179cf0256d00c72a48d1f25783c58b6842cd56e85ef3a572881c8e28ccd59?s=96&d=mm&r=g","contentUrl":"https:\/\/secure.gravatar.com\/avatar\/3c9179cf0256d00c72a48d1f25783c58b6842cd56e85ef3a572881c8e28ccd59?s=96&d=mm&r=g","caption":"ppdegaliciaredes"},"url":"https:\/\/ppdegalicia.com\/es\/author\/ppdegaliciaredes\/"}]}},"_links":{"self":[{"href":"https:\/\/ppdegalicia.com\/es\/wp-json\/wp\/v2\/posts\/65571","targetHints":{"allow":["GET"]}}],"collection":[{"href":"https:\/\/ppdegalicia.com\/es\/wp-json\/wp\/v2\/posts"}],"about":[{"href":"https:\/\/ppdegalicia.com\/es\/wp-json\/wp\/v2\/types\/post"}],"author":[{"embeddable":true,"href":"https:\/\/ppdegalicia.com\/es\/wp-json\/wp\/v2\/users\/38"}],"replies":[{"embeddable":true,"href":"https:\/\/ppdegalicia.com\/es\/wp-json\/wp\/v2\/comments?post=65571"}],"version-history":[{"count":1,"href":"https:\/\/ppdegalicia.com\/es\/wp-json\/wp\/v2\/posts\/65571\/revisions"}],"predecessor-version":[{"id":65574,"href":"https:\/\/ppdegalicia.com\/es\/wp-json\/wp\/v2\/posts\/65571\/revisions\/65574"}],"wp:featuredmedia":[{"embeddable":true,"href":"https:\/\/ppdegalicia.com\/es\/wp-json\/wp\/v2\/media\/65572"}],"wp:attachment":[{"href":"https:\/\/ppdegalicia.com\/es\/wp-json\/wp\/v2\/media?parent=65571"}],"wp:term":[{"taxonomy":"category","embeddable":true,"href":"https:\/\/ppdegalicia.com\/es\/wp-json\/wp\/v2\/categories?post=65571"},{"taxonomy":"post_tag","embeddable":true,"href":"https:\/\/ppdegalicia.com\/es\/wp-json\/wp\/v2\/tags?post=65571"}],"curies":[{"name":"wp","href":"https:\/\/api.w.org\/{rel}","templated":true}]}}