{"id":65575,"date":"2025-01-28T20:00:37","date_gmt":"2025-01-28T19:00:37","guid":{"rendered":"https:\/\/ppdegalicia.com\/?p=65575"},"modified":"2025-01-28T20:00:37","modified_gmt":"2025-01-28T19:00:37","slug":"o-grupo-popular-salienta-que-galicia-sumara-este-ano-1-100-novas-prazas-publicas-en-residencias-ou-centros-de-dia","status":"publish","type":"post","link":"https:\/\/ppdegalicia.com\/es\/o-grupo-popular-salienta-que-galicia-sumara-este-ano-1-100-novas-prazas-publicas-en-residencias-ou-centros-de-dia\/","title":{"rendered":"O Grupo Popular salienta que Galicia sumar\u00e1 este ano 1.100 novas prazas p\u00fablicas en residencias ou centros de d\u00eda"},"content":{"rendered":"<p>A portavoz de Asuntos Sociais do Grupo Popular, Raquel Arias, salientou hoxe no Pleno do Parlamento galego que Galicia \u201csumar\u00e1 ao longo deste ano 1.100 novas prazas p\u00fablicas en residencias ou centros de d\u00eda\u201d, ao que se engade a posta en marcha desde este mesmo mes do plan de choque para axilizar as valoraci\u00f3ns e simplificar as solicitudes de dependencia.<\/p>\n<p>Raquel Arias criticou que BNG e PSdeG \u201cse po\u00f1an constantemente do lado do Goberno de Pedro S\u00e1nchez e non apoien ao Goberno galego esixindo que se lle abonen os 2.500 mill\u00f3ns de euros que o Goberno central lles debe aos dependentes galegos, cifra que se incrementa en 200 mill\u00f3ns de euros cada ano\u201d.<\/p>\n<p>\u201cA pesar desta falta de axuda por parte do Goberno de Espa\u00f1a para o cumprimento da Lei de Dependencia, a Xunta atende na actualidade a m\u00e1is de 77.000 dependentes, cinco veces m\u00e1is que cando gobernaban Galicia nacionalistas e socialistas; multiplicamos por tres o n\u00famero de prazas p\u00fablicas en residencias; multiplicamos por seis as prazas en centros de d\u00eda; multiplicamos por oito as persoas con servizo de axuda no fogar; e se crearon 143 casas do maior\u201d, concretou.<\/p>\n<p>Por\u00e9n, a deputada popular explicou que \u201co modelo do PPdeG non se centra so nas residencias, sen\u00f3n porque sexan os propios maiores os que decidan onde queren pasar esta etapa da s\u00faa vida, porque en Galicia maioritariamente queren pasala na s\u00faas casas\u201d. \u201cPor iso somos l\u00edderes en axuda a domicilio, pero tam\u00e9n noutras prestaci\u00f3ns complementarias como Xantar na Casa, teleasistencia, o carn\u00e9 +65, o programa de balnearios ou outras actividades de ocio e tempo libre para os nosos maiores\u201d, apuntou.<\/p>\n<p>Raquel Arias destacou, ademais, que \u201cGalicia \u00e9 un exemplo en canto ao novo modelo de residencias posto en marcha pola Xunta, un novo modelo que empeza xa no momento da construci\u00f3n, facendo unidades m\u00e1is pequenas, con mobiliario e decoraci\u00f3n m\u00e1is pr\u00f3ximas \u00e1s s\u00faas casas, pero que incorporan tam\u00e9n \u00e1reas espec\u00edficas para os pacientes psiqui\u00e1tricos, con todos os avances tecnol\u00f3xicos e interconectadas co Sergas\u201d.<\/p>\n","protected":false},"excerpt":{"rendered":"<p>A portavoz de Asuntos Sociais do Grupo Popular, Raquel Arias, salientou hoxe no Pleno do Parlamento galego que Galicia \u201csumar\u00e1 ao longo deste ano 1.100 novas prazas p\u00fablicas en residencias ou centros de d\u00eda\u201d, ao que se engade a posta en marcha desde este mesmo mes do plan de choque para axilizar as valoraci\u00f3ns e [&hellip;]<\/p>\n","protected":false},"author":38,"featured_media":65576,"comment_status":"closed","ping_status":"open","sticky":false,"template":"","format":"standard","meta":{"_acf_changed":false,"footnotes":""},"categories":[1128],"tags":[],"class_list":["post-65575","post","type-post","status-publish","format-standard","has-post-thumbnail","hentry","category-actualidad-parlamento-de-galicia"],"acf":[],"yoast_head":"<!-- This site is optimized with the Yoast SEO plugin v27.3 - https:\/\/yoast.com\/product\/yoast-seo-wordpress\/ -->\n<title>O Grupo Popular salienta que Galicia sumar\u00e1 este ano 1.100 novas prazas p\u00fablicas en residencias ou centros de d\u00eda - PP de Galicia<\/title>\n<meta name=\"description\" content=\"A portavoz de Asuntos Sociais do Grupo Popular, Raquel Arias, salientou hoxe no Pleno do Parlamento galego que Galicia \u201csumar\u00e1 ao longo deste ano 1.100 novas prazas p\u00fablicas en residencias ou centros de d\u00eda\u201d, ao que se engade a posta en marcha desde este mesmo mes do plan de choque para axilizar as valoraci\u00f3ns e simplificar as solicitudes de dependencia.\" \/>\n<meta name=\"robots\" content=\"index, follow, max-snippet:-1, max-image-preview:large, max-video-preview:-1\" \/>\n<link rel=\"canonical\" href=\"https:\/\/ppdegalicia.com\/es\/o-grupo-popular-salienta-que-galicia-sumara-este-ano-1-100-novas-prazas-publicas-en-residencias-ou-centros-de-dia\/\" \/>\n<meta property=\"og:locale\" content=\"es_ES\" \/>\n<meta property=\"og:type\" content=\"article\" \/>\n<meta property=\"og:title\" content=\"O Grupo Popular salienta que Galicia sumar\u00e1 este ano 1.100 novas prazas p\u00fablicas en residencias ou centros de d\u00eda - PP de Galicia\" \/>\n<meta property=\"og:description\" content=\"A portavoz de Asuntos Sociais do Grupo Popular, Raquel Arias, salientou hoxe no Pleno do Parlamento galego que Galicia \u201csumar\u00e1 ao longo deste ano 1.100 novas prazas p\u00fablicas en residencias ou centros de d\u00eda\u201d, ao que se engade a posta en marcha desde este mesmo mes do plan de choque para axilizar as valoraci\u00f3ns e simplificar as solicitudes de dependencia.\" \/>\n<meta property=\"og:url\" content=\"https:\/\/ppdegalicia.com\/es\/o-grupo-popular-salienta-que-galicia-sumara-este-ano-1-100-novas-prazas-publicas-en-residencias-ou-centros-de-dia\/\" \/>\n<meta property=\"og:site_name\" content=\"PP de Galicia\" \/>\n<meta property=\"article:publisher\" content=\"https:\/\/www.instagram.com\/ppdegalicia\/\" \/>\n<meta property=\"article:published_time\" content=\"2025-01-28T19:00:37+00:00\" \/>\n<meta property=\"og:image\" content=\"https:\/\/ppdegalicia.com\/wp-content\/uploads\/2025\/01\/20250128_Pleno_Ordinario121-scaled.jpg\" \/>\n\t<meta property=\"og:image:width\" content=\"2560\" \/>\n\t<meta property=\"og:image:height\" content=\"1707\" \/>\n\t<meta property=\"og:image:type\" content=\"image\/jpeg\" \/>\n<meta name=\"author\" content=\"ppdegaliciaredes\" \/>\n<meta name=\"twitter:card\" content=\"summary_large_image\" \/>\n<meta name=\"twitter:creator\" content=\"@ppdegalicia\" \/>\n<meta name=\"twitter:site\" content=\"@ppdegalicia\" \/>\n<meta name=\"twitter:label1\" content=\"Escrito por\" \/>\n\t<meta name=\"twitter:data1\" content=\"ppdegaliciaredes\" \/>\n\t<meta name=\"twitter:label2\" content=\"Tiempo de lectura\" \/>\n\t<meta name=\"twitter:data2\" content=\"3 minutos\" \/>\n<script type=\"application\/ld+json\" class=\"yoast-schema-graph\">{\"@context\":\"https:\\\/\\\/schema.org\",\"@graph\":[{\"@type\":\"Article\",\"@id\":\"https:\\\/\\\/ppdegalicia.com\\\/es\\\/o-grupo-popular-salienta-que-galicia-sumara-este-ano-1-100-novas-prazas-publicas-en-residencias-ou-centros-de-dia\\\/#article\",\"isPartOf\":{\"@id\":\"https:\\\/\\\/ppdegalicia.com\\\/es\\\/o-grupo-popular-salienta-que-galicia-sumara-este-ano-1-100-novas-prazas-publicas-en-residencias-ou-centros-de-dia\\\/\"},\"author\":{\"name\":\"ppdegaliciaredes\",\"@id\":\"https:\\\/\\\/ppdegalicia.com\\\/es\\\/#\\\/schema\\\/person\\\/5b822c6f59e872ebdd1142f307dbcb59\"},\"headline\":\"O Grupo Popular salienta que Galicia sumar\u00e1 este ano 1.100 novas prazas p\u00fablicas en residencias ou centros de d\u00eda\",\"datePublished\":\"2025-01-28T19:00:37+00:00\",\"mainEntityOfPage\":{\"@id\":\"https:\\\/\\\/ppdegalicia.com\\\/es\\\/o-grupo-popular-salienta-que-galicia-sumara-este-ano-1-100-novas-prazas-publicas-en-residencias-ou-centros-de-dia\\\/\"},\"wordCount\":376,\"publisher\":{\"@id\":\"https:\\\/\\\/ppdegalicia.com\\\/es\\\/#organization\"},\"image\":{\"@id\":\"https:\\\/\\\/ppdegalicia.com\\\/es\\\/o-grupo-popular-salienta-que-galicia-sumara-este-ano-1-100-novas-prazas-publicas-en-residencias-ou-centros-de-dia\\\/#primaryimage\"},\"thumbnailUrl\":\"https:\\\/\\\/ppdegalicia.com\\\/wp-content\\\/uploads\\\/2025\\\/01\\\/20250128_Pleno_Ordinario121-scaled.jpg\",\"articleSection\":[\"Parlamento de Galicia\"],\"inLanguage\":\"es\"},{\"@type\":\"WebPage\",\"@id\":\"https:\\\/\\\/ppdegalicia.com\\\/es\\\/o-grupo-popular-salienta-que-galicia-sumara-este-ano-1-100-novas-prazas-publicas-en-residencias-ou-centros-de-dia\\\/\",\"url\":\"https:\\\/\\\/ppdegalicia.com\\\/es\\\/o-grupo-popular-salienta-que-galicia-sumara-este-ano-1-100-novas-prazas-publicas-en-residencias-ou-centros-de-dia\\\/\",\"name\":\"O Grupo Popular salienta que Galicia sumar\u00e1 este ano 1.100 novas prazas p\u00fablicas en residencias ou centros de d\u00eda - PP de Galicia\",\"isPartOf\":{\"@id\":\"https:\\\/\\\/ppdegalicia.com\\\/es\\\/#website\"},\"primaryImageOfPage\":{\"@id\":\"https:\\\/\\\/ppdegalicia.com\\\/es\\\/o-grupo-popular-salienta-que-galicia-sumara-este-ano-1-100-novas-prazas-publicas-en-residencias-ou-centros-de-dia\\\/#primaryimage\"},\"image\":{\"@id\":\"https:\\\/\\\/ppdegalicia.com\\\/es\\\/o-grupo-popular-salienta-que-galicia-sumara-este-ano-1-100-novas-prazas-publicas-en-residencias-ou-centros-de-dia\\\/#primaryimage\"},\"thumbnailUrl\":\"https:\\\/\\\/ppdegalicia.com\\\/wp-content\\\/uploads\\\/2025\\\/01\\\/20250128_Pleno_Ordinario121-scaled.jpg\",\"datePublished\":\"2025-01-28T19:00:37+00:00\",\"description\":\"A portavoz de Asuntos Sociais do Grupo Popular, Raquel Arias, salientou hoxe no Pleno do Parlamento galego que Galicia \u201csumar\u00e1 ao longo deste ano 1.100 novas prazas p\u00fablicas en residencias ou centros de d\u00eda\u201d, ao que se engade a posta en marcha desde este mesmo mes do plan de choque para axilizar as valoraci\u00f3ns e simplificar as solicitudes de dependencia.\",\"breadcrumb\":{\"@id\":\"https:\\\/\\\/ppdegalicia.com\\\/es\\\/o-grupo-popular-salienta-que-galicia-sumara-este-ano-1-100-novas-prazas-publicas-en-residencias-ou-centros-de-dia\\\/#breadcrumb\"},\"inLanguage\":\"es\",\"potentialAction\":[{\"@type\":\"ReadAction\",\"target\":[\"https:\\\/\\\/ppdegalicia.com\\\/es\\\/o-grupo-popular-salienta-que-galicia-sumara-este-ano-1-100-novas-prazas-publicas-en-residencias-ou-centros-de-dia\\\/\"]}]},{\"@type\":\"ImageObject\",\"inLanguage\":\"es\",\"@id\":\"https:\\\/\\\/ppdegalicia.com\\\/es\\\/o-grupo-popular-salienta-que-galicia-sumara-este-ano-1-100-novas-prazas-publicas-en-residencias-ou-centros-de-dia\\\/#primaryimage\",\"url\":\"https:\\\/\\\/ppdegalicia.com\\\/wp-content\\\/uploads\\\/2025\\\/01\\\/20250128_Pleno_Ordinario121-scaled.jpg\",\"contentUrl\":\"https:\\\/\\\/ppdegalicia.com\\\/wp-content\\\/uploads\\\/2025\\\/01\\\/20250128_Pleno_Ordinario121-scaled.jpg\",\"width\":2560,\"height\":1707},{\"@type\":\"BreadcrumbList\",\"@id\":\"https:\\\/\\\/ppdegalicia.com\\\/es\\\/o-grupo-popular-salienta-que-galicia-sumara-este-ano-1-100-novas-prazas-publicas-en-residencias-ou-centros-de-dia\\\/#breadcrumb\",\"itemListElement\":[{\"@type\":\"ListItem\",\"position\":1,\"name\":\"Portada\",\"item\":\"https:\\\/\\\/ppdegalicia.com\\\/es\\\/\"},{\"@type\":\"ListItem\",\"position\":2,\"name\":\"O Grupo Popular salienta que Galicia sumar\u00e1 este ano 1.100 novas prazas p\u00fablicas en residencias ou centros de d\u00eda\"}]},{\"@type\":\"WebSite\",\"@id\":\"https:\\\/\\\/ppdegalicia.com\\\/es\\\/#website\",\"url\":\"https:\\\/\\\/ppdegalicia.com\\\/es\\\/\",\"name\":\"Partido Popular de Galicia\",\"description\":\"Partido Popular de Galicia\",\"publisher\":{\"@id\":\"https:\\\/\\\/ppdegalicia.com\\\/es\\\/#organization\"},\"alternateName\":\"PP de Galicia\",\"potentialAction\":[{\"@type\":\"SearchAction\",\"target\":{\"@type\":\"EntryPoint\",\"urlTemplate\":\"https:\\\/\\\/ppdegalicia.com\\\/es\\\/?s={search_term_string}\"},\"query-input\":{\"@type\":\"PropertyValueSpecification\",\"valueRequired\":true,\"valueName\":\"search_term_string\"}}],\"inLanguage\":\"es\"},{\"@type\":\"Organization\",\"@id\":\"https:\\\/\\\/ppdegalicia.com\\\/es\\\/#organization\",\"name\":\"Partido Popular de Galicia\",\"alternateName\":\"PP de Galicia\",\"url\":\"https:\\\/\\\/ppdegalicia.com\\\/es\\\/\",\"logo\":{\"@type\":\"ImageObject\",\"inLanguage\":\"es\",\"@id\":\"https:\\\/\\\/ppdegalicia.com\\\/es\\\/#\\\/schema\\\/logo\\\/image\\\/\",\"url\":\"https:\\\/\\\/ppdegalicia.com\\\/wp-content\\\/uploads\\\/2023\\\/04\\\/logoPP512.png\",\"contentUrl\":\"https:\\\/\\\/ppdegalicia.com\\\/wp-content\\\/uploads\\\/2023\\\/04\\\/logoPP512.png\",\"width\":512,\"height\":512,\"caption\":\"Partido Popular de Galicia\"},\"image\":{\"@id\":\"https:\\\/\\\/ppdegalicia.com\\\/es\\\/#\\\/schema\\\/logo\\\/image\\\/\"},\"sameAs\":[\"https:\\\/\\\/www.instagram.com\\\/ppdegalicia\\\/\",\"https:\\\/\\\/x.com\\\/ppdegalicia\",\"https:\\\/\\\/www.tiktok.com\\\/@ppdegalicia\",\"https:\\\/\\\/www.youtube.com\\\/user\\\/ppdegalicia\"]},{\"@type\":\"Person\",\"@id\":\"https:\\\/\\\/ppdegalicia.com\\\/es\\\/#\\\/schema\\\/person\\\/5b822c6f59e872ebdd1142f307dbcb59\",\"name\":\"ppdegaliciaredes\",\"image\":{\"@type\":\"ImageObject\",\"inLanguage\":\"es\",\"@id\":\"https:\\\/\\\/secure.gravatar.com\\\/avatar\\\/3c9179cf0256d00c72a48d1f25783c58b6842cd56e85ef3a572881c8e28ccd59?s=96&d=mm&r=g\",\"url\":\"https:\\\/\\\/secure.gravatar.com\\\/avatar\\\/3c9179cf0256d00c72a48d1f25783c58b6842cd56e85ef3a572881c8e28ccd59?s=96&d=mm&r=g\",\"contentUrl\":\"https:\\\/\\\/secure.gravatar.com\\\/avatar\\\/3c9179cf0256d00c72a48d1f25783c58b6842cd56e85ef3a572881c8e28ccd59?s=96&d=mm&r=g\",\"caption\":\"ppdegaliciaredes\"},\"url\":\"https:\\\/\\\/ppdegalicia.com\\\/es\\\/author\\\/ppdegaliciaredes\\\/\"}]}<\/script>\n<!-- \/ Yoast SEO plugin. -->","yoast_head_json":{"title":"O Grupo Popular salienta que Galicia sumar\u00e1 este ano 1.100 novas prazas p\u00fablicas en residencias ou centros de d\u00eda - PP de Galicia","description":"A portavoz de Asuntos Sociais do Grupo Popular, Raquel Arias, salientou hoxe no Pleno do Parlamento galego que Galicia \u201csumar\u00e1 ao longo deste ano 1.100 novas prazas p\u00fablicas en residencias ou centros de d\u00eda\u201d, ao que se engade a posta en marcha desde este mesmo mes do plan de choque para axilizar as valoraci\u00f3ns e simplificar as solicitudes de dependencia.","robots":{"index":"index","follow":"follow","max-snippet":"max-snippet:-1","max-image-preview":"max-image-preview:large","max-video-preview":"max-video-preview:-1"},"canonical":"https:\/\/ppdegalicia.com\/es\/o-grupo-popular-salienta-que-galicia-sumara-este-ano-1-100-novas-prazas-publicas-en-residencias-ou-centros-de-dia\/","og_locale":"es_ES","og_type":"article","og_title":"O Grupo Popular salienta que Galicia sumar\u00e1 este ano 1.100 novas prazas p\u00fablicas en residencias ou centros de d\u00eda - PP de Galicia","og_description":"A portavoz de Asuntos Sociais do Grupo Popular, Raquel Arias, salientou hoxe no Pleno do Parlamento galego que Galicia \u201csumar\u00e1 ao longo deste ano 1.100 novas prazas p\u00fablicas en residencias ou centros de d\u00eda\u201d, ao que se engade a posta en marcha desde este mesmo mes do plan de choque para axilizar as valoraci\u00f3ns e simplificar as solicitudes de dependencia.","og_url":"https:\/\/ppdegalicia.com\/es\/o-grupo-popular-salienta-que-galicia-sumara-este-ano-1-100-novas-prazas-publicas-en-residencias-ou-centros-de-dia\/","og_site_name":"PP de Galicia","article_publisher":"https:\/\/www.instagram.com\/ppdegalicia\/","article_published_time":"2025-01-28T19:00:37+00:00","og_image":[{"width":2560,"height":1707,"url":"https:\/\/ppdegalicia.com\/wp-content\/uploads\/2025\/01\/20250128_Pleno_Ordinario121-scaled.jpg","type":"image\/jpeg"}],"author":"ppdegaliciaredes","twitter_card":"summary_large_image","twitter_creator":"@ppdegalicia","twitter_site":"@ppdegalicia","twitter_misc":{"Escrito por":"ppdegaliciaredes","Tiempo de lectura":"3 minutos"},"schema":{"@context":"https:\/\/schema.org","@graph":[{"@type":"Article","@id":"https:\/\/ppdegalicia.com\/es\/o-grupo-popular-salienta-que-galicia-sumara-este-ano-1-100-novas-prazas-publicas-en-residencias-ou-centros-de-dia\/#article","isPartOf":{"@id":"https:\/\/ppdegalicia.com\/es\/o-grupo-popular-salienta-que-galicia-sumara-este-ano-1-100-novas-prazas-publicas-en-residencias-ou-centros-de-dia\/"},"author":{"name":"ppdegaliciaredes","@id":"https:\/\/ppdegalicia.com\/es\/#\/schema\/person\/5b822c6f59e872ebdd1142f307dbcb59"},"headline":"O Grupo Popular salienta que Galicia sumar\u00e1 este ano 1.100 novas prazas p\u00fablicas en residencias ou centros de d\u00eda","datePublished":"2025-01-28T19:00:37+00:00","mainEntityOfPage":{"@id":"https:\/\/ppdegalicia.com\/es\/o-grupo-popular-salienta-que-galicia-sumara-este-ano-1-100-novas-prazas-publicas-en-residencias-ou-centros-de-dia\/"},"wordCount":376,"publisher":{"@id":"https:\/\/ppdegalicia.com\/es\/#organization"},"image":{"@id":"https:\/\/ppdegalicia.com\/es\/o-grupo-popular-salienta-que-galicia-sumara-este-ano-1-100-novas-prazas-publicas-en-residencias-ou-centros-de-dia\/#primaryimage"},"thumbnailUrl":"https:\/\/ppdegalicia.com\/wp-content\/uploads\/2025\/01\/20250128_Pleno_Ordinario121-scaled.jpg","articleSection":["Parlamento de Galicia"],"inLanguage":"es"},{"@type":"WebPage","@id":"https:\/\/ppdegalicia.com\/es\/o-grupo-popular-salienta-que-galicia-sumara-este-ano-1-100-novas-prazas-publicas-en-residencias-ou-centros-de-dia\/","url":"https:\/\/ppdegalicia.com\/es\/o-grupo-popular-salienta-que-galicia-sumara-este-ano-1-100-novas-prazas-publicas-en-residencias-ou-centros-de-dia\/","name":"O Grupo Popular salienta que Galicia sumar\u00e1 este ano 1.100 novas prazas p\u00fablicas en residencias ou centros de d\u00eda - PP de Galicia","isPartOf":{"@id":"https:\/\/ppdegalicia.com\/es\/#website"},"primaryImageOfPage":{"@id":"https:\/\/ppdegalicia.com\/es\/o-grupo-popular-salienta-que-galicia-sumara-este-ano-1-100-novas-prazas-publicas-en-residencias-ou-centros-de-dia\/#primaryimage"},"image":{"@id":"https:\/\/ppdegalicia.com\/es\/o-grupo-popular-salienta-que-galicia-sumara-este-ano-1-100-novas-prazas-publicas-en-residencias-ou-centros-de-dia\/#primaryimage"},"thumbnailUrl":"https:\/\/ppdegalicia.com\/wp-content\/uploads\/2025\/01\/20250128_Pleno_Ordinario121-scaled.jpg","datePublished":"2025-01-28T19:00:37+00:00","description":"A portavoz de Asuntos Sociais do Grupo Popular, Raquel Arias, salientou hoxe no Pleno do Parlamento galego que Galicia \u201csumar\u00e1 ao longo deste ano 1.100 novas prazas p\u00fablicas en residencias ou centros de d\u00eda\u201d, ao que se engade a posta en marcha desde este mesmo mes do plan de choque para axilizar as valoraci\u00f3ns e simplificar as solicitudes de dependencia.","breadcrumb":{"@id":"https:\/\/ppdegalicia.com\/es\/o-grupo-popular-salienta-que-galicia-sumara-este-ano-1-100-novas-prazas-publicas-en-residencias-ou-centros-de-dia\/#breadcrumb"},"inLanguage":"es","potentialAction":[{"@type":"ReadAction","target":["https:\/\/ppdegalicia.com\/es\/o-grupo-popular-salienta-que-galicia-sumara-este-ano-1-100-novas-prazas-publicas-en-residencias-ou-centros-de-dia\/"]}]},{"@type":"ImageObject","inLanguage":"es","@id":"https:\/\/ppdegalicia.com\/es\/o-grupo-popular-salienta-que-galicia-sumara-este-ano-1-100-novas-prazas-publicas-en-residencias-ou-centros-de-dia\/#primaryimage","url":"https:\/\/ppdegalicia.com\/wp-content\/uploads\/2025\/01\/20250128_Pleno_Ordinario121-scaled.jpg","contentUrl":"https:\/\/ppdegalicia.com\/wp-content\/uploads\/2025\/01\/20250128_Pleno_Ordinario121-scaled.jpg","width":2560,"height":1707},{"@type":"BreadcrumbList","@id":"https:\/\/ppdegalicia.com\/es\/o-grupo-popular-salienta-que-galicia-sumara-este-ano-1-100-novas-prazas-publicas-en-residencias-ou-centros-de-dia\/#breadcrumb","itemListElement":[{"@type":"ListItem","position":1,"name":"Portada","item":"https:\/\/ppdegalicia.com\/es\/"},{"@type":"ListItem","position":2,"name":"O Grupo Popular salienta que Galicia sumar\u00e1 este ano 1.100 novas prazas p\u00fablicas en residencias ou centros de d\u00eda"}]},{"@type":"WebSite","@id":"https:\/\/ppdegalicia.com\/es\/#website","url":"https:\/\/ppdegalicia.com\/es\/","name":"Partido Popular de Galicia","description":"Partido Popular de Galicia","publisher":{"@id":"https:\/\/ppdegalicia.com\/es\/#organization"},"alternateName":"PP de Galicia","potentialAction":[{"@type":"SearchAction","target":{"@type":"EntryPoint","urlTemplate":"https:\/\/ppdegalicia.com\/es\/?s={search_term_string}"},"query-input":{"@type":"PropertyValueSpecification","valueRequired":true,"valueName":"search_term_string"}}],"inLanguage":"es"},{"@type":"Organization","@id":"https:\/\/ppdegalicia.com\/es\/#organization","name":"Partido Popular de Galicia","alternateName":"PP de Galicia","url":"https:\/\/ppdegalicia.com\/es\/","logo":{"@type":"ImageObject","inLanguage":"es","@id":"https:\/\/ppdegalicia.com\/es\/#\/schema\/logo\/image\/","url":"https:\/\/ppdegalicia.com\/wp-content\/uploads\/2023\/04\/logoPP512.png","contentUrl":"https:\/\/ppdegalicia.com\/wp-content\/uploads\/2023\/04\/logoPP512.png","width":512,"height":512,"caption":"Partido Popular de Galicia"},"image":{"@id":"https:\/\/ppdegalicia.com\/es\/#\/schema\/logo\/image\/"},"sameAs":["https:\/\/www.instagram.com\/ppdegalicia\/","https:\/\/x.com\/ppdegalicia","https:\/\/www.tiktok.com\/@ppdegalicia","https:\/\/www.youtube.com\/user\/ppdegalicia"]},{"@type":"Person","@id":"https:\/\/ppdegalicia.com\/es\/#\/schema\/person\/5b822c6f59e872ebdd1142f307dbcb59","name":"ppdegaliciaredes","image":{"@type":"ImageObject","inLanguage":"es","@id":"https:\/\/secure.gravatar.com\/avatar\/3c9179cf0256d00c72a48d1f25783c58b6842cd56e85ef3a572881c8e28ccd59?s=96&d=mm&r=g","url":"https:\/\/secure.gravatar.com\/avatar\/3c9179cf0256d00c72a48d1f25783c58b6842cd56e85ef3a572881c8e28ccd59?s=96&d=mm&r=g","contentUrl":"https:\/\/secure.gravatar.com\/avatar\/3c9179cf0256d00c72a48d1f25783c58b6842cd56e85ef3a572881c8e28ccd59?s=96&d=mm&r=g","caption":"ppdegaliciaredes"},"url":"https:\/\/ppdegalicia.com\/es\/author\/ppdegaliciaredes\/"}]}},"_links":{"self":[{"href":"https:\/\/ppdegalicia.com\/es\/wp-json\/wp\/v2\/posts\/65575","targetHints":{"allow":["GET"]}}],"collection":[{"href":"https:\/\/ppdegalicia.com\/es\/wp-json\/wp\/v2\/posts"}],"about":[{"href":"https:\/\/ppdegalicia.com\/es\/wp-json\/wp\/v2\/types\/post"}],"author":[{"embeddable":true,"href":"https:\/\/ppdegalicia.com\/es\/wp-json\/wp\/v2\/users\/38"}],"replies":[{"embeddable":true,"href":"https:\/\/ppdegalicia.com\/es\/wp-json\/wp\/v2\/comments?post=65575"}],"version-history":[{"count":1,"href":"https:\/\/ppdegalicia.com\/es\/wp-json\/wp\/v2\/posts\/65575\/revisions"}],"predecessor-version":[{"id":65578,"href":"https:\/\/ppdegalicia.com\/es\/wp-json\/wp\/v2\/posts\/65575\/revisions\/65578"}],"wp:featuredmedia":[{"embeddable":true,"href":"https:\/\/ppdegalicia.com\/es\/wp-json\/wp\/v2\/media\/65576"}],"wp:attachment":[{"href":"https:\/\/ppdegalicia.com\/es\/wp-json\/wp\/v2\/media?parent=65575"}],"wp:term":[{"taxonomy":"category","embeddable":true,"href":"https:\/\/ppdegalicia.com\/es\/wp-json\/wp\/v2\/categories?post=65575"},{"taxonomy":"post_tag","embeddable":true,"href":"https:\/\/ppdegalicia.com\/es\/wp-json\/wp\/v2\/tags?post=65575"}],"curies":[{"name":"wp","href":"https:\/\/api.w.org\/{rel}","templated":true}]}}