{"id":65837,"date":"2025-02-11T19:48:11","date_gmt":"2025-02-11T18:48:11","guid":{"rendered":"https:\/\/ppdegalicia.com\/?p=65837"},"modified":"2025-02-11T19:48:11","modified_gmt":"2025-02-11T18:48:11","slug":"nidia-arevalo-acusa-a-puente-de-castigar-galicia-con-la-aberracion-la-a-52-y-el-secuestro-de-la-ap-9","status":"publish","type":"post","link":"https:\/\/ppdegalicia.com\/es\/nidia-arevalo-acusa-a-puente-de-castigar-galicia-con-la-aberracion-la-a-52-y-el-secuestro-de-la-ap-9\/","title":{"rendered":"Nidia Ar\u00e9valo acusa a Puente de \u201ccastigar Galicia con la aberraci\u00f3n la A-52 y el secuestro de la AP-9\u201d"},"content":{"rendered":"<p>La portavoz adjunta del Grupo Parlamentario Popular, Nidia Ar\u00e9valo, acusa al ministro de Transportes, \u00d3scar Puente, de volver a aplicar el principio de \u201cdesigualdad territorial y castigar a Galicia con la aberraci\u00f3n del proyecto de la A-52 y el secuestro de la AP-9\u201d.<\/p>\n<p>La senadora por Pontevedra y alcaldesa de Mos se dirige as\u00ed al ministro Puente en la sesi\u00f3n de control al Gobierno, durante una interpelaci\u00f3n en la que exige al responsable de Transportes que explique \u201ccu\u00e1les son los criterios que utiliza el Ministerio para decidir qu\u00e9 autopistas rescata y qu\u00e9 peajes liberaliza\u201d.<\/p>\n<p>Sobre el \u201caberrante\u201d proyecto de la A-52 anunciado por Puente, la senadora Nidia Ar\u00e9valo llama la atenci\u00f3n acerca de las \u201cafectaciones brutales para la parroquia de Bembrive y los ayuntamientos del \u00e1rea metropolitana de Vigo\u201d, contra el que se han presentado m\u00e1s de 30.000 alegaciones.<\/p>\n<p>La portavoz adjunta del PP reclama al ministro que explique por qu\u00e9 descart\u00f3 el proyecto inicial de la A-52, aprobado por el Gobierno de Rajoy, con Ana Pastor como ministra de Fomento, y ahora propone este trazado \u201ccompletamente agresivo y perjudicial, que no es m\u00e1s que un capricho del alcalde socialista de Vigo\u201d.<\/p>\n<p>Destaca el rechazo ciudadano al proyecto del ministro Puente, \u201cen el que m\u00e1s de 10.000 personas se quedar\u00edan sin agua, afectar\u00eda a cerca de 400 viviendas, destruir\u00eda terrenos urbanizables, comerciales e industriales y se llevar\u00eda por delante un buen n\u00famero de puestos de trabajo\u201d. Por ello, incide en el apoyo del PP a las reivindicaciones en contra de la A-52 desde los ayuntamientos, y la Diputaci\u00f3n de Pontevedra, que el Gobierno ignora.<\/p>\n<p>\u201cHoy tiene la oportunidad de dar la cara frente a los vecinos de Mos y Vigo \u2013 presentes en la tribuna de p\u00fablico del Hemiciclo- y pedir perd\u00f3n por las faltas de respeto vertidas por el subdelegado del Gobierno en Pontevedra, contra los afectados por esta nueva autov\u00eda\u201d, se\u00f1ala la dirigente popular.<\/p>\n<p><strong>AGRAVIO COMPARATIVO Y SECUESTRO DEL PSOE DE LA AP-9<\/strong><\/p>\n<p>En este punto, la senadora del PP y alcaldesa de Mos reclama la liberalizaci\u00f3n de la AP-9, porque \u201cno hay ninguna autov\u00eda gratuita alternativa; porque es la \u00fanica soluci\u00f3n que cumple con el aprovechamiento de la infraestructura existente; y porque no cuesta, ni de lejos, los 400 millones, sin incluir el precio de las expropiaciones que nos va a costar la nueva autov\u00eda A-52 a todos los espa\u00f1oles\u201d.<\/p>\n<p>Nidia Ar\u00e9valo pone el foco en el agravio comparativo para Galicia que supone la liberalizaci\u00f3n de otras autopistas de peaje en el resto de Espa\u00f1a, desde que gobierna S\u00e1nchez y se\u00f1ala como \u201cespecialmente llamativo\u201d el caso de la supresi\u00f3n de todos los peajes en Catalu\u00f1a.<\/p>\n<p>\u201cEl criterio utilizado en los \u00faltimos seis a\u00f1os no es estrat\u00e9gico como vende desde su Ministerio, su criterio es arbitrario\u201d, y tacha al ministro Puente de \u201cpartidista, que atiende a intereses partidistas y beneficia solamente a unos cuantos territorios, como pago para que les mantengan en el poder\u201d.<\/p>\n<p>\u201cUna vez m\u00e1s se pone de manifiesto la discriminaci\u00f3n que sufre Galicia\u201d, incide la senadora gallega, quien recuerda que los gobiernos socialistas lo que s\u00ed han hecho es aprobar subidas de los peajes de la AP-9. Las primeras con Zapatero \u2013 1% adicional durante 20 a\u00f1os-, que comenzaron a aplicarse con S\u00e1nchez y Jos\u00e9 Luis \u00c1balos como ministro.<\/p>\n<p>\u201cEl Gobierno anuncia bonificaciones trampa, con una reserva de 3.800 millones de euros que pagar\u00e1 el Ministerio a la concesionaria, y esconde la realidad: que el coste de la AP-9 ha subido un 26% en los \u00faltimos cinco a\u00f1os\u201d, exclama Nidia Ar\u00e9valo.<\/p>\n<p>Antes de concluir, la dirigente popular exige a Puente la liberalizaci\u00f3n del tramo Vigo-Pontevedra, aunque advierte que \u201cpara que esto suceda depende la voluntad pol\u00edtica de su jefe, que se rinde a sus socios; de su propia voluntad; y de la de un se\u00f1or que vive en Vigo, debajo de millones de luces led y no ve nada\u201d. Por ello, Nidia Ar\u00e9valo se muestra pesimista porque el ministro ya ha reconocido que lo \u201cve muy dif\u00edcil e inviable\u201d.<\/p>\n","protected":false},"excerpt":{"rendered":"<p>La portavoz adjunta del Grupo Parlamentario Popular, Nidia Ar\u00e9valo, acusa al ministro de Transportes, \u00d3scar Puente, de volver a aplicar el principio de \u201cdesigualdad territorial y castigar a Galicia con la aberraci\u00f3n del proyecto de la A-52 y el secuestro de la AP-9\u201d. La senadora por Pontevedra y alcaldesa de Mos se dirige as\u00ed al [&hellip;]<\/p>\n","protected":false},"author":38,"featured_media":65838,"comment_status":"closed","ping_status":"open","sticky":false,"template":"","format":"standard","meta":{"_acf_changed":false,"footnotes":""},"categories":[2387],"tags":[],"class_list":["post-65837","post","type-post","status-publish","format-standard","has-post-thumbnail","hentry","category-actualidad-cortes-generales"],"acf":[],"yoast_head":"<!-- This site is optimized with the Yoast SEO plugin v27.3 - https:\/\/yoast.com\/product\/yoast-seo-wordpress\/ -->\n<title>Nidia Ar\u00e9valo acusa a Puente de \u201ccastigar Galicia con la aberraci\u00f3n la A-52 y el secuestro de la AP-9\u201d - PP de Galicia<\/title>\n<meta name=\"description\" content=\"La portavoz adjunta del Grupo Parlamentario Popular, Nidia Ar\u00e9valo, acusa al ministro de Transportes, \u00d3scar Puente, de volver a aplicar el principio de \u201cdesigualdad territorial y castigar a Galicia con la aberraci\u00f3n del proyecto de la A-52 y el secuestro de la AP-9\u201d.\" \/>\n<meta name=\"robots\" content=\"index, follow, max-snippet:-1, max-image-preview:large, max-video-preview:-1\" \/>\n<link rel=\"canonical\" href=\"https:\/\/ppdegalicia.com\/es\/nidia-arevalo-acusa-a-puente-de-castigar-galicia-con-la-aberracion-la-a-52-y-el-secuestro-de-la-ap-9\/\" \/>\n<meta property=\"og:locale\" content=\"es_ES\" \/>\n<meta property=\"og:type\" content=\"article\" \/>\n<meta property=\"og:title\" content=\"Nidia Ar\u00e9valo acusa a Puente de \u201ccastigar Galicia con la aberraci\u00f3n la A-52 y el secuestro de la AP-9\u201d - PP de Galicia\" \/>\n<meta property=\"og:description\" content=\"La portavoz adjunta del Grupo Parlamentario Popular, Nidia Ar\u00e9valo, acusa al ministro de Transportes, \u00d3scar Puente, de volver a aplicar el principio de \u201cdesigualdad territorial y castigar a Galicia con la aberraci\u00f3n del proyecto de la A-52 y el secuestro de la AP-9\u201d.\" \/>\n<meta property=\"og:url\" content=\"https:\/\/ppdegalicia.com\/es\/nidia-arevalo-acusa-a-puente-de-castigar-galicia-con-la-aberracion-la-a-52-y-el-secuestro-de-la-ap-9\/\" \/>\n<meta property=\"og:site_name\" content=\"PP de Galicia\" \/>\n<meta property=\"article:publisher\" content=\"https:\/\/www.instagram.com\/ppdegalicia\/\" \/>\n<meta property=\"article:published_time\" content=\"2025-02-11T18:48:11+00:00\" \/>\n<meta property=\"og:image\" content=\"https:\/\/ppdegalicia.com\/wp-content\/uploads\/2025\/02\/20250211_Nidia-Arevalo_Senado.jpg\" \/>\n\t<meta property=\"og:image:width\" content=\"1355\" \/>\n\t<meta property=\"og:image:height\" content=\"903\" \/>\n\t<meta property=\"og:image:type\" content=\"image\/jpeg\" \/>\n<meta name=\"author\" content=\"ppdegaliciaredes\" \/>\n<meta name=\"twitter:card\" content=\"summary_large_image\" \/>\n<meta name=\"twitter:creator\" content=\"@ppdegalicia\" \/>\n<meta name=\"twitter:site\" content=\"@ppdegalicia\" \/>\n<meta name=\"twitter:label1\" content=\"Escrito por\" \/>\n\t<meta name=\"twitter:data1\" content=\"ppdegaliciaredes\" \/>\n\t<meta name=\"twitter:label2\" content=\"Tiempo de lectura\" \/>\n\t<meta name=\"twitter:data2\" content=\"4 minutos\" \/>\n<script type=\"application\/ld+json\" class=\"yoast-schema-graph\">{\"@context\":\"https:\\\/\\\/schema.org\",\"@graph\":[{\"@type\":\"Article\",\"@id\":\"https:\\\/\\\/ppdegalicia.com\\\/es\\\/nidia-arevalo-acusa-a-puente-de-castigar-galicia-con-la-aberracion-la-a-52-y-el-secuestro-de-la-ap-9\\\/#article\",\"isPartOf\":{\"@id\":\"https:\\\/\\\/ppdegalicia.com\\\/es\\\/nidia-arevalo-acusa-a-puente-de-castigar-galicia-con-la-aberracion-la-a-52-y-el-secuestro-de-la-ap-9\\\/\"},\"author\":{\"name\":\"ppdegaliciaredes\",\"@id\":\"https:\\\/\\\/ppdegalicia.com\\\/es\\\/#\\\/schema\\\/person\\\/5b822c6f59e872ebdd1142f307dbcb59\"},\"headline\":\"Nidia Ar\u00e9valo acusa a Puente de \u201ccastigar Galicia con la aberraci\u00f3n la A-52 y el secuestro de la AP-9\u201d\",\"datePublished\":\"2025-02-11T18:48:11+00:00\",\"mainEntityOfPage\":{\"@id\":\"https:\\\/\\\/ppdegalicia.com\\\/es\\\/nidia-arevalo-acusa-a-puente-de-castigar-galicia-con-la-aberracion-la-a-52-y-el-secuestro-de-la-ap-9\\\/\"},\"wordCount\":720,\"publisher\":{\"@id\":\"https:\\\/\\\/ppdegalicia.com\\\/es\\\/#organization\"},\"image\":{\"@id\":\"https:\\\/\\\/ppdegalicia.com\\\/es\\\/nidia-arevalo-acusa-a-puente-de-castigar-galicia-con-la-aberracion-la-a-52-y-el-secuestro-de-la-ap-9\\\/#primaryimage\"},\"thumbnailUrl\":\"https:\\\/\\\/ppdegalicia.com\\\/wp-content\\\/uploads\\\/2025\\\/02\\\/20250211_Nidia-Arevalo_Senado.jpg\",\"articleSection\":[\"Cortes Generales\"],\"inLanguage\":\"es\"},{\"@type\":\"WebPage\",\"@id\":\"https:\\\/\\\/ppdegalicia.com\\\/es\\\/nidia-arevalo-acusa-a-puente-de-castigar-galicia-con-la-aberracion-la-a-52-y-el-secuestro-de-la-ap-9\\\/\",\"url\":\"https:\\\/\\\/ppdegalicia.com\\\/es\\\/nidia-arevalo-acusa-a-puente-de-castigar-galicia-con-la-aberracion-la-a-52-y-el-secuestro-de-la-ap-9\\\/\",\"name\":\"Nidia Ar\u00e9valo acusa a Puente de \u201ccastigar Galicia con la aberraci\u00f3n la A-52 y el secuestro de la AP-9\u201d - PP de Galicia\",\"isPartOf\":{\"@id\":\"https:\\\/\\\/ppdegalicia.com\\\/es\\\/#website\"},\"primaryImageOfPage\":{\"@id\":\"https:\\\/\\\/ppdegalicia.com\\\/es\\\/nidia-arevalo-acusa-a-puente-de-castigar-galicia-con-la-aberracion-la-a-52-y-el-secuestro-de-la-ap-9\\\/#primaryimage\"},\"image\":{\"@id\":\"https:\\\/\\\/ppdegalicia.com\\\/es\\\/nidia-arevalo-acusa-a-puente-de-castigar-galicia-con-la-aberracion-la-a-52-y-el-secuestro-de-la-ap-9\\\/#primaryimage\"},\"thumbnailUrl\":\"https:\\\/\\\/ppdegalicia.com\\\/wp-content\\\/uploads\\\/2025\\\/02\\\/20250211_Nidia-Arevalo_Senado.jpg\",\"datePublished\":\"2025-02-11T18:48:11+00:00\",\"description\":\"La portavoz adjunta del Grupo Parlamentario Popular, Nidia Ar\u00e9valo, acusa al ministro de Transportes, \u00d3scar Puente, de volver a aplicar el principio de \u201cdesigualdad territorial y castigar a Galicia con la aberraci\u00f3n del proyecto de la A-52 y el secuestro de la AP-9\u201d.\",\"breadcrumb\":{\"@id\":\"https:\\\/\\\/ppdegalicia.com\\\/es\\\/nidia-arevalo-acusa-a-puente-de-castigar-galicia-con-la-aberracion-la-a-52-y-el-secuestro-de-la-ap-9\\\/#breadcrumb\"},\"inLanguage\":\"es\",\"potentialAction\":[{\"@type\":\"ReadAction\",\"target\":[\"https:\\\/\\\/ppdegalicia.com\\\/es\\\/nidia-arevalo-acusa-a-puente-de-castigar-galicia-con-la-aberracion-la-a-52-y-el-secuestro-de-la-ap-9\\\/\"]}]},{\"@type\":\"ImageObject\",\"inLanguage\":\"es\",\"@id\":\"https:\\\/\\\/ppdegalicia.com\\\/es\\\/nidia-arevalo-acusa-a-puente-de-castigar-galicia-con-la-aberracion-la-a-52-y-el-secuestro-de-la-ap-9\\\/#primaryimage\",\"url\":\"https:\\\/\\\/ppdegalicia.com\\\/wp-content\\\/uploads\\\/2025\\\/02\\\/20250211_Nidia-Arevalo_Senado.jpg\",\"contentUrl\":\"https:\\\/\\\/ppdegalicia.com\\\/wp-content\\\/uploads\\\/2025\\\/02\\\/20250211_Nidia-Arevalo_Senado.jpg\",\"width\":1355,\"height\":903},{\"@type\":\"BreadcrumbList\",\"@id\":\"https:\\\/\\\/ppdegalicia.com\\\/es\\\/nidia-arevalo-acusa-a-puente-de-castigar-galicia-con-la-aberracion-la-a-52-y-el-secuestro-de-la-ap-9\\\/#breadcrumb\",\"itemListElement\":[{\"@type\":\"ListItem\",\"position\":1,\"name\":\"Portada\",\"item\":\"https:\\\/\\\/ppdegalicia.com\\\/es\\\/\"},{\"@type\":\"ListItem\",\"position\":2,\"name\":\"Nidia Ar\u00e9valo acusa a Puente de \u201ccastigar Galicia con la aberraci\u00f3n la A-52 y el secuestro de la AP-9\u201d\"}]},{\"@type\":\"WebSite\",\"@id\":\"https:\\\/\\\/ppdegalicia.com\\\/es\\\/#website\",\"url\":\"https:\\\/\\\/ppdegalicia.com\\\/es\\\/\",\"name\":\"Partido Popular de Galicia\",\"description\":\"Partido Popular de Galicia\",\"publisher\":{\"@id\":\"https:\\\/\\\/ppdegalicia.com\\\/es\\\/#organization\"},\"alternateName\":\"PP de Galicia\",\"potentialAction\":[{\"@type\":\"SearchAction\",\"target\":{\"@type\":\"EntryPoint\",\"urlTemplate\":\"https:\\\/\\\/ppdegalicia.com\\\/es\\\/?s={search_term_string}\"},\"query-input\":{\"@type\":\"PropertyValueSpecification\",\"valueRequired\":true,\"valueName\":\"search_term_string\"}}],\"inLanguage\":\"es\"},{\"@type\":\"Organization\",\"@id\":\"https:\\\/\\\/ppdegalicia.com\\\/es\\\/#organization\",\"name\":\"Partido Popular de Galicia\",\"alternateName\":\"PP de Galicia\",\"url\":\"https:\\\/\\\/ppdegalicia.com\\\/es\\\/\",\"logo\":{\"@type\":\"ImageObject\",\"inLanguage\":\"es\",\"@id\":\"https:\\\/\\\/ppdegalicia.com\\\/es\\\/#\\\/schema\\\/logo\\\/image\\\/\",\"url\":\"https:\\\/\\\/ppdegalicia.com\\\/wp-content\\\/uploads\\\/2023\\\/04\\\/logoPP512.png\",\"contentUrl\":\"https:\\\/\\\/ppdegalicia.com\\\/wp-content\\\/uploads\\\/2023\\\/04\\\/logoPP512.png\",\"width\":512,\"height\":512,\"caption\":\"Partido Popular de Galicia\"},\"image\":{\"@id\":\"https:\\\/\\\/ppdegalicia.com\\\/es\\\/#\\\/schema\\\/logo\\\/image\\\/\"},\"sameAs\":[\"https:\\\/\\\/www.instagram.com\\\/ppdegalicia\\\/\",\"https:\\\/\\\/x.com\\\/ppdegalicia\",\"https:\\\/\\\/www.tiktok.com\\\/@ppdegalicia\",\"https:\\\/\\\/www.youtube.com\\\/user\\\/ppdegalicia\"]},{\"@type\":\"Person\",\"@id\":\"https:\\\/\\\/ppdegalicia.com\\\/es\\\/#\\\/schema\\\/person\\\/5b822c6f59e872ebdd1142f307dbcb59\",\"name\":\"ppdegaliciaredes\",\"image\":{\"@type\":\"ImageObject\",\"inLanguage\":\"es\",\"@id\":\"https:\\\/\\\/secure.gravatar.com\\\/avatar\\\/3c9179cf0256d00c72a48d1f25783c58b6842cd56e85ef3a572881c8e28ccd59?s=96&d=mm&r=g\",\"url\":\"https:\\\/\\\/secure.gravatar.com\\\/avatar\\\/3c9179cf0256d00c72a48d1f25783c58b6842cd56e85ef3a572881c8e28ccd59?s=96&d=mm&r=g\",\"contentUrl\":\"https:\\\/\\\/secure.gravatar.com\\\/avatar\\\/3c9179cf0256d00c72a48d1f25783c58b6842cd56e85ef3a572881c8e28ccd59?s=96&d=mm&r=g\",\"caption\":\"ppdegaliciaredes\"},\"url\":\"https:\\\/\\\/ppdegalicia.com\\\/es\\\/author\\\/ppdegaliciaredes\\\/\"}]}<\/script>\n<!-- \/ Yoast SEO plugin. -->","yoast_head_json":{"title":"Nidia Ar\u00e9valo acusa a Puente de \u201ccastigar Galicia con la aberraci\u00f3n la A-52 y el secuestro de la AP-9\u201d - PP de Galicia","description":"La portavoz adjunta del Grupo Parlamentario Popular, Nidia Ar\u00e9valo, acusa al ministro de Transportes, \u00d3scar Puente, de volver a aplicar el principio de \u201cdesigualdad territorial y castigar a Galicia con la aberraci\u00f3n del proyecto de la A-52 y el secuestro de la AP-9\u201d.","robots":{"index":"index","follow":"follow","max-snippet":"max-snippet:-1","max-image-preview":"max-image-preview:large","max-video-preview":"max-video-preview:-1"},"canonical":"https:\/\/ppdegalicia.com\/es\/nidia-arevalo-acusa-a-puente-de-castigar-galicia-con-la-aberracion-la-a-52-y-el-secuestro-de-la-ap-9\/","og_locale":"es_ES","og_type":"article","og_title":"Nidia Ar\u00e9valo acusa a Puente de \u201ccastigar Galicia con la aberraci\u00f3n la A-52 y el secuestro de la AP-9\u201d - PP de Galicia","og_description":"La portavoz adjunta del Grupo Parlamentario Popular, Nidia Ar\u00e9valo, acusa al ministro de Transportes, \u00d3scar Puente, de volver a aplicar el principio de \u201cdesigualdad territorial y castigar a Galicia con la aberraci\u00f3n del proyecto de la A-52 y el secuestro de la AP-9\u201d.","og_url":"https:\/\/ppdegalicia.com\/es\/nidia-arevalo-acusa-a-puente-de-castigar-galicia-con-la-aberracion-la-a-52-y-el-secuestro-de-la-ap-9\/","og_site_name":"PP de Galicia","article_publisher":"https:\/\/www.instagram.com\/ppdegalicia\/","article_published_time":"2025-02-11T18:48:11+00:00","og_image":[{"width":1355,"height":903,"url":"https:\/\/ppdegalicia.com\/wp-content\/uploads\/2025\/02\/20250211_Nidia-Arevalo_Senado.jpg","type":"image\/jpeg"}],"author":"ppdegaliciaredes","twitter_card":"summary_large_image","twitter_creator":"@ppdegalicia","twitter_site":"@ppdegalicia","twitter_misc":{"Escrito por":"ppdegaliciaredes","Tiempo de lectura":"4 minutos"},"schema":{"@context":"https:\/\/schema.org","@graph":[{"@type":"Article","@id":"https:\/\/ppdegalicia.com\/es\/nidia-arevalo-acusa-a-puente-de-castigar-galicia-con-la-aberracion-la-a-52-y-el-secuestro-de-la-ap-9\/#article","isPartOf":{"@id":"https:\/\/ppdegalicia.com\/es\/nidia-arevalo-acusa-a-puente-de-castigar-galicia-con-la-aberracion-la-a-52-y-el-secuestro-de-la-ap-9\/"},"author":{"name":"ppdegaliciaredes","@id":"https:\/\/ppdegalicia.com\/es\/#\/schema\/person\/5b822c6f59e872ebdd1142f307dbcb59"},"headline":"Nidia Ar\u00e9valo acusa a Puente de \u201ccastigar Galicia con la aberraci\u00f3n la A-52 y el secuestro de la AP-9\u201d","datePublished":"2025-02-11T18:48:11+00:00","mainEntityOfPage":{"@id":"https:\/\/ppdegalicia.com\/es\/nidia-arevalo-acusa-a-puente-de-castigar-galicia-con-la-aberracion-la-a-52-y-el-secuestro-de-la-ap-9\/"},"wordCount":720,"publisher":{"@id":"https:\/\/ppdegalicia.com\/es\/#organization"},"image":{"@id":"https:\/\/ppdegalicia.com\/es\/nidia-arevalo-acusa-a-puente-de-castigar-galicia-con-la-aberracion-la-a-52-y-el-secuestro-de-la-ap-9\/#primaryimage"},"thumbnailUrl":"https:\/\/ppdegalicia.com\/wp-content\/uploads\/2025\/02\/20250211_Nidia-Arevalo_Senado.jpg","articleSection":["Cortes Generales"],"inLanguage":"es"},{"@type":"WebPage","@id":"https:\/\/ppdegalicia.com\/es\/nidia-arevalo-acusa-a-puente-de-castigar-galicia-con-la-aberracion-la-a-52-y-el-secuestro-de-la-ap-9\/","url":"https:\/\/ppdegalicia.com\/es\/nidia-arevalo-acusa-a-puente-de-castigar-galicia-con-la-aberracion-la-a-52-y-el-secuestro-de-la-ap-9\/","name":"Nidia Ar\u00e9valo acusa a Puente de \u201ccastigar Galicia con la aberraci\u00f3n la A-52 y el secuestro de la AP-9\u201d - PP de Galicia","isPartOf":{"@id":"https:\/\/ppdegalicia.com\/es\/#website"},"primaryImageOfPage":{"@id":"https:\/\/ppdegalicia.com\/es\/nidia-arevalo-acusa-a-puente-de-castigar-galicia-con-la-aberracion-la-a-52-y-el-secuestro-de-la-ap-9\/#primaryimage"},"image":{"@id":"https:\/\/ppdegalicia.com\/es\/nidia-arevalo-acusa-a-puente-de-castigar-galicia-con-la-aberracion-la-a-52-y-el-secuestro-de-la-ap-9\/#primaryimage"},"thumbnailUrl":"https:\/\/ppdegalicia.com\/wp-content\/uploads\/2025\/02\/20250211_Nidia-Arevalo_Senado.jpg","datePublished":"2025-02-11T18:48:11+00:00","description":"La portavoz adjunta del Grupo Parlamentario Popular, Nidia Ar\u00e9valo, acusa al ministro de Transportes, \u00d3scar Puente, de volver a aplicar el principio de \u201cdesigualdad territorial y castigar a Galicia con la aberraci\u00f3n del proyecto de la A-52 y el secuestro de la AP-9\u201d.","breadcrumb":{"@id":"https:\/\/ppdegalicia.com\/es\/nidia-arevalo-acusa-a-puente-de-castigar-galicia-con-la-aberracion-la-a-52-y-el-secuestro-de-la-ap-9\/#breadcrumb"},"inLanguage":"es","potentialAction":[{"@type":"ReadAction","target":["https:\/\/ppdegalicia.com\/es\/nidia-arevalo-acusa-a-puente-de-castigar-galicia-con-la-aberracion-la-a-52-y-el-secuestro-de-la-ap-9\/"]}]},{"@type":"ImageObject","inLanguage":"es","@id":"https:\/\/ppdegalicia.com\/es\/nidia-arevalo-acusa-a-puente-de-castigar-galicia-con-la-aberracion-la-a-52-y-el-secuestro-de-la-ap-9\/#primaryimage","url":"https:\/\/ppdegalicia.com\/wp-content\/uploads\/2025\/02\/20250211_Nidia-Arevalo_Senado.jpg","contentUrl":"https:\/\/ppdegalicia.com\/wp-content\/uploads\/2025\/02\/20250211_Nidia-Arevalo_Senado.jpg","width":1355,"height":903},{"@type":"BreadcrumbList","@id":"https:\/\/ppdegalicia.com\/es\/nidia-arevalo-acusa-a-puente-de-castigar-galicia-con-la-aberracion-la-a-52-y-el-secuestro-de-la-ap-9\/#breadcrumb","itemListElement":[{"@type":"ListItem","position":1,"name":"Portada","item":"https:\/\/ppdegalicia.com\/es\/"},{"@type":"ListItem","position":2,"name":"Nidia Ar\u00e9valo acusa a Puente de \u201ccastigar Galicia con la aberraci\u00f3n la A-52 y el secuestro de la AP-9\u201d"}]},{"@type":"WebSite","@id":"https:\/\/ppdegalicia.com\/es\/#website","url":"https:\/\/ppdegalicia.com\/es\/","name":"Partido Popular de Galicia","description":"Partido Popular de Galicia","publisher":{"@id":"https:\/\/ppdegalicia.com\/es\/#organization"},"alternateName":"PP de Galicia","potentialAction":[{"@type":"SearchAction","target":{"@type":"EntryPoint","urlTemplate":"https:\/\/ppdegalicia.com\/es\/?s={search_term_string}"},"query-input":{"@type":"PropertyValueSpecification","valueRequired":true,"valueName":"search_term_string"}}],"inLanguage":"es"},{"@type":"Organization","@id":"https:\/\/ppdegalicia.com\/es\/#organization","name":"Partido Popular de Galicia","alternateName":"PP de Galicia","url":"https:\/\/ppdegalicia.com\/es\/","logo":{"@type":"ImageObject","inLanguage":"es","@id":"https:\/\/ppdegalicia.com\/es\/#\/schema\/logo\/image\/","url":"https:\/\/ppdegalicia.com\/wp-content\/uploads\/2023\/04\/logoPP512.png","contentUrl":"https:\/\/ppdegalicia.com\/wp-content\/uploads\/2023\/04\/logoPP512.png","width":512,"height":512,"caption":"Partido Popular de Galicia"},"image":{"@id":"https:\/\/ppdegalicia.com\/es\/#\/schema\/logo\/image\/"},"sameAs":["https:\/\/www.instagram.com\/ppdegalicia\/","https:\/\/x.com\/ppdegalicia","https:\/\/www.tiktok.com\/@ppdegalicia","https:\/\/www.youtube.com\/user\/ppdegalicia"]},{"@type":"Person","@id":"https:\/\/ppdegalicia.com\/es\/#\/schema\/person\/5b822c6f59e872ebdd1142f307dbcb59","name":"ppdegaliciaredes","image":{"@type":"ImageObject","inLanguage":"es","@id":"https:\/\/secure.gravatar.com\/avatar\/3c9179cf0256d00c72a48d1f25783c58b6842cd56e85ef3a572881c8e28ccd59?s=96&d=mm&r=g","url":"https:\/\/secure.gravatar.com\/avatar\/3c9179cf0256d00c72a48d1f25783c58b6842cd56e85ef3a572881c8e28ccd59?s=96&d=mm&r=g","contentUrl":"https:\/\/secure.gravatar.com\/avatar\/3c9179cf0256d00c72a48d1f25783c58b6842cd56e85ef3a572881c8e28ccd59?s=96&d=mm&r=g","caption":"ppdegaliciaredes"},"url":"https:\/\/ppdegalicia.com\/es\/author\/ppdegaliciaredes\/"}]}},"_links":{"self":[{"href":"https:\/\/ppdegalicia.com\/es\/wp-json\/wp\/v2\/posts\/65837","targetHints":{"allow":["GET"]}}],"collection":[{"href":"https:\/\/ppdegalicia.com\/es\/wp-json\/wp\/v2\/posts"}],"about":[{"href":"https:\/\/ppdegalicia.com\/es\/wp-json\/wp\/v2\/types\/post"}],"author":[{"embeddable":true,"href":"https:\/\/ppdegalicia.com\/es\/wp-json\/wp\/v2\/users\/38"}],"replies":[{"embeddable":true,"href":"https:\/\/ppdegalicia.com\/es\/wp-json\/wp\/v2\/comments?post=65837"}],"version-history":[{"count":1,"href":"https:\/\/ppdegalicia.com\/es\/wp-json\/wp\/v2\/posts\/65837\/revisions"}],"predecessor-version":[{"id":65840,"href":"https:\/\/ppdegalicia.com\/es\/wp-json\/wp\/v2\/posts\/65837\/revisions\/65840"}],"wp:featuredmedia":[{"embeddable":true,"href":"https:\/\/ppdegalicia.com\/es\/wp-json\/wp\/v2\/media\/65838"}],"wp:attachment":[{"href":"https:\/\/ppdegalicia.com\/es\/wp-json\/wp\/v2\/media?parent=65837"}],"wp:term":[{"taxonomy":"category","embeddable":true,"href":"https:\/\/ppdegalicia.com\/es\/wp-json\/wp\/v2\/categories?post=65837"},{"taxonomy":"post_tag","embeddable":true,"href":"https:\/\/ppdegalicia.com\/es\/wp-json\/wp\/v2\/tags?post=65837"}],"curies":[{"name":"wp","href":"https:\/\/api.w.org\/{rel}","templated":true}]}}