{"id":65855,"date":"2025-02-12T17:08:26","date_gmt":"2025-02-12T16:08:26","guid":{"rendered":"https:\/\/ppdegalicia.com\/?p=65855"},"modified":"2025-02-12T17:08:26","modified_gmt":"2025-02-12T16:08:26","slug":"o-ppdeg-avoga-por-incentivar-a-participacion-voluntaria-nas-comunidades-enerxeticas-para-impulsar-o-autoconsumo-compartido","status":"publish","type":"post","link":"https:\/\/ppdegalicia.com\/es\/o-ppdeg-avoga-por-incentivar-a-participacion-voluntaria-nas-comunidades-enerxeticas-para-impulsar-o-autoconsumo-compartido\/","title":{"rendered":"O PPdeG avoga por incentivar a participaci\u00f3n voluntaria nas comunidades enerx\u00e9ticas para impulsar o autoconsumo compartido"},"content":{"rendered":"<p>O portavoz de Industria do Grupo Popular, Rub\u00e9n Lorenzo, avogou hoxe no Pleno do Parlamento galego por incentivar a participaci\u00f3n voluntaria da cidadan\u00eda nas comunidades enerx\u00e9ticas para impulsar as vantaxes do autoconsumo compartido, ao tempo que demandou ao Goberno de Espa\u00f1a a creaci\u00f3n, de xeito coordinado coas comunidades aut\u00f3nomas, un marco lexislativo com\u00fan e un rexistro de comunidades enerx\u00e9ticas para co\u00f1ecer a s\u00faa natureza e o impacto positivo de cada unha delas onde operan.<\/p>\n<p>Rub\u00e9n Lorenzo asegurou que \u201ccompartimos plenamente os beneficios e vantaxes das comunidades enerx\u00e9ticas e, por este motivo, o PPdeG levaba no seu programa electoral o impulso destas figuras que permiten acadar un aforro enerx\u00e9tico \u00e1 cidadan\u00eda\u201d. \u201cDebemos seguir avanzando na transici\u00f3n enerx\u00e9tica cara un modelo descarbonizado e dixitalizado\u201d, manifestou o portavoz popular, quen apuntou que \u201cc\u00f3mpre seguir avanzando nunha maior presenza de enerx\u00edas renovables no mix enerx\u00e9tico, e facer un maior esforzo neses obxectivos de descarbonizaci\u00f3n a trav\u00e9s tanto da autosuficiencia enerx\u00e9tica como no aforro enerx\u00e9tico\u201d.<\/p>\n<p><strong>DOUS ANOS ESPERANDO POLO REAL-DECRETO<\/strong><\/p>\n<p>Por\u00e9n, criticou que o Goberno central \u201cten pendente desde hai case dous anos aprobar un proxecto de Real-Decreto polo que se desenvolvan as figuras das comunidades de enerx\u00edas renovables e as comunidades cidad\u00e1ns de enerx\u00eda\u201d.<\/p>\n<p>\u201cResulta fundamental dotar dun marco lexislativo claro \u00e1s comunidades enerx\u00e9ticas, pero sempre tendo en conta as aportaci\u00f3ns que se fagan desde as comunidades aut\u00f3nomas\u201d, indicou Rub\u00e9n Lorenzo. En concreto, esta norma aportar\u00eda un marco lexislativo com\u00fan, ao tempo que contemplar\u00eda un rexistro de comunidades enerx\u00e9ticas compartido para todo o territorio espa\u00f1ol. \u201cSe falamos das comunidades enerx\u00e9ticas, a normativa ten que evolucionar e atender a clara evoluci\u00f3n na normativa relacionada co autoconsumo, democratizando a s\u00faa implantaci\u00f3n\u201d, dixo.<\/p>\n<p>Rub\u00e9n Lorenzo salientou o apoio da Xunta de Galicia \u00e1s comunidades enerx\u00e9ticas e \u201cxa vai pola terceira convocatoria de axudas\u201d para estas iniciativas, a trav\u00e9s da que se complementa as li\u00f1as de axuda do Instituto para a Diversificaci\u00f3n e Aforro da Enerx\u00eda (IDAE) cos programas CE Implementa e CE Oficinas.<\/p>\n","protected":false},"excerpt":{"rendered":"<p>O portavoz de Industria do Grupo Popular, Rub\u00e9n Lorenzo, avogou hoxe no Pleno do Parlamento galego por incentivar a participaci\u00f3n voluntaria da cidadan\u00eda nas comunidades enerx\u00e9ticas para impulsar as vantaxes do autoconsumo compartido, ao tempo que demandou ao Goberno de Espa\u00f1a a creaci\u00f3n, de xeito coordinado coas comunidades aut\u00f3nomas, un marco lexislativo com\u00fan e un [&hellip;]<\/p>\n","protected":false},"author":38,"featured_media":65856,"comment_status":"closed","ping_status":"open","sticky":false,"template":"","format":"standard","meta":{"_acf_changed":false,"footnotes":""},"categories":[1128],"tags":[],"class_list":["post-65855","post","type-post","status-publish","format-standard","has-post-thumbnail","hentry","category-actualidad-parlamento-de-galicia"],"acf":[],"yoast_head":"<!-- This site is optimized with the Yoast SEO plugin v27.3 - https:\/\/yoast.com\/product\/yoast-seo-wordpress\/ -->\n<title>O PPdeG avoga por incentivar a participaci\u00f3n voluntaria nas comunidades enerx\u00e9ticas para impulsar o autoconsumo compartido - PP de Galicia<\/title>\n<meta name=\"description\" content=\"O portavoz de Industria do Grupo Popular, Rub\u00e9n Lorenzo, avogou hoxe no Pleno do Parlamento galego por incentivar a participaci\u00f3n voluntaria da cidadan\u00eda nas comunidades enerx\u00e9ticas para impulsar as vantaxes do autoconsumo compartido, ao tempo que demandou ao Goberno de Espa\u00f1a a creaci\u00f3n, de xeito coordinado coas comunidades aut\u00f3nomas, un marco lexislativo com\u00fan e un rexistro de comunidades enerx\u00e9ticas para co\u00f1ecer a s\u00faa natureza e o impacto positivo de cada unha delas onde operan.\" \/>\n<meta name=\"robots\" content=\"index, follow, max-snippet:-1, max-image-preview:large, max-video-preview:-1\" \/>\n<link rel=\"canonical\" href=\"https:\/\/ppdegalicia.com\/es\/o-ppdeg-avoga-por-incentivar-a-participacion-voluntaria-nas-comunidades-enerxeticas-para-impulsar-o-autoconsumo-compartido\/\" \/>\n<meta property=\"og:locale\" content=\"es_ES\" \/>\n<meta property=\"og:type\" content=\"article\" \/>\n<meta property=\"og:title\" content=\"O PPdeG avoga por incentivar a participaci\u00f3n voluntaria nas comunidades enerx\u00e9ticas para impulsar o autoconsumo compartido - PP de Galicia\" \/>\n<meta property=\"og:description\" content=\"O portavoz de Industria do Grupo Popular, Rub\u00e9n Lorenzo, avogou hoxe no Pleno do Parlamento galego por incentivar a participaci\u00f3n voluntaria da cidadan\u00eda nas comunidades enerx\u00e9ticas para impulsar as vantaxes do autoconsumo compartido, ao tempo que demandou ao Goberno de Espa\u00f1a a creaci\u00f3n, de xeito coordinado coas comunidades aut\u00f3nomas, un marco lexislativo com\u00fan e un rexistro de comunidades enerx\u00e9ticas para co\u00f1ecer a s\u00faa natureza e o impacto positivo de cada unha delas onde operan.\" \/>\n<meta property=\"og:url\" content=\"https:\/\/ppdegalicia.com\/es\/o-ppdeg-avoga-por-incentivar-a-participacion-voluntaria-nas-comunidades-enerxeticas-para-impulsar-o-autoconsumo-compartido\/\" \/>\n<meta property=\"og:site_name\" content=\"PP de Galicia\" \/>\n<meta property=\"article:publisher\" content=\"https:\/\/www.instagram.com\/ppdegalicia\/\" \/>\n<meta property=\"article:published_time\" content=\"2025-02-12T16:08:26+00:00\" \/>\n<meta property=\"og:image\" content=\"https:\/\/ppdegalicia.com\/wp-content\/uploads\/2025\/02\/20250212_Pleno_Ordinario80-scaled.jpg\" \/>\n\t<meta property=\"og:image:width\" content=\"2560\" \/>\n\t<meta property=\"og:image:height\" content=\"1707\" \/>\n\t<meta property=\"og:image:type\" content=\"image\/jpeg\" \/>\n<meta name=\"author\" content=\"ppdegaliciaredes\" \/>\n<meta name=\"twitter:card\" content=\"summary_large_image\" \/>\n<meta name=\"twitter:creator\" content=\"@ppdegalicia\" \/>\n<meta name=\"twitter:site\" content=\"@ppdegalicia\" \/>\n<meta name=\"twitter:label1\" content=\"Escrito por\" \/>\n\t<meta name=\"twitter:data1\" content=\"ppdegaliciaredes\" \/>\n\t<meta name=\"twitter:label2\" content=\"Tiempo de lectura\" \/>\n\t<meta name=\"twitter:data2\" content=\"2 minutos\" \/>\n<script type=\"application\/ld+json\" class=\"yoast-schema-graph\">{\"@context\":\"https:\\\/\\\/schema.org\",\"@graph\":[{\"@type\":\"Article\",\"@id\":\"https:\\\/\\\/ppdegalicia.com\\\/es\\\/o-ppdeg-avoga-por-incentivar-a-participacion-voluntaria-nas-comunidades-enerxeticas-para-impulsar-o-autoconsumo-compartido\\\/#article\",\"isPartOf\":{\"@id\":\"https:\\\/\\\/ppdegalicia.com\\\/es\\\/o-ppdeg-avoga-por-incentivar-a-participacion-voluntaria-nas-comunidades-enerxeticas-para-impulsar-o-autoconsumo-compartido\\\/\"},\"author\":{\"name\":\"ppdegaliciaredes\",\"@id\":\"https:\\\/\\\/ppdegalicia.com\\\/es\\\/#\\\/schema\\\/person\\\/5b822c6f59e872ebdd1142f307dbcb59\"},\"headline\":\"O PPdeG avoga por incentivar a participaci\u00f3n voluntaria nas comunidades enerx\u00e9ticas para impulsar o autoconsumo compartido\",\"datePublished\":\"2025-02-12T16:08:26+00:00\",\"mainEntityOfPage\":{\"@id\":\"https:\\\/\\\/ppdegalicia.com\\\/es\\\/o-ppdeg-avoga-por-incentivar-a-participacion-voluntaria-nas-comunidades-enerxeticas-para-impulsar-o-autoconsumo-compartido\\\/\"},\"wordCount\":390,\"publisher\":{\"@id\":\"https:\\\/\\\/ppdegalicia.com\\\/es\\\/#organization\"},\"image\":{\"@id\":\"https:\\\/\\\/ppdegalicia.com\\\/es\\\/o-ppdeg-avoga-por-incentivar-a-participacion-voluntaria-nas-comunidades-enerxeticas-para-impulsar-o-autoconsumo-compartido\\\/#primaryimage\"},\"thumbnailUrl\":\"https:\\\/\\\/ppdegalicia.com\\\/wp-content\\\/uploads\\\/2025\\\/02\\\/20250212_Pleno_Ordinario80-scaled.jpg\",\"articleSection\":[\"Parlamento de Galicia\"],\"inLanguage\":\"es\"},{\"@type\":\"WebPage\",\"@id\":\"https:\\\/\\\/ppdegalicia.com\\\/es\\\/o-ppdeg-avoga-por-incentivar-a-participacion-voluntaria-nas-comunidades-enerxeticas-para-impulsar-o-autoconsumo-compartido\\\/\",\"url\":\"https:\\\/\\\/ppdegalicia.com\\\/es\\\/o-ppdeg-avoga-por-incentivar-a-participacion-voluntaria-nas-comunidades-enerxeticas-para-impulsar-o-autoconsumo-compartido\\\/\",\"name\":\"O PPdeG avoga por incentivar a participaci\u00f3n voluntaria nas comunidades enerx\u00e9ticas para impulsar o autoconsumo compartido - PP de Galicia\",\"isPartOf\":{\"@id\":\"https:\\\/\\\/ppdegalicia.com\\\/es\\\/#website\"},\"primaryImageOfPage\":{\"@id\":\"https:\\\/\\\/ppdegalicia.com\\\/es\\\/o-ppdeg-avoga-por-incentivar-a-participacion-voluntaria-nas-comunidades-enerxeticas-para-impulsar-o-autoconsumo-compartido\\\/#primaryimage\"},\"image\":{\"@id\":\"https:\\\/\\\/ppdegalicia.com\\\/es\\\/o-ppdeg-avoga-por-incentivar-a-participacion-voluntaria-nas-comunidades-enerxeticas-para-impulsar-o-autoconsumo-compartido\\\/#primaryimage\"},\"thumbnailUrl\":\"https:\\\/\\\/ppdegalicia.com\\\/wp-content\\\/uploads\\\/2025\\\/02\\\/20250212_Pleno_Ordinario80-scaled.jpg\",\"datePublished\":\"2025-02-12T16:08:26+00:00\",\"description\":\"O portavoz de Industria do Grupo Popular, Rub\u00e9n Lorenzo, avogou hoxe no Pleno do Parlamento galego por incentivar a participaci\u00f3n voluntaria da cidadan\u00eda nas comunidades enerx\u00e9ticas para impulsar as vantaxes do autoconsumo compartido, ao tempo que demandou ao Goberno de Espa\u00f1a a creaci\u00f3n, de xeito coordinado coas comunidades aut\u00f3nomas, un marco lexislativo com\u00fan e un rexistro de comunidades enerx\u00e9ticas para co\u00f1ecer a s\u00faa natureza e o impacto positivo de cada unha delas onde operan.\",\"breadcrumb\":{\"@id\":\"https:\\\/\\\/ppdegalicia.com\\\/es\\\/o-ppdeg-avoga-por-incentivar-a-participacion-voluntaria-nas-comunidades-enerxeticas-para-impulsar-o-autoconsumo-compartido\\\/#breadcrumb\"},\"inLanguage\":\"es\",\"potentialAction\":[{\"@type\":\"ReadAction\",\"target\":[\"https:\\\/\\\/ppdegalicia.com\\\/es\\\/o-ppdeg-avoga-por-incentivar-a-participacion-voluntaria-nas-comunidades-enerxeticas-para-impulsar-o-autoconsumo-compartido\\\/\"]}]},{\"@type\":\"ImageObject\",\"inLanguage\":\"es\",\"@id\":\"https:\\\/\\\/ppdegalicia.com\\\/es\\\/o-ppdeg-avoga-por-incentivar-a-participacion-voluntaria-nas-comunidades-enerxeticas-para-impulsar-o-autoconsumo-compartido\\\/#primaryimage\",\"url\":\"https:\\\/\\\/ppdegalicia.com\\\/wp-content\\\/uploads\\\/2025\\\/02\\\/20250212_Pleno_Ordinario80-scaled.jpg\",\"contentUrl\":\"https:\\\/\\\/ppdegalicia.com\\\/wp-content\\\/uploads\\\/2025\\\/02\\\/20250212_Pleno_Ordinario80-scaled.jpg\",\"width\":2560,\"height\":1707},{\"@type\":\"BreadcrumbList\",\"@id\":\"https:\\\/\\\/ppdegalicia.com\\\/es\\\/o-ppdeg-avoga-por-incentivar-a-participacion-voluntaria-nas-comunidades-enerxeticas-para-impulsar-o-autoconsumo-compartido\\\/#breadcrumb\",\"itemListElement\":[{\"@type\":\"ListItem\",\"position\":1,\"name\":\"Portada\",\"item\":\"https:\\\/\\\/ppdegalicia.com\\\/es\\\/\"},{\"@type\":\"ListItem\",\"position\":2,\"name\":\"O PPdeG avoga por incentivar a participaci\u00f3n voluntaria nas comunidades enerx\u00e9ticas para impulsar o autoconsumo compartido\"}]},{\"@type\":\"WebSite\",\"@id\":\"https:\\\/\\\/ppdegalicia.com\\\/es\\\/#website\",\"url\":\"https:\\\/\\\/ppdegalicia.com\\\/es\\\/\",\"name\":\"Partido Popular de Galicia\",\"description\":\"Partido Popular de Galicia\",\"publisher\":{\"@id\":\"https:\\\/\\\/ppdegalicia.com\\\/es\\\/#organization\"},\"alternateName\":\"PP de Galicia\",\"potentialAction\":[{\"@type\":\"SearchAction\",\"target\":{\"@type\":\"EntryPoint\",\"urlTemplate\":\"https:\\\/\\\/ppdegalicia.com\\\/es\\\/?s={search_term_string}\"},\"query-input\":{\"@type\":\"PropertyValueSpecification\",\"valueRequired\":true,\"valueName\":\"search_term_string\"}}],\"inLanguage\":\"es\"},{\"@type\":\"Organization\",\"@id\":\"https:\\\/\\\/ppdegalicia.com\\\/es\\\/#organization\",\"name\":\"Partido Popular de Galicia\",\"alternateName\":\"PP de Galicia\",\"url\":\"https:\\\/\\\/ppdegalicia.com\\\/es\\\/\",\"logo\":{\"@type\":\"ImageObject\",\"inLanguage\":\"es\",\"@id\":\"https:\\\/\\\/ppdegalicia.com\\\/es\\\/#\\\/schema\\\/logo\\\/image\\\/\",\"url\":\"https:\\\/\\\/ppdegalicia.com\\\/wp-content\\\/uploads\\\/2023\\\/04\\\/logoPP512.png\",\"contentUrl\":\"https:\\\/\\\/ppdegalicia.com\\\/wp-content\\\/uploads\\\/2023\\\/04\\\/logoPP512.png\",\"width\":512,\"height\":512,\"caption\":\"Partido Popular de Galicia\"},\"image\":{\"@id\":\"https:\\\/\\\/ppdegalicia.com\\\/es\\\/#\\\/schema\\\/logo\\\/image\\\/\"},\"sameAs\":[\"https:\\\/\\\/www.instagram.com\\\/ppdegalicia\\\/\",\"https:\\\/\\\/x.com\\\/ppdegalicia\",\"https:\\\/\\\/www.tiktok.com\\\/@ppdegalicia\",\"https:\\\/\\\/www.youtube.com\\\/user\\\/ppdegalicia\"]},{\"@type\":\"Person\",\"@id\":\"https:\\\/\\\/ppdegalicia.com\\\/es\\\/#\\\/schema\\\/person\\\/5b822c6f59e872ebdd1142f307dbcb59\",\"name\":\"ppdegaliciaredes\",\"image\":{\"@type\":\"ImageObject\",\"inLanguage\":\"es\",\"@id\":\"https:\\\/\\\/secure.gravatar.com\\\/avatar\\\/3c9179cf0256d00c72a48d1f25783c58b6842cd56e85ef3a572881c8e28ccd59?s=96&d=mm&r=g\",\"url\":\"https:\\\/\\\/secure.gravatar.com\\\/avatar\\\/3c9179cf0256d00c72a48d1f25783c58b6842cd56e85ef3a572881c8e28ccd59?s=96&d=mm&r=g\",\"contentUrl\":\"https:\\\/\\\/secure.gravatar.com\\\/avatar\\\/3c9179cf0256d00c72a48d1f25783c58b6842cd56e85ef3a572881c8e28ccd59?s=96&d=mm&r=g\",\"caption\":\"ppdegaliciaredes\"},\"url\":\"https:\\\/\\\/ppdegalicia.com\\\/es\\\/author\\\/ppdegaliciaredes\\\/\"}]}<\/script>\n<!-- \/ Yoast SEO plugin. -->","yoast_head_json":{"title":"O PPdeG avoga por incentivar a participaci\u00f3n voluntaria nas comunidades enerx\u00e9ticas para impulsar o autoconsumo compartido - PP de Galicia","description":"O portavoz de Industria do Grupo Popular, Rub\u00e9n Lorenzo, avogou hoxe no Pleno do Parlamento galego por incentivar a participaci\u00f3n voluntaria da cidadan\u00eda nas comunidades enerx\u00e9ticas para impulsar as vantaxes do autoconsumo compartido, ao tempo que demandou ao Goberno de Espa\u00f1a a creaci\u00f3n, de xeito coordinado coas comunidades aut\u00f3nomas, un marco lexislativo com\u00fan e un rexistro de comunidades enerx\u00e9ticas para co\u00f1ecer a s\u00faa natureza e o impacto positivo de cada unha delas onde operan.","robots":{"index":"index","follow":"follow","max-snippet":"max-snippet:-1","max-image-preview":"max-image-preview:large","max-video-preview":"max-video-preview:-1"},"canonical":"https:\/\/ppdegalicia.com\/es\/o-ppdeg-avoga-por-incentivar-a-participacion-voluntaria-nas-comunidades-enerxeticas-para-impulsar-o-autoconsumo-compartido\/","og_locale":"es_ES","og_type":"article","og_title":"O PPdeG avoga por incentivar a participaci\u00f3n voluntaria nas comunidades enerx\u00e9ticas para impulsar o autoconsumo compartido - PP de Galicia","og_description":"O portavoz de Industria do Grupo Popular, Rub\u00e9n Lorenzo, avogou hoxe no Pleno do Parlamento galego por incentivar a participaci\u00f3n voluntaria da cidadan\u00eda nas comunidades enerx\u00e9ticas para impulsar as vantaxes do autoconsumo compartido, ao tempo que demandou ao Goberno de Espa\u00f1a a creaci\u00f3n, de xeito coordinado coas comunidades aut\u00f3nomas, un marco lexislativo com\u00fan e un rexistro de comunidades enerx\u00e9ticas para co\u00f1ecer a s\u00faa natureza e o impacto positivo de cada unha delas onde operan.","og_url":"https:\/\/ppdegalicia.com\/es\/o-ppdeg-avoga-por-incentivar-a-participacion-voluntaria-nas-comunidades-enerxeticas-para-impulsar-o-autoconsumo-compartido\/","og_site_name":"PP de Galicia","article_publisher":"https:\/\/www.instagram.com\/ppdegalicia\/","article_published_time":"2025-02-12T16:08:26+00:00","og_image":[{"width":2560,"height":1707,"url":"https:\/\/ppdegalicia.com\/wp-content\/uploads\/2025\/02\/20250212_Pleno_Ordinario80-scaled.jpg","type":"image\/jpeg"}],"author":"ppdegaliciaredes","twitter_card":"summary_large_image","twitter_creator":"@ppdegalicia","twitter_site":"@ppdegalicia","twitter_misc":{"Escrito por":"ppdegaliciaredes","Tiempo de lectura":"2 minutos"},"schema":{"@context":"https:\/\/schema.org","@graph":[{"@type":"Article","@id":"https:\/\/ppdegalicia.com\/es\/o-ppdeg-avoga-por-incentivar-a-participacion-voluntaria-nas-comunidades-enerxeticas-para-impulsar-o-autoconsumo-compartido\/#article","isPartOf":{"@id":"https:\/\/ppdegalicia.com\/es\/o-ppdeg-avoga-por-incentivar-a-participacion-voluntaria-nas-comunidades-enerxeticas-para-impulsar-o-autoconsumo-compartido\/"},"author":{"name":"ppdegaliciaredes","@id":"https:\/\/ppdegalicia.com\/es\/#\/schema\/person\/5b822c6f59e872ebdd1142f307dbcb59"},"headline":"O PPdeG avoga por incentivar a participaci\u00f3n voluntaria nas comunidades enerx\u00e9ticas para impulsar o autoconsumo compartido","datePublished":"2025-02-12T16:08:26+00:00","mainEntityOfPage":{"@id":"https:\/\/ppdegalicia.com\/es\/o-ppdeg-avoga-por-incentivar-a-participacion-voluntaria-nas-comunidades-enerxeticas-para-impulsar-o-autoconsumo-compartido\/"},"wordCount":390,"publisher":{"@id":"https:\/\/ppdegalicia.com\/es\/#organization"},"image":{"@id":"https:\/\/ppdegalicia.com\/es\/o-ppdeg-avoga-por-incentivar-a-participacion-voluntaria-nas-comunidades-enerxeticas-para-impulsar-o-autoconsumo-compartido\/#primaryimage"},"thumbnailUrl":"https:\/\/ppdegalicia.com\/wp-content\/uploads\/2025\/02\/20250212_Pleno_Ordinario80-scaled.jpg","articleSection":["Parlamento de Galicia"],"inLanguage":"es"},{"@type":"WebPage","@id":"https:\/\/ppdegalicia.com\/es\/o-ppdeg-avoga-por-incentivar-a-participacion-voluntaria-nas-comunidades-enerxeticas-para-impulsar-o-autoconsumo-compartido\/","url":"https:\/\/ppdegalicia.com\/es\/o-ppdeg-avoga-por-incentivar-a-participacion-voluntaria-nas-comunidades-enerxeticas-para-impulsar-o-autoconsumo-compartido\/","name":"O PPdeG avoga por incentivar a participaci\u00f3n voluntaria nas comunidades enerx\u00e9ticas para impulsar o autoconsumo compartido - PP de Galicia","isPartOf":{"@id":"https:\/\/ppdegalicia.com\/es\/#website"},"primaryImageOfPage":{"@id":"https:\/\/ppdegalicia.com\/es\/o-ppdeg-avoga-por-incentivar-a-participacion-voluntaria-nas-comunidades-enerxeticas-para-impulsar-o-autoconsumo-compartido\/#primaryimage"},"image":{"@id":"https:\/\/ppdegalicia.com\/es\/o-ppdeg-avoga-por-incentivar-a-participacion-voluntaria-nas-comunidades-enerxeticas-para-impulsar-o-autoconsumo-compartido\/#primaryimage"},"thumbnailUrl":"https:\/\/ppdegalicia.com\/wp-content\/uploads\/2025\/02\/20250212_Pleno_Ordinario80-scaled.jpg","datePublished":"2025-02-12T16:08:26+00:00","description":"O portavoz de Industria do Grupo Popular, Rub\u00e9n Lorenzo, avogou hoxe no Pleno do Parlamento galego por incentivar a participaci\u00f3n voluntaria da cidadan\u00eda nas comunidades enerx\u00e9ticas para impulsar as vantaxes do autoconsumo compartido, ao tempo que demandou ao Goberno de Espa\u00f1a a creaci\u00f3n, de xeito coordinado coas comunidades aut\u00f3nomas, un marco lexislativo com\u00fan e un rexistro de comunidades enerx\u00e9ticas para co\u00f1ecer a s\u00faa natureza e o impacto positivo de cada unha delas onde operan.","breadcrumb":{"@id":"https:\/\/ppdegalicia.com\/es\/o-ppdeg-avoga-por-incentivar-a-participacion-voluntaria-nas-comunidades-enerxeticas-para-impulsar-o-autoconsumo-compartido\/#breadcrumb"},"inLanguage":"es","potentialAction":[{"@type":"ReadAction","target":["https:\/\/ppdegalicia.com\/es\/o-ppdeg-avoga-por-incentivar-a-participacion-voluntaria-nas-comunidades-enerxeticas-para-impulsar-o-autoconsumo-compartido\/"]}]},{"@type":"ImageObject","inLanguage":"es","@id":"https:\/\/ppdegalicia.com\/es\/o-ppdeg-avoga-por-incentivar-a-participacion-voluntaria-nas-comunidades-enerxeticas-para-impulsar-o-autoconsumo-compartido\/#primaryimage","url":"https:\/\/ppdegalicia.com\/wp-content\/uploads\/2025\/02\/20250212_Pleno_Ordinario80-scaled.jpg","contentUrl":"https:\/\/ppdegalicia.com\/wp-content\/uploads\/2025\/02\/20250212_Pleno_Ordinario80-scaled.jpg","width":2560,"height":1707},{"@type":"BreadcrumbList","@id":"https:\/\/ppdegalicia.com\/es\/o-ppdeg-avoga-por-incentivar-a-participacion-voluntaria-nas-comunidades-enerxeticas-para-impulsar-o-autoconsumo-compartido\/#breadcrumb","itemListElement":[{"@type":"ListItem","position":1,"name":"Portada","item":"https:\/\/ppdegalicia.com\/es\/"},{"@type":"ListItem","position":2,"name":"O PPdeG avoga por incentivar a participaci\u00f3n voluntaria nas comunidades enerx\u00e9ticas para impulsar o autoconsumo compartido"}]},{"@type":"WebSite","@id":"https:\/\/ppdegalicia.com\/es\/#website","url":"https:\/\/ppdegalicia.com\/es\/","name":"Partido Popular de Galicia","description":"Partido Popular de Galicia","publisher":{"@id":"https:\/\/ppdegalicia.com\/es\/#organization"},"alternateName":"PP de Galicia","potentialAction":[{"@type":"SearchAction","target":{"@type":"EntryPoint","urlTemplate":"https:\/\/ppdegalicia.com\/es\/?s={search_term_string}"},"query-input":{"@type":"PropertyValueSpecification","valueRequired":true,"valueName":"search_term_string"}}],"inLanguage":"es"},{"@type":"Organization","@id":"https:\/\/ppdegalicia.com\/es\/#organization","name":"Partido Popular de Galicia","alternateName":"PP de Galicia","url":"https:\/\/ppdegalicia.com\/es\/","logo":{"@type":"ImageObject","inLanguage":"es","@id":"https:\/\/ppdegalicia.com\/es\/#\/schema\/logo\/image\/","url":"https:\/\/ppdegalicia.com\/wp-content\/uploads\/2023\/04\/logoPP512.png","contentUrl":"https:\/\/ppdegalicia.com\/wp-content\/uploads\/2023\/04\/logoPP512.png","width":512,"height":512,"caption":"Partido Popular de Galicia"},"image":{"@id":"https:\/\/ppdegalicia.com\/es\/#\/schema\/logo\/image\/"},"sameAs":["https:\/\/www.instagram.com\/ppdegalicia\/","https:\/\/x.com\/ppdegalicia","https:\/\/www.tiktok.com\/@ppdegalicia","https:\/\/www.youtube.com\/user\/ppdegalicia"]},{"@type":"Person","@id":"https:\/\/ppdegalicia.com\/es\/#\/schema\/person\/5b822c6f59e872ebdd1142f307dbcb59","name":"ppdegaliciaredes","image":{"@type":"ImageObject","inLanguage":"es","@id":"https:\/\/secure.gravatar.com\/avatar\/3c9179cf0256d00c72a48d1f25783c58b6842cd56e85ef3a572881c8e28ccd59?s=96&d=mm&r=g","url":"https:\/\/secure.gravatar.com\/avatar\/3c9179cf0256d00c72a48d1f25783c58b6842cd56e85ef3a572881c8e28ccd59?s=96&d=mm&r=g","contentUrl":"https:\/\/secure.gravatar.com\/avatar\/3c9179cf0256d00c72a48d1f25783c58b6842cd56e85ef3a572881c8e28ccd59?s=96&d=mm&r=g","caption":"ppdegaliciaredes"},"url":"https:\/\/ppdegalicia.com\/es\/author\/ppdegaliciaredes\/"}]}},"_links":{"self":[{"href":"https:\/\/ppdegalicia.com\/es\/wp-json\/wp\/v2\/posts\/65855","targetHints":{"allow":["GET"]}}],"collection":[{"href":"https:\/\/ppdegalicia.com\/es\/wp-json\/wp\/v2\/posts"}],"about":[{"href":"https:\/\/ppdegalicia.com\/es\/wp-json\/wp\/v2\/types\/post"}],"author":[{"embeddable":true,"href":"https:\/\/ppdegalicia.com\/es\/wp-json\/wp\/v2\/users\/38"}],"replies":[{"embeddable":true,"href":"https:\/\/ppdegalicia.com\/es\/wp-json\/wp\/v2\/comments?post=65855"}],"version-history":[{"count":1,"href":"https:\/\/ppdegalicia.com\/es\/wp-json\/wp\/v2\/posts\/65855\/revisions"}],"predecessor-version":[{"id":65858,"href":"https:\/\/ppdegalicia.com\/es\/wp-json\/wp\/v2\/posts\/65855\/revisions\/65858"}],"wp:featuredmedia":[{"embeddable":true,"href":"https:\/\/ppdegalicia.com\/es\/wp-json\/wp\/v2\/media\/65856"}],"wp:attachment":[{"href":"https:\/\/ppdegalicia.com\/es\/wp-json\/wp\/v2\/media?parent=65855"}],"wp:term":[{"taxonomy":"category","embeddable":true,"href":"https:\/\/ppdegalicia.com\/es\/wp-json\/wp\/v2\/categories?post=65855"},{"taxonomy":"post_tag","embeddable":true,"href":"https:\/\/ppdegalicia.com\/es\/wp-json\/wp\/v2\/tags?post=65855"}],"curies":[{"name":"wp","href":"https:\/\/api.w.org\/{rel}","templated":true}]}}