{"id":65859,"date":"2025-02-12T17:12:31","date_gmt":"2025-02-12T16:12:31","guid":{"rendered":"https:\/\/ppdegalicia.com\/?p=65859"},"modified":"2025-02-12T17:12:31","modified_gmt":"2025-02-12T16:12:31","slug":"o-grupo-popular-acusa-ao-bng-de-pretender-que-a-xunta-incumpra-a-constitucion-desautorizando-o-grao-de-dereito-na-universidade-intercontinental-da-empresa","status":"publish","type":"post","link":"https:\/\/ppdegalicia.com\/es\/o-grupo-popular-acusa-ao-bng-de-pretender-que-a-xunta-incumpra-a-constitucion-desautorizando-o-grao-de-dereito-na-universidade-intercontinental-da-empresa\/","title":{"rendered":"O Grupo Popular acusa ao BNG de pretender que a Xunta incumpra a Constituci\u00f3n desautorizando o grao de Dereito na Universidade Intercontinental da Empresa"},"content":{"rendered":"<p>A portavoz de Educaci\u00f3n do Grupo Popular, Cecilia V\u00e1zquez, acusou hoxe no Pleno do Parlamento galego ao BNG de pretender que a Xunta incumpra a Constituci\u00f3n Espa\u00f1ola ao solicitar que non se autorice un grado universitario na Universidade Intercontinental da Empresa, \u201calgo que ser\u00eda totalmente arbitrario e limitar\u00eda a liberdade das persoas \u00e1 iniciativa empresarial\u201d. \u201cO BNG odia a iniciativa privada e a liberdade de elecci\u00f3n, porque so contemplan unha posibilidade: impo\u00f1er o pensamento \u00fanico\u201d, apuntou.<\/p>\n<p>\u201cPola s\u00faa actitude sectaria, no BNG nunca lles gustou a Universidade Continental da Empresa, a pesar de que as universidades privadas son unha realidade en Espa\u00f1a e noutros pa\u00edses da nosa contorna, e que a s\u00faa posta en marcha supuxo ampliar o abano de opci\u00f3ns formativas para os universitarios galegos\u201d, manifestou.<\/p>\n<p><strong>DUPLICIDADE DE TITULACI\u00d3NS<\/strong><\/p>\n<p>Cecilia V\u00e1zquez asegurou que \u201c\u00e9 falso que a Lei 6\/2013 do Sistema Universitario de Galicia impida a duplicidade de titulaci\u00f3ns\u201d, e explicou que \u201climitar que unha universidade privada imparta unhas ensinanzas, despois de superar os tr\u00e1mites preceptivos, \u00e9 inconstitucional\u201d. Neste sentido, lembrou unha sentenza recente que declarou inconstitucional unha parte da Lei universitaria de Arag\u00f3n por impedir aos centros privados duplicar o plan de estudos do p\u00fablico.<\/p>\n<p>\u201cEn Galicia podemos estar orgullosos de contar cun mapa de titulaci\u00f3ns con m\u00e1is de 130 graos p\u00fablicos co obxectivo de que cada alumno galego poida cursar os estudos que queira en Galicia\u201d, sinalou a portavoz popular.<\/p>\n<p>Respecto da proposta do novo grao de dereito na Universidade Intercontinental da Empresa, Cecilia V\u00e1zquez explicou que \u201ca Xunta non autorizou nada e se limitou a emitir un informe de pertinencia socioecon\u00f3mica que se remitiu \u00e1 Axencia para a Calidade do Sistema Universitario de Galicia (ACSUG), quen deber\u00e1 emitir o informe final favorable ou desfavorable\u201d.<\/p>\n<p>Para rematar, V\u00e1zquez cuestionou aos grupos da oposici\u00f3n \u201ccomo poden falar de privatizaci\u00f3n da universidade galega?, cando temos en marcha o Plan de financiamento universitario 2022-2026, dotado co maior apoio da historia por parte da Xunta: 538 mill\u00f3ns de euros; avanzamos no obxectivo de acadar o 1 por cento de investimento de recursos p\u00fablicos nas universidades fixado polo Estado para antes do 2030; ou coa posta en marcha da matr\u00edcula universitaria gratu\u00edta ou a conxelaci\u00f3n das taxas universitarias desde hai 14 anos\u201d.<\/p>\n","protected":false},"excerpt":{"rendered":"<p>A portavoz de Educaci\u00f3n do Grupo Popular, Cecilia V\u00e1zquez, acusou hoxe no Pleno do Parlamento galego ao BNG de pretender que a Xunta incumpra a Constituci\u00f3n Espa\u00f1ola ao solicitar que non se autorice un grado universitario na Universidade Intercontinental da Empresa, \u201calgo que ser\u00eda totalmente arbitrario e limitar\u00eda a liberdade das persoas \u00e1 iniciativa empresarial\u201d. [&hellip;]<\/p>\n","protected":false},"author":38,"featured_media":65860,"comment_status":"closed","ping_status":"open","sticky":false,"template":"","format":"standard","meta":{"_acf_changed":false,"footnotes":""},"categories":[1128],"tags":[],"class_list":["post-65859","post","type-post","status-publish","format-standard","has-post-thumbnail","hentry","category-actualidad-parlamento-de-galicia"],"acf":[],"yoast_head":"<!-- This site is optimized with the Yoast SEO plugin v27.3 - https:\/\/yoast.com\/product\/yoast-seo-wordpress\/ -->\n<title>O Grupo Popular acusa ao BNG de pretender que a Xunta incumpra a Constituci\u00f3n desautorizando o grao de Dereito na Universidade Intercontinental da Empresa - PP de Galicia<\/title>\n<meta name=\"description\" content=\"A portavoz de Educaci\u00f3n do Grupo Popular, Cecilia V\u00e1zquez, acusou hoxe no Pleno do Parlamento galego ao BNG de pretender que a Xunta incumpra a Constituci\u00f3n Espa\u00f1ola ao solicitar que non se autorice un grado universitario na Universidade Intercontinental da Empresa, \u201calgo que ser\u00eda totalmente arbitrario e limitar\u00eda a liberdade das persoas \u00e1 iniciativa empresarial\u201d. \u201cO BNG odia a iniciativa privada e a liberdade de elecci\u00f3n, porque so contemplan unha posibilidade: impo\u00f1er o pensamento \u00fanico\u201d, apuntou.\" \/>\n<meta name=\"robots\" content=\"index, follow, max-snippet:-1, max-image-preview:large, max-video-preview:-1\" \/>\n<link rel=\"canonical\" href=\"https:\/\/ppdegalicia.com\/es\/o-grupo-popular-acusa-ao-bng-de-pretender-que-a-xunta-incumpra-a-constitucion-desautorizando-o-grao-de-dereito-na-universidade-intercontinental-da-empresa\/\" \/>\n<meta property=\"og:locale\" content=\"es_ES\" \/>\n<meta property=\"og:type\" content=\"article\" \/>\n<meta property=\"og:title\" content=\"O Grupo Popular acusa ao BNG de pretender que a Xunta incumpra a Constituci\u00f3n desautorizando o grao de Dereito na Universidade Intercontinental da Empresa - PP de Galicia\" \/>\n<meta property=\"og:description\" content=\"A portavoz de Educaci\u00f3n do Grupo Popular, Cecilia V\u00e1zquez, acusou hoxe no Pleno do Parlamento galego ao BNG de pretender que a Xunta incumpra a Constituci\u00f3n Espa\u00f1ola ao solicitar que non se autorice un grado universitario na Universidade Intercontinental da Empresa, \u201calgo que ser\u00eda totalmente arbitrario e limitar\u00eda a liberdade das persoas \u00e1 iniciativa empresarial\u201d. \u201cO BNG odia a iniciativa privada e a liberdade de elecci\u00f3n, porque so contemplan unha posibilidade: impo\u00f1er o pensamento \u00fanico\u201d, apuntou.\" \/>\n<meta property=\"og:url\" content=\"https:\/\/ppdegalicia.com\/es\/o-grupo-popular-acusa-ao-bng-de-pretender-que-a-xunta-incumpra-a-constitucion-desautorizando-o-grao-de-dereito-na-universidade-intercontinental-da-empresa\/\" \/>\n<meta property=\"og:site_name\" content=\"PP de Galicia\" \/>\n<meta property=\"article:publisher\" content=\"https:\/\/www.instagram.com\/ppdegalicia\/\" \/>\n<meta property=\"article:published_time\" content=\"2025-02-12T16:12:31+00:00\" \/>\n<meta property=\"og:image\" content=\"https:\/\/ppdegalicia.com\/wp-content\/uploads\/2025\/02\/20250212_Pleno_Ordinario93-scaled.jpg\" \/>\n\t<meta property=\"og:image:width\" content=\"2560\" \/>\n\t<meta property=\"og:image:height\" content=\"1706\" \/>\n\t<meta property=\"og:image:type\" content=\"image\/jpeg\" \/>\n<meta name=\"author\" content=\"ppdegaliciaredes\" \/>\n<meta name=\"twitter:card\" content=\"summary_large_image\" \/>\n<meta name=\"twitter:creator\" content=\"@ppdegalicia\" \/>\n<meta name=\"twitter:site\" content=\"@ppdegalicia\" \/>\n<meta name=\"twitter:label1\" content=\"Escrito por\" \/>\n\t<meta name=\"twitter:data1\" content=\"ppdegaliciaredes\" \/>\n\t<meta name=\"twitter:label2\" content=\"Tiempo de lectura\" \/>\n\t<meta name=\"twitter:data2\" content=\"3 minutos\" \/>\n<script type=\"application\/ld+json\" class=\"yoast-schema-graph\">{\"@context\":\"https:\\\/\\\/schema.org\",\"@graph\":[{\"@type\":\"Article\",\"@id\":\"https:\\\/\\\/ppdegalicia.com\\\/es\\\/o-grupo-popular-acusa-ao-bng-de-pretender-que-a-xunta-incumpra-a-constitucion-desautorizando-o-grao-de-dereito-na-universidade-intercontinental-da-empresa\\\/#article\",\"isPartOf\":{\"@id\":\"https:\\\/\\\/ppdegalicia.com\\\/es\\\/o-grupo-popular-acusa-ao-bng-de-pretender-que-a-xunta-incumpra-a-constitucion-desautorizando-o-grao-de-dereito-na-universidade-intercontinental-da-empresa\\\/\"},\"author\":{\"name\":\"ppdegaliciaredes\",\"@id\":\"https:\\\/\\\/ppdegalicia.com\\\/es\\\/#\\\/schema\\\/person\\\/5b822c6f59e872ebdd1142f307dbcb59\"},\"headline\":\"O Grupo Popular acusa ao BNG de pretender que a Xunta incumpra a Constituci\u00f3n desautorizando o grao de Dereito na Universidade Intercontinental da Empresa\",\"datePublished\":\"2025-02-12T16:12:31+00:00\",\"mainEntityOfPage\":{\"@id\":\"https:\\\/\\\/ppdegalicia.com\\\/es\\\/o-grupo-popular-acusa-ao-bng-de-pretender-que-a-xunta-incumpra-a-constitucion-desautorizando-o-grao-de-dereito-na-universidade-intercontinental-da-empresa\\\/\"},\"wordCount\":417,\"publisher\":{\"@id\":\"https:\\\/\\\/ppdegalicia.com\\\/es\\\/#organization\"},\"image\":{\"@id\":\"https:\\\/\\\/ppdegalicia.com\\\/es\\\/o-grupo-popular-acusa-ao-bng-de-pretender-que-a-xunta-incumpra-a-constitucion-desautorizando-o-grao-de-dereito-na-universidade-intercontinental-da-empresa\\\/#primaryimage\"},\"thumbnailUrl\":\"https:\\\/\\\/ppdegalicia.com\\\/wp-content\\\/uploads\\\/2025\\\/02\\\/20250212_Pleno_Ordinario93-scaled.jpg\",\"articleSection\":[\"Parlamento de Galicia\"],\"inLanguage\":\"es\"},{\"@type\":\"WebPage\",\"@id\":\"https:\\\/\\\/ppdegalicia.com\\\/es\\\/o-grupo-popular-acusa-ao-bng-de-pretender-que-a-xunta-incumpra-a-constitucion-desautorizando-o-grao-de-dereito-na-universidade-intercontinental-da-empresa\\\/\",\"url\":\"https:\\\/\\\/ppdegalicia.com\\\/es\\\/o-grupo-popular-acusa-ao-bng-de-pretender-que-a-xunta-incumpra-a-constitucion-desautorizando-o-grao-de-dereito-na-universidade-intercontinental-da-empresa\\\/\",\"name\":\"O Grupo Popular acusa ao BNG de pretender que a Xunta incumpra a Constituci\u00f3n desautorizando o grao de Dereito na Universidade Intercontinental da Empresa - PP de Galicia\",\"isPartOf\":{\"@id\":\"https:\\\/\\\/ppdegalicia.com\\\/es\\\/#website\"},\"primaryImageOfPage\":{\"@id\":\"https:\\\/\\\/ppdegalicia.com\\\/es\\\/o-grupo-popular-acusa-ao-bng-de-pretender-que-a-xunta-incumpra-a-constitucion-desautorizando-o-grao-de-dereito-na-universidade-intercontinental-da-empresa\\\/#primaryimage\"},\"image\":{\"@id\":\"https:\\\/\\\/ppdegalicia.com\\\/es\\\/o-grupo-popular-acusa-ao-bng-de-pretender-que-a-xunta-incumpra-a-constitucion-desautorizando-o-grao-de-dereito-na-universidade-intercontinental-da-empresa\\\/#primaryimage\"},\"thumbnailUrl\":\"https:\\\/\\\/ppdegalicia.com\\\/wp-content\\\/uploads\\\/2025\\\/02\\\/20250212_Pleno_Ordinario93-scaled.jpg\",\"datePublished\":\"2025-02-12T16:12:31+00:00\",\"description\":\"A portavoz de Educaci\u00f3n do Grupo Popular, Cecilia V\u00e1zquez, acusou hoxe no Pleno do Parlamento galego ao BNG de pretender que a Xunta incumpra a Constituci\u00f3n Espa\u00f1ola ao solicitar que non se autorice un grado universitario na Universidade Intercontinental da Empresa, \u201calgo que ser\u00eda totalmente arbitrario e limitar\u00eda a liberdade das persoas \u00e1 iniciativa empresarial\u201d. \u201cO BNG odia a iniciativa privada e a liberdade de elecci\u00f3n, porque so contemplan unha posibilidade: impo\u00f1er o pensamento \u00fanico\u201d, apuntou.\",\"breadcrumb\":{\"@id\":\"https:\\\/\\\/ppdegalicia.com\\\/es\\\/o-grupo-popular-acusa-ao-bng-de-pretender-que-a-xunta-incumpra-a-constitucion-desautorizando-o-grao-de-dereito-na-universidade-intercontinental-da-empresa\\\/#breadcrumb\"},\"inLanguage\":\"es\",\"potentialAction\":[{\"@type\":\"ReadAction\",\"target\":[\"https:\\\/\\\/ppdegalicia.com\\\/es\\\/o-grupo-popular-acusa-ao-bng-de-pretender-que-a-xunta-incumpra-a-constitucion-desautorizando-o-grao-de-dereito-na-universidade-intercontinental-da-empresa\\\/\"]}]},{\"@type\":\"ImageObject\",\"inLanguage\":\"es\",\"@id\":\"https:\\\/\\\/ppdegalicia.com\\\/es\\\/o-grupo-popular-acusa-ao-bng-de-pretender-que-a-xunta-incumpra-a-constitucion-desautorizando-o-grao-de-dereito-na-universidade-intercontinental-da-empresa\\\/#primaryimage\",\"url\":\"https:\\\/\\\/ppdegalicia.com\\\/wp-content\\\/uploads\\\/2025\\\/02\\\/20250212_Pleno_Ordinario93-scaled.jpg\",\"contentUrl\":\"https:\\\/\\\/ppdegalicia.com\\\/wp-content\\\/uploads\\\/2025\\\/02\\\/20250212_Pleno_Ordinario93-scaled.jpg\",\"width\":2560,\"height\":1706},{\"@type\":\"BreadcrumbList\",\"@id\":\"https:\\\/\\\/ppdegalicia.com\\\/es\\\/o-grupo-popular-acusa-ao-bng-de-pretender-que-a-xunta-incumpra-a-constitucion-desautorizando-o-grao-de-dereito-na-universidade-intercontinental-da-empresa\\\/#breadcrumb\",\"itemListElement\":[{\"@type\":\"ListItem\",\"position\":1,\"name\":\"Portada\",\"item\":\"https:\\\/\\\/ppdegalicia.com\\\/es\\\/\"},{\"@type\":\"ListItem\",\"position\":2,\"name\":\"O Grupo Popular acusa ao BNG de pretender que a Xunta incumpra a Constituci\u00f3n desautorizando o grao de Dereito na Universidade Intercontinental da Empresa\"}]},{\"@type\":\"WebSite\",\"@id\":\"https:\\\/\\\/ppdegalicia.com\\\/es\\\/#website\",\"url\":\"https:\\\/\\\/ppdegalicia.com\\\/es\\\/\",\"name\":\"Partido Popular de Galicia\",\"description\":\"Partido Popular de Galicia\",\"publisher\":{\"@id\":\"https:\\\/\\\/ppdegalicia.com\\\/es\\\/#organization\"},\"alternateName\":\"PP de Galicia\",\"potentialAction\":[{\"@type\":\"SearchAction\",\"target\":{\"@type\":\"EntryPoint\",\"urlTemplate\":\"https:\\\/\\\/ppdegalicia.com\\\/es\\\/?s={search_term_string}\"},\"query-input\":{\"@type\":\"PropertyValueSpecification\",\"valueRequired\":true,\"valueName\":\"search_term_string\"}}],\"inLanguage\":\"es\"},{\"@type\":\"Organization\",\"@id\":\"https:\\\/\\\/ppdegalicia.com\\\/es\\\/#organization\",\"name\":\"Partido Popular de Galicia\",\"alternateName\":\"PP de Galicia\",\"url\":\"https:\\\/\\\/ppdegalicia.com\\\/es\\\/\",\"logo\":{\"@type\":\"ImageObject\",\"inLanguage\":\"es\",\"@id\":\"https:\\\/\\\/ppdegalicia.com\\\/es\\\/#\\\/schema\\\/logo\\\/image\\\/\",\"url\":\"https:\\\/\\\/ppdegalicia.com\\\/wp-content\\\/uploads\\\/2023\\\/04\\\/logoPP512.png\",\"contentUrl\":\"https:\\\/\\\/ppdegalicia.com\\\/wp-content\\\/uploads\\\/2023\\\/04\\\/logoPP512.png\",\"width\":512,\"height\":512,\"caption\":\"Partido Popular de Galicia\"},\"image\":{\"@id\":\"https:\\\/\\\/ppdegalicia.com\\\/es\\\/#\\\/schema\\\/logo\\\/image\\\/\"},\"sameAs\":[\"https:\\\/\\\/www.instagram.com\\\/ppdegalicia\\\/\",\"https:\\\/\\\/x.com\\\/ppdegalicia\",\"https:\\\/\\\/www.tiktok.com\\\/@ppdegalicia\",\"https:\\\/\\\/www.youtube.com\\\/user\\\/ppdegalicia\"]},{\"@type\":\"Person\",\"@id\":\"https:\\\/\\\/ppdegalicia.com\\\/es\\\/#\\\/schema\\\/person\\\/5b822c6f59e872ebdd1142f307dbcb59\",\"name\":\"ppdegaliciaredes\",\"image\":{\"@type\":\"ImageObject\",\"inLanguage\":\"es\",\"@id\":\"https:\\\/\\\/secure.gravatar.com\\\/avatar\\\/3c9179cf0256d00c72a48d1f25783c58b6842cd56e85ef3a572881c8e28ccd59?s=96&d=mm&r=g\",\"url\":\"https:\\\/\\\/secure.gravatar.com\\\/avatar\\\/3c9179cf0256d00c72a48d1f25783c58b6842cd56e85ef3a572881c8e28ccd59?s=96&d=mm&r=g\",\"contentUrl\":\"https:\\\/\\\/secure.gravatar.com\\\/avatar\\\/3c9179cf0256d00c72a48d1f25783c58b6842cd56e85ef3a572881c8e28ccd59?s=96&d=mm&r=g\",\"caption\":\"ppdegaliciaredes\"},\"url\":\"https:\\\/\\\/ppdegalicia.com\\\/es\\\/author\\\/ppdegaliciaredes\\\/\"}]}<\/script>\n<!-- \/ Yoast SEO plugin. -->","yoast_head_json":{"title":"O Grupo Popular acusa ao BNG de pretender que a Xunta incumpra a Constituci\u00f3n desautorizando o grao de Dereito na Universidade Intercontinental da Empresa - PP de Galicia","description":"A portavoz de Educaci\u00f3n do Grupo Popular, Cecilia V\u00e1zquez, acusou hoxe no Pleno do Parlamento galego ao BNG de pretender que a Xunta incumpra a Constituci\u00f3n Espa\u00f1ola ao solicitar que non se autorice un grado universitario na Universidade Intercontinental da Empresa, \u201calgo que ser\u00eda totalmente arbitrario e limitar\u00eda a liberdade das persoas \u00e1 iniciativa empresarial\u201d. \u201cO BNG odia a iniciativa privada e a liberdade de elecci\u00f3n, porque so contemplan unha posibilidade: impo\u00f1er o pensamento \u00fanico\u201d, apuntou.","robots":{"index":"index","follow":"follow","max-snippet":"max-snippet:-1","max-image-preview":"max-image-preview:large","max-video-preview":"max-video-preview:-1"},"canonical":"https:\/\/ppdegalicia.com\/es\/o-grupo-popular-acusa-ao-bng-de-pretender-que-a-xunta-incumpra-a-constitucion-desautorizando-o-grao-de-dereito-na-universidade-intercontinental-da-empresa\/","og_locale":"es_ES","og_type":"article","og_title":"O Grupo Popular acusa ao BNG de pretender que a Xunta incumpra a Constituci\u00f3n desautorizando o grao de Dereito na Universidade Intercontinental da Empresa - PP de Galicia","og_description":"A portavoz de Educaci\u00f3n do Grupo Popular, Cecilia V\u00e1zquez, acusou hoxe no Pleno do Parlamento galego ao BNG de pretender que a Xunta incumpra a Constituci\u00f3n Espa\u00f1ola ao solicitar que non se autorice un grado universitario na Universidade Intercontinental da Empresa, \u201calgo que ser\u00eda totalmente arbitrario e limitar\u00eda a liberdade das persoas \u00e1 iniciativa empresarial\u201d. \u201cO BNG odia a iniciativa privada e a liberdade de elecci\u00f3n, porque so contemplan unha posibilidade: impo\u00f1er o pensamento \u00fanico\u201d, apuntou.","og_url":"https:\/\/ppdegalicia.com\/es\/o-grupo-popular-acusa-ao-bng-de-pretender-que-a-xunta-incumpra-a-constitucion-desautorizando-o-grao-de-dereito-na-universidade-intercontinental-da-empresa\/","og_site_name":"PP de Galicia","article_publisher":"https:\/\/www.instagram.com\/ppdegalicia\/","article_published_time":"2025-02-12T16:12:31+00:00","og_image":[{"width":2560,"height":1706,"url":"https:\/\/ppdegalicia.com\/wp-content\/uploads\/2025\/02\/20250212_Pleno_Ordinario93-scaled.jpg","type":"image\/jpeg"}],"author":"ppdegaliciaredes","twitter_card":"summary_large_image","twitter_creator":"@ppdegalicia","twitter_site":"@ppdegalicia","twitter_misc":{"Escrito por":"ppdegaliciaredes","Tiempo de lectura":"3 minutos"},"schema":{"@context":"https:\/\/schema.org","@graph":[{"@type":"Article","@id":"https:\/\/ppdegalicia.com\/es\/o-grupo-popular-acusa-ao-bng-de-pretender-que-a-xunta-incumpra-a-constitucion-desautorizando-o-grao-de-dereito-na-universidade-intercontinental-da-empresa\/#article","isPartOf":{"@id":"https:\/\/ppdegalicia.com\/es\/o-grupo-popular-acusa-ao-bng-de-pretender-que-a-xunta-incumpra-a-constitucion-desautorizando-o-grao-de-dereito-na-universidade-intercontinental-da-empresa\/"},"author":{"name":"ppdegaliciaredes","@id":"https:\/\/ppdegalicia.com\/es\/#\/schema\/person\/5b822c6f59e872ebdd1142f307dbcb59"},"headline":"O Grupo Popular acusa ao BNG de pretender que a Xunta incumpra a Constituci\u00f3n desautorizando o grao de Dereito na Universidade Intercontinental da Empresa","datePublished":"2025-02-12T16:12:31+00:00","mainEntityOfPage":{"@id":"https:\/\/ppdegalicia.com\/es\/o-grupo-popular-acusa-ao-bng-de-pretender-que-a-xunta-incumpra-a-constitucion-desautorizando-o-grao-de-dereito-na-universidade-intercontinental-da-empresa\/"},"wordCount":417,"publisher":{"@id":"https:\/\/ppdegalicia.com\/es\/#organization"},"image":{"@id":"https:\/\/ppdegalicia.com\/es\/o-grupo-popular-acusa-ao-bng-de-pretender-que-a-xunta-incumpra-a-constitucion-desautorizando-o-grao-de-dereito-na-universidade-intercontinental-da-empresa\/#primaryimage"},"thumbnailUrl":"https:\/\/ppdegalicia.com\/wp-content\/uploads\/2025\/02\/20250212_Pleno_Ordinario93-scaled.jpg","articleSection":["Parlamento de Galicia"],"inLanguage":"es"},{"@type":"WebPage","@id":"https:\/\/ppdegalicia.com\/es\/o-grupo-popular-acusa-ao-bng-de-pretender-que-a-xunta-incumpra-a-constitucion-desautorizando-o-grao-de-dereito-na-universidade-intercontinental-da-empresa\/","url":"https:\/\/ppdegalicia.com\/es\/o-grupo-popular-acusa-ao-bng-de-pretender-que-a-xunta-incumpra-a-constitucion-desautorizando-o-grao-de-dereito-na-universidade-intercontinental-da-empresa\/","name":"O Grupo Popular acusa ao BNG de pretender que a Xunta incumpra a Constituci\u00f3n desautorizando o grao de Dereito na Universidade Intercontinental da Empresa - PP de Galicia","isPartOf":{"@id":"https:\/\/ppdegalicia.com\/es\/#website"},"primaryImageOfPage":{"@id":"https:\/\/ppdegalicia.com\/es\/o-grupo-popular-acusa-ao-bng-de-pretender-que-a-xunta-incumpra-a-constitucion-desautorizando-o-grao-de-dereito-na-universidade-intercontinental-da-empresa\/#primaryimage"},"image":{"@id":"https:\/\/ppdegalicia.com\/es\/o-grupo-popular-acusa-ao-bng-de-pretender-que-a-xunta-incumpra-a-constitucion-desautorizando-o-grao-de-dereito-na-universidade-intercontinental-da-empresa\/#primaryimage"},"thumbnailUrl":"https:\/\/ppdegalicia.com\/wp-content\/uploads\/2025\/02\/20250212_Pleno_Ordinario93-scaled.jpg","datePublished":"2025-02-12T16:12:31+00:00","description":"A portavoz de Educaci\u00f3n do Grupo Popular, Cecilia V\u00e1zquez, acusou hoxe no Pleno do Parlamento galego ao BNG de pretender que a Xunta incumpra a Constituci\u00f3n Espa\u00f1ola ao solicitar que non se autorice un grado universitario na Universidade Intercontinental da Empresa, \u201calgo que ser\u00eda totalmente arbitrario e limitar\u00eda a liberdade das persoas \u00e1 iniciativa empresarial\u201d. \u201cO BNG odia a iniciativa privada e a liberdade de elecci\u00f3n, porque so contemplan unha posibilidade: impo\u00f1er o pensamento \u00fanico\u201d, apuntou.","breadcrumb":{"@id":"https:\/\/ppdegalicia.com\/es\/o-grupo-popular-acusa-ao-bng-de-pretender-que-a-xunta-incumpra-a-constitucion-desautorizando-o-grao-de-dereito-na-universidade-intercontinental-da-empresa\/#breadcrumb"},"inLanguage":"es","potentialAction":[{"@type":"ReadAction","target":["https:\/\/ppdegalicia.com\/es\/o-grupo-popular-acusa-ao-bng-de-pretender-que-a-xunta-incumpra-a-constitucion-desautorizando-o-grao-de-dereito-na-universidade-intercontinental-da-empresa\/"]}]},{"@type":"ImageObject","inLanguage":"es","@id":"https:\/\/ppdegalicia.com\/es\/o-grupo-popular-acusa-ao-bng-de-pretender-que-a-xunta-incumpra-a-constitucion-desautorizando-o-grao-de-dereito-na-universidade-intercontinental-da-empresa\/#primaryimage","url":"https:\/\/ppdegalicia.com\/wp-content\/uploads\/2025\/02\/20250212_Pleno_Ordinario93-scaled.jpg","contentUrl":"https:\/\/ppdegalicia.com\/wp-content\/uploads\/2025\/02\/20250212_Pleno_Ordinario93-scaled.jpg","width":2560,"height":1706},{"@type":"BreadcrumbList","@id":"https:\/\/ppdegalicia.com\/es\/o-grupo-popular-acusa-ao-bng-de-pretender-que-a-xunta-incumpra-a-constitucion-desautorizando-o-grao-de-dereito-na-universidade-intercontinental-da-empresa\/#breadcrumb","itemListElement":[{"@type":"ListItem","position":1,"name":"Portada","item":"https:\/\/ppdegalicia.com\/es\/"},{"@type":"ListItem","position":2,"name":"O Grupo Popular acusa ao BNG de pretender que a Xunta incumpra a Constituci\u00f3n desautorizando o grao de Dereito na Universidade Intercontinental da Empresa"}]},{"@type":"WebSite","@id":"https:\/\/ppdegalicia.com\/es\/#website","url":"https:\/\/ppdegalicia.com\/es\/","name":"Partido Popular de Galicia","description":"Partido Popular de Galicia","publisher":{"@id":"https:\/\/ppdegalicia.com\/es\/#organization"},"alternateName":"PP de Galicia","potentialAction":[{"@type":"SearchAction","target":{"@type":"EntryPoint","urlTemplate":"https:\/\/ppdegalicia.com\/es\/?s={search_term_string}"},"query-input":{"@type":"PropertyValueSpecification","valueRequired":true,"valueName":"search_term_string"}}],"inLanguage":"es"},{"@type":"Organization","@id":"https:\/\/ppdegalicia.com\/es\/#organization","name":"Partido Popular de Galicia","alternateName":"PP de Galicia","url":"https:\/\/ppdegalicia.com\/es\/","logo":{"@type":"ImageObject","inLanguage":"es","@id":"https:\/\/ppdegalicia.com\/es\/#\/schema\/logo\/image\/","url":"https:\/\/ppdegalicia.com\/wp-content\/uploads\/2023\/04\/logoPP512.png","contentUrl":"https:\/\/ppdegalicia.com\/wp-content\/uploads\/2023\/04\/logoPP512.png","width":512,"height":512,"caption":"Partido Popular de Galicia"},"image":{"@id":"https:\/\/ppdegalicia.com\/es\/#\/schema\/logo\/image\/"},"sameAs":["https:\/\/www.instagram.com\/ppdegalicia\/","https:\/\/x.com\/ppdegalicia","https:\/\/www.tiktok.com\/@ppdegalicia","https:\/\/www.youtube.com\/user\/ppdegalicia"]},{"@type":"Person","@id":"https:\/\/ppdegalicia.com\/es\/#\/schema\/person\/5b822c6f59e872ebdd1142f307dbcb59","name":"ppdegaliciaredes","image":{"@type":"ImageObject","inLanguage":"es","@id":"https:\/\/secure.gravatar.com\/avatar\/3c9179cf0256d00c72a48d1f25783c58b6842cd56e85ef3a572881c8e28ccd59?s=96&d=mm&r=g","url":"https:\/\/secure.gravatar.com\/avatar\/3c9179cf0256d00c72a48d1f25783c58b6842cd56e85ef3a572881c8e28ccd59?s=96&d=mm&r=g","contentUrl":"https:\/\/secure.gravatar.com\/avatar\/3c9179cf0256d00c72a48d1f25783c58b6842cd56e85ef3a572881c8e28ccd59?s=96&d=mm&r=g","caption":"ppdegaliciaredes"},"url":"https:\/\/ppdegalicia.com\/es\/author\/ppdegaliciaredes\/"}]}},"_links":{"self":[{"href":"https:\/\/ppdegalicia.com\/es\/wp-json\/wp\/v2\/posts\/65859","targetHints":{"allow":["GET"]}}],"collection":[{"href":"https:\/\/ppdegalicia.com\/es\/wp-json\/wp\/v2\/posts"}],"about":[{"href":"https:\/\/ppdegalicia.com\/es\/wp-json\/wp\/v2\/types\/post"}],"author":[{"embeddable":true,"href":"https:\/\/ppdegalicia.com\/es\/wp-json\/wp\/v2\/users\/38"}],"replies":[{"embeddable":true,"href":"https:\/\/ppdegalicia.com\/es\/wp-json\/wp\/v2\/comments?post=65859"}],"version-history":[{"count":1,"href":"https:\/\/ppdegalicia.com\/es\/wp-json\/wp\/v2\/posts\/65859\/revisions"}],"predecessor-version":[{"id":65862,"href":"https:\/\/ppdegalicia.com\/es\/wp-json\/wp\/v2\/posts\/65859\/revisions\/65862"}],"wp:featuredmedia":[{"embeddable":true,"href":"https:\/\/ppdegalicia.com\/es\/wp-json\/wp\/v2\/media\/65860"}],"wp:attachment":[{"href":"https:\/\/ppdegalicia.com\/es\/wp-json\/wp\/v2\/media?parent=65859"}],"wp:term":[{"taxonomy":"category","embeddable":true,"href":"https:\/\/ppdegalicia.com\/es\/wp-json\/wp\/v2\/categories?post=65859"},{"taxonomy":"post_tag","embeddable":true,"href":"https:\/\/ppdegalicia.com\/es\/wp-json\/wp\/v2\/tags?post=65859"}],"curies":[{"name":"wp","href":"https:\/\/api.w.org\/{rel}","templated":true}]}}