{"id":66102,"date":"2025-03-07T14:38:59","date_gmt":"2025-03-07T13:38:59","guid":{"rendered":"https:\/\/ppdegalicia.com\/?p=66102"},"modified":"2025-03-07T14:38:59","modified_gmt":"2025-03-07T13:38:59","slug":"paula-prado-felicita-a-marina-gueimunde-en-viveiro-e-anuncia-que-estara-mana-no-foro-de-alcaldesas-do-ppdeg","status":"publish","type":"post","link":"https:\/\/ppdegalicia.com\/es\/paula-prado-felicita-a-marina-gueimunde-en-viveiro-e-anuncia-que-estara-mana-no-foro-de-alcaldesas-do-ppdeg\/","title":{"rendered":"Paula Prado felicita a Mari\u00f1a Gueimunde en Viveiro e anuncia que estar\u00e1 ma\u00f1\u00e1 no Foro de Alcaldesas do PPdeG"},"content":{"rendered":"<p style=\"font-weight: 400;\">O PPdeG celebra a investidura de Mari\u00f1a Gueimunde como nova alcaldesa de Viveiro na medida en que con ela suman xa 29 rexedoras (6 na provincia de Lugo e 2 na Mari\u00f1a lucense) e se consolida como o partido con m\u00e1is mulleres \u00e1 fronte dos concellos en Galicia.<\/p>\n<p style=\"font-weight: 400;\">Esta ma\u00f1\u00e1 a secretaria xeral dos populares galegos, Paula Prado, e a presidenta provincial do PP de Lugo, Elena Candia, asistiron ao Pleno de investidura no que a ga\u00f1adora das pasadas elecci\u00f3ns municipais resultou elixida alcaldesa para trasladarlle a Gueimunde a mellor das sortes nesta nova etapa.<\/p>\n<p style=\"font-weight: 400;\">As d\u00faas dirixentes consideran significativo que, \u00e1s portas do D\u00eda Internacional da Muller, o partido vaia sumar unha alcaldesa m\u00e1is e, de feito, Paula Prado anunciou que na reuni\u00f3n do Foro de Alcaldesas que se celebrar\u00e1 ma\u00f1\u00e1 en Boimorto a nova rexedora\u00a0viveirense estar\u00e1 tam\u00e9n presente.<\/p>\n<p style=\"font-weight: 400;\">A n\u00famero dous do PPdeG considera que a moci\u00f3n de censura foi unha decisi\u00f3n tomada desde a responsabilidade e co obxectivo de darlle un impulso a Viveiro ante un goberno que estaba paralizado e non atendeu as necesidades dos veci\u00f1os. \u201cAo final estase descubrindo o que xa se sab\u00eda: que os pactos de perdedores non son bos para a cidadan\u00eda\u201d, asegurou.<\/p>\n","protected":false},"excerpt":{"rendered":"<p>O PPdeG celebra a investidura de Mari\u00f1a Gueimunde como nova alcaldesa de Viveiro na medida en que con ela suman xa 29 rexedoras (6 na provincia de Lugo e 2 na Mari\u00f1a lucense) e se consolida como o partido con m\u00e1is mulleres \u00e1 fronte dos concellos en Galicia. Esta ma\u00f1\u00e1 a secretaria xeral dos populares [&hellip;]<\/p>\n","protected":false},"author":38,"featured_media":66103,"comment_status":"closed","ping_status":"open","sticky":false,"template":"","format":"standard","meta":{"_acf_changed":false,"footnotes":""},"categories":[1],"tags":[],"class_list":["post-66102","post","type-post","status-publish","format-standard","has-post-thumbnail","hentry","category-pp-de-galicia"],"acf":[],"yoast_head":"<!-- This site is optimized with the Yoast SEO plugin v27.3 - https:\/\/yoast.com\/product\/yoast-seo-wordpress\/ -->\n<title>Paula Prado felicita a Mari\u00f1a Gueimunde en Viveiro e anuncia que estar\u00e1 ma\u00f1\u00e1 no Foro de Alcaldesas do PPdeG - PP de Galicia<\/title>\n<meta name=\"description\" content=\"O PPdeG celebra a investidura de Mari\u00f1a Gueimunde como nova alcaldesa de Viveiro na medida en que con ela suman xa 29 rexedoras (6 na provincia de Lugo e 2 na Mari\u00f1a lucense) e se consolida como o partido con m\u00e1is mulleres \u00e1 fronte dos concellos en Galicia.\" \/>\n<meta name=\"robots\" content=\"index, follow, max-snippet:-1, max-image-preview:large, max-video-preview:-1\" \/>\n<link rel=\"canonical\" href=\"https:\/\/ppdegalicia.com\/es\/paula-prado-felicita-a-marina-gueimunde-en-viveiro-e-anuncia-que-estara-mana-no-foro-de-alcaldesas-do-ppdeg\/\" \/>\n<meta property=\"og:locale\" content=\"es_ES\" \/>\n<meta property=\"og:type\" content=\"article\" \/>\n<meta property=\"og:title\" content=\"Paula Prado felicita a Mari\u00f1a Gueimunde en Viveiro e anuncia que estar\u00e1 ma\u00f1\u00e1 no Foro de Alcaldesas do PPdeG - PP de Galicia\" \/>\n<meta property=\"og:description\" content=\"O PPdeG celebra a investidura de Mari\u00f1a Gueimunde como nova alcaldesa de Viveiro na medida en que con ela suman xa 29 rexedoras (6 na provincia de Lugo e 2 na Mari\u00f1a lucense) e se consolida como o partido con m\u00e1is mulleres \u00e1 fronte dos concellos en Galicia.\" \/>\n<meta property=\"og:url\" content=\"https:\/\/ppdegalicia.com\/es\/paula-prado-felicita-a-marina-gueimunde-en-viveiro-e-anuncia-que-estara-mana-no-foro-de-alcaldesas-do-ppdeg\/\" \/>\n<meta property=\"og:site_name\" content=\"PP de Galicia\" \/>\n<meta property=\"article:publisher\" content=\"https:\/\/www.instagram.com\/ppdegalicia\/\" \/>\n<meta property=\"article:published_time\" content=\"2025-03-07T13:38:59+00:00\" \/>\n<meta property=\"og:image\" content=\"https:\/\/ppdegalicia.com\/wp-content\/uploads\/2025\/03\/20250307_PaulaPrado_Viveiro-scaled.jpg\" \/>\n\t<meta property=\"og:image:width\" content=\"2560\" \/>\n\t<meta property=\"og:image:height\" content=\"1774\" \/>\n\t<meta property=\"og:image:type\" content=\"image\/jpeg\" \/>\n<meta name=\"author\" content=\"ppdegaliciaredes\" \/>\n<meta name=\"twitter:card\" content=\"summary_large_image\" \/>\n<meta name=\"twitter:creator\" content=\"@ppdegalicia\" \/>\n<meta name=\"twitter:site\" content=\"@ppdegalicia\" \/>\n<meta name=\"twitter:label1\" content=\"Escrito por\" \/>\n\t<meta name=\"twitter:data1\" content=\"ppdegaliciaredes\" \/>\n\t<meta name=\"twitter:label2\" content=\"Tiempo de lectura\" \/>\n\t<meta name=\"twitter:data2\" content=\"2 minutos\" \/>\n<script type=\"application\/ld+json\" class=\"yoast-schema-graph\">{\"@context\":\"https:\\\/\\\/schema.org\",\"@graph\":[{\"@type\":\"Article\",\"@id\":\"https:\\\/\\\/ppdegalicia.com\\\/es\\\/paula-prado-felicita-a-marina-gueimunde-en-viveiro-e-anuncia-que-estara-mana-no-foro-de-alcaldesas-do-ppdeg\\\/#article\",\"isPartOf\":{\"@id\":\"https:\\\/\\\/ppdegalicia.com\\\/es\\\/paula-prado-felicita-a-marina-gueimunde-en-viveiro-e-anuncia-que-estara-mana-no-foro-de-alcaldesas-do-ppdeg\\\/\"},\"author\":{\"name\":\"ppdegaliciaredes\",\"@id\":\"https:\\\/\\\/ppdegalicia.com\\\/es\\\/#\\\/schema\\\/person\\\/5b822c6f59e872ebdd1142f307dbcb59\"},\"headline\":\"Paula Prado felicita a Mari\u00f1a Gueimunde en Viveiro e anuncia que estar\u00e1 ma\u00f1\u00e1 no Foro de Alcaldesas do PPdeG\",\"datePublished\":\"2025-03-07T13:38:59+00:00\",\"mainEntityOfPage\":{\"@id\":\"https:\\\/\\\/ppdegalicia.com\\\/es\\\/paula-prado-felicita-a-marina-gueimunde-en-viveiro-e-anuncia-que-estara-mana-no-foro-de-alcaldesas-do-ppdeg\\\/\"},\"wordCount\":234,\"publisher\":{\"@id\":\"https:\\\/\\\/ppdegalicia.com\\\/es\\\/#organization\"},\"image\":{\"@id\":\"https:\\\/\\\/ppdegalicia.com\\\/es\\\/paula-prado-felicita-a-marina-gueimunde-en-viveiro-e-anuncia-que-estara-mana-no-foro-de-alcaldesas-do-ppdeg\\\/#primaryimage\"},\"thumbnailUrl\":\"https:\\\/\\\/ppdegalicia.com\\\/wp-content\\\/uploads\\\/2025\\\/03\\\/20250307_PaulaPrado_Viveiro-scaled.jpg\",\"articleSection\":[\"PP de Galicia\"],\"inLanguage\":\"es\"},{\"@type\":\"WebPage\",\"@id\":\"https:\\\/\\\/ppdegalicia.com\\\/es\\\/paula-prado-felicita-a-marina-gueimunde-en-viveiro-e-anuncia-que-estara-mana-no-foro-de-alcaldesas-do-ppdeg\\\/\",\"url\":\"https:\\\/\\\/ppdegalicia.com\\\/es\\\/paula-prado-felicita-a-marina-gueimunde-en-viveiro-e-anuncia-que-estara-mana-no-foro-de-alcaldesas-do-ppdeg\\\/\",\"name\":\"Paula Prado felicita a Mari\u00f1a Gueimunde en Viveiro e anuncia que estar\u00e1 ma\u00f1\u00e1 no Foro de Alcaldesas do PPdeG - PP de Galicia\",\"isPartOf\":{\"@id\":\"https:\\\/\\\/ppdegalicia.com\\\/es\\\/#website\"},\"primaryImageOfPage\":{\"@id\":\"https:\\\/\\\/ppdegalicia.com\\\/es\\\/paula-prado-felicita-a-marina-gueimunde-en-viveiro-e-anuncia-que-estara-mana-no-foro-de-alcaldesas-do-ppdeg\\\/#primaryimage\"},\"image\":{\"@id\":\"https:\\\/\\\/ppdegalicia.com\\\/es\\\/paula-prado-felicita-a-marina-gueimunde-en-viveiro-e-anuncia-que-estara-mana-no-foro-de-alcaldesas-do-ppdeg\\\/#primaryimage\"},\"thumbnailUrl\":\"https:\\\/\\\/ppdegalicia.com\\\/wp-content\\\/uploads\\\/2025\\\/03\\\/20250307_PaulaPrado_Viveiro-scaled.jpg\",\"datePublished\":\"2025-03-07T13:38:59+00:00\",\"description\":\"O PPdeG celebra a investidura de Mari\u00f1a Gueimunde como nova alcaldesa de Viveiro na medida en que con ela suman xa 29 rexedoras (6 na provincia de Lugo e 2 na Mari\u00f1a lucense) e se consolida como o partido con m\u00e1is mulleres \u00e1 fronte dos concellos en Galicia.\",\"breadcrumb\":{\"@id\":\"https:\\\/\\\/ppdegalicia.com\\\/es\\\/paula-prado-felicita-a-marina-gueimunde-en-viveiro-e-anuncia-que-estara-mana-no-foro-de-alcaldesas-do-ppdeg\\\/#breadcrumb\"},\"inLanguage\":\"es\",\"potentialAction\":[{\"@type\":\"ReadAction\",\"target\":[\"https:\\\/\\\/ppdegalicia.com\\\/es\\\/paula-prado-felicita-a-marina-gueimunde-en-viveiro-e-anuncia-que-estara-mana-no-foro-de-alcaldesas-do-ppdeg\\\/\"]}]},{\"@type\":\"ImageObject\",\"inLanguage\":\"es\",\"@id\":\"https:\\\/\\\/ppdegalicia.com\\\/es\\\/paula-prado-felicita-a-marina-gueimunde-en-viveiro-e-anuncia-que-estara-mana-no-foro-de-alcaldesas-do-ppdeg\\\/#primaryimage\",\"url\":\"https:\\\/\\\/ppdegalicia.com\\\/wp-content\\\/uploads\\\/2025\\\/03\\\/20250307_PaulaPrado_Viveiro-scaled.jpg\",\"contentUrl\":\"https:\\\/\\\/ppdegalicia.com\\\/wp-content\\\/uploads\\\/2025\\\/03\\\/20250307_PaulaPrado_Viveiro-scaled.jpg\",\"width\":2560,\"height\":1774},{\"@type\":\"BreadcrumbList\",\"@id\":\"https:\\\/\\\/ppdegalicia.com\\\/es\\\/paula-prado-felicita-a-marina-gueimunde-en-viveiro-e-anuncia-que-estara-mana-no-foro-de-alcaldesas-do-ppdeg\\\/#breadcrumb\",\"itemListElement\":[{\"@type\":\"ListItem\",\"position\":1,\"name\":\"Portada\",\"item\":\"https:\\\/\\\/ppdegalicia.com\\\/es\\\/\"},{\"@type\":\"ListItem\",\"position\":2,\"name\":\"Paula Prado felicita a Mari\u00f1a Gueimunde en Viveiro e anuncia que estar\u00e1 ma\u00f1\u00e1 no Foro de Alcaldesas do PPdeG\"}]},{\"@type\":\"WebSite\",\"@id\":\"https:\\\/\\\/ppdegalicia.com\\\/es\\\/#website\",\"url\":\"https:\\\/\\\/ppdegalicia.com\\\/es\\\/\",\"name\":\"Partido Popular de Galicia\",\"description\":\"Partido Popular de Galicia\",\"publisher\":{\"@id\":\"https:\\\/\\\/ppdegalicia.com\\\/es\\\/#organization\"},\"alternateName\":\"PP de Galicia\",\"potentialAction\":[{\"@type\":\"SearchAction\",\"target\":{\"@type\":\"EntryPoint\",\"urlTemplate\":\"https:\\\/\\\/ppdegalicia.com\\\/es\\\/?s={search_term_string}\"},\"query-input\":{\"@type\":\"PropertyValueSpecification\",\"valueRequired\":true,\"valueName\":\"search_term_string\"}}],\"inLanguage\":\"es\"},{\"@type\":\"Organization\",\"@id\":\"https:\\\/\\\/ppdegalicia.com\\\/es\\\/#organization\",\"name\":\"Partido Popular de Galicia\",\"alternateName\":\"PP de Galicia\",\"url\":\"https:\\\/\\\/ppdegalicia.com\\\/es\\\/\",\"logo\":{\"@type\":\"ImageObject\",\"inLanguage\":\"es\",\"@id\":\"https:\\\/\\\/ppdegalicia.com\\\/es\\\/#\\\/schema\\\/logo\\\/image\\\/\",\"url\":\"https:\\\/\\\/ppdegalicia.com\\\/wp-content\\\/uploads\\\/2023\\\/04\\\/logoPP512.png\",\"contentUrl\":\"https:\\\/\\\/ppdegalicia.com\\\/wp-content\\\/uploads\\\/2023\\\/04\\\/logoPP512.png\",\"width\":512,\"height\":512,\"caption\":\"Partido Popular de Galicia\"},\"image\":{\"@id\":\"https:\\\/\\\/ppdegalicia.com\\\/es\\\/#\\\/schema\\\/logo\\\/image\\\/\"},\"sameAs\":[\"https:\\\/\\\/www.instagram.com\\\/ppdegalicia\\\/\",\"https:\\\/\\\/x.com\\\/ppdegalicia\",\"https:\\\/\\\/www.tiktok.com\\\/@ppdegalicia\",\"https:\\\/\\\/www.youtube.com\\\/user\\\/ppdegalicia\"]},{\"@type\":\"Person\",\"@id\":\"https:\\\/\\\/ppdegalicia.com\\\/es\\\/#\\\/schema\\\/person\\\/5b822c6f59e872ebdd1142f307dbcb59\",\"name\":\"ppdegaliciaredes\",\"image\":{\"@type\":\"ImageObject\",\"inLanguage\":\"es\",\"@id\":\"https:\\\/\\\/secure.gravatar.com\\\/avatar\\\/3c9179cf0256d00c72a48d1f25783c58b6842cd56e85ef3a572881c8e28ccd59?s=96&d=mm&r=g\",\"url\":\"https:\\\/\\\/secure.gravatar.com\\\/avatar\\\/3c9179cf0256d00c72a48d1f25783c58b6842cd56e85ef3a572881c8e28ccd59?s=96&d=mm&r=g\",\"contentUrl\":\"https:\\\/\\\/secure.gravatar.com\\\/avatar\\\/3c9179cf0256d00c72a48d1f25783c58b6842cd56e85ef3a572881c8e28ccd59?s=96&d=mm&r=g\",\"caption\":\"ppdegaliciaredes\"},\"url\":\"https:\\\/\\\/ppdegalicia.com\\\/es\\\/author\\\/ppdegaliciaredes\\\/\"}]}<\/script>\n<!-- \/ Yoast SEO plugin. -->","yoast_head_json":{"title":"Paula Prado felicita a Mari\u00f1a Gueimunde en Viveiro e anuncia que estar\u00e1 ma\u00f1\u00e1 no Foro de Alcaldesas do PPdeG - PP de Galicia","description":"O PPdeG celebra a investidura de Mari\u00f1a Gueimunde como nova alcaldesa de Viveiro na medida en que con ela suman xa 29 rexedoras (6 na provincia de Lugo e 2 na Mari\u00f1a lucense) e se consolida como o partido con m\u00e1is mulleres \u00e1 fronte dos concellos en Galicia.","robots":{"index":"index","follow":"follow","max-snippet":"max-snippet:-1","max-image-preview":"max-image-preview:large","max-video-preview":"max-video-preview:-1"},"canonical":"https:\/\/ppdegalicia.com\/es\/paula-prado-felicita-a-marina-gueimunde-en-viveiro-e-anuncia-que-estara-mana-no-foro-de-alcaldesas-do-ppdeg\/","og_locale":"es_ES","og_type":"article","og_title":"Paula Prado felicita a Mari\u00f1a Gueimunde en Viveiro e anuncia que estar\u00e1 ma\u00f1\u00e1 no Foro de Alcaldesas do PPdeG - PP de Galicia","og_description":"O PPdeG celebra a investidura de Mari\u00f1a Gueimunde como nova alcaldesa de Viveiro na medida en que con ela suman xa 29 rexedoras (6 na provincia de Lugo e 2 na Mari\u00f1a lucense) e se consolida como o partido con m\u00e1is mulleres \u00e1 fronte dos concellos en Galicia.","og_url":"https:\/\/ppdegalicia.com\/es\/paula-prado-felicita-a-marina-gueimunde-en-viveiro-e-anuncia-que-estara-mana-no-foro-de-alcaldesas-do-ppdeg\/","og_site_name":"PP de Galicia","article_publisher":"https:\/\/www.instagram.com\/ppdegalicia\/","article_published_time":"2025-03-07T13:38:59+00:00","og_image":[{"width":2560,"height":1774,"url":"https:\/\/ppdegalicia.com\/wp-content\/uploads\/2025\/03\/20250307_PaulaPrado_Viveiro-scaled.jpg","type":"image\/jpeg"}],"author":"ppdegaliciaredes","twitter_card":"summary_large_image","twitter_creator":"@ppdegalicia","twitter_site":"@ppdegalicia","twitter_misc":{"Escrito por":"ppdegaliciaredes","Tiempo de lectura":"2 minutos"},"schema":{"@context":"https:\/\/schema.org","@graph":[{"@type":"Article","@id":"https:\/\/ppdegalicia.com\/es\/paula-prado-felicita-a-marina-gueimunde-en-viveiro-e-anuncia-que-estara-mana-no-foro-de-alcaldesas-do-ppdeg\/#article","isPartOf":{"@id":"https:\/\/ppdegalicia.com\/es\/paula-prado-felicita-a-marina-gueimunde-en-viveiro-e-anuncia-que-estara-mana-no-foro-de-alcaldesas-do-ppdeg\/"},"author":{"name":"ppdegaliciaredes","@id":"https:\/\/ppdegalicia.com\/es\/#\/schema\/person\/5b822c6f59e872ebdd1142f307dbcb59"},"headline":"Paula Prado felicita a Mari\u00f1a Gueimunde en Viveiro e anuncia que estar\u00e1 ma\u00f1\u00e1 no Foro de Alcaldesas do PPdeG","datePublished":"2025-03-07T13:38:59+00:00","mainEntityOfPage":{"@id":"https:\/\/ppdegalicia.com\/es\/paula-prado-felicita-a-marina-gueimunde-en-viveiro-e-anuncia-que-estara-mana-no-foro-de-alcaldesas-do-ppdeg\/"},"wordCount":234,"publisher":{"@id":"https:\/\/ppdegalicia.com\/es\/#organization"},"image":{"@id":"https:\/\/ppdegalicia.com\/es\/paula-prado-felicita-a-marina-gueimunde-en-viveiro-e-anuncia-que-estara-mana-no-foro-de-alcaldesas-do-ppdeg\/#primaryimage"},"thumbnailUrl":"https:\/\/ppdegalicia.com\/wp-content\/uploads\/2025\/03\/20250307_PaulaPrado_Viveiro-scaled.jpg","articleSection":["PP de Galicia"],"inLanguage":"es"},{"@type":"WebPage","@id":"https:\/\/ppdegalicia.com\/es\/paula-prado-felicita-a-marina-gueimunde-en-viveiro-e-anuncia-que-estara-mana-no-foro-de-alcaldesas-do-ppdeg\/","url":"https:\/\/ppdegalicia.com\/es\/paula-prado-felicita-a-marina-gueimunde-en-viveiro-e-anuncia-que-estara-mana-no-foro-de-alcaldesas-do-ppdeg\/","name":"Paula Prado felicita a Mari\u00f1a Gueimunde en Viveiro e anuncia que estar\u00e1 ma\u00f1\u00e1 no Foro de Alcaldesas do PPdeG - PP de Galicia","isPartOf":{"@id":"https:\/\/ppdegalicia.com\/es\/#website"},"primaryImageOfPage":{"@id":"https:\/\/ppdegalicia.com\/es\/paula-prado-felicita-a-marina-gueimunde-en-viveiro-e-anuncia-que-estara-mana-no-foro-de-alcaldesas-do-ppdeg\/#primaryimage"},"image":{"@id":"https:\/\/ppdegalicia.com\/es\/paula-prado-felicita-a-marina-gueimunde-en-viveiro-e-anuncia-que-estara-mana-no-foro-de-alcaldesas-do-ppdeg\/#primaryimage"},"thumbnailUrl":"https:\/\/ppdegalicia.com\/wp-content\/uploads\/2025\/03\/20250307_PaulaPrado_Viveiro-scaled.jpg","datePublished":"2025-03-07T13:38:59+00:00","description":"O PPdeG celebra a investidura de Mari\u00f1a Gueimunde como nova alcaldesa de Viveiro na medida en que con ela suman xa 29 rexedoras (6 na provincia de Lugo e 2 na Mari\u00f1a lucense) e se consolida como o partido con m\u00e1is mulleres \u00e1 fronte dos concellos en Galicia.","breadcrumb":{"@id":"https:\/\/ppdegalicia.com\/es\/paula-prado-felicita-a-marina-gueimunde-en-viveiro-e-anuncia-que-estara-mana-no-foro-de-alcaldesas-do-ppdeg\/#breadcrumb"},"inLanguage":"es","potentialAction":[{"@type":"ReadAction","target":["https:\/\/ppdegalicia.com\/es\/paula-prado-felicita-a-marina-gueimunde-en-viveiro-e-anuncia-que-estara-mana-no-foro-de-alcaldesas-do-ppdeg\/"]}]},{"@type":"ImageObject","inLanguage":"es","@id":"https:\/\/ppdegalicia.com\/es\/paula-prado-felicita-a-marina-gueimunde-en-viveiro-e-anuncia-que-estara-mana-no-foro-de-alcaldesas-do-ppdeg\/#primaryimage","url":"https:\/\/ppdegalicia.com\/wp-content\/uploads\/2025\/03\/20250307_PaulaPrado_Viveiro-scaled.jpg","contentUrl":"https:\/\/ppdegalicia.com\/wp-content\/uploads\/2025\/03\/20250307_PaulaPrado_Viveiro-scaled.jpg","width":2560,"height":1774},{"@type":"BreadcrumbList","@id":"https:\/\/ppdegalicia.com\/es\/paula-prado-felicita-a-marina-gueimunde-en-viveiro-e-anuncia-que-estara-mana-no-foro-de-alcaldesas-do-ppdeg\/#breadcrumb","itemListElement":[{"@type":"ListItem","position":1,"name":"Portada","item":"https:\/\/ppdegalicia.com\/es\/"},{"@type":"ListItem","position":2,"name":"Paula Prado felicita a Mari\u00f1a Gueimunde en Viveiro e anuncia que estar\u00e1 ma\u00f1\u00e1 no Foro de Alcaldesas do PPdeG"}]},{"@type":"WebSite","@id":"https:\/\/ppdegalicia.com\/es\/#website","url":"https:\/\/ppdegalicia.com\/es\/","name":"Partido Popular de Galicia","description":"Partido Popular de Galicia","publisher":{"@id":"https:\/\/ppdegalicia.com\/es\/#organization"},"alternateName":"PP de Galicia","potentialAction":[{"@type":"SearchAction","target":{"@type":"EntryPoint","urlTemplate":"https:\/\/ppdegalicia.com\/es\/?s={search_term_string}"},"query-input":{"@type":"PropertyValueSpecification","valueRequired":true,"valueName":"search_term_string"}}],"inLanguage":"es"},{"@type":"Organization","@id":"https:\/\/ppdegalicia.com\/es\/#organization","name":"Partido Popular de Galicia","alternateName":"PP de Galicia","url":"https:\/\/ppdegalicia.com\/es\/","logo":{"@type":"ImageObject","inLanguage":"es","@id":"https:\/\/ppdegalicia.com\/es\/#\/schema\/logo\/image\/","url":"https:\/\/ppdegalicia.com\/wp-content\/uploads\/2023\/04\/logoPP512.png","contentUrl":"https:\/\/ppdegalicia.com\/wp-content\/uploads\/2023\/04\/logoPP512.png","width":512,"height":512,"caption":"Partido Popular de Galicia"},"image":{"@id":"https:\/\/ppdegalicia.com\/es\/#\/schema\/logo\/image\/"},"sameAs":["https:\/\/www.instagram.com\/ppdegalicia\/","https:\/\/x.com\/ppdegalicia","https:\/\/www.tiktok.com\/@ppdegalicia","https:\/\/www.youtube.com\/user\/ppdegalicia"]},{"@type":"Person","@id":"https:\/\/ppdegalicia.com\/es\/#\/schema\/person\/5b822c6f59e872ebdd1142f307dbcb59","name":"ppdegaliciaredes","image":{"@type":"ImageObject","inLanguage":"es","@id":"https:\/\/secure.gravatar.com\/avatar\/3c9179cf0256d00c72a48d1f25783c58b6842cd56e85ef3a572881c8e28ccd59?s=96&d=mm&r=g","url":"https:\/\/secure.gravatar.com\/avatar\/3c9179cf0256d00c72a48d1f25783c58b6842cd56e85ef3a572881c8e28ccd59?s=96&d=mm&r=g","contentUrl":"https:\/\/secure.gravatar.com\/avatar\/3c9179cf0256d00c72a48d1f25783c58b6842cd56e85ef3a572881c8e28ccd59?s=96&d=mm&r=g","caption":"ppdegaliciaredes"},"url":"https:\/\/ppdegalicia.com\/es\/author\/ppdegaliciaredes\/"}]}},"_links":{"self":[{"href":"https:\/\/ppdegalicia.com\/es\/wp-json\/wp\/v2\/posts\/66102","targetHints":{"allow":["GET"]}}],"collection":[{"href":"https:\/\/ppdegalicia.com\/es\/wp-json\/wp\/v2\/posts"}],"about":[{"href":"https:\/\/ppdegalicia.com\/es\/wp-json\/wp\/v2\/types\/post"}],"author":[{"embeddable":true,"href":"https:\/\/ppdegalicia.com\/es\/wp-json\/wp\/v2\/users\/38"}],"replies":[{"embeddable":true,"href":"https:\/\/ppdegalicia.com\/es\/wp-json\/wp\/v2\/comments?post=66102"}],"version-history":[{"count":1,"href":"https:\/\/ppdegalicia.com\/es\/wp-json\/wp\/v2\/posts\/66102\/revisions"}],"predecessor-version":[{"id":66105,"href":"https:\/\/ppdegalicia.com\/es\/wp-json\/wp\/v2\/posts\/66102\/revisions\/66105"}],"wp:featuredmedia":[{"embeddable":true,"href":"https:\/\/ppdegalicia.com\/es\/wp-json\/wp\/v2\/media\/66103"}],"wp:attachment":[{"href":"https:\/\/ppdegalicia.com\/es\/wp-json\/wp\/v2\/media?parent=66102"}],"wp:term":[{"taxonomy":"category","embeddable":true,"href":"https:\/\/ppdegalicia.com\/es\/wp-json\/wp\/v2\/categories?post=66102"},{"taxonomy":"post_tag","embeddable":true,"href":"https:\/\/ppdegalicia.com\/es\/wp-json\/wp\/v2\/tags?post=66102"}],"curies":[{"name":"wp","href":"https:\/\/api.w.org\/{rel}","templated":true}]}}