{"id":66107,"date":"2025-03-07T15:29:54","date_gmt":"2025-03-07T14:29:54","guid":{"rendered":"https:\/\/ppdegalicia.com\/?p=66107"},"modified":"2025-03-07T21:32:34","modified_gmt":"2025-03-07T20:32:34","slug":"el-pp-pedira-el-proximo-miercoles-en-el-senado-la-salida-del-lobo-del-lespre-y-exige-al-gobierno-que-defienda-a-la-ganaderia-y-no-mire-hacia-otro-lado","status":"publish","type":"post","link":"https:\/\/ppdegalicia.com\/es\/el-pp-pedira-el-proximo-miercoles-en-el-senado-la-salida-del-lobo-del-lespre-y-exige-al-gobierno-que-defienda-a-la-ganaderia-y-no-mire-hacia-otro-lado\/","title":{"rendered":"El PP pedir\u00e1 el pr\u00f3ximo mi\u00e9rcoles en el Senado la salida del lobo del Lespre y exige al Gobierno que defienda a la ganader\u00eda y \u201cno mire hacia otro lado\u201d"},"content":{"rendered":"<p>La vicesecretaria de Desarrollo Sostenible, Paloma Mart\u00edn, ha adelantado hoy en Oviedo que el PP ha presentado enmiendas en la Ley de Desperdicio Alimentario, que se debatir\u00e1 el pr\u00f3ximo mi\u00e9rcoles en el Senado y que incluyen la salida del lobo del Listado de Especies Silvestres en R\u00e9gimen de Protecci\u00f3n Especial (Lespre).<\/p>\n<p>Se\u00f1ala que los grandes perjudicados por la falta de control del lobo son los ganaderos y el medio rural y recuerda que se han publicado noticias en las que se alertaba de presencia de lobos cerca de un colegio de Cantabria. \u201c\u00bfQui\u00e9n va a proteger a las personas?\u201d, pregunta.<\/p>\n<p>Explica que la poblaci\u00f3n de lobo se ha incrementado en un 12% y las muertes provocadas por los ataques de las manadas han alcanzado los 15.500 animales en reba\u00f1os espa\u00f1oles.<\/p>\n<p>\u201cLas CCAA donde gobierna el PP han levantado la voz contra el lobo y le han pedido al Gobierno que tome medidas\u201d, afirma.<\/p>\n<p>Subraya que la Comisi\u00f3n de seguimiento del Convenio de Berna ha aprobado reducir el estatus de protecci\u00f3n del lobo en toda Europa, pero el Gobierno \u201cmira hacia otro lado y tiene que tomar decisiones ya\u201d.<\/p>\n","protected":false},"excerpt":{"rendered":"<p>La vicesecretaria de Desarrollo Sostenible, Paloma Mart\u00edn, ha adelantado hoy en Oviedo que el PP ha presentado enmiendas en la Ley de Desperdicio Alimentario, que se debatir\u00e1 el pr\u00f3ximo mi\u00e9rcoles en el Senado y que incluyen la salida del lobo del Listado de Especies Silvestres en R\u00e9gimen de Protecci\u00f3n Especial (Lespre). Se\u00f1ala que los grandes [&hellip;]<\/p>\n","protected":false},"author":38,"featured_media":66108,"comment_status":"closed","ping_status":"open","sticky":false,"template":"","format":"standard","meta":{"_acf_changed":false,"footnotes":""},"categories":[2387],"tags":[],"class_list":["post-66107","post","type-post","status-publish","format-standard","has-post-thumbnail","hentry","category-actualidad-cortes-generales"],"acf":[],"yoast_head":"<!-- This site is optimized with the Yoast SEO plugin v27.3 - https:\/\/yoast.com\/product\/yoast-seo-wordpress\/ -->\n<title>El PP pedir\u00e1 el pr\u00f3ximo mi\u00e9rcoles en el Senado la salida del lobo del Lespre y exige al Gobierno que defienda a la ganader\u00eda y \u201cno mire hacia otro lado\u201d - PP de Galicia<\/title>\n<meta name=\"description\" content=\"La vicesecretaria de Desarrollo Sostenible, Paloma Mart\u00edn, ha adelantado hoy en Oviedo que el PP ha presentado enmiendas en la Ley de Desperdicio Alimentario, que se debatir\u00e1 el pr\u00f3ximo mi\u00e9rcoles en el Senado y que incluyen la salida del lobo del Listado de Especies Silvestres en R\u00e9gimen de Protecci\u00f3n Especial (Lespre).\" \/>\n<meta name=\"robots\" content=\"index, follow, max-snippet:-1, max-image-preview:large, max-video-preview:-1\" \/>\n<link rel=\"canonical\" href=\"https:\/\/ppdegalicia.com\/es\/el-pp-pedira-el-proximo-miercoles-en-el-senado-la-salida-del-lobo-del-lespre-y-exige-al-gobierno-que-defienda-a-la-ganaderia-y-no-mire-hacia-otro-lado\/\" \/>\n<meta property=\"og:locale\" content=\"es_ES\" \/>\n<meta property=\"og:type\" content=\"article\" \/>\n<meta property=\"og:title\" content=\"El PP pedir\u00e1 el pr\u00f3ximo mi\u00e9rcoles en el Senado la salida del lobo del Lespre y exige al Gobierno que defienda a la ganader\u00eda y \u201cno mire hacia otro lado\u201d - PP de Galicia\" \/>\n<meta property=\"og:description\" content=\"La vicesecretaria de Desarrollo Sostenible, Paloma Mart\u00edn, ha adelantado hoy en Oviedo que el PP ha presentado enmiendas en la Ley de Desperdicio Alimentario, que se debatir\u00e1 el pr\u00f3ximo mi\u00e9rcoles en el Senado y que incluyen la salida del lobo del Listado de Especies Silvestres en R\u00e9gimen de Protecci\u00f3n Especial (Lespre).\" \/>\n<meta property=\"og:url\" content=\"https:\/\/ppdegalicia.com\/es\/el-pp-pedira-el-proximo-miercoles-en-el-senado-la-salida-del-lobo-del-lespre-y-exige-al-gobierno-que-defienda-a-la-ganaderia-y-no-mire-hacia-otro-lado\/\" \/>\n<meta property=\"og:site_name\" content=\"PP de Galicia\" \/>\n<meta property=\"article:publisher\" content=\"https:\/\/www.instagram.com\/ppdegalicia\/\" \/>\n<meta property=\"article:published_time\" content=\"2025-03-07T14:29:54+00:00\" \/>\n<meta property=\"article:modified_time\" content=\"2025-03-07T20:32:34+00:00\" \/>\n<meta property=\"og:image\" content=\"https:\/\/ppdegalicia.com\/wp-content\/uploads\/2025\/03\/Senadores-Balseiro-y-Barreiro-en-Muras-1.jpg\" \/>\n\t<meta property=\"og:image:width\" content=\"2048\" \/>\n\t<meta property=\"og:image:height\" content=\"1365\" \/>\n\t<meta property=\"og:image:type\" content=\"image\/jpeg\" \/>\n<meta name=\"author\" content=\"ppdegaliciaredes\" \/>\n<meta name=\"twitter:card\" content=\"summary_large_image\" \/>\n<meta name=\"twitter:creator\" content=\"@ppdegalicia\" \/>\n<meta name=\"twitter:site\" content=\"@ppdegalicia\" \/>\n<meta name=\"twitter:label1\" content=\"Escrito por\" \/>\n\t<meta name=\"twitter:data1\" content=\"ppdegaliciaredes\" \/>\n\t<meta name=\"twitter:label2\" content=\"Tiempo de lectura\" \/>\n\t<meta name=\"twitter:data2\" content=\"2 minutos\" \/>\n<script type=\"application\/ld+json\" class=\"yoast-schema-graph\">{\"@context\":\"https:\\\/\\\/schema.org\",\"@graph\":[{\"@type\":\"Article\",\"@id\":\"https:\\\/\\\/ppdegalicia.com\\\/es\\\/el-pp-pedira-el-proximo-miercoles-en-el-senado-la-salida-del-lobo-del-lespre-y-exige-al-gobierno-que-defienda-a-la-ganaderia-y-no-mire-hacia-otro-lado\\\/#article\",\"isPartOf\":{\"@id\":\"https:\\\/\\\/ppdegalicia.com\\\/es\\\/el-pp-pedira-el-proximo-miercoles-en-el-senado-la-salida-del-lobo-del-lespre-y-exige-al-gobierno-que-defienda-a-la-ganaderia-y-no-mire-hacia-otro-lado\\\/\"},\"author\":{\"name\":\"ppdegaliciaredes\",\"@id\":\"https:\\\/\\\/ppdegalicia.com\\\/es\\\/#\\\/schema\\\/person\\\/5b822c6f59e872ebdd1142f307dbcb59\"},\"headline\":\"El PP pedir\u00e1 el pr\u00f3ximo mi\u00e9rcoles en el Senado la salida del lobo del Lespre y exige al Gobierno que defienda a la ganader\u00eda y \u201cno mire hacia otro lado\u201d\",\"datePublished\":\"2025-03-07T14:29:54+00:00\",\"dateModified\":\"2025-03-07T20:32:34+00:00\",\"mainEntityOfPage\":{\"@id\":\"https:\\\/\\\/ppdegalicia.com\\\/es\\\/el-pp-pedira-el-proximo-miercoles-en-el-senado-la-salida-del-lobo-del-lespre-y-exige-al-gobierno-que-defienda-a-la-ganaderia-y-no-mire-hacia-otro-lado\\\/\"},\"wordCount\":231,\"publisher\":{\"@id\":\"https:\\\/\\\/ppdegalicia.com\\\/es\\\/#organization\"},\"image\":{\"@id\":\"https:\\\/\\\/ppdegalicia.com\\\/es\\\/el-pp-pedira-el-proximo-miercoles-en-el-senado-la-salida-del-lobo-del-lespre-y-exige-al-gobierno-que-defienda-a-la-ganaderia-y-no-mire-hacia-otro-lado\\\/#primaryimage\"},\"thumbnailUrl\":\"https:\\\/\\\/ppdegalicia.com\\\/wp-content\\\/uploads\\\/2025\\\/03\\\/Senadores-Balseiro-y-Barreiro-en-Muras-1.jpg\",\"articleSection\":[\"Cortes Generales\"],\"inLanguage\":\"es\"},{\"@type\":\"WebPage\",\"@id\":\"https:\\\/\\\/ppdegalicia.com\\\/es\\\/el-pp-pedira-el-proximo-miercoles-en-el-senado-la-salida-del-lobo-del-lespre-y-exige-al-gobierno-que-defienda-a-la-ganaderia-y-no-mire-hacia-otro-lado\\\/\",\"url\":\"https:\\\/\\\/ppdegalicia.com\\\/es\\\/el-pp-pedira-el-proximo-miercoles-en-el-senado-la-salida-del-lobo-del-lespre-y-exige-al-gobierno-que-defienda-a-la-ganaderia-y-no-mire-hacia-otro-lado\\\/\",\"name\":\"El PP pedir\u00e1 el pr\u00f3ximo mi\u00e9rcoles en el Senado la salida del lobo del Lespre y exige al Gobierno que defienda a la ganader\u00eda y \u201cno mire hacia otro lado\u201d - PP de Galicia\",\"isPartOf\":{\"@id\":\"https:\\\/\\\/ppdegalicia.com\\\/es\\\/#website\"},\"primaryImageOfPage\":{\"@id\":\"https:\\\/\\\/ppdegalicia.com\\\/es\\\/el-pp-pedira-el-proximo-miercoles-en-el-senado-la-salida-del-lobo-del-lespre-y-exige-al-gobierno-que-defienda-a-la-ganaderia-y-no-mire-hacia-otro-lado\\\/#primaryimage\"},\"image\":{\"@id\":\"https:\\\/\\\/ppdegalicia.com\\\/es\\\/el-pp-pedira-el-proximo-miercoles-en-el-senado-la-salida-del-lobo-del-lespre-y-exige-al-gobierno-que-defienda-a-la-ganaderia-y-no-mire-hacia-otro-lado\\\/#primaryimage\"},\"thumbnailUrl\":\"https:\\\/\\\/ppdegalicia.com\\\/wp-content\\\/uploads\\\/2025\\\/03\\\/Senadores-Balseiro-y-Barreiro-en-Muras-1.jpg\",\"datePublished\":\"2025-03-07T14:29:54+00:00\",\"dateModified\":\"2025-03-07T20:32:34+00:00\",\"description\":\"La vicesecretaria de Desarrollo Sostenible, Paloma Mart\u00edn, ha adelantado hoy en Oviedo que el PP ha presentado enmiendas en la Ley de Desperdicio Alimentario, que se debatir\u00e1 el pr\u00f3ximo mi\u00e9rcoles en el Senado y que incluyen la salida del lobo del Listado de Especies Silvestres en R\u00e9gimen de Protecci\u00f3n Especial (Lespre).\",\"breadcrumb\":{\"@id\":\"https:\\\/\\\/ppdegalicia.com\\\/es\\\/el-pp-pedira-el-proximo-miercoles-en-el-senado-la-salida-del-lobo-del-lespre-y-exige-al-gobierno-que-defienda-a-la-ganaderia-y-no-mire-hacia-otro-lado\\\/#breadcrumb\"},\"inLanguage\":\"es\",\"potentialAction\":[{\"@type\":\"ReadAction\",\"target\":[\"https:\\\/\\\/ppdegalicia.com\\\/es\\\/el-pp-pedira-el-proximo-miercoles-en-el-senado-la-salida-del-lobo-del-lespre-y-exige-al-gobierno-que-defienda-a-la-ganaderia-y-no-mire-hacia-otro-lado\\\/\"]}]},{\"@type\":\"ImageObject\",\"inLanguage\":\"es\",\"@id\":\"https:\\\/\\\/ppdegalicia.com\\\/es\\\/el-pp-pedira-el-proximo-miercoles-en-el-senado-la-salida-del-lobo-del-lespre-y-exige-al-gobierno-que-defienda-a-la-ganaderia-y-no-mire-hacia-otro-lado\\\/#primaryimage\",\"url\":\"https:\\\/\\\/ppdegalicia.com\\\/wp-content\\\/uploads\\\/2025\\\/03\\\/Senadores-Balseiro-y-Barreiro-en-Muras-1.jpg\",\"contentUrl\":\"https:\\\/\\\/ppdegalicia.com\\\/wp-content\\\/uploads\\\/2025\\\/03\\\/Senadores-Balseiro-y-Barreiro-en-Muras-1.jpg\",\"width\":2048,\"height\":1365},{\"@type\":\"BreadcrumbList\",\"@id\":\"https:\\\/\\\/ppdegalicia.com\\\/es\\\/el-pp-pedira-el-proximo-miercoles-en-el-senado-la-salida-del-lobo-del-lespre-y-exige-al-gobierno-que-defienda-a-la-ganaderia-y-no-mire-hacia-otro-lado\\\/#breadcrumb\",\"itemListElement\":[{\"@type\":\"ListItem\",\"position\":1,\"name\":\"Portada\",\"item\":\"https:\\\/\\\/ppdegalicia.com\\\/es\\\/\"},{\"@type\":\"ListItem\",\"position\":2,\"name\":\"El PP pedir\u00e1 el pr\u00f3ximo mi\u00e9rcoles en el Senado la salida del lobo del Lespre y exige al Gobierno que defienda a la ganader\u00eda y \u201cno mire hacia otro lado\u201d\"}]},{\"@type\":\"WebSite\",\"@id\":\"https:\\\/\\\/ppdegalicia.com\\\/es\\\/#website\",\"url\":\"https:\\\/\\\/ppdegalicia.com\\\/es\\\/\",\"name\":\"Partido Popular de Galicia\",\"description\":\"Partido Popular de Galicia\",\"publisher\":{\"@id\":\"https:\\\/\\\/ppdegalicia.com\\\/es\\\/#organization\"},\"alternateName\":\"PP de Galicia\",\"potentialAction\":[{\"@type\":\"SearchAction\",\"target\":{\"@type\":\"EntryPoint\",\"urlTemplate\":\"https:\\\/\\\/ppdegalicia.com\\\/es\\\/?s={search_term_string}\"},\"query-input\":{\"@type\":\"PropertyValueSpecification\",\"valueRequired\":true,\"valueName\":\"search_term_string\"}}],\"inLanguage\":\"es\"},{\"@type\":\"Organization\",\"@id\":\"https:\\\/\\\/ppdegalicia.com\\\/es\\\/#organization\",\"name\":\"Partido Popular de Galicia\",\"alternateName\":\"PP de Galicia\",\"url\":\"https:\\\/\\\/ppdegalicia.com\\\/es\\\/\",\"logo\":{\"@type\":\"ImageObject\",\"inLanguage\":\"es\",\"@id\":\"https:\\\/\\\/ppdegalicia.com\\\/es\\\/#\\\/schema\\\/logo\\\/image\\\/\",\"url\":\"https:\\\/\\\/ppdegalicia.com\\\/wp-content\\\/uploads\\\/2023\\\/04\\\/logoPP512.png\",\"contentUrl\":\"https:\\\/\\\/ppdegalicia.com\\\/wp-content\\\/uploads\\\/2023\\\/04\\\/logoPP512.png\",\"width\":512,\"height\":512,\"caption\":\"Partido Popular de Galicia\"},\"image\":{\"@id\":\"https:\\\/\\\/ppdegalicia.com\\\/es\\\/#\\\/schema\\\/logo\\\/image\\\/\"},\"sameAs\":[\"https:\\\/\\\/www.instagram.com\\\/ppdegalicia\\\/\",\"https:\\\/\\\/x.com\\\/ppdegalicia\",\"https:\\\/\\\/www.tiktok.com\\\/@ppdegalicia\",\"https:\\\/\\\/www.youtube.com\\\/user\\\/ppdegalicia\"]},{\"@type\":\"Person\",\"@id\":\"https:\\\/\\\/ppdegalicia.com\\\/es\\\/#\\\/schema\\\/person\\\/5b822c6f59e872ebdd1142f307dbcb59\",\"name\":\"ppdegaliciaredes\",\"image\":{\"@type\":\"ImageObject\",\"inLanguage\":\"es\",\"@id\":\"https:\\\/\\\/secure.gravatar.com\\\/avatar\\\/3c9179cf0256d00c72a48d1f25783c58b6842cd56e85ef3a572881c8e28ccd59?s=96&d=mm&r=g\",\"url\":\"https:\\\/\\\/secure.gravatar.com\\\/avatar\\\/3c9179cf0256d00c72a48d1f25783c58b6842cd56e85ef3a572881c8e28ccd59?s=96&d=mm&r=g\",\"contentUrl\":\"https:\\\/\\\/secure.gravatar.com\\\/avatar\\\/3c9179cf0256d00c72a48d1f25783c58b6842cd56e85ef3a572881c8e28ccd59?s=96&d=mm&r=g\",\"caption\":\"ppdegaliciaredes\"},\"url\":\"https:\\\/\\\/ppdegalicia.com\\\/es\\\/author\\\/ppdegaliciaredes\\\/\"}]}<\/script>\n<!-- \/ Yoast SEO plugin. -->","yoast_head_json":{"title":"El PP pedir\u00e1 el pr\u00f3ximo mi\u00e9rcoles en el Senado la salida del lobo del Lespre y exige al Gobierno que defienda a la ganader\u00eda y \u201cno mire hacia otro lado\u201d - PP de Galicia","description":"La vicesecretaria de Desarrollo Sostenible, Paloma Mart\u00edn, ha adelantado hoy en Oviedo que el PP ha presentado enmiendas en la Ley de Desperdicio Alimentario, que se debatir\u00e1 el pr\u00f3ximo mi\u00e9rcoles en el Senado y que incluyen la salida del lobo del Listado de Especies Silvestres en R\u00e9gimen de Protecci\u00f3n Especial (Lespre).","robots":{"index":"index","follow":"follow","max-snippet":"max-snippet:-1","max-image-preview":"max-image-preview:large","max-video-preview":"max-video-preview:-1"},"canonical":"https:\/\/ppdegalicia.com\/es\/el-pp-pedira-el-proximo-miercoles-en-el-senado-la-salida-del-lobo-del-lespre-y-exige-al-gobierno-que-defienda-a-la-ganaderia-y-no-mire-hacia-otro-lado\/","og_locale":"es_ES","og_type":"article","og_title":"El PP pedir\u00e1 el pr\u00f3ximo mi\u00e9rcoles en el Senado la salida del lobo del Lespre y exige al Gobierno que defienda a la ganader\u00eda y \u201cno mire hacia otro lado\u201d - PP de Galicia","og_description":"La vicesecretaria de Desarrollo Sostenible, Paloma Mart\u00edn, ha adelantado hoy en Oviedo que el PP ha presentado enmiendas en la Ley de Desperdicio Alimentario, que se debatir\u00e1 el pr\u00f3ximo mi\u00e9rcoles en el Senado y que incluyen la salida del lobo del Listado de Especies Silvestres en R\u00e9gimen de Protecci\u00f3n Especial (Lespre).","og_url":"https:\/\/ppdegalicia.com\/es\/el-pp-pedira-el-proximo-miercoles-en-el-senado-la-salida-del-lobo-del-lespre-y-exige-al-gobierno-que-defienda-a-la-ganaderia-y-no-mire-hacia-otro-lado\/","og_site_name":"PP de Galicia","article_publisher":"https:\/\/www.instagram.com\/ppdegalicia\/","article_published_time":"2025-03-07T14:29:54+00:00","article_modified_time":"2025-03-07T20:32:34+00:00","og_image":[{"width":2048,"height":1365,"url":"https:\/\/ppdegalicia.com\/wp-content\/uploads\/2025\/03\/Senadores-Balseiro-y-Barreiro-en-Muras-1.jpg","type":"image\/jpeg"}],"author":"ppdegaliciaredes","twitter_card":"summary_large_image","twitter_creator":"@ppdegalicia","twitter_site":"@ppdegalicia","twitter_misc":{"Escrito por":"ppdegaliciaredes","Tiempo de lectura":"2 minutos"},"schema":{"@context":"https:\/\/schema.org","@graph":[{"@type":"Article","@id":"https:\/\/ppdegalicia.com\/es\/el-pp-pedira-el-proximo-miercoles-en-el-senado-la-salida-del-lobo-del-lespre-y-exige-al-gobierno-que-defienda-a-la-ganaderia-y-no-mire-hacia-otro-lado\/#article","isPartOf":{"@id":"https:\/\/ppdegalicia.com\/es\/el-pp-pedira-el-proximo-miercoles-en-el-senado-la-salida-del-lobo-del-lespre-y-exige-al-gobierno-que-defienda-a-la-ganaderia-y-no-mire-hacia-otro-lado\/"},"author":{"name":"ppdegaliciaredes","@id":"https:\/\/ppdegalicia.com\/es\/#\/schema\/person\/5b822c6f59e872ebdd1142f307dbcb59"},"headline":"El PP pedir\u00e1 el pr\u00f3ximo mi\u00e9rcoles en el Senado la salida del lobo del Lespre y exige al Gobierno que defienda a la ganader\u00eda y \u201cno mire hacia otro lado\u201d","datePublished":"2025-03-07T14:29:54+00:00","dateModified":"2025-03-07T20:32:34+00:00","mainEntityOfPage":{"@id":"https:\/\/ppdegalicia.com\/es\/el-pp-pedira-el-proximo-miercoles-en-el-senado-la-salida-del-lobo-del-lespre-y-exige-al-gobierno-que-defienda-a-la-ganaderia-y-no-mire-hacia-otro-lado\/"},"wordCount":231,"publisher":{"@id":"https:\/\/ppdegalicia.com\/es\/#organization"},"image":{"@id":"https:\/\/ppdegalicia.com\/es\/el-pp-pedira-el-proximo-miercoles-en-el-senado-la-salida-del-lobo-del-lespre-y-exige-al-gobierno-que-defienda-a-la-ganaderia-y-no-mire-hacia-otro-lado\/#primaryimage"},"thumbnailUrl":"https:\/\/ppdegalicia.com\/wp-content\/uploads\/2025\/03\/Senadores-Balseiro-y-Barreiro-en-Muras-1.jpg","articleSection":["Cortes Generales"],"inLanguage":"es"},{"@type":"WebPage","@id":"https:\/\/ppdegalicia.com\/es\/el-pp-pedira-el-proximo-miercoles-en-el-senado-la-salida-del-lobo-del-lespre-y-exige-al-gobierno-que-defienda-a-la-ganaderia-y-no-mire-hacia-otro-lado\/","url":"https:\/\/ppdegalicia.com\/es\/el-pp-pedira-el-proximo-miercoles-en-el-senado-la-salida-del-lobo-del-lespre-y-exige-al-gobierno-que-defienda-a-la-ganaderia-y-no-mire-hacia-otro-lado\/","name":"El PP pedir\u00e1 el pr\u00f3ximo mi\u00e9rcoles en el Senado la salida del lobo del Lespre y exige al Gobierno que defienda a la ganader\u00eda y \u201cno mire hacia otro lado\u201d - PP de Galicia","isPartOf":{"@id":"https:\/\/ppdegalicia.com\/es\/#website"},"primaryImageOfPage":{"@id":"https:\/\/ppdegalicia.com\/es\/el-pp-pedira-el-proximo-miercoles-en-el-senado-la-salida-del-lobo-del-lespre-y-exige-al-gobierno-que-defienda-a-la-ganaderia-y-no-mire-hacia-otro-lado\/#primaryimage"},"image":{"@id":"https:\/\/ppdegalicia.com\/es\/el-pp-pedira-el-proximo-miercoles-en-el-senado-la-salida-del-lobo-del-lespre-y-exige-al-gobierno-que-defienda-a-la-ganaderia-y-no-mire-hacia-otro-lado\/#primaryimage"},"thumbnailUrl":"https:\/\/ppdegalicia.com\/wp-content\/uploads\/2025\/03\/Senadores-Balseiro-y-Barreiro-en-Muras-1.jpg","datePublished":"2025-03-07T14:29:54+00:00","dateModified":"2025-03-07T20:32:34+00:00","description":"La vicesecretaria de Desarrollo Sostenible, Paloma Mart\u00edn, ha adelantado hoy en Oviedo que el PP ha presentado enmiendas en la Ley de Desperdicio Alimentario, que se debatir\u00e1 el pr\u00f3ximo mi\u00e9rcoles en el Senado y que incluyen la salida del lobo del Listado de Especies Silvestres en R\u00e9gimen de Protecci\u00f3n Especial (Lespre).","breadcrumb":{"@id":"https:\/\/ppdegalicia.com\/es\/el-pp-pedira-el-proximo-miercoles-en-el-senado-la-salida-del-lobo-del-lespre-y-exige-al-gobierno-que-defienda-a-la-ganaderia-y-no-mire-hacia-otro-lado\/#breadcrumb"},"inLanguage":"es","potentialAction":[{"@type":"ReadAction","target":["https:\/\/ppdegalicia.com\/es\/el-pp-pedira-el-proximo-miercoles-en-el-senado-la-salida-del-lobo-del-lespre-y-exige-al-gobierno-que-defienda-a-la-ganaderia-y-no-mire-hacia-otro-lado\/"]}]},{"@type":"ImageObject","inLanguage":"es","@id":"https:\/\/ppdegalicia.com\/es\/el-pp-pedira-el-proximo-miercoles-en-el-senado-la-salida-del-lobo-del-lespre-y-exige-al-gobierno-que-defienda-a-la-ganaderia-y-no-mire-hacia-otro-lado\/#primaryimage","url":"https:\/\/ppdegalicia.com\/wp-content\/uploads\/2025\/03\/Senadores-Balseiro-y-Barreiro-en-Muras-1.jpg","contentUrl":"https:\/\/ppdegalicia.com\/wp-content\/uploads\/2025\/03\/Senadores-Balseiro-y-Barreiro-en-Muras-1.jpg","width":2048,"height":1365},{"@type":"BreadcrumbList","@id":"https:\/\/ppdegalicia.com\/es\/el-pp-pedira-el-proximo-miercoles-en-el-senado-la-salida-del-lobo-del-lespre-y-exige-al-gobierno-que-defienda-a-la-ganaderia-y-no-mire-hacia-otro-lado\/#breadcrumb","itemListElement":[{"@type":"ListItem","position":1,"name":"Portada","item":"https:\/\/ppdegalicia.com\/es\/"},{"@type":"ListItem","position":2,"name":"El PP pedir\u00e1 el pr\u00f3ximo mi\u00e9rcoles en el Senado la salida del lobo del Lespre y exige al Gobierno que defienda a la ganader\u00eda y \u201cno mire hacia otro lado\u201d"}]},{"@type":"WebSite","@id":"https:\/\/ppdegalicia.com\/es\/#website","url":"https:\/\/ppdegalicia.com\/es\/","name":"Partido Popular de Galicia","description":"Partido Popular de Galicia","publisher":{"@id":"https:\/\/ppdegalicia.com\/es\/#organization"},"alternateName":"PP de Galicia","potentialAction":[{"@type":"SearchAction","target":{"@type":"EntryPoint","urlTemplate":"https:\/\/ppdegalicia.com\/es\/?s={search_term_string}"},"query-input":{"@type":"PropertyValueSpecification","valueRequired":true,"valueName":"search_term_string"}}],"inLanguage":"es"},{"@type":"Organization","@id":"https:\/\/ppdegalicia.com\/es\/#organization","name":"Partido Popular de Galicia","alternateName":"PP de Galicia","url":"https:\/\/ppdegalicia.com\/es\/","logo":{"@type":"ImageObject","inLanguage":"es","@id":"https:\/\/ppdegalicia.com\/es\/#\/schema\/logo\/image\/","url":"https:\/\/ppdegalicia.com\/wp-content\/uploads\/2023\/04\/logoPP512.png","contentUrl":"https:\/\/ppdegalicia.com\/wp-content\/uploads\/2023\/04\/logoPP512.png","width":512,"height":512,"caption":"Partido Popular de Galicia"},"image":{"@id":"https:\/\/ppdegalicia.com\/es\/#\/schema\/logo\/image\/"},"sameAs":["https:\/\/www.instagram.com\/ppdegalicia\/","https:\/\/x.com\/ppdegalicia","https:\/\/www.tiktok.com\/@ppdegalicia","https:\/\/www.youtube.com\/user\/ppdegalicia"]},{"@type":"Person","@id":"https:\/\/ppdegalicia.com\/es\/#\/schema\/person\/5b822c6f59e872ebdd1142f307dbcb59","name":"ppdegaliciaredes","image":{"@type":"ImageObject","inLanguage":"es","@id":"https:\/\/secure.gravatar.com\/avatar\/3c9179cf0256d00c72a48d1f25783c58b6842cd56e85ef3a572881c8e28ccd59?s=96&d=mm&r=g","url":"https:\/\/secure.gravatar.com\/avatar\/3c9179cf0256d00c72a48d1f25783c58b6842cd56e85ef3a572881c8e28ccd59?s=96&d=mm&r=g","contentUrl":"https:\/\/secure.gravatar.com\/avatar\/3c9179cf0256d00c72a48d1f25783c58b6842cd56e85ef3a572881c8e28ccd59?s=96&d=mm&r=g","caption":"ppdegaliciaredes"},"url":"https:\/\/ppdegalicia.com\/es\/author\/ppdegaliciaredes\/"}]}},"_links":{"self":[{"href":"https:\/\/ppdegalicia.com\/es\/wp-json\/wp\/v2\/posts\/66107","targetHints":{"allow":["GET"]}}],"collection":[{"href":"https:\/\/ppdegalicia.com\/es\/wp-json\/wp\/v2\/posts"}],"about":[{"href":"https:\/\/ppdegalicia.com\/es\/wp-json\/wp\/v2\/types\/post"}],"author":[{"embeddable":true,"href":"https:\/\/ppdegalicia.com\/es\/wp-json\/wp\/v2\/users\/38"}],"replies":[{"embeddable":true,"href":"https:\/\/ppdegalicia.com\/es\/wp-json\/wp\/v2\/comments?post=66107"}],"version-history":[{"count":1,"href":"https:\/\/ppdegalicia.com\/es\/wp-json\/wp\/v2\/posts\/66107\/revisions"}],"predecessor-version":[{"id":66110,"href":"https:\/\/ppdegalicia.com\/es\/wp-json\/wp\/v2\/posts\/66107\/revisions\/66110"}],"wp:featuredmedia":[{"embeddable":true,"href":"https:\/\/ppdegalicia.com\/es\/wp-json\/wp\/v2\/media\/66108"}],"wp:attachment":[{"href":"https:\/\/ppdegalicia.com\/es\/wp-json\/wp\/v2\/media?parent=66107"}],"wp:term":[{"taxonomy":"category","embeddable":true,"href":"https:\/\/ppdegalicia.com\/es\/wp-json\/wp\/v2\/categories?post=66107"},{"taxonomy":"post_tag","embeddable":true,"href":"https:\/\/ppdegalicia.com\/es\/wp-json\/wp\/v2\/tags?post=66107"}],"curies":[{"name":"wp","href":"https:\/\/api.w.org\/{rel}","templated":true}]}}