{"id":66111,"date":"2025-03-07T15:32:57","date_gmt":"2025-03-07T14:32:57","guid":{"rendered":"https:\/\/ppdegalicia.com\/?p=66111"},"modified":"2025-03-07T21:36:58","modified_gmt":"2025-03-07T20:36:58","slug":"las-comunidades-gobernadas-por-el-pp-entre-ellas-galicia-exigen-a-monica-garcia-una-reunion-urgente-ante-la-falta-de-medicos","status":"publish","type":"post","link":"https:\/\/ppdegalicia.com\/es\/las-comunidades-gobernadas-por-el-pp-entre-ellas-galicia-exigen-a-monica-garcia-una-reunion-urgente-ante-la-falta-de-medicos\/","title":{"rendered":"Las comunidades gobernadas por el PP, entre ellas Galicia, exigen a M\u00f3nica Garc\u00eda una reuni\u00f3n urgente ante la falta de m\u00e9dicos"},"content":{"rendered":"<p>Los consejeros de Sanidad del Partido Popular han pedido a la ministra M\u00f3nica Garc\u00eda una reuni\u00f3n \u201curgente\u201d y presencial del Pleno del Consejo Interterritorial del Sistema Nacional de Salud (CISNS) para abordar la ampliaci\u00f3n del n\u00famero de plazas de formaci\u00f3n para Medicina Familiar y Comunitaria y los criterios de financiaci\u00f3n del Plan de Acci\u00f3n de Atenci\u00f3n Primaria y Comunitaria 2025-2027.<\/p>\n<p>Las\u00a0comunidades\u00a0gobernadas\u00a0por\u00a0el\u00a0PP, entre ellas Galicia,\u00a0han\u00a0remitido\u00a0un\u00a0escrito\u00a0al\u00a0Ministerio\u00a0en el que recogen que la inacci\u00f3n del equipo encabezado por Garc\u00eda en este sentido repercute de forma negativa en el bienestar de los espa\u00f1oles y en su derecho a la protecci\u00f3n de la salud, mientras que desde las CCAA se est\u00e1n tomando las medidas correspondientes dentro de sus competencias.<\/p>\n<p>Los consejeros explican que en las reuniones de la Comisi\u00f3n de Atenci\u00f3n Primaria y Comunitaria (CAPYCO) del CISNS celebradas en noviembre de 2024 y en enero de este a\u00f1o ya se han abordado los criterios para la financiaci\u00f3n\u00a0del\u00a0Plan\u00a0de\u00a0Acci\u00f3n\u00a0de\u00a0Atenci\u00f3n\u00a0Primaria\u00a0y\u00a0Comunitaria\u00a02025-2027, por lo que convendr\u00eda elevar cuanto antes una propuesta al pleno del CISNS.<\/p>\n<p>Los consejeros explican que de nada les sirve elaborar propuestas, recomendaciones y participar en votaciones, si desde el Ministerio no se act\u00faa para resolver el problema m\u00e1s urgente que tiene la Sanidad espa\u00f1ola, la falta de profesionales sanitarios.<\/p>\n<p>Adem\u00e1s, en la carta remitida por los consejeros del PP se recoge que \u201cdesde su propio Ministerio se ha reconocido la necesidad de incrementar un 10% las plazas MIR de Medicina Familiar y Comunitaria para llegar a 2.741 plazas en 2024. Sin embargo, las plazas que se ofertaron en 2024 fueron 2.492 y en 2025 solo se ofrecen 16 m\u00e1s\u201d.<\/p>\n<p>Los consejeros terminan su escrito explicando que \u201cdada la relevancia de ambos temas y en base al art\u00edculo 13 del reglamento del CISNS\u201d, piden a la ministra \u201cque convoque un Pleno del CISNS presencial a la mayor brevedad\u00a0posible\u201d.<\/p>\n","protected":false},"excerpt":{"rendered":"<p>Los consejeros de Sanidad del Partido Popular han pedido a la ministra M\u00f3nica Garc\u00eda una reuni\u00f3n \u201curgente\u201d y presencial del Pleno del Consejo Interterritorial del Sistema Nacional de Salud (CISNS) para abordar la ampliaci\u00f3n del n\u00famero de plazas de formaci\u00f3n para Medicina Familiar y Comunitaria y los criterios de financiaci\u00f3n del Plan de Acci\u00f3n de [&hellip;]<\/p>\n","protected":false},"author":38,"featured_media":66112,"comment_status":"closed","ping_status":"open","sticky":false,"template":"","format":"standard","meta":{"_acf_changed":false,"footnotes":""},"categories":[1],"tags":[],"class_list":["post-66111","post","type-post","status-publish","format-standard","has-post-thumbnail","hentry","category-pp-de-galicia"],"acf":[],"yoast_head":"<!-- This site is optimized with the Yoast SEO plugin v27.3 - https:\/\/yoast.com\/product\/yoast-seo-wordpress\/ -->\n<title>Las comunidades gobernadas por el PP, entre ellas Galicia, exigen a M\u00f3nica Garc\u00eda una reuni\u00f3n urgente ante la falta de m\u00e9dicos - PP de Galicia<\/title>\n<meta name=\"description\" content=\"Los consejeros de Sanidad del Partido Popular han pedido a la ministra M\u00f3nica Garc\u00eda una reuni\u00f3n \u201curgente\u201d y presencial del Pleno del Consejo Interterritorial del Sistema Nacional de Salud (CISNS) para abordar la ampliaci\u00f3n del n\u00famero de plazas de formaci\u00f3n para Medicina Familiar y Comunitaria y los criterios de financiaci\u00f3n del Plan de Acci\u00f3n de Atenci\u00f3n Primaria y Comunitaria 2025-2027.\" \/>\n<meta name=\"robots\" content=\"index, follow, max-snippet:-1, max-image-preview:large, max-video-preview:-1\" \/>\n<link rel=\"canonical\" href=\"https:\/\/ppdegalicia.com\/es\/las-comunidades-gobernadas-por-el-pp-entre-ellas-galicia-exigen-a-monica-garcia-una-reunion-urgente-ante-la-falta-de-medicos\/\" \/>\n<meta property=\"og:locale\" content=\"es_ES\" \/>\n<meta property=\"og:type\" content=\"article\" \/>\n<meta property=\"og:title\" content=\"Las comunidades gobernadas por el PP, entre ellas Galicia, exigen a M\u00f3nica Garc\u00eda una reuni\u00f3n urgente ante la falta de m\u00e9dicos - PP de Galicia\" \/>\n<meta property=\"og:description\" content=\"Los consejeros de Sanidad del Partido Popular han pedido a la ministra M\u00f3nica Garc\u00eda una reuni\u00f3n \u201curgente\u201d y presencial del Pleno del Consejo Interterritorial del Sistema Nacional de Salud (CISNS) para abordar la ampliaci\u00f3n del n\u00famero de plazas de formaci\u00f3n para Medicina Familiar y Comunitaria y los criterios de financiaci\u00f3n del Plan de Acci\u00f3n de Atenci\u00f3n Primaria y Comunitaria 2025-2027.\" \/>\n<meta property=\"og:url\" content=\"https:\/\/ppdegalicia.com\/es\/las-comunidades-gobernadas-por-el-pp-entre-ellas-galicia-exigen-a-monica-garcia-una-reunion-urgente-ante-la-falta-de-medicos\/\" \/>\n<meta property=\"og:site_name\" content=\"PP de Galicia\" \/>\n<meta property=\"article:publisher\" content=\"https:\/\/www.instagram.com\/ppdegalicia\/\" \/>\n<meta property=\"article:published_time\" content=\"2025-03-07T14:32:57+00:00\" \/>\n<meta property=\"article:modified_time\" content=\"2025-03-07T20:36:58+00:00\" \/>\n<meta property=\"og:image\" content=\"https:\/\/ppdegalicia.com\/wp-content\/uploads\/2025\/03\/Conselleiro-Antonio-Gomez-Caamano-scaled.jpg\" \/>\n\t<meta property=\"og:image:width\" content=\"2560\" \/>\n\t<meta property=\"og:image:height\" content=\"1707\" \/>\n\t<meta property=\"og:image:type\" content=\"image\/jpeg\" \/>\n<meta name=\"author\" content=\"ppdegaliciaredes\" \/>\n<meta name=\"twitter:card\" content=\"summary_large_image\" \/>\n<meta name=\"twitter:creator\" content=\"@ppdegalicia\" \/>\n<meta name=\"twitter:site\" content=\"@ppdegalicia\" \/>\n<meta name=\"twitter:label1\" content=\"Escrito por\" \/>\n\t<meta name=\"twitter:data1\" content=\"ppdegaliciaredes\" \/>\n\t<meta name=\"twitter:label2\" content=\"Tiempo de lectura\" \/>\n\t<meta name=\"twitter:data2\" content=\"2 minutos\" \/>\n<script type=\"application\/ld+json\" class=\"yoast-schema-graph\">{\"@context\":\"https:\\\/\\\/schema.org\",\"@graph\":[{\"@type\":\"Article\",\"@id\":\"https:\\\/\\\/ppdegalicia.com\\\/es\\\/las-comunidades-gobernadas-por-el-pp-entre-ellas-galicia-exigen-a-monica-garcia-una-reunion-urgente-ante-la-falta-de-medicos\\\/#article\",\"isPartOf\":{\"@id\":\"https:\\\/\\\/ppdegalicia.com\\\/es\\\/las-comunidades-gobernadas-por-el-pp-entre-ellas-galicia-exigen-a-monica-garcia-una-reunion-urgente-ante-la-falta-de-medicos\\\/\"},\"author\":{\"name\":\"ppdegaliciaredes\",\"@id\":\"https:\\\/\\\/ppdegalicia.com\\\/es\\\/#\\\/schema\\\/person\\\/5b822c6f59e872ebdd1142f307dbcb59\"},\"headline\":\"Las comunidades gobernadas por el PP, entre ellas Galicia, exigen a M\u00f3nica Garc\u00eda una reuni\u00f3n urgente ante la falta de m\u00e9dicos\",\"datePublished\":\"2025-03-07T14:32:57+00:00\",\"dateModified\":\"2025-03-07T20:36:58+00:00\",\"mainEntityOfPage\":{\"@id\":\"https:\\\/\\\/ppdegalicia.com\\\/es\\\/las-comunidades-gobernadas-por-el-pp-entre-ellas-galicia-exigen-a-monica-garcia-una-reunion-urgente-ante-la-falta-de-medicos\\\/\"},\"wordCount\":366,\"publisher\":{\"@id\":\"https:\\\/\\\/ppdegalicia.com\\\/es\\\/#organization\"},\"image\":{\"@id\":\"https:\\\/\\\/ppdegalicia.com\\\/es\\\/las-comunidades-gobernadas-por-el-pp-entre-ellas-galicia-exigen-a-monica-garcia-una-reunion-urgente-ante-la-falta-de-medicos\\\/#primaryimage\"},\"thumbnailUrl\":\"https:\\\/\\\/ppdegalicia.com\\\/wp-content\\\/uploads\\\/2025\\\/03\\\/Conselleiro-Antonio-Gomez-Caamano-scaled.jpg\",\"articleSection\":[\"PP de Galicia\"],\"inLanguage\":\"es\"},{\"@type\":\"WebPage\",\"@id\":\"https:\\\/\\\/ppdegalicia.com\\\/es\\\/las-comunidades-gobernadas-por-el-pp-entre-ellas-galicia-exigen-a-monica-garcia-una-reunion-urgente-ante-la-falta-de-medicos\\\/\",\"url\":\"https:\\\/\\\/ppdegalicia.com\\\/es\\\/las-comunidades-gobernadas-por-el-pp-entre-ellas-galicia-exigen-a-monica-garcia-una-reunion-urgente-ante-la-falta-de-medicos\\\/\",\"name\":\"Las comunidades gobernadas por el PP, entre ellas Galicia, exigen a M\u00f3nica Garc\u00eda una reuni\u00f3n urgente ante la falta de m\u00e9dicos - PP de Galicia\",\"isPartOf\":{\"@id\":\"https:\\\/\\\/ppdegalicia.com\\\/es\\\/#website\"},\"primaryImageOfPage\":{\"@id\":\"https:\\\/\\\/ppdegalicia.com\\\/es\\\/las-comunidades-gobernadas-por-el-pp-entre-ellas-galicia-exigen-a-monica-garcia-una-reunion-urgente-ante-la-falta-de-medicos\\\/#primaryimage\"},\"image\":{\"@id\":\"https:\\\/\\\/ppdegalicia.com\\\/es\\\/las-comunidades-gobernadas-por-el-pp-entre-ellas-galicia-exigen-a-monica-garcia-una-reunion-urgente-ante-la-falta-de-medicos\\\/#primaryimage\"},\"thumbnailUrl\":\"https:\\\/\\\/ppdegalicia.com\\\/wp-content\\\/uploads\\\/2025\\\/03\\\/Conselleiro-Antonio-Gomez-Caamano-scaled.jpg\",\"datePublished\":\"2025-03-07T14:32:57+00:00\",\"dateModified\":\"2025-03-07T20:36:58+00:00\",\"description\":\"Los consejeros de Sanidad del Partido Popular han pedido a la ministra M\u00f3nica Garc\u00eda una reuni\u00f3n \u201curgente\u201d y presencial del Pleno del Consejo Interterritorial del Sistema Nacional de Salud (CISNS) para abordar la ampliaci\u00f3n del n\u00famero de plazas de formaci\u00f3n para Medicina Familiar y Comunitaria y los criterios de financiaci\u00f3n del Plan de Acci\u00f3n de Atenci\u00f3n Primaria y Comunitaria 2025-2027.\",\"breadcrumb\":{\"@id\":\"https:\\\/\\\/ppdegalicia.com\\\/es\\\/las-comunidades-gobernadas-por-el-pp-entre-ellas-galicia-exigen-a-monica-garcia-una-reunion-urgente-ante-la-falta-de-medicos\\\/#breadcrumb\"},\"inLanguage\":\"es\",\"potentialAction\":[{\"@type\":\"ReadAction\",\"target\":[\"https:\\\/\\\/ppdegalicia.com\\\/es\\\/las-comunidades-gobernadas-por-el-pp-entre-ellas-galicia-exigen-a-monica-garcia-una-reunion-urgente-ante-la-falta-de-medicos\\\/\"]}]},{\"@type\":\"ImageObject\",\"inLanguage\":\"es\",\"@id\":\"https:\\\/\\\/ppdegalicia.com\\\/es\\\/las-comunidades-gobernadas-por-el-pp-entre-ellas-galicia-exigen-a-monica-garcia-una-reunion-urgente-ante-la-falta-de-medicos\\\/#primaryimage\",\"url\":\"https:\\\/\\\/ppdegalicia.com\\\/wp-content\\\/uploads\\\/2025\\\/03\\\/Conselleiro-Antonio-Gomez-Caamano-scaled.jpg\",\"contentUrl\":\"https:\\\/\\\/ppdegalicia.com\\\/wp-content\\\/uploads\\\/2025\\\/03\\\/Conselleiro-Antonio-Gomez-Caamano-scaled.jpg\",\"width\":2560,\"height\":1707},{\"@type\":\"BreadcrumbList\",\"@id\":\"https:\\\/\\\/ppdegalicia.com\\\/es\\\/las-comunidades-gobernadas-por-el-pp-entre-ellas-galicia-exigen-a-monica-garcia-una-reunion-urgente-ante-la-falta-de-medicos\\\/#breadcrumb\",\"itemListElement\":[{\"@type\":\"ListItem\",\"position\":1,\"name\":\"Portada\",\"item\":\"https:\\\/\\\/ppdegalicia.com\\\/es\\\/\"},{\"@type\":\"ListItem\",\"position\":2,\"name\":\"Las comunidades gobernadas por el PP, entre ellas Galicia, exigen a M\u00f3nica Garc\u00eda una reuni\u00f3n urgente ante la falta de m\u00e9dicos\"}]},{\"@type\":\"WebSite\",\"@id\":\"https:\\\/\\\/ppdegalicia.com\\\/es\\\/#website\",\"url\":\"https:\\\/\\\/ppdegalicia.com\\\/es\\\/\",\"name\":\"Partido Popular de Galicia\",\"description\":\"Partido Popular de Galicia\",\"publisher\":{\"@id\":\"https:\\\/\\\/ppdegalicia.com\\\/es\\\/#organization\"},\"alternateName\":\"PP de Galicia\",\"potentialAction\":[{\"@type\":\"SearchAction\",\"target\":{\"@type\":\"EntryPoint\",\"urlTemplate\":\"https:\\\/\\\/ppdegalicia.com\\\/es\\\/?s={search_term_string}\"},\"query-input\":{\"@type\":\"PropertyValueSpecification\",\"valueRequired\":true,\"valueName\":\"search_term_string\"}}],\"inLanguage\":\"es\"},{\"@type\":\"Organization\",\"@id\":\"https:\\\/\\\/ppdegalicia.com\\\/es\\\/#organization\",\"name\":\"Partido Popular de Galicia\",\"alternateName\":\"PP de Galicia\",\"url\":\"https:\\\/\\\/ppdegalicia.com\\\/es\\\/\",\"logo\":{\"@type\":\"ImageObject\",\"inLanguage\":\"es\",\"@id\":\"https:\\\/\\\/ppdegalicia.com\\\/es\\\/#\\\/schema\\\/logo\\\/image\\\/\",\"url\":\"https:\\\/\\\/ppdegalicia.com\\\/wp-content\\\/uploads\\\/2023\\\/04\\\/logoPP512.png\",\"contentUrl\":\"https:\\\/\\\/ppdegalicia.com\\\/wp-content\\\/uploads\\\/2023\\\/04\\\/logoPP512.png\",\"width\":512,\"height\":512,\"caption\":\"Partido Popular de Galicia\"},\"image\":{\"@id\":\"https:\\\/\\\/ppdegalicia.com\\\/es\\\/#\\\/schema\\\/logo\\\/image\\\/\"},\"sameAs\":[\"https:\\\/\\\/www.instagram.com\\\/ppdegalicia\\\/\",\"https:\\\/\\\/x.com\\\/ppdegalicia\",\"https:\\\/\\\/www.tiktok.com\\\/@ppdegalicia\",\"https:\\\/\\\/www.youtube.com\\\/user\\\/ppdegalicia\"]},{\"@type\":\"Person\",\"@id\":\"https:\\\/\\\/ppdegalicia.com\\\/es\\\/#\\\/schema\\\/person\\\/5b822c6f59e872ebdd1142f307dbcb59\",\"name\":\"ppdegaliciaredes\",\"image\":{\"@type\":\"ImageObject\",\"inLanguage\":\"es\",\"@id\":\"https:\\\/\\\/secure.gravatar.com\\\/avatar\\\/3c9179cf0256d00c72a48d1f25783c58b6842cd56e85ef3a572881c8e28ccd59?s=96&d=mm&r=g\",\"url\":\"https:\\\/\\\/secure.gravatar.com\\\/avatar\\\/3c9179cf0256d00c72a48d1f25783c58b6842cd56e85ef3a572881c8e28ccd59?s=96&d=mm&r=g\",\"contentUrl\":\"https:\\\/\\\/secure.gravatar.com\\\/avatar\\\/3c9179cf0256d00c72a48d1f25783c58b6842cd56e85ef3a572881c8e28ccd59?s=96&d=mm&r=g\",\"caption\":\"ppdegaliciaredes\"},\"url\":\"https:\\\/\\\/ppdegalicia.com\\\/es\\\/author\\\/ppdegaliciaredes\\\/\"}]}<\/script>\n<!-- \/ Yoast SEO plugin. -->","yoast_head_json":{"title":"Las comunidades gobernadas por el PP, entre ellas Galicia, exigen a M\u00f3nica Garc\u00eda una reuni\u00f3n urgente ante la falta de m\u00e9dicos - PP de Galicia","description":"Los consejeros de Sanidad del Partido Popular han pedido a la ministra M\u00f3nica Garc\u00eda una reuni\u00f3n \u201curgente\u201d y presencial del Pleno del Consejo Interterritorial del Sistema Nacional de Salud (CISNS) para abordar la ampliaci\u00f3n del n\u00famero de plazas de formaci\u00f3n para Medicina Familiar y Comunitaria y los criterios de financiaci\u00f3n del Plan de Acci\u00f3n de Atenci\u00f3n Primaria y Comunitaria 2025-2027.","robots":{"index":"index","follow":"follow","max-snippet":"max-snippet:-1","max-image-preview":"max-image-preview:large","max-video-preview":"max-video-preview:-1"},"canonical":"https:\/\/ppdegalicia.com\/es\/las-comunidades-gobernadas-por-el-pp-entre-ellas-galicia-exigen-a-monica-garcia-una-reunion-urgente-ante-la-falta-de-medicos\/","og_locale":"es_ES","og_type":"article","og_title":"Las comunidades gobernadas por el PP, entre ellas Galicia, exigen a M\u00f3nica Garc\u00eda una reuni\u00f3n urgente ante la falta de m\u00e9dicos - PP de Galicia","og_description":"Los consejeros de Sanidad del Partido Popular han pedido a la ministra M\u00f3nica Garc\u00eda una reuni\u00f3n \u201curgente\u201d y presencial del Pleno del Consejo Interterritorial del Sistema Nacional de Salud (CISNS) para abordar la ampliaci\u00f3n del n\u00famero de plazas de formaci\u00f3n para Medicina Familiar y Comunitaria y los criterios de financiaci\u00f3n del Plan de Acci\u00f3n de Atenci\u00f3n Primaria y Comunitaria 2025-2027.","og_url":"https:\/\/ppdegalicia.com\/es\/las-comunidades-gobernadas-por-el-pp-entre-ellas-galicia-exigen-a-monica-garcia-una-reunion-urgente-ante-la-falta-de-medicos\/","og_site_name":"PP de Galicia","article_publisher":"https:\/\/www.instagram.com\/ppdegalicia\/","article_published_time":"2025-03-07T14:32:57+00:00","article_modified_time":"2025-03-07T20:36:58+00:00","og_image":[{"width":2560,"height":1707,"url":"https:\/\/ppdegalicia.com\/wp-content\/uploads\/2025\/03\/Conselleiro-Antonio-Gomez-Caamano-scaled.jpg","type":"image\/jpeg"}],"author":"ppdegaliciaredes","twitter_card":"summary_large_image","twitter_creator":"@ppdegalicia","twitter_site":"@ppdegalicia","twitter_misc":{"Escrito por":"ppdegaliciaredes","Tiempo de lectura":"2 minutos"},"schema":{"@context":"https:\/\/schema.org","@graph":[{"@type":"Article","@id":"https:\/\/ppdegalicia.com\/es\/las-comunidades-gobernadas-por-el-pp-entre-ellas-galicia-exigen-a-monica-garcia-una-reunion-urgente-ante-la-falta-de-medicos\/#article","isPartOf":{"@id":"https:\/\/ppdegalicia.com\/es\/las-comunidades-gobernadas-por-el-pp-entre-ellas-galicia-exigen-a-monica-garcia-una-reunion-urgente-ante-la-falta-de-medicos\/"},"author":{"name":"ppdegaliciaredes","@id":"https:\/\/ppdegalicia.com\/es\/#\/schema\/person\/5b822c6f59e872ebdd1142f307dbcb59"},"headline":"Las comunidades gobernadas por el PP, entre ellas Galicia, exigen a M\u00f3nica Garc\u00eda una reuni\u00f3n urgente ante la falta de m\u00e9dicos","datePublished":"2025-03-07T14:32:57+00:00","dateModified":"2025-03-07T20:36:58+00:00","mainEntityOfPage":{"@id":"https:\/\/ppdegalicia.com\/es\/las-comunidades-gobernadas-por-el-pp-entre-ellas-galicia-exigen-a-monica-garcia-una-reunion-urgente-ante-la-falta-de-medicos\/"},"wordCount":366,"publisher":{"@id":"https:\/\/ppdegalicia.com\/es\/#organization"},"image":{"@id":"https:\/\/ppdegalicia.com\/es\/las-comunidades-gobernadas-por-el-pp-entre-ellas-galicia-exigen-a-monica-garcia-una-reunion-urgente-ante-la-falta-de-medicos\/#primaryimage"},"thumbnailUrl":"https:\/\/ppdegalicia.com\/wp-content\/uploads\/2025\/03\/Conselleiro-Antonio-Gomez-Caamano-scaled.jpg","articleSection":["PP de Galicia"],"inLanguage":"es"},{"@type":"WebPage","@id":"https:\/\/ppdegalicia.com\/es\/las-comunidades-gobernadas-por-el-pp-entre-ellas-galicia-exigen-a-monica-garcia-una-reunion-urgente-ante-la-falta-de-medicos\/","url":"https:\/\/ppdegalicia.com\/es\/las-comunidades-gobernadas-por-el-pp-entre-ellas-galicia-exigen-a-monica-garcia-una-reunion-urgente-ante-la-falta-de-medicos\/","name":"Las comunidades gobernadas por el PP, entre ellas Galicia, exigen a M\u00f3nica Garc\u00eda una reuni\u00f3n urgente ante la falta de m\u00e9dicos - PP de Galicia","isPartOf":{"@id":"https:\/\/ppdegalicia.com\/es\/#website"},"primaryImageOfPage":{"@id":"https:\/\/ppdegalicia.com\/es\/las-comunidades-gobernadas-por-el-pp-entre-ellas-galicia-exigen-a-monica-garcia-una-reunion-urgente-ante-la-falta-de-medicos\/#primaryimage"},"image":{"@id":"https:\/\/ppdegalicia.com\/es\/las-comunidades-gobernadas-por-el-pp-entre-ellas-galicia-exigen-a-monica-garcia-una-reunion-urgente-ante-la-falta-de-medicos\/#primaryimage"},"thumbnailUrl":"https:\/\/ppdegalicia.com\/wp-content\/uploads\/2025\/03\/Conselleiro-Antonio-Gomez-Caamano-scaled.jpg","datePublished":"2025-03-07T14:32:57+00:00","dateModified":"2025-03-07T20:36:58+00:00","description":"Los consejeros de Sanidad del Partido Popular han pedido a la ministra M\u00f3nica Garc\u00eda una reuni\u00f3n \u201curgente\u201d y presencial del Pleno del Consejo Interterritorial del Sistema Nacional de Salud (CISNS) para abordar la ampliaci\u00f3n del n\u00famero de plazas de formaci\u00f3n para Medicina Familiar y Comunitaria y los criterios de financiaci\u00f3n del Plan de Acci\u00f3n de Atenci\u00f3n Primaria y Comunitaria 2025-2027.","breadcrumb":{"@id":"https:\/\/ppdegalicia.com\/es\/las-comunidades-gobernadas-por-el-pp-entre-ellas-galicia-exigen-a-monica-garcia-una-reunion-urgente-ante-la-falta-de-medicos\/#breadcrumb"},"inLanguage":"es","potentialAction":[{"@type":"ReadAction","target":["https:\/\/ppdegalicia.com\/es\/las-comunidades-gobernadas-por-el-pp-entre-ellas-galicia-exigen-a-monica-garcia-una-reunion-urgente-ante-la-falta-de-medicos\/"]}]},{"@type":"ImageObject","inLanguage":"es","@id":"https:\/\/ppdegalicia.com\/es\/las-comunidades-gobernadas-por-el-pp-entre-ellas-galicia-exigen-a-monica-garcia-una-reunion-urgente-ante-la-falta-de-medicos\/#primaryimage","url":"https:\/\/ppdegalicia.com\/wp-content\/uploads\/2025\/03\/Conselleiro-Antonio-Gomez-Caamano-scaled.jpg","contentUrl":"https:\/\/ppdegalicia.com\/wp-content\/uploads\/2025\/03\/Conselleiro-Antonio-Gomez-Caamano-scaled.jpg","width":2560,"height":1707},{"@type":"BreadcrumbList","@id":"https:\/\/ppdegalicia.com\/es\/las-comunidades-gobernadas-por-el-pp-entre-ellas-galicia-exigen-a-monica-garcia-una-reunion-urgente-ante-la-falta-de-medicos\/#breadcrumb","itemListElement":[{"@type":"ListItem","position":1,"name":"Portada","item":"https:\/\/ppdegalicia.com\/es\/"},{"@type":"ListItem","position":2,"name":"Las comunidades gobernadas por el PP, entre ellas Galicia, exigen a M\u00f3nica Garc\u00eda una reuni\u00f3n urgente ante la falta de m\u00e9dicos"}]},{"@type":"WebSite","@id":"https:\/\/ppdegalicia.com\/es\/#website","url":"https:\/\/ppdegalicia.com\/es\/","name":"Partido Popular de Galicia","description":"Partido Popular de Galicia","publisher":{"@id":"https:\/\/ppdegalicia.com\/es\/#organization"},"alternateName":"PP de Galicia","potentialAction":[{"@type":"SearchAction","target":{"@type":"EntryPoint","urlTemplate":"https:\/\/ppdegalicia.com\/es\/?s={search_term_string}"},"query-input":{"@type":"PropertyValueSpecification","valueRequired":true,"valueName":"search_term_string"}}],"inLanguage":"es"},{"@type":"Organization","@id":"https:\/\/ppdegalicia.com\/es\/#organization","name":"Partido Popular de Galicia","alternateName":"PP de Galicia","url":"https:\/\/ppdegalicia.com\/es\/","logo":{"@type":"ImageObject","inLanguage":"es","@id":"https:\/\/ppdegalicia.com\/es\/#\/schema\/logo\/image\/","url":"https:\/\/ppdegalicia.com\/wp-content\/uploads\/2023\/04\/logoPP512.png","contentUrl":"https:\/\/ppdegalicia.com\/wp-content\/uploads\/2023\/04\/logoPP512.png","width":512,"height":512,"caption":"Partido Popular de Galicia"},"image":{"@id":"https:\/\/ppdegalicia.com\/es\/#\/schema\/logo\/image\/"},"sameAs":["https:\/\/www.instagram.com\/ppdegalicia\/","https:\/\/x.com\/ppdegalicia","https:\/\/www.tiktok.com\/@ppdegalicia","https:\/\/www.youtube.com\/user\/ppdegalicia"]},{"@type":"Person","@id":"https:\/\/ppdegalicia.com\/es\/#\/schema\/person\/5b822c6f59e872ebdd1142f307dbcb59","name":"ppdegaliciaredes","image":{"@type":"ImageObject","inLanguage":"es","@id":"https:\/\/secure.gravatar.com\/avatar\/3c9179cf0256d00c72a48d1f25783c58b6842cd56e85ef3a572881c8e28ccd59?s=96&d=mm&r=g","url":"https:\/\/secure.gravatar.com\/avatar\/3c9179cf0256d00c72a48d1f25783c58b6842cd56e85ef3a572881c8e28ccd59?s=96&d=mm&r=g","contentUrl":"https:\/\/secure.gravatar.com\/avatar\/3c9179cf0256d00c72a48d1f25783c58b6842cd56e85ef3a572881c8e28ccd59?s=96&d=mm&r=g","caption":"ppdegaliciaredes"},"url":"https:\/\/ppdegalicia.com\/es\/author\/ppdegaliciaredes\/"}]}},"_links":{"self":[{"href":"https:\/\/ppdegalicia.com\/es\/wp-json\/wp\/v2\/posts\/66111","targetHints":{"allow":["GET"]}}],"collection":[{"href":"https:\/\/ppdegalicia.com\/es\/wp-json\/wp\/v2\/posts"}],"about":[{"href":"https:\/\/ppdegalicia.com\/es\/wp-json\/wp\/v2\/types\/post"}],"author":[{"embeddable":true,"href":"https:\/\/ppdegalicia.com\/es\/wp-json\/wp\/v2\/users\/38"}],"replies":[{"embeddable":true,"href":"https:\/\/ppdegalicia.com\/es\/wp-json\/wp\/v2\/comments?post=66111"}],"version-history":[{"count":1,"href":"https:\/\/ppdegalicia.com\/es\/wp-json\/wp\/v2\/posts\/66111\/revisions"}],"predecessor-version":[{"id":66114,"href":"https:\/\/ppdegalicia.com\/es\/wp-json\/wp\/v2\/posts\/66111\/revisions\/66114"}],"wp:featuredmedia":[{"embeddable":true,"href":"https:\/\/ppdegalicia.com\/es\/wp-json\/wp\/v2\/media\/66112"}],"wp:attachment":[{"href":"https:\/\/ppdegalicia.com\/es\/wp-json\/wp\/v2\/media?parent=66111"}],"wp:term":[{"taxonomy":"category","embeddable":true,"href":"https:\/\/ppdegalicia.com\/es\/wp-json\/wp\/v2\/categories?post=66111"},{"taxonomy":"post_tag","embeddable":true,"href":"https:\/\/ppdegalicia.com\/es\/wp-json\/wp\/v2\/tags?post=66111"}],"curies":[{"name":"wp","href":"https:\/\/api.w.org\/{rel}","templated":true}]}}