{"id":66184,"date":"2025-03-15T12:37:00","date_gmt":"2025-03-15T11:37:00","guid":{"rendered":"https:\/\/ppdegalicia.com\/?p=66184"},"modified":"2025-03-17T12:44:41","modified_gmt":"2025-03-17T11:44:41","slug":"o-ppdeg-celebra-o-avance-no-obxectivo-de-que-espana-rebaixe-o-nivel-de-proteccion-do-lobo-e-garantir-asi-o-equilibrio-no-medio-rural","status":"publish","type":"post","link":"https:\/\/ppdegalicia.com\/es\/o-ppdeg-celebra-o-avance-no-obxectivo-de-que-espana-rebaixe-o-nivel-de-proteccion-do-lobo-e-garantir-asi-o-equilibrio-no-medio-rural\/","title":{"rendered":"O PPdeG celebra o avance no obxectivo de que Espa\u00f1a rebaixe o nivel de protecci\u00f3n do lobo e garantir as\u00ed o equilibrio no medio rural"},"content":{"rendered":"<p>&nbsp;<\/p>\n<p>Un gran avance que se acadou esta semana logo de que o Senado aprobase as emendas dos populares \u00e1 lei de desperdicio alimentario e nas que o partido inclu\u00edu esta reiterada reivindicaci\u00f3n das comunidades lobeiras e do sector gandeiro.<\/p>\n<p>Non obstante, lamentan desde o PPdeG, as emendas contaron co voto en contra tanto dos senadores galegos do PSOE como da representante do BNG, que \u201cen Galicia din defender o medio rural, pero en Madrid fan todo o contrario\u201d.<\/p>\n<p>Agora, as emendas deber\u00e1n ser ratificadas o pr\u00f3ximo xoves no debate do proxecto de lei no Congreso dos Deputados e, no caso de que os partidos que as apoiaron no Senado mante\u00f1an a coherencia do seu voto na C\u00e1mara Baixa, isto supor\u00e1 a sa\u00edda inmediata e definitiva do lobo do Lespre.<\/p>\n<p><strong>O GOBERNO DE ESPA\u00d1A NON ATENDEU O MANDATO DE EUROPA<\/strong><\/p>\n<p>Deste xeito, tal e como destaca o eurodeputado do PPdeG Adri\u00e1n V\u00e1zquez, Espa\u00f1a situar\u00edase na mesma li\u00f1a que Europa no que se refire \u00e1 defensa do equilibrio entre a conservaci\u00f3n desta especie e a garant\u00eda de futuro do sector gandeiro.<\/p>\n<p>Recorda neste sentido que Bruxelas \u201ccambiou as regras de xogo\u201d para avanzar no control cinex\u00e9tico do lobo \u201coutorgando aos Estados membros liberdade para decidir como manexar as superpoboaci\u00f3ns desta especie que tantos problemas est\u00e1 a causar aos nosos gandeiros\u201d. Algo que nunca fixo o Goberno de Espa\u00f1a, que desde 2021 outorga ao lobo a categor\u00eda de especie especialmente protexida.<\/p>\n<p>Tr\u00e1tase dun nivel de protecci\u00f3n que, tal e como denuncia, est\u00e1 \u201cfrustrando o esforzo diario de quen sofre os seus ataques e ve minguados os seus gandos\u201d, un extremo que se pode comprobar no caso de Galicia, que \u00e9 unha das comunidades m\u00e1is afectadas e onde o sector gandeiro leva anos pedindo soluci\u00f3ns.<\/p>\n<p>\u201cNingu\u00e9n cuestiona que o lobo deba ser protexido, pero tampouco deber\u00eda cuestionarse que \u00e9 imprescindible garantir un control efectivo da s\u00faa poboaci\u00f3n para frear os danos que est\u00e1 provocando\u201d, explica incidindo en que, co novo marco europeo e cos avances lexislativos acadados polo Partido Popular, Espa\u00f1a ten agora a oportunidade de equilibrar a conservaci\u00f3n do lobo e a supervivencia dun sector gandeiro \u201cque xa non aguanta m\u00e1is abandono\u201d.<\/p>\n","protected":false},"excerpt":{"rendered":"<p>&nbsp; Un gran avance que se acadou esta semana logo de que o Senado aprobase as emendas dos populares \u00e1 lei de desperdicio alimentario e nas que o partido inclu\u00edu esta reiterada reivindicaci\u00f3n das comunidades lobeiras e do sector gandeiro. Non obstante, lamentan desde o PPdeG, as emendas contaron co voto en contra tanto dos [&hellip;]<\/p>\n","protected":false},"author":38,"featured_media":66185,"comment_status":"closed","ping_status":"open","sticky":false,"template":"","format":"standard","meta":{"_acf_changed":false,"footnotes":""},"categories":[1128],"tags":[],"class_list":["post-66184","post","type-post","status-publish","format-standard","has-post-thumbnail","hentry","category-actualidad-parlamento-de-galicia"],"acf":[],"yoast_head":"<!-- This site is optimized with the Yoast SEO plugin v27.3 - https:\/\/yoast.com\/product\/yoast-seo-wordpress\/ -->\n<title>O PPdeG celebra o avance no obxectivo de que Espa\u00f1a rebaixe o nivel de protecci\u00f3n do lobo e garantir as\u00ed o equilibrio no medio rural - PP de Galicia<\/title>\n<meta name=\"description\" content=\"O PP de Galicia celebra que, grazas ao traballo dos populares, estea cada vez m\u00e1is cerca o obxectivo de conseguir que Espa\u00f1a rebaixe o nivel de protecci\u00f3n do lobo a trav\u00e9s da exclusi\u00f3n desta especie do Listado de especies silvestres en r\u00e9xime de protecci\u00f3n especial (Lespre) e do Cat\u00e1logo espa\u00f1ol de especies ameazadas, garantindo as\u00ed o equilibrio no medio rural.\" \/>\n<meta name=\"robots\" content=\"index, follow, max-snippet:-1, max-image-preview:large, max-video-preview:-1\" \/>\n<link rel=\"canonical\" href=\"https:\/\/ppdegalicia.com\/es\/o-ppdeg-celebra-o-avance-no-obxectivo-de-que-espana-rebaixe-o-nivel-de-proteccion-do-lobo-e-garantir-asi-o-equilibrio-no-medio-rural\/\" \/>\n<meta property=\"og:locale\" content=\"es_ES\" \/>\n<meta property=\"og:type\" content=\"article\" \/>\n<meta property=\"og:title\" content=\"O PPdeG celebra o avance no obxectivo de que Espa\u00f1a rebaixe o nivel de protecci\u00f3n do lobo e garantir as\u00ed o equilibrio no medio rural - PP de Galicia\" \/>\n<meta property=\"og:description\" content=\"O PP de Galicia celebra que, grazas ao traballo dos populares, estea cada vez m\u00e1is cerca o obxectivo de conseguir que Espa\u00f1a rebaixe o nivel de protecci\u00f3n do lobo a trav\u00e9s da exclusi\u00f3n desta especie do Listado de especies silvestres en r\u00e9xime de protecci\u00f3n especial (Lespre) e do Cat\u00e1logo espa\u00f1ol de especies ameazadas, garantindo as\u00ed o equilibrio no medio rural.\" \/>\n<meta property=\"og:url\" content=\"https:\/\/ppdegalicia.com\/es\/o-ppdeg-celebra-o-avance-no-obxectivo-de-que-espana-rebaixe-o-nivel-de-proteccion-do-lobo-e-garantir-asi-o-equilibrio-no-medio-rural\/\" \/>\n<meta property=\"og:site_name\" content=\"PP de Galicia\" \/>\n<meta property=\"article:publisher\" content=\"https:\/\/www.instagram.com\/ppdegalicia\/\" \/>\n<meta property=\"article:published_time\" content=\"2025-03-15T11:37:00+00:00\" \/>\n<meta property=\"article:modified_time\" content=\"2025-03-17T11:44:41+00:00\" \/>\n<meta property=\"og:image\" content=\"https:\/\/ppdegalicia.com\/wp-content\/uploads\/2025\/03\/20250315_AVazquez_Explotacion_Cabalos-scaled.jpg\" \/>\n\t<meta property=\"og:image:width\" content=\"2560\" \/>\n\t<meta property=\"og:image:height\" content=\"1707\" \/>\n\t<meta property=\"og:image:type\" content=\"image\/jpeg\" \/>\n<meta name=\"author\" content=\"ppdegaliciaredes\" \/>\n<meta name=\"twitter:card\" content=\"summary_large_image\" \/>\n<meta name=\"twitter:creator\" content=\"@ppdegalicia\" \/>\n<meta name=\"twitter:site\" content=\"@ppdegalicia\" \/>\n<meta name=\"twitter:label1\" content=\"Escrito por\" \/>\n\t<meta name=\"twitter:data1\" content=\"ppdegaliciaredes\" \/>\n\t<meta name=\"twitter:label2\" content=\"Tiempo de lectura\" \/>\n\t<meta name=\"twitter:data2\" content=\"3 minutos\" \/>\n<script type=\"application\/ld+json\" class=\"yoast-schema-graph\">{\"@context\":\"https:\\\/\\\/schema.org\",\"@graph\":[{\"@type\":\"Article\",\"@id\":\"https:\\\/\\\/ppdegalicia.com\\\/es\\\/o-ppdeg-celebra-o-avance-no-obxectivo-de-que-espana-rebaixe-o-nivel-de-proteccion-do-lobo-e-garantir-asi-o-equilibrio-no-medio-rural\\\/#article\",\"isPartOf\":{\"@id\":\"https:\\\/\\\/ppdegalicia.com\\\/es\\\/o-ppdeg-celebra-o-avance-no-obxectivo-de-que-espana-rebaixe-o-nivel-de-proteccion-do-lobo-e-garantir-asi-o-equilibrio-no-medio-rural\\\/\"},\"author\":{\"name\":\"ppdegaliciaredes\",\"@id\":\"https:\\\/\\\/ppdegalicia.com\\\/es\\\/#\\\/schema\\\/person\\\/5b822c6f59e872ebdd1142f307dbcb59\"},\"headline\":\"O PPdeG celebra o avance no obxectivo de que Espa\u00f1a rebaixe o nivel de protecci\u00f3n do lobo e garantir as\u00ed o equilibrio no medio rural\",\"datePublished\":\"2025-03-15T11:37:00+00:00\",\"dateModified\":\"2025-03-17T11:44:41+00:00\",\"mainEntityOfPage\":{\"@id\":\"https:\\\/\\\/ppdegalicia.com\\\/es\\\/o-ppdeg-celebra-o-avance-no-obxectivo-de-que-espana-rebaixe-o-nivel-de-proteccion-do-lobo-e-garantir-asi-o-equilibrio-no-medio-rural\\\/\"},\"wordCount\":412,\"publisher\":{\"@id\":\"https:\\\/\\\/ppdegalicia.com\\\/es\\\/#organization\"},\"image\":{\"@id\":\"https:\\\/\\\/ppdegalicia.com\\\/es\\\/o-ppdeg-celebra-o-avance-no-obxectivo-de-que-espana-rebaixe-o-nivel-de-proteccion-do-lobo-e-garantir-asi-o-equilibrio-no-medio-rural\\\/#primaryimage\"},\"thumbnailUrl\":\"https:\\\/\\\/ppdegalicia.com\\\/wp-content\\\/uploads\\\/2025\\\/03\\\/20250315_AVazquez_Explotacion_Cabalos-scaled.jpg\",\"articleSection\":[\"Parlamento de Galicia\"],\"inLanguage\":\"es\"},{\"@type\":\"WebPage\",\"@id\":\"https:\\\/\\\/ppdegalicia.com\\\/es\\\/o-ppdeg-celebra-o-avance-no-obxectivo-de-que-espana-rebaixe-o-nivel-de-proteccion-do-lobo-e-garantir-asi-o-equilibrio-no-medio-rural\\\/\",\"url\":\"https:\\\/\\\/ppdegalicia.com\\\/es\\\/o-ppdeg-celebra-o-avance-no-obxectivo-de-que-espana-rebaixe-o-nivel-de-proteccion-do-lobo-e-garantir-asi-o-equilibrio-no-medio-rural\\\/\",\"name\":\"O PPdeG celebra o avance no obxectivo de que Espa\u00f1a rebaixe o nivel de protecci\u00f3n do lobo e garantir as\u00ed o equilibrio no medio rural - PP de Galicia\",\"isPartOf\":{\"@id\":\"https:\\\/\\\/ppdegalicia.com\\\/es\\\/#website\"},\"primaryImageOfPage\":{\"@id\":\"https:\\\/\\\/ppdegalicia.com\\\/es\\\/o-ppdeg-celebra-o-avance-no-obxectivo-de-que-espana-rebaixe-o-nivel-de-proteccion-do-lobo-e-garantir-asi-o-equilibrio-no-medio-rural\\\/#primaryimage\"},\"image\":{\"@id\":\"https:\\\/\\\/ppdegalicia.com\\\/es\\\/o-ppdeg-celebra-o-avance-no-obxectivo-de-que-espana-rebaixe-o-nivel-de-proteccion-do-lobo-e-garantir-asi-o-equilibrio-no-medio-rural\\\/#primaryimage\"},\"thumbnailUrl\":\"https:\\\/\\\/ppdegalicia.com\\\/wp-content\\\/uploads\\\/2025\\\/03\\\/20250315_AVazquez_Explotacion_Cabalos-scaled.jpg\",\"datePublished\":\"2025-03-15T11:37:00+00:00\",\"dateModified\":\"2025-03-17T11:44:41+00:00\",\"description\":\"O PP de Galicia celebra que, grazas ao traballo dos populares, estea cada vez m\u00e1is cerca o obxectivo de conseguir que Espa\u00f1a rebaixe o nivel de protecci\u00f3n do lobo a trav\u00e9s da exclusi\u00f3n desta especie do Listado de especies silvestres en r\u00e9xime de protecci\u00f3n especial (Lespre) e do Cat\u00e1logo espa\u00f1ol de especies ameazadas, garantindo as\u00ed o equilibrio no medio rural.\",\"breadcrumb\":{\"@id\":\"https:\\\/\\\/ppdegalicia.com\\\/es\\\/o-ppdeg-celebra-o-avance-no-obxectivo-de-que-espana-rebaixe-o-nivel-de-proteccion-do-lobo-e-garantir-asi-o-equilibrio-no-medio-rural\\\/#breadcrumb\"},\"inLanguage\":\"es\",\"potentialAction\":[{\"@type\":\"ReadAction\",\"target\":[\"https:\\\/\\\/ppdegalicia.com\\\/es\\\/o-ppdeg-celebra-o-avance-no-obxectivo-de-que-espana-rebaixe-o-nivel-de-proteccion-do-lobo-e-garantir-asi-o-equilibrio-no-medio-rural\\\/\"]}]},{\"@type\":\"ImageObject\",\"inLanguage\":\"es\",\"@id\":\"https:\\\/\\\/ppdegalicia.com\\\/es\\\/o-ppdeg-celebra-o-avance-no-obxectivo-de-que-espana-rebaixe-o-nivel-de-proteccion-do-lobo-e-garantir-asi-o-equilibrio-no-medio-rural\\\/#primaryimage\",\"url\":\"https:\\\/\\\/ppdegalicia.com\\\/wp-content\\\/uploads\\\/2025\\\/03\\\/20250315_AVazquez_Explotacion_Cabalos-scaled.jpg\",\"contentUrl\":\"https:\\\/\\\/ppdegalicia.com\\\/wp-content\\\/uploads\\\/2025\\\/03\\\/20250315_AVazquez_Explotacion_Cabalos-scaled.jpg\",\"width\":2560,\"height\":1707},{\"@type\":\"BreadcrumbList\",\"@id\":\"https:\\\/\\\/ppdegalicia.com\\\/es\\\/o-ppdeg-celebra-o-avance-no-obxectivo-de-que-espana-rebaixe-o-nivel-de-proteccion-do-lobo-e-garantir-asi-o-equilibrio-no-medio-rural\\\/#breadcrumb\",\"itemListElement\":[{\"@type\":\"ListItem\",\"position\":1,\"name\":\"Portada\",\"item\":\"https:\\\/\\\/ppdegalicia.com\\\/es\\\/\"},{\"@type\":\"ListItem\",\"position\":2,\"name\":\"O PPdeG celebra o avance no obxectivo de que Espa\u00f1a rebaixe o nivel de protecci\u00f3n do lobo e garantir as\u00ed o equilibrio no medio rural\"}]},{\"@type\":\"WebSite\",\"@id\":\"https:\\\/\\\/ppdegalicia.com\\\/es\\\/#website\",\"url\":\"https:\\\/\\\/ppdegalicia.com\\\/es\\\/\",\"name\":\"Partido Popular de Galicia\",\"description\":\"Partido Popular de Galicia\",\"publisher\":{\"@id\":\"https:\\\/\\\/ppdegalicia.com\\\/es\\\/#organization\"},\"alternateName\":\"PP de Galicia\",\"potentialAction\":[{\"@type\":\"SearchAction\",\"target\":{\"@type\":\"EntryPoint\",\"urlTemplate\":\"https:\\\/\\\/ppdegalicia.com\\\/es\\\/?s={search_term_string}\"},\"query-input\":{\"@type\":\"PropertyValueSpecification\",\"valueRequired\":true,\"valueName\":\"search_term_string\"}}],\"inLanguage\":\"es\"},{\"@type\":\"Organization\",\"@id\":\"https:\\\/\\\/ppdegalicia.com\\\/es\\\/#organization\",\"name\":\"Partido Popular de Galicia\",\"alternateName\":\"PP de Galicia\",\"url\":\"https:\\\/\\\/ppdegalicia.com\\\/es\\\/\",\"logo\":{\"@type\":\"ImageObject\",\"inLanguage\":\"es\",\"@id\":\"https:\\\/\\\/ppdegalicia.com\\\/es\\\/#\\\/schema\\\/logo\\\/image\\\/\",\"url\":\"https:\\\/\\\/ppdegalicia.com\\\/wp-content\\\/uploads\\\/2023\\\/04\\\/logoPP512.png\",\"contentUrl\":\"https:\\\/\\\/ppdegalicia.com\\\/wp-content\\\/uploads\\\/2023\\\/04\\\/logoPP512.png\",\"width\":512,\"height\":512,\"caption\":\"Partido Popular de Galicia\"},\"image\":{\"@id\":\"https:\\\/\\\/ppdegalicia.com\\\/es\\\/#\\\/schema\\\/logo\\\/image\\\/\"},\"sameAs\":[\"https:\\\/\\\/www.instagram.com\\\/ppdegalicia\\\/\",\"https:\\\/\\\/x.com\\\/ppdegalicia\",\"https:\\\/\\\/www.tiktok.com\\\/@ppdegalicia\",\"https:\\\/\\\/www.youtube.com\\\/user\\\/ppdegalicia\"]},{\"@type\":\"Person\",\"@id\":\"https:\\\/\\\/ppdegalicia.com\\\/es\\\/#\\\/schema\\\/person\\\/5b822c6f59e872ebdd1142f307dbcb59\",\"name\":\"ppdegaliciaredes\",\"image\":{\"@type\":\"ImageObject\",\"inLanguage\":\"es\",\"@id\":\"https:\\\/\\\/secure.gravatar.com\\\/avatar\\\/3c9179cf0256d00c72a48d1f25783c58b6842cd56e85ef3a572881c8e28ccd59?s=96&d=mm&r=g\",\"url\":\"https:\\\/\\\/secure.gravatar.com\\\/avatar\\\/3c9179cf0256d00c72a48d1f25783c58b6842cd56e85ef3a572881c8e28ccd59?s=96&d=mm&r=g\",\"contentUrl\":\"https:\\\/\\\/secure.gravatar.com\\\/avatar\\\/3c9179cf0256d00c72a48d1f25783c58b6842cd56e85ef3a572881c8e28ccd59?s=96&d=mm&r=g\",\"caption\":\"ppdegaliciaredes\"},\"url\":\"https:\\\/\\\/ppdegalicia.com\\\/es\\\/author\\\/ppdegaliciaredes\\\/\"}]}<\/script>\n<!-- \/ Yoast SEO plugin. -->","yoast_head_json":{"title":"O PPdeG celebra o avance no obxectivo de que Espa\u00f1a rebaixe o nivel de protecci\u00f3n do lobo e garantir as\u00ed o equilibrio no medio rural - PP de Galicia","description":"O PP de Galicia celebra que, grazas ao traballo dos populares, estea cada vez m\u00e1is cerca o obxectivo de conseguir que Espa\u00f1a rebaixe o nivel de protecci\u00f3n do lobo a trav\u00e9s da exclusi\u00f3n desta especie do Listado de especies silvestres en r\u00e9xime de protecci\u00f3n especial (Lespre) e do Cat\u00e1logo espa\u00f1ol de especies ameazadas, garantindo as\u00ed o equilibrio no medio rural.","robots":{"index":"index","follow":"follow","max-snippet":"max-snippet:-1","max-image-preview":"max-image-preview:large","max-video-preview":"max-video-preview:-1"},"canonical":"https:\/\/ppdegalicia.com\/es\/o-ppdeg-celebra-o-avance-no-obxectivo-de-que-espana-rebaixe-o-nivel-de-proteccion-do-lobo-e-garantir-asi-o-equilibrio-no-medio-rural\/","og_locale":"es_ES","og_type":"article","og_title":"O PPdeG celebra o avance no obxectivo de que Espa\u00f1a rebaixe o nivel de protecci\u00f3n do lobo e garantir as\u00ed o equilibrio no medio rural - PP de Galicia","og_description":"O PP de Galicia celebra que, grazas ao traballo dos populares, estea cada vez m\u00e1is cerca o obxectivo de conseguir que Espa\u00f1a rebaixe o nivel de protecci\u00f3n do lobo a trav\u00e9s da exclusi\u00f3n desta especie do Listado de especies silvestres en r\u00e9xime de protecci\u00f3n especial (Lespre) e do Cat\u00e1logo espa\u00f1ol de especies ameazadas, garantindo as\u00ed o equilibrio no medio rural.","og_url":"https:\/\/ppdegalicia.com\/es\/o-ppdeg-celebra-o-avance-no-obxectivo-de-que-espana-rebaixe-o-nivel-de-proteccion-do-lobo-e-garantir-asi-o-equilibrio-no-medio-rural\/","og_site_name":"PP de Galicia","article_publisher":"https:\/\/www.instagram.com\/ppdegalicia\/","article_published_time":"2025-03-15T11:37:00+00:00","article_modified_time":"2025-03-17T11:44:41+00:00","og_image":[{"width":2560,"height":1707,"url":"https:\/\/ppdegalicia.com\/wp-content\/uploads\/2025\/03\/20250315_AVazquez_Explotacion_Cabalos-scaled.jpg","type":"image\/jpeg"}],"author":"ppdegaliciaredes","twitter_card":"summary_large_image","twitter_creator":"@ppdegalicia","twitter_site":"@ppdegalicia","twitter_misc":{"Escrito por":"ppdegaliciaredes","Tiempo de lectura":"3 minutos"},"schema":{"@context":"https:\/\/schema.org","@graph":[{"@type":"Article","@id":"https:\/\/ppdegalicia.com\/es\/o-ppdeg-celebra-o-avance-no-obxectivo-de-que-espana-rebaixe-o-nivel-de-proteccion-do-lobo-e-garantir-asi-o-equilibrio-no-medio-rural\/#article","isPartOf":{"@id":"https:\/\/ppdegalicia.com\/es\/o-ppdeg-celebra-o-avance-no-obxectivo-de-que-espana-rebaixe-o-nivel-de-proteccion-do-lobo-e-garantir-asi-o-equilibrio-no-medio-rural\/"},"author":{"name":"ppdegaliciaredes","@id":"https:\/\/ppdegalicia.com\/es\/#\/schema\/person\/5b822c6f59e872ebdd1142f307dbcb59"},"headline":"O PPdeG celebra o avance no obxectivo de que Espa\u00f1a rebaixe o nivel de protecci\u00f3n do lobo e garantir as\u00ed o equilibrio no medio rural","datePublished":"2025-03-15T11:37:00+00:00","dateModified":"2025-03-17T11:44:41+00:00","mainEntityOfPage":{"@id":"https:\/\/ppdegalicia.com\/es\/o-ppdeg-celebra-o-avance-no-obxectivo-de-que-espana-rebaixe-o-nivel-de-proteccion-do-lobo-e-garantir-asi-o-equilibrio-no-medio-rural\/"},"wordCount":412,"publisher":{"@id":"https:\/\/ppdegalicia.com\/es\/#organization"},"image":{"@id":"https:\/\/ppdegalicia.com\/es\/o-ppdeg-celebra-o-avance-no-obxectivo-de-que-espana-rebaixe-o-nivel-de-proteccion-do-lobo-e-garantir-asi-o-equilibrio-no-medio-rural\/#primaryimage"},"thumbnailUrl":"https:\/\/ppdegalicia.com\/wp-content\/uploads\/2025\/03\/20250315_AVazquez_Explotacion_Cabalos-scaled.jpg","articleSection":["Parlamento de Galicia"],"inLanguage":"es"},{"@type":"WebPage","@id":"https:\/\/ppdegalicia.com\/es\/o-ppdeg-celebra-o-avance-no-obxectivo-de-que-espana-rebaixe-o-nivel-de-proteccion-do-lobo-e-garantir-asi-o-equilibrio-no-medio-rural\/","url":"https:\/\/ppdegalicia.com\/es\/o-ppdeg-celebra-o-avance-no-obxectivo-de-que-espana-rebaixe-o-nivel-de-proteccion-do-lobo-e-garantir-asi-o-equilibrio-no-medio-rural\/","name":"O PPdeG celebra o avance no obxectivo de que Espa\u00f1a rebaixe o nivel de protecci\u00f3n do lobo e garantir as\u00ed o equilibrio no medio rural - PP de Galicia","isPartOf":{"@id":"https:\/\/ppdegalicia.com\/es\/#website"},"primaryImageOfPage":{"@id":"https:\/\/ppdegalicia.com\/es\/o-ppdeg-celebra-o-avance-no-obxectivo-de-que-espana-rebaixe-o-nivel-de-proteccion-do-lobo-e-garantir-asi-o-equilibrio-no-medio-rural\/#primaryimage"},"image":{"@id":"https:\/\/ppdegalicia.com\/es\/o-ppdeg-celebra-o-avance-no-obxectivo-de-que-espana-rebaixe-o-nivel-de-proteccion-do-lobo-e-garantir-asi-o-equilibrio-no-medio-rural\/#primaryimage"},"thumbnailUrl":"https:\/\/ppdegalicia.com\/wp-content\/uploads\/2025\/03\/20250315_AVazquez_Explotacion_Cabalos-scaled.jpg","datePublished":"2025-03-15T11:37:00+00:00","dateModified":"2025-03-17T11:44:41+00:00","description":"O PP de Galicia celebra que, grazas ao traballo dos populares, estea cada vez m\u00e1is cerca o obxectivo de conseguir que Espa\u00f1a rebaixe o nivel de protecci\u00f3n do lobo a trav\u00e9s da exclusi\u00f3n desta especie do Listado de especies silvestres en r\u00e9xime de protecci\u00f3n especial (Lespre) e do Cat\u00e1logo espa\u00f1ol de especies ameazadas, garantindo as\u00ed o equilibrio no medio rural.","breadcrumb":{"@id":"https:\/\/ppdegalicia.com\/es\/o-ppdeg-celebra-o-avance-no-obxectivo-de-que-espana-rebaixe-o-nivel-de-proteccion-do-lobo-e-garantir-asi-o-equilibrio-no-medio-rural\/#breadcrumb"},"inLanguage":"es","potentialAction":[{"@type":"ReadAction","target":["https:\/\/ppdegalicia.com\/es\/o-ppdeg-celebra-o-avance-no-obxectivo-de-que-espana-rebaixe-o-nivel-de-proteccion-do-lobo-e-garantir-asi-o-equilibrio-no-medio-rural\/"]}]},{"@type":"ImageObject","inLanguage":"es","@id":"https:\/\/ppdegalicia.com\/es\/o-ppdeg-celebra-o-avance-no-obxectivo-de-que-espana-rebaixe-o-nivel-de-proteccion-do-lobo-e-garantir-asi-o-equilibrio-no-medio-rural\/#primaryimage","url":"https:\/\/ppdegalicia.com\/wp-content\/uploads\/2025\/03\/20250315_AVazquez_Explotacion_Cabalos-scaled.jpg","contentUrl":"https:\/\/ppdegalicia.com\/wp-content\/uploads\/2025\/03\/20250315_AVazquez_Explotacion_Cabalos-scaled.jpg","width":2560,"height":1707},{"@type":"BreadcrumbList","@id":"https:\/\/ppdegalicia.com\/es\/o-ppdeg-celebra-o-avance-no-obxectivo-de-que-espana-rebaixe-o-nivel-de-proteccion-do-lobo-e-garantir-asi-o-equilibrio-no-medio-rural\/#breadcrumb","itemListElement":[{"@type":"ListItem","position":1,"name":"Portada","item":"https:\/\/ppdegalicia.com\/es\/"},{"@type":"ListItem","position":2,"name":"O PPdeG celebra o avance no obxectivo de que Espa\u00f1a rebaixe o nivel de protecci\u00f3n do lobo e garantir as\u00ed o equilibrio no medio rural"}]},{"@type":"WebSite","@id":"https:\/\/ppdegalicia.com\/es\/#website","url":"https:\/\/ppdegalicia.com\/es\/","name":"Partido Popular de Galicia","description":"Partido Popular de Galicia","publisher":{"@id":"https:\/\/ppdegalicia.com\/es\/#organization"},"alternateName":"PP de Galicia","potentialAction":[{"@type":"SearchAction","target":{"@type":"EntryPoint","urlTemplate":"https:\/\/ppdegalicia.com\/es\/?s={search_term_string}"},"query-input":{"@type":"PropertyValueSpecification","valueRequired":true,"valueName":"search_term_string"}}],"inLanguage":"es"},{"@type":"Organization","@id":"https:\/\/ppdegalicia.com\/es\/#organization","name":"Partido Popular de Galicia","alternateName":"PP de Galicia","url":"https:\/\/ppdegalicia.com\/es\/","logo":{"@type":"ImageObject","inLanguage":"es","@id":"https:\/\/ppdegalicia.com\/es\/#\/schema\/logo\/image\/","url":"https:\/\/ppdegalicia.com\/wp-content\/uploads\/2023\/04\/logoPP512.png","contentUrl":"https:\/\/ppdegalicia.com\/wp-content\/uploads\/2023\/04\/logoPP512.png","width":512,"height":512,"caption":"Partido Popular de Galicia"},"image":{"@id":"https:\/\/ppdegalicia.com\/es\/#\/schema\/logo\/image\/"},"sameAs":["https:\/\/www.instagram.com\/ppdegalicia\/","https:\/\/x.com\/ppdegalicia","https:\/\/www.tiktok.com\/@ppdegalicia","https:\/\/www.youtube.com\/user\/ppdegalicia"]},{"@type":"Person","@id":"https:\/\/ppdegalicia.com\/es\/#\/schema\/person\/5b822c6f59e872ebdd1142f307dbcb59","name":"ppdegaliciaredes","image":{"@type":"ImageObject","inLanguage":"es","@id":"https:\/\/secure.gravatar.com\/avatar\/3c9179cf0256d00c72a48d1f25783c58b6842cd56e85ef3a572881c8e28ccd59?s=96&d=mm&r=g","url":"https:\/\/secure.gravatar.com\/avatar\/3c9179cf0256d00c72a48d1f25783c58b6842cd56e85ef3a572881c8e28ccd59?s=96&d=mm&r=g","contentUrl":"https:\/\/secure.gravatar.com\/avatar\/3c9179cf0256d00c72a48d1f25783c58b6842cd56e85ef3a572881c8e28ccd59?s=96&d=mm&r=g","caption":"ppdegaliciaredes"},"url":"https:\/\/ppdegalicia.com\/es\/author\/ppdegaliciaredes\/"}]}},"_links":{"self":[{"href":"https:\/\/ppdegalicia.com\/es\/wp-json\/wp\/v2\/posts\/66184","targetHints":{"allow":["GET"]}}],"collection":[{"href":"https:\/\/ppdegalicia.com\/es\/wp-json\/wp\/v2\/posts"}],"about":[{"href":"https:\/\/ppdegalicia.com\/es\/wp-json\/wp\/v2\/types\/post"}],"author":[{"embeddable":true,"href":"https:\/\/ppdegalicia.com\/es\/wp-json\/wp\/v2\/users\/38"}],"replies":[{"embeddable":true,"href":"https:\/\/ppdegalicia.com\/es\/wp-json\/wp\/v2\/comments?post=66184"}],"version-history":[{"count":1,"href":"https:\/\/ppdegalicia.com\/es\/wp-json\/wp\/v2\/posts\/66184\/revisions"}],"predecessor-version":[{"id":66187,"href":"https:\/\/ppdegalicia.com\/es\/wp-json\/wp\/v2\/posts\/66184\/revisions\/66187"}],"wp:featuredmedia":[{"embeddable":true,"href":"https:\/\/ppdegalicia.com\/es\/wp-json\/wp\/v2\/media\/66185"}],"wp:attachment":[{"href":"https:\/\/ppdegalicia.com\/es\/wp-json\/wp\/v2\/media?parent=66184"}],"wp:term":[{"taxonomy":"category","embeddable":true,"href":"https:\/\/ppdegalicia.com\/es\/wp-json\/wp\/v2\/categories?post=66184"},{"taxonomy":"post_tag","embeddable":true,"href":"https:\/\/ppdegalicia.com\/es\/wp-json\/wp\/v2\/tags?post=66184"}],"curies":[{"name":"wp","href":"https:\/\/api.w.org\/{rel}","templated":true}]}}