{"id":66192,"date":"2025-03-15T12:59:09","date_gmt":"2025-03-15T11:59:09","guid":{"rendered":"https:\/\/ppdegalicia.com\/?p=66192"},"modified":"2025-03-17T13:01:13","modified_gmt":"2025-03-17T12:01:13","slug":"miguel-santalices-participa-nas-xornadas-mais-espana-mais-europa-sobre-democracia-e-parlamentarismo","status":"publish","type":"post","link":"https:\/\/ppdegalicia.com\/es\/miguel-santalices-participa-nas-xornadas-mais-espana-mais-europa-sobre-democracia-e-parlamentarismo\/","title":{"rendered":"Miguel Santalices participa nas xornadas \u2018M\u00e1is Espa\u00f1a, m\u00e1is Europa\u2019 sobre democracia e parlamentarismo"},"content":{"rendered":"<p>O presidente do Parlamento de Galicia, Miguel Santalices, participou nas xornadas \u2018M\u00e1is Espa\u00f1a, m\u00e1is Europa. A preservaci\u00f3n dos valores democr\u00e1ticos no debate parlamentario\u2019, un foro no que se abordaron os principais desaf\u00edos que afectan \u00e1 democracia e ao parlamentarismo en Espa\u00f1a.<\/p>\n<p>Durante a s\u00faa intervenci\u00f3n, Santalices resaltou o compromiso dos presidentes auton\u00f3micos na defensa da dignidade da democracia e do parlamentarismo democr\u00e1tico, como base para fortalecer a confianza da cidadan\u00eda nas instituci\u00f3ns. Apostou tam\u00e9n por unha rexeneraci\u00f3n pol\u00edtica e institucional que garanta o respecto aos valores democr\u00e1ticos e fortaleza o debate parlamentario como instrumento esencial na vida pol\u00edtica do pa\u00eds.<br \/>\nEstas xornadas serviron como espazo de reflexi\u00f3n e di\u00e1logo sobre o futuro da democracia en Espa\u00f1a e en Europa, po\u00f1endo de manifesto a necesidade de traballar en conxunto para preservar os principios fundamentais que sustentan as nosas instituci\u00f3ns.<\/p>\n","protected":false},"excerpt":{"rendered":"<p>O presidente do Parlamento de Galicia, Miguel Santalices, participou nas xornadas \u2018M\u00e1is Espa\u00f1a, m\u00e1is Europa. A preservaci\u00f3n dos valores democr\u00e1ticos no debate parlamentario\u2019, un foro no que se abordaron os principais desaf\u00edos que afectan \u00e1 democracia e ao parlamentarismo en Espa\u00f1a. Durante a s\u00faa intervenci\u00f3n, Santalices resaltou o compromiso dos presidentes auton\u00f3micos na defensa da [&hellip;]<\/p>\n","protected":false},"author":38,"featured_media":66193,"comment_status":"closed","ping_status":"open","sticky":false,"template":"","format":"standard","meta":{"_acf_changed":false,"footnotes":""},"categories":[1128],"tags":[],"class_list":["post-66192","post","type-post","status-publish","format-standard","has-post-thumbnail","hentry","category-actualidad-parlamento-de-galicia"],"acf":[],"yoast_head":"<!-- This site is optimized with the Yoast SEO plugin v27.3 - https:\/\/yoast.com\/product\/yoast-seo-wordpress\/ -->\n<title>Miguel Santalices participa nas xornadas \u2018M\u00e1is Espa\u00f1a, m\u00e1is Europa\u2019 sobre democracia e parlamentarismo - PP de Galicia<\/title>\n<meta name=\"description\" content=\"O presidente do Parlamento de Galicia, Miguel Santalices, participou nas xornadas \u2018M\u00e1is Espa\u00f1a, m\u00e1is Europa. A preservaci\u00f3n dos valores democr\u00e1ticos no debate parlamentario\u2019, un foro no que se abordaron os principais desaf\u00edos que afectan \u00e1 democracia e ao parlamentarismo en Espa\u00f1a.\" \/>\n<meta name=\"robots\" content=\"index, follow, max-snippet:-1, max-image-preview:large, max-video-preview:-1\" \/>\n<link rel=\"canonical\" href=\"https:\/\/ppdegalicia.com\/es\/miguel-santalices-participa-nas-xornadas-mais-espana-mais-europa-sobre-democracia-e-parlamentarismo\/\" \/>\n<meta property=\"og:locale\" content=\"es_ES\" \/>\n<meta property=\"og:type\" content=\"article\" \/>\n<meta property=\"og:title\" content=\"Miguel Santalices participa nas xornadas \u2018M\u00e1is Espa\u00f1a, m\u00e1is Europa\u2019 sobre democracia e parlamentarismo - PP de Galicia\" \/>\n<meta property=\"og:description\" content=\"O presidente do Parlamento de Galicia, Miguel Santalices, participou nas xornadas \u2018M\u00e1is Espa\u00f1a, m\u00e1is Europa. A preservaci\u00f3n dos valores democr\u00e1ticos no debate parlamentario\u2019, un foro no que se abordaron os principais desaf\u00edos que afectan \u00e1 democracia e ao parlamentarismo en Espa\u00f1a.\" \/>\n<meta property=\"og:url\" content=\"https:\/\/ppdegalicia.com\/es\/miguel-santalices-participa-nas-xornadas-mais-espana-mais-europa-sobre-democracia-e-parlamentarismo\/\" \/>\n<meta property=\"og:site_name\" content=\"PP de Galicia\" \/>\n<meta property=\"article:publisher\" content=\"https:\/\/www.instagram.com\/ppdegalicia\/\" \/>\n<meta property=\"article:published_time\" content=\"2025-03-15T11:59:09+00:00\" \/>\n<meta property=\"article:modified_time\" content=\"2025-03-17T12:01:13+00:00\" \/>\n<meta property=\"og:image\" content=\"https:\/\/ppdegalicia.com\/wp-content\/uploads\/2025\/03\/20250315_Santalices_Cordoba_2.jpg\" \/>\n\t<meta property=\"og:image:width\" content=\"1600\" \/>\n\t<meta property=\"og:image:height\" content=\"1066\" \/>\n\t<meta property=\"og:image:type\" content=\"image\/jpeg\" \/>\n<meta name=\"author\" content=\"ppdegaliciaredes\" \/>\n<meta name=\"twitter:card\" content=\"summary_large_image\" \/>\n<meta name=\"twitter:creator\" content=\"@ppdegalicia\" \/>\n<meta name=\"twitter:site\" content=\"@ppdegalicia\" \/>\n<meta name=\"twitter:label1\" content=\"Escrito por\" \/>\n\t<meta name=\"twitter:data1\" content=\"ppdegaliciaredes\" \/>\n\t<meta name=\"twitter:label2\" content=\"Tiempo de lectura\" \/>\n\t<meta name=\"twitter:data2\" content=\"1 minuto\" \/>\n<script type=\"application\/ld+json\" class=\"yoast-schema-graph\">{\"@context\":\"https:\\\/\\\/schema.org\",\"@graph\":[{\"@type\":\"Article\",\"@id\":\"https:\\\/\\\/ppdegalicia.com\\\/es\\\/miguel-santalices-participa-nas-xornadas-mais-espana-mais-europa-sobre-democracia-e-parlamentarismo\\\/#article\",\"isPartOf\":{\"@id\":\"https:\\\/\\\/ppdegalicia.com\\\/es\\\/miguel-santalices-participa-nas-xornadas-mais-espana-mais-europa-sobre-democracia-e-parlamentarismo\\\/\"},\"author\":{\"name\":\"ppdegaliciaredes\",\"@id\":\"https:\\\/\\\/ppdegalicia.com\\\/es\\\/#\\\/schema\\\/person\\\/5b822c6f59e872ebdd1142f307dbcb59\"},\"headline\":\"Miguel Santalices participa nas xornadas \u2018M\u00e1is Espa\u00f1a, m\u00e1is Europa\u2019 sobre democracia e parlamentarismo\",\"datePublished\":\"2025-03-15T11:59:09+00:00\",\"dateModified\":\"2025-03-17T12:01:13+00:00\",\"mainEntityOfPage\":{\"@id\":\"https:\\\/\\\/ppdegalicia.com\\\/es\\\/miguel-santalices-participa-nas-xornadas-mais-espana-mais-europa-sobre-democracia-e-parlamentarismo\\\/\"},\"wordCount\":177,\"publisher\":{\"@id\":\"https:\\\/\\\/ppdegalicia.com\\\/es\\\/#organization\"},\"image\":{\"@id\":\"https:\\\/\\\/ppdegalicia.com\\\/es\\\/miguel-santalices-participa-nas-xornadas-mais-espana-mais-europa-sobre-democracia-e-parlamentarismo\\\/#primaryimage\"},\"thumbnailUrl\":\"https:\\\/\\\/ppdegalicia.com\\\/wp-content\\\/uploads\\\/2025\\\/03\\\/20250315_Santalices_Cordoba_2.jpg\",\"articleSection\":[\"Parlamento de Galicia\"],\"inLanguage\":\"es\"},{\"@type\":\"WebPage\",\"@id\":\"https:\\\/\\\/ppdegalicia.com\\\/es\\\/miguel-santalices-participa-nas-xornadas-mais-espana-mais-europa-sobre-democracia-e-parlamentarismo\\\/\",\"url\":\"https:\\\/\\\/ppdegalicia.com\\\/es\\\/miguel-santalices-participa-nas-xornadas-mais-espana-mais-europa-sobre-democracia-e-parlamentarismo\\\/\",\"name\":\"Miguel Santalices participa nas xornadas \u2018M\u00e1is Espa\u00f1a, m\u00e1is Europa\u2019 sobre democracia e parlamentarismo - PP de Galicia\",\"isPartOf\":{\"@id\":\"https:\\\/\\\/ppdegalicia.com\\\/es\\\/#website\"},\"primaryImageOfPage\":{\"@id\":\"https:\\\/\\\/ppdegalicia.com\\\/es\\\/miguel-santalices-participa-nas-xornadas-mais-espana-mais-europa-sobre-democracia-e-parlamentarismo\\\/#primaryimage\"},\"image\":{\"@id\":\"https:\\\/\\\/ppdegalicia.com\\\/es\\\/miguel-santalices-participa-nas-xornadas-mais-espana-mais-europa-sobre-democracia-e-parlamentarismo\\\/#primaryimage\"},\"thumbnailUrl\":\"https:\\\/\\\/ppdegalicia.com\\\/wp-content\\\/uploads\\\/2025\\\/03\\\/20250315_Santalices_Cordoba_2.jpg\",\"datePublished\":\"2025-03-15T11:59:09+00:00\",\"dateModified\":\"2025-03-17T12:01:13+00:00\",\"description\":\"O presidente do Parlamento de Galicia, Miguel Santalices, participou nas xornadas \u2018M\u00e1is Espa\u00f1a, m\u00e1is Europa. A preservaci\u00f3n dos valores democr\u00e1ticos no debate parlamentario\u2019, un foro no que se abordaron os principais desaf\u00edos que afectan \u00e1 democracia e ao parlamentarismo en Espa\u00f1a.\",\"breadcrumb\":{\"@id\":\"https:\\\/\\\/ppdegalicia.com\\\/es\\\/miguel-santalices-participa-nas-xornadas-mais-espana-mais-europa-sobre-democracia-e-parlamentarismo\\\/#breadcrumb\"},\"inLanguage\":\"es\",\"potentialAction\":[{\"@type\":\"ReadAction\",\"target\":[\"https:\\\/\\\/ppdegalicia.com\\\/es\\\/miguel-santalices-participa-nas-xornadas-mais-espana-mais-europa-sobre-democracia-e-parlamentarismo\\\/\"]}]},{\"@type\":\"ImageObject\",\"inLanguage\":\"es\",\"@id\":\"https:\\\/\\\/ppdegalicia.com\\\/es\\\/miguel-santalices-participa-nas-xornadas-mais-espana-mais-europa-sobre-democracia-e-parlamentarismo\\\/#primaryimage\",\"url\":\"https:\\\/\\\/ppdegalicia.com\\\/wp-content\\\/uploads\\\/2025\\\/03\\\/20250315_Santalices_Cordoba_2.jpg\",\"contentUrl\":\"https:\\\/\\\/ppdegalicia.com\\\/wp-content\\\/uploads\\\/2025\\\/03\\\/20250315_Santalices_Cordoba_2.jpg\",\"width\":1600,\"height\":1066},{\"@type\":\"BreadcrumbList\",\"@id\":\"https:\\\/\\\/ppdegalicia.com\\\/es\\\/miguel-santalices-participa-nas-xornadas-mais-espana-mais-europa-sobre-democracia-e-parlamentarismo\\\/#breadcrumb\",\"itemListElement\":[{\"@type\":\"ListItem\",\"position\":1,\"name\":\"Portada\",\"item\":\"https:\\\/\\\/ppdegalicia.com\\\/es\\\/\"},{\"@type\":\"ListItem\",\"position\":2,\"name\":\"Miguel Santalices participa nas xornadas \u2018M\u00e1is Espa\u00f1a, m\u00e1is Europa\u2019 sobre democracia e parlamentarismo\"}]},{\"@type\":\"WebSite\",\"@id\":\"https:\\\/\\\/ppdegalicia.com\\\/es\\\/#website\",\"url\":\"https:\\\/\\\/ppdegalicia.com\\\/es\\\/\",\"name\":\"Partido Popular de Galicia\",\"description\":\"Partido Popular de Galicia\",\"publisher\":{\"@id\":\"https:\\\/\\\/ppdegalicia.com\\\/es\\\/#organization\"},\"alternateName\":\"PP de Galicia\",\"potentialAction\":[{\"@type\":\"SearchAction\",\"target\":{\"@type\":\"EntryPoint\",\"urlTemplate\":\"https:\\\/\\\/ppdegalicia.com\\\/es\\\/?s={search_term_string}\"},\"query-input\":{\"@type\":\"PropertyValueSpecification\",\"valueRequired\":true,\"valueName\":\"search_term_string\"}}],\"inLanguage\":\"es\"},{\"@type\":\"Organization\",\"@id\":\"https:\\\/\\\/ppdegalicia.com\\\/es\\\/#organization\",\"name\":\"Partido Popular de Galicia\",\"alternateName\":\"PP de Galicia\",\"url\":\"https:\\\/\\\/ppdegalicia.com\\\/es\\\/\",\"logo\":{\"@type\":\"ImageObject\",\"inLanguage\":\"es\",\"@id\":\"https:\\\/\\\/ppdegalicia.com\\\/es\\\/#\\\/schema\\\/logo\\\/image\\\/\",\"url\":\"https:\\\/\\\/ppdegalicia.com\\\/wp-content\\\/uploads\\\/2023\\\/04\\\/logoPP512.png\",\"contentUrl\":\"https:\\\/\\\/ppdegalicia.com\\\/wp-content\\\/uploads\\\/2023\\\/04\\\/logoPP512.png\",\"width\":512,\"height\":512,\"caption\":\"Partido Popular de Galicia\"},\"image\":{\"@id\":\"https:\\\/\\\/ppdegalicia.com\\\/es\\\/#\\\/schema\\\/logo\\\/image\\\/\"},\"sameAs\":[\"https:\\\/\\\/www.instagram.com\\\/ppdegalicia\\\/\",\"https:\\\/\\\/x.com\\\/ppdegalicia\",\"https:\\\/\\\/www.tiktok.com\\\/@ppdegalicia\",\"https:\\\/\\\/www.youtube.com\\\/user\\\/ppdegalicia\"]},{\"@type\":\"Person\",\"@id\":\"https:\\\/\\\/ppdegalicia.com\\\/es\\\/#\\\/schema\\\/person\\\/5b822c6f59e872ebdd1142f307dbcb59\",\"name\":\"ppdegaliciaredes\",\"image\":{\"@type\":\"ImageObject\",\"inLanguage\":\"es\",\"@id\":\"https:\\\/\\\/secure.gravatar.com\\\/avatar\\\/3c9179cf0256d00c72a48d1f25783c58b6842cd56e85ef3a572881c8e28ccd59?s=96&d=mm&r=g\",\"url\":\"https:\\\/\\\/secure.gravatar.com\\\/avatar\\\/3c9179cf0256d00c72a48d1f25783c58b6842cd56e85ef3a572881c8e28ccd59?s=96&d=mm&r=g\",\"contentUrl\":\"https:\\\/\\\/secure.gravatar.com\\\/avatar\\\/3c9179cf0256d00c72a48d1f25783c58b6842cd56e85ef3a572881c8e28ccd59?s=96&d=mm&r=g\",\"caption\":\"ppdegaliciaredes\"},\"url\":\"https:\\\/\\\/ppdegalicia.com\\\/es\\\/author\\\/ppdegaliciaredes\\\/\"}]}<\/script>\n<!-- \/ Yoast SEO plugin. -->","yoast_head_json":{"title":"Miguel Santalices participa nas xornadas \u2018M\u00e1is Espa\u00f1a, m\u00e1is Europa\u2019 sobre democracia e parlamentarismo - PP de Galicia","description":"O presidente do Parlamento de Galicia, Miguel Santalices, participou nas xornadas \u2018M\u00e1is Espa\u00f1a, m\u00e1is Europa. A preservaci\u00f3n dos valores democr\u00e1ticos no debate parlamentario\u2019, un foro no que se abordaron os principais desaf\u00edos que afectan \u00e1 democracia e ao parlamentarismo en Espa\u00f1a.","robots":{"index":"index","follow":"follow","max-snippet":"max-snippet:-1","max-image-preview":"max-image-preview:large","max-video-preview":"max-video-preview:-1"},"canonical":"https:\/\/ppdegalicia.com\/es\/miguel-santalices-participa-nas-xornadas-mais-espana-mais-europa-sobre-democracia-e-parlamentarismo\/","og_locale":"es_ES","og_type":"article","og_title":"Miguel Santalices participa nas xornadas \u2018M\u00e1is Espa\u00f1a, m\u00e1is Europa\u2019 sobre democracia e parlamentarismo - PP de Galicia","og_description":"O presidente do Parlamento de Galicia, Miguel Santalices, participou nas xornadas \u2018M\u00e1is Espa\u00f1a, m\u00e1is Europa. A preservaci\u00f3n dos valores democr\u00e1ticos no debate parlamentario\u2019, un foro no que se abordaron os principais desaf\u00edos que afectan \u00e1 democracia e ao parlamentarismo en Espa\u00f1a.","og_url":"https:\/\/ppdegalicia.com\/es\/miguel-santalices-participa-nas-xornadas-mais-espana-mais-europa-sobre-democracia-e-parlamentarismo\/","og_site_name":"PP de Galicia","article_publisher":"https:\/\/www.instagram.com\/ppdegalicia\/","article_published_time":"2025-03-15T11:59:09+00:00","article_modified_time":"2025-03-17T12:01:13+00:00","og_image":[{"width":1600,"height":1066,"url":"https:\/\/ppdegalicia.com\/wp-content\/uploads\/2025\/03\/20250315_Santalices_Cordoba_2.jpg","type":"image\/jpeg"}],"author":"ppdegaliciaredes","twitter_card":"summary_large_image","twitter_creator":"@ppdegalicia","twitter_site":"@ppdegalicia","twitter_misc":{"Escrito por":"ppdegaliciaredes","Tiempo de lectura":"1 minuto"},"schema":{"@context":"https:\/\/schema.org","@graph":[{"@type":"Article","@id":"https:\/\/ppdegalicia.com\/es\/miguel-santalices-participa-nas-xornadas-mais-espana-mais-europa-sobre-democracia-e-parlamentarismo\/#article","isPartOf":{"@id":"https:\/\/ppdegalicia.com\/es\/miguel-santalices-participa-nas-xornadas-mais-espana-mais-europa-sobre-democracia-e-parlamentarismo\/"},"author":{"name":"ppdegaliciaredes","@id":"https:\/\/ppdegalicia.com\/es\/#\/schema\/person\/5b822c6f59e872ebdd1142f307dbcb59"},"headline":"Miguel Santalices participa nas xornadas \u2018M\u00e1is Espa\u00f1a, m\u00e1is Europa\u2019 sobre democracia e parlamentarismo","datePublished":"2025-03-15T11:59:09+00:00","dateModified":"2025-03-17T12:01:13+00:00","mainEntityOfPage":{"@id":"https:\/\/ppdegalicia.com\/es\/miguel-santalices-participa-nas-xornadas-mais-espana-mais-europa-sobre-democracia-e-parlamentarismo\/"},"wordCount":177,"publisher":{"@id":"https:\/\/ppdegalicia.com\/es\/#organization"},"image":{"@id":"https:\/\/ppdegalicia.com\/es\/miguel-santalices-participa-nas-xornadas-mais-espana-mais-europa-sobre-democracia-e-parlamentarismo\/#primaryimage"},"thumbnailUrl":"https:\/\/ppdegalicia.com\/wp-content\/uploads\/2025\/03\/20250315_Santalices_Cordoba_2.jpg","articleSection":["Parlamento de Galicia"],"inLanguage":"es"},{"@type":"WebPage","@id":"https:\/\/ppdegalicia.com\/es\/miguel-santalices-participa-nas-xornadas-mais-espana-mais-europa-sobre-democracia-e-parlamentarismo\/","url":"https:\/\/ppdegalicia.com\/es\/miguel-santalices-participa-nas-xornadas-mais-espana-mais-europa-sobre-democracia-e-parlamentarismo\/","name":"Miguel Santalices participa nas xornadas \u2018M\u00e1is Espa\u00f1a, m\u00e1is Europa\u2019 sobre democracia e parlamentarismo - PP de Galicia","isPartOf":{"@id":"https:\/\/ppdegalicia.com\/es\/#website"},"primaryImageOfPage":{"@id":"https:\/\/ppdegalicia.com\/es\/miguel-santalices-participa-nas-xornadas-mais-espana-mais-europa-sobre-democracia-e-parlamentarismo\/#primaryimage"},"image":{"@id":"https:\/\/ppdegalicia.com\/es\/miguel-santalices-participa-nas-xornadas-mais-espana-mais-europa-sobre-democracia-e-parlamentarismo\/#primaryimage"},"thumbnailUrl":"https:\/\/ppdegalicia.com\/wp-content\/uploads\/2025\/03\/20250315_Santalices_Cordoba_2.jpg","datePublished":"2025-03-15T11:59:09+00:00","dateModified":"2025-03-17T12:01:13+00:00","description":"O presidente do Parlamento de Galicia, Miguel Santalices, participou nas xornadas \u2018M\u00e1is Espa\u00f1a, m\u00e1is Europa. A preservaci\u00f3n dos valores democr\u00e1ticos no debate parlamentario\u2019, un foro no que se abordaron os principais desaf\u00edos que afectan \u00e1 democracia e ao parlamentarismo en Espa\u00f1a.","breadcrumb":{"@id":"https:\/\/ppdegalicia.com\/es\/miguel-santalices-participa-nas-xornadas-mais-espana-mais-europa-sobre-democracia-e-parlamentarismo\/#breadcrumb"},"inLanguage":"es","potentialAction":[{"@type":"ReadAction","target":["https:\/\/ppdegalicia.com\/es\/miguel-santalices-participa-nas-xornadas-mais-espana-mais-europa-sobre-democracia-e-parlamentarismo\/"]}]},{"@type":"ImageObject","inLanguage":"es","@id":"https:\/\/ppdegalicia.com\/es\/miguel-santalices-participa-nas-xornadas-mais-espana-mais-europa-sobre-democracia-e-parlamentarismo\/#primaryimage","url":"https:\/\/ppdegalicia.com\/wp-content\/uploads\/2025\/03\/20250315_Santalices_Cordoba_2.jpg","contentUrl":"https:\/\/ppdegalicia.com\/wp-content\/uploads\/2025\/03\/20250315_Santalices_Cordoba_2.jpg","width":1600,"height":1066},{"@type":"BreadcrumbList","@id":"https:\/\/ppdegalicia.com\/es\/miguel-santalices-participa-nas-xornadas-mais-espana-mais-europa-sobre-democracia-e-parlamentarismo\/#breadcrumb","itemListElement":[{"@type":"ListItem","position":1,"name":"Portada","item":"https:\/\/ppdegalicia.com\/es\/"},{"@type":"ListItem","position":2,"name":"Miguel Santalices participa nas xornadas \u2018M\u00e1is Espa\u00f1a, m\u00e1is Europa\u2019 sobre democracia e parlamentarismo"}]},{"@type":"WebSite","@id":"https:\/\/ppdegalicia.com\/es\/#website","url":"https:\/\/ppdegalicia.com\/es\/","name":"Partido Popular de Galicia","description":"Partido Popular de Galicia","publisher":{"@id":"https:\/\/ppdegalicia.com\/es\/#organization"},"alternateName":"PP de Galicia","potentialAction":[{"@type":"SearchAction","target":{"@type":"EntryPoint","urlTemplate":"https:\/\/ppdegalicia.com\/es\/?s={search_term_string}"},"query-input":{"@type":"PropertyValueSpecification","valueRequired":true,"valueName":"search_term_string"}}],"inLanguage":"es"},{"@type":"Organization","@id":"https:\/\/ppdegalicia.com\/es\/#organization","name":"Partido Popular de Galicia","alternateName":"PP de Galicia","url":"https:\/\/ppdegalicia.com\/es\/","logo":{"@type":"ImageObject","inLanguage":"es","@id":"https:\/\/ppdegalicia.com\/es\/#\/schema\/logo\/image\/","url":"https:\/\/ppdegalicia.com\/wp-content\/uploads\/2023\/04\/logoPP512.png","contentUrl":"https:\/\/ppdegalicia.com\/wp-content\/uploads\/2023\/04\/logoPP512.png","width":512,"height":512,"caption":"Partido Popular de Galicia"},"image":{"@id":"https:\/\/ppdegalicia.com\/es\/#\/schema\/logo\/image\/"},"sameAs":["https:\/\/www.instagram.com\/ppdegalicia\/","https:\/\/x.com\/ppdegalicia","https:\/\/www.tiktok.com\/@ppdegalicia","https:\/\/www.youtube.com\/user\/ppdegalicia"]},{"@type":"Person","@id":"https:\/\/ppdegalicia.com\/es\/#\/schema\/person\/5b822c6f59e872ebdd1142f307dbcb59","name":"ppdegaliciaredes","image":{"@type":"ImageObject","inLanguage":"es","@id":"https:\/\/secure.gravatar.com\/avatar\/3c9179cf0256d00c72a48d1f25783c58b6842cd56e85ef3a572881c8e28ccd59?s=96&d=mm&r=g","url":"https:\/\/secure.gravatar.com\/avatar\/3c9179cf0256d00c72a48d1f25783c58b6842cd56e85ef3a572881c8e28ccd59?s=96&d=mm&r=g","contentUrl":"https:\/\/secure.gravatar.com\/avatar\/3c9179cf0256d00c72a48d1f25783c58b6842cd56e85ef3a572881c8e28ccd59?s=96&d=mm&r=g","caption":"ppdegaliciaredes"},"url":"https:\/\/ppdegalicia.com\/es\/author\/ppdegaliciaredes\/"}]}},"_links":{"self":[{"href":"https:\/\/ppdegalicia.com\/es\/wp-json\/wp\/v2\/posts\/66192","targetHints":{"allow":["GET"]}}],"collection":[{"href":"https:\/\/ppdegalicia.com\/es\/wp-json\/wp\/v2\/posts"}],"about":[{"href":"https:\/\/ppdegalicia.com\/es\/wp-json\/wp\/v2\/types\/post"}],"author":[{"embeddable":true,"href":"https:\/\/ppdegalicia.com\/es\/wp-json\/wp\/v2\/users\/38"}],"replies":[{"embeddable":true,"href":"https:\/\/ppdegalicia.com\/es\/wp-json\/wp\/v2\/comments?post=66192"}],"version-history":[{"count":1,"href":"https:\/\/ppdegalicia.com\/es\/wp-json\/wp\/v2\/posts\/66192\/revisions"}],"predecessor-version":[{"id":66195,"href":"https:\/\/ppdegalicia.com\/es\/wp-json\/wp\/v2\/posts\/66192\/revisions\/66195"}],"wp:featuredmedia":[{"embeddable":true,"href":"https:\/\/ppdegalicia.com\/es\/wp-json\/wp\/v2\/media\/66193"}],"wp:attachment":[{"href":"https:\/\/ppdegalicia.com\/es\/wp-json\/wp\/v2\/media?parent=66192"}],"wp:term":[{"taxonomy":"category","embeddable":true,"href":"https:\/\/ppdegalicia.com\/es\/wp-json\/wp\/v2\/categories?post=66192"},{"taxonomy":"post_tag","embeddable":true,"href":"https:\/\/ppdegalicia.com\/es\/wp-json\/wp\/v2\/tags?post=66192"}],"curies":[{"name":"wp","href":"https:\/\/api.w.org\/{rel}","templated":true}]}}