{"id":66204,"date":"2025-03-15T13:45:29","date_gmt":"2025-03-15T12:45:29","guid":{"rendered":"https:\/\/ppdegalicia.com\/?p=66204"},"modified":"2025-03-17T13:46:52","modified_gmt":"2025-03-17T12:46:52","slug":"o-ppdeg-solicita-ao-goberno-central-o-arranxo-urxente-da-estrada-n-550-entre-a-coruna-e-santiago","status":"publish","type":"post","link":"https:\/\/ppdegalicia.com\/es\/o-ppdeg-solicita-ao-goberno-central-o-arranxo-urxente-da-estrada-n-550-entre-a-coruna-e-santiago\/","title":{"rendered":"O PPdeG solicita ao Goberno central o arranxo urxente da estrada N-550 entre A Coru\u00f1a e Santiago"},"content":{"rendered":"<p>As deputadas do Grupo Popular Carmen Pomar e Cecilia V\u00e1zquez anunciaron hoxe a presentaci\u00f3n dunha iniciativa no Parlamento de Galicia solicitando ao Goberno central o arranxo urxente da estrada N-550 entre A Coru\u00f1a e Santiago, \u201cun exemplo evidente dunha v\u00eda extremadamente perigosa, tanto para os condutores como para os pe\u00f3ns, polo p\u00e9simo estado do firme, a sinalizaci\u00f3n e a iluminaci\u00f3n\u201d.<\/p>\n<p>Carmen Pomar e Cecilia V\u00e1zquez percorreron diversos tramos desta estrada nacional acompa\u00f1adas dos alcaldes de Ordes, Jos\u00e9 Lu\u00eds Mart\u00ednez, e de Oroso, \u00c1lex Doval, para comprobar \u201cas condici\u00f3ns deplorables nas que se atopa, cun asfalto moi deteriorado que precisa dunha intervenci\u00f3n integral urxente, tanto para a seguridade como para a comodidade dos usuarios\u201d.<\/p>\n<p><strong>DESPREZO DO GOBERNO CENTRAL<\/strong><\/p>\n<p>As\u00ed mesmo, as deputadas populares comprobaron como \u201ca sinalizaci\u00f3n e a iluminaci\u00f3n desta estrada, tanto horizontal como vertical, \u00e9 deficiente en moitos puntos, o que incrementa a sensaci\u00f3n de inseguridade para os condutores e incluso para os pe\u00f3ns que cruzan esta estrada nas numerosas poboaci\u00f3ns polas que pasa\u201d.<\/p>\n<p>\u201cOs galegos xa sufrimos o desprezo e o castigo do Goberno de Pedro S\u00e1nchez co aprazamento sine die da transferencia da AP-9 a Galicia e as maiores peaxes de Espa\u00f1a nesta autoestrada, pero non podemos consentir que tam\u00e9n te\u00f1amos que sufrir a penitencia dunha N-550 que se atopa nunhas condici\u00f3ns deplorables, po\u00f1endo en serio risco aos que circulamos habitualmente por esta estrada e tam\u00e9n aos veci\u00f1os que viven nos seus arredores\u201d, sinalaron.<\/p>\n","protected":false},"excerpt":{"rendered":"<p>As deputadas do Grupo Popular Carmen Pomar e Cecilia V\u00e1zquez anunciaron hoxe a presentaci\u00f3n dunha iniciativa no Parlamento de Galicia solicitando ao Goberno central o arranxo urxente da estrada N-550 entre A Coru\u00f1a e Santiago, \u201cun exemplo evidente dunha v\u00eda extremadamente perigosa, tanto para os condutores como para os pe\u00f3ns, polo p\u00e9simo estado do firme, [&hellip;]<\/p>\n","protected":false},"author":38,"featured_media":66205,"comment_status":"closed","ping_status":"open","sticky":false,"template":"","format":"standard","meta":{"_acf_changed":false,"footnotes":""},"categories":[1128],"tags":[],"class_list":["post-66204","post","type-post","status-publish","format-standard","has-post-thumbnail","hentry","category-actualidad-parlamento-de-galicia"],"acf":[],"yoast_head":"<!-- This site is optimized with the Yoast SEO plugin v27.3 - https:\/\/yoast.com\/product\/yoast-seo-wordpress\/ -->\n<title>O PPdeG solicita ao Goberno central o arranxo urxente da estrada N-550 entre A Coru\u00f1a e Santiago - PP de Galicia<\/title>\n<meta name=\"description\" content=\"As deputadas do Grupo Popular Carmen Pomar e Cecilia V\u00e1zquez anunciaron hoxe a presentaci\u00f3n dunha iniciativa no Parlamento de Galicia solicitando ao Goberno central o arranxo urxente da estrada N-550 entre A Coru\u00f1a e Santiago, \u201cun exemplo evidente dunha v\u00eda extremadamente perigosa, tanto para os condutores como para os pe\u00f3ns, polo p\u00e9simo estado do firme, a sinalizaci\u00f3n e a iluminaci\u00f3n\u201d.\" \/>\n<meta name=\"robots\" content=\"index, follow, max-snippet:-1, max-image-preview:large, max-video-preview:-1\" \/>\n<link rel=\"canonical\" href=\"https:\/\/ppdegalicia.com\/es\/o-ppdeg-solicita-ao-goberno-central-o-arranxo-urxente-da-estrada-n-550-entre-a-coruna-e-santiago\/\" \/>\n<meta property=\"og:locale\" content=\"es_ES\" \/>\n<meta property=\"og:type\" content=\"article\" \/>\n<meta property=\"og:title\" content=\"O PPdeG solicita ao Goberno central o arranxo urxente da estrada N-550 entre A Coru\u00f1a e Santiago - PP de Galicia\" \/>\n<meta property=\"og:description\" content=\"As deputadas do Grupo Popular Carmen Pomar e Cecilia V\u00e1zquez anunciaron hoxe a presentaci\u00f3n dunha iniciativa no Parlamento de Galicia solicitando ao Goberno central o arranxo urxente da estrada N-550 entre A Coru\u00f1a e Santiago, \u201cun exemplo evidente dunha v\u00eda extremadamente perigosa, tanto para os condutores como para os pe\u00f3ns, polo p\u00e9simo estado do firme, a sinalizaci\u00f3n e a iluminaci\u00f3n\u201d.\" \/>\n<meta property=\"og:url\" content=\"https:\/\/ppdegalicia.com\/es\/o-ppdeg-solicita-ao-goberno-central-o-arranxo-urxente-da-estrada-n-550-entre-a-coruna-e-santiago\/\" \/>\n<meta property=\"og:site_name\" content=\"PP de Galicia\" \/>\n<meta property=\"article:publisher\" content=\"https:\/\/www.instagram.com\/ppdegalicia\/\" \/>\n<meta property=\"article:published_time\" content=\"2025-03-15T12:45:29+00:00\" \/>\n<meta property=\"article:modified_time\" content=\"2025-03-17T12:46:52+00:00\" \/>\n<meta property=\"og:image\" content=\"https:\/\/ppdegalicia.com\/wp-content\/uploads\/2025\/03\/MELLORA-N-550-scaled.jpg\" \/>\n\t<meta property=\"og:image:width\" content=\"2560\" \/>\n\t<meta property=\"og:image:height\" content=\"1920\" \/>\n\t<meta property=\"og:image:type\" content=\"image\/jpeg\" \/>\n<meta name=\"author\" content=\"ppdegaliciaredes\" \/>\n<meta name=\"twitter:card\" content=\"summary_large_image\" \/>\n<meta name=\"twitter:creator\" content=\"@ppdegalicia\" \/>\n<meta name=\"twitter:site\" content=\"@ppdegalicia\" \/>\n<meta name=\"twitter:label1\" content=\"Escrito por\" \/>\n\t<meta name=\"twitter:data1\" content=\"ppdegaliciaredes\" \/>\n\t<meta name=\"twitter:label2\" content=\"Tiempo de lectura\" \/>\n\t<meta name=\"twitter:data2\" content=\"2 minutos\" \/>\n<script type=\"application\/ld+json\" class=\"yoast-schema-graph\">{\"@context\":\"https:\\\/\\\/schema.org\",\"@graph\":[{\"@type\":\"Article\",\"@id\":\"https:\\\/\\\/ppdegalicia.com\\\/es\\\/o-ppdeg-solicita-ao-goberno-central-o-arranxo-urxente-da-estrada-n-550-entre-a-coruna-e-santiago\\\/#article\",\"isPartOf\":{\"@id\":\"https:\\\/\\\/ppdegalicia.com\\\/es\\\/o-ppdeg-solicita-ao-goberno-central-o-arranxo-urxente-da-estrada-n-550-entre-a-coruna-e-santiago\\\/\"},\"author\":{\"name\":\"ppdegaliciaredes\",\"@id\":\"https:\\\/\\\/ppdegalicia.com\\\/es\\\/#\\\/schema\\\/person\\\/5b822c6f59e872ebdd1142f307dbcb59\"},\"headline\":\"O PPdeG solicita ao Goberno central o arranxo urxente da estrada N-550 entre A Coru\u00f1a e Santiago\",\"datePublished\":\"2025-03-15T12:45:29+00:00\",\"dateModified\":\"2025-03-17T12:46:52+00:00\",\"mainEntityOfPage\":{\"@id\":\"https:\\\/\\\/ppdegalicia.com\\\/es\\\/o-ppdeg-solicita-ao-goberno-central-o-arranxo-urxente-da-estrada-n-550-entre-a-coruna-e-santiago\\\/\"},\"wordCount\":281,\"publisher\":{\"@id\":\"https:\\\/\\\/ppdegalicia.com\\\/es\\\/#organization\"},\"image\":{\"@id\":\"https:\\\/\\\/ppdegalicia.com\\\/es\\\/o-ppdeg-solicita-ao-goberno-central-o-arranxo-urxente-da-estrada-n-550-entre-a-coruna-e-santiago\\\/#primaryimage\"},\"thumbnailUrl\":\"https:\\\/\\\/ppdegalicia.com\\\/wp-content\\\/uploads\\\/2025\\\/03\\\/MELLORA-N-550-scaled.jpg\",\"articleSection\":[\"Parlamento de Galicia\"],\"inLanguage\":\"es\"},{\"@type\":\"WebPage\",\"@id\":\"https:\\\/\\\/ppdegalicia.com\\\/es\\\/o-ppdeg-solicita-ao-goberno-central-o-arranxo-urxente-da-estrada-n-550-entre-a-coruna-e-santiago\\\/\",\"url\":\"https:\\\/\\\/ppdegalicia.com\\\/es\\\/o-ppdeg-solicita-ao-goberno-central-o-arranxo-urxente-da-estrada-n-550-entre-a-coruna-e-santiago\\\/\",\"name\":\"O PPdeG solicita ao Goberno central o arranxo urxente da estrada N-550 entre A Coru\u00f1a e Santiago - PP de Galicia\",\"isPartOf\":{\"@id\":\"https:\\\/\\\/ppdegalicia.com\\\/es\\\/#website\"},\"primaryImageOfPage\":{\"@id\":\"https:\\\/\\\/ppdegalicia.com\\\/es\\\/o-ppdeg-solicita-ao-goberno-central-o-arranxo-urxente-da-estrada-n-550-entre-a-coruna-e-santiago\\\/#primaryimage\"},\"image\":{\"@id\":\"https:\\\/\\\/ppdegalicia.com\\\/es\\\/o-ppdeg-solicita-ao-goberno-central-o-arranxo-urxente-da-estrada-n-550-entre-a-coruna-e-santiago\\\/#primaryimage\"},\"thumbnailUrl\":\"https:\\\/\\\/ppdegalicia.com\\\/wp-content\\\/uploads\\\/2025\\\/03\\\/MELLORA-N-550-scaled.jpg\",\"datePublished\":\"2025-03-15T12:45:29+00:00\",\"dateModified\":\"2025-03-17T12:46:52+00:00\",\"description\":\"As deputadas do Grupo Popular Carmen Pomar e Cecilia V\u00e1zquez anunciaron hoxe a presentaci\u00f3n dunha iniciativa no Parlamento de Galicia solicitando ao Goberno central o arranxo urxente da estrada N-550 entre A Coru\u00f1a e Santiago, \u201cun exemplo evidente dunha v\u00eda extremadamente perigosa, tanto para os condutores como para os pe\u00f3ns, polo p\u00e9simo estado do firme, a sinalizaci\u00f3n e a iluminaci\u00f3n\u201d.\",\"breadcrumb\":{\"@id\":\"https:\\\/\\\/ppdegalicia.com\\\/es\\\/o-ppdeg-solicita-ao-goberno-central-o-arranxo-urxente-da-estrada-n-550-entre-a-coruna-e-santiago\\\/#breadcrumb\"},\"inLanguage\":\"es\",\"potentialAction\":[{\"@type\":\"ReadAction\",\"target\":[\"https:\\\/\\\/ppdegalicia.com\\\/es\\\/o-ppdeg-solicita-ao-goberno-central-o-arranxo-urxente-da-estrada-n-550-entre-a-coruna-e-santiago\\\/\"]}]},{\"@type\":\"ImageObject\",\"inLanguage\":\"es\",\"@id\":\"https:\\\/\\\/ppdegalicia.com\\\/es\\\/o-ppdeg-solicita-ao-goberno-central-o-arranxo-urxente-da-estrada-n-550-entre-a-coruna-e-santiago\\\/#primaryimage\",\"url\":\"https:\\\/\\\/ppdegalicia.com\\\/wp-content\\\/uploads\\\/2025\\\/03\\\/MELLORA-N-550-scaled.jpg\",\"contentUrl\":\"https:\\\/\\\/ppdegalicia.com\\\/wp-content\\\/uploads\\\/2025\\\/03\\\/MELLORA-N-550-scaled.jpg\",\"width\":2560,\"height\":1920},{\"@type\":\"BreadcrumbList\",\"@id\":\"https:\\\/\\\/ppdegalicia.com\\\/es\\\/o-ppdeg-solicita-ao-goberno-central-o-arranxo-urxente-da-estrada-n-550-entre-a-coruna-e-santiago\\\/#breadcrumb\",\"itemListElement\":[{\"@type\":\"ListItem\",\"position\":1,\"name\":\"Portada\",\"item\":\"https:\\\/\\\/ppdegalicia.com\\\/es\\\/\"},{\"@type\":\"ListItem\",\"position\":2,\"name\":\"O PPdeG solicita ao Goberno central o arranxo urxente da estrada N-550 entre A Coru\u00f1a e Santiago\"}]},{\"@type\":\"WebSite\",\"@id\":\"https:\\\/\\\/ppdegalicia.com\\\/es\\\/#website\",\"url\":\"https:\\\/\\\/ppdegalicia.com\\\/es\\\/\",\"name\":\"Partido Popular de Galicia\",\"description\":\"Partido Popular de Galicia\",\"publisher\":{\"@id\":\"https:\\\/\\\/ppdegalicia.com\\\/es\\\/#organization\"},\"alternateName\":\"PP de Galicia\",\"potentialAction\":[{\"@type\":\"SearchAction\",\"target\":{\"@type\":\"EntryPoint\",\"urlTemplate\":\"https:\\\/\\\/ppdegalicia.com\\\/es\\\/?s={search_term_string}\"},\"query-input\":{\"@type\":\"PropertyValueSpecification\",\"valueRequired\":true,\"valueName\":\"search_term_string\"}}],\"inLanguage\":\"es\"},{\"@type\":\"Organization\",\"@id\":\"https:\\\/\\\/ppdegalicia.com\\\/es\\\/#organization\",\"name\":\"Partido Popular de Galicia\",\"alternateName\":\"PP de Galicia\",\"url\":\"https:\\\/\\\/ppdegalicia.com\\\/es\\\/\",\"logo\":{\"@type\":\"ImageObject\",\"inLanguage\":\"es\",\"@id\":\"https:\\\/\\\/ppdegalicia.com\\\/es\\\/#\\\/schema\\\/logo\\\/image\\\/\",\"url\":\"https:\\\/\\\/ppdegalicia.com\\\/wp-content\\\/uploads\\\/2023\\\/04\\\/logoPP512.png\",\"contentUrl\":\"https:\\\/\\\/ppdegalicia.com\\\/wp-content\\\/uploads\\\/2023\\\/04\\\/logoPP512.png\",\"width\":512,\"height\":512,\"caption\":\"Partido Popular de Galicia\"},\"image\":{\"@id\":\"https:\\\/\\\/ppdegalicia.com\\\/es\\\/#\\\/schema\\\/logo\\\/image\\\/\"},\"sameAs\":[\"https:\\\/\\\/www.instagram.com\\\/ppdegalicia\\\/\",\"https:\\\/\\\/x.com\\\/ppdegalicia\",\"https:\\\/\\\/www.tiktok.com\\\/@ppdegalicia\",\"https:\\\/\\\/www.youtube.com\\\/user\\\/ppdegalicia\"]},{\"@type\":\"Person\",\"@id\":\"https:\\\/\\\/ppdegalicia.com\\\/es\\\/#\\\/schema\\\/person\\\/5b822c6f59e872ebdd1142f307dbcb59\",\"name\":\"ppdegaliciaredes\",\"image\":{\"@type\":\"ImageObject\",\"inLanguage\":\"es\",\"@id\":\"https:\\\/\\\/secure.gravatar.com\\\/avatar\\\/3c9179cf0256d00c72a48d1f25783c58b6842cd56e85ef3a572881c8e28ccd59?s=96&d=mm&r=g\",\"url\":\"https:\\\/\\\/secure.gravatar.com\\\/avatar\\\/3c9179cf0256d00c72a48d1f25783c58b6842cd56e85ef3a572881c8e28ccd59?s=96&d=mm&r=g\",\"contentUrl\":\"https:\\\/\\\/secure.gravatar.com\\\/avatar\\\/3c9179cf0256d00c72a48d1f25783c58b6842cd56e85ef3a572881c8e28ccd59?s=96&d=mm&r=g\",\"caption\":\"ppdegaliciaredes\"},\"url\":\"https:\\\/\\\/ppdegalicia.com\\\/es\\\/author\\\/ppdegaliciaredes\\\/\"}]}<\/script>\n<!-- \/ Yoast SEO plugin. -->","yoast_head_json":{"title":"O PPdeG solicita ao Goberno central o arranxo urxente da estrada N-550 entre A Coru\u00f1a e Santiago - PP de Galicia","description":"As deputadas do Grupo Popular Carmen Pomar e Cecilia V\u00e1zquez anunciaron hoxe a presentaci\u00f3n dunha iniciativa no Parlamento de Galicia solicitando ao Goberno central o arranxo urxente da estrada N-550 entre A Coru\u00f1a e Santiago, \u201cun exemplo evidente dunha v\u00eda extremadamente perigosa, tanto para os condutores como para os pe\u00f3ns, polo p\u00e9simo estado do firme, a sinalizaci\u00f3n e a iluminaci\u00f3n\u201d.","robots":{"index":"index","follow":"follow","max-snippet":"max-snippet:-1","max-image-preview":"max-image-preview:large","max-video-preview":"max-video-preview:-1"},"canonical":"https:\/\/ppdegalicia.com\/es\/o-ppdeg-solicita-ao-goberno-central-o-arranxo-urxente-da-estrada-n-550-entre-a-coruna-e-santiago\/","og_locale":"es_ES","og_type":"article","og_title":"O PPdeG solicita ao Goberno central o arranxo urxente da estrada N-550 entre A Coru\u00f1a e Santiago - PP de Galicia","og_description":"As deputadas do Grupo Popular Carmen Pomar e Cecilia V\u00e1zquez anunciaron hoxe a presentaci\u00f3n dunha iniciativa no Parlamento de Galicia solicitando ao Goberno central o arranxo urxente da estrada N-550 entre A Coru\u00f1a e Santiago, \u201cun exemplo evidente dunha v\u00eda extremadamente perigosa, tanto para os condutores como para os pe\u00f3ns, polo p\u00e9simo estado do firme, a sinalizaci\u00f3n e a iluminaci\u00f3n\u201d.","og_url":"https:\/\/ppdegalicia.com\/es\/o-ppdeg-solicita-ao-goberno-central-o-arranxo-urxente-da-estrada-n-550-entre-a-coruna-e-santiago\/","og_site_name":"PP de Galicia","article_publisher":"https:\/\/www.instagram.com\/ppdegalicia\/","article_published_time":"2025-03-15T12:45:29+00:00","article_modified_time":"2025-03-17T12:46:52+00:00","og_image":[{"width":2560,"height":1920,"url":"https:\/\/ppdegalicia.com\/wp-content\/uploads\/2025\/03\/MELLORA-N-550-scaled.jpg","type":"image\/jpeg"}],"author":"ppdegaliciaredes","twitter_card":"summary_large_image","twitter_creator":"@ppdegalicia","twitter_site":"@ppdegalicia","twitter_misc":{"Escrito por":"ppdegaliciaredes","Tiempo de lectura":"2 minutos"},"schema":{"@context":"https:\/\/schema.org","@graph":[{"@type":"Article","@id":"https:\/\/ppdegalicia.com\/es\/o-ppdeg-solicita-ao-goberno-central-o-arranxo-urxente-da-estrada-n-550-entre-a-coruna-e-santiago\/#article","isPartOf":{"@id":"https:\/\/ppdegalicia.com\/es\/o-ppdeg-solicita-ao-goberno-central-o-arranxo-urxente-da-estrada-n-550-entre-a-coruna-e-santiago\/"},"author":{"name":"ppdegaliciaredes","@id":"https:\/\/ppdegalicia.com\/es\/#\/schema\/person\/5b822c6f59e872ebdd1142f307dbcb59"},"headline":"O PPdeG solicita ao Goberno central o arranxo urxente da estrada N-550 entre A Coru\u00f1a e Santiago","datePublished":"2025-03-15T12:45:29+00:00","dateModified":"2025-03-17T12:46:52+00:00","mainEntityOfPage":{"@id":"https:\/\/ppdegalicia.com\/es\/o-ppdeg-solicita-ao-goberno-central-o-arranxo-urxente-da-estrada-n-550-entre-a-coruna-e-santiago\/"},"wordCount":281,"publisher":{"@id":"https:\/\/ppdegalicia.com\/es\/#organization"},"image":{"@id":"https:\/\/ppdegalicia.com\/es\/o-ppdeg-solicita-ao-goberno-central-o-arranxo-urxente-da-estrada-n-550-entre-a-coruna-e-santiago\/#primaryimage"},"thumbnailUrl":"https:\/\/ppdegalicia.com\/wp-content\/uploads\/2025\/03\/MELLORA-N-550-scaled.jpg","articleSection":["Parlamento de Galicia"],"inLanguage":"es"},{"@type":"WebPage","@id":"https:\/\/ppdegalicia.com\/es\/o-ppdeg-solicita-ao-goberno-central-o-arranxo-urxente-da-estrada-n-550-entre-a-coruna-e-santiago\/","url":"https:\/\/ppdegalicia.com\/es\/o-ppdeg-solicita-ao-goberno-central-o-arranxo-urxente-da-estrada-n-550-entre-a-coruna-e-santiago\/","name":"O PPdeG solicita ao Goberno central o arranxo urxente da estrada N-550 entre A Coru\u00f1a e Santiago - PP de Galicia","isPartOf":{"@id":"https:\/\/ppdegalicia.com\/es\/#website"},"primaryImageOfPage":{"@id":"https:\/\/ppdegalicia.com\/es\/o-ppdeg-solicita-ao-goberno-central-o-arranxo-urxente-da-estrada-n-550-entre-a-coruna-e-santiago\/#primaryimage"},"image":{"@id":"https:\/\/ppdegalicia.com\/es\/o-ppdeg-solicita-ao-goberno-central-o-arranxo-urxente-da-estrada-n-550-entre-a-coruna-e-santiago\/#primaryimage"},"thumbnailUrl":"https:\/\/ppdegalicia.com\/wp-content\/uploads\/2025\/03\/MELLORA-N-550-scaled.jpg","datePublished":"2025-03-15T12:45:29+00:00","dateModified":"2025-03-17T12:46:52+00:00","description":"As deputadas do Grupo Popular Carmen Pomar e Cecilia V\u00e1zquez anunciaron hoxe a presentaci\u00f3n dunha iniciativa no Parlamento de Galicia solicitando ao Goberno central o arranxo urxente da estrada N-550 entre A Coru\u00f1a e Santiago, \u201cun exemplo evidente dunha v\u00eda extremadamente perigosa, tanto para os condutores como para os pe\u00f3ns, polo p\u00e9simo estado do firme, a sinalizaci\u00f3n e a iluminaci\u00f3n\u201d.","breadcrumb":{"@id":"https:\/\/ppdegalicia.com\/es\/o-ppdeg-solicita-ao-goberno-central-o-arranxo-urxente-da-estrada-n-550-entre-a-coruna-e-santiago\/#breadcrumb"},"inLanguage":"es","potentialAction":[{"@type":"ReadAction","target":["https:\/\/ppdegalicia.com\/es\/o-ppdeg-solicita-ao-goberno-central-o-arranxo-urxente-da-estrada-n-550-entre-a-coruna-e-santiago\/"]}]},{"@type":"ImageObject","inLanguage":"es","@id":"https:\/\/ppdegalicia.com\/es\/o-ppdeg-solicita-ao-goberno-central-o-arranxo-urxente-da-estrada-n-550-entre-a-coruna-e-santiago\/#primaryimage","url":"https:\/\/ppdegalicia.com\/wp-content\/uploads\/2025\/03\/MELLORA-N-550-scaled.jpg","contentUrl":"https:\/\/ppdegalicia.com\/wp-content\/uploads\/2025\/03\/MELLORA-N-550-scaled.jpg","width":2560,"height":1920},{"@type":"BreadcrumbList","@id":"https:\/\/ppdegalicia.com\/es\/o-ppdeg-solicita-ao-goberno-central-o-arranxo-urxente-da-estrada-n-550-entre-a-coruna-e-santiago\/#breadcrumb","itemListElement":[{"@type":"ListItem","position":1,"name":"Portada","item":"https:\/\/ppdegalicia.com\/es\/"},{"@type":"ListItem","position":2,"name":"O PPdeG solicita ao Goberno central o arranxo urxente da estrada N-550 entre A Coru\u00f1a e Santiago"}]},{"@type":"WebSite","@id":"https:\/\/ppdegalicia.com\/es\/#website","url":"https:\/\/ppdegalicia.com\/es\/","name":"Partido Popular de Galicia","description":"Partido Popular de Galicia","publisher":{"@id":"https:\/\/ppdegalicia.com\/es\/#organization"},"alternateName":"PP de Galicia","potentialAction":[{"@type":"SearchAction","target":{"@type":"EntryPoint","urlTemplate":"https:\/\/ppdegalicia.com\/es\/?s={search_term_string}"},"query-input":{"@type":"PropertyValueSpecification","valueRequired":true,"valueName":"search_term_string"}}],"inLanguage":"es"},{"@type":"Organization","@id":"https:\/\/ppdegalicia.com\/es\/#organization","name":"Partido Popular de Galicia","alternateName":"PP de Galicia","url":"https:\/\/ppdegalicia.com\/es\/","logo":{"@type":"ImageObject","inLanguage":"es","@id":"https:\/\/ppdegalicia.com\/es\/#\/schema\/logo\/image\/","url":"https:\/\/ppdegalicia.com\/wp-content\/uploads\/2023\/04\/logoPP512.png","contentUrl":"https:\/\/ppdegalicia.com\/wp-content\/uploads\/2023\/04\/logoPP512.png","width":512,"height":512,"caption":"Partido Popular de Galicia"},"image":{"@id":"https:\/\/ppdegalicia.com\/es\/#\/schema\/logo\/image\/"},"sameAs":["https:\/\/www.instagram.com\/ppdegalicia\/","https:\/\/x.com\/ppdegalicia","https:\/\/www.tiktok.com\/@ppdegalicia","https:\/\/www.youtube.com\/user\/ppdegalicia"]},{"@type":"Person","@id":"https:\/\/ppdegalicia.com\/es\/#\/schema\/person\/5b822c6f59e872ebdd1142f307dbcb59","name":"ppdegaliciaredes","image":{"@type":"ImageObject","inLanguage":"es","@id":"https:\/\/secure.gravatar.com\/avatar\/3c9179cf0256d00c72a48d1f25783c58b6842cd56e85ef3a572881c8e28ccd59?s=96&d=mm&r=g","url":"https:\/\/secure.gravatar.com\/avatar\/3c9179cf0256d00c72a48d1f25783c58b6842cd56e85ef3a572881c8e28ccd59?s=96&d=mm&r=g","contentUrl":"https:\/\/secure.gravatar.com\/avatar\/3c9179cf0256d00c72a48d1f25783c58b6842cd56e85ef3a572881c8e28ccd59?s=96&d=mm&r=g","caption":"ppdegaliciaredes"},"url":"https:\/\/ppdegalicia.com\/es\/author\/ppdegaliciaredes\/"}]}},"_links":{"self":[{"href":"https:\/\/ppdegalicia.com\/es\/wp-json\/wp\/v2\/posts\/66204","targetHints":{"allow":["GET"]}}],"collection":[{"href":"https:\/\/ppdegalicia.com\/es\/wp-json\/wp\/v2\/posts"}],"about":[{"href":"https:\/\/ppdegalicia.com\/es\/wp-json\/wp\/v2\/types\/post"}],"author":[{"embeddable":true,"href":"https:\/\/ppdegalicia.com\/es\/wp-json\/wp\/v2\/users\/38"}],"replies":[{"embeddable":true,"href":"https:\/\/ppdegalicia.com\/es\/wp-json\/wp\/v2\/comments?post=66204"}],"version-history":[{"count":1,"href":"https:\/\/ppdegalicia.com\/es\/wp-json\/wp\/v2\/posts\/66204\/revisions"}],"predecessor-version":[{"id":66207,"href":"https:\/\/ppdegalicia.com\/es\/wp-json\/wp\/v2\/posts\/66204\/revisions\/66207"}],"wp:featuredmedia":[{"embeddable":true,"href":"https:\/\/ppdegalicia.com\/es\/wp-json\/wp\/v2\/media\/66205"}],"wp:attachment":[{"href":"https:\/\/ppdegalicia.com\/es\/wp-json\/wp\/v2\/media?parent=66204"}],"wp:term":[{"taxonomy":"category","embeddable":true,"href":"https:\/\/ppdegalicia.com\/es\/wp-json\/wp\/v2\/categories?post=66204"},{"taxonomy":"post_tag","embeddable":true,"href":"https:\/\/ppdegalicia.com\/es\/wp-json\/wp\/v2\/tags?post=66204"}],"curies":[{"name":"wp","href":"https:\/\/api.w.org\/{rel}","templated":true}]}}