{"id":66208,"date":"2025-03-15T14:02:25","date_gmt":"2025-03-15T13:02:25","guid":{"rendered":"https:\/\/ppdegalicia.com\/?p=66208"},"modified":"2025-03-17T14:08:53","modified_gmt":"2025-03-17T13:08:53","slug":"o-ppdeg-salienta-que-320-mozos-gandeiros-133-novos-agricultores-e-370-explotacions-beneficiaronse-das-axudas-para-a-modernizacion-do-sector-e-a-incorporacion-de-novos-profesionais","status":"publish","type":"post","link":"https:\/\/ppdegalicia.com\/es\/o-ppdeg-salienta-que-320-mozos-gandeiros-133-novos-agricultores-e-370-explotacions-beneficiaronse-das-axudas-para-a-modernizacion-do-sector-e-a-incorporacion-de-novos-profesionais\/","title":{"rendered":"O PPdeG salienta que 320 mozos gandeiros, 133 novos agricultores e 370 explotaci\u00f3ns benefici\u00e1ronse das axudas para a modernizaci\u00f3n do sector e a incorporaci\u00f3n de novos profesionais"},"content":{"rendered":"<p>Os deputados do Grupo Popular Miguel Viso e V\u00edctor Manuel Baladr\u00f3n salientaron hoxe que 320 mozos menores de 40 anos, 133 novos agricultores e 370 explotaci\u00f3ns galegas benefici\u00e1ronse o pasado ano das axudas da Xunta para a modernizaci\u00f3n do sector gandeiro e a incorporaci\u00f3n de novos profesionais ao sector.<\/p>\n<p>Miguel Viso e V\u00edctor Baladr\u00f3n visitaron a explotaci\u00f3n gandeira familiar Gandainas no concello ourens\u00e1n de Ri\u00f3s, que se beneficiou dunha axuda da Xunta para a construci\u00f3n dun novo almac\u00e9n, infraestrutura fundamental para optimizar a xesti\u00f3n de recursos e garantir o almacenamento de forraxe, ademais de acceder a un plan de mellora destinado ao peche perimetral da explotaci\u00f3n, mellorando as\u00ed a seguridade e o benestar animal.<\/p>\n<p><strong>GANDER\u00cdA SOSTIBLE E RENDIBLE<\/strong><\/p>\n<p>Miguel \u00c1ngel Viso resaltou que \u201ca modernizaci\u00f3n das explotaci\u00f3ns gandeiras \u00e9 clave para manter un sector competitivo e preparado para afrontar os retos do futuro\u201d. Deste xeito, lembrou que desde a Xunta \u201capostamos por un modelo de gander\u00eda sostible e rendible, facilitando aos profesionais as ferramentas necesarias para mellorar as s\u00faas instalaci\u00f3ns e procesos produtivos\u201d. Ademais, destacou que \u00abestes investimentos favorecen a profesionalizaci\u00f3n e a incorporaci\u00f3n de novos profesionais ao agro galego\u201d.<\/p>\n<p>Pola s\u00faa banda, V\u00edctor Manuel Baladr\u00f3n sinalou que \u201cestas axudas non s\u00f3 melloran as condici\u00f3ns laborais no sector agrogandeiro, sen\u00f3n que tam\u00e9n axudan a fixar poboaci\u00f3n no rural, dinamizando economicamente as nosas vilas e aldeas e garantindo que o rural galego sexa un espazo de oportunidades\u00bb. \u201cContar con instalaci\u00f3ns modernas e ben acondicionadas \u00e9 esencial para que os profesionais do sector poidan desenvolver o seu traballo con maior eficiencia e comodidade\u201d, apuntou.<\/p>\n<p>Finalmente, ambos os deputados \u201cfelicitaron aos responsables da explotaci\u00f3n visitada polo seu esforzo e compromiso cun modelo produtivo que combina tradici\u00f3n e modernidade, contribu\u00edndo a facer do rural galego un lugar atractivo para vivir e traballar\u201d.<\/p>\n","protected":false},"excerpt":{"rendered":"<p>Os deputados do Grupo Popular Miguel Viso e V\u00edctor Manuel Baladr\u00f3n salientaron hoxe que 320 mozos menores de 40 anos, 133 novos agricultores e 370 explotaci\u00f3ns galegas benefici\u00e1ronse o pasado ano das axudas da Xunta para a modernizaci\u00f3n do sector gandeiro e a incorporaci\u00f3n de novos profesionais ao sector. Miguel Viso e V\u00edctor Baladr\u00f3n visitaron [&hellip;]<\/p>\n","protected":false},"author":38,"featured_media":66214,"comment_status":"closed","ping_status":"open","sticky":false,"template":"","format":"standard","meta":{"_acf_changed":false,"footnotes":""},"categories":[1128],"tags":[],"class_list":["post-66208","post","type-post","status-publish","format-standard","has-post-thumbnail","hentry","category-actualidad-parlamento-de-galicia"],"acf":[],"yoast_head":"<!-- This site is optimized with the Yoast SEO plugin v27.3 - https:\/\/yoast.com\/product\/yoast-seo-wordpress\/ -->\n<title>O PPdeG salienta que 320 mozos gandeiros, 133 novos agricultores e 370 explotaci\u00f3ns benefici\u00e1ronse das axudas para a modernizaci\u00f3n do sector e a incorporaci\u00f3n de novos profesionais - PP de Galicia<\/title>\n<meta name=\"description\" content=\"Os deputados do Grupo Popular Miguel Viso e V\u00edctor Manuel Baladr\u00f3n salientaron hoxe que 320 mozos menores de 40 anos, 133 novos agricultores e 370 explotaci\u00f3ns galegas benefici\u00e1ronse o pasado ano das axudas da Xunta para a modernizaci\u00f3n do sector gandeiro e a incorporaci\u00f3n de novos profesionais ao sector.\" \/>\n<meta name=\"robots\" content=\"index, follow, max-snippet:-1, max-image-preview:large, max-video-preview:-1\" \/>\n<link rel=\"canonical\" href=\"https:\/\/ppdegalicia.com\/es\/o-ppdeg-salienta-que-320-mozos-gandeiros-133-novos-agricultores-e-370-explotacions-beneficiaronse-das-axudas-para-a-modernizacion-do-sector-e-a-incorporacion-de-novos-profesionais\/\" \/>\n<meta property=\"og:locale\" content=\"es_ES\" \/>\n<meta property=\"og:type\" content=\"article\" \/>\n<meta property=\"og:title\" content=\"O PPdeG salienta que 320 mozos gandeiros, 133 novos agricultores e 370 explotaci\u00f3ns benefici\u00e1ronse das axudas para a modernizaci\u00f3n do sector e a incorporaci\u00f3n de novos profesionais - PP de Galicia\" \/>\n<meta property=\"og:description\" content=\"Os deputados do Grupo Popular Miguel Viso e V\u00edctor Manuel Baladr\u00f3n salientaron hoxe que 320 mozos menores de 40 anos, 133 novos agricultores e 370 explotaci\u00f3ns galegas benefici\u00e1ronse o pasado ano das axudas da Xunta para a modernizaci\u00f3n do sector gandeiro e a incorporaci\u00f3n de novos profesionais ao sector.\" \/>\n<meta property=\"og:url\" content=\"https:\/\/ppdegalicia.com\/es\/o-ppdeg-salienta-que-320-mozos-gandeiros-133-novos-agricultores-e-370-explotacions-beneficiaronse-das-axudas-para-a-modernizacion-do-sector-e-a-incorporacion-de-novos-profesionais\/\" \/>\n<meta property=\"og:site_name\" content=\"PP de Galicia\" \/>\n<meta property=\"article:publisher\" content=\"https:\/\/www.instagram.com\/ppdegalicia\/\" \/>\n<meta property=\"article:published_time\" content=\"2025-03-15T13:02:25+00:00\" \/>\n<meta property=\"article:modified_time\" content=\"2025-03-17T13:08:53+00:00\" \/>\n<meta property=\"og:image\" content=\"https:\/\/ppdegalicia.com\/wp-content\/uploads\/2025\/03\/Miguel-Viso-e-Victor-Manuel-Baladron-na-visita-a-explotacion-de-Fumaces_-2.jpg\" \/>\n\t<meta property=\"og:image:width\" content=\"2453\" \/>\n\t<meta property=\"og:image:height\" content=\"1784\" \/>\n\t<meta property=\"og:image:type\" content=\"image\/jpeg\" \/>\n<meta name=\"author\" content=\"ppdegaliciaredes\" \/>\n<meta name=\"twitter:card\" content=\"summary_large_image\" \/>\n<meta name=\"twitter:creator\" content=\"@ppdegalicia\" \/>\n<meta name=\"twitter:site\" content=\"@ppdegalicia\" \/>\n<meta name=\"twitter:label1\" content=\"Escrito por\" \/>\n\t<meta name=\"twitter:data1\" content=\"ppdegaliciaredes\" \/>\n\t<meta name=\"twitter:label2\" content=\"Tiempo de lectura\" \/>\n\t<meta name=\"twitter:data2\" content=\"2 minutos\" \/>\n<script type=\"application\/ld+json\" class=\"yoast-schema-graph\">{\"@context\":\"https:\\\/\\\/schema.org\",\"@graph\":[{\"@type\":\"Article\",\"@id\":\"https:\\\/\\\/ppdegalicia.com\\\/es\\\/o-ppdeg-salienta-que-320-mozos-gandeiros-133-novos-agricultores-e-370-explotacions-beneficiaronse-das-axudas-para-a-modernizacion-do-sector-e-a-incorporacion-de-novos-profesionais\\\/#article\",\"isPartOf\":{\"@id\":\"https:\\\/\\\/ppdegalicia.com\\\/es\\\/o-ppdeg-salienta-que-320-mozos-gandeiros-133-novos-agricultores-e-370-explotacions-beneficiaronse-das-axudas-para-a-modernizacion-do-sector-e-a-incorporacion-de-novos-profesionais\\\/\"},\"author\":{\"name\":\"ppdegaliciaredes\",\"@id\":\"https:\\\/\\\/ppdegalicia.com\\\/es\\\/#\\\/schema\\\/person\\\/5b822c6f59e872ebdd1142f307dbcb59\"},\"headline\":\"O PPdeG salienta que 320 mozos gandeiros, 133 novos agricultores e 370 explotaci\u00f3ns benefici\u00e1ronse das axudas para a modernizaci\u00f3n do sector e a incorporaci\u00f3n de novos profesionais\",\"datePublished\":\"2025-03-15T13:02:25+00:00\",\"dateModified\":\"2025-03-17T13:08:53+00:00\",\"mainEntityOfPage\":{\"@id\":\"https:\\\/\\\/ppdegalicia.com\\\/es\\\/o-ppdeg-salienta-que-320-mozos-gandeiros-133-novos-agricultores-e-370-explotacions-beneficiaronse-das-axudas-para-a-modernizacion-do-sector-e-a-incorporacion-de-novos-profesionais\\\/\"},\"wordCount\":354,\"publisher\":{\"@id\":\"https:\\\/\\\/ppdegalicia.com\\\/es\\\/#organization\"},\"image\":{\"@id\":\"https:\\\/\\\/ppdegalicia.com\\\/es\\\/o-ppdeg-salienta-que-320-mozos-gandeiros-133-novos-agricultores-e-370-explotacions-beneficiaronse-das-axudas-para-a-modernizacion-do-sector-e-a-incorporacion-de-novos-profesionais\\\/#primaryimage\"},\"thumbnailUrl\":\"https:\\\/\\\/ppdegalicia.com\\\/wp-content\\\/uploads\\\/2025\\\/03\\\/Miguel-Viso-e-Victor-Manuel-Baladron-na-visita-a-explotacion-de-Fumaces_-2.jpg\",\"articleSection\":[\"Parlamento de Galicia\"],\"inLanguage\":\"es\"},{\"@type\":\"WebPage\",\"@id\":\"https:\\\/\\\/ppdegalicia.com\\\/es\\\/o-ppdeg-salienta-que-320-mozos-gandeiros-133-novos-agricultores-e-370-explotacions-beneficiaronse-das-axudas-para-a-modernizacion-do-sector-e-a-incorporacion-de-novos-profesionais\\\/\",\"url\":\"https:\\\/\\\/ppdegalicia.com\\\/es\\\/o-ppdeg-salienta-que-320-mozos-gandeiros-133-novos-agricultores-e-370-explotacions-beneficiaronse-das-axudas-para-a-modernizacion-do-sector-e-a-incorporacion-de-novos-profesionais\\\/\",\"name\":\"O PPdeG salienta que 320 mozos gandeiros, 133 novos agricultores e 370 explotaci\u00f3ns benefici\u00e1ronse das axudas para a modernizaci\u00f3n do sector e a incorporaci\u00f3n de novos profesionais - PP de Galicia\",\"isPartOf\":{\"@id\":\"https:\\\/\\\/ppdegalicia.com\\\/es\\\/#website\"},\"primaryImageOfPage\":{\"@id\":\"https:\\\/\\\/ppdegalicia.com\\\/es\\\/o-ppdeg-salienta-que-320-mozos-gandeiros-133-novos-agricultores-e-370-explotacions-beneficiaronse-das-axudas-para-a-modernizacion-do-sector-e-a-incorporacion-de-novos-profesionais\\\/#primaryimage\"},\"image\":{\"@id\":\"https:\\\/\\\/ppdegalicia.com\\\/es\\\/o-ppdeg-salienta-que-320-mozos-gandeiros-133-novos-agricultores-e-370-explotacions-beneficiaronse-das-axudas-para-a-modernizacion-do-sector-e-a-incorporacion-de-novos-profesionais\\\/#primaryimage\"},\"thumbnailUrl\":\"https:\\\/\\\/ppdegalicia.com\\\/wp-content\\\/uploads\\\/2025\\\/03\\\/Miguel-Viso-e-Victor-Manuel-Baladron-na-visita-a-explotacion-de-Fumaces_-2.jpg\",\"datePublished\":\"2025-03-15T13:02:25+00:00\",\"dateModified\":\"2025-03-17T13:08:53+00:00\",\"description\":\"Os deputados do Grupo Popular Miguel Viso e V\u00edctor Manuel Baladr\u00f3n salientaron hoxe que 320 mozos menores de 40 anos, 133 novos agricultores e 370 explotaci\u00f3ns galegas benefici\u00e1ronse o pasado ano das axudas da Xunta para a modernizaci\u00f3n do sector gandeiro e a incorporaci\u00f3n de novos profesionais ao sector.\",\"breadcrumb\":{\"@id\":\"https:\\\/\\\/ppdegalicia.com\\\/es\\\/o-ppdeg-salienta-que-320-mozos-gandeiros-133-novos-agricultores-e-370-explotacions-beneficiaronse-das-axudas-para-a-modernizacion-do-sector-e-a-incorporacion-de-novos-profesionais\\\/#breadcrumb\"},\"inLanguage\":\"es\",\"potentialAction\":[{\"@type\":\"ReadAction\",\"target\":[\"https:\\\/\\\/ppdegalicia.com\\\/es\\\/o-ppdeg-salienta-que-320-mozos-gandeiros-133-novos-agricultores-e-370-explotacions-beneficiaronse-das-axudas-para-a-modernizacion-do-sector-e-a-incorporacion-de-novos-profesionais\\\/\"]}]},{\"@type\":\"ImageObject\",\"inLanguage\":\"es\",\"@id\":\"https:\\\/\\\/ppdegalicia.com\\\/es\\\/o-ppdeg-salienta-que-320-mozos-gandeiros-133-novos-agricultores-e-370-explotacions-beneficiaronse-das-axudas-para-a-modernizacion-do-sector-e-a-incorporacion-de-novos-profesionais\\\/#primaryimage\",\"url\":\"https:\\\/\\\/ppdegalicia.com\\\/wp-content\\\/uploads\\\/2025\\\/03\\\/Miguel-Viso-e-Victor-Manuel-Baladron-na-visita-a-explotacion-de-Fumaces_-2.jpg\",\"contentUrl\":\"https:\\\/\\\/ppdegalicia.com\\\/wp-content\\\/uploads\\\/2025\\\/03\\\/Miguel-Viso-e-Victor-Manuel-Baladron-na-visita-a-explotacion-de-Fumaces_-2.jpg\",\"width\":2453,\"height\":1784},{\"@type\":\"BreadcrumbList\",\"@id\":\"https:\\\/\\\/ppdegalicia.com\\\/es\\\/o-ppdeg-salienta-que-320-mozos-gandeiros-133-novos-agricultores-e-370-explotacions-beneficiaronse-das-axudas-para-a-modernizacion-do-sector-e-a-incorporacion-de-novos-profesionais\\\/#breadcrumb\",\"itemListElement\":[{\"@type\":\"ListItem\",\"position\":1,\"name\":\"Portada\",\"item\":\"https:\\\/\\\/ppdegalicia.com\\\/es\\\/\"},{\"@type\":\"ListItem\",\"position\":2,\"name\":\"O PPdeG salienta que 320 mozos gandeiros, 133 novos agricultores e 370 explotaci\u00f3ns benefici\u00e1ronse das axudas para a modernizaci\u00f3n do sector e a incorporaci\u00f3n de novos profesionais\"}]},{\"@type\":\"WebSite\",\"@id\":\"https:\\\/\\\/ppdegalicia.com\\\/es\\\/#website\",\"url\":\"https:\\\/\\\/ppdegalicia.com\\\/es\\\/\",\"name\":\"Partido Popular de Galicia\",\"description\":\"Partido Popular de Galicia\",\"publisher\":{\"@id\":\"https:\\\/\\\/ppdegalicia.com\\\/es\\\/#organization\"},\"alternateName\":\"PP de Galicia\",\"potentialAction\":[{\"@type\":\"SearchAction\",\"target\":{\"@type\":\"EntryPoint\",\"urlTemplate\":\"https:\\\/\\\/ppdegalicia.com\\\/es\\\/?s={search_term_string}\"},\"query-input\":{\"@type\":\"PropertyValueSpecification\",\"valueRequired\":true,\"valueName\":\"search_term_string\"}}],\"inLanguage\":\"es\"},{\"@type\":\"Organization\",\"@id\":\"https:\\\/\\\/ppdegalicia.com\\\/es\\\/#organization\",\"name\":\"Partido Popular de Galicia\",\"alternateName\":\"PP de Galicia\",\"url\":\"https:\\\/\\\/ppdegalicia.com\\\/es\\\/\",\"logo\":{\"@type\":\"ImageObject\",\"inLanguage\":\"es\",\"@id\":\"https:\\\/\\\/ppdegalicia.com\\\/es\\\/#\\\/schema\\\/logo\\\/image\\\/\",\"url\":\"https:\\\/\\\/ppdegalicia.com\\\/wp-content\\\/uploads\\\/2023\\\/04\\\/logoPP512.png\",\"contentUrl\":\"https:\\\/\\\/ppdegalicia.com\\\/wp-content\\\/uploads\\\/2023\\\/04\\\/logoPP512.png\",\"width\":512,\"height\":512,\"caption\":\"Partido Popular de Galicia\"},\"image\":{\"@id\":\"https:\\\/\\\/ppdegalicia.com\\\/es\\\/#\\\/schema\\\/logo\\\/image\\\/\"},\"sameAs\":[\"https:\\\/\\\/www.instagram.com\\\/ppdegalicia\\\/\",\"https:\\\/\\\/x.com\\\/ppdegalicia\",\"https:\\\/\\\/www.tiktok.com\\\/@ppdegalicia\",\"https:\\\/\\\/www.youtube.com\\\/user\\\/ppdegalicia\"]},{\"@type\":\"Person\",\"@id\":\"https:\\\/\\\/ppdegalicia.com\\\/es\\\/#\\\/schema\\\/person\\\/5b822c6f59e872ebdd1142f307dbcb59\",\"name\":\"ppdegaliciaredes\",\"image\":{\"@type\":\"ImageObject\",\"inLanguage\":\"es\",\"@id\":\"https:\\\/\\\/secure.gravatar.com\\\/avatar\\\/3c9179cf0256d00c72a48d1f25783c58b6842cd56e85ef3a572881c8e28ccd59?s=96&d=mm&r=g\",\"url\":\"https:\\\/\\\/secure.gravatar.com\\\/avatar\\\/3c9179cf0256d00c72a48d1f25783c58b6842cd56e85ef3a572881c8e28ccd59?s=96&d=mm&r=g\",\"contentUrl\":\"https:\\\/\\\/secure.gravatar.com\\\/avatar\\\/3c9179cf0256d00c72a48d1f25783c58b6842cd56e85ef3a572881c8e28ccd59?s=96&d=mm&r=g\",\"caption\":\"ppdegaliciaredes\"},\"url\":\"https:\\\/\\\/ppdegalicia.com\\\/es\\\/author\\\/ppdegaliciaredes\\\/\"}]}<\/script>\n<!-- \/ Yoast SEO plugin. -->","yoast_head_json":{"title":"O PPdeG salienta que 320 mozos gandeiros, 133 novos agricultores e 370 explotaci\u00f3ns benefici\u00e1ronse das axudas para a modernizaci\u00f3n do sector e a incorporaci\u00f3n de novos profesionais - PP de Galicia","description":"Os deputados do Grupo Popular Miguel Viso e V\u00edctor Manuel Baladr\u00f3n salientaron hoxe que 320 mozos menores de 40 anos, 133 novos agricultores e 370 explotaci\u00f3ns galegas benefici\u00e1ronse o pasado ano das axudas da Xunta para a modernizaci\u00f3n do sector gandeiro e a incorporaci\u00f3n de novos profesionais ao sector.","robots":{"index":"index","follow":"follow","max-snippet":"max-snippet:-1","max-image-preview":"max-image-preview:large","max-video-preview":"max-video-preview:-1"},"canonical":"https:\/\/ppdegalicia.com\/es\/o-ppdeg-salienta-que-320-mozos-gandeiros-133-novos-agricultores-e-370-explotacions-beneficiaronse-das-axudas-para-a-modernizacion-do-sector-e-a-incorporacion-de-novos-profesionais\/","og_locale":"es_ES","og_type":"article","og_title":"O PPdeG salienta que 320 mozos gandeiros, 133 novos agricultores e 370 explotaci\u00f3ns benefici\u00e1ronse das axudas para a modernizaci\u00f3n do sector e a incorporaci\u00f3n de novos profesionais - PP de Galicia","og_description":"Os deputados do Grupo Popular Miguel Viso e V\u00edctor Manuel Baladr\u00f3n salientaron hoxe que 320 mozos menores de 40 anos, 133 novos agricultores e 370 explotaci\u00f3ns galegas benefici\u00e1ronse o pasado ano das axudas da Xunta para a modernizaci\u00f3n do sector gandeiro e a incorporaci\u00f3n de novos profesionais ao sector.","og_url":"https:\/\/ppdegalicia.com\/es\/o-ppdeg-salienta-que-320-mozos-gandeiros-133-novos-agricultores-e-370-explotacions-beneficiaronse-das-axudas-para-a-modernizacion-do-sector-e-a-incorporacion-de-novos-profesionais\/","og_site_name":"PP de Galicia","article_publisher":"https:\/\/www.instagram.com\/ppdegalicia\/","article_published_time":"2025-03-15T13:02:25+00:00","article_modified_time":"2025-03-17T13:08:53+00:00","og_image":[{"width":2453,"height":1784,"url":"https:\/\/ppdegalicia.com\/wp-content\/uploads\/2025\/03\/Miguel-Viso-e-Victor-Manuel-Baladron-na-visita-a-explotacion-de-Fumaces_-2.jpg","type":"image\/jpeg"}],"author":"ppdegaliciaredes","twitter_card":"summary_large_image","twitter_creator":"@ppdegalicia","twitter_site":"@ppdegalicia","twitter_misc":{"Escrito por":"ppdegaliciaredes","Tiempo de lectura":"2 minutos"},"schema":{"@context":"https:\/\/schema.org","@graph":[{"@type":"Article","@id":"https:\/\/ppdegalicia.com\/es\/o-ppdeg-salienta-que-320-mozos-gandeiros-133-novos-agricultores-e-370-explotacions-beneficiaronse-das-axudas-para-a-modernizacion-do-sector-e-a-incorporacion-de-novos-profesionais\/#article","isPartOf":{"@id":"https:\/\/ppdegalicia.com\/es\/o-ppdeg-salienta-que-320-mozos-gandeiros-133-novos-agricultores-e-370-explotacions-beneficiaronse-das-axudas-para-a-modernizacion-do-sector-e-a-incorporacion-de-novos-profesionais\/"},"author":{"name":"ppdegaliciaredes","@id":"https:\/\/ppdegalicia.com\/es\/#\/schema\/person\/5b822c6f59e872ebdd1142f307dbcb59"},"headline":"O PPdeG salienta que 320 mozos gandeiros, 133 novos agricultores e 370 explotaci\u00f3ns benefici\u00e1ronse das axudas para a modernizaci\u00f3n do sector e a incorporaci\u00f3n de novos profesionais","datePublished":"2025-03-15T13:02:25+00:00","dateModified":"2025-03-17T13:08:53+00:00","mainEntityOfPage":{"@id":"https:\/\/ppdegalicia.com\/es\/o-ppdeg-salienta-que-320-mozos-gandeiros-133-novos-agricultores-e-370-explotacions-beneficiaronse-das-axudas-para-a-modernizacion-do-sector-e-a-incorporacion-de-novos-profesionais\/"},"wordCount":354,"publisher":{"@id":"https:\/\/ppdegalicia.com\/es\/#organization"},"image":{"@id":"https:\/\/ppdegalicia.com\/es\/o-ppdeg-salienta-que-320-mozos-gandeiros-133-novos-agricultores-e-370-explotacions-beneficiaronse-das-axudas-para-a-modernizacion-do-sector-e-a-incorporacion-de-novos-profesionais\/#primaryimage"},"thumbnailUrl":"https:\/\/ppdegalicia.com\/wp-content\/uploads\/2025\/03\/Miguel-Viso-e-Victor-Manuel-Baladron-na-visita-a-explotacion-de-Fumaces_-2.jpg","articleSection":["Parlamento de Galicia"],"inLanguage":"es"},{"@type":"WebPage","@id":"https:\/\/ppdegalicia.com\/es\/o-ppdeg-salienta-que-320-mozos-gandeiros-133-novos-agricultores-e-370-explotacions-beneficiaronse-das-axudas-para-a-modernizacion-do-sector-e-a-incorporacion-de-novos-profesionais\/","url":"https:\/\/ppdegalicia.com\/es\/o-ppdeg-salienta-que-320-mozos-gandeiros-133-novos-agricultores-e-370-explotacions-beneficiaronse-das-axudas-para-a-modernizacion-do-sector-e-a-incorporacion-de-novos-profesionais\/","name":"O PPdeG salienta que 320 mozos gandeiros, 133 novos agricultores e 370 explotaci\u00f3ns benefici\u00e1ronse das axudas para a modernizaci\u00f3n do sector e a incorporaci\u00f3n de novos profesionais - PP de Galicia","isPartOf":{"@id":"https:\/\/ppdegalicia.com\/es\/#website"},"primaryImageOfPage":{"@id":"https:\/\/ppdegalicia.com\/es\/o-ppdeg-salienta-que-320-mozos-gandeiros-133-novos-agricultores-e-370-explotacions-beneficiaronse-das-axudas-para-a-modernizacion-do-sector-e-a-incorporacion-de-novos-profesionais\/#primaryimage"},"image":{"@id":"https:\/\/ppdegalicia.com\/es\/o-ppdeg-salienta-que-320-mozos-gandeiros-133-novos-agricultores-e-370-explotacions-beneficiaronse-das-axudas-para-a-modernizacion-do-sector-e-a-incorporacion-de-novos-profesionais\/#primaryimage"},"thumbnailUrl":"https:\/\/ppdegalicia.com\/wp-content\/uploads\/2025\/03\/Miguel-Viso-e-Victor-Manuel-Baladron-na-visita-a-explotacion-de-Fumaces_-2.jpg","datePublished":"2025-03-15T13:02:25+00:00","dateModified":"2025-03-17T13:08:53+00:00","description":"Os deputados do Grupo Popular Miguel Viso e V\u00edctor Manuel Baladr\u00f3n salientaron hoxe que 320 mozos menores de 40 anos, 133 novos agricultores e 370 explotaci\u00f3ns galegas benefici\u00e1ronse o pasado ano das axudas da Xunta para a modernizaci\u00f3n do sector gandeiro e a incorporaci\u00f3n de novos profesionais ao sector.","breadcrumb":{"@id":"https:\/\/ppdegalicia.com\/es\/o-ppdeg-salienta-que-320-mozos-gandeiros-133-novos-agricultores-e-370-explotacions-beneficiaronse-das-axudas-para-a-modernizacion-do-sector-e-a-incorporacion-de-novos-profesionais\/#breadcrumb"},"inLanguage":"es","potentialAction":[{"@type":"ReadAction","target":["https:\/\/ppdegalicia.com\/es\/o-ppdeg-salienta-que-320-mozos-gandeiros-133-novos-agricultores-e-370-explotacions-beneficiaronse-das-axudas-para-a-modernizacion-do-sector-e-a-incorporacion-de-novos-profesionais\/"]}]},{"@type":"ImageObject","inLanguage":"es","@id":"https:\/\/ppdegalicia.com\/es\/o-ppdeg-salienta-que-320-mozos-gandeiros-133-novos-agricultores-e-370-explotacions-beneficiaronse-das-axudas-para-a-modernizacion-do-sector-e-a-incorporacion-de-novos-profesionais\/#primaryimage","url":"https:\/\/ppdegalicia.com\/wp-content\/uploads\/2025\/03\/Miguel-Viso-e-Victor-Manuel-Baladron-na-visita-a-explotacion-de-Fumaces_-2.jpg","contentUrl":"https:\/\/ppdegalicia.com\/wp-content\/uploads\/2025\/03\/Miguel-Viso-e-Victor-Manuel-Baladron-na-visita-a-explotacion-de-Fumaces_-2.jpg","width":2453,"height":1784},{"@type":"BreadcrumbList","@id":"https:\/\/ppdegalicia.com\/es\/o-ppdeg-salienta-que-320-mozos-gandeiros-133-novos-agricultores-e-370-explotacions-beneficiaronse-das-axudas-para-a-modernizacion-do-sector-e-a-incorporacion-de-novos-profesionais\/#breadcrumb","itemListElement":[{"@type":"ListItem","position":1,"name":"Portada","item":"https:\/\/ppdegalicia.com\/es\/"},{"@type":"ListItem","position":2,"name":"O PPdeG salienta que 320 mozos gandeiros, 133 novos agricultores e 370 explotaci\u00f3ns benefici\u00e1ronse das axudas para a modernizaci\u00f3n do sector e a incorporaci\u00f3n de novos profesionais"}]},{"@type":"WebSite","@id":"https:\/\/ppdegalicia.com\/es\/#website","url":"https:\/\/ppdegalicia.com\/es\/","name":"Partido Popular de Galicia","description":"Partido Popular de Galicia","publisher":{"@id":"https:\/\/ppdegalicia.com\/es\/#organization"},"alternateName":"PP de Galicia","potentialAction":[{"@type":"SearchAction","target":{"@type":"EntryPoint","urlTemplate":"https:\/\/ppdegalicia.com\/es\/?s={search_term_string}"},"query-input":{"@type":"PropertyValueSpecification","valueRequired":true,"valueName":"search_term_string"}}],"inLanguage":"es"},{"@type":"Organization","@id":"https:\/\/ppdegalicia.com\/es\/#organization","name":"Partido Popular de Galicia","alternateName":"PP de Galicia","url":"https:\/\/ppdegalicia.com\/es\/","logo":{"@type":"ImageObject","inLanguage":"es","@id":"https:\/\/ppdegalicia.com\/es\/#\/schema\/logo\/image\/","url":"https:\/\/ppdegalicia.com\/wp-content\/uploads\/2023\/04\/logoPP512.png","contentUrl":"https:\/\/ppdegalicia.com\/wp-content\/uploads\/2023\/04\/logoPP512.png","width":512,"height":512,"caption":"Partido Popular de Galicia"},"image":{"@id":"https:\/\/ppdegalicia.com\/es\/#\/schema\/logo\/image\/"},"sameAs":["https:\/\/www.instagram.com\/ppdegalicia\/","https:\/\/x.com\/ppdegalicia","https:\/\/www.tiktok.com\/@ppdegalicia","https:\/\/www.youtube.com\/user\/ppdegalicia"]},{"@type":"Person","@id":"https:\/\/ppdegalicia.com\/es\/#\/schema\/person\/5b822c6f59e872ebdd1142f307dbcb59","name":"ppdegaliciaredes","image":{"@type":"ImageObject","inLanguage":"es","@id":"https:\/\/secure.gravatar.com\/avatar\/3c9179cf0256d00c72a48d1f25783c58b6842cd56e85ef3a572881c8e28ccd59?s=96&d=mm&r=g","url":"https:\/\/secure.gravatar.com\/avatar\/3c9179cf0256d00c72a48d1f25783c58b6842cd56e85ef3a572881c8e28ccd59?s=96&d=mm&r=g","contentUrl":"https:\/\/secure.gravatar.com\/avatar\/3c9179cf0256d00c72a48d1f25783c58b6842cd56e85ef3a572881c8e28ccd59?s=96&d=mm&r=g","caption":"ppdegaliciaredes"},"url":"https:\/\/ppdegalicia.com\/es\/author\/ppdegaliciaredes\/"}]}},"_links":{"self":[{"href":"https:\/\/ppdegalicia.com\/es\/wp-json\/wp\/v2\/posts\/66208","targetHints":{"allow":["GET"]}}],"collection":[{"href":"https:\/\/ppdegalicia.com\/es\/wp-json\/wp\/v2\/posts"}],"about":[{"href":"https:\/\/ppdegalicia.com\/es\/wp-json\/wp\/v2\/types\/post"}],"author":[{"embeddable":true,"href":"https:\/\/ppdegalicia.com\/es\/wp-json\/wp\/v2\/users\/38"}],"replies":[{"embeddable":true,"href":"https:\/\/ppdegalicia.com\/es\/wp-json\/wp\/v2\/comments?post=66208"}],"version-history":[{"count":1,"href":"https:\/\/ppdegalicia.com\/es\/wp-json\/wp\/v2\/posts\/66208\/revisions"}],"predecessor-version":[{"id":66211,"href":"https:\/\/ppdegalicia.com\/es\/wp-json\/wp\/v2\/posts\/66208\/revisions\/66211"}],"wp:featuredmedia":[{"embeddable":true,"href":"https:\/\/ppdegalicia.com\/es\/wp-json\/wp\/v2\/media\/66214"}],"wp:attachment":[{"href":"https:\/\/ppdegalicia.com\/es\/wp-json\/wp\/v2\/media?parent=66208"}],"wp:term":[{"taxonomy":"category","embeddable":true,"href":"https:\/\/ppdegalicia.com\/es\/wp-json\/wp\/v2\/categories?post=66208"},{"taxonomy":"post_tag","embeddable":true,"href":"https:\/\/ppdegalicia.com\/es\/wp-json\/wp\/v2\/tags?post=66208"}],"curies":[{"name":"wp","href":"https:\/\/api.w.org\/{rel}","templated":true}]}}