{"id":66257,"date":"2025-03-19T14:04:02","date_gmt":"2025-03-19T13:04:02","guid":{"rendered":"https:\/\/ppdegalicia.com\/?p=66257"},"modified":"2025-03-19T14:04:02","modified_gmt":"2025-03-19T13:04:02","slug":"o-parlamento-demanda-continuar-as-actuacions-preventivas-contra-os-incendios-forestais-nas-comunidades-de-montes-de-caldas-o-salnes","status":"publish","type":"post","link":"https:\/\/ppdegalicia.com\/es\/o-parlamento-demanda-continuar-as-actuacions-preventivas-contra-os-incendios-forestais-nas-comunidades-de-montes-de-caldas-o-salnes\/","title":{"rendered":"O Parlamento demanda continuar as actuaci\u00f3ns preventivas contra os incendios forestais nas comunidades de montes de Caldas-O Saln\u00e9s"},"content":{"rendered":"<p>O Parlamento de Galicia aprobou hoxe por unanimidade a proposici\u00f3n non de lei do Grupo Popular a trav\u00e9s da que se demanda continuar realizando actuaci\u00f3ns preventivas contra os incendios forestais nas comunidades de montes en man com\u00fan do Distrito Forestal XIX Caldas- O Saln\u00e9s, seguindo criterios compatibles co plan de Prevenci\u00f3n establecido pola Conseller\u00eda do Medio Rural.<\/p>\n<p>O deputado popular \u00c1ngel Rodr\u00edguez lembrou que \u201ca planificaci\u00f3n preventiva contra os incendios forestais en Galicia debe caracterizarse polo seu dinamismo, polo que \u00e9 dese\u00f1ada anualmente atendendo aos \u00edndices de risco obtidos a partir de datos meteorol\u00f3xicos, a factores sociol\u00f3xicos e aos usos do territorio e a composici\u00f3n da vexetaci\u00f3n\u201d.<\/p>\n<p><strong>ACTUACI\u00d3N INTEGRAL<\/strong><\/p>\n<p>\u201cEn definitiva, co fin de lograr uns resultados \u00f3ptimos \u00e9 precisa unha actuaci\u00f3n integral sobre o territorio, afectando a zonas moi diversas en canto \u00e1 s\u00faa estrutura, vexetaci\u00f3n, propiedade e tipo de solo\u201d, indicou.<\/p>\n<p>Ademais, \u00c1ngel Rodr\u00edguez considerou \u201cevidente a importancia dos montes veci\u00f1ais en man com\u00fan, que anualmente entra a formar parte da planificaci\u00f3n preventiva\u201d. Deste xeito, e despois das xuntanzas mantidas con distintas comunidades de montes en man com\u00fan pertencentes ao distrito XIX, como a de Couselo, Soutelo, A Igrexa, Toxeira ou Monte Sandeu, \u201cconsideramos necesario continuar caos medidas activas de prevenci\u00f3n contra os incendios forestais, a planificaci\u00f3n preventiva dos lumes e o reforzo da estrutura de prevenci\u00f3n, a trav\u00e9s da xesti\u00f3n da biomasa en zonas estrat\u00e9xicas e a creaci\u00f3n e mellora das infraestruturas preventivas\u201d.<\/p>\n","protected":false},"excerpt":{"rendered":"<p>O Parlamento de Galicia aprobou hoxe por unanimidade a proposici\u00f3n non de lei do Grupo Popular a trav\u00e9s da que se demanda continuar realizando actuaci\u00f3ns preventivas contra os incendios forestais nas comunidades de montes en man com\u00fan do Distrito Forestal XIX Caldas- O Saln\u00e9s, seguindo criterios compatibles co plan de Prevenci\u00f3n establecido pola Conseller\u00eda do [&hellip;]<\/p>\n","protected":false},"author":38,"featured_media":66258,"comment_status":"closed","ping_status":"open","sticky":false,"template":"","format":"standard","meta":{"_acf_changed":false,"footnotes":""},"categories":[1128],"tags":[],"class_list":["post-66257","post","type-post","status-publish","format-standard","has-post-thumbnail","hentry","category-actualidad-parlamento-de-galicia"],"acf":[],"yoast_head":"<!-- This site is optimized with the Yoast SEO plugin v27.3 - https:\/\/yoast.com\/product\/yoast-seo-wordpress\/ -->\n<title>O Parlamento demanda continuar as actuaci\u00f3ns preventivas contra os incendios forestais nas comunidades de montes de Caldas-O Saln\u00e9s - PP de Galicia<\/title>\n<meta name=\"description\" content=\"O Parlamento de Galicia aprobou hoxe por unanimidade a proposici\u00f3n non de lei do Grupo Popular a trav\u00e9s da que se demanda continuar realizando actuaci\u00f3ns preventivas contra os incendios forestais nas comunidades de montes en man com\u00fan do Distrito Forestal XIX Caldas- O Saln\u00e9s, seguindo criterios compatibles co plan de Prevenci\u00f3n establecido pola Conseller\u00eda do Medio Rural.\" \/>\n<meta name=\"robots\" content=\"index, follow, max-snippet:-1, max-image-preview:large, max-video-preview:-1\" \/>\n<link rel=\"canonical\" href=\"https:\/\/ppdegalicia.com\/es\/o-parlamento-demanda-continuar-as-actuacions-preventivas-contra-os-incendios-forestais-nas-comunidades-de-montes-de-caldas-o-salnes\/\" \/>\n<meta property=\"og:locale\" content=\"es_ES\" \/>\n<meta property=\"og:type\" content=\"article\" \/>\n<meta property=\"og:title\" content=\"O Parlamento demanda continuar as actuaci\u00f3ns preventivas contra os incendios forestais nas comunidades de montes de Caldas-O Saln\u00e9s - PP de Galicia\" \/>\n<meta property=\"og:description\" content=\"O Parlamento de Galicia aprobou hoxe por unanimidade a proposici\u00f3n non de lei do Grupo Popular a trav\u00e9s da que se demanda continuar realizando actuaci\u00f3ns preventivas contra os incendios forestais nas comunidades de montes en man com\u00fan do Distrito Forestal XIX Caldas- O Saln\u00e9s, seguindo criterios compatibles co plan de Prevenci\u00f3n establecido pola Conseller\u00eda do Medio Rural.\" \/>\n<meta property=\"og:url\" content=\"https:\/\/ppdegalicia.com\/es\/o-parlamento-demanda-continuar-as-actuacions-preventivas-contra-os-incendios-forestais-nas-comunidades-de-montes-de-caldas-o-salnes\/\" \/>\n<meta property=\"og:site_name\" content=\"PP de Galicia\" \/>\n<meta property=\"article:publisher\" content=\"https:\/\/www.instagram.com\/ppdegalicia\/\" \/>\n<meta property=\"article:published_time\" content=\"2025-03-19T13:04:02+00:00\" \/>\n<meta property=\"og:image\" content=\"https:\/\/ppdegalicia.com\/wp-content\/uploads\/2025\/03\/20250319_C7a-1-scaled.jpg\" \/>\n\t<meta property=\"og:image:width\" content=\"2560\" \/>\n\t<meta property=\"og:image:height\" content=\"1707\" \/>\n\t<meta property=\"og:image:type\" content=\"image\/jpeg\" \/>\n<meta name=\"author\" content=\"ppdegaliciaredes\" \/>\n<meta name=\"twitter:card\" content=\"summary_large_image\" \/>\n<meta name=\"twitter:creator\" content=\"@ppdegalicia\" \/>\n<meta name=\"twitter:site\" content=\"@ppdegalicia\" \/>\n<meta name=\"twitter:label1\" content=\"Escrito por\" \/>\n\t<meta name=\"twitter:data1\" content=\"ppdegaliciaredes\" \/>\n\t<meta name=\"twitter:label2\" content=\"Tiempo de lectura\" \/>\n\t<meta name=\"twitter:data2\" content=\"2 minutos\" \/>\n<script type=\"application\/ld+json\" class=\"yoast-schema-graph\">{\"@context\":\"https:\\\/\\\/schema.org\",\"@graph\":[{\"@type\":\"Article\",\"@id\":\"https:\\\/\\\/ppdegalicia.com\\\/es\\\/o-parlamento-demanda-continuar-as-actuacions-preventivas-contra-os-incendios-forestais-nas-comunidades-de-montes-de-caldas-o-salnes\\\/#article\",\"isPartOf\":{\"@id\":\"https:\\\/\\\/ppdegalicia.com\\\/es\\\/o-parlamento-demanda-continuar-as-actuacions-preventivas-contra-os-incendios-forestais-nas-comunidades-de-montes-de-caldas-o-salnes\\\/\"},\"author\":{\"name\":\"ppdegaliciaredes\",\"@id\":\"https:\\\/\\\/ppdegalicia.com\\\/es\\\/#\\\/schema\\\/person\\\/5b822c6f59e872ebdd1142f307dbcb59\"},\"headline\":\"O Parlamento demanda continuar as actuaci\u00f3ns preventivas contra os incendios forestais nas comunidades de montes de Caldas-O Saln\u00e9s\",\"datePublished\":\"2025-03-19T13:04:02+00:00\",\"mainEntityOfPage\":{\"@id\":\"https:\\\/\\\/ppdegalicia.com\\\/es\\\/o-parlamento-demanda-continuar-as-actuacions-preventivas-contra-os-incendios-forestais-nas-comunidades-de-montes-de-caldas-o-salnes\\\/\"},\"wordCount\":283,\"publisher\":{\"@id\":\"https:\\\/\\\/ppdegalicia.com\\\/es\\\/#organization\"},\"image\":{\"@id\":\"https:\\\/\\\/ppdegalicia.com\\\/es\\\/o-parlamento-demanda-continuar-as-actuacions-preventivas-contra-os-incendios-forestais-nas-comunidades-de-montes-de-caldas-o-salnes\\\/#primaryimage\"},\"thumbnailUrl\":\"https:\\\/\\\/ppdegalicia.com\\\/wp-content\\\/uploads\\\/2025\\\/03\\\/20250319_C7a-1-scaled.jpg\",\"articleSection\":[\"Parlamento de Galicia\"],\"inLanguage\":\"es\"},{\"@type\":\"WebPage\",\"@id\":\"https:\\\/\\\/ppdegalicia.com\\\/es\\\/o-parlamento-demanda-continuar-as-actuacions-preventivas-contra-os-incendios-forestais-nas-comunidades-de-montes-de-caldas-o-salnes\\\/\",\"url\":\"https:\\\/\\\/ppdegalicia.com\\\/es\\\/o-parlamento-demanda-continuar-as-actuacions-preventivas-contra-os-incendios-forestais-nas-comunidades-de-montes-de-caldas-o-salnes\\\/\",\"name\":\"O Parlamento demanda continuar as actuaci\u00f3ns preventivas contra os incendios forestais nas comunidades de montes de Caldas-O Saln\u00e9s - PP de Galicia\",\"isPartOf\":{\"@id\":\"https:\\\/\\\/ppdegalicia.com\\\/es\\\/#website\"},\"primaryImageOfPage\":{\"@id\":\"https:\\\/\\\/ppdegalicia.com\\\/es\\\/o-parlamento-demanda-continuar-as-actuacions-preventivas-contra-os-incendios-forestais-nas-comunidades-de-montes-de-caldas-o-salnes\\\/#primaryimage\"},\"image\":{\"@id\":\"https:\\\/\\\/ppdegalicia.com\\\/es\\\/o-parlamento-demanda-continuar-as-actuacions-preventivas-contra-os-incendios-forestais-nas-comunidades-de-montes-de-caldas-o-salnes\\\/#primaryimage\"},\"thumbnailUrl\":\"https:\\\/\\\/ppdegalicia.com\\\/wp-content\\\/uploads\\\/2025\\\/03\\\/20250319_C7a-1-scaled.jpg\",\"datePublished\":\"2025-03-19T13:04:02+00:00\",\"description\":\"O Parlamento de Galicia aprobou hoxe por unanimidade a proposici\u00f3n non de lei do Grupo Popular a trav\u00e9s da que se demanda continuar realizando actuaci\u00f3ns preventivas contra os incendios forestais nas comunidades de montes en man com\u00fan do Distrito Forestal XIX Caldas- O Saln\u00e9s, seguindo criterios compatibles co plan de Prevenci\u00f3n establecido pola Conseller\u00eda do Medio Rural.\",\"breadcrumb\":{\"@id\":\"https:\\\/\\\/ppdegalicia.com\\\/es\\\/o-parlamento-demanda-continuar-as-actuacions-preventivas-contra-os-incendios-forestais-nas-comunidades-de-montes-de-caldas-o-salnes\\\/#breadcrumb\"},\"inLanguage\":\"es\",\"potentialAction\":[{\"@type\":\"ReadAction\",\"target\":[\"https:\\\/\\\/ppdegalicia.com\\\/es\\\/o-parlamento-demanda-continuar-as-actuacions-preventivas-contra-os-incendios-forestais-nas-comunidades-de-montes-de-caldas-o-salnes\\\/\"]}]},{\"@type\":\"ImageObject\",\"inLanguage\":\"es\",\"@id\":\"https:\\\/\\\/ppdegalicia.com\\\/es\\\/o-parlamento-demanda-continuar-as-actuacions-preventivas-contra-os-incendios-forestais-nas-comunidades-de-montes-de-caldas-o-salnes\\\/#primaryimage\",\"url\":\"https:\\\/\\\/ppdegalicia.com\\\/wp-content\\\/uploads\\\/2025\\\/03\\\/20250319_C7a-1-scaled.jpg\",\"contentUrl\":\"https:\\\/\\\/ppdegalicia.com\\\/wp-content\\\/uploads\\\/2025\\\/03\\\/20250319_C7a-1-scaled.jpg\",\"width\":2560,\"height\":1707},{\"@type\":\"BreadcrumbList\",\"@id\":\"https:\\\/\\\/ppdegalicia.com\\\/es\\\/o-parlamento-demanda-continuar-as-actuacions-preventivas-contra-os-incendios-forestais-nas-comunidades-de-montes-de-caldas-o-salnes\\\/#breadcrumb\",\"itemListElement\":[{\"@type\":\"ListItem\",\"position\":1,\"name\":\"Portada\",\"item\":\"https:\\\/\\\/ppdegalicia.com\\\/es\\\/\"},{\"@type\":\"ListItem\",\"position\":2,\"name\":\"O Parlamento demanda continuar as actuaci\u00f3ns preventivas contra os incendios forestais nas comunidades de montes de Caldas-O Saln\u00e9s\"}]},{\"@type\":\"WebSite\",\"@id\":\"https:\\\/\\\/ppdegalicia.com\\\/es\\\/#website\",\"url\":\"https:\\\/\\\/ppdegalicia.com\\\/es\\\/\",\"name\":\"Partido Popular de Galicia\",\"description\":\"Partido Popular de Galicia\",\"publisher\":{\"@id\":\"https:\\\/\\\/ppdegalicia.com\\\/es\\\/#organization\"},\"alternateName\":\"PP de Galicia\",\"potentialAction\":[{\"@type\":\"SearchAction\",\"target\":{\"@type\":\"EntryPoint\",\"urlTemplate\":\"https:\\\/\\\/ppdegalicia.com\\\/es\\\/?s={search_term_string}\"},\"query-input\":{\"@type\":\"PropertyValueSpecification\",\"valueRequired\":true,\"valueName\":\"search_term_string\"}}],\"inLanguage\":\"es\"},{\"@type\":\"Organization\",\"@id\":\"https:\\\/\\\/ppdegalicia.com\\\/es\\\/#organization\",\"name\":\"Partido Popular de Galicia\",\"alternateName\":\"PP de Galicia\",\"url\":\"https:\\\/\\\/ppdegalicia.com\\\/es\\\/\",\"logo\":{\"@type\":\"ImageObject\",\"inLanguage\":\"es\",\"@id\":\"https:\\\/\\\/ppdegalicia.com\\\/es\\\/#\\\/schema\\\/logo\\\/image\\\/\",\"url\":\"https:\\\/\\\/ppdegalicia.com\\\/wp-content\\\/uploads\\\/2023\\\/04\\\/logoPP512.png\",\"contentUrl\":\"https:\\\/\\\/ppdegalicia.com\\\/wp-content\\\/uploads\\\/2023\\\/04\\\/logoPP512.png\",\"width\":512,\"height\":512,\"caption\":\"Partido Popular de Galicia\"},\"image\":{\"@id\":\"https:\\\/\\\/ppdegalicia.com\\\/es\\\/#\\\/schema\\\/logo\\\/image\\\/\"},\"sameAs\":[\"https:\\\/\\\/www.instagram.com\\\/ppdegalicia\\\/\",\"https:\\\/\\\/x.com\\\/ppdegalicia\",\"https:\\\/\\\/www.tiktok.com\\\/@ppdegalicia\",\"https:\\\/\\\/www.youtube.com\\\/user\\\/ppdegalicia\"]},{\"@type\":\"Person\",\"@id\":\"https:\\\/\\\/ppdegalicia.com\\\/es\\\/#\\\/schema\\\/person\\\/5b822c6f59e872ebdd1142f307dbcb59\",\"name\":\"ppdegaliciaredes\",\"image\":{\"@type\":\"ImageObject\",\"inLanguage\":\"es\",\"@id\":\"https:\\\/\\\/secure.gravatar.com\\\/avatar\\\/3c9179cf0256d00c72a48d1f25783c58b6842cd56e85ef3a572881c8e28ccd59?s=96&d=mm&r=g\",\"url\":\"https:\\\/\\\/secure.gravatar.com\\\/avatar\\\/3c9179cf0256d00c72a48d1f25783c58b6842cd56e85ef3a572881c8e28ccd59?s=96&d=mm&r=g\",\"contentUrl\":\"https:\\\/\\\/secure.gravatar.com\\\/avatar\\\/3c9179cf0256d00c72a48d1f25783c58b6842cd56e85ef3a572881c8e28ccd59?s=96&d=mm&r=g\",\"caption\":\"ppdegaliciaredes\"},\"url\":\"https:\\\/\\\/ppdegalicia.com\\\/es\\\/author\\\/ppdegaliciaredes\\\/\"}]}<\/script>\n<!-- \/ Yoast SEO plugin. -->","yoast_head_json":{"title":"O Parlamento demanda continuar as actuaci\u00f3ns preventivas contra os incendios forestais nas comunidades de montes de Caldas-O Saln\u00e9s - PP de Galicia","description":"O Parlamento de Galicia aprobou hoxe por unanimidade a proposici\u00f3n non de lei do Grupo Popular a trav\u00e9s da que se demanda continuar realizando actuaci\u00f3ns preventivas contra os incendios forestais nas comunidades de montes en man com\u00fan do Distrito Forestal XIX Caldas- O Saln\u00e9s, seguindo criterios compatibles co plan de Prevenci\u00f3n establecido pola Conseller\u00eda do Medio Rural.","robots":{"index":"index","follow":"follow","max-snippet":"max-snippet:-1","max-image-preview":"max-image-preview:large","max-video-preview":"max-video-preview:-1"},"canonical":"https:\/\/ppdegalicia.com\/es\/o-parlamento-demanda-continuar-as-actuacions-preventivas-contra-os-incendios-forestais-nas-comunidades-de-montes-de-caldas-o-salnes\/","og_locale":"es_ES","og_type":"article","og_title":"O Parlamento demanda continuar as actuaci\u00f3ns preventivas contra os incendios forestais nas comunidades de montes de Caldas-O Saln\u00e9s - PP de Galicia","og_description":"O Parlamento de Galicia aprobou hoxe por unanimidade a proposici\u00f3n non de lei do Grupo Popular a trav\u00e9s da que se demanda continuar realizando actuaci\u00f3ns preventivas contra os incendios forestais nas comunidades de montes en man com\u00fan do Distrito Forestal XIX Caldas- O Saln\u00e9s, seguindo criterios compatibles co plan de Prevenci\u00f3n establecido pola Conseller\u00eda do Medio Rural.","og_url":"https:\/\/ppdegalicia.com\/es\/o-parlamento-demanda-continuar-as-actuacions-preventivas-contra-os-incendios-forestais-nas-comunidades-de-montes-de-caldas-o-salnes\/","og_site_name":"PP de Galicia","article_publisher":"https:\/\/www.instagram.com\/ppdegalicia\/","article_published_time":"2025-03-19T13:04:02+00:00","og_image":[{"width":2560,"height":1707,"url":"https:\/\/ppdegalicia.com\/wp-content\/uploads\/2025\/03\/20250319_C7a-1-scaled.jpg","type":"image\/jpeg"}],"author":"ppdegaliciaredes","twitter_card":"summary_large_image","twitter_creator":"@ppdegalicia","twitter_site":"@ppdegalicia","twitter_misc":{"Escrito por":"ppdegaliciaredes","Tiempo de lectura":"2 minutos"},"schema":{"@context":"https:\/\/schema.org","@graph":[{"@type":"Article","@id":"https:\/\/ppdegalicia.com\/es\/o-parlamento-demanda-continuar-as-actuacions-preventivas-contra-os-incendios-forestais-nas-comunidades-de-montes-de-caldas-o-salnes\/#article","isPartOf":{"@id":"https:\/\/ppdegalicia.com\/es\/o-parlamento-demanda-continuar-as-actuacions-preventivas-contra-os-incendios-forestais-nas-comunidades-de-montes-de-caldas-o-salnes\/"},"author":{"name":"ppdegaliciaredes","@id":"https:\/\/ppdegalicia.com\/es\/#\/schema\/person\/5b822c6f59e872ebdd1142f307dbcb59"},"headline":"O Parlamento demanda continuar as actuaci\u00f3ns preventivas contra os incendios forestais nas comunidades de montes de Caldas-O Saln\u00e9s","datePublished":"2025-03-19T13:04:02+00:00","mainEntityOfPage":{"@id":"https:\/\/ppdegalicia.com\/es\/o-parlamento-demanda-continuar-as-actuacions-preventivas-contra-os-incendios-forestais-nas-comunidades-de-montes-de-caldas-o-salnes\/"},"wordCount":283,"publisher":{"@id":"https:\/\/ppdegalicia.com\/es\/#organization"},"image":{"@id":"https:\/\/ppdegalicia.com\/es\/o-parlamento-demanda-continuar-as-actuacions-preventivas-contra-os-incendios-forestais-nas-comunidades-de-montes-de-caldas-o-salnes\/#primaryimage"},"thumbnailUrl":"https:\/\/ppdegalicia.com\/wp-content\/uploads\/2025\/03\/20250319_C7a-1-scaled.jpg","articleSection":["Parlamento de Galicia"],"inLanguage":"es"},{"@type":"WebPage","@id":"https:\/\/ppdegalicia.com\/es\/o-parlamento-demanda-continuar-as-actuacions-preventivas-contra-os-incendios-forestais-nas-comunidades-de-montes-de-caldas-o-salnes\/","url":"https:\/\/ppdegalicia.com\/es\/o-parlamento-demanda-continuar-as-actuacions-preventivas-contra-os-incendios-forestais-nas-comunidades-de-montes-de-caldas-o-salnes\/","name":"O Parlamento demanda continuar as actuaci\u00f3ns preventivas contra os incendios forestais nas comunidades de montes de Caldas-O Saln\u00e9s - PP de Galicia","isPartOf":{"@id":"https:\/\/ppdegalicia.com\/es\/#website"},"primaryImageOfPage":{"@id":"https:\/\/ppdegalicia.com\/es\/o-parlamento-demanda-continuar-as-actuacions-preventivas-contra-os-incendios-forestais-nas-comunidades-de-montes-de-caldas-o-salnes\/#primaryimage"},"image":{"@id":"https:\/\/ppdegalicia.com\/es\/o-parlamento-demanda-continuar-as-actuacions-preventivas-contra-os-incendios-forestais-nas-comunidades-de-montes-de-caldas-o-salnes\/#primaryimage"},"thumbnailUrl":"https:\/\/ppdegalicia.com\/wp-content\/uploads\/2025\/03\/20250319_C7a-1-scaled.jpg","datePublished":"2025-03-19T13:04:02+00:00","description":"O Parlamento de Galicia aprobou hoxe por unanimidade a proposici\u00f3n non de lei do Grupo Popular a trav\u00e9s da que se demanda continuar realizando actuaci\u00f3ns preventivas contra os incendios forestais nas comunidades de montes en man com\u00fan do Distrito Forestal XIX Caldas- O Saln\u00e9s, seguindo criterios compatibles co plan de Prevenci\u00f3n establecido pola Conseller\u00eda do Medio Rural.","breadcrumb":{"@id":"https:\/\/ppdegalicia.com\/es\/o-parlamento-demanda-continuar-as-actuacions-preventivas-contra-os-incendios-forestais-nas-comunidades-de-montes-de-caldas-o-salnes\/#breadcrumb"},"inLanguage":"es","potentialAction":[{"@type":"ReadAction","target":["https:\/\/ppdegalicia.com\/es\/o-parlamento-demanda-continuar-as-actuacions-preventivas-contra-os-incendios-forestais-nas-comunidades-de-montes-de-caldas-o-salnes\/"]}]},{"@type":"ImageObject","inLanguage":"es","@id":"https:\/\/ppdegalicia.com\/es\/o-parlamento-demanda-continuar-as-actuacions-preventivas-contra-os-incendios-forestais-nas-comunidades-de-montes-de-caldas-o-salnes\/#primaryimage","url":"https:\/\/ppdegalicia.com\/wp-content\/uploads\/2025\/03\/20250319_C7a-1-scaled.jpg","contentUrl":"https:\/\/ppdegalicia.com\/wp-content\/uploads\/2025\/03\/20250319_C7a-1-scaled.jpg","width":2560,"height":1707},{"@type":"BreadcrumbList","@id":"https:\/\/ppdegalicia.com\/es\/o-parlamento-demanda-continuar-as-actuacions-preventivas-contra-os-incendios-forestais-nas-comunidades-de-montes-de-caldas-o-salnes\/#breadcrumb","itemListElement":[{"@type":"ListItem","position":1,"name":"Portada","item":"https:\/\/ppdegalicia.com\/es\/"},{"@type":"ListItem","position":2,"name":"O Parlamento demanda continuar as actuaci\u00f3ns preventivas contra os incendios forestais nas comunidades de montes de Caldas-O Saln\u00e9s"}]},{"@type":"WebSite","@id":"https:\/\/ppdegalicia.com\/es\/#website","url":"https:\/\/ppdegalicia.com\/es\/","name":"Partido Popular de Galicia","description":"Partido Popular de Galicia","publisher":{"@id":"https:\/\/ppdegalicia.com\/es\/#organization"},"alternateName":"PP de Galicia","potentialAction":[{"@type":"SearchAction","target":{"@type":"EntryPoint","urlTemplate":"https:\/\/ppdegalicia.com\/es\/?s={search_term_string}"},"query-input":{"@type":"PropertyValueSpecification","valueRequired":true,"valueName":"search_term_string"}}],"inLanguage":"es"},{"@type":"Organization","@id":"https:\/\/ppdegalicia.com\/es\/#organization","name":"Partido Popular de Galicia","alternateName":"PP de Galicia","url":"https:\/\/ppdegalicia.com\/es\/","logo":{"@type":"ImageObject","inLanguage":"es","@id":"https:\/\/ppdegalicia.com\/es\/#\/schema\/logo\/image\/","url":"https:\/\/ppdegalicia.com\/wp-content\/uploads\/2023\/04\/logoPP512.png","contentUrl":"https:\/\/ppdegalicia.com\/wp-content\/uploads\/2023\/04\/logoPP512.png","width":512,"height":512,"caption":"Partido Popular de Galicia"},"image":{"@id":"https:\/\/ppdegalicia.com\/es\/#\/schema\/logo\/image\/"},"sameAs":["https:\/\/www.instagram.com\/ppdegalicia\/","https:\/\/x.com\/ppdegalicia","https:\/\/www.tiktok.com\/@ppdegalicia","https:\/\/www.youtube.com\/user\/ppdegalicia"]},{"@type":"Person","@id":"https:\/\/ppdegalicia.com\/es\/#\/schema\/person\/5b822c6f59e872ebdd1142f307dbcb59","name":"ppdegaliciaredes","image":{"@type":"ImageObject","inLanguage":"es","@id":"https:\/\/secure.gravatar.com\/avatar\/3c9179cf0256d00c72a48d1f25783c58b6842cd56e85ef3a572881c8e28ccd59?s=96&d=mm&r=g","url":"https:\/\/secure.gravatar.com\/avatar\/3c9179cf0256d00c72a48d1f25783c58b6842cd56e85ef3a572881c8e28ccd59?s=96&d=mm&r=g","contentUrl":"https:\/\/secure.gravatar.com\/avatar\/3c9179cf0256d00c72a48d1f25783c58b6842cd56e85ef3a572881c8e28ccd59?s=96&d=mm&r=g","caption":"ppdegaliciaredes"},"url":"https:\/\/ppdegalicia.com\/es\/author\/ppdegaliciaredes\/"}]}},"_links":{"self":[{"href":"https:\/\/ppdegalicia.com\/es\/wp-json\/wp\/v2\/posts\/66257","targetHints":{"allow":["GET"]}}],"collection":[{"href":"https:\/\/ppdegalicia.com\/es\/wp-json\/wp\/v2\/posts"}],"about":[{"href":"https:\/\/ppdegalicia.com\/es\/wp-json\/wp\/v2\/types\/post"}],"author":[{"embeddable":true,"href":"https:\/\/ppdegalicia.com\/es\/wp-json\/wp\/v2\/users\/38"}],"replies":[{"embeddable":true,"href":"https:\/\/ppdegalicia.com\/es\/wp-json\/wp\/v2\/comments?post=66257"}],"version-history":[{"count":1,"href":"https:\/\/ppdegalicia.com\/es\/wp-json\/wp\/v2\/posts\/66257\/revisions"}],"predecessor-version":[{"id":66260,"href":"https:\/\/ppdegalicia.com\/es\/wp-json\/wp\/v2\/posts\/66257\/revisions\/66260"}],"wp:featuredmedia":[{"embeddable":true,"href":"https:\/\/ppdegalicia.com\/es\/wp-json\/wp\/v2\/media\/66258"}],"wp:attachment":[{"href":"https:\/\/ppdegalicia.com\/es\/wp-json\/wp\/v2\/media?parent=66257"}],"wp:term":[{"taxonomy":"category","embeddable":true,"href":"https:\/\/ppdegalicia.com\/es\/wp-json\/wp\/v2\/categories?post=66257"},{"taxonomy":"post_tag","embeddable":true,"href":"https:\/\/ppdegalicia.com\/es\/wp-json\/wp\/v2\/tags?post=66257"}],"curies":[{"name":"wp","href":"https:\/\/api.w.org\/{rel}","templated":true}]}}