{"id":66318,"date":"2025-03-23T11:12:56","date_gmt":"2025-03-23T10:12:56","guid":{"rendered":"https:\/\/ppdegalicia.com\/?p=66318"},"modified":"2025-03-24T11:18:08","modified_gmt":"2025-03-24T10:18:08","slug":"candia-o-pp-esta-gobernando-en-viveiro-porque-ganou-as-eleccions-e-porque-cando-ten-que-defender-os-intereses-dun-territorio-ten-capacidade-para-negociar-e-chegar-a-acordos","status":"publish","type":"post","link":"https:\/\/ppdegalicia.com\/es\/candia-o-pp-esta-gobernando-en-viveiro-porque-ganou-as-eleccions-e-porque-cando-ten-que-defender-os-intereses-dun-territorio-ten-capacidade-para-negociar-e-chegar-a-acordos\/","title":{"rendered":"Candia: \u201cO PP est\u00e1 gobernando en Viveiro porque ga\u00f1ou as elecci\u00f3ns e porque, cando ten que defender os intereses dun territorio, ten capacidade para negociar e chegar a acordos\u201d"},"content":{"rendered":"<p>O Partido Popular de Viveiro compartiu este domingo un encontro de confraternidade no que interviron a alcaldesa, Mari\u00f1a Gueimunde, a presidenta do PP da provincia, Elena Candia, e o portavoz do Grupo Popular no Congreso, Miguel Tellado, e que contou coa participaci\u00f3n de deputados en distintas c\u00e1maras parlamentarias coma o viveirense Jaime De Olano, senadores, alcaldes e portavoces da comarca.<\/p>\n<p>Candia incidiu en que \u201co Partido Popular est\u00e1 gobernando porque ga\u00f1ou as elecci\u00f3ns limpamente e porque, cando ten que defender os intereses dun territorio, ten capacidade para negociar e chegar a acordos. E f\u00edxoo de forma legal, transparente e honesta\u201d.<\/p>\n<p>A dirixente popular destacou o traballo de Mari\u00f1a Gueimunde, \u201cunha muller valente, decidida, que co\u00f1ece a administraci\u00f3n e que quere a Viveiro\u201d, e o seu equipo. Tam\u00e9n tivo palabras para PSOE e BNG: \u201cest\u00e1n acostumados a gobernar cando perden as elecci\u00f3ns, o que non entenden \u00e9 que se pode gobernar cando se ga\u00f1an as elecci\u00f3ns\u201d.<\/p>\n<p>Elena Candia reco\u00f1eceu o apoio de todos, o traballo de \u201ct\u00f3dolos voceiros que fixeron posible chegar ata onde estamos hoxe\u201d e do anterior alcalde popular, C\u00e9sar Aja, xa que \u201cos grandes servizos e infraestruturas de Viveiro levan o selo do noso proxecto\u201d.<\/p>\n<p>Gueimunde, pola s\u00faa banda, lembrou que \u201cfai uns d\u00edas asumimos con valent\u00eda e compromiso a responsabilidade de gobernar a nosa cidade\u201d despois de obter \u201cfai dous anos o apoio e confianza dos cidad\u00e1ns\u201d. Coa chegada \u00e1 alcald\u00eda trala moci\u00f3n de censura, \u201cisto non acaba aqu\u00ed, sen\u00f3n que comeza e todos temos que implicarnos neste cami\u00f1o. Traballando xuntos alcanzaremos obxectivos maiores para que o cambio iniciado sexa tanxible\u201d.<\/p>\n<p>A rexedora popular incidiu en que \u201ca nosa prioridade sendo foi e sempre ser\u00e1 o benestar dos viveirenses\u201d polo que dedican \u201cesforzo e traballo\u201d para \u201cmellorar o futuro da nosa comunidade con lealdade e determinaci\u00f3n\u201d.<\/p>\n<p>As\u00ed, asegurou que \u201cnestes primeiros d\u00edas analizamos a situaci\u00f3n real do Concello para responder con criterio, e non con falsas verdades, \u00e1s necesidades que plantexan tanto os veci\u00f1os como asociaci\u00f3ns, etc.\u201d. Ante un \u201cpanorama desolador, necesitaremos o apoio inversor que xa reclamei \u00e1s administraci\u00f3ns, pero tam\u00e9n o apoio de todos e todas\u201d.<\/p>\n<p>Gueimunde tam\u00e9n agradeceu o apoio recibido ata agora e reco\u00f1eceu \u201co traballo de todos os afiliados e simpatizantes que traballaron para que este proxecto fora posible\u201d e de \u201ctodas as candidaturas populares que intentaron sacar \u00e1 luz as falso goberno progresista do PSOE, en solitario ou co apoio do BNG, desmantelaron os servizos e mesmo o patrimonio do Concello\u201d.<\/p>\n<p>\u201cCon cabeza e coraz\u00f3n\u201d, como dic\u00eda a campa\u00f1a de Rajoy na que Gueimunde foi candidata ao Senado, \u201ce facendo caso omiso aos desprezos e cr\u00edticas destrutivas, xuntos podemos facer moita historia en Viveiro\u201d.<\/p>\n<p><strong>CANDIA: \u201cPSOE E BNG, CANDO TE\u00d1EN QUE VOTAR MEDIDAS PARA PALIAR OS PROBLEMAS DA ATENCI\u00d3N SANITARIA, FANO EN CONTRA\u201d<\/strong><br \/>\nElena Candia pediu \u201cnon facer demagoxia\u201d en relaci\u00f3n coa situaci\u00f3n sanitaria toda vez que \u201ca realidade \u00e9 que hai un importante d\u00e9ficit de profesionais\u201d. Nese sentido, ofreceu datos dunha comunidade xestionada polo Partido Socialista como \u00e9 Asturias: \u201cLuarca 6 m\u00e9dicos e ten 3; Illano unha semana sen m\u00e9dicos; e Santirso que dos 5 d\u00edas, tivo m\u00e9dico 1 d\u00eda\u201d.<\/p>\n<p>\u201cHai que mellorar indubidablemente, pero iso res\u00f3lvese con medidas valentes no lugar onde hai que adoptalas\u201d; pero PSOE e BNG \u201ccando te\u00f1en que posicionarse nas c\u00e1maras, votan en contra das medidas que poden paliar o problema\u201d. Candia censura a postura do PSOE e do BNG de \u201ccanto peor, mellor\u201d.<\/p>\n<p>De feito, nacionalistas e socialistas votaron repetidamente en contra de todas as medidas impulsadas polo Goberno galego para a cobertura de prazas vacantes de m\u00e9dicos, tanto nos centros de sa\u00fade como nos hospitais comarcais. Ata en d\u00faas ocasi\u00f3ns as forzas do malogrado bipartito se puxeron as leis que a Xunta promoveu no Parlamento galego para ofertar prazas m\u00e1is atractivas desde o punto de vista laboral para os m\u00e9dicos, prazas en propiedade e por concurso de m\u00e9ritos. Unha f\u00f3rmula que permitiu cubrir moitas vacantes, tanto no hospital de Burela como no centro de sa\u00fade de Viveiro.<\/p>\n<p>O portavoz do Partido Popular na Deputaci\u00f3n de Lugo, Antonio Ameijide, sinalou que, \u201cse o Partido Socialista e o Bloque Nacionalista Galego queren demostrar un m\u00ednimo de coherencia, te\u00f1en unha oportunidade de ouro o vindeiro martes no pleno da Deputaci\u00f3n de Lugo de apoiar a nosa proposta para buscar unha soluci\u00f3n real ao problema da falta de m\u00e9dicos. Estes problemas p\u00f3dense solucionar tomando medidas a nivel estatal permitindo, por exemplo, formar m\u00e1is m\u00e9dicos\u201d.<\/p>\n<p><strong>INDUSTRIA E EMPREGO NO INTERIOR DE GALICIA<\/strong><br \/>\nTam\u00e9n fixo referencia ao proxecto de Altri para pechar na provincia o ciclo dun sector coma o forestal con moita presenza na Mari\u00f1a: \u201ctodos estabamos de acordo en que era un bo proxecto. Incluso os socialistas criticaban que non se asentara na Mari\u00f1a. O ex alcalde nacionalista de Ribadeo e a ex alcaldesa socialistas de Viveiro ped\u00edano para estes concellos, pero agora PSOE e BNG manif\u00e9stanse en contra de que o proxecto sexa unha realidade\u201d.<\/p>\n<p>\u201cCon datos e contando a verdade, como fixemos con Alcoa, seguiremos defendendo que Lugo e o interior te\u00f1an industria e un medio de vida para as xeraci\u00f3ns futuras\u201d.<\/p>\n","protected":false},"excerpt":{"rendered":"<p>O Partido Popular de Viveiro compartiu este domingo un encontro de confraternidade no que interviron a alcaldesa, Mari\u00f1a Gueimunde, a presidenta do PP da provincia, Elena Candia, e o portavoz do Grupo Popular no Congreso, Miguel Tellado, e que contou coa participaci\u00f3n de deputados en distintas c\u00e1maras parlamentarias coma o viveirense Jaime De Olano, senadores, [&hellip;]<\/p>\n","protected":false},"author":38,"featured_media":66319,"comment_status":"closed","ping_status":"open","sticky":false,"template":"","format":"standard","meta":{"_acf_changed":false,"footnotes":""},"categories":[1],"tags":[],"class_list":["post-66318","post","type-post","status-publish","format-standard","has-post-thumbnail","hentry","category-pp-de-galicia"],"acf":[],"yoast_head":"<!-- This site is optimized with the Yoast SEO plugin v27.3 - https:\/\/yoast.com\/product\/yoast-seo-wordpress\/ -->\n<title>Candia: \u201cO PP est\u00e1 gobernando en Viveiro porque ga\u00f1ou as elecci\u00f3ns e porque, cando ten que defender os intereses dun territorio, ten capacidade para negociar e chegar a acordos\u201d - PP de Galicia<\/title>\n<meta name=\"description\" content=\"O Partido Popular de Viveiro compartiu este domingo un encontro de confraternidade no que interviron a alcaldesa, Mari\u00f1a Gueimunde, a presidenta do PP da provincia, Elena Candia, e o portavoz do Grupo Popular no Congreso, Miguel Tellado, e que contou coa participaci\u00f3n de deputados en distintas c\u00e1maras parlamentarias coma o viveirense Jaime De Olano, senadores, alcaldes e portavoces da comarca.\" \/>\n<meta name=\"robots\" content=\"index, follow, max-snippet:-1, max-image-preview:large, max-video-preview:-1\" \/>\n<link rel=\"canonical\" href=\"https:\/\/ppdegalicia.com\/es\/candia-o-pp-esta-gobernando-en-viveiro-porque-ganou-as-eleccions-e-porque-cando-ten-que-defender-os-intereses-dun-territorio-ten-capacidade-para-negociar-e-chegar-a-acordos\/\" \/>\n<meta property=\"og:locale\" content=\"es_ES\" \/>\n<meta property=\"og:type\" content=\"article\" \/>\n<meta property=\"og:title\" content=\"Candia: \u201cO PP est\u00e1 gobernando en Viveiro porque ga\u00f1ou as elecci\u00f3ns e porque, cando ten que defender os intereses dun territorio, ten capacidade para negociar e chegar a acordos\u201d - PP de Galicia\" \/>\n<meta property=\"og:description\" content=\"O Partido Popular de Viveiro compartiu este domingo un encontro de confraternidade no que interviron a alcaldesa, Mari\u00f1a Gueimunde, a presidenta do PP da provincia, Elena Candia, e o portavoz do Grupo Popular no Congreso, Miguel Tellado, e que contou coa participaci\u00f3n de deputados en distintas c\u00e1maras parlamentarias coma o viveirense Jaime De Olano, senadores, alcaldes e portavoces da comarca.\" \/>\n<meta property=\"og:url\" content=\"https:\/\/ppdegalicia.com\/es\/candia-o-pp-esta-gobernando-en-viveiro-porque-ganou-as-eleccions-e-porque-cando-ten-que-defender-os-intereses-dun-territorio-ten-capacidade-para-negociar-e-chegar-a-acordos\/\" \/>\n<meta property=\"og:site_name\" content=\"PP de Galicia\" \/>\n<meta property=\"article:publisher\" content=\"https:\/\/www.instagram.com\/ppdegalicia\/\" \/>\n<meta property=\"article:published_time\" content=\"2025-03-23T10:12:56+00:00\" \/>\n<meta property=\"article:modified_time\" content=\"2025-03-24T10:18:08+00:00\" \/>\n<meta property=\"og:image\" content=\"https:\/\/ppdegalicia.com\/wp-content\/uploads\/2025\/03\/WhatsApp-Image-2025-03-24-at-11.17.38.jpeg\" \/>\n\t<meta property=\"og:image:width\" content=\"1600\" \/>\n\t<meta property=\"og:image:height\" content=\"1065\" \/>\n\t<meta property=\"og:image:type\" content=\"image\/jpeg\" \/>\n<meta name=\"author\" content=\"ppdegaliciaredes\" \/>\n<meta name=\"twitter:card\" content=\"summary_large_image\" \/>\n<meta name=\"twitter:creator\" content=\"@ppdegalicia\" \/>\n<meta name=\"twitter:site\" content=\"@ppdegalicia\" \/>\n<meta name=\"twitter:label1\" content=\"Escrito por\" \/>\n\t<meta name=\"twitter:data1\" content=\"ppdegaliciaredes\" \/>\n\t<meta name=\"twitter:label2\" content=\"Tiempo de lectura\" \/>\n\t<meta name=\"twitter:data2\" content=\"5 minutos\" \/>\n<script type=\"application\/ld+json\" class=\"yoast-schema-graph\">{\"@context\":\"https:\\\/\\\/schema.org\",\"@graph\":[{\"@type\":\"Article\",\"@id\":\"https:\\\/\\\/ppdegalicia.com\\\/es\\\/candia-o-pp-esta-gobernando-en-viveiro-porque-ganou-as-eleccions-e-porque-cando-ten-que-defender-os-intereses-dun-territorio-ten-capacidade-para-negociar-e-chegar-a-acordos\\\/#article\",\"isPartOf\":{\"@id\":\"https:\\\/\\\/ppdegalicia.com\\\/es\\\/candia-o-pp-esta-gobernando-en-viveiro-porque-ganou-as-eleccions-e-porque-cando-ten-que-defender-os-intereses-dun-territorio-ten-capacidade-para-negociar-e-chegar-a-acordos\\\/\"},\"author\":{\"name\":\"ppdegaliciaredes\",\"@id\":\"https:\\\/\\\/ppdegalicia.com\\\/es\\\/#\\\/schema\\\/person\\\/5b822c6f59e872ebdd1142f307dbcb59\"},\"headline\":\"Candia: \u201cO PP est\u00e1 gobernando en Viveiro porque ga\u00f1ou as elecci\u00f3ns e porque, cando ten que defender os intereses dun territorio, ten capacidade para negociar e chegar a acordos\u201d\",\"datePublished\":\"2025-03-23T10:12:56+00:00\",\"dateModified\":\"2025-03-24T10:18:08+00:00\",\"mainEntityOfPage\":{\"@id\":\"https:\\\/\\\/ppdegalicia.com\\\/es\\\/candia-o-pp-esta-gobernando-en-viveiro-porque-ganou-as-eleccions-e-porque-cando-ten-que-defender-os-intereses-dun-territorio-ten-capacidade-para-negociar-e-chegar-a-acordos\\\/\"},\"wordCount\":945,\"publisher\":{\"@id\":\"https:\\\/\\\/ppdegalicia.com\\\/es\\\/#organization\"},\"image\":{\"@id\":\"https:\\\/\\\/ppdegalicia.com\\\/es\\\/candia-o-pp-esta-gobernando-en-viveiro-porque-ganou-as-eleccions-e-porque-cando-ten-que-defender-os-intereses-dun-territorio-ten-capacidade-para-negociar-e-chegar-a-acordos\\\/#primaryimage\"},\"thumbnailUrl\":\"https:\\\/\\\/ppdegalicia.com\\\/wp-content\\\/uploads\\\/2025\\\/03\\\/WhatsApp-Image-2025-03-24-at-11.17.38.jpeg\",\"articleSection\":[\"PP de Galicia\"],\"inLanguage\":\"es\"},{\"@type\":\"WebPage\",\"@id\":\"https:\\\/\\\/ppdegalicia.com\\\/es\\\/candia-o-pp-esta-gobernando-en-viveiro-porque-ganou-as-eleccions-e-porque-cando-ten-que-defender-os-intereses-dun-territorio-ten-capacidade-para-negociar-e-chegar-a-acordos\\\/\",\"url\":\"https:\\\/\\\/ppdegalicia.com\\\/es\\\/candia-o-pp-esta-gobernando-en-viveiro-porque-ganou-as-eleccions-e-porque-cando-ten-que-defender-os-intereses-dun-territorio-ten-capacidade-para-negociar-e-chegar-a-acordos\\\/\",\"name\":\"Candia: \u201cO PP est\u00e1 gobernando en Viveiro porque ga\u00f1ou as elecci\u00f3ns e porque, cando ten que defender os intereses dun territorio, ten capacidade para negociar e chegar a acordos\u201d - PP de Galicia\",\"isPartOf\":{\"@id\":\"https:\\\/\\\/ppdegalicia.com\\\/es\\\/#website\"},\"primaryImageOfPage\":{\"@id\":\"https:\\\/\\\/ppdegalicia.com\\\/es\\\/candia-o-pp-esta-gobernando-en-viveiro-porque-ganou-as-eleccions-e-porque-cando-ten-que-defender-os-intereses-dun-territorio-ten-capacidade-para-negociar-e-chegar-a-acordos\\\/#primaryimage\"},\"image\":{\"@id\":\"https:\\\/\\\/ppdegalicia.com\\\/es\\\/candia-o-pp-esta-gobernando-en-viveiro-porque-ganou-as-eleccions-e-porque-cando-ten-que-defender-os-intereses-dun-territorio-ten-capacidade-para-negociar-e-chegar-a-acordos\\\/#primaryimage\"},\"thumbnailUrl\":\"https:\\\/\\\/ppdegalicia.com\\\/wp-content\\\/uploads\\\/2025\\\/03\\\/WhatsApp-Image-2025-03-24-at-11.17.38.jpeg\",\"datePublished\":\"2025-03-23T10:12:56+00:00\",\"dateModified\":\"2025-03-24T10:18:08+00:00\",\"description\":\"O Partido Popular de Viveiro compartiu este domingo un encontro de confraternidade no que interviron a alcaldesa, Mari\u00f1a Gueimunde, a presidenta do PP da provincia, Elena Candia, e o portavoz do Grupo Popular no Congreso, Miguel Tellado, e que contou coa participaci\u00f3n de deputados en distintas c\u00e1maras parlamentarias coma o viveirense Jaime De Olano, senadores, alcaldes e portavoces da comarca.\",\"breadcrumb\":{\"@id\":\"https:\\\/\\\/ppdegalicia.com\\\/es\\\/candia-o-pp-esta-gobernando-en-viveiro-porque-ganou-as-eleccions-e-porque-cando-ten-que-defender-os-intereses-dun-territorio-ten-capacidade-para-negociar-e-chegar-a-acordos\\\/#breadcrumb\"},\"inLanguage\":\"es\",\"potentialAction\":[{\"@type\":\"ReadAction\",\"target\":[\"https:\\\/\\\/ppdegalicia.com\\\/es\\\/candia-o-pp-esta-gobernando-en-viveiro-porque-ganou-as-eleccions-e-porque-cando-ten-que-defender-os-intereses-dun-territorio-ten-capacidade-para-negociar-e-chegar-a-acordos\\\/\"]}]},{\"@type\":\"ImageObject\",\"inLanguage\":\"es\",\"@id\":\"https:\\\/\\\/ppdegalicia.com\\\/es\\\/candia-o-pp-esta-gobernando-en-viveiro-porque-ganou-as-eleccions-e-porque-cando-ten-que-defender-os-intereses-dun-territorio-ten-capacidade-para-negociar-e-chegar-a-acordos\\\/#primaryimage\",\"url\":\"https:\\\/\\\/ppdegalicia.com\\\/wp-content\\\/uploads\\\/2025\\\/03\\\/WhatsApp-Image-2025-03-24-at-11.17.38.jpeg\",\"contentUrl\":\"https:\\\/\\\/ppdegalicia.com\\\/wp-content\\\/uploads\\\/2025\\\/03\\\/WhatsApp-Image-2025-03-24-at-11.17.38.jpeg\",\"width\":1600,\"height\":1065},{\"@type\":\"BreadcrumbList\",\"@id\":\"https:\\\/\\\/ppdegalicia.com\\\/es\\\/candia-o-pp-esta-gobernando-en-viveiro-porque-ganou-as-eleccions-e-porque-cando-ten-que-defender-os-intereses-dun-territorio-ten-capacidade-para-negociar-e-chegar-a-acordos\\\/#breadcrumb\",\"itemListElement\":[{\"@type\":\"ListItem\",\"position\":1,\"name\":\"Portada\",\"item\":\"https:\\\/\\\/ppdegalicia.com\\\/es\\\/\"},{\"@type\":\"ListItem\",\"position\":2,\"name\":\"Candia: \u201cO PP est\u00e1 gobernando en Viveiro porque ga\u00f1ou as elecci\u00f3ns e porque, cando ten que defender os intereses dun territorio, ten capacidade para negociar e chegar a acordos\u201d\"}]},{\"@type\":\"WebSite\",\"@id\":\"https:\\\/\\\/ppdegalicia.com\\\/es\\\/#website\",\"url\":\"https:\\\/\\\/ppdegalicia.com\\\/es\\\/\",\"name\":\"Partido Popular de Galicia\",\"description\":\"Partido Popular de Galicia\",\"publisher\":{\"@id\":\"https:\\\/\\\/ppdegalicia.com\\\/es\\\/#organization\"},\"alternateName\":\"PP de Galicia\",\"potentialAction\":[{\"@type\":\"SearchAction\",\"target\":{\"@type\":\"EntryPoint\",\"urlTemplate\":\"https:\\\/\\\/ppdegalicia.com\\\/es\\\/?s={search_term_string}\"},\"query-input\":{\"@type\":\"PropertyValueSpecification\",\"valueRequired\":true,\"valueName\":\"search_term_string\"}}],\"inLanguage\":\"es\"},{\"@type\":\"Organization\",\"@id\":\"https:\\\/\\\/ppdegalicia.com\\\/es\\\/#organization\",\"name\":\"Partido Popular de Galicia\",\"alternateName\":\"PP de Galicia\",\"url\":\"https:\\\/\\\/ppdegalicia.com\\\/es\\\/\",\"logo\":{\"@type\":\"ImageObject\",\"inLanguage\":\"es\",\"@id\":\"https:\\\/\\\/ppdegalicia.com\\\/es\\\/#\\\/schema\\\/logo\\\/image\\\/\",\"url\":\"https:\\\/\\\/ppdegalicia.com\\\/wp-content\\\/uploads\\\/2023\\\/04\\\/logoPP512.png\",\"contentUrl\":\"https:\\\/\\\/ppdegalicia.com\\\/wp-content\\\/uploads\\\/2023\\\/04\\\/logoPP512.png\",\"width\":512,\"height\":512,\"caption\":\"Partido Popular de Galicia\"},\"image\":{\"@id\":\"https:\\\/\\\/ppdegalicia.com\\\/es\\\/#\\\/schema\\\/logo\\\/image\\\/\"},\"sameAs\":[\"https:\\\/\\\/www.instagram.com\\\/ppdegalicia\\\/\",\"https:\\\/\\\/x.com\\\/ppdegalicia\",\"https:\\\/\\\/www.tiktok.com\\\/@ppdegalicia\",\"https:\\\/\\\/www.youtube.com\\\/user\\\/ppdegalicia\"]},{\"@type\":\"Person\",\"@id\":\"https:\\\/\\\/ppdegalicia.com\\\/es\\\/#\\\/schema\\\/person\\\/5b822c6f59e872ebdd1142f307dbcb59\",\"name\":\"ppdegaliciaredes\",\"image\":{\"@type\":\"ImageObject\",\"inLanguage\":\"es\",\"@id\":\"https:\\\/\\\/secure.gravatar.com\\\/avatar\\\/3c9179cf0256d00c72a48d1f25783c58b6842cd56e85ef3a572881c8e28ccd59?s=96&d=mm&r=g\",\"url\":\"https:\\\/\\\/secure.gravatar.com\\\/avatar\\\/3c9179cf0256d00c72a48d1f25783c58b6842cd56e85ef3a572881c8e28ccd59?s=96&d=mm&r=g\",\"contentUrl\":\"https:\\\/\\\/secure.gravatar.com\\\/avatar\\\/3c9179cf0256d00c72a48d1f25783c58b6842cd56e85ef3a572881c8e28ccd59?s=96&d=mm&r=g\",\"caption\":\"ppdegaliciaredes\"},\"url\":\"https:\\\/\\\/ppdegalicia.com\\\/es\\\/author\\\/ppdegaliciaredes\\\/\"}]}<\/script>\n<!-- \/ Yoast SEO plugin. -->","yoast_head_json":{"title":"Candia: \u201cO PP est\u00e1 gobernando en Viveiro porque ga\u00f1ou as elecci\u00f3ns e porque, cando ten que defender os intereses dun territorio, ten capacidade para negociar e chegar a acordos\u201d - PP de Galicia","description":"O Partido Popular de Viveiro compartiu este domingo un encontro de confraternidade no que interviron a alcaldesa, Mari\u00f1a Gueimunde, a presidenta do PP da provincia, Elena Candia, e o portavoz do Grupo Popular no Congreso, Miguel Tellado, e que contou coa participaci\u00f3n de deputados en distintas c\u00e1maras parlamentarias coma o viveirense Jaime De Olano, senadores, alcaldes e portavoces da comarca.","robots":{"index":"index","follow":"follow","max-snippet":"max-snippet:-1","max-image-preview":"max-image-preview:large","max-video-preview":"max-video-preview:-1"},"canonical":"https:\/\/ppdegalicia.com\/es\/candia-o-pp-esta-gobernando-en-viveiro-porque-ganou-as-eleccions-e-porque-cando-ten-que-defender-os-intereses-dun-territorio-ten-capacidade-para-negociar-e-chegar-a-acordos\/","og_locale":"es_ES","og_type":"article","og_title":"Candia: \u201cO PP est\u00e1 gobernando en Viveiro porque ga\u00f1ou as elecci\u00f3ns e porque, cando ten que defender os intereses dun territorio, ten capacidade para negociar e chegar a acordos\u201d - PP de Galicia","og_description":"O Partido Popular de Viveiro compartiu este domingo un encontro de confraternidade no que interviron a alcaldesa, Mari\u00f1a Gueimunde, a presidenta do PP da provincia, Elena Candia, e o portavoz do Grupo Popular no Congreso, Miguel Tellado, e que contou coa participaci\u00f3n de deputados en distintas c\u00e1maras parlamentarias coma o viveirense Jaime De Olano, senadores, alcaldes e portavoces da comarca.","og_url":"https:\/\/ppdegalicia.com\/es\/candia-o-pp-esta-gobernando-en-viveiro-porque-ganou-as-eleccions-e-porque-cando-ten-que-defender-os-intereses-dun-territorio-ten-capacidade-para-negociar-e-chegar-a-acordos\/","og_site_name":"PP de Galicia","article_publisher":"https:\/\/www.instagram.com\/ppdegalicia\/","article_published_time":"2025-03-23T10:12:56+00:00","article_modified_time":"2025-03-24T10:18:08+00:00","og_image":[{"width":1600,"height":1065,"url":"https:\/\/ppdegalicia.com\/wp-content\/uploads\/2025\/03\/WhatsApp-Image-2025-03-24-at-11.17.38.jpeg","type":"image\/jpeg"}],"author":"ppdegaliciaredes","twitter_card":"summary_large_image","twitter_creator":"@ppdegalicia","twitter_site":"@ppdegalicia","twitter_misc":{"Escrito por":"ppdegaliciaredes","Tiempo de lectura":"5 minutos"},"schema":{"@context":"https:\/\/schema.org","@graph":[{"@type":"Article","@id":"https:\/\/ppdegalicia.com\/es\/candia-o-pp-esta-gobernando-en-viveiro-porque-ganou-as-eleccions-e-porque-cando-ten-que-defender-os-intereses-dun-territorio-ten-capacidade-para-negociar-e-chegar-a-acordos\/#article","isPartOf":{"@id":"https:\/\/ppdegalicia.com\/es\/candia-o-pp-esta-gobernando-en-viveiro-porque-ganou-as-eleccions-e-porque-cando-ten-que-defender-os-intereses-dun-territorio-ten-capacidade-para-negociar-e-chegar-a-acordos\/"},"author":{"name":"ppdegaliciaredes","@id":"https:\/\/ppdegalicia.com\/es\/#\/schema\/person\/5b822c6f59e872ebdd1142f307dbcb59"},"headline":"Candia: \u201cO PP est\u00e1 gobernando en Viveiro porque ga\u00f1ou as elecci\u00f3ns e porque, cando ten que defender os intereses dun territorio, ten capacidade para negociar e chegar a acordos\u201d","datePublished":"2025-03-23T10:12:56+00:00","dateModified":"2025-03-24T10:18:08+00:00","mainEntityOfPage":{"@id":"https:\/\/ppdegalicia.com\/es\/candia-o-pp-esta-gobernando-en-viveiro-porque-ganou-as-eleccions-e-porque-cando-ten-que-defender-os-intereses-dun-territorio-ten-capacidade-para-negociar-e-chegar-a-acordos\/"},"wordCount":945,"publisher":{"@id":"https:\/\/ppdegalicia.com\/es\/#organization"},"image":{"@id":"https:\/\/ppdegalicia.com\/es\/candia-o-pp-esta-gobernando-en-viveiro-porque-ganou-as-eleccions-e-porque-cando-ten-que-defender-os-intereses-dun-territorio-ten-capacidade-para-negociar-e-chegar-a-acordos\/#primaryimage"},"thumbnailUrl":"https:\/\/ppdegalicia.com\/wp-content\/uploads\/2025\/03\/WhatsApp-Image-2025-03-24-at-11.17.38.jpeg","articleSection":["PP de Galicia"],"inLanguage":"es"},{"@type":"WebPage","@id":"https:\/\/ppdegalicia.com\/es\/candia-o-pp-esta-gobernando-en-viveiro-porque-ganou-as-eleccions-e-porque-cando-ten-que-defender-os-intereses-dun-territorio-ten-capacidade-para-negociar-e-chegar-a-acordos\/","url":"https:\/\/ppdegalicia.com\/es\/candia-o-pp-esta-gobernando-en-viveiro-porque-ganou-as-eleccions-e-porque-cando-ten-que-defender-os-intereses-dun-territorio-ten-capacidade-para-negociar-e-chegar-a-acordos\/","name":"Candia: \u201cO PP est\u00e1 gobernando en Viveiro porque ga\u00f1ou as elecci\u00f3ns e porque, cando ten que defender os intereses dun territorio, ten capacidade para negociar e chegar a acordos\u201d - PP de Galicia","isPartOf":{"@id":"https:\/\/ppdegalicia.com\/es\/#website"},"primaryImageOfPage":{"@id":"https:\/\/ppdegalicia.com\/es\/candia-o-pp-esta-gobernando-en-viveiro-porque-ganou-as-eleccions-e-porque-cando-ten-que-defender-os-intereses-dun-territorio-ten-capacidade-para-negociar-e-chegar-a-acordos\/#primaryimage"},"image":{"@id":"https:\/\/ppdegalicia.com\/es\/candia-o-pp-esta-gobernando-en-viveiro-porque-ganou-as-eleccions-e-porque-cando-ten-que-defender-os-intereses-dun-territorio-ten-capacidade-para-negociar-e-chegar-a-acordos\/#primaryimage"},"thumbnailUrl":"https:\/\/ppdegalicia.com\/wp-content\/uploads\/2025\/03\/WhatsApp-Image-2025-03-24-at-11.17.38.jpeg","datePublished":"2025-03-23T10:12:56+00:00","dateModified":"2025-03-24T10:18:08+00:00","description":"O Partido Popular de Viveiro compartiu este domingo un encontro de confraternidade no que interviron a alcaldesa, Mari\u00f1a Gueimunde, a presidenta do PP da provincia, Elena Candia, e o portavoz do Grupo Popular no Congreso, Miguel Tellado, e que contou coa participaci\u00f3n de deputados en distintas c\u00e1maras parlamentarias coma o viveirense Jaime De Olano, senadores, alcaldes e portavoces da comarca.","breadcrumb":{"@id":"https:\/\/ppdegalicia.com\/es\/candia-o-pp-esta-gobernando-en-viveiro-porque-ganou-as-eleccions-e-porque-cando-ten-que-defender-os-intereses-dun-territorio-ten-capacidade-para-negociar-e-chegar-a-acordos\/#breadcrumb"},"inLanguage":"es","potentialAction":[{"@type":"ReadAction","target":["https:\/\/ppdegalicia.com\/es\/candia-o-pp-esta-gobernando-en-viveiro-porque-ganou-as-eleccions-e-porque-cando-ten-que-defender-os-intereses-dun-territorio-ten-capacidade-para-negociar-e-chegar-a-acordos\/"]}]},{"@type":"ImageObject","inLanguage":"es","@id":"https:\/\/ppdegalicia.com\/es\/candia-o-pp-esta-gobernando-en-viveiro-porque-ganou-as-eleccions-e-porque-cando-ten-que-defender-os-intereses-dun-territorio-ten-capacidade-para-negociar-e-chegar-a-acordos\/#primaryimage","url":"https:\/\/ppdegalicia.com\/wp-content\/uploads\/2025\/03\/WhatsApp-Image-2025-03-24-at-11.17.38.jpeg","contentUrl":"https:\/\/ppdegalicia.com\/wp-content\/uploads\/2025\/03\/WhatsApp-Image-2025-03-24-at-11.17.38.jpeg","width":1600,"height":1065},{"@type":"BreadcrumbList","@id":"https:\/\/ppdegalicia.com\/es\/candia-o-pp-esta-gobernando-en-viveiro-porque-ganou-as-eleccions-e-porque-cando-ten-que-defender-os-intereses-dun-territorio-ten-capacidade-para-negociar-e-chegar-a-acordos\/#breadcrumb","itemListElement":[{"@type":"ListItem","position":1,"name":"Portada","item":"https:\/\/ppdegalicia.com\/es\/"},{"@type":"ListItem","position":2,"name":"Candia: \u201cO PP est\u00e1 gobernando en Viveiro porque ga\u00f1ou as elecci\u00f3ns e porque, cando ten que defender os intereses dun territorio, ten capacidade para negociar e chegar a acordos\u201d"}]},{"@type":"WebSite","@id":"https:\/\/ppdegalicia.com\/es\/#website","url":"https:\/\/ppdegalicia.com\/es\/","name":"Partido Popular de Galicia","description":"Partido Popular de Galicia","publisher":{"@id":"https:\/\/ppdegalicia.com\/es\/#organization"},"alternateName":"PP de Galicia","potentialAction":[{"@type":"SearchAction","target":{"@type":"EntryPoint","urlTemplate":"https:\/\/ppdegalicia.com\/es\/?s={search_term_string}"},"query-input":{"@type":"PropertyValueSpecification","valueRequired":true,"valueName":"search_term_string"}}],"inLanguage":"es"},{"@type":"Organization","@id":"https:\/\/ppdegalicia.com\/es\/#organization","name":"Partido Popular de Galicia","alternateName":"PP de Galicia","url":"https:\/\/ppdegalicia.com\/es\/","logo":{"@type":"ImageObject","inLanguage":"es","@id":"https:\/\/ppdegalicia.com\/es\/#\/schema\/logo\/image\/","url":"https:\/\/ppdegalicia.com\/wp-content\/uploads\/2023\/04\/logoPP512.png","contentUrl":"https:\/\/ppdegalicia.com\/wp-content\/uploads\/2023\/04\/logoPP512.png","width":512,"height":512,"caption":"Partido Popular de Galicia"},"image":{"@id":"https:\/\/ppdegalicia.com\/es\/#\/schema\/logo\/image\/"},"sameAs":["https:\/\/www.instagram.com\/ppdegalicia\/","https:\/\/x.com\/ppdegalicia","https:\/\/www.tiktok.com\/@ppdegalicia","https:\/\/www.youtube.com\/user\/ppdegalicia"]},{"@type":"Person","@id":"https:\/\/ppdegalicia.com\/es\/#\/schema\/person\/5b822c6f59e872ebdd1142f307dbcb59","name":"ppdegaliciaredes","image":{"@type":"ImageObject","inLanguage":"es","@id":"https:\/\/secure.gravatar.com\/avatar\/3c9179cf0256d00c72a48d1f25783c58b6842cd56e85ef3a572881c8e28ccd59?s=96&d=mm&r=g","url":"https:\/\/secure.gravatar.com\/avatar\/3c9179cf0256d00c72a48d1f25783c58b6842cd56e85ef3a572881c8e28ccd59?s=96&d=mm&r=g","contentUrl":"https:\/\/secure.gravatar.com\/avatar\/3c9179cf0256d00c72a48d1f25783c58b6842cd56e85ef3a572881c8e28ccd59?s=96&d=mm&r=g","caption":"ppdegaliciaredes"},"url":"https:\/\/ppdegalicia.com\/es\/author\/ppdegaliciaredes\/"}]}},"_links":{"self":[{"href":"https:\/\/ppdegalicia.com\/es\/wp-json\/wp\/v2\/posts\/66318","targetHints":{"allow":["GET"]}}],"collection":[{"href":"https:\/\/ppdegalicia.com\/es\/wp-json\/wp\/v2\/posts"}],"about":[{"href":"https:\/\/ppdegalicia.com\/es\/wp-json\/wp\/v2\/types\/post"}],"author":[{"embeddable":true,"href":"https:\/\/ppdegalicia.com\/es\/wp-json\/wp\/v2\/users\/38"}],"replies":[{"embeddable":true,"href":"https:\/\/ppdegalicia.com\/es\/wp-json\/wp\/v2\/comments?post=66318"}],"version-history":[{"count":1,"href":"https:\/\/ppdegalicia.com\/es\/wp-json\/wp\/v2\/posts\/66318\/revisions"}],"predecessor-version":[{"id":66321,"href":"https:\/\/ppdegalicia.com\/es\/wp-json\/wp\/v2\/posts\/66318\/revisions\/66321"}],"wp:featuredmedia":[{"embeddable":true,"href":"https:\/\/ppdegalicia.com\/es\/wp-json\/wp\/v2\/media\/66319"}],"wp:attachment":[{"href":"https:\/\/ppdegalicia.com\/es\/wp-json\/wp\/v2\/media?parent=66318"}],"wp:term":[{"taxonomy":"category","embeddable":true,"href":"https:\/\/ppdegalicia.com\/es\/wp-json\/wp\/v2\/categories?post=66318"},{"taxonomy":"post_tag","embeddable":true,"href":"https:\/\/ppdegalicia.com\/es\/wp-json\/wp\/v2\/tags?post=66318"}],"curies":[{"name":"wp","href":"https:\/\/api.w.org\/{rel}","templated":true}]}}