{"id":66326,"date":"2025-03-23T18:23:18","date_gmt":"2025-03-23T17:23:18","guid":{"rendered":"https:\/\/ppdegalicia.com\/?p=66326"},"modified":"2025-03-24T11:25:23","modified_gmt":"2025-03-24T10:25:23","slug":"o-ppdeg-denuncia-que-as-ameazas-o-alboroto-e-as-manifestacions-da-esquerda-van-en-contra-do-futuro-de-galicia-e-do-emprego-da-mocidade","status":"publish","type":"post","link":"https:\/\/ppdegalicia.com\/es\/o-ppdeg-denuncia-que-as-ameazas-o-alboroto-e-as-manifestacions-da-esquerda-van-en-contra-do-futuro-de-galicia-e-do-emprego-da-mocidade\/","title":{"rendered":"O PPdeG denuncia que \u201cas ameazas, o alboroto e as manifestaci\u00f3ns\u201d da esquerda \u201cvan en contra do futuro de Galicia e do emprego da mocidade\u201d"},"content":{"rendered":"<p>O Partido Popular de Galicia denuncia que \u201cas ameazas, o alboroto e as manifestaci\u00f3ns\u201d protagonizadas pola esquerda \u201cvan en contra do futuro de Galicia\u201d na medida en que se opo\u00f1en \u00e1 posibilidade de ofrecer oportunidades de emprego \u00e1 mocidade galega e fixar poboaci\u00f3n no rural.<\/p>\n<p>A trav\u00e9s da s\u00faa secretaria xeral, Paula Prado, os populares galegos reiteran o seu apoio a todas aquelas empresas que queiran asentarse en Galicia \u201cpara xerar riqueza no territorio, fixar poboaci\u00f3n no rural e ofrecer oportunidades de futuro para a nosa terra e para que a nosa mocidade non te\u00f1a que ir traballar a outros lugares\u201d.<\/p>\n<p>Refer\u00edndose ao caso concreto do proxecto que Altri pretende po\u00f1er en marcha en Palas de Rei, inciden en que este proxecto conta cunha Declaraci\u00f3n de Impacto Ambiental favorable \u201cavalada coa rigorosidade, a transparencia e a seriedade dos 34 informes elaborados por 42 t\u00e9cnicos do Goberno galego\u201d.<\/p>\n<p>\u201cOs galegos e galegas poden estar tranquilos\u201d, traslada a n\u00famero dous do PPdeG ao tempo que rexeita \u201cas ameazas, o alboroto, as manifestaci\u00f3ns e o ru\u00eddo\u201d dun PSOE e dun BNG que \u201csempre estiveron a favor de Altri e s\u00f3 cambiaron de opini\u00f3n unha vez celebradas as elecci\u00f3ns auton\u00f3micas\u201d.<\/p>\n<p>Paula Prado s\u00f3 entende este cambio de postura como \u201cunha vinganza por perder as elecci\u00f3ns\u201d e lamenta que \u201cos partidos do non\u201d estean \u201cneg\u00e1ndolle un futuro a Galicia e impedindo que se asenten proxectos industriais que permitir\u00edan crear emprego e fixar poboaci\u00f3n\u201d.<\/p>\n","protected":false},"excerpt":{"rendered":"<p>O Partido Popular de Galicia denuncia que \u201cas ameazas, o alboroto e as manifestaci\u00f3ns\u201d protagonizadas pola esquerda \u201cvan en contra do futuro de Galicia\u201d na medida en que se opo\u00f1en \u00e1 posibilidade de ofrecer oportunidades de emprego \u00e1 mocidade galega e fixar poboaci\u00f3n no rural. A trav\u00e9s da s\u00faa secretaria xeral, Paula Prado, os populares [&hellip;]<\/p>\n","protected":false},"author":38,"featured_media":66327,"comment_status":"closed","ping_status":"open","sticky":false,"template":"","format":"standard","meta":{"_acf_changed":false,"footnotes":""},"categories":[1],"tags":[],"class_list":["post-66326","post","type-post","status-publish","format-standard","has-post-thumbnail","hentry","category-pp-de-galicia"],"acf":[],"yoast_head":"<!-- This site is optimized with the Yoast SEO plugin v27.3 - https:\/\/yoast.com\/product\/yoast-seo-wordpress\/ -->\n<title>O PPdeG denuncia que \u201cas ameazas, o alboroto e as manifestaci\u00f3ns\u201d da esquerda \u201cvan en contra do futuro de Galicia e do emprego da mocidade\u201d - PP de Galicia<\/title>\n<meta name=\"description\" content=\"O Partido Popular de Galicia denuncia que \u201cas ameazas, o alboroto e as manifestaci\u00f3ns\u201d protagonizadas pola esquerda \u201cvan en contra do futuro de Galicia\u201d na medida en que se opo\u00f1en \u00e1 posibilidade de ofrecer oportunidades de emprego \u00e1 mocidade galega e fixar poboaci\u00f3n no rural.\" \/>\n<meta name=\"robots\" content=\"index, follow, max-snippet:-1, max-image-preview:large, max-video-preview:-1\" \/>\n<link rel=\"canonical\" href=\"https:\/\/ppdegalicia.com\/es\/o-ppdeg-denuncia-que-as-ameazas-o-alboroto-e-as-manifestacions-da-esquerda-van-en-contra-do-futuro-de-galicia-e-do-emprego-da-mocidade\/\" \/>\n<meta property=\"og:locale\" content=\"es_ES\" \/>\n<meta property=\"og:type\" content=\"article\" \/>\n<meta property=\"og:title\" content=\"O PPdeG denuncia que \u201cas ameazas, o alboroto e as manifestaci\u00f3ns\u201d da esquerda \u201cvan en contra do futuro de Galicia e do emprego da mocidade\u201d - PP de Galicia\" \/>\n<meta property=\"og:description\" content=\"O Partido Popular de Galicia denuncia que \u201cas ameazas, o alboroto e as manifestaci\u00f3ns\u201d protagonizadas pola esquerda \u201cvan en contra do futuro de Galicia\u201d na medida en que se opo\u00f1en \u00e1 posibilidade de ofrecer oportunidades de emprego \u00e1 mocidade galega e fixar poboaci\u00f3n no rural.\" \/>\n<meta property=\"og:url\" content=\"https:\/\/ppdegalicia.com\/es\/o-ppdeg-denuncia-que-as-ameazas-o-alboroto-e-as-manifestacions-da-esquerda-van-en-contra-do-futuro-de-galicia-e-do-emprego-da-mocidade\/\" \/>\n<meta property=\"og:site_name\" content=\"PP de Galicia\" \/>\n<meta property=\"article:publisher\" content=\"https:\/\/www.instagram.com\/ppdegalicia\/\" \/>\n<meta property=\"article:published_time\" content=\"2025-03-23T17:23:18+00:00\" \/>\n<meta property=\"article:modified_time\" content=\"2025-03-24T10:25:23+00:00\" \/>\n<meta property=\"og:image\" content=\"https:\/\/ppdegalicia.com\/wp-content\/uploads\/2025\/03\/Paula-Prado-na-sede-do-PPdeG-scaled.jpg\" \/>\n\t<meta property=\"og:image:width\" content=\"2560\" \/>\n\t<meta property=\"og:image:height\" content=\"1707\" \/>\n\t<meta property=\"og:image:type\" content=\"image\/jpeg\" \/>\n<meta name=\"author\" content=\"ppdegaliciaredes\" \/>\n<meta name=\"twitter:card\" content=\"summary_large_image\" \/>\n<meta name=\"twitter:creator\" content=\"@ppdegalicia\" \/>\n<meta name=\"twitter:site\" content=\"@ppdegalicia\" \/>\n<meta name=\"twitter:label1\" content=\"Escrito por\" \/>\n\t<meta name=\"twitter:data1\" content=\"ppdegaliciaredes\" \/>\n\t<meta name=\"twitter:label2\" content=\"Tiempo de lectura\" \/>\n\t<meta name=\"twitter:data2\" content=\"2 minutos\" \/>\n<script type=\"application\/ld+json\" class=\"yoast-schema-graph\">{\"@context\":\"https:\\\/\\\/schema.org\",\"@graph\":[{\"@type\":\"Article\",\"@id\":\"https:\\\/\\\/ppdegalicia.com\\\/es\\\/o-ppdeg-denuncia-que-as-ameazas-o-alboroto-e-as-manifestacions-da-esquerda-van-en-contra-do-futuro-de-galicia-e-do-emprego-da-mocidade\\\/#article\",\"isPartOf\":{\"@id\":\"https:\\\/\\\/ppdegalicia.com\\\/es\\\/o-ppdeg-denuncia-que-as-ameazas-o-alboroto-e-as-manifestacions-da-esquerda-van-en-contra-do-futuro-de-galicia-e-do-emprego-da-mocidade\\\/\"},\"author\":{\"name\":\"ppdegaliciaredes\",\"@id\":\"https:\\\/\\\/ppdegalicia.com\\\/es\\\/#\\\/schema\\\/person\\\/5b822c6f59e872ebdd1142f307dbcb59\"},\"headline\":\"O PPdeG denuncia que \u201cas ameazas, o alboroto e as manifestaci\u00f3ns\u201d da esquerda \u201cvan en contra do futuro de Galicia e do emprego da mocidade\u201d\",\"datePublished\":\"2025-03-23T17:23:18+00:00\",\"dateModified\":\"2025-03-24T10:25:23+00:00\",\"mainEntityOfPage\":{\"@id\":\"https:\\\/\\\/ppdegalicia.com\\\/es\\\/o-ppdeg-denuncia-que-as-ameazas-o-alboroto-e-as-manifestacions-da-esquerda-van-en-contra-do-futuro-de-galicia-e-do-emprego-da-mocidade\\\/\"},\"wordCount\":281,\"publisher\":{\"@id\":\"https:\\\/\\\/ppdegalicia.com\\\/es\\\/#organization\"},\"image\":{\"@id\":\"https:\\\/\\\/ppdegalicia.com\\\/es\\\/o-ppdeg-denuncia-que-as-ameazas-o-alboroto-e-as-manifestacions-da-esquerda-van-en-contra-do-futuro-de-galicia-e-do-emprego-da-mocidade\\\/#primaryimage\"},\"thumbnailUrl\":\"https:\\\/\\\/ppdegalicia.com\\\/wp-content\\\/uploads\\\/2025\\\/03\\\/Paula-Prado-na-sede-do-PPdeG-scaled.jpg\",\"articleSection\":[\"PP de Galicia\"],\"inLanguage\":\"es\"},{\"@type\":\"WebPage\",\"@id\":\"https:\\\/\\\/ppdegalicia.com\\\/es\\\/o-ppdeg-denuncia-que-as-ameazas-o-alboroto-e-as-manifestacions-da-esquerda-van-en-contra-do-futuro-de-galicia-e-do-emprego-da-mocidade\\\/\",\"url\":\"https:\\\/\\\/ppdegalicia.com\\\/es\\\/o-ppdeg-denuncia-que-as-ameazas-o-alboroto-e-as-manifestacions-da-esquerda-van-en-contra-do-futuro-de-galicia-e-do-emprego-da-mocidade\\\/\",\"name\":\"O PPdeG denuncia que \u201cas ameazas, o alboroto e as manifestaci\u00f3ns\u201d da esquerda \u201cvan en contra do futuro de Galicia e do emprego da mocidade\u201d - PP de Galicia\",\"isPartOf\":{\"@id\":\"https:\\\/\\\/ppdegalicia.com\\\/es\\\/#website\"},\"primaryImageOfPage\":{\"@id\":\"https:\\\/\\\/ppdegalicia.com\\\/es\\\/o-ppdeg-denuncia-que-as-ameazas-o-alboroto-e-as-manifestacions-da-esquerda-van-en-contra-do-futuro-de-galicia-e-do-emprego-da-mocidade\\\/#primaryimage\"},\"image\":{\"@id\":\"https:\\\/\\\/ppdegalicia.com\\\/es\\\/o-ppdeg-denuncia-que-as-ameazas-o-alboroto-e-as-manifestacions-da-esquerda-van-en-contra-do-futuro-de-galicia-e-do-emprego-da-mocidade\\\/#primaryimage\"},\"thumbnailUrl\":\"https:\\\/\\\/ppdegalicia.com\\\/wp-content\\\/uploads\\\/2025\\\/03\\\/Paula-Prado-na-sede-do-PPdeG-scaled.jpg\",\"datePublished\":\"2025-03-23T17:23:18+00:00\",\"dateModified\":\"2025-03-24T10:25:23+00:00\",\"description\":\"O Partido Popular de Galicia denuncia que \u201cas ameazas, o alboroto e as manifestaci\u00f3ns\u201d protagonizadas pola esquerda \u201cvan en contra do futuro de Galicia\u201d na medida en que se opo\u00f1en \u00e1 posibilidade de ofrecer oportunidades de emprego \u00e1 mocidade galega e fixar poboaci\u00f3n no rural.\",\"breadcrumb\":{\"@id\":\"https:\\\/\\\/ppdegalicia.com\\\/es\\\/o-ppdeg-denuncia-que-as-ameazas-o-alboroto-e-as-manifestacions-da-esquerda-van-en-contra-do-futuro-de-galicia-e-do-emprego-da-mocidade\\\/#breadcrumb\"},\"inLanguage\":\"es\",\"potentialAction\":[{\"@type\":\"ReadAction\",\"target\":[\"https:\\\/\\\/ppdegalicia.com\\\/es\\\/o-ppdeg-denuncia-que-as-ameazas-o-alboroto-e-as-manifestacions-da-esquerda-van-en-contra-do-futuro-de-galicia-e-do-emprego-da-mocidade\\\/\"]}]},{\"@type\":\"ImageObject\",\"inLanguage\":\"es\",\"@id\":\"https:\\\/\\\/ppdegalicia.com\\\/es\\\/o-ppdeg-denuncia-que-as-ameazas-o-alboroto-e-as-manifestacions-da-esquerda-van-en-contra-do-futuro-de-galicia-e-do-emprego-da-mocidade\\\/#primaryimage\",\"url\":\"https:\\\/\\\/ppdegalicia.com\\\/wp-content\\\/uploads\\\/2025\\\/03\\\/Paula-Prado-na-sede-do-PPdeG-scaled.jpg\",\"contentUrl\":\"https:\\\/\\\/ppdegalicia.com\\\/wp-content\\\/uploads\\\/2025\\\/03\\\/Paula-Prado-na-sede-do-PPdeG-scaled.jpg\",\"width\":2560,\"height\":1707},{\"@type\":\"BreadcrumbList\",\"@id\":\"https:\\\/\\\/ppdegalicia.com\\\/es\\\/o-ppdeg-denuncia-que-as-ameazas-o-alboroto-e-as-manifestacions-da-esquerda-van-en-contra-do-futuro-de-galicia-e-do-emprego-da-mocidade\\\/#breadcrumb\",\"itemListElement\":[{\"@type\":\"ListItem\",\"position\":1,\"name\":\"Portada\",\"item\":\"https:\\\/\\\/ppdegalicia.com\\\/es\\\/\"},{\"@type\":\"ListItem\",\"position\":2,\"name\":\"O PPdeG denuncia que \u201cas ameazas, o alboroto e as manifestaci\u00f3ns\u201d da esquerda \u201cvan en contra do futuro de Galicia e do emprego da mocidade\u201d\"}]},{\"@type\":\"WebSite\",\"@id\":\"https:\\\/\\\/ppdegalicia.com\\\/es\\\/#website\",\"url\":\"https:\\\/\\\/ppdegalicia.com\\\/es\\\/\",\"name\":\"Partido Popular de Galicia\",\"description\":\"Partido Popular de Galicia\",\"publisher\":{\"@id\":\"https:\\\/\\\/ppdegalicia.com\\\/es\\\/#organization\"},\"alternateName\":\"PP de Galicia\",\"potentialAction\":[{\"@type\":\"SearchAction\",\"target\":{\"@type\":\"EntryPoint\",\"urlTemplate\":\"https:\\\/\\\/ppdegalicia.com\\\/es\\\/?s={search_term_string}\"},\"query-input\":{\"@type\":\"PropertyValueSpecification\",\"valueRequired\":true,\"valueName\":\"search_term_string\"}}],\"inLanguage\":\"es\"},{\"@type\":\"Organization\",\"@id\":\"https:\\\/\\\/ppdegalicia.com\\\/es\\\/#organization\",\"name\":\"Partido Popular de Galicia\",\"alternateName\":\"PP de Galicia\",\"url\":\"https:\\\/\\\/ppdegalicia.com\\\/es\\\/\",\"logo\":{\"@type\":\"ImageObject\",\"inLanguage\":\"es\",\"@id\":\"https:\\\/\\\/ppdegalicia.com\\\/es\\\/#\\\/schema\\\/logo\\\/image\\\/\",\"url\":\"https:\\\/\\\/ppdegalicia.com\\\/wp-content\\\/uploads\\\/2023\\\/04\\\/logoPP512.png\",\"contentUrl\":\"https:\\\/\\\/ppdegalicia.com\\\/wp-content\\\/uploads\\\/2023\\\/04\\\/logoPP512.png\",\"width\":512,\"height\":512,\"caption\":\"Partido Popular de Galicia\"},\"image\":{\"@id\":\"https:\\\/\\\/ppdegalicia.com\\\/es\\\/#\\\/schema\\\/logo\\\/image\\\/\"},\"sameAs\":[\"https:\\\/\\\/www.instagram.com\\\/ppdegalicia\\\/\",\"https:\\\/\\\/x.com\\\/ppdegalicia\",\"https:\\\/\\\/www.tiktok.com\\\/@ppdegalicia\",\"https:\\\/\\\/www.youtube.com\\\/user\\\/ppdegalicia\"]},{\"@type\":\"Person\",\"@id\":\"https:\\\/\\\/ppdegalicia.com\\\/es\\\/#\\\/schema\\\/person\\\/5b822c6f59e872ebdd1142f307dbcb59\",\"name\":\"ppdegaliciaredes\",\"image\":{\"@type\":\"ImageObject\",\"inLanguage\":\"es\",\"@id\":\"https:\\\/\\\/secure.gravatar.com\\\/avatar\\\/3c9179cf0256d00c72a48d1f25783c58b6842cd56e85ef3a572881c8e28ccd59?s=96&d=mm&r=g\",\"url\":\"https:\\\/\\\/secure.gravatar.com\\\/avatar\\\/3c9179cf0256d00c72a48d1f25783c58b6842cd56e85ef3a572881c8e28ccd59?s=96&d=mm&r=g\",\"contentUrl\":\"https:\\\/\\\/secure.gravatar.com\\\/avatar\\\/3c9179cf0256d00c72a48d1f25783c58b6842cd56e85ef3a572881c8e28ccd59?s=96&d=mm&r=g\",\"caption\":\"ppdegaliciaredes\"},\"url\":\"https:\\\/\\\/ppdegalicia.com\\\/es\\\/author\\\/ppdegaliciaredes\\\/\"}]}<\/script>\n<!-- \/ Yoast SEO plugin. -->","yoast_head_json":{"title":"O PPdeG denuncia que \u201cas ameazas, o alboroto e as manifestaci\u00f3ns\u201d da esquerda \u201cvan en contra do futuro de Galicia e do emprego da mocidade\u201d - PP de Galicia","description":"O Partido Popular de Galicia denuncia que \u201cas ameazas, o alboroto e as manifestaci\u00f3ns\u201d protagonizadas pola esquerda \u201cvan en contra do futuro de Galicia\u201d na medida en que se opo\u00f1en \u00e1 posibilidade de ofrecer oportunidades de emprego \u00e1 mocidade galega e fixar poboaci\u00f3n no rural.","robots":{"index":"index","follow":"follow","max-snippet":"max-snippet:-1","max-image-preview":"max-image-preview:large","max-video-preview":"max-video-preview:-1"},"canonical":"https:\/\/ppdegalicia.com\/es\/o-ppdeg-denuncia-que-as-ameazas-o-alboroto-e-as-manifestacions-da-esquerda-van-en-contra-do-futuro-de-galicia-e-do-emprego-da-mocidade\/","og_locale":"es_ES","og_type":"article","og_title":"O PPdeG denuncia que \u201cas ameazas, o alboroto e as manifestaci\u00f3ns\u201d da esquerda \u201cvan en contra do futuro de Galicia e do emprego da mocidade\u201d - PP de Galicia","og_description":"O Partido Popular de Galicia denuncia que \u201cas ameazas, o alboroto e as manifestaci\u00f3ns\u201d protagonizadas pola esquerda \u201cvan en contra do futuro de Galicia\u201d na medida en que se opo\u00f1en \u00e1 posibilidade de ofrecer oportunidades de emprego \u00e1 mocidade galega e fixar poboaci\u00f3n no rural.","og_url":"https:\/\/ppdegalicia.com\/es\/o-ppdeg-denuncia-que-as-ameazas-o-alboroto-e-as-manifestacions-da-esquerda-van-en-contra-do-futuro-de-galicia-e-do-emprego-da-mocidade\/","og_site_name":"PP de Galicia","article_publisher":"https:\/\/www.instagram.com\/ppdegalicia\/","article_published_time":"2025-03-23T17:23:18+00:00","article_modified_time":"2025-03-24T10:25:23+00:00","og_image":[{"width":2560,"height":1707,"url":"https:\/\/ppdegalicia.com\/wp-content\/uploads\/2025\/03\/Paula-Prado-na-sede-do-PPdeG-scaled.jpg","type":"image\/jpeg"}],"author":"ppdegaliciaredes","twitter_card":"summary_large_image","twitter_creator":"@ppdegalicia","twitter_site":"@ppdegalicia","twitter_misc":{"Escrito por":"ppdegaliciaredes","Tiempo de lectura":"2 minutos"},"schema":{"@context":"https:\/\/schema.org","@graph":[{"@type":"Article","@id":"https:\/\/ppdegalicia.com\/es\/o-ppdeg-denuncia-que-as-ameazas-o-alboroto-e-as-manifestacions-da-esquerda-van-en-contra-do-futuro-de-galicia-e-do-emprego-da-mocidade\/#article","isPartOf":{"@id":"https:\/\/ppdegalicia.com\/es\/o-ppdeg-denuncia-que-as-ameazas-o-alboroto-e-as-manifestacions-da-esquerda-van-en-contra-do-futuro-de-galicia-e-do-emprego-da-mocidade\/"},"author":{"name":"ppdegaliciaredes","@id":"https:\/\/ppdegalicia.com\/es\/#\/schema\/person\/5b822c6f59e872ebdd1142f307dbcb59"},"headline":"O PPdeG denuncia que \u201cas ameazas, o alboroto e as manifestaci\u00f3ns\u201d da esquerda \u201cvan en contra do futuro de Galicia e do emprego da mocidade\u201d","datePublished":"2025-03-23T17:23:18+00:00","dateModified":"2025-03-24T10:25:23+00:00","mainEntityOfPage":{"@id":"https:\/\/ppdegalicia.com\/es\/o-ppdeg-denuncia-que-as-ameazas-o-alboroto-e-as-manifestacions-da-esquerda-van-en-contra-do-futuro-de-galicia-e-do-emprego-da-mocidade\/"},"wordCount":281,"publisher":{"@id":"https:\/\/ppdegalicia.com\/es\/#organization"},"image":{"@id":"https:\/\/ppdegalicia.com\/es\/o-ppdeg-denuncia-que-as-ameazas-o-alboroto-e-as-manifestacions-da-esquerda-van-en-contra-do-futuro-de-galicia-e-do-emprego-da-mocidade\/#primaryimage"},"thumbnailUrl":"https:\/\/ppdegalicia.com\/wp-content\/uploads\/2025\/03\/Paula-Prado-na-sede-do-PPdeG-scaled.jpg","articleSection":["PP de Galicia"],"inLanguage":"es"},{"@type":"WebPage","@id":"https:\/\/ppdegalicia.com\/es\/o-ppdeg-denuncia-que-as-ameazas-o-alboroto-e-as-manifestacions-da-esquerda-van-en-contra-do-futuro-de-galicia-e-do-emprego-da-mocidade\/","url":"https:\/\/ppdegalicia.com\/es\/o-ppdeg-denuncia-que-as-ameazas-o-alboroto-e-as-manifestacions-da-esquerda-van-en-contra-do-futuro-de-galicia-e-do-emprego-da-mocidade\/","name":"O PPdeG denuncia que \u201cas ameazas, o alboroto e as manifestaci\u00f3ns\u201d da esquerda \u201cvan en contra do futuro de Galicia e do emprego da mocidade\u201d - PP de Galicia","isPartOf":{"@id":"https:\/\/ppdegalicia.com\/es\/#website"},"primaryImageOfPage":{"@id":"https:\/\/ppdegalicia.com\/es\/o-ppdeg-denuncia-que-as-ameazas-o-alboroto-e-as-manifestacions-da-esquerda-van-en-contra-do-futuro-de-galicia-e-do-emprego-da-mocidade\/#primaryimage"},"image":{"@id":"https:\/\/ppdegalicia.com\/es\/o-ppdeg-denuncia-que-as-ameazas-o-alboroto-e-as-manifestacions-da-esquerda-van-en-contra-do-futuro-de-galicia-e-do-emprego-da-mocidade\/#primaryimage"},"thumbnailUrl":"https:\/\/ppdegalicia.com\/wp-content\/uploads\/2025\/03\/Paula-Prado-na-sede-do-PPdeG-scaled.jpg","datePublished":"2025-03-23T17:23:18+00:00","dateModified":"2025-03-24T10:25:23+00:00","description":"O Partido Popular de Galicia denuncia que \u201cas ameazas, o alboroto e as manifestaci\u00f3ns\u201d protagonizadas pola esquerda \u201cvan en contra do futuro de Galicia\u201d na medida en que se opo\u00f1en \u00e1 posibilidade de ofrecer oportunidades de emprego \u00e1 mocidade galega e fixar poboaci\u00f3n no rural.","breadcrumb":{"@id":"https:\/\/ppdegalicia.com\/es\/o-ppdeg-denuncia-que-as-ameazas-o-alboroto-e-as-manifestacions-da-esquerda-van-en-contra-do-futuro-de-galicia-e-do-emprego-da-mocidade\/#breadcrumb"},"inLanguage":"es","potentialAction":[{"@type":"ReadAction","target":["https:\/\/ppdegalicia.com\/es\/o-ppdeg-denuncia-que-as-ameazas-o-alboroto-e-as-manifestacions-da-esquerda-van-en-contra-do-futuro-de-galicia-e-do-emprego-da-mocidade\/"]}]},{"@type":"ImageObject","inLanguage":"es","@id":"https:\/\/ppdegalicia.com\/es\/o-ppdeg-denuncia-que-as-ameazas-o-alboroto-e-as-manifestacions-da-esquerda-van-en-contra-do-futuro-de-galicia-e-do-emprego-da-mocidade\/#primaryimage","url":"https:\/\/ppdegalicia.com\/wp-content\/uploads\/2025\/03\/Paula-Prado-na-sede-do-PPdeG-scaled.jpg","contentUrl":"https:\/\/ppdegalicia.com\/wp-content\/uploads\/2025\/03\/Paula-Prado-na-sede-do-PPdeG-scaled.jpg","width":2560,"height":1707},{"@type":"BreadcrumbList","@id":"https:\/\/ppdegalicia.com\/es\/o-ppdeg-denuncia-que-as-ameazas-o-alboroto-e-as-manifestacions-da-esquerda-van-en-contra-do-futuro-de-galicia-e-do-emprego-da-mocidade\/#breadcrumb","itemListElement":[{"@type":"ListItem","position":1,"name":"Portada","item":"https:\/\/ppdegalicia.com\/es\/"},{"@type":"ListItem","position":2,"name":"O PPdeG denuncia que \u201cas ameazas, o alboroto e as manifestaci\u00f3ns\u201d da esquerda \u201cvan en contra do futuro de Galicia e do emprego da mocidade\u201d"}]},{"@type":"WebSite","@id":"https:\/\/ppdegalicia.com\/es\/#website","url":"https:\/\/ppdegalicia.com\/es\/","name":"Partido Popular de Galicia","description":"Partido Popular de Galicia","publisher":{"@id":"https:\/\/ppdegalicia.com\/es\/#organization"},"alternateName":"PP de Galicia","potentialAction":[{"@type":"SearchAction","target":{"@type":"EntryPoint","urlTemplate":"https:\/\/ppdegalicia.com\/es\/?s={search_term_string}"},"query-input":{"@type":"PropertyValueSpecification","valueRequired":true,"valueName":"search_term_string"}}],"inLanguage":"es"},{"@type":"Organization","@id":"https:\/\/ppdegalicia.com\/es\/#organization","name":"Partido Popular de Galicia","alternateName":"PP de Galicia","url":"https:\/\/ppdegalicia.com\/es\/","logo":{"@type":"ImageObject","inLanguage":"es","@id":"https:\/\/ppdegalicia.com\/es\/#\/schema\/logo\/image\/","url":"https:\/\/ppdegalicia.com\/wp-content\/uploads\/2023\/04\/logoPP512.png","contentUrl":"https:\/\/ppdegalicia.com\/wp-content\/uploads\/2023\/04\/logoPP512.png","width":512,"height":512,"caption":"Partido Popular de Galicia"},"image":{"@id":"https:\/\/ppdegalicia.com\/es\/#\/schema\/logo\/image\/"},"sameAs":["https:\/\/www.instagram.com\/ppdegalicia\/","https:\/\/x.com\/ppdegalicia","https:\/\/www.tiktok.com\/@ppdegalicia","https:\/\/www.youtube.com\/user\/ppdegalicia"]},{"@type":"Person","@id":"https:\/\/ppdegalicia.com\/es\/#\/schema\/person\/5b822c6f59e872ebdd1142f307dbcb59","name":"ppdegaliciaredes","image":{"@type":"ImageObject","inLanguage":"es","@id":"https:\/\/secure.gravatar.com\/avatar\/3c9179cf0256d00c72a48d1f25783c58b6842cd56e85ef3a572881c8e28ccd59?s=96&d=mm&r=g","url":"https:\/\/secure.gravatar.com\/avatar\/3c9179cf0256d00c72a48d1f25783c58b6842cd56e85ef3a572881c8e28ccd59?s=96&d=mm&r=g","contentUrl":"https:\/\/secure.gravatar.com\/avatar\/3c9179cf0256d00c72a48d1f25783c58b6842cd56e85ef3a572881c8e28ccd59?s=96&d=mm&r=g","caption":"ppdegaliciaredes"},"url":"https:\/\/ppdegalicia.com\/es\/author\/ppdegaliciaredes\/"}]}},"_links":{"self":[{"href":"https:\/\/ppdegalicia.com\/es\/wp-json\/wp\/v2\/posts\/66326","targetHints":{"allow":["GET"]}}],"collection":[{"href":"https:\/\/ppdegalicia.com\/es\/wp-json\/wp\/v2\/posts"}],"about":[{"href":"https:\/\/ppdegalicia.com\/es\/wp-json\/wp\/v2\/types\/post"}],"author":[{"embeddable":true,"href":"https:\/\/ppdegalicia.com\/es\/wp-json\/wp\/v2\/users\/38"}],"replies":[{"embeddable":true,"href":"https:\/\/ppdegalicia.com\/es\/wp-json\/wp\/v2\/comments?post=66326"}],"version-history":[{"count":1,"href":"https:\/\/ppdegalicia.com\/es\/wp-json\/wp\/v2\/posts\/66326\/revisions"}],"predecessor-version":[{"id":66329,"href":"https:\/\/ppdegalicia.com\/es\/wp-json\/wp\/v2\/posts\/66326\/revisions\/66329"}],"wp:featuredmedia":[{"embeddable":true,"href":"https:\/\/ppdegalicia.com\/es\/wp-json\/wp\/v2\/media\/66327"}],"wp:attachment":[{"href":"https:\/\/ppdegalicia.com\/es\/wp-json\/wp\/v2\/media?parent=66326"}],"wp:term":[{"taxonomy":"category","embeddable":true,"href":"https:\/\/ppdegalicia.com\/es\/wp-json\/wp\/v2\/categories?post=66326"},{"taxonomy":"post_tag","embeddable":true,"href":"https:\/\/ppdegalicia.com\/es\/wp-json\/wp\/v2\/tags?post=66326"}],"curies":[{"name":"wp","href":"https:\/\/api.w.org\/{rel}","templated":true}]}}