{"id":66330,"date":"2025-03-22T11:58:22","date_gmt":"2025-03-22T10:58:22","guid":{"rendered":"https:\/\/ppdegalicia.com\/?p=66330"},"modified":"2025-03-24T11:50:00","modified_gmt":"2025-03-24T10:50:00","slug":"o-pp-defende-a-politica-como-instrumento-util-trala-retirada-do-lobo-da-lesrpe-unha-medida-para-frear-algo-prexudicial-para-o-sector-gandeiro","status":"publish","type":"post","link":"https:\/\/ppdegalicia.com\/es\/o-pp-defende-a-politica-como-instrumento-util-trala-retirada-do-lobo-da-lesrpe-unha-medida-para-frear-algo-prexudicial-para-o-sector-gandeiro\/","title":{"rendered":"O PP defende a pol\u00edtica como \u201cinstrumento \u00fatil\u201d trala retirada do lobo da LESRPE, unha medida para \u201cfrear algo prexudicial para o sector gandeiro\u201d"},"content":{"rendered":"<p>O PP defende a pol\u00edtica como \u201cinstrumento \u00fatil\u201d trala retirada do lobo da Listaxe de especies silvestres en r\u00e9xime de protecci\u00f3n especial (LESRPE), unha reivindicaci\u00f3n do sector \u201ccomo confirma a cantidade de gandeiros e gandeiras que hoxe nos acompa\u00f1an na Cruz da Cancela\u201d, segundo sinalou a presidenta do PP da provincia de Lugo, Elena Candia, que participou no encontro xunto a deputados nacionais, senadores, deputados auton\u00f3micos, alcaldes e portavoces da zona.<\/p>\n<p>Candia subli\u00f1ou que \u201ca capacidade de consenso do Partido Popular\u201d conseguiu \u201cfrear algo que era prexudicial para o sector agrogandeiro, especialmente para a gander\u00eda en extensivo e para as persoas que apostan por vivir e traballar en lugares coma este\u201d.<\/p>\n<p>No marco do encontro con gandeiros e gandeiras afectadas por ataques de lobo aos animais das s\u00faas explotaci\u00f3ns; o deputado lucense no Congreso, Francisco Conde, destacou a importancia de conseguir este obxectivo \u201cque levabamos catro anos reivindicando en conxunto co sector agrogandeiro. Temos que agradecerlles que confiara en n\u00f3s\u201d. As\u00ed, \u201choxe podemos compartir a noticia de que se reverteu unha situaci\u00f3n que prexudica aos gandeiros e gandeiras\u201d.<\/p>\n<p>Conde subli\u00f1ou tam\u00e9n que esta medida permite avanzar cara ao equilibrio: \u201ca protecci\u00f3n necesaria da especie, pero tam\u00e9n do desenvolvemento da actividade gandeira\u201d. Polo que agarda que \u201cse respecte por parte do PSOE e do BNG esta decisi\u00f3n adoptada no Congreso para volver \u00e1 situaci\u00f3n de equilibrio de protecci\u00f3n do lobo e a actividade agrogandeira\u201d.<\/p>\n<p>E lembrou que \u201ca Xunta dende o primeiro momento intentou que non se introducira o lobo nesta listaxe\u201d, pero o Goberno de Espa\u00f1a adoptou esa decisi\u00f3n no 2021 de forma unilateral e sen avais t\u00e9cnicos.<\/p>\n<p>A sa\u00edda do lobo da LESRPE queda aprobada definitivamente co apoio maioritario no Congreso \u00e1 proposta do Partido Popular e despois de pasar xa polo Senado onde se aprobara tam\u00e9n a semana pasada.<\/p>\n<p>Os gandeiros e gandeiras confirmaron \u201cataques continuos\u201d aos seus animais, especialmente cr\u00edas: \u201catop\u00e1monos poldros mortos t\u00f3dolos d\u00edas\u201d. De feito, explican que \u201cxa non hai poldros\u201d e, polo tanto, non hai relevo. \u201cNeste momento, o lobo est\u00e1 demasiado estendido\u201d. Incluso lembraron un ataque recente en Mondo\u00f1edo: \u201cno Couto, no medio das casas, a semana pasada matou 6 ovellas\u201d.<\/p>\n<p>No ano 2024 a provincia de Lugo rexistrou m\u00e1is de 1.000 avisos de ataques e contabiliz\u00e1ronse m\u00e1is de 1.000 reses afectadas do total de m\u00e1is de 2.000 avisos en Galicia e dos m\u00e1is de 3.000 animais que sufriron ataques. \u00c9 dicir, 1 de cada 3 animais afectados en Galicia era da provincia de Lugo.<\/p>\n<p><strong>CANDIA: \u201cO CAMBIO ENTRE O SI E O NON DO PSOE E O BNG A ALTRI FORON AS PASADAS ELECCI\u00d3NS AUTON\u00d3MICAS\u201d<\/strong><br \/>\nElena Candia quixo enviar unha \u201cmensaxe de confianza e tranquilidade\u201d en relaci\u00f3n ao proxecto da biof\u00e1brica de Altri: \u201cSon 34 informes realizados por 42 t\u00e9cnicos que avalan os requisitos medioambientais a esta industria\u201d. Ademais, trasladan ao promotor \u201cm\u00e1is de 60 requisitos para garantir o cumprimento normativa en materia ambiental\u201d.<\/p>\n<p>A presidenta do PP da provincia preguntouse cal foi o motivo do \u201ccambio de criterio de PSOE e BNG\u201d que, incluso, \u201creclamaban que este proxecto se implantara na Mari\u00f1a. O que pasou entre o si e o non foron as pasadas elecci\u00f3ns auton\u00f3micas\u201d.<\/p>\n<p>Candia reivindicou \u201co dereito a implantar industria e xerar emprego na provincia\u201d, tal e como \u201cnos pediron os galegos nas pasadas elecci\u00f3ns auton\u00f3micas co 54% de apoio\u201d. E engadiu \u201cqueremos apostar porque a mocidade te\u00f1a oportunidade de traballar na provincia, defendemos os proxectos e promotores que invistan na provincia. E non vai a ser a costa de incumprimentos medioambientais\u201d, remarcou.<\/p>\n<p>A popular subli\u00f1ou que \u201cseguiremos traballando para que Lugo sexa un territorio de oportunidades e o noso proxecto pol\u00edtico, igual que dic\u00eda antes das elecci\u00f3ns, segue dicindo si a Altri, un proxecto garantido medioambientalmente e que pechar\u00e1 o ciclo nun sector important\u00edsimo na nosa provincia\u201d.<\/p>\n","protected":false},"excerpt":{"rendered":"<p>O PP defende a pol\u00edtica como \u201cinstrumento \u00fatil\u201d trala retirada do lobo da Listaxe de especies silvestres en r\u00e9xime de protecci\u00f3n especial (LESRPE), unha reivindicaci\u00f3n do sector \u201ccomo confirma a cantidade de gandeiros e gandeiras que hoxe nos acompa\u00f1an na Cruz da Cancela\u201d, segundo sinalou a presidenta do PP da provincia de Lugo, Elena Candia, [&hellip;]<\/p>\n","protected":false},"author":38,"featured_media":66331,"comment_status":"closed","ping_status":"open","sticky":false,"template":"","format":"standard","meta":{"_acf_changed":false,"footnotes":""},"categories":[1],"tags":[],"class_list":["post-66330","post","type-post","status-publish","format-standard","has-post-thumbnail","hentry","category-pp-de-galicia"],"acf":[],"yoast_head":"<!-- This site is optimized with the Yoast SEO plugin v27.3 - https:\/\/yoast.com\/product\/yoast-seo-wordpress\/ -->\n<title>O PP defende a pol\u00edtica como \u201cinstrumento \u00fatil\u201d trala retirada do lobo da LESRPE, unha medida para \u201cfrear algo prexudicial para o sector gandeiro\u201d - PP de Galicia<\/title>\n<meta name=\"description\" content=\"O PP defende a pol\u00edtica como \u201cinstrumento \u00fatil\u201d trala retirada do lobo da Listaxe de especies silvestres en r\u00e9xime de protecci\u00f3n especial (LESRPE), unha reivindicaci\u00f3n do sector \u201ccomo confirma a cantidade de gandeiros e gandeiras que hoxe nos acompa\u00f1an na Cruz da Cancela\u201d, segundo sinalou a presidenta do PP da provincia de Lugo, Elena Candia, que participou no encontro xunto a deputados nacionais, senadores, deputados auton\u00f3micos, alcaldes e portavoces da zona.\" \/>\n<meta name=\"robots\" content=\"index, follow, max-snippet:-1, max-image-preview:large, max-video-preview:-1\" \/>\n<link rel=\"canonical\" href=\"https:\/\/ppdegalicia.com\/es\/o-pp-defende-a-politica-como-instrumento-util-trala-retirada-do-lobo-da-lesrpe-unha-medida-para-frear-algo-prexudicial-para-o-sector-gandeiro\/\" \/>\n<meta property=\"og:locale\" content=\"es_ES\" \/>\n<meta property=\"og:type\" content=\"article\" \/>\n<meta property=\"og:title\" content=\"O PP defende a pol\u00edtica como \u201cinstrumento \u00fatil\u201d trala retirada do lobo da LESRPE, unha medida para \u201cfrear algo prexudicial para o sector gandeiro\u201d - PP de Galicia\" \/>\n<meta property=\"og:description\" content=\"O PP defende a pol\u00edtica como \u201cinstrumento \u00fatil\u201d trala retirada do lobo da Listaxe de especies silvestres en r\u00e9xime de protecci\u00f3n especial (LESRPE), unha reivindicaci\u00f3n do sector \u201ccomo confirma a cantidade de gandeiros e gandeiras que hoxe nos acompa\u00f1an na Cruz da Cancela\u201d, segundo sinalou a presidenta do PP da provincia de Lugo, Elena Candia, que participou no encontro xunto a deputados nacionais, senadores, deputados auton\u00f3micos, alcaldes e portavoces da zona.\" \/>\n<meta property=\"og:url\" content=\"https:\/\/ppdegalicia.com\/es\/o-pp-defende-a-politica-como-instrumento-util-trala-retirada-do-lobo-da-lesrpe-unha-medida-para-frear-algo-prexudicial-para-o-sector-gandeiro\/\" \/>\n<meta property=\"og:site_name\" content=\"PP de Galicia\" \/>\n<meta property=\"article:publisher\" content=\"https:\/\/www.instagram.com\/ppdegalicia\/\" \/>\n<meta property=\"article:published_time\" content=\"2025-03-22T10:58:22+00:00\" \/>\n<meta property=\"article:modified_time\" content=\"2025-03-24T10:50:00+00:00\" \/>\n<meta property=\"og:image\" content=\"https:\/\/ppdegalicia.com\/wp-content\/uploads\/2025\/03\/RP-gandeiros-tema-lobo-scaled.jpeg\" \/>\n\t<meta property=\"og:image:width\" content=\"2560\" \/>\n\t<meta property=\"og:image:height\" content=\"1920\" \/>\n\t<meta property=\"og:image:type\" content=\"image\/jpeg\" \/>\n<meta name=\"author\" content=\"ppdegaliciaredes\" \/>\n<meta name=\"twitter:card\" content=\"summary_large_image\" \/>\n<meta name=\"twitter:creator\" content=\"@ppdegalicia\" \/>\n<meta name=\"twitter:site\" content=\"@ppdegalicia\" \/>\n<meta name=\"twitter:label1\" content=\"Escrito por\" \/>\n\t<meta name=\"twitter:data1\" content=\"ppdegaliciaredes\" \/>\n\t<meta name=\"twitter:label2\" content=\"Tiempo de lectura\" \/>\n\t<meta name=\"twitter:data2\" content=\"4 minutos\" \/>\n<script type=\"application\/ld+json\" class=\"yoast-schema-graph\">{\"@context\":\"https:\\\/\\\/schema.org\",\"@graph\":[{\"@type\":\"Article\",\"@id\":\"https:\\\/\\\/ppdegalicia.com\\\/es\\\/o-pp-defende-a-politica-como-instrumento-util-trala-retirada-do-lobo-da-lesrpe-unha-medida-para-frear-algo-prexudicial-para-o-sector-gandeiro\\\/#article\",\"isPartOf\":{\"@id\":\"https:\\\/\\\/ppdegalicia.com\\\/es\\\/o-pp-defende-a-politica-como-instrumento-util-trala-retirada-do-lobo-da-lesrpe-unha-medida-para-frear-algo-prexudicial-para-o-sector-gandeiro\\\/\"},\"author\":{\"name\":\"ppdegaliciaredes\",\"@id\":\"https:\\\/\\\/ppdegalicia.com\\\/es\\\/#\\\/schema\\\/person\\\/5b822c6f59e872ebdd1142f307dbcb59\"},\"headline\":\"O PP defende a pol\u00edtica como \u201cinstrumento \u00fatil\u201d trala retirada do lobo da LESRPE, unha medida para \u201cfrear algo prexudicial para o sector gandeiro\u201d\",\"datePublished\":\"2025-03-22T10:58:22+00:00\",\"dateModified\":\"2025-03-24T10:50:00+00:00\",\"mainEntityOfPage\":{\"@id\":\"https:\\\/\\\/ppdegalicia.com\\\/es\\\/o-pp-defende-a-politica-como-instrumento-util-trala-retirada-do-lobo-da-lesrpe-unha-medida-para-frear-algo-prexudicial-para-o-sector-gandeiro\\\/\"},\"wordCount\":690,\"publisher\":{\"@id\":\"https:\\\/\\\/ppdegalicia.com\\\/es\\\/#organization\"},\"image\":{\"@id\":\"https:\\\/\\\/ppdegalicia.com\\\/es\\\/o-pp-defende-a-politica-como-instrumento-util-trala-retirada-do-lobo-da-lesrpe-unha-medida-para-frear-algo-prexudicial-para-o-sector-gandeiro\\\/#primaryimage\"},\"thumbnailUrl\":\"https:\\\/\\\/ppdegalicia.com\\\/wp-content\\\/uploads\\\/2025\\\/03\\\/RP-gandeiros-tema-lobo-scaled.jpeg\",\"articleSection\":[\"PP de Galicia\"],\"inLanguage\":\"es\"},{\"@type\":\"WebPage\",\"@id\":\"https:\\\/\\\/ppdegalicia.com\\\/es\\\/o-pp-defende-a-politica-como-instrumento-util-trala-retirada-do-lobo-da-lesrpe-unha-medida-para-frear-algo-prexudicial-para-o-sector-gandeiro\\\/\",\"url\":\"https:\\\/\\\/ppdegalicia.com\\\/es\\\/o-pp-defende-a-politica-como-instrumento-util-trala-retirada-do-lobo-da-lesrpe-unha-medida-para-frear-algo-prexudicial-para-o-sector-gandeiro\\\/\",\"name\":\"O PP defende a pol\u00edtica como \u201cinstrumento \u00fatil\u201d trala retirada do lobo da LESRPE, unha medida para \u201cfrear algo prexudicial para o sector gandeiro\u201d - PP de Galicia\",\"isPartOf\":{\"@id\":\"https:\\\/\\\/ppdegalicia.com\\\/es\\\/#website\"},\"primaryImageOfPage\":{\"@id\":\"https:\\\/\\\/ppdegalicia.com\\\/es\\\/o-pp-defende-a-politica-como-instrumento-util-trala-retirada-do-lobo-da-lesrpe-unha-medida-para-frear-algo-prexudicial-para-o-sector-gandeiro\\\/#primaryimage\"},\"image\":{\"@id\":\"https:\\\/\\\/ppdegalicia.com\\\/es\\\/o-pp-defende-a-politica-como-instrumento-util-trala-retirada-do-lobo-da-lesrpe-unha-medida-para-frear-algo-prexudicial-para-o-sector-gandeiro\\\/#primaryimage\"},\"thumbnailUrl\":\"https:\\\/\\\/ppdegalicia.com\\\/wp-content\\\/uploads\\\/2025\\\/03\\\/RP-gandeiros-tema-lobo-scaled.jpeg\",\"datePublished\":\"2025-03-22T10:58:22+00:00\",\"dateModified\":\"2025-03-24T10:50:00+00:00\",\"description\":\"O PP defende a pol\u00edtica como \u201cinstrumento \u00fatil\u201d trala retirada do lobo da Listaxe de especies silvestres en r\u00e9xime de protecci\u00f3n especial (LESRPE), unha reivindicaci\u00f3n do sector \u201ccomo confirma a cantidade de gandeiros e gandeiras que hoxe nos acompa\u00f1an na Cruz da Cancela\u201d, segundo sinalou a presidenta do PP da provincia de Lugo, Elena Candia, que participou no encontro xunto a deputados nacionais, senadores, deputados auton\u00f3micos, alcaldes e portavoces da zona.\",\"breadcrumb\":{\"@id\":\"https:\\\/\\\/ppdegalicia.com\\\/es\\\/o-pp-defende-a-politica-como-instrumento-util-trala-retirada-do-lobo-da-lesrpe-unha-medida-para-frear-algo-prexudicial-para-o-sector-gandeiro\\\/#breadcrumb\"},\"inLanguage\":\"es\",\"potentialAction\":[{\"@type\":\"ReadAction\",\"target\":[\"https:\\\/\\\/ppdegalicia.com\\\/es\\\/o-pp-defende-a-politica-como-instrumento-util-trala-retirada-do-lobo-da-lesrpe-unha-medida-para-frear-algo-prexudicial-para-o-sector-gandeiro\\\/\"]}]},{\"@type\":\"ImageObject\",\"inLanguage\":\"es\",\"@id\":\"https:\\\/\\\/ppdegalicia.com\\\/es\\\/o-pp-defende-a-politica-como-instrumento-util-trala-retirada-do-lobo-da-lesrpe-unha-medida-para-frear-algo-prexudicial-para-o-sector-gandeiro\\\/#primaryimage\",\"url\":\"https:\\\/\\\/ppdegalicia.com\\\/wp-content\\\/uploads\\\/2025\\\/03\\\/RP-gandeiros-tema-lobo-scaled.jpeg\",\"contentUrl\":\"https:\\\/\\\/ppdegalicia.com\\\/wp-content\\\/uploads\\\/2025\\\/03\\\/RP-gandeiros-tema-lobo-scaled.jpeg\",\"width\":2560,\"height\":1920},{\"@type\":\"BreadcrumbList\",\"@id\":\"https:\\\/\\\/ppdegalicia.com\\\/es\\\/o-pp-defende-a-politica-como-instrumento-util-trala-retirada-do-lobo-da-lesrpe-unha-medida-para-frear-algo-prexudicial-para-o-sector-gandeiro\\\/#breadcrumb\",\"itemListElement\":[{\"@type\":\"ListItem\",\"position\":1,\"name\":\"Portada\",\"item\":\"https:\\\/\\\/ppdegalicia.com\\\/es\\\/\"},{\"@type\":\"ListItem\",\"position\":2,\"name\":\"O PP defende a pol\u00edtica como \u201cinstrumento \u00fatil\u201d trala retirada do lobo da LESRPE, unha medida para \u201cfrear algo prexudicial para o sector gandeiro\u201d\"}]},{\"@type\":\"WebSite\",\"@id\":\"https:\\\/\\\/ppdegalicia.com\\\/es\\\/#website\",\"url\":\"https:\\\/\\\/ppdegalicia.com\\\/es\\\/\",\"name\":\"Partido Popular de Galicia\",\"description\":\"Partido Popular de Galicia\",\"publisher\":{\"@id\":\"https:\\\/\\\/ppdegalicia.com\\\/es\\\/#organization\"},\"alternateName\":\"PP de Galicia\",\"potentialAction\":[{\"@type\":\"SearchAction\",\"target\":{\"@type\":\"EntryPoint\",\"urlTemplate\":\"https:\\\/\\\/ppdegalicia.com\\\/es\\\/?s={search_term_string}\"},\"query-input\":{\"@type\":\"PropertyValueSpecification\",\"valueRequired\":true,\"valueName\":\"search_term_string\"}}],\"inLanguage\":\"es\"},{\"@type\":\"Organization\",\"@id\":\"https:\\\/\\\/ppdegalicia.com\\\/es\\\/#organization\",\"name\":\"Partido Popular de Galicia\",\"alternateName\":\"PP de Galicia\",\"url\":\"https:\\\/\\\/ppdegalicia.com\\\/es\\\/\",\"logo\":{\"@type\":\"ImageObject\",\"inLanguage\":\"es\",\"@id\":\"https:\\\/\\\/ppdegalicia.com\\\/es\\\/#\\\/schema\\\/logo\\\/image\\\/\",\"url\":\"https:\\\/\\\/ppdegalicia.com\\\/wp-content\\\/uploads\\\/2023\\\/04\\\/logoPP512.png\",\"contentUrl\":\"https:\\\/\\\/ppdegalicia.com\\\/wp-content\\\/uploads\\\/2023\\\/04\\\/logoPP512.png\",\"width\":512,\"height\":512,\"caption\":\"Partido Popular de Galicia\"},\"image\":{\"@id\":\"https:\\\/\\\/ppdegalicia.com\\\/es\\\/#\\\/schema\\\/logo\\\/image\\\/\"},\"sameAs\":[\"https:\\\/\\\/www.instagram.com\\\/ppdegalicia\\\/\",\"https:\\\/\\\/x.com\\\/ppdegalicia\",\"https:\\\/\\\/www.tiktok.com\\\/@ppdegalicia\",\"https:\\\/\\\/www.youtube.com\\\/user\\\/ppdegalicia\"]},{\"@type\":\"Person\",\"@id\":\"https:\\\/\\\/ppdegalicia.com\\\/es\\\/#\\\/schema\\\/person\\\/5b822c6f59e872ebdd1142f307dbcb59\",\"name\":\"ppdegaliciaredes\",\"image\":{\"@type\":\"ImageObject\",\"inLanguage\":\"es\",\"@id\":\"https:\\\/\\\/secure.gravatar.com\\\/avatar\\\/3c9179cf0256d00c72a48d1f25783c58b6842cd56e85ef3a572881c8e28ccd59?s=96&d=mm&r=g\",\"url\":\"https:\\\/\\\/secure.gravatar.com\\\/avatar\\\/3c9179cf0256d00c72a48d1f25783c58b6842cd56e85ef3a572881c8e28ccd59?s=96&d=mm&r=g\",\"contentUrl\":\"https:\\\/\\\/secure.gravatar.com\\\/avatar\\\/3c9179cf0256d00c72a48d1f25783c58b6842cd56e85ef3a572881c8e28ccd59?s=96&d=mm&r=g\",\"caption\":\"ppdegaliciaredes\"},\"url\":\"https:\\\/\\\/ppdegalicia.com\\\/es\\\/author\\\/ppdegaliciaredes\\\/\"}]}<\/script>\n<!-- \/ Yoast SEO plugin. -->","yoast_head_json":{"title":"O PP defende a pol\u00edtica como \u201cinstrumento \u00fatil\u201d trala retirada do lobo da LESRPE, unha medida para \u201cfrear algo prexudicial para o sector gandeiro\u201d - PP de Galicia","description":"O PP defende a pol\u00edtica como \u201cinstrumento \u00fatil\u201d trala retirada do lobo da Listaxe de especies silvestres en r\u00e9xime de protecci\u00f3n especial (LESRPE), unha reivindicaci\u00f3n do sector \u201ccomo confirma a cantidade de gandeiros e gandeiras que hoxe nos acompa\u00f1an na Cruz da Cancela\u201d, segundo sinalou a presidenta do PP da provincia de Lugo, Elena Candia, que participou no encontro xunto a deputados nacionais, senadores, deputados auton\u00f3micos, alcaldes e portavoces da zona.","robots":{"index":"index","follow":"follow","max-snippet":"max-snippet:-1","max-image-preview":"max-image-preview:large","max-video-preview":"max-video-preview:-1"},"canonical":"https:\/\/ppdegalicia.com\/es\/o-pp-defende-a-politica-como-instrumento-util-trala-retirada-do-lobo-da-lesrpe-unha-medida-para-frear-algo-prexudicial-para-o-sector-gandeiro\/","og_locale":"es_ES","og_type":"article","og_title":"O PP defende a pol\u00edtica como \u201cinstrumento \u00fatil\u201d trala retirada do lobo da LESRPE, unha medida para \u201cfrear algo prexudicial para o sector gandeiro\u201d - PP de Galicia","og_description":"O PP defende a pol\u00edtica como \u201cinstrumento \u00fatil\u201d trala retirada do lobo da Listaxe de especies silvestres en r\u00e9xime de protecci\u00f3n especial (LESRPE), unha reivindicaci\u00f3n do sector \u201ccomo confirma a cantidade de gandeiros e gandeiras que hoxe nos acompa\u00f1an na Cruz da Cancela\u201d, segundo sinalou a presidenta do PP da provincia de Lugo, Elena Candia, que participou no encontro xunto a deputados nacionais, senadores, deputados auton\u00f3micos, alcaldes e portavoces da zona.","og_url":"https:\/\/ppdegalicia.com\/es\/o-pp-defende-a-politica-como-instrumento-util-trala-retirada-do-lobo-da-lesrpe-unha-medida-para-frear-algo-prexudicial-para-o-sector-gandeiro\/","og_site_name":"PP de Galicia","article_publisher":"https:\/\/www.instagram.com\/ppdegalicia\/","article_published_time":"2025-03-22T10:58:22+00:00","article_modified_time":"2025-03-24T10:50:00+00:00","og_image":[{"width":2560,"height":1920,"url":"https:\/\/ppdegalicia.com\/wp-content\/uploads\/2025\/03\/RP-gandeiros-tema-lobo-scaled.jpeg","type":"image\/jpeg"}],"author":"ppdegaliciaredes","twitter_card":"summary_large_image","twitter_creator":"@ppdegalicia","twitter_site":"@ppdegalicia","twitter_misc":{"Escrito por":"ppdegaliciaredes","Tiempo de lectura":"4 minutos"},"schema":{"@context":"https:\/\/schema.org","@graph":[{"@type":"Article","@id":"https:\/\/ppdegalicia.com\/es\/o-pp-defende-a-politica-como-instrumento-util-trala-retirada-do-lobo-da-lesrpe-unha-medida-para-frear-algo-prexudicial-para-o-sector-gandeiro\/#article","isPartOf":{"@id":"https:\/\/ppdegalicia.com\/es\/o-pp-defende-a-politica-como-instrumento-util-trala-retirada-do-lobo-da-lesrpe-unha-medida-para-frear-algo-prexudicial-para-o-sector-gandeiro\/"},"author":{"name":"ppdegaliciaredes","@id":"https:\/\/ppdegalicia.com\/es\/#\/schema\/person\/5b822c6f59e872ebdd1142f307dbcb59"},"headline":"O PP defende a pol\u00edtica como \u201cinstrumento \u00fatil\u201d trala retirada do lobo da LESRPE, unha medida para \u201cfrear algo prexudicial para o sector gandeiro\u201d","datePublished":"2025-03-22T10:58:22+00:00","dateModified":"2025-03-24T10:50:00+00:00","mainEntityOfPage":{"@id":"https:\/\/ppdegalicia.com\/es\/o-pp-defende-a-politica-como-instrumento-util-trala-retirada-do-lobo-da-lesrpe-unha-medida-para-frear-algo-prexudicial-para-o-sector-gandeiro\/"},"wordCount":690,"publisher":{"@id":"https:\/\/ppdegalicia.com\/es\/#organization"},"image":{"@id":"https:\/\/ppdegalicia.com\/es\/o-pp-defende-a-politica-como-instrumento-util-trala-retirada-do-lobo-da-lesrpe-unha-medida-para-frear-algo-prexudicial-para-o-sector-gandeiro\/#primaryimage"},"thumbnailUrl":"https:\/\/ppdegalicia.com\/wp-content\/uploads\/2025\/03\/RP-gandeiros-tema-lobo-scaled.jpeg","articleSection":["PP de Galicia"],"inLanguage":"es"},{"@type":"WebPage","@id":"https:\/\/ppdegalicia.com\/es\/o-pp-defende-a-politica-como-instrumento-util-trala-retirada-do-lobo-da-lesrpe-unha-medida-para-frear-algo-prexudicial-para-o-sector-gandeiro\/","url":"https:\/\/ppdegalicia.com\/es\/o-pp-defende-a-politica-como-instrumento-util-trala-retirada-do-lobo-da-lesrpe-unha-medida-para-frear-algo-prexudicial-para-o-sector-gandeiro\/","name":"O PP defende a pol\u00edtica como \u201cinstrumento \u00fatil\u201d trala retirada do lobo da LESRPE, unha medida para \u201cfrear algo prexudicial para o sector gandeiro\u201d - PP de Galicia","isPartOf":{"@id":"https:\/\/ppdegalicia.com\/es\/#website"},"primaryImageOfPage":{"@id":"https:\/\/ppdegalicia.com\/es\/o-pp-defende-a-politica-como-instrumento-util-trala-retirada-do-lobo-da-lesrpe-unha-medida-para-frear-algo-prexudicial-para-o-sector-gandeiro\/#primaryimage"},"image":{"@id":"https:\/\/ppdegalicia.com\/es\/o-pp-defende-a-politica-como-instrumento-util-trala-retirada-do-lobo-da-lesrpe-unha-medida-para-frear-algo-prexudicial-para-o-sector-gandeiro\/#primaryimage"},"thumbnailUrl":"https:\/\/ppdegalicia.com\/wp-content\/uploads\/2025\/03\/RP-gandeiros-tema-lobo-scaled.jpeg","datePublished":"2025-03-22T10:58:22+00:00","dateModified":"2025-03-24T10:50:00+00:00","description":"O PP defende a pol\u00edtica como \u201cinstrumento \u00fatil\u201d trala retirada do lobo da Listaxe de especies silvestres en r\u00e9xime de protecci\u00f3n especial (LESRPE), unha reivindicaci\u00f3n do sector \u201ccomo confirma a cantidade de gandeiros e gandeiras que hoxe nos acompa\u00f1an na Cruz da Cancela\u201d, segundo sinalou a presidenta do PP da provincia de Lugo, Elena Candia, que participou no encontro xunto a deputados nacionais, senadores, deputados auton\u00f3micos, alcaldes e portavoces da zona.","breadcrumb":{"@id":"https:\/\/ppdegalicia.com\/es\/o-pp-defende-a-politica-como-instrumento-util-trala-retirada-do-lobo-da-lesrpe-unha-medida-para-frear-algo-prexudicial-para-o-sector-gandeiro\/#breadcrumb"},"inLanguage":"es","potentialAction":[{"@type":"ReadAction","target":["https:\/\/ppdegalicia.com\/es\/o-pp-defende-a-politica-como-instrumento-util-trala-retirada-do-lobo-da-lesrpe-unha-medida-para-frear-algo-prexudicial-para-o-sector-gandeiro\/"]}]},{"@type":"ImageObject","inLanguage":"es","@id":"https:\/\/ppdegalicia.com\/es\/o-pp-defende-a-politica-como-instrumento-util-trala-retirada-do-lobo-da-lesrpe-unha-medida-para-frear-algo-prexudicial-para-o-sector-gandeiro\/#primaryimage","url":"https:\/\/ppdegalicia.com\/wp-content\/uploads\/2025\/03\/RP-gandeiros-tema-lobo-scaled.jpeg","contentUrl":"https:\/\/ppdegalicia.com\/wp-content\/uploads\/2025\/03\/RP-gandeiros-tema-lobo-scaled.jpeg","width":2560,"height":1920},{"@type":"BreadcrumbList","@id":"https:\/\/ppdegalicia.com\/es\/o-pp-defende-a-politica-como-instrumento-util-trala-retirada-do-lobo-da-lesrpe-unha-medida-para-frear-algo-prexudicial-para-o-sector-gandeiro\/#breadcrumb","itemListElement":[{"@type":"ListItem","position":1,"name":"Portada","item":"https:\/\/ppdegalicia.com\/es\/"},{"@type":"ListItem","position":2,"name":"O PP defende a pol\u00edtica como \u201cinstrumento \u00fatil\u201d trala retirada do lobo da LESRPE, unha medida para \u201cfrear algo prexudicial para o sector gandeiro\u201d"}]},{"@type":"WebSite","@id":"https:\/\/ppdegalicia.com\/es\/#website","url":"https:\/\/ppdegalicia.com\/es\/","name":"Partido Popular de Galicia","description":"Partido Popular de Galicia","publisher":{"@id":"https:\/\/ppdegalicia.com\/es\/#organization"},"alternateName":"PP de Galicia","potentialAction":[{"@type":"SearchAction","target":{"@type":"EntryPoint","urlTemplate":"https:\/\/ppdegalicia.com\/es\/?s={search_term_string}"},"query-input":{"@type":"PropertyValueSpecification","valueRequired":true,"valueName":"search_term_string"}}],"inLanguage":"es"},{"@type":"Organization","@id":"https:\/\/ppdegalicia.com\/es\/#organization","name":"Partido Popular de Galicia","alternateName":"PP de Galicia","url":"https:\/\/ppdegalicia.com\/es\/","logo":{"@type":"ImageObject","inLanguage":"es","@id":"https:\/\/ppdegalicia.com\/es\/#\/schema\/logo\/image\/","url":"https:\/\/ppdegalicia.com\/wp-content\/uploads\/2023\/04\/logoPP512.png","contentUrl":"https:\/\/ppdegalicia.com\/wp-content\/uploads\/2023\/04\/logoPP512.png","width":512,"height":512,"caption":"Partido Popular de Galicia"},"image":{"@id":"https:\/\/ppdegalicia.com\/es\/#\/schema\/logo\/image\/"},"sameAs":["https:\/\/www.instagram.com\/ppdegalicia\/","https:\/\/x.com\/ppdegalicia","https:\/\/www.tiktok.com\/@ppdegalicia","https:\/\/www.youtube.com\/user\/ppdegalicia"]},{"@type":"Person","@id":"https:\/\/ppdegalicia.com\/es\/#\/schema\/person\/5b822c6f59e872ebdd1142f307dbcb59","name":"ppdegaliciaredes","image":{"@type":"ImageObject","inLanguage":"es","@id":"https:\/\/secure.gravatar.com\/avatar\/3c9179cf0256d00c72a48d1f25783c58b6842cd56e85ef3a572881c8e28ccd59?s=96&d=mm&r=g","url":"https:\/\/secure.gravatar.com\/avatar\/3c9179cf0256d00c72a48d1f25783c58b6842cd56e85ef3a572881c8e28ccd59?s=96&d=mm&r=g","contentUrl":"https:\/\/secure.gravatar.com\/avatar\/3c9179cf0256d00c72a48d1f25783c58b6842cd56e85ef3a572881c8e28ccd59?s=96&d=mm&r=g","caption":"ppdegaliciaredes"},"url":"https:\/\/ppdegalicia.com\/es\/author\/ppdegaliciaredes\/"}]}},"_links":{"self":[{"href":"https:\/\/ppdegalicia.com\/es\/wp-json\/wp\/v2\/posts\/66330","targetHints":{"allow":["GET"]}}],"collection":[{"href":"https:\/\/ppdegalicia.com\/es\/wp-json\/wp\/v2\/posts"}],"about":[{"href":"https:\/\/ppdegalicia.com\/es\/wp-json\/wp\/v2\/types\/post"}],"author":[{"embeddable":true,"href":"https:\/\/ppdegalicia.com\/es\/wp-json\/wp\/v2\/users\/38"}],"replies":[{"embeddable":true,"href":"https:\/\/ppdegalicia.com\/es\/wp-json\/wp\/v2\/comments?post=66330"}],"version-history":[{"count":1,"href":"https:\/\/ppdegalicia.com\/es\/wp-json\/wp\/v2\/posts\/66330\/revisions"}],"predecessor-version":[{"id":66333,"href":"https:\/\/ppdegalicia.com\/es\/wp-json\/wp\/v2\/posts\/66330\/revisions\/66333"}],"wp:featuredmedia":[{"embeddable":true,"href":"https:\/\/ppdegalicia.com\/es\/wp-json\/wp\/v2\/media\/66331"}],"wp:attachment":[{"href":"https:\/\/ppdegalicia.com\/es\/wp-json\/wp\/v2\/media?parent=66330"}],"wp:term":[{"taxonomy":"category","embeddable":true,"href":"https:\/\/ppdegalicia.com\/es\/wp-json\/wp\/v2\/categories?post=66330"},{"taxonomy":"post_tag","embeddable":true,"href":"https:\/\/ppdegalicia.com\/es\/wp-json\/wp\/v2\/tags?post=66330"}],"curies":[{"name":"wp","href":"https:\/\/api.w.org\/{rel}","templated":true}]}}