{"id":66401,"date":"2025-03-30T10:31:31","date_gmt":"2025-03-30T09:31:31","guid":{"rendered":"https:\/\/ppdegalicia.com\/?p=66401"},"modified":"2025-03-28T14:44:33","modified_gmt":"2025-03-28T13:44:33","slug":"os-eurodeputados-do-ppdeg-sublinan-o-respaldo-de-bruxelas-a-tramitacion-do-proxecto-de-altri-e-piden-a-pedro-sanchez-que-non-obstaculice-o-seu-acceso-aos-fondos-next-generation","status":"publish","type":"post","link":"https:\/\/ppdegalicia.com\/es\/os-eurodeputados-do-ppdeg-sublinan-o-respaldo-de-bruxelas-a-tramitacion-do-proxecto-de-altri-e-piden-a-pedro-sanchez-que-non-obstaculice-o-seu-acceso-aos-fondos-next-generation\/","title":{"rendered":"Os eurodeputados do PPdeG subli\u00f1an o respaldo de Bruxelas \u00e1 tramitaci\u00f3n do proxecto de Altri e piden a Pedro S\u00e1nchez que non obstaculice o seu acceso aos fondos Next Generation"},"content":{"rendered":"<p style=\"font-weight: 400;\">Os eurodeputados do PPdeG, Francisco Mill\u00e1n Mon e Adri\u00e1n V\u00e1zquez, apelan ao respaldo que a Uni\u00f3n Europea deu \u00e1 tramitaci\u00f3n do proxecto de Altri por parte do Goberno galego para demandar a Pedro S\u00e1nchez que non obstaculice o acceso aos fondos europeos e \u00e1 conexi\u00f3n el\u00e9ctrica que a empresa necesita poder iniciar a s\u00faa actividade.<\/p>\n<p style=\"font-weight: 400;\">\u201cO Goberno central xa non pode esconderse en palabras ambiguas nin continuar de perfil: ten que actuar para apoiar este proxecto que sup\u00f3n unha gran oportunidade para a modernizaci\u00f3n e o desenvolvemento econ\u00f3mico de Galicia\u201d, insiste Mill\u00e1n Mon recordando que os fondos Next Generation aos que opta esta iniciativa dependen do Executivo estatal.<\/p>\n<p style=\"font-weight: 400;\">V\u00e1zquez, pola s\u00faa banda, lembra que o BNG tentou parar o proxecto en Bruxelas e varias veces a Comisi\u00f3n Europea tivo que pararlles os p\u00e9s a eles. E, nesta li\u00f1a, sost\u00e9n que \u201cpoucos argumentos poder\u00e1n atopar en Madrid para parar un proxecto que \u00e9 viable e seguro e que ademais conta co aval europeo\u201d, e apela \u00e1 responsabilidade de Pedro S\u00e1nchez fronte as \u201cpresi\u00f3ns\u201d que poida recibir do seu propio partido e dos seus socios. \u201cA pelota est\u00e1 no tellado de S\u00e1nchez\u201d, sentenza.<\/p>\n<p style=\"font-weight: 400;\">\u201cSe nega os fondos a Altri, quedar\u00e1 en evidencia algo que xa sabiamos: que ten m\u00e1is interese en prexudicar ao Partido Popular que en beneficiar a Galicia e que lle importa m\u00e1is o futuro do se\u00f1or Besteiro e da se\u00f1ora Pont\u00f3n que o futuro dos galegos e galegas\u201d, sost\u00e9n cualificando esta hip\u00f3tese como \u201cintolerable\u201d.<\/p>\n<p style=\"font-weight: 400;\">Ambos parlamentarios coinciden en reivindicar que o proxecto de Altri \u00e9 \u201cun bo medio de innovaci\u00f3n industrial e creaci\u00f3n de emprego\u201d e subli\u00f1an a necesidade de que \u201ccumpra os requisitos legais e medioambientais\u201d. De a\u00ed que celebren como primeiro paso a declaraci\u00f3n de impacto ambiental que, partindo de criterios obxectivos, foi aprobada favorablemente e se apoia en 34 informes por parte de 42 t\u00e9cnicos.<\/p>\n<p style=\"font-weight: 400;\"><strong><u>\u201cNON \u00c9 UN CHEQUE EN BRANCO E NUNCA O FOI\u201d<\/u><\/strong><\/p>\n<p style=\"font-weight: 400;\">O pontevedr\u00e9s Francisco Mill\u00e1n Mon explica que \u201cisto non \u00e9 un cheque en branco e nunca o foi\u201d. M\u00e1is ben todo o contrario: \u201cAltri ter\u00e1 que cumprir as numeros\u00edsimas condici\u00f3ns adicionais que esixen os informes da Xunta de Galicia e que, nalg\u00fans casos, van m\u00e1is al\u00e1 da lexislaci\u00f3n vixente\u201d.<\/p>\n<p style=\"font-weight: 400;\">Un \u201ctraballo rigoroso dos expertos\u201d que, na s\u00faa opini\u00f3n, contrasta coas \u201ccr\u00edticas xen\u00e9ricas e sen substancia\u201d da esquerda. Un punto de vista que comparte o seu compa\u00f1eiro do Deza no Parlamento Europeo: \u201cFronte ao ru\u00eddo, Galicia conta cun Goberno que funciona e que se toma en serio o emprego, a sustentabilidade ambiental e a competitividade da nosa terra\u201d.<\/p>\n<p style=\"font-weight: 400;\">Agora que \u201ca avaliaci\u00f3n rigorosa levada a cabo pola Xunta acredita que estamos a falar dun investimento seguro en termos ambientais\u201d, os eurodeputados do PPdeG po\u00f1en o foco na responsabilidade do Goberno central e critican a postura amosada pola oposici\u00f3n durante todo este tempo.<\/p>\n<p style=\"font-weight: 400;\">\u201cO BNG, as s\u00faas asociaci\u00f3ns e toda a esquerda en xeral est\u00e1n mobilizados contra este proxecto. Pero non por verdadeiras cuesti\u00f3ns de fondo, sen\u00f3n por claros intereses partidistas e prexu\u00edzos ideol\u00f3xicos\u201d, sost\u00e9n un Mill\u00e1n Mon ao que non sorprenden estas cr\u00edticas dos que \u201csempre estiveron e estar\u00e1n en contra de todo\u201d.<\/p>\n<p style=\"font-weight: 400;\">Adri\u00e1n V\u00e1zquez, na mesma li\u00f1a, indica que tanto o independentismo galego como \u201cos restos do PSdeG\u201d sempre se van queixar a que cheguen investimentos a Galicia \u201cdigan o que digan os estudios de avaliaci\u00f3n ambiental\u201d porque \u201cviven da confrontaci\u00f3n e est\u00e1n moi c\u00f3modos no canto peor mellor\u201d.<\/p>\n","protected":false},"excerpt":{"rendered":"<p>Os eurodeputados do PPdeG, Francisco Mill\u00e1n Mon e Adri\u00e1n V\u00e1zquez, apelan ao respaldo que a Uni\u00f3n Europea deu \u00e1 tramitaci\u00f3n do proxecto de Altri por parte do Goberno galego para demandar a Pedro S\u00e1nchez que non obstaculice o acceso aos fondos europeos e \u00e1 conexi\u00f3n el\u00e9ctrica que a empresa necesita poder iniciar a s\u00faa actividade. [&hellip;]<\/p>\n","protected":false},"author":38,"featured_media":66402,"comment_status":"closed","ping_status":"open","sticky":false,"template":"","format":"standard","meta":{"_acf_changed":false,"footnotes":""},"categories":[1127],"tags":[],"class_list":["post-66401","post","type-post","status-publish","format-standard","has-post-thumbnail","hentry","category-actualidad-parlamento-europeo"],"acf":[],"yoast_head":"<!-- This site is optimized with the Yoast SEO plugin v27.3 - https:\/\/yoast.com\/product\/yoast-seo-wordpress\/ -->\n<title>Os eurodeputados do PPdeG subli\u00f1an o respaldo de Bruxelas \u00e1 tramitaci\u00f3n do proxecto de Altri e piden a Pedro S\u00e1nchez que non obstaculice o seu acceso aos fondos Next Generation - PP de Galicia<\/title>\n<meta name=\"description\" content=\"Os eurodeputados do PPdeG, Francisco Mill\u00e1n Mon e Adri\u00e1n V\u00e1zquez, apelan ao respaldo que a Uni\u00f3n Europea deu \u00e1 tramitaci\u00f3n do proxecto de Altri por parte do Goberno galego para demandar a Pedro S\u00e1nchez que non obstaculice o acceso aos fondos europeos e \u00e1 conexi\u00f3n el\u00e9ctrica que a empresa necesita poder iniciar a s\u00faa actividade.\" \/>\n<meta name=\"robots\" content=\"index, follow, max-snippet:-1, max-image-preview:large, max-video-preview:-1\" \/>\n<link rel=\"canonical\" href=\"https:\/\/ppdegalicia.com\/es\/os-eurodeputados-do-ppdeg-sublinan-o-respaldo-de-bruxelas-a-tramitacion-do-proxecto-de-altri-e-piden-a-pedro-sanchez-que-non-obstaculice-o-seu-acceso-aos-fondos-next-generation\/\" \/>\n<meta property=\"og:locale\" content=\"es_ES\" \/>\n<meta property=\"og:type\" content=\"article\" \/>\n<meta property=\"og:title\" content=\"Os eurodeputados do PPdeG subli\u00f1an o respaldo de Bruxelas \u00e1 tramitaci\u00f3n do proxecto de Altri e piden a Pedro S\u00e1nchez que non obstaculice o seu acceso aos fondos Next Generation - PP de Galicia\" \/>\n<meta property=\"og:description\" content=\"Os eurodeputados do PPdeG, Francisco Mill\u00e1n Mon e Adri\u00e1n V\u00e1zquez, apelan ao respaldo que a Uni\u00f3n Europea deu \u00e1 tramitaci\u00f3n do proxecto de Altri por parte do Goberno galego para demandar a Pedro S\u00e1nchez que non obstaculice o acceso aos fondos europeos e \u00e1 conexi\u00f3n el\u00e9ctrica que a empresa necesita poder iniciar a s\u00faa actividade.\" \/>\n<meta property=\"og:url\" content=\"https:\/\/ppdegalicia.com\/es\/os-eurodeputados-do-ppdeg-sublinan-o-respaldo-de-bruxelas-a-tramitacion-do-proxecto-de-altri-e-piden-a-pedro-sanchez-que-non-obstaculice-o-seu-acceso-aos-fondos-next-generation\/\" \/>\n<meta property=\"og:site_name\" content=\"PP de Galicia\" \/>\n<meta property=\"article:publisher\" content=\"https:\/\/www.instagram.com\/ppdegalicia\/\" \/>\n<meta property=\"article:published_time\" content=\"2025-03-30T09:31:31+00:00\" \/>\n<meta property=\"og:image\" content=\"https:\/\/ppdegalicia.com\/wp-content\/uploads\/2025\/03\/Os-eurodeputados-Francisco-Millan-Mon-e-Adrian-Vazquez.jpeg\" \/>\n\t<meta property=\"og:image:width\" content=\"1513\" \/>\n\t<meta property=\"og:image:height\" content=\"1009\" \/>\n\t<meta property=\"og:image:type\" content=\"image\/jpeg\" \/>\n<meta name=\"author\" content=\"ppdegaliciaredes\" \/>\n<meta name=\"twitter:card\" content=\"summary_large_image\" \/>\n<meta name=\"twitter:creator\" content=\"@ppdegalicia\" \/>\n<meta name=\"twitter:site\" content=\"@ppdegalicia\" \/>\n<meta name=\"twitter:label1\" content=\"Escrito por\" \/>\n\t<meta name=\"twitter:data1\" content=\"ppdegaliciaredes\" \/>\n\t<meta name=\"twitter:label2\" content=\"Tiempo de lectura\" \/>\n\t<meta name=\"twitter:data2\" content=\"4 minutos\" \/>\n<script type=\"application\/ld+json\" class=\"yoast-schema-graph\">{\"@context\":\"https:\\\/\\\/schema.org\",\"@graph\":[{\"@type\":\"Article\",\"@id\":\"https:\\\/\\\/ppdegalicia.com\\\/es\\\/os-eurodeputados-do-ppdeg-sublinan-o-respaldo-de-bruxelas-a-tramitacion-do-proxecto-de-altri-e-piden-a-pedro-sanchez-que-non-obstaculice-o-seu-acceso-aos-fondos-next-generation\\\/#article\",\"isPartOf\":{\"@id\":\"https:\\\/\\\/ppdegalicia.com\\\/es\\\/os-eurodeputados-do-ppdeg-sublinan-o-respaldo-de-bruxelas-a-tramitacion-do-proxecto-de-altri-e-piden-a-pedro-sanchez-que-non-obstaculice-o-seu-acceso-aos-fondos-next-generation\\\/\"},\"author\":{\"name\":\"ppdegaliciaredes\",\"@id\":\"https:\\\/\\\/ppdegalicia.com\\\/es\\\/#\\\/schema\\\/person\\\/5b822c6f59e872ebdd1142f307dbcb59\"},\"headline\":\"Os eurodeputados do PPdeG subli\u00f1an o respaldo de Bruxelas \u00e1 tramitaci\u00f3n do proxecto de Altri e piden a Pedro S\u00e1nchez que non obstaculice o seu acceso aos fondos Next Generation\",\"datePublished\":\"2025-03-30T09:31:31+00:00\",\"mainEntityOfPage\":{\"@id\":\"https:\\\/\\\/ppdegalicia.com\\\/es\\\/os-eurodeputados-do-ppdeg-sublinan-o-respaldo-de-bruxelas-a-tramitacion-do-proxecto-de-altri-e-piden-a-pedro-sanchez-que-non-obstaculice-o-seu-acceso-aos-fondos-next-generation\\\/\"},\"wordCount\":661,\"publisher\":{\"@id\":\"https:\\\/\\\/ppdegalicia.com\\\/es\\\/#organization\"},\"image\":{\"@id\":\"https:\\\/\\\/ppdegalicia.com\\\/es\\\/os-eurodeputados-do-ppdeg-sublinan-o-respaldo-de-bruxelas-a-tramitacion-do-proxecto-de-altri-e-piden-a-pedro-sanchez-que-non-obstaculice-o-seu-acceso-aos-fondos-next-generation\\\/#primaryimage\"},\"thumbnailUrl\":\"https:\\\/\\\/ppdegalicia.com\\\/wp-content\\\/uploads\\\/2025\\\/03\\\/Os-eurodeputados-Francisco-Millan-Mon-e-Adrian-Vazquez.jpeg\",\"articleSection\":[\"Parlamento Europeo\"],\"inLanguage\":\"es\"},{\"@type\":\"WebPage\",\"@id\":\"https:\\\/\\\/ppdegalicia.com\\\/es\\\/os-eurodeputados-do-ppdeg-sublinan-o-respaldo-de-bruxelas-a-tramitacion-do-proxecto-de-altri-e-piden-a-pedro-sanchez-que-non-obstaculice-o-seu-acceso-aos-fondos-next-generation\\\/\",\"url\":\"https:\\\/\\\/ppdegalicia.com\\\/es\\\/os-eurodeputados-do-ppdeg-sublinan-o-respaldo-de-bruxelas-a-tramitacion-do-proxecto-de-altri-e-piden-a-pedro-sanchez-que-non-obstaculice-o-seu-acceso-aos-fondos-next-generation\\\/\",\"name\":\"Os eurodeputados do PPdeG subli\u00f1an o respaldo de Bruxelas \u00e1 tramitaci\u00f3n do proxecto de Altri e piden a Pedro S\u00e1nchez que non obstaculice o seu acceso aos fondos Next Generation - PP de Galicia\",\"isPartOf\":{\"@id\":\"https:\\\/\\\/ppdegalicia.com\\\/es\\\/#website\"},\"primaryImageOfPage\":{\"@id\":\"https:\\\/\\\/ppdegalicia.com\\\/es\\\/os-eurodeputados-do-ppdeg-sublinan-o-respaldo-de-bruxelas-a-tramitacion-do-proxecto-de-altri-e-piden-a-pedro-sanchez-que-non-obstaculice-o-seu-acceso-aos-fondos-next-generation\\\/#primaryimage\"},\"image\":{\"@id\":\"https:\\\/\\\/ppdegalicia.com\\\/es\\\/os-eurodeputados-do-ppdeg-sublinan-o-respaldo-de-bruxelas-a-tramitacion-do-proxecto-de-altri-e-piden-a-pedro-sanchez-que-non-obstaculice-o-seu-acceso-aos-fondos-next-generation\\\/#primaryimage\"},\"thumbnailUrl\":\"https:\\\/\\\/ppdegalicia.com\\\/wp-content\\\/uploads\\\/2025\\\/03\\\/Os-eurodeputados-Francisco-Millan-Mon-e-Adrian-Vazquez.jpeg\",\"datePublished\":\"2025-03-30T09:31:31+00:00\",\"description\":\"Os eurodeputados do PPdeG, Francisco Mill\u00e1n Mon e Adri\u00e1n V\u00e1zquez, apelan ao respaldo que a Uni\u00f3n Europea deu \u00e1 tramitaci\u00f3n do proxecto de Altri por parte do Goberno galego para demandar a Pedro S\u00e1nchez que non obstaculice o acceso aos fondos europeos e \u00e1 conexi\u00f3n el\u00e9ctrica que a empresa necesita poder iniciar a s\u00faa actividade.\",\"breadcrumb\":{\"@id\":\"https:\\\/\\\/ppdegalicia.com\\\/es\\\/os-eurodeputados-do-ppdeg-sublinan-o-respaldo-de-bruxelas-a-tramitacion-do-proxecto-de-altri-e-piden-a-pedro-sanchez-que-non-obstaculice-o-seu-acceso-aos-fondos-next-generation\\\/#breadcrumb\"},\"inLanguage\":\"es\",\"potentialAction\":[{\"@type\":\"ReadAction\",\"target\":[\"https:\\\/\\\/ppdegalicia.com\\\/es\\\/os-eurodeputados-do-ppdeg-sublinan-o-respaldo-de-bruxelas-a-tramitacion-do-proxecto-de-altri-e-piden-a-pedro-sanchez-que-non-obstaculice-o-seu-acceso-aos-fondos-next-generation\\\/\"]}]},{\"@type\":\"ImageObject\",\"inLanguage\":\"es\",\"@id\":\"https:\\\/\\\/ppdegalicia.com\\\/es\\\/os-eurodeputados-do-ppdeg-sublinan-o-respaldo-de-bruxelas-a-tramitacion-do-proxecto-de-altri-e-piden-a-pedro-sanchez-que-non-obstaculice-o-seu-acceso-aos-fondos-next-generation\\\/#primaryimage\",\"url\":\"https:\\\/\\\/ppdegalicia.com\\\/wp-content\\\/uploads\\\/2025\\\/03\\\/Os-eurodeputados-Francisco-Millan-Mon-e-Adrian-Vazquez.jpeg\",\"contentUrl\":\"https:\\\/\\\/ppdegalicia.com\\\/wp-content\\\/uploads\\\/2025\\\/03\\\/Os-eurodeputados-Francisco-Millan-Mon-e-Adrian-Vazquez.jpeg\",\"width\":1513,\"height\":1009},{\"@type\":\"BreadcrumbList\",\"@id\":\"https:\\\/\\\/ppdegalicia.com\\\/es\\\/os-eurodeputados-do-ppdeg-sublinan-o-respaldo-de-bruxelas-a-tramitacion-do-proxecto-de-altri-e-piden-a-pedro-sanchez-que-non-obstaculice-o-seu-acceso-aos-fondos-next-generation\\\/#breadcrumb\",\"itemListElement\":[{\"@type\":\"ListItem\",\"position\":1,\"name\":\"Portada\",\"item\":\"https:\\\/\\\/ppdegalicia.com\\\/es\\\/\"},{\"@type\":\"ListItem\",\"position\":2,\"name\":\"Os eurodeputados do PPdeG subli\u00f1an o respaldo de Bruxelas \u00e1 tramitaci\u00f3n do proxecto de Altri e piden a Pedro S\u00e1nchez que non obstaculice o seu acceso aos fondos Next Generation\"}]},{\"@type\":\"WebSite\",\"@id\":\"https:\\\/\\\/ppdegalicia.com\\\/es\\\/#website\",\"url\":\"https:\\\/\\\/ppdegalicia.com\\\/es\\\/\",\"name\":\"Partido Popular de Galicia\",\"description\":\"Partido Popular de Galicia\",\"publisher\":{\"@id\":\"https:\\\/\\\/ppdegalicia.com\\\/es\\\/#organization\"},\"alternateName\":\"PP de Galicia\",\"potentialAction\":[{\"@type\":\"SearchAction\",\"target\":{\"@type\":\"EntryPoint\",\"urlTemplate\":\"https:\\\/\\\/ppdegalicia.com\\\/es\\\/?s={search_term_string}\"},\"query-input\":{\"@type\":\"PropertyValueSpecification\",\"valueRequired\":true,\"valueName\":\"search_term_string\"}}],\"inLanguage\":\"es\"},{\"@type\":\"Organization\",\"@id\":\"https:\\\/\\\/ppdegalicia.com\\\/es\\\/#organization\",\"name\":\"Partido Popular de Galicia\",\"alternateName\":\"PP de Galicia\",\"url\":\"https:\\\/\\\/ppdegalicia.com\\\/es\\\/\",\"logo\":{\"@type\":\"ImageObject\",\"inLanguage\":\"es\",\"@id\":\"https:\\\/\\\/ppdegalicia.com\\\/es\\\/#\\\/schema\\\/logo\\\/image\\\/\",\"url\":\"https:\\\/\\\/ppdegalicia.com\\\/wp-content\\\/uploads\\\/2023\\\/04\\\/logoPP512.png\",\"contentUrl\":\"https:\\\/\\\/ppdegalicia.com\\\/wp-content\\\/uploads\\\/2023\\\/04\\\/logoPP512.png\",\"width\":512,\"height\":512,\"caption\":\"Partido Popular de Galicia\"},\"image\":{\"@id\":\"https:\\\/\\\/ppdegalicia.com\\\/es\\\/#\\\/schema\\\/logo\\\/image\\\/\"},\"sameAs\":[\"https:\\\/\\\/www.instagram.com\\\/ppdegalicia\\\/\",\"https:\\\/\\\/x.com\\\/ppdegalicia\",\"https:\\\/\\\/www.tiktok.com\\\/@ppdegalicia\",\"https:\\\/\\\/www.youtube.com\\\/user\\\/ppdegalicia\"]},{\"@type\":\"Person\",\"@id\":\"https:\\\/\\\/ppdegalicia.com\\\/es\\\/#\\\/schema\\\/person\\\/5b822c6f59e872ebdd1142f307dbcb59\",\"name\":\"ppdegaliciaredes\",\"image\":{\"@type\":\"ImageObject\",\"inLanguage\":\"es\",\"@id\":\"https:\\\/\\\/secure.gravatar.com\\\/avatar\\\/3c9179cf0256d00c72a48d1f25783c58b6842cd56e85ef3a572881c8e28ccd59?s=96&d=mm&r=g\",\"url\":\"https:\\\/\\\/secure.gravatar.com\\\/avatar\\\/3c9179cf0256d00c72a48d1f25783c58b6842cd56e85ef3a572881c8e28ccd59?s=96&d=mm&r=g\",\"contentUrl\":\"https:\\\/\\\/secure.gravatar.com\\\/avatar\\\/3c9179cf0256d00c72a48d1f25783c58b6842cd56e85ef3a572881c8e28ccd59?s=96&d=mm&r=g\",\"caption\":\"ppdegaliciaredes\"},\"url\":\"https:\\\/\\\/ppdegalicia.com\\\/es\\\/author\\\/ppdegaliciaredes\\\/\"}]}<\/script>\n<!-- \/ Yoast SEO plugin. -->","yoast_head_json":{"title":"Os eurodeputados do PPdeG subli\u00f1an o respaldo de Bruxelas \u00e1 tramitaci\u00f3n do proxecto de Altri e piden a Pedro S\u00e1nchez que non obstaculice o seu acceso aos fondos Next Generation - PP de Galicia","description":"Os eurodeputados do PPdeG, Francisco Mill\u00e1n Mon e Adri\u00e1n V\u00e1zquez, apelan ao respaldo que a Uni\u00f3n Europea deu \u00e1 tramitaci\u00f3n do proxecto de Altri por parte do Goberno galego para demandar a Pedro S\u00e1nchez que non obstaculice o acceso aos fondos europeos e \u00e1 conexi\u00f3n el\u00e9ctrica que a empresa necesita poder iniciar a s\u00faa actividade.","robots":{"index":"index","follow":"follow","max-snippet":"max-snippet:-1","max-image-preview":"max-image-preview:large","max-video-preview":"max-video-preview:-1"},"canonical":"https:\/\/ppdegalicia.com\/es\/os-eurodeputados-do-ppdeg-sublinan-o-respaldo-de-bruxelas-a-tramitacion-do-proxecto-de-altri-e-piden-a-pedro-sanchez-que-non-obstaculice-o-seu-acceso-aos-fondos-next-generation\/","og_locale":"es_ES","og_type":"article","og_title":"Os eurodeputados do PPdeG subli\u00f1an o respaldo de Bruxelas \u00e1 tramitaci\u00f3n do proxecto de Altri e piden a Pedro S\u00e1nchez que non obstaculice o seu acceso aos fondos Next Generation - PP de Galicia","og_description":"Os eurodeputados do PPdeG, Francisco Mill\u00e1n Mon e Adri\u00e1n V\u00e1zquez, apelan ao respaldo que a Uni\u00f3n Europea deu \u00e1 tramitaci\u00f3n do proxecto de Altri por parte do Goberno galego para demandar a Pedro S\u00e1nchez que non obstaculice o acceso aos fondos europeos e \u00e1 conexi\u00f3n el\u00e9ctrica que a empresa necesita poder iniciar a s\u00faa actividade.","og_url":"https:\/\/ppdegalicia.com\/es\/os-eurodeputados-do-ppdeg-sublinan-o-respaldo-de-bruxelas-a-tramitacion-do-proxecto-de-altri-e-piden-a-pedro-sanchez-que-non-obstaculice-o-seu-acceso-aos-fondos-next-generation\/","og_site_name":"PP de Galicia","article_publisher":"https:\/\/www.instagram.com\/ppdegalicia\/","article_published_time":"2025-03-30T09:31:31+00:00","og_image":[{"width":1513,"height":1009,"url":"https:\/\/ppdegalicia.com\/wp-content\/uploads\/2025\/03\/Os-eurodeputados-Francisco-Millan-Mon-e-Adrian-Vazquez.jpeg","type":"image\/jpeg"}],"author":"ppdegaliciaredes","twitter_card":"summary_large_image","twitter_creator":"@ppdegalicia","twitter_site":"@ppdegalicia","twitter_misc":{"Escrito por":"ppdegaliciaredes","Tiempo de lectura":"4 minutos"},"schema":{"@context":"https:\/\/schema.org","@graph":[{"@type":"Article","@id":"https:\/\/ppdegalicia.com\/es\/os-eurodeputados-do-ppdeg-sublinan-o-respaldo-de-bruxelas-a-tramitacion-do-proxecto-de-altri-e-piden-a-pedro-sanchez-que-non-obstaculice-o-seu-acceso-aos-fondos-next-generation\/#article","isPartOf":{"@id":"https:\/\/ppdegalicia.com\/es\/os-eurodeputados-do-ppdeg-sublinan-o-respaldo-de-bruxelas-a-tramitacion-do-proxecto-de-altri-e-piden-a-pedro-sanchez-que-non-obstaculice-o-seu-acceso-aos-fondos-next-generation\/"},"author":{"name":"ppdegaliciaredes","@id":"https:\/\/ppdegalicia.com\/es\/#\/schema\/person\/5b822c6f59e872ebdd1142f307dbcb59"},"headline":"Os eurodeputados do PPdeG subli\u00f1an o respaldo de Bruxelas \u00e1 tramitaci\u00f3n do proxecto de Altri e piden a Pedro S\u00e1nchez que non obstaculice o seu acceso aos fondos Next Generation","datePublished":"2025-03-30T09:31:31+00:00","mainEntityOfPage":{"@id":"https:\/\/ppdegalicia.com\/es\/os-eurodeputados-do-ppdeg-sublinan-o-respaldo-de-bruxelas-a-tramitacion-do-proxecto-de-altri-e-piden-a-pedro-sanchez-que-non-obstaculice-o-seu-acceso-aos-fondos-next-generation\/"},"wordCount":661,"publisher":{"@id":"https:\/\/ppdegalicia.com\/es\/#organization"},"image":{"@id":"https:\/\/ppdegalicia.com\/es\/os-eurodeputados-do-ppdeg-sublinan-o-respaldo-de-bruxelas-a-tramitacion-do-proxecto-de-altri-e-piden-a-pedro-sanchez-que-non-obstaculice-o-seu-acceso-aos-fondos-next-generation\/#primaryimage"},"thumbnailUrl":"https:\/\/ppdegalicia.com\/wp-content\/uploads\/2025\/03\/Os-eurodeputados-Francisco-Millan-Mon-e-Adrian-Vazquez.jpeg","articleSection":["Parlamento Europeo"],"inLanguage":"es"},{"@type":"WebPage","@id":"https:\/\/ppdegalicia.com\/es\/os-eurodeputados-do-ppdeg-sublinan-o-respaldo-de-bruxelas-a-tramitacion-do-proxecto-de-altri-e-piden-a-pedro-sanchez-que-non-obstaculice-o-seu-acceso-aos-fondos-next-generation\/","url":"https:\/\/ppdegalicia.com\/es\/os-eurodeputados-do-ppdeg-sublinan-o-respaldo-de-bruxelas-a-tramitacion-do-proxecto-de-altri-e-piden-a-pedro-sanchez-que-non-obstaculice-o-seu-acceso-aos-fondos-next-generation\/","name":"Os eurodeputados do PPdeG subli\u00f1an o respaldo de Bruxelas \u00e1 tramitaci\u00f3n do proxecto de Altri e piden a Pedro S\u00e1nchez que non obstaculice o seu acceso aos fondos Next Generation - PP de Galicia","isPartOf":{"@id":"https:\/\/ppdegalicia.com\/es\/#website"},"primaryImageOfPage":{"@id":"https:\/\/ppdegalicia.com\/es\/os-eurodeputados-do-ppdeg-sublinan-o-respaldo-de-bruxelas-a-tramitacion-do-proxecto-de-altri-e-piden-a-pedro-sanchez-que-non-obstaculice-o-seu-acceso-aos-fondos-next-generation\/#primaryimage"},"image":{"@id":"https:\/\/ppdegalicia.com\/es\/os-eurodeputados-do-ppdeg-sublinan-o-respaldo-de-bruxelas-a-tramitacion-do-proxecto-de-altri-e-piden-a-pedro-sanchez-que-non-obstaculice-o-seu-acceso-aos-fondos-next-generation\/#primaryimage"},"thumbnailUrl":"https:\/\/ppdegalicia.com\/wp-content\/uploads\/2025\/03\/Os-eurodeputados-Francisco-Millan-Mon-e-Adrian-Vazquez.jpeg","datePublished":"2025-03-30T09:31:31+00:00","description":"Os eurodeputados do PPdeG, Francisco Mill\u00e1n Mon e Adri\u00e1n V\u00e1zquez, apelan ao respaldo que a Uni\u00f3n Europea deu \u00e1 tramitaci\u00f3n do proxecto de Altri por parte do Goberno galego para demandar a Pedro S\u00e1nchez que non obstaculice o acceso aos fondos europeos e \u00e1 conexi\u00f3n el\u00e9ctrica que a empresa necesita poder iniciar a s\u00faa actividade.","breadcrumb":{"@id":"https:\/\/ppdegalicia.com\/es\/os-eurodeputados-do-ppdeg-sublinan-o-respaldo-de-bruxelas-a-tramitacion-do-proxecto-de-altri-e-piden-a-pedro-sanchez-que-non-obstaculice-o-seu-acceso-aos-fondos-next-generation\/#breadcrumb"},"inLanguage":"es","potentialAction":[{"@type":"ReadAction","target":["https:\/\/ppdegalicia.com\/es\/os-eurodeputados-do-ppdeg-sublinan-o-respaldo-de-bruxelas-a-tramitacion-do-proxecto-de-altri-e-piden-a-pedro-sanchez-que-non-obstaculice-o-seu-acceso-aos-fondos-next-generation\/"]}]},{"@type":"ImageObject","inLanguage":"es","@id":"https:\/\/ppdegalicia.com\/es\/os-eurodeputados-do-ppdeg-sublinan-o-respaldo-de-bruxelas-a-tramitacion-do-proxecto-de-altri-e-piden-a-pedro-sanchez-que-non-obstaculice-o-seu-acceso-aos-fondos-next-generation\/#primaryimage","url":"https:\/\/ppdegalicia.com\/wp-content\/uploads\/2025\/03\/Os-eurodeputados-Francisco-Millan-Mon-e-Adrian-Vazquez.jpeg","contentUrl":"https:\/\/ppdegalicia.com\/wp-content\/uploads\/2025\/03\/Os-eurodeputados-Francisco-Millan-Mon-e-Adrian-Vazquez.jpeg","width":1513,"height":1009},{"@type":"BreadcrumbList","@id":"https:\/\/ppdegalicia.com\/es\/os-eurodeputados-do-ppdeg-sublinan-o-respaldo-de-bruxelas-a-tramitacion-do-proxecto-de-altri-e-piden-a-pedro-sanchez-que-non-obstaculice-o-seu-acceso-aos-fondos-next-generation\/#breadcrumb","itemListElement":[{"@type":"ListItem","position":1,"name":"Portada","item":"https:\/\/ppdegalicia.com\/es\/"},{"@type":"ListItem","position":2,"name":"Os eurodeputados do PPdeG subli\u00f1an o respaldo de Bruxelas \u00e1 tramitaci\u00f3n do proxecto de Altri e piden a Pedro S\u00e1nchez que non obstaculice o seu acceso aos fondos Next Generation"}]},{"@type":"WebSite","@id":"https:\/\/ppdegalicia.com\/es\/#website","url":"https:\/\/ppdegalicia.com\/es\/","name":"Partido Popular de Galicia","description":"Partido Popular de Galicia","publisher":{"@id":"https:\/\/ppdegalicia.com\/es\/#organization"},"alternateName":"PP de Galicia","potentialAction":[{"@type":"SearchAction","target":{"@type":"EntryPoint","urlTemplate":"https:\/\/ppdegalicia.com\/es\/?s={search_term_string}"},"query-input":{"@type":"PropertyValueSpecification","valueRequired":true,"valueName":"search_term_string"}}],"inLanguage":"es"},{"@type":"Organization","@id":"https:\/\/ppdegalicia.com\/es\/#organization","name":"Partido Popular de Galicia","alternateName":"PP de Galicia","url":"https:\/\/ppdegalicia.com\/es\/","logo":{"@type":"ImageObject","inLanguage":"es","@id":"https:\/\/ppdegalicia.com\/es\/#\/schema\/logo\/image\/","url":"https:\/\/ppdegalicia.com\/wp-content\/uploads\/2023\/04\/logoPP512.png","contentUrl":"https:\/\/ppdegalicia.com\/wp-content\/uploads\/2023\/04\/logoPP512.png","width":512,"height":512,"caption":"Partido Popular de Galicia"},"image":{"@id":"https:\/\/ppdegalicia.com\/es\/#\/schema\/logo\/image\/"},"sameAs":["https:\/\/www.instagram.com\/ppdegalicia\/","https:\/\/x.com\/ppdegalicia","https:\/\/www.tiktok.com\/@ppdegalicia","https:\/\/www.youtube.com\/user\/ppdegalicia"]},{"@type":"Person","@id":"https:\/\/ppdegalicia.com\/es\/#\/schema\/person\/5b822c6f59e872ebdd1142f307dbcb59","name":"ppdegaliciaredes","image":{"@type":"ImageObject","inLanguage":"es","@id":"https:\/\/secure.gravatar.com\/avatar\/3c9179cf0256d00c72a48d1f25783c58b6842cd56e85ef3a572881c8e28ccd59?s=96&d=mm&r=g","url":"https:\/\/secure.gravatar.com\/avatar\/3c9179cf0256d00c72a48d1f25783c58b6842cd56e85ef3a572881c8e28ccd59?s=96&d=mm&r=g","contentUrl":"https:\/\/secure.gravatar.com\/avatar\/3c9179cf0256d00c72a48d1f25783c58b6842cd56e85ef3a572881c8e28ccd59?s=96&d=mm&r=g","caption":"ppdegaliciaredes"},"url":"https:\/\/ppdegalicia.com\/es\/author\/ppdegaliciaredes\/"}]}},"_links":{"self":[{"href":"https:\/\/ppdegalicia.com\/es\/wp-json\/wp\/v2\/posts\/66401","targetHints":{"allow":["GET"]}}],"collection":[{"href":"https:\/\/ppdegalicia.com\/es\/wp-json\/wp\/v2\/posts"}],"about":[{"href":"https:\/\/ppdegalicia.com\/es\/wp-json\/wp\/v2\/types\/post"}],"author":[{"embeddable":true,"href":"https:\/\/ppdegalicia.com\/es\/wp-json\/wp\/v2\/users\/38"}],"replies":[{"embeddable":true,"href":"https:\/\/ppdegalicia.com\/es\/wp-json\/wp\/v2\/comments?post=66401"}],"version-history":[{"count":1,"href":"https:\/\/ppdegalicia.com\/es\/wp-json\/wp\/v2\/posts\/66401\/revisions"}],"predecessor-version":[{"id":66404,"href":"https:\/\/ppdegalicia.com\/es\/wp-json\/wp\/v2\/posts\/66401\/revisions\/66404"}],"wp:featuredmedia":[{"embeddable":true,"href":"https:\/\/ppdegalicia.com\/es\/wp-json\/wp\/v2\/media\/66402"}],"wp:attachment":[{"href":"https:\/\/ppdegalicia.com\/es\/wp-json\/wp\/v2\/media?parent=66401"}],"wp:term":[{"taxonomy":"category","embeddable":true,"href":"https:\/\/ppdegalicia.com\/es\/wp-json\/wp\/v2\/categories?post=66401"},{"taxonomy":"post_tag","embeddable":true,"href":"https:\/\/ppdegalicia.com\/es\/wp-json\/wp\/v2\/tags?post=66401"}],"curies":[{"name":"wp","href":"https:\/\/api.w.org\/{rel}","templated":true}]}}