{"id":66412,"date":"2025-03-29T19:39:25","date_gmt":"2025-03-29T18:39:25","guid":{"rendered":"https:\/\/ppdegalicia.com\/?p=66412"},"modified":"2025-03-29T19:39:25","modified_gmt":"2025-03-29T18:39:25","slug":"o-ppdeg-traslada-a-arbitros-adestradores-e-directivos-do-deporte-a-decision-da-xunta-de-exercer-a-accion-popular-nos-procedementos-penais-relacionados-coa-violencia-no-deporte","status":"publish","type":"post","link":"https:\/\/ppdegalicia.com\/es\/o-ppdeg-traslada-a-arbitros-adestradores-e-directivos-do-deporte-a-decision-da-xunta-de-exercer-a-accion-popular-nos-procedementos-penais-relacionados-coa-violencia-no-deporte\/","title":{"rendered":"O PPdeG traslada a \u00e1rbitros, adestradores e directivos do deporte a decisi\u00f3n da Xunta de exercer a acci\u00f3n popular nos procedementos penais relacionados coa violencia no deporte"},"content":{"rendered":"<p>Os deputados do Grupo Popular Argimiro Marnotes e Noelia P\u00e9rez mantiveron un encontro con representantes de \u00e1rbitros, adestradores e directivos do deporte ourens\u00e1n para recoller as s\u00faas propostas de actuaci\u00f3n sobre a violencia no deporte e trasladarlles a decisi\u00f3n do Goberno galego de exercer a acci\u00f3n popular nos procedementos penais nos casos de violencia no deporte que te\u00f1an lugar en Galicia.<\/p>\n<p>Nunha xuntanza cos presidentes galego e ourens\u00e1n de \u00e1rbitros de f\u00fatbol, o presidente de adestradores de f\u00fatbol de Ourense e directivos do voleibol ourens\u00e1n, Argimiro Marnotes e Noelia P\u00e9rez incidiron no pleno compromiso da Xunta coa erradicaci\u00f3n da violencia no deporte, que agora dar\u00e1 un paso m\u00e1is coa modificaci\u00f3n da lexislaci\u00f3n vixente para poder exercer a acci\u00f3n popular en procedementos penais derivados de calquera acto que poida considerarse violencia no deporte. \u201cO obxectivo final \u00e9 facer do deporte un espazo seguro, libre de violencia e respectuoso cos calores da convivencia e o xogo limpo\u201d, indicaron.<\/p>\n<p><strong>MECANISMOS SANCIONADORES E MEDIDAS DE INTERVENCI\u00d3N<\/strong><\/p>\n<p>As\u00ed mesmo, os deputados populares informaron que, logo da aprobaci\u00f3n por unanimidade dunha iniciativa no Pleno celebrado esta semana, a Xunta dar\u00e1 comunicaci\u00f3n aos concellos e clubs federados de Galicia dos mecanismos sancionadores e de todas as medidas de intervenci\u00f3n e protecci\u00f3n previstas nos protocolos existentes dirixidos \u00e1 prevenci\u00f3n da violencia no deporte.<\/p>\n<p>En concreto, entre as medidas que a Xunta impulsar\u00e1 figuran o reforzo das campa\u00f1as de prevenci\u00f3n e sensibilizaci\u00f3n en todo o territorio galego contra a violencia no deporte; o impulso de protocolos de boas pr\u00e1cticas para proporcionar \u00e1s entidades deportivas e organizadores de competici\u00f3ns ferramentas eficaces na prevenci\u00f3n da violencia; a intensificaci\u00f3n da capacidade sancionadora da Comisi\u00f3n Galega de Control da Violencia, que poder\u00e1 iniciar de oficio procedementos sen necesidade de denuncia previa; ou a creaci\u00f3n de mecanismos electr\u00f3nicos accesibles para que a cidadan\u00eda poida denunciar situaci\u00f3ns de violencia ou condutas contrarias \u00e1s normas en eventos deportivos.<\/p>\n","protected":false},"excerpt":{"rendered":"<p>Os deputados do Grupo Popular Argimiro Marnotes e Noelia P\u00e9rez mantiveron un encontro con representantes de \u00e1rbitros, adestradores e directivos do deporte ourens\u00e1n para recoller as s\u00faas propostas de actuaci\u00f3n sobre a violencia no deporte e trasladarlles a decisi\u00f3n do Goberno galego de exercer a acci\u00f3n popular nos procedementos penais nos casos de violencia no [&hellip;]<\/p>\n","protected":false},"author":38,"featured_media":66413,"comment_status":"closed","ping_status":"open","sticky":false,"template":"","format":"standard","meta":{"_acf_changed":false,"footnotes":""},"categories":[1128],"tags":[],"class_list":["post-66412","post","type-post","status-publish","format-standard","has-post-thumbnail","hentry","category-actualidad-parlamento-de-galicia"],"acf":[],"yoast_head":"<!-- This site is optimized with the Yoast SEO plugin v27.3 - https:\/\/yoast.com\/product\/yoast-seo-wordpress\/ -->\n<title>O PPdeG traslada a \u00e1rbitros, adestradores e directivos do deporte a decisi\u00f3n da Xunta de exercer a acci\u00f3n popular nos procedementos penais relacionados coa violencia no deporte - PP de Galicia<\/title>\n<meta name=\"description\" content=\"Os deputados do Grupo Popular Argimiro Marnotes e Noelia P\u00e9rez mantiveron un encontro con representantes de \u00e1rbitros, adestradores e directivos do deporte ourens\u00e1n para recoller as s\u00faas propostas de actuaci\u00f3n sobre a violencia no deporte e trasladarlles a decisi\u00f3n do Goberno galego de exercer a acci\u00f3n popular nos procedementos penais nos casos de violencia no deporte que te\u00f1an lugar en Galicia.\" \/>\n<meta name=\"robots\" content=\"index, follow, max-snippet:-1, max-image-preview:large, max-video-preview:-1\" \/>\n<link rel=\"canonical\" href=\"https:\/\/ppdegalicia.com\/es\/o-ppdeg-traslada-a-arbitros-adestradores-e-directivos-do-deporte-a-decision-da-xunta-de-exercer-a-accion-popular-nos-procedementos-penais-relacionados-coa-violencia-no-deporte\/\" \/>\n<meta property=\"og:locale\" content=\"es_ES\" \/>\n<meta property=\"og:type\" content=\"article\" \/>\n<meta property=\"og:title\" content=\"O PPdeG traslada a \u00e1rbitros, adestradores e directivos do deporte a decisi\u00f3n da Xunta de exercer a acci\u00f3n popular nos procedementos penais relacionados coa violencia no deporte - PP de Galicia\" \/>\n<meta property=\"og:description\" content=\"Os deputados do Grupo Popular Argimiro Marnotes e Noelia P\u00e9rez mantiveron un encontro con representantes de \u00e1rbitros, adestradores e directivos do deporte ourens\u00e1n para recoller as s\u00faas propostas de actuaci\u00f3n sobre a violencia no deporte e trasladarlles a decisi\u00f3n do Goberno galego de exercer a acci\u00f3n popular nos procedementos penais nos casos de violencia no deporte que te\u00f1an lugar en Galicia.\" \/>\n<meta property=\"og:url\" content=\"https:\/\/ppdegalicia.com\/es\/o-ppdeg-traslada-a-arbitros-adestradores-e-directivos-do-deporte-a-decision-da-xunta-de-exercer-a-accion-popular-nos-procedementos-penais-relacionados-coa-violencia-no-deporte\/\" \/>\n<meta property=\"og:site_name\" content=\"PP de Galicia\" \/>\n<meta property=\"article:publisher\" content=\"https:\/\/www.instagram.com\/ppdegalicia\/\" \/>\n<meta property=\"article:published_time\" content=\"2025-03-29T18:39:25+00:00\" \/>\n<meta property=\"og:image\" content=\"https:\/\/ppdegalicia.com\/wp-content\/uploads\/2025\/03\/Argimiro-Marnotes-e-Noelia-Perez-con-representantes-do-deporte-de-Ourense.jpg\" \/>\n\t<meta property=\"og:image:width\" content=\"1112\" \/>\n\t<meta property=\"og:image:height\" content=\"1112\" \/>\n\t<meta property=\"og:image:type\" content=\"image\/jpeg\" \/>\n<meta name=\"author\" content=\"ppdegaliciaredes\" \/>\n<meta name=\"twitter:card\" content=\"summary_large_image\" \/>\n<meta name=\"twitter:creator\" content=\"@ppdegalicia\" \/>\n<meta name=\"twitter:site\" content=\"@ppdegalicia\" \/>\n<meta name=\"twitter:label1\" content=\"Escrito por\" \/>\n\t<meta name=\"twitter:data1\" content=\"ppdegaliciaredes\" \/>\n\t<meta name=\"twitter:label2\" content=\"Tiempo de lectura\" \/>\n\t<meta name=\"twitter:data2\" content=\"2 minutos\" \/>\n<script type=\"application\/ld+json\" class=\"yoast-schema-graph\">{\"@context\":\"https:\\\/\\\/schema.org\",\"@graph\":[{\"@type\":\"Article\",\"@id\":\"https:\\\/\\\/ppdegalicia.com\\\/es\\\/o-ppdeg-traslada-a-arbitros-adestradores-e-directivos-do-deporte-a-decision-da-xunta-de-exercer-a-accion-popular-nos-procedementos-penais-relacionados-coa-violencia-no-deporte\\\/#article\",\"isPartOf\":{\"@id\":\"https:\\\/\\\/ppdegalicia.com\\\/es\\\/o-ppdeg-traslada-a-arbitros-adestradores-e-directivos-do-deporte-a-decision-da-xunta-de-exercer-a-accion-popular-nos-procedementos-penais-relacionados-coa-violencia-no-deporte\\\/\"},\"author\":{\"name\":\"ppdegaliciaredes\",\"@id\":\"https:\\\/\\\/ppdegalicia.com\\\/es\\\/#\\\/schema\\\/person\\\/5b822c6f59e872ebdd1142f307dbcb59\"},\"headline\":\"O PPdeG traslada a \u00e1rbitros, adestradores e directivos do deporte a decisi\u00f3n da Xunta de exercer a acci\u00f3n popular nos procedementos penais relacionados coa violencia no deporte\",\"datePublished\":\"2025-03-29T18:39:25+00:00\",\"mainEntityOfPage\":{\"@id\":\"https:\\\/\\\/ppdegalicia.com\\\/es\\\/o-ppdeg-traslada-a-arbitros-adestradores-e-directivos-do-deporte-a-decision-da-xunta-de-exercer-a-accion-popular-nos-procedementos-penais-relacionados-coa-violencia-no-deporte\\\/\"},\"wordCount\":374,\"publisher\":{\"@id\":\"https:\\\/\\\/ppdegalicia.com\\\/es\\\/#organization\"},\"image\":{\"@id\":\"https:\\\/\\\/ppdegalicia.com\\\/es\\\/o-ppdeg-traslada-a-arbitros-adestradores-e-directivos-do-deporte-a-decision-da-xunta-de-exercer-a-accion-popular-nos-procedementos-penais-relacionados-coa-violencia-no-deporte\\\/#primaryimage\"},\"thumbnailUrl\":\"https:\\\/\\\/ppdegalicia.com\\\/wp-content\\\/uploads\\\/2025\\\/03\\\/Argimiro-Marnotes-e-Noelia-Perez-con-representantes-do-deporte-de-Ourense.jpg\",\"articleSection\":[\"Parlamento de Galicia\"],\"inLanguage\":\"es\"},{\"@type\":\"WebPage\",\"@id\":\"https:\\\/\\\/ppdegalicia.com\\\/es\\\/o-ppdeg-traslada-a-arbitros-adestradores-e-directivos-do-deporte-a-decision-da-xunta-de-exercer-a-accion-popular-nos-procedementos-penais-relacionados-coa-violencia-no-deporte\\\/\",\"url\":\"https:\\\/\\\/ppdegalicia.com\\\/es\\\/o-ppdeg-traslada-a-arbitros-adestradores-e-directivos-do-deporte-a-decision-da-xunta-de-exercer-a-accion-popular-nos-procedementos-penais-relacionados-coa-violencia-no-deporte\\\/\",\"name\":\"O PPdeG traslada a \u00e1rbitros, adestradores e directivos do deporte a decisi\u00f3n da Xunta de exercer a acci\u00f3n popular nos procedementos penais relacionados coa violencia no deporte - PP de Galicia\",\"isPartOf\":{\"@id\":\"https:\\\/\\\/ppdegalicia.com\\\/es\\\/#website\"},\"primaryImageOfPage\":{\"@id\":\"https:\\\/\\\/ppdegalicia.com\\\/es\\\/o-ppdeg-traslada-a-arbitros-adestradores-e-directivos-do-deporte-a-decision-da-xunta-de-exercer-a-accion-popular-nos-procedementos-penais-relacionados-coa-violencia-no-deporte\\\/#primaryimage\"},\"image\":{\"@id\":\"https:\\\/\\\/ppdegalicia.com\\\/es\\\/o-ppdeg-traslada-a-arbitros-adestradores-e-directivos-do-deporte-a-decision-da-xunta-de-exercer-a-accion-popular-nos-procedementos-penais-relacionados-coa-violencia-no-deporte\\\/#primaryimage\"},\"thumbnailUrl\":\"https:\\\/\\\/ppdegalicia.com\\\/wp-content\\\/uploads\\\/2025\\\/03\\\/Argimiro-Marnotes-e-Noelia-Perez-con-representantes-do-deporte-de-Ourense.jpg\",\"datePublished\":\"2025-03-29T18:39:25+00:00\",\"description\":\"Os deputados do Grupo Popular Argimiro Marnotes e Noelia P\u00e9rez mantiveron un encontro con representantes de \u00e1rbitros, adestradores e directivos do deporte ourens\u00e1n para recoller as s\u00faas propostas de actuaci\u00f3n sobre a violencia no deporte e trasladarlles a decisi\u00f3n do Goberno galego de exercer a acci\u00f3n popular nos procedementos penais nos casos de violencia no deporte que te\u00f1an lugar en Galicia.\",\"breadcrumb\":{\"@id\":\"https:\\\/\\\/ppdegalicia.com\\\/es\\\/o-ppdeg-traslada-a-arbitros-adestradores-e-directivos-do-deporte-a-decision-da-xunta-de-exercer-a-accion-popular-nos-procedementos-penais-relacionados-coa-violencia-no-deporte\\\/#breadcrumb\"},\"inLanguage\":\"es\",\"potentialAction\":[{\"@type\":\"ReadAction\",\"target\":[\"https:\\\/\\\/ppdegalicia.com\\\/es\\\/o-ppdeg-traslada-a-arbitros-adestradores-e-directivos-do-deporte-a-decision-da-xunta-de-exercer-a-accion-popular-nos-procedementos-penais-relacionados-coa-violencia-no-deporte\\\/\"]}]},{\"@type\":\"ImageObject\",\"inLanguage\":\"es\",\"@id\":\"https:\\\/\\\/ppdegalicia.com\\\/es\\\/o-ppdeg-traslada-a-arbitros-adestradores-e-directivos-do-deporte-a-decision-da-xunta-de-exercer-a-accion-popular-nos-procedementos-penais-relacionados-coa-violencia-no-deporte\\\/#primaryimage\",\"url\":\"https:\\\/\\\/ppdegalicia.com\\\/wp-content\\\/uploads\\\/2025\\\/03\\\/Argimiro-Marnotes-e-Noelia-Perez-con-representantes-do-deporte-de-Ourense.jpg\",\"contentUrl\":\"https:\\\/\\\/ppdegalicia.com\\\/wp-content\\\/uploads\\\/2025\\\/03\\\/Argimiro-Marnotes-e-Noelia-Perez-con-representantes-do-deporte-de-Ourense.jpg\",\"width\":1112,\"height\":1112},{\"@type\":\"BreadcrumbList\",\"@id\":\"https:\\\/\\\/ppdegalicia.com\\\/es\\\/o-ppdeg-traslada-a-arbitros-adestradores-e-directivos-do-deporte-a-decision-da-xunta-de-exercer-a-accion-popular-nos-procedementos-penais-relacionados-coa-violencia-no-deporte\\\/#breadcrumb\",\"itemListElement\":[{\"@type\":\"ListItem\",\"position\":1,\"name\":\"Portada\",\"item\":\"https:\\\/\\\/ppdegalicia.com\\\/es\\\/\"},{\"@type\":\"ListItem\",\"position\":2,\"name\":\"O PPdeG traslada a \u00e1rbitros, adestradores e directivos do deporte a decisi\u00f3n da Xunta de exercer a acci\u00f3n popular nos procedementos penais relacionados coa violencia no deporte\"}]},{\"@type\":\"WebSite\",\"@id\":\"https:\\\/\\\/ppdegalicia.com\\\/es\\\/#website\",\"url\":\"https:\\\/\\\/ppdegalicia.com\\\/es\\\/\",\"name\":\"Partido Popular de Galicia\",\"description\":\"Partido Popular de Galicia\",\"publisher\":{\"@id\":\"https:\\\/\\\/ppdegalicia.com\\\/es\\\/#organization\"},\"alternateName\":\"PP de Galicia\",\"potentialAction\":[{\"@type\":\"SearchAction\",\"target\":{\"@type\":\"EntryPoint\",\"urlTemplate\":\"https:\\\/\\\/ppdegalicia.com\\\/es\\\/?s={search_term_string}\"},\"query-input\":{\"@type\":\"PropertyValueSpecification\",\"valueRequired\":true,\"valueName\":\"search_term_string\"}}],\"inLanguage\":\"es\"},{\"@type\":\"Organization\",\"@id\":\"https:\\\/\\\/ppdegalicia.com\\\/es\\\/#organization\",\"name\":\"Partido Popular de Galicia\",\"alternateName\":\"PP de Galicia\",\"url\":\"https:\\\/\\\/ppdegalicia.com\\\/es\\\/\",\"logo\":{\"@type\":\"ImageObject\",\"inLanguage\":\"es\",\"@id\":\"https:\\\/\\\/ppdegalicia.com\\\/es\\\/#\\\/schema\\\/logo\\\/image\\\/\",\"url\":\"https:\\\/\\\/ppdegalicia.com\\\/wp-content\\\/uploads\\\/2023\\\/04\\\/logoPP512.png\",\"contentUrl\":\"https:\\\/\\\/ppdegalicia.com\\\/wp-content\\\/uploads\\\/2023\\\/04\\\/logoPP512.png\",\"width\":512,\"height\":512,\"caption\":\"Partido Popular de Galicia\"},\"image\":{\"@id\":\"https:\\\/\\\/ppdegalicia.com\\\/es\\\/#\\\/schema\\\/logo\\\/image\\\/\"},\"sameAs\":[\"https:\\\/\\\/www.instagram.com\\\/ppdegalicia\\\/\",\"https:\\\/\\\/x.com\\\/ppdegalicia\",\"https:\\\/\\\/www.tiktok.com\\\/@ppdegalicia\",\"https:\\\/\\\/www.youtube.com\\\/user\\\/ppdegalicia\"]},{\"@type\":\"Person\",\"@id\":\"https:\\\/\\\/ppdegalicia.com\\\/es\\\/#\\\/schema\\\/person\\\/5b822c6f59e872ebdd1142f307dbcb59\",\"name\":\"ppdegaliciaredes\",\"image\":{\"@type\":\"ImageObject\",\"inLanguage\":\"es\",\"@id\":\"https:\\\/\\\/secure.gravatar.com\\\/avatar\\\/3c9179cf0256d00c72a48d1f25783c58b6842cd56e85ef3a572881c8e28ccd59?s=96&d=mm&r=g\",\"url\":\"https:\\\/\\\/secure.gravatar.com\\\/avatar\\\/3c9179cf0256d00c72a48d1f25783c58b6842cd56e85ef3a572881c8e28ccd59?s=96&d=mm&r=g\",\"contentUrl\":\"https:\\\/\\\/secure.gravatar.com\\\/avatar\\\/3c9179cf0256d00c72a48d1f25783c58b6842cd56e85ef3a572881c8e28ccd59?s=96&d=mm&r=g\",\"caption\":\"ppdegaliciaredes\"},\"url\":\"https:\\\/\\\/ppdegalicia.com\\\/es\\\/author\\\/ppdegaliciaredes\\\/\"}]}<\/script>\n<!-- \/ Yoast SEO plugin. -->","yoast_head_json":{"title":"O PPdeG traslada a \u00e1rbitros, adestradores e directivos do deporte a decisi\u00f3n da Xunta de exercer a acci\u00f3n popular nos procedementos penais relacionados coa violencia no deporte - PP de Galicia","description":"Os deputados do Grupo Popular Argimiro Marnotes e Noelia P\u00e9rez mantiveron un encontro con representantes de \u00e1rbitros, adestradores e directivos do deporte ourens\u00e1n para recoller as s\u00faas propostas de actuaci\u00f3n sobre a violencia no deporte e trasladarlles a decisi\u00f3n do Goberno galego de exercer a acci\u00f3n popular nos procedementos penais nos casos de violencia no deporte que te\u00f1an lugar en Galicia.","robots":{"index":"index","follow":"follow","max-snippet":"max-snippet:-1","max-image-preview":"max-image-preview:large","max-video-preview":"max-video-preview:-1"},"canonical":"https:\/\/ppdegalicia.com\/es\/o-ppdeg-traslada-a-arbitros-adestradores-e-directivos-do-deporte-a-decision-da-xunta-de-exercer-a-accion-popular-nos-procedementos-penais-relacionados-coa-violencia-no-deporte\/","og_locale":"es_ES","og_type":"article","og_title":"O PPdeG traslada a \u00e1rbitros, adestradores e directivos do deporte a decisi\u00f3n da Xunta de exercer a acci\u00f3n popular nos procedementos penais relacionados coa violencia no deporte - PP de Galicia","og_description":"Os deputados do Grupo Popular Argimiro Marnotes e Noelia P\u00e9rez mantiveron un encontro con representantes de \u00e1rbitros, adestradores e directivos do deporte ourens\u00e1n para recoller as s\u00faas propostas de actuaci\u00f3n sobre a violencia no deporte e trasladarlles a decisi\u00f3n do Goberno galego de exercer a acci\u00f3n popular nos procedementos penais nos casos de violencia no deporte que te\u00f1an lugar en Galicia.","og_url":"https:\/\/ppdegalicia.com\/es\/o-ppdeg-traslada-a-arbitros-adestradores-e-directivos-do-deporte-a-decision-da-xunta-de-exercer-a-accion-popular-nos-procedementos-penais-relacionados-coa-violencia-no-deporte\/","og_site_name":"PP de Galicia","article_publisher":"https:\/\/www.instagram.com\/ppdegalicia\/","article_published_time":"2025-03-29T18:39:25+00:00","og_image":[{"width":1112,"height":1112,"url":"https:\/\/ppdegalicia.com\/wp-content\/uploads\/2025\/03\/Argimiro-Marnotes-e-Noelia-Perez-con-representantes-do-deporte-de-Ourense.jpg","type":"image\/jpeg"}],"author":"ppdegaliciaredes","twitter_card":"summary_large_image","twitter_creator":"@ppdegalicia","twitter_site":"@ppdegalicia","twitter_misc":{"Escrito por":"ppdegaliciaredes","Tiempo de lectura":"2 minutos"},"schema":{"@context":"https:\/\/schema.org","@graph":[{"@type":"Article","@id":"https:\/\/ppdegalicia.com\/es\/o-ppdeg-traslada-a-arbitros-adestradores-e-directivos-do-deporte-a-decision-da-xunta-de-exercer-a-accion-popular-nos-procedementos-penais-relacionados-coa-violencia-no-deporte\/#article","isPartOf":{"@id":"https:\/\/ppdegalicia.com\/es\/o-ppdeg-traslada-a-arbitros-adestradores-e-directivos-do-deporte-a-decision-da-xunta-de-exercer-a-accion-popular-nos-procedementos-penais-relacionados-coa-violencia-no-deporte\/"},"author":{"name":"ppdegaliciaredes","@id":"https:\/\/ppdegalicia.com\/es\/#\/schema\/person\/5b822c6f59e872ebdd1142f307dbcb59"},"headline":"O PPdeG traslada a \u00e1rbitros, adestradores e directivos do deporte a decisi\u00f3n da Xunta de exercer a acci\u00f3n popular nos procedementos penais relacionados coa violencia no deporte","datePublished":"2025-03-29T18:39:25+00:00","mainEntityOfPage":{"@id":"https:\/\/ppdegalicia.com\/es\/o-ppdeg-traslada-a-arbitros-adestradores-e-directivos-do-deporte-a-decision-da-xunta-de-exercer-a-accion-popular-nos-procedementos-penais-relacionados-coa-violencia-no-deporte\/"},"wordCount":374,"publisher":{"@id":"https:\/\/ppdegalicia.com\/es\/#organization"},"image":{"@id":"https:\/\/ppdegalicia.com\/es\/o-ppdeg-traslada-a-arbitros-adestradores-e-directivos-do-deporte-a-decision-da-xunta-de-exercer-a-accion-popular-nos-procedementos-penais-relacionados-coa-violencia-no-deporte\/#primaryimage"},"thumbnailUrl":"https:\/\/ppdegalicia.com\/wp-content\/uploads\/2025\/03\/Argimiro-Marnotes-e-Noelia-Perez-con-representantes-do-deporte-de-Ourense.jpg","articleSection":["Parlamento de Galicia"],"inLanguage":"es"},{"@type":"WebPage","@id":"https:\/\/ppdegalicia.com\/es\/o-ppdeg-traslada-a-arbitros-adestradores-e-directivos-do-deporte-a-decision-da-xunta-de-exercer-a-accion-popular-nos-procedementos-penais-relacionados-coa-violencia-no-deporte\/","url":"https:\/\/ppdegalicia.com\/es\/o-ppdeg-traslada-a-arbitros-adestradores-e-directivos-do-deporte-a-decision-da-xunta-de-exercer-a-accion-popular-nos-procedementos-penais-relacionados-coa-violencia-no-deporte\/","name":"O PPdeG traslada a \u00e1rbitros, adestradores e directivos do deporte a decisi\u00f3n da Xunta de exercer a acci\u00f3n popular nos procedementos penais relacionados coa violencia no deporte - PP de Galicia","isPartOf":{"@id":"https:\/\/ppdegalicia.com\/es\/#website"},"primaryImageOfPage":{"@id":"https:\/\/ppdegalicia.com\/es\/o-ppdeg-traslada-a-arbitros-adestradores-e-directivos-do-deporte-a-decision-da-xunta-de-exercer-a-accion-popular-nos-procedementos-penais-relacionados-coa-violencia-no-deporte\/#primaryimage"},"image":{"@id":"https:\/\/ppdegalicia.com\/es\/o-ppdeg-traslada-a-arbitros-adestradores-e-directivos-do-deporte-a-decision-da-xunta-de-exercer-a-accion-popular-nos-procedementos-penais-relacionados-coa-violencia-no-deporte\/#primaryimage"},"thumbnailUrl":"https:\/\/ppdegalicia.com\/wp-content\/uploads\/2025\/03\/Argimiro-Marnotes-e-Noelia-Perez-con-representantes-do-deporte-de-Ourense.jpg","datePublished":"2025-03-29T18:39:25+00:00","description":"Os deputados do Grupo Popular Argimiro Marnotes e Noelia P\u00e9rez mantiveron un encontro con representantes de \u00e1rbitros, adestradores e directivos do deporte ourens\u00e1n para recoller as s\u00faas propostas de actuaci\u00f3n sobre a violencia no deporte e trasladarlles a decisi\u00f3n do Goberno galego de exercer a acci\u00f3n popular nos procedementos penais nos casos de violencia no deporte que te\u00f1an lugar en Galicia.","breadcrumb":{"@id":"https:\/\/ppdegalicia.com\/es\/o-ppdeg-traslada-a-arbitros-adestradores-e-directivos-do-deporte-a-decision-da-xunta-de-exercer-a-accion-popular-nos-procedementos-penais-relacionados-coa-violencia-no-deporte\/#breadcrumb"},"inLanguage":"es","potentialAction":[{"@type":"ReadAction","target":["https:\/\/ppdegalicia.com\/es\/o-ppdeg-traslada-a-arbitros-adestradores-e-directivos-do-deporte-a-decision-da-xunta-de-exercer-a-accion-popular-nos-procedementos-penais-relacionados-coa-violencia-no-deporte\/"]}]},{"@type":"ImageObject","inLanguage":"es","@id":"https:\/\/ppdegalicia.com\/es\/o-ppdeg-traslada-a-arbitros-adestradores-e-directivos-do-deporte-a-decision-da-xunta-de-exercer-a-accion-popular-nos-procedementos-penais-relacionados-coa-violencia-no-deporte\/#primaryimage","url":"https:\/\/ppdegalicia.com\/wp-content\/uploads\/2025\/03\/Argimiro-Marnotes-e-Noelia-Perez-con-representantes-do-deporte-de-Ourense.jpg","contentUrl":"https:\/\/ppdegalicia.com\/wp-content\/uploads\/2025\/03\/Argimiro-Marnotes-e-Noelia-Perez-con-representantes-do-deporte-de-Ourense.jpg","width":1112,"height":1112},{"@type":"BreadcrumbList","@id":"https:\/\/ppdegalicia.com\/es\/o-ppdeg-traslada-a-arbitros-adestradores-e-directivos-do-deporte-a-decision-da-xunta-de-exercer-a-accion-popular-nos-procedementos-penais-relacionados-coa-violencia-no-deporte\/#breadcrumb","itemListElement":[{"@type":"ListItem","position":1,"name":"Portada","item":"https:\/\/ppdegalicia.com\/es\/"},{"@type":"ListItem","position":2,"name":"O PPdeG traslada a \u00e1rbitros, adestradores e directivos do deporte a decisi\u00f3n da Xunta de exercer a acci\u00f3n popular nos procedementos penais relacionados coa violencia no deporte"}]},{"@type":"WebSite","@id":"https:\/\/ppdegalicia.com\/es\/#website","url":"https:\/\/ppdegalicia.com\/es\/","name":"Partido Popular de Galicia","description":"Partido Popular de Galicia","publisher":{"@id":"https:\/\/ppdegalicia.com\/es\/#organization"},"alternateName":"PP de Galicia","potentialAction":[{"@type":"SearchAction","target":{"@type":"EntryPoint","urlTemplate":"https:\/\/ppdegalicia.com\/es\/?s={search_term_string}"},"query-input":{"@type":"PropertyValueSpecification","valueRequired":true,"valueName":"search_term_string"}}],"inLanguage":"es"},{"@type":"Organization","@id":"https:\/\/ppdegalicia.com\/es\/#organization","name":"Partido Popular de Galicia","alternateName":"PP de Galicia","url":"https:\/\/ppdegalicia.com\/es\/","logo":{"@type":"ImageObject","inLanguage":"es","@id":"https:\/\/ppdegalicia.com\/es\/#\/schema\/logo\/image\/","url":"https:\/\/ppdegalicia.com\/wp-content\/uploads\/2023\/04\/logoPP512.png","contentUrl":"https:\/\/ppdegalicia.com\/wp-content\/uploads\/2023\/04\/logoPP512.png","width":512,"height":512,"caption":"Partido Popular de Galicia"},"image":{"@id":"https:\/\/ppdegalicia.com\/es\/#\/schema\/logo\/image\/"},"sameAs":["https:\/\/www.instagram.com\/ppdegalicia\/","https:\/\/x.com\/ppdegalicia","https:\/\/www.tiktok.com\/@ppdegalicia","https:\/\/www.youtube.com\/user\/ppdegalicia"]},{"@type":"Person","@id":"https:\/\/ppdegalicia.com\/es\/#\/schema\/person\/5b822c6f59e872ebdd1142f307dbcb59","name":"ppdegaliciaredes","image":{"@type":"ImageObject","inLanguage":"es","@id":"https:\/\/secure.gravatar.com\/avatar\/3c9179cf0256d00c72a48d1f25783c58b6842cd56e85ef3a572881c8e28ccd59?s=96&d=mm&r=g","url":"https:\/\/secure.gravatar.com\/avatar\/3c9179cf0256d00c72a48d1f25783c58b6842cd56e85ef3a572881c8e28ccd59?s=96&d=mm&r=g","contentUrl":"https:\/\/secure.gravatar.com\/avatar\/3c9179cf0256d00c72a48d1f25783c58b6842cd56e85ef3a572881c8e28ccd59?s=96&d=mm&r=g","caption":"ppdegaliciaredes"},"url":"https:\/\/ppdegalicia.com\/es\/author\/ppdegaliciaredes\/"}]}},"_links":{"self":[{"href":"https:\/\/ppdegalicia.com\/es\/wp-json\/wp\/v2\/posts\/66412","targetHints":{"allow":["GET"]}}],"collection":[{"href":"https:\/\/ppdegalicia.com\/es\/wp-json\/wp\/v2\/posts"}],"about":[{"href":"https:\/\/ppdegalicia.com\/es\/wp-json\/wp\/v2\/types\/post"}],"author":[{"embeddable":true,"href":"https:\/\/ppdegalicia.com\/es\/wp-json\/wp\/v2\/users\/38"}],"replies":[{"embeddable":true,"href":"https:\/\/ppdegalicia.com\/es\/wp-json\/wp\/v2\/comments?post=66412"}],"version-history":[{"count":1,"href":"https:\/\/ppdegalicia.com\/es\/wp-json\/wp\/v2\/posts\/66412\/revisions"}],"predecessor-version":[{"id":66415,"href":"https:\/\/ppdegalicia.com\/es\/wp-json\/wp\/v2\/posts\/66412\/revisions\/66415"}],"wp:featuredmedia":[{"embeddable":true,"href":"https:\/\/ppdegalicia.com\/es\/wp-json\/wp\/v2\/media\/66413"}],"wp:attachment":[{"href":"https:\/\/ppdegalicia.com\/es\/wp-json\/wp\/v2\/media?parent=66412"}],"wp:term":[{"taxonomy":"category","embeddable":true,"href":"https:\/\/ppdegalicia.com\/es\/wp-json\/wp\/v2\/categories?post=66412"},{"taxonomy":"post_tag","embeddable":true,"href":"https:\/\/ppdegalicia.com\/es\/wp-json\/wp\/v2\/tags?post=66412"}],"curies":[{"name":"wp","href":"https:\/\/api.w.org\/{rel}","templated":true}]}}