{"id":66416,"date":"2025-03-29T19:41:57","date_gmt":"2025-03-29T18:41:57","guid":{"rendered":"https:\/\/ppdegalicia.com\/?p=66416"},"modified":"2025-03-29T19:41:57","modified_gmt":"2025-03-29T18:41:57","slug":"o-ppdeg-salienta-a-colaboracion-da-xunta-na-implantacion-nos-concellos-de-transporte-publico-durante-os-meses-de-veran","status":"publish","type":"post","link":"https:\/\/ppdegalicia.com\/es\/o-ppdeg-salienta-a-colaboracion-da-xunta-na-implantacion-nos-concellos-de-transporte-publico-durante-os-meses-de-veran\/","title":{"rendered":"O PPdeG salienta a colaboraci\u00f3n da Xunta na implantaci\u00f3n nos concellos de transporte p\u00fablico durante os meses de ver\u00e1n"},"content":{"rendered":"<p>As deputadas do Grupo Popular Mar\u00eda Deza e Loli Hermelo salientaron hoxe a colaboraci\u00f3n da Xunta de Galicia para a implantaci\u00f3n nos concellos galegos de transporte p\u00fablico durante os meses de ver\u00e1n, un servizo que o Concello de Sanxenxo volver\u00e1 a implantar este ano pero que no Concello de Cangas non se levar\u00e1 adiante, a pesar da demanda veci\u00f1al existente, pola negativa dos responsables municipais a solicitalo.<\/p>\n<p>Nunha xuntanza celebrada coa Asociaci\u00f3n de Veci\u00f1os de Nerga en Cangas, Mar\u00eda Deza explicou que estes servizos \u201cpermitiron reducir o uso do veh\u00edculo privado e fomentar o transporte p\u00fablico, a favor dunha mobilidade sostible\u201d. En concreto, as persoas usuarias destas li\u00f1as de transporte \u201cse poden beneficiar dos descontos e as vantaxes da tarxeta de mobilidade de Galicia, do mesmo xeito que os menores de 21 anos poden facer ata 60 viaxes ao mes de maneira gratu\u00edta coa tarxeta Xente Nova\u201d.<\/p>\n<p>\u201cSer\u00e1 o segundo ano consecutivo co que o Concello de Sanxenxo conta con este servizo, co que conectamos diversos puntos do municipio entre s\u00ed e cos servizos de transporte regular de viaxeiros de uso xeral, reducindo de forma considerable a conxesti\u00f3n viaria que exist\u00eda con anterioridade\u201d, dixo a deputada popular.<\/p>\n<p><strong>DESINTERESE EN CANGAS<\/strong><\/p>\n<p>Pola s\u00faa banda, Loli Hermelo criticou que o Concello de Cangas \u201cnon se sume a esta iniciativa da Xunta de Galicia polo desinterese dos responsables municipais, a pesar de que mellorar\u00eda as posibilidades de transporte dos veci\u00f1os e de todos os que nos visitan, ao tempo que reducir\u00eda considerablemente os problemas de tr\u00e1fico existentes sobre todo na \u00e9poca veraniega\u201d.<\/p>\n<p>\u201cEn concreto, existen varias parroquias que est\u00e1n a demandar de xeito reiterado contar cun transporte p\u00fablico cunha frecuencia axeitada, pero o Concello fai o\u00eddos xordos a esta solicitude e po\u00f1endo como escusa que \u00e9 a Xunta a que ten que levar a cabo todas as acci\u00f3ns de transporte\u201d, lamentou a deputada popular.<\/p>\n","protected":false},"excerpt":{"rendered":"<p>As deputadas do Grupo Popular Mar\u00eda Deza e Loli Hermelo salientaron hoxe a colaboraci\u00f3n da Xunta de Galicia para a implantaci\u00f3n nos concellos galegos de transporte p\u00fablico durante os meses de ver\u00e1n, un servizo que o Concello de Sanxenxo volver\u00e1 a implantar este ano pero que no Concello de Cangas non se levar\u00e1 adiante, a [&hellip;]<\/p>\n","protected":false},"author":38,"featured_media":66417,"comment_status":"closed","ping_status":"open","sticky":false,"template":"","format":"standard","meta":{"_acf_changed":false,"footnotes":""},"categories":[1128],"tags":[],"class_list":["post-66416","post","type-post","status-publish","format-standard","has-post-thumbnail","hentry","category-actualidad-parlamento-de-galicia"],"acf":[],"yoast_head":"<!-- This site is optimized with the Yoast SEO plugin v27.3 - https:\/\/yoast.com\/product\/yoast-seo-wordpress\/ -->\n<title>O PPdeG salienta a colaboraci\u00f3n da Xunta na implantaci\u00f3n nos concellos de transporte p\u00fablico durante os meses de ver\u00e1n - PP de Galicia<\/title>\n<meta name=\"description\" content=\"As deputadas do Grupo Popular Mar\u00eda Deza e Loli Hermelo salientaron hoxe a colaboraci\u00f3n da Xunta de Galicia para a implantaci\u00f3n nos concellos galegos de transporte p\u00fablico durante os meses de ver\u00e1n, un servizo que o Concello de Sanxenxo volver\u00e1 a implantar este ano pero que no Concello de Cangas non se levar\u00e1 adiante, a pesar da demanda veci\u00f1al existente, pola negativa dos responsables municipais a solicitalo.\" \/>\n<meta name=\"robots\" content=\"index, follow, max-snippet:-1, max-image-preview:large, max-video-preview:-1\" \/>\n<link rel=\"canonical\" href=\"https:\/\/ppdegalicia.com\/es\/o-ppdeg-salienta-a-colaboracion-da-xunta-na-implantacion-nos-concellos-de-transporte-publico-durante-os-meses-de-veran\/\" \/>\n<meta property=\"og:locale\" content=\"es_ES\" \/>\n<meta property=\"og:type\" content=\"article\" \/>\n<meta property=\"og:title\" content=\"O PPdeG salienta a colaboraci\u00f3n da Xunta na implantaci\u00f3n nos concellos de transporte p\u00fablico durante os meses de ver\u00e1n - PP de Galicia\" \/>\n<meta property=\"og:description\" content=\"As deputadas do Grupo Popular Mar\u00eda Deza e Loli Hermelo salientaron hoxe a colaboraci\u00f3n da Xunta de Galicia para a implantaci\u00f3n nos concellos galegos de transporte p\u00fablico durante os meses de ver\u00e1n, un servizo que o Concello de Sanxenxo volver\u00e1 a implantar este ano pero que no Concello de Cangas non se levar\u00e1 adiante, a pesar da demanda veci\u00f1al existente, pola negativa dos responsables municipais a solicitalo.\" \/>\n<meta property=\"og:url\" content=\"https:\/\/ppdegalicia.com\/es\/o-ppdeg-salienta-a-colaboracion-da-xunta-na-implantacion-nos-concellos-de-transporte-publico-durante-os-meses-de-veran\/\" \/>\n<meta property=\"og:site_name\" content=\"PP de Galicia\" \/>\n<meta property=\"article:publisher\" content=\"https:\/\/www.instagram.com\/ppdegalicia\/\" \/>\n<meta property=\"article:published_time\" content=\"2025-03-29T18:41:57+00:00\" \/>\n<meta property=\"og:image\" content=\"https:\/\/ppdegalicia.com\/wp-content\/uploads\/2025\/03\/Maria-Deza-e-Loli-Hermelo-cos-vecinos-de-Nerga-01.jpeg\" \/>\n\t<meta property=\"og:image:width\" content=\"1198\" \/>\n\t<meta property=\"og:image:height\" content=\"763\" \/>\n\t<meta property=\"og:image:type\" content=\"image\/jpeg\" \/>\n<meta name=\"author\" content=\"ppdegaliciaredes\" \/>\n<meta name=\"twitter:card\" content=\"summary_large_image\" \/>\n<meta name=\"twitter:creator\" content=\"@ppdegalicia\" \/>\n<meta name=\"twitter:site\" content=\"@ppdegalicia\" \/>\n<meta name=\"twitter:label1\" content=\"Escrito por\" \/>\n\t<meta name=\"twitter:data1\" content=\"ppdegaliciaredes\" \/>\n\t<meta name=\"twitter:label2\" content=\"Tiempo de lectura\" \/>\n\t<meta name=\"twitter:data2\" content=\"2 minutos\" \/>\n<script type=\"application\/ld+json\" class=\"yoast-schema-graph\">{\"@context\":\"https:\\\/\\\/schema.org\",\"@graph\":[{\"@type\":\"Article\",\"@id\":\"https:\\\/\\\/ppdegalicia.com\\\/es\\\/o-ppdeg-salienta-a-colaboracion-da-xunta-na-implantacion-nos-concellos-de-transporte-publico-durante-os-meses-de-veran\\\/#article\",\"isPartOf\":{\"@id\":\"https:\\\/\\\/ppdegalicia.com\\\/es\\\/o-ppdeg-salienta-a-colaboracion-da-xunta-na-implantacion-nos-concellos-de-transporte-publico-durante-os-meses-de-veran\\\/\"},\"author\":{\"name\":\"ppdegaliciaredes\",\"@id\":\"https:\\\/\\\/ppdegalicia.com\\\/es\\\/#\\\/schema\\\/person\\\/5b822c6f59e872ebdd1142f307dbcb59\"},\"headline\":\"O PPdeG salienta a colaboraci\u00f3n da Xunta na implantaci\u00f3n nos concellos de transporte p\u00fablico durante os meses de ver\u00e1n\",\"datePublished\":\"2025-03-29T18:41:57+00:00\",\"mainEntityOfPage\":{\"@id\":\"https:\\\/\\\/ppdegalicia.com\\\/es\\\/o-ppdeg-salienta-a-colaboracion-da-xunta-na-implantacion-nos-concellos-de-transporte-publico-durante-os-meses-de-veran\\\/\"},\"wordCount\":356,\"publisher\":{\"@id\":\"https:\\\/\\\/ppdegalicia.com\\\/es\\\/#organization\"},\"image\":{\"@id\":\"https:\\\/\\\/ppdegalicia.com\\\/es\\\/o-ppdeg-salienta-a-colaboracion-da-xunta-na-implantacion-nos-concellos-de-transporte-publico-durante-os-meses-de-veran\\\/#primaryimage\"},\"thumbnailUrl\":\"https:\\\/\\\/ppdegalicia.com\\\/wp-content\\\/uploads\\\/2025\\\/03\\\/Maria-Deza-e-Loli-Hermelo-cos-vecinos-de-Nerga-01.jpeg\",\"articleSection\":[\"Parlamento de Galicia\"],\"inLanguage\":\"es\"},{\"@type\":\"WebPage\",\"@id\":\"https:\\\/\\\/ppdegalicia.com\\\/es\\\/o-ppdeg-salienta-a-colaboracion-da-xunta-na-implantacion-nos-concellos-de-transporte-publico-durante-os-meses-de-veran\\\/\",\"url\":\"https:\\\/\\\/ppdegalicia.com\\\/es\\\/o-ppdeg-salienta-a-colaboracion-da-xunta-na-implantacion-nos-concellos-de-transporte-publico-durante-os-meses-de-veran\\\/\",\"name\":\"O PPdeG salienta a colaboraci\u00f3n da Xunta na implantaci\u00f3n nos concellos de transporte p\u00fablico durante os meses de ver\u00e1n - PP de Galicia\",\"isPartOf\":{\"@id\":\"https:\\\/\\\/ppdegalicia.com\\\/es\\\/#website\"},\"primaryImageOfPage\":{\"@id\":\"https:\\\/\\\/ppdegalicia.com\\\/es\\\/o-ppdeg-salienta-a-colaboracion-da-xunta-na-implantacion-nos-concellos-de-transporte-publico-durante-os-meses-de-veran\\\/#primaryimage\"},\"image\":{\"@id\":\"https:\\\/\\\/ppdegalicia.com\\\/es\\\/o-ppdeg-salienta-a-colaboracion-da-xunta-na-implantacion-nos-concellos-de-transporte-publico-durante-os-meses-de-veran\\\/#primaryimage\"},\"thumbnailUrl\":\"https:\\\/\\\/ppdegalicia.com\\\/wp-content\\\/uploads\\\/2025\\\/03\\\/Maria-Deza-e-Loli-Hermelo-cos-vecinos-de-Nerga-01.jpeg\",\"datePublished\":\"2025-03-29T18:41:57+00:00\",\"description\":\"As deputadas do Grupo Popular Mar\u00eda Deza e Loli Hermelo salientaron hoxe a colaboraci\u00f3n da Xunta de Galicia para a implantaci\u00f3n nos concellos galegos de transporte p\u00fablico durante os meses de ver\u00e1n, un servizo que o Concello de Sanxenxo volver\u00e1 a implantar este ano pero que no Concello de Cangas non se levar\u00e1 adiante, a pesar da demanda veci\u00f1al existente, pola negativa dos responsables municipais a solicitalo.\",\"breadcrumb\":{\"@id\":\"https:\\\/\\\/ppdegalicia.com\\\/es\\\/o-ppdeg-salienta-a-colaboracion-da-xunta-na-implantacion-nos-concellos-de-transporte-publico-durante-os-meses-de-veran\\\/#breadcrumb\"},\"inLanguage\":\"es\",\"potentialAction\":[{\"@type\":\"ReadAction\",\"target\":[\"https:\\\/\\\/ppdegalicia.com\\\/es\\\/o-ppdeg-salienta-a-colaboracion-da-xunta-na-implantacion-nos-concellos-de-transporte-publico-durante-os-meses-de-veran\\\/\"]}]},{\"@type\":\"ImageObject\",\"inLanguage\":\"es\",\"@id\":\"https:\\\/\\\/ppdegalicia.com\\\/es\\\/o-ppdeg-salienta-a-colaboracion-da-xunta-na-implantacion-nos-concellos-de-transporte-publico-durante-os-meses-de-veran\\\/#primaryimage\",\"url\":\"https:\\\/\\\/ppdegalicia.com\\\/wp-content\\\/uploads\\\/2025\\\/03\\\/Maria-Deza-e-Loli-Hermelo-cos-vecinos-de-Nerga-01.jpeg\",\"contentUrl\":\"https:\\\/\\\/ppdegalicia.com\\\/wp-content\\\/uploads\\\/2025\\\/03\\\/Maria-Deza-e-Loli-Hermelo-cos-vecinos-de-Nerga-01.jpeg\",\"width\":1198,\"height\":763},{\"@type\":\"BreadcrumbList\",\"@id\":\"https:\\\/\\\/ppdegalicia.com\\\/es\\\/o-ppdeg-salienta-a-colaboracion-da-xunta-na-implantacion-nos-concellos-de-transporte-publico-durante-os-meses-de-veran\\\/#breadcrumb\",\"itemListElement\":[{\"@type\":\"ListItem\",\"position\":1,\"name\":\"Portada\",\"item\":\"https:\\\/\\\/ppdegalicia.com\\\/es\\\/\"},{\"@type\":\"ListItem\",\"position\":2,\"name\":\"O PPdeG salienta a colaboraci\u00f3n da Xunta na implantaci\u00f3n nos concellos de transporte p\u00fablico durante os meses de ver\u00e1n\"}]},{\"@type\":\"WebSite\",\"@id\":\"https:\\\/\\\/ppdegalicia.com\\\/es\\\/#website\",\"url\":\"https:\\\/\\\/ppdegalicia.com\\\/es\\\/\",\"name\":\"Partido Popular de Galicia\",\"description\":\"Partido Popular de Galicia\",\"publisher\":{\"@id\":\"https:\\\/\\\/ppdegalicia.com\\\/es\\\/#organization\"},\"alternateName\":\"PP de Galicia\",\"potentialAction\":[{\"@type\":\"SearchAction\",\"target\":{\"@type\":\"EntryPoint\",\"urlTemplate\":\"https:\\\/\\\/ppdegalicia.com\\\/es\\\/?s={search_term_string}\"},\"query-input\":{\"@type\":\"PropertyValueSpecification\",\"valueRequired\":true,\"valueName\":\"search_term_string\"}}],\"inLanguage\":\"es\"},{\"@type\":\"Organization\",\"@id\":\"https:\\\/\\\/ppdegalicia.com\\\/es\\\/#organization\",\"name\":\"Partido Popular de Galicia\",\"alternateName\":\"PP de Galicia\",\"url\":\"https:\\\/\\\/ppdegalicia.com\\\/es\\\/\",\"logo\":{\"@type\":\"ImageObject\",\"inLanguage\":\"es\",\"@id\":\"https:\\\/\\\/ppdegalicia.com\\\/es\\\/#\\\/schema\\\/logo\\\/image\\\/\",\"url\":\"https:\\\/\\\/ppdegalicia.com\\\/wp-content\\\/uploads\\\/2023\\\/04\\\/logoPP512.png\",\"contentUrl\":\"https:\\\/\\\/ppdegalicia.com\\\/wp-content\\\/uploads\\\/2023\\\/04\\\/logoPP512.png\",\"width\":512,\"height\":512,\"caption\":\"Partido Popular de Galicia\"},\"image\":{\"@id\":\"https:\\\/\\\/ppdegalicia.com\\\/es\\\/#\\\/schema\\\/logo\\\/image\\\/\"},\"sameAs\":[\"https:\\\/\\\/www.instagram.com\\\/ppdegalicia\\\/\",\"https:\\\/\\\/x.com\\\/ppdegalicia\",\"https:\\\/\\\/www.tiktok.com\\\/@ppdegalicia\",\"https:\\\/\\\/www.youtube.com\\\/user\\\/ppdegalicia\"]},{\"@type\":\"Person\",\"@id\":\"https:\\\/\\\/ppdegalicia.com\\\/es\\\/#\\\/schema\\\/person\\\/5b822c6f59e872ebdd1142f307dbcb59\",\"name\":\"ppdegaliciaredes\",\"image\":{\"@type\":\"ImageObject\",\"inLanguage\":\"es\",\"@id\":\"https:\\\/\\\/secure.gravatar.com\\\/avatar\\\/3c9179cf0256d00c72a48d1f25783c58b6842cd56e85ef3a572881c8e28ccd59?s=96&d=mm&r=g\",\"url\":\"https:\\\/\\\/secure.gravatar.com\\\/avatar\\\/3c9179cf0256d00c72a48d1f25783c58b6842cd56e85ef3a572881c8e28ccd59?s=96&d=mm&r=g\",\"contentUrl\":\"https:\\\/\\\/secure.gravatar.com\\\/avatar\\\/3c9179cf0256d00c72a48d1f25783c58b6842cd56e85ef3a572881c8e28ccd59?s=96&d=mm&r=g\",\"caption\":\"ppdegaliciaredes\"},\"url\":\"https:\\\/\\\/ppdegalicia.com\\\/es\\\/author\\\/ppdegaliciaredes\\\/\"}]}<\/script>\n<!-- \/ Yoast SEO plugin. -->","yoast_head_json":{"title":"O PPdeG salienta a colaboraci\u00f3n da Xunta na implantaci\u00f3n nos concellos de transporte p\u00fablico durante os meses de ver\u00e1n - PP de Galicia","description":"As deputadas do Grupo Popular Mar\u00eda Deza e Loli Hermelo salientaron hoxe a colaboraci\u00f3n da Xunta de Galicia para a implantaci\u00f3n nos concellos galegos de transporte p\u00fablico durante os meses de ver\u00e1n, un servizo que o Concello de Sanxenxo volver\u00e1 a implantar este ano pero que no Concello de Cangas non se levar\u00e1 adiante, a pesar da demanda veci\u00f1al existente, pola negativa dos responsables municipais a solicitalo.","robots":{"index":"index","follow":"follow","max-snippet":"max-snippet:-1","max-image-preview":"max-image-preview:large","max-video-preview":"max-video-preview:-1"},"canonical":"https:\/\/ppdegalicia.com\/es\/o-ppdeg-salienta-a-colaboracion-da-xunta-na-implantacion-nos-concellos-de-transporte-publico-durante-os-meses-de-veran\/","og_locale":"es_ES","og_type":"article","og_title":"O PPdeG salienta a colaboraci\u00f3n da Xunta na implantaci\u00f3n nos concellos de transporte p\u00fablico durante os meses de ver\u00e1n - PP de Galicia","og_description":"As deputadas do Grupo Popular Mar\u00eda Deza e Loli Hermelo salientaron hoxe a colaboraci\u00f3n da Xunta de Galicia para a implantaci\u00f3n nos concellos galegos de transporte p\u00fablico durante os meses de ver\u00e1n, un servizo que o Concello de Sanxenxo volver\u00e1 a implantar este ano pero que no Concello de Cangas non se levar\u00e1 adiante, a pesar da demanda veci\u00f1al existente, pola negativa dos responsables municipais a solicitalo.","og_url":"https:\/\/ppdegalicia.com\/es\/o-ppdeg-salienta-a-colaboracion-da-xunta-na-implantacion-nos-concellos-de-transporte-publico-durante-os-meses-de-veran\/","og_site_name":"PP de Galicia","article_publisher":"https:\/\/www.instagram.com\/ppdegalicia\/","article_published_time":"2025-03-29T18:41:57+00:00","og_image":[{"width":1198,"height":763,"url":"https:\/\/ppdegalicia.com\/wp-content\/uploads\/2025\/03\/Maria-Deza-e-Loli-Hermelo-cos-vecinos-de-Nerga-01.jpeg","type":"image\/jpeg"}],"author":"ppdegaliciaredes","twitter_card":"summary_large_image","twitter_creator":"@ppdegalicia","twitter_site":"@ppdegalicia","twitter_misc":{"Escrito por":"ppdegaliciaredes","Tiempo de lectura":"2 minutos"},"schema":{"@context":"https:\/\/schema.org","@graph":[{"@type":"Article","@id":"https:\/\/ppdegalicia.com\/es\/o-ppdeg-salienta-a-colaboracion-da-xunta-na-implantacion-nos-concellos-de-transporte-publico-durante-os-meses-de-veran\/#article","isPartOf":{"@id":"https:\/\/ppdegalicia.com\/es\/o-ppdeg-salienta-a-colaboracion-da-xunta-na-implantacion-nos-concellos-de-transporte-publico-durante-os-meses-de-veran\/"},"author":{"name":"ppdegaliciaredes","@id":"https:\/\/ppdegalicia.com\/es\/#\/schema\/person\/5b822c6f59e872ebdd1142f307dbcb59"},"headline":"O PPdeG salienta a colaboraci\u00f3n da Xunta na implantaci\u00f3n nos concellos de transporte p\u00fablico durante os meses de ver\u00e1n","datePublished":"2025-03-29T18:41:57+00:00","mainEntityOfPage":{"@id":"https:\/\/ppdegalicia.com\/es\/o-ppdeg-salienta-a-colaboracion-da-xunta-na-implantacion-nos-concellos-de-transporte-publico-durante-os-meses-de-veran\/"},"wordCount":356,"publisher":{"@id":"https:\/\/ppdegalicia.com\/es\/#organization"},"image":{"@id":"https:\/\/ppdegalicia.com\/es\/o-ppdeg-salienta-a-colaboracion-da-xunta-na-implantacion-nos-concellos-de-transporte-publico-durante-os-meses-de-veran\/#primaryimage"},"thumbnailUrl":"https:\/\/ppdegalicia.com\/wp-content\/uploads\/2025\/03\/Maria-Deza-e-Loli-Hermelo-cos-vecinos-de-Nerga-01.jpeg","articleSection":["Parlamento de Galicia"],"inLanguage":"es"},{"@type":"WebPage","@id":"https:\/\/ppdegalicia.com\/es\/o-ppdeg-salienta-a-colaboracion-da-xunta-na-implantacion-nos-concellos-de-transporte-publico-durante-os-meses-de-veran\/","url":"https:\/\/ppdegalicia.com\/es\/o-ppdeg-salienta-a-colaboracion-da-xunta-na-implantacion-nos-concellos-de-transporte-publico-durante-os-meses-de-veran\/","name":"O PPdeG salienta a colaboraci\u00f3n da Xunta na implantaci\u00f3n nos concellos de transporte p\u00fablico durante os meses de ver\u00e1n - PP de Galicia","isPartOf":{"@id":"https:\/\/ppdegalicia.com\/es\/#website"},"primaryImageOfPage":{"@id":"https:\/\/ppdegalicia.com\/es\/o-ppdeg-salienta-a-colaboracion-da-xunta-na-implantacion-nos-concellos-de-transporte-publico-durante-os-meses-de-veran\/#primaryimage"},"image":{"@id":"https:\/\/ppdegalicia.com\/es\/o-ppdeg-salienta-a-colaboracion-da-xunta-na-implantacion-nos-concellos-de-transporte-publico-durante-os-meses-de-veran\/#primaryimage"},"thumbnailUrl":"https:\/\/ppdegalicia.com\/wp-content\/uploads\/2025\/03\/Maria-Deza-e-Loli-Hermelo-cos-vecinos-de-Nerga-01.jpeg","datePublished":"2025-03-29T18:41:57+00:00","description":"As deputadas do Grupo Popular Mar\u00eda Deza e Loli Hermelo salientaron hoxe a colaboraci\u00f3n da Xunta de Galicia para a implantaci\u00f3n nos concellos galegos de transporte p\u00fablico durante os meses de ver\u00e1n, un servizo que o Concello de Sanxenxo volver\u00e1 a implantar este ano pero que no Concello de Cangas non se levar\u00e1 adiante, a pesar da demanda veci\u00f1al existente, pola negativa dos responsables municipais a solicitalo.","breadcrumb":{"@id":"https:\/\/ppdegalicia.com\/es\/o-ppdeg-salienta-a-colaboracion-da-xunta-na-implantacion-nos-concellos-de-transporte-publico-durante-os-meses-de-veran\/#breadcrumb"},"inLanguage":"es","potentialAction":[{"@type":"ReadAction","target":["https:\/\/ppdegalicia.com\/es\/o-ppdeg-salienta-a-colaboracion-da-xunta-na-implantacion-nos-concellos-de-transporte-publico-durante-os-meses-de-veran\/"]}]},{"@type":"ImageObject","inLanguage":"es","@id":"https:\/\/ppdegalicia.com\/es\/o-ppdeg-salienta-a-colaboracion-da-xunta-na-implantacion-nos-concellos-de-transporte-publico-durante-os-meses-de-veran\/#primaryimage","url":"https:\/\/ppdegalicia.com\/wp-content\/uploads\/2025\/03\/Maria-Deza-e-Loli-Hermelo-cos-vecinos-de-Nerga-01.jpeg","contentUrl":"https:\/\/ppdegalicia.com\/wp-content\/uploads\/2025\/03\/Maria-Deza-e-Loli-Hermelo-cos-vecinos-de-Nerga-01.jpeg","width":1198,"height":763},{"@type":"BreadcrumbList","@id":"https:\/\/ppdegalicia.com\/es\/o-ppdeg-salienta-a-colaboracion-da-xunta-na-implantacion-nos-concellos-de-transporte-publico-durante-os-meses-de-veran\/#breadcrumb","itemListElement":[{"@type":"ListItem","position":1,"name":"Portada","item":"https:\/\/ppdegalicia.com\/es\/"},{"@type":"ListItem","position":2,"name":"O PPdeG salienta a colaboraci\u00f3n da Xunta na implantaci\u00f3n nos concellos de transporte p\u00fablico durante os meses de ver\u00e1n"}]},{"@type":"WebSite","@id":"https:\/\/ppdegalicia.com\/es\/#website","url":"https:\/\/ppdegalicia.com\/es\/","name":"Partido Popular de Galicia","description":"Partido Popular de Galicia","publisher":{"@id":"https:\/\/ppdegalicia.com\/es\/#organization"},"alternateName":"PP de Galicia","potentialAction":[{"@type":"SearchAction","target":{"@type":"EntryPoint","urlTemplate":"https:\/\/ppdegalicia.com\/es\/?s={search_term_string}"},"query-input":{"@type":"PropertyValueSpecification","valueRequired":true,"valueName":"search_term_string"}}],"inLanguage":"es"},{"@type":"Organization","@id":"https:\/\/ppdegalicia.com\/es\/#organization","name":"Partido Popular de Galicia","alternateName":"PP de Galicia","url":"https:\/\/ppdegalicia.com\/es\/","logo":{"@type":"ImageObject","inLanguage":"es","@id":"https:\/\/ppdegalicia.com\/es\/#\/schema\/logo\/image\/","url":"https:\/\/ppdegalicia.com\/wp-content\/uploads\/2023\/04\/logoPP512.png","contentUrl":"https:\/\/ppdegalicia.com\/wp-content\/uploads\/2023\/04\/logoPP512.png","width":512,"height":512,"caption":"Partido Popular de Galicia"},"image":{"@id":"https:\/\/ppdegalicia.com\/es\/#\/schema\/logo\/image\/"},"sameAs":["https:\/\/www.instagram.com\/ppdegalicia\/","https:\/\/x.com\/ppdegalicia","https:\/\/www.tiktok.com\/@ppdegalicia","https:\/\/www.youtube.com\/user\/ppdegalicia"]},{"@type":"Person","@id":"https:\/\/ppdegalicia.com\/es\/#\/schema\/person\/5b822c6f59e872ebdd1142f307dbcb59","name":"ppdegaliciaredes","image":{"@type":"ImageObject","inLanguage":"es","@id":"https:\/\/secure.gravatar.com\/avatar\/3c9179cf0256d00c72a48d1f25783c58b6842cd56e85ef3a572881c8e28ccd59?s=96&d=mm&r=g","url":"https:\/\/secure.gravatar.com\/avatar\/3c9179cf0256d00c72a48d1f25783c58b6842cd56e85ef3a572881c8e28ccd59?s=96&d=mm&r=g","contentUrl":"https:\/\/secure.gravatar.com\/avatar\/3c9179cf0256d00c72a48d1f25783c58b6842cd56e85ef3a572881c8e28ccd59?s=96&d=mm&r=g","caption":"ppdegaliciaredes"},"url":"https:\/\/ppdegalicia.com\/es\/author\/ppdegaliciaredes\/"}]}},"_links":{"self":[{"href":"https:\/\/ppdegalicia.com\/es\/wp-json\/wp\/v2\/posts\/66416","targetHints":{"allow":["GET"]}}],"collection":[{"href":"https:\/\/ppdegalicia.com\/es\/wp-json\/wp\/v2\/posts"}],"about":[{"href":"https:\/\/ppdegalicia.com\/es\/wp-json\/wp\/v2\/types\/post"}],"author":[{"embeddable":true,"href":"https:\/\/ppdegalicia.com\/es\/wp-json\/wp\/v2\/users\/38"}],"replies":[{"embeddable":true,"href":"https:\/\/ppdegalicia.com\/es\/wp-json\/wp\/v2\/comments?post=66416"}],"version-history":[{"count":1,"href":"https:\/\/ppdegalicia.com\/es\/wp-json\/wp\/v2\/posts\/66416\/revisions"}],"predecessor-version":[{"id":66419,"href":"https:\/\/ppdegalicia.com\/es\/wp-json\/wp\/v2\/posts\/66416\/revisions\/66419"}],"wp:featuredmedia":[{"embeddable":true,"href":"https:\/\/ppdegalicia.com\/es\/wp-json\/wp\/v2\/media\/66417"}],"wp:attachment":[{"href":"https:\/\/ppdegalicia.com\/es\/wp-json\/wp\/v2\/media?parent=66416"}],"wp:term":[{"taxonomy":"category","embeddable":true,"href":"https:\/\/ppdegalicia.com\/es\/wp-json\/wp\/v2\/categories?post=66416"},{"taxonomy":"post_tag","embeddable":true,"href":"https:\/\/ppdegalicia.com\/es\/wp-json\/wp\/v2\/tags?post=66416"}],"curies":[{"name":"wp","href":"https:\/\/api.w.org\/{rel}","templated":true}]}}