{"id":66420,"date":"2025-03-29T19:45:08","date_gmt":"2025-03-29T18:45:08","guid":{"rendered":"https:\/\/ppdegalicia.com\/?p=66420"},"modified":"2025-03-29T19:45:08","modified_gmt":"2025-03-29T18:45:08","slug":"o-ppdeg-pon-de-exemplo-a-politica-que-serve-de-galicia-como-un-espello-da-que-deberia-exercer-o-goberno-de-sanchez","status":"publish","type":"post","link":"https:\/\/ppdegalicia.com\/es\/o-ppdeg-pon-de-exemplo-a-politica-que-serve-de-galicia-como-un-espello-da-que-deberia-exercer-o-goberno-de-sanchez\/","title":{"rendered":"O PPdeG pon de exemplo a \u201cpol\u00edtica que serve\u201d de Galicia como \u201cun espello\u201d da que deber\u00eda exercer o Goberno de S\u00e1nchez"},"content":{"rendered":"<p>Os representantes do PPdeG, \u00e1 s\u00faa chegada \u00e1 27\u00aa Interparlamentaria do Partido Popular en Sevilla, puxeron de exemplo hoxe a \u201cpol\u00edtica que serve\u201d de Galicia como \u201cun espello\u201d da que deber\u00eda exercer o Goberno de Pedro S\u00e1nchez.<\/p>\n<p>\u201cImos seguir demostrando que a Galicia que goberna \u00e9 un exemplo para o resto de Espa\u00f1a\u201d, sentenciou a secretaria xeral, Paula Prado, que encabeza a delegaci\u00f3n de m\u00e1is de medio cento de parlamentarios do PPdeG, \u201co partido galego maioritario no Parlamento de Galicia, no Congreso, no Senado e no Parlamento Europeo\u201d.<\/p>\n<p>Prado lembrou que o Partido Popular revalidou hai pouco m\u00e1is dun ano a maior\u00eda absoluta, baixo o liderado de Alfonso Rueda, e hoxe Galicia \u201csegue sendo un espello no que o Goberno central deber\u00eda mirarse cada d\u00eda\u201d.<\/p>\n<p>\u201cPodemos mirarlle aos ollos aos galegos e \u00e1s galegas porque cumprimos co que se nos esixe. Este 2025, a nosa Comunidade suma xa 16 anos consecutivos cos Orzamentos aprobados en tempo e forma, e faino sen sobresaltos, sen estridencias e sen liortas; sendo un exemplo\u201d, subli\u00f1ou.<\/p>\n<p>Non obstante, Prado lamentou que mentres Galicia cumpre cos galegos, \u201chai moito que o Goberno de S\u00e1nchez non cumpre con todos os espa\u00f1ois\u201d: \u201cVivimos nun pa\u00eds onde funcionar cos Presupostos Xerais prorrogados \u00e9 o normal e onde dar privilexios a algunhas comunidades aut\u00f3nomas \u00e9 a forma de perpetuarse no poder, un pa\u00eds onde o presidente e os seus ministros est\u00e1n cercados pola corrupci\u00f3n e non te\u00f1en apoio dos seus socios, pero son incapaces de botarse a un lado\u201d.<\/p>\n<p>Por este motivo, a n\u00famero dous do PPdeG sinalou que \u201c\u00e9 o momento de que S\u00e1nchez e os seus deixen de mirar cara ao independentismo e miren cara a comunidades como Galicia\u201d e tam\u00e9n \u00e9 o momento de cumprir cos traspasos de competencias comprometidos, as transferencias de fondos europeos para proxectos estrat\u00e9xicos ou as melloras en infraestruturas\u201d.<\/p>\n<p>E, se iso non \u00e9 as\u00ed, dixo, \u201cdebe deixar pasar a un gran presidente como vai ser Alberto N\u00fa\u00f1ez Feij\u00f3o\u201d, porque \u201cel si vai saber representar, como dicimos no Partido Popular, a verdadeira pol\u00edtica que serve, a mesma coa que Galicia xa goberna\u201d.<\/p>\n","protected":false},"excerpt":{"rendered":"<p>Os representantes do PPdeG, \u00e1 s\u00faa chegada \u00e1 27\u00aa Interparlamentaria do Partido Popular en Sevilla, puxeron de exemplo hoxe a \u201cpol\u00edtica que serve\u201d de Galicia como \u201cun espello\u201d da que deber\u00eda exercer o Goberno de Pedro S\u00e1nchez. \u201cImos seguir demostrando que a Galicia que goberna \u00e9 un exemplo para o resto de Espa\u00f1a\u201d, sentenciou a [&hellip;]<\/p>\n","protected":false},"author":38,"featured_media":66421,"comment_status":"closed","ping_status":"open","sticky":false,"template":"","format":"standard","meta":{"_acf_changed":false,"footnotes":""},"categories":[1],"tags":[],"class_list":["post-66420","post","type-post","status-publish","format-standard","has-post-thumbnail","hentry","category-pp-de-galicia"],"acf":[],"yoast_head":"<!-- This site is optimized with the Yoast SEO plugin v27.3 - https:\/\/yoast.com\/product\/yoast-seo-wordpress\/ -->\n<title>O PPdeG pon de exemplo a \u201cpol\u00edtica que serve\u201d de Galicia como \u201cun espello\u201d da que deber\u00eda exercer o Goberno de S\u00e1nchez - PP de Galicia<\/title>\n<meta name=\"description\" content=\"Os representantes do PPdeG, \u00e1 s\u00faa chegada \u00e1 27\u00aa Interparlamentaria do Partido Popular en Sevilla, puxeron de exemplo hoxe a \u201cpol\u00edtica que serve\u201d de Galicia como \u201cun espello\u201d da que deber\u00eda exercer o Goberno de Pedro S\u00e1nchez.\" \/>\n<meta name=\"robots\" content=\"index, follow, max-snippet:-1, max-image-preview:large, max-video-preview:-1\" \/>\n<link rel=\"canonical\" href=\"https:\/\/ppdegalicia.com\/es\/o-ppdeg-pon-de-exemplo-a-politica-que-serve-de-galicia-como-un-espello-da-que-deberia-exercer-o-goberno-de-sanchez\/\" \/>\n<meta property=\"og:locale\" content=\"es_ES\" \/>\n<meta property=\"og:type\" content=\"article\" \/>\n<meta property=\"og:title\" content=\"O PPdeG pon de exemplo a \u201cpol\u00edtica que serve\u201d de Galicia como \u201cun espello\u201d da que deber\u00eda exercer o Goberno de S\u00e1nchez - PP de Galicia\" \/>\n<meta property=\"og:description\" content=\"Os representantes do PPdeG, \u00e1 s\u00faa chegada \u00e1 27\u00aa Interparlamentaria do Partido Popular en Sevilla, puxeron de exemplo hoxe a \u201cpol\u00edtica que serve\u201d de Galicia como \u201cun espello\u201d da que deber\u00eda exercer o Goberno de Pedro S\u00e1nchez.\" \/>\n<meta property=\"og:url\" content=\"https:\/\/ppdegalicia.com\/es\/o-ppdeg-pon-de-exemplo-a-politica-que-serve-de-galicia-como-un-espello-da-que-deberia-exercer-o-goberno-de-sanchez\/\" \/>\n<meta property=\"og:site_name\" content=\"PP de Galicia\" \/>\n<meta property=\"article:publisher\" content=\"https:\/\/www.instagram.com\/ppdegalicia\/\" \/>\n<meta property=\"article:published_time\" content=\"2025-03-29T18:45:08+00:00\" \/>\n<meta property=\"og:image\" content=\"https:\/\/ppdegalicia.com\/wp-content\/uploads\/2025\/03\/20250329_27Interparlamentaria22-scaled.jpg\" \/>\n\t<meta property=\"og:image:width\" content=\"2560\" \/>\n\t<meta property=\"og:image:height\" content=\"1707\" \/>\n\t<meta property=\"og:image:type\" content=\"image\/jpeg\" \/>\n<meta name=\"author\" content=\"ppdegaliciaredes\" \/>\n<meta name=\"twitter:card\" content=\"summary_large_image\" \/>\n<meta name=\"twitter:creator\" content=\"@ppdegalicia\" \/>\n<meta name=\"twitter:site\" content=\"@ppdegalicia\" \/>\n<meta name=\"twitter:label1\" content=\"Escrito por\" \/>\n\t<meta name=\"twitter:data1\" content=\"ppdegaliciaredes\" \/>\n\t<meta name=\"twitter:label2\" content=\"Tiempo de lectura\" \/>\n\t<meta name=\"twitter:data2\" content=\"3 minutos\" \/>\n<script type=\"application\/ld+json\" class=\"yoast-schema-graph\">{\"@context\":\"https:\\\/\\\/schema.org\",\"@graph\":[{\"@type\":\"Article\",\"@id\":\"https:\\\/\\\/ppdegalicia.com\\\/es\\\/o-ppdeg-pon-de-exemplo-a-politica-que-serve-de-galicia-como-un-espello-da-que-deberia-exercer-o-goberno-de-sanchez\\\/#article\",\"isPartOf\":{\"@id\":\"https:\\\/\\\/ppdegalicia.com\\\/es\\\/o-ppdeg-pon-de-exemplo-a-politica-que-serve-de-galicia-como-un-espello-da-que-deberia-exercer-o-goberno-de-sanchez\\\/\"},\"author\":{\"name\":\"ppdegaliciaredes\",\"@id\":\"https:\\\/\\\/ppdegalicia.com\\\/es\\\/#\\\/schema\\\/person\\\/5b822c6f59e872ebdd1142f307dbcb59\"},\"headline\":\"O PPdeG pon de exemplo a \u201cpol\u00edtica que serve\u201d de Galicia como \u201cun espello\u201d da que deber\u00eda exercer o Goberno de S\u00e1nchez\",\"datePublished\":\"2025-03-29T18:45:08+00:00\",\"mainEntityOfPage\":{\"@id\":\"https:\\\/\\\/ppdegalicia.com\\\/es\\\/o-ppdeg-pon-de-exemplo-a-politica-que-serve-de-galicia-como-un-espello-da-que-deberia-exercer-o-goberno-de-sanchez\\\/\"},\"wordCount\":390,\"publisher\":{\"@id\":\"https:\\\/\\\/ppdegalicia.com\\\/es\\\/#organization\"},\"image\":{\"@id\":\"https:\\\/\\\/ppdegalicia.com\\\/es\\\/o-ppdeg-pon-de-exemplo-a-politica-que-serve-de-galicia-como-un-espello-da-que-deberia-exercer-o-goberno-de-sanchez\\\/#primaryimage\"},\"thumbnailUrl\":\"https:\\\/\\\/ppdegalicia.com\\\/wp-content\\\/uploads\\\/2025\\\/03\\\/20250329_27Interparlamentaria22-scaled.jpg\",\"articleSection\":[\"PP de Galicia\"],\"inLanguage\":\"es\"},{\"@type\":\"WebPage\",\"@id\":\"https:\\\/\\\/ppdegalicia.com\\\/es\\\/o-ppdeg-pon-de-exemplo-a-politica-que-serve-de-galicia-como-un-espello-da-que-deberia-exercer-o-goberno-de-sanchez\\\/\",\"url\":\"https:\\\/\\\/ppdegalicia.com\\\/es\\\/o-ppdeg-pon-de-exemplo-a-politica-que-serve-de-galicia-como-un-espello-da-que-deberia-exercer-o-goberno-de-sanchez\\\/\",\"name\":\"O PPdeG pon de exemplo a \u201cpol\u00edtica que serve\u201d de Galicia como \u201cun espello\u201d da que deber\u00eda exercer o Goberno de S\u00e1nchez - PP de Galicia\",\"isPartOf\":{\"@id\":\"https:\\\/\\\/ppdegalicia.com\\\/es\\\/#website\"},\"primaryImageOfPage\":{\"@id\":\"https:\\\/\\\/ppdegalicia.com\\\/es\\\/o-ppdeg-pon-de-exemplo-a-politica-que-serve-de-galicia-como-un-espello-da-que-deberia-exercer-o-goberno-de-sanchez\\\/#primaryimage\"},\"image\":{\"@id\":\"https:\\\/\\\/ppdegalicia.com\\\/es\\\/o-ppdeg-pon-de-exemplo-a-politica-que-serve-de-galicia-como-un-espello-da-que-deberia-exercer-o-goberno-de-sanchez\\\/#primaryimage\"},\"thumbnailUrl\":\"https:\\\/\\\/ppdegalicia.com\\\/wp-content\\\/uploads\\\/2025\\\/03\\\/20250329_27Interparlamentaria22-scaled.jpg\",\"datePublished\":\"2025-03-29T18:45:08+00:00\",\"description\":\"Os representantes do PPdeG, \u00e1 s\u00faa chegada \u00e1 27\u00aa Interparlamentaria do Partido Popular en Sevilla, puxeron de exemplo hoxe a \u201cpol\u00edtica que serve\u201d de Galicia como \u201cun espello\u201d da que deber\u00eda exercer o Goberno de Pedro S\u00e1nchez.\",\"breadcrumb\":{\"@id\":\"https:\\\/\\\/ppdegalicia.com\\\/es\\\/o-ppdeg-pon-de-exemplo-a-politica-que-serve-de-galicia-como-un-espello-da-que-deberia-exercer-o-goberno-de-sanchez\\\/#breadcrumb\"},\"inLanguage\":\"es\",\"potentialAction\":[{\"@type\":\"ReadAction\",\"target\":[\"https:\\\/\\\/ppdegalicia.com\\\/es\\\/o-ppdeg-pon-de-exemplo-a-politica-que-serve-de-galicia-como-un-espello-da-que-deberia-exercer-o-goberno-de-sanchez\\\/\"]}]},{\"@type\":\"ImageObject\",\"inLanguage\":\"es\",\"@id\":\"https:\\\/\\\/ppdegalicia.com\\\/es\\\/o-ppdeg-pon-de-exemplo-a-politica-que-serve-de-galicia-como-un-espello-da-que-deberia-exercer-o-goberno-de-sanchez\\\/#primaryimage\",\"url\":\"https:\\\/\\\/ppdegalicia.com\\\/wp-content\\\/uploads\\\/2025\\\/03\\\/20250329_27Interparlamentaria22-scaled.jpg\",\"contentUrl\":\"https:\\\/\\\/ppdegalicia.com\\\/wp-content\\\/uploads\\\/2025\\\/03\\\/20250329_27Interparlamentaria22-scaled.jpg\",\"width\":2560,\"height\":1707},{\"@type\":\"BreadcrumbList\",\"@id\":\"https:\\\/\\\/ppdegalicia.com\\\/es\\\/o-ppdeg-pon-de-exemplo-a-politica-que-serve-de-galicia-como-un-espello-da-que-deberia-exercer-o-goberno-de-sanchez\\\/#breadcrumb\",\"itemListElement\":[{\"@type\":\"ListItem\",\"position\":1,\"name\":\"Portada\",\"item\":\"https:\\\/\\\/ppdegalicia.com\\\/es\\\/\"},{\"@type\":\"ListItem\",\"position\":2,\"name\":\"O PPdeG pon de exemplo a \u201cpol\u00edtica que serve\u201d de Galicia como \u201cun espello\u201d da que deber\u00eda exercer o Goberno de S\u00e1nchez\"}]},{\"@type\":\"WebSite\",\"@id\":\"https:\\\/\\\/ppdegalicia.com\\\/es\\\/#website\",\"url\":\"https:\\\/\\\/ppdegalicia.com\\\/es\\\/\",\"name\":\"Partido Popular de Galicia\",\"description\":\"Partido Popular de Galicia\",\"publisher\":{\"@id\":\"https:\\\/\\\/ppdegalicia.com\\\/es\\\/#organization\"},\"alternateName\":\"PP de Galicia\",\"potentialAction\":[{\"@type\":\"SearchAction\",\"target\":{\"@type\":\"EntryPoint\",\"urlTemplate\":\"https:\\\/\\\/ppdegalicia.com\\\/es\\\/?s={search_term_string}\"},\"query-input\":{\"@type\":\"PropertyValueSpecification\",\"valueRequired\":true,\"valueName\":\"search_term_string\"}}],\"inLanguage\":\"es\"},{\"@type\":\"Organization\",\"@id\":\"https:\\\/\\\/ppdegalicia.com\\\/es\\\/#organization\",\"name\":\"Partido Popular de Galicia\",\"alternateName\":\"PP de Galicia\",\"url\":\"https:\\\/\\\/ppdegalicia.com\\\/es\\\/\",\"logo\":{\"@type\":\"ImageObject\",\"inLanguage\":\"es\",\"@id\":\"https:\\\/\\\/ppdegalicia.com\\\/es\\\/#\\\/schema\\\/logo\\\/image\\\/\",\"url\":\"https:\\\/\\\/ppdegalicia.com\\\/wp-content\\\/uploads\\\/2023\\\/04\\\/logoPP512.png\",\"contentUrl\":\"https:\\\/\\\/ppdegalicia.com\\\/wp-content\\\/uploads\\\/2023\\\/04\\\/logoPP512.png\",\"width\":512,\"height\":512,\"caption\":\"Partido Popular de Galicia\"},\"image\":{\"@id\":\"https:\\\/\\\/ppdegalicia.com\\\/es\\\/#\\\/schema\\\/logo\\\/image\\\/\"},\"sameAs\":[\"https:\\\/\\\/www.instagram.com\\\/ppdegalicia\\\/\",\"https:\\\/\\\/x.com\\\/ppdegalicia\",\"https:\\\/\\\/www.tiktok.com\\\/@ppdegalicia\",\"https:\\\/\\\/www.youtube.com\\\/user\\\/ppdegalicia\"]},{\"@type\":\"Person\",\"@id\":\"https:\\\/\\\/ppdegalicia.com\\\/es\\\/#\\\/schema\\\/person\\\/5b822c6f59e872ebdd1142f307dbcb59\",\"name\":\"ppdegaliciaredes\",\"image\":{\"@type\":\"ImageObject\",\"inLanguage\":\"es\",\"@id\":\"https:\\\/\\\/secure.gravatar.com\\\/avatar\\\/3c9179cf0256d00c72a48d1f25783c58b6842cd56e85ef3a572881c8e28ccd59?s=96&d=mm&r=g\",\"url\":\"https:\\\/\\\/secure.gravatar.com\\\/avatar\\\/3c9179cf0256d00c72a48d1f25783c58b6842cd56e85ef3a572881c8e28ccd59?s=96&d=mm&r=g\",\"contentUrl\":\"https:\\\/\\\/secure.gravatar.com\\\/avatar\\\/3c9179cf0256d00c72a48d1f25783c58b6842cd56e85ef3a572881c8e28ccd59?s=96&d=mm&r=g\",\"caption\":\"ppdegaliciaredes\"},\"url\":\"https:\\\/\\\/ppdegalicia.com\\\/es\\\/author\\\/ppdegaliciaredes\\\/\"}]}<\/script>\n<!-- \/ Yoast SEO plugin. -->","yoast_head_json":{"title":"O PPdeG pon de exemplo a \u201cpol\u00edtica que serve\u201d de Galicia como \u201cun espello\u201d da que deber\u00eda exercer o Goberno de S\u00e1nchez - PP de Galicia","description":"Os representantes do PPdeG, \u00e1 s\u00faa chegada \u00e1 27\u00aa Interparlamentaria do Partido Popular en Sevilla, puxeron de exemplo hoxe a \u201cpol\u00edtica que serve\u201d de Galicia como \u201cun espello\u201d da que deber\u00eda exercer o Goberno de Pedro S\u00e1nchez.","robots":{"index":"index","follow":"follow","max-snippet":"max-snippet:-1","max-image-preview":"max-image-preview:large","max-video-preview":"max-video-preview:-1"},"canonical":"https:\/\/ppdegalicia.com\/es\/o-ppdeg-pon-de-exemplo-a-politica-que-serve-de-galicia-como-un-espello-da-que-deberia-exercer-o-goberno-de-sanchez\/","og_locale":"es_ES","og_type":"article","og_title":"O PPdeG pon de exemplo a \u201cpol\u00edtica que serve\u201d de Galicia como \u201cun espello\u201d da que deber\u00eda exercer o Goberno de S\u00e1nchez - PP de Galicia","og_description":"Os representantes do PPdeG, \u00e1 s\u00faa chegada \u00e1 27\u00aa Interparlamentaria do Partido Popular en Sevilla, puxeron de exemplo hoxe a \u201cpol\u00edtica que serve\u201d de Galicia como \u201cun espello\u201d da que deber\u00eda exercer o Goberno de Pedro S\u00e1nchez.","og_url":"https:\/\/ppdegalicia.com\/es\/o-ppdeg-pon-de-exemplo-a-politica-que-serve-de-galicia-como-un-espello-da-que-deberia-exercer-o-goberno-de-sanchez\/","og_site_name":"PP de Galicia","article_publisher":"https:\/\/www.instagram.com\/ppdegalicia\/","article_published_time":"2025-03-29T18:45:08+00:00","og_image":[{"width":2560,"height":1707,"url":"https:\/\/ppdegalicia.com\/wp-content\/uploads\/2025\/03\/20250329_27Interparlamentaria22-scaled.jpg","type":"image\/jpeg"}],"author":"ppdegaliciaredes","twitter_card":"summary_large_image","twitter_creator":"@ppdegalicia","twitter_site":"@ppdegalicia","twitter_misc":{"Escrito por":"ppdegaliciaredes","Tiempo de lectura":"3 minutos"},"schema":{"@context":"https:\/\/schema.org","@graph":[{"@type":"Article","@id":"https:\/\/ppdegalicia.com\/es\/o-ppdeg-pon-de-exemplo-a-politica-que-serve-de-galicia-como-un-espello-da-que-deberia-exercer-o-goberno-de-sanchez\/#article","isPartOf":{"@id":"https:\/\/ppdegalicia.com\/es\/o-ppdeg-pon-de-exemplo-a-politica-que-serve-de-galicia-como-un-espello-da-que-deberia-exercer-o-goberno-de-sanchez\/"},"author":{"name":"ppdegaliciaredes","@id":"https:\/\/ppdegalicia.com\/es\/#\/schema\/person\/5b822c6f59e872ebdd1142f307dbcb59"},"headline":"O PPdeG pon de exemplo a \u201cpol\u00edtica que serve\u201d de Galicia como \u201cun espello\u201d da que deber\u00eda exercer o Goberno de S\u00e1nchez","datePublished":"2025-03-29T18:45:08+00:00","mainEntityOfPage":{"@id":"https:\/\/ppdegalicia.com\/es\/o-ppdeg-pon-de-exemplo-a-politica-que-serve-de-galicia-como-un-espello-da-que-deberia-exercer-o-goberno-de-sanchez\/"},"wordCount":390,"publisher":{"@id":"https:\/\/ppdegalicia.com\/es\/#organization"},"image":{"@id":"https:\/\/ppdegalicia.com\/es\/o-ppdeg-pon-de-exemplo-a-politica-que-serve-de-galicia-como-un-espello-da-que-deberia-exercer-o-goberno-de-sanchez\/#primaryimage"},"thumbnailUrl":"https:\/\/ppdegalicia.com\/wp-content\/uploads\/2025\/03\/20250329_27Interparlamentaria22-scaled.jpg","articleSection":["PP de Galicia"],"inLanguage":"es"},{"@type":"WebPage","@id":"https:\/\/ppdegalicia.com\/es\/o-ppdeg-pon-de-exemplo-a-politica-que-serve-de-galicia-como-un-espello-da-que-deberia-exercer-o-goberno-de-sanchez\/","url":"https:\/\/ppdegalicia.com\/es\/o-ppdeg-pon-de-exemplo-a-politica-que-serve-de-galicia-como-un-espello-da-que-deberia-exercer-o-goberno-de-sanchez\/","name":"O PPdeG pon de exemplo a \u201cpol\u00edtica que serve\u201d de Galicia como \u201cun espello\u201d da que deber\u00eda exercer o Goberno de S\u00e1nchez - PP de Galicia","isPartOf":{"@id":"https:\/\/ppdegalicia.com\/es\/#website"},"primaryImageOfPage":{"@id":"https:\/\/ppdegalicia.com\/es\/o-ppdeg-pon-de-exemplo-a-politica-que-serve-de-galicia-como-un-espello-da-que-deberia-exercer-o-goberno-de-sanchez\/#primaryimage"},"image":{"@id":"https:\/\/ppdegalicia.com\/es\/o-ppdeg-pon-de-exemplo-a-politica-que-serve-de-galicia-como-un-espello-da-que-deberia-exercer-o-goberno-de-sanchez\/#primaryimage"},"thumbnailUrl":"https:\/\/ppdegalicia.com\/wp-content\/uploads\/2025\/03\/20250329_27Interparlamentaria22-scaled.jpg","datePublished":"2025-03-29T18:45:08+00:00","description":"Os representantes do PPdeG, \u00e1 s\u00faa chegada \u00e1 27\u00aa Interparlamentaria do Partido Popular en Sevilla, puxeron de exemplo hoxe a \u201cpol\u00edtica que serve\u201d de Galicia como \u201cun espello\u201d da que deber\u00eda exercer o Goberno de Pedro S\u00e1nchez.","breadcrumb":{"@id":"https:\/\/ppdegalicia.com\/es\/o-ppdeg-pon-de-exemplo-a-politica-que-serve-de-galicia-como-un-espello-da-que-deberia-exercer-o-goberno-de-sanchez\/#breadcrumb"},"inLanguage":"es","potentialAction":[{"@type":"ReadAction","target":["https:\/\/ppdegalicia.com\/es\/o-ppdeg-pon-de-exemplo-a-politica-que-serve-de-galicia-como-un-espello-da-que-deberia-exercer-o-goberno-de-sanchez\/"]}]},{"@type":"ImageObject","inLanguage":"es","@id":"https:\/\/ppdegalicia.com\/es\/o-ppdeg-pon-de-exemplo-a-politica-que-serve-de-galicia-como-un-espello-da-que-deberia-exercer-o-goberno-de-sanchez\/#primaryimage","url":"https:\/\/ppdegalicia.com\/wp-content\/uploads\/2025\/03\/20250329_27Interparlamentaria22-scaled.jpg","contentUrl":"https:\/\/ppdegalicia.com\/wp-content\/uploads\/2025\/03\/20250329_27Interparlamentaria22-scaled.jpg","width":2560,"height":1707},{"@type":"BreadcrumbList","@id":"https:\/\/ppdegalicia.com\/es\/o-ppdeg-pon-de-exemplo-a-politica-que-serve-de-galicia-como-un-espello-da-que-deberia-exercer-o-goberno-de-sanchez\/#breadcrumb","itemListElement":[{"@type":"ListItem","position":1,"name":"Portada","item":"https:\/\/ppdegalicia.com\/es\/"},{"@type":"ListItem","position":2,"name":"O PPdeG pon de exemplo a \u201cpol\u00edtica que serve\u201d de Galicia como \u201cun espello\u201d da que deber\u00eda exercer o Goberno de S\u00e1nchez"}]},{"@type":"WebSite","@id":"https:\/\/ppdegalicia.com\/es\/#website","url":"https:\/\/ppdegalicia.com\/es\/","name":"Partido Popular de Galicia","description":"Partido Popular de Galicia","publisher":{"@id":"https:\/\/ppdegalicia.com\/es\/#organization"},"alternateName":"PP de Galicia","potentialAction":[{"@type":"SearchAction","target":{"@type":"EntryPoint","urlTemplate":"https:\/\/ppdegalicia.com\/es\/?s={search_term_string}"},"query-input":{"@type":"PropertyValueSpecification","valueRequired":true,"valueName":"search_term_string"}}],"inLanguage":"es"},{"@type":"Organization","@id":"https:\/\/ppdegalicia.com\/es\/#organization","name":"Partido Popular de Galicia","alternateName":"PP de Galicia","url":"https:\/\/ppdegalicia.com\/es\/","logo":{"@type":"ImageObject","inLanguage":"es","@id":"https:\/\/ppdegalicia.com\/es\/#\/schema\/logo\/image\/","url":"https:\/\/ppdegalicia.com\/wp-content\/uploads\/2023\/04\/logoPP512.png","contentUrl":"https:\/\/ppdegalicia.com\/wp-content\/uploads\/2023\/04\/logoPP512.png","width":512,"height":512,"caption":"Partido Popular de Galicia"},"image":{"@id":"https:\/\/ppdegalicia.com\/es\/#\/schema\/logo\/image\/"},"sameAs":["https:\/\/www.instagram.com\/ppdegalicia\/","https:\/\/x.com\/ppdegalicia","https:\/\/www.tiktok.com\/@ppdegalicia","https:\/\/www.youtube.com\/user\/ppdegalicia"]},{"@type":"Person","@id":"https:\/\/ppdegalicia.com\/es\/#\/schema\/person\/5b822c6f59e872ebdd1142f307dbcb59","name":"ppdegaliciaredes","image":{"@type":"ImageObject","inLanguage":"es","@id":"https:\/\/secure.gravatar.com\/avatar\/3c9179cf0256d00c72a48d1f25783c58b6842cd56e85ef3a572881c8e28ccd59?s=96&d=mm&r=g","url":"https:\/\/secure.gravatar.com\/avatar\/3c9179cf0256d00c72a48d1f25783c58b6842cd56e85ef3a572881c8e28ccd59?s=96&d=mm&r=g","contentUrl":"https:\/\/secure.gravatar.com\/avatar\/3c9179cf0256d00c72a48d1f25783c58b6842cd56e85ef3a572881c8e28ccd59?s=96&d=mm&r=g","caption":"ppdegaliciaredes"},"url":"https:\/\/ppdegalicia.com\/es\/author\/ppdegaliciaredes\/"}]}},"_links":{"self":[{"href":"https:\/\/ppdegalicia.com\/es\/wp-json\/wp\/v2\/posts\/66420","targetHints":{"allow":["GET"]}}],"collection":[{"href":"https:\/\/ppdegalicia.com\/es\/wp-json\/wp\/v2\/posts"}],"about":[{"href":"https:\/\/ppdegalicia.com\/es\/wp-json\/wp\/v2\/types\/post"}],"author":[{"embeddable":true,"href":"https:\/\/ppdegalicia.com\/es\/wp-json\/wp\/v2\/users\/38"}],"replies":[{"embeddable":true,"href":"https:\/\/ppdegalicia.com\/es\/wp-json\/wp\/v2\/comments?post=66420"}],"version-history":[{"count":1,"href":"https:\/\/ppdegalicia.com\/es\/wp-json\/wp\/v2\/posts\/66420\/revisions"}],"predecessor-version":[{"id":66423,"href":"https:\/\/ppdegalicia.com\/es\/wp-json\/wp\/v2\/posts\/66420\/revisions\/66423"}],"wp:featuredmedia":[{"embeddable":true,"href":"https:\/\/ppdegalicia.com\/es\/wp-json\/wp\/v2\/media\/66421"}],"wp:attachment":[{"href":"https:\/\/ppdegalicia.com\/es\/wp-json\/wp\/v2\/media?parent=66420"}],"wp:term":[{"taxonomy":"category","embeddable":true,"href":"https:\/\/ppdegalicia.com\/es\/wp-json\/wp\/v2\/categories?post=66420"},{"taxonomy":"post_tag","embeddable":true,"href":"https:\/\/ppdegalicia.com\/es\/wp-json\/wp\/v2\/tags?post=66420"}],"curies":[{"name":"wp","href":"https:\/\/api.w.org\/{rel}","templated":true}]}}