{"id":66424,"date":"2025-03-29T19:48:40","date_gmt":"2025-03-29T18:48:40","guid":{"rendered":"https:\/\/ppdegalicia.com\/?p=66424"},"modified":"2025-03-29T19:48:40","modified_gmt":"2025-03-29T18:48:40","slug":"alberto-pazos-reivindica-ao-pp-como-un-partido-que-leva-a-pesca-no-seu-adn-e-defende-que-o-sector-do-mar-galego-merece-un-goberno-central-mellor","status":"publish","type":"post","link":"https:\/\/ppdegalicia.com\/es\/alberto-pazos-reivindica-ao-pp-como-un-partido-que-leva-a-pesca-no-seu-adn-e-defende-que-o-sector-do-mar-galego-merece-un-goberno-central-mellor\/","title":{"rendered":"Alberto Pazos reivindica ao PP como un partido que \u201cleva a pesca no seu ADN\u201d e defende que o sector do mar galego \u201cmerece un Goberno central mellor\u201d"},"content":{"rendered":"<p>O portavoz do Grupo Popular no Parlamento galego, Alberto Pazos, reivindicou hoxe que en Galicia a cadea mar-industria \u00e9 m\u00e1is unha forma de entender a vida que un sector econ\u00f3mico e por iso urxiu a todas as instituci\u00f3ns a involucrarse no establecemento dun novo paradigma que garanta a partes iguais a protecci\u00f3n medioambiental e a supervivencia da xente do mar.<\/p>\n<p>As\u00ed o manifestou na s\u00faa intervenci\u00f3n na mesa redonda \u2018O reto agroalimentario: menos trabas para un sector estrat\u00e9xico\u2019, celebrada na 27\u00aa Interparlamentaria do Partido Popular en Sevilla e na que aproveitou para subli\u00f1ar que ningu\u00e9n ten m\u00e1is interese en preservar os recursos mari\u00f1os que aqueles que viven destes recursos.<\/p>\n<p>\u201cCertas instituci\u00f3ns deben deixar de tratar \u00e1s xentes do mar como unha ameaza medioambiental e asumir que son un elemento esencial na conservaci\u00f3n dos nosos mares\u201d, afirmou contrapo\u00f1endo os avances por parte da Comisi\u00f3n Europea nesta li\u00f1a co desleixo do Goberno central cara ao sector.<\/p>\n<p>Recordou as\u00ed que, mentres a Comisi\u00f3n Europea conta cun comisario espec\u00edfico de Pesca e Oc\u00e9anos logo de que a presidenta Ursula von der Leyen adquirira este compromiso na s\u00faa visita a Galicia o pasado ano, o Goberno de Espa\u00f1a contin\u00faa tomando medidas claramente prexudiciais para o sector.<\/p>\n<p>Alberto Pazos amosou deste xeito a s\u00faa incomprensi\u00f3n ante a negativa do Goberno central a rebaixar o IVE do peixe e das conservas, as\u00ed como ante a s\u00faa decisi\u00f3n de impo\u00f1er un menor consumo de peixe nos men\u00fas escolares. \u201cO \u00fanico que pedimos \u00e9 que o Goberno de Espa\u00f1a sexa o noso aliado e non o noso inimigo\u201d, conclu\u00edu facendo referencia tam\u00e9n ao esforzo que est\u00e1n a facer as comunidades aut\u00f3nomas para mellorar a calidade das s\u00faas augas e renovar as s\u00faas frotas e tripulaci\u00f3ns.<\/p>\n<p><strong>AS MALAS ARTES DO GOBERNO DE PEDRO S\u00c1NCHEZ<\/strong><\/p>\n<p>\u201cEn Galicia co\u00f1ecemos ben as malas artes e os bulos deste Goberno\u201d, sinalou o portavoz dos populares galegos no Pazo do H\u00f3rreo recordando o acontecido en plena campa\u00f1a electoral das auton\u00f3micas cando o buque Toconao perdeu parte da s\u00faa carga de p\u00e9lets e os seus restos chegaron \u00e1s costas galegas.<\/p>\n<p>Un episodio no que, na s\u00faa opini\u00f3n, o Goberno de S\u00e1nchez actuou con deslealdade e irresponsabilidade na medida en que ocultou informaci\u00f3n ao Executivo galego durante semanas e enviou \u00e1s s\u00faas hostes a desprestixiar o peixe e o marisco galegos con bulos que puxeron en grave risco a econom\u00eda de moitas familias.<\/p>\n<p>\u201cCreo que o sector do mar merece un Goberno central mellor\u201d, conclu\u00edu trasladando a s\u00faa esperanza de que \u201cmoi pronto\u201d Espa\u00f1a contar\u00e1 cun novo Goberno liderado por un partido que leva a pesca no seu ADN, porque, apuntou, xa o din as s\u00faas propias siglas: \u201cPP: Partido da Pesca\u201d.<\/p>\n","protected":false},"excerpt":{"rendered":"<p>O portavoz do Grupo Popular no Parlamento galego, Alberto Pazos, reivindicou hoxe que en Galicia a cadea mar-industria \u00e9 m\u00e1is unha forma de entender a vida que un sector econ\u00f3mico e por iso urxiu a todas as instituci\u00f3ns a involucrarse no establecemento dun novo paradigma que garanta a partes iguais a protecci\u00f3n medioambiental e a [&hellip;]<\/p>\n","protected":false},"author":38,"featured_media":66425,"comment_status":"closed","ping_status":"open","sticky":false,"template":"","format":"standard","meta":{"_acf_changed":false,"footnotes":""},"categories":[1],"tags":[],"class_list":["post-66424","post","type-post","status-publish","format-standard","has-post-thumbnail","hentry","category-pp-de-galicia"],"acf":[],"yoast_head":"<!-- This site is optimized with the Yoast SEO plugin v27.3 - https:\/\/yoast.com\/product\/yoast-seo-wordpress\/ -->\n<title>Alberto Pazos reivindica ao PP como un partido que \u201cleva a pesca no seu ADN\u201d e defende que o sector do mar galego \u201cmerece un Goberno central mellor\u201d - PP de Galicia<\/title>\n<meta name=\"description\" content=\"O portavoz do Grupo Popular no Parlamento galego, Alberto Pazos, reivindicou hoxe que en Galicia a cadea mar-industria \u00e9 m\u00e1is unha forma de entender a vida que un sector econ\u00f3mico e por iso urxiu a todas as instituci\u00f3ns a involucrarse no establecemento dun novo paradigma que garanta a partes iguais a protecci\u00f3n medioambiental e a supervivencia da xente do mar.\" \/>\n<meta name=\"robots\" content=\"index, follow, max-snippet:-1, max-image-preview:large, max-video-preview:-1\" \/>\n<link rel=\"canonical\" href=\"https:\/\/ppdegalicia.com\/es\/alberto-pazos-reivindica-ao-pp-como-un-partido-que-leva-a-pesca-no-seu-adn-e-defende-que-o-sector-do-mar-galego-merece-un-goberno-central-mellor\/\" \/>\n<meta property=\"og:locale\" content=\"es_ES\" \/>\n<meta property=\"og:type\" content=\"article\" \/>\n<meta property=\"og:title\" content=\"Alberto Pazos reivindica ao PP como un partido que \u201cleva a pesca no seu ADN\u201d e defende que o sector do mar galego \u201cmerece un Goberno central mellor\u201d - PP de Galicia\" \/>\n<meta property=\"og:description\" content=\"O portavoz do Grupo Popular no Parlamento galego, Alberto Pazos, reivindicou hoxe que en Galicia a cadea mar-industria \u00e9 m\u00e1is unha forma de entender a vida que un sector econ\u00f3mico e por iso urxiu a todas as instituci\u00f3ns a involucrarse no establecemento dun novo paradigma que garanta a partes iguais a protecci\u00f3n medioambiental e a supervivencia da xente do mar.\" \/>\n<meta property=\"og:url\" content=\"https:\/\/ppdegalicia.com\/es\/alberto-pazos-reivindica-ao-pp-como-un-partido-que-leva-a-pesca-no-seu-adn-e-defende-que-o-sector-do-mar-galego-merece-un-goberno-central-mellor\/\" \/>\n<meta property=\"og:site_name\" content=\"PP de Galicia\" \/>\n<meta property=\"article:publisher\" content=\"https:\/\/www.instagram.com\/ppdegalicia\/\" \/>\n<meta property=\"article:published_time\" content=\"2025-03-29T18:48:40+00:00\" \/>\n<meta property=\"og:image\" content=\"https:\/\/ppdegalicia.com\/wp-content\/uploads\/2025\/03\/20250329_27Interparlamentaria130-scaled.jpg\" \/>\n\t<meta property=\"og:image:width\" content=\"2560\" \/>\n\t<meta property=\"og:image:height\" content=\"1707\" \/>\n\t<meta property=\"og:image:type\" content=\"image\/jpeg\" \/>\n<meta name=\"author\" content=\"ppdegaliciaredes\" \/>\n<meta name=\"twitter:card\" content=\"summary_large_image\" \/>\n<meta name=\"twitter:creator\" content=\"@ppdegalicia\" \/>\n<meta name=\"twitter:site\" content=\"@ppdegalicia\" \/>\n<meta name=\"twitter:label1\" content=\"Escrito por\" \/>\n\t<meta name=\"twitter:data1\" content=\"ppdegaliciaredes\" \/>\n\t<meta name=\"twitter:label2\" content=\"Tiempo de lectura\" \/>\n\t<meta name=\"twitter:data2\" content=\"3 minutos\" \/>\n<script type=\"application\/ld+json\" class=\"yoast-schema-graph\">{\"@context\":\"https:\\\/\\\/schema.org\",\"@graph\":[{\"@type\":\"Article\",\"@id\":\"https:\\\/\\\/ppdegalicia.com\\\/es\\\/alberto-pazos-reivindica-ao-pp-como-un-partido-que-leva-a-pesca-no-seu-adn-e-defende-que-o-sector-do-mar-galego-merece-un-goberno-central-mellor\\\/#article\",\"isPartOf\":{\"@id\":\"https:\\\/\\\/ppdegalicia.com\\\/es\\\/alberto-pazos-reivindica-ao-pp-como-un-partido-que-leva-a-pesca-no-seu-adn-e-defende-que-o-sector-do-mar-galego-merece-un-goberno-central-mellor\\\/\"},\"author\":{\"name\":\"ppdegaliciaredes\",\"@id\":\"https:\\\/\\\/ppdegalicia.com\\\/es\\\/#\\\/schema\\\/person\\\/5b822c6f59e872ebdd1142f307dbcb59\"},\"headline\":\"Alberto Pazos reivindica ao PP como un partido que \u201cleva a pesca no seu ADN\u201d e defende que o sector do mar galego \u201cmerece un Goberno central mellor\u201d\",\"datePublished\":\"2025-03-29T18:48:40+00:00\",\"mainEntityOfPage\":{\"@id\":\"https:\\\/\\\/ppdegalicia.com\\\/es\\\/alberto-pazos-reivindica-ao-pp-como-un-partido-que-leva-a-pesca-no-seu-adn-e-defende-que-o-sector-do-mar-galego-merece-un-goberno-central-mellor\\\/\"},\"wordCount\":523,\"publisher\":{\"@id\":\"https:\\\/\\\/ppdegalicia.com\\\/es\\\/#organization\"},\"image\":{\"@id\":\"https:\\\/\\\/ppdegalicia.com\\\/es\\\/alberto-pazos-reivindica-ao-pp-como-un-partido-que-leva-a-pesca-no-seu-adn-e-defende-que-o-sector-do-mar-galego-merece-un-goberno-central-mellor\\\/#primaryimage\"},\"thumbnailUrl\":\"https:\\\/\\\/ppdegalicia.com\\\/wp-content\\\/uploads\\\/2025\\\/03\\\/20250329_27Interparlamentaria130-scaled.jpg\",\"articleSection\":[\"PP de Galicia\"],\"inLanguage\":\"es\"},{\"@type\":\"WebPage\",\"@id\":\"https:\\\/\\\/ppdegalicia.com\\\/es\\\/alberto-pazos-reivindica-ao-pp-como-un-partido-que-leva-a-pesca-no-seu-adn-e-defende-que-o-sector-do-mar-galego-merece-un-goberno-central-mellor\\\/\",\"url\":\"https:\\\/\\\/ppdegalicia.com\\\/es\\\/alberto-pazos-reivindica-ao-pp-como-un-partido-que-leva-a-pesca-no-seu-adn-e-defende-que-o-sector-do-mar-galego-merece-un-goberno-central-mellor\\\/\",\"name\":\"Alberto Pazos reivindica ao PP como un partido que \u201cleva a pesca no seu ADN\u201d e defende que o sector do mar galego \u201cmerece un Goberno central mellor\u201d - PP de Galicia\",\"isPartOf\":{\"@id\":\"https:\\\/\\\/ppdegalicia.com\\\/es\\\/#website\"},\"primaryImageOfPage\":{\"@id\":\"https:\\\/\\\/ppdegalicia.com\\\/es\\\/alberto-pazos-reivindica-ao-pp-como-un-partido-que-leva-a-pesca-no-seu-adn-e-defende-que-o-sector-do-mar-galego-merece-un-goberno-central-mellor\\\/#primaryimage\"},\"image\":{\"@id\":\"https:\\\/\\\/ppdegalicia.com\\\/es\\\/alberto-pazos-reivindica-ao-pp-como-un-partido-que-leva-a-pesca-no-seu-adn-e-defende-que-o-sector-do-mar-galego-merece-un-goberno-central-mellor\\\/#primaryimage\"},\"thumbnailUrl\":\"https:\\\/\\\/ppdegalicia.com\\\/wp-content\\\/uploads\\\/2025\\\/03\\\/20250329_27Interparlamentaria130-scaled.jpg\",\"datePublished\":\"2025-03-29T18:48:40+00:00\",\"description\":\"O portavoz do Grupo Popular no Parlamento galego, Alberto Pazos, reivindicou hoxe que en Galicia a cadea mar-industria \u00e9 m\u00e1is unha forma de entender a vida que un sector econ\u00f3mico e por iso urxiu a todas as instituci\u00f3ns a involucrarse no establecemento dun novo paradigma que garanta a partes iguais a protecci\u00f3n medioambiental e a supervivencia da xente do mar.\",\"breadcrumb\":{\"@id\":\"https:\\\/\\\/ppdegalicia.com\\\/es\\\/alberto-pazos-reivindica-ao-pp-como-un-partido-que-leva-a-pesca-no-seu-adn-e-defende-que-o-sector-do-mar-galego-merece-un-goberno-central-mellor\\\/#breadcrumb\"},\"inLanguage\":\"es\",\"potentialAction\":[{\"@type\":\"ReadAction\",\"target\":[\"https:\\\/\\\/ppdegalicia.com\\\/es\\\/alberto-pazos-reivindica-ao-pp-como-un-partido-que-leva-a-pesca-no-seu-adn-e-defende-que-o-sector-do-mar-galego-merece-un-goberno-central-mellor\\\/\"]}]},{\"@type\":\"ImageObject\",\"inLanguage\":\"es\",\"@id\":\"https:\\\/\\\/ppdegalicia.com\\\/es\\\/alberto-pazos-reivindica-ao-pp-como-un-partido-que-leva-a-pesca-no-seu-adn-e-defende-que-o-sector-do-mar-galego-merece-un-goberno-central-mellor\\\/#primaryimage\",\"url\":\"https:\\\/\\\/ppdegalicia.com\\\/wp-content\\\/uploads\\\/2025\\\/03\\\/20250329_27Interparlamentaria130-scaled.jpg\",\"contentUrl\":\"https:\\\/\\\/ppdegalicia.com\\\/wp-content\\\/uploads\\\/2025\\\/03\\\/20250329_27Interparlamentaria130-scaled.jpg\",\"width\":2560,\"height\":1707},{\"@type\":\"BreadcrumbList\",\"@id\":\"https:\\\/\\\/ppdegalicia.com\\\/es\\\/alberto-pazos-reivindica-ao-pp-como-un-partido-que-leva-a-pesca-no-seu-adn-e-defende-que-o-sector-do-mar-galego-merece-un-goberno-central-mellor\\\/#breadcrumb\",\"itemListElement\":[{\"@type\":\"ListItem\",\"position\":1,\"name\":\"Portada\",\"item\":\"https:\\\/\\\/ppdegalicia.com\\\/es\\\/\"},{\"@type\":\"ListItem\",\"position\":2,\"name\":\"Alberto Pazos reivindica ao PP como un partido que \u201cleva a pesca no seu ADN\u201d e defende que o sector do mar galego \u201cmerece un Goberno central mellor\u201d\"}]},{\"@type\":\"WebSite\",\"@id\":\"https:\\\/\\\/ppdegalicia.com\\\/es\\\/#website\",\"url\":\"https:\\\/\\\/ppdegalicia.com\\\/es\\\/\",\"name\":\"Partido Popular de Galicia\",\"description\":\"Partido Popular de Galicia\",\"publisher\":{\"@id\":\"https:\\\/\\\/ppdegalicia.com\\\/es\\\/#organization\"},\"alternateName\":\"PP de Galicia\",\"potentialAction\":[{\"@type\":\"SearchAction\",\"target\":{\"@type\":\"EntryPoint\",\"urlTemplate\":\"https:\\\/\\\/ppdegalicia.com\\\/es\\\/?s={search_term_string}\"},\"query-input\":{\"@type\":\"PropertyValueSpecification\",\"valueRequired\":true,\"valueName\":\"search_term_string\"}}],\"inLanguage\":\"es\"},{\"@type\":\"Organization\",\"@id\":\"https:\\\/\\\/ppdegalicia.com\\\/es\\\/#organization\",\"name\":\"Partido Popular de Galicia\",\"alternateName\":\"PP de Galicia\",\"url\":\"https:\\\/\\\/ppdegalicia.com\\\/es\\\/\",\"logo\":{\"@type\":\"ImageObject\",\"inLanguage\":\"es\",\"@id\":\"https:\\\/\\\/ppdegalicia.com\\\/es\\\/#\\\/schema\\\/logo\\\/image\\\/\",\"url\":\"https:\\\/\\\/ppdegalicia.com\\\/wp-content\\\/uploads\\\/2023\\\/04\\\/logoPP512.png\",\"contentUrl\":\"https:\\\/\\\/ppdegalicia.com\\\/wp-content\\\/uploads\\\/2023\\\/04\\\/logoPP512.png\",\"width\":512,\"height\":512,\"caption\":\"Partido Popular de Galicia\"},\"image\":{\"@id\":\"https:\\\/\\\/ppdegalicia.com\\\/es\\\/#\\\/schema\\\/logo\\\/image\\\/\"},\"sameAs\":[\"https:\\\/\\\/www.instagram.com\\\/ppdegalicia\\\/\",\"https:\\\/\\\/x.com\\\/ppdegalicia\",\"https:\\\/\\\/www.tiktok.com\\\/@ppdegalicia\",\"https:\\\/\\\/www.youtube.com\\\/user\\\/ppdegalicia\"]},{\"@type\":\"Person\",\"@id\":\"https:\\\/\\\/ppdegalicia.com\\\/es\\\/#\\\/schema\\\/person\\\/5b822c6f59e872ebdd1142f307dbcb59\",\"name\":\"ppdegaliciaredes\",\"image\":{\"@type\":\"ImageObject\",\"inLanguage\":\"es\",\"@id\":\"https:\\\/\\\/secure.gravatar.com\\\/avatar\\\/3c9179cf0256d00c72a48d1f25783c58b6842cd56e85ef3a572881c8e28ccd59?s=96&d=mm&r=g\",\"url\":\"https:\\\/\\\/secure.gravatar.com\\\/avatar\\\/3c9179cf0256d00c72a48d1f25783c58b6842cd56e85ef3a572881c8e28ccd59?s=96&d=mm&r=g\",\"contentUrl\":\"https:\\\/\\\/secure.gravatar.com\\\/avatar\\\/3c9179cf0256d00c72a48d1f25783c58b6842cd56e85ef3a572881c8e28ccd59?s=96&d=mm&r=g\",\"caption\":\"ppdegaliciaredes\"},\"url\":\"https:\\\/\\\/ppdegalicia.com\\\/es\\\/author\\\/ppdegaliciaredes\\\/\"}]}<\/script>\n<!-- \/ Yoast SEO plugin. -->","yoast_head_json":{"title":"Alberto Pazos reivindica ao PP como un partido que \u201cleva a pesca no seu ADN\u201d e defende que o sector do mar galego \u201cmerece un Goberno central mellor\u201d - PP de Galicia","description":"O portavoz do Grupo Popular no Parlamento galego, Alberto Pazos, reivindicou hoxe que en Galicia a cadea mar-industria \u00e9 m\u00e1is unha forma de entender a vida que un sector econ\u00f3mico e por iso urxiu a todas as instituci\u00f3ns a involucrarse no establecemento dun novo paradigma que garanta a partes iguais a protecci\u00f3n medioambiental e a supervivencia da xente do mar.","robots":{"index":"index","follow":"follow","max-snippet":"max-snippet:-1","max-image-preview":"max-image-preview:large","max-video-preview":"max-video-preview:-1"},"canonical":"https:\/\/ppdegalicia.com\/es\/alberto-pazos-reivindica-ao-pp-como-un-partido-que-leva-a-pesca-no-seu-adn-e-defende-que-o-sector-do-mar-galego-merece-un-goberno-central-mellor\/","og_locale":"es_ES","og_type":"article","og_title":"Alberto Pazos reivindica ao PP como un partido que \u201cleva a pesca no seu ADN\u201d e defende que o sector do mar galego \u201cmerece un Goberno central mellor\u201d - PP de Galicia","og_description":"O portavoz do Grupo Popular no Parlamento galego, Alberto Pazos, reivindicou hoxe que en Galicia a cadea mar-industria \u00e9 m\u00e1is unha forma de entender a vida que un sector econ\u00f3mico e por iso urxiu a todas as instituci\u00f3ns a involucrarse no establecemento dun novo paradigma que garanta a partes iguais a protecci\u00f3n medioambiental e a supervivencia da xente do mar.","og_url":"https:\/\/ppdegalicia.com\/es\/alberto-pazos-reivindica-ao-pp-como-un-partido-que-leva-a-pesca-no-seu-adn-e-defende-que-o-sector-do-mar-galego-merece-un-goberno-central-mellor\/","og_site_name":"PP de Galicia","article_publisher":"https:\/\/www.instagram.com\/ppdegalicia\/","article_published_time":"2025-03-29T18:48:40+00:00","og_image":[{"width":2560,"height":1707,"url":"https:\/\/ppdegalicia.com\/wp-content\/uploads\/2025\/03\/20250329_27Interparlamentaria130-scaled.jpg","type":"image\/jpeg"}],"author":"ppdegaliciaredes","twitter_card":"summary_large_image","twitter_creator":"@ppdegalicia","twitter_site":"@ppdegalicia","twitter_misc":{"Escrito por":"ppdegaliciaredes","Tiempo de lectura":"3 minutos"},"schema":{"@context":"https:\/\/schema.org","@graph":[{"@type":"Article","@id":"https:\/\/ppdegalicia.com\/es\/alberto-pazos-reivindica-ao-pp-como-un-partido-que-leva-a-pesca-no-seu-adn-e-defende-que-o-sector-do-mar-galego-merece-un-goberno-central-mellor\/#article","isPartOf":{"@id":"https:\/\/ppdegalicia.com\/es\/alberto-pazos-reivindica-ao-pp-como-un-partido-que-leva-a-pesca-no-seu-adn-e-defende-que-o-sector-do-mar-galego-merece-un-goberno-central-mellor\/"},"author":{"name":"ppdegaliciaredes","@id":"https:\/\/ppdegalicia.com\/es\/#\/schema\/person\/5b822c6f59e872ebdd1142f307dbcb59"},"headline":"Alberto Pazos reivindica ao PP como un partido que \u201cleva a pesca no seu ADN\u201d e defende que o sector do mar galego \u201cmerece un Goberno central mellor\u201d","datePublished":"2025-03-29T18:48:40+00:00","mainEntityOfPage":{"@id":"https:\/\/ppdegalicia.com\/es\/alberto-pazos-reivindica-ao-pp-como-un-partido-que-leva-a-pesca-no-seu-adn-e-defende-que-o-sector-do-mar-galego-merece-un-goberno-central-mellor\/"},"wordCount":523,"publisher":{"@id":"https:\/\/ppdegalicia.com\/es\/#organization"},"image":{"@id":"https:\/\/ppdegalicia.com\/es\/alberto-pazos-reivindica-ao-pp-como-un-partido-que-leva-a-pesca-no-seu-adn-e-defende-que-o-sector-do-mar-galego-merece-un-goberno-central-mellor\/#primaryimage"},"thumbnailUrl":"https:\/\/ppdegalicia.com\/wp-content\/uploads\/2025\/03\/20250329_27Interparlamentaria130-scaled.jpg","articleSection":["PP de Galicia"],"inLanguage":"es"},{"@type":"WebPage","@id":"https:\/\/ppdegalicia.com\/es\/alberto-pazos-reivindica-ao-pp-como-un-partido-que-leva-a-pesca-no-seu-adn-e-defende-que-o-sector-do-mar-galego-merece-un-goberno-central-mellor\/","url":"https:\/\/ppdegalicia.com\/es\/alberto-pazos-reivindica-ao-pp-como-un-partido-que-leva-a-pesca-no-seu-adn-e-defende-que-o-sector-do-mar-galego-merece-un-goberno-central-mellor\/","name":"Alberto Pazos reivindica ao PP como un partido que \u201cleva a pesca no seu ADN\u201d e defende que o sector do mar galego \u201cmerece un Goberno central mellor\u201d - PP de Galicia","isPartOf":{"@id":"https:\/\/ppdegalicia.com\/es\/#website"},"primaryImageOfPage":{"@id":"https:\/\/ppdegalicia.com\/es\/alberto-pazos-reivindica-ao-pp-como-un-partido-que-leva-a-pesca-no-seu-adn-e-defende-que-o-sector-do-mar-galego-merece-un-goberno-central-mellor\/#primaryimage"},"image":{"@id":"https:\/\/ppdegalicia.com\/es\/alberto-pazos-reivindica-ao-pp-como-un-partido-que-leva-a-pesca-no-seu-adn-e-defende-que-o-sector-do-mar-galego-merece-un-goberno-central-mellor\/#primaryimage"},"thumbnailUrl":"https:\/\/ppdegalicia.com\/wp-content\/uploads\/2025\/03\/20250329_27Interparlamentaria130-scaled.jpg","datePublished":"2025-03-29T18:48:40+00:00","description":"O portavoz do Grupo Popular no Parlamento galego, Alberto Pazos, reivindicou hoxe que en Galicia a cadea mar-industria \u00e9 m\u00e1is unha forma de entender a vida que un sector econ\u00f3mico e por iso urxiu a todas as instituci\u00f3ns a involucrarse no establecemento dun novo paradigma que garanta a partes iguais a protecci\u00f3n medioambiental e a supervivencia da xente do mar.","breadcrumb":{"@id":"https:\/\/ppdegalicia.com\/es\/alberto-pazos-reivindica-ao-pp-como-un-partido-que-leva-a-pesca-no-seu-adn-e-defende-que-o-sector-do-mar-galego-merece-un-goberno-central-mellor\/#breadcrumb"},"inLanguage":"es","potentialAction":[{"@type":"ReadAction","target":["https:\/\/ppdegalicia.com\/es\/alberto-pazos-reivindica-ao-pp-como-un-partido-que-leva-a-pesca-no-seu-adn-e-defende-que-o-sector-do-mar-galego-merece-un-goberno-central-mellor\/"]}]},{"@type":"ImageObject","inLanguage":"es","@id":"https:\/\/ppdegalicia.com\/es\/alberto-pazos-reivindica-ao-pp-como-un-partido-que-leva-a-pesca-no-seu-adn-e-defende-que-o-sector-do-mar-galego-merece-un-goberno-central-mellor\/#primaryimage","url":"https:\/\/ppdegalicia.com\/wp-content\/uploads\/2025\/03\/20250329_27Interparlamentaria130-scaled.jpg","contentUrl":"https:\/\/ppdegalicia.com\/wp-content\/uploads\/2025\/03\/20250329_27Interparlamentaria130-scaled.jpg","width":2560,"height":1707},{"@type":"BreadcrumbList","@id":"https:\/\/ppdegalicia.com\/es\/alberto-pazos-reivindica-ao-pp-como-un-partido-que-leva-a-pesca-no-seu-adn-e-defende-que-o-sector-do-mar-galego-merece-un-goberno-central-mellor\/#breadcrumb","itemListElement":[{"@type":"ListItem","position":1,"name":"Portada","item":"https:\/\/ppdegalicia.com\/es\/"},{"@type":"ListItem","position":2,"name":"Alberto Pazos reivindica ao PP como un partido que \u201cleva a pesca no seu ADN\u201d e defende que o sector do mar galego \u201cmerece un Goberno central mellor\u201d"}]},{"@type":"WebSite","@id":"https:\/\/ppdegalicia.com\/es\/#website","url":"https:\/\/ppdegalicia.com\/es\/","name":"Partido Popular de Galicia","description":"Partido Popular de Galicia","publisher":{"@id":"https:\/\/ppdegalicia.com\/es\/#organization"},"alternateName":"PP de Galicia","potentialAction":[{"@type":"SearchAction","target":{"@type":"EntryPoint","urlTemplate":"https:\/\/ppdegalicia.com\/es\/?s={search_term_string}"},"query-input":{"@type":"PropertyValueSpecification","valueRequired":true,"valueName":"search_term_string"}}],"inLanguage":"es"},{"@type":"Organization","@id":"https:\/\/ppdegalicia.com\/es\/#organization","name":"Partido Popular de Galicia","alternateName":"PP de Galicia","url":"https:\/\/ppdegalicia.com\/es\/","logo":{"@type":"ImageObject","inLanguage":"es","@id":"https:\/\/ppdegalicia.com\/es\/#\/schema\/logo\/image\/","url":"https:\/\/ppdegalicia.com\/wp-content\/uploads\/2023\/04\/logoPP512.png","contentUrl":"https:\/\/ppdegalicia.com\/wp-content\/uploads\/2023\/04\/logoPP512.png","width":512,"height":512,"caption":"Partido Popular de Galicia"},"image":{"@id":"https:\/\/ppdegalicia.com\/es\/#\/schema\/logo\/image\/"},"sameAs":["https:\/\/www.instagram.com\/ppdegalicia\/","https:\/\/x.com\/ppdegalicia","https:\/\/www.tiktok.com\/@ppdegalicia","https:\/\/www.youtube.com\/user\/ppdegalicia"]},{"@type":"Person","@id":"https:\/\/ppdegalicia.com\/es\/#\/schema\/person\/5b822c6f59e872ebdd1142f307dbcb59","name":"ppdegaliciaredes","image":{"@type":"ImageObject","inLanguage":"es","@id":"https:\/\/secure.gravatar.com\/avatar\/3c9179cf0256d00c72a48d1f25783c58b6842cd56e85ef3a572881c8e28ccd59?s=96&d=mm&r=g","url":"https:\/\/secure.gravatar.com\/avatar\/3c9179cf0256d00c72a48d1f25783c58b6842cd56e85ef3a572881c8e28ccd59?s=96&d=mm&r=g","contentUrl":"https:\/\/secure.gravatar.com\/avatar\/3c9179cf0256d00c72a48d1f25783c58b6842cd56e85ef3a572881c8e28ccd59?s=96&d=mm&r=g","caption":"ppdegaliciaredes"},"url":"https:\/\/ppdegalicia.com\/es\/author\/ppdegaliciaredes\/"}]}},"_links":{"self":[{"href":"https:\/\/ppdegalicia.com\/es\/wp-json\/wp\/v2\/posts\/66424","targetHints":{"allow":["GET"]}}],"collection":[{"href":"https:\/\/ppdegalicia.com\/es\/wp-json\/wp\/v2\/posts"}],"about":[{"href":"https:\/\/ppdegalicia.com\/es\/wp-json\/wp\/v2\/types\/post"}],"author":[{"embeddable":true,"href":"https:\/\/ppdegalicia.com\/es\/wp-json\/wp\/v2\/users\/38"}],"replies":[{"embeddable":true,"href":"https:\/\/ppdegalicia.com\/es\/wp-json\/wp\/v2\/comments?post=66424"}],"version-history":[{"count":1,"href":"https:\/\/ppdegalicia.com\/es\/wp-json\/wp\/v2\/posts\/66424\/revisions"}],"predecessor-version":[{"id":66427,"href":"https:\/\/ppdegalicia.com\/es\/wp-json\/wp\/v2\/posts\/66424\/revisions\/66427"}],"wp:featuredmedia":[{"embeddable":true,"href":"https:\/\/ppdegalicia.com\/es\/wp-json\/wp\/v2\/media\/66425"}],"wp:attachment":[{"href":"https:\/\/ppdegalicia.com\/es\/wp-json\/wp\/v2\/media?parent=66424"}],"wp:term":[{"taxonomy":"category","embeddable":true,"href":"https:\/\/ppdegalicia.com\/es\/wp-json\/wp\/v2\/categories?post=66424"},{"taxonomy":"post_tag","embeddable":true,"href":"https:\/\/ppdegalicia.com\/es\/wp-json\/wp\/v2\/tags?post=66424"}],"curies":[{"name":"wp","href":"https:\/\/api.w.org\/{rel}","templated":true}]}}