{"id":66428,"date":"2025-03-29T09:00:39","date_gmt":"2025-03-29T08:00:39","guid":{"rendered":"https:\/\/ppdegalicia.com\/?p=66428"},"modified":"2025-03-31T09:03:05","modified_gmt":"2025-03-31T08:03:05","slug":"o-ppdeg-traslada-ao-sector-pesqueiro-a-sua-preocupacion-polas-campanas-de-desprestixio-do-mar-que-se-estan-a-realizar","status":"publish","type":"post","link":"https:\/\/ppdegalicia.com\/es\/o-ppdeg-traslada-ao-sector-pesqueiro-a-sua-preocupacion-polas-campanas-de-desprestixio-do-mar-que-se-estan-a-realizar\/","title":{"rendered":"O PPdeG traslada ao sector pesqueiro a s\u00faa preocupaci\u00f3n polas campa\u00f1as de desprestixio do mar que se est\u00e1n a realizar"},"content":{"rendered":"<p>Os deputados do Grupo Popular Gonzalo Trenor e Magdalena P\u00e9rez reun\u00edronse cos patr\u00f3ns maiores das confrar\u00edas de Porto do Son, Portos\u00edn e Lira para trasladarlles a s\u00faa preocupaci\u00f3n polas campa\u00f1as de desprestixio do sector do mar que est\u00e1n a levar adiante con intereses partidistas. \u201cHai pouco m\u00e1is dun ano tomaron como escusa o vertido de pellets que chegou \u00e1s nosas praias e agora utilizan demagoxicamente o proxecto de Altri en Palas de Rei para difamar sobre a calidade dos nosos produtos\u201d, lamentaron.<\/p>\n<p>Nunha xuntanza na que tam\u00e9n participou o alcalde de Porto do Son, Luis Oujo, Gonzalo Trenor e Magdalena P\u00e9rez analizaron cos representantes das confrar\u00edas a situaci\u00f3n do sector do mar en Galicia, \u201cno que se abre unha nova etapa coa recente designaci\u00f3n do novo comisario de Pesca e Oc\u00e9anos da Uni\u00f3n Europea, Costas Kadis\u201d. Neste sentido, avogaron porque \u201cse aposte por un desenvolvemento pesqueiro sostible, compatibilizando o traballo dos pescadores co respecto polo medio ambiente, porque os galegos somos os primeiros interesados en coidar os recursos mar\u00edtimos existentes\u201d.<\/p>\n<p>Por\u00e9n, os deputados populares manifestaron a s\u00faa preocupaci\u00f3n aos representantes das confrar\u00edas polo ru\u00eddo e as campa\u00f1as que se fan desde determinados grupos pol\u00edticos e as s\u00faas organizaci\u00f3ns sat\u00e9lites que prexudican a boa imaxe dos produtos pesqueiros galegos e de todo o sector relacionado co mar.<\/p>\n<p>\u201cResulta lamentable que se utilicen accidentes como o da chegada dos pellets \u00e1s nosas praias ou agora o proxecto de Altri para sementar d\u00fabidas respecto da calidade dos produtos galegos e bo estado das nosas augas\u201d, sinalaron os deputados populares, quen trasladaron aos responsables das confrar\u00edas que \u201cseguiremos traballando, como o vi\u00f1emos facendo ata agora, por manter e defender a boa imaxe da pesca galega, facendo todo o posible con contrarrestar estes bulos que tanto mal poden facer a este sector\u201d.<\/p>\n","protected":false},"excerpt":{"rendered":"<p>Os deputados do Grupo Popular Gonzalo Trenor e Magdalena P\u00e9rez reun\u00edronse cos patr\u00f3ns maiores das confrar\u00edas de Porto do Son, Portos\u00edn e Lira para trasladarlles a s\u00faa preocupaci\u00f3n polas campa\u00f1as de desprestixio do sector do mar que est\u00e1n a levar adiante con intereses partidistas. \u201cHai pouco m\u00e1is dun ano tomaron como escusa o vertido de [&hellip;]<\/p>\n","protected":false},"author":38,"featured_media":66429,"comment_status":"closed","ping_status":"open","sticky":false,"template":"","format":"standard","meta":{"_acf_changed":false,"footnotes":""},"categories":[1128],"tags":[],"class_list":["post-66428","post","type-post","status-publish","format-standard","has-post-thumbnail","hentry","category-actualidad-parlamento-de-galicia"],"acf":[],"yoast_head":"<!-- This site is optimized with the Yoast SEO plugin v27.3 - https:\/\/yoast.com\/product\/yoast-seo-wordpress\/ -->\n<title>O PPdeG traslada ao sector pesqueiro a s\u00faa preocupaci\u00f3n polas campa\u00f1as de desprestixio do mar que se est\u00e1n a realizar - PP de Galicia<\/title>\n<meta name=\"description\" content=\"Os deputados do Grupo Popular Gonzalo Trenor e Magdalena P\u00e9rez reun\u00edronse cos patr\u00f3ns maiores das confrar\u00edas de Porto do Son, Portos\u00edn e Lira para trasladarlles a s\u00faa preocupaci\u00f3n polas campa\u00f1as de desprestixio do sector do mar que est\u00e1n a levar adiante con intereses partidistas. \u201cHai pouco m\u00e1is dun ano tomaron como escusa o vertido de pellets que chegou \u00e1s nosas praias e agora utilizan demagoxicamente o proxecto de Altri en Palas de Rei para difamar sobre a calidade dos nosos produtos\u201d, lamentaron.\" \/>\n<meta name=\"robots\" content=\"index, follow, max-snippet:-1, max-image-preview:large, max-video-preview:-1\" \/>\n<link rel=\"canonical\" href=\"https:\/\/ppdegalicia.com\/es\/o-ppdeg-traslada-ao-sector-pesqueiro-a-sua-preocupacion-polas-campanas-de-desprestixio-do-mar-que-se-estan-a-realizar\/\" \/>\n<meta property=\"og:locale\" content=\"es_ES\" \/>\n<meta property=\"og:type\" content=\"article\" \/>\n<meta property=\"og:title\" content=\"O PPdeG traslada ao sector pesqueiro a s\u00faa preocupaci\u00f3n polas campa\u00f1as de desprestixio do mar que se est\u00e1n a realizar - PP de Galicia\" \/>\n<meta property=\"og:description\" content=\"Os deputados do Grupo Popular Gonzalo Trenor e Magdalena P\u00e9rez reun\u00edronse cos patr\u00f3ns maiores das confrar\u00edas de Porto do Son, Portos\u00edn e Lira para trasladarlles a s\u00faa preocupaci\u00f3n polas campa\u00f1as de desprestixio do sector do mar que est\u00e1n a levar adiante con intereses partidistas. \u201cHai pouco m\u00e1is dun ano tomaron como escusa o vertido de pellets que chegou \u00e1s nosas praias e agora utilizan demagoxicamente o proxecto de Altri en Palas de Rei para difamar sobre a calidade dos nosos produtos\u201d, lamentaron.\" \/>\n<meta property=\"og:url\" content=\"https:\/\/ppdegalicia.com\/es\/o-ppdeg-traslada-ao-sector-pesqueiro-a-sua-preocupacion-polas-campanas-de-desprestixio-do-mar-que-se-estan-a-realizar\/\" \/>\n<meta property=\"og:site_name\" content=\"PP de Galicia\" \/>\n<meta property=\"article:publisher\" content=\"https:\/\/www.instagram.com\/ppdegalicia\/\" \/>\n<meta property=\"article:published_time\" content=\"2025-03-29T08:00:39+00:00\" \/>\n<meta property=\"article:modified_time\" content=\"2025-03-31T08:03:05+00:00\" \/>\n<meta property=\"og:image\" content=\"https:\/\/ppdegalicia.com\/wp-content\/uploads\/2025\/03\/IMG-20250329-WA0098.jpg\" \/>\n\t<meta property=\"og:image:width\" content=\"1600\" \/>\n\t<meta property=\"og:image:height\" content=\"1200\" \/>\n\t<meta property=\"og:image:type\" content=\"image\/jpeg\" \/>\n<meta name=\"author\" content=\"ppdegaliciaredes\" \/>\n<meta name=\"twitter:card\" content=\"summary_large_image\" \/>\n<meta name=\"twitter:creator\" content=\"@ppdegalicia\" \/>\n<meta name=\"twitter:site\" content=\"@ppdegalicia\" \/>\n<meta name=\"twitter:label1\" content=\"Escrito por\" \/>\n\t<meta name=\"twitter:data1\" content=\"ppdegaliciaredes\" \/>\n\t<meta name=\"twitter:label2\" content=\"Tiempo de lectura\" \/>\n\t<meta name=\"twitter:data2\" content=\"2 minutos\" \/>\n<script type=\"application\/ld+json\" class=\"yoast-schema-graph\">{\"@context\":\"https:\\\/\\\/schema.org\",\"@graph\":[{\"@type\":\"Article\",\"@id\":\"https:\\\/\\\/ppdegalicia.com\\\/es\\\/o-ppdeg-traslada-ao-sector-pesqueiro-a-sua-preocupacion-polas-campanas-de-desprestixio-do-mar-que-se-estan-a-realizar\\\/#article\",\"isPartOf\":{\"@id\":\"https:\\\/\\\/ppdegalicia.com\\\/es\\\/o-ppdeg-traslada-ao-sector-pesqueiro-a-sua-preocupacion-polas-campanas-de-desprestixio-do-mar-que-se-estan-a-realizar\\\/\"},\"author\":{\"name\":\"ppdegaliciaredes\",\"@id\":\"https:\\\/\\\/ppdegalicia.com\\\/es\\\/#\\\/schema\\\/person\\\/5b822c6f59e872ebdd1142f307dbcb59\"},\"headline\":\"O PPdeG traslada ao sector pesqueiro a s\u00faa preocupaci\u00f3n polas campa\u00f1as de desprestixio do mar que se est\u00e1n a realizar\",\"datePublished\":\"2025-03-29T08:00:39+00:00\",\"dateModified\":\"2025-03-31T08:03:05+00:00\",\"mainEntityOfPage\":{\"@id\":\"https:\\\/\\\/ppdegalicia.com\\\/es\\\/o-ppdeg-traslada-ao-sector-pesqueiro-a-sua-preocupacion-polas-campanas-de-desprestixio-do-mar-que-se-estan-a-realizar\\\/\"},\"wordCount\":352,\"publisher\":{\"@id\":\"https:\\\/\\\/ppdegalicia.com\\\/es\\\/#organization\"},\"image\":{\"@id\":\"https:\\\/\\\/ppdegalicia.com\\\/es\\\/o-ppdeg-traslada-ao-sector-pesqueiro-a-sua-preocupacion-polas-campanas-de-desprestixio-do-mar-que-se-estan-a-realizar\\\/#primaryimage\"},\"thumbnailUrl\":\"https:\\\/\\\/ppdegalicia.com\\\/wp-content\\\/uploads\\\/2025\\\/03\\\/IMG-20250329-WA0098.jpg\",\"articleSection\":[\"Parlamento de Galicia\"],\"inLanguage\":\"es\"},{\"@type\":\"WebPage\",\"@id\":\"https:\\\/\\\/ppdegalicia.com\\\/es\\\/o-ppdeg-traslada-ao-sector-pesqueiro-a-sua-preocupacion-polas-campanas-de-desprestixio-do-mar-que-se-estan-a-realizar\\\/\",\"url\":\"https:\\\/\\\/ppdegalicia.com\\\/es\\\/o-ppdeg-traslada-ao-sector-pesqueiro-a-sua-preocupacion-polas-campanas-de-desprestixio-do-mar-que-se-estan-a-realizar\\\/\",\"name\":\"O PPdeG traslada ao sector pesqueiro a s\u00faa preocupaci\u00f3n polas campa\u00f1as de desprestixio do mar que se est\u00e1n a realizar - PP de Galicia\",\"isPartOf\":{\"@id\":\"https:\\\/\\\/ppdegalicia.com\\\/es\\\/#website\"},\"primaryImageOfPage\":{\"@id\":\"https:\\\/\\\/ppdegalicia.com\\\/es\\\/o-ppdeg-traslada-ao-sector-pesqueiro-a-sua-preocupacion-polas-campanas-de-desprestixio-do-mar-que-se-estan-a-realizar\\\/#primaryimage\"},\"image\":{\"@id\":\"https:\\\/\\\/ppdegalicia.com\\\/es\\\/o-ppdeg-traslada-ao-sector-pesqueiro-a-sua-preocupacion-polas-campanas-de-desprestixio-do-mar-que-se-estan-a-realizar\\\/#primaryimage\"},\"thumbnailUrl\":\"https:\\\/\\\/ppdegalicia.com\\\/wp-content\\\/uploads\\\/2025\\\/03\\\/IMG-20250329-WA0098.jpg\",\"datePublished\":\"2025-03-29T08:00:39+00:00\",\"dateModified\":\"2025-03-31T08:03:05+00:00\",\"description\":\"Os deputados do Grupo Popular Gonzalo Trenor e Magdalena P\u00e9rez reun\u00edronse cos patr\u00f3ns maiores das confrar\u00edas de Porto do Son, Portos\u00edn e Lira para trasladarlles a s\u00faa preocupaci\u00f3n polas campa\u00f1as de desprestixio do sector do mar que est\u00e1n a levar adiante con intereses partidistas. \u201cHai pouco m\u00e1is dun ano tomaron como escusa o vertido de pellets que chegou \u00e1s nosas praias e agora utilizan demagoxicamente o proxecto de Altri en Palas de Rei para difamar sobre a calidade dos nosos produtos\u201d, lamentaron.\",\"breadcrumb\":{\"@id\":\"https:\\\/\\\/ppdegalicia.com\\\/es\\\/o-ppdeg-traslada-ao-sector-pesqueiro-a-sua-preocupacion-polas-campanas-de-desprestixio-do-mar-que-se-estan-a-realizar\\\/#breadcrumb\"},\"inLanguage\":\"es\",\"potentialAction\":[{\"@type\":\"ReadAction\",\"target\":[\"https:\\\/\\\/ppdegalicia.com\\\/es\\\/o-ppdeg-traslada-ao-sector-pesqueiro-a-sua-preocupacion-polas-campanas-de-desprestixio-do-mar-que-se-estan-a-realizar\\\/\"]}]},{\"@type\":\"ImageObject\",\"inLanguage\":\"es\",\"@id\":\"https:\\\/\\\/ppdegalicia.com\\\/es\\\/o-ppdeg-traslada-ao-sector-pesqueiro-a-sua-preocupacion-polas-campanas-de-desprestixio-do-mar-que-se-estan-a-realizar\\\/#primaryimage\",\"url\":\"https:\\\/\\\/ppdegalicia.com\\\/wp-content\\\/uploads\\\/2025\\\/03\\\/IMG-20250329-WA0098.jpg\",\"contentUrl\":\"https:\\\/\\\/ppdegalicia.com\\\/wp-content\\\/uploads\\\/2025\\\/03\\\/IMG-20250329-WA0098.jpg\",\"width\":1600,\"height\":1200},{\"@type\":\"BreadcrumbList\",\"@id\":\"https:\\\/\\\/ppdegalicia.com\\\/es\\\/o-ppdeg-traslada-ao-sector-pesqueiro-a-sua-preocupacion-polas-campanas-de-desprestixio-do-mar-que-se-estan-a-realizar\\\/#breadcrumb\",\"itemListElement\":[{\"@type\":\"ListItem\",\"position\":1,\"name\":\"Portada\",\"item\":\"https:\\\/\\\/ppdegalicia.com\\\/es\\\/\"},{\"@type\":\"ListItem\",\"position\":2,\"name\":\"O PPdeG traslada ao sector pesqueiro a s\u00faa preocupaci\u00f3n polas campa\u00f1as de desprestixio do mar que se est\u00e1n a realizar\"}]},{\"@type\":\"WebSite\",\"@id\":\"https:\\\/\\\/ppdegalicia.com\\\/es\\\/#website\",\"url\":\"https:\\\/\\\/ppdegalicia.com\\\/es\\\/\",\"name\":\"Partido Popular de Galicia\",\"description\":\"Partido Popular de Galicia\",\"publisher\":{\"@id\":\"https:\\\/\\\/ppdegalicia.com\\\/es\\\/#organization\"},\"alternateName\":\"PP de Galicia\",\"potentialAction\":[{\"@type\":\"SearchAction\",\"target\":{\"@type\":\"EntryPoint\",\"urlTemplate\":\"https:\\\/\\\/ppdegalicia.com\\\/es\\\/?s={search_term_string}\"},\"query-input\":{\"@type\":\"PropertyValueSpecification\",\"valueRequired\":true,\"valueName\":\"search_term_string\"}}],\"inLanguage\":\"es\"},{\"@type\":\"Organization\",\"@id\":\"https:\\\/\\\/ppdegalicia.com\\\/es\\\/#organization\",\"name\":\"Partido Popular de Galicia\",\"alternateName\":\"PP de Galicia\",\"url\":\"https:\\\/\\\/ppdegalicia.com\\\/es\\\/\",\"logo\":{\"@type\":\"ImageObject\",\"inLanguage\":\"es\",\"@id\":\"https:\\\/\\\/ppdegalicia.com\\\/es\\\/#\\\/schema\\\/logo\\\/image\\\/\",\"url\":\"https:\\\/\\\/ppdegalicia.com\\\/wp-content\\\/uploads\\\/2023\\\/04\\\/logoPP512.png\",\"contentUrl\":\"https:\\\/\\\/ppdegalicia.com\\\/wp-content\\\/uploads\\\/2023\\\/04\\\/logoPP512.png\",\"width\":512,\"height\":512,\"caption\":\"Partido Popular de Galicia\"},\"image\":{\"@id\":\"https:\\\/\\\/ppdegalicia.com\\\/es\\\/#\\\/schema\\\/logo\\\/image\\\/\"},\"sameAs\":[\"https:\\\/\\\/www.instagram.com\\\/ppdegalicia\\\/\",\"https:\\\/\\\/x.com\\\/ppdegalicia\",\"https:\\\/\\\/www.tiktok.com\\\/@ppdegalicia\",\"https:\\\/\\\/www.youtube.com\\\/user\\\/ppdegalicia\"]},{\"@type\":\"Person\",\"@id\":\"https:\\\/\\\/ppdegalicia.com\\\/es\\\/#\\\/schema\\\/person\\\/5b822c6f59e872ebdd1142f307dbcb59\",\"name\":\"ppdegaliciaredes\",\"image\":{\"@type\":\"ImageObject\",\"inLanguage\":\"es\",\"@id\":\"https:\\\/\\\/secure.gravatar.com\\\/avatar\\\/3c9179cf0256d00c72a48d1f25783c58b6842cd56e85ef3a572881c8e28ccd59?s=96&d=mm&r=g\",\"url\":\"https:\\\/\\\/secure.gravatar.com\\\/avatar\\\/3c9179cf0256d00c72a48d1f25783c58b6842cd56e85ef3a572881c8e28ccd59?s=96&d=mm&r=g\",\"contentUrl\":\"https:\\\/\\\/secure.gravatar.com\\\/avatar\\\/3c9179cf0256d00c72a48d1f25783c58b6842cd56e85ef3a572881c8e28ccd59?s=96&d=mm&r=g\",\"caption\":\"ppdegaliciaredes\"},\"url\":\"https:\\\/\\\/ppdegalicia.com\\\/es\\\/author\\\/ppdegaliciaredes\\\/\"}]}<\/script>\n<!-- \/ Yoast SEO plugin. -->","yoast_head_json":{"title":"O PPdeG traslada ao sector pesqueiro a s\u00faa preocupaci\u00f3n polas campa\u00f1as de desprestixio do mar que se est\u00e1n a realizar - PP de Galicia","description":"Os deputados do Grupo Popular Gonzalo Trenor e Magdalena P\u00e9rez reun\u00edronse cos patr\u00f3ns maiores das confrar\u00edas de Porto do Son, Portos\u00edn e Lira para trasladarlles a s\u00faa preocupaci\u00f3n polas campa\u00f1as de desprestixio do sector do mar que est\u00e1n a levar adiante con intereses partidistas. \u201cHai pouco m\u00e1is dun ano tomaron como escusa o vertido de pellets que chegou \u00e1s nosas praias e agora utilizan demagoxicamente o proxecto de Altri en Palas de Rei para difamar sobre a calidade dos nosos produtos\u201d, lamentaron.","robots":{"index":"index","follow":"follow","max-snippet":"max-snippet:-1","max-image-preview":"max-image-preview:large","max-video-preview":"max-video-preview:-1"},"canonical":"https:\/\/ppdegalicia.com\/es\/o-ppdeg-traslada-ao-sector-pesqueiro-a-sua-preocupacion-polas-campanas-de-desprestixio-do-mar-que-se-estan-a-realizar\/","og_locale":"es_ES","og_type":"article","og_title":"O PPdeG traslada ao sector pesqueiro a s\u00faa preocupaci\u00f3n polas campa\u00f1as de desprestixio do mar que se est\u00e1n a realizar - PP de Galicia","og_description":"Os deputados do Grupo Popular Gonzalo Trenor e Magdalena P\u00e9rez reun\u00edronse cos patr\u00f3ns maiores das confrar\u00edas de Porto do Son, Portos\u00edn e Lira para trasladarlles a s\u00faa preocupaci\u00f3n polas campa\u00f1as de desprestixio do sector do mar que est\u00e1n a levar adiante con intereses partidistas. \u201cHai pouco m\u00e1is dun ano tomaron como escusa o vertido de pellets que chegou \u00e1s nosas praias e agora utilizan demagoxicamente o proxecto de Altri en Palas de Rei para difamar sobre a calidade dos nosos produtos\u201d, lamentaron.","og_url":"https:\/\/ppdegalicia.com\/es\/o-ppdeg-traslada-ao-sector-pesqueiro-a-sua-preocupacion-polas-campanas-de-desprestixio-do-mar-que-se-estan-a-realizar\/","og_site_name":"PP de Galicia","article_publisher":"https:\/\/www.instagram.com\/ppdegalicia\/","article_published_time":"2025-03-29T08:00:39+00:00","article_modified_time":"2025-03-31T08:03:05+00:00","og_image":[{"width":1600,"height":1200,"url":"https:\/\/ppdegalicia.com\/wp-content\/uploads\/2025\/03\/IMG-20250329-WA0098.jpg","type":"image\/jpeg"}],"author":"ppdegaliciaredes","twitter_card":"summary_large_image","twitter_creator":"@ppdegalicia","twitter_site":"@ppdegalicia","twitter_misc":{"Escrito por":"ppdegaliciaredes","Tiempo de lectura":"2 minutos"},"schema":{"@context":"https:\/\/schema.org","@graph":[{"@type":"Article","@id":"https:\/\/ppdegalicia.com\/es\/o-ppdeg-traslada-ao-sector-pesqueiro-a-sua-preocupacion-polas-campanas-de-desprestixio-do-mar-que-se-estan-a-realizar\/#article","isPartOf":{"@id":"https:\/\/ppdegalicia.com\/es\/o-ppdeg-traslada-ao-sector-pesqueiro-a-sua-preocupacion-polas-campanas-de-desprestixio-do-mar-que-se-estan-a-realizar\/"},"author":{"name":"ppdegaliciaredes","@id":"https:\/\/ppdegalicia.com\/es\/#\/schema\/person\/5b822c6f59e872ebdd1142f307dbcb59"},"headline":"O PPdeG traslada ao sector pesqueiro a s\u00faa preocupaci\u00f3n polas campa\u00f1as de desprestixio do mar que se est\u00e1n a realizar","datePublished":"2025-03-29T08:00:39+00:00","dateModified":"2025-03-31T08:03:05+00:00","mainEntityOfPage":{"@id":"https:\/\/ppdegalicia.com\/es\/o-ppdeg-traslada-ao-sector-pesqueiro-a-sua-preocupacion-polas-campanas-de-desprestixio-do-mar-que-se-estan-a-realizar\/"},"wordCount":352,"publisher":{"@id":"https:\/\/ppdegalicia.com\/es\/#organization"},"image":{"@id":"https:\/\/ppdegalicia.com\/es\/o-ppdeg-traslada-ao-sector-pesqueiro-a-sua-preocupacion-polas-campanas-de-desprestixio-do-mar-que-se-estan-a-realizar\/#primaryimage"},"thumbnailUrl":"https:\/\/ppdegalicia.com\/wp-content\/uploads\/2025\/03\/IMG-20250329-WA0098.jpg","articleSection":["Parlamento de Galicia"],"inLanguage":"es"},{"@type":"WebPage","@id":"https:\/\/ppdegalicia.com\/es\/o-ppdeg-traslada-ao-sector-pesqueiro-a-sua-preocupacion-polas-campanas-de-desprestixio-do-mar-que-se-estan-a-realizar\/","url":"https:\/\/ppdegalicia.com\/es\/o-ppdeg-traslada-ao-sector-pesqueiro-a-sua-preocupacion-polas-campanas-de-desprestixio-do-mar-que-se-estan-a-realizar\/","name":"O PPdeG traslada ao sector pesqueiro a s\u00faa preocupaci\u00f3n polas campa\u00f1as de desprestixio do mar que se est\u00e1n a realizar - PP de Galicia","isPartOf":{"@id":"https:\/\/ppdegalicia.com\/es\/#website"},"primaryImageOfPage":{"@id":"https:\/\/ppdegalicia.com\/es\/o-ppdeg-traslada-ao-sector-pesqueiro-a-sua-preocupacion-polas-campanas-de-desprestixio-do-mar-que-se-estan-a-realizar\/#primaryimage"},"image":{"@id":"https:\/\/ppdegalicia.com\/es\/o-ppdeg-traslada-ao-sector-pesqueiro-a-sua-preocupacion-polas-campanas-de-desprestixio-do-mar-que-se-estan-a-realizar\/#primaryimage"},"thumbnailUrl":"https:\/\/ppdegalicia.com\/wp-content\/uploads\/2025\/03\/IMG-20250329-WA0098.jpg","datePublished":"2025-03-29T08:00:39+00:00","dateModified":"2025-03-31T08:03:05+00:00","description":"Os deputados do Grupo Popular Gonzalo Trenor e Magdalena P\u00e9rez reun\u00edronse cos patr\u00f3ns maiores das confrar\u00edas de Porto do Son, Portos\u00edn e Lira para trasladarlles a s\u00faa preocupaci\u00f3n polas campa\u00f1as de desprestixio do sector do mar que est\u00e1n a levar adiante con intereses partidistas. \u201cHai pouco m\u00e1is dun ano tomaron como escusa o vertido de pellets que chegou \u00e1s nosas praias e agora utilizan demagoxicamente o proxecto de Altri en Palas de Rei para difamar sobre a calidade dos nosos produtos\u201d, lamentaron.","breadcrumb":{"@id":"https:\/\/ppdegalicia.com\/es\/o-ppdeg-traslada-ao-sector-pesqueiro-a-sua-preocupacion-polas-campanas-de-desprestixio-do-mar-que-se-estan-a-realizar\/#breadcrumb"},"inLanguage":"es","potentialAction":[{"@type":"ReadAction","target":["https:\/\/ppdegalicia.com\/es\/o-ppdeg-traslada-ao-sector-pesqueiro-a-sua-preocupacion-polas-campanas-de-desprestixio-do-mar-que-se-estan-a-realizar\/"]}]},{"@type":"ImageObject","inLanguage":"es","@id":"https:\/\/ppdegalicia.com\/es\/o-ppdeg-traslada-ao-sector-pesqueiro-a-sua-preocupacion-polas-campanas-de-desprestixio-do-mar-que-se-estan-a-realizar\/#primaryimage","url":"https:\/\/ppdegalicia.com\/wp-content\/uploads\/2025\/03\/IMG-20250329-WA0098.jpg","contentUrl":"https:\/\/ppdegalicia.com\/wp-content\/uploads\/2025\/03\/IMG-20250329-WA0098.jpg","width":1600,"height":1200},{"@type":"BreadcrumbList","@id":"https:\/\/ppdegalicia.com\/es\/o-ppdeg-traslada-ao-sector-pesqueiro-a-sua-preocupacion-polas-campanas-de-desprestixio-do-mar-que-se-estan-a-realizar\/#breadcrumb","itemListElement":[{"@type":"ListItem","position":1,"name":"Portada","item":"https:\/\/ppdegalicia.com\/es\/"},{"@type":"ListItem","position":2,"name":"O PPdeG traslada ao sector pesqueiro a s\u00faa preocupaci\u00f3n polas campa\u00f1as de desprestixio do mar que se est\u00e1n a realizar"}]},{"@type":"WebSite","@id":"https:\/\/ppdegalicia.com\/es\/#website","url":"https:\/\/ppdegalicia.com\/es\/","name":"Partido Popular de Galicia","description":"Partido Popular de Galicia","publisher":{"@id":"https:\/\/ppdegalicia.com\/es\/#organization"},"alternateName":"PP de Galicia","potentialAction":[{"@type":"SearchAction","target":{"@type":"EntryPoint","urlTemplate":"https:\/\/ppdegalicia.com\/es\/?s={search_term_string}"},"query-input":{"@type":"PropertyValueSpecification","valueRequired":true,"valueName":"search_term_string"}}],"inLanguage":"es"},{"@type":"Organization","@id":"https:\/\/ppdegalicia.com\/es\/#organization","name":"Partido Popular de Galicia","alternateName":"PP de Galicia","url":"https:\/\/ppdegalicia.com\/es\/","logo":{"@type":"ImageObject","inLanguage":"es","@id":"https:\/\/ppdegalicia.com\/es\/#\/schema\/logo\/image\/","url":"https:\/\/ppdegalicia.com\/wp-content\/uploads\/2023\/04\/logoPP512.png","contentUrl":"https:\/\/ppdegalicia.com\/wp-content\/uploads\/2023\/04\/logoPP512.png","width":512,"height":512,"caption":"Partido Popular de Galicia"},"image":{"@id":"https:\/\/ppdegalicia.com\/es\/#\/schema\/logo\/image\/"},"sameAs":["https:\/\/www.instagram.com\/ppdegalicia\/","https:\/\/x.com\/ppdegalicia","https:\/\/www.tiktok.com\/@ppdegalicia","https:\/\/www.youtube.com\/user\/ppdegalicia"]},{"@type":"Person","@id":"https:\/\/ppdegalicia.com\/es\/#\/schema\/person\/5b822c6f59e872ebdd1142f307dbcb59","name":"ppdegaliciaredes","image":{"@type":"ImageObject","inLanguage":"es","@id":"https:\/\/secure.gravatar.com\/avatar\/3c9179cf0256d00c72a48d1f25783c58b6842cd56e85ef3a572881c8e28ccd59?s=96&d=mm&r=g","url":"https:\/\/secure.gravatar.com\/avatar\/3c9179cf0256d00c72a48d1f25783c58b6842cd56e85ef3a572881c8e28ccd59?s=96&d=mm&r=g","contentUrl":"https:\/\/secure.gravatar.com\/avatar\/3c9179cf0256d00c72a48d1f25783c58b6842cd56e85ef3a572881c8e28ccd59?s=96&d=mm&r=g","caption":"ppdegaliciaredes"},"url":"https:\/\/ppdegalicia.com\/es\/author\/ppdegaliciaredes\/"}]}},"_links":{"self":[{"href":"https:\/\/ppdegalicia.com\/es\/wp-json\/wp\/v2\/posts\/66428","targetHints":{"allow":["GET"]}}],"collection":[{"href":"https:\/\/ppdegalicia.com\/es\/wp-json\/wp\/v2\/posts"}],"about":[{"href":"https:\/\/ppdegalicia.com\/es\/wp-json\/wp\/v2\/types\/post"}],"author":[{"embeddable":true,"href":"https:\/\/ppdegalicia.com\/es\/wp-json\/wp\/v2\/users\/38"}],"replies":[{"embeddable":true,"href":"https:\/\/ppdegalicia.com\/es\/wp-json\/wp\/v2\/comments?post=66428"}],"version-history":[{"count":1,"href":"https:\/\/ppdegalicia.com\/es\/wp-json\/wp\/v2\/posts\/66428\/revisions"}],"predecessor-version":[{"id":66431,"href":"https:\/\/ppdegalicia.com\/es\/wp-json\/wp\/v2\/posts\/66428\/revisions\/66431"}],"wp:featuredmedia":[{"embeddable":true,"href":"https:\/\/ppdegalicia.com\/es\/wp-json\/wp\/v2\/media\/66429"}],"wp:attachment":[{"href":"https:\/\/ppdegalicia.com\/es\/wp-json\/wp\/v2\/media?parent=66428"}],"wp:term":[{"taxonomy":"category","embeddable":true,"href":"https:\/\/ppdegalicia.com\/es\/wp-json\/wp\/v2\/categories?post=66428"},{"taxonomy":"post_tag","embeddable":true,"href":"https:\/\/ppdegalicia.com\/es\/wp-json\/wp\/v2\/tags?post=66428"}],"curies":[{"name":"wp","href":"https:\/\/api.w.org\/{rel}","templated":true}]}}