{"id":66432,"date":"2025-03-31T20:19:09","date_gmt":"2025-03-31T19:19:09","guid":{"rendered":"https:\/\/ppdegalicia.com\/?p=66432"},"modified":"2025-03-31T20:19:09","modified_gmt":"2025-03-31T19:19:09","slug":"o-grupo-popular-levara-ao-parlamento-galego-o-impulso-definitivo-a-cuarta-fase-do-poligono-industrial-lalin-2000","status":"publish","type":"post","link":"https:\/\/ppdegalicia.com\/es\/o-grupo-popular-levara-ao-parlamento-galego-o-impulso-definitivo-a-cuarta-fase-do-poligono-industrial-lalin-2000\/","title":{"rendered":"O Grupo Popular levar\u00e1 ao Parlamento galego o impulso definitivo \u00e1 cuarta fase do pol\u00edgono industrial Lal\u00edn 2000"},"content":{"rendered":"<p>O Grupo Popular solicitar\u00e1 no Parlamento de Galicia \u201co impulso definitivo \u00e1 tan ansiada cuarta fase do pol\u00edgono industrial Lal\u00edn 2000, unha actuaci\u00f3n estrat\u00e9xica para avanzar no desenvolvemento econ\u00f3mico e a creaci\u00f3n de postos de traballo neste concello e en toda a comarca do Deza\u201d.<\/p>\n<p>Os deputados do Grupo Popular celebraron hoxe en Lal\u00edn a s\u00faa habitual reuni\u00f3n dos luns, na que avanzaron os asuntos que levar\u00e1n ma\u00f1\u00e1 \u00e1 Xunta de Portavoces para a s\u00faa inclusi\u00f3n no Pleno da vindeira semana.<\/p>\n<p>Posteriormente, o portavoz popular, Alberto Pazos, acompa\u00f1ado dos viceportavoces, Paula Prado, Julio Garc\u00eda Comesa\u00f1a e Cristina Sanz, traslad\u00e1ronse ata a Casa Consistorial, onde mantiveron un encontro co alcalde de Lal\u00edn, Jos\u00e9 Crespo.<\/p>\n<p>Nesta xuntanza, os portavoces populares avanzaron que o Grupo Parlamentario solicitar\u00e1 no Parlamento de Galicia impulso definitivo \u00e1 cuarta fase do pol\u00edgono industrial Lal\u00edn 2000, \u201cunha ampliaci\u00f3n que parte do concepto de parque ecol\u00f3xico sostible buscando un perfil de uso comercial e con naves de tama\u00f1o m\u00e1is pequeno\u201d.<\/p>\n<p><strong>FIRME COMPROMISO DA XUNTA<\/strong><\/p>\n<p>\u201cEsta actuaci\u00f3n conta co firme compromiso da Xunta para a s\u00faa realizaci\u00f3n, que se manifesta na partida de 4,4 mill\u00f3ns de euros que xa figura nos orzamento da Xunta para o presente ano 2025\u201d, sinalou Alberto Pazos.<\/p>\n<p>Ademais, apuntou que \u201ca boa sinton\u00eda existente entre os responsables da Xunta e do Concello de Lal\u00edn facilitar\u00e1 que esta obra sexa unha realidade m\u00e1is pronto que tarde, para que as empresas de toda a comarca poidan dispor de solo para levar adiante os seus proxectos mantendo a Lal\u00edn como unha localidade de referencia econ\u00f3mica e industrial no interior de Galicia\u201d.<\/p>\n<p>As\u00ed mesmo, o alcalde de Lal\u00edn trasladou aos portavoces do Grupo Popular a proposta para a posible conexi\u00f3n por autov\u00eda de Lal\u00edn, Agolada e Melide a trav\u00e9s dun ramal que una, desde Agolada, a futura autov\u00eda Pontevedra-Cerdedo-Lal\u00edn-Lugo coa autov\u00eda A-54 Santiago-Lugo en Melide. \u201cTr\u00e1tase dun proxecto ambicioso que o Grupo Popular vai estudar e valorar na s\u00faa xusta medida, porque somos conscientes das necesidades existentes en materia de comunicaci\u00f3n que ten o interior de Galicia, esquecido durante moitas d\u00e9cadas en beneficio do litoral atl\u00e1ntico\u201d, manifestou Alberto Pazos.<\/p>\n","protected":false},"excerpt":{"rendered":"<p>O Grupo Popular solicitar\u00e1 no Parlamento de Galicia \u201co impulso definitivo \u00e1 tan ansiada cuarta fase do pol\u00edgono industrial Lal\u00edn 2000, unha actuaci\u00f3n estrat\u00e9xica para avanzar no desenvolvemento econ\u00f3mico e a creaci\u00f3n de postos de traballo neste concello e en toda a comarca do Deza\u201d. Os deputados do Grupo Popular celebraron hoxe en Lal\u00edn a [&hellip;]<\/p>\n","protected":false},"author":38,"featured_media":66433,"comment_status":"closed","ping_status":"open","sticky":false,"template":"","format":"standard","meta":{"_acf_changed":false,"footnotes":""},"categories":[1128],"tags":[],"class_list":["post-66432","post","type-post","status-publish","format-standard","has-post-thumbnail","hentry","category-actualidad-parlamento-de-galicia"],"acf":[],"yoast_head":"<!-- This site is optimized with the Yoast SEO plugin v27.3 - https:\/\/yoast.com\/product\/yoast-seo-wordpress\/ -->\n<title>O Grupo Popular levar\u00e1 ao Parlamento galego o impulso definitivo \u00e1 cuarta fase do pol\u00edgono industrial Lal\u00edn 2000 - PP de Galicia<\/title>\n<meta name=\"description\" content=\"O Grupo Popular solicitar\u00e1 no Parlamento de Galicia \u201co impulso definitivo \u00e1 tan ansiada cuarta fase do pol\u00edgono industrial Lal\u00edn 2000, unha actuaci\u00f3n estrat\u00e9xica para avanzar no desenvolvemento econ\u00f3mico e a creaci\u00f3n de postos de traballo neste concello e en toda a comarca do Deza\u201d.\" \/>\n<meta name=\"robots\" content=\"index, follow, max-snippet:-1, max-image-preview:large, max-video-preview:-1\" \/>\n<link rel=\"canonical\" href=\"https:\/\/ppdegalicia.com\/es\/o-grupo-popular-levara-ao-parlamento-galego-o-impulso-definitivo-a-cuarta-fase-do-poligono-industrial-lalin-2000\/\" \/>\n<meta property=\"og:locale\" content=\"es_ES\" \/>\n<meta property=\"og:type\" content=\"article\" \/>\n<meta property=\"og:title\" content=\"O Grupo Popular levar\u00e1 ao Parlamento galego o impulso definitivo \u00e1 cuarta fase do pol\u00edgono industrial Lal\u00edn 2000 - PP de Galicia\" \/>\n<meta property=\"og:description\" content=\"O Grupo Popular solicitar\u00e1 no Parlamento de Galicia \u201co impulso definitivo \u00e1 tan ansiada cuarta fase do pol\u00edgono industrial Lal\u00edn 2000, unha actuaci\u00f3n estrat\u00e9xica para avanzar no desenvolvemento econ\u00f3mico e a creaci\u00f3n de postos de traballo neste concello e en toda a comarca do Deza\u201d.\" \/>\n<meta property=\"og:url\" content=\"https:\/\/ppdegalicia.com\/es\/o-grupo-popular-levara-ao-parlamento-galego-o-impulso-definitivo-a-cuarta-fase-do-poligono-industrial-lalin-2000\/\" \/>\n<meta property=\"og:site_name\" content=\"PP de Galicia\" \/>\n<meta property=\"article:publisher\" content=\"https:\/\/www.instagram.com\/ppdegalicia\/\" \/>\n<meta property=\"article:published_time\" content=\"2025-03-31T19:19:09+00:00\" \/>\n<meta property=\"og:image\" content=\"https:\/\/ppdegalicia.com\/wp-content\/uploads\/2025\/03\/20250331_Reunion_GPP_Lalin39-2-scaled.jpg\" \/>\n\t<meta property=\"og:image:width\" content=\"2560\" \/>\n\t<meta property=\"og:image:height\" content=\"1707\" \/>\n\t<meta property=\"og:image:type\" content=\"image\/jpeg\" \/>\n<meta name=\"author\" content=\"ppdegaliciaredes\" \/>\n<meta name=\"twitter:card\" content=\"summary_large_image\" \/>\n<meta name=\"twitter:creator\" content=\"@ppdegalicia\" \/>\n<meta name=\"twitter:site\" content=\"@ppdegalicia\" \/>\n<meta name=\"twitter:label1\" content=\"Escrito por\" \/>\n\t<meta name=\"twitter:data1\" content=\"ppdegaliciaredes\" \/>\n\t<meta name=\"twitter:label2\" content=\"Tiempo de lectura\" \/>\n\t<meta name=\"twitter:data2\" content=\"3 minutos\" \/>\n<script type=\"application\/ld+json\" class=\"yoast-schema-graph\">{\"@context\":\"https:\\\/\\\/schema.org\",\"@graph\":[{\"@type\":\"Article\",\"@id\":\"https:\\\/\\\/ppdegalicia.com\\\/es\\\/o-grupo-popular-levara-ao-parlamento-galego-o-impulso-definitivo-a-cuarta-fase-do-poligono-industrial-lalin-2000\\\/#article\",\"isPartOf\":{\"@id\":\"https:\\\/\\\/ppdegalicia.com\\\/es\\\/o-grupo-popular-levara-ao-parlamento-galego-o-impulso-definitivo-a-cuarta-fase-do-poligono-industrial-lalin-2000\\\/\"},\"author\":{\"name\":\"ppdegaliciaredes\",\"@id\":\"https:\\\/\\\/ppdegalicia.com\\\/es\\\/#\\\/schema\\\/person\\\/5b822c6f59e872ebdd1142f307dbcb59\"},\"headline\":\"O Grupo Popular levar\u00e1 ao Parlamento galego o impulso definitivo \u00e1 cuarta fase do pol\u00edgono industrial Lal\u00edn 2000\",\"datePublished\":\"2025-03-31T19:19:09+00:00\",\"mainEntityOfPage\":{\"@id\":\"https:\\\/\\\/ppdegalicia.com\\\/es\\\/o-grupo-popular-levara-ao-parlamento-galego-o-impulso-definitivo-a-cuarta-fase-do-poligono-industrial-lalin-2000\\\/\"},\"wordCount\":406,\"publisher\":{\"@id\":\"https:\\\/\\\/ppdegalicia.com\\\/es\\\/#organization\"},\"image\":{\"@id\":\"https:\\\/\\\/ppdegalicia.com\\\/es\\\/o-grupo-popular-levara-ao-parlamento-galego-o-impulso-definitivo-a-cuarta-fase-do-poligono-industrial-lalin-2000\\\/#primaryimage\"},\"thumbnailUrl\":\"https:\\\/\\\/ppdegalicia.com\\\/wp-content\\\/uploads\\\/2025\\\/03\\\/20250331_Reunion_GPP_Lalin39-2-scaled.jpg\",\"articleSection\":[\"Parlamento de Galicia\"],\"inLanguage\":\"es\"},{\"@type\":\"WebPage\",\"@id\":\"https:\\\/\\\/ppdegalicia.com\\\/es\\\/o-grupo-popular-levara-ao-parlamento-galego-o-impulso-definitivo-a-cuarta-fase-do-poligono-industrial-lalin-2000\\\/\",\"url\":\"https:\\\/\\\/ppdegalicia.com\\\/es\\\/o-grupo-popular-levara-ao-parlamento-galego-o-impulso-definitivo-a-cuarta-fase-do-poligono-industrial-lalin-2000\\\/\",\"name\":\"O Grupo Popular levar\u00e1 ao Parlamento galego o impulso definitivo \u00e1 cuarta fase do pol\u00edgono industrial Lal\u00edn 2000 - PP de Galicia\",\"isPartOf\":{\"@id\":\"https:\\\/\\\/ppdegalicia.com\\\/es\\\/#website\"},\"primaryImageOfPage\":{\"@id\":\"https:\\\/\\\/ppdegalicia.com\\\/es\\\/o-grupo-popular-levara-ao-parlamento-galego-o-impulso-definitivo-a-cuarta-fase-do-poligono-industrial-lalin-2000\\\/#primaryimage\"},\"image\":{\"@id\":\"https:\\\/\\\/ppdegalicia.com\\\/es\\\/o-grupo-popular-levara-ao-parlamento-galego-o-impulso-definitivo-a-cuarta-fase-do-poligono-industrial-lalin-2000\\\/#primaryimage\"},\"thumbnailUrl\":\"https:\\\/\\\/ppdegalicia.com\\\/wp-content\\\/uploads\\\/2025\\\/03\\\/20250331_Reunion_GPP_Lalin39-2-scaled.jpg\",\"datePublished\":\"2025-03-31T19:19:09+00:00\",\"description\":\"O Grupo Popular solicitar\u00e1 no Parlamento de Galicia \u201co impulso definitivo \u00e1 tan ansiada cuarta fase do pol\u00edgono industrial Lal\u00edn 2000, unha actuaci\u00f3n estrat\u00e9xica para avanzar no desenvolvemento econ\u00f3mico e a creaci\u00f3n de postos de traballo neste concello e en toda a comarca do Deza\u201d.\",\"breadcrumb\":{\"@id\":\"https:\\\/\\\/ppdegalicia.com\\\/es\\\/o-grupo-popular-levara-ao-parlamento-galego-o-impulso-definitivo-a-cuarta-fase-do-poligono-industrial-lalin-2000\\\/#breadcrumb\"},\"inLanguage\":\"es\",\"potentialAction\":[{\"@type\":\"ReadAction\",\"target\":[\"https:\\\/\\\/ppdegalicia.com\\\/es\\\/o-grupo-popular-levara-ao-parlamento-galego-o-impulso-definitivo-a-cuarta-fase-do-poligono-industrial-lalin-2000\\\/\"]}]},{\"@type\":\"ImageObject\",\"inLanguage\":\"es\",\"@id\":\"https:\\\/\\\/ppdegalicia.com\\\/es\\\/o-grupo-popular-levara-ao-parlamento-galego-o-impulso-definitivo-a-cuarta-fase-do-poligono-industrial-lalin-2000\\\/#primaryimage\",\"url\":\"https:\\\/\\\/ppdegalicia.com\\\/wp-content\\\/uploads\\\/2025\\\/03\\\/20250331_Reunion_GPP_Lalin39-2-scaled.jpg\",\"contentUrl\":\"https:\\\/\\\/ppdegalicia.com\\\/wp-content\\\/uploads\\\/2025\\\/03\\\/20250331_Reunion_GPP_Lalin39-2-scaled.jpg\",\"width\":2560,\"height\":1707},{\"@type\":\"BreadcrumbList\",\"@id\":\"https:\\\/\\\/ppdegalicia.com\\\/es\\\/o-grupo-popular-levara-ao-parlamento-galego-o-impulso-definitivo-a-cuarta-fase-do-poligono-industrial-lalin-2000\\\/#breadcrumb\",\"itemListElement\":[{\"@type\":\"ListItem\",\"position\":1,\"name\":\"Portada\",\"item\":\"https:\\\/\\\/ppdegalicia.com\\\/es\\\/\"},{\"@type\":\"ListItem\",\"position\":2,\"name\":\"O Grupo Popular levar\u00e1 ao Parlamento galego o impulso definitivo \u00e1 cuarta fase do pol\u00edgono industrial Lal\u00edn 2000\"}]},{\"@type\":\"WebSite\",\"@id\":\"https:\\\/\\\/ppdegalicia.com\\\/es\\\/#website\",\"url\":\"https:\\\/\\\/ppdegalicia.com\\\/es\\\/\",\"name\":\"Partido Popular de Galicia\",\"description\":\"Partido Popular de Galicia\",\"publisher\":{\"@id\":\"https:\\\/\\\/ppdegalicia.com\\\/es\\\/#organization\"},\"alternateName\":\"PP de Galicia\",\"potentialAction\":[{\"@type\":\"SearchAction\",\"target\":{\"@type\":\"EntryPoint\",\"urlTemplate\":\"https:\\\/\\\/ppdegalicia.com\\\/es\\\/?s={search_term_string}\"},\"query-input\":{\"@type\":\"PropertyValueSpecification\",\"valueRequired\":true,\"valueName\":\"search_term_string\"}}],\"inLanguage\":\"es\"},{\"@type\":\"Organization\",\"@id\":\"https:\\\/\\\/ppdegalicia.com\\\/es\\\/#organization\",\"name\":\"Partido Popular de Galicia\",\"alternateName\":\"PP de Galicia\",\"url\":\"https:\\\/\\\/ppdegalicia.com\\\/es\\\/\",\"logo\":{\"@type\":\"ImageObject\",\"inLanguage\":\"es\",\"@id\":\"https:\\\/\\\/ppdegalicia.com\\\/es\\\/#\\\/schema\\\/logo\\\/image\\\/\",\"url\":\"https:\\\/\\\/ppdegalicia.com\\\/wp-content\\\/uploads\\\/2023\\\/04\\\/logoPP512.png\",\"contentUrl\":\"https:\\\/\\\/ppdegalicia.com\\\/wp-content\\\/uploads\\\/2023\\\/04\\\/logoPP512.png\",\"width\":512,\"height\":512,\"caption\":\"Partido Popular de Galicia\"},\"image\":{\"@id\":\"https:\\\/\\\/ppdegalicia.com\\\/es\\\/#\\\/schema\\\/logo\\\/image\\\/\"},\"sameAs\":[\"https:\\\/\\\/www.instagram.com\\\/ppdegalicia\\\/\",\"https:\\\/\\\/x.com\\\/ppdegalicia\",\"https:\\\/\\\/www.tiktok.com\\\/@ppdegalicia\",\"https:\\\/\\\/www.youtube.com\\\/user\\\/ppdegalicia\"]},{\"@type\":\"Person\",\"@id\":\"https:\\\/\\\/ppdegalicia.com\\\/es\\\/#\\\/schema\\\/person\\\/5b822c6f59e872ebdd1142f307dbcb59\",\"name\":\"ppdegaliciaredes\",\"image\":{\"@type\":\"ImageObject\",\"inLanguage\":\"es\",\"@id\":\"https:\\\/\\\/secure.gravatar.com\\\/avatar\\\/3c9179cf0256d00c72a48d1f25783c58b6842cd56e85ef3a572881c8e28ccd59?s=96&d=mm&r=g\",\"url\":\"https:\\\/\\\/secure.gravatar.com\\\/avatar\\\/3c9179cf0256d00c72a48d1f25783c58b6842cd56e85ef3a572881c8e28ccd59?s=96&d=mm&r=g\",\"contentUrl\":\"https:\\\/\\\/secure.gravatar.com\\\/avatar\\\/3c9179cf0256d00c72a48d1f25783c58b6842cd56e85ef3a572881c8e28ccd59?s=96&d=mm&r=g\",\"caption\":\"ppdegaliciaredes\"},\"url\":\"https:\\\/\\\/ppdegalicia.com\\\/es\\\/author\\\/ppdegaliciaredes\\\/\"}]}<\/script>\n<!-- \/ Yoast SEO plugin. -->","yoast_head_json":{"title":"O Grupo Popular levar\u00e1 ao Parlamento galego o impulso definitivo \u00e1 cuarta fase do pol\u00edgono industrial Lal\u00edn 2000 - PP de Galicia","description":"O Grupo Popular solicitar\u00e1 no Parlamento de Galicia \u201co impulso definitivo \u00e1 tan ansiada cuarta fase do pol\u00edgono industrial Lal\u00edn 2000, unha actuaci\u00f3n estrat\u00e9xica para avanzar no desenvolvemento econ\u00f3mico e a creaci\u00f3n de postos de traballo neste concello e en toda a comarca do Deza\u201d.","robots":{"index":"index","follow":"follow","max-snippet":"max-snippet:-1","max-image-preview":"max-image-preview:large","max-video-preview":"max-video-preview:-1"},"canonical":"https:\/\/ppdegalicia.com\/es\/o-grupo-popular-levara-ao-parlamento-galego-o-impulso-definitivo-a-cuarta-fase-do-poligono-industrial-lalin-2000\/","og_locale":"es_ES","og_type":"article","og_title":"O Grupo Popular levar\u00e1 ao Parlamento galego o impulso definitivo \u00e1 cuarta fase do pol\u00edgono industrial Lal\u00edn 2000 - PP de Galicia","og_description":"O Grupo Popular solicitar\u00e1 no Parlamento de Galicia \u201co impulso definitivo \u00e1 tan ansiada cuarta fase do pol\u00edgono industrial Lal\u00edn 2000, unha actuaci\u00f3n estrat\u00e9xica para avanzar no desenvolvemento econ\u00f3mico e a creaci\u00f3n de postos de traballo neste concello e en toda a comarca do Deza\u201d.","og_url":"https:\/\/ppdegalicia.com\/es\/o-grupo-popular-levara-ao-parlamento-galego-o-impulso-definitivo-a-cuarta-fase-do-poligono-industrial-lalin-2000\/","og_site_name":"PP de Galicia","article_publisher":"https:\/\/www.instagram.com\/ppdegalicia\/","article_published_time":"2025-03-31T19:19:09+00:00","og_image":[{"width":2560,"height":1707,"url":"https:\/\/ppdegalicia.com\/wp-content\/uploads\/2025\/03\/20250331_Reunion_GPP_Lalin39-2-scaled.jpg","type":"image\/jpeg"}],"author":"ppdegaliciaredes","twitter_card":"summary_large_image","twitter_creator":"@ppdegalicia","twitter_site":"@ppdegalicia","twitter_misc":{"Escrito por":"ppdegaliciaredes","Tiempo de lectura":"3 minutos"},"schema":{"@context":"https:\/\/schema.org","@graph":[{"@type":"Article","@id":"https:\/\/ppdegalicia.com\/es\/o-grupo-popular-levara-ao-parlamento-galego-o-impulso-definitivo-a-cuarta-fase-do-poligono-industrial-lalin-2000\/#article","isPartOf":{"@id":"https:\/\/ppdegalicia.com\/es\/o-grupo-popular-levara-ao-parlamento-galego-o-impulso-definitivo-a-cuarta-fase-do-poligono-industrial-lalin-2000\/"},"author":{"name":"ppdegaliciaredes","@id":"https:\/\/ppdegalicia.com\/es\/#\/schema\/person\/5b822c6f59e872ebdd1142f307dbcb59"},"headline":"O Grupo Popular levar\u00e1 ao Parlamento galego o impulso definitivo \u00e1 cuarta fase do pol\u00edgono industrial Lal\u00edn 2000","datePublished":"2025-03-31T19:19:09+00:00","mainEntityOfPage":{"@id":"https:\/\/ppdegalicia.com\/es\/o-grupo-popular-levara-ao-parlamento-galego-o-impulso-definitivo-a-cuarta-fase-do-poligono-industrial-lalin-2000\/"},"wordCount":406,"publisher":{"@id":"https:\/\/ppdegalicia.com\/es\/#organization"},"image":{"@id":"https:\/\/ppdegalicia.com\/es\/o-grupo-popular-levara-ao-parlamento-galego-o-impulso-definitivo-a-cuarta-fase-do-poligono-industrial-lalin-2000\/#primaryimage"},"thumbnailUrl":"https:\/\/ppdegalicia.com\/wp-content\/uploads\/2025\/03\/20250331_Reunion_GPP_Lalin39-2-scaled.jpg","articleSection":["Parlamento de Galicia"],"inLanguage":"es"},{"@type":"WebPage","@id":"https:\/\/ppdegalicia.com\/es\/o-grupo-popular-levara-ao-parlamento-galego-o-impulso-definitivo-a-cuarta-fase-do-poligono-industrial-lalin-2000\/","url":"https:\/\/ppdegalicia.com\/es\/o-grupo-popular-levara-ao-parlamento-galego-o-impulso-definitivo-a-cuarta-fase-do-poligono-industrial-lalin-2000\/","name":"O Grupo Popular levar\u00e1 ao Parlamento galego o impulso definitivo \u00e1 cuarta fase do pol\u00edgono industrial Lal\u00edn 2000 - PP de Galicia","isPartOf":{"@id":"https:\/\/ppdegalicia.com\/es\/#website"},"primaryImageOfPage":{"@id":"https:\/\/ppdegalicia.com\/es\/o-grupo-popular-levara-ao-parlamento-galego-o-impulso-definitivo-a-cuarta-fase-do-poligono-industrial-lalin-2000\/#primaryimage"},"image":{"@id":"https:\/\/ppdegalicia.com\/es\/o-grupo-popular-levara-ao-parlamento-galego-o-impulso-definitivo-a-cuarta-fase-do-poligono-industrial-lalin-2000\/#primaryimage"},"thumbnailUrl":"https:\/\/ppdegalicia.com\/wp-content\/uploads\/2025\/03\/20250331_Reunion_GPP_Lalin39-2-scaled.jpg","datePublished":"2025-03-31T19:19:09+00:00","description":"O Grupo Popular solicitar\u00e1 no Parlamento de Galicia \u201co impulso definitivo \u00e1 tan ansiada cuarta fase do pol\u00edgono industrial Lal\u00edn 2000, unha actuaci\u00f3n estrat\u00e9xica para avanzar no desenvolvemento econ\u00f3mico e a creaci\u00f3n de postos de traballo neste concello e en toda a comarca do Deza\u201d.","breadcrumb":{"@id":"https:\/\/ppdegalicia.com\/es\/o-grupo-popular-levara-ao-parlamento-galego-o-impulso-definitivo-a-cuarta-fase-do-poligono-industrial-lalin-2000\/#breadcrumb"},"inLanguage":"es","potentialAction":[{"@type":"ReadAction","target":["https:\/\/ppdegalicia.com\/es\/o-grupo-popular-levara-ao-parlamento-galego-o-impulso-definitivo-a-cuarta-fase-do-poligono-industrial-lalin-2000\/"]}]},{"@type":"ImageObject","inLanguage":"es","@id":"https:\/\/ppdegalicia.com\/es\/o-grupo-popular-levara-ao-parlamento-galego-o-impulso-definitivo-a-cuarta-fase-do-poligono-industrial-lalin-2000\/#primaryimage","url":"https:\/\/ppdegalicia.com\/wp-content\/uploads\/2025\/03\/20250331_Reunion_GPP_Lalin39-2-scaled.jpg","contentUrl":"https:\/\/ppdegalicia.com\/wp-content\/uploads\/2025\/03\/20250331_Reunion_GPP_Lalin39-2-scaled.jpg","width":2560,"height":1707},{"@type":"BreadcrumbList","@id":"https:\/\/ppdegalicia.com\/es\/o-grupo-popular-levara-ao-parlamento-galego-o-impulso-definitivo-a-cuarta-fase-do-poligono-industrial-lalin-2000\/#breadcrumb","itemListElement":[{"@type":"ListItem","position":1,"name":"Portada","item":"https:\/\/ppdegalicia.com\/es\/"},{"@type":"ListItem","position":2,"name":"O Grupo Popular levar\u00e1 ao Parlamento galego o impulso definitivo \u00e1 cuarta fase do pol\u00edgono industrial Lal\u00edn 2000"}]},{"@type":"WebSite","@id":"https:\/\/ppdegalicia.com\/es\/#website","url":"https:\/\/ppdegalicia.com\/es\/","name":"Partido Popular de Galicia","description":"Partido Popular de Galicia","publisher":{"@id":"https:\/\/ppdegalicia.com\/es\/#organization"},"alternateName":"PP de Galicia","potentialAction":[{"@type":"SearchAction","target":{"@type":"EntryPoint","urlTemplate":"https:\/\/ppdegalicia.com\/es\/?s={search_term_string}"},"query-input":{"@type":"PropertyValueSpecification","valueRequired":true,"valueName":"search_term_string"}}],"inLanguage":"es"},{"@type":"Organization","@id":"https:\/\/ppdegalicia.com\/es\/#organization","name":"Partido Popular de Galicia","alternateName":"PP de Galicia","url":"https:\/\/ppdegalicia.com\/es\/","logo":{"@type":"ImageObject","inLanguage":"es","@id":"https:\/\/ppdegalicia.com\/es\/#\/schema\/logo\/image\/","url":"https:\/\/ppdegalicia.com\/wp-content\/uploads\/2023\/04\/logoPP512.png","contentUrl":"https:\/\/ppdegalicia.com\/wp-content\/uploads\/2023\/04\/logoPP512.png","width":512,"height":512,"caption":"Partido Popular de Galicia"},"image":{"@id":"https:\/\/ppdegalicia.com\/es\/#\/schema\/logo\/image\/"},"sameAs":["https:\/\/www.instagram.com\/ppdegalicia\/","https:\/\/x.com\/ppdegalicia","https:\/\/www.tiktok.com\/@ppdegalicia","https:\/\/www.youtube.com\/user\/ppdegalicia"]},{"@type":"Person","@id":"https:\/\/ppdegalicia.com\/es\/#\/schema\/person\/5b822c6f59e872ebdd1142f307dbcb59","name":"ppdegaliciaredes","image":{"@type":"ImageObject","inLanguage":"es","@id":"https:\/\/secure.gravatar.com\/avatar\/3c9179cf0256d00c72a48d1f25783c58b6842cd56e85ef3a572881c8e28ccd59?s=96&d=mm&r=g","url":"https:\/\/secure.gravatar.com\/avatar\/3c9179cf0256d00c72a48d1f25783c58b6842cd56e85ef3a572881c8e28ccd59?s=96&d=mm&r=g","contentUrl":"https:\/\/secure.gravatar.com\/avatar\/3c9179cf0256d00c72a48d1f25783c58b6842cd56e85ef3a572881c8e28ccd59?s=96&d=mm&r=g","caption":"ppdegaliciaredes"},"url":"https:\/\/ppdegalicia.com\/es\/author\/ppdegaliciaredes\/"}]}},"_links":{"self":[{"href":"https:\/\/ppdegalicia.com\/es\/wp-json\/wp\/v2\/posts\/66432","targetHints":{"allow":["GET"]}}],"collection":[{"href":"https:\/\/ppdegalicia.com\/es\/wp-json\/wp\/v2\/posts"}],"about":[{"href":"https:\/\/ppdegalicia.com\/es\/wp-json\/wp\/v2\/types\/post"}],"author":[{"embeddable":true,"href":"https:\/\/ppdegalicia.com\/es\/wp-json\/wp\/v2\/users\/38"}],"replies":[{"embeddable":true,"href":"https:\/\/ppdegalicia.com\/es\/wp-json\/wp\/v2\/comments?post=66432"}],"version-history":[{"count":1,"href":"https:\/\/ppdegalicia.com\/es\/wp-json\/wp\/v2\/posts\/66432\/revisions"}],"predecessor-version":[{"id":66435,"href":"https:\/\/ppdegalicia.com\/es\/wp-json\/wp\/v2\/posts\/66432\/revisions\/66435"}],"wp:featuredmedia":[{"embeddable":true,"href":"https:\/\/ppdegalicia.com\/es\/wp-json\/wp\/v2\/media\/66433"}],"wp:attachment":[{"href":"https:\/\/ppdegalicia.com\/es\/wp-json\/wp\/v2\/media?parent=66432"}],"wp:term":[{"taxonomy":"category","embeddable":true,"href":"https:\/\/ppdegalicia.com\/es\/wp-json\/wp\/v2\/categories?post=66432"},{"taxonomy":"post_tag","embeddable":true,"href":"https:\/\/ppdegalicia.com\/es\/wp-json\/wp\/v2\/tags?post=66432"}],"curies":[{"name":"wp","href":"https:\/\/api.w.org\/{rel}","templated":true}]}}