{"id":66441,"date":"2025-03-07T11:03:16","date_gmt":"2025-03-07T10:03:16","guid":{"rendered":"https:\/\/ppdegalicia.com\/?p=66441"},"modified":"2026-03-25T13:03:44","modified_gmt":"2026-03-25T12:03:44","slug":"os-do-non-a-todo-en-galicia-e-si-a-todo-en-madrid","status":"publish","type":"post","link":"https:\/\/ppdegalicia.com\/es\/os-do-non-a-todo-en-galicia-e-si-a-todo-en-madrid\/","title":{"rendered":"<span style=\"font-style: italic;\">Os do non a todo en Galicia e si a todo en Madrid<\/span>"},"content":{"rendered":"<p><em><strong>Paula Prado.<\/strong><\/em><\/p>\n<p>Espa\u00f1a ten 17 comunidades aut\u00f3nomas, pero hai moito tempo que para o Goberno central s\u00f3 existe unha: Catalu\u00f1a. M\u00e1is concretamente, s\u00f3 existe o independentismo catal\u00e1n. O resto, Galicia inclu\u00edda, importamos pouco a Pedro S\u00e1nchez e aos seus ministros, sobre todo naqueles territorios nos que o Partido Popular est\u00e1 \u00e1 fronte.<\/p>\n<p>A pasada semana pasou algo in\u00e9dito: o luns tivemos que saber por Oriol Junqueras das negociaci\u00f3ns sobre a condonaci\u00f3n da d\u00e9beda e, dous d\u00edas m\u00e1is tarde, vimos como Esquerra <em>se encargaba<\/em> de redactar a orde do d\u00eda do Consello de Pol\u00edtica Fiscal e Financeira. Pero, en ning\u00fan caso, Galicia pode ser comparsa do Entroido do independentismo catal\u00e1n, e por iso o conselleiro Miguel Corgos, coa s\u00faa veteran\u00eda nestas trincheiras, levou a voz cantante e dixo \u201cata aqu\u00ed\u201d.<\/p>\n<p>M\u00e1is que de condonar, estamos falando de condenar. Aceptar\u00eda vostede unha quita de 4.000 euros na s\u00faa hipoteca a cambio de firmar unha tarxeta <em>revolving<\/em> ou un pr\u00e9stamo lixo de 6.000 euros? Aceptar\u00eda esa quita de 4.000 euros na s\u00faa hipoteca mentres o seu irm\u00e1n, que malgastou os aforros familiares, recibe un regalo de 100.000 euros? Quen no seu xu\u00edzo dir\u00eda que si a calquera de ambas preguntas? Confiar\u00eda vostede a s\u00faa econom\u00eda a quen lle recomendase esta ru\u00edna? Por\u00eda as contas de Galicia, a s\u00faa facenda p\u00fablica, nas mans de algu\u00e9n as\u00ed?<\/p>\n<p>A pesar do que afirma o Goberno de S\u00e1nchez, non se vai condonar nin un s\u00f3 euro: vaise trasladar a d\u00e9beda e mutualizala entre todos os espa\u00f1ois, con independencia da xesti\u00f3n de cada goberno auton\u00f3mico. Por iso, por suposto que \u00e9 un negocio que a Galicia non lle conv\u00e9n. Quen diga que con isto ga\u00f1amos algo, ou non sabe facer as contas ou, directamente, non est\u00e1 a contar a verdade.<\/p>\n<p>Non podemos defender que a nosa comunidade te\u00f1a que cargar con 600 mill\u00f3ns de d\u00e9beda p\u00fablica de todas as comunidades a cambio de aforrarse 42 mill\u00f3ns en xuros. Porque a d\u00e9beda non desaparece, sen\u00f3n que se asumir\u00e1 entre todos os espa\u00f1ois e, de feito, supor\u00e1 que cada galego deba pagar 220 euros m\u00e1is. E por moito que a oposici\u00f3n insista nos seus argumentos, a condonaci\u00f3n non implica nin un euro m\u00e1is de nova capacidade de gasto, e non se pode reinvestir en educaci\u00f3n ou sanidade.<\/p>\n<p>Pero, lamentablemente, o BNG e o PSdeG est\u00e1n encantados de participar do Entroido independentista. Ana Pont\u00f3n e Xos\u00e9 Ram\u00f3n G\u00f3mez Besteiro din non a todo en Galicia e si a todo en Madrid, contribu\u00edndo co seu servilismo a soster o goberno m\u00e1is lesivo para a nosa comunidade aut\u00f3noma desde a restauraci\u00f3n da democracia. As galegas e os galegos dix\u00e9molo claro o 18 de febreiro de 2024 e dic\u00edmolo claro hoxe: si a Galicia!<\/p>\n","protected":false},"excerpt":{"rendered":"<p><em><strong>Paula Prado.<\/strong><\/em><br \/>\nEspa\u00f1a ten 17 comunidades aut\u00f3nomas, pero hai moito tempo que para o Goberno central<\/p>\n","protected":false},"author":38,"featured_media":66442,"comment_status":"closed","ping_status":"open","sticky":false,"template":"","format":"standard","meta":{"_acf_changed":false,"footnotes":""},"categories":[2604],"tags":[],"class_list":["post-66441","post","type-post","status-publish","format-standard","has-post-thumbnail","hentry","category-opinion"],"acf":[],"yoast_head":"<!-- This site is optimized with the Yoast SEO plugin v27.3 - https:\/\/yoast.com\/product\/yoast-seo-wordpress\/ -->\n<title>Os do non a todo en Galicia e si a todo en Madrid - PP de Galicia<\/title>\n<meta name=\"description\" content=\"Espa\u00f1a ten 17 comunidades aut\u00f3nomas, pero hai moito tempo que para o Goberno central s\u00f3 existe unha: Catalu\u00f1a. M\u00e1is concretamente, s\u00f3 existe o independentismo catal\u00e1n. O resto, Galicia inclu\u00edda, importamos pouco a Pedro S\u00e1nchez e aos seus ministros, sobre todo naqueles territorios nos que o Partido Popular est\u00e1 \u00e1 fronte.\" \/>\n<meta name=\"robots\" content=\"index, follow, max-snippet:-1, max-image-preview:large, max-video-preview:-1\" \/>\n<link rel=\"canonical\" href=\"https:\/\/ppdegalicia.com\/es\/os-do-non-a-todo-en-galicia-e-si-a-todo-en-madrid\/\" \/>\n<meta property=\"og:locale\" content=\"es_ES\" \/>\n<meta property=\"og:type\" content=\"article\" \/>\n<meta property=\"og:title\" content=\"Os do non a todo en Galicia e si a todo en Madrid - PP de Galicia\" \/>\n<meta property=\"og:description\" content=\"Espa\u00f1a ten 17 comunidades aut\u00f3nomas, pero hai moito tempo que para o Goberno central s\u00f3 existe unha: Catalu\u00f1a. M\u00e1is concretamente, s\u00f3 existe o independentismo catal\u00e1n. O resto, Galicia inclu\u00edda, importamos pouco a Pedro S\u00e1nchez e aos seus ministros, sobre todo naqueles territorios nos que o Partido Popular est\u00e1 \u00e1 fronte.\" \/>\n<meta property=\"og:url\" content=\"https:\/\/ppdegalicia.com\/es\/os-do-non-a-todo-en-galicia-e-si-a-todo-en-madrid\/\" \/>\n<meta property=\"og:site_name\" content=\"PP de Galicia\" \/>\n<meta property=\"article:publisher\" content=\"https:\/\/www.instagram.com\/ppdegalicia\/\" \/>\n<meta property=\"article:published_time\" content=\"2025-03-07T10:03:16+00:00\" \/>\n<meta property=\"article:modified_time\" content=\"2026-03-25T12:03:44+00:00\" \/>\n<meta property=\"og:image\" content=\"https:\/\/ppdegalicia.com\/wp-content\/uploads\/2025\/04\/20250325_Pleno_Ordinario32-scaled.jpg\" \/>\n\t<meta property=\"og:image:width\" content=\"2560\" \/>\n\t<meta property=\"og:image:height\" content=\"1706\" \/>\n\t<meta property=\"og:image:type\" content=\"image\/jpeg\" \/>\n<meta name=\"author\" content=\"ppdegaliciaredes\" \/>\n<meta name=\"twitter:card\" content=\"summary_large_image\" \/>\n<meta name=\"twitter:creator\" content=\"@ppdegalicia\" \/>\n<meta name=\"twitter:site\" content=\"@ppdegalicia\" \/>\n<meta name=\"twitter:label1\" content=\"Escrito por\" \/>\n\t<meta name=\"twitter:data1\" content=\"ppdegaliciaredes\" \/>\n\t<meta name=\"twitter:label2\" content=\"Tiempo de lectura\" \/>\n\t<meta name=\"twitter:data2\" content=\"3 minutos\" \/>\n<script type=\"application\/ld+json\" class=\"yoast-schema-graph\">{\"@context\":\"https:\\\/\\\/schema.org\",\"@graph\":[{\"@type\":\"Article\",\"@id\":\"https:\\\/\\\/ppdegalicia.com\\\/es\\\/os-do-non-a-todo-en-galicia-e-si-a-todo-en-madrid\\\/#article\",\"isPartOf\":{\"@id\":\"https:\\\/\\\/ppdegalicia.com\\\/es\\\/os-do-non-a-todo-en-galicia-e-si-a-todo-en-madrid\\\/\"},\"author\":{\"name\":\"ppdegaliciaredes\",\"@id\":\"https:\\\/\\\/ppdegalicia.com\\\/es\\\/#\\\/schema\\\/person\\\/5b822c6f59e872ebdd1142f307dbcb59\"},\"headline\":\"Os do non a todo en Galicia e si a todo en Madrid\",\"datePublished\":\"2025-03-07T10:03:16+00:00\",\"dateModified\":\"2026-03-25T12:03:44+00:00\",\"mainEntityOfPage\":{\"@id\":\"https:\\\/\\\/ppdegalicia.com\\\/es\\\/os-do-non-a-todo-en-galicia-e-si-a-todo-en-madrid\\\/\"},\"wordCount\":517,\"publisher\":{\"@id\":\"https:\\\/\\\/ppdegalicia.com\\\/es\\\/#organization\"},\"image\":{\"@id\":\"https:\\\/\\\/ppdegalicia.com\\\/es\\\/os-do-non-a-todo-en-galicia-e-si-a-todo-en-madrid\\\/#primaryimage\"},\"thumbnailUrl\":\"https:\\\/\\\/ppdegalicia.com\\\/wp-content\\\/uploads\\\/2025\\\/04\\\/20250325_Pleno_Ordinario32-scaled.jpg\",\"articleSection\":[\"Opini\u00f3n\"],\"inLanguage\":\"es\"},{\"@type\":\"WebPage\",\"@id\":\"https:\\\/\\\/ppdegalicia.com\\\/es\\\/os-do-non-a-todo-en-galicia-e-si-a-todo-en-madrid\\\/\",\"url\":\"https:\\\/\\\/ppdegalicia.com\\\/es\\\/os-do-non-a-todo-en-galicia-e-si-a-todo-en-madrid\\\/\",\"name\":\"Os do non a todo en Galicia e si a todo en Madrid - PP de Galicia\",\"isPartOf\":{\"@id\":\"https:\\\/\\\/ppdegalicia.com\\\/es\\\/#website\"},\"primaryImageOfPage\":{\"@id\":\"https:\\\/\\\/ppdegalicia.com\\\/es\\\/os-do-non-a-todo-en-galicia-e-si-a-todo-en-madrid\\\/#primaryimage\"},\"image\":{\"@id\":\"https:\\\/\\\/ppdegalicia.com\\\/es\\\/os-do-non-a-todo-en-galicia-e-si-a-todo-en-madrid\\\/#primaryimage\"},\"thumbnailUrl\":\"https:\\\/\\\/ppdegalicia.com\\\/wp-content\\\/uploads\\\/2025\\\/04\\\/20250325_Pleno_Ordinario32-scaled.jpg\",\"datePublished\":\"2025-03-07T10:03:16+00:00\",\"dateModified\":\"2026-03-25T12:03:44+00:00\",\"description\":\"Espa\u00f1a ten 17 comunidades aut\u00f3nomas, pero hai moito tempo que para o Goberno central s\u00f3 existe unha: Catalu\u00f1a. M\u00e1is concretamente, s\u00f3 existe o independentismo catal\u00e1n. O resto, Galicia inclu\u00edda, importamos pouco a Pedro S\u00e1nchez e aos seus ministros, sobre todo naqueles territorios nos que o Partido Popular est\u00e1 \u00e1 fronte.\",\"breadcrumb\":{\"@id\":\"https:\\\/\\\/ppdegalicia.com\\\/es\\\/os-do-non-a-todo-en-galicia-e-si-a-todo-en-madrid\\\/#breadcrumb\"},\"inLanguage\":\"es\",\"potentialAction\":[{\"@type\":\"ReadAction\",\"target\":[\"https:\\\/\\\/ppdegalicia.com\\\/es\\\/os-do-non-a-todo-en-galicia-e-si-a-todo-en-madrid\\\/\"]}]},{\"@type\":\"ImageObject\",\"inLanguage\":\"es\",\"@id\":\"https:\\\/\\\/ppdegalicia.com\\\/es\\\/os-do-non-a-todo-en-galicia-e-si-a-todo-en-madrid\\\/#primaryimage\",\"url\":\"https:\\\/\\\/ppdegalicia.com\\\/wp-content\\\/uploads\\\/2025\\\/04\\\/20250325_Pleno_Ordinario32-scaled.jpg\",\"contentUrl\":\"https:\\\/\\\/ppdegalicia.com\\\/wp-content\\\/uploads\\\/2025\\\/04\\\/20250325_Pleno_Ordinario32-scaled.jpg\",\"width\":2560,\"height\":1706},{\"@type\":\"BreadcrumbList\",\"@id\":\"https:\\\/\\\/ppdegalicia.com\\\/es\\\/os-do-non-a-todo-en-galicia-e-si-a-todo-en-madrid\\\/#breadcrumb\",\"itemListElement\":[{\"@type\":\"ListItem\",\"position\":1,\"name\":\"Portada\",\"item\":\"https:\\\/\\\/ppdegalicia.com\\\/es\\\/\"},{\"@type\":\"ListItem\",\"position\":2,\"name\":\"Os do non a todo en Galicia e si a todo en Madrid\"}]},{\"@type\":\"WebSite\",\"@id\":\"https:\\\/\\\/ppdegalicia.com\\\/es\\\/#website\",\"url\":\"https:\\\/\\\/ppdegalicia.com\\\/es\\\/\",\"name\":\"Partido Popular de Galicia\",\"description\":\"Partido Popular de Galicia\",\"publisher\":{\"@id\":\"https:\\\/\\\/ppdegalicia.com\\\/es\\\/#organization\"},\"alternateName\":\"PP de Galicia\",\"potentialAction\":[{\"@type\":\"SearchAction\",\"target\":{\"@type\":\"EntryPoint\",\"urlTemplate\":\"https:\\\/\\\/ppdegalicia.com\\\/es\\\/?s={search_term_string}\"},\"query-input\":{\"@type\":\"PropertyValueSpecification\",\"valueRequired\":true,\"valueName\":\"search_term_string\"}}],\"inLanguage\":\"es\"},{\"@type\":\"Organization\",\"@id\":\"https:\\\/\\\/ppdegalicia.com\\\/es\\\/#organization\",\"name\":\"Partido Popular de Galicia\",\"alternateName\":\"PP de Galicia\",\"url\":\"https:\\\/\\\/ppdegalicia.com\\\/es\\\/\",\"logo\":{\"@type\":\"ImageObject\",\"inLanguage\":\"es\",\"@id\":\"https:\\\/\\\/ppdegalicia.com\\\/es\\\/#\\\/schema\\\/logo\\\/image\\\/\",\"url\":\"https:\\\/\\\/ppdegalicia.com\\\/wp-content\\\/uploads\\\/2023\\\/04\\\/logoPP512.png\",\"contentUrl\":\"https:\\\/\\\/ppdegalicia.com\\\/wp-content\\\/uploads\\\/2023\\\/04\\\/logoPP512.png\",\"width\":512,\"height\":512,\"caption\":\"Partido Popular de Galicia\"},\"image\":{\"@id\":\"https:\\\/\\\/ppdegalicia.com\\\/es\\\/#\\\/schema\\\/logo\\\/image\\\/\"},\"sameAs\":[\"https:\\\/\\\/www.instagram.com\\\/ppdegalicia\\\/\",\"https:\\\/\\\/x.com\\\/ppdegalicia\",\"https:\\\/\\\/www.tiktok.com\\\/@ppdegalicia\",\"https:\\\/\\\/www.youtube.com\\\/user\\\/ppdegalicia\"]},{\"@type\":\"Person\",\"@id\":\"https:\\\/\\\/ppdegalicia.com\\\/es\\\/#\\\/schema\\\/person\\\/5b822c6f59e872ebdd1142f307dbcb59\",\"name\":\"ppdegaliciaredes\",\"image\":{\"@type\":\"ImageObject\",\"inLanguage\":\"es\",\"@id\":\"https:\\\/\\\/secure.gravatar.com\\\/avatar\\\/3c9179cf0256d00c72a48d1f25783c58b6842cd56e85ef3a572881c8e28ccd59?s=96&d=mm&r=g\",\"url\":\"https:\\\/\\\/secure.gravatar.com\\\/avatar\\\/3c9179cf0256d00c72a48d1f25783c58b6842cd56e85ef3a572881c8e28ccd59?s=96&d=mm&r=g\",\"contentUrl\":\"https:\\\/\\\/secure.gravatar.com\\\/avatar\\\/3c9179cf0256d00c72a48d1f25783c58b6842cd56e85ef3a572881c8e28ccd59?s=96&d=mm&r=g\",\"caption\":\"ppdegaliciaredes\"},\"url\":\"https:\\\/\\\/ppdegalicia.com\\\/es\\\/author\\\/ppdegaliciaredes\\\/\"}]}<\/script>\n<!-- \/ Yoast SEO plugin. -->","yoast_head_json":{"title":"Os do non a todo en Galicia e si a todo en Madrid - PP de Galicia","description":"Espa\u00f1a ten 17 comunidades aut\u00f3nomas, pero hai moito tempo que para o Goberno central s\u00f3 existe unha: Catalu\u00f1a. M\u00e1is concretamente, s\u00f3 existe o independentismo catal\u00e1n. O resto, Galicia inclu\u00edda, importamos pouco a Pedro S\u00e1nchez e aos seus ministros, sobre todo naqueles territorios nos que o Partido Popular est\u00e1 \u00e1 fronte.","robots":{"index":"index","follow":"follow","max-snippet":"max-snippet:-1","max-image-preview":"max-image-preview:large","max-video-preview":"max-video-preview:-1"},"canonical":"https:\/\/ppdegalicia.com\/es\/os-do-non-a-todo-en-galicia-e-si-a-todo-en-madrid\/","og_locale":"es_ES","og_type":"article","og_title":"Os do non a todo en Galicia e si a todo en Madrid - PP de Galicia","og_description":"Espa\u00f1a ten 17 comunidades aut\u00f3nomas, pero hai moito tempo que para o Goberno central s\u00f3 existe unha: Catalu\u00f1a. M\u00e1is concretamente, s\u00f3 existe o independentismo catal\u00e1n. O resto, Galicia inclu\u00edda, importamos pouco a Pedro S\u00e1nchez e aos seus ministros, sobre todo naqueles territorios nos que o Partido Popular est\u00e1 \u00e1 fronte.","og_url":"https:\/\/ppdegalicia.com\/es\/os-do-non-a-todo-en-galicia-e-si-a-todo-en-madrid\/","og_site_name":"PP de Galicia","article_publisher":"https:\/\/www.instagram.com\/ppdegalicia\/","article_published_time":"2025-03-07T10:03:16+00:00","article_modified_time":"2026-03-25T12:03:44+00:00","og_image":[{"width":2560,"height":1706,"url":"https:\/\/ppdegalicia.com\/wp-content\/uploads\/2025\/04\/20250325_Pleno_Ordinario32-scaled.jpg","type":"image\/jpeg"}],"author":"ppdegaliciaredes","twitter_card":"summary_large_image","twitter_creator":"@ppdegalicia","twitter_site":"@ppdegalicia","twitter_misc":{"Escrito por":"ppdegaliciaredes","Tiempo de lectura":"3 minutos"},"schema":{"@context":"https:\/\/schema.org","@graph":[{"@type":"Article","@id":"https:\/\/ppdegalicia.com\/es\/os-do-non-a-todo-en-galicia-e-si-a-todo-en-madrid\/#article","isPartOf":{"@id":"https:\/\/ppdegalicia.com\/es\/os-do-non-a-todo-en-galicia-e-si-a-todo-en-madrid\/"},"author":{"name":"ppdegaliciaredes","@id":"https:\/\/ppdegalicia.com\/es\/#\/schema\/person\/5b822c6f59e872ebdd1142f307dbcb59"},"headline":"Os do non a todo en Galicia e si a todo en Madrid","datePublished":"2025-03-07T10:03:16+00:00","dateModified":"2026-03-25T12:03:44+00:00","mainEntityOfPage":{"@id":"https:\/\/ppdegalicia.com\/es\/os-do-non-a-todo-en-galicia-e-si-a-todo-en-madrid\/"},"wordCount":517,"publisher":{"@id":"https:\/\/ppdegalicia.com\/es\/#organization"},"image":{"@id":"https:\/\/ppdegalicia.com\/es\/os-do-non-a-todo-en-galicia-e-si-a-todo-en-madrid\/#primaryimage"},"thumbnailUrl":"https:\/\/ppdegalicia.com\/wp-content\/uploads\/2025\/04\/20250325_Pleno_Ordinario32-scaled.jpg","articleSection":["Opini\u00f3n"],"inLanguage":"es"},{"@type":"WebPage","@id":"https:\/\/ppdegalicia.com\/es\/os-do-non-a-todo-en-galicia-e-si-a-todo-en-madrid\/","url":"https:\/\/ppdegalicia.com\/es\/os-do-non-a-todo-en-galicia-e-si-a-todo-en-madrid\/","name":"Os do non a todo en Galicia e si a todo en Madrid - PP de Galicia","isPartOf":{"@id":"https:\/\/ppdegalicia.com\/es\/#website"},"primaryImageOfPage":{"@id":"https:\/\/ppdegalicia.com\/es\/os-do-non-a-todo-en-galicia-e-si-a-todo-en-madrid\/#primaryimage"},"image":{"@id":"https:\/\/ppdegalicia.com\/es\/os-do-non-a-todo-en-galicia-e-si-a-todo-en-madrid\/#primaryimage"},"thumbnailUrl":"https:\/\/ppdegalicia.com\/wp-content\/uploads\/2025\/04\/20250325_Pleno_Ordinario32-scaled.jpg","datePublished":"2025-03-07T10:03:16+00:00","dateModified":"2026-03-25T12:03:44+00:00","description":"Espa\u00f1a ten 17 comunidades aut\u00f3nomas, pero hai moito tempo que para o Goberno central s\u00f3 existe unha: Catalu\u00f1a. M\u00e1is concretamente, s\u00f3 existe o independentismo catal\u00e1n. O resto, Galicia inclu\u00edda, importamos pouco a Pedro S\u00e1nchez e aos seus ministros, sobre todo naqueles territorios nos que o Partido Popular est\u00e1 \u00e1 fronte.","breadcrumb":{"@id":"https:\/\/ppdegalicia.com\/es\/os-do-non-a-todo-en-galicia-e-si-a-todo-en-madrid\/#breadcrumb"},"inLanguage":"es","potentialAction":[{"@type":"ReadAction","target":["https:\/\/ppdegalicia.com\/es\/os-do-non-a-todo-en-galicia-e-si-a-todo-en-madrid\/"]}]},{"@type":"ImageObject","inLanguage":"es","@id":"https:\/\/ppdegalicia.com\/es\/os-do-non-a-todo-en-galicia-e-si-a-todo-en-madrid\/#primaryimage","url":"https:\/\/ppdegalicia.com\/wp-content\/uploads\/2025\/04\/20250325_Pleno_Ordinario32-scaled.jpg","contentUrl":"https:\/\/ppdegalicia.com\/wp-content\/uploads\/2025\/04\/20250325_Pleno_Ordinario32-scaled.jpg","width":2560,"height":1706},{"@type":"BreadcrumbList","@id":"https:\/\/ppdegalicia.com\/es\/os-do-non-a-todo-en-galicia-e-si-a-todo-en-madrid\/#breadcrumb","itemListElement":[{"@type":"ListItem","position":1,"name":"Portada","item":"https:\/\/ppdegalicia.com\/es\/"},{"@type":"ListItem","position":2,"name":"Os do non a todo en Galicia e si a todo en Madrid"}]},{"@type":"WebSite","@id":"https:\/\/ppdegalicia.com\/es\/#website","url":"https:\/\/ppdegalicia.com\/es\/","name":"Partido Popular de Galicia","description":"Partido Popular de Galicia","publisher":{"@id":"https:\/\/ppdegalicia.com\/es\/#organization"},"alternateName":"PP de Galicia","potentialAction":[{"@type":"SearchAction","target":{"@type":"EntryPoint","urlTemplate":"https:\/\/ppdegalicia.com\/es\/?s={search_term_string}"},"query-input":{"@type":"PropertyValueSpecification","valueRequired":true,"valueName":"search_term_string"}}],"inLanguage":"es"},{"@type":"Organization","@id":"https:\/\/ppdegalicia.com\/es\/#organization","name":"Partido Popular de Galicia","alternateName":"PP de Galicia","url":"https:\/\/ppdegalicia.com\/es\/","logo":{"@type":"ImageObject","inLanguage":"es","@id":"https:\/\/ppdegalicia.com\/es\/#\/schema\/logo\/image\/","url":"https:\/\/ppdegalicia.com\/wp-content\/uploads\/2023\/04\/logoPP512.png","contentUrl":"https:\/\/ppdegalicia.com\/wp-content\/uploads\/2023\/04\/logoPP512.png","width":512,"height":512,"caption":"Partido Popular de Galicia"},"image":{"@id":"https:\/\/ppdegalicia.com\/es\/#\/schema\/logo\/image\/"},"sameAs":["https:\/\/www.instagram.com\/ppdegalicia\/","https:\/\/x.com\/ppdegalicia","https:\/\/www.tiktok.com\/@ppdegalicia","https:\/\/www.youtube.com\/user\/ppdegalicia"]},{"@type":"Person","@id":"https:\/\/ppdegalicia.com\/es\/#\/schema\/person\/5b822c6f59e872ebdd1142f307dbcb59","name":"ppdegaliciaredes","image":{"@type":"ImageObject","inLanguage":"es","@id":"https:\/\/secure.gravatar.com\/avatar\/3c9179cf0256d00c72a48d1f25783c58b6842cd56e85ef3a572881c8e28ccd59?s=96&d=mm&r=g","url":"https:\/\/secure.gravatar.com\/avatar\/3c9179cf0256d00c72a48d1f25783c58b6842cd56e85ef3a572881c8e28ccd59?s=96&d=mm&r=g","contentUrl":"https:\/\/secure.gravatar.com\/avatar\/3c9179cf0256d00c72a48d1f25783c58b6842cd56e85ef3a572881c8e28ccd59?s=96&d=mm&r=g","caption":"ppdegaliciaredes"},"url":"https:\/\/ppdegalicia.com\/es\/author\/ppdegaliciaredes\/"}]}},"_links":{"self":[{"href":"https:\/\/ppdegalicia.com\/es\/wp-json\/wp\/v2\/posts\/66441","targetHints":{"allow":["GET"]}}],"collection":[{"href":"https:\/\/ppdegalicia.com\/es\/wp-json\/wp\/v2\/posts"}],"about":[{"href":"https:\/\/ppdegalicia.com\/es\/wp-json\/wp\/v2\/types\/post"}],"author":[{"embeddable":true,"href":"https:\/\/ppdegalicia.com\/es\/wp-json\/wp\/v2\/users\/38"}],"replies":[{"embeddable":true,"href":"https:\/\/ppdegalicia.com\/es\/wp-json\/wp\/v2\/comments?post=66441"}],"version-history":[{"count":3,"href":"https:\/\/ppdegalicia.com\/es\/wp-json\/wp\/v2\/posts\/66441\/revisions"}],"predecessor-version":[{"id":70726,"href":"https:\/\/ppdegalicia.com\/es\/wp-json\/wp\/v2\/posts\/66441\/revisions\/70726"}],"wp:featuredmedia":[{"embeddable":true,"href":"https:\/\/ppdegalicia.com\/es\/wp-json\/wp\/v2\/media\/66442"}],"wp:attachment":[{"href":"https:\/\/ppdegalicia.com\/es\/wp-json\/wp\/v2\/media?parent=66441"}],"wp:term":[{"taxonomy":"category","embeddable":true,"href":"https:\/\/ppdegalicia.com\/es\/wp-json\/wp\/v2\/categories?post=66441"},{"taxonomy":"post_tag","embeddable":true,"href":"https:\/\/ppdegalicia.com\/es\/wp-json\/wp\/v2\/tags?post=66441"}],"curies":[{"name":"wp","href":"https:\/\/api.w.org\/{rel}","templated":true}]}}