{"id":66503,"date":"2025-04-05T12:28:48","date_gmt":"2025-04-05T11:28:48","guid":{"rendered":"https:\/\/ppdegalicia.com\/?p=66503"},"modified":"2025-04-05T12:28:48","modified_gmt":"2025-04-05T11:28:48","slug":"paula-prado-o-ppdeg-representa-a-galicia-que-goberna-fronte-ao-independentismo-e-o-socialismo-que-bloquean","status":"publish","type":"post","link":"https:\/\/ppdegalicia.com\/es\/paula-prado-o-ppdeg-representa-a-galicia-que-goberna-fronte-ao-independentismo-e-o-socialismo-que-bloquean\/","title":{"rendered":"Paula Prado: \u201cO PPdeG representa \u00e1 Galicia que goberna fronte ao independentismo e o socialismo que bloquean\u201d"},"content":{"rendered":"<p>A secretaria xeral do Partido Popular de Galicia, Paula Prado, subli\u00f1a a importancia que ten para os concellos galegos o feito de contar con gobernos estables na medida en que isto contrib\u00fae a fortalecer \u201ca Galicia que goberna\u201d fronte ao \u201cbloqueo\u201d do independentismo e o socialismo.<\/p>\n<p>As\u00ed o manifestou esta ma\u00f1\u00e1 en declaraci\u00f3ns aos medios antes de participar nunha reuni\u00f3n de traballo na sede do PP de Oleiros con representantes do partido na \u00e1rea metropolitana da Coru\u00f1a. Unha reuni\u00f3n na que tam\u00e9n participaron o vicesecretario de Organizaci\u00f3n e Territorio do PP na provincia da Coru\u00f1a, Gonzalo Trenor, e o deputado auton\u00f3mico Jes\u00fas Fern\u00e1ndez Rosende.<\/p>\n<p>A n\u00famero dous dos populares galegos remarcou a importancia deses gobernos estables precisamente nunha \u00e1rea onde \u201cbrillan pola s\u00faa ausencia\u201d, tal e como se puido comprobar esta semana en Cambre. Por sorte, apuntou, os veci\u00f1os e veci\u00f1as si poden contar coa estabilidade un Goberno como o de Alfonso Rueda, que est\u00e1 facendo realidade o novo complexo hospitalario da Coru\u00f1a (Chuac).<\/p>\n<p>\u201cM\u00e1is de 500 mill\u00f3ns de euros de inversi\u00f3n para renovar e ampliar edificios sanitarios, constru\u00edr novos accesos e aparcamentos ou mesmo po\u00f1er en marcha unha garder\u00eda infantil\u201d, explicou po\u00f1endo en valor que o Chuac \u201cano tras ano recolle premios como un dos mellores hospitais p\u00fablicos de Galicia e de Espa\u00f1a\u201d.<\/p>\n<p>Algo que \u00e9 posible, tal e como engadiu, grazas \u201c\u00e1 Galicia que goberna, que lidera e \u00e9 referente grazas \u00e1 s\u00faa aposta por medidas arriscadas e o seu investimento en infraestruturas, en tecnolox\u00eda e en reforzo do persoal\u201d e a pesar do \u201calarmismo\u201d dos partidos da oposici\u00f3n.<\/p>\n<p>\u201cComo en tantos temas, o PSOE e o BNG s\u00f3 saben alarmar e ao final acaban d\u00e1ndose de fronte coa realidade\u201d, asegurou ao tempo que afeaba ao socialismo a s\u00faa \u201csubmisi\u00f3n a un Pedro S\u00e1nchez que leva 6 ministros de Sanidade en 7 anos e ning\u00fan foi quen de tomar as medidas necesarias dentro das s\u00faas competencias\u201d.<\/p>\n<p>Do mesmo xeito, defin\u00eda ao BNG como \u201co partido do \u2018non\u2019 a todo\u201d sinalando que os independentistas galegos \u201cson incapaces de apoiar calquera medida da Xunta, nin en Galicia nin en Madrid, pero despois son os primeiros que se po\u00f1en detr\u00e1s dunha pancarta\u201d.<\/p>\n<p>Fronte a todo isto, conclu\u00edu, o PPdeG \u201cseguir\u00e1 dedic\u00e1ndose a gobernar, en Galicia e, en dous anos, espero que en m\u00e1is concellos desta \u00e1rea metropolitana\u201d.<\/p>\n","protected":false},"excerpt":{"rendered":"<p>A secretaria xeral do Partido Popular de Galicia, Paula Prado, subli\u00f1a a importancia que ten para os concellos galegos o feito de contar con gobernos estables na medida en que isto contrib\u00fae a fortalecer \u201ca Galicia que goberna\u201d fronte ao \u201cbloqueo\u201d do independentismo e o socialismo. As\u00ed o manifestou esta ma\u00f1\u00e1 en declaraci\u00f3ns aos medios [&hellip;]<\/p>\n","protected":false},"author":38,"featured_media":66504,"comment_status":"closed","ping_status":"open","sticky":false,"template":"","format":"standard","meta":{"_acf_changed":false,"footnotes":""},"categories":[1],"tags":[],"class_list":["post-66503","post","type-post","status-publish","format-standard","has-post-thumbnail","hentry","category-pp-de-galicia"],"acf":[],"yoast_head":"<!-- This site is optimized with the Yoast SEO plugin v27.3 - https:\/\/yoast.com\/product\/yoast-seo-wordpress\/ -->\n<title>Paula Prado: \u201cO PPdeG representa \u00e1 Galicia que goberna fronte ao independentismo e o socialismo que bloquean\u201d - PP de Galicia<\/title>\n<meta name=\"description\" content=\"A secretaria xeral do Partido Popular de Galicia, Paula Prado, subli\u00f1a a importancia que ten para os concellos galegos o feito de contar con gobernos estables na medida en que isto contrib\u00fae a fortalecer \u201ca Galicia que goberna\u201d fronte ao \u201cbloqueo\u201d do independentismo e o socialismo.\" \/>\n<meta name=\"robots\" content=\"index, follow, max-snippet:-1, max-image-preview:large, max-video-preview:-1\" \/>\n<link rel=\"canonical\" href=\"https:\/\/ppdegalicia.com\/es\/paula-prado-o-ppdeg-representa-a-galicia-que-goberna-fronte-ao-independentismo-e-o-socialismo-que-bloquean\/\" \/>\n<meta property=\"og:locale\" content=\"es_ES\" \/>\n<meta property=\"og:type\" content=\"article\" \/>\n<meta property=\"og:title\" content=\"Paula Prado: \u201cO PPdeG representa \u00e1 Galicia que goberna fronte ao independentismo e o socialismo que bloquean\u201d - PP de Galicia\" \/>\n<meta property=\"og:description\" content=\"A secretaria xeral do Partido Popular de Galicia, Paula Prado, subli\u00f1a a importancia que ten para os concellos galegos o feito de contar con gobernos estables na medida en que isto contrib\u00fae a fortalecer \u201ca Galicia que goberna\u201d fronte ao \u201cbloqueo\u201d do independentismo e o socialismo.\" \/>\n<meta property=\"og:url\" content=\"https:\/\/ppdegalicia.com\/es\/paula-prado-o-ppdeg-representa-a-galicia-que-goberna-fronte-ao-independentismo-e-o-socialismo-que-bloquean\/\" \/>\n<meta property=\"og:site_name\" content=\"PP de Galicia\" \/>\n<meta property=\"article:publisher\" content=\"https:\/\/www.instagram.com\/ppdegalicia\/\" \/>\n<meta property=\"article:published_time\" content=\"2025-04-05T11:28:48+00:00\" \/>\n<meta property=\"og:image\" content=\"https:\/\/ppdegalicia.com\/wp-content\/uploads\/2025\/04\/20250405_PPrado_Reunion_Area_Coruna_2-scaled.jpg\" \/>\n\t<meta property=\"og:image:width\" content=\"2560\" \/>\n\t<meta property=\"og:image:height\" content=\"1706\" \/>\n\t<meta property=\"og:image:type\" content=\"image\/jpeg\" \/>\n<meta name=\"author\" content=\"ppdegaliciaredes\" \/>\n<meta name=\"twitter:card\" content=\"summary_large_image\" \/>\n<meta name=\"twitter:creator\" content=\"@ppdegalicia\" \/>\n<meta name=\"twitter:site\" content=\"@ppdegalicia\" \/>\n<meta name=\"twitter:label1\" content=\"Escrito por\" \/>\n\t<meta name=\"twitter:data1\" content=\"ppdegaliciaredes\" \/>\n\t<meta name=\"twitter:label2\" content=\"Tiempo de lectura\" \/>\n\t<meta name=\"twitter:data2\" content=\"3 minutos\" \/>\n<script type=\"application\/ld+json\" class=\"yoast-schema-graph\">{\"@context\":\"https:\\\/\\\/schema.org\",\"@graph\":[{\"@type\":\"Article\",\"@id\":\"https:\\\/\\\/ppdegalicia.com\\\/es\\\/paula-prado-o-ppdeg-representa-a-galicia-que-goberna-fronte-ao-independentismo-e-o-socialismo-que-bloquean\\\/#article\",\"isPartOf\":{\"@id\":\"https:\\\/\\\/ppdegalicia.com\\\/es\\\/paula-prado-o-ppdeg-representa-a-galicia-que-goberna-fronte-ao-independentismo-e-o-socialismo-que-bloquean\\\/\"},\"author\":{\"name\":\"ppdegaliciaredes\",\"@id\":\"https:\\\/\\\/ppdegalicia.com\\\/es\\\/#\\\/schema\\\/person\\\/5b822c6f59e872ebdd1142f307dbcb59\"},\"headline\":\"Paula Prado: \u201cO PPdeG representa \u00e1 Galicia que goberna fronte ao independentismo e o socialismo que bloquean\u201d\",\"datePublished\":\"2025-04-05T11:28:48+00:00\",\"mainEntityOfPage\":{\"@id\":\"https:\\\/\\\/ppdegalicia.com\\\/es\\\/paula-prado-o-ppdeg-representa-a-galicia-que-goberna-fronte-ao-independentismo-e-o-socialismo-que-bloquean\\\/\"},\"wordCount\":436,\"publisher\":{\"@id\":\"https:\\\/\\\/ppdegalicia.com\\\/es\\\/#organization\"},\"image\":{\"@id\":\"https:\\\/\\\/ppdegalicia.com\\\/es\\\/paula-prado-o-ppdeg-representa-a-galicia-que-goberna-fronte-ao-independentismo-e-o-socialismo-que-bloquean\\\/#primaryimage\"},\"thumbnailUrl\":\"https:\\\/\\\/ppdegalicia.com\\\/wp-content\\\/uploads\\\/2025\\\/04\\\/20250405_PPrado_Reunion_Area_Coruna_2-scaled.jpg\",\"articleSection\":[\"PP de Galicia\"],\"inLanguage\":\"es\"},{\"@type\":\"WebPage\",\"@id\":\"https:\\\/\\\/ppdegalicia.com\\\/es\\\/paula-prado-o-ppdeg-representa-a-galicia-que-goberna-fronte-ao-independentismo-e-o-socialismo-que-bloquean\\\/\",\"url\":\"https:\\\/\\\/ppdegalicia.com\\\/es\\\/paula-prado-o-ppdeg-representa-a-galicia-que-goberna-fronte-ao-independentismo-e-o-socialismo-que-bloquean\\\/\",\"name\":\"Paula Prado: \u201cO PPdeG representa \u00e1 Galicia que goberna fronte ao independentismo e o socialismo que bloquean\u201d - PP de Galicia\",\"isPartOf\":{\"@id\":\"https:\\\/\\\/ppdegalicia.com\\\/es\\\/#website\"},\"primaryImageOfPage\":{\"@id\":\"https:\\\/\\\/ppdegalicia.com\\\/es\\\/paula-prado-o-ppdeg-representa-a-galicia-que-goberna-fronte-ao-independentismo-e-o-socialismo-que-bloquean\\\/#primaryimage\"},\"image\":{\"@id\":\"https:\\\/\\\/ppdegalicia.com\\\/es\\\/paula-prado-o-ppdeg-representa-a-galicia-que-goberna-fronte-ao-independentismo-e-o-socialismo-que-bloquean\\\/#primaryimage\"},\"thumbnailUrl\":\"https:\\\/\\\/ppdegalicia.com\\\/wp-content\\\/uploads\\\/2025\\\/04\\\/20250405_PPrado_Reunion_Area_Coruna_2-scaled.jpg\",\"datePublished\":\"2025-04-05T11:28:48+00:00\",\"description\":\"A secretaria xeral do Partido Popular de Galicia, Paula Prado, subli\u00f1a a importancia que ten para os concellos galegos o feito de contar con gobernos estables na medida en que isto contrib\u00fae a fortalecer \u201ca Galicia que goberna\u201d fronte ao \u201cbloqueo\u201d do independentismo e o socialismo.\",\"breadcrumb\":{\"@id\":\"https:\\\/\\\/ppdegalicia.com\\\/es\\\/paula-prado-o-ppdeg-representa-a-galicia-que-goberna-fronte-ao-independentismo-e-o-socialismo-que-bloquean\\\/#breadcrumb\"},\"inLanguage\":\"es\",\"potentialAction\":[{\"@type\":\"ReadAction\",\"target\":[\"https:\\\/\\\/ppdegalicia.com\\\/es\\\/paula-prado-o-ppdeg-representa-a-galicia-que-goberna-fronte-ao-independentismo-e-o-socialismo-que-bloquean\\\/\"]}]},{\"@type\":\"ImageObject\",\"inLanguage\":\"es\",\"@id\":\"https:\\\/\\\/ppdegalicia.com\\\/es\\\/paula-prado-o-ppdeg-representa-a-galicia-que-goberna-fronte-ao-independentismo-e-o-socialismo-que-bloquean\\\/#primaryimage\",\"url\":\"https:\\\/\\\/ppdegalicia.com\\\/wp-content\\\/uploads\\\/2025\\\/04\\\/20250405_PPrado_Reunion_Area_Coruna_2-scaled.jpg\",\"contentUrl\":\"https:\\\/\\\/ppdegalicia.com\\\/wp-content\\\/uploads\\\/2025\\\/04\\\/20250405_PPrado_Reunion_Area_Coruna_2-scaled.jpg\",\"width\":2560,\"height\":1706},{\"@type\":\"BreadcrumbList\",\"@id\":\"https:\\\/\\\/ppdegalicia.com\\\/es\\\/paula-prado-o-ppdeg-representa-a-galicia-que-goberna-fronte-ao-independentismo-e-o-socialismo-que-bloquean\\\/#breadcrumb\",\"itemListElement\":[{\"@type\":\"ListItem\",\"position\":1,\"name\":\"Portada\",\"item\":\"https:\\\/\\\/ppdegalicia.com\\\/es\\\/\"},{\"@type\":\"ListItem\",\"position\":2,\"name\":\"Paula Prado: \u201cO PPdeG representa \u00e1 Galicia que goberna fronte ao independentismo e o socialismo que bloquean\u201d\"}]},{\"@type\":\"WebSite\",\"@id\":\"https:\\\/\\\/ppdegalicia.com\\\/es\\\/#website\",\"url\":\"https:\\\/\\\/ppdegalicia.com\\\/es\\\/\",\"name\":\"Partido Popular de Galicia\",\"description\":\"Partido Popular de Galicia\",\"publisher\":{\"@id\":\"https:\\\/\\\/ppdegalicia.com\\\/es\\\/#organization\"},\"alternateName\":\"PP de Galicia\",\"potentialAction\":[{\"@type\":\"SearchAction\",\"target\":{\"@type\":\"EntryPoint\",\"urlTemplate\":\"https:\\\/\\\/ppdegalicia.com\\\/es\\\/?s={search_term_string}\"},\"query-input\":{\"@type\":\"PropertyValueSpecification\",\"valueRequired\":true,\"valueName\":\"search_term_string\"}}],\"inLanguage\":\"es\"},{\"@type\":\"Organization\",\"@id\":\"https:\\\/\\\/ppdegalicia.com\\\/es\\\/#organization\",\"name\":\"Partido Popular de Galicia\",\"alternateName\":\"PP de Galicia\",\"url\":\"https:\\\/\\\/ppdegalicia.com\\\/es\\\/\",\"logo\":{\"@type\":\"ImageObject\",\"inLanguage\":\"es\",\"@id\":\"https:\\\/\\\/ppdegalicia.com\\\/es\\\/#\\\/schema\\\/logo\\\/image\\\/\",\"url\":\"https:\\\/\\\/ppdegalicia.com\\\/wp-content\\\/uploads\\\/2023\\\/04\\\/logoPP512.png\",\"contentUrl\":\"https:\\\/\\\/ppdegalicia.com\\\/wp-content\\\/uploads\\\/2023\\\/04\\\/logoPP512.png\",\"width\":512,\"height\":512,\"caption\":\"Partido Popular de Galicia\"},\"image\":{\"@id\":\"https:\\\/\\\/ppdegalicia.com\\\/es\\\/#\\\/schema\\\/logo\\\/image\\\/\"},\"sameAs\":[\"https:\\\/\\\/www.instagram.com\\\/ppdegalicia\\\/\",\"https:\\\/\\\/x.com\\\/ppdegalicia\",\"https:\\\/\\\/www.tiktok.com\\\/@ppdegalicia\",\"https:\\\/\\\/www.youtube.com\\\/user\\\/ppdegalicia\"]},{\"@type\":\"Person\",\"@id\":\"https:\\\/\\\/ppdegalicia.com\\\/es\\\/#\\\/schema\\\/person\\\/5b822c6f59e872ebdd1142f307dbcb59\",\"name\":\"ppdegaliciaredes\",\"image\":{\"@type\":\"ImageObject\",\"inLanguage\":\"es\",\"@id\":\"https:\\\/\\\/secure.gravatar.com\\\/avatar\\\/3c9179cf0256d00c72a48d1f25783c58b6842cd56e85ef3a572881c8e28ccd59?s=96&d=mm&r=g\",\"url\":\"https:\\\/\\\/secure.gravatar.com\\\/avatar\\\/3c9179cf0256d00c72a48d1f25783c58b6842cd56e85ef3a572881c8e28ccd59?s=96&d=mm&r=g\",\"contentUrl\":\"https:\\\/\\\/secure.gravatar.com\\\/avatar\\\/3c9179cf0256d00c72a48d1f25783c58b6842cd56e85ef3a572881c8e28ccd59?s=96&d=mm&r=g\",\"caption\":\"ppdegaliciaredes\"},\"url\":\"https:\\\/\\\/ppdegalicia.com\\\/es\\\/author\\\/ppdegaliciaredes\\\/\"}]}<\/script>\n<!-- \/ Yoast SEO plugin. -->","yoast_head_json":{"title":"Paula Prado: \u201cO PPdeG representa \u00e1 Galicia que goberna fronte ao independentismo e o socialismo que bloquean\u201d - PP de Galicia","description":"A secretaria xeral do Partido Popular de Galicia, Paula Prado, subli\u00f1a a importancia que ten para os concellos galegos o feito de contar con gobernos estables na medida en que isto contrib\u00fae a fortalecer \u201ca Galicia que goberna\u201d fronte ao \u201cbloqueo\u201d do independentismo e o socialismo.","robots":{"index":"index","follow":"follow","max-snippet":"max-snippet:-1","max-image-preview":"max-image-preview:large","max-video-preview":"max-video-preview:-1"},"canonical":"https:\/\/ppdegalicia.com\/es\/paula-prado-o-ppdeg-representa-a-galicia-que-goberna-fronte-ao-independentismo-e-o-socialismo-que-bloquean\/","og_locale":"es_ES","og_type":"article","og_title":"Paula Prado: \u201cO PPdeG representa \u00e1 Galicia que goberna fronte ao independentismo e o socialismo que bloquean\u201d - PP de Galicia","og_description":"A secretaria xeral do Partido Popular de Galicia, Paula Prado, subli\u00f1a a importancia que ten para os concellos galegos o feito de contar con gobernos estables na medida en que isto contrib\u00fae a fortalecer \u201ca Galicia que goberna\u201d fronte ao \u201cbloqueo\u201d do independentismo e o socialismo.","og_url":"https:\/\/ppdegalicia.com\/es\/paula-prado-o-ppdeg-representa-a-galicia-que-goberna-fronte-ao-independentismo-e-o-socialismo-que-bloquean\/","og_site_name":"PP de Galicia","article_publisher":"https:\/\/www.instagram.com\/ppdegalicia\/","article_published_time":"2025-04-05T11:28:48+00:00","og_image":[{"width":2560,"height":1706,"url":"https:\/\/ppdegalicia.com\/wp-content\/uploads\/2025\/04\/20250405_PPrado_Reunion_Area_Coruna_2-scaled.jpg","type":"image\/jpeg"}],"author":"ppdegaliciaredes","twitter_card":"summary_large_image","twitter_creator":"@ppdegalicia","twitter_site":"@ppdegalicia","twitter_misc":{"Escrito por":"ppdegaliciaredes","Tiempo de lectura":"3 minutos"},"schema":{"@context":"https:\/\/schema.org","@graph":[{"@type":"Article","@id":"https:\/\/ppdegalicia.com\/es\/paula-prado-o-ppdeg-representa-a-galicia-que-goberna-fronte-ao-independentismo-e-o-socialismo-que-bloquean\/#article","isPartOf":{"@id":"https:\/\/ppdegalicia.com\/es\/paula-prado-o-ppdeg-representa-a-galicia-que-goberna-fronte-ao-independentismo-e-o-socialismo-que-bloquean\/"},"author":{"name":"ppdegaliciaredes","@id":"https:\/\/ppdegalicia.com\/es\/#\/schema\/person\/5b822c6f59e872ebdd1142f307dbcb59"},"headline":"Paula Prado: \u201cO PPdeG representa \u00e1 Galicia que goberna fronte ao independentismo e o socialismo que bloquean\u201d","datePublished":"2025-04-05T11:28:48+00:00","mainEntityOfPage":{"@id":"https:\/\/ppdegalicia.com\/es\/paula-prado-o-ppdeg-representa-a-galicia-que-goberna-fronte-ao-independentismo-e-o-socialismo-que-bloquean\/"},"wordCount":436,"publisher":{"@id":"https:\/\/ppdegalicia.com\/es\/#organization"},"image":{"@id":"https:\/\/ppdegalicia.com\/es\/paula-prado-o-ppdeg-representa-a-galicia-que-goberna-fronte-ao-independentismo-e-o-socialismo-que-bloquean\/#primaryimage"},"thumbnailUrl":"https:\/\/ppdegalicia.com\/wp-content\/uploads\/2025\/04\/20250405_PPrado_Reunion_Area_Coruna_2-scaled.jpg","articleSection":["PP de Galicia"],"inLanguage":"es"},{"@type":"WebPage","@id":"https:\/\/ppdegalicia.com\/es\/paula-prado-o-ppdeg-representa-a-galicia-que-goberna-fronte-ao-independentismo-e-o-socialismo-que-bloquean\/","url":"https:\/\/ppdegalicia.com\/es\/paula-prado-o-ppdeg-representa-a-galicia-que-goberna-fronte-ao-independentismo-e-o-socialismo-que-bloquean\/","name":"Paula Prado: \u201cO PPdeG representa \u00e1 Galicia que goberna fronte ao independentismo e o socialismo que bloquean\u201d - PP de Galicia","isPartOf":{"@id":"https:\/\/ppdegalicia.com\/es\/#website"},"primaryImageOfPage":{"@id":"https:\/\/ppdegalicia.com\/es\/paula-prado-o-ppdeg-representa-a-galicia-que-goberna-fronte-ao-independentismo-e-o-socialismo-que-bloquean\/#primaryimage"},"image":{"@id":"https:\/\/ppdegalicia.com\/es\/paula-prado-o-ppdeg-representa-a-galicia-que-goberna-fronte-ao-independentismo-e-o-socialismo-que-bloquean\/#primaryimage"},"thumbnailUrl":"https:\/\/ppdegalicia.com\/wp-content\/uploads\/2025\/04\/20250405_PPrado_Reunion_Area_Coruna_2-scaled.jpg","datePublished":"2025-04-05T11:28:48+00:00","description":"A secretaria xeral do Partido Popular de Galicia, Paula Prado, subli\u00f1a a importancia que ten para os concellos galegos o feito de contar con gobernos estables na medida en que isto contrib\u00fae a fortalecer \u201ca Galicia que goberna\u201d fronte ao \u201cbloqueo\u201d do independentismo e o socialismo.","breadcrumb":{"@id":"https:\/\/ppdegalicia.com\/es\/paula-prado-o-ppdeg-representa-a-galicia-que-goberna-fronte-ao-independentismo-e-o-socialismo-que-bloquean\/#breadcrumb"},"inLanguage":"es","potentialAction":[{"@type":"ReadAction","target":["https:\/\/ppdegalicia.com\/es\/paula-prado-o-ppdeg-representa-a-galicia-que-goberna-fronte-ao-independentismo-e-o-socialismo-que-bloquean\/"]}]},{"@type":"ImageObject","inLanguage":"es","@id":"https:\/\/ppdegalicia.com\/es\/paula-prado-o-ppdeg-representa-a-galicia-que-goberna-fronte-ao-independentismo-e-o-socialismo-que-bloquean\/#primaryimage","url":"https:\/\/ppdegalicia.com\/wp-content\/uploads\/2025\/04\/20250405_PPrado_Reunion_Area_Coruna_2-scaled.jpg","contentUrl":"https:\/\/ppdegalicia.com\/wp-content\/uploads\/2025\/04\/20250405_PPrado_Reunion_Area_Coruna_2-scaled.jpg","width":2560,"height":1706},{"@type":"BreadcrumbList","@id":"https:\/\/ppdegalicia.com\/es\/paula-prado-o-ppdeg-representa-a-galicia-que-goberna-fronte-ao-independentismo-e-o-socialismo-que-bloquean\/#breadcrumb","itemListElement":[{"@type":"ListItem","position":1,"name":"Portada","item":"https:\/\/ppdegalicia.com\/es\/"},{"@type":"ListItem","position":2,"name":"Paula Prado: \u201cO PPdeG representa \u00e1 Galicia que goberna fronte ao independentismo e o socialismo que bloquean\u201d"}]},{"@type":"WebSite","@id":"https:\/\/ppdegalicia.com\/es\/#website","url":"https:\/\/ppdegalicia.com\/es\/","name":"Partido Popular de Galicia","description":"Partido Popular de Galicia","publisher":{"@id":"https:\/\/ppdegalicia.com\/es\/#organization"},"alternateName":"PP de Galicia","potentialAction":[{"@type":"SearchAction","target":{"@type":"EntryPoint","urlTemplate":"https:\/\/ppdegalicia.com\/es\/?s={search_term_string}"},"query-input":{"@type":"PropertyValueSpecification","valueRequired":true,"valueName":"search_term_string"}}],"inLanguage":"es"},{"@type":"Organization","@id":"https:\/\/ppdegalicia.com\/es\/#organization","name":"Partido Popular de Galicia","alternateName":"PP de Galicia","url":"https:\/\/ppdegalicia.com\/es\/","logo":{"@type":"ImageObject","inLanguage":"es","@id":"https:\/\/ppdegalicia.com\/es\/#\/schema\/logo\/image\/","url":"https:\/\/ppdegalicia.com\/wp-content\/uploads\/2023\/04\/logoPP512.png","contentUrl":"https:\/\/ppdegalicia.com\/wp-content\/uploads\/2023\/04\/logoPP512.png","width":512,"height":512,"caption":"Partido Popular de Galicia"},"image":{"@id":"https:\/\/ppdegalicia.com\/es\/#\/schema\/logo\/image\/"},"sameAs":["https:\/\/www.instagram.com\/ppdegalicia\/","https:\/\/x.com\/ppdegalicia","https:\/\/www.tiktok.com\/@ppdegalicia","https:\/\/www.youtube.com\/user\/ppdegalicia"]},{"@type":"Person","@id":"https:\/\/ppdegalicia.com\/es\/#\/schema\/person\/5b822c6f59e872ebdd1142f307dbcb59","name":"ppdegaliciaredes","image":{"@type":"ImageObject","inLanguage":"es","@id":"https:\/\/secure.gravatar.com\/avatar\/3c9179cf0256d00c72a48d1f25783c58b6842cd56e85ef3a572881c8e28ccd59?s=96&d=mm&r=g","url":"https:\/\/secure.gravatar.com\/avatar\/3c9179cf0256d00c72a48d1f25783c58b6842cd56e85ef3a572881c8e28ccd59?s=96&d=mm&r=g","contentUrl":"https:\/\/secure.gravatar.com\/avatar\/3c9179cf0256d00c72a48d1f25783c58b6842cd56e85ef3a572881c8e28ccd59?s=96&d=mm&r=g","caption":"ppdegaliciaredes"},"url":"https:\/\/ppdegalicia.com\/es\/author\/ppdegaliciaredes\/"}]}},"_links":{"self":[{"href":"https:\/\/ppdegalicia.com\/es\/wp-json\/wp\/v2\/posts\/66503","targetHints":{"allow":["GET"]}}],"collection":[{"href":"https:\/\/ppdegalicia.com\/es\/wp-json\/wp\/v2\/posts"}],"about":[{"href":"https:\/\/ppdegalicia.com\/es\/wp-json\/wp\/v2\/types\/post"}],"author":[{"embeddable":true,"href":"https:\/\/ppdegalicia.com\/es\/wp-json\/wp\/v2\/users\/38"}],"replies":[{"embeddable":true,"href":"https:\/\/ppdegalicia.com\/es\/wp-json\/wp\/v2\/comments?post=66503"}],"version-history":[{"count":1,"href":"https:\/\/ppdegalicia.com\/es\/wp-json\/wp\/v2\/posts\/66503\/revisions"}],"predecessor-version":[{"id":66506,"href":"https:\/\/ppdegalicia.com\/es\/wp-json\/wp\/v2\/posts\/66503\/revisions\/66506"}],"wp:featuredmedia":[{"embeddable":true,"href":"https:\/\/ppdegalicia.com\/es\/wp-json\/wp\/v2\/media\/66504"}],"wp:attachment":[{"href":"https:\/\/ppdegalicia.com\/es\/wp-json\/wp\/v2\/media?parent=66503"}],"wp:term":[{"taxonomy":"category","embeddable":true,"href":"https:\/\/ppdegalicia.com\/es\/wp-json\/wp\/v2\/categories?post=66503"},{"taxonomy":"post_tag","embeddable":true,"href":"https:\/\/ppdegalicia.com\/es\/wp-json\/wp\/v2\/tags?post=66503"}],"curies":[{"name":"wp","href":"https:\/\/api.w.org\/{rel}","templated":true}]}}