{"id":66511,"date":"2025-04-05T14:04:39","date_gmt":"2025-04-05T13:04:39","guid":{"rendered":"https:\/\/ppdegalicia.com\/?p=66511"},"modified":"2025-04-05T14:04:39","modified_gmt":"2025-04-05T13:04:39","slug":"o-ppdeg-demanda-ao-goberno-de-espana-que-impulse-dunha-vez-a-execucion-da-autovia-a-76-entre-ourense-e-ponferrada","status":"publish","type":"post","link":"https:\/\/ppdegalicia.com\/es\/o-ppdeg-demanda-ao-goberno-de-espana-que-impulse-dunha-vez-a-execucion-da-autovia-a-76-entre-ourense-e-ponferrada\/","title":{"rendered":"O PPdeG demanda ao Goberno de Espa\u00f1a que impulse dunha vez a execuci\u00f3n da autov\u00eda A-76 entre Ourense e Ponferrada"},"content":{"rendered":"<p>Os deputados do Grupo Popular Miguel Viso e Cristina Campero anunciaron hoxe a presentaci\u00f3n no Parlamento de Galicia dunha iniciativa a trav\u00e9s da que se demanda ao Goberno de Espa\u00f1a que impulse dunha vez a execuci\u00f3n da autov\u00eda A-76 entre Ourense e Ponferrada, por tratarse dunha infraestrutura estrat\u00e9xica para acceder \u00e1 Meseta desde o interior da Comunidade galega, vertebrando as comarcas de Valdeorras, Quiroga e Lemos das provincias de Lugo e Ourense.<\/p>\n<p>Nun encontro celebrado coa portavoz do PP no Barco de Valdeorras, Inmaculada Rodr\u00edguez, e veci\u00f1os desta localidade ourens\u00e1, os deputados populares lamentaron \u201co bloqueo ao que o Goberno de Pedro S\u00e1nchez est\u00e1 a someter a esta autov\u00eda clave para acceder \u00e1 Meseta desde o interior de Galicia, unha situaci\u00f3n que conta coa complicidade do BNG ao aceptar o incumprimento do pacto que asinaron cos socialistas para colocar a Pedro S\u00e1nchez na Moncloa\u201d.<\/p>\n<p><strong>NIN PLANIFICACI\u00d3N NIN ORZAMENTOS<\/strong><\/p>\n<p>\u201cO Goberno central nin avanza na planificaci\u00f3n dos tramos necesarios para impulsar a A-76 nin habilita os investimentos correspondentes\u201d, criticaron os deputados populares, quen apuntaron a negativa do Ministerio de Transportes a facilitar informaci\u00f3n algunha sobre o estado da tramitaci\u00f3n desta autov\u00eda e as previsi\u00f3ns reais para a s\u00faa execuci\u00f3n.<\/p>\n<p>Miguel Viso e Cristina Campero lembraron que esta autov\u00eda foi considerada como prioritaria pola patronal das empresas construtoras (Seopan) nun informe sobre as actuaci\u00f3ns a acometer polo Estado no horizonte 2024-2035.<\/p>\n<p>A esta demanda sumouse o recente informe realizado polo Eixo Atl\u00e1ntico sobre infraestruturas viarias e ferroviarias da Eurorrexi\u00f3n, no que se pon de manifesto que, \u201cvinte anos despois da inclusi\u00f3n da A-76 no Plan Estrat\u00e9xico de Infraestruturas do Transporte 2005-2020, non se ten materializado nin un s\u00f3 quil\u00f3metro desta autov\u00eda, que \u00e9 reiteradamente reivindicada non s\u00f3 como conexi\u00f3n de Galicia coa Meseta norte, sen\u00f3n tam\u00e9n como medio para acadar unha mellor comunicaci\u00f3n de Valdeorras coa s\u00faa capital de provincia e o resto de Galicia\u201d.<\/p>\n","protected":false},"excerpt":{"rendered":"<p>Os deputados do Grupo Popular Miguel Viso e Cristina Campero anunciaron hoxe a presentaci\u00f3n no Parlamento de Galicia dunha iniciativa a trav\u00e9s da que se demanda ao Goberno de Espa\u00f1a que impulse dunha vez a execuci\u00f3n da autov\u00eda A-76 entre Ourense e Ponferrada, por tratarse dunha infraestrutura estrat\u00e9xica para acceder \u00e1 Meseta desde o interior [&hellip;]<\/p>\n","protected":false},"author":38,"featured_media":66512,"comment_status":"closed","ping_status":"open","sticky":false,"template":"","format":"standard","meta":{"_acf_changed":false,"footnotes":""},"categories":[1128],"tags":[],"class_list":["post-66511","post","type-post","status-publish","format-standard","has-post-thumbnail","hentry","category-actualidad-parlamento-de-galicia"],"acf":[],"yoast_head":"<!-- This site is optimized with the Yoast SEO plugin v27.3 - https:\/\/yoast.com\/product\/yoast-seo-wordpress\/ -->\n<title>O PPdeG demanda ao Goberno de Espa\u00f1a que impulse dunha vez a execuci\u00f3n da autov\u00eda A-76 entre Ourense e Ponferrada - PP de Galicia<\/title>\n<meta name=\"description\" content=\"Os deputados do Grupo Popular Miguel Viso e Cristina Campero anunciaron hoxe a presentaci\u00f3n no Parlamento de Galicia dunha iniciativa a trav\u00e9s da que se demanda ao Goberno de Espa\u00f1a que impulse dunha vez a execuci\u00f3n da autov\u00eda A-76 entre Ourense e Ponferrada, por tratarse dunha infraestrutura estrat\u00e9xica para acceder \u00e1 Meseta desde o interior da Comunidade galega, vertebrando as comarcas de Valdeorras, Quiroga e Lemos das provincias de Lugo e Ourense.\" \/>\n<meta name=\"robots\" content=\"index, follow, max-snippet:-1, max-image-preview:large, max-video-preview:-1\" \/>\n<link rel=\"canonical\" href=\"https:\/\/ppdegalicia.com\/es\/o-ppdeg-demanda-ao-goberno-de-espana-que-impulse-dunha-vez-a-execucion-da-autovia-a-76-entre-ourense-e-ponferrada\/\" \/>\n<meta property=\"og:locale\" content=\"es_ES\" \/>\n<meta property=\"og:type\" content=\"article\" \/>\n<meta property=\"og:title\" content=\"O PPdeG demanda ao Goberno de Espa\u00f1a que impulse dunha vez a execuci\u00f3n da autov\u00eda A-76 entre Ourense e Ponferrada - PP de Galicia\" \/>\n<meta property=\"og:description\" content=\"Os deputados do Grupo Popular Miguel Viso e Cristina Campero anunciaron hoxe a presentaci\u00f3n no Parlamento de Galicia dunha iniciativa a trav\u00e9s da que se demanda ao Goberno de Espa\u00f1a que impulse dunha vez a execuci\u00f3n da autov\u00eda A-76 entre Ourense e Ponferrada, por tratarse dunha infraestrutura estrat\u00e9xica para acceder \u00e1 Meseta desde o interior da Comunidade galega, vertebrando as comarcas de Valdeorras, Quiroga e Lemos das provincias de Lugo e Ourense.\" \/>\n<meta property=\"og:url\" content=\"https:\/\/ppdegalicia.com\/es\/o-ppdeg-demanda-ao-goberno-de-espana-que-impulse-dunha-vez-a-execucion-da-autovia-a-76-entre-ourense-e-ponferrada\/\" \/>\n<meta property=\"og:site_name\" content=\"PP de Galicia\" \/>\n<meta property=\"article:publisher\" content=\"https:\/\/www.instagram.com\/ppdegalicia\/\" \/>\n<meta property=\"article:published_time\" content=\"2025-04-05T13:04:39+00:00\" \/>\n<meta property=\"og:image\" content=\"https:\/\/ppdegalicia.com\/wp-content\/uploads\/2025\/04\/MIguel-Viso-Cristina-Campero-e-Inmaculada-Rodriguez-01.jpeg\" \/>\n\t<meta property=\"og:image:width\" content=\"1324\" \/>\n\t<meta property=\"og:image:height\" content=\"980\" \/>\n\t<meta property=\"og:image:type\" content=\"image\/jpeg\" \/>\n<meta name=\"author\" content=\"ppdegaliciaredes\" \/>\n<meta name=\"twitter:card\" content=\"summary_large_image\" \/>\n<meta name=\"twitter:creator\" content=\"@ppdegalicia\" \/>\n<meta name=\"twitter:site\" content=\"@ppdegalicia\" \/>\n<meta name=\"twitter:label1\" content=\"Escrito por\" \/>\n\t<meta name=\"twitter:data1\" content=\"ppdegaliciaredes\" \/>\n\t<meta name=\"twitter:label2\" content=\"Tiempo de lectura\" \/>\n\t<meta name=\"twitter:data2\" content=\"2 minutos\" \/>\n<script type=\"application\/ld+json\" class=\"yoast-schema-graph\">{\"@context\":\"https:\\\/\\\/schema.org\",\"@graph\":[{\"@type\":\"Article\",\"@id\":\"https:\\\/\\\/ppdegalicia.com\\\/es\\\/o-ppdeg-demanda-ao-goberno-de-espana-que-impulse-dunha-vez-a-execucion-da-autovia-a-76-entre-ourense-e-ponferrada\\\/#article\",\"isPartOf\":{\"@id\":\"https:\\\/\\\/ppdegalicia.com\\\/es\\\/o-ppdeg-demanda-ao-goberno-de-espana-que-impulse-dunha-vez-a-execucion-da-autovia-a-76-entre-ourense-e-ponferrada\\\/\"},\"author\":{\"name\":\"ppdegaliciaredes\",\"@id\":\"https:\\\/\\\/ppdegalicia.com\\\/es\\\/#\\\/schema\\\/person\\\/5b822c6f59e872ebdd1142f307dbcb59\"},\"headline\":\"O PPdeG demanda ao Goberno de Espa\u00f1a que impulse dunha vez a execuci\u00f3n da autov\u00eda A-76 entre Ourense e Ponferrada\",\"datePublished\":\"2025-04-05T13:04:39+00:00\",\"mainEntityOfPage\":{\"@id\":\"https:\\\/\\\/ppdegalicia.com\\\/es\\\/o-ppdeg-demanda-ao-goberno-de-espana-que-impulse-dunha-vez-a-execucion-da-autovia-a-76-entre-ourense-e-ponferrada\\\/\"},\"wordCount\":366,\"publisher\":{\"@id\":\"https:\\\/\\\/ppdegalicia.com\\\/es\\\/#organization\"},\"image\":{\"@id\":\"https:\\\/\\\/ppdegalicia.com\\\/es\\\/o-ppdeg-demanda-ao-goberno-de-espana-que-impulse-dunha-vez-a-execucion-da-autovia-a-76-entre-ourense-e-ponferrada\\\/#primaryimage\"},\"thumbnailUrl\":\"https:\\\/\\\/ppdegalicia.com\\\/wp-content\\\/uploads\\\/2025\\\/04\\\/MIguel-Viso-Cristina-Campero-e-Inmaculada-Rodriguez-01.jpeg\",\"articleSection\":[\"Parlamento de Galicia\"],\"inLanguage\":\"es\"},{\"@type\":\"WebPage\",\"@id\":\"https:\\\/\\\/ppdegalicia.com\\\/es\\\/o-ppdeg-demanda-ao-goberno-de-espana-que-impulse-dunha-vez-a-execucion-da-autovia-a-76-entre-ourense-e-ponferrada\\\/\",\"url\":\"https:\\\/\\\/ppdegalicia.com\\\/es\\\/o-ppdeg-demanda-ao-goberno-de-espana-que-impulse-dunha-vez-a-execucion-da-autovia-a-76-entre-ourense-e-ponferrada\\\/\",\"name\":\"O PPdeG demanda ao Goberno de Espa\u00f1a que impulse dunha vez a execuci\u00f3n da autov\u00eda A-76 entre Ourense e Ponferrada - PP de Galicia\",\"isPartOf\":{\"@id\":\"https:\\\/\\\/ppdegalicia.com\\\/es\\\/#website\"},\"primaryImageOfPage\":{\"@id\":\"https:\\\/\\\/ppdegalicia.com\\\/es\\\/o-ppdeg-demanda-ao-goberno-de-espana-que-impulse-dunha-vez-a-execucion-da-autovia-a-76-entre-ourense-e-ponferrada\\\/#primaryimage\"},\"image\":{\"@id\":\"https:\\\/\\\/ppdegalicia.com\\\/es\\\/o-ppdeg-demanda-ao-goberno-de-espana-que-impulse-dunha-vez-a-execucion-da-autovia-a-76-entre-ourense-e-ponferrada\\\/#primaryimage\"},\"thumbnailUrl\":\"https:\\\/\\\/ppdegalicia.com\\\/wp-content\\\/uploads\\\/2025\\\/04\\\/MIguel-Viso-Cristina-Campero-e-Inmaculada-Rodriguez-01.jpeg\",\"datePublished\":\"2025-04-05T13:04:39+00:00\",\"description\":\"Os deputados do Grupo Popular Miguel Viso e Cristina Campero anunciaron hoxe a presentaci\u00f3n no Parlamento de Galicia dunha iniciativa a trav\u00e9s da que se demanda ao Goberno de Espa\u00f1a que impulse dunha vez a execuci\u00f3n da autov\u00eda A-76 entre Ourense e Ponferrada, por tratarse dunha infraestrutura estrat\u00e9xica para acceder \u00e1 Meseta desde o interior da Comunidade galega, vertebrando as comarcas de Valdeorras, Quiroga e Lemos das provincias de Lugo e Ourense.\",\"breadcrumb\":{\"@id\":\"https:\\\/\\\/ppdegalicia.com\\\/es\\\/o-ppdeg-demanda-ao-goberno-de-espana-que-impulse-dunha-vez-a-execucion-da-autovia-a-76-entre-ourense-e-ponferrada\\\/#breadcrumb\"},\"inLanguage\":\"es\",\"potentialAction\":[{\"@type\":\"ReadAction\",\"target\":[\"https:\\\/\\\/ppdegalicia.com\\\/es\\\/o-ppdeg-demanda-ao-goberno-de-espana-que-impulse-dunha-vez-a-execucion-da-autovia-a-76-entre-ourense-e-ponferrada\\\/\"]}]},{\"@type\":\"ImageObject\",\"inLanguage\":\"es\",\"@id\":\"https:\\\/\\\/ppdegalicia.com\\\/es\\\/o-ppdeg-demanda-ao-goberno-de-espana-que-impulse-dunha-vez-a-execucion-da-autovia-a-76-entre-ourense-e-ponferrada\\\/#primaryimage\",\"url\":\"https:\\\/\\\/ppdegalicia.com\\\/wp-content\\\/uploads\\\/2025\\\/04\\\/MIguel-Viso-Cristina-Campero-e-Inmaculada-Rodriguez-01.jpeg\",\"contentUrl\":\"https:\\\/\\\/ppdegalicia.com\\\/wp-content\\\/uploads\\\/2025\\\/04\\\/MIguel-Viso-Cristina-Campero-e-Inmaculada-Rodriguez-01.jpeg\",\"width\":1324,\"height\":980},{\"@type\":\"BreadcrumbList\",\"@id\":\"https:\\\/\\\/ppdegalicia.com\\\/es\\\/o-ppdeg-demanda-ao-goberno-de-espana-que-impulse-dunha-vez-a-execucion-da-autovia-a-76-entre-ourense-e-ponferrada\\\/#breadcrumb\",\"itemListElement\":[{\"@type\":\"ListItem\",\"position\":1,\"name\":\"Portada\",\"item\":\"https:\\\/\\\/ppdegalicia.com\\\/es\\\/\"},{\"@type\":\"ListItem\",\"position\":2,\"name\":\"O PPdeG demanda ao Goberno de Espa\u00f1a que impulse dunha vez a execuci\u00f3n da autov\u00eda A-76 entre Ourense e Ponferrada\"}]},{\"@type\":\"WebSite\",\"@id\":\"https:\\\/\\\/ppdegalicia.com\\\/es\\\/#website\",\"url\":\"https:\\\/\\\/ppdegalicia.com\\\/es\\\/\",\"name\":\"Partido Popular de Galicia\",\"description\":\"Partido Popular de Galicia\",\"publisher\":{\"@id\":\"https:\\\/\\\/ppdegalicia.com\\\/es\\\/#organization\"},\"alternateName\":\"PP de Galicia\",\"potentialAction\":[{\"@type\":\"SearchAction\",\"target\":{\"@type\":\"EntryPoint\",\"urlTemplate\":\"https:\\\/\\\/ppdegalicia.com\\\/es\\\/?s={search_term_string}\"},\"query-input\":{\"@type\":\"PropertyValueSpecification\",\"valueRequired\":true,\"valueName\":\"search_term_string\"}}],\"inLanguage\":\"es\"},{\"@type\":\"Organization\",\"@id\":\"https:\\\/\\\/ppdegalicia.com\\\/es\\\/#organization\",\"name\":\"Partido Popular de Galicia\",\"alternateName\":\"PP de Galicia\",\"url\":\"https:\\\/\\\/ppdegalicia.com\\\/es\\\/\",\"logo\":{\"@type\":\"ImageObject\",\"inLanguage\":\"es\",\"@id\":\"https:\\\/\\\/ppdegalicia.com\\\/es\\\/#\\\/schema\\\/logo\\\/image\\\/\",\"url\":\"https:\\\/\\\/ppdegalicia.com\\\/wp-content\\\/uploads\\\/2023\\\/04\\\/logoPP512.png\",\"contentUrl\":\"https:\\\/\\\/ppdegalicia.com\\\/wp-content\\\/uploads\\\/2023\\\/04\\\/logoPP512.png\",\"width\":512,\"height\":512,\"caption\":\"Partido Popular de Galicia\"},\"image\":{\"@id\":\"https:\\\/\\\/ppdegalicia.com\\\/es\\\/#\\\/schema\\\/logo\\\/image\\\/\"},\"sameAs\":[\"https:\\\/\\\/www.instagram.com\\\/ppdegalicia\\\/\",\"https:\\\/\\\/x.com\\\/ppdegalicia\",\"https:\\\/\\\/www.tiktok.com\\\/@ppdegalicia\",\"https:\\\/\\\/www.youtube.com\\\/user\\\/ppdegalicia\"]},{\"@type\":\"Person\",\"@id\":\"https:\\\/\\\/ppdegalicia.com\\\/es\\\/#\\\/schema\\\/person\\\/5b822c6f59e872ebdd1142f307dbcb59\",\"name\":\"ppdegaliciaredes\",\"image\":{\"@type\":\"ImageObject\",\"inLanguage\":\"es\",\"@id\":\"https:\\\/\\\/secure.gravatar.com\\\/avatar\\\/3c9179cf0256d00c72a48d1f25783c58b6842cd56e85ef3a572881c8e28ccd59?s=96&d=mm&r=g\",\"url\":\"https:\\\/\\\/secure.gravatar.com\\\/avatar\\\/3c9179cf0256d00c72a48d1f25783c58b6842cd56e85ef3a572881c8e28ccd59?s=96&d=mm&r=g\",\"contentUrl\":\"https:\\\/\\\/secure.gravatar.com\\\/avatar\\\/3c9179cf0256d00c72a48d1f25783c58b6842cd56e85ef3a572881c8e28ccd59?s=96&d=mm&r=g\",\"caption\":\"ppdegaliciaredes\"},\"url\":\"https:\\\/\\\/ppdegalicia.com\\\/es\\\/author\\\/ppdegaliciaredes\\\/\"}]}<\/script>\n<!-- \/ Yoast SEO plugin. -->","yoast_head_json":{"title":"O PPdeG demanda ao Goberno de Espa\u00f1a que impulse dunha vez a execuci\u00f3n da autov\u00eda A-76 entre Ourense e Ponferrada - PP de Galicia","description":"Os deputados do Grupo Popular Miguel Viso e Cristina Campero anunciaron hoxe a presentaci\u00f3n no Parlamento de Galicia dunha iniciativa a trav\u00e9s da que se demanda ao Goberno de Espa\u00f1a que impulse dunha vez a execuci\u00f3n da autov\u00eda A-76 entre Ourense e Ponferrada, por tratarse dunha infraestrutura estrat\u00e9xica para acceder \u00e1 Meseta desde o interior da Comunidade galega, vertebrando as comarcas de Valdeorras, Quiroga e Lemos das provincias de Lugo e Ourense.","robots":{"index":"index","follow":"follow","max-snippet":"max-snippet:-1","max-image-preview":"max-image-preview:large","max-video-preview":"max-video-preview:-1"},"canonical":"https:\/\/ppdegalicia.com\/es\/o-ppdeg-demanda-ao-goberno-de-espana-que-impulse-dunha-vez-a-execucion-da-autovia-a-76-entre-ourense-e-ponferrada\/","og_locale":"es_ES","og_type":"article","og_title":"O PPdeG demanda ao Goberno de Espa\u00f1a que impulse dunha vez a execuci\u00f3n da autov\u00eda A-76 entre Ourense e Ponferrada - PP de Galicia","og_description":"Os deputados do Grupo Popular Miguel Viso e Cristina Campero anunciaron hoxe a presentaci\u00f3n no Parlamento de Galicia dunha iniciativa a trav\u00e9s da que se demanda ao Goberno de Espa\u00f1a que impulse dunha vez a execuci\u00f3n da autov\u00eda A-76 entre Ourense e Ponferrada, por tratarse dunha infraestrutura estrat\u00e9xica para acceder \u00e1 Meseta desde o interior da Comunidade galega, vertebrando as comarcas de Valdeorras, Quiroga e Lemos das provincias de Lugo e Ourense.","og_url":"https:\/\/ppdegalicia.com\/es\/o-ppdeg-demanda-ao-goberno-de-espana-que-impulse-dunha-vez-a-execucion-da-autovia-a-76-entre-ourense-e-ponferrada\/","og_site_name":"PP de Galicia","article_publisher":"https:\/\/www.instagram.com\/ppdegalicia\/","article_published_time":"2025-04-05T13:04:39+00:00","og_image":[{"width":1324,"height":980,"url":"https:\/\/ppdegalicia.com\/wp-content\/uploads\/2025\/04\/MIguel-Viso-Cristina-Campero-e-Inmaculada-Rodriguez-01.jpeg","type":"image\/jpeg"}],"author":"ppdegaliciaredes","twitter_card":"summary_large_image","twitter_creator":"@ppdegalicia","twitter_site":"@ppdegalicia","twitter_misc":{"Escrito por":"ppdegaliciaredes","Tiempo de lectura":"2 minutos"},"schema":{"@context":"https:\/\/schema.org","@graph":[{"@type":"Article","@id":"https:\/\/ppdegalicia.com\/es\/o-ppdeg-demanda-ao-goberno-de-espana-que-impulse-dunha-vez-a-execucion-da-autovia-a-76-entre-ourense-e-ponferrada\/#article","isPartOf":{"@id":"https:\/\/ppdegalicia.com\/es\/o-ppdeg-demanda-ao-goberno-de-espana-que-impulse-dunha-vez-a-execucion-da-autovia-a-76-entre-ourense-e-ponferrada\/"},"author":{"name":"ppdegaliciaredes","@id":"https:\/\/ppdegalicia.com\/es\/#\/schema\/person\/5b822c6f59e872ebdd1142f307dbcb59"},"headline":"O PPdeG demanda ao Goberno de Espa\u00f1a que impulse dunha vez a execuci\u00f3n da autov\u00eda A-76 entre Ourense e Ponferrada","datePublished":"2025-04-05T13:04:39+00:00","mainEntityOfPage":{"@id":"https:\/\/ppdegalicia.com\/es\/o-ppdeg-demanda-ao-goberno-de-espana-que-impulse-dunha-vez-a-execucion-da-autovia-a-76-entre-ourense-e-ponferrada\/"},"wordCount":366,"publisher":{"@id":"https:\/\/ppdegalicia.com\/es\/#organization"},"image":{"@id":"https:\/\/ppdegalicia.com\/es\/o-ppdeg-demanda-ao-goberno-de-espana-que-impulse-dunha-vez-a-execucion-da-autovia-a-76-entre-ourense-e-ponferrada\/#primaryimage"},"thumbnailUrl":"https:\/\/ppdegalicia.com\/wp-content\/uploads\/2025\/04\/MIguel-Viso-Cristina-Campero-e-Inmaculada-Rodriguez-01.jpeg","articleSection":["Parlamento de Galicia"],"inLanguage":"es"},{"@type":"WebPage","@id":"https:\/\/ppdegalicia.com\/es\/o-ppdeg-demanda-ao-goberno-de-espana-que-impulse-dunha-vez-a-execucion-da-autovia-a-76-entre-ourense-e-ponferrada\/","url":"https:\/\/ppdegalicia.com\/es\/o-ppdeg-demanda-ao-goberno-de-espana-que-impulse-dunha-vez-a-execucion-da-autovia-a-76-entre-ourense-e-ponferrada\/","name":"O PPdeG demanda ao Goberno de Espa\u00f1a que impulse dunha vez a execuci\u00f3n da autov\u00eda A-76 entre Ourense e Ponferrada - PP de Galicia","isPartOf":{"@id":"https:\/\/ppdegalicia.com\/es\/#website"},"primaryImageOfPage":{"@id":"https:\/\/ppdegalicia.com\/es\/o-ppdeg-demanda-ao-goberno-de-espana-que-impulse-dunha-vez-a-execucion-da-autovia-a-76-entre-ourense-e-ponferrada\/#primaryimage"},"image":{"@id":"https:\/\/ppdegalicia.com\/es\/o-ppdeg-demanda-ao-goberno-de-espana-que-impulse-dunha-vez-a-execucion-da-autovia-a-76-entre-ourense-e-ponferrada\/#primaryimage"},"thumbnailUrl":"https:\/\/ppdegalicia.com\/wp-content\/uploads\/2025\/04\/MIguel-Viso-Cristina-Campero-e-Inmaculada-Rodriguez-01.jpeg","datePublished":"2025-04-05T13:04:39+00:00","description":"Os deputados do Grupo Popular Miguel Viso e Cristina Campero anunciaron hoxe a presentaci\u00f3n no Parlamento de Galicia dunha iniciativa a trav\u00e9s da que se demanda ao Goberno de Espa\u00f1a que impulse dunha vez a execuci\u00f3n da autov\u00eda A-76 entre Ourense e Ponferrada, por tratarse dunha infraestrutura estrat\u00e9xica para acceder \u00e1 Meseta desde o interior da Comunidade galega, vertebrando as comarcas de Valdeorras, Quiroga e Lemos das provincias de Lugo e Ourense.","breadcrumb":{"@id":"https:\/\/ppdegalicia.com\/es\/o-ppdeg-demanda-ao-goberno-de-espana-que-impulse-dunha-vez-a-execucion-da-autovia-a-76-entre-ourense-e-ponferrada\/#breadcrumb"},"inLanguage":"es","potentialAction":[{"@type":"ReadAction","target":["https:\/\/ppdegalicia.com\/es\/o-ppdeg-demanda-ao-goberno-de-espana-que-impulse-dunha-vez-a-execucion-da-autovia-a-76-entre-ourense-e-ponferrada\/"]}]},{"@type":"ImageObject","inLanguage":"es","@id":"https:\/\/ppdegalicia.com\/es\/o-ppdeg-demanda-ao-goberno-de-espana-que-impulse-dunha-vez-a-execucion-da-autovia-a-76-entre-ourense-e-ponferrada\/#primaryimage","url":"https:\/\/ppdegalicia.com\/wp-content\/uploads\/2025\/04\/MIguel-Viso-Cristina-Campero-e-Inmaculada-Rodriguez-01.jpeg","contentUrl":"https:\/\/ppdegalicia.com\/wp-content\/uploads\/2025\/04\/MIguel-Viso-Cristina-Campero-e-Inmaculada-Rodriguez-01.jpeg","width":1324,"height":980},{"@type":"BreadcrumbList","@id":"https:\/\/ppdegalicia.com\/es\/o-ppdeg-demanda-ao-goberno-de-espana-que-impulse-dunha-vez-a-execucion-da-autovia-a-76-entre-ourense-e-ponferrada\/#breadcrumb","itemListElement":[{"@type":"ListItem","position":1,"name":"Portada","item":"https:\/\/ppdegalicia.com\/es\/"},{"@type":"ListItem","position":2,"name":"O PPdeG demanda ao Goberno de Espa\u00f1a que impulse dunha vez a execuci\u00f3n da autov\u00eda A-76 entre Ourense e Ponferrada"}]},{"@type":"WebSite","@id":"https:\/\/ppdegalicia.com\/es\/#website","url":"https:\/\/ppdegalicia.com\/es\/","name":"Partido Popular de Galicia","description":"Partido Popular de Galicia","publisher":{"@id":"https:\/\/ppdegalicia.com\/es\/#organization"},"alternateName":"PP de Galicia","potentialAction":[{"@type":"SearchAction","target":{"@type":"EntryPoint","urlTemplate":"https:\/\/ppdegalicia.com\/es\/?s={search_term_string}"},"query-input":{"@type":"PropertyValueSpecification","valueRequired":true,"valueName":"search_term_string"}}],"inLanguage":"es"},{"@type":"Organization","@id":"https:\/\/ppdegalicia.com\/es\/#organization","name":"Partido Popular de Galicia","alternateName":"PP de Galicia","url":"https:\/\/ppdegalicia.com\/es\/","logo":{"@type":"ImageObject","inLanguage":"es","@id":"https:\/\/ppdegalicia.com\/es\/#\/schema\/logo\/image\/","url":"https:\/\/ppdegalicia.com\/wp-content\/uploads\/2023\/04\/logoPP512.png","contentUrl":"https:\/\/ppdegalicia.com\/wp-content\/uploads\/2023\/04\/logoPP512.png","width":512,"height":512,"caption":"Partido Popular de Galicia"},"image":{"@id":"https:\/\/ppdegalicia.com\/es\/#\/schema\/logo\/image\/"},"sameAs":["https:\/\/www.instagram.com\/ppdegalicia\/","https:\/\/x.com\/ppdegalicia","https:\/\/www.tiktok.com\/@ppdegalicia","https:\/\/www.youtube.com\/user\/ppdegalicia"]},{"@type":"Person","@id":"https:\/\/ppdegalicia.com\/es\/#\/schema\/person\/5b822c6f59e872ebdd1142f307dbcb59","name":"ppdegaliciaredes","image":{"@type":"ImageObject","inLanguage":"es","@id":"https:\/\/secure.gravatar.com\/avatar\/3c9179cf0256d00c72a48d1f25783c58b6842cd56e85ef3a572881c8e28ccd59?s=96&d=mm&r=g","url":"https:\/\/secure.gravatar.com\/avatar\/3c9179cf0256d00c72a48d1f25783c58b6842cd56e85ef3a572881c8e28ccd59?s=96&d=mm&r=g","contentUrl":"https:\/\/secure.gravatar.com\/avatar\/3c9179cf0256d00c72a48d1f25783c58b6842cd56e85ef3a572881c8e28ccd59?s=96&d=mm&r=g","caption":"ppdegaliciaredes"},"url":"https:\/\/ppdegalicia.com\/es\/author\/ppdegaliciaredes\/"}]}},"_links":{"self":[{"href":"https:\/\/ppdegalicia.com\/es\/wp-json\/wp\/v2\/posts\/66511","targetHints":{"allow":["GET"]}}],"collection":[{"href":"https:\/\/ppdegalicia.com\/es\/wp-json\/wp\/v2\/posts"}],"about":[{"href":"https:\/\/ppdegalicia.com\/es\/wp-json\/wp\/v2\/types\/post"}],"author":[{"embeddable":true,"href":"https:\/\/ppdegalicia.com\/es\/wp-json\/wp\/v2\/users\/38"}],"replies":[{"embeddable":true,"href":"https:\/\/ppdegalicia.com\/es\/wp-json\/wp\/v2\/comments?post=66511"}],"version-history":[{"count":1,"href":"https:\/\/ppdegalicia.com\/es\/wp-json\/wp\/v2\/posts\/66511\/revisions"}],"predecessor-version":[{"id":66514,"href":"https:\/\/ppdegalicia.com\/es\/wp-json\/wp\/v2\/posts\/66511\/revisions\/66514"}],"wp:featuredmedia":[{"embeddable":true,"href":"https:\/\/ppdegalicia.com\/es\/wp-json\/wp\/v2\/media\/66512"}],"wp:attachment":[{"href":"https:\/\/ppdegalicia.com\/es\/wp-json\/wp\/v2\/media?parent=66511"}],"wp:term":[{"taxonomy":"category","embeddable":true,"href":"https:\/\/ppdegalicia.com\/es\/wp-json\/wp\/v2\/categories?post=66511"},{"taxonomy":"post_tag","embeddable":true,"href":"https:\/\/ppdegalicia.com\/es\/wp-json\/wp\/v2\/tags?post=66511"}],"curies":[{"name":"wp","href":"https:\/\/api.w.org\/{rel}","templated":true}]}}