{"id":66607,"date":"2025-04-11T13:51:06","date_gmt":"2025-04-11T12:51:06","guid":{"rendered":"https:\/\/ppdegalicia.com\/?p=66607"},"modified":"2025-04-11T13:54:56","modified_gmt":"2025-04-11T12:54:56","slug":"alberto-pazos-afirma-que-a-celebracion-do-debate-de-politica-xeral-e-mostra-da-normalidade-politica-e-a-transparencia-do-goberno-galego-fronte-a-un-pedro-sanchez-que-so-realizou-un-en-sete-anos","status":"publish","type":"post","link":"https:\/\/ppdegalicia.com\/es\/alberto-pazos-afirma-que-a-celebracion-do-debate-de-politica-xeral-e-mostra-da-normalidade-politica-e-a-transparencia-do-goberno-galego-fronte-a-un-pedro-sanchez-que-so-realizou-un-en-sete-anos\/","title":{"rendered":"Alberto Pazos afirma que a celebraci\u00f3n do Debate de Pol\u00edtica Xeral \u00e9 mostra da normalidade pol\u00edtica e a transparencia do Goberno galego, fronte a un Pedro S\u00e1nchez que s\u00f3 realizou un en sete anos"},"content":{"rendered":"<p>O portavoz do Grupo Popular, Alberto Pazos, afirmou hoxe que a pr\u00f3xima celebraci\u00f3n do Debate sobre o Estado da Autonom\u00eda \u201c\u00e9 unha mostra m\u00e1is da importancia de contar en Galicia cun Goberno que da estabilidade pol\u00edtica, respecta a normalidade democr\u00e1tica e defende a transparencia nas s\u00faas acci\u00f3ns, todo o contrario do Goberno de Pedro S\u00e1nchez, que s\u00f3 celebrou un Debate de Pol\u00edtica Xeral nos sete anos que leva de presidente\u201d.<\/p>\n<p>As\u00ed mesmo, avanzou que, despois de asinar a transferencia das competencias sobre o litoral galego, \u201cseguiremos traballando para ampliar o autogoberno de Galicia, coa cesi\u00f3n de novos traspasos como a AP-9, os servizos de meteorolox\u00eda, a homologaci\u00f3n de t\u00edtulos e a axilizaci\u00f3n dos permisos de residencia, ou a xesti\u00f3n do ingreso m\u00ednimo vital\u201d.<\/p>\n<p>Alberto Pazos comezou a s\u00faa comparecencia ante os medios amosando a s\u00faa satisfacci\u00f3n pola resoluci\u00f3n do problema laboral que viviu a factor\u00eda de Sargadelos en Cervo, \u201cunha soluci\u00f3n na que tivo unha importancia vital a implicaci\u00f3n da Xunta de Galicia, a trav\u00e9s da Conseller\u00eda de Emprego, que conseguiu convencer ao propietario da empresa para que a actividade na f\u00e1brica volver\u00e1 \u00e1 normalidade\u201d. \u201cO Goberno galego seguir\u00e1 mantendo contacto directo cos responsables de Sargadelos para implantar nas instalaci\u00f3ns todas as melloras que sexan necesarias para a protecci\u00f3n da sa\u00fade dos traballadores, ao mesmo tempo que solicitar\u00e1 \u00e1 Inspecci\u00f3n de Traballo a m\u00e1xima flexibilidade, dentro da legalidade, para que este emblema hist\u00f3rico, cultural e econ\u00f3mico de Galicia poida continuar coa s\u00faa produci\u00f3n\u201d, indicou.<\/p>\n<p>Respecto da solicitude feita polo propio Presidente Alfonso Rueda para a celebraci\u00f3n o m\u00e1is pronto posible despois da Semana Santa do Debate sobre o Estado da Autonom\u00eda, o portavoz popular afirmou que esta sesi\u00f3n \u201cservir\u00e1 para contrastar o moito que o Goberno galego ten feito xa neste primeiro ano de lexislatura e os novos proxectos que afrontar\u00e1 a curto e medio prazo para dar cumprimento ao recollido no seu programa electoral co que se presentou \u00e1s elecci\u00f3ns auton\u00f3micas do pasado ano, fronte \u00e1 demagoxia e \u00e1s falsidades que adoitan utilizar tanto o BNG como o PSdeG para esconder a s\u00faa falta de proxecto pol\u00edtico, que se reduce \u00e1 celebraci\u00f3n de algaradas continuas para tensionar a r\u00faa e dar a sensaci\u00f3n dunha intensa conflitividade social que, en realidade, non existe entre a inmensa maior\u00eda dos galegos\u201d.<\/p>\n<p>O portavoz popular salientou \u201ca normalidade democr\u00e1tica\u201d que se vive en Galicia coa celebraci\u00f3n cada ano do Debate de Pol\u00edtica Xeral, unha situaci\u00f3n que comparou coa situaci\u00f3n que se vive a nivel estatal, onde o Goberno de Pedro S\u00e1nchez s\u00f3 celebrou un Debate sobre o Estado da Naci\u00f3n nos sete anos que leva de presidente. \u201cEsta situaci\u00f3n motivou que o Grupo Popular no Congreso presentara unha proposici\u00f3n de lei no Congreso para obrigar \u00e1 celebraci\u00f3n cada ano dun Debate sobre o Estado da Naci\u00f3n, do mesmo xeito que implantou Alberto N\u00fa\u00f1ez Feij\u00f3o en Galicia hai 10 anos\u201d, explicou.<\/p>\n<p><strong>COMPETENCIA DESDE A ADMINISTRACI\u00d3N M\u00c1IS PR\u00d3XIMA<\/strong><\/p>\n<p>Alberto Pazos tam\u00e9n se referiu \u00e1 sinatura o pasado m\u00e9rcores do traspaso a Galicia das competencias sobre o litoral, \u201cque levamos varios anos esperando e que, desde o vindeiro 1 de xullo, exerceremos con total responsabilidade, respectando a legalidade e,mellorando a xesti\u00f3n do noso litoral, ao adoptar as decisi\u00f3ns desde unha administraci\u00f3n m\u00e1is pr\u00f3xima e que mellor co\u00f1ece a s\u00faa riqueza econ\u00f3mica, social e cultural, e a conservaci\u00f3n do noso medio ambiente\u201d.<\/p>\n<p>Neste sentido, criticou \u201co desprezo\u201d co que acolleron BNG e PSdeG este traspaso, que se traduciu na \u201causencia inxustificable dos seus l\u00edderes no acto de sinatura celebrado no Pazo de Raxoi, despois de que puxeran todos os atrancos posibles para atrasar ou impedir a transferencia, chegando ao punto de que o propio Goberno de Pedro S\u00e1nchez considerou esta demanda \u2018case como unha declaraci\u00f3n de independencia\u2019\u201d.<\/p>\n<p>\u201cPero tam\u00e9n hai que lembrar que o BNG cansouse de pedir no Parlamento galego que esta transferencia se fixera a trav\u00e9s dunha reforma no Congreso do Estatuto de Autonom\u00eda, unha proposta que tam\u00e9n apoiaron os socialistas galegos e que puxo de manifesto a s\u00faa propia divisi\u00f3n interna entre os que apoiaban a Lei impulsada polo Goberno galego, como era o caso do ent\u00f3n secretario xeral, Valent\u00edn Gonz\u00e1lez Formoso, e os que, dirixidos polo daquela delegado do Goberno e agora secretario xeral e portavoz neste Parlamento, defend\u00edan que era necesario reformar o Estatuto\u201d, lembrou.<\/p>\n<p>Pazos sinalou que a cesi\u00f3n a Galicia das competencias sobre o litoral \u201cnon vai facer que nos esquezamos doutros traspasos sobre as que o Goberno galego e o Partido Popular de Galicia temos posto o noso obxectivo\u201d. En concreto, referiuse \u00e1 transferencia da AP-9, que lamentablemente xa leva 42 aprazamentos, por decisi\u00f3n da Presidenta socialista da Mesa do Congreso, ao prazo de presentaci\u00f3n de emendas \u00e1 proposici\u00f3n de lei aprobada por unanimidade neste Parlamento galego; as competencias en materia de meteorolox\u00eda, co obxectivo de que este servizo se preste dun xeito m\u00e1is racional e desde unha rede de estaci\u00f3ns moito m\u00e1is ampla que a que ten en Galicia a Axencia Estatal de Meteorolox\u00eda; a transferencia na homologaci\u00f3n de t\u00edtulos e a axilizaci\u00f3n dos permisos de residencia e traballo, para facilitar a incorporaci\u00f3n de estranxeiros ao mercado laboral galego, sobre todo naqueles sectores que est\u00e1n demandando urxentemente man de obra e profesionais; e a xesti\u00f3n do ingreso m\u00ednimo vital, unha cuesti\u00f3n que seguimos esperando desde hai tres anos para compatibilizar esta prestaci\u00f3n coa nosa Risga.<\/p>\n<p><strong>RECTIFICAR O MAPA DE TRANSPORTE P\u00daBLICO POR ESTRADA<\/strong><\/p>\n<p>Por \u00faltimo, Alberto Pazos salientou a aprobaci\u00f3n onte no Congreso da proposta do Grupo Popular, sen votos en contra, para que o Goberno de Pedro S\u00e1nchez reconsidere e rectifique a s\u00faa proposta do novo mapa concesional de transporte por estrada, que ten uns evidentes prexu\u00edzos de importancia para os galegos porque deixa illados a m\u00e1is dunha vintena de concellos, con m\u00e1is de 130.000 habitantes; elimina 87 paradas nas catro provincias; reduce un cento de conexi\u00f3ns entre os concellos galegos e m\u00e1is de 70 con outras comunidades aut\u00f3nomas; e deixa localidades galegas sen paradas nas rutas estatais, obrigando aos viaxeiros a facer transbordos francamente innecesarios.<\/p>\n<p>\u201cPedimos ao Goberno de Pedro S\u00e1nchez que reco\u00f1eza o seu erro e retire o plan previsto, convocando urxentemente a Conferencia Sectorial de Transportes, que leva desde o ano 2022 sen reunirse, para, en coordinaci\u00f3n coas comunidades aut\u00f3nomas, elaborar un novo plan que realmente mellore a prestaci\u00f3n dos servizos de transporte p\u00fablico aos cidad\u00e1ns\u201d, demandou.<\/p>\n","protected":false},"excerpt":{"rendered":"<p>O portavoz do Grupo Popular, Alberto Pazos, afirmou hoxe que a pr\u00f3xima celebraci\u00f3n do Debate sobre o Estado da Autonom\u00eda \u201c\u00e9 unha mostra m\u00e1is da importancia de contar en Galicia cun Goberno que da estabilidade pol\u00edtica, respecta a normalidade democr\u00e1tica e defende a transparencia nas s\u00faas acci\u00f3ns, todo o contrario do Goberno de Pedro S\u00e1nchez, [&hellip;]<\/p>\n","protected":false},"author":38,"featured_media":66611,"comment_status":"closed","ping_status":"open","sticky":false,"template":"","format":"standard","meta":{"_acf_changed":false,"footnotes":""},"categories":[1128],"tags":[],"class_list":["post-66607","post","type-post","status-publish","format-standard","has-post-thumbnail","hentry","category-actualidad-parlamento-de-galicia"],"acf":[],"yoast_head":"<!-- This site is optimized with the Yoast SEO plugin v27.3 - https:\/\/yoast.com\/product\/yoast-seo-wordpress\/ -->\n<title>Alberto Pazos afirma que a celebraci\u00f3n do Debate de Pol\u00edtica Xeral \u00e9 mostra da normalidade pol\u00edtica e a transparencia do Goberno galego, fronte a un Pedro S\u00e1nchez que s\u00f3 realizou un en sete anos - PP de Galicia<\/title>\n<meta name=\"description\" content=\"O portavoz do Grupo Popular, Alberto Pazos, afirmou hoxe que a pr\u00f3xima celebraci\u00f3n do Debate sobre o Estado da Autonom\u00eda \u201c\u00e9 unha mostra m\u00e1is da importancia de contar en Galicia cun Goberno que da estabilidade pol\u00edtica, respecta a normalidade democr\u00e1tica e defende a transparencia nas s\u00faas acci\u00f3ns, todo o contrario do Goberno de Pedro S\u00e1nchez, que s\u00f3 celebrou un Debate de Pol\u00edtica Xeral nos sete anos que leva de presidente\u201d.As\u00ed mesmo, avanzou que, despois de asinar a transferencia das competencias sobre o litoral galego, \u201cseguiremos traballando para ampliar o autogoberno de Galicia, coa cesi\u00f3n de novos traspasos como a AP-9, os servizos de meteorolox\u00eda, a homologaci\u00f3n de t\u00edtulos e a axilizaci\u00f3n dos permisos de residencia, ou a xesti\u00f3n do ingreso m\u00ednimo vital\u201d.\" \/>\n<meta name=\"robots\" content=\"index, follow, max-snippet:-1, max-image-preview:large, max-video-preview:-1\" \/>\n<link rel=\"canonical\" href=\"https:\/\/ppdegalicia.com\/es\/alberto-pazos-afirma-que-a-celebracion-do-debate-de-politica-xeral-e-mostra-da-normalidade-politica-e-a-transparencia-do-goberno-galego-fronte-a-un-pedro-sanchez-que-so-realizou-un-en-sete-anos\/\" \/>\n<meta property=\"og:locale\" content=\"es_ES\" \/>\n<meta property=\"og:type\" content=\"article\" \/>\n<meta property=\"og:title\" content=\"Alberto Pazos afirma que a celebraci\u00f3n do Debate de Pol\u00edtica Xeral \u00e9 mostra da normalidade pol\u00edtica e a transparencia do Goberno galego, fronte a un Pedro S\u00e1nchez que s\u00f3 realizou un en sete anos - PP de Galicia\" \/>\n<meta property=\"og:description\" content=\"O portavoz do Grupo Popular, Alberto Pazos, afirmou hoxe que a pr\u00f3xima celebraci\u00f3n do Debate sobre o Estado da Autonom\u00eda \u201c\u00e9 unha mostra m\u00e1is da importancia de contar en Galicia cun Goberno que da estabilidade pol\u00edtica, respecta a normalidade democr\u00e1tica e defende a transparencia nas s\u00faas acci\u00f3ns, todo o contrario do Goberno de Pedro S\u00e1nchez, que s\u00f3 celebrou un Debate de Pol\u00edtica Xeral nos sete anos que leva de presidente\u201d.As\u00ed mesmo, avanzou que, despois de asinar a transferencia das competencias sobre o litoral galego, \u201cseguiremos traballando para ampliar o autogoberno de Galicia, coa cesi\u00f3n de novos traspasos como a AP-9, os servizos de meteorolox\u00eda, a homologaci\u00f3n de t\u00edtulos e a axilizaci\u00f3n dos permisos de residencia, ou a xesti\u00f3n do ingreso m\u00ednimo vital\u201d.\" \/>\n<meta property=\"og:url\" content=\"https:\/\/ppdegalicia.com\/es\/alberto-pazos-afirma-que-a-celebracion-do-debate-de-politica-xeral-e-mostra-da-normalidade-politica-e-a-transparencia-do-goberno-galego-fronte-a-un-pedro-sanchez-que-so-realizou-un-en-sete-anos\/\" \/>\n<meta property=\"og:site_name\" content=\"PP de Galicia\" \/>\n<meta property=\"article:publisher\" content=\"https:\/\/www.instagram.com\/ppdegalicia\/\" \/>\n<meta property=\"article:published_time\" content=\"2025-04-11T12:51:06+00:00\" \/>\n<meta property=\"article:modified_time\" content=\"2025-04-11T12:54:56+00:00\" \/>\n<meta property=\"og:image\" content=\"https:\/\/ppdegalicia.com\/wp-content\/uploads\/2025\/04\/20250411_APazos_rdp13-scaled.jpg\" \/>\n\t<meta property=\"og:image:width\" content=\"2560\" \/>\n\t<meta property=\"og:image:height\" content=\"1707\" \/>\n\t<meta property=\"og:image:type\" content=\"image\/jpeg\" \/>\n<meta name=\"author\" content=\"ppdegaliciaredes\" \/>\n<meta name=\"twitter:card\" content=\"summary_large_image\" \/>\n<meta name=\"twitter:creator\" content=\"@ppdegalicia\" \/>\n<meta name=\"twitter:site\" content=\"@ppdegalicia\" \/>\n<meta name=\"twitter:label1\" content=\"Escrito por\" \/>\n\t<meta name=\"twitter:data1\" content=\"ppdegaliciaredes\" \/>\n\t<meta name=\"twitter:label2\" content=\"Tiempo de lectura\" \/>\n\t<meta name=\"twitter:data2\" content=\"6 minutos\" \/>\n<script type=\"application\/ld+json\" class=\"yoast-schema-graph\">{\"@context\":\"https:\\\/\\\/schema.org\",\"@graph\":[{\"@type\":\"Article\",\"@id\":\"https:\\\/\\\/ppdegalicia.com\\\/es\\\/alberto-pazos-afirma-que-a-celebracion-do-debate-de-politica-xeral-e-mostra-da-normalidade-politica-e-a-transparencia-do-goberno-galego-fronte-a-un-pedro-sanchez-que-so-realizou-un-en-sete-anos\\\/#article\",\"isPartOf\":{\"@id\":\"https:\\\/\\\/ppdegalicia.com\\\/es\\\/alberto-pazos-afirma-que-a-celebracion-do-debate-de-politica-xeral-e-mostra-da-normalidade-politica-e-a-transparencia-do-goberno-galego-fronte-a-un-pedro-sanchez-que-so-realizou-un-en-sete-anos\\\/\"},\"author\":{\"name\":\"ppdegaliciaredes\",\"@id\":\"https:\\\/\\\/ppdegalicia.com\\\/es\\\/#\\\/schema\\\/person\\\/5b822c6f59e872ebdd1142f307dbcb59\"},\"headline\":\"Alberto Pazos afirma que a celebraci\u00f3n do Debate de Pol\u00edtica Xeral \u00e9 mostra da normalidade pol\u00edtica e a transparencia do Goberno galego, fronte a un Pedro S\u00e1nchez que s\u00f3 realizou un en sete anos\",\"datePublished\":\"2025-04-11T12:51:06+00:00\",\"dateModified\":\"2025-04-11T12:54:56+00:00\",\"mainEntityOfPage\":{\"@id\":\"https:\\\/\\\/ppdegalicia.com\\\/es\\\/alberto-pazos-afirma-que-a-celebracion-do-debate-de-politica-xeral-e-mostra-da-normalidade-politica-e-a-transparencia-do-goberno-galego-fronte-a-un-pedro-sanchez-que-so-realizou-un-en-sete-anos\\\/\"},\"wordCount\":1198,\"publisher\":{\"@id\":\"https:\\\/\\\/ppdegalicia.com\\\/es\\\/#organization\"},\"image\":{\"@id\":\"https:\\\/\\\/ppdegalicia.com\\\/es\\\/alberto-pazos-afirma-que-a-celebracion-do-debate-de-politica-xeral-e-mostra-da-normalidade-politica-e-a-transparencia-do-goberno-galego-fronte-a-un-pedro-sanchez-que-so-realizou-un-en-sete-anos\\\/#primaryimage\"},\"thumbnailUrl\":\"https:\\\/\\\/ppdegalicia.com\\\/wp-content\\\/uploads\\\/2025\\\/04\\\/20250411_APazos_rdp13-scaled.jpg\",\"articleSection\":[\"Parlamento de Galicia\"],\"inLanguage\":\"es\"},{\"@type\":\"WebPage\",\"@id\":\"https:\\\/\\\/ppdegalicia.com\\\/es\\\/alberto-pazos-afirma-que-a-celebracion-do-debate-de-politica-xeral-e-mostra-da-normalidade-politica-e-a-transparencia-do-goberno-galego-fronte-a-un-pedro-sanchez-que-so-realizou-un-en-sete-anos\\\/\",\"url\":\"https:\\\/\\\/ppdegalicia.com\\\/es\\\/alberto-pazos-afirma-que-a-celebracion-do-debate-de-politica-xeral-e-mostra-da-normalidade-politica-e-a-transparencia-do-goberno-galego-fronte-a-un-pedro-sanchez-que-so-realizou-un-en-sete-anos\\\/\",\"name\":\"Alberto Pazos afirma que a celebraci\u00f3n do Debate de Pol\u00edtica Xeral \u00e9 mostra da normalidade pol\u00edtica e a transparencia do Goberno galego, fronte a un Pedro S\u00e1nchez que s\u00f3 realizou un en sete anos - PP de Galicia\",\"isPartOf\":{\"@id\":\"https:\\\/\\\/ppdegalicia.com\\\/es\\\/#website\"},\"primaryImageOfPage\":{\"@id\":\"https:\\\/\\\/ppdegalicia.com\\\/es\\\/alberto-pazos-afirma-que-a-celebracion-do-debate-de-politica-xeral-e-mostra-da-normalidade-politica-e-a-transparencia-do-goberno-galego-fronte-a-un-pedro-sanchez-que-so-realizou-un-en-sete-anos\\\/#primaryimage\"},\"image\":{\"@id\":\"https:\\\/\\\/ppdegalicia.com\\\/es\\\/alberto-pazos-afirma-que-a-celebracion-do-debate-de-politica-xeral-e-mostra-da-normalidade-politica-e-a-transparencia-do-goberno-galego-fronte-a-un-pedro-sanchez-que-so-realizou-un-en-sete-anos\\\/#primaryimage\"},\"thumbnailUrl\":\"https:\\\/\\\/ppdegalicia.com\\\/wp-content\\\/uploads\\\/2025\\\/04\\\/20250411_APazos_rdp13-scaled.jpg\",\"datePublished\":\"2025-04-11T12:51:06+00:00\",\"dateModified\":\"2025-04-11T12:54:56+00:00\",\"description\":\"O portavoz do Grupo Popular, Alberto Pazos, afirmou hoxe que a pr\u00f3xima celebraci\u00f3n do Debate sobre o Estado da Autonom\u00eda \u201c\u00e9 unha mostra m\u00e1is da importancia de contar en Galicia cun Goberno que da estabilidade pol\u00edtica, respecta a normalidade democr\u00e1tica e defende a transparencia nas s\u00faas acci\u00f3ns, todo o contrario do Goberno de Pedro S\u00e1nchez, que s\u00f3 celebrou un Debate de Pol\u00edtica Xeral nos sete anos que leva de presidente\u201d.As\u00ed mesmo, avanzou que, despois de asinar a transferencia das competencias sobre o litoral galego, \u201cseguiremos traballando para ampliar o autogoberno de Galicia, coa cesi\u00f3n de novos traspasos como a AP-9, os servizos de meteorolox\u00eda, a homologaci\u00f3n de t\u00edtulos e a axilizaci\u00f3n dos permisos de residencia, ou a xesti\u00f3n do ingreso m\u00ednimo vital\u201d.\",\"breadcrumb\":{\"@id\":\"https:\\\/\\\/ppdegalicia.com\\\/es\\\/alberto-pazos-afirma-que-a-celebracion-do-debate-de-politica-xeral-e-mostra-da-normalidade-politica-e-a-transparencia-do-goberno-galego-fronte-a-un-pedro-sanchez-que-so-realizou-un-en-sete-anos\\\/#breadcrumb\"},\"inLanguage\":\"es\",\"potentialAction\":[{\"@type\":\"ReadAction\",\"target\":[\"https:\\\/\\\/ppdegalicia.com\\\/es\\\/alberto-pazos-afirma-que-a-celebracion-do-debate-de-politica-xeral-e-mostra-da-normalidade-politica-e-a-transparencia-do-goberno-galego-fronte-a-un-pedro-sanchez-que-so-realizou-un-en-sete-anos\\\/\"]}]},{\"@type\":\"ImageObject\",\"inLanguage\":\"es\",\"@id\":\"https:\\\/\\\/ppdegalicia.com\\\/es\\\/alberto-pazos-afirma-que-a-celebracion-do-debate-de-politica-xeral-e-mostra-da-normalidade-politica-e-a-transparencia-do-goberno-galego-fronte-a-un-pedro-sanchez-que-so-realizou-un-en-sete-anos\\\/#primaryimage\",\"url\":\"https:\\\/\\\/ppdegalicia.com\\\/wp-content\\\/uploads\\\/2025\\\/04\\\/20250411_APazos_rdp13-scaled.jpg\",\"contentUrl\":\"https:\\\/\\\/ppdegalicia.com\\\/wp-content\\\/uploads\\\/2025\\\/04\\\/20250411_APazos_rdp13-scaled.jpg\",\"width\":2560,\"height\":1707},{\"@type\":\"BreadcrumbList\",\"@id\":\"https:\\\/\\\/ppdegalicia.com\\\/es\\\/alberto-pazos-afirma-que-a-celebracion-do-debate-de-politica-xeral-e-mostra-da-normalidade-politica-e-a-transparencia-do-goberno-galego-fronte-a-un-pedro-sanchez-que-so-realizou-un-en-sete-anos\\\/#breadcrumb\",\"itemListElement\":[{\"@type\":\"ListItem\",\"position\":1,\"name\":\"Portada\",\"item\":\"https:\\\/\\\/ppdegalicia.com\\\/es\\\/\"},{\"@type\":\"ListItem\",\"position\":2,\"name\":\"Alberto Pazos afirma que a celebraci\u00f3n do Debate de Pol\u00edtica Xeral \u00e9 mostra da normalidade pol\u00edtica e a transparencia do Goberno galego, fronte a un Pedro S\u00e1nchez que s\u00f3 realizou un en sete anos\"}]},{\"@type\":\"WebSite\",\"@id\":\"https:\\\/\\\/ppdegalicia.com\\\/es\\\/#website\",\"url\":\"https:\\\/\\\/ppdegalicia.com\\\/es\\\/\",\"name\":\"Partido Popular de Galicia\",\"description\":\"Partido Popular de Galicia\",\"publisher\":{\"@id\":\"https:\\\/\\\/ppdegalicia.com\\\/es\\\/#organization\"},\"alternateName\":\"PP de Galicia\",\"potentialAction\":[{\"@type\":\"SearchAction\",\"target\":{\"@type\":\"EntryPoint\",\"urlTemplate\":\"https:\\\/\\\/ppdegalicia.com\\\/es\\\/?s={search_term_string}\"},\"query-input\":{\"@type\":\"PropertyValueSpecification\",\"valueRequired\":true,\"valueName\":\"search_term_string\"}}],\"inLanguage\":\"es\"},{\"@type\":\"Organization\",\"@id\":\"https:\\\/\\\/ppdegalicia.com\\\/es\\\/#organization\",\"name\":\"Partido Popular de Galicia\",\"alternateName\":\"PP de Galicia\",\"url\":\"https:\\\/\\\/ppdegalicia.com\\\/es\\\/\",\"logo\":{\"@type\":\"ImageObject\",\"inLanguage\":\"es\",\"@id\":\"https:\\\/\\\/ppdegalicia.com\\\/es\\\/#\\\/schema\\\/logo\\\/image\\\/\",\"url\":\"https:\\\/\\\/ppdegalicia.com\\\/wp-content\\\/uploads\\\/2023\\\/04\\\/logoPP512.png\",\"contentUrl\":\"https:\\\/\\\/ppdegalicia.com\\\/wp-content\\\/uploads\\\/2023\\\/04\\\/logoPP512.png\",\"width\":512,\"height\":512,\"caption\":\"Partido Popular de Galicia\"},\"image\":{\"@id\":\"https:\\\/\\\/ppdegalicia.com\\\/es\\\/#\\\/schema\\\/logo\\\/image\\\/\"},\"sameAs\":[\"https:\\\/\\\/www.instagram.com\\\/ppdegalicia\\\/\",\"https:\\\/\\\/x.com\\\/ppdegalicia\",\"https:\\\/\\\/www.tiktok.com\\\/@ppdegalicia\",\"https:\\\/\\\/www.youtube.com\\\/user\\\/ppdegalicia\"]},{\"@type\":\"Person\",\"@id\":\"https:\\\/\\\/ppdegalicia.com\\\/es\\\/#\\\/schema\\\/person\\\/5b822c6f59e872ebdd1142f307dbcb59\",\"name\":\"ppdegaliciaredes\",\"image\":{\"@type\":\"ImageObject\",\"inLanguage\":\"es\",\"@id\":\"https:\\\/\\\/secure.gravatar.com\\\/avatar\\\/3c9179cf0256d00c72a48d1f25783c58b6842cd56e85ef3a572881c8e28ccd59?s=96&d=mm&r=g\",\"url\":\"https:\\\/\\\/secure.gravatar.com\\\/avatar\\\/3c9179cf0256d00c72a48d1f25783c58b6842cd56e85ef3a572881c8e28ccd59?s=96&d=mm&r=g\",\"contentUrl\":\"https:\\\/\\\/secure.gravatar.com\\\/avatar\\\/3c9179cf0256d00c72a48d1f25783c58b6842cd56e85ef3a572881c8e28ccd59?s=96&d=mm&r=g\",\"caption\":\"ppdegaliciaredes\"},\"url\":\"https:\\\/\\\/ppdegalicia.com\\\/es\\\/author\\\/ppdegaliciaredes\\\/\"}]}<\/script>\n<!-- \/ Yoast SEO plugin. -->","yoast_head_json":{"title":"Alberto Pazos afirma que a celebraci\u00f3n do Debate de Pol\u00edtica Xeral \u00e9 mostra da normalidade pol\u00edtica e a transparencia do Goberno galego, fronte a un Pedro S\u00e1nchez que s\u00f3 realizou un en sete anos - PP de Galicia","description":"O portavoz do Grupo Popular, Alberto Pazos, afirmou hoxe que a pr\u00f3xima celebraci\u00f3n do Debate sobre o Estado da Autonom\u00eda \u201c\u00e9 unha mostra m\u00e1is da importancia de contar en Galicia cun Goberno que da estabilidade pol\u00edtica, respecta a normalidade democr\u00e1tica e defende a transparencia nas s\u00faas acci\u00f3ns, todo o contrario do Goberno de Pedro S\u00e1nchez, que s\u00f3 celebrou un Debate de Pol\u00edtica Xeral nos sete anos que leva de presidente\u201d.As\u00ed mesmo, avanzou que, despois de asinar a transferencia das competencias sobre o litoral galego, \u201cseguiremos traballando para ampliar o autogoberno de Galicia, coa cesi\u00f3n de novos traspasos como a AP-9, os servizos de meteorolox\u00eda, a homologaci\u00f3n de t\u00edtulos e a axilizaci\u00f3n dos permisos de residencia, ou a xesti\u00f3n do ingreso m\u00ednimo vital\u201d.","robots":{"index":"index","follow":"follow","max-snippet":"max-snippet:-1","max-image-preview":"max-image-preview:large","max-video-preview":"max-video-preview:-1"},"canonical":"https:\/\/ppdegalicia.com\/es\/alberto-pazos-afirma-que-a-celebracion-do-debate-de-politica-xeral-e-mostra-da-normalidade-politica-e-a-transparencia-do-goberno-galego-fronte-a-un-pedro-sanchez-que-so-realizou-un-en-sete-anos\/","og_locale":"es_ES","og_type":"article","og_title":"Alberto Pazos afirma que a celebraci\u00f3n do Debate de Pol\u00edtica Xeral \u00e9 mostra da normalidade pol\u00edtica e a transparencia do Goberno galego, fronte a un Pedro S\u00e1nchez que s\u00f3 realizou un en sete anos - PP de Galicia","og_description":"O portavoz do Grupo Popular, Alberto Pazos, afirmou hoxe que a pr\u00f3xima celebraci\u00f3n do Debate sobre o Estado da Autonom\u00eda \u201c\u00e9 unha mostra m\u00e1is da importancia de contar en Galicia cun Goberno que da estabilidade pol\u00edtica, respecta a normalidade democr\u00e1tica e defende a transparencia nas s\u00faas acci\u00f3ns, todo o contrario do Goberno de Pedro S\u00e1nchez, que s\u00f3 celebrou un Debate de Pol\u00edtica Xeral nos sete anos que leva de presidente\u201d.As\u00ed mesmo, avanzou que, despois de asinar a transferencia das competencias sobre o litoral galego, \u201cseguiremos traballando para ampliar o autogoberno de Galicia, coa cesi\u00f3n de novos traspasos como a AP-9, os servizos de meteorolox\u00eda, a homologaci\u00f3n de t\u00edtulos e a axilizaci\u00f3n dos permisos de residencia, ou a xesti\u00f3n do ingreso m\u00ednimo vital\u201d.","og_url":"https:\/\/ppdegalicia.com\/es\/alberto-pazos-afirma-que-a-celebracion-do-debate-de-politica-xeral-e-mostra-da-normalidade-politica-e-a-transparencia-do-goberno-galego-fronte-a-un-pedro-sanchez-que-so-realizou-un-en-sete-anos\/","og_site_name":"PP de Galicia","article_publisher":"https:\/\/www.instagram.com\/ppdegalicia\/","article_published_time":"2025-04-11T12:51:06+00:00","article_modified_time":"2025-04-11T12:54:56+00:00","og_image":[{"width":2560,"height":1707,"url":"https:\/\/ppdegalicia.com\/wp-content\/uploads\/2025\/04\/20250411_APazos_rdp13-scaled.jpg","type":"image\/jpeg"}],"author":"ppdegaliciaredes","twitter_card":"summary_large_image","twitter_creator":"@ppdegalicia","twitter_site":"@ppdegalicia","twitter_misc":{"Escrito por":"ppdegaliciaredes","Tiempo de lectura":"6 minutos"},"schema":{"@context":"https:\/\/schema.org","@graph":[{"@type":"Article","@id":"https:\/\/ppdegalicia.com\/es\/alberto-pazos-afirma-que-a-celebracion-do-debate-de-politica-xeral-e-mostra-da-normalidade-politica-e-a-transparencia-do-goberno-galego-fronte-a-un-pedro-sanchez-que-so-realizou-un-en-sete-anos\/#article","isPartOf":{"@id":"https:\/\/ppdegalicia.com\/es\/alberto-pazos-afirma-que-a-celebracion-do-debate-de-politica-xeral-e-mostra-da-normalidade-politica-e-a-transparencia-do-goberno-galego-fronte-a-un-pedro-sanchez-que-so-realizou-un-en-sete-anos\/"},"author":{"name":"ppdegaliciaredes","@id":"https:\/\/ppdegalicia.com\/es\/#\/schema\/person\/5b822c6f59e872ebdd1142f307dbcb59"},"headline":"Alberto Pazos afirma que a celebraci\u00f3n do Debate de Pol\u00edtica Xeral \u00e9 mostra da normalidade pol\u00edtica e a transparencia do Goberno galego, fronte a un Pedro S\u00e1nchez que s\u00f3 realizou un en sete anos","datePublished":"2025-04-11T12:51:06+00:00","dateModified":"2025-04-11T12:54:56+00:00","mainEntityOfPage":{"@id":"https:\/\/ppdegalicia.com\/es\/alberto-pazos-afirma-que-a-celebracion-do-debate-de-politica-xeral-e-mostra-da-normalidade-politica-e-a-transparencia-do-goberno-galego-fronte-a-un-pedro-sanchez-que-so-realizou-un-en-sete-anos\/"},"wordCount":1198,"publisher":{"@id":"https:\/\/ppdegalicia.com\/es\/#organization"},"image":{"@id":"https:\/\/ppdegalicia.com\/es\/alberto-pazos-afirma-que-a-celebracion-do-debate-de-politica-xeral-e-mostra-da-normalidade-politica-e-a-transparencia-do-goberno-galego-fronte-a-un-pedro-sanchez-que-so-realizou-un-en-sete-anos\/#primaryimage"},"thumbnailUrl":"https:\/\/ppdegalicia.com\/wp-content\/uploads\/2025\/04\/20250411_APazos_rdp13-scaled.jpg","articleSection":["Parlamento de Galicia"],"inLanguage":"es"},{"@type":"WebPage","@id":"https:\/\/ppdegalicia.com\/es\/alberto-pazos-afirma-que-a-celebracion-do-debate-de-politica-xeral-e-mostra-da-normalidade-politica-e-a-transparencia-do-goberno-galego-fronte-a-un-pedro-sanchez-que-so-realizou-un-en-sete-anos\/","url":"https:\/\/ppdegalicia.com\/es\/alberto-pazos-afirma-que-a-celebracion-do-debate-de-politica-xeral-e-mostra-da-normalidade-politica-e-a-transparencia-do-goberno-galego-fronte-a-un-pedro-sanchez-que-so-realizou-un-en-sete-anos\/","name":"Alberto Pazos afirma que a celebraci\u00f3n do Debate de Pol\u00edtica Xeral \u00e9 mostra da normalidade pol\u00edtica e a transparencia do Goberno galego, fronte a un Pedro S\u00e1nchez que s\u00f3 realizou un en sete anos - PP de Galicia","isPartOf":{"@id":"https:\/\/ppdegalicia.com\/es\/#website"},"primaryImageOfPage":{"@id":"https:\/\/ppdegalicia.com\/es\/alberto-pazos-afirma-que-a-celebracion-do-debate-de-politica-xeral-e-mostra-da-normalidade-politica-e-a-transparencia-do-goberno-galego-fronte-a-un-pedro-sanchez-que-so-realizou-un-en-sete-anos\/#primaryimage"},"image":{"@id":"https:\/\/ppdegalicia.com\/es\/alberto-pazos-afirma-que-a-celebracion-do-debate-de-politica-xeral-e-mostra-da-normalidade-politica-e-a-transparencia-do-goberno-galego-fronte-a-un-pedro-sanchez-que-so-realizou-un-en-sete-anos\/#primaryimage"},"thumbnailUrl":"https:\/\/ppdegalicia.com\/wp-content\/uploads\/2025\/04\/20250411_APazos_rdp13-scaled.jpg","datePublished":"2025-04-11T12:51:06+00:00","dateModified":"2025-04-11T12:54:56+00:00","description":"O portavoz do Grupo Popular, Alberto Pazos, afirmou hoxe que a pr\u00f3xima celebraci\u00f3n do Debate sobre o Estado da Autonom\u00eda \u201c\u00e9 unha mostra m\u00e1is da importancia de contar en Galicia cun Goberno que da estabilidade pol\u00edtica, respecta a normalidade democr\u00e1tica e defende a transparencia nas s\u00faas acci\u00f3ns, todo o contrario do Goberno de Pedro S\u00e1nchez, que s\u00f3 celebrou un Debate de Pol\u00edtica Xeral nos sete anos que leva de presidente\u201d.As\u00ed mesmo, avanzou que, despois de asinar a transferencia das competencias sobre o litoral galego, \u201cseguiremos traballando para ampliar o autogoberno de Galicia, coa cesi\u00f3n de novos traspasos como a AP-9, os servizos de meteorolox\u00eda, a homologaci\u00f3n de t\u00edtulos e a axilizaci\u00f3n dos permisos de residencia, ou a xesti\u00f3n do ingreso m\u00ednimo vital\u201d.","breadcrumb":{"@id":"https:\/\/ppdegalicia.com\/es\/alberto-pazos-afirma-que-a-celebracion-do-debate-de-politica-xeral-e-mostra-da-normalidade-politica-e-a-transparencia-do-goberno-galego-fronte-a-un-pedro-sanchez-que-so-realizou-un-en-sete-anos\/#breadcrumb"},"inLanguage":"es","potentialAction":[{"@type":"ReadAction","target":["https:\/\/ppdegalicia.com\/es\/alberto-pazos-afirma-que-a-celebracion-do-debate-de-politica-xeral-e-mostra-da-normalidade-politica-e-a-transparencia-do-goberno-galego-fronte-a-un-pedro-sanchez-que-so-realizou-un-en-sete-anos\/"]}]},{"@type":"ImageObject","inLanguage":"es","@id":"https:\/\/ppdegalicia.com\/es\/alberto-pazos-afirma-que-a-celebracion-do-debate-de-politica-xeral-e-mostra-da-normalidade-politica-e-a-transparencia-do-goberno-galego-fronte-a-un-pedro-sanchez-que-so-realizou-un-en-sete-anos\/#primaryimage","url":"https:\/\/ppdegalicia.com\/wp-content\/uploads\/2025\/04\/20250411_APazos_rdp13-scaled.jpg","contentUrl":"https:\/\/ppdegalicia.com\/wp-content\/uploads\/2025\/04\/20250411_APazos_rdp13-scaled.jpg","width":2560,"height":1707},{"@type":"BreadcrumbList","@id":"https:\/\/ppdegalicia.com\/es\/alberto-pazos-afirma-que-a-celebracion-do-debate-de-politica-xeral-e-mostra-da-normalidade-politica-e-a-transparencia-do-goberno-galego-fronte-a-un-pedro-sanchez-que-so-realizou-un-en-sete-anos\/#breadcrumb","itemListElement":[{"@type":"ListItem","position":1,"name":"Portada","item":"https:\/\/ppdegalicia.com\/es\/"},{"@type":"ListItem","position":2,"name":"Alberto Pazos afirma que a celebraci\u00f3n do Debate de Pol\u00edtica Xeral \u00e9 mostra da normalidade pol\u00edtica e a transparencia do Goberno galego, fronte a un Pedro S\u00e1nchez que s\u00f3 realizou un en sete anos"}]},{"@type":"WebSite","@id":"https:\/\/ppdegalicia.com\/es\/#website","url":"https:\/\/ppdegalicia.com\/es\/","name":"Partido Popular de Galicia","description":"Partido Popular de Galicia","publisher":{"@id":"https:\/\/ppdegalicia.com\/es\/#organization"},"alternateName":"PP de Galicia","potentialAction":[{"@type":"SearchAction","target":{"@type":"EntryPoint","urlTemplate":"https:\/\/ppdegalicia.com\/es\/?s={search_term_string}"},"query-input":{"@type":"PropertyValueSpecification","valueRequired":true,"valueName":"search_term_string"}}],"inLanguage":"es"},{"@type":"Organization","@id":"https:\/\/ppdegalicia.com\/es\/#organization","name":"Partido Popular de Galicia","alternateName":"PP de Galicia","url":"https:\/\/ppdegalicia.com\/es\/","logo":{"@type":"ImageObject","inLanguage":"es","@id":"https:\/\/ppdegalicia.com\/es\/#\/schema\/logo\/image\/","url":"https:\/\/ppdegalicia.com\/wp-content\/uploads\/2023\/04\/logoPP512.png","contentUrl":"https:\/\/ppdegalicia.com\/wp-content\/uploads\/2023\/04\/logoPP512.png","width":512,"height":512,"caption":"Partido Popular de Galicia"},"image":{"@id":"https:\/\/ppdegalicia.com\/es\/#\/schema\/logo\/image\/"},"sameAs":["https:\/\/www.instagram.com\/ppdegalicia\/","https:\/\/x.com\/ppdegalicia","https:\/\/www.tiktok.com\/@ppdegalicia","https:\/\/www.youtube.com\/user\/ppdegalicia"]},{"@type":"Person","@id":"https:\/\/ppdegalicia.com\/es\/#\/schema\/person\/5b822c6f59e872ebdd1142f307dbcb59","name":"ppdegaliciaredes","image":{"@type":"ImageObject","inLanguage":"es","@id":"https:\/\/secure.gravatar.com\/avatar\/3c9179cf0256d00c72a48d1f25783c58b6842cd56e85ef3a572881c8e28ccd59?s=96&d=mm&r=g","url":"https:\/\/secure.gravatar.com\/avatar\/3c9179cf0256d00c72a48d1f25783c58b6842cd56e85ef3a572881c8e28ccd59?s=96&d=mm&r=g","contentUrl":"https:\/\/secure.gravatar.com\/avatar\/3c9179cf0256d00c72a48d1f25783c58b6842cd56e85ef3a572881c8e28ccd59?s=96&d=mm&r=g","caption":"ppdegaliciaredes"},"url":"https:\/\/ppdegalicia.com\/es\/author\/ppdegaliciaredes\/"}]}},"_links":{"self":[{"href":"https:\/\/ppdegalicia.com\/es\/wp-json\/wp\/v2\/posts\/66607","targetHints":{"allow":["GET"]}}],"collection":[{"href":"https:\/\/ppdegalicia.com\/es\/wp-json\/wp\/v2\/posts"}],"about":[{"href":"https:\/\/ppdegalicia.com\/es\/wp-json\/wp\/v2\/types\/post"}],"author":[{"embeddable":true,"href":"https:\/\/ppdegalicia.com\/es\/wp-json\/wp\/v2\/users\/38"}],"replies":[{"embeddable":true,"href":"https:\/\/ppdegalicia.com\/es\/wp-json\/wp\/v2\/comments?post=66607"}],"version-history":[{"count":1,"href":"https:\/\/ppdegalicia.com\/es\/wp-json\/wp\/v2\/posts\/66607\/revisions"}],"predecessor-version":[{"id":66610,"href":"https:\/\/ppdegalicia.com\/es\/wp-json\/wp\/v2\/posts\/66607\/revisions\/66610"}],"wp:featuredmedia":[{"embeddable":true,"href":"https:\/\/ppdegalicia.com\/es\/wp-json\/wp\/v2\/media\/66611"}],"wp:attachment":[{"href":"https:\/\/ppdegalicia.com\/es\/wp-json\/wp\/v2\/media?parent=66607"}],"wp:term":[{"taxonomy":"category","embeddable":true,"href":"https:\/\/ppdegalicia.com\/es\/wp-json\/wp\/v2\/categories?post=66607"},{"taxonomy":"post_tag","embeddable":true,"href":"https:\/\/ppdegalicia.com\/es\/wp-json\/wp\/v2\/tags?post=66607"}],"curies":[{"name":"wp","href":"https:\/\/api.w.org\/{rel}","templated":true}]}}