{"id":66617,"date":"2025-04-12T14:29:17","date_gmt":"2025-04-12T13:29:17","guid":{"rendered":"https:\/\/ppdegalicia.com\/?p=66617"},"modified":"2025-04-12T14:29:17","modified_gmt":"2025-04-12T13:29:17","slug":"o-ppdeg-demanda-ao-goberno-central-que-negocie-cos-afectados-e-as-comunidades-autonomas-un-novo-mapa-de-transporte-publico-por-estrada","status":"publish","type":"post","link":"https:\/\/ppdegalicia.com\/es\/o-ppdeg-demanda-ao-goberno-central-que-negocie-cos-afectados-e-as-comunidades-autonomas-un-novo-mapa-de-transporte-publico-por-estrada\/","title":{"rendered":"O PPdeG demanda ao Goberno central que negocie cos afectados e as comunidades aut\u00f3nomas un novo mapa de transporte p\u00fablico por estrada"},"content":{"rendered":"<p>As deputadas do Grupo Popular Nicole Grueira e Katy Varela salientaron hoxe o \u201cpaso adiante\u201d para a reforma do mapa de transporte p\u00fablico por estrada que supuxo a aprobaci\u00f3n no Congreso o pasado xoves da iniciativa impulsada polo Partido Popular, coas \u00fanicas abstenci\u00f3ns dos socios do Goberno central PSOE e de Sumar, polo que solicitaron ao Goberno central que \u201cconvoque a Conferencia Sectorial de Transporte e abra unha negociaci\u00f3n cos afectados e as comunidades aut\u00f3nomas para configurar un novo mapa que atenda realmente as necesidades dos cidad\u00e1ns e non suprima os servizos existentes\u201d.<\/p>\n<p>Acompa\u00f1adas do alcalde do Corgo, Felipe Labrada, Nicole Grueira e Katy Varela lembraron que 11 concellos lucenses (Pontenova, Meira, Guitiriz, Palas de Rei, O Corgo, Baralla, Monterroso, As Nogais, Pedrafita, Chantada e Quiroga) ver\u00edan como o mapa aprobado polo Goberno de Pedro S\u00e1nchez no ano 2022 suprim\u00eda paradas do servizo de transporte estatal en autob\u00fas. \u201cA medida afectaba especialmente \u00e1 provincia de Lugo, o que sup\u00f3n un castigo m\u00e1is para todos os lucenses por parte do Goberno de Pedro S\u00e1nchez\u201d, engadiron.<\/p>\n<p><strong>HALO DE ESPERANZA<\/strong><\/p>\n<p>\u201cAgora, logo da iniciativa do Grupo Popular aprobada polo Congreso esta semana, \u00e1brese un halo de esperanza para que estes concellos mante\u00f1an un servizo imprescindible para a mobilidade dos seus veci\u00f1os, especialmente nestas zonas do rural e con menor densidade de poboaci\u00f3n\u201d, sinalaron as deputadas populares, quen anotaron que \u201cestas li\u00f1as regulares de autob\u00fas non comunican so con outras comunidades aut\u00f3nomas, sen\u00f3n que favorecen a mobilidade entre localidades da nosa provincia\u201d.<\/p>\n<p>Deste xeito, consideraron \u201curxente\u201d que o Goberno de Pedro S\u00e1nchez abra un proceso de di\u00e1logo coas comunidades aut\u00f3nomas para a elaboraci\u00f3n do novo mapa de transporte p\u00fablico por estrada, \u201cque deber\u00eda pasar pola convocatoria dunha Conferencia Sectorial de Transportes, un \u00f3rgano que leva tres anos sen reunirse a pesar de que deber\u00eda facelo cada seis meses\u201d.<\/p>\n<p>Nicole Grueira e Katy Varela avanzaron que tam\u00e9n pediran desde o Parlamento de Galicia que calquera proposta sobre o transporte p\u00fablico por estrada incorpore as demandas trasladadas desde Galicia en relaci\u00f3n con este servizo, en particular que se te\u00f1an en conta as peculiaridades xeogr\u00e1ficas e de poboaci\u00f3n da Comunidade galega, prestando especial atenci\u00f3n as conexi\u00f3n do rural.<\/p>\n","protected":false},"excerpt":{"rendered":"<p>As deputadas do Grupo Popular Nicole Grueira e Katy Varela salientaron hoxe o \u201cpaso adiante\u201d para a reforma do mapa de transporte p\u00fablico por estrada que supuxo a aprobaci\u00f3n no Congreso o pasado xoves da iniciativa impulsada polo Partido Popular, coas \u00fanicas abstenci\u00f3ns dos socios do Goberno central PSOE e de Sumar, polo que solicitaron [&hellip;]<\/p>\n","protected":false},"author":38,"featured_media":66618,"comment_status":"closed","ping_status":"open","sticky":false,"template":"","format":"standard","meta":{"_acf_changed":false,"footnotes":""},"categories":[1128],"tags":[],"class_list":["post-66617","post","type-post","status-publish","format-standard","has-post-thumbnail","hentry","category-actualidad-parlamento-de-galicia"],"acf":[],"yoast_head":"<!-- This site is optimized with the Yoast SEO plugin v27.3 - https:\/\/yoast.com\/product\/yoast-seo-wordpress\/ -->\n<title>O PPdeG demanda ao Goberno central que negocie cos afectados e as comunidades aut\u00f3nomas un novo mapa de transporte p\u00fablico por estrada - PP de Galicia<\/title>\n<meta name=\"description\" content=\"As deputadas do Grupo Popular Nicole Grueira e Katy Varela salientaron hoxe o \u201cpaso adiante\u201d para a reforma do mapa de transporte p\u00fablico por estrada que supuxo a aprobaci\u00f3n no Congreso o pasado xoves da iniciativa impulsada polo Partido Popular, coas \u00fanicas abstenci\u00f3ns dos socios do Goberno central PSOE e de Sumar, polo que solicitaron ao Goberno central que \u201cconvoque a Conferencia Sectorial de Transporte e abra unha negociaci\u00f3n cos afectados e as comunidades aut\u00f3nomas para configurar un novo mapa que atenda realmente as necesidades dos cidad\u00e1ns e non suprima os servizos existentes\u201d.\" \/>\n<meta name=\"robots\" content=\"index, follow, max-snippet:-1, max-image-preview:large, max-video-preview:-1\" \/>\n<link rel=\"canonical\" href=\"https:\/\/ppdegalicia.com\/es\/o-ppdeg-demanda-ao-goberno-central-que-negocie-cos-afectados-e-as-comunidades-autonomas-un-novo-mapa-de-transporte-publico-por-estrada\/\" \/>\n<meta property=\"og:locale\" content=\"es_ES\" \/>\n<meta property=\"og:type\" content=\"article\" \/>\n<meta property=\"og:title\" content=\"O PPdeG demanda ao Goberno central que negocie cos afectados e as comunidades aut\u00f3nomas un novo mapa de transporte p\u00fablico por estrada - PP de Galicia\" \/>\n<meta property=\"og:description\" content=\"As deputadas do Grupo Popular Nicole Grueira e Katy Varela salientaron hoxe o \u201cpaso adiante\u201d para a reforma do mapa de transporte p\u00fablico por estrada que supuxo a aprobaci\u00f3n no Congreso o pasado xoves da iniciativa impulsada polo Partido Popular, coas \u00fanicas abstenci\u00f3ns dos socios do Goberno central PSOE e de Sumar, polo que solicitaron ao Goberno central que \u201cconvoque a Conferencia Sectorial de Transporte e abra unha negociaci\u00f3n cos afectados e as comunidades aut\u00f3nomas para configurar un novo mapa que atenda realmente as necesidades dos cidad\u00e1ns e non suprima os servizos existentes\u201d.\" \/>\n<meta property=\"og:url\" content=\"https:\/\/ppdegalicia.com\/es\/o-ppdeg-demanda-ao-goberno-central-que-negocie-cos-afectados-e-as-comunidades-autonomas-un-novo-mapa-de-transporte-publico-por-estrada\/\" \/>\n<meta property=\"og:site_name\" content=\"PP de Galicia\" \/>\n<meta property=\"article:publisher\" content=\"https:\/\/www.instagram.com\/ppdegalicia\/\" \/>\n<meta property=\"article:published_time\" content=\"2025-04-12T13:29:17+00:00\" \/>\n<meta property=\"og:image\" content=\"https:\/\/ppdegalicia.com\/wp-content\/uploads\/2025\/04\/WhatsApp-Image-2025-04-12-at-15.28.51.jpeg\" \/>\n\t<meta property=\"og:image:width\" content=\"1600\" \/>\n\t<meta property=\"og:image:height\" content=\"1200\" \/>\n\t<meta property=\"og:image:type\" content=\"image\/jpeg\" \/>\n<meta name=\"author\" content=\"ppdegaliciaredes\" \/>\n<meta name=\"twitter:card\" content=\"summary_large_image\" \/>\n<meta name=\"twitter:creator\" content=\"@ppdegalicia\" \/>\n<meta name=\"twitter:site\" content=\"@ppdegalicia\" \/>\n<meta name=\"twitter:label1\" content=\"Escrito por\" \/>\n\t<meta name=\"twitter:data1\" content=\"ppdegaliciaredes\" \/>\n\t<meta name=\"twitter:label2\" content=\"Tiempo de lectura\" \/>\n\t<meta name=\"twitter:data2\" content=\"3 minutos\" \/>\n<script type=\"application\/ld+json\" class=\"yoast-schema-graph\">{\"@context\":\"https:\\\/\\\/schema.org\",\"@graph\":[{\"@type\":\"Article\",\"@id\":\"https:\\\/\\\/ppdegalicia.com\\\/es\\\/o-ppdeg-demanda-ao-goberno-central-que-negocie-cos-afectados-e-as-comunidades-autonomas-un-novo-mapa-de-transporte-publico-por-estrada\\\/#article\",\"isPartOf\":{\"@id\":\"https:\\\/\\\/ppdegalicia.com\\\/es\\\/o-ppdeg-demanda-ao-goberno-central-que-negocie-cos-afectados-e-as-comunidades-autonomas-un-novo-mapa-de-transporte-publico-por-estrada\\\/\"},\"author\":{\"name\":\"ppdegaliciaredes\",\"@id\":\"https:\\\/\\\/ppdegalicia.com\\\/es\\\/#\\\/schema\\\/person\\\/5b822c6f59e872ebdd1142f307dbcb59\"},\"headline\":\"O PPdeG demanda ao Goberno central que negocie cos afectados e as comunidades aut\u00f3nomas un novo mapa de transporte p\u00fablico por estrada\",\"datePublished\":\"2025-04-12T13:29:17+00:00\",\"mainEntityOfPage\":{\"@id\":\"https:\\\/\\\/ppdegalicia.com\\\/es\\\/o-ppdeg-demanda-ao-goberno-central-que-negocie-cos-afectados-e-as-comunidades-autonomas-un-novo-mapa-de-transporte-publico-por-estrada\\\/\"},\"wordCount\":418,\"publisher\":{\"@id\":\"https:\\\/\\\/ppdegalicia.com\\\/es\\\/#organization\"},\"image\":{\"@id\":\"https:\\\/\\\/ppdegalicia.com\\\/es\\\/o-ppdeg-demanda-ao-goberno-central-que-negocie-cos-afectados-e-as-comunidades-autonomas-un-novo-mapa-de-transporte-publico-por-estrada\\\/#primaryimage\"},\"thumbnailUrl\":\"https:\\\/\\\/ppdegalicia.com\\\/wp-content\\\/uploads\\\/2025\\\/04\\\/WhatsApp-Image-2025-04-12-at-15.28.51.jpeg\",\"articleSection\":[\"Parlamento de Galicia\"],\"inLanguage\":\"es\"},{\"@type\":\"WebPage\",\"@id\":\"https:\\\/\\\/ppdegalicia.com\\\/es\\\/o-ppdeg-demanda-ao-goberno-central-que-negocie-cos-afectados-e-as-comunidades-autonomas-un-novo-mapa-de-transporte-publico-por-estrada\\\/\",\"url\":\"https:\\\/\\\/ppdegalicia.com\\\/es\\\/o-ppdeg-demanda-ao-goberno-central-que-negocie-cos-afectados-e-as-comunidades-autonomas-un-novo-mapa-de-transporte-publico-por-estrada\\\/\",\"name\":\"O PPdeG demanda ao Goberno central que negocie cos afectados e as comunidades aut\u00f3nomas un novo mapa de transporte p\u00fablico por estrada - PP de Galicia\",\"isPartOf\":{\"@id\":\"https:\\\/\\\/ppdegalicia.com\\\/es\\\/#website\"},\"primaryImageOfPage\":{\"@id\":\"https:\\\/\\\/ppdegalicia.com\\\/es\\\/o-ppdeg-demanda-ao-goberno-central-que-negocie-cos-afectados-e-as-comunidades-autonomas-un-novo-mapa-de-transporte-publico-por-estrada\\\/#primaryimage\"},\"image\":{\"@id\":\"https:\\\/\\\/ppdegalicia.com\\\/es\\\/o-ppdeg-demanda-ao-goberno-central-que-negocie-cos-afectados-e-as-comunidades-autonomas-un-novo-mapa-de-transporte-publico-por-estrada\\\/#primaryimage\"},\"thumbnailUrl\":\"https:\\\/\\\/ppdegalicia.com\\\/wp-content\\\/uploads\\\/2025\\\/04\\\/WhatsApp-Image-2025-04-12-at-15.28.51.jpeg\",\"datePublished\":\"2025-04-12T13:29:17+00:00\",\"description\":\"As deputadas do Grupo Popular Nicole Grueira e Katy Varela salientaron hoxe o \u201cpaso adiante\u201d para a reforma do mapa de transporte p\u00fablico por estrada que supuxo a aprobaci\u00f3n no Congreso o pasado xoves da iniciativa impulsada polo Partido Popular, coas \u00fanicas abstenci\u00f3ns dos socios do Goberno central PSOE e de Sumar, polo que solicitaron ao Goberno central que \u201cconvoque a Conferencia Sectorial de Transporte e abra unha negociaci\u00f3n cos afectados e as comunidades aut\u00f3nomas para configurar un novo mapa que atenda realmente as necesidades dos cidad\u00e1ns e non suprima os servizos existentes\u201d.\",\"breadcrumb\":{\"@id\":\"https:\\\/\\\/ppdegalicia.com\\\/es\\\/o-ppdeg-demanda-ao-goberno-central-que-negocie-cos-afectados-e-as-comunidades-autonomas-un-novo-mapa-de-transporte-publico-por-estrada\\\/#breadcrumb\"},\"inLanguage\":\"es\",\"potentialAction\":[{\"@type\":\"ReadAction\",\"target\":[\"https:\\\/\\\/ppdegalicia.com\\\/es\\\/o-ppdeg-demanda-ao-goberno-central-que-negocie-cos-afectados-e-as-comunidades-autonomas-un-novo-mapa-de-transporte-publico-por-estrada\\\/\"]}]},{\"@type\":\"ImageObject\",\"inLanguage\":\"es\",\"@id\":\"https:\\\/\\\/ppdegalicia.com\\\/es\\\/o-ppdeg-demanda-ao-goberno-central-que-negocie-cos-afectados-e-as-comunidades-autonomas-un-novo-mapa-de-transporte-publico-por-estrada\\\/#primaryimage\",\"url\":\"https:\\\/\\\/ppdegalicia.com\\\/wp-content\\\/uploads\\\/2025\\\/04\\\/WhatsApp-Image-2025-04-12-at-15.28.51.jpeg\",\"contentUrl\":\"https:\\\/\\\/ppdegalicia.com\\\/wp-content\\\/uploads\\\/2025\\\/04\\\/WhatsApp-Image-2025-04-12-at-15.28.51.jpeg\",\"width\":1600,\"height\":1200},{\"@type\":\"BreadcrumbList\",\"@id\":\"https:\\\/\\\/ppdegalicia.com\\\/es\\\/o-ppdeg-demanda-ao-goberno-central-que-negocie-cos-afectados-e-as-comunidades-autonomas-un-novo-mapa-de-transporte-publico-por-estrada\\\/#breadcrumb\",\"itemListElement\":[{\"@type\":\"ListItem\",\"position\":1,\"name\":\"Portada\",\"item\":\"https:\\\/\\\/ppdegalicia.com\\\/es\\\/\"},{\"@type\":\"ListItem\",\"position\":2,\"name\":\"O PPdeG demanda ao Goberno central que negocie cos afectados e as comunidades aut\u00f3nomas un novo mapa de transporte p\u00fablico por estrada\"}]},{\"@type\":\"WebSite\",\"@id\":\"https:\\\/\\\/ppdegalicia.com\\\/es\\\/#website\",\"url\":\"https:\\\/\\\/ppdegalicia.com\\\/es\\\/\",\"name\":\"Partido Popular de Galicia\",\"description\":\"Partido Popular de Galicia\",\"publisher\":{\"@id\":\"https:\\\/\\\/ppdegalicia.com\\\/es\\\/#organization\"},\"alternateName\":\"PP de Galicia\",\"potentialAction\":[{\"@type\":\"SearchAction\",\"target\":{\"@type\":\"EntryPoint\",\"urlTemplate\":\"https:\\\/\\\/ppdegalicia.com\\\/es\\\/?s={search_term_string}\"},\"query-input\":{\"@type\":\"PropertyValueSpecification\",\"valueRequired\":true,\"valueName\":\"search_term_string\"}}],\"inLanguage\":\"es\"},{\"@type\":\"Organization\",\"@id\":\"https:\\\/\\\/ppdegalicia.com\\\/es\\\/#organization\",\"name\":\"Partido Popular de Galicia\",\"alternateName\":\"PP de Galicia\",\"url\":\"https:\\\/\\\/ppdegalicia.com\\\/es\\\/\",\"logo\":{\"@type\":\"ImageObject\",\"inLanguage\":\"es\",\"@id\":\"https:\\\/\\\/ppdegalicia.com\\\/es\\\/#\\\/schema\\\/logo\\\/image\\\/\",\"url\":\"https:\\\/\\\/ppdegalicia.com\\\/wp-content\\\/uploads\\\/2023\\\/04\\\/logoPP512.png\",\"contentUrl\":\"https:\\\/\\\/ppdegalicia.com\\\/wp-content\\\/uploads\\\/2023\\\/04\\\/logoPP512.png\",\"width\":512,\"height\":512,\"caption\":\"Partido Popular de Galicia\"},\"image\":{\"@id\":\"https:\\\/\\\/ppdegalicia.com\\\/es\\\/#\\\/schema\\\/logo\\\/image\\\/\"},\"sameAs\":[\"https:\\\/\\\/www.instagram.com\\\/ppdegalicia\\\/\",\"https:\\\/\\\/x.com\\\/ppdegalicia\",\"https:\\\/\\\/www.tiktok.com\\\/@ppdegalicia\",\"https:\\\/\\\/www.youtube.com\\\/user\\\/ppdegalicia\"]},{\"@type\":\"Person\",\"@id\":\"https:\\\/\\\/ppdegalicia.com\\\/es\\\/#\\\/schema\\\/person\\\/5b822c6f59e872ebdd1142f307dbcb59\",\"name\":\"ppdegaliciaredes\",\"image\":{\"@type\":\"ImageObject\",\"inLanguage\":\"es\",\"@id\":\"https:\\\/\\\/secure.gravatar.com\\\/avatar\\\/3c9179cf0256d00c72a48d1f25783c58b6842cd56e85ef3a572881c8e28ccd59?s=96&d=mm&r=g\",\"url\":\"https:\\\/\\\/secure.gravatar.com\\\/avatar\\\/3c9179cf0256d00c72a48d1f25783c58b6842cd56e85ef3a572881c8e28ccd59?s=96&d=mm&r=g\",\"contentUrl\":\"https:\\\/\\\/secure.gravatar.com\\\/avatar\\\/3c9179cf0256d00c72a48d1f25783c58b6842cd56e85ef3a572881c8e28ccd59?s=96&d=mm&r=g\",\"caption\":\"ppdegaliciaredes\"},\"url\":\"https:\\\/\\\/ppdegalicia.com\\\/es\\\/author\\\/ppdegaliciaredes\\\/\"}]}<\/script>\n<!-- \/ Yoast SEO plugin. -->","yoast_head_json":{"title":"O PPdeG demanda ao Goberno central que negocie cos afectados e as comunidades aut\u00f3nomas un novo mapa de transporte p\u00fablico por estrada - PP de Galicia","description":"As deputadas do Grupo Popular Nicole Grueira e Katy Varela salientaron hoxe o \u201cpaso adiante\u201d para a reforma do mapa de transporte p\u00fablico por estrada que supuxo a aprobaci\u00f3n no Congreso o pasado xoves da iniciativa impulsada polo Partido Popular, coas \u00fanicas abstenci\u00f3ns dos socios do Goberno central PSOE e de Sumar, polo que solicitaron ao Goberno central que \u201cconvoque a Conferencia Sectorial de Transporte e abra unha negociaci\u00f3n cos afectados e as comunidades aut\u00f3nomas para configurar un novo mapa que atenda realmente as necesidades dos cidad\u00e1ns e non suprima os servizos existentes\u201d.","robots":{"index":"index","follow":"follow","max-snippet":"max-snippet:-1","max-image-preview":"max-image-preview:large","max-video-preview":"max-video-preview:-1"},"canonical":"https:\/\/ppdegalicia.com\/es\/o-ppdeg-demanda-ao-goberno-central-que-negocie-cos-afectados-e-as-comunidades-autonomas-un-novo-mapa-de-transporte-publico-por-estrada\/","og_locale":"es_ES","og_type":"article","og_title":"O PPdeG demanda ao Goberno central que negocie cos afectados e as comunidades aut\u00f3nomas un novo mapa de transporte p\u00fablico por estrada - PP de Galicia","og_description":"As deputadas do Grupo Popular Nicole Grueira e Katy Varela salientaron hoxe o \u201cpaso adiante\u201d para a reforma do mapa de transporte p\u00fablico por estrada que supuxo a aprobaci\u00f3n no Congreso o pasado xoves da iniciativa impulsada polo Partido Popular, coas \u00fanicas abstenci\u00f3ns dos socios do Goberno central PSOE e de Sumar, polo que solicitaron ao Goberno central que \u201cconvoque a Conferencia Sectorial de Transporte e abra unha negociaci\u00f3n cos afectados e as comunidades aut\u00f3nomas para configurar un novo mapa que atenda realmente as necesidades dos cidad\u00e1ns e non suprima os servizos existentes\u201d.","og_url":"https:\/\/ppdegalicia.com\/es\/o-ppdeg-demanda-ao-goberno-central-que-negocie-cos-afectados-e-as-comunidades-autonomas-un-novo-mapa-de-transporte-publico-por-estrada\/","og_site_name":"PP de Galicia","article_publisher":"https:\/\/www.instagram.com\/ppdegalicia\/","article_published_time":"2025-04-12T13:29:17+00:00","og_image":[{"width":1600,"height":1200,"url":"https:\/\/ppdegalicia.com\/wp-content\/uploads\/2025\/04\/WhatsApp-Image-2025-04-12-at-15.28.51.jpeg","type":"image\/jpeg"}],"author":"ppdegaliciaredes","twitter_card":"summary_large_image","twitter_creator":"@ppdegalicia","twitter_site":"@ppdegalicia","twitter_misc":{"Escrito por":"ppdegaliciaredes","Tiempo de lectura":"3 minutos"},"schema":{"@context":"https:\/\/schema.org","@graph":[{"@type":"Article","@id":"https:\/\/ppdegalicia.com\/es\/o-ppdeg-demanda-ao-goberno-central-que-negocie-cos-afectados-e-as-comunidades-autonomas-un-novo-mapa-de-transporte-publico-por-estrada\/#article","isPartOf":{"@id":"https:\/\/ppdegalicia.com\/es\/o-ppdeg-demanda-ao-goberno-central-que-negocie-cos-afectados-e-as-comunidades-autonomas-un-novo-mapa-de-transporte-publico-por-estrada\/"},"author":{"name":"ppdegaliciaredes","@id":"https:\/\/ppdegalicia.com\/es\/#\/schema\/person\/5b822c6f59e872ebdd1142f307dbcb59"},"headline":"O PPdeG demanda ao Goberno central que negocie cos afectados e as comunidades aut\u00f3nomas un novo mapa de transporte p\u00fablico por estrada","datePublished":"2025-04-12T13:29:17+00:00","mainEntityOfPage":{"@id":"https:\/\/ppdegalicia.com\/es\/o-ppdeg-demanda-ao-goberno-central-que-negocie-cos-afectados-e-as-comunidades-autonomas-un-novo-mapa-de-transporte-publico-por-estrada\/"},"wordCount":418,"publisher":{"@id":"https:\/\/ppdegalicia.com\/es\/#organization"},"image":{"@id":"https:\/\/ppdegalicia.com\/es\/o-ppdeg-demanda-ao-goberno-central-que-negocie-cos-afectados-e-as-comunidades-autonomas-un-novo-mapa-de-transporte-publico-por-estrada\/#primaryimage"},"thumbnailUrl":"https:\/\/ppdegalicia.com\/wp-content\/uploads\/2025\/04\/WhatsApp-Image-2025-04-12-at-15.28.51.jpeg","articleSection":["Parlamento de Galicia"],"inLanguage":"es"},{"@type":"WebPage","@id":"https:\/\/ppdegalicia.com\/es\/o-ppdeg-demanda-ao-goberno-central-que-negocie-cos-afectados-e-as-comunidades-autonomas-un-novo-mapa-de-transporte-publico-por-estrada\/","url":"https:\/\/ppdegalicia.com\/es\/o-ppdeg-demanda-ao-goberno-central-que-negocie-cos-afectados-e-as-comunidades-autonomas-un-novo-mapa-de-transporte-publico-por-estrada\/","name":"O PPdeG demanda ao Goberno central que negocie cos afectados e as comunidades aut\u00f3nomas un novo mapa de transporte p\u00fablico por estrada - PP de Galicia","isPartOf":{"@id":"https:\/\/ppdegalicia.com\/es\/#website"},"primaryImageOfPage":{"@id":"https:\/\/ppdegalicia.com\/es\/o-ppdeg-demanda-ao-goberno-central-que-negocie-cos-afectados-e-as-comunidades-autonomas-un-novo-mapa-de-transporte-publico-por-estrada\/#primaryimage"},"image":{"@id":"https:\/\/ppdegalicia.com\/es\/o-ppdeg-demanda-ao-goberno-central-que-negocie-cos-afectados-e-as-comunidades-autonomas-un-novo-mapa-de-transporte-publico-por-estrada\/#primaryimage"},"thumbnailUrl":"https:\/\/ppdegalicia.com\/wp-content\/uploads\/2025\/04\/WhatsApp-Image-2025-04-12-at-15.28.51.jpeg","datePublished":"2025-04-12T13:29:17+00:00","description":"As deputadas do Grupo Popular Nicole Grueira e Katy Varela salientaron hoxe o \u201cpaso adiante\u201d para a reforma do mapa de transporte p\u00fablico por estrada que supuxo a aprobaci\u00f3n no Congreso o pasado xoves da iniciativa impulsada polo Partido Popular, coas \u00fanicas abstenci\u00f3ns dos socios do Goberno central PSOE e de Sumar, polo que solicitaron ao Goberno central que \u201cconvoque a Conferencia Sectorial de Transporte e abra unha negociaci\u00f3n cos afectados e as comunidades aut\u00f3nomas para configurar un novo mapa que atenda realmente as necesidades dos cidad\u00e1ns e non suprima os servizos existentes\u201d.","breadcrumb":{"@id":"https:\/\/ppdegalicia.com\/es\/o-ppdeg-demanda-ao-goberno-central-que-negocie-cos-afectados-e-as-comunidades-autonomas-un-novo-mapa-de-transporte-publico-por-estrada\/#breadcrumb"},"inLanguage":"es","potentialAction":[{"@type":"ReadAction","target":["https:\/\/ppdegalicia.com\/es\/o-ppdeg-demanda-ao-goberno-central-que-negocie-cos-afectados-e-as-comunidades-autonomas-un-novo-mapa-de-transporte-publico-por-estrada\/"]}]},{"@type":"ImageObject","inLanguage":"es","@id":"https:\/\/ppdegalicia.com\/es\/o-ppdeg-demanda-ao-goberno-central-que-negocie-cos-afectados-e-as-comunidades-autonomas-un-novo-mapa-de-transporte-publico-por-estrada\/#primaryimage","url":"https:\/\/ppdegalicia.com\/wp-content\/uploads\/2025\/04\/WhatsApp-Image-2025-04-12-at-15.28.51.jpeg","contentUrl":"https:\/\/ppdegalicia.com\/wp-content\/uploads\/2025\/04\/WhatsApp-Image-2025-04-12-at-15.28.51.jpeg","width":1600,"height":1200},{"@type":"BreadcrumbList","@id":"https:\/\/ppdegalicia.com\/es\/o-ppdeg-demanda-ao-goberno-central-que-negocie-cos-afectados-e-as-comunidades-autonomas-un-novo-mapa-de-transporte-publico-por-estrada\/#breadcrumb","itemListElement":[{"@type":"ListItem","position":1,"name":"Portada","item":"https:\/\/ppdegalicia.com\/es\/"},{"@type":"ListItem","position":2,"name":"O PPdeG demanda ao Goberno central que negocie cos afectados e as comunidades aut\u00f3nomas un novo mapa de transporte p\u00fablico por estrada"}]},{"@type":"WebSite","@id":"https:\/\/ppdegalicia.com\/es\/#website","url":"https:\/\/ppdegalicia.com\/es\/","name":"Partido Popular de Galicia","description":"Partido Popular de Galicia","publisher":{"@id":"https:\/\/ppdegalicia.com\/es\/#organization"},"alternateName":"PP de Galicia","potentialAction":[{"@type":"SearchAction","target":{"@type":"EntryPoint","urlTemplate":"https:\/\/ppdegalicia.com\/es\/?s={search_term_string}"},"query-input":{"@type":"PropertyValueSpecification","valueRequired":true,"valueName":"search_term_string"}}],"inLanguage":"es"},{"@type":"Organization","@id":"https:\/\/ppdegalicia.com\/es\/#organization","name":"Partido Popular de Galicia","alternateName":"PP de Galicia","url":"https:\/\/ppdegalicia.com\/es\/","logo":{"@type":"ImageObject","inLanguage":"es","@id":"https:\/\/ppdegalicia.com\/es\/#\/schema\/logo\/image\/","url":"https:\/\/ppdegalicia.com\/wp-content\/uploads\/2023\/04\/logoPP512.png","contentUrl":"https:\/\/ppdegalicia.com\/wp-content\/uploads\/2023\/04\/logoPP512.png","width":512,"height":512,"caption":"Partido Popular de Galicia"},"image":{"@id":"https:\/\/ppdegalicia.com\/es\/#\/schema\/logo\/image\/"},"sameAs":["https:\/\/www.instagram.com\/ppdegalicia\/","https:\/\/x.com\/ppdegalicia","https:\/\/www.tiktok.com\/@ppdegalicia","https:\/\/www.youtube.com\/user\/ppdegalicia"]},{"@type":"Person","@id":"https:\/\/ppdegalicia.com\/es\/#\/schema\/person\/5b822c6f59e872ebdd1142f307dbcb59","name":"ppdegaliciaredes","image":{"@type":"ImageObject","inLanguage":"es","@id":"https:\/\/secure.gravatar.com\/avatar\/3c9179cf0256d00c72a48d1f25783c58b6842cd56e85ef3a572881c8e28ccd59?s=96&d=mm&r=g","url":"https:\/\/secure.gravatar.com\/avatar\/3c9179cf0256d00c72a48d1f25783c58b6842cd56e85ef3a572881c8e28ccd59?s=96&d=mm&r=g","contentUrl":"https:\/\/secure.gravatar.com\/avatar\/3c9179cf0256d00c72a48d1f25783c58b6842cd56e85ef3a572881c8e28ccd59?s=96&d=mm&r=g","caption":"ppdegaliciaredes"},"url":"https:\/\/ppdegalicia.com\/es\/author\/ppdegaliciaredes\/"}]}},"_links":{"self":[{"href":"https:\/\/ppdegalicia.com\/es\/wp-json\/wp\/v2\/posts\/66617","targetHints":{"allow":["GET"]}}],"collection":[{"href":"https:\/\/ppdegalicia.com\/es\/wp-json\/wp\/v2\/posts"}],"about":[{"href":"https:\/\/ppdegalicia.com\/es\/wp-json\/wp\/v2\/types\/post"}],"author":[{"embeddable":true,"href":"https:\/\/ppdegalicia.com\/es\/wp-json\/wp\/v2\/users\/38"}],"replies":[{"embeddable":true,"href":"https:\/\/ppdegalicia.com\/es\/wp-json\/wp\/v2\/comments?post=66617"}],"version-history":[{"count":1,"href":"https:\/\/ppdegalicia.com\/es\/wp-json\/wp\/v2\/posts\/66617\/revisions"}],"predecessor-version":[{"id":66620,"href":"https:\/\/ppdegalicia.com\/es\/wp-json\/wp\/v2\/posts\/66617\/revisions\/66620"}],"wp:featuredmedia":[{"embeddable":true,"href":"https:\/\/ppdegalicia.com\/es\/wp-json\/wp\/v2\/media\/66618"}],"wp:attachment":[{"href":"https:\/\/ppdegalicia.com\/es\/wp-json\/wp\/v2\/media?parent=66617"}],"wp:term":[{"taxonomy":"category","embeddable":true,"href":"https:\/\/ppdegalicia.com\/es\/wp-json\/wp\/v2\/categories?post=66617"},{"taxonomy":"post_tag","embeddable":true,"href":"https:\/\/ppdegalicia.com\/es\/wp-json\/wp\/v2\/tags?post=66617"}],"curies":[{"name":"wp","href":"https:\/\/api.w.org\/{rel}","templated":true}]}}