{"id":66621,"date":"2025-04-13T15:49:19","date_gmt":"2025-04-13T14:49:19","guid":{"rendered":"https:\/\/ppdegalicia.com\/?p=66621"},"modified":"2025-04-13T15:49:19","modified_gmt":"2025-04-13T14:49:19","slug":"as-deputadas-carmen-pomar-e-ethel-vazquez-trasladan-a-mozos-e-mozas-os-beneficios-que-teran-co-plan-estratexico-de-xuventude","status":"publish","type":"post","link":"https:\/\/ppdegalicia.com\/es\/as-deputadas-carmen-pomar-e-ethel-vazquez-trasladan-a-mozos-e-mozas-os-beneficios-que-teran-co-plan-estratexico-de-xuventude\/","title":{"rendered":"As deputadas Carmen Pomar e Ethel V\u00e1zquez trasladan a mozos e mozas os beneficios que ter\u00e1n co Plan Estrat\u00e9xico de Xuventude"},"content":{"rendered":"<p>As deputadas populares Carmen Pomar e Ethel V\u00e1zquez mantiveron un encontro con mozos e mozas en Santiago para co\u00f1ecer as s\u00faas preocupaci\u00f3ns e necesidades \u00e1 hora de independizarse e ser aut\u00f3nomos, e explicaron que o novo Plan Estrat\u00e9xico de Xuventude 2025-27 da Xunta facilitaralles as ferramentas, recursos e oportunidades necesarios para o seu pleno desenvolvemento na vida activa e a s\u00faa emancipaci\u00f3n.<\/p>\n<p>Carmen Pomar e Ethel V\u00e1zquez explicaron que o novo Plan Estrat\u00e9xico de Xuventude conta cunha dotaci\u00f3n econ\u00f3mica de m\u00e1is de 700 mill\u00f3ns de euros e incl\u00fae m\u00e1is de 130 medidas a desenvolver nos vindeiros tres anos para facilitar a empregabilidade da xente moza, o seu benestar e contribu\u00edr \u00e1 s\u00faa emancipaci\u00f3n.<\/p>\n<p><strong>500 NOVAS PRAZAS EN RESIDENCIAS<\/strong><\/p>\n<p>\u201cOs mozos e mozas puxeron enriba da mesa que a vivenda, a mobilidade internacional, a inserci\u00f3n laboral ou a sa\u00fade mental son os temas que m\u00e1is lles preocupan e demandan, e para iso consideran necesarios plans espec\u00edficos que te\u00f1an en conta as dificultades que te\u00f1en nestes \u00e1mbitos e acci\u00f3ns concretas destinadas a minoralas\u201d, indicaron as deputadas populares.<\/p>\n<p>Ademais de incorporar medidas concretas para atender estas demandas da xuventude, o Plan Estrat\u00e9xico tam\u00e9n incl\u00fae a creaci\u00f3n de 500 novas prazas en residencias para os mozos que estean estudando ou aqueles se procedan \u00e1 s\u00faa incorporaci\u00f3n ao mercado laboral.<\/p>\n","protected":false},"excerpt":{"rendered":"<p>As deputadas populares Carmen Pomar e Ethel V\u00e1zquez mantiveron un encontro con mozos e mozas en Santiago para co\u00f1ecer as s\u00faas preocupaci\u00f3ns e necesidades \u00e1 hora de independizarse e ser aut\u00f3nomos, e explicaron que o novo Plan Estrat\u00e9xico de Xuventude 2025-27 da Xunta facilitaralles as ferramentas, recursos e oportunidades necesarios para o seu pleno desenvolvemento [&hellip;]<\/p>\n","protected":false},"author":38,"featured_media":66622,"comment_status":"closed","ping_status":"open","sticky":false,"template":"","format":"standard","meta":{"_acf_changed":false,"footnotes":""},"categories":[1128],"tags":[],"class_list":["post-66621","post","type-post","status-publish","format-standard","has-post-thumbnail","hentry","category-actualidad-parlamento-de-galicia"],"acf":[],"yoast_head":"<!-- This site is optimized with the Yoast SEO plugin v27.3 - https:\/\/yoast.com\/product\/yoast-seo-wordpress\/ -->\n<title>As deputadas Carmen Pomar e Ethel V\u00e1zquez trasladan a mozos e mozas os beneficios que ter\u00e1n co Plan Estrat\u00e9xico de Xuventude - PP de Galicia<\/title>\n<meta name=\"description\" content=\"As deputadas populares Carmen Pomar e Ethel V\u00e1zquez mantiveron un encontro con mozos e mozas en Santiago para co\u00f1ecer as s\u00faas preocupaci\u00f3ns e necesidades \u00e1 hora de independizarse e ser aut\u00f3nomos, e explicaron que o novo Plan Estrat\u00e9xico de Xuventude 2025-27 da Xunta facilitaralles as ferramentas, recursos e oportunidades necesarios para o seu pleno desenvolvemento na vida activa e a s\u00faa emancipaci\u00f3n.\" \/>\n<meta name=\"robots\" content=\"index, follow, max-snippet:-1, max-image-preview:large, max-video-preview:-1\" \/>\n<link rel=\"canonical\" href=\"https:\/\/ppdegalicia.com\/es\/as-deputadas-carmen-pomar-e-ethel-vazquez-trasladan-a-mozos-e-mozas-os-beneficios-que-teran-co-plan-estratexico-de-xuventude\/\" \/>\n<meta property=\"og:locale\" content=\"es_ES\" \/>\n<meta property=\"og:type\" content=\"article\" \/>\n<meta property=\"og:title\" content=\"As deputadas Carmen Pomar e Ethel V\u00e1zquez trasladan a mozos e mozas os beneficios que ter\u00e1n co Plan Estrat\u00e9xico de Xuventude - PP de Galicia\" \/>\n<meta property=\"og:description\" content=\"As deputadas populares Carmen Pomar e Ethel V\u00e1zquez mantiveron un encontro con mozos e mozas en Santiago para co\u00f1ecer as s\u00faas preocupaci\u00f3ns e necesidades \u00e1 hora de independizarse e ser aut\u00f3nomos, e explicaron que o novo Plan Estrat\u00e9xico de Xuventude 2025-27 da Xunta facilitaralles as ferramentas, recursos e oportunidades necesarios para o seu pleno desenvolvemento na vida activa e a s\u00faa emancipaci\u00f3n.\" \/>\n<meta property=\"og:url\" content=\"https:\/\/ppdegalicia.com\/es\/as-deputadas-carmen-pomar-e-ethel-vazquez-trasladan-a-mozos-e-mozas-os-beneficios-que-teran-co-plan-estratexico-de-xuventude\/\" \/>\n<meta property=\"og:site_name\" content=\"PP de Galicia\" \/>\n<meta property=\"article:publisher\" content=\"https:\/\/www.instagram.com\/ppdegalicia\/\" \/>\n<meta property=\"article:published_time\" content=\"2025-04-13T14:49:19+00:00\" \/>\n<meta property=\"og:image\" content=\"https:\/\/ppdegalicia.com\/wp-content\/uploads\/2025\/04\/Ethel-Vazquez-e-Carmen-Pomar-con-xovenes-02-scaled.jpg\" \/>\n\t<meta property=\"og:image:width\" content=\"2560\" \/>\n\t<meta property=\"og:image:height\" content=\"1920\" \/>\n\t<meta property=\"og:image:type\" content=\"image\/jpeg\" \/>\n<meta name=\"author\" content=\"ppdegaliciaredes\" \/>\n<meta name=\"twitter:card\" content=\"summary_large_image\" \/>\n<meta name=\"twitter:creator\" content=\"@ppdegalicia\" \/>\n<meta name=\"twitter:site\" content=\"@ppdegalicia\" \/>\n<meta name=\"twitter:label1\" content=\"Escrito por\" \/>\n\t<meta name=\"twitter:data1\" content=\"ppdegaliciaredes\" \/>\n\t<meta name=\"twitter:label2\" content=\"Tiempo de lectura\" \/>\n\t<meta name=\"twitter:data2\" content=\"2 minutos\" \/>\n<script type=\"application\/ld+json\" class=\"yoast-schema-graph\">{\"@context\":\"https:\\\/\\\/schema.org\",\"@graph\":[{\"@type\":\"Article\",\"@id\":\"https:\\\/\\\/ppdegalicia.com\\\/es\\\/as-deputadas-carmen-pomar-e-ethel-vazquez-trasladan-a-mozos-e-mozas-os-beneficios-que-teran-co-plan-estratexico-de-xuventude\\\/#article\",\"isPartOf\":{\"@id\":\"https:\\\/\\\/ppdegalicia.com\\\/es\\\/as-deputadas-carmen-pomar-e-ethel-vazquez-trasladan-a-mozos-e-mozas-os-beneficios-que-teran-co-plan-estratexico-de-xuventude\\\/\"},\"author\":{\"name\":\"ppdegaliciaredes\",\"@id\":\"https:\\\/\\\/ppdegalicia.com\\\/es\\\/#\\\/schema\\\/person\\\/5b822c6f59e872ebdd1142f307dbcb59\"},\"headline\":\"As deputadas Carmen Pomar e Ethel V\u00e1zquez trasladan a mozos e mozas os beneficios que ter\u00e1n co Plan Estrat\u00e9xico de Xuventude\",\"datePublished\":\"2025-04-13T14:49:19+00:00\",\"mainEntityOfPage\":{\"@id\":\"https:\\\/\\\/ppdegalicia.com\\\/es\\\/as-deputadas-carmen-pomar-e-ethel-vazquez-trasladan-a-mozos-e-mozas-os-beneficios-que-teran-co-plan-estratexico-de-xuventude\\\/\"},\"wordCount\":264,\"publisher\":{\"@id\":\"https:\\\/\\\/ppdegalicia.com\\\/es\\\/#organization\"},\"image\":{\"@id\":\"https:\\\/\\\/ppdegalicia.com\\\/es\\\/as-deputadas-carmen-pomar-e-ethel-vazquez-trasladan-a-mozos-e-mozas-os-beneficios-que-teran-co-plan-estratexico-de-xuventude\\\/#primaryimage\"},\"thumbnailUrl\":\"https:\\\/\\\/ppdegalicia.com\\\/wp-content\\\/uploads\\\/2025\\\/04\\\/Ethel-Vazquez-e-Carmen-Pomar-con-xovenes-02-scaled.jpg\",\"articleSection\":[\"Parlamento de Galicia\"],\"inLanguage\":\"es\"},{\"@type\":\"WebPage\",\"@id\":\"https:\\\/\\\/ppdegalicia.com\\\/es\\\/as-deputadas-carmen-pomar-e-ethel-vazquez-trasladan-a-mozos-e-mozas-os-beneficios-que-teran-co-plan-estratexico-de-xuventude\\\/\",\"url\":\"https:\\\/\\\/ppdegalicia.com\\\/es\\\/as-deputadas-carmen-pomar-e-ethel-vazquez-trasladan-a-mozos-e-mozas-os-beneficios-que-teran-co-plan-estratexico-de-xuventude\\\/\",\"name\":\"As deputadas Carmen Pomar e Ethel V\u00e1zquez trasladan a mozos e mozas os beneficios que ter\u00e1n co Plan Estrat\u00e9xico de Xuventude - PP de Galicia\",\"isPartOf\":{\"@id\":\"https:\\\/\\\/ppdegalicia.com\\\/es\\\/#website\"},\"primaryImageOfPage\":{\"@id\":\"https:\\\/\\\/ppdegalicia.com\\\/es\\\/as-deputadas-carmen-pomar-e-ethel-vazquez-trasladan-a-mozos-e-mozas-os-beneficios-que-teran-co-plan-estratexico-de-xuventude\\\/#primaryimage\"},\"image\":{\"@id\":\"https:\\\/\\\/ppdegalicia.com\\\/es\\\/as-deputadas-carmen-pomar-e-ethel-vazquez-trasladan-a-mozos-e-mozas-os-beneficios-que-teran-co-plan-estratexico-de-xuventude\\\/#primaryimage\"},\"thumbnailUrl\":\"https:\\\/\\\/ppdegalicia.com\\\/wp-content\\\/uploads\\\/2025\\\/04\\\/Ethel-Vazquez-e-Carmen-Pomar-con-xovenes-02-scaled.jpg\",\"datePublished\":\"2025-04-13T14:49:19+00:00\",\"description\":\"As deputadas populares Carmen Pomar e Ethel V\u00e1zquez mantiveron un encontro con mozos e mozas en Santiago para co\u00f1ecer as s\u00faas preocupaci\u00f3ns e necesidades \u00e1 hora de independizarse e ser aut\u00f3nomos, e explicaron que o novo Plan Estrat\u00e9xico de Xuventude 2025-27 da Xunta facilitaralles as ferramentas, recursos e oportunidades necesarios para o seu pleno desenvolvemento na vida activa e a s\u00faa emancipaci\u00f3n.\",\"breadcrumb\":{\"@id\":\"https:\\\/\\\/ppdegalicia.com\\\/es\\\/as-deputadas-carmen-pomar-e-ethel-vazquez-trasladan-a-mozos-e-mozas-os-beneficios-que-teran-co-plan-estratexico-de-xuventude\\\/#breadcrumb\"},\"inLanguage\":\"es\",\"potentialAction\":[{\"@type\":\"ReadAction\",\"target\":[\"https:\\\/\\\/ppdegalicia.com\\\/es\\\/as-deputadas-carmen-pomar-e-ethel-vazquez-trasladan-a-mozos-e-mozas-os-beneficios-que-teran-co-plan-estratexico-de-xuventude\\\/\"]}]},{\"@type\":\"ImageObject\",\"inLanguage\":\"es\",\"@id\":\"https:\\\/\\\/ppdegalicia.com\\\/es\\\/as-deputadas-carmen-pomar-e-ethel-vazquez-trasladan-a-mozos-e-mozas-os-beneficios-que-teran-co-plan-estratexico-de-xuventude\\\/#primaryimage\",\"url\":\"https:\\\/\\\/ppdegalicia.com\\\/wp-content\\\/uploads\\\/2025\\\/04\\\/Ethel-Vazquez-e-Carmen-Pomar-con-xovenes-02-scaled.jpg\",\"contentUrl\":\"https:\\\/\\\/ppdegalicia.com\\\/wp-content\\\/uploads\\\/2025\\\/04\\\/Ethel-Vazquez-e-Carmen-Pomar-con-xovenes-02-scaled.jpg\",\"width\":2560,\"height\":1920},{\"@type\":\"BreadcrumbList\",\"@id\":\"https:\\\/\\\/ppdegalicia.com\\\/es\\\/as-deputadas-carmen-pomar-e-ethel-vazquez-trasladan-a-mozos-e-mozas-os-beneficios-que-teran-co-plan-estratexico-de-xuventude\\\/#breadcrumb\",\"itemListElement\":[{\"@type\":\"ListItem\",\"position\":1,\"name\":\"Portada\",\"item\":\"https:\\\/\\\/ppdegalicia.com\\\/es\\\/\"},{\"@type\":\"ListItem\",\"position\":2,\"name\":\"As deputadas Carmen Pomar e Ethel V\u00e1zquez trasladan a mozos e mozas os beneficios que ter\u00e1n co Plan Estrat\u00e9xico de Xuventude\"}]},{\"@type\":\"WebSite\",\"@id\":\"https:\\\/\\\/ppdegalicia.com\\\/es\\\/#website\",\"url\":\"https:\\\/\\\/ppdegalicia.com\\\/es\\\/\",\"name\":\"Partido Popular de Galicia\",\"description\":\"Partido Popular de Galicia\",\"publisher\":{\"@id\":\"https:\\\/\\\/ppdegalicia.com\\\/es\\\/#organization\"},\"alternateName\":\"PP de Galicia\",\"potentialAction\":[{\"@type\":\"SearchAction\",\"target\":{\"@type\":\"EntryPoint\",\"urlTemplate\":\"https:\\\/\\\/ppdegalicia.com\\\/es\\\/?s={search_term_string}\"},\"query-input\":{\"@type\":\"PropertyValueSpecification\",\"valueRequired\":true,\"valueName\":\"search_term_string\"}}],\"inLanguage\":\"es\"},{\"@type\":\"Organization\",\"@id\":\"https:\\\/\\\/ppdegalicia.com\\\/es\\\/#organization\",\"name\":\"Partido Popular de Galicia\",\"alternateName\":\"PP de Galicia\",\"url\":\"https:\\\/\\\/ppdegalicia.com\\\/es\\\/\",\"logo\":{\"@type\":\"ImageObject\",\"inLanguage\":\"es\",\"@id\":\"https:\\\/\\\/ppdegalicia.com\\\/es\\\/#\\\/schema\\\/logo\\\/image\\\/\",\"url\":\"https:\\\/\\\/ppdegalicia.com\\\/wp-content\\\/uploads\\\/2023\\\/04\\\/logoPP512.png\",\"contentUrl\":\"https:\\\/\\\/ppdegalicia.com\\\/wp-content\\\/uploads\\\/2023\\\/04\\\/logoPP512.png\",\"width\":512,\"height\":512,\"caption\":\"Partido Popular de Galicia\"},\"image\":{\"@id\":\"https:\\\/\\\/ppdegalicia.com\\\/es\\\/#\\\/schema\\\/logo\\\/image\\\/\"},\"sameAs\":[\"https:\\\/\\\/www.instagram.com\\\/ppdegalicia\\\/\",\"https:\\\/\\\/x.com\\\/ppdegalicia\",\"https:\\\/\\\/www.tiktok.com\\\/@ppdegalicia\",\"https:\\\/\\\/www.youtube.com\\\/user\\\/ppdegalicia\"]},{\"@type\":\"Person\",\"@id\":\"https:\\\/\\\/ppdegalicia.com\\\/es\\\/#\\\/schema\\\/person\\\/5b822c6f59e872ebdd1142f307dbcb59\",\"name\":\"ppdegaliciaredes\",\"image\":{\"@type\":\"ImageObject\",\"inLanguage\":\"es\",\"@id\":\"https:\\\/\\\/secure.gravatar.com\\\/avatar\\\/3c9179cf0256d00c72a48d1f25783c58b6842cd56e85ef3a572881c8e28ccd59?s=96&d=mm&r=g\",\"url\":\"https:\\\/\\\/secure.gravatar.com\\\/avatar\\\/3c9179cf0256d00c72a48d1f25783c58b6842cd56e85ef3a572881c8e28ccd59?s=96&d=mm&r=g\",\"contentUrl\":\"https:\\\/\\\/secure.gravatar.com\\\/avatar\\\/3c9179cf0256d00c72a48d1f25783c58b6842cd56e85ef3a572881c8e28ccd59?s=96&d=mm&r=g\",\"caption\":\"ppdegaliciaredes\"},\"url\":\"https:\\\/\\\/ppdegalicia.com\\\/es\\\/author\\\/ppdegaliciaredes\\\/\"}]}<\/script>\n<!-- \/ Yoast SEO plugin. -->","yoast_head_json":{"title":"As deputadas Carmen Pomar e Ethel V\u00e1zquez trasladan a mozos e mozas os beneficios que ter\u00e1n co Plan Estrat\u00e9xico de Xuventude - PP de Galicia","description":"As deputadas populares Carmen Pomar e Ethel V\u00e1zquez mantiveron un encontro con mozos e mozas en Santiago para co\u00f1ecer as s\u00faas preocupaci\u00f3ns e necesidades \u00e1 hora de independizarse e ser aut\u00f3nomos, e explicaron que o novo Plan Estrat\u00e9xico de Xuventude 2025-27 da Xunta facilitaralles as ferramentas, recursos e oportunidades necesarios para o seu pleno desenvolvemento na vida activa e a s\u00faa emancipaci\u00f3n.","robots":{"index":"index","follow":"follow","max-snippet":"max-snippet:-1","max-image-preview":"max-image-preview:large","max-video-preview":"max-video-preview:-1"},"canonical":"https:\/\/ppdegalicia.com\/es\/as-deputadas-carmen-pomar-e-ethel-vazquez-trasladan-a-mozos-e-mozas-os-beneficios-que-teran-co-plan-estratexico-de-xuventude\/","og_locale":"es_ES","og_type":"article","og_title":"As deputadas Carmen Pomar e Ethel V\u00e1zquez trasladan a mozos e mozas os beneficios que ter\u00e1n co Plan Estrat\u00e9xico de Xuventude - PP de Galicia","og_description":"As deputadas populares Carmen Pomar e Ethel V\u00e1zquez mantiveron un encontro con mozos e mozas en Santiago para co\u00f1ecer as s\u00faas preocupaci\u00f3ns e necesidades \u00e1 hora de independizarse e ser aut\u00f3nomos, e explicaron que o novo Plan Estrat\u00e9xico de Xuventude 2025-27 da Xunta facilitaralles as ferramentas, recursos e oportunidades necesarios para o seu pleno desenvolvemento na vida activa e a s\u00faa emancipaci\u00f3n.","og_url":"https:\/\/ppdegalicia.com\/es\/as-deputadas-carmen-pomar-e-ethel-vazquez-trasladan-a-mozos-e-mozas-os-beneficios-que-teran-co-plan-estratexico-de-xuventude\/","og_site_name":"PP de Galicia","article_publisher":"https:\/\/www.instagram.com\/ppdegalicia\/","article_published_time":"2025-04-13T14:49:19+00:00","og_image":[{"width":2560,"height":1920,"url":"https:\/\/ppdegalicia.com\/wp-content\/uploads\/2025\/04\/Ethel-Vazquez-e-Carmen-Pomar-con-xovenes-02-scaled.jpg","type":"image\/jpeg"}],"author":"ppdegaliciaredes","twitter_card":"summary_large_image","twitter_creator":"@ppdegalicia","twitter_site":"@ppdegalicia","twitter_misc":{"Escrito por":"ppdegaliciaredes","Tiempo de lectura":"2 minutos"},"schema":{"@context":"https:\/\/schema.org","@graph":[{"@type":"Article","@id":"https:\/\/ppdegalicia.com\/es\/as-deputadas-carmen-pomar-e-ethel-vazquez-trasladan-a-mozos-e-mozas-os-beneficios-que-teran-co-plan-estratexico-de-xuventude\/#article","isPartOf":{"@id":"https:\/\/ppdegalicia.com\/es\/as-deputadas-carmen-pomar-e-ethel-vazquez-trasladan-a-mozos-e-mozas-os-beneficios-que-teran-co-plan-estratexico-de-xuventude\/"},"author":{"name":"ppdegaliciaredes","@id":"https:\/\/ppdegalicia.com\/es\/#\/schema\/person\/5b822c6f59e872ebdd1142f307dbcb59"},"headline":"As deputadas Carmen Pomar e Ethel V\u00e1zquez trasladan a mozos e mozas os beneficios que ter\u00e1n co Plan Estrat\u00e9xico de Xuventude","datePublished":"2025-04-13T14:49:19+00:00","mainEntityOfPage":{"@id":"https:\/\/ppdegalicia.com\/es\/as-deputadas-carmen-pomar-e-ethel-vazquez-trasladan-a-mozos-e-mozas-os-beneficios-que-teran-co-plan-estratexico-de-xuventude\/"},"wordCount":264,"publisher":{"@id":"https:\/\/ppdegalicia.com\/es\/#organization"},"image":{"@id":"https:\/\/ppdegalicia.com\/es\/as-deputadas-carmen-pomar-e-ethel-vazquez-trasladan-a-mozos-e-mozas-os-beneficios-que-teran-co-plan-estratexico-de-xuventude\/#primaryimage"},"thumbnailUrl":"https:\/\/ppdegalicia.com\/wp-content\/uploads\/2025\/04\/Ethel-Vazquez-e-Carmen-Pomar-con-xovenes-02-scaled.jpg","articleSection":["Parlamento de Galicia"],"inLanguage":"es"},{"@type":"WebPage","@id":"https:\/\/ppdegalicia.com\/es\/as-deputadas-carmen-pomar-e-ethel-vazquez-trasladan-a-mozos-e-mozas-os-beneficios-que-teran-co-plan-estratexico-de-xuventude\/","url":"https:\/\/ppdegalicia.com\/es\/as-deputadas-carmen-pomar-e-ethel-vazquez-trasladan-a-mozos-e-mozas-os-beneficios-que-teran-co-plan-estratexico-de-xuventude\/","name":"As deputadas Carmen Pomar e Ethel V\u00e1zquez trasladan a mozos e mozas os beneficios que ter\u00e1n co Plan Estrat\u00e9xico de Xuventude - PP de Galicia","isPartOf":{"@id":"https:\/\/ppdegalicia.com\/es\/#website"},"primaryImageOfPage":{"@id":"https:\/\/ppdegalicia.com\/es\/as-deputadas-carmen-pomar-e-ethel-vazquez-trasladan-a-mozos-e-mozas-os-beneficios-que-teran-co-plan-estratexico-de-xuventude\/#primaryimage"},"image":{"@id":"https:\/\/ppdegalicia.com\/es\/as-deputadas-carmen-pomar-e-ethel-vazquez-trasladan-a-mozos-e-mozas-os-beneficios-que-teran-co-plan-estratexico-de-xuventude\/#primaryimage"},"thumbnailUrl":"https:\/\/ppdegalicia.com\/wp-content\/uploads\/2025\/04\/Ethel-Vazquez-e-Carmen-Pomar-con-xovenes-02-scaled.jpg","datePublished":"2025-04-13T14:49:19+00:00","description":"As deputadas populares Carmen Pomar e Ethel V\u00e1zquez mantiveron un encontro con mozos e mozas en Santiago para co\u00f1ecer as s\u00faas preocupaci\u00f3ns e necesidades \u00e1 hora de independizarse e ser aut\u00f3nomos, e explicaron que o novo Plan Estrat\u00e9xico de Xuventude 2025-27 da Xunta facilitaralles as ferramentas, recursos e oportunidades necesarios para o seu pleno desenvolvemento na vida activa e a s\u00faa emancipaci\u00f3n.","breadcrumb":{"@id":"https:\/\/ppdegalicia.com\/es\/as-deputadas-carmen-pomar-e-ethel-vazquez-trasladan-a-mozos-e-mozas-os-beneficios-que-teran-co-plan-estratexico-de-xuventude\/#breadcrumb"},"inLanguage":"es","potentialAction":[{"@type":"ReadAction","target":["https:\/\/ppdegalicia.com\/es\/as-deputadas-carmen-pomar-e-ethel-vazquez-trasladan-a-mozos-e-mozas-os-beneficios-que-teran-co-plan-estratexico-de-xuventude\/"]}]},{"@type":"ImageObject","inLanguage":"es","@id":"https:\/\/ppdegalicia.com\/es\/as-deputadas-carmen-pomar-e-ethel-vazquez-trasladan-a-mozos-e-mozas-os-beneficios-que-teran-co-plan-estratexico-de-xuventude\/#primaryimage","url":"https:\/\/ppdegalicia.com\/wp-content\/uploads\/2025\/04\/Ethel-Vazquez-e-Carmen-Pomar-con-xovenes-02-scaled.jpg","contentUrl":"https:\/\/ppdegalicia.com\/wp-content\/uploads\/2025\/04\/Ethel-Vazquez-e-Carmen-Pomar-con-xovenes-02-scaled.jpg","width":2560,"height":1920},{"@type":"BreadcrumbList","@id":"https:\/\/ppdegalicia.com\/es\/as-deputadas-carmen-pomar-e-ethel-vazquez-trasladan-a-mozos-e-mozas-os-beneficios-que-teran-co-plan-estratexico-de-xuventude\/#breadcrumb","itemListElement":[{"@type":"ListItem","position":1,"name":"Portada","item":"https:\/\/ppdegalicia.com\/es\/"},{"@type":"ListItem","position":2,"name":"As deputadas Carmen Pomar e Ethel V\u00e1zquez trasladan a mozos e mozas os beneficios que ter\u00e1n co Plan Estrat\u00e9xico de Xuventude"}]},{"@type":"WebSite","@id":"https:\/\/ppdegalicia.com\/es\/#website","url":"https:\/\/ppdegalicia.com\/es\/","name":"Partido Popular de Galicia","description":"Partido Popular de Galicia","publisher":{"@id":"https:\/\/ppdegalicia.com\/es\/#organization"},"alternateName":"PP de Galicia","potentialAction":[{"@type":"SearchAction","target":{"@type":"EntryPoint","urlTemplate":"https:\/\/ppdegalicia.com\/es\/?s={search_term_string}"},"query-input":{"@type":"PropertyValueSpecification","valueRequired":true,"valueName":"search_term_string"}}],"inLanguage":"es"},{"@type":"Organization","@id":"https:\/\/ppdegalicia.com\/es\/#organization","name":"Partido Popular de Galicia","alternateName":"PP de Galicia","url":"https:\/\/ppdegalicia.com\/es\/","logo":{"@type":"ImageObject","inLanguage":"es","@id":"https:\/\/ppdegalicia.com\/es\/#\/schema\/logo\/image\/","url":"https:\/\/ppdegalicia.com\/wp-content\/uploads\/2023\/04\/logoPP512.png","contentUrl":"https:\/\/ppdegalicia.com\/wp-content\/uploads\/2023\/04\/logoPP512.png","width":512,"height":512,"caption":"Partido Popular de Galicia"},"image":{"@id":"https:\/\/ppdegalicia.com\/es\/#\/schema\/logo\/image\/"},"sameAs":["https:\/\/www.instagram.com\/ppdegalicia\/","https:\/\/x.com\/ppdegalicia","https:\/\/www.tiktok.com\/@ppdegalicia","https:\/\/www.youtube.com\/user\/ppdegalicia"]},{"@type":"Person","@id":"https:\/\/ppdegalicia.com\/es\/#\/schema\/person\/5b822c6f59e872ebdd1142f307dbcb59","name":"ppdegaliciaredes","image":{"@type":"ImageObject","inLanguage":"es","@id":"https:\/\/secure.gravatar.com\/avatar\/3c9179cf0256d00c72a48d1f25783c58b6842cd56e85ef3a572881c8e28ccd59?s=96&d=mm&r=g","url":"https:\/\/secure.gravatar.com\/avatar\/3c9179cf0256d00c72a48d1f25783c58b6842cd56e85ef3a572881c8e28ccd59?s=96&d=mm&r=g","contentUrl":"https:\/\/secure.gravatar.com\/avatar\/3c9179cf0256d00c72a48d1f25783c58b6842cd56e85ef3a572881c8e28ccd59?s=96&d=mm&r=g","caption":"ppdegaliciaredes"},"url":"https:\/\/ppdegalicia.com\/es\/author\/ppdegaliciaredes\/"}]}},"_links":{"self":[{"href":"https:\/\/ppdegalicia.com\/es\/wp-json\/wp\/v2\/posts\/66621","targetHints":{"allow":["GET"]}}],"collection":[{"href":"https:\/\/ppdegalicia.com\/es\/wp-json\/wp\/v2\/posts"}],"about":[{"href":"https:\/\/ppdegalicia.com\/es\/wp-json\/wp\/v2\/types\/post"}],"author":[{"embeddable":true,"href":"https:\/\/ppdegalicia.com\/es\/wp-json\/wp\/v2\/users\/38"}],"replies":[{"embeddable":true,"href":"https:\/\/ppdegalicia.com\/es\/wp-json\/wp\/v2\/comments?post=66621"}],"version-history":[{"count":1,"href":"https:\/\/ppdegalicia.com\/es\/wp-json\/wp\/v2\/posts\/66621\/revisions"}],"predecessor-version":[{"id":66624,"href":"https:\/\/ppdegalicia.com\/es\/wp-json\/wp\/v2\/posts\/66621\/revisions\/66624"}],"wp:featuredmedia":[{"embeddable":true,"href":"https:\/\/ppdegalicia.com\/es\/wp-json\/wp\/v2\/media\/66622"}],"wp:attachment":[{"href":"https:\/\/ppdegalicia.com\/es\/wp-json\/wp\/v2\/media?parent=66621"}],"wp:term":[{"taxonomy":"category","embeddable":true,"href":"https:\/\/ppdegalicia.com\/es\/wp-json\/wp\/v2\/categories?post=66621"},{"taxonomy":"post_tag","embeddable":true,"href":"https:\/\/ppdegalicia.com\/es\/wp-json\/wp\/v2\/tags?post=66621"}],"curies":[{"name":"wp","href":"https:\/\/api.w.org\/{rel}","templated":true}]}}