{"id":66625,"date":"2025-04-12T08:48:58","date_gmt":"2025-04-12T07:48:58","guid":{"rendered":"https:\/\/ppdegalicia.com\/?p=66625"},"modified":"2025-04-14T08:50:56","modified_gmt":"2025-04-14T07:50:56","slug":"paula-prado-reivindica-ao-ppdeg-desde-larouco-como-o-partido-das-mulleres-e-do-rural","status":"publish","type":"post","link":"https:\/\/ppdegalicia.com\/es\/paula-prado-reivindica-ao-ppdeg-desde-larouco-como-o-partido-das-mulleres-e-do-rural\/","title":{"rendered":"Paula Prado reivindica ao PPdeG desde Larouco como o partido das mulleres e do rural"},"content":{"rendered":"<p>A secretaria xeral dos populares galegos, Paula Prado, reivindicou hoxe desde Larouco ao PPdeG como \u201co partido das mulleres e do rural\u201d, salientando que \u00e9 a formaci\u00f3n con m\u00e1is alcaldesas en toda Galicia, un total de 29, e que gran parte delas, como Patricia Lamela, lideran pequenos concellos.<\/p>\n<p>Paula Prado visitou este s\u00e1bado o n\u00facleo de Larouco, as\u00ed como a parroquia de Seadur, acompa\u00f1ada da alcaldesa Patricia Lamela; da secretaria xeral provincial do PP de Ourense, Sandra Quintas; dos deputados auton\u00f3micos Miguel \u00c1ngel Viso e V\u00edctor Baladr\u00f3n; e doutros representantes populares.<\/p>\n<p>Al\u00ed, a secretaria xeral salientou que Patricia \u00e9 unha das 29 alcaldesas do PP de Galicia, unha cifra que converte ao partido no que m\u00e1is ten na Comunidade e, ademais, case a metade, un total de 13, son da provincia de Ourense. \u201cAgardo que nas pr\u00f3ximas elecci\u00f3ns municipais incrementemos ese liderado feminino que tanto estamos a impulsar desde o PPdeG\u201d, lanzou.<\/p>\n<p>Por este e outros moitos motivos, subli\u00f1ou, o PPdeG \u00e9 a formaci\u00f3n \u201cmellor preparada para levar a cabo pol\u00edticas en feminino\u201d, baixo o liderado de Alfonso Rueda, do que ma\u00f1\u00e1, lembrou, se cumpre o primeiro ano da toma de posesi\u00f3n da s\u00faa primeira maior\u00eda absoluta.<\/p>\n<p>A n\u00famero dous dos populares galegos puxo de exemplo a Larouco do \u201clabor, liderado e emprendemento\u201d das mulleres do rural galego: \u201cDesde o PPdeG queremos dar as grazas a todas esas mulleres que fixeron tanto polo rural galego e po\u00f1er en valor que cada vez hai m\u00e1is mulleres facendo Galicia no rural\u201d.<\/p>\n<p>\u201c\u00c9 de destacar a contribuci\u00f3n inmensa das mulleres galegas ao desenvolvemento econ\u00f3mico da nosa Comunidade, unha contribuci\u00f3n que merece ser celebrada e reco\u00f1ecida\u201d, engadiu, e asegurou que o PPdeG desexa que \u201ca Galicia rural siga viva, que a remuda xeracional sexa unha realidade e que a muller siga sendo protagonista\u201d.<\/p>\n<p><strong>FAMILIAS QUE \u201cQUEREN SEGUIR VIVINDO EN LAROUCO\u201d<\/strong><\/p>\n<p>Por \u00faltimo, Paula Prado puxo a Patricia Lamela, que vai cumprir 6 anos sendo alcaldesa, como unha \u201creferente\u201d na comarca de Valdeorras, ao tratarse dunha muller \u201cvalente, que defende aos seus veci\u00f1os\u201d, e un \u201cexemplo para todas as mozas que est\u00e1n empezando na pol\u00edtica\u201d.<\/p>\n<p>Pola s\u00faa banda, a rexedora destacou que Larouco, con m\u00e1is de medio millar de habitantes, \u00e9 \u201cun concello que se mant\u00e9n en poboaci\u00f3n\u201d \u2014naceron 17 nenos nos \u00faltimos anos\u2014, e sinalou como unha das raz\u00f3ns \u201co emprendemento en xeral e, en especial, desas novas empresas que se crearon na s\u00faa maior\u00eda en clave feminina\u201d.<\/p>\n<p>\u201cTemos empresas que levan moitos anos, pero hai que destacar que as novas creaci\u00f3ns foron de emprendemento feminino, as\u00ed que hoxe o meu agradecemento vai a todas esas mulleres que seguen pensando no rural, que seguen querendo vivir no rural e que vinculan a s\u00faa vida a negocios do rural\u201d, abundou Patricia Lamela.<\/p>\n<p>Tr\u00e1tase, conclu\u00edu, de familias, veci\u00f1as e veci\u00f1os que \u201ccren nas s\u00faas empresas, cren en Larouco, non se marchan e seguen querendo vivir aqu\u00ed\u201d.<\/p>\n","protected":false},"excerpt":{"rendered":"<p>A secretaria xeral dos populares galegos, Paula Prado, reivindicou hoxe desde Larouco ao PPdeG como \u201co partido das mulleres e do rural\u201d, salientando que \u00e9 a formaci\u00f3n con m\u00e1is alcaldesas en toda Galicia, un total de 29, e que gran parte delas, como Patricia Lamela, lideran pequenos concellos. Paula Prado visitou este s\u00e1bado o n\u00facleo [&hellip;]<\/p>\n","protected":false},"author":38,"featured_media":66626,"comment_status":"closed","ping_status":"open","sticky":false,"template":"","format":"standard","meta":{"_acf_changed":false,"footnotes":""},"categories":[1],"tags":[],"class_list":["post-66625","post","type-post","status-publish","format-standard","has-post-thumbnail","hentry","category-pp-de-galicia"],"acf":[],"yoast_head":"<!-- This site is optimized with the Yoast SEO plugin v27.3 - https:\/\/yoast.com\/product\/yoast-seo-wordpress\/ -->\n<title>Paula Prado reivindica ao PPdeG desde Larouco como o partido das mulleres e do rural - PP de Galicia<\/title>\n<meta name=\"description\" content=\"A secretaria xeral dos populares galegos, Paula Prado, reivindicou hoxe desde Larouco ao PPdeG como \u201co partido das mulleres e do rural\u201d, salientando que \u00e9 a formaci\u00f3n con m\u00e1is alcaldesas en toda Galicia, un total de 29, e que gran parte delas, como Patricia Lamela, lideran pequenos concellos.\" \/>\n<meta name=\"robots\" content=\"index, follow, max-snippet:-1, max-image-preview:large, max-video-preview:-1\" \/>\n<link rel=\"canonical\" href=\"https:\/\/ppdegalicia.com\/es\/paula-prado-reivindica-ao-ppdeg-desde-larouco-como-o-partido-das-mulleres-e-do-rural\/\" \/>\n<meta property=\"og:locale\" content=\"es_ES\" \/>\n<meta property=\"og:type\" content=\"article\" \/>\n<meta property=\"og:title\" content=\"Paula Prado reivindica ao PPdeG desde Larouco como o partido das mulleres e do rural - PP de Galicia\" \/>\n<meta property=\"og:description\" content=\"A secretaria xeral dos populares galegos, Paula Prado, reivindicou hoxe desde Larouco ao PPdeG como \u201co partido das mulleres e do rural\u201d, salientando que \u00e9 a formaci\u00f3n con m\u00e1is alcaldesas en toda Galicia, un total de 29, e que gran parte delas, como Patricia Lamela, lideran pequenos concellos.\" \/>\n<meta property=\"og:url\" content=\"https:\/\/ppdegalicia.com\/es\/paula-prado-reivindica-ao-ppdeg-desde-larouco-como-o-partido-das-mulleres-e-do-rural\/\" \/>\n<meta property=\"og:site_name\" content=\"PP de Galicia\" \/>\n<meta property=\"article:publisher\" content=\"https:\/\/www.instagram.com\/ppdegalicia\/\" \/>\n<meta property=\"article:published_time\" content=\"2025-04-12T07:48:58+00:00\" \/>\n<meta property=\"article:modified_time\" content=\"2025-04-14T07:50:56+00:00\" \/>\n<meta property=\"og:image\" content=\"https:\/\/ppdegalicia.com\/wp-content\/uploads\/2025\/04\/20250412_PPrado_Larouco_3-scaled.jpg\" \/>\n\t<meta property=\"og:image:width\" content=\"2560\" \/>\n\t<meta property=\"og:image:height\" content=\"1706\" \/>\n\t<meta property=\"og:image:type\" content=\"image\/jpeg\" \/>\n<meta name=\"author\" content=\"ppdegaliciaredes\" \/>\n<meta name=\"twitter:card\" content=\"summary_large_image\" \/>\n<meta name=\"twitter:creator\" content=\"@ppdegalicia\" \/>\n<meta name=\"twitter:site\" content=\"@ppdegalicia\" \/>\n<meta name=\"twitter:label1\" content=\"Escrito por\" \/>\n\t<meta name=\"twitter:data1\" content=\"ppdegaliciaredes\" \/>\n\t<meta name=\"twitter:label2\" content=\"Tiempo de lectura\" \/>\n\t<meta name=\"twitter:data2\" content=\"3 minutos\" \/>\n<script type=\"application\/ld+json\" class=\"yoast-schema-graph\">{\"@context\":\"https:\\\/\\\/schema.org\",\"@graph\":[{\"@type\":\"Article\",\"@id\":\"https:\\\/\\\/ppdegalicia.com\\\/es\\\/paula-prado-reivindica-ao-ppdeg-desde-larouco-como-o-partido-das-mulleres-e-do-rural\\\/#article\",\"isPartOf\":{\"@id\":\"https:\\\/\\\/ppdegalicia.com\\\/es\\\/paula-prado-reivindica-ao-ppdeg-desde-larouco-como-o-partido-das-mulleres-e-do-rural\\\/\"},\"author\":{\"name\":\"ppdegaliciaredes\",\"@id\":\"https:\\\/\\\/ppdegalicia.com\\\/es\\\/#\\\/schema\\\/person\\\/5b822c6f59e872ebdd1142f307dbcb59\"},\"headline\":\"Paula Prado reivindica ao PPdeG desde Larouco como o partido das mulleres e do rural\",\"datePublished\":\"2025-04-12T07:48:58+00:00\",\"dateModified\":\"2025-04-14T07:50:56+00:00\",\"mainEntityOfPage\":{\"@id\":\"https:\\\/\\\/ppdegalicia.com\\\/es\\\/paula-prado-reivindica-ao-ppdeg-desde-larouco-como-o-partido-das-mulleres-e-do-rural\\\/\"},\"wordCount\":526,\"publisher\":{\"@id\":\"https:\\\/\\\/ppdegalicia.com\\\/es\\\/#organization\"},\"image\":{\"@id\":\"https:\\\/\\\/ppdegalicia.com\\\/es\\\/paula-prado-reivindica-ao-ppdeg-desde-larouco-como-o-partido-das-mulleres-e-do-rural\\\/#primaryimage\"},\"thumbnailUrl\":\"https:\\\/\\\/ppdegalicia.com\\\/wp-content\\\/uploads\\\/2025\\\/04\\\/20250412_PPrado_Larouco_3-scaled.jpg\",\"articleSection\":[\"PP de Galicia\"],\"inLanguage\":\"es\"},{\"@type\":\"WebPage\",\"@id\":\"https:\\\/\\\/ppdegalicia.com\\\/es\\\/paula-prado-reivindica-ao-ppdeg-desde-larouco-como-o-partido-das-mulleres-e-do-rural\\\/\",\"url\":\"https:\\\/\\\/ppdegalicia.com\\\/es\\\/paula-prado-reivindica-ao-ppdeg-desde-larouco-como-o-partido-das-mulleres-e-do-rural\\\/\",\"name\":\"Paula Prado reivindica ao PPdeG desde Larouco como o partido das mulleres e do rural - PP de Galicia\",\"isPartOf\":{\"@id\":\"https:\\\/\\\/ppdegalicia.com\\\/es\\\/#website\"},\"primaryImageOfPage\":{\"@id\":\"https:\\\/\\\/ppdegalicia.com\\\/es\\\/paula-prado-reivindica-ao-ppdeg-desde-larouco-como-o-partido-das-mulleres-e-do-rural\\\/#primaryimage\"},\"image\":{\"@id\":\"https:\\\/\\\/ppdegalicia.com\\\/es\\\/paula-prado-reivindica-ao-ppdeg-desde-larouco-como-o-partido-das-mulleres-e-do-rural\\\/#primaryimage\"},\"thumbnailUrl\":\"https:\\\/\\\/ppdegalicia.com\\\/wp-content\\\/uploads\\\/2025\\\/04\\\/20250412_PPrado_Larouco_3-scaled.jpg\",\"datePublished\":\"2025-04-12T07:48:58+00:00\",\"dateModified\":\"2025-04-14T07:50:56+00:00\",\"description\":\"A secretaria xeral dos populares galegos, Paula Prado, reivindicou hoxe desde Larouco ao PPdeG como \u201co partido das mulleres e do rural\u201d, salientando que \u00e9 a formaci\u00f3n con m\u00e1is alcaldesas en toda Galicia, un total de 29, e que gran parte delas, como Patricia Lamela, lideran pequenos concellos.\",\"breadcrumb\":{\"@id\":\"https:\\\/\\\/ppdegalicia.com\\\/es\\\/paula-prado-reivindica-ao-ppdeg-desde-larouco-como-o-partido-das-mulleres-e-do-rural\\\/#breadcrumb\"},\"inLanguage\":\"es\",\"potentialAction\":[{\"@type\":\"ReadAction\",\"target\":[\"https:\\\/\\\/ppdegalicia.com\\\/es\\\/paula-prado-reivindica-ao-ppdeg-desde-larouco-como-o-partido-das-mulleres-e-do-rural\\\/\"]}]},{\"@type\":\"ImageObject\",\"inLanguage\":\"es\",\"@id\":\"https:\\\/\\\/ppdegalicia.com\\\/es\\\/paula-prado-reivindica-ao-ppdeg-desde-larouco-como-o-partido-das-mulleres-e-do-rural\\\/#primaryimage\",\"url\":\"https:\\\/\\\/ppdegalicia.com\\\/wp-content\\\/uploads\\\/2025\\\/04\\\/20250412_PPrado_Larouco_3-scaled.jpg\",\"contentUrl\":\"https:\\\/\\\/ppdegalicia.com\\\/wp-content\\\/uploads\\\/2025\\\/04\\\/20250412_PPrado_Larouco_3-scaled.jpg\",\"width\":2560,\"height\":1706},{\"@type\":\"BreadcrumbList\",\"@id\":\"https:\\\/\\\/ppdegalicia.com\\\/es\\\/paula-prado-reivindica-ao-ppdeg-desde-larouco-como-o-partido-das-mulleres-e-do-rural\\\/#breadcrumb\",\"itemListElement\":[{\"@type\":\"ListItem\",\"position\":1,\"name\":\"Portada\",\"item\":\"https:\\\/\\\/ppdegalicia.com\\\/es\\\/\"},{\"@type\":\"ListItem\",\"position\":2,\"name\":\"Paula Prado reivindica ao PPdeG desde Larouco como o partido das mulleres e do rural\"}]},{\"@type\":\"WebSite\",\"@id\":\"https:\\\/\\\/ppdegalicia.com\\\/es\\\/#website\",\"url\":\"https:\\\/\\\/ppdegalicia.com\\\/es\\\/\",\"name\":\"Partido Popular de Galicia\",\"description\":\"Partido Popular de Galicia\",\"publisher\":{\"@id\":\"https:\\\/\\\/ppdegalicia.com\\\/es\\\/#organization\"},\"alternateName\":\"PP de Galicia\",\"potentialAction\":[{\"@type\":\"SearchAction\",\"target\":{\"@type\":\"EntryPoint\",\"urlTemplate\":\"https:\\\/\\\/ppdegalicia.com\\\/es\\\/?s={search_term_string}\"},\"query-input\":{\"@type\":\"PropertyValueSpecification\",\"valueRequired\":true,\"valueName\":\"search_term_string\"}}],\"inLanguage\":\"es\"},{\"@type\":\"Organization\",\"@id\":\"https:\\\/\\\/ppdegalicia.com\\\/es\\\/#organization\",\"name\":\"Partido Popular de Galicia\",\"alternateName\":\"PP de Galicia\",\"url\":\"https:\\\/\\\/ppdegalicia.com\\\/es\\\/\",\"logo\":{\"@type\":\"ImageObject\",\"inLanguage\":\"es\",\"@id\":\"https:\\\/\\\/ppdegalicia.com\\\/es\\\/#\\\/schema\\\/logo\\\/image\\\/\",\"url\":\"https:\\\/\\\/ppdegalicia.com\\\/wp-content\\\/uploads\\\/2023\\\/04\\\/logoPP512.png\",\"contentUrl\":\"https:\\\/\\\/ppdegalicia.com\\\/wp-content\\\/uploads\\\/2023\\\/04\\\/logoPP512.png\",\"width\":512,\"height\":512,\"caption\":\"Partido Popular de Galicia\"},\"image\":{\"@id\":\"https:\\\/\\\/ppdegalicia.com\\\/es\\\/#\\\/schema\\\/logo\\\/image\\\/\"},\"sameAs\":[\"https:\\\/\\\/www.instagram.com\\\/ppdegalicia\\\/\",\"https:\\\/\\\/x.com\\\/ppdegalicia\",\"https:\\\/\\\/www.tiktok.com\\\/@ppdegalicia\",\"https:\\\/\\\/www.youtube.com\\\/user\\\/ppdegalicia\"]},{\"@type\":\"Person\",\"@id\":\"https:\\\/\\\/ppdegalicia.com\\\/es\\\/#\\\/schema\\\/person\\\/5b822c6f59e872ebdd1142f307dbcb59\",\"name\":\"ppdegaliciaredes\",\"image\":{\"@type\":\"ImageObject\",\"inLanguage\":\"es\",\"@id\":\"https:\\\/\\\/secure.gravatar.com\\\/avatar\\\/3c9179cf0256d00c72a48d1f25783c58b6842cd56e85ef3a572881c8e28ccd59?s=96&d=mm&r=g\",\"url\":\"https:\\\/\\\/secure.gravatar.com\\\/avatar\\\/3c9179cf0256d00c72a48d1f25783c58b6842cd56e85ef3a572881c8e28ccd59?s=96&d=mm&r=g\",\"contentUrl\":\"https:\\\/\\\/secure.gravatar.com\\\/avatar\\\/3c9179cf0256d00c72a48d1f25783c58b6842cd56e85ef3a572881c8e28ccd59?s=96&d=mm&r=g\",\"caption\":\"ppdegaliciaredes\"},\"url\":\"https:\\\/\\\/ppdegalicia.com\\\/es\\\/author\\\/ppdegaliciaredes\\\/\"}]}<\/script>\n<!-- \/ Yoast SEO plugin. -->","yoast_head_json":{"title":"Paula Prado reivindica ao PPdeG desde Larouco como o partido das mulleres e do rural - PP de Galicia","description":"A secretaria xeral dos populares galegos, Paula Prado, reivindicou hoxe desde Larouco ao PPdeG como \u201co partido das mulleres e do rural\u201d, salientando que \u00e9 a formaci\u00f3n con m\u00e1is alcaldesas en toda Galicia, un total de 29, e que gran parte delas, como Patricia Lamela, lideran pequenos concellos.","robots":{"index":"index","follow":"follow","max-snippet":"max-snippet:-1","max-image-preview":"max-image-preview:large","max-video-preview":"max-video-preview:-1"},"canonical":"https:\/\/ppdegalicia.com\/es\/paula-prado-reivindica-ao-ppdeg-desde-larouco-como-o-partido-das-mulleres-e-do-rural\/","og_locale":"es_ES","og_type":"article","og_title":"Paula Prado reivindica ao PPdeG desde Larouco como o partido das mulleres e do rural - PP de Galicia","og_description":"A secretaria xeral dos populares galegos, Paula Prado, reivindicou hoxe desde Larouco ao PPdeG como \u201co partido das mulleres e do rural\u201d, salientando que \u00e9 a formaci\u00f3n con m\u00e1is alcaldesas en toda Galicia, un total de 29, e que gran parte delas, como Patricia Lamela, lideran pequenos concellos.","og_url":"https:\/\/ppdegalicia.com\/es\/paula-prado-reivindica-ao-ppdeg-desde-larouco-como-o-partido-das-mulleres-e-do-rural\/","og_site_name":"PP de Galicia","article_publisher":"https:\/\/www.instagram.com\/ppdegalicia\/","article_published_time":"2025-04-12T07:48:58+00:00","article_modified_time":"2025-04-14T07:50:56+00:00","og_image":[{"width":2560,"height":1706,"url":"https:\/\/ppdegalicia.com\/wp-content\/uploads\/2025\/04\/20250412_PPrado_Larouco_3-scaled.jpg","type":"image\/jpeg"}],"author":"ppdegaliciaredes","twitter_card":"summary_large_image","twitter_creator":"@ppdegalicia","twitter_site":"@ppdegalicia","twitter_misc":{"Escrito por":"ppdegaliciaredes","Tiempo de lectura":"3 minutos"},"schema":{"@context":"https:\/\/schema.org","@graph":[{"@type":"Article","@id":"https:\/\/ppdegalicia.com\/es\/paula-prado-reivindica-ao-ppdeg-desde-larouco-como-o-partido-das-mulleres-e-do-rural\/#article","isPartOf":{"@id":"https:\/\/ppdegalicia.com\/es\/paula-prado-reivindica-ao-ppdeg-desde-larouco-como-o-partido-das-mulleres-e-do-rural\/"},"author":{"name":"ppdegaliciaredes","@id":"https:\/\/ppdegalicia.com\/es\/#\/schema\/person\/5b822c6f59e872ebdd1142f307dbcb59"},"headline":"Paula Prado reivindica ao PPdeG desde Larouco como o partido das mulleres e do rural","datePublished":"2025-04-12T07:48:58+00:00","dateModified":"2025-04-14T07:50:56+00:00","mainEntityOfPage":{"@id":"https:\/\/ppdegalicia.com\/es\/paula-prado-reivindica-ao-ppdeg-desde-larouco-como-o-partido-das-mulleres-e-do-rural\/"},"wordCount":526,"publisher":{"@id":"https:\/\/ppdegalicia.com\/es\/#organization"},"image":{"@id":"https:\/\/ppdegalicia.com\/es\/paula-prado-reivindica-ao-ppdeg-desde-larouco-como-o-partido-das-mulleres-e-do-rural\/#primaryimage"},"thumbnailUrl":"https:\/\/ppdegalicia.com\/wp-content\/uploads\/2025\/04\/20250412_PPrado_Larouco_3-scaled.jpg","articleSection":["PP de Galicia"],"inLanguage":"es"},{"@type":"WebPage","@id":"https:\/\/ppdegalicia.com\/es\/paula-prado-reivindica-ao-ppdeg-desde-larouco-como-o-partido-das-mulleres-e-do-rural\/","url":"https:\/\/ppdegalicia.com\/es\/paula-prado-reivindica-ao-ppdeg-desde-larouco-como-o-partido-das-mulleres-e-do-rural\/","name":"Paula Prado reivindica ao PPdeG desde Larouco como o partido das mulleres e do rural - PP de Galicia","isPartOf":{"@id":"https:\/\/ppdegalicia.com\/es\/#website"},"primaryImageOfPage":{"@id":"https:\/\/ppdegalicia.com\/es\/paula-prado-reivindica-ao-ppdeg-desde-larouco-como-o-partido-das-mulleres-e-do-rural\/#primaryimage"},"image":{"@id":"https:\/\/ppdegalicia.com\/es\/paula-prado-reivindica-ao-ppdeg-desde-larouco-como-o-partido-das-mulleres-e-do-rural\/#primaryimage"},"thumbnailUrl":"https:\/\/ppdegalicia.com\/wp-content\/uploads\/2025\/04\/20250412_PPrado_Larouco_3-scaled.jpg","datePublished":"2025-04-12T07:48:58+00:00","dateModified":"2025-04-14T07:50:56+00:00","description":"A secretaria xeral dos populares galegos, Paula Prado, reivindicou hoxe desde Larouco ao PPdeG como \u201co partido das mulleres e do rural\u201d, salientando que \u00e9 a formaci\u00f3n con m\u00e1is alcaldesas en toda Galicia, un total de 29, e que gran parte delas, como Patricia Lamela, lideran pequenos concellos.","breadcrumb":{"@id":"https:\/\/ppdegalicia.com\/es\/paula-prado-reivindica-ao-ppdeg-desde-larouco-como-o-partido-das-mulleres-e-do-rural\/#breadcrumb"},"inLanguage":"es","potentialAction":[{"@type":"ReadAction","target":["https:\/\/ppdegalicia.com\/es\/paula-prado-reivindica-ao-ppdeg-desde-larouco-como-o-partido-das-mulleres-e-do-rural\/"]}]},{"@type":"ImageObject","inLanguage":"es","@id":"https:\/\/ppdegalicia.com\/es\/paula-prado-reivindica-ao-ppdeg-desde-larouco-como-o-partido-das-mulleres-e-do-rural\/#primaryimage","url":"https:\/\/ppdegalicia.com\/wp-content\/uploads\/2025\/04\/20250412_PPrado_Larouco_3-scaled.jpg","contentUrl":"https:\/\/ppdegalicia.com\/wp-content\/uploads\/2025\/04\/20250412_PPrado_Larouco_3-scaled.jpg","width":2560,"height":1706},{"@type":"BreadcrumbList","@id":"https:\/\/ppdegalicia.com\/es\/paula-prado-reivindica-ao-ppdeg-desde-larouco-como-o-partido-das-mulleres-e-do-rural\/#breadcrumb","itemListElement":[{"@type":"ListItem","position":1,"name":"Portada","item":"https:\/\/ppdegalicia.com\/es\/"},{"@type":"ListItem","position":2,"name":"Paula Prado reivindica ao PPdeG desde Larouco como o partido das mulleres e do rural"}]},{"@type":"WebSite","@id":"https:\/\/ppdegalicia.com\/es\/#website","url":"https:\/\/ppdegalicia.com\/es\/","name":"Partido Popular de Galicia","description":"Partido Popular de Galicia","publisher":{"@id":"https:\/\/ppdegalicia.com\/es\/#organization"},"alternateName":"PP de Galicia","potentialAction":[{"@type":"SearchAction","target":{"@type":"EntryPoint","urlTemplate":"https:\/\/ppdegalicia.com\/es\/?s={search_term_string}"},"query-input":{"@type":"PropertyValueSpecification","valueRequired":true,"valueName":"search_term_string"}}],"inLanguage":"es"},{"@type":"Organization","@id":"https:\/\/ppdegalicia.com\/es\/#organization","name":"Partido Popular de Galicia","alternateName":"PP de Galicia","url":"https:\/\/ppdegalicia.com\/es\/","logo":{"@type":"ImageObject","inLanguage":"es","@id":"https:\/\/ppdegalicia.com\/es\/#\/schema\/logo\/image\/","url":"https:\/\/ppdegalicia.com\/wp-content\/uploads\/2023\/04\/logoPP512.png","contentUrl":"https:\/\/ppdegalicia.com\/wp-content\/uploads\/2023\/04\/logoPP512.png","width":512,"height":512,"caption":"Partido Popular de Galicia"},"image":{"@id":"https:\/\/ppdegalicia.com\/es\/#\/schema\/logo\/image\/"},"sameAs":["https:\/\/www.instagram.com\/ppdegalicia\/","https:\/\/x.com\/ppdegalicia","https:\/\/www.tiktok.com\/@ppdegalicia","https:\/\/www.youtube.com\/user\/ppdegalicia"]},{"@type":"Person","@id":"https:\/\/ppdegalicia.com\/es\/#\/schema\/person\/5b822c6f59e872ebdd1142f307dbcb59","name":"ppdegaliciaredes","image":{"@type":"ImageObject","inLanguage":"es","@id":"https:\/\/secure.gravatar.com\/avatar\/3c9179cf0256d00c72a48d1f25783c58b6842cd56e85ef3a572881c8e28ccd59?s=96&d=mm&r=g","url":"https:\/\/secure.gravatar.com\/avatar\/3c9179cf0256d00c72a48d1f25783c58b6842cd56e85ef3a572881c8e28ccd59?s=96&d=mm&r=g","contentUrl":"https:\/\/secure.gravatar.com\/avatar\/3c9179cf0256d00c72a48d1f25783c58b6842cd56e85ef3a572881c8e28ccd59?s=96&d=mm&r=g","caption":"ppdegaliciaredes"},"url":"https:\/\/ppdegalicia.com\/es\/author\/ppdegaliciaredes\/"}]}},"_links":{"self":[{"href":"https:\/\/ppdegalicia.com\/es\/wp-json\/wp\/v2\/posts\/66625","targetHints":{"allow":["GET"]}}],"collection":[{"href":"https:\/\/ppdegalicia.com\/es\/wp-json\/wp\/v2\/posts"}],"about":[{"href":"https:\/\/ppdegalicia.com\/es\/wp-json\/wp\/v2\/types\/post"}],"author":[{"embeddable":true,"href":"https:\/\/ppdegalicia.com\/es\/wp-json\/wp\/v2\/users\/38"}],"replies":[{"embeddable":true,"href":"https:\/\/ppdegalicia.com\/es\/wp-json\/wp\/v2\/comments?post=66625"}],"version-history":[{"count":1,"href":"https:\/\/ppdegalicia.com\/es\/wp-json\/wp\/v2\/posts\/66625\/revisions"}],"predecessor-version":[{"id":66628,"href":"https:\/\/ppdegalicia.com\/es\/wp-json\/wp\/v2\/posts\/66625\/revisions\/66628"}],"wp:featuredmedia":[{"embeddable":true,"href":"https:\/\/ppdegalicia.com\/es\/wp-json\/wp\/v2\/media\/66626"}],"wp:attachment":[{"href":"https:\/\/ppdegalicia.com\/es\/wp-json\/wp\/v2\/media?parent=66625"}],"wp:term":[{"taxonomy":"category","embeddable":true,"href":"https:\/\/ppdegalicia.com\/es\/wp-json\/wp\/v2\/categories?post=66625"},{"taxonomy":"post_tag","embeddable":true,"href":"https:\/\/ppdegalicia.com\/es\/wp-json\/wp\/v2\/tags?post=66625"}],"curies":[{"name":"wp","href":"https:\/\/api.w.org\/{rel}","templated":true}]}}