{"id":66633,"date":"2025-04-11T08:57:11","date_gmt":"2025-04-11T07:57:11","guid":{"rendered":"https:\/\/ppdegalicia.com\/?p=66633"},"modified":"2025-04-14T08:58:28","modified_gmt":"2025-04-14T07:58:28","slug":"o-partido-popular-situase-como-garante-de-que-a-mocidade-galega-poida-elixir-o-seu-futuro-libremente-sen-renunciar-a-nada-e-sen-imposicions","status":"publish","type":"post","link":"https:\/\/ppdegalicia.com\/es\/o-partido-popular-situase-como-garante-de-que-a-mocidade-galega-poida-elixir-o-seu-futuro-libremente-sen-renunciar-a-nada-e-sen-imposicions\/","title":{"rendered":"O Partido Popular sit\u00faase como garante de que a mocidade galega poida elixir o seu futuro libremente, sen renunciar a nada e sen imposici\u00f3ns"},"content":{"rendered":"<p>O PP subli\u00f1a o compromiso do partido e do Goberno do presidente Alfonso Rueda \u00e1 hora de garantir que os mozos e mozas galegas poidan ter o futuro que elixan libremente, sen renunciar a nada e sen imposici\u00f3ns.<\/p>\n<p>As\u00ed o manifestou esta tarde a secretaria xeral do PPdeG, Paula Prado, na clausura do coloquio \u2018Democracia e liberdade: retos futuros para a mocidade\u2019 organizado por Novas Xeraci\u00f3ns en Pontevedra e no que tam\u00e9n participaron as senadoras Marimar Blanco e Pepa Pardo, o eurodeputado Adri\u00e1n V\u00e1zquez, as presidentas auton\u00f3mica e provincial de Novas Xeraci\u00f3ns, Nicole Grueira e Ana Cristina P\u00e9rez, a secretaria xeral do PP provincial, Luisa Pi\u00f1eiro, o presidente local do partido, Rafa Dom\u00ednguez, e o presidente local de Novas Xeraci\u00f3ns e concelleiro, Guille Juncal.<\/p>\n<p>\u201cEn Galicia non dicimos \u2018non\u2019 a todo, como fan outros, sen\u00f3n que dicimos e sempre diremos \u2018si\u2019 ao futuro, \u00e1 democracia, \u00e1 liberdade e \u00e1 mocidade\u201d, asegurou a n\u00famero dous dos populares galegos criticando a aqueles partidos de esquerdas que pretenden \u201cimpo\u00f1er a que universidade ir, onde vivir, en que idioma falar ou en que empresas se pode traballar ou non\u201d.<\/p>\n<p>Fronte a isto, contrapuxo, o PPdeG traballa para ofrecer as m\u00e1ximas posibilidades \u00e1 xuventude \u00e1 hora de facer unha carreira universitaria aforr\u00e1ndose o custo da matr\u00edcula e cunhas taxas que se sit\u00faan entre as m\u00e1is baixas de Espa\u00f1a, elixir entre vivenda p\u00fablica ou contar con numerosas axudas para a adquisici\u00f3n dunha vivenda privada e, as\u00ed mesmo, expresarse no maior n\u00famero de idiomas posible.<\/p>\n<p>Este compromiso \u00e9 o que, na s\u00faa opini\u00f3n, fai que o partido sexa a primeira opci\u00f3n para o electorado menor de 30 anos en Galicia. Non en balde, recordou, nas pasadas elecci\u00f3ns auton\u00f3micas 4 de cada 10 mozos e mozas galegas votaron ao PPdeG. O que sup\u00f3n que \u201cm\u00e1is dun 40% da mocidade galega depositou a s\u00faa confianza en Alfonso Rueda\u201d.<\/p>\n<p>Paula Prado referiuse ademais a Pontevedra como unha cidade na que se constata \u201ccomo o independentismo m\u00e1is radical fai e desfai ao seu antollo grazas \u00e1 complicidade do PSOE\u201d. Unha cidade na que, ademais, \u201cmentres uns defendemos a democracia e reivindicamos a liberdade, outros practican o autoritarismo e promulgan a imposici\u00f3n\u201d.<\/p>\n<p><strong>A MOCIDADE COMPROMETIDA DE PONTEVEDRA<\/strong><\/p>\n<p>Pola s\u00faa banda, o presidente local do PP de Pontevedra, Rafa Dom\u00ednguez, expresou o seu orgullo pola visita da senadora Marimar Blanco \u00e1 cidade. Ao mesmo tempo que subli\u00f1ou que \u201cPontevedra conta cunha mocidade comprometida coa memoria democr\u00e1tica, a loita contra a violencia e a defensa da liberdade de pensamento\u201d.<\/p>\n<p>Dom\u00ednguez destacou a importancia de manter viva a lembranza das v\u00edtimas de ETA, especialmente entre a mocidade: \u201c\u00c9 unha obriga moral recordar a Miguel \u00c1ngel Blanco e a todas as v\u00edtimas do terrorismo. S\u00f3 as\u00ed lograremos que as novas xeraci\u00f3ns valoren e defendan a Espa\u00f1a libre, plural e democr\u00e1tica que non debemos\u00a0perder\u201d.<\/p>\n<p><strong>MARIMAR BLANCO APELA AO ESP\u00cdRITO DE ERMUA<\/strong><\/p>\n<p>A senadora Marimar Blanco quixo facer conscientes aos presentes de que a calidade democr\u00e1tica e as liberdades das que gozamos hoxe en Espa\u00f1a costaron \u201cmucha sangre, dolor, sufrimiento y horror\u201d. E de a\u00ed a importancia de que a mocidade saiba que \u201cfueron muchos los j\u00f3venes a los que les arrebataron la vida por aspirar a vivir en un pa\u00eds basado en la libertad, la convivencia y la calidad democr\u00e1tica\u201d.<\/p>\n<p>Lamentou que o Goberno de S\u00e1nchez \u201cse ha encargado de romper por completo la unidad pol\u00edtica y social que fue el esp\u00edritu de Ermua\u201d y de \u201cdar la espalda a las v\u00edctimas del terrorismo anteponiendo el poder a los principios\u201d. Refer\u00edndose as\u00ed que \u201cPedro S\u00e1nchez es capaz de todo por seguir en La Moncloa, aunque para ello tenga que aceptar votos manchados de sangre\u201d.<\/p>\n<p>A irm\u00e1 de Miguel \u00c1ngel Blanco reivindicou que, en contraposici\u00f3n, o Partido Popular sempre antepuxo os principios ao poder elixindo \u201csalvaguardar la memoria, la dignidad y la justicia de todas y cada una de las v\u00edctimas del terrorismo\u201d.<\/p>\n","protected":false},"excerpt":{"rendered":"<p>O PP subli\u00f1a o compromiso do partido e do Goberno do presidente Alfonso Rueda \u00e1 hora de garantir que os mozos e mozas galegas poidan ter o futuro que elixan libremente, sen renunciar a nada e sen imposici\u00f3ns. As\u00ed o manifestou esta tarde a secretaria xeral do PPdeG, Paula Prado, na clausura do coloquio \u2018Democracia [&hellip;]<\/p>\n","protected":false},"author":38,"featured_media":66634,"comment_status":"closed","ping_status":"open","sticky":false,"template":"","format":"standard","meta":{"_acf_changed":false,"footnotes":""},"categories":[1],"tags":[],"class_list":["post-66633","post","type-post","status-publish","format-standard","has-post-thumbnail","hentry","category-pp-de-galicia"],"acf":[],"yoast_head":"<!-- This site is optimized with the Yoast SEO plugin v27.3 - https:\/\/yoast.com\/product\/yoast-seo-wordpress\/ -->\n<title>O Partido Popular sit\u00faase como garante de que a mocidade galega poida elixir o seu futuro libremente, sen renunciar a nada e sen imposici\u00f3ns - PP de Galicia<\/title>\n<meta name=\"description\" content=\"O PP subli\u00f1a o compromiso do partido e do Goberno do presidente Alfonso Rueda \u00e1 hora de garantir que os mozos e mozas galegas poidan ter o futuro que elixan libremente, sen renunciar a nada e sen imposici\u00f3ns.As\u00ed o manifestou esta tarde a secretaria xeral do PPdeG, Paula Prado, na clausura do coloquio \u2018Democracia e liberdade: retos futuros para a mocidade\u2019 organizado por Novas Xeraci\u00f3ns en Pontevedra e no que tam\u00e9n participaron as senadoras Marimar Blanco e Pepa Pardo, o eurodeputado Adri\u00e1n V\u00e1zquez, as presidentas auton\u00f3mica e provincial de Novas Xeraci\u00f3ns, Nicole Grueira e Ana Cristina P\u00e9rez, a secretaria xeral do PP provincial, Luisa Pi\u00f1eiro, o presidente local do partido, Rafa Dom\u00ednguez, e o presidente local de Novas Xeraci\u00f3ns e concelleiro, Guille Juncal.\" \/>\n<meta name=\"robots\" content=\"index, follow, max-snippet:-1, max-image-preview:large, max-video-preview:-1\" \/>\n<link rel=\"canonical\" href=\"https:\/\/ppdegalicia.com\/es\/o-partido-popular-situase-como-garante-de-que-a-mocidade-galega-poida-elixir-o-seu-futuro-libremente-sen-renunciar-a-nada-e-sen-imposicions\/\" \/>\n<meta property=\"og:locale\" content=\"es_ES\" \/>\n<meta property=\"og:type\" content=\"article\" \/>\n<meta property=\"og:title\" content=\"O Partido Popular sit\u00faase como garante de que a mocidade galega poida elixir o seu futuro libremente, sen renunciar a nada e sen imposici\u00f3ns - PP de Galicia\" \/>\n<meta property=\"og:description\" content=\"O PP subli\u00f1a o compromiso do partido e do Goberno do presidente Alfonso Rueda \u00e1 hora de garantir que os mozos e mozas galegas poidan ter o futuro que elixan libremente, sen renunciar a nada e sen imposici\u00f3ns.As\u00ed o manifestou esta tarde a secretaria xeral do PPdeG, Paula Prado, na clausura do coloquio \u2018Democracia e liberdade: retos futuros para a mocidade\u2019 organizado por Novas Xeraci\u00f3ns en Pontevedra e no que tam\u00e9n participaron as senadoras Marimar Blanco e Pepa Pardo, o eurodeputado Adri\u00e1n V\u00e1zquez, as presidentas auton\u00f3mica e provincial de Novas Xeraci\u00f3ns, Nicole Grueira e Ana Cristina P\u00e9rez, a secretaria xeral do PP provincial, Luisa Pi\u00f1eiro, o presidente local do partido, Rafa Dom\u00ednguez, e o presidente local de Novas Xeraci\u00f3ns e concelleiro, Guille Juncal.\" \/>\n<meta property=\"og:url\" content=\"https:\/\/ppdegalicia.com\/es\/o-partido-popular-situase-como-garante-de-que-a-mocidade-galega-poida-elixir-o-seu-futuro-libremente-sen-renunciar-a-nada-e-sen-imposicions\/\" \/>\n<meta property=\"og:site_name\" content=\"PP de Galicia\" \/>\n<meta property=\"article:publisher\" content=\"https:\/\/www.instagram.com\/ppdegalicia\/\" \/>\n<meta property=\"article:published_time\" content=\"2025-04-11T07:57:11+00:00\" \/>\n<meta property=\"article:modified_time\" content=\"2025-04-14T07:58:28+00:00\" \/>\n<meta property=\"og:image\" content=\"https:\/\/ppdegalicia.com\/wp-content\/uploads\/2025\/04\/20250411_NNXX_Democracia1-scaled.jpg\" \/>\n\t<meta property=\"og:image:width\" content=\"2560\" \/>\n\t<meta property=\"og:image:height\" content=\"1707\" \/>\n\t<meta property=\"og:image:type\" content=\"image\/jpeg\" \/>\n<meta name=\"author\" content=\"ppdegaliciaredes\" \/>\n<meta name=\"twitter:card\" content=\"summary_large_image\" \/>\n<meta name=\"twitter:creator\" content=\"@ppdegalicia\" \/>\n<meta name=\"twitter:site\" content=\"@ppdegalicia\" \/>\n<meta name=\"twitter:label1\" content=\"Escrito por\" \/>\n\t<meta name=\"twitter:data1\" content=\"ppdegaliciaredes\" \/>\n\t<meta name=\"twitter:label2\" content=\"Tiempo de lectura\" \/>\n\t<meta name=\"twitter:data2\" content=\"4 minutos\" \/>\n<script type=\"application\/ld+json\" class=\"yoast-schema-graph\">{\"@context\":\"https:\\\/\\\/schema.org\",\"@graph\":[{\"@type\":\"Article\",\"@id\":\"https:\\\/\\\/ppdegalicia.com\\\/es\\\/o-partido-popular-situase-como-garante-de-que-a-mocidade-galega-poida-elixir-o-seu-futuro-libremente-sen-renunciar-a-nada-e-sen-imposicions\\\/#article\",\"isPartOf\":{\"@id\":\"https:\\\/\\\/ppdegalicia.com\\\/es\\\/o-partido-popular-situase-como-garante-de-que-a-mocidade-galega-poida-elixir-o-seu-futuro-libremente-sen-renunciar-a-nada-e-sen-imposicions\\\/\"},\"author\":{\"name\":\"ppdegaliciaredes\",\"@id\":\"https:\\\/\\\/ppdegalicia.com\\\/es\\\/#\\\/schema\\\/person\\\/5b822c6f59e872ebdd1142f307dbcb59\"},\"headline\":\"O Partido Popular sit\u00faase como garante de que a mocidade galega poida elixir o seu futuro libremente, sen renunciar a nada e sen imposici\u00f3ns\",\"datePublished\":\"2025-04-11T07:57:11+00:00\",\"dateModified\":\"2025-04-14T07:58:28+00:00\",\"mainEntityOfPage\":{\"@id\":\"https:\\\/\\\/ppdegalicia.com\\\/es\\\/o-partido-popular-situase-como-garante-de-que-a-mocidade-galega-poida-elixir-o-seu-futuro-libremente-sen-renunciar-a-nada-e-sen-imposicions\\\/\"},\"wordCount\":716,\"publisher\":{\"@id\":\"https:\\\/\\\/ppdegalicia.com\\\/es\\\/#organization\"},\"image\":{\"@id\":\"https:\\\/\\\/ppdegalicia.com\\\/es\\\/o-partido-popular-situase-como-garante-de-que-a-mocidade-galega-poida-elixir-o-seu-futuro-libremente-sen-renunciar-a-nada-e-sen-imposicions\\\/#primaryimage\"},\"thumbnailUrl\":\"https:\\\/\\\/ppdegalicia.com\\\/wp-content\\\/uploads\\\/2025\\\/04\\\/20250411_NNXX_Democracia1-scaled.jpg\",\"articleSection\":[\"PP de Galicia\"],\"inLanguage\":\"es\"},{\"@type\":\"WebPage\",\"@id\":\"https:\\\/\\\/ppdegalicia.com\\\/es\\\/o-partido-popular-situase-como-garante-de-que-a-mocidade-galega-poida-elixir-o-seu-futuro-libremente-sen-renunciar-a-nada-e-sen-imposicions\\\/\",\"url\":\"https:\\\/\\\/ppdegalicia.com\\\/es\\\/o-partido-popular-situase-como-garante-de-que-a-mocidade-galega-poida-elixir-o-seu-futuro-libremente-sen-renunciar-a-nada-e-sen-imposicions\\\/\",\"name\":\"O Partido Popular sit\u00faase como garante de que a mocidade galega poida elixir o seu futuro libremente, sen renunciar a nada e sen imposici\u00f3ns - PP de Galicia\",\"isPartOf\":{\"@id\":\"https:\\\/\\\/ppdegalicia.com\\\/es\\\/#website\"},\"primaryImageOfPage\":{\"@id\":\"https:\\\/\\\/ppdegalicia.com\\\/es\\\/o-partido-popular-situase-como-garante-de-que-a-mocidade-galega-poida-elixir-o-seu-futuro-libremente-sen-renunciar-a-nada-e-sen-imposicions\\\/#primaryimage\"},\"image\":{\"@id\":\"https:\\\/\\\/ppdegalicia.com\\\/es\\\/o-partido-popular-situase-como-garante-de-que-a-mocidade-galega-poida-elixir-o-seu-futuro-libremente-sen-renunciar-a-nada-e-sen-imposicions\\\/#primaryimage\"},\"thumbnailUrl\":\"https:\\\/\\\/ppdegalicia.com\\\/wp-content\\\/uploads\\\/2025\\\/04\\\/20250411_NNXX_Democracia1-scaled.jpg\",\"datePublished\":\"2025-04-11T07:57:11+00:00\",\"dateModified\":\"2025-04-14T07:58:28+00:00\",\"description\":\"O PP subli\u00f1a o compromiso do partido e do Goberno do presidente Alfonso Rueda \u00e1 hora de garantir que os mozos e mozas galegas poidan ter o futuro que elixan libremente, sen renunciar a nada e sen imposici\u00f3ns.As\u00ed o manifestou esta tarde a secretaria xeral do PPdeG, Paula Prado, na clausura do coloquio \u2018Democracia e liberdade: retos futuros para a mocidade\u2019 organizado por Novas Xeraci\u00f3ns en Pontevedra e no que tam\u00e9n participaron as senadoras Marimar Blanco e Pepa Pardo, o eurodeputado Adri\u00e1n V\u00e1zquez, as presidentas auton\u00f3mica e provincial de Novas Xeraci\u00f3ns, Nicole Grueira e Ana Cristina P\u00e9rez, a secretaria xeral do PP provincial, Luisa Pi\u00f1eiro, o presidente local do partido, Rafa Dom\u00ednguez, e o presidente local de Novas Xeraci\u00f3ns e concelleiro, Guille Juncal.\",\"breadcrumb\":{\"@id\":\"https:\\\/\\\/ppdegalicia.com\\\/es\\\/o-partido-popular-situase-como-garante-de-que-a-mocidade-galega-poida-elixir-o-seu-futuro-libremente-sen-renunciar-a-nada-e-sen-imposicions\\\/#breadcrumb\"},\"inLanguage\":\"es\",\"potentialAction\":[{\"@type\":\"ReadAction\",\"target\":[\"https:\\\/\\\/ppdegalicia.com\\\/es\\\/o-partido-popular-situase-como-garante-de-que-a-mocidade-galega-poida-elixir-o-seu-futuro-libremente-sen-renunciar-a-nada-e-sen-imposicions\\\/\"]}]},{\"@type\":\"ImageObject\",\"inLanguage\":\"es\",\"@id\":\"https:\\\/\\\/ppdegalicia.com\\\/es\\\/o-partido-popular-situase-como-garante-de-que-a-mocidade-galega-poida-elixir-o-seu-futuro-libremente-sen-renunciar-a-nada-e-sen-imposicions\\\/#primaryimage\",\"url\":\"https:\\\/\\\/ppdegalicia.com\\\/wp-content\\\/uploads\\\/2025\\\/04\\\/20250411_NNXX_Democracia1-scaled.jpg\",\"contentUrl\":\"https:\\\/\\\/ppdegalicia.com\\\/wp-content\\\/uploads\\\/2025\\\/04\\\/20250411_NNXX_Democracia1-scaled.jpg\",\"width\":2560,\"height\":1707},{\"@type\":\"BreadcrumbList\",\"@id\":\"https:\\\/\\\/ppdegalicia.com\\\/es\\\/o-partido-popular-situase-como-garante-de-que-a-mocidade-galega-poida-elixir-o-seu-futuro-libremente-sen-renunciar-a-nada-e-sen-imposicions\\\/#breadcrumb\",\"itemListElement\":[{\"@type\":\"ListItem\",\"position\":1,\"name\":\"Portada\",\"item\":\"https:\\\/\\\/ppdegalicia.com\\\/es\\\/\"},{\"@type\":\"ListItem\",\"position\":2,\"name\":\"O Partido Popular sit\u00faase como garante de que a mocidade galega poida elixir o seu futuro libremente, sen renunciar a nada e sen imposici\u00f3ns\"}]},{\"@type\":\"WebSite\",\"@id\":\"https:\\\/\\\/ppdegalicia.com\\\/es\\\/#website\",\"url\":\"https:\\\/\\\/ppdegalicia.com\\\/es\\\/\",\"name\":\"Partido Popular de Galicia\",\"description\":\"Partido Popular de Galicia\",\"publisher\":{\"@id\":\"https:\\\/\\\/ppdegalicia.com\\\/es\\\/#organization\"},\"alternateName\":\"PP de Galicia\",\"potentialAction\":[{\"@type\":\"SearchAction\",\"target\":{\"@type\":\"EntryPoint\",\"urlTemplate\":\"https:\\\/\\\/ppdegalicia.com\\\/es\\\/?s={search_term_string}\"},\"query-input\":{\"@type\":\"PropertyValueSpecification\",\"valueRequired\":true,\"valueName\":\"search_term_string\"}}],\"inLanguage\":\"es\"},{\"@type\":\"Organization\",\"@id\":\"https:\\\/\\\/ppdegalicia.com\\\/es\\\/#organization\",\"name\":\"Partido Popular de Galicia\",\"alternateName\":\"PP de Galicia\",\"url\":\"https:\\\/\\\/ppdegalicia.com\\\/es\\\/\",\"logo\":{\"@type\":\"ImageObject\",\"inLanguage\":\"es\",\"@id\":\"https:\\\/\\\/ppdegalicia.com\\\/es\\\/#\\\/schema\\\/logo\\\/image\\\/\",\"url\":\"https:\\\/\\\/ppdegalicia.com\\\/wp-content\\\/uploads\\\/2023\\\/04\\\/logoPP512.png\",\"contentUrl\":\"https:\\\/\\\/ppdegalicia.com\\\/wp-content\\\/uploads\\\/2023\\\/04\\\/logoPP512.png\",\"width\":512,\"height\":512,\"caption\":\"Partido Popular de Galicia\"},\"image\":{\"@id\":\"https:\\\/\\\/ppdegalicia.com\\\/es\\\/#\\\/schema\\\/logo\\\/image\\\/\"},\"sameAs\":[\"https:\\\/\\\/www.instagram.com\\\/ppdegalicia\\\/\",\"https:\\\/\\\/x.com\\\/ppdegalicia\",\"https:\\\/\\\/www.tiktok.com\\\/@ppdegalicia\",\"https:\\\/\\\/www.youtube.com\\\/user\\\/ppdegalicia\"]},{\"@type\":\"Person\",\"@id\":\"https:\\\/\\\/ppdegalicia.com\\\/es\\\/#\\\/schema\\\/person\\\/5b822c6f59e872ebdd1142f307dbcb59\",\"name\":\"ppdegaliciaredes\",\"image\":{\"@type\":\"ImageObject\",\"inLanguage\":\"es\",\"@id\":\"https:\\\/\\\/secure.gravatar.com\\\/avatar\\\/3c9179cf0256d00c72a48d1f25783c58b6842cd56e85ef3a572881c8e28ccd59?s=96&d=mm&r=g\",\"url\":\"https:\\\/\\\/secure.gravatar.com\\\/avatar\\\/3c9179cf0256d00c72a48d1f25783c58b6842cd56e85ef3a572881c8e28ccd59?s=96&d=mm&r=g\",\"contentUrl\":\"https:\\\/\\\/secure.gravatar.com\\\/avatar\\\/3c9179cf0256d00c72a48d1f25783c58b6842cd56e85ef3a572881c8e28ccd59?s=96&d=mm&r=g\",\"caption\":\"ppdegaliciaredes\"},\"url\":\"https:\\\/\\\/ppdegalicia.com\\\/es\\\/author\\\/ppdegaliciaredes\\\/\"}]}<\/script>\n<!-- \/ Yoast SEO plugin. -->","yoast_head_json":{"title":"O Partido Popular sit\u00faase como garante de que a mocidade galega poida elixir o seu futuro libremente, sen renunciar a nada e sen imposici\u00f3ns - PP de Galicia","description":"O PP subli\u00f1a o compromiso do partido e do Goberno do presidente Alfonso Rueda \u00e1 hora de garantir que os mozos e mozas galegas poidan ter o futuro que elixan libremente, sen renunciar a nada e sen imposici\u00f3ns.As\u00ed o manifestou esta tarde a secretaria xeral do PPdeG, Paula Prado, na clausura do coloquio \u2018Democracia e liberdade: retos futuros para a mocidade\u2019 organizado por Novas Xeraci\u00f3ns en Pontevedra e no que tam\u00e9n participaron as senadoras Marimar Blanco e Pepa Pardo, o eurodeputado Adri\u00e1n V\u00e1zquez, as presidentas auton\u00f3mica e provincial de Novas Xeraci\u00f3ns, Nicole Grueira e Ana Cristina P\u00e9rez, a secretaria xeral do PP provincial, Luisa Pi\u00f1eiro, o presidente local do partido, Rafa Dom\u00ednguez, e o presidente local de Novas Xeraci\u00f3ns e concelleiro, Guille Juncal.","robots":{"index":"index","follow":"follow","max-snippet":"max-snippet:-1","max-image-preview":"max-image-preview:large","max-video-preview":"max-video-preview:-1"},"canonical":"https:\/\/ppdegalicia.com\/es\/o-partido-popular-situase-como-garante-de-que-a-mocidade-galega-poida-elixir-o-seu-futuro-libremente-sen-renunciar-a-nada-e-sen-imposicions\/","og_locale":"es_ES","og_type":"article","og_title":"O Partido Popular sit\u00faase como garante de que a mocidade galega poida elixir o seu futuro libremente, sen renunciar a nada e sen imposici\u00f3ns - PP de Galicia","og_description":"O PP subli\u00f1a o compromiso do partido e do Goberno do presidente Alfonso Rueda \u00e1 hora de garantir que os mozos e mozas galegas poidan ter o futuro que elixan libremente, sen renunciar a nada e sen imposici\u00f3ns.As\u00ed o manifestou esta tarde a secretaria xeral do PPdeG, Paula Prado, na clausura do coloquio \u2018Democracia e liberdade: retos futuros para a mocidade\u2019 organizado por Novas Xeraci\u00f3ns en Pontevedra e no que tam\u00e9n participaron as senadoras Marimar Blanco e Pepa Pardo, o eurodeputado Adri\u00e1n V\u00e1zquez, as presidentas auton\u00f3mica e provincial de Novas Xeraci\u00f3ns, Nicole Grueira e Ana Cristina P\u00e9rez, a secretaria xeral do PP provincial, Luisa Pi\u00f1eiro, o presidente local do partido, Rafa Dom\u00ednguez, e o presidente local de Novas Xeraci\u00f3ns e concelleiro, Guille Juncal.","og_url":"https:\/\/ppdegalicia.com\/es\/o-partido-popular-situase-como-garante-de-que-a-mocidade-galega-poida-elixir-o-seu-futuro-libremente-sen-renunciar-a-nada-e-sen-imposicions\/","og_site_name":"PP de Galicia","article_publisher":"https:\/\/www.instagram.com\/ppdegalicia\/","article_published_time":"2025-04-11T07:57:11+00:00","article_modified_time":"2025-04-14T07:58:28+00:00","og_image":[{"width":2560,"height":1707,"url":"https:\/\/ppdegalicia.com\/wp-content\/uploads\/2025\/04\/20250411_NNXX_Democracia1-scaled.jpg","type":"image\/jpeg"}],"author":"ppdegaliciaredes","twitter_card":"summary_large_image","twitter_creator":"@ppdegalicia","twitter_site":"@ppdegalicia","twitter_misc":{"Escrito por":"ppdegaliciaredes","Tiempo de lectura":"4 minutos"},"schema":{"@context":"https:\/\/schema.org","@graph":[{"@type":"Article","@id":"https:\/\/ppdegalicia.com\/es\/o-partido-popular-situase-como-garante-de-que-a-mocidade-galega-poida-elixir-o-seu-futuro-libremente-sen-renunciar-a-nada-e-sen-imposicions\/#article","isPartOf":{"@id":"https:\/\/ppdegalicia.com\/es\/o-partido-popular-situase-como-garante-de-que-a-mocidade-galega-poida-elixir-o-seu-futuro-libremente-sen-renunciar-a-nada-e-sen-imposicions\/"},"author":{"name":"ppdegaliciaredes","@id":"https:\/\/ppdegalicia.com\/es\/#\/schema\/person\/5b822c6f59e872ebdd1142f307dbcb59"},"headline":"O Partido Popular sit\u00faase como garante de que a mocidade galega poida elixir o seu futuro libremente, sen renunciar a nada e sen imposici\u00f3ns","datePublished":"2025-04-11T07:57:11+00:00","dateModified":"2025-04-14T07:58:28+00:00","mainEntityOfPage":{"@id":"https:\/\/ppdegalicia.com\/es\/o-partido-popular-situase-como-garante-de-que-a-mocidade-galega-poida-elixir-o-seu-futuro-libremente-sen-renunciar-a-nada-e-sen-imposicions\/"},"wordCount":716,"publisher":{"@id":"https:\/\/ppdegalicia.com\/es\/#organization"},"image":{"@id":"https:\/\/ppdegalicia.com\/es\/o-partido-popular-situase-como-garante-de-que-a-mocidade-galega-poida-elixir-o-seu-futuro-libremente-sen-renunciar-a-nada-e-sen-imposicions\/#primaryimage"},"thumbnailUrl":"https:\/\/ppdegalicia.com\/wp-content\/uploads\/2025\/04\/20250411_NNXX_Democracia1-scaled.jpg","articleSection":["PP de Galicia"],"inLanguage":"es"},{"@type":"WebPage","@id":"https:\/\/ppdegalicia.com\/es\/o-partido-popular-situase-como-garante-de-que-a-mocidade-galega-poida-elixir-o-seu-futuro-libremente-sen-renunciar-a-nada-e-sen-imposicions\/","url":"https:\/\/ppdegalicia.com\/es\/o-partido-popular-situase-como-garante-de-que-a-mocidade-galega-poida-elixir-o-seu-futuro-libremente-sen-renunciar-a-nada-e-sen-imposicions\/","name":"O Partido Popular sit\u00faase como garante de que a mocidade galega poida elixir o seu futuro libremente, sen renunciar a nada e sen imposici\u00f3ns - PP de Galicia","isPartOf":{"@id":"https:\/\/ppdegalicia.com\/es\/#website"},"primaryImageOfPage":{"@id":"https:\/\/ppdegalicia.com\/es\/o-partido-popular-situase-como-garante-de-que-a-mocidade-galega-poida-elixir-o-seu-futuro-libremente-sen-renunciar-a-nada-e-sen-imposicions\/#primaryimage"},"image":{"@id":"https:\/\/ppdegalicia.com\/es\/o-partido-popular-situase-como-garante-de-que-a-mocidade-galega-poida-elixir-o-seu-futuro-libremente-sen-renunciar-a-nada-e-sen-imposicions\/#primaryimage"},"thumbnailUrl":"https:\/\/ppdegalicia.com\/wp-content\/uploads\/2025\/04\/20250411_NNXX_Democracia1-scaled.jpg","datePublished":"2025-04-11T07:57:11+00:00","dateModified":"2025-04-14T07:58:28+00:00","description":"O PP subli\u00f1a o compromiso do partido e do Goberno do presidente Alfonso Rueda \u00e1 hora de garantir que os mozos e mozas galegas poidan ter o futuro que elixan libremente, sen renunciar a nada e sen imposici\u00f3ns.As\u00ed o manifestou esta tarde a secretaria xeral do PPdeG, Paula Prado, na clausura do coloquio \u2018Democracia e liberdade: retos futuros para a mocidade\u2019 organizado por Novas Xeraci\u00f3ns en Pontevedra e no que tam\u00e9n participaron as senadoras Marimar Blanco e Pepa Pardo, o eurodeputado Adri\u00e1n V\u00e1zquez, as presidentas auton\u00f3mica e provincial de Novas Xeraci\u00f3ns, Nicole Grueira e Ana Cristina P\u00e9rez, a secretaria xeral do PP provincial, Luisa Pi\u00f1eiro, o presidente local do partido, Rafa Dom\u00ednguez, e o presidente local de Novas Xeraci\u00f3ns e concelleiro, Guille Juncal.","breadcrumb":{"@id":"https:\/\/ppdegalicia.com\/es\/o-partido-popular-situase-como-garante-de-que-a-mocidade-galega-poida-elixir-o-seu-futuro-libremente-sen-renunciar-a-nada-e-sen-imposicions\/#breadcrumb"},"inLanguage":"es","potentialAction":[{"@type":"ReadAction","target":["https:\/\/ppdegalicia.com\/es\/o-partido-popular-situase-como-garante-de-que-a-mocidade-galega-poida-elixir-o-seu-futuro-libremente-sen-renunciar-a-nada-e-sen-imposicions\/"]}]},{"@type":"ImageObject","inLanguage":"es","@id":"https:\/\/ppdegalicia.com\/es\/o-partido-popular-situase-como-garante-de-que-a-mocidade-galega-poida-elixir-o-seu-futuro-libremente-sen-renunciar-a-nada-e-sen-imposicions\/#primaryimage","url":"https:\/\/ppdegalicia.com\/wp-content\/uploads\/2025\/04\/20250411_NNXX_Democracia1-scaled.jpg","contentUrl":"https:\/\/ppdegalicia.com\/wp-content\/uploads\/2025\/04\/20250411_NNXX_Democracia1-scaled.jpg","width":2560,"height":1707},{"@type":"BreadcrumbList","@id":"https:\/\/ppdegalicia.com\/es\/o-partido-popular-situase-como-garante-de-que-a-mocidade-galega-poida-elixir-o-seu-futuro-libremente-sen-renunciar-a-nada-e-sen-imposicions\/#breadcrumb","itemListElement":[{"@type":"ListItem","position":1,"name":"Portada","item":"https:\/\/ppdegalicia.com\/es\/"},{"@type":"ListItem","position":2,"name":"O Partido Popular sit\u00faase como garante de que a mocidade galega poida elixir o seu futuro libremente, sen renunciar a nada e sen imposici\u00f3ns"}]},{"@type":"WebSite","@id":"https:\/\/ppdegalicia.com\/es\/#website","url":"https:\/\/ppdegalicia.com\/es\/","name":"Partido Popular de Galicia","description":"Partido Popular de Galicia","publisher":{"@id":"https:\/\/ppdegalicia.com\/es\/#organization"},"alternateName":"PP de Galicia","potentialAction":[{"@type":"SearchAction","target":{"@type":"EntryPoint","urlTemplate":"https:\/\/ppdegalicia.com\/es\/?s={search_term_string}"},"query-input":{"@type":"PropertyValueSpecification","valueRequired":true,"valueName":"search_term_string"}}],"inLanguage":"es"},{"@type":"Organization","@id":"https:\/\/ppdegalicia.com\/es\/#organization","name":"Partido Popular de Galicia","alternateName":"PP de Galicia","url":"https:\/\/ppdegalicia.com\/es\/","logo":{"@type":"ImageObject","inLanguage":"es","@id":"https:\/\/ppdegalicia.com\/es\/#\/schema\/logo\/image\/","url":"https:\/\/ppdegalicia.com\/wp-content\/uploads\/2023\/04\/logoPP512.png","contentUrl":"https:\/\/ppdegalicia.com\/wp-content\/uploads\/2023\/04\/logoPP512.png","width":512,"height":512,"caption":"Partido Popular de Galicia"},"image":{"@id":"https:\/\/ppdegalicia.com\/es\/#\/schema\/logo\/image\/"},"sameAs":["https:\/\/www.instagram.com\/ppdegalicia\/","https:\/\/x.com\/ppdegalicia","https:\/\/www.tiktok.com\/@ppdegalicia","https:\/\/www.youtube.com\/user\/ppdegalicia"]},{"@type":"Person","@id":"https:\/\/ppdegalicia.com\/es\/#\/schema\/person\/5b822c6f59e872ebdd1142f307dbcb59","name":"ppdegaliciaredes","image":{"@type":"ImageObject","inLanguage":"es","@id":"https:\/\/secure.gravatar.com\/avatar\/3c9179cf0256d00c72a48d1f25783c58b6842cd56e85ef3a572881c8e28ccd59?s=96&d=mm&r=g","url":"https:\/\/secure.gravatar.com\/avatar\/3c9179cf0256d00c72a48d1f25783c58b6842cd56e85ef3a572881c8e28ccd59?s=96&d=mm&r=g","contentUrl":"https:\/\/secure.gravatar.com\/avatar\/3c9179cf0256d00c72a48d1f25783c58b6842cd56e85ef3a572881c8e28ccd59?s=96&d=mm&r=g","caption":"ppdegaliciaredes"},"url":"https:\/\/ppdegalicia.com\/es\/author\/ppdegaliciaredes\/"}]}},"_links":{"self":[{"href":"https:\/\/ppdegalicia.com\/es\/wp-json\/wp\/v2\/posts\/66633","targetHints":{"allow":["GET"]}}],"collection":[{"href":"https:\/\/ppdegalicia.com\/es\/wp-json\/wp\/v2\/posts"}],"about":[{"href":"https:\/\/ppdegalicia.com\/es\/wp-json\/wp\/v2\/types\/post"}],"author":[{"embeddable":true,"href":"https:\/\/ppdegalicia.com\/es\/wp-json\/wp\/v2\/users\/38"}],"replies":[{"embeddable":true,"href":"https:\/\/ppdegalicia.com\/es\/wp-json\/wp\/v2\/comments?post=66633"}],"version-history":[{"count":1,"href":"https:\/\/ppdegalicia.com\/es\/wp-json\/wp\/v2\/posts\/66633\/revisions"}],"predecessor-version":[{"id":66636,"href":"https:\/\/ppdegalicia.com\/es\/wp-json\/wp\/v2\/posts\/66633\/revisions\/66636"}],"wp:featuredmedia":[{"embeddable":true,"href":"https:\/\/ppdegalicia.com\/es\/wp-json\/wp\/v2\/media\/66634"}],"wp:attachment":[{"href":"https:\/\/ppdegalicia.com\/es\/wp-json\/wp\/v2\/media?parent=66633"}],"wp:term":[{"taxonomy":"category","embeddable":true,"href":"https:\/\/ppdegalicia.com\/es\/wp-json\/wp\/v2\/categories?post=66633"},{"taxonomy":"post_tag","embeddable":true,"href":"https:\/\/ppdegalicia.com\/es\/wp-json\/wp\/v2\/tags?post=66633"}],"curies":[{"name":"wp","href":"https:\/\/api.w.org\/{rel}","templated":true}]}}