{"id":66637,"date":"2025-04-15T13:53:54","date_gmt":"2025-04-15T12:53:54","guid":{"rendered":"https:\/\/ppdegalicia.com\/?p=66637"},"modified":"2025-04-15T13:53:54","modified_gmt":"2025-04-15T12:53:54","slug":"o-grupo-popular-tende-a-man-a-estudar-e-negociar-as-propostas-sensatas-e-viables-que-presenten-os-grupos-da-oposicion-no-debate-de-politica-xeral","status":"publish","type":"post","link":"https:\/\/ppdegalicia.com\/es\/o-grupo-popular-tende-a-man-a-estudar-e-negociar-as-propostas-sensatas-e-viables-que-presenten-os-grupos-da-oposicion-no-debate-de-politica-xeral\/","title":{"rendered":"O Grupo Popular tende a man a estudar e negociar as propostas sensatas e viables que presenten os grupos da oposici\u00f3n no Debate de Pol\u00edtica Xeral"},"content":{"rendered":"<p>O portavoz do Grupo Popular, Alberto Pazos, afirmou hoxe que \u201cafrontamos o Debate sobre Pol\u00edtica Xeral que ter\u00e1 lugar a vindeira semana coas mans tendidas para estudar e negociar as propostas sensatas e viables que nos presenten os grupos da oposici\u00f3n, opo\u00f1\u00e9ndonos a calquera cuesti\u00f3n demag\u00f3xica e irrealizable no momento e na sociedade actual\u201d.<\/p>\n<p>A Xunta de Portavoces fixou esta ma\u00f1\u00e1 a celebraci\u00f3n do Debate sobre Pol\u00edtica Xeral da Comunidade galega para os d\u00edas 23 e 25 de abril, \u201cxusto un ano e dez d\u00edas despois da toma de posesi\u00f3n de Alfonso Rueda como Presidente da Xunta, o que pon de manifesto a s\u00faa vontade total de transparencia e de po\u00f1er enriba da mesa o seu proxecto de Goberno para a valoraci\u00f3n tanto dos grupos da oposici\u00f3n como de toda a sociedade galega\u201d, manifestou Alberto Pazos.<\/p>\n<p><strong>\u00c1NIMO CONSTRUTIVO<\/strong><\/p>\n<p>Neste sentido, lembrou que o Regulamento do Parlamento galego recolle que o Debate sobre Pol\u00edtica Xeral non se celebra no mesmo ano no que se investise ao Presidente da Xunta, \u201cpero Alfonso Rueda non quere aprazar m\u00e1is a s\u00faa rendici\u00f3n de contas ante o Parlamento e vaino facer xusto cando se cumpre ese primeiro ano de lexislatura\u201d.<\/p>\n<p>O portavoz popular demandou a BNG, PSdeG e Grupo Mixto que \u201cafronten este debate co mesmo \u00e1nimo construtivo co que o imos facer desde o Grupo Popular, para que as resoluci\u00f3ns que se aproben finalmente sirvan para mellorar a econom\u00eda e o benestar de todos os galegos\u201d.<\/p>\n<p><strong>INTENSO TRABALLO PARLAMENTARIO<\/strong><\/p>\n<p>Alberto Pazos afirmou que \u201cafrontamos este debate coa tranquilidade que nos da o traballo feito ao longo do presente ano, un ano moi intenso a nivel parlamentario\u201d. En concreto, lembrou a aprobaci\u00f3n de sete novas leis, entre as que figuran textos tan importantes como os orzamentos da Xunta para o presente ano 2025; a lei de promoci\u00f3n dos beneficios sociais e econ\u00f3micos dos proxectos que utilizan os recursos naturais de Galicia; a nova Lei dos medios p\u00fablicos de comunicaci\u00f3n audiovisual de Galicia; ou as leis de cultura inclusiva e accesible de Galicia, de estat\u00edstica de Galicia e de impulso da intelixencia artificial.<\/p>\n<p>O portavoz popular salientou que estas tres \u00faltimas leis aprob\u00e1ronse sen o voto en contra da oposici\u00f3n, \u201cun feito que se merece destacar para demostrar que o suposto rolo do Partido Popular que quere trasladar a oposici\u00f3n \u00e1 cidadan\u00eda non \u00e9 tal, se temos en conta que practicamente a metade das proposici\u00f3ns non de lei que se aprobaron en Pleno nesta lexislatura sa\u00edron adiante por unanimidade, unha cifra que se incrementa sensiblemente cando falamos de proposici\u00f3ns non de lei en Comisi\u00f3n, onde 90 das 165 proposici\u00f3ns non de lei se aprobaron foron por unanimidade\u201d.<\/p>\n<p>Ademais, apuntou que os grupos da oposici\u00f3n \u201cson os que se levan a palma nas iniciativas de control ao Goberno galego, xa que levan feito 218 acci\u00f3ns de control ao Goberno galego das 297 que se te\u00f1en feito en Pleno neste primeiro ano de lexislatura\u201d.<\/p>\n<p>Dentro do traballo parlamentario desenvolvido ao longo deste primeiro ano de lexislatura, Pazos destacou a Comisi\u00f3n de Investigaci\u00f3n sobre a sanidade p\u00fablica galega, impulsada polos grupos da oposici\u00f3n, \u201cque nos permitiu botar abaixo todas e cada unha das falsidades e inexactitudes que est\u00e1n a espallar nacionalistas e socialistas sobre o suposto caos que vive a nosa sanidade p\u00fablica\u201d.<\/p>\n<p>\u201cDemostrouse, con datos e afirmaci\u00f3ns dos propios comparecentes, que non existiu sobrecuste na construci\u00f3n do Hospital P\u00fablico \u00c1lvaro Cunqueiro e que a colaboraci\u00f3n p\u00fablica privada era a \u00fanica opci\u00f3n viable para dotar a Vigo deste centro sanitario nun contexto de crise econ\u00f3mica extrema e de incapacidade para recorrer \u00e1 d\u00e9beda p\u00fablica\u201d, manifestou o portavoz popular, quen lembrou que tam\u00e9n quedou probado que \u201ctoda a contrataci\u00f3n da Xunta de Galicia en materia de sanidade p\u00fablica se realiza cumprindo todo o procedemento que est\u00e1 previsto na normativa\u201d.<\/p>\n<p><strong>COMEZO O M\u00c9RCORES, \u00c1S 10 DA MA\u00d1\u00c1<\/strong><\/p>\n<p>O Debate de Pol\u00edtica Xeral dar\u00e1 comezo o vindeiro m\u00e9rcores, \u00e1s 10 da ma\u00f1\u00e1, coa intervenci\u00f3n do Presidente da Xunta. Pola tarde, ter\u00e1 lugar a intervenci\u00f3n dos portavoces dos catro grupos parlamentarios, por un tempo m\u00e1ximo de 45 minutos, aos que seguir\u00e1 a r\u00e9plica do Presidente da Xunta, ben en conxunto a todos os grupos ou de xeitos individual, sen l\u00edmite de tempo. A continuaci\u00f3n, os portavoces dos grupos ter\u00e1n unha segunda intervenci\u00f3n por un tempo m\u00e1ximo de 15 minutos, para po\u00f1er fin a esta primeira xornada do Debate de Pol\u00edtica Xeral co peche a cargo do Presidente da Xunta.<\/p>\n<p>Os grupos parlamentarios ter\u00e1n de prazo ata as 10.30 da ma\u00f1\u00e1 do xoves, 24 de abril, para rexistrar un m\u00e1ximo de 40 propostas de resoluci\u00f3n, que ser\u00e1n negociadas ao longo de todo o d\u00eda tendo como prazo ata as 22.30 para rexistrar as transacci\u00f3ns e propostas de votaci\u00f3n por separado.<\/p>\n<p>O Debate sobre Pol\u00edtica Xeral retomarase o venres, a partir das 11 horas co debate das propostas de resoluci\u00f3n, no que cada grupo parlamentario dispor\u00e1 dunha primeira quenda de 30 minutos para defender as propostas propias e dunha segunda quenda de 10 minutos para a fixaci\u00f3n da s\u00faa posici\u00f3n respecto das propostas dos demais grupos parlamentarios.<\/p>\n","protected":false},"excerpt":{"rendered":"<p>O portavoz do Grupo Popular, Alberto Pazos, afirmou hoxe que \u201cafrontamos o Debate sobre Pol\u00edtica Xeral que ter\u00e1 lugar a vindeira semana coas mans tendidas para estudar e negociar as propostas sensatas e viables que nos presenten os grupos da oposici\u00f3n, opo\u00f1\u00e9ndonos a calquera cuesti\u00f3n demag\u00f3xica e irrealizable no momento e na sociedade actual\u201d. A [&hellip;]<\/p>\n","protected":false},"author":38,"featured_media":66638,"comment_status":"closed","ping_status":"open","sticky":false,"template":"","format":"standard","meta":{"_acf_changed":false,"footnotes":""},"categories":[1128],"tags":[],"class_list":["post-66637","post","type-post","status-publish","format-standard","has-post-thumbnail","hentry","category-actualidad-parlamento-de-galicia"],"acf":[],"yoast_head":"<!-- This site is optimized with the Yoast SEO plugin v27.3 - https:\/\/yoast.com\/product\/yoast-seo-wordpress\/ -->\n<title>O Grupo Popular tende a man a estudar e negociar as propostas sensatas e viables que presenten os grupos da oposici\u00f3n no Debate de Pol\u00edtica Xeral - PP de Galicia<\/title>\n<meta name=\"robots\" content=\"index, follow, max-snippet:-1, max-image-preview:large, max-video-preview:-1\" \/>\n<link rel=\"canonical\" href=\"https:\/\/ppdegalicia.com\/es\/o-grupo-popular-tende-a-man-a-estudar-e-negociar-as-propostas-sensatas-e-viables-que-presenten-os-grupos-da-oposicion-no-debate-de-politica-xeral\/\" \/>\n<meta property=\"og:locale\" content=\"es_ES\" \/>\n<meta property=\"og:type\" content=\"article\" \/>\n<meta property=\"og:title\" content=\"O Grupo Popular tende a man a estudar e negociar as propostas sensatas e viables que presenten os grupos da oposici\u00f3n no Debate de Pol\u00edtica Xeral - PP de Galicia\" \/>\n<meta property=\"og:description\" content=\"O portavoz do Grupo Popular, Alberto Pazos, afirmou hoxe que \u201cafrontamos o Debate sobre Pol\u00edtica Xeral que ter\u00e1 lugar a vindeira semana coas mans tendidas para estudar e negociar as propostas sensatas e viables que nos presenten os grupos da oposici\u00f3n, opo\u00f1\u00e9ndonos a calquera cuesti\u00f3n demag\u00f3xica e irrealizable no momento e na sociedade actual\u201d. A [&hellip;]\" \/>\n<meta property=\"og:url\" content=\"https:\/\/ppdegalicia.com\/es\/o-grupo-popular-tende-a-man-a-estudar-e-negociar-as-propostas-sensatas-e-viables-que-presenten-os-grupos-da-oposicion-no-debate-de-politica-xeral\/\" \/>\n<meta property=\"og:site_name\" content=\"PP de Galicia\" \/>\n<meta property=\"article:publisher\" content=\"https:\/\/www.instagram.com\/ppdegalicia\/\" \/>\n<meta property=\"article:published_time\" content=\"2025-04-15T12:53:54+00:00\" \/>\n<meta property=\"og:image\" content=\"https:\/\/ppdegalicia.com\/wp-content\/uploads\/2025\/04\/20250415_Xunta_Portavoces5-scaled.jpg\" \/>\n\t<meta property=\"og:image:width\" content=\"2560\" \/>\n\t<meta property=\"og:image:height\" content=\"1707\" \/>\n\t<meta property=\"og:image:type\" content=\"image\/jpeg\" \/>\n<meta name=\"author\" content=\"ppdegaliciaredes\" \/>\n<meta name=\"twitter:card\" content=\"summary_large_image\" \/>\n<meta name=\"twitter:creator\" content=\"@ppdegalicia\" \/>\n<meta name=\"twitter:site\" content=\"@ppdegalicia\" \/>\n<meta name=\"twitter:label1\" content=\"Escrito por\" \/>\n\t<meta name=\"twitter:data1\" content=\"ppdegaliciaredes\" \/>\n\t<meta name=\"twitter:label2\" content=\"Tiempo de lectura\" \/>\n\t<meta name=\"twitter:data2\" content=\"5 minutos\" \/>\n<script type=\"application\/ld+json\" class=\"yoast-schema-graph\">{\"@context\":\"https:\\\/\\\/schema.org\",\"@graph\":[{\"@type\":\"Article\",\"@id\":\"https:\\\/\\\/ppdegalicia.com\\\/es\\\/o-grupo-popular-tende-a-man-a-estudar-e-negociar-as-propostas-sensatas-e-viables-que-presenten-os-grupos-da-oposicion-no-debate-de-politica-xeral\\\/#article\",\"isPartOf\":{\"@id\":\"https:\\\/\\\/ppdegalicia.com\\\/es\\\/o-grupo-popular-tende-a-man-a-estudar-e-negociar-as-propostas-sensatas-e-viables-que-presenten-os-grupos-da-oposicion-no-debate-de-politica-xeral\\\/\"},\"author\":{\"name\":\"ppdegaliciaredes\",\"@id\":\"https:\\\/\\\/ppdegalicia.com\\\/es\\\/#\\\/schema\\\/person\\\/5b822c6f59e872ebdd1142f307dbcb59\"},\"headline\":\"O Grupo Popular tende a man a estudar e negociar as propostas sensatas e viables que presenten os grupos da oposici\u00f3n no Debate de Pol\u00edtica Xeral\",\"datePublished\":\"2025-04-15T12:53:54+00:00\",\"mainEntityOfPage\":{\"@id\":\"https:\\\/\\\/ppdegalicia.com\\\/es\\\/o-grupo-popular-tende-a-man-a-estudar-e-negociar-as-propostas-sensatas-e-viables-que-presenten-os-grupos-da-oposicion-no-debate-de-politica-xeral\\\/\"},\"wordCount\":931,\"publisher\":{\"@id\":\"https:\\\/\\\/ppdegalicia.com\\\/es\\\/#organization\"},\"image\":{\"@id\":\"https:\\\/\\\/ppdegalicia.com\\\/es\\\/o-grupo-popular-tende-a-man-a-estudar-e-negociar-as-propostas-sensatas-e-viables-que-presenten-os-grupos-da-oposicion-no-debate-de-politica-xeral\\\/#primaryimage\"},\"thumbnailUrl\":\"https:\\\/\\\/ppdegalicia.com\\\/wp-content\\\/uploads\\\/2025\\\/04\\\/20250415_Xunta_Portavoces5-scaled.jpg\",\"articleSection\":[\"Parlamento de Galicia\"],\"inLanguage\":\"es\"},{\"@type\":\"WebPage\",\"@id\":\"https:\\\/\\\/ppdegalicia.com\\\/es\\\/o-grupo-popular-tende-a-man-a-estudar-e-negociar-as-propostas-sensatas-e-viables-que-presenten-os-grupos-da-oposicion-no-debate-de-politica-xeral\\\/\",\"url\":\"https:\\\/\\\/ppdegalicia.com\\\/es\\\/o-grupo-popular-tende-a-man-a-estudar-e-negociar-as-propostas-sensatas-e-viables-que-presenten-os-grupos-da-oposicion-no-debate-de-politica-xeral\\\/\",\"name\":\"O Grupo Popular tende a man a estudar e negociar as propostas sensatas e viables que presenten os grupos da oposici\u00f3n no Debate de Pol\u00edtica Xeral - PP de Galicia\",\"isPartOf\":{\"@id\":\"https:\\\/\\\/ppdegalicia.com\\\/es\\\/#website\"},\"primaryImageOfPage\":{\"@id\":\"https:\\\/\\\/ppdegalicia.com\\\/es\\\/o-grupo-popular-tende-a-man-a-estudar-e-negociar-as-propostas-sensatas-e-viables-que-presenten-os-grupos-da-oposicion-no-debate-de-politica-xeral\\\/#primaryimage\"},\"image\":{\"@id\":\"https:\\\/\\\/ppdegalicia.com\\\/es\\\/o-grupo-popular-tende-a-man-a-estudar-e-negociar-as-propostas-sensatas-e-viables-que-presenten-os-grupos-da-oposicion-no-debate-de-politica-xeral\\\/#primaryimage\"},\"thumbnailUrl\":\"https:\\\/\\\/ppdegalicia.com\\\/wp-content\\\/uploads\\\/2025\\\/04\\\/20250415_Xunta_Portavoces5-scaled.jpg\",\"datePublished\":\"2025-04-15T12:53:54+00:00\",\"breadcrumb\":{\"@id\":\"https:\\\/\\\/ppdegalicia.com\\\/es\\\/o-grupo-popular-tende-a-man-a-estudar-e-negociar-as-propostas-sensatas-e-viables-que-presenten-os-grupos-da-oposicion-no-debate-de-politica-xeral\\\/#breadcrumb\"},\"inLanguage\":\"es\",\"potentialAction\":[{\"@type\":\"ReadAction\",\"target\":[\"https:\\\/\\\/ppdegalicia.com\\\/es\\\/o-grupo-popular-tende-a-man-a-estudar-e-negociar-as-propostas-sensatas-e-viables-que-presenten-os-grupos-da-oposicion-no-debate-de-politica-xeral\\\/\"]}]},{\"@type\":\"ImageObject\",\"inLanguage\":\"es\",\"@id\":\"https:\\\/\\\/ppdegalicia.com\\\/es\\\/o-grupo-popular-tende-a-man-a-estudar-e-negociar-as-propostas-sensatas-e-viables-que-presenten-os-grupos-da-oposicion-no-debate-de-politica-xeral\\\/#primaryimage\",\"url\":\"https:\\\/\\\/ppdegalicia.com\\\/wp-content\\\/uploads\\\/2025\\\/04\\\/20250415_Xunta_Portavoces5-scaled.jpg\",\"contentUrl\":\"https:\\\/\\\/ppdegalicia.com\\\/wp-content\\\/uploads\\\/2025\\\/04\\\/20250415_Xunta_Portavoces5-scaled.jpg\",\"width\":2560,\"height\":1707},{\"@type\":\"BreadcrumbList\",\"@id\":\"https:\\\/\\\/ppdegalicia.com\\\/es\\\/o-grupo-popular-tende-a-man-a-estudar-e-negociar-as-propostas-sensatas-e-viables-que-presenten-os-grupos-da-oposicion-no-debate-de-politica-xeral\\\/#breadcrumb\",\"itemListElement\":[{\"@type\":\"ListItem\",\"position\":1,\"name\":\"Portada\",\"item\":\"https:\\\/\\\/ppdegalicia.com\\\/es\\\/\"},{\"@type\":\"ListItem\",\"position\":2,\"name\":\"O Grupo Popular tende a man a estudar e negociar as propostas sensatas e viables que presenten os grupos da oposici\u00f3n no Debate de Pol\u00edtica Xeral\"}]},{\"@type\":\"WebSite\",\"@id\":\"https:\\\/\\\/ppdegalicia.com\\\/es\\\/#website\",\"url\":\"https:\\\/\\\/ppdegalicia.com\\\/es\\\/\",\"name\":\"Partido Popular de Galicia\",\"description\":\"Partido Popular de Galicia\",\"publisher\":{\"@id\":\"https:\\\/\\\/ppdegalicia.com\\\/es\\\/#organization\"},\"alternateName\":\"PP de Galicia\",\"potentialAction\":[{\"@type\":\"SearchAction\",\"target\":{\"@type\":\"EntryPoint\",\"urlTemplate\":\"https:\\\/\\\/ppdegalicia.com\\\/es\\\/?s={search_term_string}\"},\"query-input\":{\"@type\":\"PropertyValueSpecification\",\"valueRequired\":true,\"valueName\":\"search_term_string\"}}],\"inLanguage\":\"es\"},{\"@type\":\"Organization\",\"@id\":\"https:\\\/\\\/ppdegalicia.com\\\/es\\\/#organization\",\"name\":\"Partido Popular de Galicia\",\"alternateName\":\"PP de Galicia\",\"url\":\"https:\\\/\\\/ppdegalicia.com\\\/es\\\/\",\"logo\":{\"@type\":\"ImageObject\",\"inLanguage\":\"es\",\"@id\":\"https:\\\/\\\/ppdegalicia.com\\\/es\\\/#\\\/schema\\\/logo\\\/image\\\/\",\"url\":\"https:\\\/\\\/ppdegalicia.com\\\/wp-content\\\/uploads\\\/2023\\\/04\\\/logoPP512.png\",\"contentUrl\":\"https:\\\/\\\/ppdegalicia.com\\\/wp-content\\\/uploads\\\/2023\\\/04\\\/logoPP512.png\",\"width\":512,\"height\":512,\"caption\":\"Partido Popular de Galicia\"},\"image\":{\"@id\":\"https:\\\/\\\/ppdegalicia.com\\\/es\\\/#\\\/schema\\\/logo\\\/image\\\/\"},\"sameAs\":[\"https:\\\/\\\/www.instagram.com\\\/ppdegalicia\\\/\",\"https:\\\/\\\/x.com\\\/ppdegalicia\",\"https:\\\/\\\/www.tiktok.com\\\/@ppdegalicia\",\"https:\\\/\\\/www.youtube.com\\\/user\\\/ppdegalicia\"]},{\"@type\":\"Person\",\"@id\":\"https:\\\/\\\/ppdegalicia.com\\\/es\\\/#\\\/schema\\\/person\\\/5b822c6f59e872ebdd1142f307dbcb59\",\"name\":\"ppdegaliciaredes\",\"image\":{\"@type\":\"ImageObject\",\"inLanguage\":\"es\",\"@id\":\"https:\\\/\\\/secure.gravatar.com\\\/avatar\\\/3c9179cf0256d00c72a48d1f25783c58b6842cd56e85ef3a572881c8e28ccd59?s=96&d=mm&r=g\",\"url\":\"https:\\\/\\\/secure.gravatar.com\\\/avatar\\\/3c9179cf0256d00c72a48d1f25783c58b6842cd56e85ef3a572881c8e28ccd59?s=96&d=mm&r=g\",\"contentUrl\":\"https:\\\/\\\/secure.gravatar.com\\\/avatar\\\/3c9179cf0256d00c72a48d1f25783c58b6842cd56e85ef3a572881c8e28ccd59?s=96&d=mm&r=g\",\"caption\":\"ppdegaliciaredes\"},\"url\":\"https:\\\/\\\/ppdegalicia.com\\\/es\\\/author\\\/ppdegaliciaredes\\\/\"}]}<\/script>\n<!-- \/ Yoast SEO plugin. -->","yoast_head_json":{"title":"O Grupo Popular tende a man a estudar e negociar as propostas sensatas e viables que presenten os grupos da oposici\u00f3n no Debate de Pol\u00edtica Xeral - PP de Galicia","robots":{"index":"index","follow":"follow","max-snippet":"max-snippet:-1","max-image-preview":"max-image-preview:large","max-video-preview":"max-video-preview:-1"},"canonical":"https:\/\/ppdegalicia.com\/es\/o-grupo-popular-tende-a-man-a-estudar-e-negociar-as-propostas-sensatas-e-viables-que-presenten-os-grupos-da-oposicion-no-debate-de-politica-xeral\/","og_locale":"es_ES","og_type":"article","og_title":"O Grupo Popular tende a man a estudar e negociar as propostas sensatas e viables que presenten os grupos da oposici\u00f3n no Debate de Pol\u00edtica Xeral - PP de Galicia","og_description":"O portavoz do Grupo Popular, Alberto Pazos, afirmou hoxe que \u201cafrontamos o Debate sobre Pol\u00edtica Xeral que ter\u00e1 lugar a vindeira semana coas mans tendidas para estudar e negociar as propostas sensatas e viables que nos presenten os grupos da oposici\u00f3n, opo\u00f1\u00e9ndonos a calquera cuesti\u00f3n demag\u00f3xica e irrealizable no momento e na sociedade actual\u201d. A [&hellip;]","og_url":"https:\/\/ppdegalicia.com\/es\/o-grupo-popular-tende-a-man-a-estudar-e-negociar-as-propostas-sensatas-e-viables-que-presenten-os-grupos-da-oposicion-no-debate-de-politica-xeral\/","og_site_name":"PP de Galicia","article_publisher":"https:\/\/www.instagram.com\/ppdegalicia\/","article_published_time":"2025-04-15T12:53:54+00:00","og_image":[{"width":2560,"height":1707,"url":"https:\/\/ppdegalicia.com\/wp-content\/uploads\/2025\/04\/20250415_Xunta_Portavoces5-scaled.jpg","type":"image\/jpeg"}],"author":"ppdegaliciaredes","twitter_card":"summary_large_image","twitter_creator":"@ppdegalicia","twitter_site":"@ppdegalicia","twitter_misc":{"Escrito por":"ppdegaliciaredes","Tiempo de lectura":"5 minutos"},"schema":{"@context":"https:\/\/schema.org","@graph":[{"@type":"Article","@id":"https:\/\/ppdegalicia.com\/es\/o-grupo-popular-tende-a-man-a-estudar-e-negociar-as-propostas-sensatas-e-viables-que-presenten-os-grupos-da-oposicion-no-debate-de-politica-xeral\/#article","isPartOf":{"@id":"https:\/\/ppdegalicia.com\/es\/o-grupo-popular-tende-a-man-a-estudar-e-negociar-as-propostas-sensatas-e-viables-que-presenten-os-grupos-da-oposicion-no-debate-de-politica-xeral\/"},"author":{"name":"ppdegaliciaredes","@id":"https:\/\/ppdegalicia.com\/es\/#\/schema\/person\/5b822c6f59e872ebdd1142f307dbcb59"},"headline":"O Grupo Popular tende a man a estudar e negociar as propostas sensatas e viables que presenten os grupos da oposici\u00f3n no Debate de Pol\u00edtica Xeral","datePublished":"2025-04-15T12:53:54+00:00","mainEntityOfPage":{"@id":"https:\/\/ppdegalicia.com\/es\/o-grupo-popular-tende-a-man-a-estudar-e-negociar-as-propostas-sensatas-e-viables-que-presenten-os-grupos-da-oposicion-no-debate-de-politica-xeral\/"},"wordCount":931,"publisher":{"@id":"https:\/\/ppdegalicia.com\/es\/#organization"},"image":{"@id":"https:\/\/ppdegalicia.com\/es\/o-grupo-popular-tende-a-man-a-estudar-e-negociar-as-propostas-sensatas-e-viables-que-presenten-os-grupos-da-oposicion-no-debate-de-politica-xeral\/#primaryimage"},"thumbnailUrl":"https:\/\/ppdegalicia.com\/wp-content\/uploads\/2025\/04\/20250415_Xunta_Portavoces5-scaled.jpg","articleSection":["Parlamento de Galicia"],"inLanguage":"es"},{"@type":"WebPage","@id":"https:\/\/ppdegalicia.com\/es\/o-grupo-popular-tende-a-man-a-estudar-e-negociar-as-propostas-sensatas-e-viables-que-presenten-os-grupos-da-oposicion-no-debate-de-politica-xeral\/","url":"https:\/\/ppdegalicia.com\/es\/o-grupo-popular-tende-a-man-a-estudar-e-negociar-as-propostas-sensatas-e-viables-que-presenten-os-grupos-da-oposicion-no-debate-de-politica-xeral\/","name":"O Grupo Popular tende a man a estudar e negociar as propostas sensatas e viables que presenten os grupos da oposici\u00f3n no Debate de Pol\u00edtica Xeral - PP de Galicia","isPartOf":{"@id":"https:\/\/ppdegalicia.com\/es\/#website"},"primaryImageOfPage":{"@id":"https:\/\/ppdegalicia.com\/es\/o-grupo-popular-tende-a-man-a-estudar-e-negociar-as-propostas-sensatas-e-viables-que-presenten-os-grupos-da-oposicion-no-debate-de-politica-xeral\/#primaryimage"},"image":{"@id":"https:\/\/ppdegalicia.com\/es\/o-grupo-popular-tende-a-man-a-estudar-e-negociar-as-propostas-sensatas-e-viables-que-presenten-os-grupos-da-oposicion-no-debate-de-politica-xeral\/#primaryimage"},"thumbnailUrl":"https:\/\/ppdegalicia.com\/wp-content\/uploads\/2025\/04\/20250415_Xunta_Portavoces5-scaled.jpg","datePublished":"2025-04-15T12:53:54+00:00","breadcrumb":{"@id":"https:\/\/ppdegalicia.com\/es\/o-grupo-popular-tende-a-man-a-estudar-e-negociar-as-propostas-sensatas-e-viables-que-presenten-os-grupos-da-oposicion-no-debate-de-politica-xeral\/#breadcrumb"},"inLanguage":"es","potentialAction":[{"@type":"ReadAction","target":["https:\/\/ppdegalicia.com\/es\/o-grupo-popular-tende-a-man-a-estudar-e-negociar-as-propostas-sensatas-e-viables-que-presenten-os-grupos-da-oposicion-no-debate-de-politica-xeral\/"]}]},{"@type":"ImageObject","inLanguage":"es","@id":"https:\/\/ppdegalicia.com\/es\/o-grupo-popular-tende-a-man-a-estudar-e-negociar-as-propostas-sensatas-e-viables-que-presenten-os-grupos-da-oposicion-no-debate-de-politica-xeral\/#primaryimage","url":"https:\/\/ppdegalicia.com\/wp-content\/uploads\/2025\/04\/20250415_Xunta_Portavoces5-scaled.jpg","contentUrl":"https:\/\/ppdegalicia.com\/wp-content\/uploads\/2025\/04\/20250415_Xunta_Portavoces5-scaled.jpg","width":2560,"height":1707},{"@type":"BreadcrumbList","@id":"https:\/\/ppdegalicia.com\/es\/o-grupo-popular-tende-a-man-a-estudar-e-negociar-as-propostas-sensatas-e-viables-que-presenten-os-grupos-da-oposicion-no-debate-de-politica-xeral\/#breadcrumb","itemListElement":[{"@type":"ListItem","position":1,"name":"Portada","item":"https:\/\/ppdegalicia.com\/es\/"},{"@type":"ListItem","position":2,"name":"O Grupo Popular tende a man a estudar e negociar as propostas sensatas e viables que presenten os grupos da oposici\u00f3n no Debate de Pol\u00edtica Xeral"}]},{"@type":"WebSite","@id":"https:\/\/ppdegalicia.com\/es\/#website","url":"https:\/\/ppdegalicia.com\/es\/","name":"Partido Popular de Galicia","description":"Partido Popular de Galicia","publisher":{"@id":"https:\/\/ppdegalicia.com\/es\/#organization"},"alternateName":"PP de Galicia","potentialAction":[{"@type":"SearchAction","target":{"@type":"EntryPoint","urlTemplate":"https:\/\/ppdegalicia.com\/es\/?s={search_term_string}"},"query-input":{"@type":"PropertyValueSpecification","valueRequired":true,"valueName":"search_term_string"}}],"inLanguage":"es"},{"@type":"Organization","@id":"https:\/\/ppdegalicia.com\/es\/#organization","name":"Partido Popular de Galicia","alternateName":"PP de Galicia","url":"https:\/\/ppdegalicia.com\/es\/","logo":{"@type":"ImageObject","inLanguage":"es","@id":"https:\/\/ppdegalicia.com\/es\/#\/schema\/logo\/image\/","url":"https:\/\/ppdegalicia.com\/wp-content\/uploads\/2023\/04\/logoPP512.png","contentUrl":"https:\/\/ppdegalicia.com\/wp-content\/uploads\/2023\/04\/logoPP512.png","width":512,"height":512,"caption":"Partido Popular de Galicia"},"image":{"@id":"https:\/\/ppdegalicia.com\/es\/#\/schema\/logo\/image\/"},"sameAs":["https:\/\/www.instagram.com\/ppdegalicia\/","https:\/\/x.com\/ppdegalicia","https:\/\/www.tiktok.com\/@ppdegalicia","https:\/\/www.youtube.com\/user\/ppdegalicia"]},{"@type":"Person","@id":"https:\/\/ppdegalicia.com\/es\/#\/schema\/person\/5b822c6f59e872ebdd1142f307dbcb59","name":"ppdegaliciaredes","image":{"@type":"ImageObject","inLanguage":"es","@id":"https:\/\/secure.gravatar.com\/avatar\/3c9179cf0256d00c72a48d1f25783c58b6842cd56e85ef3a572881c8e28ccd59?s=96&d=mm&r=g","url":"https:\/\/secure.gravatar.com\/avatar\/3c9179cf0256d00c72a48d1f25783c58b6842cd56e85ef3a572881c8e28ccd59?s=96&d=mm&r=g","contentUrl":"https:\/\/secure.gravatar.com\/avatar\/3c9179cf0256d00c72a48d1f25783c58b6842cd56e85ef3a572881c8e28ccd59?s=96&d=mm&r=g","caption":"ppdegaliciaredes"},"url":"https:\/\/ppdegalicia.com\/es\/author\/ppdegaliciaredes\/"}]}},"_links":{"self":[{"href":"https:\/\/ppdegalicia.com\/es\/wp-json\/wp\/v2\/posts\/66637","targetHints":{"allow":["GET"]}}],"collection":[{"href":"https:\/\/ppdegalicia.com\/es\/wp-json\/wp\/v2\/posts"}],"about":[{"href":"https:\/\/ppdegalicia.com\/es\/wp-json\/wp\/v2\/types\/post"}],"author":[{"embeddable":true,"href":"https:\/\/ppdegalicia.com\/es\/wp-json\/wp\/v2\/users\/38"}],"replies":[{"embeddable":true,"href":"https:\/\/ppdegalicia.com\/es\/wp-json\/wp\/v2\/comments?post=66637"}],"version-history":[{"count":1,"href":"https:\/\/ppdegalicia.com\/es\/wp-json\/wp\/v2\/posts\/66637\/revisions"}],"predecessor-version":[{"id":66640,"href":"https:\/\/ppdegalicia.com\/es\/wp-json\/wp\/v2\/posts\/66637\/revisions\/66640"}],"wp:featuredmedia":[{"embeddable":true,"href":"https:\/\/ppdegalicia.com\/es\/wp-json\/wp\/v2\/media\/66638"}],"wp:attachment":[{"href":"https:\/\/ppdegalicia.com\/es\/wp-json\/wp\/v2\/media?parent=66637"}],"wp:term":[{"taxonomy":"category","embeddable":true,"href":"https:\/\/ppdegalicia.com\/es\/wp-json\/wp\/v2\/categories?post=66637"},{"taxonomy":"post_tag","embeddable":true,"href":"https:\/\/ppdegalicia.com\/es\/wp-json\/wp\/v2\/tags?post=66637"}],"curies":[{"name":"wp","href":"https:\/\/api.w.org\/{rel}","templated":true}]}}