{"id":66731,"date":"2025-04-23T19:46:42","date_gmt":"2025-04-23T18:46:42","guid":{"rendered":"https:\/\/ppdegalicia.com\/?p=66731"},"modified":"2025-04-23T19:46:42","modified_gmt":"2025-04-23T18:46:42","slug":"alberto-pazos-salienta-que-galicia-goza-dun-estilo-propio-que-aposta-polo-rigor-e-o-sentidino-alonxado-de-vaivens-caprichos-liortas-e-inestabilidade","status":"publish","type":"post","link":"https:\/\/ppdegalicia.com\/es\/alberto-pazos-salienta-que-galicia-goza-dun-estilo-propio-que-aposta-polo-rigor-e-o-sentidino-alonxado-de-vaivens-caprichos-liortas-e-inestabilidade\/","title":{"rendered":"Alberto Pazos salienta que Galicia goza \u201cdun estilo propio que aposta polo rigor e o sentidi\u00f1o, alonxado de vaiv\u00e9ns, caprichos, liortas e inestabilidade\u201d"},"content":{"rendered":"<p>O portavoz do Grupo Popular, Alberto Pazos, salientou hoxe no Debate de Pol\u00edtica Xeral que se celebra no Parlamento galego que hai un ano \u201cAlfonso Rueda prometeu estabilidade e Galicia goza hoxe da estabilidade institucional prometida\u201d, e apuntou que neste tempo \u201cavanzamos no cumprimento do programa electoral que o Partido Popular presentou aos galegos, fomos quen de reclamar un trato xusto para Galicia al\u00ed onde se nos estaba negando e aprobamos iniciativas lexislativas de gran calado\u201d. \u201cUn estilo propio, alonxado dos vaiv\u00e9ns, dos caprichos, das liortas e da inestabilidade, que aposta polo rigor e polo sentidi\u00f1o\u201d, subli\u00f1ou.<\/p>\n<p>Alberto Pazos comezou a s\u00faa intervenci\u00f3n salientando que \u201co Presidente Rueda decidiu solicitar a celebraci\u00f3n deste Debate no primeiro instante en que resultaba legalmente posible, apenas transcorrido un ano de goberno, e esta prontitude acredita unha vontade de transparencia e di\u00e1logo f\u00f3ra de toda discusi\u00f3n e digna de todo reco\u00f1ecemento\u201d.<\/p>\n<p><strong>ORZAMENTOS PRORROGADOS<\/strong><\/p>\n<p>\u201cO mundo vive momentos convulsos, nun momento de enorme estabilidade internacional, en plena guerra comercial entre bloques e superpotencias e recuperadas as regras fiscais suspendidas primeiro pola pandemia e despois pola invasi\u00f3n de Ucra\u00edna\u201d, lembrou o portavoz popular, quen lamentou que neste contexto \u201co Goberno de Pedro S\u00e1nchez acaba de prorrogar os orzamentos do Estado de 2023, que ve\u00f1en da anterior lexislatura, pero despreza ao Congreso ao furtarlle a celebraci\u00f3n dun Debate sobre o Estado da Naci\u00f3n\u201d.<\/p>\n<p>Respecto da industrializaci\u00f3n de Galicia, Pazos criticou que \u201cescoitamos \u00e1 oposici\u00f3n defender a necesidade dunha f\u00e1brica de fibras sostibles de orixe vexetal, pero sen aproveitar a masa forestal que serve de materia prima e sen producir a celulosa soluble coa que se fabrican esas fibras sostibles\u201d. Neste sentido, afirmou que \u201ceste Goberno vai continuar facendo o que prometeu, con independencia dos cambios de opini\u00f3n da oposici\u00f3n, dos seus exercicios de hipocris\u00eda e, incluso, da s\u00faa capacidade para inventar unha nova linguaxe\u201d.<\/p>\n<p>\u201cComparar a produci\u00f3n de pasta de papel coa produci\u00f3n de celulosa soluble \u00e9 simplemente unha burda manipulaci\u00f3n: nin son comparables os seus procesos de produci\u00f3n, nin son comparables os consumos de auga, nin son comparables as emisi\u00f3ns\u201d, asegurou.<\/p>\n<p>E, dirix\u00edndose aos grupos da oposici\u00f3n, sinalou que \u201co seu plan industrial \u00e9 converter a Galicia na terra de Nunca Xamais, e as\u00ed p\u00f3dese escribir un conto, pero non o futuro de Galicia\u201d. \u201cNon queremos elixir, queremos industria e queremos agro, queremos miner\u00eda e queremos gander\u00eda, queremos enerx\u00eda e queremos pesca, queremos todo porque Galicia o merece todo, menos esa oposici\u00f3n triste, gris e pontoniana que non merece ningu\u00e9n\u201d, dixo.<\/p>\n<p><strong>REPARTO EQUILIBRADO E CONSENSUADO<\/strong><\/p>\n<p>Sobre o financiamento auton\u00f3mico, Alberto Pazos lembrou que \u201cneste Parlamento acordamos que era imprescindible un novo sistema que atendese ao custe real de prestaci\u00f3n dos servizos p\u00fablicos, un sistema que establecese un reparto atendendo \u00e1 poboaci\u00f3n axustada e no que pesase m\u00e1is o envellecemento e a dispersi\u00f3n, que tanto encarecen os servizos en Galicia\u201d.<\/p>\n<p>\u201cPor\u00e9n, Pedro S\u00e1nchez n\u00e9gase a avanzar nun reparto equilibrado e consensuado dos recursos p\u00fablicos que corresponden \u00e1s comunidades aut\u00f3nomas, pero a cambio accede graciosamente a perdoar unha parte da d\u00e9beda auton\u00f3mica a petici\u00f3n dun partido independentista, que non goberna ningunha autonom\u00eda pero que si parece gobernar ao Goberno de Espa\u00f1a\u201d, manifestou o portavoz popular. Ademais, cualificou a proposta feita polo Goberno de Pedro S\u00e1nchez de \u201cburda, que a esquerda galega tivo que dar o mellor de si para tentar xustificar este novo e inxustificable abuso, que basicamente consiste en que aqueles que temos menos d\u00e9beda fagamos un esforzo extra para pagar os pufos daqueles que m\u00e1is se endebedaron\u201d.<\/p>\n<p>O portavoz popular afirmou que para a oposici\u00f3n \u201cos servizos p\u00fablicos non son m\u00e1is que unha oportunidade para a demagoxia\u201d, a pesar de que \u201cGalicia experimentou nos \u00faltimos anos un incremento sen precedentes\u201d. En concreto, destacou que \u201co noso sistema educativo \u00e9 hoxe envexado, tanto pola s\u00faa equidade como pola s\u00faa calidade\u201d. \u201cSomos a primeira comunidade aut\u00f3noma que garantiu que calquera neno ou nena galego poida completar a s\u00faa vida educativa, desde a escola infantil ata rematar a s\u00faa formaci\u00f3n universitaria ou profesional, de maneira gratu\u00edta, ao tempo que a reduci\u00f3n do fracaso escolar acadou os mellores datos da s\u00faa historia\u201d.<\/p>\n<p><strong>A GALICIA QUE DEMANDAN OS GALEGOS<\/strong><\/p>\n<p>No \u00e1mbito das pol\u00edticas sociais, subli\u00f1ou que \u201cmultiplicamos por cinco o n\u00famero de dependentes atendidos, triplicamos as prazas de residencia, multiplicamos por seis as prazas de centros de d\u00eda e por oito os usuarios do servizo de axuda no fogar, adiantando m\u00e1is dun ano o acordo de mellora do financiamento deste servizo\u201d. As\u00ed mesmo, engadiu que \u201cno \u00faltimo ano reducimos sete puntos a taxa Arope, situ\u00e1ndonos como a cuarta comunidade aut\u00f3noma con menor risco de exclusi\u00f3n social e que Galicia te\u00f1a hoxe a taxa de pobreza m\u00e1is baixa da s\u00faa historia\u201d.<\/p>\n<p>Alberto Pazos destacou que \u201choxe dedicamos a sanidade 1.740 mill\u00f3ns de euros m\u00e1is que os que se dedicaban durante o goberno do Bipartito, traballan 7.000 profesionais m\u00e1is que daquela e dedicamos un 39 por cento do orzamento, fronte ao 34 por cento que dedicaban nacionalistas e socialistas cando gobernaban\u201d. \u201cOs programas de cribados de cancro, os cribados neonatais, o calendario vacinal ou a extensi\u00f3n de mam\u00f3grafos a todas as \u00e1reas sanitarias supuxeron avances sen precedentes na prevenci\u00f3n\u201d, indicou o portavoz popular, quen criticou \u00e1 oposici\u00f3n porque \u201cseguen contabilizando camas cando hoxe a cirurx\u00eda ambulatoria \u00e9 unha realidade completamente estendida ou cando operaci\u00f3ns que antes implicaban estancias hospitalarias de semanas agora obte\u00f1en altas en 48 horas\u201d.<\/p>\n<p>Por \u00faltimo, Pazos avogou por \u201cseguir traballando ata acadar as 4.000 vivendas publicas prometidas; avanzar nunha igualdade real, completa e definitiva entre homes e mulleres; na desaparici\u00f3n da fenda entre o rural e o urbano; ou no desenvolvemento do noso autogoberno\u201d. \u201cEn definitiva, compromet\u00e9ndonos coa Galicia que demandan os galegos, os mesmos que co seu voto decidiron manter alonxada esta terra dos extremismos\u201d, rematou.<\/p>\n","protected":false},"excerpt":{"rendered":"<p>O portavoz do Grupo Popular, Alberto Pazos, salientou hoxe no Debate de Pol\u00edtica Xeral que se celebra no Parlamento galego que hai un ano \u201cAlfonso Rueda prometeu estabilidade e Galicia goza hoxe da estabilidade institucional prometida\u201d, e apuntou que neste tempo \u201cavanzamos no cumprimento do programa electoral que o Partido Popular presentou aos galegos, fomos [&hellip;]<\/p>\n","protected":false},"author":38,"featured_media":66732,"comment_status":"closed","ping_status":"open","sticky":false,"template":"","format":"standard","meta":{"_acf_changed":false,"footnotes":""},"categories":[1127],"tags":[],"class_list":["post-66731","post","type-post","status-publish","format-standard","has-post-thumbnail","hentry","category-actualidad-parlamento-europeo"],"acf":[],"yoast_head":"<!-- This site is optimized with the Yoast SEO plugin v27.3 - https:\/\/yoast.com\/product\/yoast-seo-wordpress\/ -->\n<title>Alberto Pazos salienta que Galicia goza \u201cdun estilo propio que aposta polo rigor e o sentidi\u00f1o, alonxado de vaiv\u00e9ns, caprichos, liortas e inestabilidade\u201d - PP de Galicia<\/title>\n<meta name=\"description\" content=\"O portavoz do Grupo Popular, Alberto Pazos, salientou hoxe no Debate de Pol\u00edtica Xeral que se celebra no Parlamento galego que hai un ano \u201cAlfonso Rueda prometeu estabilidade e Galicia goza hoxe da estabilidade institucional prometida\u201d, e apuntou que neste tempo \u201cavanzamos no cumprimento do programa electoral que o Partido Popular presentou aos galegos, fomos quen de reclamar un trato xusto para Galicia al\u00ed onde se nos estaba negando e aprobamos iniciativas lexislativas de gran calado\u201d. \u201cUn estilo propio, alonxado dos vaiv\u00e9ns, dos caprichos, das liortas e da inestabilidade, que aposta polo rigor e polo sentidi\u00f1o\u201d, subli\u00f1ou.\" \/>\n<meta name=\"robots\" content=\"index, follow, max-snippet:-1, max-image-preview:large, max-video-preview:-1\" \/>\n<link rel=\"canonical\" href=\"https:\/\/ppdegalicia.com\/es\/alberto-pazos-salienta-que-galicia-goza-dun-estilo-propio-que-aposta-polo-rigor-e-o-sentidino-alonxado-de-vaivens-caprichos-liortas-e-inestabilidade\/\" \/>\n<meta property=\"og:locale\" content=\"es_ES\" \/>\n<meta property=\"og:type\" content=\"article\" \/>\n<meta property=\"og:title\" content=\"Alberto Pazos salienta que Galicia goza \u201cdun estilo propio que aposta polo rigor e o sentidi\u00f1o, alonxado de vaiv\u00e9ns, caprichos, liortas e inestabilidade\u201d - PP de Galicia\" \/>\n<meta property=\"og:description\" content=\"O portavoz do Grupo Popular, Alberto Pazos, salientou hoxe no Debate de Pol\u00edtica Xeral que se celebra no Parlamento galego que hai un ano \u201cAlfonso Rueda prometeu estabilidade e Galicia goza hoxe da estabilidade institucional prometida\u201d, e apuntou que neste tempo \u201cavanzamos no cumprimento do programa electoral que o Partido Popular presentou aos galegos, fomos quen de reclamar un trato xusto para Galicia al\u00ed onde se nos estaba negando e aprobamos iniciativas lexislativas de gran calado\u201d. \u201cUn estilo propio, alonxado dos vaiv\u00e9ns, dos caprichos, das liortas e da inestabilidade, que aposta polo rigor e polo sentidi\u00f1o\u201d, subli\u00f1ou.\" \/>\n<meta property=\"og:url\" content=\"https:\/\/ppdegalicia.com\/es\/alberto-pazos-salienta-que-galicia-goza-dun-estilo-propio-que-aposta-polo-rigor-e-o-sentidino-alonxado-de-vaivens-caprichos-liortas-e-inestabilidade\/\" \/>\n<meta property=\"og:site_name\" content=\"PP de Galicia\" \/>\n<meta property=\"article:publisher\" content=\"https:\/\/www.instagram.com\/ppdegalicia\/\" \/>\n<meta property=\"article:published_time\" content=\"2025-04-23T18:46:42+00:00\" \/>\n<meta property=\"og:image\" content=\"https:\/\/ppdegalicia.com\/wp-content\/uploads\/2025\/04\/20250423_DEAGalicia25_215-scaled.jpg\" \/>\n\t<meta property=\"og:image:width\" content=\"2560\" \/>\n\t<meta property=\"og:image:height\" content=\"1707\" \/>\n\t<meta property=\"og:image:type\" content=\"image\/jpeg\" \/>\n<meta name=\"author\" content=\"ppdegaliciaredes\" \/>\n<meta name=\"twitter:card\" content=\"summary_large_image\" \/>\n<meta name=\"twitter:creator\" content=\"@ppdegalicia\" \/>\n<meta name=\"twitter:site\" content=\"@ppdegalicia\" \/>\n<meta name=\"twitter:label1\" content=\"Escrito por\" \/>\n\t<meta name=\"twitter:data1\" content=\"ppdegaliciaredes\" \/>\n\t<meta name=\"twitter:label2\" content=\"Tiempo de lectura\" \/>\n\t<meta name=\"twitter:data2\" content=\"6 minutos\" \/>\n<script type=\"application\/ld+json\" class=\"yoast-schema-graph\">{\"@context\":\"https:\\\/\\\/schema.org\",\"@graph\":[{\"@type\":\"Article\",\"@id\":\"https:\\\/\\\/ppdegalicia.com\\\/es\\\/alberto-pazos-salienta-que-galicia-goza-dun-estilo-propio-que-aposta-polo-rigor-e-o-sentidino-alonxado-de-vaivens-caprichos-liortas-e-inestabilidade\\\/#article\",\"isPartOf\":{\"@id\":\"https:\\\/\\\/ppdegalicia.com\\\/es\\\/alberto-pazos-salienta-que-galicia-goza-dun-estilo-propio-que-aposta-polo-rigor-e-o-sentidino-alonxado-de-vaivens-caprichos-liortas-e-inestabilidade\\\/\"},\"author\":{\"name\":\"ppdegaliciaredes\",\"@id\":\"https:\\\/\\\/ppdegalicia.com\\\/es\\\/#\\\/schema\\\/person\\\/5b822c6f59e872ebdd1142f307dbcb59\"},\"headline\":\"Alberto Pazos salienta que Galicia goza \u201cdun estilo propio que aposta polo rigor e o sentidi\u00f1o, alonxado de vaiv\u00e9ns, caprichos, liortas e inestabilidade\u201d\",\"datePublished\":\"2025-04-23T18:46:42+00:00\",\"mainEntityOfPage\":{\"@id\":\"https:\\\/\\\/ppdegalicia.com\\\/es\\\/alberto-pazos-salienta-que-galicia-goza-dun-estilo-propio-que-aposta-polo-rigor-e-o-sentidino-alonxado-de-vaivens-caprichos-liortas-e-inestabilidade\\\/\"},\"wordCount\":1060,\"publisher\":{\"@id\":\"https:\\\/\\\/ppdegalicia.com\\\/es\\\/#organization\"},\"image\":{\"@id\":\"https:\\\/\\\/ppdegalicia.com\\\/es\\\/alberto-pazos-salienta-que-galicia-goza-dun-estilo-propio-que-aposta-polo-rigor-e-o-sentidino-alonxado-de-vaivens-caprichos-liortas-e-inestabilidade\\\/#primaryimage\"},\"thumbnailUrl\":\"https:\\\/\\\/ppdegalicia.com\\\/wp-content\\\/uploads\\\/2025\\\/04\\\/20250423_DEAGalicia25_215-scaled.jpg\",\"articleSection\":[\"Parlamento Europeo\"],\"inLanguage\":\"es\"},{\"@type\":\"WebPage\",\"@id\":\"https:\\\/\\\/ppdegalicia.com\\\/es\\\/alberto-pazos-salienta-que-galicia-goza-dun-estilo-propio-que-aposta-polo-rigor-e-o-sentidino-alonxado-de-vaivens-caprichos-liortas-e-inestabilidade\\\/\",\"url\":\"https:\\\/\\\/ppdegalicia.com\\\/es\\\/alberto-pazos-salienta-que-galicia-goza-dun-estilo-propio-que-aposta-polo-rigor-e-o-sentidino-alonxado-de-vaivens-caprichos-liortas-e-inestabilidade\\\/\",\"name\":\"Alberto Pazos salienta que Galicia goza \u201cdun estilo propio que aposta polo rigor e o sentidi\u00f1o, alonxado de vaiv\u00e9ns, caprichos, liortas e inestabilidade\u201d - PP de Galicia\",\"isPartOf\":{\"@id\":\"https:\\\/\\\/ppdegalicia.com\\\/es\\\/#website\"},\"primaryImageOfPage\":{\"@id\":\"https:\\\/\\\/ppdegalicia.com\\\/es\\\/alberto-pazos-salienta-que-galicia-goza-dun-estilo-propio-que-aposta-polo-rigor-e-o-sentidino-alonxado-de-vaivens-caprichos-liortas-e-inestabilidade\\\/#primaryimage\"},\"image\":{\"@id\":\"https:\\\/\\\/ppdegalicia.com\\\/es\\\/alberto-pazos-salienta-que-galicia-goza-dun-estilo-propio-que-aposta-polo-rigor-e-o-sentidino-alonxado-de-vaivens-caprichos-liortas-e-inestabilidade\\\/#primaryimage\"},\"thumbnailUrl\":\"https:\\\/\\\/ppdegalicia.com\\\/wp-content\\\/uploads\\\/2025\\\/04\\\/20250423_DEAGalicia25_215-scaled.jpg\",\"datePublished\":\"2025-04-23T18:46:42+00:00\",\"description\":\"O portavoz do Grupo Popular, Alberto Pazos, salientou hoxe no Debate de Pol\u00edtica Xeral que se celebra no Parlamento galego que hai un ano \u201cAlfonso Rueda prometeu estabilidade e Galicia goza hoxe da estabilidade institucional prometida\u201d, e apuntou que neste tempo \u201cavanzamos no cumprimento do programa electoral que o Partido Popular presentou aos galegos, fomos quen de reclamar un trato xusto para Galicia al\u00ed onde se nos estaba negando e aprobamos iniciativas lexislativas de gran calado\u201d. \u201cUn estilo propio, alonxado dos vaiv\u00e9ns, dos caprichos, das liortas e da inestabilidade, que aposta polo rigor e polo sentidi\u00f1o\u201d, subli\u00f1ou.\",\"breadcrumb\":{\"@id\":\"https:\\\/\\\/ppdegalicia.com\\\/es\\\/alberto-pazos-salienta-que-galicia-goza-dun-estilo-propio-que-aposta-polo-rigor-e-o-sentidino-alonxado-de-vaivens-caprichos-liortas-e-inestabilidade\\\/#breadcrumb\"},\"inLanguage\":\"es\",\"potentialAction\":[{\"@type\":\"ReadAction\",\"target\":[\"https:\\\/\\\/ppdegalicia.com\\\/es\\\/alberto-pazos-salienta-que-galicia-goza-dun-estilo-propio-que-aposta-polo-rigor-e-o-sentidino-alonxado-de-vaivens-caprichos-liortas-e-inestabilidade\\\/\"]}]},{\"@type\":\"ImageObject\",\"inLanguage\":\"es\",\"@id\":\"https:\\\/\\\/ppdegalicia.com\\\/es\\\/alberto-pazos-salienta-que-galicia-goza-dun-estilo-propio-que-aposta-polo-rigor-e-o-sentidino-alonxado-de-vaivens-caprichos-liortas-e-inestabilidade\\\/#primaryimage\",\"url\":\"https:\\\/\\\/ppdegalicia.com\\\/wp-content\\\/uploads\\\/2025\\\/04\\\/20250423_DEAGalicia25_215-scaled.jpg\",\"contentUrl\":\"https:\\\/\\\/ppdegalicia.com\\\/wp-content\\\/uploads\\\/2025\\\/04\\\/20250423_DEAGalicia25_215-scaled.jpg\",\"width\":2560,\"height\":1707},{\"@type\":\"BreadcrumbList\",\"@id\":\"https:\\\/\\\/ppdegalicia.com\\\/es\\\/alberto-pazos-salienta-que-galicia-goza-dun-estilo-propio-que-aposta-polo-rigor-e-o-sentidino-alonxado-de-vaivens-caprichos-liortas-e-inestabilidade\\\/#breadcrumb\",\"itemListElement\":[{\"@type\":\"ListItem\",\"position\":1,\"name\":\"Portada\",\"item\":\"https:\\\/\\\/ppdegalicia.com\\\/es\\\/\"},{\"@type\":\"ListItem\",\"position\":2,\"name\":\"Alberto Pazos salienta que Galicia goza \u201cdun estilo propio que aposta polo rigor e o sentidi\u00f1o, alonxado de vaiv\u00e9ns, caprichos, liortas e inestabilidade\u201d\"}]},{\"@type\":\"WebSite\",\"@id\":\"https:\\\/\\\/ppdegalicia.com\\\/es\\\/#website\",\"url\":\"https:\\\/\\\/ppdegalicia.com\\\/es\\\/\",\"name\":\"Partido Popular de Galicia\",\"description\":\"Partido Popular de Galicia\",\"publisher\":{\"@id\":\"https:\\\/\\\/ppdegalicia.com\\\/es\\\/#organization\"},\"alternateName\":\"PP de Galicia\",\"potentialAction\":[{\"@type\":\"SearchAction\",\"target\":{\"@type\":\"EntryPoint\",\"urlTemplate\":\"https:\\\/\\\/ppdegalicia.com\\\/es\\\/?s={search_term_string}\"},\"query-input\":{\"@type\":\"PropertyValueSpecification\",\"valueRequired\":true,\"valueName\":\"search_term_string\"}}],\"inLanguage\":\"es\"},{\"@type\":\"Organization\",\"@id\":\"https:\\\/\\\/ppdegalicia.com\\\/es\\\/#organization\",\"name\":\"Partido Popular de Galicia\",\"alternateName\":\"PP de Galicia\",\"url\":\"https:\\\/\\\/ppdegalicia.com\\\/es\\\/\",\"logo\":{\"@type\":\"ImageObject\",\"inLanguage\":\"es\",\"@id\":\"https:\\\/\\\/ppdegalicia.com\\\/es\\\/#\\\/schema\\\/logo\\\/image\\\/\",\"url\":\"https:\\\/\\\/ppdegalicia.com\\\/wp-content\\\/uploads\\\/2023\\\/04\\\/logoPP512.png\",\"contentUrl\":\"https:\\\/\\\/ppdegalicia.com\\\/wp-content\\\/uploads\\\/2023\\\/04\\\/logoPP512.png\",\"width\":512,\"height\":512,\"caption\":\"Partido Popular de Galicia\"},\"image\":{\"@id\":\"https:\\\/\\\/ppdegalicia.com\\\/es\\\/#\\\/schema\\\/logo\\\/image\\\/\"},\"sameAs\":[\"https:\\\/\\\/www.instagram.com\\\/ppdegalicia\\\/\",\"https:\\\/\\\/x.com\\\/ppdegalicia\",\"https:\\\/\\\/www.tiktok.com\\\/@ppdegalicia\",\"https:\\\/\\\/www.youtube.com\\\/user\\\/ppdegalicia\"]},{\"@type\":\"Person\",\"@id\":\"https:\\\/\\\/ppdegalicia.com\\\/es\\\/#\\\/schema\\\/person\\\/5b822c6f59e872ebdd1142f307dbcb59\",\"name\":\"ppdegaliciaredes\",\"image\":{\"@type\":\"ImageObject\",\"inLanguage\":\"es\",\"@id\":\"https:\\\/\\\/secure.gravatar.com\\\/avatar\\\/3c9179cf0256d00c72a48d1f25783c58b6842cd56e85ef3a572881c8e28ccd59?s=96&d=mm&r=g\",\"url\":\"https:\\\/\\\/secure.gravatar.com\\\/avatar\\\/3c9179cf0256d00c72a48d1f25783c58b6842cd56e85ef3a572881c8e28ccd59?s=96&d=mm&r=g\",\"contentUrl\":\"https:\\\/\\\/secure.gravatar.com\\\/avatar\\\/3c9179cf0256d00c72a48d1f25783c58b6842cd56e85ef3a572881c8e28ccd59?s=96&d=mm&r=g\",\"caption\":\"ppdegaliciaredes\"},\"url\":\"https:\\\/\\\/ppdegalicia.com\\\/es\\\/author\\\/ppdegaliciaredes\\\/\"}]}<\/script>\n<!-- \/ Yoast SEO plugin. -->","yoast_head_json":{"title":"Alberto Pazos salienta que Galicia goza \u201cdun estilo propio que aposta polo rigor e o sentidi\u00f1o, alonxado de vaiv\u00e9ns, caprichos, liortas e inestabilidade\u201d - PP de Galicia","description":"O portavoz do Grupo Popular, Alberto Pazos, salientou hoxe no Debate de Pol\u00edtica Xeral que se celebra no Parlamento galego que hai un ano \u201cAlfonso Rueda prometeu estabilidade e Galicia goza hoxe da estabilidade institucional prometida\u201d, e apuntou que neste tempo \u201cavanzamos no cumprimento do programa electoral que o Partido Popular presentou aos galegos, fomos quen de reclamar un trato xusto para Galicia al\u00ed onde se nos estaba negando e aprobamos iniciativas lexislativas de gran calado\u201d. \u201cUn estilo propio, alonxado dos vaiv\u00e9ns, dos caprichos, das liortas e da inestabilidade, que aposta polo rigor e polo sentidi\u00f1o\u201d, subli\u00f1ou.","robots":{"index":"index","follow":"follow","max-snippet":"max-snippet:-1","max-image-preview":"max-image-preview:large","max-video-preview":"max-video-preview:-1"},"canonical":"https:\/\/ppdegalicia.com\/es\/alberto-pazos-salienta-que-galicia-goza-dun-estilo-propio-que-aposta-polo-rigor-e-o-sentidino-alonxado-de-vaivens-caprichos-liortas-e-inestabilidade\/","og_locale":"es_ES","og_type":"article","og_title":"Alberto Pazos salienta que Galicia goza \u201cdun estilo propio que aposta polo rigor e o sentidi\u00f1o, alonxado de vaiv\u00e9ns, caprichos, liortas e inestabilidade\u201d - PP de Galicia","og_description":"O portavoz do Grupo Popular, Alberto Pazos, salientou hoxe no Debate de Pol\u00edtica Xeral que se celebra no Parlamento galego que hai un ano \u201cAlfonso Rueda prometeu estabilidade e Galicia goza hoxe da estabilidade institucional prometida\u201d, e apuntou que neste tempo \u201cavanzamos no cumprimento do programa electoral que o Partido Popular presentou aos galegos, fomos quen de reclamar un trato xusto para Galicia al\u00ed onde se nos estaba negando e aprobamos iniciativas lexislativas de gran calado\u201d. \u201cUn estilo propio, alonxado dos vaiv\u00e9ns, dos caprichos, das liortas e da inestabilidade, que aposta polo rigor e polo sentidi\u00f1o\u201d, subli\u00f1ou.","og_url":"https:\/\/ppdegalicia.com\/es\/alberto-pazos-salienta-que-galicia-goza-dun-estilo-propio-que-aposta-polo-rigor-e-o-sentidino-alonxado-de-vaivens-caprichos-liortas-e-inestabilidade\/","og_site_name":"PP de Galicia","article_publisher":"https:\/\/www.instagram.com\/ppdegalicia\/","article_published_time":"2025-04-23T18:46:42+00:00","og_image":[{"width":2560,"height":1707,"url":"https:\/\/ppdegalicia.com\/wp-content\/uploads\/2025\/04\/20250423_DEAGalicia25_215-scaled.jpg","type":"image\/jpeg"}],"author":"ppdegaliciaredes","twitter_card":"summary_large_image","twitter_creator":"@ppdegalicia","twitter_site":"@ppdegalicia","twitter_misc":{"Escrito por":"ppdegaliciaredes","Tiempo de lectura":"6 minutos"},"schema":{"@context":"https:\/\/schema.org","@graph":[{"@type":"Article","@id":"https:\/\/ppdegalicia.com\/es\/alberto-pazos-salienta-que-galicia-goza-dun-estilo-propio-que-aposta-polo-rigor-e-o-sentidino-alonxado-de-vaivens-caprichos-liortas-e-inestabilidade\/#article","isPartOf":{"@id":"https:\/\/ppdegalicia.com\/es\/alberto-pazos-salienta-que-galicia-goza-dun-estilo-propio-que-aposta-polo-rigor-e-o-sentidino-alonxado-de-vaivens-caprichos-liortas-e-inestabilidade\/"},"author":{"name":"ppdegaliciaredes","@id":"https:\/\/ppdegalicia.com\/es\/#\/schema\/person\/5b822c6f59e872ebdd1142f307dbcb59"},"headline":"Alberto Pazos salienta que Galicia goza \u201cdun estilo propio que aposta polo rigor e o sentidi\u00f1o, alonxado de vaiv\u00e9ns, caprichos, liortas e inestabilidade\u201d","datePublished":"2025-04-23T18:46:42+00:00","mainEntityOfPage":{"@id":"https:\/\/ppdegalicia.com\/es\/alberto-pazos-salienta-que-galicia-goza-dun-estilo-propio-que-aposta-polo-rigor-e-o-sentidino-alonxado-de-vaivens-caprichos-liortas-e-inestabilidade\/"},"wordCount":1060,"publisher":{"@id":"https:\/\/ppdegalicia.com\/es\/#organization"},"image":{"@id":"https:\/\/ppdegalicia.com\/es\/alberto-pazos-salienta-que-galicia-goza-dun-estilo-propio-que-aposta-polo-rigor-e-o-sentidino-alonxado-de-vaivens-caprichos-liortas-e-inestabilidade\/#primaryimage"},"thumbnailUrl":"https:\/\/ppdegalicia.com\/wp-content\/uploads\/2025\/04\/20250423_DEAGalicia25_215-scaled.jpg","articleSection":["Parlamento Europeo"],"inLanguage":"es"},{"@type":"WebPage","@id":"https:\/\/ppdegalicia.com\/es\/alberto-pazos-salienta-que-galicia-goza-dun-estilo-propio-que-aposta-polo-rigor-e-o-sentidino-alonxado-de-vaivens-caprichos-liortas-e-inestabilidade\/","url":"https:\/\/ppdegalicia.com\/es\/alberto-pazos-salienta-que-galicia-goza-dun-estilo-propio-que-aposta-polo-rigor-e-o-sentidino-alonxado-de-vaivens-caprichos-liortas-e-inestabilidade\/","name":"Alberto Pazos salienta que Galicia goza \u201cdun estilo propio que aposta polo rigor e o sentidi\u00f1o, alonxado de vaiv\u00e9ns, caprichos, liortas e inestabilidade\u201d - PP de Galicia","isPartOf":{"@id":"https:\/\/ppdegalicia.com\/es\/#website"},"primaryImageOfPage":{"@id":"https:\/\/ppdegalicia.com\/es\/alberto-pazos-salienta-que-galicia-goza-dun-estilo-propio-que-aposta-polo-rigor-e-o-sentidino-alonxado-de-vaivens-caprichos-liortas-e-inestabilidade\/#primaryimage"},"image":{"@id":"https:\/\/ppdegalicia.com\/es\/alberto-pazos-salienta-que-galicia-goza-dun-estilo-propio-que-aposta-polo-rigor-e-o-sentidino-alonxado-de-vaivens-caprichos-liortas-e-inestabilidade\/#primaryimage"},"thumbnailUrl":"https:\/\/ppdegalicia.com\/wp-content\/uploads\/2025\/04\/20250423_DEAGalicia25_215-scaled.jpg","datePublished":"2025-04-23T18:46:42+00:00","description":"O portavoz do Grupo Popular, Alberto Pazos, salientou hoxe no Debate de Pol\u00edtica Xeral que se celebra no Parlamento galego que hai un ano \u201cAlfonso Rueda prometeu estabilidade e Galicia goza hoxe da estabilidade institucional prometida\u201d, e apuntou que neste tempo \u201cavanzamos no cumprimento do programa electoral que o Partido Popular presentou aos galegos, fomos quen de reclamar un trato xusto para Galicia al\u00ed onde se nos estaba negando e aprobamos iniciativas lexislativas de gran calado\u201d. \u201cUn estilo propio, alonxado dos vaiv\u00e9ns, dos caprichos, das liortas e da inestabilidade, que aposta polo rigor e polo sentidi\u00f1o\u201d, subli\u00f1ou.","breadcrumb":{"@id":"https:\/\/ppdegalicia.com\/es\/alberto-pazos-salienta-que-galicia-goza-dun-estilo-propio-que-aposta-polo-rigor-e-o-sentidino-alonxado-de-vaivens-caprichos-liortas-e-inestabilidade\/#breadcrumb"},"inLanguage":"es","potentialAction":[{"@type":"ReadAction","target":["https:\/\/ppdegalicia.com\/es\/alberto-pazos-salienta-que-galicia-goza-dun-estilo-propio-que-aposta-polo-rigor-e-o-sentidino-alonxado-de-vaivens-caprichos-liortas-e-inestabilidade\/"]}]},{"@type":"ImageObject","inLanguage":"es","@id":"https:\/\/ppdegalicia.com\/es\/alberto-pazos-salienta-que-galicia-goza-dun-estilo-propio-que-aposta-polo-rigor-e-o-sentidino-alonxado-de-vaivens-caprichos-liortas-e-inestabilidade\/#primaryimage","url":"https:\/\/ppdegalicia.com\/wp-content\/uploads\/2025\/04\/20250423_DEAGalicia25_215-scaled.jpg","contentUrl":"https:\/\/ppdegalicia.com\/wp-content\/uploads\/2025\/04\/20250423_DEAGalicia25_215-scaled.jpg","width":2560,"height":1707},{"@type":"BreadcrumbList","@id":"https:\/\/ppdegalicia.com\/es\/alberto-pazos-salienta-que-galicia-goza-dun-estilo-propio-que-aposta-polo-rigor-e-o-sentidino-alonxado-de-vaivens-caprichos-liortas-e-inestabilidade\/#breadcrumb","itemListElement":[{"@type":"ListItem","position":1,"name":"Portada","item":"https:\/\/ppdegalicia.com\/es\/"},{"@type":"ListItem","position":2,"name":"Alberto Pazos salienta que Galicia goza \u201cdun estilo propio que aposta polo rigor e o sentidi\u00f1o, alonxado de vaiv\u00e9ns, caprichos, liortas e inestabilidade\u201d"}]},{"@type":"WebSite","@id":"https:\/\/ppdegalicia.com\/es\/#website","url":"https:\/\/ppdegalicia.com\/es\/","name":"Partido Popular de Galicia","description":"Partido Popular de Galicia","publisher":{"@id":"https:\/\/ppdegalicia.com\/es\/#organization"},"alternateName":"PP de Galicia","potentialAction":[{"@type":"SearchAction","target":{"@type":"EntryPoint","urlTemplate":"https:\/\/ppdegalicia.com\/es\/?s={search_term_string}"},"query-input":{"@type":"PropertyValueSpecification","valueRequired":true,"valueName":"search_term_string"}}],"inLanguage":"es"},{"@type":"Organization","@id":"https:\/\/ppdegalicia.com\/es\/#organization","name":"Partido Popular de Galicia","alternateName":"PP de Galicia","url":"https:\/\/ppdegalicia.com\/es\/","logo":{"@type":"ImageObject","inLanguage":"es","@id":"https:\/\/ppdegalicia.com\/es\/#\/schema\/logo\/image\/","url":"https:\/\/ppdegalicia.com\/wp-content\/uploads\/2023\/04\/logoPP512.png","contentUrl":"https:\/\/ppdegalicia.com\/wp-content\/uploads\/2023\/04\/logoPP512.png","width":512,"height":512,"caption":"Partido Popular de Galicia"},"image":{"@id":"https:\/\/ppdegalicia.com\/es\/#\/schema\/logo\/image\/"},"sameAs":["https:\/\/www.instagram.com\/ppdegalicia\/","https:\/\/x.com\/ppdegalicia","https:\/\/www.tiktok.com\/@ppdegalicia","https:\/\/www.youtube.com\/user\/ppdegalicia"]},{"@type":"Person","@id":"https:\/\/ppdegalicia.com\/es\/#\/schema\/person\/5b822c6f59e872ebdd1142f307dbcb59","name":"ppdegaliciaredes","image":{"@type":"ImageObject","inLanguage":"es","@id":"https:\/\/secure.gravatar.com\/avatar\/3c9179cf0256d00c72a48d1f25783c58b6842cd56e85ef3a572881c8e28ccd59?s=96&d=mm&r=g","url":"https:\/\/secure.gravatar.com\/avatar\/3c9179cf0256d00c72a48d1f25783c58b6842cd56e85ef3a572881c8e28ccd59?s=96&d=mm&r=g","contentUrl":"https:\/\/secure.gravatar.com\/avatar\/3c9179cf0256d00c72a48d1f25783c58b6842cd56e85ef3a572881c8e28ccd59?s=96&d=mm&r=g","caption":"ppdegaliciaredes"},"url":"https:\/\/ppdegalicia.com\/es\/author\/ppdegaliciaredes\/"}]}},"_links":{"self":[{"href":"https:\/\/ppdegalicia.com\/es\/wp-json\/wp\/v2\/posts\/66731","targetHints":{"allow":["GET"]}}],"collection":[{"href":"https:\/\/ppdegalicia.com\/es\/wp-json\/wp\/v2\/posts"}],"about":[{"href":"https:\/\/ppdegalicia.com\/es\/wp-json\/wp\/v2\/types\/post"}],"author":[{"embeddable":true,"href":"https:\/\/ppdegalicia.com\/es\/wp-json\/wp\/v2\/users\/38"}],"replies":[{"embeddable":true,"href":"https:\/\/ppdegalicia.com\/es\/wp-json\/wp\/v2\/comments?post=66731"}],"version-history":[{"count":1,"href":"https:\/\/ppdegalicia.com\/es\/wp-json\/wp\/v2\/posts\/66731\/revisions"}],"predecessor-version":[{"id":66734,"href":"https:\/\/ppdegalicia.com\/es\/wp-json\/wp\/v2\/posts\/66731\/revisions\/66734"}],"wp:featuredmedia":[{"embeddable":true,"href":"https:\/\/ppdegalicia.com\/es\/wp-json\/wp\/v2\/media\/66732"}],"wp:attachment":[{"href":"https:\/\/ppdegalicia.com\/es\/wp-json\/wp\/v2\/media?parent=66731"}],"wp:term":[{"taxonomy":"category","embeddable":true,"href":"https:\/\/ppdegalicia.com\/es\/wp-json\/wp\/v2\/categories?post=66731"},{"taxonomy":"post_tag","embeddable":true,"href":"https:\/\/ppdegalicia.com\/es\/wp-json\/wp\/v2\/tags?post=66731"}],"curies":[{"name":"wp","href":"https:\/\/api.w.org\/{rel}","templated":true}]}}