{"id":66745,"date":"2025-04-25T17:53:47","date_gmt":"2025-04-25T16:53:47","guid":{"rendered":"https:\/\/ppdegalicia.com\/?p=66745"},"modified":"2025-04-25T17:53:47","modified_gmt":"2025-04-25T16:53:47","slug":"o-debate-sobre-politica-xeral-pechase-coa-aprobacion-de-53-resolucions-das-que-7-sairon-adiante-co-apoio-unanime-do-parlamento-galego","status":"publish","type":"post","link":"https:\/\/ppdegalicia.com\/es\/o-debate-sobre-politica-xeral-pechase-coa-aprobacion-de-53-resolucions-das-que-7-sairon-adiante-co-apoio-unanime-do-parlamento-galego\/","title":{"rendered":"O Debate sobre Pol\u00edtica Xeral p\u00e9chase coa aprobaci\u00f3n de 53 resoluci\u00f3ns, das que 7 sa\u00edron adiante co apoio un\u00e1nime do Parlamento galego"},"content":{"rendered":"<p>O Pleno do Parlamento de Galicia pecho hoxe o Debate sobre Pol\u00edtica Xeral coa aprobaci\u00f3n de 53 resoluci\u00f3ns, das que sete sa\u00edron adiante por unanimidade.<\/p>\n<p>A viceportavoz popular, Paula Prado, asegurou na s\u00faa intervenci\u00f3n nesta \u00faltima xornada que \u201ctodo se reduciu a dous modelos: a Galicia que goberna con sentidi\u00f1o, con esixencia, con rigor, con estabilidade e con identidade propia que o noso grupo parlamentario e o Goberno que apoia ofrecemos aos galegos; e a Galicia que bloquea con ru\u00eddo, con divisi\u00f3n, con confrontaci\u00f3n e con visi\u00f3ns cortoplacistas que os partidos da oposici\u00f3n pretenden impo\u00f1ernos\u201d.<\/p>\n<p>A modo de balance do traballo feito ao longo deste primeiro ano de lexislatura, Paula Prado salientou que \u201cpodemos dicir que Galicia goberna, cunha sanidade p\u00fablica gratu\u00edta, universal e referente en Europa; co sistema educativo m\u00e1is igualitario de Espa\u00f1a; con medidas para facer fronte ao reto do acceso \u00e1 vivenda; con pol\u00edticas que non deixan a ningu\u00e9n atr\u00e1s e coidan de todos os galegos; e consolidando os nosos sectores produtivos nos postos de liderado nacional en termos de produci\u00f3n e exportaci\u00f3n\u201d.<\/p>\n<p><strong>M\u00c1IS FALAR COS GALEGOS<\/strong><\/p>\n<p>Neste sentido, pediu aos grupos da oposici\u00f3n \u201cmenos consultar o arquivo hist\u00f3rico do NO-DO e m\u00e1is falar cos galegos, coas familias dos estudantes que se aforraron cartos coa matr\u00edcula universitaria; coas persoas que coidan aos dependentes; cos m\u00e1is de 5.600 mozos e mozas que se beneficiaron das axudas de acceso \u00e1 vivenda ou con todos aqueles galegos que viven en vivendas p\u00fablicas ou reciben o bono alugueiro; ou as persoas enfermas de cancro \u00e1s que os cribados do Sergas lles permitiron un diagn\u00f3stico precoz da enfermidade, ou que saben que Galicia vai ser a primeira comunidade en contar cun centro p\u00fablico de protonterapia\u201d.<\/p>\n<p>Paula Prado criticou que a oposici\u00f3n \u201cperdera hoxe unha oportunidade de rectificar o seu negacionismo industrial ao votar en contra das resoluci\u00f3ns do Grupo Popular para que favorecer pol\u00edticas dirixidas ao impulso industrial, sempre que cumpran a normativa ambiental vixente, ou que se transfira \u00e1s comunidades aut\u00f3nomas a xesti\u00f3n directa dos fondos europeos de recuperaci\u00f3n, en particular os relacionados co \u00e1mbito industrial\u201d.<\/p>\n<p>\u201cEn definitiva, ao longo destes tres d\u00edas falamos do futuro de Galicia e da Galicia do futuro: de esa terra que hoxe constru\u00edmos co fin de legarlla \u00e1s vindeiras xeraci\u00f3ns\u201d, manifestou a viceportavoz popular, quen incidiu que desde o PPdeG \u201csempre diremos si a esa Galicia en grande da que falaba o Presidente Rueda: con realismo, con optimismo, con confianza e sen medo a demostrar que xuntos temos m\u00e1is cami\u00f1os para facelos ben\u201d.<\/p>\n<p><strong>39 DO GRUPO POPULAR, 5 DO GRUPO MIXTO E 9 TRANSACCIONADAS<\/strong><\/p>\n<p>O Debate sobre Pol\u00edtica Xeral pechouse esta ma\u00f1\u00e1 coa aprobaci\u00f3n de 53 resoluci\u00f3ns: 39 das presentadas polo Grupo Popular, 5 do Grupo Mixto, 2 transaccionadas entre o Grupo Popular e o Grupo Socialista (sobre a posta en marcha dun novo Plan de sa\u00fade mental e a redefinici\u00f3n do programa de educaci\u00f3n E-Dixgal) e 7 transaccionadas entre o Grupo Popular e o Grupo Mixto (sobre a cesi\u00f3n de v\u00edas auton\u00f3micas aos concellos; un plan de recuperaci\u00f3n de centros hist\u00f3ricos e barrios degradados; o establecemento de di\u00e1logo da Xunta coas administraci\u00f3ns locais e co tecido social para definir investimentos prioritarios; a elaboraci\u00f3n dun informe anual sobre a execuci\u00f3n dos orzamentos da Xunta por provincias; a mellora de espazos p\u00fablicos en contornos urbanos degradados; o impulso dos v\u00ednculos coa lusofon\u00eda a trav\u00e9s do reco\u00f1ecemento do traballo de Isaac Alonso Estraviz; e o impulso de axudas para os agricultores e gandeiros afectados pola declaraci\u00f3n de zonas vulnerables e o mantemento dos compromisos na mellora do regad\u00edo da Limia).<\/p>\n<p>Ademais, das 53 resoluci\u00f3ns aprobadas, sete sa\u00edron adiante co apoio un\u00e1nime dos deputados do Parlamento galego: 5 presentadas polo Grupo Popular (Declaraci\u00f3n do Xacobeo 2027 como evento de excepcional interese p\u00fablico, a localizaci\u00f3n en Ouresne do futuro Centro Nacional de Ciberseguridade, a cesi\u00f3n dos inmobles baleiros propiedade da SAREB, a ampliaci\u00f3n do calendario vacinal dos grupos de poboaci\u00f3n m\u00e1is vulnerables e a implantaci\u00f3n do Bono Peixe para promover a compra e consumo de peixe e marisco fresco); unha do Grupo Mixto (sobre o reforzo das medidas de seguridade viaria nas contornas escolares) e unha m\u00e1is logo da transacci\u00f3n entre o Grupo Popular e o Grupo Mixto (sobre o impulso das axudas destinadas a agricultores e gandeiros afectados pola posible declaraci\u00f3n de zonas vulnerables e o mantemento dos compromisos na mellora do regad\u00edo da Limia).<\/p>\n","protected":false},"excerpt":{"rendered":"<p>O Pleno do Parlamento de Galicia pecho hoxe o Debate sobre Pol\u00edtica Xeral coa aprobaci\u00f3n de 53 resoluci\u00f3ns, das que sete sa\u00edron adiante por unanimidade. A viceportavoz popular, Paula Prado, asegurou na s\u00faa intervenci\u00f3n nesta \u00faltima xornada que \u201ctodo se reduciu a dous modelos: a Galicia que goberna con sentidi\u00f1o, con esixencia, con rigor, con [&hellip;]<\/p>\n","protected":false},"author":38,"featured_media":66746,"comment_status":"closed","ping_status":"open","sticky":false,"template":"","format":"standard","meta":{"_acf_changed":false,"footnotes":""},"categories":[1128],"tags":[],"class_list":["post-66745","post","type-post","status-publish","format-standard","has-post-thumbnail","hentry","category-actualidad-parlamento-de-galicia"],"acf":[],"yoast_head":"<!-- This site is optimized with the Yoast SEO plugin v27.3 - https:\/\/yoast.com\/product\/yoast-seo-wordpress\/ -->\n<title>O Debate sobre Pol\u00edtica Xeral p\u00e9chase coa aprobaci\u00f3n de 53 resoluci\u00f3ns, das que 7 sa\u00edron adiante co apoio un\u00e1nime do Parlamento galego - PP de Galicia<\/title>\n<meta name=\"description\" content=\"O Pleno do Parlamento de Galicia pecho hoxe o Debate sobre Pol\u00edtica Xeral coa aprobaci\u00f3n de 53 resoluci\u00f3ns, das que sete sa\u00edron adiante por unanimidade.A viceportavoz popular, Paula Prado, asegurou na s\u00faa intervenci\u00f3n nesta \u00faltima xornada que \u201ctodo se reduciu a dous modelos: a Galicia que goberna con sentidi\u00f1o, con esixencia, con rigor, con estabilidade e con identidade propia que o noso grupo parlamentario e o Goberno que apoia ofrecemos aos galegos; e a Galicia que bloquea con ru\u00eddo, con divisi\u00f3n, con confrontaci\u00f3n e con visi\u00f3ns cortoplacistas que os partidos da oposici\u00f3n pretenden impo\u00f1ernos\u201d.\" \/>\n<meta name=\"robots\" content=\"index, follow, max-snippet:-1, max-image-preview:large, max-video-preview:-1\" \/>\n<link rel=\"canonical\" href=\"https:\/\/ppdegalicia.com\/es\/o-debate-sobre-politica-xeral-pechase-coa-aprobacion-de-53-resolucions-das-que-7-sairon-adiante-co-apoio-unanime-do-parlamento-galego\/\" \/>\n<meta property=\"og:locale\" content=\"es_ES\" \/>\n<meta property=\"og:type\" content=\"article\" \/>\n<meta property=\"og:title\" content=\"O Debate sobre Pol\u00edtica Xeral p\u00e9chase coa aprobaci\u00f3n de 53 resoluci\u00f3ns, das que 7 sa\u00edron adiante co apoio un\u00e1nime do Parlamento galego - PP de Galicia\" \/>\n<meta property=\"og:description\" content=\"O Pleno do Parlamento de Galicia pecho hoxe o Debate sobre Pol\u00edtica Xeral coa aprobaci\u00f3n de 53 resoluci\u00f3ns, das que sete sa\u00edron adiante por unanimidade.A viceportavoz popular, Paula Prado, asegurou na s\u00faa intervenci\u00f3n nesta \u00faltima xornada que \u201ctodo se reduciu a dous modelos: a Galicia que goberna con sentidi\u00f1o, con esixencia, con rigor, con estabilidade e con identidade propia que o noso grupo parlamentario e o Goberno que apoia ofrecemos aos galegos; e a Galicia que bloquea con ru\u00eddo, con divisi\u00f3n, con confrontaci\u00f3n e con visi\u00f3ns cortoplacistas que os partidos da oposici\u00f3n pretenden impo\u00f1ernos\u201d.\" \/>\n<meta property=\"og:url\" content=\"https:\/\/ppdegalicia.com\/es\/o-debate-sobre-politica-xeral-pechase-coa-aprobacion-de-53-resolucions-das-que-7-sairon-adiante-co-apoio-unanime-do-parlamento-galego\/\" \/>\n<meta property=\"og:site_name\" content=\"PP de Galicia\" \/>\n<meta property=\"article:publisher\" content=\"https:\/\/www.instagram.com\/ppdegalicia\/\" \/>\n<meta property=\"article:published_time\" content=\"2025-04-25T16:53:47+00:00\" \/>\n<meta property=\"og:image\" content=\"https:\/\/ppdegalicia.com\/wp-content\/uploads\/2025\/04\/20250425_DEAGalicia_25_114-scaled.jpg\" \/>\n\t<meta property=\"og:image:width\" content=\"2560\" \/>\n\t<meta property=\"og:image:height\" content=\"1707\" \/>\n\t<meta property=\"og:image:type\" content=\"image\/jpeg\" \/>\n<meta name=\"author\" content=\"ppdegaliciaredes\" \/>\n<meta name=\"twitter:card\" content=\"summary_large_image\" \/>\n<meta name=\"twitter:creator\" content=\"@ppdegalicia\" \/>\n<meta name=\"twitter:site\" content=\"@ppdegalicia\" \/>\n<meta name=\"twitter:label1\" content=\"Escrito por\" \/>\n\t<meta name=\"twitter:data1\" content=\"ppdegaliciaredes\" \/>\n\t<meta name=\"twitter:label2\" content=\"Tiempo de lectura\" \/>\n\t<meta name=\"twitter:data2\" content=\"5 minutos\" \/>\n<script type=\"application\/ld+json\" class=\"yoast-schema-graph\">{\"@context\":\"https:\\\/\\\/schema.org\",\"@graph\":[{\"@type\":\"Article\",\"@id\":\"https:\\\/\\\/ppdegalicia.com\\\/es\\\/o-debate-sobre-politica-xeral-pechase-coa-aprobacion-de-53-resolucions-das-que-7-sairon-adiante-co-apoio-unanime-do-parlamento-galego\\\/#article\",\"isPartOf\":{\"@id\":\"https:\\\/\\\/ppdegalicia.com\\\/es\\\/o-debate-sobre-politica-xeral-pechase-coa-aprobacion-de-53-resolucions-das-que-7-sairon-adiante-co-apoio-unanime-do-parlamento-galego\\\/\"},\"author\":{\"name\":\"ppdegaliciaredes\",\"@id\":\"https:\\\/\\\/ppdegalicia.com\\\/es\\\/#\\\/schema\\\/person\\\/5b822c6f59e872ebdd1142f307dbcb59\"},\"headline\":\"O Debate sobre Pol\u00edtica Xeral p\u00e9chase coa aprobaci\u00f3n de 53 resoluci\u00f3ns, das que 7 sa\u00edron adiante co apoio un\u00e1nime do Parlamento galego\",\"datePublished\":\"2025-04-25T16:53:47+00:00\",\"mainEntityOfPage\":{\"@id\":\"https:\\\/\\\/ppdegalicia.com\\\/es\\\/o-debate-sobre-politica-xeral-pechase-coa-aprobacion-de-53-resolucions-das-que-7-sairon-adiante-co-apoio-unanime-do-parlamento-galego\\\/\"},\"wordCount\":817,\"publisher\":{\"@id\":\"https:\\\/\\\/ppdegalicia.com\\\/es\\\/#organization\"},\"image\":{\"@id\":\"https:\\\/\\\/ppdegalicia.com\\\/es\\\/o-debate-sobre-politica-xeral-pechase-coa-aprobacion-de-53-resolucions-das-que-7-sairon-adiante-co-apoio-unanime-do-parlamento-galego\\\/#primaryimage\"},\"thumbnailUrl\":\"https:\\\/\\\/ppdegalicia.com\\\/wp-content\\\/uploads\\\/2025\\\/04\\\/20250425_DEAGalicia_25_114-scaled.jpg\",\"articleSection\":[\"Parlamento de Galicia\"],\"inLanguage\":\"es\"},{\"@type\":\"WebPage\",\"@id\":\"https:\\\/\\\/ppdegalicia.com\\\/es\\\/o-debate-sobre-politica-xeral-pechase-coa-aprobacion-de-53-resolucions-das-que-7-sairon-adiante-co-apoio-unanime-do-parlamento-galego\\\/\",\"url\":\"https:\\\/\\\/ppdegalicia.com\\\/es\\\/o-debate-sobre-politica-xeral-pechase-coa-aprobacion-de-53-resolucions-das-que-7-sairon-adiante-co-apoio-unanime-do-parlamento-galego\\\/\",\"name\":\"O Debate sobre Pol\u00edtica Xeral p\u00e9chase coa aprobaci\u00f3n de 53 resoluci\u00f3ns, das que 7 sa\u00edron adiante co apoio un\u00e1nime do Parlamento galego - PP de Galicia\",\"isPartOf\":{\"@id\":\"https:\\\/\\\/ppdegalicia.com\\\/es\\\/#website\"},\"primaryImageOfPage\":{\"@id\":\"https:\\\/\\\/ppdegalicia.com\\\/es\\\/o-debate-sobre-politica-xeral-pechase-coa-aprobacion-de-53-resolucions-das-que-7-sairon-adiante-co-apoio-unanime-do-parlamento-galego\\\/#primaryimage\"},\"image\":{\"@id\":\"https:\\\/\\\/ppdegalicia.com\\\/es\\\/o-debate-sobre-politica-xeral-pechase-coa-aprobacion-de-53-resolucions-das-que-7-sairon-adiante-co-apoio-unanime-do-parlamento-galego\\\/#primaryimage\"},\"thumbnailUrl\":\"https:\\\/\\\/ppdegalicia.com\\\/wp-content\\\/uploads\\\/2025\\\/04\\\/20250425_DEAGalicia_25_114-scaled.jpg\",\"datePublished\":\"2025-04-25T16:53:47+00:00\",\"description\":\"O Pleno do Parlamento de Galicia pecho hoxe o Debate sobre Pol\u00edtica Xeral coa aprobaci\u00f3n de 53 resoluci\u00f3ns, das que sete sa\u00edron adiante por unanimidade.A viceportavoz popular, Paula Prado, asegurou na s\u00faa intervenci\u00f3n nesta \u00faltima xornada que \u201ctodo se reduciu a dous modelos: a Galicia que goberna con sentidi\u00f1o, con esixencia, con rigor, con estabilidade e con identidade propia que o noso grupo parlamentario e o Goberno que apoia ofrecemos aos galegos; e a Galicia que bloquea con ru\u00eddo, con divisi\u00f3n, con confrontaci\u00f3n e con visi\u00f3ns cortoplacistas que os partidos da oposici\u00f3n pretenden impo\u00f1ernos\u201d.\",\"breadcrumb\":{\"@id\":\"https:\\\/\\\/ppdegalicia.com\\\/es\\\/o-debate-sobre-politica-xeral-pechase-coa-aprobacion-de-53-resolucions-das-que-7-sairon-adiante-co-apoio-unanime-do-parlamento-galego\\\/#breadcrumb\"},\"inLanguage\":\"es\",\"potentialAction\":[{\"@type\":\"ReadAction\",\"target\":[\"https:\\\/\\\/ppdegalicia.com\\\/es\\\/o-debate-sobre-politica-xeral-pechase-coa-aprobacion-de-53-resolucions-das-que-7-sairon-adiante-co-apoio-unanime-do-parlamento-galego\\\/\"]}]},{\"@type\":\"ImageObject\",\"inLanguage\":\"es\",\"@id\":\"https:\\\/\\\/ppdegalicia.com\\\/es\\\/o-debate-sobre-politica-xeral-pechase-coa-aprobacion-de-53-resolucions-das-que-7-sairon-adiante-co-apoio-unanime-do-parlamento-galego\\\/#primaryimage\",\"url\":\"https:\\\/\\\/ppdegalicia.com\\\/wp-content\\\/uploads\\\/2025\\\/04\\\/20250425_DEAGalicia_25_114-scaled.jpg\",\"contentUrl\":\"https:\\\/\\\/ppdegalicia.com\\\/wp-content\\\/uploads\\\/2025\\\/04\\\/20250425_DEAGalicia_25_114-scaled.jpg\",\"width\":2560,\"height\":1707},{\"@type\":\"BreadcrumbList\",\"@id\":\"https:\\\/\\\/ppdegalicia.com\\\/es\\\/o-debate-sobre-politica-xeral-pechase-coa-aprobacion-de-53-resolucions-das-que-7-sairon-adiante-co-apoio-unanime-do-parlamento-galego\\\/#breadcrumb\",\"itemListElement\":[{\"@type\":\"ListItem\",\"position\":1,\"name\":\"Portada\",\"item\":\"https:\\\/\\\/ppdegalicia.com\\\/es\\\/\"},{\"@type\":\"ListItem\",\"position\":2,\"name\":\"O Debate sobre Pol\u00edtica Xeral p\u00e9chase coa aprobaci\u00f3n de 53 resoluci\u00f3ns, das que 7 sa\u00edron adiante co apoio un\u00e1nime do Parlamento galego\"}]},{\"@type\":\"WebSite\",\"@id\":\"https:\\\/\\\/ppdegalicia.com\\\/es\\\/#website\",\"url\":\"https:\\\/\\\/ppdegalicia.com\\\/es\\\/\",\"name\":\"Partido Popular de Galicia\",\"description\":\"Partido Popular de Galicia\",\"publisher\":{\"@id\":\"https:\\\/\\\/ppdegalicia.com\\\/es\\\/#organization\"},\"alternateName\":\"PP de Galicia\",\"potentialAction\":[{\"@type\":\"SearchAction\",\"target\":{\"@type\":\"EntryPoint\",\"urlTemplate\":\"https:\\\/\\\/ppdegalicia.com\\\/es\\\/?s={search_term_string}\"},\"query-input\":{\"@type\":\"PropertyValueSpecification\",\"valueRequired\":true,\"valueName\":\"search_term_string\"}}],\"inLanguage\":\"es\"},{\"@type\":\"Organization\",\"@id\":\"https:\\\/\\\/ppdegalicia.com\\\/es\\\/#organization\",\"name\":\"Partido Popular de Galicia\",\"alternateName\":\"PP de Galicia\",\"url\":\"https:\\\/\\\/ppdegalicia.com\\\/es\\\/\",\"logo\":{\"@type\":\"ImageObject\",\"inLanguage\":\"es\",\"@id\":\"https:\\\/\\\/ppdegalicia.com\\\/es\\\/#\\\/schema\\\/logo\\\/image\\\/\",\"url\":\"https:\\\/\\\/ppdegalicia.com\\\/wp-content\\\/uploads\\\/2023\\\/04\\\/logoPP512.png\",\"contentUrl\":\"https:\\\/\\\/ppdegalicia.com\\\/wp-content\\\/uploads\\\/2023\\\/04\\\/logoPP512.png\",\"width\":512,\"height\":512,\"caption\":\"Partido Popular de Galicia\"},\"image\":{\"@id\":\"https:\\\/\\\/ppdegalicia.com\\\/es\\\/#\\\/schema\\\/logo\\\/image\\\/\"},\"sameAs\":[\"https:\\\/\\\/www.instagram.com\\\/ppdegalicia\\\/\",\"https:\\\/\\\/x.com\\\/ppdegalicia\",\"https:\\\/\\\/www.tiktok.com\\\/@ppdegalicia\",\"https:\\\/\\\/www.youtube.com\\\/user\\\/ppdegalicia\"]},{\"@type\":\"Person\",\"@id\":\"https:\\\/\\\/ppdegalicia.com\\\/es\\\/#\\\/schema\\\/person\\\/5b822c6f59e872ebdd1142f307dbcb59\",\"name\":\"ppdegaliciaredes\",\"image\":{\"@type\":\"ImageObject\",\"inLanguage\":\"es\",\"@id\":\"https:\\\/\\\/secure.gravatar.com\\\/avatar\\\/3c9179cf0256d00c72a48d1f25783c58b6842cd56e85ef3a572881c8e28ccd59?s=96&d=mm&r=g\",\"url\":\"https:\\\/\\\/secure.gravatar.com\\\/avatar\\\/3c9179cf0256d00c72a48d1f25783c58b6842cd56e85ef3a572881c8e28ccd59?s=96&d=mm&r=g\",\"contentUrl\":\"https:\\\/\\\/secure.gravatar.com\\\/avatar\\\/3c9179cf0256d00c72a48d1f25783c58b6842cd56e85ef3a572881c8e28ccd59?s=96&d=mm&r=g\",\"caption\":\"ppdegaliciaredes\"},\"url\":\"https:\\\/\\\/ppdegalicia.com\\\/es\\\/author\\\/ppdegaliciaredes\\\/\"}]}<\/script>\n<!-- \/ Yoast SEO plugin. -->","yoast_head_json":{"title":"O Debate sobre Pol\u00edtica Xeral p\u00e9chase coa aprobaci\u00f3n de 53 resoluci\u00f3ns, das que 7 sa\u00edron adiante co apoio un\u00e1nime do Parlamento galego - PP de Galicia","description":"O Pleno do Parlamento de Galicia pecho hoxe o Debate sobre Pol\u00edtica Xeral coa aprobaci\u00f3n de 53 resoluci\u00f3ns, das que sete sa\u00edron adiante por unanimidade.A viceportavoz popular, Paula Prado, asegurou na s\u00faa intervenci\u00f3n nesta \u00faltima xornada que \u201ctodo se reduciu a dous modelos: a Galicia que goberna con sentidi\u00f1o, con esixencia, con rigor, con estabilidade e con identidade propia que o noso grupo parlamentario e o Goberno que apoia ofrecemos aos galegos; e a Galicia que bloquea con ru\u00eddo, con divisi\u00f3n, con confrontaci\u00f3n e con visi\u00f3ns cortoplacistas que os partidos da oposici\u00f3n pretenden impo\u00f1ernos\u201d.","robots":{"index":"index","follow":"follow","max-snippet":"max-snippet:-1","max-image-preview":"max-image-preview:large","max-video-preview":"max-video-preview:-1"},"canonical":"https:\/\/ppdegalicia.com\/es\/o-debate-sobre-politica-xeral-pechase-coa-aprobacion-de-53-resolucions-das-que-7-sairon-adiante-co-apoio-unanime-do-parlamento-galego\/","og_locale":"es_ES","og_type":"article","og_title":"O Debate sobre Pol\u00edtica Xeral p\u00e9chase coa aprobaci\u00f3n de 53 resoluci\u00f3ns, das que 7 sa\u00edron adiante co apoio un\u00e1nime do Parlamento galego - PP de Galicia","og_description":"O Pleno do Parlamento de Galicia pecho hoxe o Debate sobre Pol\u00edtica Xeral coa aprobaci\u00f3n de 53 resoluci\u00f3ns, das que sete sa\u00edron adiante por unanimidade.A viceportavoz popular, Paula Prado, asegurou na s\u00faa intervenci\u00f3n nesta \u00faltima xornada que \u201ctodo se reduciu a dous modelos: a Galicia que goberna con sentidi\u00f1o, con esixencia, con rigor, con estabilidade e con identidade propia que o noso grupo parlamentario e o Goberno que apoia ofrecemos aos galegos; e a Galicia que bloquea con ru\u00eddo, con divisi\u00f3n, con confrontaci\u00f3n e con visi\u00f3ns cortoplacistas que os partidos da oposici\u00f3n pretenden impo\u00f1ernos\u201d.","og_url":"https:\/\/ppdegalicia.com\/es\/o-debate-sobre-politica-xeral-pechase-coa-aprobacion-de-53-resolucions-das-que-7-sairon-adiante-co-apoio-unanime-do-parlamento-galego\/","og_site_name":"PP de Galicia","article_publisher":"https:\/\/www.instagram.com\/ppdegalicia\/","article_published_time":"2025-04-25T16:53:47+00:00","og_image":[{"width":2560,"height":1707,"url":"https:\/\/ppdegalicia.com\/wp-content\/uploads\/2025\/04\/20250425_DEAGalicia_25_114-scaled.jpg","type":"image\/jpeg"}],"author":"ppdegaliciaredes","twitter_card":"summary_large_image","twitter_creator":"@ppdegalicia","twitter_site":"@ppdegalicia","twitter_misc":{"Escrito por":"ppdegaliciaredes","Tiempo de lectura":"5 minutos"},"schema":{"@context":"https:\/\/schema.org","@graph":[{"@type":"Article","@id":"https:\/\/ppdegalicia.com\/es\/o-debate-sobre-politica-xeral-pechase-coa-aprobacion-de-53-resolucions-das-que-7-sairon-adiante-co-apoio-unanime-do-parlamento-galego\/#article","isPartOf":{"@id":"https:\/\/ppdegalicia.com\/es\/o-debate-sobre-politica-xeral-pechase-coa-aprobacion-de-53-resolucions-das-que-7-sairon-adiante-co-apoio-unanime-do-parlamento-galego\/"},"author":{"name":"ppdegaliciaredes","@id":"https:\/\/ppdegalicia.com\/es\/#\/schema\/person\/5b822c6f59e872ebdd1142f307dbcb59"},"headline":"O Debate sobre Pol\u00edtica Xeral p\u00e9chase coa aprobaci\u00f3n de 53 resoluci\u00f3ns, das que 7 sa\u00edron adiante co apoio un\u00e1nime do Parlamento galego","datePublished":"2025-04-25T16:53:47+00:00","mainEntityOfPage":{"@id":"https:\/\/ppdegalicia.com\/es\/o-debate-sobre-politica-xeral-pechase-coa-aprobacion-de-53-resolucions-das-que-7-sairon-adiante-co-apoio-unanime-do-parlamento-galego\/"},"wordCount":817,"publisher":{"@id":"https:\/\/ppdegalicia.com\/es\/#organization"},"image":{"@id":"https:\/\/ppdegalicia.com\/es\/o-debate-sobre-politica-xeral-pechase-coa-aprobacion-de-53-resolucions-das-que-7-sairon-adiante-co-apoio-unanime-do-parlamento-galego\/#primaryimage"},"thumbnailUrl":"https:\/\/ppdegalicia.com\/wp-content\/uploads\/2025\/04\/20250425_DEAGalicia_25_114-scaled.jpg","articleSection":["Parlamento de Galicia"],"inLanguage":"es"},{"@type":"WebPage","@id":"https:\/\/ppdegalicia.com\/es\/o-debate-sobre-politica-xeral-pechase-coa-aprobacion-de-53-resolucions-das-que-7-sairon-adiante-co-apoio-unanime-do-parlamento-galego\/","url":"https:\/\/ppdegalicia.com\/es\/o-debate-sobre-politica-xeral-pechase-coa-aprobacion-de-53-resolucions-das-que-7-sairon-adiante-co-apoio-unanime-do-parlamento-galego\/","name":"O Debate sobre Pol\u00edtica Xeral p\u00e9chase coa aprobaci\u00f3n de 53 resoluci\u00f3ns, das que 7 sa\u00edron adiante co apoio un\u00e1nime do Parlamento galego - PP de Galicia","isPartOf":{"@id":"https:\/\/ppdegalicia.com\/es\/#website"},"primaryImageOfPage":{"@id":"https:\/\/ppdegalicia.com\/es\/o-debate-sobre-politica-xeral-pechase-coa-aprobacion-de-53-resolucions-das-que-7-sairon-adiante-co-apoio-unanime-do-parlamento-galego\/#primaryimage"},"image":{"@id":"https:\/\/ppdegalicia.com\/es\/o-debate-sobre-politica-xeral-pechase-coa-aprobacion-de-53-resolucions-das-que-7-sairon-adiante-co-apoio-unanime-do-parlamento-galego\/#primaryimage"},"thumbnailUrl":"https:\/\/ppdegalicia.com\/wp-content\/uploads\/2025\/04\/20250425_DEAGalicia_25_114-scaled.jpg","datePublished":"2025-04-25T16:53:47+00:00","description":"O Pleno do Parlamento de Galicia pecho hoxe o Debate sobre Pol\u00edtica Xeral coa aprobaci\u00f3n de 53 resoluci\u00f3ns, das que sete sa\u00edron adiante por unanimidade.A viceportavoz popular, Paula Prado, asegurou na s\u00faa intervenci\u00f3n nesta \u00faltima xornada que \u201ctodo se reduciu a dous modelos: a Galicia que goberna con sentidi\u00f1o, con esixencia, con rigor, con estabilidade e con identidade propia que o noso grupo parlamentario e o Goberno que apoia ofrecemos aos galegos; e a Galicia que bloquea con ru\u00eddo, con divisi\u00f3n, con confrontaci\u00f3n e con visi\u00f3ns cortoplacistas que os partidos da oposici\u00f3n pretenden impo\u00f1ernos\u201d.","breadcrumb":{"@id":"https:\/\/ppdegalicia.com\/es\/o-debate-sobre-politica-xeral-pechase-coa-aprobacion-de-53-resolucions-das-que-7-sairon-adiante-co-apoio-unanime-do-parlamento-galego\/#breadcrumb"},"inLanguage":"es","potentialAction":[{"@type":"ReadAction","target":["https:\/\/ppdegalicia.com\/es\/o-debate-sobre-politica-xeral-pechase-coa-aprobacion-de-53-resolucions-das-que-7-sairon-adiante-co-apoio-unanime-do-parlamento-galego\/"]}]},{"@type":"ImageObject","inLanguage":"es","@id":"https:\/\/ppdegalicia.com\/es\/o-debate-sobre-politica-xeral-pechase-coa-aprobacion-de-53-resolucions-das-que-7-sairon-adiante-co-apoio-unanime-do-parlamento-galego\/#primaryimage","url":"https:\/\/ppdegalicia.com\/wp-content\/uploads\/2025\/04\/20250425_DEAGalicia_25_114-scaled.jpg","contentUrl":"https:\/\/ppdegalicia.com\/wp-content\/uploads\/2025\/04\/20250425_DEAGalicia_25_114-scaled.jpg","width":2560,"height":1707},{"@type":"BreadcrumbList","@id":"https:\/\/ppdegalicia.com\/es\/o-debate-sobre-politica-xeral-pechase-coa-aprobacion-de-53-resolucions-das-que-7-sairon-adiante-co-apoio-unanime-do-parlamento-galego\/#breadcrumb","itemListElement":[{"@type":"ListItem","position":1,"name":"Portada","item":"https:\/\/ppdegalicia.com\/es\/"},{"@type":"ListItem","position":2,"name":"O Debate sobre Pol\u00edtica Xeral p\u00e9chase coa aprobaci\u00f3n de 53 resoluci\u00f3ns, das que 7 sa\u00edron adiante co apoio un\u00e1nime do Parlamento galego"}]},{"@type":"WebSite","@id":"https:\/\/ppdegalicia.com\/es\/#website","url":"https:\/\/ppdegalicia.com\/es\/","name":"Partido Popular de Galicia","description":"Partido Popular de Galicia","publisher":{"@id":"https:\/\/ppdegalicia.com\/es\/#organization"},"alternateName":"PP de Galicia","potentialAction":[{"@type":"SearchAction","target":{"@type":"EntryPoint","urlTemplate":"https:\/\/ppdegalicia.com\/es\/?s={search_term_string}"},"query-input":{"@type":"PropertyValueSpecification","valueRequired":true,"valueName":"search_term_string"}}],"inLanguage":"es"},{"@type":"Organization","@id":"https:\/\/ppdegalicia.com\/es\/#organization","name":"Partido Popular de Galicia","alternateName":"PP de Galicia","url":"https:\/\/ppdegalicia.com\/es\/","logo":{"@type":"ImageObject","inLanguage":"es","@id":"https:\/\/ppdegalicia.com\/es\/#\/schema\/logo\/image\/","url":"https:\/\/ppdegalicia.com\/wp-content\/uploads\/2023\/04\/logoPP512.png","contentUrl":"https:\/\/ppdegalicia.com\/wp-content\/uploads\/2023\/04\/logoPP512.png","width":512,"height":512,"caption":"Partido Popular de Galicia"},"image":{"@id":"https:\/\/ppdegalicia.com\/es\/#\/schema\/logo\/image\/"},"sameAs":["https:\/\/www.instagram.com\/ppdegalicia\/","https:\/\/x.com\/ppdegalicia","https:\/\/www.tiktok.com\/@ppdegalicia","https:\/\/www.youtube.com\/user\/ppdegalicia"]},{"@type":"Person","@id":"https:\/\/ppdegalicia.com\/es\/#\/schema\/person\/5b822c6f59e872ebdd1142f307dbcb59","name":"ppdegaliciaredes","image":{"@type":"ImageObject","inLanguage":"es","@id":"https:\/\/secure.gravatar.com\/avatar\/3c9179cf0256d00c72a48d1f25783c58b6842cd56e85ef3a572881c8e28ccd59?s=96&d=mm&r=g","url":"https:\/\/secure.gravatar.com\/avatar\/3c9179cf0256d00c72a48d1f25783c58b6842cd56e85ef3a572881c8e28ccd59?s=96&d=mm&r=g","contentUrl":"https:\/\/secure.gravatar.com\/avatar\/3c9179cf0256d00c72a48d1f25783c58b6842cd56e85ef3a572881c8e28ccd59?s=96&d=mm&r=g","caption":"ppdegaliciaredes"},"url":"https:\/\/ppdegalicia.com\/es\/author\/ppdegaliciaredes\/"}]}},"_links":{"self":[{"href":"https:\/\/ppdegalicia.com\/es\/wp-json\/wp\/v2\/posts\/66745","targetHints":{"allow":["GET"]}}],"collection":[{"href":"https:\/\/ppdegalicia.com\/es\/wp-json\/wp\/v2\/posts"}],"about":[{"href":"https:\/\/ppdegalicia.com\/es\/wp-json\/wp\/v2\/types\/post"}],"author":[{"embeddable":true,"href":"https:\/\/ppdegalicia.com\/es\/wp-json\/wp\/v2\/users\/38"}],"replies":[{"embeddable":true,"href":"https:\/\/ppdegalicia.com\/es\/wp-json\/wp\/v2\/comments?post=66745"}],"version-history":[{"count":1,"href":"https:\/\/ppdegalicia.com\/es\/wp-json\/wp\/v2\/posts\/66745\/revisions"}],"predecessor-version":[{"id":66748,"href":"https:\/\/ppdegalicia.com\/es\/wp-json\/wp\/v2\/posts\/66745\/revisions\/66748"}],"wp:featuredmedia":[{"embeddable":true,"href":"https:\/\/ppdegalicia.com\/es\/wp-json\/wp\/v2\/media\/66746"}],"wp:attachment":[{"href":"https:\/\/ppdegalicia.com\/es\/wp-json\/wp\/v2\/media?parent=66745"}],"wp:term":[{"taxonomy":"category","embeddable":true,"href":"https:\/\/ppdegalicia.com\/es\/wp-json\/wp\/v2\/categories?post=66745"},{"taxonomy":"post_tag","embeddable":true,"href":"https:\/\/ppdegalicia.com\/es\/wp-json\/wp\/v2\/tags?post=66745"}],"curies":[{"name":"wp","href":"https:\/\/api.w.org\/{rel}","templated":true}]}}