{"id":66788,"date":"2025-04-30T09:11:23","date_gmt":"2025-04-30T08:11:23","guid":{"rendered":"https:\/\/ppdegalicia.com\/?p=66788"},"modified":"2025-04-30T09:11:23","modified_gmt":"2025-04-30T08:11:23","slug":"o-ppdeg-reivindica-os-lazos-que-unen-europa-e-galicia-a-traves-dos-seus-intereses-comuns","status":"publish","type":"post","link":"https:\/\/ppdegalicia.com\/es\/o-ppdeg-reivindica-os-lazos-que-unen-europa-e-galicia-a-traves-dos-seus-intereses-comuns\/","title":{"rendered":"O PPdeG reivindica os lazos que unen Europa e Galicia a trav\u00e9s dos seus \u201cintereses com\u00fans\u201d"},"content":{"rendered":"<p style=\"font-weight: 400;\">Os representantes do Partido Popular de Galicia aproveitaron a s\u00faa presenza no Congreso do PP Europeo en Valencia para po\u00f1er de manifesto os lazos que unen Europa e Galicia a trav\u00e9s dos \u201cintereses com\u00fans\u201d que comparten no eido da vivenda, o sector primario, a pesca ou a competitividade industrial.<\/p>\n<p style=\"font-weight: 400;\">As\u00ed o quixeron destacar os eurodeputados galegos Francisco Mill\u00e1n Mon e Adri\u00e1n V\u00e1zquez acompa\u00f1ados pola secretaria xeral do PPdeG, Paula Prado, nun Congreso, celebrado entre onte e hoxe, no que os representantes galegos trasladaron que\u00a0\u201cGalicia, ao igual que Europa, quere m\u00e1is competitividade, m\u00e1is defensa e un sector primario m\u00e1is forte\u201d.<\/p>\n<p style=\"font-weight: 400;\">\u201cEste Congreso \u00e9 importante para Galicia porque ratificamos que os intereses dos galegos coinciden cos de Europa\u201d, explicou Mill\u00e1n Mon na mesma li\u00f1a que o seu compa\u00f1eiro Adri\u00e1n V\u00e1zquez, que ten claro que entre os temas a tratar neste cumio est\u00e1n \u201cnon s\u00f3 os temas que importan a Europa e a Espa\u00f1a, sen\u00f3n tam\u00e9n os temas que importan a Galicia\u201d.<\/p>\n<p style=\"font-weight: 400;\">O eurodeputado lalinense aproveitou ademais para recordar a \u201caplastante\u201d vitoria protagonizada polo Partido Popular en Galicia nas pasadas elecci\u00f3ns europeas. Unha vitoria grazas \u00e1 cal, na s\u00faa opini\u00f3n, \u201cos intereses dos galegos son tam\u00e9n defendidos na capital de Europa\u201d.<\/p>\n<p style=\"font-weight: 400;\">Mill\u00e1n Mon tam\u00e9n lembrou estes comicios e especialmente a s\u00faa campa\u00f1a electoral, na que \u201cGalicia se converteu por uns d\u00edas no coraz\u00f3n de Europa\u201d grazas \u00e1 presenza da presidenta da Comisi\u00f3n Europea, Ursula von der Leyen, na tradicional Romar\u00eda do Pino xunto ao presidentes Alberto N\u00fa\u00f1ez Feij\u00f3o e Alfonso Rueda.<\/p>\n<p style=\"font-weight: 400;\">O pontevedr\u00e9s apuntou que tam\u00e9n tivo un papel destacado nesta campa\u00f1a a eurodeputada espa\u00f1ola, Dolors Montserrat, que neste Congreso ser\u00e1 designada nova secretaria xeral do PP Europeo e que con motivo das elecci\u00f3ns europeas tivo a oportunidade de visitar Lugo, Ponteareas, Santiago de Compostela ou O Pino. De a\u00ed que celebre a elecci\u00f3n como n\u00famero dous dos populares europeos de algu\u00e9n que \u201cco\u00f1ece ben Galicia\u201d.<\/p>\n<p style=\"font-weight: 400;\">Por \u00faltimo, os representantes galegos en Valencia, encabezados por Paula Prado, subli\u00f1aron a importancia de que todo volva \u00e1 normalidade en Galicia despois da ca\u00edda do sistema el\u00e9ctrico, unha emerxencia que seguiron con atenci\u00f3n, en contacto en todo momento coa Comunidade.<\/p>\n","protected":false},"excerpt":{"rendered":"<p>Os representantes do Partido Popular de Galicia aproveitaron a s\u00faa presenza no Congreso do PP Europeo en Valencia para po\u00f1er de manifesto os lazos que unen Europa e Galicia a trav\u00e9s dos \u201cintereses com\u00fans\u201d que comparten no eido da vivenda, o sector primario, a pesca ou a competitividade industrial. As\u00ed o quixeron destacar os eurodeputados [&hellip;]<\/p>\n","protected":false},"author":38,"featured_media":66789,"comment_status":"closed","ping_status":"open","sticky":false,"template":"","format":"standard","meta":{"_acf_changed":false,"footnotes":""},"categories":[1127,1],"tags":[],"class_list":["post-66788","post","type-post","status-publish","format-standard","has-post-thumbnail","hentry","category-actualidad-parlamento-europeo","category-pp-de-galicia"],"acf":[],"yoast_head":"<!-- This site is optimized with the Yoast SEO plugin v27.3 - https:\/\/yoast.com\/product\/yoast-seo-wordpress\/ -->\n<title>O PPdeG reivindica os lazos que unen Europa e Galicia a trav\u00e9s dos seus \u201cintereses com\u00fans\u201d - PP de Galicia<\/title>\n<meta name=\"description\" content=\"Os representantes do Partido Popular de Galicia aproveitaron a s\u00faa presenza no Congreso do PP Europeo en Valencia para po\u00f1er de manifesto os lazos que unen Europa e Galicia a trav\u00e9s dos \u201cintereses com\u00fans\u201d que comparten no eido da vivenda, o sector primario, a pesca ou a competitividade industrial.\" \/>\n<meta name=\"robots\" content=\"index, follow, max-snippet:-1, max-image-preview:large, max-video-preview:-1\" \/>\n<link rel=\"canonical\" href=\"https:\/\/ppdegalicia.com\/es\/o-ppdeg-reivindica-os-lazos-que-unen-europa-e-galicia-a-traves-dos-seus-intereses-comuns\/\" \/>\n<meta property=\"og:locale\" content=\"es_ES\" \/>\n<meta property=\"og:type\" content=\"article\" \/>\n<meta property=\"og:title\" content=\"O PPdeG reivindica os lazos que unen Europa e Galicia a trav\u00e9s dos seus \u201cintereses com\u00fans\u201d - PP de Galicia\" \/>\n<meta property=\"og:description\" content=\"Os representantes do Partido Popular de Galicia aproveitaron a s\u00faa presenza no Congreso do PP Europeo en Valencia para po\u00f1er de manifesto os lazos que unen Europa e Galicia a trav\u00e9s dos \u201cintereses com\u00fans\u201d que comparten no eido da vivenda, o sector primario, a pesca ou a competitividade industrial.\" \/>\n<meta property=\"og:url\" content=\"https:\/\/ppdegalicia.com\/es\/o-ppdeg-reivindica-os-lazos-que-unen-europa-e-galicia-a-traves-dos-seus-intereses-comuns\/\" \/>\n<meta property=\"og:site_name\" content=\"PP de Galicia\" \/>\n<meta property=\"article:publisher\" content=\"https:\/\/www.instagram.com\/ppdegalicia\/\" \/>\n<meta property=\"article:published_time\" content=\"2025-04-30T08:11:23+00:00\" \/>\n<meta property=\"og:image\" content=\"https:\/\/ppdegalicia.com\/wp-content\/uploads\/2025\/04\/20250430_PPrado_EPPCongress-scaled.jpg\" \/>\n\t<meta property=\"og:image:width\" content=\"2560\" \/>\n\t<meta property=\"og:image:height\" content=\"1707\" \/>\n\t<meta property=\"og:image:type\" content=\"image\/jpeg\" \/>\n<meta name=\"author\" content=\"ppdegaliciaredes\" \/>\n<meta name=\"twitter:card\" content=\"summary_large_image\" \/>\n<meta name=\"twitter:creator\" content=\"@ppdegalicia\" \/>\n<meta name=\"twitter:site\" content=\"@ppdegalicia\" \/>\n<meta name=\"twitter:label1\" content=\"Escrito por\" \/>\n\t<meta name=\"twitter:data1\" content=\"ppdegaliciaredes\" \/>\n\t<meta name=\"twitter:label2\" content=\"Tiempo de lectura\" \/>\n\t<meta name=\"twitter:data2\" content=\"3 minutos\" \/>\n<script type=\"application\/ld+json\" class=\"yoast-schema-graph\">{\"@context\":\"https:\\\/\\\/schema.org\",\"@graph\":[{\"@type\":\"Article\",\"@id\":\"https:\\\/\\\/ppdegalicia.com\\\/es\\\/o-ppdeg-reivindica-os-lazos-que-unen-europa-e-galicia-a-traves-dos-seus-intereses-comuns\\\/#article\",\"isPartOf\":{\"@id\":\"https:\\\/\\\/ppdegalicia.com\\\/es\\\/o-ppdeg-reivindica-os-lazos-que-unen-europa-e-galicia-a-traves-dos-seus-intereses-comuns\\\/\"},\"author\":{\"name\":\"ppdegaliciaredes\",\"@id\":\"https:\\\/\\\/ppdegalicia.com\\\/es\\\/#\\\/schema\\\/person\\\/5b822c6f59e872ebdd1142f307dbcb59\"},\"headline\":\"O PPdeG reivindica os lazos que unen Europa e Galicia a trav\u00e9s dos seus \u201cintereses com\u00fans\u201d\",\"datePublished\":\"2025-04-30T08:11:23+00:00\",\"mainEntityOfPage\":{\"@id\":\"https:\\\/\\\/ppdegalicia.com\\\/es\\\/o-ppdeg-reivindica-os-lazos-que-unen-europa-e-galicia-a-traves-dos-seus-intereses-comuns\\\/\"},\"wordCount\":416,\"publisher\":{\"@id\":\"https:\\\/\\\/ppdegalicia.com\\\/es\\\/#organization\"},\"image\":{\"@id\":\"https:\\\/\\\/ppdegalicia.com\\\/es\\\/o-ppdeg-reivindica-os-lazos-que-unen-europa-e-galicia-a-traves-dos-seus-intereses-comuns\\\/#primaryimage\"},\"thumbnailUrl\":\"https:\\\/\\\/ppdegalicia.com\\\/wp-content\\\/uploads\\\/2025\\\/04\\\/20250430_PPrado_EPPCongress-scaled.jpg\",\"articleSection\":[\"Parlamento Europeo\",\"PP de Galicia\"],\"inLanguage\":\"es\"},{\"@type\":\"WebPage\",\"@id\":\"https:\\\/\\\/ppdegalicia.com\\\/es\\\/o-ppdeg-reivindica-os-lazos-que-unen-europa-e-galicia-a-traves-dos-seus-intereses-comuns\\\/\",\"url\":\"https:\\\/\\\/ppdegalicia.com\\\/es\\\/o-ppdeg-reivindica-os-lazos-que-unen-europa-e-galicia-a-traves-dos-seus-intereses-comuns\\\/\",\"name\":\"O PPdeG reivindica os lazos que unen Europa e Galicia a trav\u00e9s dos seus \u201cintereses com\u00fans\u201d - PP de Galicia\",\"isPartOf\":{\"@id\":\"https:\\\/\\\/ppdegalicia.com\\\/es\\\/#website\"},\"primaryImageOfPage\":{\"@id\":\"https:\\\/\\\/ppdegalicia.com\\\/es\\\/o-ppdeg-reivindica-os-lazos-que-unen-europa-e-galicia-a-traves-dos-seus-intereses-comuns\\\/#primaryimage\"},\"image\":{\"@id\":\"https:\\\/\\\/ppdegalicia.com\\\/es\\\/o-ppdeg-reivindica-os-lazos-que-unen-europa-e-galicia-a-traves-dos-seus-intereses-comuns\\\/#primaryimage\"},\"thumbnailUrl\":\"https:\\\/\\\/ppdegalicia.com\\\/wp-content\\\/uploads\\\/2025\\\/04\\\/20250430_PPrado_EPPCongress-scaled.jpg\",\"datePublished\":\"2025-04-30T08:11:23+00:00\",\"description\":\"Os representantes do Partido Popular de Galicia aproveitaron a s\u00faa presenza no Congreso do PP Europeo en Valencia para po\u00f1er de manifesto os lazos que unen Europa e Galicia a trav\u00e9s dos \u201cintereses com\u00fans\u201d que comparten no eido da vivenda, o sector primario, a pesca ou a competitividade industrial.\",\"breadcrumb\":{\"@id\":\"https:\\\/\\\/ppdegalicia.com\\\/es\\\/o-ppdeg-reivindica-os-lazos-que-unen-europa-e-galicia-a-traves-dos-seus-intereses-comuns\\\/#breadcrumb\"},\"inLanguage\":\"es\",\"potentialAction\":[{\"@type\":\"ReadAction\",\"target\":[\"https:\\\/\\\/ppdegalicia.com\\\/es\\\/o-ppdeg-reivindica-os-lazos-que-unen-europa-e-galicia-a-traves-dos-seus-intereses-comuns\\\/\"]}]},{\"@type\":\"ImageObject\",\"inLanguage\":\"es\",\"@id\":\"https:\\\/\\\/ppdegalicia.com\\\/es\\\/o-ppdeg-reivindica-os-lazos-que-unen-europa-e-galicia-a-traves-dos-seus-intereses-comuns\\\/#primaryimage\",\"url\":\"https:\\\/\\\/ppdegalicia.com\\\/wp-content\\\/uploads\\\/2025\\\/04\\\/20250430_PPrado_EPPCongress-scaled.jpg\",\"contentUrl\":\"https:\\\/\\\/ppdegalicia.com\\\/wp-content\\\/uploads\\\/2025\\\/04\\\/20250430_PPrado_EPPCongress-scaled.jpg\",\"width\":2560,\"height\":1707},{\"@type\":\"BreadcrumbList\",\"@id\":\"https:\\\/\\\/ppdegalicia.com\\\/es\\\/o-ppdeg-reivindica-os-lazos-que-unen-europa-e-galicia-a-traves-dos-seus-intereses-comuns\\\/#breadcrumb\",\"itemListElement\":[{\"@type\":\"ListItem\",\"position\":1,\"name\":\"Portada\",\"item\":\"https:\\\/\\\/ppdegalicia.com\\\/es\\\/\"},{\"@type\":\"ListItem\",\"position\":2,\"name\":\"O PPdeG reivindica os lazos que unen Europa e Galicia a trav\u00e9s dos seus \u201cintereses com\u00fans\u201d\"}]},{\"@type\":\"WebSite\",\"@id\":\"https:\\\/\\\/ppdegalicia.com\\\/es\\\/#website\",\"url\":\"https:\\\/\\\/ppdegalicia.com\\\/es\\\/\",\"name\":\"Partido Popular de Galicia\",\"description\":\"Partido Popular de Galicia\",\"publisher\":{\"@id\":\"https:\\\/\\\/ppdegalicia.com\\\/es\\\/#organization\"},\"alternateName\":\"PP de Galicia\",\"potentialAction\":[{\"@type\":\"SearchAction\",\"target\":{\"@type\":\"EntryPoint\",\"urlTemplate\":\"https:\\\/\\\/ppdegalicia.com\\\/es\\\/?s={search_term_string}\"},\"query-input\":{\"@type\":\"PropertyValueSpecification\",\"valueRequired\":true,\"valueName\":\"search_term_string\"}}],\"inLanguage\":\"es\"},{\"@type\":\"Organization\",\"@id\":\"https:\\\/\\\/ppdegalicia.com\\\/es\\\/#organization\",\"name\":\"Partido Popular de Galicia\",\"alternateName\":\"PP de Galicia\",\"url\":\"https:\\\/\\\/ppdegalicia.com\\\/es\\\/\",\"logo\":{\"@type\":\"ImageObject\",\"inLanguage\":\"es\",\"@id\":\"https:\\\/\\\/ppdegalicia.com\\\/es\\\/#\\\/schema\\\/logo\\\/image\\\/\",\"url\":\"https:\\\/\\\/ppdegalicia.com\\\/wp-content\\\/uploads\\\/2023\\\/04\\\/logoPP512.png\",\"contentUrl\":\"https:\\\/\\\/ppdegalicia.com\\\/wp-content\\\/uploads\\\/2023\\\/04\\\/logoPP512.png\",\"width\":512,\"height\":512,\"caption\":\"Partido Popular de Galicia\"},\"image\":{\"@id\":\"https:\\\/\\\/ppdegalicia.com\\\/es\\\/#\\\/schema\\\/logo\\\/image\\\/\"},\"sameAs\":[\"https:\\\/\\\/www.instagram.com\\\/ppdegalicia\\\/\",\"https:\\\/\\\/x.com\\\/ppdegalicia\",\"https:\\\/\\\/www.tiktok.com\\\/@ppdegalicia\",\"https:\\\/\\\/www.youtube.com\\\/user\\\/ppdegalicia\"]},{\"@type\":\"Person\",\"@id\":\"https:\\\/\\\/ppdegalicia.com\\\/es\\\/#\\\/schema\\\/person\\\/5b822c6f59e872ebdd1142f307dbcb59\",\"name\":\"ppdegaliciaredes\",\"image\":{\"@type\":\"ImageObject\",\"inLanguage\":\"es\",\"@id\":\"https:\\\/\\\/secure.gravatar.com\\\/avatar\\\/3c9179cf0256d00c72a48d1f25783c58b6842cd56e85ef3a572881c8e28ccd59?s=96&d=mm&r=g\",\"url\":\"https:\\\/\\\/secure.gravatar.com\\\/avatar\\\/3c9179cf0256d00c72a48d1f25783c58b6842cd56e85ef3a572881c8e28ccd59?s=96&d=mm&r=g\",\"contentUrl\":\"https:\\\/\\\/secure.gravatar.com\\\/avatar\\\/3c9179cf0256d00c72a48d1f25783c58b6842cd56e85ef3a572881c8e28ccd59?s=96&d=mm&r=g\",\"caption\":\"ppdegaliciaredes\"},\"url\":\"https:\\\/\\\/ppdegalicia.com\\\/es\\\/author\\\/ppdegaliciaredes\\\/\"}]}<\/script>\n<!-- \/ Yoast SEO plugin. -->","yoast_head_json":{"title":"O PPdeG reivindica os lazos que unen Europa e Galicia a trav\u00e9s dos seus \u201cintereses com\u00fans\u201d - PP de Galicia","description":"Os representantes do Partido Popular de Galicia aproveitaron a s\u00faa presenza no Congreso do PP Europeo en Valencia para po\u00f1er de manifesto os lazos que unen Europa e Galicia a trav\u00e9s dos \u201cintereses com\u00fans\u201d que comparten no eido da vivenda, o sector primario, a pesca ou a competitividade industrial.","robots":{"index":"index","follow":"follow","max-snippet":"max-snippet:-1","max-image-preview":"max-image-preview:large","max-video-preview":"max-video-preview:-1"},"canonical":"https:\/\/ppdegalicia.com\/es\/o-ppdeg-reivindica-os-lazos-que-unen-europa-e-galicia-a-traves-dos-seus-intereses-comuns\/","og_locale":"es_ES","og_type":"article","og_title":"O PPdeG reivindica os lazos que unen Europa e Galicia a trav\u00e9s dos seus \u201cintereses com\u00fans\u201d - PP de Galicia","og_description":"Os representantes do Partido Popular de Galicia aproveitaron a s\u00faa presenza no Congreso do PP Europeo en Valencia para po\u00f1er de manifesto os lazos que unen Europa e Galicia a trav\u00e9s dos \u201cintereses com\u00fans\u201d que comparten no eido da vivenda, o sector primario, a pesca ou a competitividade industrial.","og_url":"https:\/\/ppdegalicia.com\/es\/o-ppdeg-reivindica-os-lazos-que-unen-europa-e-galicia-a-traves-dos-seus-intereses-comuns\/","og_site_name":"PP de Galicia","article_publisher":"https:\/\/www.instagram.com\/ppdegalicia\/","article_published_time":"2025-04-30T08:11:23+00:00","og_image":[{"width":2560,"height":1707,"url":"https:\/\/ppdegalicia.com\/wp-content\/uploads\/2025\/04\/20250430_PPrado_EPPCongress-scaled.jpg","type":"image\/jpeg"}],"author":"ppdegaliciaredes","twitter_card":"summary_large_image","twitter_creator":"@ppdegalicia","twitter_site":"@ppdegalicia","twitter_misc":{"Escrito por":"ppdegaliciaredes","Tiempo de lectura":"3 minutos"},"schema":{"@context":"https:\/\/schema.org","@graph":[{"@type":"Article","@id":"https:\/\/ppdegalicia.com\/es\/o-ppdeg-reivindica-os-lazos-que-unen-europa-e-galicia-a-traves-dos-seus-intereses-comuns\/#article","isPartOf":{"@id":"https:\/\/ppdegalicia.com\/es\/o-ppdeg-reivindica-os-lazos-que-unen-europa-e-galicia-a-traves-dos-seus-intereses-comuns\/"},"author":{"name":"ppdegaliciaredes","@id":"https:\/\/ppdegalicia.com\/es\/#\/schema\/person\/5b822c6f59e872ebdd1142f307dbcb59"},"headline":"O PPdeG reivindica os lazos que unen Europa e Galicia a trav\u00e9s dos seus \u201cintereses com\u00fans\u201d","datePublished":"2025-04-30T08:11:23+00:00","mainEntityOfPage":{"@id":"https:\/\/ppdegalicia.com\/es\/o-ppdeg-reivindica-os-lazos-que-unen-europa-e-galicia-a-traves-dos-seus-intereses-comuns\/"},"wordCount":416,"publisher":{"@id":"https:\/\/ppdegalicia.com\/es\/#organization"},"image":{"@id":"https:\/\/ppdegalicia.com\/es\/o-ppdeg-reivindica-os-lazos-que-unen-europa-e-galicia-a-traves-dos-seus-intereses-comuns\/#primaryimage"},"thumbnailUrl":"https:\/\/ppdegalicia.com\/wp-content\/uploads\/2025\/04\/20250430_PPrado_EPPCongress-scaled.jpg","articleSection":["Parlamento Europeo","PP de Galicia"],"inLanguage":"es"},{"@type":"WebPage","@id":"https:\/\/ppdegalicia.com\/es\/o-ppdeg-reivindica-os-lazos-que-unen-europa-e-galicia-a-traves-dos-seus-intereses-comuns\/","url":"https:\/\/ppdegalicia.com\/es\/o-ppdeg-reivindica-os-lazos-que-unen-europa-e-galicia-a-traves-dos-seus-intereses-comuns\/","name":"O PPdeG reivindica os lazos que unen Europa e Galicia a trav\u00e9s dos seus \u201cintereses com\u00fans\u201d - PP de Galicia","isPartOf":{"@id":"https:\/\/ppdegalicia.com\/es\/#website"},"primaryImageOfPage":{"@id":"https:\/\/ppdegalicia.com\/es\/o-ppdeg-reivindica-os-lazos-que-unen-europa-e-galicia-a-traves-dos-seus-intereses-comuns\/#primaryimage"},"image":{"@id":"https:\/\/ppdegalicia.com\/es\/o-ppdeg-reivindica-os-lazos-que-unen-europa-e-galicia-a-traves-dos-seus-intereses-comuns\/#primaryimage"},"thumbnailUrl":"https:\/\/ppdegalicia.com\/wp-content\/uploads\/2025\/04\/20250430_PPrado_EPPCongress-scaled.jpg","datePublished":"2025-04-30T08:11:23+00:00","description":"Os representantes do Partido Popular de Galicia aproveitaron a s\u00faa presenza no Congreso do PP Europeo en Valencia para po\u00f1er de manifesto os lazos que unen Europa e Galicia a trav\u00e9s dos \u201cintereses com\u00fans\u201d que comparten no eido da vivenda, o sector primario, a pesca ou a competitividade industrial.","breadcrumb":{"@id":"https:\/\/ppdegalicia.com\/es\/o-ppdeg-reivindica-os-lazos-que-unen-europa-e-galicia-a-traves-dos-seus-intereses-comuns\/#breadcrumb"},"inLanguage":"es","potentialAction":[{"@type":"ReadAction","target":["https:\/\/ppdegalicia.com\/es\/o-ppdeg-reivindica-os-lazos-que-unen-europa-e-galicia-a-traves-dos-seus-intereses-comuns\/"]}]},{"@type":"ImageObject","inLanguage":"es","@id":"https:\/\/ppdegalicia.com\/es\/o-ppdeg-reivindica-os-lazos-que-unen-europa-e-galicia-a-traves-dos-seus-intereses-comuns\/#primaryimage","url":"https:\/\/ppdegalicia.com\/wp-content\/uploads\/2025\/04\/20250430_PPrado_EPPCongress-scaled.jpg","contentUrl":"https:\/\/ppdegalicia.com\/wp-content\/uploads\/2025\/04\/20250430_PPrado_EPPCongress-scaled.jpg","width":2560,"height":1707},{"@type":"BreadcrumbList","@id":"https:\/\/ppdegalicia.com\/es\/o-ppdeg-reivindica-os-lazos-que-unen-europa-e-galicia-a-traves-dos-seus-intereses-comuns\/#breadcrumb","itemListElement":[{"@type":"ListItem","position":1,"name":"Portada","item":"https:\/\/ppdegalicia.com\/es\/"},{"@type":"ListItem","position":2,"name":"O PPdeG reivindica os lazos que unen Europa e Galicia a trav\u00e9s dos seus \u201cintereses com\u00fans\u201d"}]},{"@type":"WebSite","@id":"https:\/\/ppdegalicia.com\/es\/#website","url":"https:\/\/ppdegalicia.com\/es\/","name":"Partido Popular de Galicia","description":"Partido Popular de Galicia","publisher":{"@id":"https:\/\/ppdegalicia.com\/es\/#organization"},"alternateName":"PP de Galicia","potentialAction":[{"@type":"SearchAction","target":{"@type":"EntryPoint","urlTemplate":"https:\/\/ppdegalicia.com\/es\/?s={search_term_string}"},"query-input":{"@type":"PropertyValueSpecification","valueRequired":true,"valueName":"search_term_string"}}],"inLanguage":"es"},{"@type":"Organization","@id":"https:\/\/ppdegalicia.com\/es\/#organization","name":"Partido Popular de Galicia","alternateName":"PP de Galicia","url":"https:\/\/ppdegalicia.com\/es\/","logo":{"@type":"ImageObject","inLanguage":"es","@id":"https:\/\/ppdegalicia.com\/es\/#\/schema\/logo\/image\/","url":"https:\/\/ppdegalicia.com\/wp-content\/uploads\/2023\/04\/logoPP512.png","contentUrl":"https:\/\/ppdegalicia.com\/wp-content\/uploads\/2023\/04\/logoPP512.png","width":512,"height":512,"caption":"Partido Popular de Galicia"},"image":{"@id":"https:\/\/ppdegalicia.com\/es\/#\/schema\/logo\/image\/"},"sameAs":["https:\/\/www.instagram.com\/ppdegalicia\/","https:\/\/x.com\/ppdegalicia","https:\/\/www.tiktok.com\/@ppdegalicia","https:\/\/www.youtube.com\/user\/ppdegalicia"]},{"@type":"Person","@id":"https:\/\/ppdegalicia.com\/es\/#\/schema\/person\/5b822c6f59e872ebdd1142f307dbcb59","name":"ppdegaliciaredes","image":{"@type":"ImageObject","inLanguage":"es","@id":"https:\/\/secure.gravatar.com\/avatar\/3c9179cf0256d00c72a48d1f25783c58b6842cd56e85ef3a572881c8e28ccd59?s=96&d=mm&r=g","url":"https:\/\/secure.gravatar.com\/avatar\/3c9179cf0256d00c72a48d1f25783c58b6842cd56e85ef3a572881c8e28ccd59?s=96&d=mm&r=g","contentUrl":"https:\/\/secure.gravatar.com\/avatar\/3c9179cf0256d00c72a48d1f25783c58b6842cd56e85ef3a572881c8e28ccd59?s=96&d=mm&r=g","caption":"ppdegaliciaredes"},"url":"https:\/\/ppdegalicia.com\/es\/author\/ppdegaliciaredes\/"}]}},"_links":{"self":[{"href":"https:\/\/ppdegalicia.com\/es\/wp-json\/wp\/v2\/posts\/66788","targetHints":{"allow":["GET"]}}],"collection":[{"href":"https:\/\/ppdegalicia.com\/es\/wp-json\/wp\/v2\/posts"}],"about":[{"href":"https:\/\/ppdegalicia.com\/es\/wp-json\/wp\/v2\/types\/post"}],"author":[{"embeddable":true,"href":"https:\/\/ppdegalicia.com\/es\/wp-json\/wp\/v2\/users\/38"}],"replies":[{"embeddable":true,"href":"https:\/\/ppdegalicia.com\/es\/wp-json\/wp\/v2\/comments?post=66788"}],"version-history":[{"count":1,"href":"https:\/\/ppdegalicia.com\/es\/wp-json\/wp\/v2\/posts\/66788\/revisions"}],"predecessor-version":[{"id":66791,"href":"https:\/\/ppdegalicia.com\/es\/wp-json\/wp\/v2\/posts\/66788\/revisions\/66791"}],"wp:featuredmedia":[{"embeddable":true,"href":"https:\/\/ppdegalicia.com\/es\/wp-json\/wp\/v2\/media\/66789"}],"wp:attachment":[{"href":"https:\/\/ppdegalicia.com\/es\/wp-json\/wp\/v2\/media?parent=66788"}],"wp:term":[{"taxonomy":"category","embeddable":true,"href":"https:\/\/ppdegalicia.com\/es\/wp-json\/wp\/v2\/categories?post=66788"},{"taxonomy":"post_tag","embeddable":true,"href":"https:\/\/ppdegalicia.com\/es\/wp-json\/wp\/v2\/tags?post=66788"}],"curies":[{"name":"wp","href":"https:\/\/api.w.org\/{rel}","templated":true}]}}