{"id":66792,"date":"2025-05-01T09:30:24","date_gmt":"2025-05-01T08:30:24","guid":{"rendered":"https:\/\/ppdegalicia.com\/?p=66792"},"modified":"2025-04-30T19:18:51","modified_gmt":"2025-04-30T18:18:51","slug":"o-ppdeg-destaca-o-rigor-medioambiental-e-xuridico-do-goberno-galego-na-avaliacion-de-proxectos-industriais-fronte-a-quen-antepon-a-ideoloxia-a-lexislacion","status":"publish","type":"post","link":"https:\/\/ppdegalicia.com\/es\/o-ppdeg-destaca-o-rigor-medioambiental-e-xuridico-do-goberno-galego-na-avaliacion-de-proxectos-industriais-fronte-a-quen-antepon-a-ideoloxia-a-lexislacion\/","title":{"rendered":"O PPdeG destaca o rigor medioambiental e xur\u00eddico do Goberno galego na avaliaci\u00f3n de proxectos industriais fronte a quen \u201cantep\u00f3n a ideolox\u00eda \u00e1 lexislaci\u00f3n\u201d"},"content":{"rendered":"<p style=\"font-weight: 400;\">O Partido Popular de Galicia reivindica o rigor medioambiental e xur\u00eddico do Goberno galego no proceso de avaliaci\u00f3n e tramitaci\u00f3n de proxectos industriais que queiran instalarse na nosa Comunidade e contrapono a aqueles grupos pol\u00edticos que antepo\u00f1en a ideolox\u00eda \u00e1 lexislaci\u00f3n.<\/p>\n<p style=\"font-weight: 400;\">As\u00ed o fixeron a responsable de Medio Ambiente e Cambio Clim\u00e1tico do Goberno galego, \u00c1ngeles V\u00e1zquez, e a secretaria xeral dos populares galegos, Paula Prado, na reuni\u00f3n que mantiveron coa comisaria de Medio Ambiente da Uni\u00f3n Europea, Jessika Roswall, no marco do Congreso do PP Europeo celebrado en Valencia.<\/p>\n<p style=\"font-weight: 400;\">Unha reuni\u00f3n na que tiveron ocasi\u00f3n de explicarlle a Roswall como se leva a cabo o proceso de tramitaci\u00f3n ambiental en Galicia e, nesta li\u00f1a, incidir en que, tal e como quedou plasmado en catro pronunciamentos do Tribunal Supremo, dito proceso faise desde o \u201cm\u00e1ximo rigor\u201d co que traballan os t\u00e9cnicos da Xunta.<\/p>\n<p style=\"font-weight: 400;\">De feito, V\u00e1zquez tendeu a man aos comisarios europeos con competencias na materia para que se trasladen \u00e1 nosa Comunidade e co\u00f1ezan \u2018in situ\u2019 e con total transparencia como se realizan estas tramitaci\u00f3ns ambientais e cales son os criterios t\u00e9cnicos que se empregan nas mesmas.<\/p>\n<p style=\"font-weight: 400;\">Advertiu que \u201cGalicia\u00a0est\u00e1 a sufrir os efectos da contestaci\u00f3n permanente e o rexeitamento sistem\u00e1tico de certos sectores \u00e1 implantaci\u00f3n industrial\u201d, facendo fincap\u00e9 que \u00e9 primordial que exista seguridade xur\u00eddica nas avaliaci\u00f3ns ambientais de cara a \u201cfrear a certos grupos pol\u00edticos que fan primar a s\u00faa ideolox\u00eda fronte \u00e1 lexislaci\u00f3n vixente co fin de paralizar o asentamento de proxectos industriais na Comunidade\u201d.<\/p>\n<p style=\"font-weight: 400;\"><strong><u>BLOQUEO DO DESENVOLVEMENTO E\u00d3LICO<\/u><\/strong><\/p>\n<p style=\"font-weight: 400;\">Un contexto no que resulta especialmente preocupante a situaci\u00f3n de bloqueo do desenvolvemento e\u00f3lico na medida en que, tal e como manifestou \u00c1ngeles V\u00e1zquez,\u00a0se traduce nunha \u201cpar\u00e1lise in\u00e9dita en Espa\u00f1a\u201d e sup\u00f3n a perda de 2.574,19 MW de enerx\u00eda limpa que se poder\u00eda estar xerando desde Galicia.<\/p>\n<p style=\"font-weight: 400;\">A titular de Medio Ambiente do Goberno galego explicou \u00e1 responsable desta \u00e1rea na Comisi\u00f3n Europea que a nosa Comunidade conta con 191 parques e\u00f3licos en funcionamento que suman unha potencia de 3.954,8 MW, as\u00ed como con outros 140 parques autorizados cunha potencia de 3.153,6 MW e que est\u00e1n \u00e1 espera de entrar en funcionamento. Xa que, destes 140 parques, 98 est\u00e1n afectados por recursos xudiciais e administrativos.<\/p>\n<p style=\"font-weight: 400;\">Por iso solicitou a\u00a0Roswall un\u00a0\u201ccontrol exhaustivo\u201d das trasposici\u00f3ns das normas comunitarias que a\u00ednda non levou a cabo o Goberno de Espa\u00f1a e lembroulle que Galicia agarda que o Tribunal de Xustiza da Uni\u00f3n Europea se pronuncie \u201c\u00e1 maior brevidade posible\u201d sobre a cuesti\u00f3n prexudicial elevada polo Tribunal de Superior de Xustiza de Galicia e que cuestiona a trasposici\u00f3n que fixo hai m\u00e1is dunha d\u00e9cada o Estado espa\u00f1ol da normativa comunitaria a trav\u00e9s da Lei estatal de avaliaci\u00f3n ambiental de 2013.<\/p>\n<p style=\"font-weight: 400;\">Tal e como manifestou na reuni\u00f3n, Galicia agarda que a decisi\u00f3n da Xustiza europea permita desbloquear os proxectos que est\u00e1n paralizados e proporcione a seguridade xur\u00eddica que precisan os seus promotores.<\/p>\n","protected":false},"excerpt":{"rendered":"<p>O Partido Popular de Galicia reivindica o rigor medioambiental e xur\u00eddico do Goberno galego no proceso de avaliaci\u00f3n e tramitaci\u00f3n de proxectos industriais que queiran instalarse na nosa Comunidade e contrapono a aqueles grupos pol\u00edticos que antepo\u00f1en a ideolox\u00eda \u00e1 lexislaci\u00f3n. As\u00ed o fixeron a responsable de Medio Ambiente e Cambio Clim\u00e1tico do Goberno galego, [&hellip;]<\/p>\n","protected":false},"author":38,"featured_media":66793,"comment_status":"closed","ping_status":"open","sticky":false,"template":"","format":"standard","meta":{"_acf_changed":false,"footnotes":""},"categories":[1127,1],"tags":[],"class_list":["post-66792","post","type-post","status-publish","format-standard","has-post-thumbnail","hentry","category-actualidad-parlamento-europeo","category-pp-de-galicia"],"acf":[],"yoast_head":"<!-- This site is optimized with the Yoast SEO plugin v27.3 - https:\/\/yoast.com\/product\/yoast-seo-wordpress\/ -->\n<title>O PPdeG destaca o rigor medioambiental e xur\u00eddico do Goberno galego na avaliaci\u00f3n de proxectos industriais fronte a quen \u201cantep\u00f3n a ideolox\u00eda \u00e1 lexislaci\u00f3n\u201d - PP de Galicia<\/title>\n<meta name=\"description\" content=\"O Partido Popular de Galicia reivindica o rigor medioambiental e xur\u00eddico do Goberno galego no proceso de avaliaci\u00f3n e tramitaci\u00f3n de proxectos industriais que queiran instalarse na nosa Comunidade e contrapono a aqueles grupos pol\u00edticos que antepo\u00f1en a ideolox\u00eda \u00e1 lexislaci\u00f3n.\" \/>\n<meta name=\"robots\" content=\"index, follow, max-snippet:-1, max-image-preview:large, max-video-preview:-1\" \/>\n<link rel=\"canonical\" href=\"https:\/\/ppdegalicia.com\/es\/o-ppdeg-destaca-o-rigor-medioambiental-e-xuridico-do-goberno-galego-na-avaliacion-de-proxectos-industriais-fronte-a-quen-antepon-a-ideoloxia-a-lexislacion\/\" \/>\n<meta property=\"og:locale\" content=\"es_ES\" \/>\n<meta property=\"og:type\" content=\"article\" \/>\n<meta property=\"og:title\" content=\"O PPdeG destaca o rigor medioambiental e xur\u00eddico do Goberno galego na avaliaci\u00f3n de proxectos industriais fronte a quen \u201cantep\u00f3n a ideolox\u00eda \u00e1 lexislaci\u00f3n\u201d - PP de Galicia\" \/>\n<meta property=\"og:description\" content=\"O Partido Popular de Galicia reivindica o rigor medioambiental e xur\u00eddico do Goberno galego no proceso de avaliaci\u00f3n e tramitaci\u00f3n de proxectos industriais que queiran instalarse na nosa Comunidade e contrapono a aqueles grupos pol\u00edticos que antepo\u00f1en a ideolox\u00eda \u00e1 lexislaci\u00f3n.\" \/>\n<meta property=\"og:url\" content=\"https:\/\/ppdegalicia.com\/es\/o-ppdeg-destaca-o-rigor-medioambiental-e-xuridico-do-goberno-galego-na-avaliacion-de-proxectos-industriais-fronte-a-quen-antepon-a-ideoloxia-a-lexislacion\/\" \/>\n<meta property=\"og:site_name\" content=\"PP de Galicia\" \/>\n<meta property=\"article:publisher\" content=\"https:\/\/www.instagram.com\/ppdegalicia\/\" \/>\n<meta property=\"article:published_time\" content=\"2025-05-01T08:30:24+00:00\" \/>\n<meta property=\"og:image\" content=\"https:\/\/ppdegalicia.com\/wp-content\/uploads\/2025\/04\/20250501_AVazquez_ComMAmb-scaled.jpg\" \/>\n\t<meta property=\"og:image:width\" content=\"2560\" \/>\n\t<meta property=\"og:image:height\" content=\"1707\" \/>\n\t<meta property=\"og:image:type\" content=\"image\/jpeg\" \/>\n<meta name=\"author\" content=\"ppdegaliciaredes\" \/>\n<meta name=\"twitter:card\" content=\"summary_large_image\" \/>\n<meta name=\"twitter:creator\" content=\"@ppdegalicia\" \/>\n<meta name=\"twitter:site\" content=\"@ppdegalicia\" \/>\n<meta name=\"twitter:label1\" content=\"Escrito por\" \/>\n\t<meta name=\"twitter:data1\" content=\"ppdegaliciaredes\" \/>\n\t<meta name=\"twitter:label2\" content=\"Tiempo de lectura\" \/>\n\t<meta name=\"twitter:data2\" content=\"3 minutos\" \/>\n<script type=\"application\/ld+json\" class=\"yoast-schema-graph\">{\"@context\":\"https:\\\/\\\/schema.org\",\"@graph\":[{\"@type\":\"Article\",\"@id\":\"https:\\\/\\\/ppdegalicia.com\\\/es\\\/o-ppdeg-destaca-o-rigor-medioambiental-e-xuridico-do-goberno-galego-na-avaliacion-de-proxectos-industriais-fronte-a-quen-antepon-a-ideoloxia-a-lexislacion\\\/#article\",\"isPartOf\":{\"@id\":\"https:\\\/\\\/ppdegalicia.com\\\/es\\\/o-ppdeg-destaca-o-rigor-medioambiental-e-xuridico-do-goberno-galego-na-avaliacion-de-proxectos-industriais-fronte-a-quen-antepon-a-ideoloxia-a-lexislacion\\\/\"},\"author\":{\"name\":\"ppdegaliciaredes\",\"@id\":\"https:\\\/\\\/ppdegalicia.com\\\/es\\\/#\\\/schema\\\/person\\\/5b822c6f59e872ebdd1142f307dbcb59\"},\"headline\":\"O PPdeG destaca o rigor medioambiental e xur\u00eddico do Goberno galego na avaliaci\u00f3n de proxectos industriais fronte a quen \u201cantep\u00f3n a ideolox\u00eda \u00e1 lexislaci\u00f3n\u201d\",\"datePublished\":\"2025-05-01T08:30:24+00:00\",\"mainEntityOfPage\":{\"@id\":\"https:\\\/\\\/ppdegalicia.com\\\/es\\\/o-ppdeg-destaca-o-rigor-medioambiental-e-xuridico-do-goberno-galego-na-avaliacion-de-proxectos-industriais-fronte-a-quen-antepon-a-ideoloxia-a-lexislacion\\\/\"},\"wordCount\":554,\"publisher\":{\"@id\":\"https:\\\/\\\/ppdegalicia.com\\\/es\\\/#organization\"},\"image\":{\"@id\":\"https:\\\/\\\/ppdegalicia.com\\\/es\\\/o-ppdeg-destaca-o-rigor-medioambiental-e-xuridico-do-goberno-galego-na-avaliacion-de-proxectos-industriais-fronte-a-quen-antepon-a-ideoloxia-a-lexislacion\\\/#primaryimage\"},\"thumbnailUrl\":\"https:\\\/\\\/ppdegalicia.com\\\/wp-content\\\/uploads\\\/2025\\\/04\\\/20250501_AVazquez_ComMAmb-scaled.jpg\",\"articleSection\":[\"Parlamento Europeo\",\"PP de Galicia\"],\"inLanguage\":\"es\"},{\"@type\":\"WebPage\",\"@id\":\"https:\\\/\\\/ppdegalicia.com\\\/es\\\/o-ppdeg-destaca-o-rigor-medioambiental-e-xuridico-do-goberno-galego-na-avaliacion-de-proxectos-industriais-fronte-a-quen-antepon-a-ideoloxia-a-lexislacion\\\/\",\"url\":\"https:\\\/\\\/ppdegalicia.com\\\/es\\\/o-ppdeg-destaca-o-rigor-medioambiental-e-xuridico-do-goberno-galego-na-avaliacion-de-proxectos-industriais-fronte-a-quen-antepon-a-ideoloxia-a-lexislacion\\\/\",\"name\":\"O PPdeG destaca o rigor medioambiental e xur\u00eddico do Goberno galego na avaliaci\u00f3n de proxectos industriais fronte a quen \u201cantep\u00f3n a ideolox\u00eda \u00e1 lexislaci\u00f3n\u201d - PP de Galicia\",\"isPartOf\":{\"@id\":\"https:\\\/\\\/ppdegalicia.com\\\/es\\\/#website\"},\"primaryImageOfPage\":{\"@id\":\"https:\\\/\\\/ppdegalicia.com\\\/es\\\/o-ppdeg-destaca-o-rigor-medioambiental-e-xuridico-do-goberno-galego-na-avaliacion-de-proxectos-industriais-fronte-a-quen-antepon-a-ideoloxia-a-lexislacion\\\/#primaryimage\"},\"image\":{\"@id\":\"https:\\\/\\\/ppdegalicia.com\\\/es\\\/o-ppdeg-destaca-o-rigor-medioambiental-e-xuridico-do-goberno-galego-na-avaliacion-de-proxectos-industriais-fronte-a-quen-antepon-a-ideoloxia-a-lexislacion\\\/#primaryimage\"},\"thumbnailUrl\":\"https:\\\/\\\/ppdegalicia.com\\\/wp-content\\\/uploads\\\/2025\\\/04\\\/20250501_AVazquez_ComMAmb-scaled.jpg\",\"datePublished\":\"2025-05-01T08:30:24+00:00\",\"description\":\"O Partido Popular de Galicia reivindica o rigor medioambiental e xur\u00eddico do Goberno galego no proceso de avaliaci\u00f3n e tramitaci\u00f3n de proxectos industriais que queiran instalarse na nosa Comunidade e contrapono a aqueles grupos pol\u00edticos que antepo\u00f1en a ideolox\u00eda \u00e1 lexislaci\u00f3n.\",\"breadcrumb\":{\"@id\":\"https:\\\/\\\/ppdegalicia.com\\\/es\\\/o-ppdeg-destaca-o-rigor-medioambiental-e-xuridico-do-goberno-galego-na-avaliacion-de-proxectos-industriais-fronte-a-quen-antepon-a-ideoloxia-a-lexislacion\\\/#breadcrumb\"},\"inLanguage\":\"es\",\"potentialAction\":[{\"@type\":\"ReadAction\",\"target\":[\"https:\\\/\\\/ppdegalicia.com\\\/es\\\/o-ppdeg-destaca-o-rigor-medioambiental-e-xuridico-do-goberno-galego-na-avaliacion-de-proxectos-industriais-fronte-a-quen-antepon-a-ideoloxia-a-lexislacion\\\/\"]}]},{\"@type\":\"ImageObject\",\"inLanguage\":\"es\",\"@id\":\"https:\\\/\\\/ppdegalicia.com\\\/es\\\/o-ppdeg-destaca-o-rigor-medioambiental-e-xuridico-do-goberno-galego-na-avaliacion-de-proxectos-industriais-fronte-a-quen-antepon-a-ideoloxia-a-lexislacion\\\/#primaryimage\",\"url\":\"https:\\\/\\\/ppdegalicia.com\\\/wp-content\\\/uploads\\\/2025\\\/04\\\/20250501_AVazquez_ComMAmb-scaled.jpg\",\"contentUrl\":\"https:\\\/\\\/ppdegalicia.com\\\/wp-content\\\/uploads\\\/2025\\\/04\\\/20250501_AVazquez_ComMAmb-scaled.jpg\",\"width\":2560,\"height\":1707},{\"@type\":\"BreadcrumbList\",\"@id\":\"https:\\\/\\\/ppdegalicia.com\\\/es\\\/o-ppdeg-destaca-o-rigor-medioambiental-e-xuridico-do-goberno-galego-na-avaliacion-de-proxectos-industriais-fronte-a-quen-antepon-a-ideoloxia-a-lexislacion\\\/#breadcrumb\",\"itemListElement\":[{\"@type\":\"ListItem\",\"position\":1,\"name\":\"Portada\",\"item\":\"https:\\\/\\\/ppdegalicia.com\\\/es\\\/\"},{\"@type\":\"ListItem\",\"position\":2,\"name\":\"O PPdeG destaca o rigor medioambiental e xur\u00eddico do Goberno galego na avaliaci\u00f3n de proxectos industriais fronte a quen \u201cantep\u00f3n a ideolox\u00eda \u00e1 lexislaci\u00f3n\u201d\"}]},{\"@type\":\"WebSite\",\"@id\":\"https:\\\/\\\/ppdegalicia.com\\\/es\\\/#website\",\"url\":\"https:\\\/\\\/ppdegalicia.com\\\/es\\\/\",\"name\":\"Partido Popular de Galicia\",\"description\":\"Partido Popular de Galicia\",\"publisher\":{\"@id\":\"https:\\\/\\\/ppdegalicia.com\\\/es\\\/#organization\"},\"alternateName\":\"PP de Galicia\",\"potentialAction\":[{\"@type\":\"SearchAction\",\"target\":{\"@type\":\"EntryPoint\",\"urlTemplate\":\"https:\\\/\\\/ppdegalicia.com\\\/es\\\/?s={search_term_string}\"},\"query-input\":{\"@type\":\"PropertyValueSpecification\",\"valueRequired\":true,\"valueName\":\"search_term_string\"}}],\"inLanguage\":\"es\"},{\"@type\":\"Organization\",\"@id\":\"https:\\\/\\\/ppdegalicia.com\\\/es\\\/#organization\",\"name\":\"Partido Popular de Galicia\",\"alternateName\":\"PP de Galicia\",\"url\":\"https:\\\/\\\/ppdegalicia.com\\\/es\\\/\",\"logo\":{\"@type\":\"ImageObject\",\"inLanguage\":\"es\",\"@id\":\"https:\\\/\\\/ppdegalicia.com\\\/es\\\/#\\\/schema\\\/logo\\\/image\\\/\",\"url\":\"https:\\\/\\\/ppdegalicia.com\\\/wp-content\\\/uploads\\\/2023\\\/04\\\/logoPP512.png\",\"contentUrl\":\"https:\\\/\\\/ppdegalicia.com\\\/wp-content\\\/uploads\\\/2023\\\/04\\\/logoPP512.png\",\"width\":512,\"height\":512,\"caption\":\"Partido Popular de Galicia\"},\"image\":{\"@id\":\"https:\\\/\\\/ppdegalicia.com\\\/es\\\/#\\\/schema\\\/logo\\\/image\\\/\"},\"sameAs\":[\"https:\\\/\\\/www.instagram.com\\\/ppdegalicia\\\/\",\"https:\\\/\\\/x.com\\\/ppdegalicia\",\"https:\\\/\\\/www.tiktok.com\\\/@ppdegalicia\",\"https:\\\/\\\/www.youtube.com\\\/user\\\/ppdegalicia\"]},{\"@type\":\"Person\",\"@id\":\"https:\\\/\\\/ppdegalicia.com\\\/es\\\/#\\\/schema\\\/person\\\/5b822c6f59e872ebdd1142f307dbcb59\",\"name\":\"ppdegaliciaredes\",\"image\":{\"@type\":\"ImageObject\",\"inLanguage\":\"es\",\"@id\":\"https:\\\/\\\/secure.gravatar.com\\\/avatar\\\/3c9179cf0256d00c72a48d1f25783c58b6842cd56e85ef3a572881c8e28ccd59?s=96&d=mm&r=g\",\"url\":\"https:\\\/\\\/secure.gravatar.com\\\/avatar\\\/3c9179cf0256d00c72a48d1f25783c58b6842cd56e85ef3a572881c8e28ccd59?s=96&d=mm&r=g\",\"contentUrl\":\"https:\\\/\\\/secure.gravatar.com\\\/avatar\\\/3c9179cf0256d00c72a48d1f25783c58b6842cd56e85ef3a572881c8e28ccd59?s=96&d=mm&r=g\",\"caption\":\"ppdegaliciaredes\"},\"url\":\"https:\\\/\\\/ppdegalicia.com\\\/es\\\/author\\\/ppdegaliciaredes\\\/\"}]}<\/script>\n<!-- \/ Yoast SEO plugin. -->","yoast_head_json":{"title":"O PPdeG destaca o rigor medioambiental e xur\u00eddico do Goberno galego na avaliaci\u00f3n de proxectos industriais fronte a quen \u201cantep\u00f3n a ideolox\u00eda \u00e1 lexislaci\u00f3n\u201d - PP de Galicia","description":"O Partido Popular de Galicia reivindica o rigor medioambiental e xur\u00eddico do Goberno galego no proceso de avaliaci\u00f3n e tramitaci\u00f3n de proxectos industriais que queiran instalarse na nosa Comunidade e contrapono a aqueles grupos pol\u00edticos que antepo\u00f1en a ideolox\u00eda \u00e1 lexislaci\u00f3n.","robots":{"index":"index","follow":"follow","max-snippet":"max-snippet:-1","max-image-preview":"max-image-preview:large","max-video-preview":"max-video-preview:-1"},"canonical":"https:\/\/ppdegalicia.com\/es\/o-ppdeg-destaca-o-rigor-medioambiental-e-xuridico-do-goberno-galego-na-avaliacion-de-proxectos-industriais-fronte-a-quen-antepon-a-ideoloxia-a-lexislacion\/","og_locale":"es_ES","og_type":"article","og_title":"O PPdeG destaca o rigor medioambiental e xur\u00eddico do Goberno galego na avaliaci\u00f3n de proxectos industriais fronte a quen \u201cantep\u00f3n a ideolox\u00eda \u00e1 lexislaci\u00f3n\u201d - PP de Galicia","og_description":"O Partido Popular de Galicia reivindica o rigor medioambiental e xur\u00eddico do Goberno galego no proceso de avaliaci\u00f3n e tramitaci\u00f3n de proxectos industriais que queiran instalarse na nosa Comunidade e contrapono a aqueles grupos pol\u00edticos que antepo\u00f1en a ideolox\u00eda \u00e1 lexislaci\u00f3n.","og_url":"https:\/\/ppdegalicia.com\/es\/o-ppdeg-destaca-o-rigor-medioambiental-e-xuridico-do-goberno-galego-na-avaliacion-de-proxectos-industriais-fronte-a-quen-antepon-a-ideoloxia-a-lexislacion\/","og_site_name":"PP de Galicia","article_publisher":"https:\/\/www.instagram.com\/ppdegalicia\/","article_published_time":"2025-05-01T08:30:24+00:00","og_image":[{"width":2560,"height":1707,"url":"https:\/\/ppdegalicia.com\/wp-content\/uploads\/2025\/04\/20250501_AVazquez_ComMAmb-scaled.jpg","type":"image\/jpeg"}],"author":"ppdegaliciaredes","twitter_card":"summary_large_image","twitter_creator":"@ppdegalicia","twitter_site":"@ppdegalicia","twitter_misc":{"Escrito por":"ppdegaliciaredes","Tiempo de lectura":"3 minutos"},"schema":{"@context":"https:\/\/schema.org","@graph":[{"@type":"Article","@id":"https:\/\/ppdegalicia.com\/es\/o-ppdeg-destaca-o-rigor-medioambiental-e-xuridico-do-goberno-galego-na-avaliacion-de-proxectos-industriais-fronte-a-quen-antepon-a-ideoloxia-a-lexislacion\/#article","isPartOf":{"@id":"https:\/\/ppdegalicia.com\/es\/o-ppdeg-destaca-o-rigor-medioambiental-e-xuridico-do-goberno-galego-na-avaliacion-de-proxectos-industriais-fronte-a-quen-antepon-a-ideoloxia-a-lexislacion\/"},"author":{"name":"ppdegaliciaredes","@id":"https:\/\/ppdegalicia.com\/es\/#\/schema\/person\/5b822c6f59e872ebdd1142f307dbcb59"},"headline":"O PPdeG destaca o rigor medioambiental e xur\u00eddico do Goberno galego na avaliaci\u00f3n de proxectos industriais fronte a quen \u201cantep\u00f3n a ideolox\u00eda \u00e1 lexislaci\u00f3n\u201d","datePublished":"2025-05-01T08:30:24+00:00","mainEntityOfPage":{"@id":"https:\/\/ppdegalicia.com\/es\/o-ppdeg-destaca-o-rigor-medioambiental-e-xuridico-do-goberno-galego-na-avaliacion-de-proxectos-industriais-fronte-a-quen-antepon-a-ideoloxia-a-lexislacion\/"},"wordCount":554,"publisher":{"@id":"https:\/\/ppdegalicia.com\/es\/#organization"},"image":{"@id":"https:\/\/ppdegalicia.com\/es\/o-ppdeg-destaca-o-rigor-medioambiental-e-xuridico-do-goberno-galego-na-avaliacion-de-proxectos-industriais-fronte-a-quen-antepon-a-ideoloxia-a-lexislacion\/#primaryimage"},"thumbnailUrl":"https:\/\/ppdegalicia.com\/wp-content\/uploads\/2025\/04\/20250501_AVazquez_ComMAmb-scaled.jpg","articleSection":["Parlamento Europeo","PP de Galicia"],"inLanguage":"es"},{"@type":"WebPage","@id":"https:\/\/ppdegalicia.com\/es\/o-ppdeg-destaca-o-rigor-medioambiental-e-xuridico-do-goberno-galego-na-avaliacion-de-proxectos-industriais-fronte-a-quen-antepon-a-ideoloxia-a-lexislacion\/","url":"https:\/\/ppdegalicia.com\/es\/o-ppdeg-destaca-o-rigor-medioambiental-e-xuridico-do-goberno-galego-na-avaliacion-de-proxectos-industriais-fronte-a-quen-antepon-a-ideoloxia-a-lexislacion\/","name":"O PPdeG destaca o rigor medioambiental e xur\u00eddico do Goberno galego na avaliaci\u00f3n de proxectos industriais fronte a quen \u201cantep\u00f3n a ideolox\u00eda \u00e1 lexislaci\u00f3n\u201d - PP de Galicia","isPartOf":{"@id":"https:\/\/ppdegalicia.com\/es\/#website"},"primaryImageOfPage":{"@id":"https:\/\/ppdegalicia.com\/es\/o-ppdeg-destaca-o-rigor-medioambiental-e-xuridico-do-goberno-galego-na-avaliacion-de-proxectos-industriais-fronte-a-quen-antepon-a-ideoloxia-a-lexislacion\/#primaryimage"},"image":{"@id":"https:\/\/ppdegalicia.com\/es\/o-ppdeg-destaca-o-rigor-medioambiental-e-xuridico-do-goberno-galego-na-avaliacion-de-proxectos-industriais-fronte-a-quen-antepon-a-ideoloxia-a-lexislacion\/#primaryimage"},"thumbnailUrl":"https:\/\/ppdegalicia.com\/wp-content\/uploads\/2025\/04\/20250501_AVazquez_ComMAmb-scaled.jpg","datePublished":"2025-05-01T08:30:24+00:00","description":"O Partido Popular de Galicia reivindica o rigor medioambiental e xur\u00eddico do Goberno galego no proceso de avaliaci\u00f3n e tramitaci\u00f3n de proxectos industriais que queiran instalarse na nosa Comunidade e contrapono a aqueles grupos pol\u00edticos que antepo\u00f1en a ideolox\u00eda \u00e1 lexislaci\u00f3n.","breadcrumb":{"@id":"https:\/\/ppdegalicia.com\/es\/o-ppdeg-destaca-o-rigor-medioambiental-e-xuridico-do-goberno-galego-na-avaliacion-de-proxectos-industriais-fronte-a-quen-antepon-a-ideoloxia-a-lexislacion\/#breadcrumb"},"inLanguage":"es","potentialAction":[{"@type":"ReadAction","target":["https:\/\/ppdegalicia.com\/es\/o-ppdeg-destaca-o-rigor-medioambiental-e-xuridico-do-goberno-galego-na-avaliacion-de-proxectos-industriais-fronte-a-quen-antepon-a-ideoloxia-a-lexislacion\/"]}]},{"@type":"ImageObject","inLanguage":"es","@id":"https:\/\/ppdegalicia.com\/es\/o-ppdeg-destaca-o-rigor-medioambiental-e-xuridico-do-goberno-galego-na-avaliacion-de-proxectos-industriais-fronte-a-quen-antepon-a-ideoloxia-a-lexislacion\/#primaryimage","url":"https:\/\/ppdegalicia.com\/wp-content\/uploads\/2025\/04\/20250501_AVazquez_ComMAmb-scaled.jpg","contentUrl":"https:\/\/ppdegalicia.com\/wp-content\/uploads\/2025\/04\/20250501_AVazquez_ComMAmb-scaled.jpg","width":2560,"height":1707},{"@type":"BreadcrumbList","@id":"https:\/\/ppdegalicia.com\/es\/o-ppdeg-destaca-o-rigor-medioambiental-e-xuridico-do-goberno-galego-na-avaliacion-de-proxectos-industriais-fronte-a-quen-antepon-a-ideoloxia-a-lexislacion\/#breadcrumb","itemListElement":[{"@type":"ListItem","position":1,"name":"Portada","item":"https:\/\/ppdegalicia.com\/es\/"},{"@type":"ListItem","position":2,"name":"O PPdeG destaca o rigor medioambiental e xur\u00eddico do Goberno galego na avaliaci\u00f3n de proxectos industriais fronte a quen \u201cantep\u00f3n a ideolox\u00eda \u00e1 lexislaci\u00f3n\u201d"}]},{"@type":"WebSite","@id":"https:\/\/ppdegalicia.com\/es\/#website","url":"https:\/\/ppdegalicia.com\/es\/","name":"Partido Popular de Galicia","description":"Partido Popular de Galicia","publisher":{"@id":"https:\/\/ppdegalicia.com\/es\/#organization"},"alternateName":"PP de Galicia","potentialAction":[{"@type":"SearchAction","target":{"@type":"EntryPoint","urlTemplate":"https:\/\/ppdegalicia.com\/es\/?s={search_term_string}"},"query-input":{"@type":"PropertyValueSpecification","valueRequired":true,"valueName":"search_term_string"}}],"inLanguage":"es"},{"@type":"Organization","@id":"https:\/\/ppdegalicia.com\/es\/#organization","name":"Partido Popular de Galicia","alternateName":"PP de Galicia","url":"https:\/\/ppdegalicia.com\/es\/","logo":{"@type":"ImageObject","inLanguage":"es","@id":"https:\/\/ppdegalicia.com\/es\/#\/schema\/logo\/image\/","url":"https:\/\/ppdegalicia.com\/wp-content\/uploads\/2023\/04\/logoPP512.png","contentUrl":"https:\/\/ppdegalicia.com\/wp-content\/uploads\/2023\/04\/logoPP512.png","width":512,"height":512,"caption":"Partido Popular de Galicia"},"image":{"@id":"https:\/\/ppdegalicia.com\/es\/#\/schema\/logo\/image\/"},"sameAs":["https:\/\/www.instagram.com\/ppdegalicia\/","https:\/\/x.com\/ppdegalicia","https:\/\/www.tiktok.com\/@ppdegalicia","https:\/\/www.youtube.com\/user\/ppdegalicia"]},{"@type":"Person","@id":"https:\/\/ppdegalicia.com\/es\/#\/schema\/person\/5b822c6f59e872ebdd1142f307dbcb59","name":"ppdegaliciaredes","image":{"@type":"ImageObject","inLanguage":"es","@id":"https:\/\/secure.gravatar.com\/avatar\/3c9179cf0256d00c72a48d1f25783c58b6842cd56e85ef3a572881c8e28ccd59?s=96&d=mm&r=g","url":"https:\/\/secure.gravatar.com\/avatar\/3c9179cf0256d00c72a48d1f25783c58b6842cd56e85ef3a572881c8e28ccd59?s=96&d=mm&r=g","contentUrl":"https:\/\/secure.gravatar.com\/avatar\/3c9179cf0256d00c72a48d1f25783c58b6842cd56e85ef3a572881c8e28ccd59?s=96&d=mm&r=g","caption":"ppdegaliciaredes"},"url":"https:\/\/ppdegalicia.com\/es\/author\/ppdegaliciaredes\/"}]}},"_links":{"self":[{"href":"https:\/\/ppdegalicia.com\/es\/wp-json\/wp\/v2\/posts\/66792","targetHints":{"allow":["GET"]}}],"collection":[{"href":"https:\/\/ppdegalicia.com\/es\/wp-json\/wp\/v2\/posts"}],"about":[{"href":"https:\/\/ppdegalicia.com\/es\/wp-json\/wp\/v2\/types\/post"}],"author":[{"embeddable":true,"href":"https:\/\/ppdegalicia.com\/es\/wp-json\/wp\/v2\/users\/38"}],"replies":[{"embeddable":true,"href":"https:\/\/ppdegalicia.com\/es\/wp-json\/wp\/v2\/comments?post=66792"}],"version-history":[{"count":1,"href":"https:\/\/ppdegalicia.com\/es\/wp-json\/wp\/v2\/posts\/66792\/revisions"}],"predecessor-version":[{"id":66795,"href":"https:\/\/ppdegalicia.com\/es\/wp-json\/wp\/v2\/posts\/66792\/revisions\/66795"}],"wp:featuredmedia":[{"embeddable":true,"href":"https:\/\/ppdegalicia.com\/es\/wp-json\/wp\/v2\/media\/66793"}],"wp:attachment":[{"href":"https:\/\/ppdegalicia.com\/es\/wp-json\/wp\/v2\/media?parent=66792"}],"wp:term":[{"taxonomy":"category","embeddable":true,"href":"https:\/\/ppdegalicia.com\/es\/wp-json\/wp\/v2\/categories?post=66792"},{"taxonomy":"post_tag","embeddable":true,"href":"https:\/\/ppdegalicia.com\/es\/wp-json\/wp\/v2\/tags?post=66792"}],"curies":[{"name":"wp","href":"https:\/\/api.w.org\/{rel}","templated":true}]}}