{"id":66796,"date":"2025-05-01T11:29:21","date_gmt":"2025-05-01T10:29:21","guid":{"rendered":"https:\/\/ppdegalicia.com\/?p=66796"},"modified":"2025-05-02T10:44:09","modified_gmt":"2025-05-02T09:44:09","slug":"o-ppdeg-critica-que-o-patron-maior-de-rianxo-utilice-o-seu-posto-na-confraria-para-facer-oposicion-a-xunta-convertendo-esta-entidade-nunha-sucursal-do-psoe","status":"publish","type":"post","link":"https:\/\/ppdegalicia.com\/es\/o-ppdeg-critica-que-o-patron-maior-de-rianxo-utilice-o-seu-posto-na-confraria-para-facer-oposicion-a-xunta-convertendo-esta-entidade-nunha-sucursal-do-psoe\/","title":{"rendered":"O PPdeG critica que o patr\u00f3n maior de Rianxo \u201cutilice o seu posto na Confrar\u00eda para facer oposici\u00f3n \u00e1 Xunta, convertendo esta entidade nunha sucursal do PSOE\u201d"},"content":{"rendered":"<p>Os deputados do Grupo Popular Miguel Figalgo, Loli Hermelo, Manuel Santos e Magdalena P\u00e9rez criticaron hoxe que o patr\u00f3n maior de Rianxo \u201cutilice o seu posto na confrar\u00eda para facer oposici\u00f3n pol\u00edtica \u00e1 Xunta de Galicia e converter esta entidade nunha sucursal do PSOE\u201d.<\/p>\n<p>Nunha visita ao porto de Rianxo, acompa\u00f1ados do portavoz do PP neste concello, Jos\u00e9 Lu\u00eds Casti\u00f1eiras, os deputados populares demandaron ao patr\u00f3n maior de Rianxo \u201cque aclare cando fala se o fai como representante da Confrar\u00eda ou como concelleiro do Partido Socialista\u201d.<\/p>\n<p>\u201cA Confrar\u00eda non debe converterse nunha plataforma electoral do PSOE\u201d, indicaron os deputados, e lamentaron que o patr\u00f3n maior \u201cestea utilizando permanentemente as necesidades das persoas que traballan no mar como trincheira pol\u00edtica contra a Xunta\u201d. As\u00ed mesmo, consideraron \u201clamentable que empregue o seu cargo no sector para medrar no PSOE e facer oposici\u00f3n pol\u00edtica ao Partido Popular e \u00e1 Xunta de Galicia, \u00e1 vez que trata de manipular ao resto de confrar\u00edas da r\u00eda no seu propio beneficio pol\u00edtico\u201d.<\/p>\n<p><strong><u>CR\u00cdTICA \u00c1 XUNTA, SILENCIO CONTRA O GOBERNO CENTRAL<\/u><\/strong><\/p>\n<p>Miguel Fidalgo lembrou que, \u201cdesde que este se\u00f1or preside a Confrad\u00eda, os resultados do p\u00f3sito non paran de baixar, de xeito contrario ao que est\u00e1 acontecendo noutras entidades pesqueiras veci\u00f1as\u201d, polo que lle demandou que \u201ccentre os seus esforzos en atender \u00e1 s\u00faa responsabilidade na Confrar\u00eda en lugar de facer campa\u00f1a pol\u00edtica permanente en contra da Xunta\u201d. \u201cSe quere traballar para o PSOE, que deixe o cargo de patr\u00f3n maior\u201d, manifestou.<\/p>\n<p>\u201cNon pode utilizar o marisqueo como ferramenta pol\u00edtica para facer campa\u00f1a para o PSOE\u201d, sinalaron os deputados populares, quen consideraron \u201ccurioso que critique \u00e1 Xunta mentres cala diante do Goberno de Pedro S\u00e1nchez, que se nega a eliminar as cotizaci\u00f3ns sociais ao marisqueo ou a reducir o IVE do peixe e do marisco\u201d.<\/p>\n<p>Por este motivo, pediron ao patr\u00f3n maior que \u201cse realmente quere defender ao sector, que apunte cara a quen crea os problemas: cara a Pedro S\u00e1nchez e as s\u00faas pol\u00edticas, e non cara a quen traballa todos os d\u00edas para protexer o noso mar\u201d.<\/p>\n","protected":false},"excerpt":{"rendered":"<p>Os deputados do Grupo Popular Miguel Figalgo, Loli Hermelo, Manuel Santos e Magdalena P\u00e9rez criticaron hoxe que o patr\u00f3n maior de Rianxo \u201cutilice o seu posto na confrar\u00eda para facer oposici\u00f3n pol\u00edtica \u00e1 Xunta de Galicia e converter esta entidade nunha sucursal do PSOE\u201d. Nunha visita ao porto de Rianxo, acompa\u00f1ados do portavoz do PP [&hellip;]<\/p>\n","protected":false},"author":38,"featured_media":66797,"comment_status":"closed","ping_status":"open","sticky":false,"template":"","format":"standard","meta":{"_acf_changed":false,"footnotes":""},"categories":[1128],"tags":[],"class_list":["post-66796","post","type-post","status-publish","format-standard","has-post-thumbnail","hentry","category-actualidad-parlamento-de-galicia"],"acf":[],"yoast_head":"<!-- This site is optimized with the Yoast SEO plugin v27.3 - https:\/\/yoast.com\/product\/yoast-seo-wordpress\/ -->\n<title>O PPdeG critica que o patr\u00f3n maior de Rianxo \u201cutilice o seu posto na Confrar\u00eda para facer oposici\u00f3n \u00e1 Xunta, convertendo esta entidade nunha sucursal do PSOE\u201d - PP de Galicia<\/title>\n<meta name=\"description\" content=\"Os deputados do Grupo Popular Miguel Figalgo, Loli Hermelo, Manuel Santos e Magdalena P\u00e9rez criticaron hoxe que o patr\u00f3n maior de Rianxo \u201cutilice o seu posto na confrar\u00eda para facer oposici\u00f3n pol\u00edtica \u00e1 Xunta de Galicia e converter esta entidade nunha sucursal do PSOE\u201d.\" \/>\n<meta name=\"robots\" content=\"index, follow, max-snippet:-1, max-image-preview:large, max-video-preview:-1\" \/>\n<link rel=\"canonical\" href=\"https:\/\/ppdegalicia.com\/es\/o-ppdeg-critica-que-o-patron-maior-de-rianxo-utilice-o-seu-posto-na-confraria-para-facer-oposicion-a-xunta-convertendo-esta-entidade-nunha-sucursal-do-psoe\/\" \/>\n<meta property=\"og:locale\" content=\"es_ES\" \/>\n<meta property=\"og:type\" content=\"article\" \/>\n<meta property=\"og:title\" content=\"O PPdeG critica que o patr\u00f3n maior de Rianxo \u201cutilice o seu posto na Confrar\u00eda para facer oposici\u00f3n \u00e1 Xunta, convertendo esta entidade nunha sucursal do PSOE\u201d - PP de Galicia\" \/>\n<meta property=\"og:description\" content=\"Os deputados do Grupo Popular Miguel Figalgo, Loli Hermelo, Manuel Santos e Magdalena P\u00e9rez criticaron hoxe que o patr\u00f3n maior de Rianxo \u201cutilice o seu posto na confrar\u00eda para facer oposici\u00f3n pol\u00edtica \u00e1 Xunta de Galicia e converter esta entidade nunha sucursal do PSOE\u201d.\" \/>\n<meta property=\"og:url\" content=\"https:\/\/ppdegalicia.com\/es\/o-ppdeg-critica-que-o-patron-maior-de-rianxo-utilice-o-seu-posto-na-confraria-para-facer-oposicion-a-xunta-convertendo-esta-entidade-nunha-sucursal-do-psoe\/\" \/>\n<meta property=\"og:site_name\" content=\"PP de Galicia\" \/>\n<meta property=\"article:publisher\" content=\"https:\/\/www.instagram.com\/ppdegalicia\/\" \/>\n<meta property=\"article:published_time\" content=\"2025-05-01T10:29:21+00:00\" \/>\n<meta property=\"article:modified_time\" content=\"2025-05-02T09:44:09+00:00\" \/>\n<meta property=\"og:image\" content=\"https:\/\/ppdegalicia.com\/wp-content\/uploads\/2025\/05\/Miguel-Fidalgo-Loli-Hermelo-Manuel-Santos-e-Magdalena-Perez-co-portavoz-do-PP-de-Rianxo-scaled.jpg\" \/>\n\t<meta property=\"og:image:width\" content=\"2560\" \/>\n\t<meta property=\"og:image:height\" content=\"1707\" \/>\n\t<meta property=\"og:image:type\" content=\"image\/jpeg\" \/>\n<meta name=\"author\" content=\"ppdegaliciaredes\" \/>\n<meta name=\"twitter:card\" content=\"summary_large_image\" \/>\n<meta name=\"twitter:creator\" content=\"@ppdegalicia\" \/>\n<meta name=\"twitter:site\" content=\"@ppdegalicia\" \/>\n<meta name=\"twitter:label1\" content=\"Escrito por\" \/>\n\t<meta name=\"twitter:data1\" content=\"ppdegaliciaredes\" \/>\n\t<meta name=\"twitter:label2\" content=\"Tiempo de lectura\" \/>\n\t<meta name=\"twitter:data2\" content=\"3 minutos\" \/>\n<script type=\"application\/ld+json\" class=\"yoast-schema-graph\">{\"@context\":\"https:\\\/\\\/schema.org\",\"@graph\":[{\"@type\":\"Article\",\"@id\":\"https:\\\/\\\/ppdegalicia.com\\\/es\\\/o-ppdeg-critica-que-o-patron-maior-de-rianxo-utilice-o-seu-posto-na-confraria-para-facer-oposicion-a-xunta-convertendo-esta-entidade-nunha-sucursal-do-psoe\\\/#article\",\"isPartOf\":{\"@id\":\"https:\\\/\\\/ppdegalicia.com\\\/es\\\/o-ppdeg-critica-que-o-patron-maior-de-rianxo-utilice-o-seu-posto-na-confraria-para-facer-oposicion-a-xunta-convertendo-esta-entidade-nunha-sucursal-do-psoe\\\/\"},\"author\":{\"name\":\"ppdegaliciaredes\",\"@id\":\"https:\\\/\\\/ppdegalicia.com\\\/es\\\/#\\\/schema\\\/person\\\/5b822c6f59e872ebdd1142f307dbcb59\"},\"headline\":\"O PPdeG critica que o patr\u00f3n maior de Rianxo \u201cutilice o seu posto na Confrar\u00eda para facer oposici\u00f3n \u00e1 Xunta, convertendo esta entidade nunha sucursal do PSOE\u201d\",\"datePublished\":\"2025-05-01T10:29:21+00:00\",\"dateModified\":\"2025-05-02T09:44:09+00:00\",\"mainEntityOfPage\":{\"@id\":\"https:\\\/\\\/ppdegalicia.com\\\/es\\\/o-ppdeg-critica-que-o-patron-maior-de-rianxo-utilice-o-seu-posto-na-confraria-para-facer-oposicion-a-xunta-convertendo-esta-entidade-nunha-sucursal-do-psoe\\\/\"},\"wordCount\":402,\"publisher\":{\"@id\":\"https:\\\/\\\/ppdegalicia.com\\\/es\\\/#organization\"},\"image\":{\"@id\":\"https:\\\/\\\/ppdegalicia.com\\\/es\\\/o-ppdeg-critica-que-o-patron-maior-de-rianxo-utilice-o-seu-posto-na-confraria-para-facer-oposicion-a-xunta-convertendo-esta-entidade-nunha-sucursal-do-psoe\\\/#primaryimage\"},\"thumbnailUrl\":\"https:\\\/\\\/ppdegalicia.com\\\/wp-content\\\/uploads\\\/2025\\\/05\\\/Miguel-Fidalgo-Loli-Hermelo-Manuel-Santos-e-Magdalena-Perez-co-portavoz-do-PP-de-Rianxo-scaled.jpg\",\"articleSection\":[\"Parlamento de Galicia\"],\"inLanguage\":\"es\"},{\"@type\":\"WebPage\",\"@id\":\"https:\\\/\\\/ppdegalicia.com\\\/es\\\/o-ppdeg-critica-que-o-patron-maior-de-rianxo-utilice-o-seu-posto-na-confraria-para-facer-oposicion-a-xunta-convertendo-esta-entidade-nunha-sucursal-do-psoe\\\/\",\"url\":\"https:\\\/\\\/ppdegalicia.com\\\/es\\\/o-ppdeg-critica-que-o-patron-maior-de-rianxo-utilice-o-seu-posto-na-confraria-para-facer-oposicion-a-xunta-convertendo-esta-entidade-nunha-sucursal-do-psoe\\\/\",\"name\":\"O PPdeG critica que o patr\u00f3n maior de Rianxo \u201cutilice o seu posto na Confrar\u00eda para facer oposici\u00f3n \u00e1 Xunta, convertendo esta entidade nunha sucursal do PSOE\u201d - PP de Galicia\",\"isPartOf\":{\"@id\":\"https:\\\/\\\/ppdegalicia.com\\\/es\\\/#website\"},\"primaryImageOfPage\":{\"@id\":\"https:\\\/\\\/ppdegalicia.com\\\/es\\\/o-ppdeg-critica-que-o-patron-maior-de-rianxo-utilice-o-seu-posto-na-confraria-para-facer-oposicion-a-xunta-convertendo-esta-entidade-nunha-sucursal-do-psoe\\\/#primaryimage\"},\"image\":{\"@id\":\"https:\\\/\\\/ppdegalicia.com\\\/es\\\/o-ppdeg-critica-que-o-patron-maior-de-rianxo-utilice-o-seu-posto-na-confraria-para-facer-oposicion-a-xunta-convertendo-esta-entidade-nunha-sucursal-do-psoe\\\/#primaryimage\"},\"thumbnailUrl\":\"https:\\\/\\\/ppdegalicia.com\\\/wp-content\\\/uploads\\\/2025\\\/05\\\/Miguel-Fidalgo-Loli-Hermelo-Manuel-Santos-e-Magdalena-Perez-co-portavoz-do-PP-de-Rianxo-scaled.jpg\",\"datePublished\":\"2025-05-01T10:29:21+00:00\",\"dateModified\":\"2025-05-02T09:44:09+00:00\",\"description\":\"Os deputados do Grupo Popular Miguel Figalgo, Loli Hermelo, Manuel Santos e Magdalena P\u00e9rez criticaron hoxe que o patr\u00f3n maior de Rianxo \u201cutilice o seu posto na confrar\u00eda para facer oposici\u00f3n pol\u00edtica \u00e1 Xunta de Galicia e converter esta entidade nunha sucursal do PSOE\u201d.\",\"breadcrumb\":{\"@id\":\"https:\\\/\\\/ppdegalicia.com\\\/es\\\/o-ppdeg-critica-que-o-patron-maior-de-rianxo-utilice-o-seu-posto-na-confraria-para-facer-oposicion-a-xunta-convertendo-esta-entidade-nunha-sucursal-do-psoe\\\/#breadcrumb\"},\"inLanguage\":\"es\",\"potentialAction\":[{\"@type\":\"ReadAction\",\"target\":[\"https:\\\/\\\/ppdegalicia.com\\\/es\\\/o-ppdeg-critica-que-o-patron-maior-de-rianxo-utilice-o-seu-posto-na-confraria-para-facer-oposicion-a-xunta-convertendo-esta-entidade-nunha-sucursal-do-psoe\\\/\"]}]},{\"@type\":\"ImageObject\",\"inLanguage\":\"es\",\"@id\":\"https:\\\/\\\/ppdegalicia.com\\\/es\\\/o-ppdeg-critica-que-o-patron-maior-de-rianxo-utilice-o-seu-posto-na-confraria-para-facer-oposicion-a-xunta-convertendo-esta-entidade-nunha-sucursal-do-psoe\\\/#primaryimage\",\"url\":\"https:\\\/\\\/ppdegalicia.com\\\/wp-content\\\/uploads\\\/2025\\\/05\\\/Miguel-Fidalgo-Loli-Hermelo-Manuel-Santos-e-Magdalena-Perez-co-portavoz-do-PP-de-Rianxo-scaled.jpg\",\"contentUrl\":\"https:\\\/\\\/ppdegalicia.com\\\/wp-content\\\/uploads\\\/2025\\\/05\\\/Miguel-Fidalgo-Loli-Hermelo-Manuel-Santos-e-Magdalena-Perez-co-portavoz-do-PP-de-Rianxo-scaled.jpg\",\"width\":2560,\"height\":1707},{\"@type\":\"BreadcrumbList\",\"@id\":\"https:\\\/\\\/ppdegalicia.com\\\/es\\\/o-ppdeg-critica-que-o-patron-maior-de-rianxo-utilice-o-seu-posto-na-confraria-para-facer-oposicion-a-xunta-convertendo-esta-entidade-nunha-sucursal-do-psoe\\\/#breadcrumb\",\"itemListElement\":[{\"@type\":\"ListItem\",\"position\":1,\"name\":\"Portada\",\"item\":\"https:\\\/\\\/ppdegalicia.com\\\/es\\\/\"},{\"@type\":\"ListItem\",\"position\":2,\"name\":\"O PPdeG critica que o patr\u00f3n maior de Rianxo \u201cutilice o seu posto na Confrar\u00eda para facer oposici\u00f3n \u00e1 Xunta, convertendo esta entidade nunha sucursal do PSOE\u201d\"}]},{\"@type\":\"WebSite\",\"@id\":\"https:\\\/\\\/ppdegalicia.com\\\/es\\\/#website\",\"url\":\"https:\\\/\\\/ppdegalicia.com\\\/es\\\/\",\"name\":\"Partido Popular de Galicia\",\"description\":\"Partido Popular de Galicia\",\"publisher\":{\"@id\":\"https:\\\/\\\/ppdegalicia.com\\\/es\\\/#organization\"},\"alternateName\":\"PP de Galicia\",\"potentialAction\":[{\"@type\":\"SearchAction\",\"target\":{\"@type\":\"EntryPoint\",\"urlTemplate\":\"https:\\\/\\\/ppdegalicia.com\\\/es\\\/?s={search_term_string}\"},\"query-input\":{\"@type\":\"PropertyValueSpecification\",\"valueRequired\":true,\"valueName\":\"search_term_string\"}}],\"inLanguage\":\"es\"},{\"@type\":\"Organization\",\"@id\":\"https:\\\/\\\/ppdegalicia.com\\\/es\\\/#organization\",\"name\":\"Partido Popular de Galicia\",\"alternateName\":\"PP de Galicia\",\"url\":\"https:\\\/\\\/ppdegalicia.com\\\/es\\\/\",\"logo\":{\"@type\":\"ImageObject\",\"inLanguage\":\"es\",\"@id\":\"https:\\\/\\\/ppdegalicia.com\\\/es\\\/#\\\/schema\\\/logo\\\/image\\\/\",\"url\":\"https:\\\/\\\/ppdegalicia.com\\\/wp-content\\\/uploads\\\/2023\\\/04\\\/logoPP512.png\",\"contentUrl\":\"https:\\\/\\\/ppdegalicia.com\\\/wp-content\\\/uploads\\\/2023\\\/04\\\/logoPP512.png\",\"width\":512,\"height\":512,\"caption\":\"Partido Popular de Galicia\"},\"image\":{\"@id\":\"https:\\\/\\\/ppdegalicia.com\\\/es\\\/#\\\/schema\\\/logo\\\/image\\\/\"},\"sameAs\":[\"https:\\\/\\\/www.instagram.com\\\/ppdegalicia\\\/\",\"https:\\\/\\\/x.com\\\/ppdegalicia\",\"https:\\\/\\\/www.tiktok.com\\\/@ppdegalicia\",\"https:\\\/\\\/www.youtube.com\\\/user\\\/ppdegalicia\"]},{\"@type\":\"Person\",\"@id\":\"https:\\\/\\\/ppdegalicia.com\\\/es\\\/#\\\/schema\\\/person\\\/5b822c6f59e872ebdd1142f307dbcb59\",\"name\":\"ppdegaliciaredes\",\"image\":{\"@type\":\"ImageObject\",\"inLanguage\":\"es\",\"@id\":\"https:\\\/\\\/secure.gravatar.com\\\/avatar\\\/3c9179cf0256d00c72a48d1f25783c58b6842cd56e85ef3a572881c8e28ccd59?s=96&d=mm&r=g\",\"url\":\"https:\\\/\\\/secure.gravatar.com\\\/avatar\\\/3c9179cf0256d00c72a48d1f25783c58b6842cd56e85ef3a572881c8e28ccd59?s=96&d=mm&r=g\",\"contentUrl\":\"https:\\\/\\\/secure.gravatar.com\\\/avatar\\\/3c9179cf0256d00c72a48d1f25783c58b6842cd56e85ef3a572881c8e28ccd59?s=96&d=mm&r=g\",\"caption\":\"ppdegaliciaredes\"},\"url\":\"https:\\\/\\\/ppdegalicia.com\\\/es\\\/author\\\/ppdegaliciaredes\\\/\"}]}<\/script>\n<!-- \/ Yoast SEO plugin. -->","yoast_head_json":{"title":"O PPdeG critica que o patr\u00f3n maior de Rianxo \u201cutilice o seu posto na Confrar\u00eda para facer oposici\u00f3n \u00e1 Xunta, convertendo esta entidade nunha sucursal do PSOE\u201d - PP de Galicia","description":"Os deputados do Grupo Popular Miguel Figalgo, Loli Hermelo, Manuel Santos e Magdalena P\u00e9rez criticaron hoxe que o patr\u00f3n maior de Rianxo \u201cutilice o seu posto na confrar\u00eda para facer oposici\u00f3n pol\u00edtica \u00e1 Xunta de Galicia e converter esta entidade nunha sucursal do PSOE\u201d.","robots":{"index":"index","follow":"follow","max-snippet":"max-snippet:-1","max-image-preview":"max-image-preview:large","max-video-preview":"max-video-preview:-1"},"canonical":"https:\/\/ppdegalicia.com\/es\/o-ppdeg-critica-que-o-patron-maior-de-rianxo-utilice-o-seu-posto-na-confraria-para-facer-oposicion-a-xunta-convertendo-esta-entidade-nunha-sucursal-do-psoe\/","og_locale":"es_ES","og_type":"article","og_title":"O PPdeG critica que o patr\u00f3n maior de Rianxo \u201cutilice o seu posto na Confrar\u00eda para facer oposici\u00f3n \u00e1 Xunta, convertendo esta entidade nunha sucursal do PSOE\u201d - PP de Galicia","og_description":"Os deputados do Grupo Popular Miguel Figalgo, Loli Hermelo, Manuel Santos e Magdalena P\u00e9rez criticaron hoxe que o patr\u00f3n maior de Rianxo \u201cutilice o seu posto na confrar\u00eda para facer oposici\u00f3n pol\u00edtica \u00e1 Xunta de Galicia e converter esta entidade nunha sucursal do PSOE\u201d.","og_url":"https:\/\/ppdegalicia.com\/es\/o-ppdeg-critica-que-o-patron-maior-de-rianxo-utilice-o-seu-posto-na-confraria-para-facer-oposicion-a-xunta-convertendo-esta-entidade-nunha-sucursal-do-psoe\/","og_site_name":"PP de Galicia","article_publisher":"https:\/\/www.instagram.com\/ppdegalicia\/","article_published_time":"2025-05-01T10:29:21+00:00","article_modified_time":"2025-05-02T09:44:09+00:00","og_image":[{"width":2560,"height":1707,"url":"https:\/\/ppdegalicia.com\/wp-content\/uploads\/2025\/05\/Miguel-Fidalgo-Loli-Hermelo-Manuel-Santos-e-Magdalena-Perez-co-portavoz-do-PP-de-Rianxo-scaled.jpg","type":"image\/jpeg"}],"author":"ppdegaliciaredes","twitter_card":"summary_large_image","twitter_creator":"@ppdegalicia","twitter_site":"@ppdegalicia","twitter_misc":{"Escrito por":"ppdegaliciaredes","Tiempo de lectura":"3 minutos"},"schema":{"@context":"https:\/\/schema.org","@graph":[{"@type":"Article","@id":"https:\/\/ppdegalicia.com\/es\/o-ppdeg-critica-que-o-patron-maior-de-rianxo-utilice-o-seu-posto-na-confraria-para-facer-oposicion-a-xunta-convertendo-esta-entidade-nunha-sucursal-do-psoe\/#article","isPartOf":{"@id":"https:\/\/ppdegalicia.com\/es\/o-ppdeg-critica-que-o-patron-maior-de-rianxo-utilice-o-seu-posto-na-confraria-para-facer-oposicion-a-xunta-convertendo-esta-entidade-nunha-sucursal-do-psoe\/"},"author":{"name":"ppdegaliciaredes","@id":"https:\/\/ppdegalicia.com\/es\/#\/schema\/person\/5b822c6f59e872ebdd1142f307dbcb59"},"headline":"O PPdeG critica que o patr\u00f3n maior de Rianxo \u201cutilice o seu posto na Confrar\u00eda para facer oposici\u00f3n \u00e1 Xunta, convertendo esta entidade nunha sucursal do PSOE\u201d","datePublished":"2025-05-01T10:29:21+00:00","dateModified":"2025-05-02T09:44:09+00:00","mainEntityOfPage":{"@id":"https:\/\/ppdegalicia.com\/es\/o-ppdeg-critica-que-o-patron-maior-de-rianxo-utilice-o-seu-posto-na-confraria-para-facer-oposicion-a-xunta-convertendo-esta-entidade-nunha-sucursal-do-psoe\/"},"wordCount":402,"publisher":{"@id":"https:\/\/ppdegalicia.com\/es\/#organization"},"image":{"@id":"https:\/\/ppdegalicia.com\/es\/o-ppdeg-critica-que-o-patron-maior-de-rianxo-utilice-o-seu-posto-na-confraria-para-facer-oposicion-a-xunta-convertendo-esta-entidade-nunha-sucursal-do-psoe\/#primaryimage"},"thumbnailUrl":"https:\/\/ppdegalicia.com\/wp-content\/uploads\/2025\/05\/Miguel-Fidalgo-Loli-Hermelo-Manuel-Santos-e-Magdalena-Perez-co-portavoz-do-PP-de-Rianxo-scaled.jpg","articleSection":["Parlamento de Galicia"],"inLanguage":"es"},{"@type":"WebPage","@id":"https:\/\/ppdegalicia.com\/es\/o-ppdeg-critica-que-o-patron-maior-de-rianxo-utilice-o-seu-posto-na-confraria-para-facer-oposicion-a-xunta-convertendo-esta-entidade-nunha-sucursal-do-psoe\/","url":"https:\/\/ppdegalicia.com\/es\/o-ppdeg-critica-que-o-patron-maior-de-rianxo-utilice-o-seu-posto-na-confraria-para-facer-oposicion-a-xunta-convertendo-esta-entidade-nunha-sucursal-do-psoe\/","name":"O PPdeG critica que o patr\u00f3n maior de Rianxo \u201cutilice o seu posto na Confrar\u00eda para facer oposici\u00f3n \u00e1 Xunta, convertendo esta entidade nunha sucursal do PSOE\u201d - PP de Galicia","isPartOf":{"@id":"https:\/\/ppdegalicia.com\/es\/#website"},"primaryImageOfPage":{"@id":"https:\/\/ppdegalicia.com\/es\/o-ppdeg-critica-que-o-patron-maior-de-rianxo-utilice-o-seu-posto-na-confraria-para-facer-oposicion-a-xunta-convertendo-esta-entidade-nunha-sucursal-do-psoe\/#primaryimage"},"image":{"@id":"https:\/\/ppdegalicia.com\/es\/o-ppdeg-critica-que-o-patron-maior-de-rianxo-utilice-o-seu-posto-na-confraria-para-facer-oposicion-a-xunta-convertendo-esta-entidade-nunha-sucursal-do-psoe\/#primaryimage"},"thumbnailUrl":"https:\/\/ppdegalicia.com\/wp-content\/uploads\/2025\/05\/Miguel-Fidalgo-Loli-Hermelo-Manuel-Santos-e-Magdalena-Perez-co-portavoz-do-PP-de-Rianxo-scaled.jpg","datePublished":"2025-05-01T10:29:21+00:00","dateModified":"2025-05-02T09:44:09+00:00","description":"Os deputados do Grupo Popular Miguel Figalgo, Loli Hermelo, Manuel Santos e Magdalena P\u00e9rez criticaron hoxe que o patr\u00f3n maior de Rianxo \u201cutilice o seu posto na confrar\u00eda para facer oposici\u00f3n pol\u00edtica \u00e1 Xunta de Galicia e converter esta entidade nunha sucursal do PSOE\u201d.","breadcrumb":{"@id":"https:\/\/ppdegalicia.com\/es\/o-ppdeg-critica-que-o-patron-maior-de-rianxo-utilice-o-seu-posto-na-confraria-para-facer-oposicion-a-xunta-convertendo-esta-entidade-nunha-sucursal-do-psoe\/#breadcrumb"},"inLanguage":"es","potentialAction":[{"@type":"ReadAction","target":["https:\/\/ppdegalicia.com\/es\/o-ppdeg-critica-que-o-patron-maior-de-rianxo-utilice-o-seu-posto-na-confraria-para-facer-oposicion-a-xunta-convertendo-esta-entidade-nunha-sucursal-do-psoe\/"]}]},{"@type":"ImageObject","inLanguage":"es","@id":"https:\/\/ppdegalicia.com\/es\/o-ppdeg-critica-que-o-patron-maior-de-rianxo-utilice-o-seu-posto-na-confraria-para-facer-oposicion-a-xunta-convertendo-esta-entidade-nunha-sucursal-do-psoe\/#primaryimage","url":"https:\/\/ppdegalicia.com\/wp-content\/uploads\/2025\/05\/Miguel-Fidalgo-Loli-Hermelo-Manuel-Santos-e-Magdalena-Perez-co-portavoz-do-PP-de-Rianxo-scaled.jpg","contentUrl":"https:\/\/ppdegalicia.com\/wp-content\/uploads\/2025\/05\/Miguel-Fidalgo-Loli-Hermelo-Manuel-Santos-e-Magdalena-Perez-co-portavoz-do-PP-de-Rianxo-scaled.jpg","width":2560,"height":1707},{"@type":"BreadcrumbList","@id":"https:\/\/ppdegalicia.com\/es\/o-ppdeg-critica-que-o-patron-maior-de-rianxo-utilice-o-seu-posto-na-confraria-para-facer-oposicion-a-xunta-convertendo-esta-entidade-nunha-sucursal-do-psoe\/#breadcrumb","itemListElement":[{"@type":"ListItem","position":1,"name":"Portada","item":"https:\/\/ppdegalicia.com\/es\/"},{"@type":"ListItem","position":2,"name":"O PPdeG critica que o patr\u00f3n maior de Rianxo \u201cutilice o seu posto na Confrar\u00eda para facer oposici\u00f3n \u00e1 Xunta, convertendo esta entidade nunha sucursal do PSOE\u201d"}]},{"@type":"WebSite","@id":"https:\/\/ppdegalicia.com\/es\/#website","url":"https:\/\/ppdegalicia.com\/es\/","name":"Partido Popular de Galicia","description":"Partido Popular de Galicia","publisher":{"@id":"https:\/\/ppdegalicia.com\/es\/#organization"},"alternateName":"PP de Galicia","potentialAction":[{"@type":"SearchAction","target":{"@type":"EntryPoint","urlTemplate":"https:\/\/ppdegalicia.com\/es\/?s={search_term_string}"},"query-input":{"@type":"PropertyValueSpecification","valueRequired":true,"valueName":"search_term_string"}}],"inLanguage":"es"},{"@type":"Organization","@id":"https:\/\/ppdegalicia.com\/es\/#organization","name":"Partido Popular de Galicia","alternateName":"PP de Galicia","url":"https:\/\/ppdegalicia.com\/es\/","logo":{"@type":"ImageObject","inLanguage":"es","@id":"https:\/\/ppdegalicia.com\/es\/#\/schema\/logo\/image\/","url":"https:\/\/ppdegalicia.com\/wp-content\/uploads\/2023\/04\/logoPP512.png","contentUrl":"https:\/\/ppdegalicia.com\/wp-content\/uploads\/2023\/04\/logoPP512.png","width":512,"height":512,"caption":"Partido Popular de Galicia"},"image":{"@id":"https:\/\/ppdegalicia.com\/es\/#\/schema\/logo\/image\/"},"sameAs":["https:\/\/www.instagram.com\/ppdegalicia\/","https:\/\/x.com\/ppdegalicia","https:\/\/www.tiktok.com\/@ppdegalicia","https:\/\/www.youtube.com\/user\/ppdegalicia"]},{"@type":"Person","@id":"https:\/\/ppdegalicia.com\/es\/#\/schema\/person\/5b822c6f59e872ebdd1142f307dbcb59","name":"ppdegaliciaredes","image":{"@type":"ImageObject","inLanguage":"es","@id":"https:\/\/secure.gravatar.com\/avatar\/3c9179cf0256d00c72a48d1f25783c58b6842cd56e85ef3a572881c8e28ccd59?s=96&d=mm&r=g","url":"https:\/\/secure.gravatar.com\/avatar\/3c9179cf0256d00c72a48d1f25783c58b6842cd56e85ef3a572881c8e28ccd59?s=96&d=mm&r=g","contentUrl":"https:\/\/secure.gravatar.com\/avatar\/3c9179cf0256d00c72a48d1f25783c58b6842cd56e85ef3a572881c8e28ccd59?s=96&d=mm&r=g","caption":"ppdegaliciaredes"},"url":"https:\/\/ppdegalicia.com\/es\/author\/ppdegaliciaredes\/"}]}},"_links":{"self":[{"href":"https:\/\/ppdegalicia.com\/es\/wp-json\/wp\/v2\/posts\/66796","targetHints":{"allow":["GET"]}}],"collection":[{"href":"https:\/\/ppdegalicia.com\/es\/wp-json\/wp\/v2\/posts"}],"about":[{"href":"https:\/\/ppdegalicia.com\/es\/wp-json\/wp\/v2\/types\/post"}],"author":[{"embeddable":true,"href":"https:\/\/ppdegalicia.com\/es\/wp-json\/wp\/v2\/users\/38"}],"replies":[{"embeddable":true,"href":"https:\/\/ppdegalicia.com\/es\/wp-json\/wp\/v2\/comments?post=66796"}],"version-history":[{"count":1,"href":"https:\/\/ppdegalicia.com\/es\/wp-json\/wp\/v2\/posts\/66796\/revisions"}],"predecessor-version":[{"id":66799,"href":"https:\/\/ppdegalicia.com\/es\/wp-json\/wp\/v2\/posts\/66796\/revisions\/66799"}],"wp:featuredmedia":[{"embeddable":true,"href":"https:\/\/ppdegalicia.com\/es\/wp-json\/wp\/v2\/media\/66797"}],"wp:attachment":[{"href":"https:\/\/ppdegalicia.com\/es\/wp-json\/wp\/v2\/media?parent=66796"}],"wp:term":[{"taxonomy":"category","embeddable":true,"href":"https:\/\/ppdegalicia.com\/es\/wp-json\/wp\/v2\/categories?post=66796"},{"taxonomy":"post_tag","embeddable":true,"href":"https:\/\/ppdegalicia.com\/es\/wp-json\/wp\/v2\/tags?post=66796"}],"curies":[{"name":"wp","href":"https:\/\/api.w.org\/{rel}","templated":true}]}}