{"id":66800,"date":"2025-04-30T17:30:49","date_gmt":"2025-04-30T16:30:49","guid":{"rendered":"https:\/\/ppdegalicia.com\/?p=66800"},"modified":"2025-05-02T10:46:48","modified_gmt":"2025-05-02T09:46:48","slug":"o-parlamento-de-galicia-solicita-ao-goberno-central-que-acade-o-1-do-pib-en-financiamento-as-universidades-no-2030","status":"publish","type":"post","link":"https:\/\/ppdegalicia.com\/es\/o-parlamento-de-galicia-solicita-ao-goberno-central-que-acade-o-1-do-pib-en-financiamento-as-universidades-no-2030\/","title":{"rendered":"O Parlamento de Galicia solicita ao Goberno central que acade o 1% do PIB en financiamento \u00e1s universidades no 2030"},"content":{"rendered":"<p>O Parlamento de Galicia aprobou hoxe a proposici\u00f3n non de lei do Grupo Popular, sen o voto favorable dos deputados do PSdeG, a trav\u00e9s da que se solicita ao Goberno central que participe de xeito claro no financiamento do Sistema P\u00fablico Universitario e, en consecuencia, na consecuci\u00f3n do obxectivo de acadar o 1 por cento do PIB en recursos p\u00fablicos as universidades no 2030. As\u00ed mesmo, p\u00eddese que calquera reforma que se realice no sistema universitario que afecte \u00e1s comunidades aut\u00f3nomas sexa en dialogo con elas e sempre trasladando os fondos necesarios para a aplicaci\u00f3n das medidas propostas.<\/p>\n<p>A portavoz popular de Educaci\u00f3n, Cecilia V\u00e1zquez, lembrou que \u201cen Galicia est\u00e1 operativo o Plan de financiamento universitario 2022-2026, a trav\u00e9s do que as universidades galegas reciben o maior apoio da historia ao mobilizarse arredor de 3.200 mill\u00f3ns de euros neste per\u00edodo, ao que se suman outras achegas adicionais como as vinculadas ao plan de infraestruturas universitarias\u201d.<\/p>\n<p><strong><u>RECIBIR O QUE NOS CORRESPONDE<\/u><\/strong><\/p>\n<p>\u201cSomos a primeira comunidade aut\u00f3noma que acada o 1 por cento do seu PIB en gasto na universidade p\u00fablica, cumprindo con moita antelaci\u00f3n un obxectivo fixado para o ano 2030 e mellorando o que marca a Lei de universidades estatal para o conxunto de axentes p\u00fablicos\u201d, destacou.<\/p>\n<p>Diante desta situaci\u00f3n, Cecilia V\u00e1zquez demandou que o Ministerio de Ciencia e Universidades \u201cpo\u00f1a dunha vez as cartas enriba da mesa e peche xa un plan para acadar ese 1 por cento do PIB en toda Espa\u00f1a\u201d, pero advertiu que \u201cnon imos permitir que ese plan prexudique a Galicia e sexa penalizada con menos financiamento estatal por ter cumprido xa co obxectivo do 1 por cento\u201d. \u201cSe hai un plan de financiamento estatal para as universidades para acadar ese 1 por cento do PIB, Galicia debe recibir o que lle corresponde consonte ao esforzo realizado e que nos permite estar hoxe onde estamos\u201d, indicou.<\/p>\n<p>Para rematar, a portavoz popular afirmou que \u201co Goberno central non est\u00e1 actuando conforme ao obxectivo fixado e deber\u00e1 incrementar o financiamento \u00e1s universidades, m\u00e1xime tendo en contra que o Goberno central elaborou e aprobou a norma que establece esta meta de xeito universal sen contar coa colaboraci\u00f3n das comunidades aut\u00f3nomas e sen o correspondente traslado de fondos para o desenvolvemento das medidas que recolle\u201d.<\/p>\n","protected":false},"excerpt":{"rendered":"<p>O Parlamento de Galicia aprobou hoxe a proposici\u00f3n non de lei do Grupo Popular, sen o voto favorable dos deputados do PSdeG, a trav\u00e9s da que se solicita ao Goberno central que participe de xeito claro no financiamento do Sistema P\u00fablico Universitario e, en consecuencia, na consecuci\u00f3n do obxectivo de acadar o 1 por cento [&hellip;]<\/p>\n","protected":false},"author":38,"featured_media":66801,"comment_status":"closed","ping_status":"open","sticky":false,"template":"","format":"standard","meta":{"_acf_changed":false,"footnotes":""},"categories":[1128],"tags":[],"class_list":["post-66800","post","type-post","status-publish","format-standard","has-post-thumbnail","hentry","category-actualidad-parlamento-de-galicia"],"acf":[],"yoast_head":"<!-- This site is optimized with the Yoast SEO plugin v27.3 - https:\/\/yoast.com\/product\/yoast-seo-wordpress\/ -->\n<title>O Parlamento de Galicia solicita ao Goberno central que acade o 1% do PIB en financiamento \u00e1s universidades no 2030 - PP de Galicia<\/title>\n<meta name=\"description\" content=\"O Parlamento de Galicia aprobou hoxe a proposici\u00f3n non de lei do Grupo Popular, sen o voto favorable dos deputados do PSdeG, a trav\u00e9s da que se solicita ao Goberno central que participe de xeito claro no financiamento do Sistema P\u00fablico Universitario e, en consecuencia, na consecuci\u00f3n do obxectivo de acadar o 1 por cento do PIB en recursos p\u00fablicos as universidades no 2030.\" \/>\n<meta name=\"robots\" content=\"index, follow, max-snippet:-1, max-image-preview:large, max-video-preview:-1\" \/>\n<link rel=\"canonical\" href=\"https:\/\/ppdegalicia.com\/es\/o-parlamento-de-galicia-solicita-ao-goberno-central-que-acade-o-1-do-pib-en-financiamento-as-universidades-no-2030\/\" \/>\n<meta property=\"og:locale\" content=\"es_ES\" \/>\n<meta property=\"og:type\" content=\"article\" \/>\n<meta property=\"og:title\" content=\"O Parlamento de Galicia solicita ao Goberno central que acade o 1% do PIB en financiamento \u00e1s universidades no 2030 - PP de Galicia\" \/>\n<meta property=\"og:description\" content=\"O Parlamento de Galicia aprobou hoxe a proposici\u00f3n non de lei do Grupo Popular, sen o voto favorable dos deputados do PSdeG, a trav\u00e9s da que se solicita ao Goberno central que participe de xeito claro no financiamento do Sistema P\u00fablico Universitario e, en consecuencia, na consecuci\u00f3n do obxectivo de acadar o 1 por cento do PIB en recursos p\u00fablicos as universidades no 2030.\" \/>\n<meta property=\"og:url\" content=\"https:\/\/ppdegalicia.com\/es\/o-parlamento-de-galicia-solicita-ao-goberno-central-que-acade-o-1-do-pib-en-financiamento-as-universidades-no-2030\/\" \/>\n<meta property=\"og:site_name\" content=\"PP de Galicia\" \/>\n<meta property=\"article:publisher\" content=\"https:\/\/www.instagram.com\/ppdegalicia\/\" \/>\n<meta property=\"article:published_time\" content=\"2025-04-30T16:30:49+00:00\" \/>\n<meta property=\"article:modified_time\" content=\"2025-05-02T09:46:48+00:00\" \/>\n<meta property=\"og:image\" content=\"https:\/\/ppdegalicia.com\/wp-content\/uploads\/2025\/05\/20250128_Pleno_Ordinario49-scaled.jpg\" \/>\n\t<meta property=\"og:image:width\" content=\"2560\" \/>\n\t<meta property=\"og:image:height\" content=\"1707\" \/>\n\t<meta property=\"og:image:type\" content=\"image\/jpeg\" \/>\n<meta name=\"author\" content=\"ppdegaliciaredes\" \/>\n<meta name=\"twitter:card\" content=\"summary_large_image\" \/>\n<meta name=\"twitter:creator\" content=\"@ppdegalicia\" \/>\n<meta name=\"twitter:site\" content=\"@ppdegalicia\" \/>\n<meta name=\"twitter:label1\" content=\"Escrito por\" \/>\n\t<meta name=\"twitter:data1\" content=\"ppdegaliciaredes\" \/>\n\t<meta name=\"twitter:label2\" content=\"Tiempo de lectura\" \/>\n\t<meta name=\"twitter:data2\" content=\"3 minutos\" \/>\n<script type=\"application\/ld+json\" class=\"yoast-schema-graph\">{\"@context\":\"https:\\\/\\\/schema.org\",\"@graph\":[{\"@type\":\"Article\",\"@id\":\"https:\\\/\\\/ppdegalicia.com\\\/es\\\/o-parlamento-de-galicia-solicita-ao-goberno-central-que-acade-o-1-do-pib-en-financiamento-as-universidades-no-2030\\\/#article\",\"isPartOf\":{\"@id\":\"https:\\\/\\\/ppdegalicia.com\\\/es\\\/o-parlamento-de-galicia-solicita-ao-goberno-central-que-acade-o-1-do-pib-en-financiamento-as-universidades-no-2030\\\/\"},\"author\":{\"name\":\"ppdegaliciaredes\",\"@id\":\"https:\\\/\\\/ppdegalicia.com\\\/es\\\/#\\\/schema\\\/person\\\/5b822c6f59e872ebdd1142f307dbcb59\"},\"headline\":\"O Parlamento de Galicia solicita ao Goberno central que acade o 1% do PIB en financiamento \u00e1s universidades no 2030\",\"datePublished\":\"2025-04-30T16:30:49+00:00\",\"dateModified\":\"2025-05-02T09:46:48+00:00\",\"mainEntityOfPage\":{\"@id\":\"https:\\\/\\\/ppdegalicia.com\\\/es\\\/o-parlamento-de-galicia-solicita-ao-goberno-central-que-acade-o-1-do-pib-en-financiamento-as-universidades-no-2030\\\/\"},\"wordCount\":410,\"publisher\":{\"@id\":\"https:\\\/\\\/ppdegalicia.com\\\/es\\\/#organization\"},\"image\":{\"@id\":\"https:\\\/\\\/ppdegalicia.com\\\/es\\\/o-parlamento-de-galicia-solicita-ao-goberno-central-que-acade-o-1-do-pib-en-financiamento-as-universidades-no-2030\\\/#primaryimage\"},\"thumbnailUrl\":\"https:\\\/\\\/ppdegalicia.com\\\/wp-content\\\/uploads\\\/2025\\\/05\\\/20250128_Pleno_Ordinario49-scaled.jpg\",\"articleSection\":[\"Parlamento de Galicia\"],\"inLanguage\":\"es\"},{\"@type\":\"WebPage\",\"@id\":\"https:\\\/\\\/ppdegalicia.com\\\/es\\\/o-parlamento-de-galicia-solicita-ao-goberno-central-que-acade-o-1-do-pib-en-financiamento-as-universidades-no-2030\\\/\",\"url\":\"https:\\\/\\\/ppdegalicia.com\\\/es\\\/o-parlamento-de-galicia-solicita-ao-goberno-central-que-acade-o-1-do-pib-en-financiamento-as-universidades-no-2030\\\/\",\"name\":\"O Parlamento de Galicia solicita ao Goberno central que acade o 1% do PIB en financiamento \u00e1s universidades no 2030 - PP de Galicia\",\"isPartOf\":{\"@id\":\"https:\\\/\\\/ppdegalicia.com\\\/es\\\/#website\"},\"primaryImageOfPage\":{\"@id\":\"https:\\\/\\\/ppdegalicia.com\\\/es\\\/o-parlamento-de-galicia-solicita-ao-goberno-central-que-acade-o-1-do-pib-en-financiamento-as-universidades-no-2030\\\/#primaryimage\"},\"image\":{\"@id\":\"https:\\\/\\\/ppdegalicia.com\\\/es\\\/o-parlamento-de-galicia-solicita-ao-goberno-central-que-acade-o-1-do-pib-en-financiamento-as-universidades-no-2030\\\/#primaryimage\"},\"thumbnailUrl\":\"https:\\\/\\\/ppdegalicia.com\\\/wp-content\\\/uploads\\\/2025\\\/05\\\/20250128_Pleno_Ordinario49-scaled.jpg\",\"datePublished\":\"2025-04-30T16:30:49+00:00\",\"dateModified\":\"2025-05-02T09:46:48+00:00\",\"description\":\"O Parlamento de Galicia aprobou hoxe a proposici\u00f3n non de lei do Grupo Popular, sen o voto favorable dos deputados do PSdeG, a trav\u00e9s da que se solicita ao Goberno central que participe de xeito claro no financiamento do Sistema P\u00fablico Universitario e, en consecuencia, na consecuci\u00f3n do obxectivo de acadar o 1 por cento do PIB en recursos p\u00fablicos as universidades no 2030.\",\"breadcrumb\":{\"@id\":\"https:\\\/\\\/ppdegalicia.com\\\/es\\\/o-parlamento-de-galicia-solicita-ao-goberno-central-que-acade-o-1-do-pib-en-financiamento-as-universidades-no-2030\\\/#breadcrumb\"},\"inLanguage\":\"es\",\"potentialAction\":[{\"@type\":\"ReadAction\",\"target\":[\"https:\\\/\\\/ppdegalicia.com\\\/es\\\/o-parlamento-de-galicia-solicita-ao-goberno-central-que-acade-o-1-do-pib-en-financiamento-as-universidades-no-2030\\\/\"]}]},{\"@type\":\"ImageObject\",\"inLanguage\":\"es\",\"@id\":\"https:\\\/\\\/ppdegalicia.com\\\/es\\\/o-parlamento-de-galicia-solicita-ao-goberno-central-que-acade-o-1-do-pib-en-financiamento-as-universidades-no-2030\\\/#primaryimage\",\"url\":\"https:\\\/\\\/ppdegalicia.com\\\/wp-content\\\/uploads\\\/2025\\\/05\\\/20250128_Pleno_Ordinario49-scaled.jpg\",\"contentUrl\":\"https:\\\/\\\/ppdegalicia.com\\\/wp-content\\\/uploads\\\/2025\\\/05\\\/20250128_Pleno_Ordinario49-scaled.jpg\",\"width\":2560,\"height\":1707},{\"@type\":\"BreadcrumbList\",\"@id\":\"https:\\\/\\\/ppdegalicia.com\\\/es\\\/o-parlamento-de-galicia-solicita-ao-goberno-central-que-acade-o-1-do-pib-en-financiamento-as-universidades-no-2030\\\/#breadcrumb\",\"itemListElement\":[{\"@type\":\"ListItem\",\"position\":1,\"name\":\"Portada\",\"item\":\"https:\\\/\\\/ppdegalicia.com\\\/es\\\/\"},{\"@type\":\"ListItem\",\"position\":2,\"name\":\"O Parlamento de Galicia solicita ao Goberno central que acade o 1% do PIB en financiamento \u00e1s universidades no 2030\"}]},{\"@type\":\"WebSite\",\"@id\":\"https:\\\/\\\/ppdegalicia.com\\\/es\\\/#website\",\"url\":\"https:\\\/\\\/ppdegalicia.com\\\/es\\\/\",\"name\":\"Partido Popular de Galicia\",\"description\":\"Partido Popular de Galicia\",\"publisher\":{\"@id\":\"https:\\\/\\\/ppdegalicia.com\\\/es\\\/#organization\"},\"alternateName\":\"PP de Galicia\",\"potentialAction\":[{\"@type\":\"SearchAction\",\"target\":{\"@type\":\"EntryPoint\",\"urlTemplate\":\"https:\\\/\\\/ppdegalicia.com\\\/es\\\/?s={search_term_string}\"},\"query-input\":{\"@type\":\"PropertyValueSpecification\",\"valueRequired\":true,\"valueName\":\"search_term_string\"}}],\"inLanguage\":\"es\"},{\"@type\":\"Organization\",\"@id\":\"https:\\\/\\\/ppdegalicia.com\\\/es\\\/#organization\",\"name\":\"Partido Popular de Galicia\",\"alternateName\":\"PP de Galicia\",\"url\":\"https:\\\/\\\/ppdegalicia.com\\\/es\\\/\",\"logo\":{\"@type\":\"ImageObject\",\"inLanguage\":\"es\",\"@id\":\"https:\\\/\\\/ppdegalicia.com\\\/es\\\/#\\\/schema\\\/logo\\\/image\\\/\",\"url\":\"https:\\\/\\\/ppdegalicia.com\\\/wp-content\\\/uploads\\\/2023\\\/04\\\/logoPP512.png\",\"contentUrl\":\"https:\\\/\\\/ppdegalicia.com\\\/wp-content\\\/uploads\\\/2023\\\/04\\\/logoPP512.png\",\"width\":512,\"height\":512,\"caption\":\"Partido Popular de Galicia\"},\"image\":{\"@id\":\"https:\\\/\\\/ppdegalicia.com\\\/es\\\/#\\\/schema\\\/logo\\\/image\\\/\"},\"sameAs\":[\"https:\\\/\\\/www.instagram.com\\\/ppdegalicia\\\/\",\"https:\\\/\\\/x.com\\\/ppdegalicia\",\"https:\\\/\\\/www.tiktok.com\\\/@ppdegalicia\",\"https:\\\/\\\/www.youtube.com\\\/user\\\/ppdegalicia\"]},{\"@type\":\"Person\",\"@id\":\"https:\\\/\\\/ppdegalicia.com\\\/es\\\/#\\\/schema\\\/person\\\/5b822c6f59e872ebdd1142f307dbcb59\",\"name\":\"ppdegaliciaredes\",\"image\":{\"@type\":\"ImageObject\",\"inLanguage\":\"es\",\"@id\":\"https:\\\/\\\/secure.gravatar.com\\\/avatar\\\/3c9179cf0256d00c72a48d1f25783c58b6842cd56e85ef3a572881c8e28ccd59?s=96&d=mm&r=g\",\"url\":\"https:\\\/\\\/secure.gravatar.com\\\/avatar\\\/3c9179cf0256d00c72a48d1f25783c58b6842cd56e85ef3a572881c8e28ccd59?s=96&d=mm&r=g\",\"contentUrl\":\"https:\\\/\\\/secure.gravatar.com\\\/avatar\\\/3c9179cf0256d00c72a48d1f25783c58b6842cd56e85ef3a572881c8e28ccd59?s=96&d=mm&r=g\",\"caption\":\"ppdegaliciaredes\"},\"url\":\"https:\\\/\\\/ppdegalicia.com\\\/es\\\/author\\\/ppdegaliciaredes\\\/\"}]}<\/script>\n<!-- \/ Yoast SEO plugin. -->","yoast_head_json":{"title":"O Parlamento de Galicia solicita ao Goberno central que acade o 1% do PIB en financiamento \u00e1s universidades no 2030 - PP de Galicia","description":"O Parlamento de Galicia aprobou hoxe a proposici\u00f3n non de lei do Grupo Popular, sen o voto favorable dos deputados do PSdeG, a trav\u00e9s da que se solicita ao Goberno central que participe de xeito claro no financiamento do Sistema P\u00fablico Universitario e, en consecuencia, na consecuci\u00f3n do obxectivo de acadar o 1 por cento do PIB en recursos p\u00fablicos as universidades no 2030.","robots":{"index":"index","follow":"follow","max-snippet":"max-snippet:-1","max-image-preview":"max-image-preview:large","max-video-preview":"max-video-preview:-1"},"canonical":"https:\/\/ppdegalicia.com\/es\/o-parlamento-de-galicia-solicita-ao-goberno-central-que-acade-o-1-do-pib-en-financiamento-as-universidades-no-2030\/","og_locale":"es_ES","og_type":"article","og_title":"O Parlamento de Galicia solicita ao Goberno central que acade o 1% do PIB en financiamento \u00e1s universidades no 2030 - PP de Galicia","og_description":"O Parlamento de Galicia aprobou hoxe a proposici\u00f3n non de lei do Grupo Popular, sen o voto favorable dos deputados do PSdeG, a trav\u00e9s da que se solicita ao Goberno central que participe de xeito claro no financiamento do Sistema P\u00fablico Universitario e, en consecuencia, na consecuci\u00f3n do obxectivo de acadar o 1 por cento do PIB en recursos p\u00fablicos as universidades no 2030.","og_url":"https:\/\/ppdegalicia.com\/es\/o-parlamento-de-galicia-solicita-ao-goberno-central-que-acade-o-1-do-pib-en-financiamento-as-universidades-no-2030\/","og_site_name":"PP de Galicia","article_publisher":"https:\/\/www.instagram.com\/ppdegalicia\/","article_published_time":"2025-04-30T16:30:49+00:00","article_modified_time":"2025-05-02T09:46:48+00:00","og_image":[{"width":2560,"height":1707,"url":"https:\/\/ppdegalicia.com\/wp-content\/uploads\/2025\/05\/20250128_Pleno_Ordinario49-scaled.jpg","type":"image\/jpeg"}],"author":"ppdegaliciaredes","twitter_card":"summary_large_image","twitter_creator":"@ppdegalicia","twitter_site":"@ppdegalicia","twitter_misc":{"Escrito por":"ppdegaliciaredes","Tiempo de lectura":"3 minutos"},"schema":{"@context":"https:\/\/schema.org","@graph":[{"@type":"Article","@id":"https:\/\/ppdegalicia.com\/es\/o-parlamento-de-galicia-solicita-ao-goberno-central-que-acade-o-1-do-pib-en-financiamento-as-universidades-no-2030\/#article","isPartOf":{"@id":"https:\/\/ppdegalicia.com\/es\/o-parlamento-de-galicia-solicita-ao-goberno-central-que-acade-o-1-do-pib-en-financiamento-as-universidades-no-2030\/"},"author":{"name":"ppdegaliciaredes","@id":"https:\/\/ppdegalicia.com\/es\/#\/schema\/person\/5b822c6f59e872ebdd1142f307dbcb59"},"headline":"O Parlamento de Galicia solicita ao Goberno central que acade o 1% do PIB en financiamento \u00e1s universidades no 2030","datePublished":"2025-04-30T16:30:49+00:00","dateModified":"2025-05-02T09:46:48+00:00","mainEntityOfPage":{"@id":"https:\/\/ppdegalicia.com\/es\/o-parlamento-de-galicia-solicita-ao-goberno-central-que-acade-o-1-do-pib-en-financiamento-as-universidades-no-2030\/"},"wordCount":410,"publisher":{"@id":"https:\/\/ppdegalicia.com\/es\/#organization"},"image":{"@id":"https:\/\/ppdegalicia.com\/es\/o-parlamento-de-galicia-solicita-ao-goberno-central-que-acade-o-1-do-pib-en-financiamento-as-universidades-no-2030\/#primaryimage"},"thumbnailUrl":"https:\/\/ppdegalicia.com\/wp-content\/uploads\/2025\/05\/20250128_Pleno_Ordinario49-scaled.jpg","articleSection":["Parlamento de Galicia"],"inLanguage":"es"},{"@type":"WebPage","@id":"https:\/\/ppdegalicia.com\/es\/o-parlamento-de-galicia-solicita-ao-goberno-central-que-acade-o-1-do-pib-en-financiamento-as-universidades-no-2030\/","url":"https:\/\/ppdegalicia.com\/es\/o-parlamento-de-galicia-solicita-ao-goberno-central-que-acade-o-1-do-pib-en-financiamento-as-universidades-no-2030\/","name":"O Parlamento de Galicia solicita ao Goberno central que acade o 1% do PIB en financiamento \u00e1s universidades no 2030 - PP de Galicia","isPartOf":{"@id":"https:\/\/ppdegalicia.com\/es\/#website"},"primaryImageOfPage":{"@id":"https:\/\/ppdegalicia.com\/es\/o-parlamento-de-galicia-solicita-ao-goberno-central-que-acade-o-1-do-pib-en-financiamento-as-universidades-no-2030\/#primaryimage"},"image":{"@id":"https:\/\/ppdegalicia.com\/es\/o-parlamento-de-galicia-solicita-ao-goberno-central-que-acade-o-1-do-pib-en-financiamento-as-universidades-no-2030\/#primaryimage"},"thumbnailUrl":"https:\/\/ppdegalicia.com\/wp-content\/uploads\/2025\/05\/20250128_Pleno_Ordinario49-scaled.jpg","datePublished":"2025-04-30T16:30:49+00:00","dateModified":"2025-05-02T09:46:48+00:00","description":"O Parlamento de Galicia aprobou hoxe a proposici\u00f3n non de lei do Grupo Popular, sen o voto favorable dos deputados do PSdeG, a trav\u00e9s da que se solicita ao Goberno central que participe de xeito claro no financiamento do Sistema P\u00fablico Universitario e, en consecuencia, na consecuci\u00f3n do obxectivo de acadar o 1 por cento do PIB en recursos p\u00fablicos as universidades no 2030.","breadcrumb":{"@id":"https:\/\/ppdegalicia.com\/es\/o-parlamento-de-galicia-solicita-ao-goberno-central-que-acade-o-1-do-pib-en-financiamento-as-universidades-no-2030\/#breadcrumb"},"inLanguage":"es","potentialAction":[{"@type":"ReadAction","target":["https:\/\/ppdegalicia.com\/es\/o-parlamento-de-galicia-solicita-ao-goberno-central-que-acade-o-1-do-pib-en-financiamento-as-universidades-no-2030\/"]}]},{"@type":"ImageObject","inLanguage":"es","@id":"https:\/\/ppdegalicia.com\/es\/o-parlamento-de-galicia-solicita-ao-goberno-central-que-acade-o-1-do-pib-en-financiamento-as-universidades-no-2030\/#primaryimage","url":"https:\/\/ppdegalicia.com\/wp-content\/uploads\/2025\/05\/20250128_Pleno_Ordinario49-scaled.jpg","contentUrl":"https:\/\/ppdegalicia.com\/wp-content\/uploads\/2025\/05\/20250128_Pleno_Ordinario49-scaled.jpg","width":2560,"height":1707},{"@type":"BreadcrumbList","@id":"https:\/\/ppdegalicia.com\/es\/o-parlamento-de-galicia-solicita-ao-goberno-central-que-acade-o-1-do-pib-en-financiamento-as-universidades-no-2030\/#breadcrumb","itemListElement":[{"@type":"ListItem","position":1,"name":"Portada","item":"https:\/\/ppdegalicia.com\/es\/"},{"@type":"ListItem","position":2,"name":"O Parlamento de Galicia solicita ao Goberno central que acade o 1% do PIB en financiamento \u00e1s universidades no 2030"}]},{"@type":"WebSite","@id":"https:\/\/ppdegalicia.com\/es\/#website","url":"https:\/\/ppdegalicia.com\/es\/","name":"Partido Popular de Galicia","description":"Partido Popular de Galicia","publisher":{"@id":"https:\/\/ppdegalicia.com\/es\/#organization"},"alternateName":"PP de Galicia","potentialAction":[{"@type":"SearchAction","target":{"@type":"EntryPoint","urlTemplate":"https:\/\/ppdegalicia.com\/es\/?s={search_term_string}"},"query-input":{"@type":"PropertyValueSpecification","valueRequired":true,"valueName":"search_term_string"}}],"inLanguage":"es"},{"@type":"Organization","@id":"https:\/\/ppdegalicia.com\/es\/#organization","name":"Partido Popular de Galicia","alternateName":"PP de Galicia","url":"https:\/\/ppdegalicia.com\/es\/","logo":{"@type":"ImageObject","inLanguage":"es","@id":"https:\/\/ppdegalicia.com\/es\/#\/schema\/logo\/image\/","url":"https:\/\/ppdegalicia.com\/wp-content\/uploads\/2023\/04\/logoPP512.png","contentUrl":"https:\/\/ppdegalicia.com\/wp-content\/uploads\/2023\/04\/logoPP512.png","width":512,"height":512,"caption":"Partido Popular de Galicia"},"image":{"@id":"https:\/\/ppdegalicia.com\/es\/#\/schema\/logo\/image\/"},"sameAs":["https:\/\/www.instagram.com\/ppdegalicia\/","https:\/\/x.com\/ppdegalicia","https:\/\/www.tiktok.com\/@ppdegalicia","https:\/\/www.youtube.com\/user\/ppdegalicia"]},{"@type":"Person","@id":"https:\/\/ppdegalicia.com\/es\/#\/schema\/person\/5b822c6f59e872ebdd1142f307dbcb59","name":"ppdegaliciaredes","image":{"@type":"ImageObject","inLanguage":"es","@id":"https:\/\/secure.gravatar.com\/avatar\/3c9179cf0256d00c72a48d1f25783c58b6842cd56e85ef3a572881c8e28ccd59?s=96&d=mm&r=g","url":"https:\/\/secure.gravatar.com\/avatar\/3c9179cf0256d00c72a48d1f25783c58b6842cd56e85ef3a572881c8e28ccd59?s=96&d=mm&r=g","contentUrl":"https:\/\/secure.gravatar.com\/avatar\/3c9179cf0256d00c72a48d1f25783c58b6842cd56e85ef3a572881c8e28ccd59?s=96&d=mm&r=g","caption":"ppdegaliciaredes"},"url":"https:\/\/ppdegalicia.com\/es\/author\/ppdegaliciaredes\/"}]}},"_links":{"self":[{"href":"https:\/\/ppdegalicia.com\/es\/wp-json\/wp\/v2\/posts\/66800","targetHints":{"allow":["GET"]}}],"collection":[{"href":"https:\/\/ppdegalicia.com\/es\/wp-json\/wp\/v2\/posts"}],"about":[{"href":"https:\/\/ppdegalicia.com\/es\/wp-json\/wp\/v2\/types\/post"}],"author":[{"embeddable":true,"href":"https:\/\/ppdegalicia.com\/es\/wp-json\/wp\/v2\/users\/38"}],"replies":[{"embeddable":true,"href":"https:\/\/ppdegalicia.com\/es\/wp-json\/wp\/v2\/comments?post=66800"}],"version-history":[{"count":1,"href":"https:\/\/ppdegalicia.com\/es\/wp-json\/wp\/v2\/posts\/66800\/revisions"}],"predecessor-version":[{"id":66803,"href":"https:\/\/ppdegalicia.com\/es\/wp-json\/wp\/v2\/posts\/66800\/revisions\/66803"}],"wp:featuredmedia":[{"embeddable":true,"href":"https:\/\/ppdegalicia.com\/es\/wp-json\/wp\/v2\/media\/66801"}],"wp:attachment":[{"href":"https:\/\/ppdegalicia.com\/es\/wp-json\/wp\/v2\/media?parent=66800"}],"wp:term":[{"taxonomy":"category","embeddable":true,"href":"https:\/\/ppdegalicia.com\/es\/wp-json\/wp\/v2\/categories?post=66800"},{"taxonomy":"post_tag","embeddable":true,"href":"https:\/\/ppdegalicia.com\/es\/wp-json\/wp\/v2\/tags?post=66800"}],"curies":[{"name":"wp","href":"https:\/\/api.w.org\/{rel}","templated":true}]}}