{"id":66804,"date":"2025-04-30T14:47:22","date_gmt":"2025-04-30T13:47:22","guid":{"rendered":"https:\/\/ppdegalicia.com\/?p=66804"},"modified":"2025-05-02T11:03:06","modified_gmt":"2025-05-02T10:03:06","slug":"o-parlamento-de-galicia-pide-ao-goberno-central-que-impulse-unha-nova-lei-do-patrimonio-cultural","status":"publish","type":"post","link":"https:\/\/ppdegalicia.com\/es\/o-parlamento-de-galicia-pide-ao-goberno-central-que-impulse-unha-nova-lei-do-patrimonio-cultural\/","title":{"rendered":"O Parlamento de Galicia pide ao Goberno central que impulse unha nova Lei do Patrimonio Cultural"},"content":{"rendered":"<p>O Parlamento de Galicia aprobou hoxe a proposici\u00f3n non de lei do Grupo Popular, que non contou co apoio de BNG nin de PSdeG, a trav\u00e9s da que se solicita ao Goberno central que impulse unha nova Lei do Patrimonio Cultural para modernizar e refundir a lexislaci\u00f3n vixente en materia de patrimonio, en colaboraci\u00f3n coa Comunidade galega, os concellos e as demais instituci\u00f3ns p\u00fablicas e privadas do sector.<\/p>\n<p>O deputado popular Jos\u00e9 Lu\u00eds Ferro lembrou que \u201co Goberno de Pedro S\u00e1nchez\u00a0 presentou en 2021 un anteproxecto da nova Lei de patrimonio cultural, da que o Goberno galego se posicionou en contra por varios motivos: invad\u00eda as competencias das comunidades aut\u00f3nomas, trataba de recuperar para o Estado funci\u00f3ns que non \u00e9 capaz de facer no d\u00eda a dia, e impo\u00f1\u00eda r\u00edxidos tr\u00e1mites burocr\u00e1ticos que dificultan a xesti\u00f3n do patrimonio e empeoran a atenci\u00f3n \u00e1 cidadan\u00eda\u201d.<\/p>\n<p>Por\u00e9n, criticou que \u201ceste Goberno de Espa\u00f1a non foi capaz de sacar adiante esta norma, que inclu\u00eda medidas que restaba eficacia e eficiencia \u00e1 xesti\u00f3n dos poderes p\u00fablicos en materia de patrimonio cultural, e que claramente invad\u00eda competencias auton\u00f3micas retrotra\u00e9ndose a un proceso centralizador xa superado pola madurez das competencias das autonom\u00edas\u201d.<\/p>\n<p><strong><u>RESPOSTAS E SEGURIDADE<\/u><\/strong><\/p>\n<p>\u201cGalicia e as entidades que te\u00f1en incidencia sobre o patrimonio precisan respostas e seguridade, porque non podemos estar pendentes dos cambios de opini\u00f3n de \u00faltima hora dun Goberno de Espa\u00f1a que amosa, d\u00eda si e d\u00eda tam\u00e9n, pouca capacidade de acci\u00f3n para as cousas importantes e moita celeridade cando se trata de manterse no poder a costa do que sexa\u201d, afirmou.<\/p>\n<p>Ferro demandou que o Goberno de Pedro S\u00e1nchez \u201creinicie as tarefas que deixou a medias e que se leve a cabo un debate con todos os actores p\u00fablicos e privados que protexen e promoven o co\u00f1ecemento do patrimonio cultural\u201d, porque indicou que \u201ca redacci\u00f3n do anteproxecto resulta hoxe moi xen\u00e9rica e d\u00e9bese adaptar ao moito que se evolucionou e se innovou, inclu\u00edndo asuntos que hai 40 anos non exist\u00edan\u201d.<\/p>\n<p>\u201cA creaci\u00f3n dunha nova Lei estatal de patrimonio cultural outorgar\u00eda a Galicia seguridade no exercicio das s\u00faas competencias\u201d, indicou o deputado popular, quen anotou que \u201cnecesitamos unha lei sinxela e unificadora, que non adultere a cultura, pois a protecci\u00f3n e promoci\u00f3n da nosa cultura debe ser o prioritario\u201d.<\/p>\n","protected":false},"excerpt":{"rendered":"<p>O Parlamento de Galicia aprobou hoxe a proposici\u00f3n non de lei do Grupo Popular, que non contou co apoio de BNG nin de PSdeG, a trav\u00e9s da que se solicita ao Goberno central que impulse unha nova Lei do Patrimonio Cultural para modernizar e refundir a lexislaci\u00f3n vixente en materia de patrimonio, en colaboraci\u00f3n coa [&hellip;]<\/p>\n","protected":false},"author":38,"featured_media":66805,"comment_status":"closed","ping_status":"open","sticky":false,"template":"","format":"standard","meta":{"_acf_changed":false,"footnotes":""},"categories":[1128],"tags":[],"class_list":["post-66804","post","type-post","status-publish","format-standard","has-post-thumbnail","hentry","category-actualidad-parlamento-de-galicia"],"acf":[],"yoast_head":"<!-- This site is optimized with the Yoast SEO plugin v27.3 - https:\/\/yoast.com\/product\/yoast-seo-wordpress\/ -->\n<title>O Parlamento de Galicia pide ao Goberno central que impulse unha nova Lei do Patrimonio Cultural - PP de Galicia<\/title>\n<meta name=\"description\" content=\"O Parlamento de Galicia aprobou hoxe a proposici\u00f3n non de lei do Grupo Popular, que non contou co apoio de BNG nin de PSdeG, a trav\u00e9s da que se solicita ao Goberno central que impulse unha nova Lei do Patrimonio Cultural para modernizar e refundir a lexislaci\u00f3n vixente en materia de patrimonio, en colaboraci\u00f3n coa Comunidade galega, os concellos e as demais instituci\u00f3ns p\u00fablicas e privadas do sector.\" \/>\n<meta name=\"robots\" content=\"index, follow, max-snippet:-1, max-image-preview:large, max-video-preview:-1\" \/>\n<link rel=\"canonical\" href=\"https:\/\/ppdegalicia.com\/es\/o-parlamento-de-galicia-pide-ao-goberno-central-que-impulse-unha-nova-lei-do-patrimonio-cultural\/\" \/>\n<meta property=\"og:locale\" content=\"es_ES\" \/>\n<meta property=\"og:type\" content=\"article\" \/>\n<meta property=\"og:title\" content=\"O Parlamento de Galicia pide ao Goberno central que impulse unha nova Lei do Patrimonio Cultural - PP de Galicia\" \/>\n<meta property=\"og:description\" content=\"O Parlamento de Galicia aprobou hoxe a proposici\u00f3n non de lei do Grupo Popular, que non contou co apoio de BNG nin de PSdeG, a trav\u00e9s da que se solicita ao Goberno central que impulse unha nova Lei do Patrimonio Cultural para modernizar e refundir a lexislaci\u00f3n vixente en materia de patrimonio, en colaboraci\u00f3n coa Comunidade galega, os concellos e as demais instituci\u00f3ns p\u00fablicas e privadas do sector.\" \/>\n<meta property=\"og:url\" content=\"https:\/\/ppdegalicia.com\/es\/o-parlamento-de-galicia-pide-ao-goberno-central-que-impulse-unha-nova-lei-do-patrimonio-cultural\/\" \/>\n<meta property=\"og:site_name\" content=\"PP de Galicia\" \/>\n<meta property=\"article:publisher\" content=\"https:\/\/www.instagram.com\/ppdegalicia\/\" \/>\n<meta property=\"article:published_time\" content=\"2025-04-30T13:47:22+00:00\" \/>\n<meta property=\"article:modified_time\" content=\"2025-05-02T10:03:06+00:00\" \/>\n<meta property=\"og:image\" content=\"https:\/\/ppdegalicia.com\/wp-content\/uploads\/2025\/05\/20250312_Pleno_Ordinario7-min-scaled.jpg\" \/>\n\t<meta property=\"og:image:width\" content=\"2560\" \/>\n\t<meta property=\"og:image:height\" content=\"1707\" \/>\n\t<meta property=\"og:image:type\" content=\"image\/jpeg\" \/>\n<meta name=\"author\" content=\"ppdegaliciaredes\" \/>\n<meta name=\"twitter:card\" content=\"summary_large_image\" \/>\n<meta name=\"twitter:creator\" content=\"@ppdegalicia\" \/>\n<meta name=\"twitter:site\" content=\"@ppdegalicia\" \/>\n<meta name=\"twitter:label1\" content=\"Escrito por\" \/>\n\t<meta name=\"twitter:data1\" content=\"ppdegaliciaredes\" \/>\n\t<meta name=\"twitter:label2\" content=\"Tiempo de lectura\" \/>\n\t<meta name=\"twitter:data2\" content=\"3 minutos\" \/>\n<script type=\"application\/ld+json\" class=\"yoast-schema-graph\">{\"@context\":\"https:\\\/\\\/schema.org\",\"@graph\":[{\"@type\":\"Article\",\"@id\":\"https:\\\/\\\/ppdegalicia.com\\\/es\\\/o-parlamento-de-galicia-pide-ao-goberno-central-que-impulse-unha-nova-lei-do-patrimonio-cultural\\\/#article\",\"isPartOf\":{\"@id\":\"https:\\\/\\\/ppdegalicia.com\\\/es\\\/o-parlamento-de-galicia-pide-ao-goberno-central-que-impulse-unha-nova-lei-do-patrimonio-cultural\\\/\"},\"author\":{\"name\":\"ppdegaliciaredes\",\"@id\":\"https:\\\/\\\/ppdegalicia.com\\\/es\\\/#\\\/schema\\\/person\\\/5b822c6f59e872ebdd1142f307dbcb59\"},\"headline\":\"O Parlamento de Galicia pide ao Goberno central que impulse unha nova Lei do Patrimonio Cultural\",\"datePublished\":\"2025-04-30T13:47:22+00:00\",\"dateModified\":\"2025-05-02T10:03:06+00:00\",\"mainEntityOfPage\":{\"@id\":\"https:\\\/\\\/ppdegalicia.com\\\/es\\\/o-parlamento-de-galicia-pide-ao-goberno-central-que-impulse-unha-nova-lei-do-patrimonio-cultural\\\/\"},\"wordCount\":436,\"publisher\":{\"@id\":\"https:\\\/\\\/ppdegalicia.com\\\/es\\\/#organization\"},\"image\":{\"@id\":\"https:\\\/\\\/ppdegalicia.com\\\/es\\\/o-parlamento-de-galicia-pide-ao-goberno-central-que-impulse-unha-nova-lei-do-patrimonio-cultural\\\/#primaryimage\"},\"thumbnailUrl\":\"https:\\\/\\\/ppdegalicia.com\\\/wp-content\\\/uploads\\\/2025\\\/05\\\/20250312_Pleno_Ordinario7-min-scaled.jpg\",\"articleSection\":[\"Parlamento de Galicia\"],\"inLanguage\":\"es\"},{\"@type\":\"WebPage\",\"@id\":\"https:\\\/\\\/ppdegalicia.com\\\/es\\\/o-parlamento-de-galicia-pide-ao-goberno-central-que-impulse-unha-nova-lei-do-patrimonio-cultural\\\/\",\"url\":\"https:\\\/\\\/ppdegalicia.com\\\/es\\\/o-parlamento-de-galicia-pide-ao-goberno-central-que-impulse-unha-nova-lei-do-patrimonio-cultural\\\/\",\"name\":\"O Parlamento de Galicia pide ao Goberno central que impulse unha nova Lei do Patrimonio Cultural - PP de Galicia\",\"isPartOf\":{\"@id\":\"https:\\\/\\\/ppdegalicia.com\\\/es\\\/#website\"},\"primaryImageOfPage\":{\"@id\":\"https:\\\/\\\/ppdegalicia.com\\\/es\\\/o-parlamento-de-galicia-pide-ao-goberno-central-que-impulse-unha-nova-lei-do-patrimonio-cultural\\\/#primaryimage\"},\"image\":{\"@id\":\"https:\\\/\\\/ppdegalicia.com\\\/es\\\/o-parlamento-de-galicia-pide-ao-goberno-central-que-impulse-unha-nova-lei-do-patrimonio-cultural\\\/#primaryimage\"},\"thumbnailUrl\":\"https:\\\/\\\/ppdegalicia.com\\\/wp-content\\\/uploads\\\/2025\\\/05\\\/20250312_Pleno_Ordinario7-min-scaled.jpg\",\"datePublished\":\"2025-04-30T13:47:22+00:00\",\"dateModified\":\"2025-05-02T10:03:06+00:00\",\"description\":\"O Parlamento de Galicia aprobou hoxe a proposici\u00f3n non de lei do Grupo Popular, que non contou co apoio de BNG nin de PSdeG, a trav\u00e9s da que se solicita ao Goberno central que impulse unha nova Lei do Patrimonio Cultural para modernizar e refundir a lexislaci\u00f3n vixente en materia de patrimonio, en colaboraci\u00f3n coa Comunidade galega, os concellos e as demais instituci\u00f3ns p\u00fablicas e privadas do sector.\",\"breadcrumb\":{\"@id\":\"https:\\\/\\\/ppdegalicia.com\\\/es\\\/o-parlamento-de-galicia-pide-ao-goberno-central-que-impulse-unha-nova-lei-do-patrimonio-cultural\\\/#breadcrumb\"},\"inLanguage\":\"es\",\"potentialAction\":[{\"@type\":\"ReadAction\",\"target\":[\"https:\\\/\\\/ppdegalicia.com\\\/es\\\/o-parlamento-de-galicia-pide-ao-goberno-central-que-impulse-unha-nova-lei-do-patrimonio-cultural\\\/\"]}]},{\"@type\":\"ImageObject\",\"inLanguage\":\"es\",\"@id\":\"https:\\\/\\\/ppdegalicia.com\\\/es\\\/o-parlamento-de-galicia-pide-ao-goberno-central-que-impulse-unha-nova-lei-do-patrimonio-cultural\\\/#primaryimage\",\"url\":\"https:\\\/\\\/ppdegalicia.com\\\/wp-content\\\/uploads\\\/2025\\\/05\\\/20250312_Pleno_Ordinario7-min-scaled.jpg\",\"contentUrl\":\"https:\\\/\\\/ppdegalicia.com\\\/wp-content\\\/uploads\\\/2025\\\/05\\\/20250312_Pleno_Ordinario7-min-scaled.jpg\",\"width\":2560,\"height\":1707},{\"@type\":\"BreadcrumbList\",\"@id\":\"https:\\\/\\\/ppdegalicia.com\\\/es\\\/o-parlamento-de-galicia-pide-ao-goberno-central-que-impulse-unha-nova-lei-do-patrimonio-cultural\\\/#breadcrumb\",\"itemListElement\":[{\"@type\":\"ListItem\",\"position\":1,\"name\":\"Portada\",\"item\":\"https:\\\/\\\/ppdegalicia.com\\\/es\\\/\"},{\"@type\":\"ListItem\",\"position\":2,\"name\":\"O Parlamento de Galicia pide ao Goberno central que impulse unha nova Lei do Patrimonio Cultural\"}]},{\"@type\":\"WebSite\",\"@id\":\"https:\\\/\\\/ppdegalicia.com\\\/es\\\/#website\",\"url\":\"https:\\\/\\\/ppdegalicia.com\\\/es\\\/\",\"name\":\"Partido Popular de Galicia\",\"description\":\"Partido Popular de Galicia\",\"publisher\":{\"@id\":\"https:\\\/\\\/ppdegalicia.com\\\/es\\\/#organization\"},\"alternateName\":\"PP de Galicia\",\"potentialAction\":[{\"@type\":\"SearchAction\",\"target\":{\"@type\":\"EntryPoint\",\"urlTemplate\":\"https:\\\/\\\/ppdegalicia.com\\\/es\\\/?s={search_term_string}\"},\"query-input\":{\"@type\":\"PropertyValueSpecification\",\"valueRequired\":true,\"valueName\":\"search_term_string\"}}],\"inLanguage\":\"es\"},{\"@type\":\"Organization\",\"@id\":\"https:\\\/\\\/ppdegalicia.com\\\/es\\\/#organization\",\"name\":\"Partido Popular de Galicia\",\"alternateName\":\"PP de Galicia\",\"url\":\"https:\\\/\\\/ppdegalicia.com\\\/es\\\/\",\"logo\":{\"@type\":\"ImageObject\",\"inLanguage\":\"es\",\"@id\":\"https:\\\/\\\/ppdegalicia.com\\\/es\\\/#\\\/schema\\\/logo\\\/image\\\/\",\"url\":\"https:\\\/\\\/ppdegalicia.com\\\/wp-content\\\/uploads\\\/2023\\\/04\\\/logoPP512.png\",\"contentUrl\":\"https:\\\/\\\/ppdegalicia.com\\\/wp-content\\\/uploads\\\/2023\\\/04\\\/logoPP512.png\",\"width\":512,\"height\":512,\"caption\":\"Partido Popular de Galicia\"},\"image\":{\"@id\":\"https:\\\/\\\/ppdegalicia.com\\\/es\\\/#\\\/schema\\\/logo\\\/image\\\/\"},\"sameAs\":[\"https:\\\/\\\/www.instagram.com\\\/ppdegalicia\\\/\",\"https:\\\/\\\/x.com\\\/ppdegalicia\",\"https:\\\/\\\/www.tiktok.com\\\/@ppdegalicia\",\"https:\\\/\\\/www.youtube.com\\\/user\\\/ppdegalicia\"]},{\"@type\":\"Person\",\"@id\":\"https:\\\/\\\/ppdegalicia.com\\\/es\\\/#\\\/schema\\\/person\\\/5b822c6f59e872ebdd1142f307dbcb59\",\"name\":\"ppdegaliciaredes\",\"image\":{\"@type\":\"ImageObject\",\"inLanguage\":\"es\",\"@id\":\"https:\\\/\\\/secure.gravatar.com\\\/avatar\\\/3c9179cf0256d00c72a48d1f25783c58b6842cd56e85ef3a572881c8e28ccd59?s=96&d=mm&r=g\",\"url\":\"https:\\\/\\\/secure.gravatar.com\\\/avatar\\\/3c9179cf0256d00c72a48d1f25783c58b6842cd56e85ef3a572881c8e28ccd59?s=96&d=mm&r=g\",\"contentUrl\":\"https:\\\/\\\/secure.gravatar.com\\\/avatar\\\/3c9179cf0256d00c72a48d1f25783c58b6842cd56e85ef3a572881c8e28ccd59?s=96&d=mm&r=g\",\"caption\":\"ppdegaliciaredes\"},\"url\":\"https:\\\/\\\/ppdegalicia.com\\\/es\\\/author\\\/ppdegaliciaredes\\\/\"}]}<\/script>\n<!-- \/ Yoast SEO plugin. -->","yoast_head_json":{"title":"O Parlamento de Galicia pide ao Goberno central que impulse unha nova Lei do Patrimonio Cultural - PP de Galicia","description":"O Parlamento de Galicia aprobou hoxe a proposici\u00f3n non de lei do Grupo Popular, que non contou co apoio de BNG nin de PSdeG, a trav\u00e9s da que se solicita ao Goberno central que impulse unha nova Lei do Patrimonio Cultural para modernizar e refundir a lexislaci\u00f3n vixente en materia de patrimonio, en colaboraci\u00f3n coa Comunidade galega, os concellos e as demais instituci\u00f3ns p\u00fablicas e privadas do sector.","robots":{"index":"index","follow":"follow","max-snippet":"max-snippet:-1","max-image-preview":"max-image-preview:large","max-video-preview":"max-video-preview:-1"},"canonical":"https:\/\/ppdegalicia.com\/es\/o-parlamento-de-galicia-pide-ao-goberno-central-que-impulse-unha-nova-lei-do-patrimonio-cultural\/","og_locale":"es_ES","og_type":"article","og_title":"O Parlamento de Galicia pide ao Goberno central que impulse unha nova Lei do Patrimonio Cultural - PP de Galicia","og_description":"O Parlamento de Galicia aprobou hoxe a proposici\u00f3n non de lei do Grupo Popular, que non contou co apoio de BNG nin de PSdeG, a trav\u00e9s da que se solicita ao Goberno central que impulse unha nova Lei do Patrimonio Cultural para modernizar e refundir a lexislaci\u00f3n vixente en materia de patrimonio, en colaboraci\u00f3n coa Comunidade galega, os concellos e as demais instituci\u00f3ns p\u00fablicas e privadas do sector.","og_url":"https:\/\/ppdegalicia.com\/es\/o-parlamento-de-galicia-pide-ao-goberno-central-que-impulse-unha-nova-lei-do-patrimonio-cultural\/","og_site_name":"PP de Galicia","article_publisher":"https:\/\/www.instagram.com\/ppdegalicia\/","article_published_time":"2025-04-30T13:47:22+00:00","article_modified_time":"2025-05-02T10:03:06+00:00","og_image":[{"width":2560,"height":1707,"url":"https:\/\/ppdegalicia.com\/wp-content\/uploads\/2025\/05\/20250312_Pleno_Ordinario7-min-scaled.jpg","type":"image\/jpeg"}],"author":"ppdegaliciaredes","twitter_card":"summary_large_image","twitter_creator":"@ppdegalicia","twitter_site":"@ppdegalicia","twitter_misc":{"Escrito por":"ppdegaliciaredes","Tiempo de lectura":"3 minutos"},"schema":{"@context":"https:\/\/schema.org","@graph":[{"@type":"Article","@id":"https:\/\/ppdegalicia.com\/es\/o-parlamento-de-galicia-pide-ao-goberno-central-que-impulse-unha-nova-lei-do-patrimonio-cultural\/#article","isPartOf":{"@id":"https:\/\/ppdegalicia.com\/es\/o-parlamento-de-galicia-pide-ao-goberno-central-que-impulse-unha-nova-lei-do-patrimonio-cultural\/"},"author":{"name":"ppdegaliciaredes","@id":"https:\/\/ppdegalicia.com\/es\/#\/schema\/person\/5b822c6f59e872ebdd1142f307dbcb59"},"headline":"O Parlamento de Galicia pide ao Goberno central que impulse unha nova Lei do Patrimonio Cultural","datePublished":"2025-04-30T13:47:22+00:00","dateModified":"2025-05-02T10:03:06+00:00","mainEntityOfPage":{"@id":"https:\/\/ppdegalicia.com\/es\/o-parlamento-de-galicia-pide-ao-goberno-central-que-impulse-unha-nova-lei-do-patrimonio-cultural\/"},"wordCount":436,"publisher":{"@id":"https:\/\/ppdegalicia.com\/es\/#organization"},"image":{"@id":"https:\/\/ppdegalicia.com\/es\/o-parlamento-de-galicia-pide-ao-goberno-central-que-impulse-unha-nova-lei-do-patrimonio-cultural\/#primaryimage"},"thumbnailUrl":"https:\/\/ppdegalicia.com\/wp-content\/uploads\/2025\/05\/20250312_Pleno_Ordinario7-min-scaled.jpg","articleSection":["Parlamento de Galicia"],"inLanguage":"es"},{"@type":"WebPage","@id":"https:\/\/ppdegalicia.com\/es\/o-parlamento-de-galicia-pide-ao-goberno-central-que-impulse-unha-nova-lei-do-patrimonio-cultural\/","url":"https:\/\/ppdegalicia.com\/es\/o-parlamento-de-galicia-pide-ao-goberno-central-que-impulse-unha-nova-lei-do-patrimonio-cultural\/","name":"O Parlamento de Galicia pide ao Goberno central que impulse unha nova Lei do Patrimonio Cultural - PP de Galicia","isPartOf":{"@id":"https:\/\/ppdegalicia.com\/es\/#website"},"primaryImageOfPage":{"@id":"https:\/\/ppdegalicia.com\/es\/o-parlamento-de-galicia-pide-ao-goberno-central-que-impulse-unha-nova-lei-do-patrimonio-cultural\/#primaryimage"},"image":{"@id":"https:\/\/ppdegalicia.com\/es\/o-parlamento-de-galicia-pide-ao-goberno-central-que-impulse-unha-nova-lei-do-patrimonio-cultural\/#primaryimage"},"thumbnailUrl":"https:\/\/ppdegalicia.com\/wp-content\/uploads\/2025\/05\/20250312_Pleno_Ordinario7-min-scaled.jpg","datePublished":"2025-04-30T13:47:22+00:00","dateModified":"2025-05-02T10:03:06+00:00","description":"O Parlamento de Galicia aprobou hoxe a proposici\u00f3n non de lei do Grupo Popular, que non contou co apoio de BNG nin de PSdeG, a trav\u00e9s da que se solicita ao Goberno central que impulse unha nova Lei do Patrimonio Cultural para modernizar e refundir a lexislaci\u00f3n vixente en materia de patrimonio, en colaboraci\u00f3n coa Comunidade galega, os concellos e as demais instituci\u00f3ns p\u00fablicas e privadas do sector.","breadcrumb":{"@id":"https:\/\/ppdegalicia.com\/es\/o-parlamento-de-galicia-pide-ao-goberno-central-que-impulse-unha-nova-lei-do-patrimonio-cultural\/#breadcrumb"},"inLanguage":"es","potentialAction":[{"@type":"ReadAction","target":["https:\/\/ppdegalicia.com\/es\/o-parlamento-de-galicia-pide-ao-goberno-central-que-impulse-unha-nova-lei-do-patrimonio-cultural\/"]}]},{"@type":"ImageObject","inLanguage":"es","@id":"https:\/\/ppdegalicia.com\/es\/o-parlamento-de-galicia-pide-ao-goberno-central-que-impulse-unha-nova-lei-do-patrimonio-cultural\/#primaryimage","url":"https:\/\/ppdegalicia.com\/wp-content\/uploads\/2025\/05\/20250312_Pleno_Ordinario7-min-scaled.jpg","contentUrl":"https:\/\/ppdegalicia.com\/wp-content\/uploads\/2025\/05\/20250312_Pleno_Ordinario7-min-scaled.jpg","width":2560,"height":1707},{"@type":"BreadcrumbList","@id":"https:\/\/ppdegalicia.com\/es\/o-parlamento-de-galicia-pide-ao-goberno-central-que-impulse-unha-nova-lei-do-patrimonio-cultural\/#breadcrumb","itemListElement":[{"@type":"ListItem","position":1,"name":"Portada","item":"https:\/\/ppdegalicia.com\/es\/"},{"@type":"ListItem","position":2,"name":"O Parlamento de Galicia pide ao Goberno central que impulse unha nova Lei do Patrimonio Cultural"}]},{"@type":"WebSite","@id":"https:\/\/ppdegalicia.com\/es\/#website","url":"https:\/\/ppdegalicia.com\/es\/","name":"Partido Popular de Galicia","description":"Partido Popular de Galicia","publisher":{"@id":"https:\/\/ppdegalicia.com\/es\/#organization"},"alternateName":"PP de Galicia","potentialAction":[{"@type":"SearchAction","target":{"@type":"EntryPoint","urlTemplate":"https:\/\/ppdegalicia.com\/es\/?s={search_term_string}"},"query-input":{"@type":"PropertyValueSpecification","valueRequired":true,"valueName":"search_term_string"}}],"inLanguage":"es"},{"@type":"Organization","@id":"https:\/\/ppdegalicia.com\/es\/#organization","name":"Partido Popular de Galicia","alternateName":"PP de Galicia","url":"https:\/\/ppdegalicia.com\/es\/","logo":{"@type":"ImageObject","inLanguage":"es","@id":"https:\/\/ppdegalicia.com\/es\/#\/schema\/logo\/image\/","url":"https:\/\/ppdegalicia.com\/wp-content\/uploads\/2023\/04\/logoPP512.png","contentUrl":"https:\/\/ppdegalicia.com\/wp-content\/uploads\/2023\/04\/logoPP512.png","width":512,"height":512,"caption":"Partido Popular de Galicia"},"image":{"@id":"https:\/\/ppdegalicia.com\/es\/#\/schema\/logo\/image\/"},"sameAs":["https:\/\/www.instagram.com\/ppdegalicia\/","https:\/\/x.com\/ppdegalicia","https:\/\/www.tiktok.com\/@ppdegalicia","https:\/\/www.youtube.com\/user\/ppdegalicia"]},{"@type":"Person","@id":"https:\/\/ppdegalicia.com\/es\/#\/schema\/person\/5b822c6f59e872ebdd1142f307dbcb59","name":"ppdegaliciaredes","image":{"@type":"ImageObject","inLanguage":"es","@id":"https:\/\/secure.gravatar.com\/avatar\/3c9179cf0256d00c72a48d1f25783c58b6842cd56e85ef3a572881c8e28ccd59?s=96&d=mm&r=g","url":"https:\/\/secure.gravatar.com\/avatar\/3c9179cf0256d00c72a48d1f25783c58b6842cd56e85ef3a572881c8e28ccd59?s=96&d=mm&r=g","contentUrl":"https:\/\/secure.gravatar.com\/avatar\/3c9179cf0256d00c72a48d1f25783c58b6842cd56e85ef3a572881c8e28ccd59?s=96&d=mm&r=g","caption":"ppdegaliciaredes"},"url":"https:\/\/ppdegalicia.com\/es\/author\/ppdegaliciaredes\/"}]}},"_links":{"self":[{"href":"https:\/\/ppdegalicia.com\/es\/wp-json\/wp\/v2\/posts\/66804","targetHints":{"allow":["GET"]}}],"collection":[{"href":"https:\/\/ppdegalicia.com\/es\/wp-json\/wp\/v2\/posts"}],"about":[{"href":"https:\/\/ppdegalicia.com\/es\/wp-json\/wp\/v2\/types\/post"}],"author":[{"embeddable":true,"href":"https:\/\/ppdegalicia.com\/es\/wp-json\/wp\/v2\/users\/38"}],"replies":[{"embeddable":true,"href":"https:\/\/ppdegalicia.com\/es\/wp-json\/wp\/v2\/comments?post=66804"}],"version-history":[{"count":1,"href":"https:\/\/ppdegalicia.com\/es\/wp-json\/wp\/v2\/posts\/66804\/revisions"}],"predecessor-version":[{"id":66807,"href":"https:\/\/ppdegalicia.com\/es\/wp-json\/wp\/v2\/posts\/66804\/revisions\/66807"}],"wp:featuredmedia":[{"embeddable":true,"href":"https:\/\/ppdegalicia.com\/es\/wp-json\/wp\/v2\/media\/66805"}],"wp:attachment":[{"href":"https:\/\/ppdegalicia.com\/es\/wp-json\/wp\/v2\/media?parent=66804"}],"wp:term":[{"taxonomy":"category","embeddable":true,"href":"https:\/\/ppdegalicia.com\/es\/wp-json\/wp\/v2\/categories?post=66804"},{"taxonomy":"post_tag","embeddable":true,"href":"https:\/\/ppdegalicia.com\/es\/wp-json\/wp\/v2\/tags?post=66804"}],"curies":[{"name":"wp","href":"https:\/\/api.w.org\/{rel}","templated":true}]}}