{"id":66836,"date":"2025-05-03T10:09:29","date_gmt":"2025-05-03T09:09:29","guid":{"rendered":"https:\/\/ppdegalicia.com\/?p=66836"},"modified":"2025-05-05T10:10:21","modified_gmt":"2025-05-05T09:10:21","slug":"angeles-vazquez-traslada-a-europa-a-preocupacion-de-que-o-goberno-central-ainda-non-contara-con-galicia-para-o-fondo-social-para-o-clima-que-reparte-9-000-me","status":"publish","type":"post","link":"https:\/\/ppdegalicia.com\/es\/angeles-vazquez-traslada-a-europa-a-preocupacion-de-que-o-goberno-central-ainda-non-contara-con-galicia-para-o-fondo-social-para-o-clima-que-reparte-9-000-me\/","title":{"rendered":"\u00c1ngeles V\u00e1zquez traslada a Europa a \u201cpreocupaci\u00f3n\u201d de que o Goberno central a\u00ednda non contara con Galicia para o Fondo Social para o Clima, que reparte 9.000 M\u20ac"},"content":{"rendered":"<p>A responsable de Medio Ambiente e Cambio Clim\u00e1tico do Goberno galego, \u00c1ngeles V\u00e1zquez, trasladou esta semana a Dolors Montserrat, vicepresidenta da Comisi\u00f3n de Petici\u00f3ns e membro da Comisi\u00f3n de Medio Ambiente, a s\u00faa \u201cm\u00e1xima preocupaci\u00f3n\u201d polo feito de que o Goberno de Espa\u00f1a a\u00ednda non contara con Galicia para o Fondo Social para o Clima, que reparte un total de 9.000 mill\u00f3ns de euros de fondos comunitarios.<\/p>\n<p>\u00c1ngeles V\u00e1zquez, no marco do Congreso do EPP celebrado en Valencia, reivindicou ante a nova secretaria xeral dos populares europeos o papel protagonista que lles corresponde \u00e1s autonom\u00edas no acceso \u00e1s axudas contidas no Fondo Social para o Clima, e criticou que o Goberno central a\u00ednda non facilitara a Galicia ning\u00fan texto, a pesar de que a Comisi\u00f3n Europea insta aos Estados Membros a permitir a participaci\u00f3n das rexi\u00f3ns.<\/p>\n<p>\u201cExiximos que se lle obrigue ao Goberno espa\u00f1ol a que nos traslade o texto e saibamos de primeira man onde quere facer a inversi\u00f3n destes fondos europeos\u201d, reclamou, sobre unha iniciativa de grande envergadura, dado que ten previsto mobilizar ao redor de 86.700 mill\u00f3ns de euros de financiamento p\u00fablico durante o per\u00edodo 2026-2032. No caso de Espa\u00f1a, corresp\u00f3ndenlle 9.000 mill\u00f3ns.<\/p>\n<p>Os fondos proceden das poxas do R\u00e9xime de Comercio de Dereitos de Emisi\u00f3n e dos Estados membros, que deber\u00e1n cofinanciar o programa nun 25% a trav\u00e9s dos seus Plans Sociais polo Clima.<\/p>\n<p>Se ben son os Estados Membros os que deben presentar os plans, est\u00e1 previsto desenvolver unha consulta p\u00fablica previa, na que as autoridades locais e rexionais han de ter voz para identificar as medidas e investimentos que consideran m\u00e1is axeitados para desenvolver nos seus territorios. O prazo remata a finais do mes de xu\u00f1o: \u201cD\u00e1nos a impresi\u00f3n de que non se vai cumprir o mandato de facilitar a documentaci\u00f3n as rexi\u00f3ns\u201d, alertou \u00c1ngeles V\u00e1zquez a Dolors Montserrat.<\/p>\n<p>A responsable de Medio Ambiente do Goberno galego remarcou que o Executivo central debe permitir que as comunidades marquen as s\u00faas prioridades, seguindo os preceptos que establece Europa. Un dos factores que Galicia considera primordial, polas s\u00faas caracter\u00edsticas, \u00e9 a atenci\u00f3n \u00e1 dispersi\u00f3n da poboaci\u00f3n. Pero o Goberno central \u201camosa unha vez m\u00e1is o pobre concepto que ten da cogobernanza\u201d, deso\u00edndo ademais, neste caso, o mandato da Comisi\u00f3n Europea, que foi \u201cmoi clara\u201d ao respecto.<\/p>\n<p>Galicia, lembra a conselleira, xa formulou a finais de marzo as pertinentes aportaci\u00f3ns na fase de consulta p\u00fablica previa. O Fondo Social para o Clima \u2014que forma parte do paquete lexislativo Fit for 55 que implementa o Pacto Verde Europeo\u2014 sup\u00f3n unha destacada contribuci\u00f3n para acadar os obxectivos clim\u00e1ticos fixados pola Comisi\u00f3n Europea de cara a 2030: as li\u00f1as nas que se artella son descarbonizar o sector do transporte, mellorar o rendemento medioambiental e enerx\u00e9tico dos edificios, combater a pobreza enerx\u00e9tica e apoiar o crecemento econ\u00f3mico sostible, creando emprego verde.<\/p>\n","protected":false},"excerpt":{"rendered":"<p>A responsable de Medio Ambiente e Cambio Clim\u00e1tico do Goberno galego, \u00c1ngeles V\u00e1zquez, trasladou esta semana a Dolors Montserrat, vicepresidenta da Comisi\u00f3n de Petici\u00f3ns e membro da Comisi\u00f3n de Medio Ambiente, a s\u00faa \u201cm\u00e1xima preocupaci\u00f3n\u201d polo feito de que o Goberno de Espa\u00f1a a\u00ednda non contara con Galicia para o Fondo Social para o Clima, [&hellip;]<\/p>\n","protected":false},"author":38,"featured_media":66825,"comment_status":"closed","ping_status":"open","sticky":false,"template":"","format":"standard","meta":{"_acf_changed":false,"footnotes":""},"categories":[1],"tags":[],"class_list":["post-66836","post","type-post","status-publish","format-standard","has-post-thumbnail","hentry","category-pp-de-galicia"],"acf":[],"yoast_head":"<!-- This site is optimized with the Yoast SEO plugin v27.3 - https:\/\/yoast.com\/product\/yoast-seo-wordpress\/ -->\n<title>\u00c1ngeles V\u00e1zquez traslada a Europa a \u201cpreocupaci\u00f3n\u201d de que o Goberno central a\u00ednda non contara con Galicia para o Fondo Social para o Clima, que reparte 9.000 M\u20ac - PP de Galicia<\/title>\n<meta name=\"description\" content=\"A responsable de Medio Ambiente e Cambio Clim\u00e1tico do Goberno galego, \u00c1ngeles V\u00e1zquez, trasladou esta semana a Dolors Montserrat, vicepresidenta da Comisi\u00f3n de Petici\u00f3ns e membro da Comisi\u00f3n de Medio Ambiente, a s\u00faa \u201cm\u00e1xima preocupaci\u00f3n\u201d polo feito de que o Goberno de Espa\u00f1a a\u00ednda non contara con Galicia para o Fondo Social para o Clima, que reparte un total de 9.000 mill\u00f3ns de euros de fondos comunitarios.\" \/>\n<meta name=\"robots\" content=\"index, follow, max-snippet:-1, max-image-preview:large, max-video-preview:-1\" \/>\n<link rel=\"canonical\" href=\"https:\/\/ppdegalicia.com\/es\/angeles-vazquez-traslada-a-europa-a-preocupacion-de-que-o-goberno-central-ainda-non-contara-con-galicia-para-o-fondo-social-para-o-clima-que-reparte-9-000-me\/\" \/>\n<meta property=\"og:locale\" content=\"es_ES\" \/>\n<meta property=\"og:type\" content=\"article\" \/>\n<meta property=\"og:title\" content=\"\u00c1ngeles V\u00e1zquez traslada a Europa a \u201cpreocupaci\u00f3n\u201d de que o Goberno central a\u00ednda non contara con Galicia para o Fondo Social para o Clima, que reparte 9.000 M\u20ac - PP de Galicia\" \/>\n<meta property=\"og:description\" content=\"A responsable de Medio Ambiente e Cambio Clim\u00e1tico do Goberno galego, \u00c1ngeles V\u00e1zquez, trasladou esta semana a Dolors Montserrat, vicepresidenta da Comisi\u00f3n de Petici\u00f3ns e membro da Comisi\u00f3n de Medio Ambiente, a s\u00faa \u201cm\u00e1xima preocupaci\u00f3n\u201d polo feito de que o Goberno de Espa\u00f1a a\u00ednda non contara con Galicia para o Fondo Social para o Clima, que reparte un total de 9.000 mill\u00f3ns de euros de fondos comunitarios.\" \/>\n<meta property=\"og:url\" content=\"https:\/\/ppdegalicia.com\/es\/angeles-vazquez-traslada-a-europa-a-preocupacion-de-que-o-goberno-central-ainda-non-contara-con-galicia-para-o-fondo-social-para-o-clima-que-reparte-9-000-me\/\" \/>\n<meta property=\"og:site_name\" content=\"PP de Galicia\" \/>\n<meta property=\"article:publisher\" content=\"https:\/\/www.instagram.com\/ppdegalicia\/\" \/>\n<meta property=\"article:published_time\" content=\"2025-05-03T09:09:29+00:00\" \/>\n<meta property=\"article:modified_time\" content=\"2025-05-05T09:10:21+00:00\" \/>\n<meta property=\"og:image\" content=\"https:\/\/ppdegalicia.com\/wp-content\/uploads\/2025\/05\/20250503_AngelesVazquez_DolorsMontserrat_EPPCongress-scaled.jpg\" \/>\n\t<meta property=\"og:image:width\" content=\"2560\" \/>\n\t<meta property=\"og:image:height\" content=\"1707\" \/>\n\t<meta property=\"og:image:type\" content=\"image\/jpeg\" \/>\n<meta name=\"author\" content=\"ppdegaliciaredes\" \/>\n<meta name=\"twitter:card\" content=\"summary_large_image\" \/>\n<meta name=\"twitter:creator\" content=\"@ppdegalicia\" \/>\n<meta name=\"twitter:site\" content=\"@ppdegalicia\" \/>\n<meta name=\"twitter:label1\" content=\"Escrito por\" \/>\n\t<meta name=\"twitter:data1\" content=\"ppdegaliciaredes\" \/>\n\t<meta name=\"twitter:label2\" content=\"Tiempo de lectura\" \/>\n\t<meta name=\"twitter:data2\" content=\"3 minutos\" \/>\n<script type=\"application\/ld+json\" class=\"yoast-schema-graph\">{\"@context\":\"https:\\\/\\\/schema.org\",\"@graph\":[{\"@type\":\"Article\",\"@id\":\"https:\\\/\\\/ppdegalicia.com\\\/es\\\/angeles-vazquez-traslada-a-europa-a-preocupacion-de-que-o-goberno-central-ainda-non-contara-con-galicia-para-o-fondo-social-para-o-clima-que-reparte-9-000-me\\\/#article\",\"isPartOf\":{\"@id\":\"https:\\\/\\\/ppdegalicia.com\\\/es\\\/angeles-vazquez-traslada-a-europa-a-preocupacion-de-que-o-goberno-central-ainda-non-contara-con-galicia-para-o-fondo-social-para-o-clima-que-reparte-9-000-me\\\/\"},\"author\":{\"name\":\"ppdegaliciaredes\",\"@id\":\"https:\\\/\\\/ppdegalicia.com\\\/es\\\/#\\\/schema\\\/person\\\/5b822c6f59e872ebdd1142f307dbcb59\"},\"headline\":\"\u00c1ngeles V\u00e1zquez traslada a Europa a \u201cpreocupaci\u00f3n\u201d de que o Goberno central a\u00ednda non contara con Galicia para o Fondo Social para o Clima, que reparte 9.000 M\u20ac\",\"datePublished\":\"2025-05-03T09:09:29+00:00\",\"dateModified\":\"2025-05-05T09:10:21+00:00\",\"mainEntityOfPage\":{\"@id\":\"https:\\\/\\\/ppdegalicia.com\\\/es\\\/angeles-vazquez-traslada-a-europa-a-preocupacion-de-que-o-goberno-central-ainda-non-contara-con-galicia-para-o-fondo-social-para-o-clima-que-reparte-9-000-me\\\/\"},\"wordCount\":549,\"publisher\":{\"@id\":\"https:\\\/\\\/ppdegalicia.com\\\/es\\\/#organization\"},\"image\":{\"@id\":\"https:\\\/\\\/ppdegalicia.com\\\/es\\\/angeles-vazquez-traslada-a-europa-a-preocupacion-de-que-o-goberno-central-ainda-non-contara-con-galicia-para-o-fondo-social-para-o-clima-que-reparte-9-000-me\\\/#primaryimage\"},\"thumbnailUrl\":\"https:\\\/\\\/ppdegalicia.com\\\/wp-content\\\/uploads\\\/2025\\\/05\\\/20250503_AngelesVazquez_DolorsMontserrat_EPPCongress-scaled.jpg\",\"articleSection\":[\"PP de Galicia\"],\"inLanguage\":\"es\"},{\"@type\":\"WebPage\",\"@id\":\"https:\\\/\\\/ppdegalicia.com\\\/es\\\/angeles-vazquez-traslada-a-europa-a-preocupacion-de-que-o-goberno-central-ainda-non-contara-con-galicia-para-o-fondo-social-para-o-clima-que-reparte-9-000-me\\\/\",\"url\":\"https:\\\/\\\/ppdegalicia.com\\\/es\\\/angeles-vazquez-traslada-a-europa-a-preocupacion-de-que-o-goberno-central-ainda-non-contara-con-galicia-para-o-fondo-social-para-o-clima-que-reparte-9-000-me\\\/\",\"name\":\"\u00c1ngeles V\u00e1zquez traslada a Europa a \u201cpreocupaci\u00f3n\u201d de que o Goberno central a\u00ednda non contara con Galicia para o Fondo Social para o Clima, que reparte 9.000 M\u20ac - PP de Galicia\",\"isPartOf\":{\"@id\":\"https:\\\/\\\/ppdegalicia.com\\\/es\\\/#website\"},\"primaryImageOfPage\":{\"@id\":\"https:\\\/\\\/ppdegalicia.com\\\/es\\\/angeles-vazquez-traslada-a-europa-a-preocupacion-de-que-o-goberno-central-ainda-non-contara-con-galicia-para-o-fondo-social-para-o-clima-que-reparte-9-000-me\\\/#primaryimage\"},\"image\":{\"@id\":\"https:\\\/\\\/ppdegalicia.com\\\/es\\\/angeles-vazquez-traslada-a-europa-a-preocupacion-de-que-o-goberno-central-ainda-non-contara-con-galicia-para-o-fondo-social-para-o-clima-que-reparte-9-000-me\\\/#primaryimage\"},\"thumbnailUrl\":\"https:\\\/\\\/ppdegalicia.com\\\/wp-content\\\/uploads\\\/2025\\\/05\\\/20250503_AngelesVazquez_DolorsMontserrat_EPPCongress-scaled.jpg\",\"datePublished\":\"2025-05-03T09:09:29+00:00\",\"dateModified\":\"2025-05-05T09:10:21+00:00\",\"description\":\"A responsable de Medio Ambiente e Cambio Clim\u00e1tico do Goberno galego, \u00c1ngeles V\u00e1zquez, trasladou esta semana a Dolors Montserrat, vicepresidenta da Comisi\u00f3n de Petici\u00f3ns e membro da Comisi\u00f3n de Medio Ambiente, a s\u00faa \u201cm\u00e1xima preocupaci\u00f3n\u201d polo feito de que o Goberno de Espa\u00f1a a\u00ednda non contara con Galicia para o Fondo Social para o Clima, que reparte un total de 9.000 mill\u00f3ns de euros de fondos comunitarios.\",\"breadcrumb\":{\"@id\":\"https:\\\/\\\/ppdegalicia.com\\\/es\\\/angeles-vazquez-traslada-a-europa-a-preocupacion-de-que-o-goberno-central-ainda-non-contara-con-galicia-para-o-fondo-social-para-o-clima-que-reparte-9-000-me\\\/#breadcrumb\"},\"inLanguage\":\"es\",\"potentialAction\":[{\"@type\":\"ReadAction\",\"target\":[\"https:\\\/\\\/ppdegalicia.com\\\/es\\\/angeles-vazquez-traslada-a-europa-a-preocupacion-de-que-o-goberno-central-ainda-non-contara-con-galicia-para-o-fondo-social-para-o-clima-que-reparte-9-000-me\\\/\"]}]},{\"@type\":\"ImageObject\",\"inLanguage\":\"es\",\"@id\":\"https:\\\/\\\/ppdegalicia.com\\\/es\\\/angeles-vazquez-traslada-a-europa-a-preocupacion-de-que-o-goberno-central-ainda-non-contara-con-galicia-para-o-fondo-social-para-o-clima-que-reparte-9-000-me\\\/#primaryimage\",\"url\":\"https:\\\/\\\/ppdegalicia.com\\\/wp-content\\\/uploads\\\/2025\\\/05\\\/20250503_AngelesVazquez_DolorsMontserrat_EPPCongress-scaled.jpg\",\"contentUrl\":\"https:\\\/\\\/ppdegalicia.com\\\/wp-content\\\/uploads\\\/2025\\\/05\\\/20250503_AngelesVazquez_DolorsMontserrat_EPPCongress-scaled.jpg\",\"width\":2560,\"height\":1707},{\"@type\":\"BreadcrumbList\",\"@id\":\"https:\\\/\\\/ppdegalicia.com\\\/es\\\/angeles-vazquez-traslada-a-europa-a-preocupacion-de-que-o-goberno-central-ainda-non-contara-con-galicia-para-o-fondo-social-para-o-clima-que-reparte-9-000-me\\\/#breadcrumb\",\"itemListElement\":[{\"@type\":\"ListItem\",\"position\":1,\"name\":\"Portada\",\"item\":\"https:\\\/\\\/ppdegalicia.com\\\/es\\\/\"},{\"@type\":\"ListItem\",\"position\":2,\"name\":\"\u00c1ngeles V\u00e1zquez traslada a Europa a \u201cpreocupaci\u00f3n\u201d de que o Goberno central a\u00ednda non contara con Galicia para o Fondo Social para o Clima, que reparte 9.000 M\u20ac\"}]},{\"@type\":\"WebSite\",\"@id\":\"https:\\\/\\\/ppdegalicia.com\\\/es\\\/#website\",\"url\":\"https:\\\/\\\/ppdegalicia.com\\\/es\\\/\",\"name\":\"Partido Popular de Galicia\",\"description\":\"Partido Popular de Galicia\",\"publisher\":{\"@id\":\"https:\\\/\\\/ppdegalicia.com\\\/es\\\/#organization\"},\"alternateName\":\"PP de Galicia\",\"potentialAction\":[{\"@type\":\"SearchAction\",\"target\":{\"@type\":\"EntryPoint\",\"urlTemplate\":\"https:\\\/\\\/ppdegalicia.com\\\/es\\\/?s={search_term_string}\"},\"query-input\":{\"@type\":\"PropertyValueSpecification\",\"valueRequired\":true,\"valueName\":\"search_term_string\"}}],\"inLanguage\":\"es\"},{\"@type\":\"Organization\",\"@id\":\"https:\\\/\\\/ppdegalicia.com\\\/es\\\/#organization\",\"name\":\"Partido Popular de Galicia\",\"alternateName\":\"PP de Galicia\",\"url\":\"https:\\\/\\\/ppdegalicia.com\\\/es\\\/\",\"logo\":{\"@type\":\"ImageObject\",\"inLanguage\":\"es\",\"@id\":\"https:\\\/\\\/ppdegalicia.com\\\/es\\\/#\\\/schema\\\/logo\\\/image\\\/\",\"url\":\"https:\\\/\\\/ppdegalicia.com\\\/wp-content\\\/uploads\\\/2023\\\/04\\\/logoPP512.png\",\"contentUrl\":\"https:\\\/\\\/ppdegalicia.com\\\/wp-content\\\/uploads\\\/2023\\\/04\\\/logoPP512.png\",\"width\":512,\"height\":512,\"caption\":\"Partido Popular de Galicia\"},\"image\":{\"@id\":\"https:\\\/\\\/ppdegalicia.com\\\/es\\\/#\\\/schema\\\/logo\\\/image\\\/\"},\"sameAs\":[\"https:\\\/\\\/www.instagram.com\\\/ppdegalicia\\\/\",\"https:\\\/\\\/x.com\\\/ppdegalicia\",\"https:\\\/\\\/www.tiktok.com\\\/@ppdegalicia\",\"https:\\\/\\\/www.youtube.com\\\/user\\\/ppdegalicia\"]},{\"@type\":\"Person\",\"@id\":\"https:\\\/\\\/ppdegalicia.com\\\/es\\\/#\\\/schema\\\/person\\\/5b822c6f59e872ebdd1142f307dbcb59\",\"name\":\"ppdegaliciaredes\",\"image\":{\"@type\":\"ImageObject\",\"inLanguage\":\"es\",\"@id\":\"https:\\\/\\\/secure.gravatar.com\\\/avatar\\\/3c9179cf0256d00c72a48d1f25783c58b6842cd56e85ef3a572881c8e28ccd59?s=96&d=mm&r=g\",\"url\":\"https:\\\/\\\/secure.gravatar.com\\\/avatar\\\/3c9179cf0256d00c72a48d1f25783c58b6842cd56e85ef3a572881c8e28ccd59?s=96&d=mm&r=g\",\"contentUrl\":\"https:\\\/\\\/secure.gravatar.com\\\/avatar\\\/3c9179cf0256d00c72a48d1f25783c58b6842cd56e85ef3a572881c8e28ccd59?s=96&d=mm&r=g\",\"caption\":\"ppdegaliciaredes\"},\"url\":\"https:\\\/\\\/ppdegalicia.com\\\/es\\\/author\\\/ppdegaliciaredes\\\/\"}]}<\/script>\n<!-- \/ Yoast SEO plugin. -->","yoast_head_json":{"title":"\u00c1ngeles V\u00e1zquez traslada a Europa a \u201cpreocupaci\u00f3n\u201d de que o Goberno central a\u00ednda non contara con Galicia para o Fondo Social para o Clima, que reparte 9.000 M\u20ac - PP de Galicia","description":"A responsable de Medio Ambiente e Cambio Clim\u00e1tico do Goberno galego, \u00c1ngeles V\u00e1zquez, trasladou esta semana a Dolors Montserrat, vicepresidenta da Comisi\u00f3n de Petici\u00f3ns e membro da Comisi\u00f3n de Medio Ambiente, a s\u00faa \u201cm\u00e1xima preocupaci\u00f3n\u201d polo feito de que o Goberno de Espa\u00f1a a\u00ednda non contara con Galicia para o Fondo Social para o Clima, que reparte un total de 9.000 mill\u00f3ns de euros de fondos comunitarios.","robots":{"index":"index","follow":"follow","max-snippet":"max-snippet:-1","max-image-preview":"max-image-preview:large","max-video-preview":"max-video-preview:-1"},"canonical":"https:\/\/ppdegalicia.com\/es\/angeles-vazquez-traslada-a-europa-a-preocupacion-de-que-o-goberno-central-ainda-non-contara-con-galicia-para-o-fondo-social-para-o-clima-que-reparte-9-000-me\/","og_locale":"es_ES","og_type":"article","og_title":"\u00c1ngeles V\u00e1zquez traslada a Europa a \u201cpreocupaci\u00f3n\u201d de que o Goberno central a\u00ednda non contara con Galicia para o Fondo Social para o Clima, que reparte 9.000 M\u20ac - PP de Galicia","og_description":"A responsable de Medio Ambiente e Cambio Clim\u00e1tico do Goberno galego, \u00c1ngeles V\u00e1zquez, trasladou esta semana a Dolors Montserrat, vicepresidenta da Comisi\u00f3n de Petici\u00f3ns e membro da Comisi\u00f3n de Medio Ambiente, a s\u00faa \u201cm\u00e1xima preocupaci\u00f3n\u201d polo feito de que o Goberno de Espa\u00f1a a\u00ednda non contara con Galicia para o Fondo Social para o Clima, que reparte un total de 9.000 mill\u00f3ns de euros de fondos comunitarios.","og_url":"https:\/\/ppdegalicia.com\/es\/angeles-vazquez-traslada-a-europa-a-preocupacion-de-que-o-goberno-central-ainda-non-contara-con-galicia-para-o-fondo-social-para-o-clima-que-reparte-9-000-me\/","og_site_name":"PP de Galicia","article_publisher":"https:\/\/www.instagram.com\/ppdegalicia\/","article_published_time":"2025-05-03T09:09:29+00:00","article_modified_time":"2025-05-05T09:10:21+00:00","og_image":[{"width":2560,"height":1707,"url":"https:\/\/ppdegalicia.com\/wp-content\/uploads\/2025\/05\/20250503_AngelesVazquez_DolorsMontserrat_EPPCongress-scaled.jpg","type":"image\/jpeg"}],"author":"ppdegaliciaredes","twitter_card":"summary_large_image","twitter_creator":"@ppdegalicia","twitter_site":"@ppdegalicia","twitter_misc":{"Escrito por":"ppdegaliciaredes","Tiempo de lectura":"3 minutos"},"schema":{"@context":"https:\/\/schema.org","@graph":[{"@type":"Article","@id":"https:\/\/ppdegalicia.com\/es\/angeles-vazquez-traslada-a-europa-a-preocupacion-de-que-o-goberno-central-ainda-non-contara-con-galicia-para-o-fondo-social-para-o-clima-que-reparte-9-000-me\/#article","isPartOf":{"@id":"https:\/\/ppdegalicia.com\/es\/angeles-vazquez-traslada-a-europa-a-preocupacion-de-que-o-goberno-central-ainda-non-contara-con-galicia-para-o-fondo-social-para-o-clima-que-reparte-9-000-me\/"},"author":{"name":"ppdegaliciaredes","@id":"https:\/\/ppdegalicia.com\/es\/#\/schema\/person\/5b822c6f59e872ebdd1142f307dbcb59"},"headline":"\u00c1ngeles V\u00e1zquez traslada a Europa a \u201cpreocupaci\u00f3n\u201d de que o Goberno central a\u00ednda non contara con Galicia para o Fondo Social para o Clima, que reparte 9.000 M\u20ac","datePublished":"2025-05-03T09:09:29+00:00","dateModified":"2025-05-05T09:10:21+00:00","mainEntityOfPage":{"@id":"https:\/\/ppdegalicia.com\/es\/angeles-vazquez-traslada-a-europa-a-preocupacion-de-que-o-goberno-central-ainda-non-contara-con-galicia-para-o-fondo-social-para-o-clima-que-reparte-9-000-me\/"},"wordCount":549,"publisher":{"@id":"https:\/\/ppdegalicia.com\/es\/#organization"},"image":{"@id":"https:\/\/ppdegalicia.com\/es\/angeles-vazquez-traslada-a-europa-a-preocupacion-de-que-o-goberno-central-ainda-non-contara-con-galicia-para-o-fondo-social-para-o-clima-que-reparte-9-000-me\/#primaryimage"},"thumbnailUrl":"https:\/\/ppdegalicia.com\/wp-content\/uploads\/2025\/05\/20250503_AngelesVazquez_DolorsMontserrat_EPPCongress-scaled.jpg","articleSection":["PP de Galicia"],"inLanguage":"es"},{"@type":"WebPage","@id":"https:\/\/ppdegalicia.com\/es\/angeles-vazquez-traslada-a-europa-a-preocupacion-de-que-o-goberno-central-ainda-non-contara-con-galicia-para-o-fondo-social-para-o-clima-que-reparte-9-000-me\/","url":"https:\/\/ppdegalicia.com\/es\/angeles-vazquez-traslada-a-europa-a-preocupacion-de-que-o-goberno-central-ainda-non-contara-con-galicia-para-o-fondo-social-para-o-clima-que-reparte-9-000-me\/","name":"\u00c1ngeles V\u00e1zquez traslada a Europa a \u201cpreocupaci\u00f3n\u201d de que o Goberno central a\u00ednda non contara con Galicia para o Fondo Social para o Clima, que reparte 9.000 M\u20ac - PP de Galicia","isPartOf":{"@id":"https:\/\/ppdegalicia.com\/es\/#website"},"primaryImageOfPage":{"@id":"https:\/\/ppdegalicia.com\/es\/angeles-vazquez-traslada-a-europa-a-preocupacion-de-que-o-goberno-central-ainda-non-contara-con-galicia-para-o-fondo-social-para-o-clima-que-reparte-9-000-me\/#primaryimage"},"image":{"@id":"https:\/\/ppdegalicia.com\/es\/angeles-vazquez-traslada-a-europa-a-preocupacion-de-que-o-goberno-central-ainda-non-contara-con-galicia-para-o-fondo-social-para-o-clima-que-reparte-9-000-me\/#primaryimage"},"thumbnailUrl":"https:\/\/ppdegalicia.com\/wp-content\/uploads\/2025\/05\/20250503_AngelesVazquez_DolorsMontserrat_EPPCongress-scaled.jpg","datePublished":"2025-05-03T09:09:29+00:00","dateModified":"2025-05-05T09:10:21+00:00","description":"A responsable de Medio Ambiente e Cambio Clim\u00e1tico do Goberno galego, \u00c1ngeles V\u00e1zquez, trasladou esta semana a Dolors Montserrat, vicepresidenta da Comisi\u00f3n de Petici\u00f3ns e membro da Comisi\u00f3n de Medio Ambiente, a s\u00faa \u201cm\u00e1xima preocupaci\u00f3n\u201d polo feito de que o Goberno de Espa\u00f1a a\u00ednda non contara con Galicia para o Fondo Social para o Clima, que reparte un total de 9.000 mill\u00f3ns de euros de fondos comunitarios.","breadcrumb":{"@id":"https:\/\/ppdegalicia.com\/es\/angeles-vazquez-traslada-a-europa-a-preocupacion-de-que-o-goberno-central-ainda-non-contara-con-galicia-para-o-fondo-social-para-o-clima-que-reparte-9-000-me\/#breadcrumb"},"inLanguage":"es","potentialAction":[{"@type":"ReadAction","target":["https:\/\/ppdegalicia.com\/es\/angeles-vazquez-traslada-a-europa-a-preocupacion-de-que-o-goberno-central-ainda-non-contara-con-galicia-para-o-fondo-social-para-o-clima-que-reparte-9-000-me\/"]}]},{"@type":"ImageObject","inLanguage":"es","@id":"https:\/\/ppdegalicia.com\/es\/angeles-vazquez-traslada-a-europa-a-preocupacion-de-que-o-goberno-central-ainda-non-contara-con-galicia-para-o-fondo-social-para-o-clima-que-reparte-9-000-me\/#primaryimage","url":"https:\/\/ppdegalicia.com\/wp-content\/uploads\/2025\/05\/20250503_AngelesVazquez_DolorsMontserrat_EPPCongress-scaled.jpg","contentUrl":"https:\/\/ppdegalicia.com\/wp-content\/uploads\/2025\/05\/20250503_AngelesVazquez_DolorsMontserrat_EPPCongress-scaled.jpg","width":2560,"height":1707},{"@type":"BreadcrumbList","@id":"https:\/\/ppdegalicia.com\/es\/angeles-vazquez-traslada-a-europa-a-preocupacion-de-que-o-goberno-central-ainda-non-contara-con-galicia-para-o-fondo-social-para-o-clima-que-reparte-9-000-me\/#breadcrumb","itemListElement":[{"@type":"ListItem","position":1,"name":"Portada","item":"https:\/\/ppdegalicia.com\/es\/"},{"@type":"ListItem","position":2,"name":"\u00c1ngeles V\u00e1zquez traslada a Europa a \u201cpreocupaci\u00f3n\u201d de que o Goberno central a\u00ednda non contara con Galicia para o Fondo Social para o Clima, que reparte 9.000 M\u20ac"}]},{"@type":"WebSite","@id":"https:\/\/ppdegalicia.com\/es\/#website","url":"https:\/\/ppdegalicia.com\/es\/","name":"Partido Popular de Galicia","description":"Partido Popular de Galicia","publisher":{"@id":"https:\/\/ppdegalicia.com\/es\/#organization"},"alternateName":"PP de Galicia","potentialAction":[{"@type":"SearchAction","target":{"@type":"EntryPoint","urlTemplate":"https:\/\/ppdegalicia.com\/es\/?s={search_term_string}"},"query-input":{"@type":"PropertyValueSpecification","valueRequired":true,"valueName":"search_term_string"}}],"inLanguage":"es"},{"@type":"Organization","@id":"https:\/\/ppdegalicia.com\/es\/#organization","name":"Partido Popular de Galicia","alternateName":"PP de Galicia","url":"https:\/\/ppdegalicia.com\/es\/","logo":{"@type":"ImageObject","inLanguage":"es","@id":"https:\/\/ppdegalicia.com\/es\/#\/schema\/logo\/image\/","url":"https:\/\/ppdegalicia.com\/wp-content\/uploads\/2023\/04\/logoPP512.png","contentUrl":"https:\/\/ppdegalicia.com\/wp-content\/uploads\/2023\/04\/logoPP512.png","width":512,"height":512,"caption":"Partido Popular de Galicia"},"image":{"@id":"https:\/\/ppdegalicia.com\/es\/#\/schema\/logo\/image\/"},"sameAs":["https:\/\/www.instagram.com\/ppdegalicia\/","https:\/\/x.com\/ppdegalicia","https:\/\/www.tiktok.com\/@ppdegalicia","https:\/\/www.youtube.com\/user\/ppdegalicia"]},{"@type":"Person","@id":"https:\/\/ppdegalicia.com\/es\/#\/schema\/person\/5b822c6f59e872ebdd1142f307dbcb59","name":"ppdegaliciaredes","image":{"@type":"ImageObject","inLanguage":"es","@id":"https:\/\/secure.gravatar.com\/avatar\/3c9179cf0256d00c72a48d1f25783c58b6842cd56e85ef3a572881c8e28ccd59?s=96&d=mm&r=g","url":"https:\/\/secure.gravatar.com\/avatar\/3c9179cf0256d00c72a48d1f25783c58b6842cd56e85ef3a572881c8e28ccd59?s=96&d=mm&r=g","contentUrl":"https:\/\/secure.gravatar.com\/avatar\/3c9179cf0256d00c72a48d1f25783c58b6842cd56e85ef3a572881c8e28ccd59?s=96&d=mm&r=g","caption":"ppdegaliciaredes"},"url":"https:\/\/ppdegalicia.com\/es\/author\/ppdegaliciaredes\/"}]}},"_links":{"self":[{"href":"https:\/\/ppdegalicia.com\/es\/wp-json\/wp\/v2\/posts\/66836","targetHints":{"allow":["GET"]}}],"collection":[{"href":"https:\/\/ppdegalicia.com\/es\/wp-json\/wp\/v2\/posts"}],"about":[{"href":"https:\/\/ppdegalicia.com\/es\/wp-json\/wp\/v2\/types\/post"}],"author":[{"embeddable":true,"href":"https:\/\/ppdegalicia.com\/es\/wp-json\/wp\/v2\/users\/38"}],"replies":[{"embeddable":true,"href":"https:\/\/ppdegalicia.com\/es\/wp-json\/wp\/v2\/comments?post=66836"}],"version-history":[{"count":1,"href":"https:\/\/ppdegalicia.com\/es\/wp-json\/wp\/v2\/posts\/66836\/revisions"}],"predecessor-version":[{"id":66837,"href":"https:\/\/ppdegalicia.com\/es\/wp-json\/wp\/v2\/posts\/66836\/revisions\/66837"}],"wp:featuredmedia":[{"embeddable":true,"href":"https:\/\/ppdegalicia.com\/es\/wp-json\/wp\/v2\/media\/66825"}],"wp:attachment":[{"href":"https:\/\/ppdegalicia.com\/es\/wp-json\/wp\/v2\/media?parent=66836"}],"wp:term":[{"taxonomy":"category","embeddable":true,"href":"https:\/\/ppdegalicia.com\/es\/wp-json\/wp\/v2\/categories?post=66836"},{"taxonomy":"post_tag","embeddable":true,"href":"https:\/\/ppdegalicia.com\/es\/wp-json\/wp\/v2\/tags?post=66836"}],"curies":[{"name":"wp","href":"https:\/\/api.w.org\/{rel}","templated":true}]}}