{"id":66842,"date":"2025-05-03T10:13:07","date_gmt":"2025-05-03T09:13:07","guid":{"rendered":"https:\/\/ppdegalicia.com\/?p=66842"},"modified":"2025-05-05T10:14:18","modified_gmt":"2025-05-05T09:14:18","slug":"o-ppdeg-asegura-que-as-novas-axudas-da-xunta-para-rehabilitar-e-renovar-inmobles-baleiros-son-un-novo-aliciente-para-a-rehabilitacion-de-vivendas-para-o-aluguer-no-barrio-da-milagrosa-en-lugo","status":"publish","type":"post","link":"https:\/\/ppdegalicia.com\/es\/o-ppdeg-asegura-que-as-novas-axudas-da-xunta-para-rehabilitar-e-renovar-inmobles-baleiros-son-un-novo-aliciente-para-a-rehabilitacion-de-vivendas-para-o-aluguer-no-barrio-da-milagrosa-en-lugo\/","title":{"rendered":"O PPdeG asegura que as novas axudas da Xunta para rehabilitar e renovar inmobles baleiros son un novo aliciente para a rehabilitaci\u00f3n de vivendas para o aluguer no barrio da Milagrosa en Lugo"},"content":{"rendered":"<p>Os deputados do Grupo Popular Cristina Sanz e Jos\u00e9 Manuel Mato salientaron hoxe que as novas axudas da Xunta para rehabilitar, renovar e asegurar inmobles baleiros e que saian ao mercado de aluguer con contratos dunha duraci\u00f3n m\u00ednima de cinco anos, anunciadas polo Presidente da Xunta no recente Debate de Pol\u00edtica Xeral, \u201cser\u00e1n un novo aliciente para que os propietarios do barrio da Milagrosa en Lugo se decidan a po\u00f1er os seus inmobles no mercado, ao tempo que se incentive a rehabilitaci\u00f3n de edificios nesta zona\u201d.<\/p>\n<p>Nunha visita ao barrio lucense da Milagrosa en compa\u00f1\u00eda de veci\u00f1os, Cristina Sanz e Jos\u00e9 Manuel Mato lembraron que o Presidente Rueda anunciou a posta en marcha dun novo programa de axudas para rehabilitar e renovar inmobles baleiros que precisen dunha reforma para poder sa\u00edr ao mercado do alugueiro. As achegas ir\u00e1n dirixidas a propietarios que garantan que van alugar a vivenda durante polo menos cinco anos e cada beneficiario recibir\u00e1 unha media de 12.000 euros para as obras, cont\u00eda que ser\u00e1 superior no caso de que se alugue o inmoble a xente nova ou familias con fillos pequenos.<\/p>\n<p><strong>OUTRAS MEDIDAS DE AXUDA \u00c1 VIVENDA<\/strong><\/p>\n<p>\u201cO apoio da Xunta \u00e1 rehabilitaci\u00f3n da Xunta non \u00e9 algo novo, xa que cada ano convoca diferentes convocatorias para mellorar a accesibilidade \u00e1s vivendas, reformar edificios localizados no trazado do Cami\u00f1o de Santiago ou mellorar a s\u00faa eficiencia enerx\u00e9tica\u201d, explicaron os deputados populares. A estas axudas s\u00famanse outras medidas complementarias, como avais para a adquisici\u00f3n de vivendas ou contar cunha das fiscalidades m\u00e1is baixas para mercar unha vivenda para os mozos, para as familias numerosas ou para as persoas con discapacidade.<\/p>\n<p>Cristina Sanz e Jos\u00e9 Manuel Mato lamentaron \u201co triste abandono hist\u00f3rico que sofre o barrio da Milagrosa por parte do Concello de Lugo, que precisa urxentes actuaci\u00f3ns de rehabilitaci\u00f3n de inmobles e mellora dos servizos que te\u00f1en os veci\u00f1os\u201d. \u201cA Xunta \u00e9 a \u00fanica administraci\u00f3n que est\u00e1 a tomar medidas concretas para a mellora desta zona porque, a pesar dos compromisos anunciados polos responsables municipais, o barrio segue \u00e1 espera das prometidas actuaci\u00f3ns de rehabilitaci\u00f3n que nunca dan chegado\u201d, lamentaron.<\/p>\n","protected":false},"excerpt":{"rendered":"<p>Os deputados do Grupo Popular Cristina Sanz e Jos\u00e9 Manuel Mato salientaron hoxe que as novas axudas da Xunta para rehabilitar, renovar e asegurar inmobles baleiros e que saian ao mercado de aluguer con contratos dunha duraci\u00f3n m\u00ednima de cinco anos, anunciadas polo Presidente da Xunta no recente Debate de Pol\u00edtica Xeral, \u201cser\u00e1n un novo [&hellip;]<\/p>\n","protected":false},"author":38,"featured_media":66843,"comment_status":"closed","ping_status":"open","sticky":false,"template":"","format":"standard","meta":{"_acf_changed":false,"footnotes":""},"categories":[1128],"tags":[],"class_list":["post-66842","post","type-post","status-publish","format-standard","has-post-thumbnail","hentry","category-actualidad-parlamento-de-galicia"],"acf":[],"yoast_head":"<!-- This site is optimized with the Yoast SEO plugin v27.3 - https:\/\/yoast.com\/product\/yoast-seo-wordpress\/ -->\n<title>O PPdeG asegura que as novas axudas da Xunta para rehabilitar e renovar inmobles baleiros son un novo aliciente para a rehabilitaci\u00f3n de vivendas para o aluguer no barrio da Milagrosa en Lugo - PP de Galicia<\/title>\n<meta name=\"description\" content=\"Os deputados do Grupo Popular Cristina Sanz e Jos\u00e9 Manuel Mato salientaron hoxe que as novas axudas da Xunta para rehabilitar, renovar e asegurar inmobles baleiros e que saian ao mercado de aluguer con contratos dunha duraci\u00f3n m\u00ednima de cinco anos, anunciadas polo Presidente da Xunta no recente Debate de Pol\u00edtica Xeral, \u201cser\u00e1n un novo aliciente para que os propietarios do barrio da Milagrosa en Lugo se decidan a po\u00f1er os seus inmobles no mercado, ao tempo que se incentive a rehabilitaci\u00f3n de edificios nesta zona\u201d.\" \/>\n<meta name=\"robots\" content=\"index, follow, max-snippet:-1, max-image-preview:large, max-video-preview:-1\" \/>\n<link rel=\"canonical\" href=\"https:\/\/ppdegalicia.com\/es\/o-ppdeg-asegura-que-as-novas-axudas-da-xunta-para-rehabilitar-e-renovar-inmobles-baleiros-son-un-novo-aliciente-para-a-rehabilitacion-de-vivendas-para-o-aluguer-no-barrio-da-milagrosa-en-lugo\/\" \/>\n<meta property=\"og:locale\" content=\"es_ES\" \/>\n<meta property=\"og:type\" content=\"article\" \/>\n<meta property=\"og:title\" content=\"O PPdeG asegura que as novas axudas da Xunta para rehabilitar e renovar inmobles baleiros son un novo aliciente para a rehabilitaci\u00f3n de vivendas para o aluguer no barrio da Milagrosa en Lugo - PP de Galicia\" \/>\n<meta property=\"og:description\" content=\"Os deputados do Grupo Popular Cristina Sanz e Jos\u00e9 Manuel Mato salientaron hoxe que as novas axudas da Xunta para rehabilitar, renovar e asegurar inmobles baleiros e que saian ao mercado de aluguer con contratos dunha duraci\u00f3n m\u00ednima de cinco anos, anunciadas polo Presidente da Xunta no recente Debate de Pol\u00edtica Xeral, \u201cser\u00e1n un novo aliciente para que os propietarios do barrio da Milagrosa en Lugo se decidan a po\u00f1er os seus inmobles no mercado, ao tempo que se incentive a rehabilitaci\u00f3n de edificios nesta zona\u201d.\" \/>\n<meta property=\"og:url\" content=\"https:\/\/ppdegalicia.com\/es\/o-ppdeg-asegura-que-as-novas-axudas-da-xunta-para-rehabilitar-e-renovar-inmobles-baleiros-son-un-novo-aliciente-para-a-rehabilitacion-de-vivendas-para-o-aluguer-no-barrio-da-milagrosa-en-lugo\/\" \/>\n<meta property=\"og:site_name\" content=\"PP de Galicia\" \/>\n<meta property=\"article:publisher\" content=\"https:\/\/www.instagram.com\/ppdegalicia\/\" \/>\n<meta property=\"article:published_time\" content=\"2025-05-03T09:13:07+00:00\" \/>\n<meta property=\"article:modified_time\" content=\"2025-05-05T09:14:18+00:00\" \/>\n<meta property=\"og:image\" content=\"https:\/\/ppdegalicia.com\/wp-content\/uploads\/2025\/05\/Cristina-Sanz-e-Jose-Manuel-Mato-no-barrio-da-Milagrosa-01.jpg\" \/>\n\t<meta property=\"og:image:width\" content=\"1600\" \/>\n\t<meta property=\"og:image:height\" content=\"1200\" \/>\n\t<meta property=\"og:image:type\" content=\"image\/jpeg\" \/>\n<meta name=\"author\" content=\"ppdegaliciaredes\" \/>\n<meta name=\"twitter:card\" content=\"summary_large_image\" \/>\n<meta name=\"twitter:creator\" content=\"@ppdegalicia\" \/>\n<meta name=\"twitter:site\" content=\"@ppdegalicia\" \/>\n<meta name=\"twitter:label1\" content=\"Escrito por\" \/>\n\t<meta name=\"twitter:data1\" content=\"ppdegaliciaredes\" \/>\n\t<meta name=\"twitter:label2\" content=\"Tiempo de lectura\" \/>\n\t<meta name=\"twitter:data2\" content=\"3 minutos\" \/>\n<script type=\"application\/ld+json\" class=\"yoast-schema-graph\">{\"@context\":\"https:\\\/\\\/schema.org\",\"@graph\":[{\"@type\":\"Article\",\"@id\":\"https:\\\/\\\/ppdegalicia.com\\\/es\\\/o-ppdeg-asegura-que-as-novas-axudas-da-xunta-para-rehabilitar-e-renovar-inmobles-baleiros-son-un-novo-aliciente-para-a-rehabilitacion-de-vivendas-para-o-aluguer-no-barrio-da-milagrosa-en-lugo\\\/#article\",\"isPartOf\":{\"@id\":\"https:\\\/\\\/ppdegalicia.com\\\/es\\\/o-ppdeg-asegura-que-as-novas-axudas-da-xunta-para-rehabilitar-e-renovar-inmobles-baleiros-son-un-novo-aliciente-para-a-rehabilitacion-de-vivendas-para-o-aluguer-no-barrio-da-milagrosa-en-lugo\\\/\"},\"author\":{\"name\":\"ppdegaliciaredes\",\"@id\":\"https:\\\/\\\/ppdegalicia.com\\\/es\\\/#\\\/schema\\\/person\\\/5b822c6f59e872ebdd1142f307dbcb59\"},\"headline\":\"O PPdeG asegura que as novas axudas da Xunta para rehabilitar e renovar inmobles baleiros son un novo aliciente para a rehabilitaci\u00f3n de vivendas para o aluguer no barrio da Milagrosa en Lugo\",\"datePublished\":\"2025-05-03T09:13:07+00:00\",\"dateModified\":\"2025-05-05T09:14:18+00:00\",\"mainEntityOfPage\":{\"@id\":\"https:\\\/\\\/ppdegalicia.com\\\/es\\\/o-ppdeg-asegura-que-as-novas-axudas-da-xunta-para-rehabilitar-e-renovar-inmobles-baleiros-son-un-novo-aliciente-para-a-rehabilitacion-de-vivendas-para-o-aluguer-no-barrio-da-milagrosa-en-lugo\\\/\"},\"wordCount\":407,\"publisher\":{\"@id\":\"https:\\\/\\\/ppdegalicia.com\\\/es\\\/#organization\"},\"image\":{\"@id\":\"https:\\\/\\\/ppdegalicia.com\\\/es\\\/o-ppdeg-asegura-que-as-novas-axudas-da-xunta-para-rehabilitar-e-renovar-inmobles-baleiros-son-un-novo-aliciente-para-a-rehabilitacion-de-vivendas-para-o-aluguer-no-barrio-da-milagrosa-en-lugo\\\/#primaryimage\"},\"thumbnailUrl\":\"https:\\\/\\\/ppdegalicia.com\\\/wp-content\\\/uploads\\\/2025\\\/05\\\/Cristina-Sanz-e-Jose-Manuel-Mato-no-barrio-da-Milagrosa-01.jpg\",\"articleSection\":[\"Parlamento de Galicia\"],\"inLanguage\":\"es\"},{\"@type\":\"WebPage\",\"@id\":\"https:\\\/\\\/ppdegalicia.com\\\/es\\\/o-ppdeg-asegura-que-as-novas-axudas-da-xunta-para-rehabilitar-e-renovar-inmobles-baleiros-son-un-novo-aliciente-para-a-rehabilitacion-de-vivendas-para-o-aluguer-no-barrio-da-milagrosa-en-lugo\\\/\",\"url\":\"https:\\\/\\\/ppdegalicia.com\\\/es\\\/o-ppdeg-asegura-que-as-novas-axudas-da-xunta-para-rehabilitar-e-renovar-inmobles-baleiros-son-un-novo-aliciente-para-a-rehabilitacion-de-vivendas-para-o-aluguer-no-barrio-da-milagrosa-en-lugo\\\/\",\"name\":\"O PPdeG asegura que as novas axudas da Xunta para rehabilitar e renovar inmobles baleiros son un novo aliciente para a rehabilitaci\u00f3n de vivendas para o aluguer no barrio da Milagrosa en Lugo - PP de Galicia\",\"isPartOf\":{\"@id\":\"https:\\\/\\\/ppdegalicia.com\\\/es\\\/#website\"},\"primaryImageOfPage\":{\"@id\":\"https:\\\/\\\/ppdegalicia.com\\\/es\\\/o-ppdeg-asegura-que-as-novas-axudas-da-xunta-para-rehabilitar-e-renovar-inmobles-baleiros-son-un-novo-aliciente-para-a-rehabilitacion-de-vivendas-para-o-aluguer-no-barrio-da-milagrosa-en-lugo\\\/#primaryimage\"},\"image\":{\"@id\":\"https:\\\/\\\/ppdegalicia.com\\\/es\\\/o-ppdeg-asegura-que-as-novas-axudas-da-xunta-para-rehabilitar-e-renovar-inmobles-baleiros-son-un-novo-aliciente-para-a-rehabilitacion-de-vivendas-para-o-aluguer-no-barrio-da-milagrosa-en-lugo\\\/#primaryimage\"},\"thumbnailUrl\":\"https:\\\/\\\/ppdegalicia.com\\\/wp-content\\\/uploads\\\/2025\\\/05\\\/Cristina-Sanz-e-Jose-Manuel-Mato-no-barrio-da-Milagrosa-01.jpg\",\"datePublished\":\"2025-05-03T09:13:07+00:00\",\"dateModified\":\"2025-05-05T09:14:18+00:00\",\"description\":\"Os deputados do Grupo Popular Cristina Sanz e Jos\u00e9 Manuel Mato salientaron hoxe que as novas axudas da Xunta para rehabilitar, renovar e asegurar inmobles baleiros e que saian ao mercado de aluguer con contratos dunha duraci\u00f3n m\u00ednima de cinco anos, anunciadas polo Presidente da Xunta no recente Debate de Pol\u00edtica Xeral, \u201cser\u00e1n un novo aliciente para que os propietarios do barrio da Milagrosa en Lugo se decidan a po\u00f1er os seus inmobles no mercado, ao tempo que se incentive a rehabilitaci\u00f3n de edificios nesta zona\u201d.\",\"breadcrumb\":{\"@id\":\"https:\\\/\\\/ppdegalicia.com\\\/es\\\/o-ppdeg-asegura-que-as-novas-axudas-da-xunta-para-rehabilitar-e-renovar-inmobles-baleiros-son-un-novo-aliciente-para-a-rehabilitacion-de-vivendas-para-o-aluguer-no-barrio-da-milagrosa-en-lugo\\\/#breadcrumb\"},\"inLanguage\":\"es\",\"potentialAction\":[{\"@type\":\"ReadAction\",\"target\":[\"https:\\\/\\\/ppdegalicia.com\\\/es\\\/o-ppdeg-asegura-que-as-novas-axudas-da-xunta-para-rehabilitar-e-renovar-inmobles-baleiros-son-un-novo-aliciente-para-a-rehabilitacion-de-vivendas-para-o-aluguer-no-barrio-da-milagrosa-en-lugo\\\/\"]}]},{\"@type\":\"ImageObject\",\"inLanguage\":\"es\",\"@id\":\"https:\\\/\\\/ppdegalicia.com\\\/es\\\/o-ppdeg-asegura-que-as-novas-axudas-da-xunta-para-rehabilitar-e-renovar-inmobles-baleiros-son-un-novo-aliciente-para-a-rehabilitacion-de-vivendas-para-o-aluguer-no-barrio-da-milagrosa-en-lugo\\\/#primaryimage\",\"url\":\"https:\\\/\\\/ppdegalicia.com\\\/wp-content\\\/uploads\\\/2025\\\/05\\\/Cristina-Sanz-e-Jose-Manuel-Mato-no-barrio-da-Milagrosa-01.jpg\",\"contentUrl\":\"https:\\\/\\\/ppdegalicia.com\\\/wp-content\\\/uploads\\\/2025\\\/05\\\/Cristina-Sanz-e-Jose-Manuel-Mato-no-barrio-da-Milagrosa-01.jpg\",\"width\":1600,\"height\":1200},{\"@type\":\"BreadcrumbList\",\"@id\":\"https:\\\/\\\/ppdegalicia.com\\\/es\\\/o-ppdeg-asegura-que-as-novas-axudas-da-xunta-para-rehabilitar-e-renovar-inmobles-baleiros-son-un-novo-aliciente-para-a-rehabilitacion-de-vivendas-para-o-aluguer-no-barrio-da-milagrosa-en-lugo\\\/#breadcrumb\",\"itemListElement\":[{\"@type\":\"ListItem\",\"position\":1,\"name\":\"Portada\",\"item\":\"https:\\\/\\\/ppdegalicia.com\\\/es\\\/\"},{\"@type\":\"ListItem\",\"position\":2,\"name\":\"O PPdeG asegura que as novas axudas da Xunta para rehabilitar e renovar inmobles baleiros son un novo aliciente para a rehabilitaci\u00f3n de vivendas para o aluguer no barrio da Milagrosa en Lugo\"}]},{\"@type\":\"WebSite\",\"@id\":\"https:\\\/\\\/ppdegalicia.com\\\/es\\\/#website\",\"url\":\"https:\\\/\\\/ppdegalicia.com\\\/es\\\/\",\"name\":\"Partido Popular de Galicia\",\"description\":\"Partido Popular de Galicia\",\"publisher\":{\"@id\":\"https:\\\/\\\/ppdegalicia.com\\\/es\\\/#organization\"},\"alternateName\":\"PP de Galicia\",\"potentialAction\":[{\"@type\":\"SearchAction\",\"target\":{\"@type\":\"EntryPoint\",\"urlTemplate\":\"https:\\\/\\\/ppdegalicia.com\\\/es\\\/?s={search_term_string}\"},\"query-input\":{\"@type\":\"PropertyValueSpecification\",\"valueRequired\":true,\"valueName\":\"search_term_string\"}}],\"inLanguage\":\"es\"},{\"@type\":\"Organization\",\"@id\":\"https:\\\/\\\/ppdegalicia.com\\\/es\\\/#organization\",\"name\":\"Partido Popular de Galicia\",\"alternateName\":\"PP de Galicia\",\"url\":\"https:\\\/\\\/ppdegalicia.com\\\/es\\\/\",\"logo\":{\"@type\":\"ImageObject\",\"inLanguage\":\"es\",\"@id\":\"https:\\\/\\\/ppdegalicia.com\\\/es\\\/#\\\/schema\\\/logo\\\/image\\\/\",\"url\":\"https:\\\/\\\/ppdegalicia.com\\\/wp-content\\\/uploads\\\/2023\\\/04\\\/logoPP512.png\",\"contentUrl\":\"https:\\\/\\\/ppdegalicia.com\\\/wp-content\\\/uploads\\\/2023\\\/04\\\/logoPP512.png\",\"width\":512,\"height\":512,\"caption\":\"Partido Popular de Galicia\"},\"image\":{\"@id\":\"https:\\\/\\\/ppdegalicia.com\\\/es\\\/#\\\/schema\\\/logo\\\/image\\\/\"},\"sameAs\":[\"https:\\\/\\\/www.instagram.com\\\/ppdegalicia\\\/\",\"https:\\\/\\\/x.com\\\/ppdegalicia\",\"https:\\\/\\\/www.tiktok.com\\\/@ppdegalicia\",\"https:\\\/\\\/www.youtube.com\\\/user\\\/ppdegalicia\"]},{\"@type\":\"Person\",\"@id\":\"https:\\\/\\\/ppdegalicia.com\\\/es\\\/#\\\/schema\\\/person\\\/5b822c6f59e872ebdd1142f307dbcb59\",\"name\":\"ppdegaliciaredes\",\"image\":{\"@type\":\"ImageObject\",\"inLanguage\":\"es\",\"@id\":\"https:\\\/\\\/secure.gravatar.com\\\/avatar\\\/3c9179cf0256d00c72a48d1f25783c58b6842cd56e85ef3a572881c8e28ccd59?s=96&d=mm&r=g\",\"url\":\"https:\\\/\\\/secure.gravatar.com\\\/avatar\\\/3c9179cf0256d00c72a48d1f25783c58b6842cd56e85ef3a572881c8e28ccd59?s=96&d=mm&r=g\",\"contentUrl\":\"https:\\\/\\\/secure.gravatar.com\\\/avatar\\\/3c9179cf0256d00c72a48d1f25783c58b6842cd56e85ef3a572881c8e28ccd59?s=96&d=mm&r=g\",\"caption\":\"ppdegaliciaredes\"},\"url\":\"https:\\\/\\\/ppdegalicia.com\\\/es\\\/author\\\/ppdegaliciaredes\\\/\"}]}<\/script>\n<!-- \/ Yoast SEO plugin. -->","yoast_head_json":{"title":"O PPdeG asegura que as novas axudas da Xunta para rehabilitar e renovar inmobles baleiros son un novo aliciente para a rehabilitaci\u00f3n de vivendas para o aluguer no barrio da Milagrosa en Lugo - PP de Galicia","description":"Os deputados do Grupo Popular Cristina Sanz e Jos\u00e9 Manuel Mato salientaron hoxe que as novas axudas da Xunta para rehabilitar, renovar e asegurar inmobles baleiros e que saian ao mercado de aluguer con contratos dunha duraci\u00f3n m\u00ednima de cinco anos, anunciadas polo Presidente da Xunta no recente Debate de Pol\u00edtica Xeral, \u201cser\u00e1n un novo aliciente para que os propietarios do barrio da Milagrosa en Lugo se decidan a po\u00f1er os seus inmobles no mercado, ao tempo que se incentive a rehabilitaci\u00f3n de edificios nesta zona\u201d.","robots":{"index":"index","follow":"follow","max-snippet":"max-snippet:-1","max-image-preview":"max-image-preview:large","max-video-preview":"max-video-preview:-1"},"canonical":"https:\/\/ppdegalicia.com\/es\/o-ppdeg-asegura-que-as-novas-axudas-da-xunta-para-rehabilitar-e-renovar-inmobles-baleiros-son-un-novo-aliciente-para-a-rehabilitacion-de-vivendas-para-o-aluguer-no-barrio-da-milagrosa-en-lugo\/","og_locale":"es_ES","og_type":"article","og_title":"O PPdeG asegura que as novas axudas da Xunta para rehabilitar e renovar inmobles baleiros son un novo aliciente para a rehabilitaci\u00f3n de vivendas para o aluguer no barrio da Milagrosa en Lugo - PP de Galicia","og_description":"Os deputados do Grupo Popular Cristina Sanz e Jos\u00e9 Manuel Mato salientaron hoxe que as novas axudas da Xunta para rehabilitar, renovar e asegurar inmobles baleiros e que saian ao mercado de aluguer con contratos dunha duraci\u00f3n m\u00ednima de cinco anos, anunciadas polo Presidente da Xunta no recente Debate de Pol\u00edtica Xeral, \u201cser\u00e1n un novo aliciente para que os propietarios do barrio da Milagrosa en Lugo se decidan a po\u00f1er os seus inmobles no mercado, ao tempo que se incentive a rehabilitaci\u00f3n de edificios nesta zona\u201d.","og_url":"https:\/\/ppdegalicia.com\/es\/o-ppdeg-asegura-que-as-novas-axudas-da-xunta-para-rehabilitar-e-renovar-inmobles-baleiros-son-un-novo-aliciente-para-a-rehabilitacion-de-vivendas-para-o-aluguer-no-barrio-da-milagrosa-en-lugo\/","og_site_name":"PP de Galicia","article_publisher":"https:\/\/www.instagram.com\/ppdegalicia\/","article_published_time":"2025-05-03T09:13:07+00:00","article_modified_time":"2025-05-05T09:14:18+00:00","og_image":[{"width":1600,"height":1200,"url":"https:\/\/ppdegalicia.com\/wp-content\/uploads\/2025\/05\/Cristina-Sanz-e-Jose-Manuel-Mato-no-barrio-da-Milagrosa-01.jpg","type":"image\/jpeg"}],"author":"ppdegaliciaredes","twitter_card":"summary_large_image","twitter_creator":"@ppdegalicia","twitter_site":"@ppdegalicia","twitter_misc":{"Escrito por":"ppdegaliciaredes","Tiempo de lectura":"3 minutos"},"schema":{"@context":"https:\/\/schema.org","@graph":[{"@type":"Article","@id":"https:\/\/ppdegalicia.com\/es\/o-ppdeg-asegura-que-as-novas-axudas-da-xunta-para-rehabilitar-e-renovar-inmobles-baleiros-son-un-novo-aliciente-para-a-rehabilitacion-de-vivendas-para-o-aluguer-no-barrio-da-milagrosa-en-lugo\/#article","isPartOf":{"@id":"https:\/\/ppdegalicia.com\/es\/o-ppdeg-asegura-que-as-novas-axudas-da-xunta-para-rehabilitar-e-renovar-inmobles-baleiros-son-un-novo-aliciente-para-a-rehabilitacion-de-vivendas-para-o-aluguer-no-barrio-da-milagrosa-en-lugo\/"},"author":{"name":"ppdegaliciaredes","@id":"https:\/\/ppdegalicia.com\/es\/#\/schema\/person\/5b822c6f59e872ebdd1142f307dbcb59"},"headline":"O PPdeG asegura que as novas axudas da Xunta para rehabilitar e renovar inmobles baleiros son un novo aliciente para a rehabilitaci\u00f3n de vivendas para o aluguer no barrio da Milagrosa en Lugo","datePublished":"2025-05-03T09:13:07+00:00","dateModified":"2025-05-05T09:14:18+00:00","mainEntityOfPage":{"@id":"https:\/\/ppdegalicia.com\/es\/o-ppdeg-asegura-que-as-novas-axudas-da-xunta-para-rehabilitar-e-renovar-inmobles-baleiros-son-un-novo-aliciente-para-a-rehabilitacion-de-vivendas-para-o-aluguer-no-barrio-da-milagrosa-en-lugo\/"},"wordCount":407,"publisher":{"@id":"https:\/\/ppdegalicia.com\/es\/#organization"},"image":{"@id":"https:\/\/ppdegalicia.com\/es\/o-ppdeg-asegura-que-as-novas-axudas-da-xunta-para-rehabilitar-e-renovar-inmobles-baleiros-son-un-novo-aliciente-para-a-rehabilitacion-de-vivendas-para-o-aluguer-no-barrio-da-milagrosa-en-lugo\/#primaryimage"},"thumbnailUrl":"https:\/\/ppdegalicia.com\/wp-content\/uploads\/2025\/05\/Cristina-Sanz-e-Jose-Manuel-Mato-no-barrio-da-Milagrosa-01.jpg","articleSection":["Parlamento de Galicia"],"inLanguage":"es"},{"@type":"WebPage","@id":"https:\/\/ppdegalicia.com\/es\/o-ppdeg-asegura-que-as-novas-axudas-da-xunta-para-rehabilitar-e-renovar-inmobles-baleiros-son-un-novo-aliciente-para-a-rehabilitacion-de-vivendas-para-o-aluguer-no-barrio-da-milagrosa-en-lugo\/","url":"https:\/\/ppdegalicia.com\/es\/o-ppdeg-asegura-que-as-novas-axudas-da-xunta-para-rehabilitar-e-renovar-inmobles-baleiros-son-un-novo-aliciente-para-a-rehabilitacion-de-vivendas-para-o-aluguer-no-barrio-da-milagrosa-en-lugo\/","name":"O PPdeG asegura que as novas axudas da Xunta para rehabilitar e renovar inmobles baleiros son un novo aliciente para a rehabilitaci\u00f3n de vivendas para o aluguer no barrio da Milagrosa en Lugo - PP de Galicia","isPartOf":{"@id":"https:\/\/ppdegalicia.com\/es\/#website"},"primaryImageOfPage":{"@id":"https:\/\/ppdegalicia.com\/es\/o-ppdeg-asegura-que-as-novas-axudas-da-xunta-para-rehabilitar-e-renovar-inmobles-baleiros-son-un-novo-aliciente-para-a-rehabilitacion-de-vivendas-para-o-aluguer-no-barrio-da-milagrosa-en-lugo\/#primaryimage"},"image":{"@id":"https:\/\/ppdegalicia.com\/es\/o-ppdeg-asegura-que-as-novas-axudas-da-xunta-para-rehabilitar-e-renovar-inmobles-baleiros-son-un-novo-aliciente-para-a-rehabilitacion-de-vivendas-para-o-aluguer-no-barrio-da-milagrosa-en-lugo\/#primaryimage"},"thumbnailUrl":"https:\/\/ppdegalicia.com\/wp-content\/uploads\/2025\/05\/Cristina-Sanz-e-Jose-Manuel-Mato-no-barrio-da-Milagrosa-01.jpg","datePublished":"2025-05-03T09:13:07+00:00","dateModified":"2025-05-05T09:14:18+00:00","description":"Os deputados do Grupo Popular Cristina Sanz e Jos\u00e9 Manuel Mato salientaron hoxe que as novas axudas da Xunta para rehabilitar, renovar e asegurar inmobles baleiros e que saian ao mercado de aluguer con contratos dunha duraci\u00f3n m\u00ednima de cinco anos, anunciadas polo Presidente da Xunta no recente Debate de Pol\u00edtica Xeral, \u201cser\u00e1n un novo aliciente para que os propietarios do barrio da Milagrosa en Lugo se decidan a po\u00f1er os seus inmobles no mercado, ao tempo que se incentive a rehabilitaci\u00f3n de edificios nesta zona\u201d.","breadcrumb":{"@id":"https:\/\/ppdegalicia.com\/es\/o-ppdeg-asegura-que-as-novas-axudas-da-xunta-para-rehabilitar-e-renovar-inmobles-baleiros-son-un-novo-aliciente-para-a-rehabilitacion-de-vivendas-para-o-aluguer-no-barrio-da-milagrosa-en-lugo\/#breadcrumb"},"inLanguage":"es","potentialAction":[{"@type":"ReadAction","target":["https:\/\/ppdegalicia.com\/es\/o-ppdeg-asegura-que-as-novas-axudas-da-xunta-para-rehabilitar-e-renovar-inmobles-baleiros-son-un-novo-aliciente-para-a-rehabilitacion-de-vivendas-para-o-aluguer-no-barrio-da-milagrosa-en-lugo\/"]}]},{"@type":"ImageObject","inLanguage":"es","@id":"https:\/\/ppdegalicia.com\/es\/o-ppdeg-asegura-que-as-novas-axudas-da-xunta-para-rehabilitar-e-renovar-inmobles-baleiros-son-un-novo-aliciente-para-a-rehabilitacion-de-vivendas-para-o-aluguer-no-barrio-da-milagrosa-en-lugo\/#primaryimage","url":"https:\/\/ppdegalicia.com\/wp-content\/uploads\/2025\/05\/Cristina-Sanz-e-Jose-Manuel-Mato-no-barrio-da-Milagrosa-01.jpg","contentUrl":"https:\/\/ppdegalicia.com\/wp-content\/uploads\/2025\/05\/Cristina-Sanz-e-Jose-Manuel-Mato-no-barrio-da-Milagrosa-01.jpg","width":1600,"height":1200},{"@type":"BreadcrumbList","@id":"https:\/\/ppdegalicia.com\/es\/o-ppdeg-asegura-que-as-novas-axudas-da-xunta-para-rehabilitar-e-renovar-inmobles-baleiros-son-un-novo-aliciente-para-a-rehabilitacion-de-vivendas-para-o-aluguer-no-barrio-da-milagrosa-en-lugo\/#breadcrumb","itemListElement":[{"@type":"ListItem","position":1,"name":"Portada","item":"https:\/\/ppdegalicia.com\/es\/"},{"@type":"ListItem","position":2,"name":"O PPdeG asegura que as novas axudas da Xunta para rehabilitar e renovar inmobles baleiros son un novo aliciente para a rehabilitaci\u00f3n de vivendas para o aluguer no barrio da Milagrosa en Lugo"}]},{"@type":"WebSite","@id":"https:\/\/ppdegalicia.com\/es\/#website","url":"https:\/\/ppdegalicia.com\/es\/","name":"Partido Popular de Galicia","description":"Partido Popular de Galicia","publisher":{"@id":"https:\/\/ppdegalicia.com\/es\/#organization"},"alternateName":"PP de Galicia","potentialAction":[{"@type":"SearchAction","target":{"@type":"EntryPoint","urlTemplate":"https:\/\/ppdegalicia.com\/es\/?s={search_term_string}"},"query-input":{"@type":"PropertyValueSpecification","valueRequired":true,"valueName":"search_term_string"}}],"inLanguage":"es"},{"@type":"Organization","@id":"https:\/\/ppdegalicia.com\/es\/#organization","name":"Partido Popular de Galicia","alternateName":"PP de Galicia","url":"https:\/\/ppdegalicia.com\/es\/","logo":{"@type":"ImageObject","inLanguage":"es","@id":"https:\/\/ppdegalicia.com\/es\/#\/schema\/logo\/image\/","url":"https:\/\/ppdegalicia.com\/wp-content\/uploads\/2023\/04\/logoPP512.png","contentUrl":"https:\/\/ppdegalicia.com\/wp-content\/uploads\/2023\/04\/logoPP512.png","width":512,"height":512,"caption":"Partido Popular de Galicia"},"image":{"@id":"https:\/\/ppdegalicia.com\/es\/#\/schema\/logo\/image\/"},"sameAs":["https:\/\/www.instagram.com\/ppdegalicia\/","https:\/\/x.com\/ppdegalicia","https:\/\/www.tiktok.com\/@ppdegalicia","https:\/\/www.youtube.com\/user\/ppdegalicia"]},{"@type":"Person","@id":"https:\/\/ppdegalicia.com\/es\/#\/schema\/person\/5b822c6f59e872ebdd1142f307dbcb59","name":"ppdegaliciaredes","image":{"@type":"ImageObject","inLanguage":"es","@id":"https:\/\/secure.gravatar.com\/avatar\/3c9179cf0256d00c72a48d1f25783c58b6842cd56e85ef3a572881c8e28ccd59?s=96&d=mm&r=g","url":"https:\/\/secure.gravatar.com\/avatar\/3c9179cf0256d00c72a48d1f25783c58b6842cd56e85ef3a572881c8e28ccd59?s=96&d=mm&r=g","contentUrl":"https:\/\/secure.gravatar.com\/avatar\/3c9179cf0256d00c72a48d1f25783c58b6842cd56e85ef3a572881c8e28ccd59?s=96&d=mm&r=g","caption":"ppdegaliciaredes"},"url":"https:\/\/ppdegalicia.com\/es\/author\/ppdegaliciaredes\/"}]}},"_links":{"self":[{"href":"https:\/\/ppdegalicia.com\/es\/wp-json\/wp\/v2\/posts\/66842","targetHints":{"allow":["GET"]}}],"collection":[{"href":"https:\/\/ppdegalicia.com\/es\/wp-json\/wp\/v2\/posts"}],"about":[{"href":"https:\/\/ppdegalicia.com\/es\/wp-json\/wp\/v2\/types\/post"}],"author":[{"embeddable":true,"href":"https:\/\/ppdegalicia.com\/es\/wp-json\/wp\/v2\/users\/38"}],"replies":[{"embeddable":true,"href":"https:\/\/ppdegalicia.com\/es\/wp-json\/wp\/v2\/comments?post=66842"}],"version-history":[{"count":1,"href":"https:\/\/ppdegalicia.com\/es\/wp-json\/wp\/v2\/posts\/66842\/revisions"}],"predecessor-version":[{"id":66845,"href":"https:\/\/ppdegalicia.com\/es\/wp-json\/wp\/v2\/posts\/66842\/revisions\/66845"}],"wp:featuredmedia":[{"embeddable":true,"href":"https:\/\/ppdegalicia.com\/es\/wp-json\/wp\/v2\/media\/66843"}],"wp:attachment":[{"href":"https:\/\/ppdegalicia.com\/es\/wp-json\/wp\/v2\/media?parent=66842"}],"wp:term":[{"taxonomy":"category","embeddable":true,"href":"https:\/\/ppdegalicia.com\/es\/wp-json\/wp\/v2\/categories?post=66842"},{"taxonomy":"post_tag","embeddable":true,"href":"https:\/\/ppdegalicia.com\/es\/wp-json\/wp\/v2\/tags?post=66842"}],"curies":[{"name":"wp","href":"https:\/\/api.w.org\/{rel}","templated":true}]}}