{"id":66857,"date":"2025-05-05T18:32:36","date_gmt":"2025-05-05T17:32:36","guid":{"rendered":"https:\/\/ppdegalicia.com\/?p=66857"},"modified":"2025-05-05T18:32:36","modified_gmt":"2025-05-05T17:32:36","slug":"o-parlamento-galego-pide-a-reforma-do-regulamento-europeo-que-permite-adoptar-medidas-contra-paises-que-non-realicen-unha-pesca-sostible","status":"publish","type":"post","link":"https:\/\/ppdegalicia.com\/es\/o-parlamento-galego-pide-a-reforma-do-regulamento-europeo-que-permite-adoptar-medidas-contra-paises-que-non-realicen-unha-pesca-sostible\/","title":{"rendered":"O Parlamento galego pide a reforma do Regulamento europeo que permite adoptar medidas contra pa\u00edses que non realicen unha pesca sostible"},"content":{"rendered":"<p>O Parlamento de Galicia aprobou hoxe a proposici\u00f3n non de lei do Grupo Popular a trav\u00e9s da que se demanda ao Goberno central que apoie a continuidade do di\u00e1logo de alto nivel entre a Uni\u00f3n Europea e Noruega en materia de pesca, realizando as xesti\u00f3ns oportunas para a aprobaci\u00f3n da reforma iniciada pola Comisi\u00f3n Europea do Regulamento 1026\/2012, que permite adoptar medidas contra<br \/>\naqueles pa\u00edses que non realizan unha pesca sostible.<\/p>\n<p>A deputada popular Magdalena P\u00e9rez lembrou que \u201cas relaci\u00f3ns pesqueiras entre a Uni\u00f3n Europea e pa\u00edses terceiros, como \u00e9 o caso de Noruega, son determinantes para garantir oportunidades econ\u00f3micas para as flotas comunitarias\u201d. Neste sentido, apuntou que Noruega \u00e9 un dos principais exportadores de produtos pesqueiros \u00e1 Uni\u00f3n Europea, representando, aproximadamente, o 26 por cento das importaci\u00f3ns de peixe no mercado europeo, polo que \u201ca colaboraci\u00f3n pesqueira entre ambas partes \u00e9 estrat\u00e9xica, non s\u00f3 por raz\u00f3ns econ\u00f3micas, sen\u00f3n tam\u00e9n pola necesidade de preservar a sustentabilidade das pesqueiras no Atl\u00e1ntico Norte e no oc\u00e9ano Glacial \u00c1rtico, especialmente en caladoiros clave como o de Svalbard\u201d.<\/p>\n<p><strong>PROTEXER OS INTERESES DA FROTA EUROPEA<\/strong><\/p>\n<p>Magdalena P\u00e9rez lamentou as decisi\u00f3ns unilaterais adoptadas por Noruega nos \u00faltimos anos que prexudicaron severamente \u00e1 frota da Uni\u00f3n Europea, como a reduci\u00f3n unilateral da cota do bacallau, o incremento nun 55 por cento da cota de xarda ou a restrici\u00f3n do acceso dos buques da Uni\u00f3n Europea \u00e1s augas do arquip\u00e9lago de Svalbard. \u201cTodas estas acci\u00f3ns dificultan o consenso e complican as medidas conxuntas que buscan a sustentabilidade dos recursos mari\u00f1os compartidos, xerando tensi\u00f3ns coas pol\u00edticas da Uni\u00f3n Europea no \u00e1mbito da pesca\u201d, dixo.<\/p>\n<p>Diante desta situaci\u00f3n, a deputada popular indicou que a Uni\u00f3n Europea conta cun marco legal, o Regulamento 1026\/2012, que establece medidas para afrontar conflitos con terceiros pa\u00edses que autorizan pr\u00e1cticas de pesca non sostibles. \u201cEn 2024, a Comisi\u00f3n Europea propuxo unha reforma deste regulamento para dar unha resposta m\u00e1is \u00e1xil e efectiva fronte a casos como o de Noruega, protexendo as\u00ed os intereses da frota europea e, particularmente, da frota galega\u201d, recordou.<\/p>\n<p>A deputada popular demandou avanzar na reforma urxente deste Regulamento europeo porque \u201cmanterse de brazos cruzados sup\u00f3n un risco para a sustentabilidade a longo prazo das pesqueira comprometidas; perdas econ\u00f3micas considerables para os pescadores europeos e, singularmente, galegos; e a diminuci\u00f3n do peso negociador da Uni\u00f3n Europea fronte a terceiros pa\u00edses, como o Reino Unido, que observa de preto estas interacci\u00f3ns para os futuros acordos\u201d.<\/p>\n","protected":false},"excerpt":{"rendered":"<p>O Parlamento de Galicia aprobou hoxe a proposici\u00f3n non de lei do Grupo Popular a trav\u00e9s da que se demanda ao Goberno central que apoie a continuidade do di\u00e1logo de alto nivel entre a Uni\u00f3n Europea e Noruega en materia de pesca, realizando as xesti\u00f3ns oportunas para a aprobaci\u00f3n da reforma iniciada pola Comisi\u00f3n Europea [&hellip;]<\/p>\n","protected":false},"author":38,"featured_media":66858,"comment_status":"closed","ping_status":"open","sticky":false,"template":"","format":"standard","meta":{"_acf_changed":false,"footnotes":""},"categories":[1128],"tags":[],"class_list":["post-66857","post","type-post","status-publish","format-standard","has-post-thumbnail","hentry","category-actualidad-parlamento-de-galicia"],"acf":[],"yoast_head":"<!-- This site is optimized with the Yoast SEO plugin v27.3 - https:\/\/yoast.com\/product\/yoast-seo-wordpress\/ -->\n<title>O Parlamento galego pide a reforma do Regulamento europeo que permite adoptar medidas contra pa\u00edses que non realicen unha pesca sostible - PP de Galicia<\/title>\n<meta name=\"description\" content=\"O Parlamento de Galicia aprobou hoxe a proposici\u00f3n non de lei do Grupo Popular a trav\u00e9s da que se demanda ao Goberno central que apoie a continuidade do di\u00e1logo de alto nivel entre a Uni\u00f3n Europea e Noruega en materia de pesca, realizando as xesti\u00f3ns oportunas para a aprobaci\u00f3n da reforma iniciada pola Comisi\u00f3n Europea do Regulamento 1026\/2012, que permite adoptar medidas contraaqueles pa\u00edses que non realizan unha pesca sostible.\" \/>\n<meta name=\"robots\" content=\"index, follow, max-snippet:-1, max-image-preview:large, max-video-preview:-1\" \/>\n<link rel=\"canonical\" href=\"https:\/\/ppdegalicia.com\/es\/o-parlamento-galego-pide-a-reforma-do-regulamento-europeo-que-permite-adoptar-medidas-contra-paises-que-non-realicen-unha-pesca-sostible\/\" \/>\n<meta property=\"og:locale\" content=\"es_ES\" \/>\n<meta property=\"og:type\" content=\"article\" \/>\n<meta property=\"og:title\" content=\"O Parlamento galego pide a reforma do Regulamento europeo que permite adoptar medidas contra pa\u00edses que non realicen unha pesca sostible - PP de Galicia\" \/>\n<meta property=\"og:description\" content=\"O Parlamento de Galicia aprobou hoxe a proposici\u00f3n non de lei do Grupo Popular a trav\u00e9s da que se demanda ao Goberno central que apoie a continuidade do di\u00e1logo de alto nivel entre a Uni\u00f3n Europea e Noruega en materia de pesca, realizando as xesti\u00f3ns oportunas para a aprobaci\u00f3n da reforma iniciada pola Comisi\u00f3n Europea do Regulamento 1026\/2012, que permite adoptar medidas contraaqueles pa\u00edses que non realizan unha pesca sostible.\" \/>\n<meta property=\"og:url\" content=\"https:\/\/ppdegalicia.com\/es\/o-parlamento-galego-pide-a-reforma-do-regulamento-europeo-que-permite-adoptar-medidas-contra-paises-que-non-realicen-unha-pesca-sostible\/\" \/>\n<meta property=\"og:site_name\" content=\"PP de Galicia\" \/>\n<meta property=\"article:publisher\" content=\"https:\/\/www.instagram.com\/ppdegalicia\/\" \/>\n<meta property=\"article:published_time\" content=\"2025-05-05T17:32:36+00:00\" \/>\n<meta property=\"og:image\" content=\"https:\/\/ppdegalicia.com\/wp-content\/uploads\/2025\/05\/20250505_C8-13-scaled.jpg\" \/>\n\t<meta property=\"og:image:width\" content=\"2560\" \/>\n\t<meta property=\"og:image:height\" content=\"1707\" \/>\n\t<meta property=\"og:image:type\" content=\"image\/jpeg\" \/>\n<meta name=\"author\" content=\"ppdegaliciaredes\" \/>\n<meta name=\"twitter:card\" content=\"summary_large_image\" \/>\n<meta name=\"twitter:creator\" content=\"@ppdegalicia\" \/>\n<meta name=\"twitter:site\" content=\"@ppdegalicia\" \/>\n<meta name=\"twitter:label1\" content=\"Escrito por\" \/>\n\t<meta name=\"twitter:data1\" content=\"ppdegaliciaredes\" \/>\n\t<meta name=\"twitter:label2\" content=\"Tiempo de lectura\" \/>\n\t<meta name=\"twitter:data2\" content=\"3 minutos\" \/>\n<script type=\"application\/ld+json\" class=\"yoast-schema-graph\">{\"@context\":\"https:\\\/\\\/schema.org\",\"@graph\":[{\"@type\":\"Article\",\"@id\":\"https:\\\/\\\/ppdegalicia.com\\\/es\\\/o-parlamento-galego-pide-a-reforma-do-regulamento-europeo-que-permite-adoptar-medidas-contra-paises-que-non-realicen-unha-pesca-sostible\\\/#article\",\"isPartOf\":{\"@id\":\"https:\\\/\\\/ppdegalicia.com\\\/es\\\/o-parlamento-galego-pide-a-reforma-do-regulamento-europeo-que-permite-adoptar-medidas-contra-paises-que-non-realicen-unha-pesca-sostible\\\/\"},\"author\":{\"name\":\"ppdegaliciaredes\",\"@id\":\"https:\\\/\\\/ppdegalicia.com\\\/es\\\/#\\\/schema\\\/person\\\/5b822c6f59e872ebdd1142f307dbcb59\"},\"headline\":\"O Parlamento galego pide a reforma do Regulamento europeo que permite adoptar medidas contra pa\u00edses que non realicen unha pesca sostible\",\"datePublished\":\"2025-05-05T17:32:36+00:00\",\"mainEntityOfPage\":{\"@id\":\"https:\\\/\\\/ppdegalicia.com\\\/es\\\/o-parlamento-galego-pide-a-reforma-do-regulamento-europeo-que-permite-adoptar-medidas-contra-paises-que-non-realicen-unha-pesca-sostible\\\/\"},\"wordCount\":461,\"publisher\":{\"@id\":\"https:\\\/\\\/ppdegalicia.com\\\/es\\\/#organization\"},\"image\":{\"@id\":\"https:\\\/\\\/ppdegalicia.com\\\/es\\\/o-parlamento-galego-pide-a-reforma-do-regulamento-europeo-que-permite-adoptar-medidas-contra-paises-que-non-realicen-unha-pesca-sostible\\\/#primaryimage\"},\"thumbnailUrl\":\"https:\\\/\\\/ppdegalicia.com\\\/wp-content\\\/uploads\\\/2025\\\/05\\\/20250505_C8-13-scaled.jpg\",\"articleSection\":[\"Parlamento de Galicia\"],\"inLanguage\":\"es\"},{\"@type\":\"WebPage\",\"@id\":\"https:\\\/\\\/ppdegalicia.com\\\/es\\\/o-parlamento-galego-pide-a-reforma-do-regulamento-europeo-que-permite-adoptar-medidas-contra-paises-que-non-realicen-unha-pesca-sostible\\\/\",\"url\":\"https:\\\/\\\/ppdegalicia.com\\\/es\\\/o-parlamento-galego-pide-a-reforma-do-regulamento-europeo-que-permite-adoptar-medidas-contra-paises-que-non-realicen-unha-pesca-sostible\\\/\",\"name\":\"O Parlamento galego pide a reforma do Regulamento europeo que permite adoptar medidas contra pa\u00edses que non realicen unha pesca sostible - PP de Galicia\",\"isPartOf\":{\"@id\":\"https:\\\/\\\/ppdegalicia.com\\\/es\\\/#website\"},\"primaryImageOfPage\":{\"@id\":\"https:\\\/\\\/ppdegalicia.com\\\/es\\\/o-parlamento-galego-pide-a-reforma-do-regulamento-europeo-que-permite-adoptar-medidas-contra-paises-que-non-realicen-unha-pesca-sostible\\\/#primaryimage\"},\"image\":{\"@id\":\"https:\\\/\\\/ppdegalicia.com\\\/es\\\/o-parlamento-galego-pide-a-reforma-do-regulamento-europeo-que-permite-adoptar-medidas-contra-paises-que-non-realicen-unha-pesca-sostible\\\/#primaryimage\"},\"thumbnailUrl\":\"https:\\\/\\\/ppdegalicia.com\\\/wp-content\\\/uploads\\\/2025\\\/05\\\/20250505_C8-13-scaled.jpg\",\"datePublished\":\"2025-05-05T17:32:36+00:00\",\"description\":\"O Parlamento de Galicia aprobou hoxe a proposici\u00f3n non de lei do Grupo Popular a trav\u00e9s da que se demanda ao Goberno central que apoie a continuidade do di\u00e1logo de alto nivel entre a Uni\u00f3n Europea e Noruega en materia de pesca, realizando as xesti\u00f3ns oportunas para a aprobaci\u00f3n da reforma iniciada pola Comisi\u00f3n Europea do Regulamento 1026\\\/2012, que permite adoptar medidas contraaqueles pa\u00edses que non realizan unha pesca sostible.\",\"breadcrumb\":{\"@id\":\"https:\\\/\\\/ppdegalicia.com\\\/es\\\/o-parlamento-galego-pide-a-reforma-do-regulamento-europeo-que-permite-adoptar-medidas-contra-paises-que-non-realicen-unha-pesca-sostible\\\/#breadcrumb\"},\"inLanguage\":\"es\",\"potentialAction\":[{\"@type\":\"ReadAction\",\"target\":[\"https:\\\/\\\/ppdegalicia.com\\\/es\\\/o-parlamento-galego-pide-a-reforma-do-regulamento-europeo-que-permite-adoptar-medidas-contra-paises-que-non-realicen-unha-pesca-sostible\\\/\"]}]},{\"@type\":\"ImageObject\",\"inLanguage\":\"es\",\"@id\":\"https:\\\/\\\/ppdegalicia.com\\\/es\\\/o-parlamento-galego-pide-a-reforma-do-regulamento-europeo-que-permite-adoptar-medidas-contra-paises-que-non-realicen-unha-pesca-sostible\\\/#primaryimage\",\"url\":\"https:\\\/\\\/ppdegalicia.com\\\/wp-content\\\/uploads\\\/2025\\\/05\\\/20250505_C8-13-scaled.jpg\",\"contentUrl\":\"https:\\\/\\\/ppdegalicia.com\\\/wp-content\\\/uploads\\\/2025\\\/05\\\/20250505_C8-13-scaled.jpg\",\"width\":2560,\"height\":1707},{\"@type\":\"BreadcrumbList\",\"@id\":\"https:\\\/\\\/ppdegalicia.com\\\/es\\\/o-parlamento-galego-pide-a-reforma-do-regulamento-europeo-que-permite-adoptar-medidas-contra-paises-que-non-realicen-unha-pesca-sostible\\\/#breadcrumb\",\"itemListElement\":[{\"@type\":\"ListItem\",\"position\":1,\"name\":\"Portada\",\"item\":\"https:\\\/\\\/ppdegalicia.com\\\/es\\\/\"},{\"@type\":\"ListItem\",\"position\":2,\"name\":\"O Parlamento galego pide a reforma do Regulamento europeo que permite adoptar medidas contra pa\u00edses que non realicen unha pesca sostible\"}]},{\"@type\":\"WebSite\",\"@id\":\"https:\\\/\\\/ppdegalicia.com\\\/es\\\/#website\",\"url\":\"https:\\\/\\\/ppdegalicia.com\\\/es\\\/\",\"name\":\"Partido Popular de Galicia\",\"description\":\"Partido Popular de Galicia\",\"publisher\":{\"@id\":\"https:\\\/\\\/ppdegalicia.com\\\/es\\\/#organization\"},\"alternateName\":\"PP de Galicia\",\"potentialAction\":[{\"@type\":\"SearchAction\",\"target\":{\"@type\":\"EntryPoint\",\"urlTemplate\":\"https:\\\/\\\/ppdegalicia.com\\\/es\\\/?s={search_term_string}\"},\"query-input\":{\"@type\":\"PropertyValueSpecification\",\"valueRequired\":true,\"valueName\":\"search_term_string\"}}],\"inLanguage\":\"es\"},{\"@type\":\"Organization\",\"@id\":\"https:\\\/\\\/ppdegalicia.com\\\/es\\\/#organization\",\"name\":\"Partido Popular de Galicia\",\"alternateName\":\"PP de Galicia\",\"url\":\"https:\\\/\\\/ppdegalicia.com\\\/es\\\/\",\"logo\":{\"@type\":\"ImageObject\",\"inLanguage\":\"es\",\"@id\":\"https:\\\/\\\/ppdegalicia.com\\\/es\\\/#\\\/schema\\\/logo\\\/image\\\/\",\"url\":\"https:\\\/\\\/ppdegalicia.com\\\/wp-content\\\/uploads\\\/2023\\\/04\\\/logoPP512.png\",\"contentUrl\":\"https:\\\/\\\/ppdegalicia.com\\\/wp-content\\\/uploads\\\/2023\\\/04\\\/logoPP512.png\",\"width\":512,\"height\":512,\"caption\":\"Partido Popular de Galicia\"},\"image\":{\"@id\":\"https:\\\/\\\/ppdegalicia.com\\\/es\\\/#\\\/schema\\\/logo\\\/image\\\/\"},\"sameAs\":[\"https:\\\/\\\/www.instagram.com\\\/ppdegalicia\\\/\",\"https:\\\/\\\/x.com\\\/ppdegalicia\",\"https:\\\/\\\/www.tiktok.com\\\/@ppdegalicia\",\"https:\\\/\\\/www.youtube.com\\\/user\\\/ppdegalicia\"]},{\"@type\":\"Person\",\"@id\":\"https:\\\/\\\/ppdegalicia.com\\\/es\\\/#\\\/schema\\\/person\\\/5b822c6f59e872ebdd1142f307dbcb59\",\"name\":\"ppdegaliciaredes\",\"image\":{\"@type\":\"ImageObject\",\"inLanguage\":\"es\",\"@id\":\"https:\\\/\\\/secure.gravatar.com\\\/avatar\\\/3c9179cf0256d00c72a48d1f25783c58b6842cd56e85ef3a572881c8e28ccd59?s=96&d=mm&r=g\",\"url\":\"https:\\\/\\\/secure.gravatar.com\\\/avatar\\\/3c9179cf0256d00c72a48d1f25783c58b6842cd56e85ef3a572881c8e28ccd59?s=96&d=mm&r=g\",\"contentUrl\":\"https:\\\/\\\/secure.gravatar.com\\\/avatar\\\/3c9179cf0256d00c72a48d1f25783c58b6842cd56e85ef3a572881c8e28ccd59?s=96&d=mm&r=g\",\"caption\":\"ppdegaliciaredes\"},\"url\":\"https:\\\/\\\/ppdegalicia.com\\\/es\\\/author\\\/ppdegaliciaredes\\\/\"}]}<\/script>\n<!-- \/ Yoast SEO plugin. -->","yoast_head_json":{"title":"O Parlamento galego pide a reforma do Regulamento europeo que permite adoptar medidas contra pa\u00edses que non realicen unha pesca sostible - PP de Galicia","description":"O Parlamento de Galicia aprobou hoxe a proposici\u00f3n non de lei do Grupo Popular a trav\u00e9s da que se demanda ao Goberno central que apoie a continuidade do di\u00e1logo de alto nivel entre a Uni\u00f3n Europea e Noruega en materia de pesca, realizando as xesti\u00f3ns oportunas para a aprobaci\u00f3n da reforma iniciada pola Comisi\u00f3n Europea do Regulamento 1026\/2012, que permite adoptar medidas contraaqueles pa\u00edses que non realizan unha pesca sostible.","robots":{"index":"index","follow":"follow","max-snippet":"max-snippet:-1","max-image-preview":"max-image-preview:large","max-video-preview":"max-video-preview:-1"},"canonical":"https:\/\/ppdegalicia.com\/es\/o-parlamento-galego-pide-a-reforma-do-regulamento-europeo-que-permite-adoptar-medidas-contra-paises-que-non-realicen-unha-pesca-sostible\/","og_locale":"es_ES","og_type":"article","og_title":"O Parlamento galego pide a reforma do Regulamento europeo que permite adoptar medidas contra pa\u00edses que non realicen unha pesca sostible - PP de Galicia","og_description":"O Parlamento de Galicia aprobou hoxe a proposici\u00f3n non de lei do Grupo Popular a trav\u00e9s da que se demanda ao Goberno central que apoie a continuidade do di\u00e1logo de alto nivel entre a Uni\u00f3n Europea e Noruega en materia de pesca, realizando as xesti\u00f3ns oportunas para a aprobaci\u00f3n da reforma iniciada pola Comisi\u00f3n Europea do Regulamento 1026\/2012, que permite adoptar medidas contraaqueles pa\u00edses que non realizan unha pesca sostible.","og_url":"https:\/\/ppdegalicia.com\/es\/o-parlamento-galego-pide-a-reforma-do-regulamento-europeo-que-permite-adoptar-medidas-contra-paises-que-non-realicen-unha-pesca-sostible\/","og_site_name":"PP de Galicia","article_publisher":"https:\/\/www.instagram.com\/ppdegalicia\/","article_published_time":"2025-05-05T17:32:36+00:00","og_image":[{"width":2560,"height":1707,"url":"https:\/\/ppdegalicia.com\/wp-content\/uploads\/2025\/05\/20250505_C8-13-scaled.jpg","type":"image\/jpeg"}],"author":"ppdegaliciaredes","twitter_card":"summary_large_image","twitter_creator":"@ppdegalicia","twitter_site":"@ppdegalicia","twitter_misc":{"Escrito por":"ppdegaliciaredes","Tiempo de lectura":"3 minutos"},"schema":{"@context":"https:\/\/schema.org","@graph":[{"@type":"Article","@id":"https:\/\/ppdegalicia.com\/es\/o-parlamento-galego-pide-a-reforma-do-regulamento-europeo-que-permite-adoptar-medidas-contra-paises-que-non-realicen-unha-pesca-sostible\/#article","isPartOf":{"@id":"https:\/\/ppdegalicia.com\/es\/o-parlamento-galego-pide-a-reforma-do-regulamento-europeo-que-permite-adoptar-medidas-contra-paises-que-non-realicen-unha-pesca-sostible\/"},"author":{"name":"ppdegaliciaredes","@id":"https:\/\/ppdegalicia.com\/es\/#\/schema\/person\/5b822c6f59e872ebdd1142f307dbcb59"},"headline":"O Parlamento galego pide a reforma do Regulamento europeo que permite adoptar medidas contra pa\u00edses que non realicen unha pesca sostible","datePublished":"2025-05-05T17:32:36+00:00","mainEntityOfPage":{"@id":"https:\/\/ppdegalicia.com\/es\/o-parlamento-galego-pide-a-reforma-do-regulamento-europeo-que-permite-adoptar-medidas-contra-paises-que-non-realicen-unha-pesca-sostible\/"},"wordCount":461,"publisher":{"@id":"https:\/\/ppdegalicia.com\/es\/#organization"},"image":{"@id":"https:\/\/ppdegalicia.com\/es\/o-parlamento-galego-pide-a-reforma-do-regulamento-europeo-que-permite-adoptar-medidas-contra-paises-que-non-realicen-unha-pesca-sostible\/#primaryimage"},"thumbnailUrl":"https:\/\/ppdegalicia.com\/wp-content\/uploads\/2025\/05\/20250505_C8-13-scaled.jpg","articleSection":["Parlamento de Galicia"],"inLanguage":"es"},{"@type":"WebPage","@id":"https:\/\/ppdegalicia.com\/es\/o-parlamento-galego-pide-a-reforma-do-regulamento-europeo-que-permite-adoptar-medidas-contra-paises-que-non-realicen-unha-pesca-sostible\/","url":"https:\/\/ppdegalicia.com\/es\/o-parlamento-galego-pide-a-reforma-do-regulamento-europeo-que-permite-adoptar-medidas-contra-paises-que-non-realicen-unha-pesca-sostible\/","name":"O Parlamento galego pide a reforma do Regulamento europeo que permite adoptar medidas contra pa\u00edses que non realicen unha pesca sostible - PP de Galicia","isPartOf":{"@id":"https:\/\/ppdegalicia.com\/es\/#website"},"primaryImageOfPage":{"@id":"https:\/\/ppdegalicia.com\/es\/o-parlamento-galego-pide-a-reforma-do-regulamento-europeo-que-permite-adoptar-medidas-contra-paises-que-non-realicen-unha-pesca-sostible\/#primaryimage"},"image":{"@id":"https:\/\/ppdegalicia.com\/es\/o-parlamento-galego-pide-a-reforma-do-regulamento-europeo-que-permite-adoptar-medidas-contra-paises-que-non-realicen-unha-pesca-sostible\/#primaryimage"},"thumbnailUrl":"https:\/\/ppdegalicia.com\/wp-content\/uploads\/2025\/05\/20250505_C8-13-scaled.jpg","datePublished":"2025-05-05T17:32:36+00:00","description":"O Parlamento de Galicia aprobou hoxe a proposici\u00f3n non de lei do Grupo Popular a trav\u00e9s da que se demanda ao Goberno central que apoie a continuidade do di\u00e1logo de alto nivel entre a Uni\u00f3n Europea e Noruega en materia de pesca, realizando as xesti\u00f3ns oportunas para a aprobaci\u00f3n da reforma iniciada pola Comisi\u00f3n Europea do Regulamento 1026\/2012, que permite adoptar medidas contraaqueles pa\u00edses que non realizan unha pesca sostible.","breadcrumb":{"@id":"https:\/\/ppdegalicia.com\/es\/o-parlamento-galego-pide-a-reforma-do-regulamento-europeo-que-permite-adoptar-medidas-contra-paises-que-non-realicen-unha-pesca-sostible\/#breadcrumb"},"inLanguage":"es","potentialAction":[{"@type":"ReadAction","target":["https:\/\/ppdegalicia.com\/es\/o-parlamento-galego-pide-a-reforma-do-regulamento-europeo-que-permite-adoptar-medidas-contra-paises-que-non-realicen-unha-pesca-sostible\/"]}]},{"@type":"ImageObject","inLanguage":"es","@id":"https:\/\/ppdegalicia.com\/es\/o-parlamento-galego-pide-a-reforma-do-regulamento-europeo-que-permite-adoptar-medidas-contra-paises-que-non-realicen-unha-pesca-sostible\/#primaryimage","url":"https:\/\/ppdegalicia.com\/wp-content\/uploads\/2025\/05\/20250505_C8-13-scaled.jpg","contentUrl":"https:\/\/ppdegalicia.com\/wp-content\/uploads\/2025\/05\/20250505_C8-13-scaled.jpg","width":2560,"height":1707},{"@type":"BreadcrumbList","@id":"https:\/\/ppdegalicia.com\/es\/o-parlamento-galego-pide-a-reforma-do-regulamento-europeo-que-permite-adoptar-medidas-contra-paises-que-non-realicen-unha-pesca-sostible\/#breadcrumb","itemListElement":[{"@type":"ListItem","position":1,"name":"Portada","item":"https:\/\/ppdegalicia.com\/es\/"},{"@type":"ListItem","position":2,"name":"O Parlamento galego pide a reforma do Regulamento europeo que permite adoptar medidas contra pa\u00edses que non realicen unha pesca sostible"}]},{"@type":"WebSite","@id":"https:\/\/ppdegalicia.com\/es\/#website","url":"https:\/\/ppdegalicia.com\/es\/","name":"Partido Popular de Galicia","description":"Partido Popular de Galicia","publisher":{"@id":"https:\/\/ppdegalicia.com\/es\/#organization"},"alternateName":"PP de Galicia","potentialAction":[{"@type":"SearchAction","target":{"@type":"EntryPoint","urlTemplate":"https:\/\/ppdegalicia.com\/es\/?s={search_term_string}"},"query-input":{"@type":"PropertyValueSpecification","valueRequired":true,"valueName":"search_term_string"}}],"inLanguage":"es"},{"@type":"Organization","@id":"https:\/\/ppdegalicia.com\/es\/#organization","name":"Partido Popular de Galicia","alternateName":"PP de Galicia","url":"https:\/\/ppdegalicia.com\/es\/","logo":{"@type":"ImageObject","inLanguage":"es","@id":"https:\/\/ppdegalicia.com\/es\/#\/schema\/logo\/image\/","url":"https:\/\/ppdegalicia.com\/wp-content\/uploads\/2023\/04\/logoPP512.png","contentUrl":"https:\/\/ppdegalicia.com\/wp-content\/uploads\/2023\/04\/logoPP512.png","width":512,"height":512,"caption":"Partido Popular de Galicia"},"image":{"@id":"https:\/\/ppdegalicia.com\/es\/#\/schema\/logo\/image\/"},"sameAs":["https:\/\/www.instagram.com\/ppdegalicia\/","https:\/\/x.com\/ppdegalicia","https:\/\/www.tiktok.com\/@ppdegalicia","https:\/\/www.youtube.com\/user\/ppdegalicia"]},{"@type":"Person","@id":"https:\/\/ppdegalicia.com\/es\/#\/schema\/person\/5b822c6f59e872ebdd1142f307dbcb59","name":"ppdegaliciaredes","image":{"@type":"ImageObject","inLanguage":"es","@id":"https:\/\/secure.gravatar.com\/avatar\/3c9179cf0256d00c72a48d1f25783c58b6842cd56e85ef3a572881c8e28ccd59?s=96&d=mm&r=g","url":"https:\/\/secure.gravatar.com\/avatar\/3c9179cf0256d00c72a48d1f25783c58b6842cd56e85ef3a572881c8e28ccd59?s=96&d=mm&r=g","contentUrl":"https:\/\/secure.gravatar.com\/avatar\/3c9179cf0256d00c72a48d1f25783c58b6842cd56e85ef3a572881c8e28ccd59?s=96&d=mm&r=g","caption":"ppdegaliciaredes"},"url":"https:\/\/ppdegalicia.com\/es\/author\/ppdegaliciaredes\/"}]}},"_links":{"self":[{"href":"https:\/\/ppdegalicia.com\/es\/wp-json\/wp\/v2\/posts\/66857","targetHints":{"allow":["GET"]}}],"collection":[{"href":"https:\/\/ppdegalicia.com\/es\/wp-json\/wp\/v2\/posts"}],"about":[{"href":"https:\/\/ppdegalicia.com\/es\/wp-json\/wp\/v2\/types\/post"}],"author":[{"embeddable":true,"href":"https:\/\/ppdegalicia.com\/es\/wp-json\/wp\/v2\/users\/38"}],"replies":[{"embeddable":true,"href":"https:\/\/ppdegalicia.com\/es\/wp-json\/wp\/v2\/comments?post=66857"}],"version-history":[{"count":1,"href":"https:\/\/ppdegalicia.com\/es\/wp-json\/wp\/v2\/posts\/66857\/revisions"}],"predecessor-version":[{"id":66860,"href":"https:\/\/ppdegalicia.com\/es\/wp-json\/wp\/v2\/posts\/66857\/revisions\/66860"}],"wp:featuredmedia":[{"embeddable":true,"href":"https:\/\/ppdegalicia.com\/es\/wp-json\/wp\/v2\/media\/66858"}],"wp:attachment":[{"href":"https:\/\/ppdegalicia.com\/es\/wp-json\/wp\/v2\/media?parent=66857"}],"wp:term":[{"taxonomy":"category","embeddable":true,"href":"https:\/\/ppdegalicia.com\/es\/wp-json\/wp\/v2\/categories?post=66857"},{"taxonomy":"post_tag","embeddable":true,"href":"https:\/\/ppdegalicia.com\/es\/wp-json\/wp\/v2\/tags?post=66857"}],"curies":[{"name":"wp","href":"https:\/\/api.w.org\/{rel}","templated":true}]}}