{"id":66867,"date":"2025-05-06T10:59:42","date_gmt":"2025-05-06T09:59:42","guid":{"rendered":"https:\/\/ppdegalicia.com\/?p=66867"},"modified":"2025-05-06T10:59:42","modified_gmt":"2025-05-06T09:59:42","slug":"o-grupo-popular-asegura-que-a-xunta-xa-ten-lexislado-e-esta-a-cumprir-todo-o-que-pretende-o-bng-coa-sua-proposicion-de-lei-de-clausulas-sociais-e-de-igualdade-na-contratacion","status":"publish","type":"post","link":"https:\/\/ppdegalicia.com\/es\/o-grupo-popular-asegura-que-a-xunta-xa-ten-lexislado-e-esta-a-cumprir-todo-o-que-pretende-o-bng-coa-sua-proposicion-de-lei-de-clausulas-sociais-e-de-igualdade-na-contratacion\/","title":{"rendered":"O Grupo Popular asegura que a Xunta xa ten lexislado e est\u00e1 a cumprir todo o que pretende o BNG coa s\u00faa proposici\u00f3n de lei de cl\u00e1usulas sociais e de igualdade na contrataci\u00f3n"},"content":{"rendered":"<p>O deputado do Grupo Popular Roberto Rodr\u00edguez afirmou hoxe no Pleno do Parlamento galego que \u201co que pretende conseguir o BNG coa s\u00faa proposici\u00f3n de lei para a inclusi\u00f3n de cl\u00e1usulas sociais e de igualdade na contrataci\u00f3n p\u00fablica xa est\u00e1 lexislada e se est\u00e1 a cumprir por parte da Xunta de Galicia\u201d. \u201cO fomento deste tipo de criterios xa se favorece a trav\u00e9s de previsi\u00f3ns legais, que \u00e1 s\u00faa vez foron obxecto de desenvolvemento posterior para mellorar a s\u00faa aplicaci\u00f3n e implantaci\u00f3n\u201d, apuntou.<\/p>\n<p>Roberto Rodr\u00edguez manifestou que \u201ca posibilidade de favorecer determinadas pol\u00edticas p\u00fablicas a trav\u00e9s da contrataci\u00f3n p\u00fablica e da actividade subvencionadora \u00e9 unha realidade xa implantada\u201d. As\u00ed, enumerou varias normativas existentes ao respecto, como a Lei 14\/2013 de racionalizaci\u00f3n do sector p\u00fablico auton\u00f3mico, a Lei 1\/2015 de garant\u00eda de calidade dos servizos p\u00fablicos e da boa administraci\u00f3n, a Lei 1\/2016 de transparencia e bo goberno ou a Lei 7\/2023 para a igualdade efectiva de mulleres e homes de Galicia.<\/p>\n<p><strong>UNHA D\u00c9CADA DE RETRASO<\/strong><\/p>\n<p>Ademais, a Xunta ten aprobado outras medidas de car\u00e1cter non lexislativo neste eido, como a Gu\u00eda para unha contrataci\u00f3n p\u00fablica socialmente responsable, o Cat\u00e1logo de criterios de adxudicaci\u00f3n para contratos de obra, o Cat\u00e1logo de criterios de baremaci\u00f3n para subvenci\u00f3ns ou a Gu\u00eda de contrataci\u00f3n p\u00fablica ecol\u00f3xica.<\/p>\n<p>\u201cLamento que a sensibilidade sobre a responsabilidade social e sobre as cl\u00e1usulas sociais lles chegue cunha d\u00e9cada de retraso\u201d, indicou o deputado popular refer\u00edndose \u00e1 proposici\u00f3n de lei do BNG.<\/p>\n<p>Para rematar, Roberto Rodr\u00edguez cuestionou aos nacionalistas galegos \u201ccal \u00e9 o seu modelo de contrataci\u00f3n p\u00fablica?\u201d, ao respondeu que, \u201ccomo quedou acreditado na recente comisi\u00f3n de investigaci\u00f3n celebrada neste Parlamento galego, \u00e9 o de Atlantic Ponte, esa consultora dirixida por persas moi pr\u00f3ximas ao entorno da c\u00fapula do BNG \u00e1 que administraci\u00f3ns nas que gobernan ou apoian ao goberno se lle te\u00f1en adxudicado contratos por importe de 3,6 mill\u00f3ns de euros, maiormente contratos a dedo\u201d.<\/p>\n","protected":false},"excerpt":{"rendered":"<p>O deputado do Grupo Popular Roberto Rodr\u00edguez afirmou hoxe no Pleno do Parlamento galego que \u201co que pretende conseguir o BNG coa s\u00faa proposici\u00f3n de lei para a inclusi\u00f3n de cl\u00e1usulas sociais e de igualdade na contrataci\u00f3n p\u00fablica xa est\u00e1 lexislada e se est\u00e1 a cumprir por parte da Xunta de Galicia\u201d. \u201cO fomento deste [&hellip;]<\/p>\n","protected":false},"author":38,"featured_media":66868,"comment_status":"closed","ping_status":"open","sticky":false,"template":"","format":"standard","meta":{"_acf_changed":false,"footnotes":""},"categories":[1128],"tags":[],"class_list":["post-66867","post","type-post","status-publish","format-standard","has-post-thumbnail","hentry","category-actualidad-parlamento-de-galicia"],"acf":[],"yoast_head":"<!-- This site is optimized with the Yoast SEO plugin v27.3 - https:\/\/yoast.com\/product\/yoast-seo-wordpress\/ -->\n<title>O Grupo Popular asegura que a Xunta xa ten lexislado e est\u00e1 a cumprir todo o que pretende o BNG coa s\u00faa proposici\u00f3n de lei de cl\u00e1usulas sociais e de igualdade na contrataci\u00f3n - PP de Galicia<\/title>\n<meta name=\"description\" content=\"O deputado do Grupo Popular Roberto Rodr\u00edguez afirmou hoxe no Pleno do Parlamento galego que \u201co que pretende conseguir o BNG coa s\u00faa proposici\u00f3n de lei para a inclusi\u00f3n de cl\u00e1usulas sociais e de igualdade na contrataci\u00f3n p\u00fablica xa est\u00e1 lexislada e se est\u00e1 a cumprir por parte da Xunta de Galicia\u201d. \u201cO fomento deste tipo de criterios xa se favorece a trav\u00e9s de previsi\u00f3ns legais, que \u00e1 s\u00faa vez foron obxecto de desenvolvemento posterior para mellorar a s\u00faa aplicaci\u00f3n e implantaci\u00f3n\u201d, apuntou.\" \/>\n<meta name=\"robots\" content=\"index, follow, max-snippet:-1, max-image-preview:large, max-video-preview:-1\" \/>\n<link rel=\"canonical\" href=\"https:\/\/ppdegalicia.com\/es\/o-grupo-popular-asegura-que-a-xunta-xa-ten-lexislado-e-esta-a-cumprir-todo-o-que-pretende-o-bng-coa-sua-proposicion-de-lei-de-clausulas-sociais-e-de-igualdade-na-contratacion\/\" \/>\n<meta property=\"og:locale\" content=\"es_ES\" \/>\n<meta property=\"og:type\" content=\"article\" \/>\n<meta property=\"og:title\" content=\"O Grupo Popular asegura que a Xunta xa ten lexislado e est\u00e1 a cumprir todo o que pretende o BNG coa s\u00faa proposici\u00f3n de lei de cl\u00e1usulas sociais e de igualdade na contrataci\u00f3n - PP de Galicia\" \/>\n<meta property=\"og:description\" content=\"O deputado do Grupo Popular Roberto Rodr\u00edguez afirmou hoxe no Pleno do Parlamento galego que \u201co que pretende conseguir o BNG coa s\u00faa proposici\u00f3n de lei para a inclusi\u00f3n de cl\u00e1usulas sociais e de igualdade na contrataci\u00f3n p\u00fablica xa est\u00e1 lexislada e se est\u00e1 a cumprir por parte da Xunta de Galicia\u201d. \u201cO fomento deste tipo de criterios xa se favorece a trav\u00e9s de previsi\u00f3ns legais, que \u00e1 s\u00faa vez foron obxecto de desenvolvemento posterior para mellorar a s\u00faa aplicaci\u00f3n e implantaci\u00f3n\u201d, apuntou.\" \/>\n<meta property=\"og:url\" content=\"https:\/\/ppdegalicia.com\/es\/o-grupo-popular-asegura-que-a-xunta-xa-ten-lexislado-e-esta-a-cumprir-todo-o-que-pretende-o-bng-coa-sua-proposicion-de-lei-de-clausulas-sociais-e-de-igualdade-na-contratacion\/\" \/>\n<meta property=\"og:site_name\" content=\"PP de Galicia\" \/>\n<meta property=\"article:publisher\" content=\"https:\/\/www.instagram.com\/ppdegalicia\/\" \/>\n<meta property=\"article:published_time\" content=\"2025-05-06T09:59:42+00:00\" \/>\n<meta property=\"og:image\" content=\"https:\/\/ppdegalicia.com\/wp-content\/uploads\/2025\/05\/20250506_Pleno_Ordinario33-scaled.jpg\" \/>\n\t<meta property=\"og:image:width\" content=\"2560\" \/>\n\t<meta property=\"og:image:height\" content=\"1707\" \/>\n\t<meta property=\"og:image:type\" content=\"image\/jpeg\" \/>\n<meta name=\"author\" content=\"ppdegaliciaredes\" \/>\n<meta name=\"twitter:card\" content=\"summary_large_image\" \/>\n<meta name=\"twitter:creator\" content=\"@ppdegalicia\" \/>\n<meta name=\"twitter:site\" content=\"@ppdegalicia\" \/>\n<meta name=\"twitter:label1\" content=\"Escrito por\" \/>\n\t<meta name=\"twitter:data1\" content=\"ppdegaliciaredes\" \/>\n\t<meta name=\"twitter:label2\" content=\"Tiempo de lectura\" \/>\n\t<meta name=\"twitter:data2\" content=\"2 minutos\" \/>\n<script type=\"application\/ld+json\" class=\"yoast-schema-graph\">{\"@context\":\"https:\\\/\\\/schema.org\",\"@graph\":[{\"@type\":\"Article\",\"@id\":\"https:\\\/\\\/ppdegalicia.com\\\/es\\\/o-grupo-popular-asegura-que-a-xunta-xa-ten-lexislado-e-esta-a-cumprir-todo-o-que-pretende-o-bng-coa-sua-proposicion-de-lei-de-clausulas-sociais-e-de-igualdade-na-contratacion\\\/#article\",\"isPartOf\":{\"@id\":\"https:\\\/\\\/ppdegalicia.com\\\/es\\\/o-grupo-popular-asegura-que-a-xunta-xa-ten-lexislado-e-esta-a-cumprir-todo-o-que-pretende-o-bng-coa-sua-proposicion-de-lei-de-clausulas-sociais-e-de-igualdade-na-contratacion\\\/\"},\"author\":{\"name\":\"ppdegaliciaredes\",\"@id\":\"https:\\\/\\\/ppdegalicia.com\\\/es\\\/#\\\/schema\\\/person\\\/5b822c6f59e872ebdd1142f307dbcb59\"},\"headline\":\"O Grupo Popular asegura que a Xunta xa ten lexislado e est\u00e1 a cumprir todo o que pretende o BNG coa s\u00faa proposici\u00f3n de lei de cl\u00e1usulas sociais e de igualdade na contrataci\u00f3n\",\"datePublished\":\"2025-05-06T09:59:42+00:00\",\"mainEntityOfPage\":{\"@id\":\"https:\\\/\\\/ppdegalicia.com\\\/es\\\/o-grupo-popular-asegura-que-a-xunta-xa-ten-lexislado-e-esta-a-cumprir-todo-o-que-pretende-o-bng-coa-sua-proposicion-de-lei-de-clausulas-sociais-e-de-igualdade-na-contratacion\\\/\"},\"wordCount\":396,\"publisher\":{\"@id\":\"https:\\\/\\\/ppdegalicia.com\\\/es\\\/#organization\"},\"image\":{\"@id\":\"https:\\\/\\\/ppdegalicia.com\\\/es\\\/o-grupo-popular-asegura-que-a-xunta-xa-ten-lexislado-e-esta-a-cumprir-todo-o-que-pretende-o-bng-coa-sua-proposicion-de-lei-de-clausulas-sociais-e-de-igualdade-na-contratacion\\\/#primaryimage\"},\"thumbnailUrl\":\"https:\\\/\\\/ppdegalicia.com\\\/wp-content\\\/uploads\\\/2025\\\/05\\\/20250506_Pleno_Ordinario33-scaled.jpg\",\"articleSection\":[\"Parlamento de Galicia\"],\"inLanguage\":\"es\"},{\"@type\":\"WebPage\",\"@id\":\"https:\\\/\\\/ppdegalicia.com\\\/es\\\/o-grupo-popular-asegura-que-a-xunta-xa-ten-lexislado-e-esta-a-cumprir-todo-o-que-pretende-o-bng-coa-sua-proposicion-de-lei-de-clausulas-sociais-e-de-igualdade-na-contratacion\\\/\",\"url\":\"https:\\\/\\\/ppdegalicia.com\\\/es\\\/o-grupo-popular-asegura-que-a-xunta-xa-ten-lexislado-e-esta-a-cumprir-todo-o-que-pretende-o-bng-coa-sua-proposicion-de-lei-de-clausulas-sociais-e-de-igualdade-na-contratacion\\\/\",\"name\":\"O Grupo Popular asegura que a Xunta xa ten lexislado e est\u00e1 a cumprir todo o que pretende o BNG coa s\u00faa proposici\u00f3n de lei de cl\u00e1usulas sociais e de igualdade na contrataci\u00f3n - PP de Galicia\",\"isPartOf\":{\"@id\":\"https:\\\/\\\/ppdegalicia.com\\\/es\\\/#website\"},\"primaryImageOfPage\":{\"@id\":\"https:\\\/\\\/ppdegalicia.com\\\/es\\\/o-grupo-popular-asegura-que-a-xunta-xa-ten-lexislado-e-esta-a-cumprir-todo-o-que-pretende-o-bng-coa-sua-proposicion-de-lei-de-clausulas-sociais-e-de-igualdade-na-contratacion\\\/#primaryimage\"},\"image\":{\"@id\":\"https:\\\/\\\/ppdegalicia.com\\\/es\\\/o-grupo-popular-asegura-que-a-xunta-xa-ten-lexislado-e-esta-a-cumprir-todo-o-que-pretende-o-bng-coa-sua-proposicion-de-lei-de-clausulas-sociais-e-de-igualdade-na-contratacion\\\/#primaryimage\"},\"thumbnailUrl\":\"https:\\\/\\\/ppdegalicia.com\\\/wp-content\\\/uploads\\\/2025\\\/05\\\/20250506_Pleno_Ordinario33-scaled.jpg\",\"datePublished\":\"2025-05-06T09:59:42+00:00\",\"description\":\"O deputado do Grupo Popular Roberto Rodr\u00edguez afirmou hoxe no Pleno do Parlamento galego que \u201co que pretende conseguir o BNG coa s\u00faa proposici\u00f3n de lei para a inclusi\u00f3n de cl\u00e1usulas sociais e de igualdade na contrataci\u00f3n p\u00fablica xa est\u00e1 lexislada e se est\u00e1 a cumprir por parte da Xunta de Galicia\u201d. \u201cO fomento deste tipo de criterios xa se favorece a trav\u00e9s de previsi\u00f3ns legais, que \u00e1 s\u00faa vez foron obxecto de desenvolvemento posterior para mellorar a s\u00faa aplicaci\u00f3n e implantaci\u00f3n\u201d, apuntou.\",\"breadcrumb\":{\"@id\":\"https:\\\/\\\/ppdegalicia.com\\\/es\\\/o-grupo-popular-asegura-que-a-xunta-xa-ten-lexislado-e-esta-a-cumprir-todo-o-que-pretende-o-bng-coa-sua-proposicion-de-lei-de-clausulas-sociais-e-de-igualdade-na-contratacion\\\/#breadcrumb\"},\"inLanguage\":\"es\",\"potentialAction\":[{\"@type\":\"ReadAction\",\"target\":[\"https:\\\/\\\/ppdegalicia.com\\\/es\\\/o-grupo-popular-asegura-que-a-xunta-xa-ten-lexislado-e-esta-a-cumprir-todo-o-que-pretende-o-bng-coa-sua-proposicion-de-lei-de-clausulas-sociais-e-de-igualdade-na-contratacion\\\/\"]}]},{\"@type\":\"ImageObject\",\"inLanguage\":\"es\",\"@id\":\"https:\\\/\\\/ppdegalicia.com\\\/es\\\/o-grupo-popular-asegura-que-a-xunta-xa-ten-lexislado-e-esta-a-cumprir-todo-o-que-pretende-o-bng-coa-sua-proposicion-de-lei-de-clausulas-sociais-e-de-igualdade-na-contratacion\\\/#primaryimage\",\"url\":\"https:\\\/\\\/ppdegalicia.com\\\/wp-content\\\/uploads\\\/2025\\\/05\\\/20250506_Pleno_Ordinario33-scaled.jpg\",\"contentUrl\":\"https:\\\/\\\/ppdegalicia.com\\\/wp-content\\\/uploads\\\/2025\\\/05\\\/20250506_Pleno_Ordinario33-scaled.jpg\",\"width\":2560,\"height\":1707},{\"@type\":\"BreadcrumbList\",\"@id\":\"https:\\\/\\\/ppdegalicia.com\\\/es\\\/o-grupo-popular-asegura-que-a-xunta-xa-ten-lexislado-e-esta-a-cumprir-todo-o-que-pretende-o-bng-coa-sua-proposicion-de-lei-de-clausulas-sociais-e-de-igualdade-na-contratacion\\\/#breadcrumb\",\"itemListElement\":[{\"@type\":\"ListItem\",\"position\":1,\"name\":\"Portada\",\"item\":\"https:\\\/\\\/ppdegalicia.com\\\/es\\\/\"},{\"@type\":\"ListItem\",\"position\":2,\"name\":\"O Grupo Popular asegura que a Xunta xa ten lexislado e est\u00e1 a cumprir todo o que pretende o BNG coa s\u00faa proposici\u00f3n de lei de cl\u00e1usulas sociais e de igualdade na contrataci\u00f3n\"}]},{\"@type\":\"WebSite\",\"@id\":\"https:\\\/\\\/ppdegalicia.com\\\/es\\\/#website\",\"url\":\"https:\\\/\\\/ppdegalicia.com\\\/es\\\/\",\"name\":\"Partido Popular de Galicia\",\"description\":\"Partido Popular de Galicia\",\"publisher\":{\"@id\":\"https:\\\/\\\/ppdegalicia.com\\\/es\\\/#organization\"},\"alternateName\":\"PP de Galicia\",\"potentialAction\":[{\"@type\":\"SearchAction\",\"target\":{\"@type\":\"EntryPoint\",\"urlTemplate\":\"https:\\\/\\\/ppdegalicia.com\\\/es\\\/?s={search_term_string}\"},\"query-input\":{\"@type\":\"PropertyValueSpecification\",\"valueRequired\":true,\"valueName\":\"search_term_string\"}}],\"inLanguage\":\"es\"},{\"@type\":\"Organization\",\"@id\":\"https:\\\/\\\/ppdegalicia.com\\\/es\\\/#organization\",\"name\":\"Partido Popular de Galicia\",\"alternateName\":\"PP de Galicia\",\"url\":\"https:\\\/\\\/ppdegalicia.com\\\/es\\\/\",\"logo\":{\"@type\":\"ImageObject\",\"inLanguage\":\"es\",\"@id\":\"https:\\\/\\\/ppdegalicia.com\\\/es\\\/#\\\/schema\\\/logo\\\/image\\\/\",\"url\":\"https:\\\/\\\/ppdegalicia.com\\\/wp-content\\\/uploads\\\/2023\\\/04\\\/logoPP512.png\",\"contentUrl\":\"https:\\\/\\\/ppdegalicia.com\\\/wp-content\\\/uploads\\\/2023\\\/04\\\/logoPP512.png\",\"width\":512,\"height\":512,\"caption\":\"Partido Popular de Galicia\"},\"image\":{\"@id\":\"https:\\\/\\\/ppdegalicia.com\\\/es\\\/#\\\/schema\\\/logo\\\/image\\\/\"},\"sameAs\":[\"https:\\\/\\\/www.instagram.com\\\/ppdegalicia\\\/\",\"https:\\\/\\\/x.com\\\/ppdegalicia\",\"https:\\\/\\\/www.tiktok.com\\\/@ppdegalicia\",\"https:\\\/\\\/www.youtube.com\\\/user\\\/ppdegalicia\"]},{\"@type\":\"Person\",\"@id\":\"https:\\\/\\\/ppdegalicia.com\\\/es\\\/#\\\/schema\\\/person\\\/5b822c6f59e872ebdd1142f307dbcb59\",\"name\":\"ppdegaliciaredes\",\"image\":{\"@type\":\"ImageObject\",\"inLanguage\":\"es\",\"@id\":\"https:\\\/\\\/secure.gravatar.com\\\/avatar\\\/3c9179cf0256d00c72a48d1f25783c58b6842cd56e85ef3a572881c8e28ccd59?s=96&d=mm&r=g\",\"url\":\"https:\\\/\\\/secure.gravatar.com\\\/avatar\\\/3c9179cf0256d00c72a48d1f25783c58b6842cd56e85ef3a572881c8e28ccd59?s=96&d=mm&r=g\",\"contentUrl\":\"https:\\\/\\\/secure.gravatar.com\\\/avatar\\\/3c9179cf0256d00c72a48d1f25783c58b6842cd56e85ef3a572881c8e28ccd59?s=96&d=mm&r=g\",\"caption\":\"ppdegaliciaredes\"},\"url\":\"https:\\\/\\\/ppdegalicia.com\\\/es\\\/author\\\/ppdegaliciaredes\\\/\"}]}<\/script>\n<!-- \/ Yoast SEO plugin. -->","yoast_head_json":{"title":"O Grupo Popular asegura que a Xunta xa ten lexislado e est\u00e1 a cumprir todo o que pretende o BNG coa s\u00faa proposici\u00f3n de lei de cl\u00e1usulas sociais e de igualdade na contrataci\u00f3n - PP de Galicia","description":"O deputado do Grupo Popular Roberto Rodr\u00edguez afirmou hoxe no Pleno do Parlamento galego que \u201co que pretende conseguir o BNG coa s\u00faa proposici\u00f3n de lei para a inclusi\u00f3n de cl\u00e1usulas sociais e de igualdade na contrataci\u00f3n p\u00fablica xa est\u00e1 lexislada e se est\u00e1 a cumprir por parte da Xunta de Galicia\u201d. \u201cO fomento deste tipo de criterios xa se favorece a trav\u00e9s de previsi\u00f3ns legais, que \u00e1 s\u00faa vez foron obxecto de desenvolvemento posterior para mellorar a s\u00faa aplicaci\u00f3n e implantaci\u00f3n\u201d, apuntou.","robots":{"index":"index","follow":"follow","max-snippet":"max-snippet:-1","max-image-preview":"max-image-preview:large","max-video-preview":"max-video-preview:-1"},"canonical":"https:\/\/ppdegalicia.com\/es\/o-grupo-popular-asegura-que-a-xunta-xa-ten-lexislado-e-esta-a-cumprir-todo-o-que-pretende-o-bng-coa-sua-proposicion-de-lei-de-clausulas-sociais-e-de-igualdade-na-contratacion\/","og_locale":"es_ES","og_type":"article","og_title":"O Grupo Popular asegura que a Xunta xa ten lexislado e est\u00e1 a cumprir todo o que pretende o BNG coa s\u00faa proposici\u00f3n de lei de cl\u00e1usulas sociais e de igualdade na contrataci\u00f3n - PP de Galicia","og_description":"O deputado do Grupo Popular Roberto Rodr\u00edguez afirmou hoxe no Pleno do Parlamento galego que \u201co que pretende conseguir o BNG coa s\u00faa proposici\u00f3n de lei para a inclusi\u00f3n de cl\u00e1usulas sociais e de igualdade na contrataci\u00f3n p\u00fablica xa est\u00e1 lexislada e se est\u00e1 a cumprir por parte da Xunta de Galicia\u201d. \u201cO fomento deste tipo de criterios xa se favorece a trav\u00e9s de previsi\u00f3ns legais, que \u00e1 s\u00faa vez foron obxecto de desenvolvemento posterior para mellorar a s\u00faa aplicaci\u00f3n e implantaci\u00f3n\u201d, apuntou.","og_url":"https:\/\/ppdegalicia.com\/es\/o-grupo-popular-asegura-que-a-xunta-xa-ten-lexislado-e-esta-a-cumprir-todo-o-que-pretende-o-bng-coa-sua-proposicion-de-lei-de-clausulas-sociais-e-de-igualdade-na-contratacion\/","og_site_name":"PP de Galicia","article_publisher":"https:\/\/www.instagram.com\/ppdegalicia\/","article_published_time":"2025-05-06T09:59:42+00:00","og_image":[{"width":2560,"height":1707,"url":"https:\/\/ppdegalicia.com\/wp-content\/uploads\/2025\/05\/20250506_Pleno_Ordinario33-scaled.jpg","type":"image\/jpeg"}],"author":"ppdegaliciaredes","twitter_card":"summary_large_image","twitter_creator":"@ppdegalicia","twitter_site":"@ppdegalicia","twitter_misc":{"Escrito por":"ppdegaliciaredes","Tiempo de lectura":"2 minutos"},"schema":{"@context":"https:\/\/schema.org","@graph":[{"@type":"Article","@id":"https:\/\/ppdegalicia.com\/es\/o-grupo-popular-asegura-que-a-xunta-xa-ten-lexislado-e-esta-a-cumprir-todo-o-que-pretende-o-bng-coa-sua-proposicion-de-lei-de-clausulas-sociais-e-de-igualdade-na-contratacion\/#article","isPartOf":{"@id":"https:\/\/ppdegalicia.com\/es\/o-grupo-popular-asegura-que-a-xunta-xa-ten-lexislado-e-esta-a-cumprir-todo-o-que-pretende-o-bng-coa-sua-proposicion-de-lei-de-clausulas-sociais-e-de-igualdade-na-contratacion\/"},"author":{"name":"ppdegaliciaredes","@id":"https:\/\/ppdegalicia.com\/es\/#\/schema\/person\/5b822c6f59e872ebdd1142f307dbcb59"},"headline":"O Grupo Popular asegura que a Xunta xa ten lexislado e est\u00e1 a cumprir todo o que pretende o BNG coa s\u00faa proposici\u00f3n de lei de cl\u00e1usulas sociais e de igualdade na contrataci\u00f3n","datePublished":"2025-05-06T09:59:42+00:00","mainEntityOfPage":{"@id":"https:\/\/ppdegalicia.com\/es\/o-grupo-popular-asegura-que-a-xunta-xa-ten-lexislado-e-esta-a-cumprir-todo-o-que-pretende-o-bng-coa-sua-proposicion-de-lei-de-clausulas-sociais-e-de-igualdade-na-contratacion\/"},"wordCount":396,"publisher":{"@id":"https:\/\/ppdegalicia.com\/es\/#organization"},"image":{"@id":"https:\/\/ppdegalicia.com\/es\/o-grupo-popular-asegura-que-a-xunta-xa-ten-lexislado-e-esta-a-cumprir-todo-o-que-pretende-o-bng-coa-sua-proposicion-de-lei-de-clausulas-sociais-e-de-igualdade-na-contratacion\/#primaryimage"},"thumbnailUrl":"https:\/\/ppdegalicia.com\/wp-content\/uploads\/2025\/05\/20250506_Pleno_Ordinario33-scaled.jpg","articleSection":["Parlamento de Galicia"],"inLanguage":"es"},{"@type":"WebPage","@id":"https:\/\/ppdegalicia.com\/es\/o-grupo-popular-asegura-que-a-xunta-xa-ten-lexislado-e-esta-a-cumprir-todo-o-que-pretende-o-bng-coa-sua-proposicion-de-lei-de-clausulas-sociais-e-de-igualdade-na-contratacion\/","url":"https:\/\/ppdegalicia.com\/es\/o-grupo-popular-asegura-que-a-xunta-xa-ten-lexislado-e-esta-a-cumprir-todo-o-que-pretende-o-bng-coa-sua-proposicion-de-lei-de-clausulas-sociais-e-de-igualdade-na-contratacion\/","name":"O Grupo Popular asegura que a Xunta xa ten lexislado e est\u00e1 a cumprir todo o que pretende o BNG coa s\u00faa proposici\u00f3n de lei de cl\u00e1usulas sociais e de igualdade na contrataci\u00f3n - PP de Galicia","isPartOf":{"@id":"https:\/\/ppdegalicia.com\/es\/#website"},"primaryImageOfPage":{"@id":"https:\/\/ppdegalicia.com\/es\/o-grupo-popular-asegura-que-a-xunta-xa-ten-lexislado-e-esta-a-cumprir-todo-o-que-pretende-o-bng-coa-sua-proposicion-de-lei-de-clausulas-sociais-e-de-igualdade-na-contratacion\/#primaryimage"},"image":{"@id":"https:\/\/ppdegalicia.com\/es\/o-grupo-popular-asegura-que-a-xunta-xa-ten-lexislado-e-esta-a-cumprir-todo-o-que-pretende-o-bng-coa-sua-proposicion-de-lei-de-clausulas-sociais-e-de-igualdade-na-contratacion\/#primaryimage"},"thumbnailUrl":"https:\/\/ppdegalicia.com\/wp-content\/uploads\/2025\/05\/20250506_Pleno_Ordinario33-scaled.jpg","datePublished":"2025-05-06T09:59:42+00:00","description":"O deputado do Grupo Popular Roberto Rodr\u00edguez afirmou hoxe no Pleno do Parlamento galego que \u201co que pretende conseguir o BNG coa s\u00faa proposici\u00f3n de lei para a inclusi\u00f3n de cl\u00e1usulas sociais e de igualdade na contrataci\u00f3n p\u00fablica xa est\u00e1 lexislada e se est\u00e1 a cumprir por parte da Xunta de Galicia\u201d. \u201cO fomento deste tipo de criterios xa se favorece a trav\u00e9s de previsi\u00f3ns legais, que \u00e1 s\u00faa vez foron obxecto de desenvolvemento posterior para mellorar a s\u00faa aplicaci\u00f3n e implantaci\u00f3n\u201d, apuntou.","breadcrumb":{"@id":"https:\/\/ppdegalicia.com\/es\/o-grupo-popular-asegura-que-a-xunta-xa-ten-lexislado-e-esta-a-cumprir-todo-o-que-pretende-o-bng-coa-sua-proposicion-de-lei-de-clausulas-sociais-e-de-igualdade-na-contratacion\/#breadcrumb"},"inLanguage":"es","potentialAction":[{"@type":"ReadAction","target":["https:\/\/ppdegalicia.com\/es\/o-grupo-popular-asegura-que-a-xunta-xa-ten-lexislado-e-esta-a-cumprir-todo-o-que-pretende-o-bng-coa-sua-proposicion-de-lei-de-clausulas-sociais-e-de-igualdade-na-contratacion\/"]}]},{"@type":"ImageObject","inLanguage":"es","@id":"https:\/\/ppdegalicia.com\/es\/o-grupo-popular-asegura-que-a-xunta-xa-ten-lexislado-e-esta-a-cumprir-todo-o-que-pretende-o-bng-coa-sua-proposicion-de-lei-de-clausulas-sociais-e-de-igualdade-na-contratacion\/#primaryimage","url":"https:\/\/ppdegalicia.com\/wp-content\/uploads\/2025\/05\/20250506_Pleno_Ordinario33-scaled.jpg","contentUrl":"https:\/\/ppdegalicia.com\/wp-content\/uploads\/2025\/05\/20250506_Pleno_Ordinario33-scaled.jpg","width":2560,"height":1707},{"@type":"BreadcrumbList","@id":"https:\/\/ppdegalicia.com\/es\/o-grupo-popular-asegura-que-a-xunta-xa-ten-lexislado-e-esta-a-cumprir-todo-o-que-pretende-o-bng-coa-sua-proposicion-de-lei-de-clausulas-sociais-e-de-igualdade-na-contratacion\/#breadcrumb","itemListElement":[{"@type":"ListItem","position":1,"name":"Portada","item":"https:\/\/ppdegalicia.com\/es\/"},{"@type":"ListItem","position":2,"name":"O Grupo Popular asegura que a Xunta xa ten lexislado e est\u00e1 a cumprir todo o que pretende o BNG coa s\u00faa proposici\u00f3n de lei de cl\u00e1usulas sociais e de igualdade na contrataci\u00f3n"}]},{"@type":"WebSite","@id":"https:\/\/ppdegalicia.com\/es\/#website","url":"https:\/\/ppdegalicia.com\/es\/","name":"Partido Popular de Galicia","description":"Partido Popular de Galicia","publisher":{"@id":"https:\/\/ppdegalicia.com\/es\/#organization"},"alternateName":"PP de Galicia","potentialAction":[{"@type":"SearchAction","target":{"@type":"EntryPoint","urlTemplate":"https:\/\/ppdegalicia.com\/es\/?s={search_term_string}"},"query-input":{"@type":"PropertyValueSpecification","valueRequired":true,"valueName":"search_term_string"}}],"inLanguage":"es"},{"@type":"Organization","@id":"https:\/\/ppdegalicia.com\/es\/#organization","name":"Partido Popular de Galicia","alternateName":"PP de Galicia","url":"https:\/\/ppdegalicia.com\/es\/","logo":{"@type":"ImageObject","inLanguage":"es","@id":"https:\/\/ppdegalicia.com\/es\/#\/schema\/logo\/image\/","url":"https:\/\/ppdegalicia.com\/wp-content\/uploads\/2023\/04\/logoPP512.png","contentUrl":"https:\/\/ppdegalicia.com\/wp-content\/uploads\/2023\/04\/logoPP512.png","width":512,"height":512,"caption":"Partido Popular de Galicia"},"image":{"@id":"https:\/\/ppdegalicia.com\/es\/#\/schema\/logo\/image\/"},"sameAs":["https:\/\/www.instagram.com\/ppdegalicia\/","https:\/\/x.com\/ppdegalicia","https:\/\/www.tiktok.com\/@ppdegalicia","https:\/\/www.youtube.com\/user\/ppdegalicia"]},{"@type":"Person","@id":"https:\/\/ppdegalicia.com\/es\/#\/schema\/person\/5b822c6f59e872ebdd1142f307dbcb59","name":"ppdegaliciaredes","image":{"@type":"ImageObject","inLanguage":"es","@id":"https:\/\/secure.gravatar.com\/avatar\/3c9179cf0256d00c72a48d1f25783c58b6842cd56e85ef3a572881c8e28ccd59?s=96&d=mm&r=g","url":"https:\/\/secure.gravatar.com\/avatar\/3c9179cf0256d00c72a48d1f25783c58b6842cd56e85ef3a572881c8e28ccd59?s=96&d=mm&r=g","contentUrl":"https:\/\/secure.gravatar.com\/avatar\/3c9179cf0256d00c72a48d1f25783c58b6842cd56e85ef3a572881c8e28ccd59?s=96&d=mm&r=g","caption":"ppdegaliciaredes"},"url":"https:\/\/ppdegalicia.com\/es\/author\/ppdegaliciaredes\/"}]}},"_links":{"self":[{"href":"https:\/\/ppdegalicia.com\/es\/wp-json\/wp\/v2\/posts\/66867","targetHints":{"allow":["GET"]}}],"collection":[{"href":"https:\/\/ppdegalicia.com\/es\/wp-json\/wp\/v2\/posts"}],"about":[{"href":"https:\/\/ppdegalicia.com\/es\/wp-json\/wp\/v2\/types\/post"}],"author":[{"embeddable":true,"href":"https:\/\/ppdegalicia.com\/es\/wp-json\/wp\/v2\/users\/38"}],"replies":[{"embeddable":true,"href":"https:\/\/ppdegalicia.com\/es\/wp-json\/wp\/v2\/comments?post=66867"}],"version-history":[{"count":1,"href":"https:\/\/ppdegalicia.com\/es\/wp-json\/wp\/v2\/posts\/66867\/revisions"}],"predecessor-version":[{"id":66870,"href":"https:\/\/ppdegalicia.com\/es\/wp-json\/wp\/v2\/posts\/66867\/revisions\/66870"}],"wp:featuredmedia":[{"embeddable":true,"href":"https:\/\/ppdegalicia.com\/es\/wp-json\/wp\/v2\/media\/66868"}],"wp:attachment":[{"href":"https:\/\/ppdegalicia.com\/es\/wp-json\/wp\/v2\/media?parent=66867"}],"wp:term":[{"taxonomy":"category","embeddable":true,"href":"https:\/\/ppdegalicia.com\/es\/wp-json\/wp\/v2\/categories?post=66867"},{"taxonomy":"post_tag","embeddable":true,"href":"https:\/\/ppdegalicia.com\/es\/wp-json\/wp\/v2\/tags?post=66867"}],"curies":[{"name":"wp","href":"https:\/\/api.w.org\/{rel}","templated":true}]}}