{"id":66885,"date":"2025-05-06T17:17:24","date_gmt":"2025-05-06T16:17:24","guid":{"rendered":"https:\/\/ppdegalicia.com\/?p=66885"},"modified":"2025-05-06T17:17:24","modified_gmt":"2025-05-06T16:17:24","slug":"rosa-gallego-exige-a-la-ministra-pilar-alegria-que-condene-los-insultos-a-todas-las-mujeres-no-solo-a-las-del-psoe","status":"publish","type":"post","link":"https:\/\/ppdegalicia.com\/es\/rosa-gallego-exige-a-la-ministra-pilar-alegria-que-condene-los-insultos-a-todas-las-mujeres-no-solo-a-las-del-psoe\/","title":{"rendered":"Rosa Gallego exige a la ministra Pilar Alegr\u00eda que condene los insultos \u201ca todas las mujeres, no s\u00f3lo a las del PSOE\u201d"},"content":{"rendered":"<p>La senadora gallega del Grupo Parlamentario Popular Rosa Gallego exige a la ministra Educaci\u00f3n, Formaci\u00f3n Profesional y Deportes y portavoz del Gobierno, Pilar Alegr\u00eda, que \u201cdeje el victimismo\u201d y condene \u201clos insultos y ataques a todas las mujeres, no s\u00f3lo las que son del PSOE\u201d.<\/p>\n<p>Critica que Pilar Alegr\u00eda achacase a \u201cuna campa\u00f1a t\u00f3xica del Partido Popular para acabar con su imagen\u201d, los insultos que recibi\u00f3 por redes sociales al conocerse que se encontraba en el Parador de Teruel la noche en que \u00c1balos presuntamente contrat\u00f3 prostitutas, cuando a\u00fan estaban vigentes las restricciones de la pandemia, y destroz\u00f3 una suite.<\/p>\n<p>\u201cLo que el PP pregunt\u00f3 aquellos d\u00edas es si usted conoc\u00eda lo que all\u00ed sucedi\u00f3 y lo que la exigimos es haber dado explicaciones antes y sin titubeos ante unos hechos tan graves\u201d, se\u00f1ala.<\/p>\n<p>La dirigente popular se dirige as\u00ed a la ministra portavoz del Ejecutivo en la sesi\u00f3n de control al Gobierno en el Senado, donde hace hincapi\u00e9 en que \u201cpor supuesto, el PP condena cualquier tipo de expresi\u00f3n machista afecte a quien afecte\u201d.<\/p>\n<p>En este sentido, la senadora gallega reitera que \u201cmuchas mujeres que nos dedicamos a la pol\u00edtica hemos sufrido y sufrimos ataques y amenazas en redes sociales, de personas escondidas en el cobarde anonimato\u201d.<\/p>\n<p>Rosa Gallego recuerda a la ministra Pilar Alegr\u00eda las cartas an\u00f3nimas \u201cllenas de odio, amenazas e insultos machistas\u201d recibidas por la misma portavoz del PP en el Senado, Alicia Garc\u00eda, y otras senadoras y diputadas del PP.<\/p>\n<p>\u201c\u00bfY ustedes, condenan estos hechos? Porque parece que los socialistas son feministas para defender a los suyos y muy machistas para el resto\u201d, critica la senadora del PP.<\/p>\n<p>As\u00ed, se\u00f1ala que \u201c\u00c1balos lleg\u00f3 a decir que era feminista porque era socialista y nos ha quedado claro: para \u00e9l elegir prostitutas por cat\u00e1logo y pagarlas con dinero p\u00fablico o atacar directamente a la diputada del PP Noelia N\u00fa\u00f1ez, diciendo que a sus 33 a\u00f1os \u2018no sabemos cu\u00e1les son sus m\u00e9ritos para tanta ocupaci\u00f3n\u2019, es el feminismo del PSOE\u201d.<\/p>\n<p>La senadora del PP por A Coru\u00f1a muestra su indignaci\u00f3n ante m\u00e1s manifestaciones de este tipo sufridas por dirigentes del PP, como la del \u201cl\u00edder del machismo, el ministro tuitero \u00d3scar Puente, llamando testaferro con derecho a roce a la pareja de Ayuso, a quien, por cierto, han llegado a llamar ida, loca, corrupta, fascista y asesina, o han alentado y celebrado el escrache sufrido en la Complutense y eso que ella no imparte una c\u00e1tedra sin estudios\u201d.<\/p>\n<p>\u201cEs insultante que ministros del PSOE digan cosas de este tipo. Es insultante que miles de mujeres vean c\u00f3mo se reducen las penas de agresores sexuales por su indigna ley; son insultantes las lecciones de feminismo de Monedero y Errej\u00f3n; ver c\u00f3mo ustedes tapan los esc\u00e1ndalos diarios en su partido; y m\u00e1s que vean la paja en el ojo ajeno y no la viga en el suyo\u201d, exclama la senadora popular.<\/p>\n<p>\u201cAlzar la voz ante todo esto ser\u00eda un ejemplo\u201d, advierte Rosa Gallego a la ministra Pilar Alegr\u00eda, a la que advierte que \u201cel machismo lo tienen dentro del PSOE y no vamos a tolerar ni una lecci\u00f3n m\u00e1s de su falso feminismo\u201d, concluye.<\/p>\n","protected":false},"excerpt":{"rendered":"<p>La senadora gallega del Grupo Parlamentario Popular Rosa Gallego exige a la ministra Educaci\u00f3n, Formaci\u00f3n Profesional y Deportes y portavoz del Gobierno, Pilar Alegr\u00eda, que \u201cdeje el victimismo\u201d y condene \u201clos insultos y ataques a todas las mujeres, no s\u00f3lo las que son del PSOE\u201d. Critica que Pilar Alegr\u00eda achacase a \u201cuna campa\u00f1a t\u00f3xica del [&hellip;]<\/p>\n","protected":false},"author":38,"featured_media":66886,"comment_status":"closed","ping_status":"open","sticky":false,"template":"","format":"standard","meta":{"_acf_changed":false,"footnotes":""},"categories":[2387],"tags":[],"class_list":["post-66885","post","type-post","status-publish","format-standard","has-post-thumbnail","hentry","category-actualidad-cortes-generales"],"acf":[],"yoast_head":"<!-- This site is optimized with the Yoast SEO plugin v27.3 - https:\/\/yoast.com\/product\/yoast-seo-wordpress\/ -->\n<title>Rosa Gallego exige a la ministra Pilar Alegr\u00eda que condene los insultos \u201ca todas las mujeres, no s\u00f3lo a las del PSOE\u201d - PP de Galicia<\/title>\n<meta name=\"description\" content=\"La senadora gallega del Grupo Parlamentario Popular Rosa Gallego exige a la ministra Educaci\u00f3n, Formaci\u00f3n Profesional y Deportes y portavoz del Gobierno, Pilar Alegr\u00eda, que \u201cdeje el victimismo\u201d y condene \u201clos insultos y ataques a todas las mujeres, no s\u00f3lo las que son del PSOE\u201d.\" \/>\n<meta name=\"robots\" content=\"index, follow, max-snippet:-1, max-image-preview:large, max-video-preview:-1\" \/>\n<link rel=\"canonical\" href=\"https:\/\/ppdegalicia.com\/es\/rosa-gallego-exige-a-la-ministra-pilar-alegria-que-condene-los-insultos-a-todas-las-mujeres-no-solo-a-las-del-psoe\/\" \/>\n<meta property=\"og:locale\" content=\"es_ES\" \/>\n<meta property=\"og:type\" content=\"article\" \/>\n<meta property=\"og:title\" content=\"Rosa Gallego exige a la ministra Pilar Alegr\u00eda que condene los insultos \u201ca todas las mujeres, no s\u00f3lo a las del PSOE\u201d - PP de Galicia\" \/>\n<meta property=\"og:description\" content=\"La senadora gallega del Grupo Parlamentario Popular Rosa Gallego exige a la ministra Educaci\u00f3n, Formaci\u00f3n Profesional y Deportes y portavoz del Gobierno, Pilar Alegr\u00eda, que \u201cdeje el victimismo\u201d y condene \u201clos insultos y ataques a todas las mujeres, no s\u00f3lo las que son del PSOE\u201d.\" \/>\n<meta property=\"og:url\" content=\"https:\/\/ppdegalicia.com\/es\/rosa-gallego-exige-a-la-ministra-pilar-alegria-que-condene-los-insultos-a-todas-las-mujeres-no-solo-a-las-del-psoe\/\" \/>\n<meta property=\"og:site_name\" content=\"PP de Galicia\" \/>\n<meta property=\"article:publisher\" content=\"https:\/\/www.instagram.com\/ppdegalicia\/\" \/>\n<meta property=\"article:published_time\" content=\"2025-05-06T16:17:24+00:00\" \/>\n<meta property=\"og:image\" content=\"https:\/\/ppdegalicia.com\/wp-content\/uploads\/2025\/05\/20250506_RosaGallego_Senado.jpg\" \/>\n\t<meta property=\"og:image:width\" content=\"2560\" \/>\n\t<meta property=\"og:image:height\" content=\"1706\" \/>\n\t<meta property=\"og:image:type\" content=\"image\/jpeg\" \/>\n<meta name=\"author\" content=\"ppdegaliciaredes\" \/>\n<meta name=\"twitter:card\" content=\"summary_large_image\" \/>\n<meta name=\"twitter:creator\" content=\"@ppdegalicia\" \/>\n<meta name=\"twitter:site\" content=\"@ppdegalicia\" \/>\n<meta name=\"twitter:label1\" content=\"Escrito por\" \/>\n\t<meta name=\"twitter:data1\" content=\"ppdegaliciaredes\" \/>\n\t<meta name=\"twitter:label2\" content=\"Tiempo de lectura\" \/>\n\t<meta name=\"twitter:data2\" content=\"4 minutos\" \/>\n<script type=\"application\/ld+json\" class=\"yoast-schema-graph\">{\"@context\":\"https:\\\/\\\/schema.org\",\"@graph\":[{\"@type\":\"Article\",\"@id\":\"https:\\\/\\\/ppdegalicia.com\\\/es\\\/rosa-gallego-exige-a-la-ministra-pilar-alegria-que-condene-los-insultos-a-todas-las-mujeres-no-solo-a-las-del-psoe\\\/#article\",\"isPartOf\":{\"@id\":\"https:\\\/\\\/ppdegalicia.com\\\/es\\\/rosa-gallego-exige-a-la-ministra-pilar-alegria-que-condene-los-insultos-a-todas-las-mujeres-no-solo-a-las-del-psoe\\\/\"},\"author\":{\"name\":\"ppdegaliciaredes\",\"@id\":\"https:\\\/\\\/ppdegalicia.com\\\/es\\\/#\\\/schema\\\/person\\\/5b822c6f59e872ebdd1142f307dbcb59\"},\"headline\":\"Rosa Gallego exige a la ministra Pilar Alegr\u00eda que condene los insultos \u201ca todas las mujeres, no s\u00f3lo a las del PSOE\u201d\",\"datePublished\":\"2025-05-06T16:17:24+00:00\",\"mainEntityOfPage\":{\"@id\":\"https:\\\/\\\/ppdegalicia.com\\\/es\\\/rosa-gallego-exige-a-la-ministra-pilar-alegria-que-condene-los-insultos-a-todas-las-mujeres-no-solo-a-las-del-psoe\\\/\"},\"wordCount\":586,\"publisher\":{\"@id\":\"https:\\\/\\\/ppdegalicia.com\\\/es\\\/#organization\"},\"image\":{\"@id\":\"https:\\\/\\\/ppdegalicia.com\\\/es\\\/rosa-gallego-exige-a-la-ministra-pilar-alegria-que-condene-los-insultos-a-todas-las-mujeres-no-solo-a-las-del-psoe\\\/#primaryimage\"},\"thumbnailUrl\":\"https:\\\/\\\/ppdegalicia.com\\\/wp-content\\\/uploads\\\/2025\\\/05\\\/20250506_RosaGallego_Senado.jpg\",\"articleSection\":[\"Cortes Generales\"],\"inLanguage\":\"es\"},{\"@type\":\"WebPage\",\"@id\":\"https:\\\/\\\/ppdegalicia.com\\\/es\\\/rosa-gallego-exige-a-la-ministra-pilar-alegria-que-condene-los-insultos-a-todas-las-mujeres-no-solo-a-las-del-psoe\\\/\",\"url\":\"https:\\\/\\\/ppdegalicia.com\\\/es\\\/rosa-gallego-exige-a-la-ministra-pilar-alegria-que-condene-los-insultos-a-todas-las-mujeres-no-solo-a-las-del-psoe\\\/\",\"name\":\"Rosa Gallego exige a la ministra Pilar Alegr\u00eda que condene los insultos \u201ca todas las mujeres, no s\u00f3lo a las del PSOE\u201d - PP de Galicia\",\"isPartOf\":{\"@id\":\"https:\\\/\\\/ppdegalicia.com\\\/es\\\/#website\"},\"primaryImageOfPage\":{\"@id\":\"https:\\\/\\\/ppdegalicia.com\\\/es\\\/rosa-gallego-exige-a-la-ministra-pilar-alegria-que-condene-los-insultos-a-todas-las-mujeres-no-solo-a-las-del-psoe\\\/#primaryimage\"},\"image\":{\"@id\":\"https:\\\/\\\/ppdegalicia.com\\\/es\\\/rosa-gallego-exige-a-la-ministra-pilar-alegria-que-condene-los-insultos-a-todas-las-mujeres-no-solo-a-las-del-psoe\\\/#primaryimage\"},\"thumbnailUrl\":\"https:\\\/\\\/ppdegalicia.com\\\/wp-content\\\/uploads\\\/2025\\\/05\\\/20250506_RosaGallego_Senado.jpg\",\"datePublished\":\"2025-05-06T16:17:24+00:00\",\"description\":\"La senadora gallega del Grupo Parlamentario Popular Rosa Gallego exige a la ministra Educaci\u00f3n, Formaci\u00f3n Profesional y Deportes y portavoz del Gobierno, Pilar Alegr\u00eda, que \u201cdeje el victimismo\u201d y condene \u201clos insultos y ataques a todas las mujeres, no s\u00f3lo las que son del PSOE\u201d.\",\"breadcrumb\":{\"@id\":\"https:\\\/\\\/ppdegalicia.com\\\/es\\\/rosa-gallego-exige-a-la-ministra-pilar-alegria-que-condene-los-insultos-a-todas-las-mujeres-no-solo-a-las-del-psoe\\\/#breadcrumb\"},\"inLanguage\":\"es\",\"potentialAction\":[{\"@type\":\"ReadAction\",\"target\":[\"https:\\\/\\\/ppdegalicia.com\\\/es\\\/rosa-gallego-exige-a-la-ministra-pilar-alegria-que-condene-los-insultos-a-todas-las-mujeres-no-solo-a-las-del-psoe\\\/\"]}]},{\"@type\":\"ImageObject\",\"inLanguage\":\"es\",\"@id\":\"https:\\\/\\\/ppdegalicia.com\\\/es\\\/rosa-gallego-exige-a-la-ministra-pilar-alegria-que-condene-los-insultos-a-todas-las-mujeres-no-solo-a-las-del-psoe\\\/#primaryimage\",\"url\":\"https:\\\/\\\/ppdegalicia.com\\\/wp-content\\\/uploads\\\/2025\\\/05\\\/20250506_RosaGallego_Senado.jpg\",\"contentUrl\":\"https:\\\/\\\/ppdegalicia.com\\\/wp-content\\\/uploads\\\/2025\\\/05\\\/20250506_RosaGallego_Senado.jpg\",\"width\":2560,\"height\":1706},{\"@type\":\"BreadcrumbList\",\"@id\":\"https:\\\/\\\/ppdegalicia.com\\\/es\\\/rosa-gallego-exige-a-la-ministra-pilar-alegria-que-condene-los-insultos-a-todas-las-mujeres-no-solo-a-las-del-psoe\\\/#breadcrumb\",\"itemListElement\":[{\"@type\":\"ListItem\",\"position\":1,\"name\":\"Portada\",\"item\":\"https:\\\/\\\/ppdegalicia.com\\\/es\\\/\"},{\"@type\":\"ListItem\",\"position\":2,\"name\":\"Rosa Gallego exige a la ministra Pilar Alegr\u00eda que condene los insultos \u201ca todas las mujeres, no s\u00f3lo a las del PSOE\u201d\"}]},{\"@type\":\"WebSite\",\"@id\":\"https:\\\/\\\/ppdegalicia.com\\\/es\\\/#website\",\"url\":\"https:\\\/\\\/ppdegalicia.com\\\/es\\\/\",\"name\":\"Partido Popular de Galicia\",\"description\":\"Partido Popular de Galicia\",\"publisher\":{\"@id\":\"https:\\\/\\\/ppdegalicia.com\\\/es\\\/#organization\"},\"alternateName\":\"PP de Galicia\",\"potentialAction\":[{\"@type\":\"SearchAction\",\"target\":{\"@type\":\"EntryPoint\",\"urlTemplate\":\"https:\\\/\\\/ppdegalicia.com\\\/es\\\/?s={search_term_string}\"},\"query-input\":{\"@type\":\"PropertyValueSpecification\",\"valueRequired\":true,\"valueName\":\"search_term_string\"}}],\"inLanguage\":\"es\"},{\"@type\":\"Organization\",\"@id\":\"https:\\\/\\\/ppdegalicia.com\\\/es\\\/#organization\",\"name\":\"Partido Popular de Galicia\",\"alternateName\":\"PP de Galicia\",\"url\":\"https:\\\/\\\/ppdegalicia.com\\\/es\\\/\",\"logo\":{\"@type\":\"ImageObject\",\"inLanguage\":\"es\",\"@id\":\"https:\\\/\\\/ppdegalicia.com\\\/es\\\/#\\\/schema\\\/logo\\\/image\\\/\",\"url\":\"https:\\\/\\\/ppdegalicia.com\\\/wp-content\\\/uploads\\\/2023\\\/04\\\/logoPP512.png\",\"contentUrl\":\"https:\\\/\\\/ppdegalicia.com\\\/wp-content\\\/uploads\\\/2023\\\/04\\\/logoPP512.png\",\"width\":512,\"height\":512,\"caption\":\"Partido Popular de Galicia\"},\"image\":{\"@id\":\"https:\\\/\\\/ppdegalicia.com\\\/es\\\/#\\\/schema\\\/logo\\\/image\\\/\"},\"sameAs\":[\"https:\\\/\\\/www.instagram.com\\\/ppdegalicia\\\/\",\"https:\\\/\\\/x.com\\\/ppdegalicia\",\"https:\\\/\\\/www.tiktok.com\\\/@ppdegalicia\",\"https:\\\/\\\/www.youtube.com\\\/user\\\/ppdegalicia\"]},{\"@type\":\"Person\",\"@id\":\"https:\\\/\\\/ppdegalicia.com\\\/es\\\/#\\\/schema\\\/person\\\/5b822c6f59e872ebdd1142f307dbcb59\",\"name\":\"ppdegaliciaredes\",\"image\":{\"@type\":\"ImageObject\",\"inLanguage\":\"es\",\"@id\":\"https:\\\/\\\/secure.gravatar.com\\\/avatar\\\/3c9179cf0256d00c72a48d1f25783c58b6842cd56e85ef3a572881c8e28ccd59?s=96&d=mm&r=g\",\"url\":\"https:\\\/\\\/secure.gravatar.com\\\/avatar\\\/3c9179cf0256d00c72a48d1f25783c58b6842cd56e85ef3a572881c8e28ccd59?s=96&d=mm&r=g\",\"contentUrl\":\"https:\\\/\\\/secure.gravatar.com\\\/avatar\\\/3c9179cf0256d00c72a48d1f25783c58b6842cd56e85ef3a572881c8e28ccd59?s=96&d=mm&r=g\",\"caption\":\"ppdegaliciaredes\"},\"url\":\"https:\\\/\\\/ppdegalicia.com\\\/es\\\/author\\\/ppdegaliciaredes\\\/\"}]}<\/script>\n<!-- \/ Yoast SEO plugin. -->","yoast_head_json":{"title":"Rosa Gallego exige a la ministra Pilar Alegr\u00eda que condene los insultos \u201ca todas las mujeres, no s\u00f3lo a las del PSOE\u201d - PP de Galicia","description":"La senadora gallega del Grupo Parlamentario Popular Rosa Gallego exige a la ministra Educaci\u00f3n, Formaci\u00f3n Profesional y Deportes y portavoz del Gobierno, Pilar Alegr\u00eda, que \u201cdeje el victimismo\u201d y condene \u201clos insultos y ataques a todas las mujeres, no s\u00f3lo las que son del PSOE\u201d.","robots":{"index":"index","follow":"follow","max-snippet":"max-snippet:-1","max-image-preview":"max-image-preview:large","max-video-preview":"max-video-preview:-1"},"canonical":"https:\/\/ppdegalicia.com\/es\/rosa-gallego-exige-a-la-ministra-pilar-alegria-que-condene-los-insultos-a-todas-las-mujeres-no-solo-a-las-del-psoe\/","og_locale":"es_ES","og_type":"article","og_title":"Rosa Gallego exige a la ministra Pilar Alegr\u00eda que condene los insultos \u201ca todas las mujeres, no s\u00f3lo a las del PSOE\u201d - PP de Galicia","og_description":"La senadora gallega del Grupo Parlamentario Popular Rosa Gallego exige a la ministra Educaci\u00f3n, Formaci\u00f3n Profesional y Deportes y portavoz del Gobierno, Pilar Alegr\u00eda, que \u201cdeje el victimismo\u201d y condene \u201clos insultos y ataques a todas las mujeres, no s\u00f3lo las que son del PSOE\u201d.","og_url":"https:\/\/ppdegalicia.com\/es\/rosa-gallego-exige-a-la-ministra-pilar-alegria-que-condene-los-insultos-a-todas-las-mujeres-no-solo-a-las-del-psoe\/","og_site_name":"PP de Galicia","article_publisher":"https:\/\/www.instagram.com\/ppdegalicia\/","article_published_time":"2025-05-06T16:17:24+00:00","og_image":[{"width":2560,"height":1706,"url":"https:\/\/ppdegalicia.com\/wp-content\/uploads\/2025\/05\/20250506_RosaGallego_Senado.jpg","type":"image\/jpeg"}],"author":"ppdegaliciaredes","twitter_card":"summary_large_image","twitter_creator":"@ppdegalicia","twitter_site":"@ppdegalicia","twitter_misc":{"Escrito por":"ppdegaliciaredes","Tiempo de lectura":"4 minutos"},"schema":{"@context":"https:\/\/schema.org","@graph":[{"@type":"Article","@id":"https:\/\/ppdegalicia.com\/es\/rosa-gallego-exige-a-la-ministra-pilar-alegria-que-condene-los-insultos-a-todas-las-mujeres-no-solo-a-las-del-psoe\/#article","isPartOf":{"@id":"https:\/\/ppdegalicia.com\/es\/rosa-gallego-exige-a-la-ministra-pilar-alegria-que-condene-los-insultos-a-todas-las-mujeres-no-solo-a-las-del-psoe\/"},"author":{"name":"ppdegaliciaredes","@id":"https:\/\/ppdegalicia.com\/es\/#\/schema\/person\/5b822c6f59e872ebdd1142f307dbcb59"},"headline":"Rosa Gallego exige a la ministra Pilar Alegr\u00eda que condene los insultos \u201ca todas las mujeres, no s\u00f3lo a las del PSOE\u201d","datePublished":"2025-05-06T16:17:24+00:00","mainEntityOfPage":{"@id":"https:\/\/ppdegalicia.com\/es\/rosa-gallego-exige-a-la-ministra-pilar-alegria-que-condene-los-insultos-a-todas-las-mujeres-no-solo-a-las-del-psoe\/"},"wordCount":586,"publisher":{"@id":"https:\/\/ppdegalicia.com\/es\/#organization"},"image":{"@id":"https:\/\/ppdegalicia.com\/es\/rosa-gallego-exige-a-la-ministra-pilar-alegria-que-condene-los-insultos-a-todas-las-mujeres-no-solo-a-las-del-psoe\/#primaryimage"},"thumbnailUrl":"https:\/\/ppdegalicia.com\/wp-content\/uploads\/2025\/05\/20250506_RosaGallego_Senado.jpg","articleSection":["Cortes Generales"],"inLanguage":"es"},{"@type":"WebPage","@id":"https:\/\/ppdegalicia.com\/es\/rosa-gallego-exige-a-la-ministra-pilar-alegria-que-condene-los-insultos-a-todas-las-mujeres-no-solo-a-las-del-psoe\/","url":"https:\/\/ppdegalicia.com\/es\/rosa-gallego-exige-a-la-ministra-pilar-alegria-que-condene-los-insultos-a-todas-las-mujeres-no-solo-a-las-del-psoe\/","name":"Rosa Gallego exige a la ministra Pilar Alegr\u00eda que condene los insultos \u201ca todas las mujeres, no s\u00f3lo a las del PSOE\u201d - PP de Galicia","isPartOf":{"@id":"https:\/\/ppdegalicia.com\/es\/#website"},"primaryImageOfPage":{"@id":"https:\/\/ppdegalicia.com\/es\/rosa-gallego-exige-a-la-ministra-pilar-alegria-que-condene-los-insultos-a-todas-las-mujeres-no-solo-a-las-del-psoe\/#primaryimage"},"image":{"@id":"https:\/\/ppdegalicia.com\/es\/rosa-gallego-exige-a-la-ministra-pilar-alegria-que-condene-los-insultos-a-todas-las-mujeres-no-solo-a-las-del-psoe\/#primaryimage"},"thumbnailUrl":"https:\/\/ppdegalicia.com\/wp-content\/uploads\/2025\/05\/20250506_RosaGallego_Senado.jpg","datePublished":"2025-05-06T16:17:24+00:00","description":"La senadora gallega del Grupo Parlamentario Popular Rosa Gallego exige a la ministra Educaci\u00f3n, Formaci\u00f3n Profesional y Deportes y portavoz del Gobierno, Pilar Alegr\u00eda, que \u201cdeje el victimismo\u201d y condene \u201clos insultos y ataques a todas las mujeres, no s\u00f3lo las que son del PSOE\u201d.","breadcrumb":{"@id":"https:\/\/ppdegalicia.com\/es\/rosa-gallego-exige-a-la-ministra-pilar-alegria-que-condene-los-insultos-a-todas-las-mujeres-no-solo-a-las-del-psoe\/#breadcrumb"},"inLanguage":"es","potentialAction":[{"@type":"ReadAction","target":["https:\/\/ppdegalicia.com\/es\/rosa-gallego-exige-a-la-ministra-pilar-alegria-que-condene-los-insultos-a-todas-las-mujeres-no-solo-a-las-del-psoe\/"]}]},{"@type":"ImageObject","inLanguage":"es","@id":"https:\/\/ppdegalicia.com\/es\/rosa-gallego-exige-a-la-ministra-pilar-alegria-que-condene-los-insultos-a-todas-las-mujeres-no-solo-a-las-del-psoe\/#primaryimage","url":"https:\/\/ppdegalicia.com\/wp-content\/uploads\/2025\/05\/20250506_RosaGallego_Senado.jpg","contentUrl":"https:\/\/ppdegalicia.com\/wp-content\/uploads\/2025\/05\/20250506_RosaGallego_Senado.jpg","width":2560,"height":1706},{"@type":"BreadcrumbList","@id":"https:\/\/ppdegalicia.com\/es\/rosa-gallego-exige-a-la-ministra-pilar-alegria-que-condene-los-insultos-a-todas-las-mujeres-no-solo-a-las-del-psoe\/#breadcrumb","itemListElement":[{"@type":"ListItem","position":1,"name":"Portada","item":"https:\/\/ppdegalicia.com\/es\/"},{"@type":"ListItem","position":2,"name":"Rosa Gallego exige a la ministra Pilar Alegr\u00eda que condene los insultos \u201ca todas las mujeres, no s\u00f3lo a las del PSOE\u201d"}]},{"@type":"WebSite","@id":"https:\/\/ppdegalicia.com\/es\/#website","url":"https:\/\/ppdegalicia.com\/es\/","name":"Partido Popular de Galicia","description":"Partido Popular de Galicia","publisher":{"@id":"https:\/\/ppdegalicia.com\/es\/#organization"},"alternateName":"PP de Galicia","potentialAction":[{"@type":"SearchAction","target":{"@type":"EntryPoint","urlTemplate":"https:\/\/ppdegalicia.com\/es\/?s={search_term_string}"},"query-input":{"@type":"PropertyValueSpecification","valueRequired":true,"valueName":"search_term_string"}}],"inLanguage":"es"},{"@type":"Organization","@id":"https:\/\/ppdegalicia.com\/es\/#organization","name":"Partido Popular de Galicia","alternateName":"PP de Galicia","url":"https:\/\/ppdegalicia.com\/es\/","logo":{"@type":"ImageObject","inLanguage":"es","@id":"https:\/\/ppdegalicia.com\/es\/#\/schema\/logo\/image\/","url":"https:\/\/ppdegalicia.com\/wp-content\/uploads\/2023\/04\/logoPP512.png","contentUrl":"https:\/\/ppdegalicia.com\/wp-content\/uploads\/2023\/04\/logoPP512.png","width":512,"height":512,"caption":"Partido Popular de Galicia"},"image":{"@id":"https:\/\/ppdegalicia.com\/es\/#\/schema\/logo\/image\/"},"sameAs":["https:\/\/www.instagram.com\/ppdegalicia\/","https:\/\/x.com\/ppdegalicia","https:\/\/www.tiktok.com\/@ppdegalicia","https:\/\/www.youtube.com\/user\/ppdegalicia"]},{"@type":"Person","@id":"https:\/\/ppdegalicia.com\/es\/#\/schema\/person\/5b822c6f59e872ebdd1142f307dbcb59","name":"ppdegaliciaredes","image":{"@type":"ImageObject","inLanguage":"es","@id":"https:\/\/secure.gravatar.com\/avatar\/3c9179cf0256d00c72a48d1f25783c58b6842cd56e85ef3a572881c8e28ccd59?s=96&d=mm&r=g","url":"https:\/\/secure.gravatar.com\/avatar\/3c9179cf0256d00c72a48d1f25783c58b6842cd56e85ef3a572881c8e28ccd59?s=96&d=mm&r=g","contentUrl":"https:\/\/secure.gravatar.com\/avatar\/3c9179cf0256d00c72a48d1f25783c58b6842cd56e85ef3a572881c8e28ccd59?s=96&d=mm&r=g","caption":"ppdegaliciaredes"},"url":"https:\/\/ppdegalicia.com\/es\/author\/ppdegaliciaredes\/"}]}},"_links":{"self":[{"href":"https:\/\/ppdegalicia.com\/es\/wp-json\/wp\/v2\/posts\/66885","targetHints":{"allow":["GET"]}}],"collection":[{"href":"https:\/\/ppdegalicia.com\/es\/wp-json\/wp\/v2\/posts"}],"about":[{"href":"https:\/\/ppdegalicia.com\/es\/wp-json\/wp\/v2\/types\/post"}],"author":[{"embeddable":true,"href":"https:\/\/ppdegalicia.com\/es\/wp-json\/wp\/v2\/users\/38"}],"replies":[{"embeddable":true,"href":"https:\/\/ppdegalicia.com\/es\/wp-json\/wp\/v2\/comments?post=66885"}],"version-history":[{"count":1,"href":"https:\/\/ppdegalicia.com\/es\/wp-json\/wp\/v2\/posts\/66885\/revisions"}],"predecessor-version":[{"id":66888,"href":"https:\/\/ppdegalicia.com\/es\/wp-json\/wp\/v2\/posts\/66885\/revisions\/66888"}],"wp:featuredmedia":[{"embeddable":true,"href":"https:\/\/ppdegalicia.com\/es\/wp-json\/wp\/v2\/media\/66886"}],"wp:attachment":[{"href":"https:\/\/ppdegalicia.com\/es\/wp-json\/wp\/v2\/media?parent=66885"}],"wp:term":[{"taxonomy":"category","embeddable":true,"href":"https:\/\/ppdegalicia.com\/es\/wp-json\/wp\/v2\/categories?post=66885"},{"taxonomy":"post_tag","embeddable":true,"href":"https:\/\/ppdegalicia.com\/es\/wp-json\/wp\/v2\/tags?post=66885"}],"curies":[{"name":"wp","href":"https:\/\/api.w.org\/{rel}","templated":true}]}}