{"id":66903,"date":"2025-05-06T10:35:15","date_gmt":"2025-05-06T09:35:15","guid":{"rendered":"https:\/\/ppdegalicia.com\/?p=66903"},"modified":"2025-05-07T10:39:32","modified_gmt":"2025-05-07T09:39:32","slug":"o-grupo-popular-critica-que-o-bng-se-interese-pola-composicion-do-consello-da-minaria-cando-esta-en-contra-dos-proxectos-mineiros-en-galicia","status":"publish","type":"post","link":"https:\/\/ppdegalicia.com\/es\/o-grupo-popular-critica-que-o-bng-se-interese-pola-composicion-do-consello-da-minaria-cando-esta-en-contra-dos-proxectos-mineiros-en-galicia\/","title":{"rendered":"O Grupo Popular critica que o BNG se interese pola composici\u00f3n do  Consello da Minar\u00eda cando est\u00e1 en contra dos proxectos mineiros en Galicia"},"content":{"rendered":"<p>O portavoz de Industria do Grupo Popular, Rub\u00e9n Lorenzo, criticou hoxe no Pleno \u201ca incongruencia do BNG xa que, estando en contra dos proxectos mineiros que se presentan en Galicia, se interesen pola composici\u00f3n do Consello da Minar\u00eda\u201d, ante o que lamentou que \u201cnon aproveitaran este debate para aclarar cal \u00e9 o seu modelo de explotaci\u00f3n de recursos\u201d.<\/p>\n<p>Rub\u00e9n Lorenzo explicou que a composici\u00f3n do Consello da Minar\u00eda de Galicia foi modificado no ano 2024 co obxectivo de inclu\u00edr neste \u00f3rgano determinados centros da Administraci\u00f3n auton\u00f3mica ou asociaci\u00f3ns con relaci\u00f3n directa coa minar\u00eda e pola s\u00faa vinculaci\u00f3n co eido econ\u00f3mico e social. \u201cUnicamente se inclu\u00edron na composici\u00f3n os organismos sectoriais competentes na tramitaci\u00f3n de proxectos mineiros, sen prexu\u00edzo de que durante a mesma se sometan a informaci\u00f3n p\u00fablica para que a cidadan\u00eda e as asociaci\u00f3ns ecoloxistas poidan facer as achegas precisas, como vi\u00f1a sucedendo, e sucede, en calquera procedemento sometido a informaci\u00f3n p\u00fablica\u201d, apuntou.<\/p>\n<p>\u201cEstes cambios fix\u00e9ronse escoitando aos actores implicados, con transparencia e participaci\u00f3n, e sometendo a este Parlamento \u00e1 s\u00faa aprobaci\u00f3n\u201d, indicou o portavoz popular, quen engadiu que os cambios \u201cobedeceron \u00e1 necesidade de dotar dunha maior practicidade e transversalidade ao Pleno do Consello da Minar\u00eda, sen prexu\u00edzo de que posteriormente poidan asistir outros membros con motivo dos grupos de traballo\u201d.<\/p>\n","protected":false},"excerpt":{"rendered":"<p>O portavoz de Industria do Grupo Popular, Rub\u00e9n Lorenzo, criticou hoxe no Pleno \u201ca incongruencia do BNG xa que, estando en contra dos proxectos mineiros que se presentan en Galicia, se interesen pola composici\u00f3n do Consello da Minar\u00eda\u201d, ante o que lamentou que \u201cnon aproveitaran este debate para aclarar cal \u00e9 o seu modelo de [&hellip;]<\/p>\n","protected":false},"author":38,"featured_media":66904,"comment_status":"closed","ping_status":"open","sticky":false,"template":"","format":"standard","meta":{"_acf_changed":false,"footnotes":""},"categories":[1128],"tags":[],"class_list":["post-66903","post","type-post","status-publish","format-standard","has-post-thumbnail","hentry","category-actualidad-parlamento-de-galicia"],"acf":[],"yoast_head":"<!-- This site is optimized with the Yoast SEO plugin v27.3 - https:\/\/yoast.com\/product\/yoast-seo-wordpress\/ -->\n<title>O Grupo Popular critica que o BNG se interese pola composici\u00f3n do Consello da Minar\u00eda cando est\u00e1 en contra dos proxectos mineiros en Galicia - PP de Galicia<\/title>\n<meta name=\"description\" content=\"O portavoz de Industria do Grupo Popular, Rub\u00e9n Lorenzo, criticou hoxe no Pleno \u201ca incongruencia do BNG xa que, estando en contra dos proxectos mineiros que se presentan en Galicia, se interesen pola composici\u00f3n do Consello da Minar\u00eda\u201d, ante o que lamentou que \u201cnon aproveitaran este debate para aclarar cal \u00e9 o seu modelo de explotaci\u00f3n de recursos\u201d.\" \/>\n<meta name=\"robots\" content=\"index, follow, max-snippet:-1, max-image-preview:large, max-video-preview:-1\" \/>\n<link rel=\"canonical\" href=\"https:\/\/ppdegalicia.com\/es\/o-grupo-popular-critica-que-o-bng-se-interese-pola-composicion-do-consello-da-minaria-cando-esta-en-contra-dos-proxectos-mineiros-en-galicia\/\" \/>\n<meta property=\"og:locale\" content=\"es_ES\" \/>\n<meta property=\"og:type\" content=\"article\" \/>\n<meta property=\"og:title\" content=\"O Grupo Popular critica que o BNG se interese pola composici\u00f3n do Consello da Minar\u00eda cando est\u00e1 en contra dos proxectos mineiros en Galicia - PP de Galicia\" \/>\n<meta property=\"og:description\" content=\"O portavoz de Industria do Grupo Popular, Rub\u00e9n Lorenzo, criticou hoxe no Pleno \u201ca incongruencia do BNG xa que, estando en contra dos proxectos mineiros que se presentan en Galicia, se interesen pola composici\u00f3n do Consello da Minar\u00eda\u201d, ante o que lamentou que \u201cnon aproveitaran este debate para aclarar cal \u00e9 o seu modelo de explotaci\u00f3n de recursos\u201d.\" \/>\n<meta property=\"og:url\" content=\"https:\/\/ppdegalicia.com\/es\/o-grupo-popular-critica-que-o-bng-se-interese-pola-composicion-do-consello-da-minaria-cando-esta-en-contra-dos-proxectos-mineiros-en-galicia\/\" \/>\n<meta property=\"og:site_name\" content=\"PP de Galicia\" \/>\n<meta property=\"article:publisher\" content=\"https:\/\/www.instagram.com\/ppdegalicia\/\" \/>\n<meta property=\"article:published_time\" content=\"2025-05-06T09:35:15+00:00\" \/>\n<meta property=\"article:modified_time\" content=\"2025-05-07T09:39:32+00:00\" \/>\n<meta property=\"og:image\" content=\"https:\/\/ppdegalicia.com\/wp-content\/uploads\/2025\/05\/20250506_Pleno_Ordinario118-1-scaled.jpg\" \/>\n\t<meta property=\"og:image:width\" content=\"2560\" \/>\n\t<meta property=\"og:image:height\" content=\"1706\" \/>\n\t<meta property=\"og:image:type\" content=\"image\/jpeg\" \/>\n<meta name=\"author\" content=\"ppdegaliciaredes\" \/>\n<meta name=\"twitter:card\" content=\"summary_large_image\" \/>\n<meta name=\"twitter:creator\" content=\"@ppdegalicia\" \/>\n<meta name=\"twitter:site\" content=\"@ppdegalicia\" \/>\n<meta name=\"twitter:label1\" content=\"Escrito por\" \/>\n\t<meta name=\"twitter:data1\" content=\"ppdegaliciaredes\" \/>\n\t<meta name=\"twitter:label2\" content=\"Tiempo de lectura\" \/>\n\t<meta name=\"twitter:data2\" content=\"2 minutos\" \/>\n<script type=\"application\/ld+json\" class=\"yoast-schema-graph\">{\"@context\":\"https:\\\/\\\/schema.org\",\"@graph\":[{\"@type\":\"Article\",\"@id\":\"https:\\\/\\\/ppdegalicia.com\\\/es\\\/o-grupo-popular-critica-que-o-bng-se-interese-pola-composicion-do-consello-da-minaria-cando-esta-en-contra-dos-proxectos-mineiros-en-galicia\\\/#article\",\"isPartOf\":{\"@id\":\"https:\\\/\\\/ppdegalicia.com\\\/es\\\/o-grupo-popular-critica-que-o-bng-se-interese-pola-composicion-do-consello-da-minaria-cando-esta-en-contra-dos-proxectos-mineiros-en-galicia\\\/\"},\"author\":{\"name\":\"ppdegaliciaredes\",\"@id\":\"https:\\\/\\\/ppdegalicia.com\\\/es\\\/#\\\/schema\\\/person\\\/5b822c6f59e872ebdd1142f307dbcb59\"},\"headline\":\"O Grupo Popular critica que o BNG se interese pola composici\u00f3n do Consello da Minar\u00eda cando est\u00e1 en contra dos proxectos mineiros en Galicia\",\"datePublished\":\"2025-05-06T09:35:15+00:00\",\"dateModified\":\"2025-05-07T09:39:32+00:00\",\"mainEntityOfPage\":{\"@id\":\"https:\\\/\\\/ppdegalicia.com\\\/es\\\/o-grupo-popular-critica-que-o-bng-se-interese-pola-composicion-do-consello-da-minaria-cando-esta-en-contra-dos-proxectos-mineiros-en-galicia\\\/\"},\"wordCount\":268,\"publisher\":{\"@id\":\"https:\\\/\\\/ppdegalicia.com\\\/es\\\/#organization\"},\"image\":{\"@id\":\"https:\\\/\\\/ppdegalicia.com\\\/es\\\/o-grupo-popular-critica-que-o-bng-se-interese-pola-composicion-do-consello-da-minaria-cando-esta-en-contra-dos-proxectos-mineiros-en-galicia\\\/#primaryimage\"},\"thumbnailUrl\":\"https:\\\/\\\/ppdegalicia.com\\\/wp-content\\\/uploads\\\/2025\\\/05\\\/20250506_Pleno_Ordinario118-1-scaled.jpg\",\"articleSection\":[\"Parlamento de Galicia\"],\"inLanguage\":\"es\"},{\"@type\":\"WebPage\",\"@id\":\"https:\\\/\\\/ppdegalicia.com\\\/es\\\/o-grupo-popular-critica-que-o-bng-se-interese-pola-composicion-do-consello-da-minaria-cando-esta-en-contra-dos-proxectos-mineiros-en-galicia\\\/\",\"url\":\"https:\\\/\\\/ppdegalicia.com\\\/es\\\/o-grupo-popular-critica-que-o-bng-se-interese-pola-composicion-do-consello-da-minaria-cando-esta-en-contra-dos-proxectos-mineiros-en-galicia\\\/\",\"name\":\"O Grupo Popular critica que o BNG se interese pola composici\u00f3n do Consello da Minar\u00eda cando est\u00e1 en contra dos proxectos mineiros en Galicia - PP de Galicia\",\"isPartOf\":{\"@id\":\"https:\\\/\\\/ppdegalicia.com\\\/es\\\/#website\"},\"primaryImageOfPage\":{\"@id\":\"https:\\\/\\\/ppdegalicia.com\\\/es\\\/o-grupo-popular-critica-que-o-bng-se-interese-pola-composicion-do-consello-da-minaria-cando-esta-en-contra-dos-proxectos-mineiros-en-galicia\\\/#primaryimage\"},\"image\":{\"@id\":\"https:\\\/\\\/ppdegalicia.com\\\/es\\\/o-grupo-popular-critica-que-o-bng-se-interese-pola-composicion-do-consello-da-minaria-cando-esta-en-contra-dos-proxectos-mineiros-en-galicia\\\/#primaryimage\"},\"thumbnailUrl\":\"https:\\\/\\\/ppdegalicia.com\\\/wp-content\\\/uploads\\\/2025\\\/05\\\/20250506_Pleno_Ordinario118-1-scaled.jpg\",\"datePublished\":\"2025-05-06T09:35:15+00:00\",\"dateModified\":\"2025-05-07T09:39:32+00:00\",\"description\":\"O portavoz de Industria do Grupo Popular, Rub\u00e9n Lorenzo, criticou hoxe no Pleno \u201ca incongruencia do BNG xa que, estando en contra dos proxectos mineiros que se presentan en Galicia, se interesen pola composici\u00f3n do Consello da Minar\u00eda\u201d, ante o que lamentou que \u201cnon aproveitaran este debate para aclarar cal \u00e9 o seu modelo de explotaci\u00f3n de recursos\u201d.\",\"breadcrumb\":{\"@id\":\"https:\\\/\\\/ppdegalicia.com\\\/es\\\/o-grupo-popular-critica-que-o-bng-se-interese-pola-composicion-do-consello-da-minaria-cando-esta-en-contra-dos-proxectos-mineiros-en-galicia\\\/#breadcrumb\"},\"inLanguage\":\"es\",\"potentialAction\":[{\"@type\":\"ReadAction\",\"target\":[\"https:\\\/\\\/ppdegalicia.com\\\/es\\\/o-grupo-popular-critica-que-o-bng-se-interese-pola-composicion-do-consello-da-minaria-cando-esta-en-contra-dos-proxectos-mineiros-en-galicia\\\/\"]}]},{\"@type\":\"ImageObject\",\"inLanguage\":\"es\",\"@id\":\"https:\\\/\\\/ppdegalicia.com\\\/es\\\/o-grupo-popular-critica-que-o-bng-se-interese-pola-composicion-do-consello-da-minaria-cando-esta-en-contra-dos-proxectos-mineiros-en-galicia\\\/#primaryimage\",\"url\":\"https:\\\/\\\/ppdegalicia.com\\\/wp-content\\\/uploads\\\/2025\\\/05\\\/20250506_Pleno_Ordinario118-1-scaled.jpg\",\"contentUrl\":\"https:\\\/\\\/ppdegalicia.com\\\/wp-content\\\/uploads\\\/2025\\\/05\\\/20250506_Pleno_Ordinario118-1-scaled.jpg\",\"width\":2560,\"height\":1706},{\"@type\":\"BreadcrumbList\",\"@id\":\"https:\\\/\\\/ppdegalicia.com\\\/es\\\/o-grupo-popular-critica-que-o-bng-se-interese-pola-composicion-do-consello-da-minaria-cando-esta-en-contra-dos-proxectos-mineiros-en-galicia\\\/#breadcrumb\",\"itemListElement\":[{\"@type\":\"ListItem\",\"position\":1,\"name\":\"Portada\",\"item\":\"https:\\\/\\\/ppdegalicia.com\\\/es\\\/\"},{\"@type\":\"ListItem\",\"position\":2,\"name\":\"O Grupo Popular critica que o BNG se interese pola composici\u00f3n do Consello da Minar\u00eda cando est\u00e1 en contra dos proxectos mineiros en Galicia\"}]},{\"@type\":\"WebSite\",\"@id\":\"https:\\\/\\\/ppdegalicia.com\\\/es\\\/#website\",\"url\":\"https:\\\/\\\/ppdegalicia.com\\\/es\\\/\",\"name\":\"Partido Popular de Galicia\",\"description\":\"Partido Popular de Galicia\",\"publisher\":{\"@id\":\"https:\\\/\\\/ppdegalicia.com\\\/es\\\/#organization\"},\"alternateName\":\"PP de Galicia\",\"potentialAction\":[{\"@type\":\"SearchAction\",\"target\":{\"@type\":\"EntryPoint\",\"urlTemplate\":\"https:\\\/\\\/ppdegalicia.com\\\/es\\\/?s={search_term_string}\"},\"query-input\":{\"@type\":\"PropertyValueSpecification\",\"valueRequired\":true,\"valueName\":\"search_term_string\"}}],\"inLanguage\":\"es\"},{\"@type\":\"Organization\",\"@id\":\"https:\\\/\\\/ppdegalicia.com\\\/es\\\/#organization\",\"name\":\"Partido Popular de Galicia\",\"alternateName\":\"PP de Galicia\",\"url\":\"https:\\\/\\\/ppdegalicia.com\\\/es\\\/\",\"logo\":{\"@type\":\"ImageObject\",\"inLanguage\":\"es\",\"@id\":\"https:\\\/\\\/ppdegalicia.com\\\/es\\\/#\\\/schema\\\/logo\\\/image\\\/\",\"url\":\"https:\\\/\\\/ppdegalicia.com\\\/wp-content\\\/uploads\\\/2023\\\/04\\\/logoPP512.png\",\"contentUrl\":\"https:\\\/\\\/ppdegalicia.com\\\/wp-content\\\/uploads\\\/2023\\\/04\\\/logoPP512.png\",\"width\":512,\"height\":512,\"caption\":\"Partido Popular de Galicia\"},\"image\":{\"@id\":\"https:\\\/\\\/ppdegalicia.com\\\/es\\\/#\\\/schema\\\/logo\\\/image\\\/\"},\"sameAs\":[\"https:\\\/\\\/www.instagram.com\\\/ppdegalicia\\\/\",\"https:\\\/\\\/x.com\\\/ppdegalicia\",\"https:\\\/\\\/www.tiktok.com\\\/@ppdegalicia\",\"https:\\\/\\\/www.youtube.com\\\/user\\\/ppdegalicia\"]},{\"@type\":\"Person\",\"@id\":\"https:\\\/\\\/ppdegalicia.com\\\/es\\\/#\\\/schema\\\/person\\\/5b822c6f59e872ebdd1142f307dbcb59\",\"name\":\"ppdegaliciaredes\",\"image\":{\"@type\":\"ImageObject\",\"inLanguage\":\"es\",\"@id\":\"https:\\\/\\\/secure.gravatar.com\\\/avatar\\\/3c9179cf0256d00c72a48d1f25783c58b6842cd56e85ef3a572881c8e28ccd59?s=96&d=mm&r=g\",\"url\":\"https:\\\/\\\/secure.gravatar.com\\\/avatar\\\/3c9179cf0256d00c72a48d1f25783c58b6842cd56e85ef3a572881c8e28ccd59?s=96&d=mm&r=g\",\"contentUrl\":\"https:\\\/\\\/secure.gravatar.com\\\/avatar\\\/3c9179cf0256d00c72a48d1f25783c58b6842cd56e85ef3a572881c8e28ccd59?s=96&d=mm&r=g\",\"caption\":\"ppdegaliciaredes\"},\"url\":\"https:\\\/\\\/ppdegalicia.com\\\/es\\\/author\\\/ppdegaliciaredes\\\/\"}]}<\/script>\n<!-- \/ Yoast SEO plugin. -->","yoast_head_json":{"title":"O Grupo Popular critica que o BNG se interese pola composici\u00f3n do Consello da Minar\u00eda cando est\u00e1 en contra dos proxectos mineiros en Galicia - PP de Galicia","description":"O portavoz de Industria do Grupo Popular, Rub\u00e9n Lorenzo, criticou hoxe no Pleno \u201ca incongruencia do BNG xa que, estando en contra dos proxectos mineiros que se presentan en Galicia, se interesen pola composici\u00f3n do Consello da Minar\u00eda\u201d, ante o que lamentou que \u201cnon aproveitaran este debate para aclarar cal \u00e9 o seu modelo de explotaci\u00f3n de recursos\u201d.","robots":{"index":"index","follow":"follow","max-snippet":"max-snippet:-1","max-image-preview":"max-image-preview:large","max-video-preview":"max-video-preview:-1"},"canonical":"https:\/\/ppdegalicia.com\/es\/o-grupo-popular-critica-que-o-bng-se-interese-pola-composicion-do-consello-da-minaria-cando-esta-en-contra-dos-proxectos-mineiros-en-galicia\/","og_locale":"es_ES","og_type":"article","og_title":"O Grupo Popular critica que o BNG se interese pola composici\u00f3n do Consello da Minar\u00eda cando est\u00e1 en contra dos proxectos mineiros en Galicia - PP de Galicia","og_description":"O portavoz de Industria do Grupo Popular, Rub\u00e9n Lorenzo, criticou hoxe no Pleno \u201ca incongruencia do BNG xa que, estando en contra dos proxectos mineiros que se presentan en Galicia, se interesen pola composici\u00f3n do Consello da Minar\u00eda\u201d, ante o que lamentou que \u201cnon aproveitaran este debate para aclarar cal \u00e9 o seu modelo de explotaci\u00f3n de recursos\u201d.","og_url":"https:\/\/ppdegalicia.com\/es\/o-grupo-popular-critica-que-o-bng-se-interese-pola-composicion-do-consello-da-minaria-cando-esta-en-contra-dos-proxectos-mineiros-en-galicia\/","og_site_name":"PP de Galicia","article_publisher":"https:\/\/www.instagram.com\/ppdegalicia\/","article_published_time":"2025-05-06T09:35:15+00:00","article_modified_time":"2025-05-07T09:39:32+00:00","og_image":[{"width":2560,"height":1706,"url":"https:\/\/ppdegalicia.com\/wp-content\/uploads\/2025\/05\/20250506_Pleno_Ordinario118-1-scaled.jpg","type":"image\/jpeg"}],"author":"ppdegaliciaredes","twitter_card":"summary_large_image","twitter_creator":"@ppdegalicia","twitter_site":"@ppdegalicia","twitter_misc":{"Escrito por":"ppdegaliciaredes","Tiempo de lectura":"2 minutos"},"schema":{"@context":"https:\/\/schema.org","@graph":[{"@type":"Article","@id":"https:\/\/ppdegalicia.com\/es\/o-grupo-popular-critica-que-o-bng-se-interese-pola-composicion-do-consello-da-minaria-cando-esta-en-contra-dos-proxectos-mineiros-en-galicia\/#article","isPartOf":{"@id":"https:\/\/ppdegalicia.com\/es\/o-grupo-popular-critica-que-o-bng-se-interese-pola-composicion-do-consello-da-minaria-cando-esta-en-contra-dos-proxectos-mineiros-en-galicia\/"},"author":{"name":"ppdegaliciaredes","@id":"https:\/\/ppdegalicia.com\/es\/#\/schema\/person\/5b822c6f59e872ebdd1142f307dbcb59"},"headline":"O Grupo Popular critica que o BNG se interese pola composici\u00f3n do Consello da Minar\u00eda cando est\u00e1 en contra dos proxectos mineiros en Galicia","datePublished":"2025-05-06T09:35:15+00:00","dateModified":"2025-05-07T09:39:32+00:00","mainEntityOfPage":{"@id":"https:\/\/ppdegalicia.com\/es\/o-grupo-popular-critica-que-o-bng-se-interese-pola-composicion-do-consello-da-minaria-cando-esta-en-contra-dos-proxectos-mineiros-en-galicia\/"},"wordCount":268,"publisher":{"@id":"https:\/\/ppdegalicia.com\/es\/#organization"},"image":{"@id":"https:\/\/ppdegalicia.com\/es\/o-grupo-popular-critica-que-o-bng-se-interese-pola-composicion-do-consello-da-minaria-cando-esta-en-contra-dos-proxectos-mineiros-en-galicia\/#primaryimage"},"thumbnailUrl":"https:\/\/ppdegalicia.com\/wp-content\/uploads\/2025\/05\/20250506_Pleno_Ordinario118-1-scaled.jpg","articleSection":["Parlamento de Galicia"],"inLanguage":"es"},{"@type":"WebPage","@id":"https:\/\/ppdegalicia.com\/es\/o-grupo-popular-critica-que-o-bng-se-interese-pola-composicion-do-consello-da-minaria-cando-esta-en-contra-dos-proxectos-mineiros-en-galicia\/","url":"https:\/\/ppdegalicia.com\/es\/o-grupo-popular-critica-que-o-bng-se-interese-pola-composicion-do-consello-da-minaria-cando-esta-en-contra-dos-proxectos-mineiros-en-galicia\/","name":"O Grupo Popular critica que o BNG se interese pola composici\u00f3n do Consello da Minar\u00eda cando est\u00e1 en contra dos proxectos mineiros en Galicia - PP de Galicia","isPartOf":{"@id":"https:\/\/ppdegalicia.com\/es\/#website"},"primaryImageOfPage":{"@id":"https:\/\/ppdegalicia.com\/es\/o-grupo-popular-critica-que-o-bng-se-interese-pola-composicion-do-consello-da-minaria-cando-esta-en-contra-dos-proxectos-mineiros-en-galicia\/#primaryimage"},"image":{"@id":"https:\/\/ppdegalicia.com\/es\/o-grupo-popular-critica-que-o-bng-se-interese-pola-composicion-do-consello-da-minaria-cando-esta-en-contra-dos-proxectos-mineiros-en-galicia\/#primaryimage"},"thumbnailUrl":"https:\/\/ppdegalicia.com\/wp-content\/uploads\/2025\/05\/20250506_Pleno_Ordinario118-1-scaled.jpg","datePublished":"2025-05-06T09:35:15+00:00","dateModified":"2025-05-07T09:39:32+00:00","description":"O portavoz de Industria do Grupo Popular, Rub\u00e9n Lorenzo, criticou hoxe no Pleno \u201ca incongruencia do BNG xa que, estando en contra dos proxectos mineiros que se presentan en Galicia, se interesen pola composici\u00f3n do Consello da Minar\u00eda\u201d, ante o que lamentou que \u201cnon aproveitaran este debate para aclarar cal \u00e9 o seu modelo de explotaci\u00f3n de recursos\u201d.","breadcrumb":{"@id":"https:\/\/ppdegalicia.com\/es\/o-grupo-popular-critica-que-o-bng-se-interese-pola-composicion-do-consello-da-minaria-cando-esta-en-contra-dos-proxectos-mineiros-en-galicia\/#breadcrumb"},"inLanguage":"es","potentialAction":[{"@type":"ReadAction","target":["https:\/\/ppdegalicia.com\/es\/o-grupo-popular-critica-que-o-bng-se-interese-pola-composicion-do-consello-da-minaria-cando-esta-en-contra-dos-proxectos-mineiros-en-galicia\/"]}]},{"@type":"ImageObject","inLanguage":"es","@id":"https:\/\/ppdegalicia.com\/es\/o-grupo-popular-critica-que-o-bng-se-interese-pola-composicion-do-consello-da-minaria-cando-esta-en-contra-dos-proxectos-mineiros-en-galicia\/#primaryimage","url":"https:\/\/ppdegalicia.com\/wp-content\/uploads\/2025\/05\/20250506_Pleno_Ordinario118-1-scaled.jpg","contentUrl":"https:\/\/ppdegalicia.com\/wp-content\/uploads\/2025\/05\/20250506_Pleno_Ordinario118-1-scaled.jpg","width":2560,"height":1706},{"@type":"BreadcrumbList","@id":"https:\/\/ppdegalicia.com\/es\/o-grupo-popular-critica-que-o-bng-se-interese-pola-composicion-do-consello-da-minaria-cando-esta-en-contra-dos-proxectos-mineiros-en-galicia\/#breadcrumb","itemListElement":[{"@type":"ListItem","position":1,"name":"Portada","item":"https:\/\/ppdegalicia.com\/es\/"},{"@type":"ListItem","position":2,"name":"O Grupo Popular critica que o BNG se interese pola composici\u00f3n do Consello da Minar\u00eda cando est\u00e1 en contra dos proxectos mineiros en Galicia"}]},{"@type":"WebSite","@id":"https:\/\/ppdegalicia.com\/es\/#website","url":"https:\/\/ppdegalicia.com\/es\/","name":"Partido Popular de Galicia","description":"Partido Popular de Galicia","publisher":{"@id":"https:\/\/ppdegalicia.com\/es\/#organization"},"alternateName":"PP de Galicia","potentialAction":[{"@type":"SearchAction","target":{"@type":"EntryPoint","urlTemplate":"https:\/\/ppdegalicia.com\/es\/?s={search_term_string}"},"query-input":{"@type":"PropertyValueSpecification","valueRequired":true,"valueName":"search_term_string"}}],"inLanguage":"es"},{"@type":"Organization","@id":"https:\/\/ppdegalicia.com\/es\/#organization","name":"Partido Popular de Galicia","alternateName":"PP de Galicia","url":"https:\/\/ppdegalicia.com\/es\/","logo":{"@type":"ImageObject","inLanguage":"es","@id":"https:\/\/ppdegalicia.com\/es\/#\/schema\/logo\/image\/","url":"https:\/\/ppdegalicia.com\/wp-content\/uploads\/2023\/04\/logoPP512.png","contentUrl":"https:\/\/ppdegalicia.com\/wp-content\/uploads\/2023\/04\/logoPP512.png","width":512,"height":512,"caption":"Partido Popular de Galicia"},"image":{"@id":"https:\/\/ppdegalicia.com\/es\/#\/schema\/logo\/image\/"},"sameAs":["https:\/\/www.instagram.com\/ppdegalicia\/","https:\/\/x.com\/ppdegalicia","https:\/\/www.tiktok.com\/@ppdegalicia","https:\/\/www.youtube.com\/user\/ppdegalicia"]},{"@type":"Person","@id":"https:\/\/ppdegalicia.com\/es\/#\/schema\/person\/5b822c6f59e872ebdd1142f307dbcb59","name":"ppdegaliciaredes","image":{"@type":"ImageObject","inLanguage":"es","@id":"https:\/\/secure.gravatar.com\/avatar\/3c9179cf0256d00c72a48d1f25783c58b6842cd56e85ef3a572881c8e28ccd59?s=96&d=mm&r=g","url":"https:\/\/secure.gravatar.com\/avatar\/3c9179cf0256d00c72a48d1f25783c58b6842cd56e85ef3a572881c8e28ccd59?s=96&d=mm&r=g","contentUrl":"https:\/\/secure.gravatar.com\/avatar\/3c9179cf0256d00c72a48d1f25783c58b6842cd56e85ef3a572881c8e28ccd59?s=96&d=mm&r=g","caption":"ppdegaliciaredes"},"url":"https:\/\/ppdegalicia.com\/es\/author\/ppdegaliciaredes\/"}]}},"_links":{"self":[{"href":"https:\/\/ppdegalicia.com\/es\/wp-json\/wp\/v2\/posts\/66903","targetHints":{"allow":["GET"]}}],"collection":[{"href":"https:\/\/ppdegalicia.com\/es\/wp-json\/wp\/v2\/posts"}],"about":[{"href":"https:\/\/ppdegalicia.com\/es\/wp-json\/wp\/v2\/types\/post"}],"author":[{"embeddable":true,"href":"https:\/\/ppdegalicia.com\/es\/wp-json\/wp\/v2\/users\/38"}],"replies":[{"embeddable":true,"href":"https:\/\/ppdegalicia.com\/es\/wp-json\/wp\/v2\/comments?post=66903"}],"version-history":[{"count":1,"href":"https:\/\/ppdegalicia.com\/es\/wp-json\/wp\/v2\/posts\/66903\/revisions"}],"predecessor-version":[{"id":66906,"href":"https:\/\/ppdegalicia.com\/es\/wp-json\/wp\/v2\/posts\/66903\/revisions\/66906"}],"wp:featuredmedia":[{"embeddable":true,"href":"https:\/\/ppdegalicia.com\/es\/wp-json\/wp\/v2\/media\/66904"}],"wp:attachment":[{"href":"https:\/\/ppdegalicia.com\/es\/wp-json\/wp\/v2\/media?parent=66903"}],"wp:term":[{"taxonomy":"category","embeddable":true,"href":"https:\/\/ppdegalicia.com\/es\/wp-json\/wp\/v2\/categories?post=66903"},{"taxonomy":"post_tag","embeddable":true,"href":"https:\/\/ppdegalicia.com\/es\/wp-json\/wp\/v2\/tags?post=66903"}],"curies":[{"name":"wp","href":"https:\/\/api.w.org\/{rel}","templated":true}]}}