{"id":66967,"date":"2025-05-10T09:18:33","date_gmt":"2025-05-10T08:18:33","guid":{"rendered":"https:\/\/ppdegalicia.com\/?p=66967"},"modified":"2025-05-12T09:23:18","modified_gmt":"2025-05-12T08:23:18","slug":"francisco-conde-a-presion-do-pp-foi-decisiva-para-que-hoxe-os-gandeiros-galegos-se-sintan-mais-aliviados-en-relacion-aos-ataques-do-lobo","status":"publish","type":"post","link":"https:\/\/ppdegalicia.com\/es\/francisco-conde-a-presion-do-pp-foi-decisiva-para-que-hoxe-os-gandeiros-galegos-se-sintan-mais-aliviados-en-relacion-aos-ataques-do-lobo\/","title":{"rendered":"Francisco Conde: \u201cA presi\u00f3n do PP foi decisiva para que hoxe os gandeiros galegos se sintan m\u00e1is aliviados en relaci\u00f3n aos ataques do lobo\u201d"},"content":{"rendered":"<p>Francisco Conde puxo en valor que \u201ca presi\u00f3n do PP foi decisiva para que hoxe os gandeiros galegos se sintan m\u00e1is aliviados\u201d en relaci\u00f3n aos ataques que o lobo ten provocado nas s\u00faas explotaci\u00f3ns.<\/p>\n<p>O deputado nacional e os tam\u00e9n representantes do PP lucense no Congreso, Jaime De Olano e Cristina Abades, os deputados auton\u00f3micos Nicole Grueira e Enrique Barreiro, o alcalde de Gunt\u00edn, \u00c1ngel P\u00e9rez, e outros representantes do PP lucense escoitaron de man de gandeiros os prexu\u00edzos que provoca a especie nas explotaci\u00f3ns gandeiras de distintos puntos da provincia e, de forma especial, nas de r\u00e9xime extensivo, durante unha visita a unha granxa no municipio.<\/p>\n<p>Primeiro, a aprobaci\u00f3n no Congreso a iniciativa do Grupo Popular para que o Goberno de S\u00e1nchez retirara a especie da Listaxe de Especies Silvestre en R\u00e9xime de Protecci\u00f3n Especial (LESPRE) permitiu a s\u00faa xesti\u00f3n. E a aprobaci\u00f3n no Parlamento Europeo da proposta da Comisi\u00f3n Europea para rebaixar o status de protecci\u00f3n do lobo de \u2018estritamente protexido\u2019 a \u2018protexido\u2019 sup\u00f3n un \u201dreforzo na seguridade xur\u00eddica fronte aos extremistas\u201d. As\u00ed mesmo, aclarou que \u201ca especie continuar\u00e1 a estar protexida, pero ser\u00e1 xestionable en toda Europa como vimos defendendo no Partido Popular dende 2017\u201d, apuntou.<\/p>\n<p><strong>A POL\u00cdTICA QUE SERVE<\/strong><br \/>\nConde reivindicou, polo tanto, \u201ca pol\u00edtica que serve: a do Partido Popular defendendo os interese dos galegos e das galegas\u201d en relaci\u00f3n ao traballo dende fai anos do PP dende o Goberno galego e as distintas c\u00e1maras e da man dos sectores afectados para garantir o equilibrio entre o lobo e a gander\u00eda.<\/p>\n<p>No lado oposto, \u201cBNG e PSOE que se opuxeron \u00e1 proposta posicion\u00e1ndose en contra do rural galego. O BNG votou en contra en Europa e en Galicia. O PSOE contradise: en Europa intentou ata o \u00faltimo momento manter a protecci\u00f3n m\u00e1xima para o lobo introducindo unha emenda, mentres que no Parlamento de Galicia votou a favor da iniciativa do Partido Popular reco\u00f1ecendo o efecto da especie para os gandeiros galegos\u201d.<\/p>\n<p>O deputado popular asegura que \u201cnon hai que elixir entre protexer ao lobo ou \u00e1 gander\u00eda, hai que xestionar con rigor e sentido com\u00fan para promover a s\u00faa convivencia. Non son incompatibles, so hai que antepo\u00f1er a t\u00e9cnica \u00e1 ideolox\u00eda\u201d.<\/p>\n<p>Os datos son conclu\u00edntes: 14.000 reses mortas polo lobo no \u00faltimo ano en Espa\u00f1a (40 ao d\u00eda), m\u00e1is de 3.200 en Galicia no 2024 das que a metade, m\u00e1is de 1.600, foron contabilizadas na provincia de Lugo.<\/p>\n<p>Conde explicou que \u201ca nova Directiva H\u00e1bitats ser\u00e1 aplicada en Espa\u00f1a sen necesidade de trasposici\u00f3n\u201d. \u00c9 dicir, no mesmo momento no que se publique no bolet\u00edn da UE, ser\u00e1 de aplicaci\u00f3n inmediata en Espa\u00f1a grazas a que \u201co Partido Popular logrou aprobar as emendas introducidas no Congreso \u00e1 Ley de despedicio que prev\u00e9n esa aplicaci\u00f3n inmediata no momento en que cambiase a regulaci\u00f3n europea\u201d.<\/p>\n<p><strong>O BNG, OS DO NON A TODO, PRIORIZAN A PROTECCI\u00d3N DO LOBO \u00c1 DEFENSA DOS GANDEIROS<\/strong><br \/>\nPola s\u00faa banda, os deputados auton\u00f3micos Nicole Grueira e Enrique Barreiro salientaron a aprobaci\u00f3n no Pleno do Parlamento de Galicia celebrado esta semana dunha proposici\u00f3n non de lei (PNL) a trav\u00e9s da que se manifesta o apoio da C\u00e1mara galega \u00e1 rebaixa do nivel de protecci\u00f3n do lobo e ao restablecemento do equilibrio entre a preservaci\u00f3n desta especie e as actividades gandeiras desenvolvidas no rural.<\/p>\n<p>\u201cLamentablemente, esta iniciativa do Grupo Popular non contou co voto favorable dos de sempre, os do non a todo, xa que os deputados nacionalistas decidiron rexeitar esta proposta seguindo a s\u00faa li\u00f1a negacionista\u201d, indicaron os deputados.<\/p>\n<p>Neste sentido, consideran \u201clamentable que o BNG priorice a protecci\u00f3n ao lobo fronte \u00e1 defensa dos gandeiros de Galicia, nun exemplo m\u00e1is do seu ecoloxismo fan\u00e1tico e irresponsable que s\u00f3 sup\u00f3n perdas para os nosos produtores\u201d.<\/p>\n<p>Ademais, os representantes do PP lucense no Parlamento de Galicia criticaron \u201ca incoherencia amosada polos socialistas neste asunto, xa que, despois de amosar no Parlamento galego o seu apoio \u00e1 rebaixa da protecci\u00f3n do lobo, dous d\u00edas despois votaron en contra desa mesma rebaixa no Parlamento europeo\u201d.<\/p>\n<p>\u201cUn exemplo perfecto de falta de coordinaci\u00f3n e de incongruencia por parte dos socialistas galegos, pero lamentablemente algo que non nos sorprende en absoluto dada a falta dun liderado firme neste partido, totalmente submiso ao que lle marcan os independentistas para manterse no poder, influ\u00edndo incluso no seu voto no Parlamento europeo\u201d, conclu\u00edron.<\/p>\n","protected":false},"excerpt":{"rendered":"<p>Francisco Conde puxo en valor que \u201ca presi\u00f3n do PP foi decisiva para que hoxe os gandeiros galegos se sintan m\u00e1is aliviados\u201d en relaci\u00f3n aos ataques que o lobo ten provocado nas s\u00faas explotaci\u00f3ns. O deputado nacional e os tam\u00e9n representantes do PP lucense no Congreso, Jaime De Olano e Cristina Abades, os deputados auton\u00f3micos [&hellip;]<\/p>\n","protected":false},"author":38,"featured_media":66968,"comment_status":"closed","ping_status":"open","sticky":false,"template":"","format":"standard","meta":{"_acf_changed":false,"footnotes":""},"categories":[1128],"tags":[],"class_list":["post-66967","post","type-post","status-publish","format-standard","has-post-thumbnail","hentry","category-actualidad-parlamento-de-galicia"],"acf":[],"yoast_head":"<!-- This site is optimized with the Yoast SEO plugin v27.3 - https:\/\/yoast.com\/product\/yoast-seo-wordpress\/ -->\n<title>Francisco Conde: \u201cA presi\u00f3n do PP foi decisiva para que hoxe os gandeiros galegos se sintan m\u00e1is aliviados en relaci\u00f3n aos ataques do lobo\u201d - PP de Galicia<\/title>\n<meta name=\"description\" content=\"Francisco Conde puxo en valor que \u201ca presi\u00f3n do PP foi decisiva para que hoxe os gandeiros galegos se sintan m\u00e1is aliviados\u201d en relaci\u00f3n aos ataques que o lobo ten provocado nas s\u00faas explotaci\u00f3ns.\" \/>\n<meta name=\"robots\" content=\"index, follow, max-snippet:-1, max-image-preview:large, max-video-preview:-1\" \/>\n<link rel=\"canonical\" href=\"https:\/\/ppdegalicia.com\/es\/francisco-conde-a-presion-do-pp-foi-decisiva-para-que-hoxe-os-gandeiros-galegos-se-sintan-mais-aliviados-en-relacion-aos-ataques-do-lobo\/\" \/>\n<meta property=\"og:locale\" content=\"es_ES\" \/>\n<meta property=\"og:type\" content=\"article\" \/>\n<meta property=\"og:title\" content=\"Francisco Conde: \u201cA presi\u00f3n do PP foi decisiva para que hoxe os gandeiros galegos se sintan m\u00e1is aliviados en relaci\u00f3n aos ataques do lobo\u201d - PP de Galicia\" \/>\n<meta property=\"og:description\" content=\"Francisco Conde puxo en valor que \u201ca presi\u00f3n do PP foi decisiva para que hoxe os gandeiros galegos se sintan m\u00e1is aliviados\u201d en relaci\u00f3n aos ataques que o lobo ten provocado nas s\u00faas explotaci\u00f3ns.\" \/>\n<meta property=\"og:url\" content=\"https:\/\/ppdegalicia.com\/es\/francisco-conde-a-presion-do-pp-foi-decisiva-para-que-hoxe-os-gandeiros-galegos-se-sintan-mais-aliviados-en-relacion-aos-ataques-do-lobo\/\" \/>\n<meta property=\"og:site_name\" content=\"PP de Galicia\" \/>\n<meta property=\"article:publisher\" content=\"https:\/\/www.instagram.com\/ppdegalicia\/\" \/>\n<meta property=\"article:published_time\" content=\"2025-05-10T08:18:33+00:00\" \/>\n<meta property=\"article:modified_time\" content=\"2025-05-12T08:23:18+00:00\" \/>\n<meta property=\"og:image\" content=\"https:\/\/ppdegalicia.com\/wp-content\/uploads\/2025\/05\/Diputados-granxa-Guntin.jpeg\" \/>\n\t<meta property=\"og:image:width\" content=\"1600\" \/>\n\t<meta property=\"og:image:height\" content=\"1204\" \/>\n\t<meta property=\"og:image:type\" content=\"image\/jpeg\" \/>\n<meta name=\"author\" content=\"ppdegaliciaredes\" \/>\n<meta name=\"twitter:card\" content=\"summary_large_image\" \/>\n<meta name=\"twitter:creator\" content=\"@ppdegalicia\" \/>\n<meta name=\"twitter:site\" content=\"@ppdegalicia\" \/>\n<meta name=\"twitter:label1\" content=\"Escrito por\" \/>\n\t<meta name=\"twitter:data1\" content=\"ppdegaliciaredes\" \/>\n\t<meta name=\"twitter:label2\" content=\"Tiempo de lectura\" \/>\n\t<meta name=\"twitter:data2\" content=\"5 minutos\" \/>\n<script type=\"application\/ld+json\" class=\"yoast-schema-graph\">{\"@context\":\"https:\\\/\\\/schema.org\",\"@graph\":[{\"@type\":\"Article\",\"@id\":\"https:\\\/\\\/ppdegalicia.com\\\/es\\\/francisco-conde-a-presion-do-pp-foi-decisiva-para-que-hoxe-os-gandeiros-galegos-se-sintan-mais-aliviados-en-relacion-aos-ataques-do-lobo\\\/#article\",\"isPartOf\":{\"@id\":\"https:\\\/\\\/ppdegalicia.com\\\/es\\\/francisco-conde-a-presion-do-pp-foi-decisiva-para-que-hoxe-os-gandeiros-galegos-se-sintan-mais-aliviados-en-relacion-aos-ataques-do-lobo\\\/\"},\"author\":{\"name\":\"ppdegaliciaredes\",\"@id\":\"https:\\\/\\\/ppdegalicia.com\\\/es\\\/#\\\/schema\\\/person\\\/5b822c6f59e872ebdd1142f307dbcb59\"},\"headline\":\"Francisco Conde: \u201cA presi\u00f3n do PP foi decisiva para que hoxe os gandeiros galegos se sintan m\u00e1is aliviados en relaci\u00f3n aos ataques do lobo\u201d\",\"datePublished\":\"2025-05-10T08:18:33+00:00\",\"dateModified\":\"2025-05-12T08:23:18+00:00\",\"mainEntityOfPage\":{\"@id\":\"https:\\\/\\\/ppdegalicia.com\\\/es\\\/francisco-conde-a-presion-do-pp-foi-decisiva-para-que-hoxe-os-gandeiros-galegos-se-sintan-mais-aliviados-en-relacion-aos-ataques-do-lobo\\\/\"},\"wordCount\":804,\"publisher\":{\"@id\":\"https:\\\/\\\/ppdegalicia.com\\\/es\\\/#organization\"},\"image\":{\"@id\":\"https:\\\/\\\/ppdegalicia.com\\\/es\\\/francisco-conde-a-presion-do-pp-foi-decisiva-para-que-hoxe-os-gandeiros-galegos-se-sintan-mais-aliviados-en-relacion-aos-ataques-do-lobo\\\/#primaryimage\"},\"thumbnailUrl\":\"https:\\\/\\\/ppdegalicia.com\\\/wp-content\\\/uploads\\\/2025\\\/05\\\/Diputados-granxa-Guntin.jpeg\",\"articleSection\":[\"Parlamento de Galicia\"],\"inLanguage\":\"es\"},{\"@type\":\"WebPage\",\"@id\":\"https:\\\/\\\/ppdegalicia.com\\\/es\\\/francisco-conde-a-presion-do-pp-foi-decisiva-para-que-hoxe-os-gandeiros-galegos-se-sintan-mais-aliviados-en-relacion-aos-ataques-do-lobo\\\/\",\"url\":\"https:\\\/\\\/ppdegalicia.com\\\/es\\\/francisco-conde-a-presion-do-pp-foi-decisiva-para-que-hoxe-os-gandeiros-galegos-se-sintan-mais-aliviados-en-relacion-aos-ataques-do-lobo\\\/\",\"name\":\"Francisco Conde: \u201cA presi\u00f3n do PP foi decisiva para que hoxe os gandeiros galegos se sintan m\u00e1is aliviados en relaci\u00f3n aos ataques do lobo\u201d - PP de Galicia\",\"isPartOf\":{\"@id\":\"https:\\\/\\\/ppdegalicia.com\\\/es\\\/#website\"},\"primaryImageOfPage\":{\"@id\":\"https:\\\/\\\/ppdegalicia.com\\\/es\\\/francisco-conde-a-presion-do-pp-foi-decisiva-para-que-hoxe-os-gandeiros-galegos-se-sintan-mais-aliviados-en-relacion-aos-ataques-do-lobo\\\/#primaryimage\"},\"image\":{\"@id\":\"https:\\\/\\\/ppdegalicia.com\\\/es\\\/francisco-conde-a-presion-do-pp-foi-decisiva-para-que-hoxe-os-gandeiros-galegos-se-sintan-mais-aliviados-en-relacion-aos-ataques-do-lobo\\\/#primaryimage\"},\"thumbnailUrl\":\"https:\\\/\\\/ppdegalicia.com\\\/wp-content\\\/uploads\\\/2025\\\/05\\\/Diputados-granxa-Guntin.jpeg\",\"datePublished\":\"2025-05-10T08:18:33+00:00\",\"dateModified\":\"2025-05-12T08:23:18+00:00\",\"description\":\"Francisco Conde puxo en valor que \u201ca presi\u00f3n do PP foi decisiva para que hoxe os gandeiros galegos se sintan m\u00e1is aliviados\u201d en relaci\u00f3n aos ataques que o lobo ten provocado nas s\u00faas explotaci\u00f3ns.\",\"breadcrumb\":{\"@id\":\"https:\\\/\\\/ppdegalicia.com\\\/es\\\/francisco-conde-a-presion-do-pp-foi-decisiva-para-que-hoxe-os-gandeiros-galegos-se-sintan-mais-aliviados-en-relacion-aos-ataques-do-lobo\\\/#breadcrumb\"},\"inLanguage\":\"es\",\"potentialAction\":[{\"@type\":\"ReadAction\",\"target\":[\"https:\\\/\\\/ppdegalicia.com\\\/es\\\/francisco-conde-a-presion-do-pp-foi-decisiva-para-que-hoxe-os-gandeiros-galegos-se-sintan-mais-aliviados-en-relacion-aos-ataques-do-lobo\\\/\"]}]},{\"@type\":\"ImageObject\",\"inLanguage\":\"es\",\"@id\":\"https:\\\/\\\/ppdegalicia.com\\\/es\\\/francisco-conde-a-presion-do-pp-foi-decisiva-para-que-hoxe-os-gandeiros-galegos-se-sintan-mais-aliviados-en-relacion-aos-ataques-do-lobo\\\/#primaryimage\",\"url\":\"https:\\\/\\\/ppdegalicia.com\\\/wp-content\\\/uploads\\\/2025\\\/05\\\/Diputados-granxa-Guntin.jpeg\",\"contentUrl\":\"https:\\\/\\\/ppdegalicia.com\\\/wp-content\\\/uploads\\\/2025\\\/05\\\/Diputados-granxa-Guntin.jpeg\",\"width\":1600,\"height\":1204},{\"@type\":\"BreadcrumbList\",\"@id\":\"https:\\\/\\\/ppdegalicia.com\\\/es\\\/francisco-conde-a-presion-do-pp-foi-decisiva-para-que-hoxe-os-gandeiros-galegos-se-sintan-mais-aliviados-en-relacion-aos-ataques-do-lobo\\\/#breadcrumb\",\"itemListElement\":[{\"@type\":\"ListItem\",\"position\":1,\"name\":\"Portada\",\"item\":\"https:\\\/\\\/ppdegalicia.com\\\/es\\\/\"},{\"@type\":\"ListItem\",\"position\":2,\"name\":\"Francisco Conde: \u201cA presi\u00f3n do PP foi decisiva para que hoxe os gandeiros galegos se sintan m\u00e1is aliviados en relaci\u00f3n aos ataques do lobo\u201d\"}]},{\"@type\":\"WebSite\",\"@id\":\"https:\\\/\\\/ppdegalicia.com\\\/es\\\/#website\",\"url\":\"https:\\\/\\\/ppdegalicia.com\\\/es\\\/\",\"name\":\"Partido Popular de Galicia\",\"description\":\"Partido Popular de Galicia\",\"publisher\":{\"@id\":\"https:\\\/\\\/ppdegalicia.com\\\/es\\\/#organization\"},\"alternateName\":\"PP de Galicia\",\"potentialAction\":[{\"@type\":\"SearchAction\",\"target\":{\"@type\":\"EntryPoint\",\"urlTemplate\":\"https:\\\/\\\/ppdegalicia.com\\\/es\\\/?s={search_term_string}\"},\"query-input\":{\"@type\":\"PropertyValueSpecification\",\"valueRequired\":true,\"valueName\":\"search_term_string\"}}],\"inLanguage\":\"es\"},{\"@type\":\"Organization\",\"@id\":\"https:\\\/\\\/ppdegalicia.com\\\/es\\\/#organization\",\"name\":\"Partido Popular de Galicia\",\"alternateName\":\"PP de Galicia\",\"url\":\"https:\\\/\\\/ppdegalicia.com\\\/es\\\/\",\"logo\":{\"@type\":\"ImageObject\",\"inLanguage\":\"es\",\"@id\":\"https:\\\/\\\/ppdegalicia.com\\\/es\\\/#\\\/schema\\\/logo\\\/image\\\/\",\"url\":\"https:\\\/\\\/ppdegalicia.com\\\/wp-content\\\/uploads\\\/2023\\\/04\\\/logoPP512.png\",\"contentUrl\":\"https:\\\/\\\/ppdegalicia.com\\\/wp-content\\\/uploads\\\/2023\\\/04\\\/logoPP512.png\",\"width\":512,\"height\":512,\"caption\":\"Partido Popular de Galicia\"},\"image\":{\"@id\":\"https:\\\/\\\/ppdegalicia.com\\\/es\\\/#\\\/schema\\\/logo\\\/image\\\/\"},\"sameAs\":[\"https:\\\/\\\/www.instagram.com\\\/ppdegalicia\\\/\",\"https:\\\/\\\/x.com\\\/ppdegalicia\",\"https:\\\/\\\/www.tiktok.com\\\/@ppdegalicia\",\"https:\\\/\\\/www.youtube.com\\\/user\\\/ppdegalicia\"]},{\"@type\":\"Person\",\"@id\":\"https:\\\/\\\/ppdegalicia.com\\\/es\\\/#\\\/schema\\\/person\\\/5b822c6f59e872ebdd1142f307dbcb59\",\"name\":\"ppdegaliciaredes\",\"image\":{\"@type\":\"ImageObject\",\"inLanguage\":\"es\",\"@id\":\"https:\\\/\\\/secure.gravatar.com\\\/avatar\\\/3c9179cf0256d00c72a48d1f25783c58b6842cd56e85ef3a572881c8e28ccd59?s=96&d=mm&r=g\",\"url\":\"https:\\\/\\\/secure.gravatar.com\\\/avatar\\\/3c9179cf0256d00c72a48d1f25783c58b6842cd56e85ef3a572881c8e28ccd59?s=96&d=mm&r=g\",\"contentUrl\":\"https:\\\/\\\/secure.gravatar.com\\\/avatar\\\/3c9179cf0256d00c72a48d1f25783c58b6842cd56e85ef3a572881c8e28ccd59?s=96&d=mm&r=g\",\"caption\":\"ppdegaliciaredes\"},\"url\":\"https:\\\/\\\/ppdegalicia.com\\\/es\\\/author\\\/ppdegaliciaredes\\\/\"}]}<\/script>\n<!-- \/ Yoast SEO plugin. -->","yoast_head_json":{"title":"Francisco Conde: \u201cA presi\u00f3n do PP foi decisiva para que hoxe os gandeiros galegos se sintan m\u00e1is aliviados en relaci\u00f3n aos ataques do lobo\u201d - PP de Galicia","description":"Francisco Conde puxo en valor que \u201ca presi\u00f3n do PP foi decisiva para que hoxe os gandeiros galegos se sintan m\u00e1is aliviados\u201d en relaci\u00f3n aos ataques que o lobo ten provocado nas s\u00faas explotaci\u00f3ns.","robots":{"index":"index","follow":"follow","max-snippet":"max-snippet:-1","max-image-preview":"max-image-preview:large","max-video-preview":"max-video-preview:-1"},"canonical":"https:\/\/ppdegalicia.com\/es\/francisco-conde-a-presion-do-pp-foi-decisiva-para-que-hoxe-os-gandeiros-galegos-se-sintan-mais-aliviados-en-relacion-aos-ataques-do-lobo\/","og_locale":"es_ES","og_type":"article","og_title":"Francisco Conde: \u201cA presi\u00f3n do PP foi decisiva para que hoxe os gandeiros galegos se sintan m\u00e1is aliviados en relaci\u00f3n aos ataques do lobo\u201d - PP de Galicia","og_description":"Francisco Conde puxo en valor que \u201ca presi\u00f3n do PP foi decisiva para que hoxe os gandeiros galegos se sintan m\u00e1is aliviados\u201d en relaci\u00f3n aos ataques que o lobo ten provocado nas s\u00faas explotaci\u00f3ns.","og_url":"https:\/\/ppdegalicia.com\/es\/francisco-conde-a-presion-do-pp-foi-decisiva-para-que-hoxe-os-gandeiros-galegos-se-sintan-mais-aliviados-en-relacion-aos-ataques-do-lobo\/","og_site_name":"PP de Galicia","article_publisher":"https:\/\/www.instagram.com\/ppdegalicia\/","article_published_time":"2025-05-10T08:18:33+00:00","article_modified_time":"2025-05-12T08:23:18+00:00","og_image":[{"width":1600,"height":1204,"url":"https:\/\/ppdegalicia.com\/wp-content\/uploads\/2025\/05\/Diputados-granxa-Guntin.jpeg","type":"image\/jpeg"}],"author":"ppdegaliciaredes","twitter_card":"summary_large_image","twitter_creator":"@ppdegalicia","twitter_site":"@ppdegalicia","twitter_misc":{"Escrito por":"ppdegaliciaredes","Tiempo de lectura":"5 minutos"},"schema":{"@context":"https:\/\/schema.org","@graph":[{"@type":"Article","@id":"https:\/\/ppdegalicia.com\/es\/francisco-conde-a-presion-do-pp-foi-decisiva-para-que-hoxe-os-gandeiros-galegos-se-sintan-mais-aliviados-en-relacion-aos-ataques-do-lobo\/#article","isPartOf":{"@id":"https:\/\/ppdegalicia.com\/es\/francisco-conde-a-presion-do-pp-foi-decisiva-para-que-hoxe-os-gandeiros-galegos-se-sintan-mais-aliviados-en-relacion-aos-ataques-do-lobo\/"},"author":{"name":"ppdegaliciaredes","@id":"https:\/\/ppdegalicia.com\/es\/#\/schema\/person\/5b822c6f59e872ebdd1142f307dbcb59"},"headline":"Francisco Conde: \u201cA presi\u00f3n do PP foi decisiva para que hoxe os gandeiros galegos se sintan m\u00e1is aliviados en relaci\u00f3n aos ataques do lobo\u201d","datePublished":"2025-05-10T08:18:33+00:00","dateModified":"2025-05-12T08:23:18+00:00","mainEntityOfPage":{"@id":"https:\/\/ppdegalicia.com\/es\/francisco-conde-a-presion-do-pp-foi-decisiva-para-que-hoxe-os-gandeiros-galegos-se-sintan-mais-aliviados-en-relacion-aos-ataques-do-lobo\/"},"wordCount":804,"publisher":{"@id":"https:\/\/ppdegalicia.com\/es\/#organization"},"image":{"@id":"https:\/\/ppdegalicia.com\/es\/francisco-conde-a-presion-do-pp-foi-decisiva-para-que-hoxe-os-gandeiros-galegos-se-sintan-mais-aliviados-en-relacion-aos-ataques-do-lobo\/#primaryimage"},"thumbnailUrl":"https:\/\/ppdegalicia.com\/wp-content\/uploads\/2025\/05\/Diputados-granxa-Guntin.jpeg","articleSection":["Parlamento de Galicia"],"inLanguage":"es"},{"@type":"WebPage","@id":"https:\/\/ppdegalicia.com\/es\/francisco-conde-a-presion-do-pp-foi-decisiva-para-que-hoxe-os-gandeiros-galegos-se-sintan-mais-aliviados-en-relacion-aos-ataques-do-lobo\/","url":"https:\/\/ppdegalicia.com\/es\/francisco-conde-a-presion-do-pp-foi-decisiva-para-que-hoxe-os-gandeiros-galegos-se-sintan-mais-aliviados-en-relacion-aos-ataques-do-lobo\/","name":"Francisco Conde: \u201cA presi\u00f3n do PP foi decisiva para que hoxe os gandeiros galegos se sintan m\u00e1is aliviados en relaci\u00f3n aos ataques do lobo\u201d - PP de Galicia","isPartOf":{"@id":"https:\/\/ppdegalicia.com\/es\/#website"},"primaryImageOfPage":{"@id":"https:\/\/ppdegalicia.com\/es\/francisco-conde-a-presion-do-pp-foi-decisiva-para-que-hoxe-os-gandeiros-galegos-se-sintan-mais-aliviados-en-relacion-aos-ataques-do-lobo\/#primaryimage"},"image":{"@id":"https:\/\/ppdegalicia.com\/es\/francisco-conde-a-presion-do-pp-foi-decisiva-para-que-hoxe-os-gandeiros-galegos-se-sintan-mais-aliviados-en-relacion-aos-ataques-do-lobo\/#primaryimage"},"thumbnailUrl":"https:\/\/ppdegalicia.com\/wp-content\/uploads\/2025\/05\/Diputados-granxa-Guntin.jpeg","datePublished":"2025-05-10T08:18:33+00:00","dateModified":"2025-05-12T08:23:18+00:00","description":"Francisco Conde puxo en valor que \u201ca presi\u00f3n do PP foi decisiva para que hoxe os gandeiros galegos se sintan m\u00e1is aliviados\u201d en relaci\u00f3n aos ataques que o lobo ten provocado nas s\u00faas explotaci\u00f3ns.","breadcrumb":{"@id":"https:\/\/ppdegalicia.com\/es\/francisco-conde-a-presion-do-pp-foi-decisiva-para-que-hoxe-os-gandeiros-galegos-se-sintan-mais-aliviados-en-relacion-aos-ataques-do-lobo\/#breadcrumb"},"inLanguage":"es","potentialAction":[{"@type":"ReadAction","target":["https:\/\/ppdegalicia.com\/es\/francisco-conde-a-presion-do-pp-foi-decisiva-para-que-hoxe-os-gandeiros-galegos-se-sintan-mais-aliviados-en-relacion-aos-ataques-do-lobo\/"]}]},{"@type":"ImageObject","inLanguage":"es","@id":"https:\/\/ppdegalicia.com\/es\/francisco-conde-a-presion-do-pp-foi-decisiva-para-que-hoxe-os-gandeiros-galegos-se-sintan-mais-aliviados-en-relacion-aos-ataques-do-lobo\/#primaryimage","url":"https:\/\/ppdegalicia.com\/wp-content\/uploads\/2025\/05\/Diputados-granxa-Guntin.jpeg","contentUrl":"https:\/\/ppdegalicia.com\/wp-content\/uploads\/2025\/05\/Diputados-granxa-Guntin.jpeg","width":1600,"height":1204},{"@type":"BreadcrumbList","@id":"https:\/\/ppdegalicia.com\/es\/francisco-conde-a-presion-do-pp-foi-decisiva-para-que-hoxe-os-gandeiros-galegos-se-sintan-mais-aliviados-en-relacion-aos-ataques-do-lobo\/#breadcrumb","itemListElement":[{"@type":"ListItem","position":1,"name":"Portada","item":"https:\/\/ppdegalicia.com\/es\/"},{"@type":"ListItem","position":2,"name":"Francisco Conde: \u201cA presi\u00f3n do PP foi decisiva para que hoxe os gandeiros galegos se sintan m\u00e1is aliviados en relaci\u00f3n aos ataques do lobo\u201d"}]},{"@type":"WebSite","@id":"https:\/\/ppdegalicia.com\/es\/#website","url":"https:\/\/ppdegalicia.com\/es\/","name":"Partido Popular de Galicia","description":"Partido Popular de Galicia","publisher":{"@id":"https:\/\/ppdegalicia.com\/es\/#organization"},"alternateName":"PP de Galicia","potentialAction":[{"@type":"SearchAction","target":{"@type":"EntryPoint","urlTemplate":"https:\/\/ppdegalicia.com\/es\/?s={search_term_string}"},"query-input":{"@type":"PropertyValueSpecification","valueRequired":true,"valueName":"search_term_string"}}],"inLanguage":"es"},{"@type":"Organization","@id":"https:\/\/ppdegalicia.com\/es\/#organization","name":"Partido Popular de Galicia","alternateName":"PP de Galicia","url":"https:\/\/ppdegalicia.com\/es\/","logo":{"@type":"ImageObject","inLanguage":"es","@id":"https:\/\/ppdegalicia.com\/es\/#\/schema\/logo\/image\/","url":"https:\/\/ppdegalicia.com\/wp-content\/uploads\/2023\/04\/logoPP512.png","contentUrl":"https:\/\/ppdegalicia.com\/wp-content\/uploads\/2023\/04\/logoPP512.png","width":512,"height":512,"caption":"Partido Popular de Galicia"},"image":{"@id":"https:\/\/ppdegalicia.com\/es\/#\/schema\/logo\/image\/"},"sameAs":["https:\/\/www.instagram.com\/ppdegalicia\/","https:\/\/x.com\/ppdegalicia","https:\/\/www.tiktok.com\/@ppdegalicia","https:\/\/www.youtube.com\/user\/ppdegalicia"]},{"@type":"Person","@id":"https:\/\/ppdegalicia.com\/es\/#\/schema\/person\/5b822c6f59e872ebdd1142f307dbcb59","name":"ppdegaliciaredes","image":{"@type":"ImageObject","inLanguage":"es","@id":"https:\/\/secure.gravatar.com\/avatar\/3c9179cf0256d00c72a48d1f25783c58b6842cd56e85ef3a572881c8e28ccd59?s=96&d=mm&r=g","url":"https:\/\/secure.gravatar.com\/avatar\/3c9179cf0256d00c72a48d1f25783c58b6842cd56e85ef3a572881c8e28ccd59?s=96&d=mm&r=g","contentUrl":"https:\/\/secure.gravatar.com\/avatar\/3c9179cf0256d00c72a48d1f25783c58b6842cd56e85ef3a572881c8e28ccd59?s=96&d=mm&r=g","caption":"ppdegaliciaredes"},"url":"https:\/\/ppdegalicia.com\/es\/author\/ppdegaliciaredes\/"}]}},"_links":{"self":[{"href":"https:\/\/ppdegalicia.com\/es\/wp-json\/wp\/v2\/posts\/66967","targetHints":{"allow":["GET"]}}],"collection":[{"href":"https:\/\/ppdegalicia.com\/es\/wp-json\/wp\/v2\/posts"}],"about":[{"href":"https:\/\/ppdegalicia.com\/es\/wp-json\/wp\/v2\/types\/post"}],"author":[{"embeddable":true,"href":"https:\/\/ppdegalicia.com\/es\/wp-json\/wp\/v2\/users\/38"}],"replies":[{"embeddable":true,"href":"https:\/\/ppdegalicia.com\/es\/wp-json\/wp\/v2\/comments?post=66967"}],"version-history":[{"count":1,"href":"https:\/\/ppdegalicia.com\/es\/wp-json\/wp\/v2\/posts\/66967\/revisions"}],"predecessor-version":[{"id":66970,"href":"https:\/\/ppdegalicia.com\/es\/wp-json\/wp\/v2\/posts\/66967\/revisions\/66970"}],"wp:featuredmedia":[{"embeddable":true,"href":"https:\/\/ppdegalicia.com\/es\/wp-json\/wp\/v2\/media\/66968"}],"wp:attachment":[{"href":"https:\/\/ppdegalicia.com\/es\/wp-json\/wp\/v2\/media?parent=66967"}],"wp:term":[{"taxonomy":"category","embeddable":true,"href":"https:\/\/ppdegalicia.com\/es\/wp-json\/wp\/v2\/categories?post=66967"},{"taxonomy":"post_tag","embeddable":true,"href":"https:\/\/ppdegalicia.com\/es\/wp-json\/wp\/v2\/tags?post=66967"}],"curies":[{"name":"wp","href":"https:\/\/api.w.org\/{rel}","templated":true}]}}